{"id":1079,"date":"2025-07-30T15:11:05","date_gmt":"2025-07-30T18:11:05","guid":{"rendered":"https:\/\/carvalhoadvogado.aliamkt.com\/?p=1079"},"modified":"2025-07-30T15:41:32","modified_gmt":"2025-07-30T18:41:32","slug":"gerente-tem-direito-a-hora-extra-entenda-as-excecoes-da-clt","status":"publish","type":"post","link":"https:\/\/carvalhoadvogado.aliamkt.com\/index.php\/2025\/07\/30\/gerente-tem-direito-a-hora-extra-entenda-as-excecoes-da-clt\/","title":{"rendered":"Gerente tem direito a hora extra? Entenda as exce\u00e7\u00f5es da CLT"},"content":{"rendered":"<h3><b>Introdu\u00e7\u00e3o<\/b><\/h3>\n<p><span style=\"font-weight: 400;\">Voc\u00ea \u00e9 gerente e vive fazendo hora extra, mas nunca recebeu um centavo a mais por isso? J\u00e1 ouviu falar que \u201cgerente n\u00e3o tem direito a hora extra\u201d? Pois \u00e9, essa ideia est\u00e1 cheia de meias-verdades. A CLT traz sim algumas exce\u00e7\u00f5es, mas tamb\u00e9m protege muitos gerentes que s\u00e3o explorados pelas empresas. Por isso, neste artigo, vamos te explicar tudo com detalhes \u2014 e em uma linguagem simples!<\/span><\/p>\n<h3><b>\ud83d\udcd8 O que diz a CLT sobre jornada de trabalho?<\/b><\/h3>\n<h4><b>Jornada padr\u00e3o dos trabalhadores<\/b><\/h4>\n<p><span style=\"font-weight: 400;\">A Consolida\u00e7\u00e3o das <\/span><a href=\"https:\/\/carvalhoadvogado.aliamkt.com\/index.php\/2025\/07\/28\/posso-processar-a-empresa-sem-pedir-demissao-veja-seus-direitos\/\"><span style=\"font-weight: 400;\">Leis do Trabalho (CLT)<\/span><\/a><span style=\"font-weight: 400;\"> determina que a jornada normal de trabalho \u00e9 de at\u00e9 8 horas por dia ou 44 horas semanais. Dessa forma, o que passar disso gera hora extra, com acr\u00e9scimo de, no m\u00ednimo, 50% sobre o valor da hora normal.<\/span><\/p>\n<h4><b>A exce\u00e7\u00e3o prevista no artigo 62 da CLT<\/b><\/h4>\n<p><span style=\"font-weight: 400;\">Contudo, o artigo 62 da CLT traz algumas exce\u00e7\u00f5es. Ou seja, existem situa\u00e7\u00f5es em que o trabalhador <\/span><b>n\u00e3o tem direito \u00e0s horas extras<\/b><span style=\"font-weight: 400;\"> \u2014 uma delas \u00e9 o famoso \u201ccargo de confian\u00e7a\u201d, que muitos gerentes ocupam. Ainda assim, nem todo gerente se encaixa nessa regra. Portanto, \u00e9 fundamental entender os detalhes.<\/span><\/p>\n<h3><b>\ud83e\uddf0 O que \u00e9 cargo de confian\u00e7a?<\/b><\/h3>\n<h4><b>Caracter\u00edsticas do cargo de confian\u00e7a<\/b><\/h4>\n<p><span style=\"font-weight: 400;\">De forma geral, o cargo de confian\u00e7a \u00e9 aquele em que o trabalhador <\/span><b>exerce fun\u00e7\u00f5es estrat\u00e9gicas<\/b><span style=\"font-weight: 400;\">, <\/span><b>tem poder de decis\u00e3o<\/b><span style=\"font-weight: 400;\">, <\/span><b>coordena equipes<\/b><span style=\"font-weight: 400;\"> e, principalmente, <\/span><b>atua com autonomia<\/b><span style=\"font-weight: 400;\">. Em tese, ele n\u00e3o precisa cumprir hor\u00e1rio fixo porque gerencia sua pr\u00f3pria rotina.<\/span><\/p>\n<h4><b>Diferen\u00e7a entre gerente de fato e gerente no papel<\/b><\/h4>\n<p><span style=\"font-weight: 400;\">No entanto, muitas empresas colocam o t\u00edtulo de \u201cgerente\u201d s\u00f3 no papel, mas na pr\u00e1tica o funcion\u00e1rio continua <\/span><b>subordinado<\/b><span style=\"font-weight: 400;\">, <\/span><b>batendo ponto<\/b><span style=\"font-weight: 400;\"> e <\/span><b>sem poder nenhum<\/b><span style=\"font-weight: 400;\">. Em outras palavras, mesmo com o cargo de gerente, o trabalhador pode ter <\/span><b>direito \u00e0s horas extras<\/b><span style=\"font-weight: 400;\">.<\/span><\/p>\n<h3><b>\ud83d\udeab Quando o gerente N\u00c3O tem direito a hora extra<\/b><\/h3>\n<p>&nbsp;<\/p>\n<h4><b>Artigo 62, inciso II da CLT<\/b><\/h4>\n<p><span style=\"font-weight: 400;\">Esse \u00e9 o ponto-chave: segundo o <\/span><b>art. 62, II, da CLT<\/b><span style=\"font-weight: 400;\">, <\/span><b>gerentes com cargo de confian\u00e7a<\/b><span style=\"font-weight: 400;\"> e <\/span><b>remunera\u00e7\u00e3o superior em, no m\u00ednimo, 40% ao sal\u00e1rio dos demais empregados<\/b><span style=\"font-weight: 400;\"> n\u00e3o t\u00eam direito a hora extra.<\/span><\/p>\n<h4><b>Situa\u00e7\u00f5es em que a CLT desobriga o pagamento<\/b><\/h4>\n<ul>\n<li style=\"font-weight: 400;\" aria-level=\"1\"><span style=\"font-weight: 400;\">Gerente com poder de mando e gest\u00e3o<\/span>&nbsp;<\/li>\n<li style=\"font-weight: 400;\" aria-level=\"1\"><span style=\"font-weight: 400;\">Autonomia para contratar e demitir<\/span>&nbsp;<\/li>\n<li style=\"font-weight: 400;\" aria-level=\"1\"><span style=\"font-weight: 400;\">Jornada flex\u00edvel e sem controle de ponto<\/span>&nbsp;<\/li>\n<li style=\"font-weight: 400;\" aria-level=\"1\"><span style=\"font-weight: 400;\">Gratifica\u00e7\u00e3o de, pelo menos, 40% sobre o sal\u00e1rio base<\/span>&nbsp;<\/li>\n<\/ul>\n<p><span style=\"font-weight: 400;\">Se voc\u00ea se encaixa <\/span><b>em todos<\/b><span style=\"font-weight: 400;\"> esses requisitos, ent\u00e3o provavelmente <\/span><b>n\u00e3o ter\u00e1 direito a hora extra<\/b><span style=\"font-weight: 400;\">. Contudo, \u00e9 sempre bom analisar seu caso individualmente.<\/span><\/p>\n<h3><b>\u2705 Quando o gerente TEM direito a hora extra<\/b><\/h3>\n<h4><b>Aus\u00eancia de poderes de mando<\/b><\/h4>\n<p><span style=\"font-weight: 400;\">Se voc\u00ea \u00e9 chamado de gerente, mas n\u00e3o tem liberdade para tomar decis\u00f5es, ent\u00e3o <\/span><b>n\u00e3o exerce um verdadeiro cargo de confian\u00e7a<\/b><span style=\"font-weight: 400;\">. Nesse caso, deve receber horas extras como qualquer outro funcion\u00e1rio.<\/span><\/p>\n<h4><b>Jornada controlada por ponto<\/b><\/h4>\n<p><span style=\"font-weight: 400;\">Al\u00e9m disso, se voc\u00ea bate ponto, usa crach\u00e1 para registrar entrada e sa\u00edda, ou tem hor\u00e1rio fixo, isso \u00e9 um forte ind\u00edcio de que <\/span><b>tem direito a hora extra<\/b><span style=\"font-weight: 400;\">, mesmo sendo \u201cgerente\u201d.<\/span><\/p>\n<h4><b>Remunera\u00e7\u00e3o sem gratifica\u00e7\u00e3o superior a 40%<\/b><\/h4>\n<p><span style=\"font-weight: 400;\">A CLT exige que a gratifica\u00e7\u00e3o pelo cargo de confian\u00e7a seja <\/span><b>superior a 40% do sal\u00e1rio base<\/b><span style=\"font-weight: 400;\">. Portanto, se sua gratifica\u00e7\u00e3o \u00e9 menor que isso (ou nem existe), o direito \u00e0s horas extras pode ser garantido.<\/span><\/p>\n<h3><b>\ud83d\udcc2 Como comprovar que o gerente tem direito a horas extras?<\/b><\/h3>\n<h4><b>Contracheques e gratifica\u00e7\u00f5es<\/b><\/h4>\n<p><span style=\"font-weight: 400;\">Primeiramente, os comprovantes de pagamento mostram se sua remunera\u00e7\u00e3o est\u00e1 de acordo com a lei. Se n\u00e3o houver a gratifica\u00e7\u00e3o de 40%, voc\u00ea j\u00e1 tem um forte ind\u00edcio de que est\u00e1 protegido pela CLT.<\/span><\/p>\n<h4><b>Testemunhas e controle de ponto<\/b><\/h4>\n<p><span style=\"font-weight: 400;\">Al\u00e9m disso, colegas de trabalho, espelho de ponto, sistema de login e logout \u2014 tudo isso serve como prova. Guarde e-mails, prints e at\u00e9 fotos do seu dia a dia, pois podem ser \u00fateis em uma eventual a\u00e7\u00e3o.<\/span><\/p>\n<h4><b>Subordina\u00e7\u00e3o direta sem autonomia<\/b><\/h4>\n<p><span style=\"font-weight: 400;\">Se voc\u00ea precisa de autoriza\u00e7\u00e3o para tudo e apenas executa ordens, ent\u00e3o isso <\/span><b>n\u00e3o \u00e9 cargo de confian\u00e7a real<\/b><span style=\"font-weight: 400;\">. Nessa situa\u00e7\u00e3o, vale conversar com um <\/span><b>advogado trabalhista<\/b><span style=\"font-weight: 400;\"> sobre seu caso.<\/span><\/p>\n<h3><b>\ud83d\udccc Exemplo pr\u00e1tico: gerente que bate ponto<\/b><\/h3>\n<p><span style=\"font-weight: 400;\">Vamos a um exemplo: imagine um gerente de loja que precisa registrar ponto todos os dias, cumpre hor\u00e1rio fixo e responde diretamente a um supervisor. Mesmo com o t\u00edtulo de gerente, ele <\/span><b>n\u00e3o possui autonomia<\/b><span style=\"font-weight: 400;\">. Resultado? <\/span><b>Tem direito a receber hora extra<\/b><span style=\"font-weight: 400;\">. Simples assim.<\/span><\/p>\n<h3><b>\u2696\ufe0f O que fazer se voc\u00ea \u00e9 gerente e tem horas extras n\u00e3o pagas?<\/b><\/h3>\n<p><img decoding=\"async\" data-src=\"https:\/\/i.pinimg.com\/736x\/32\/90\/e9\/3290e9ba1a7416907d1834c7e7611a0e.jpg\" src=\"data:image\/svg+xml;base64,PHN2ZyB3aWR0aD0iMSIgaGVpZ2h0PSIxIiB4bWxucz0iaHR0cDovL3d3dy53My5vcmcvMjAwMC9zdmciPjwvc3ZnPg==\" class=\"lazyload\" \/><\/p>\n<h4><b>Busque orienta\u00e7\u00e3o com advogado trabalhista<\/b><\/h4>\n<p><span style=\"font-weight: 400;\">Antes de qualquer atitude, \u00e9 essencial falar com um <\/span><b>advogado trabalhista especializado<\/b><span style=\"font-weight: 400;\">. Ele vai analisar seu caso, verificar documentos e te orientar com seguran\u00e7a.<\/span><\/p>\n<h4><b>Re\u00fana provas antes de sair da empresa<\/b><\/h4>\n<p><span style=\"font-weight: 400;\">Al\u00e9m disso, se puder, organize e-mails, prints, relat\u00f3rios, conversas no WhatsApp e registros de ponto. Isso tudo ser\u00e1 fundamental para comprovar seu direito.<\/span><\/p>\n<h4><b>Evite assinar documentos sem ler<\/b><\/h4>\n<p><span style=\"font-weight: 400;\">Por fim, muitas empresas tentam empurrar acordos que renunciam a direitos. Portanto, <\/span><b>n\u00e3o assine nada sem orienta\u00e7\u00e3o jur\u00eddica!<\/b><\/p>\n<h3><b>\ud83d\udca1 Dicas para empresas evitarem problemas jur\u00eddicos<\/b><\/h3>\n<ul>\n<li style=\"font-weight: 400;\" aria-level=\"1\"><span style=\"font-weight: 400;\">Seja transparente sobre cargos e fun\u00e7\u00f5es<\/span>&nbsp;<\/li>\n<li style=\"font-weight: 400;\" aria-level=\"1\"><span style=\"font-weight: 400;\">Formalize corretamente o cargo de confian\u00e7a<\/span>&nbsp;<\/li>\n<li style=\"font-weight: 400;\" aria-level=\"1\"><span style=\"font-weight: 400;\">Respeite a CLT na gratifica\u00e7\u00e3o dos gerentes<\/span>&nbsp;<\/li>\n<li style=\"font-weight: 400;\" aria-level=\"1\"><span style=\"font-weight: 400;\">Mantenha pol\u00edticas claras de ponto e jornada<\/span>&nbsp;<\/li>\n<\/ul>\n<p><span style=\"font-weight: 400;\">Assim, \u00e9 poss\u00edvel evitar futuros processos e garantir rela\u00e7\u00f5es mais equilibradas.<\/span><\/p>\n<h3><b>\ud83d\udcb0 Quanto o gerente pode receber de horas extras atrasadas?<\/b><\/h3>\n<p><span style=\"font-weight: 400;\">Depende da jornada realizada, tempo de v\u00ednculo e valor do sal\u00e1rio. J\u00e1 houve casos de gerentes que receberam <\/span><b>mais de R$ 50 mil<\/b><span style=\"font-weight: 400;\"> em indeniza\u00e7\u00f5es por horas extras acumuladas. Portanto, n\u00e3o subestime o valor do seu tempo!<\/span><\/p>\n<h3><b>\u23f3 Prazo para entrar com a\u00e7\u00e3o trabalhista<\/b><\/h3>\n<p><span style=\"font-weight: 400;\">O prazo \u00e9 de at\u00e9 <\/span><a href=\"https:\/\/carvalhoadvogado.aliamkt.com\/index.php\/2025\/05\/21\/reversao-da-demissao-por-justa-causa\/\"><b>2 anos ap\u00f3s o fim do contrato<\/b><\/a><span style=\"font-weight: 400;\">, e voc\u00ea pode cobrar as horas extras dos <\/span><b>\u00faltimos 5 anos<\/b><span style=\"font-weight: 400;\">. Consequentemente, quanto antes voc\u00ea agir, maiores as chances de recuperar o que \u00e9 seu por direito.<\/span><\/p>\n<h3><b>\u2696\ufe0f Advogado trabalhista: quem procurar e como funciona<\/b><\/h3>\n<h4><b>Advogado trabalhista em Contagem<\/b><\/h4>\n<p><span style=\"font-weight: 400;\">Se voc\u00ea est\u00e1 em Contagem, procure um <\/span><b>advogado trabalhista em Contagem gratuito<\/b><span style=\"font-weight: 400;\"> ou particular que atue com foco em defesa de trabalhadores.<\/span><\/p>\n<h4><b>Advogado trabalhista gratuito em Betim<\/b><\/h4>\n<p><span style=\"font-weight: 400;\">Al\u00e9m disso, existem op\u00e7\u00f5es de <\/span><b>advogado gratuito em Betim<\/b><span style=\"font-weight: 400;\">, seja por meio da defensoria p\u00fablica ou parcerias com escrit\u00f3rios especializados.<\/span><\/p>\n<h4><b>Atendimento online e via WhatsApp<\/b><\/h4>\n<p><span style=\"font-weight: 400;\">Hoje, voc\u00ea pode resolver tudo <\/span><b>sem sair de casa<\/b><span style=\"font-weight: 400;\">. Muitos escrit\u00f3rios atendem com <\/span><b>advogado trabalhista online via WhatsApp<\/b><span style=\"font-weight: 400;\">, facilitando o acesso \u00e0 justi\u00e7a. Isso torna o processo mais r\u00e1pido, seguro e acess\u00edvel.<\/span><\/p>\n<h3><b>\ud83d\udd1a Conclus\u00e3o<\/b><\/h3>\n<p><span style=\"font-weight: 400;\">Apesar do que muita gente acredita, <\/span><b>nem todo gerente perde o direito a horas extras<\/b><span style=\"font-weight: 400;\">. Tudo vai depender das <\/span><b>fun\u00e7\u00f5es reais que voc\u00ea exerce<\/b><span style=\"font-weight: 400;\">, do seu sal\u00e1rio, do controle de ponto e da sua autonomia. Portanto, se voc\u00ea se sente explorado, <\/span><b>busque ajuda de um advogado trabalhista agora mesmo<\/b><span style=\"font-weight: 400;\">. Seus direitos podem estar sendo violados \u2014 e voc\u00ea pode reverter isso!<\/span><\/p>\n<h3><b>\u2753 FAQs sobre horas extras para gerentes<\/b><\/h3>\n<ol>\n<li><b> Todo gerente est\u00e1 automaticamente fora da CLT para hora extra?<\/b><b><br \/>\n<\/b><span style=\"font-weight: 400;\"> N\u00e3o. Apenas gerentes com <\/span><b>cargo de confian\u00e7a real<\/b><span style=\"font-weight: 400;\">, autonomia e gratifica\u00e7\u00e3o de 40% est\u00e3o isentos.<\/span><\/li>\n<li><b> Bater ponto como gerente me d\u00e1 direito a horas extras?<\/b><b><br \/>\n<\/b><span style=\"font-weight: 400;\"> Sim. Inclusive, \u00e9 um dos principais ind\u00edcios de que voc\u00ea <\/span><b>deve ser remunerado por horas extras<\/b><span style=\"font-weight: 400;\">.<\/span><\/li>\n<li><b> Posso processar a empresa mesmo ainda trabalhando l\u00e1?<\/b><b><br \/>\n<\/b><span style=\"font-weight: 400;\"> Sim, \u00e9 poss\u00edvel. No entanto, recomenda-se orienta\u00e7\u00e3o de um advogado para evitar retalia\u00e7\u00f5es ou preju\u00edzos.<\/span><\/li>\n<li><b> Quanto tempo demora um processo trabalhista?<\/b><b><br \/>\n<\/b><span style=\"font-weight: 400;\"> Pode variar. Em m\u00e9dia, um processo leva entre <\/span><b>6 meses e 2 anos<\/b><span style=\"font-weight: 400;\">, dependendo do tribunal e das provas.<\/span><\/li>\n<li><b> O advogado trabalhista cobra para avaliar meu caso?<\/b><b><br \/>\n<\/b><span style=\"font-weight: 400;\"> Muitos <\/span><b>advogados trabalhistas trabalham por \u00eaxito<\/b><span style=\"font-weight: 400;\">, ou seja, s\u00f3 recebem se voc\u00ea ganhar a a\u00e7\u00e3o. Al\u00e9m disso, h\u00e1 tamb\u00e9m op\u00e7\u00f5es <\/span><b>gratuitas<\/b><span style=\"font-weight: 400;\">.<\/span><\/li>\n<\/ol>\n<p><a href=\"https:\/\/api.whatsapp.com\/send\/?phone=5531975283687&amp;text&amp;type=phone_number&amp;app_absent=0\"><span style=\"font-weight: 400;\">Clique aqui e descubra se voc\u00ea tem direito a uma indeniza\u00e7\u00e3o.<\/span><\/a><\/p>\n<p><span style=\"font-weight: 400;\">\u00a0<\/span><\/p>\n<p><a href=\"https:\/\/wa.me\/5531975283687\"><b>Fale comigo agora mesmo<\/b><\/a><\/p>\n<p><b>Siga-nos na rede social, @pedroncarvalhoadv, e fique por dentro das \u00faltimas novidades!<\/b><\/p>\n<p><span style=\"font-weight: 400;\">Atendemos em todo o Brasil, de forma r\u00e1pida e com empatia.<\/span><\/p>\n","protected":false},"excerpt":{"rendered":"<p>Introdu\u00e7\u00e3o Voc\u00ea \u00e9 gerente e vive fazendo hora extra, mas nunca recebeu um centavo a mais por isso? J\u00e1 ouviu falar que \u201cgerente n\u00e3o tem direito a hora extra\u201d? Pois \u00e9, essa ideia est\u00e1 cheia de meias-verdades. A CLT traz sim algumas exce\u00e7\u00f5es, mas tamb\u00e9m protege muitos gerentes que s\u00e3o explorados pelas empresas. Por isso, [&hellip;]<\/p>\n","protected":false},"author":1,"featured_media":1080,"comment_status":"open","ping_status":"open","sticky":false,"template":"","format":"standard","meta":{"_joinchat":[],"footnotes":""},"categories":[6],"tags":[],"class_list":["post-1079","post","type-post","status-publish","format-standard","has-post-thumbnail","hentry","category-direito-trabalhista"],"yoast_head":"<!-- This site is optimized with the Yoast SEO plugin v27.5 - https:\/\/yoast.com\/product\/yoast-seo-wordpress\/ -->\n<title>Gerente tem direito a hora extra? Entenda as exce\u00e7\u00f5es da CLT - Pedro Carvalho Advogado Trabalhista<\/title>\n<meta name=\"description\" content=\"Gerente tem direito a hora extra? Descubra quando a CLT garante esse direito, entenda o que \u00e9 cargo de confian\u00e7a e encontre advogado trabalhista em Minas Gerais, Contagem, BH e Betim.\" \/>\n<meta name=\"robots\" content=\"index, follow, max-snippet:-1, max-image-preview:large, max-video-preview:-1\" \/>\n<link rel=\"canonical\" href=\"https:\/\/carvalhoadvogado.aliamkt.com\/index.php\/2025\/07\/30\/gerente-tem-direito-a-hora-extra-entenda-as-excecoes-da-clt\/\" \/>\n<meta property=\"og:locale\" content=\"pt_BR\" \/>\n<meta property=\"og:type\" content=\"article\" \/>\n<meta property=\"og:title\" content=\"Gerente tem direito a hora extra? Entenda as exce\u00e7\u00f5es da CLT - Pedro Carvalho Advogado Trabalhista\" \/>\n<meta property=\"og:description\" content=\"Gerente tem direito a hora extra? Descubra quando a CLT garante esse direito, entenda o que \u00e9 cargo de confian\u00e7a e encontre advogado trabalhista em Minas Gerais, Contagem, BH e Betim.\" \/>\n<meta property=\"og:url\" content=\"https:\/\/carvalhoadvogado.aliamkt.com\/index.php\/2025\/07\/30\/gerente-tem-direito-a-hora-extra-entenda-as-excecoes-da-clt\/\" \/>\n<meta property=\"og:site_name\" content=\"Pedro Carvalho Advogado Trabalhista\" \/>\n<meta property=\"article:published_time\" content=\"2025-07-30T18:11:05+00:00\" \/>\n<meta property=\"article:modified_time\" content=\"2025-07-30T18:41:32+00:00\" \/>\n<meta property=\"og:image\" content=\"https:\/\/carvalhoadvogado.aliamkt.com\/wp-content\/uploads\/2025\/07\/advogado-trabalhista-em-contagem.jpg\" \/>\n\t<meta property=\"og:image:width\" content=\"612\" \/>\n\t<meta property=\"og:image:height\" content=\"393\" \/>\n\t<meta property=\"og:image:type\" content=\"image\/jpeg\" \/>\n<meta name=\"author\" content=\"lailacarvalhoadv\" \/>\n<meta name=\"twitter:card\" content=\"summary_large_image\" \/>\n<meta name=\"twitter:label1\" content=\"Escrito por\" \/>\n\t<meta name=\"twitter:data1\" content=\"lailacarvalhoadv\" \/>\n\t<meta name=\"twitter:label2\" content=\"Est. tempo de leitura\" \/>\n\t<meta name=\"twitter:data2\" content=\"8 minutos\" \/>\n<script type=\"application\/ld+json\" class=\"yoast-schema-graph\">{\"@context\":\"https:\\\/\\\/schema.org\",\"@graph\":[{\"@type\":\"Article\",\"@id\":\"https:\\\/\\\/carvalhoadvogado.aliamkt.com\\\/index.php\\\/2025\\\/07\\\/30\\\/gerente-tem-direito-a-hora-extra-entenda-as-excecoes-da-clt\\\/#article\",\"isPartOf\":{\"@id\":\"https:\\\/\\\/carvalhoadvogado.aliamkt.com\\\/index.php\\\/2025\\\/07\\\/30\\\/gerente-tem-direito-a-hora-extra-entenda-as-excecoes-da-clt\\\/\"},\"author\":{\"name\":\"lailacarvalhoadv\",\"@id\":\"https:\\\/\\\/carvalhoadvogado.aliamkt.com\\\/#\\\/schema\\\/person\\\/8f4d67ba57d6160ee802836a319bd8eb\"},\"headline\":\"Gerente tem direito a hora extra? Entenda as exce\u00e7\u00f5es da CLT\",\"datePublished\":\"2025-07-30T18:11:05+00:00\",\"dateModified\":\"2025-07-30T18:41:32+00:00\",\"mainEntityOfPage\":{\"@id\":\"https:\\\/\\\/carvalhoadvogado.aliamkt.com\\\/index.php\\\/2025\\\/07\\\/30\\\/gerente-tem-direito-a-hora-extra-entenda-as-excecoes-da-clt\\\/\"},\"wordCount\":1355,\"commentCount\":0,\"publisher\":{\"@id\":\"https:\\\/\\\/carvalhoadvogado.aliamkt.com\\\/#organization\"},\"image\":{\"@id\":\"https:\\\/\\\/carvalhoadvogado.aliamkt.com\\\/index.php\\\/2025\\\/07\\\/30\\\/gerente-tem-direito-a-hora-extra-entenda-as-excecoes-da-clt\\\/#primaryimage\"},\"thumbnailUrl\":\"https:\\\/\\\/carvalhoadvogado.aliamkt.com\\\/wp-content\\\/uploads\\\/2025\\\/07\\\/advogado-trabalhista-em-contagem.jpg\",\"articleSection\":[\"Direito Trabalhista\"],\"inLanguage\":\"pt-BR\",\"potentialAction\":[{\"@type\":\"CommentAction\",\"name\":\"Comment\",\"target\":[\"https:\\\/\\\/carvalhoadvogado.aliamkt.com\\\/index.php\\\/2025\\\/07\\\/30\\\/gerente-tem-direito-a-hora-extra-entenda-as-excecoes-da-clt\\\/#respond\"]}]},{\"@type\":\"WebPage\",\"@id\":\"https:\\\/\\\/carvalhoadvogado.aliamkt.com\\\/index.php\\\/2025\\\/07\\\/30\\\/gerente-tem-direito-a-hora-extra-entenda-as-excecoes-da-clt\\\/\",\"url\":\"https:\\\/\\\/carvalhoadvogado.aliamkt.com\\\/index.php\\\/2025\\\/07\\\/30\\\/gerente-tem-direito-a-hora-extra-entenda-as-excecoes-da-clt\\\/\",\"name\":\"Gerente tem direito a hora extra? Entenda as exce\u00e7\u00f5es da CLT - Pedro Carvalho Advogado Trabalhista\",\"isPartOf\":{\"@id\":\"https:\\\/\\\/carvalhoadvogado.aliamkt.com\\\/#website\"},\"primaryImageOfPage\":{\"@id\":\"https:\\\/\\\/carvalhoadvogado.aliamkt.com\\\/index.php\\\/2025\\\/07\\\/30\\\/gerente-tem-direito-a-hora-extra-entenda-as-excecoes-da-clt\\\/#primaryimage\"},\"image\":{\"@id\":\"https:\\\/\\\/carvalhoadvogado.aliamkt.com\\\/index.php\\\/2025\\\/07\\\/30\\\/gerente-tem-direito-a-hora-extra-entenda-as-excecoes-da-clt\\\/#primaryimage\"},\"thumbnailUrl\":\"https:\\\/\\\/carvalhoadvogado.aliamkt.com\\\/wp-content\\\/uploads\\\/2025\\\/07\\\/advogado-trabalhista-em-contagem.jpg\",\"datePublished\":\"2025-07-30T18:11:05+00:00\",\"dateModified\":\"2025-07-30T18:41:32+00:00\",\"description\":\"Gerente tem direito a hora extra? Descubra quando a CLT garante esse direito, entenda o que \u00e9 cargo de confian\u00e7a e encontre advogado trabalhista em Minas Gerais, Contagem, BH e Betim.\",\"breadcrumb\":{\"@id\":\"https:\\\/\\\/carvalhoadvogado.aliamkt.com\\\/index.php\\\/2025\\\/07\\\/30\\\/gerente-tem-direito-a-hora-extra-entenda-as-excecoes-da-clt\\\/#breadcrumb\"},\"inLanguage\":\"pt-BR\",\"potentialAction\":[{\"@type\":\"ReadAction\",\"target\":[\"https:\\\/\\\/carvalhoadvogado.aliamkt.com\\\/index.php\\\/2025\\\/07\\\/30\\\/gerente-tem-direito-a-hora-extra-entenda-as-excecoes-da-clt\\\/\"]}]},{\"@type\":\"ImageObject\",\"inLanguage\":\"pt-BR\",\"@id\":\"https:\\\/\\\/carvalhoadvogado.aliamkt.com\\\/index.php\\\/2025\\\/07\\\/30\\\/gerente-tem-direito-a-hora-extra-entenda-as-excecoes-da-clt\\\/#primaryimage\",\"url\":\"https:\\\/\\\/carvalhoadvogado.aliamkt.com\\\/wp-content\\\/uploads\\\/2025\\\/07\\\/advogado-trabalhista-em-contagem.jpg\",\"contentUrl\":\"https:\\\/\\\/carvalhoadvogado.aliamkt.com\\\/wp-content\\\/uploads\\\/2025\\\/07\\\/advogado-trabalhista-em-contagem.jpg\",\"width\":612,\"height\":393,\"caption\":\"Shot of a young man using a digital tablet while working in a warehouse\"},{\"@type\":\"BreadcrumbList\",\"@id\":\"https:\\\/\\\/carvalhoadvogado.aliamkt.com\\\/index.php\\\/2025\\\/07\\\/30\\\/gerente-tem-direito-a-hora-extra-entenda-as-excecoes-da-clt\\\/#breadcrumb\",\"itemListElement\":[{\"@type\":\"ListItem\",\"position\":1,\"name\":\"In\u00edcio\",\"item\":\"https:\\\/\\\/carvalhoadvogado.aliamkt.com\\\/\"},{\"@type\":\"ListItem\",\"position\":2,\"name\":\"Gerente tem direito a hora extra? Entenda as exce\u00e7\u00f5es da CLT\"}]},{\"@type\":\"WebSite\",\"@id\":\"https:\\\/\\\/carvalhoadvogado.aliamkt.com\\\/#website\",\"url\":\"https:\\\/\\\/carvalhoadvogado.aliamkt.com\\\/\",\"name\":\"Pedro Carvalho Advogado\",\"description\":\"Advogado Trabalhista\",\"publisher\":{\"@id\":\"https:\\\/\\\/carvalhoadvogado.aliamkt.com\\\/#organization\"},\"potentialAction\":[{\"@type\":\"SearchAction\",\"target\":{\"@type\":\"EntryPoint\",\"urlTemplate\":\"https:\\\/\\\/carvalhoadvogado.aliamkt.com\\\/?s={search_term_string}\"},\"query-input\":{\"@type\":\"PropertyValueSpecification\",\"valueRequired\":true,\"valueName\":\"search_term_string\"}}],\"inLanguage\":\"pt-BR\"},{\"@type\":\"Organization\",\"@id\":\"https:\\\/\\\/carvalhoadvogado.aliamkt.com\\\/#organization\",\"name\":\"Pedro Carvalho Advogado\",\"url\":\"https:\\\/\\\/carvalhoadvogado.aliamkt.com\\\/\",\"logo\":{\"@type\":\"ImageObject\",\"inLanguage\":\"pt-BR\",\"@id\":\"https:\\\/\\\/carvalhoadvogado.aliamkt.com\\\/#\\\/schema\\\/logo\\\/image\\\/\",\"url\":\"https:\\\/\\\/carvalhoadvogado.aliamkt.com\\\/wp-content\\\/uploads\\\/2024\\\/06\\\/Logo-azul.png\",\"contentUrl\":\"https:\\\/\\\/carvalhoadvogado.aliamkt.com\\\/wp-content\\\/uploads\\\/2024\\\/06\\\/Logo-azul.png\",\"width\":500,\"height\":500,\"caption\":\"Pedro Carvalho Advogado\"},\"image\":{\"@id\":\"https:\\\/\\\/carvalhoadvogado.aliamkt.com\\\/#\\\/schema\\\/logo\\\/image\\\/\"}},{\"@type\":\"Person\",\"@id\":\"https:\\\/\\\/carvalhoadvogado.aliamkt.com\\\/#\\\/schema\\\/person\\\/8f4d67ba57d6160ee802836a319bd8eb\",\"name\":\"lailacarvalhoadv\",\"image\":{\"@type\":\"ImageObject\",\"inLanguage\":\"pt-BR\",\"@id\":\"https:\\\/\\\/secure.gravatar.com\\\/avatar\\\/a60961139a792fb5ca701fab485f653a1b3cc37cf8dbd4937b4134105caf5369?s=96&d=mm&r=g\",\"url\":\"https:\\\/\\\/secure.gravatar.com\\\/avatar\\\/a60961139a792fb5ca701fab485f653a1b3cc37cf8dbd4937b4134105caf5369?s=96&d=mm&r=g\",\"contentUrl\":\"https:\\\/\\\/secure.gravatar.com\\\/avatar\\\/a60961139a792fb5ca701fab485f653a1b3cc37cf8dbd4937b4134105caf5369?s=96&d=mm&r=g\",\"caption\":\"lailacarvalhoadv\"},\"sameAs\":[\"https:\\\/\\\/carvalhoadvogado.aliamkt.com\"],\"url\":\"https:\\\/\\\/carvalhoadvogado.aliamkt.com\\\/index.php\\\/author\\\/lailacarvalhoadv\\\/\"}]}<\/script>\n<!-- \/ Yoast SEO plugin. -->","yoast_head_json":{"title":"Gerente tem direito a hora extra? Entenda as exce\u00e7\u00f5es da CLT - Pedro Carvalho Advogado Trabalhista","description":"Gerente tem direito a hora extra? Descubra quando a CLT garante esse direito, entenda o que \u00e9 cargo de confian\u00e7a e encontre advogado trabalhista em Minas Gerais, Contagem, BH e Betim.","robots":{"index":"index","follow":"follow","max-snippet":"max-snippet:-1","max-image-preview":"max-image-preview:large","max-video-preview":"max-video-preview:-1"},"canonical":"https:\/\/carvalhoadvogado.aliamkt.com\/index.php\/2025\/07\/30\/gerente-tem-direito-a-hora-extra-entenda-as-excecoes-da-clt\/","og_locale":"pt_BR","og_type":"article","og_title":"Gerente tem direito a hora extra? Entenda as exce\u00e7\u00f5es da CLT - Pedro Carvalho Advogado Trabalhista","og_description":"Gerente tem direito a hora extra? Descubra quando a CLT garante esse direito, entenda o que \u00e9 cargo de confian\u00e7a e encontre advogado trabalhista em Minas Gerais, Contagem, BH e Betim.","og_url":"https:\/\/carvalhoadvogado.aliamkt.com\/index.php\/2025\/07\/30\/gerente-tem-direito-a-hora-extra-entenda-as-excecoes-da-clt\/","og_site_name":"Pedro Carvalho Advogado Trabalhista","article_published_time":"2025-07-30T18:11:05+00:00","article_modified_time":"2025-07-30T18:41:32+00:00","og_image":[{"width":612,"height":393,"url":"https:\/\/carvalhoadvogado.aliamkt.com\/wp-content\/uploads\/2025\/07\/advogado-trabalhista-em-contagem.jpg","type":"image\/jpeg"}],"author":"lailacarvalhoadv","twitter_card":"summary_large_image","twitter_misc":{"Escrito por":"lailacarvalhoadv","Est. tempo de leitura":"8 minutos"},"schema":{"@context":"https:\/\/schema.org","@graph":[{"@type":"Article","@id":"https:\/\/carvalhoadvogado.aliamkt.com\/index.php\/2025\/07\/30\/gerente-tem-direito-a-hora-extra-entenda-as-excecoes-da-clt\/#article","isPartOf":{"@id":"https:\/\/carvalhoadvogado.aliamkt.com\/index.php\/2025\/07\/30\/gerente-tem-direito-a-hora-extra-entenda-as-excecoes-da-clt\/"},"author":{"name":"lailacarvalhoadv","@id":"https:\/\/carvalhoadvogado.aliamkt.com\/#\/schema\/person\/8f4d67ba57d6160ee802836a319bd8eb"},"headline":"Gerente tem direito a hora extra? Entenda as exce\u00e7\u00f5es da CLT","datePublished":"2025-07-30T18:11:05+00:00","dateModified":"2025-07-30T18:41:32+00:00","mainEntityOfPage":{"@id":"https:\/\/carvalhoadvogado.aliamkt.com\/index.php\/2025\/07\/30\/gerente-tem-direito-a-hora-extra-entenda-as-excecoes-da-clt\/"},"wordCount":1355,"commentCount":0,"publisher":{"@id":"https:\/\/carvalhoadvogado.aliamkt.com\/#organization"},"image":{"@id":"https:\/\/carvalhoadvogado.aliamkt.com\/index.php\/2025\/07\/30\/gerente-tem-direito-a-hora-extra-entenda-as-excecoes-da-clt\/#primaryimage"},"thumbnailUrl":"https:\/\/carvalhoadvogado.aliamkt.com\/wp-content\/uploads\/2025\/07\/advogado-trabalhista-em-contagem.jpg","articleSection":["Direito Trabalhista"],"inLanguage":"pt-BR","potentialAction":[{"@type":"CommentAction","name":"Comment","target":["https:\/\/carvalhoadvogado.aliamkt.com\/index.php\/2025\/07\/30\/gerente-tem-direito-a-hora-extra-entenda-as-excecoes-da-clt\/#respond"]}]},{"@type":"WebPage","@id":"https:\/\/carvalhoadvogado.aliamkt.com\/index.php\/2025\/07\/30\/gerente-tem-direito-a-hora-extra-entenda-as-excecoes-da-clt\/","url":"https:\/\/carvalhoadvogado.aliamkt.com\/index.php\/2025\/07\/30\/gerente-tem-direito-a-hora-extra-entenda-as-excecoes-da-clt\/","name":"Gerente tem direito a hora extra? Entenda as exce\u00e7\u00f5es da CLT - Pedro Carvalho Advogado Trabalhista","isPartOf":{"@id":"https:\/\/carvalhoadvogado.aliamkt.com\/#website"},"primaryImageOfPage":{"@id":"https:\/\/carvalhoadvogado.aliamkt.com\/index.php\/2025\/07\/30\/gerente-tem-direito-a-hora-extra-entenda-as-excecoes-da-clt\/#primaryimage"},"image":{"@id":"https:\/\/carvalhoadvogado.aliamkt.com\/index.php\/2025\/07\/30\/gerente-tem-direito-a-hora-extra-entenda-as-excecoes-da-clt\/#primaryimage"},"thumbnailUrl":"https:\/\/carvalhoadvogado.aliamkt.com\/wp-content\/uploads\/2025\/07\/advogado-trabalhista-em-contagem.jpg","datePublished":"2025-07-30T18:11:05+00:00","dateModified":"2025-07-30T18:41:32+00:00","description":"Gerente tem direito a hora extra? Descubra quando a CLT garante esse direito, entenda o que \u00e9 cargo de confian\u00e7a e encontre advogado trabalhista em Minas Gerais, Contagem, BH e Betim.","breadcrumb":{"@id":"https:\/\/carvalhoadvogado.aliamkt.com\/index.php\/2025\/07\/30\/gerente-tem-direito-a-hora-extra-entenda-as-excecoes-da-clt\/#breadcrumb"},"inLanguage":"pt-BR","potentialAction":[{"@type":"ReadAction","target":["https:\/\/carvalhoadvogado.aliamkt.com\/index.php\/2025\/07\/30\/gerente-tem-direito-a-hora-extra-entenda-as-excecoes-da-clt\/"]}]},{"@type":"ImageObject","inLanguage":"pt-BR","@id":"https:\/\/carvalhoadvogado.aliamkt.com\/index.php\/2025\/07\/30\/gerente-tem-direito-a-hora-extra-entenda-as-excecoes-da-clt\/#primaryimage","url":"https:\/\/carvalhoadvogado.aliamkt.com\/wp-content\/uploads\/2025\/07\/advogado-trabalhista-em-contagem.jpg","contentUrl":"https:\/\/carvalhoadvogado.aliamkt.com\/wp-content\/uploads\/2025\/07\/advogado-trabalhista-em-contagem.jpg","width":612,"height":393,"caption":"Shot of a young man using a digital tablet while working in a warehouse"},{"@type":"BreadcrumbList","@id":"https:\/\/carvalhoadvogado.aliamkt.com\/index.php\/2025\/07\/30\/gerente-tem-direito-a-hora-extra-entenda-as-excecoes-da-clt\/#breadcrumb","itemListElement":[{"@type":"ListItem","position":1,"name":"In\u00edcio","item":"https:\/\/carvalhoadvogado.aliamkt.com\/"},{"@type":"ListItem","position":2,"name":"Gerente tem direito a hora extra? Entenda as exce\u00e7\u00f5es da CLT"}]},{"@type":"WebSite","@id":"https:\/\/carvalhoadvogado.aliamkt.com\/#website","url":"https:\/\/carvalhoadvogado.aliamkt.com\/","name":"Pedro Carvalho Advogado","description":"Advogado Trabalhista","publisher":{"@id":"https:\/\/carvalhoadvogado.aliamkt.com\/#organization"},"potentialAction":[{"@type":"SearchAction","target":{"@type":"EntryPoint","urlTemplate":"https:\/\/carvalhoadvogado.aliamkt.com\/?s={search_term_string}"},"query-input":{"@type":"PropertyValueSpecification","valueRequired":true,"valueName":"search_term_string"}}],"inLanguage":"pt-BR"},{"@type":"Organization","@id":"https:\/\/carvalhoadvogado.aliamkt.com\/#organization","name":"Pedro Carvalho Advogado","url":"https:\/\/carvalhoadvogado.aliamkt.com\/","logo":{"@type":"ImageObject","inLanguage":"pt-BR","@id":"https:\/\/carvalhoadvogado.aliamkt.com\/#\/schema\/logo\/image\/","url":"https:\/\/carvalhoadvogado.aliamkt.com\/wp-content\/uploads\/2024\/06\/Logo-azul.png","contentUrl":"https:\/\/carvalhoadvogado.aliamkt.com\/wp-content\/uploads\/2024\/06\/Logo-azul.png","width":500,"height":500,"caption":"Pedro Carvalho Advogado"},"image":{"@id":"https:\/\/carvalhoadvogado.aliamkt.com\/#\/schema\/logo\/image\/"}},{"@type":"Person","@id":"https:\/\/carvalhoadvogado.aliamkt.com\/#\/schema\/person\/8f4d67ba57d6160ee802836a319bd8eb","name":"lailacarvalhoadv","image":{"@type":"ImageObject","inLanguage":"pt-BR","@id":"https:\/\/secure.gravatar.com\/avatar\/a60961139a792fb5ca701fab485f653a1b3cc37cf8dbd4937b4134105caf5369?s=96&d=mm&r=g","url":"https:\/\/secure.gravatar.com\/avatar\/a60961139a792fb5ca701fab485f653a1b3cc37cf8dbd4937b4134105caf5369?s=96&d=mm&r=g","contentUrl":"https:\/\/secure.gravatar.com\/avatar\/a60961139a792fb5ca701fab485f653a1b3cc37cf8dbd4937b4134105caf5369?s=96&d=mm&r=g","caption":"lailacarvalhoadv"},"sameAs":["https:\/\/carvalhoadvogado.aliamkt.com"],"url":"https:\/\/carvalhoadvogado.aliamkt.com\/index.php\/author\/lailacarvalhoadv\/"}]}},"_links":{"self":[{"href":"https:\/\/carvalhoadvogado.aliamkt.com\/index.php\/wp-json\/wp\/v2\/posts\/1079","targetHints":{"allow":["GET"]}}],"collection":[{"href":"https:\/\/carvalhoadvogado.aliamkt.com\/index.php\/wp-json\/wp\/v2\/posts"}],"about":[{"href":"https:\/\/carvalhoadvogado.aliamkt.com\/index.php\/wp-json\/wp\/v2\/types\/post"}],"author":[{"embeddable":true,"href":"https:\/\/carvalhoadvogado.aliamkt.com\/index.php\/wp-json\/wp\/v2\/users\/1"}],"replies":[{"embeddable":true,"href":"https:\/\/carvalhoadvogado.aliamkt.com\/index.php\/wp-json\/wp\/v2\/comments?post=1079"}],"version-history":[{"count":3,"href":"https:\/\/carvalhoadvogado.aliamkt.com\/index.php\/wp-json\/wp\/v2\/posts\/1079\/revisions"}],"predecessor-version":[{"id":1085,"href":"https:\/\/carvalhoadvogado.aliamkt.com\/index.php\/wp-json\/wp\/v2\/posts\/1079\/revisions\/1085"}],"wp:featuredmedia":[{"embeddable":true,"href":"https:\/\/carvalhoadvogado.aliamkt.com\/index.php\/wp-json\/wp\/v2\/media\/1080"}],"wp:attachment":[{"href":"https:\/\/carvalhoadvogado.aliamkt.com\/index.php\/wp-json\/wp\/v2\/media?parent=1079"}],"wp:term":[{"taxonomy":"category","embeddable":true,"href":"https:\/\/carvalhoadvogado.aliamkt.com\/index.php\/wp-json\/wp\/v2\/categories?post=1079"},{"taxonomy":"post_tag","embeddable":true,"href":"https:\/\/carvalhoadvogado.aliamkt.com\/index.php\/wp-json\/wp\/v2\/tags?post=1079"}],"curies":[{"name":"wp","href":"https:\/\/api.w.org\/{rel}","templated":true}]}}