{"id":1154,"date":"2025-08-23T09:14:18","date_gmt":"2025-08-23T12:14:18","guid":{"rendered":"https:\/\/carvalhoadvogado.aliamkt.com\/?p=1154"},"modified":"2025-08-23T09:14:18","modified_gmt":"2025-08-23T12:14:18","slug":"trabalhei-como-vendedor-de-loja-sem-carteira-assinada-quais-direitos-tenho","status":"publish","type":"post","link":"https:\/\/carvalhoadvogado.aliamkt.com\/index.php\/2025\/08\/23\/trabalhei-como-vendedor-de-loja-sem-carteira-assinada-quais-direitos-tenho\/","title":{"rendered":"Trabalhei como Vendedor de Loja sem Carteira Assinada: Quais Direitos Tenho?"},"content":{"rendered":"<h2><b>Introdu\u00e7\u00e3o<\/b><\/h2>\n<p><span style=\"font-weight: 400;\">Voc\u00ea j\u00e1 trabalhou como <\/span><b>vendedor de loja sem carteira assinada<\/b><span style=\"font-weight: 400;\"> e ficou na d\u00favida se teria algum direito? Pois saiba que essa \u00e9 a realidade de milhares de trabalhadores no com\u00e9rcio brasileiro. Muitas vezes, a promessa \u00e9 de trabalho tempor\u00e1rio, como \u201cajudante\u201d ou \u201cfreelancer\u201d. No entanto, na pr\u00e1tica, o vendedor cumpre uma <\/span><b>jornada fixa, recebe sal\u00e1rio mensal e tem responsabilidades t\u00edpicas de qualquer empregado registrado<\/b><span style=\"font-weight: 400;\">.<\/span><\/p>\n<p><span style=\"font-weight: 400;\">Portanto, neste artigo vamos explicar de forma simples e direta <\/span><b>quais s\u00e3o os seus direitos, como comprovar o v\u00ednculo empregat\u00edcio e de que forma um advogado trabalhista pode te ajudar a recuperar o que voc\u00ea perdeu<\/b><span style=\"font-weight: 400;\">.<\/span><\/p>\n<h2><b>Quem \u00e9 considerado vendedor de loja?<\/b><\/h2>\n<p><span style=\"font-weight: 400;\">Antes de tudo, \u00e9 importante entender quem a lei considera vendedor. O vendedor de loja \u00e9 aquele que atua diretamente no atendimento ao p\u00fablico, oferecendo produtos, explicando caracter\u00edsticas e, muitas vezes, recebendo comiss\u00f5es sobre as vendas.<\/span><\/p>\n<p><span style=\"font-weight: 400;\">Al\u00e9m disso, dentro desse grupo tamb\u00e9m entram:<\/span><\/p>\n<ul>\n<li style=\"font-weight: 400;\" aria-level=\"1\"><b>Balconistas<\/b><span style=\"font-weight: 400;\">, que trabalham em farm\u00e1cias, padarias e lojas de bairro;<\/span><span style=\"font-weight: 400;\">\n<p><\/span><\/li>\n<li style=\"font-weight: 400;\" aria-level=\"1\"><b>Atendentes de com\u00e9rcio<\/b><span style=\"font-weight: 400;\">, respons\u00e1veis por orientar o cliente e registrar compras;<\/span><span style=\"font-weight: 400;\">\n<p><\/span><\/li>\n<li style=\"font-weight: 400;\" aria-level=\"1\"><b>Vendedores externos<\/b><span style=\"font-weight: 400;\">, quando trabalham parte do tempo fora da loja, mas sempre vinculados a ela.<\/span><span style=\"font-weight: 400;\">\n<p><\/span><\/li>\n<\/ul>\n<p><span style=\"font-weight: 400;\">Assim, todos esses profissionais est\u00e3o <\/span><b>protegidos pela CLT<\/b><span style=\"font-weight: 400;\">, mesmo quando a empresa tenta mascarar a fun\u00e7\u00e3o.<\/span><\/p>\n<h2><b>O problema da informalidade no com\u00e9rcio<\/b><\/h2>\n<p><span style=\"font-weight: 400;\">A informalidade \u00e9 enorme no setor de vendas. Muitas lojas, sejam pequenas ou grandes redes, contratam trabalhadores como \u201cajudantes\u201d, \u201cfreelancers\u201d ou at\u00e9 mesmo como <\/span><b>pessoas jur\u00eddicas (PJ)<\/b><span style=\"font-weight: 400;\">.<\/span><\/p>\n<p><span style=\"font-weight: 400;\">Contudo, na pr\u00e1tica, esses trabalhadores cumprem <\/span><b>escala fixa, t\u00eam metas, recebem ordens de superiores e seguem todas as regras da empresa<\/b><span style=\"font-weight: 400;\">. Logo, essa situa\u00e7\u00e3o caracteriza fraude trabalhista, j\u00e1 que o v\u00ednculo deveria ser formalizado.<\/span><\/p>\n<h2><b>Por que as empresas n\u00e3o registram vendedores?<\/b><\/h2>\n<p><span style=\"font-weight: 400;\">Em resumo, a principal raz\u00e3o \u00e9 <\/span><b>economizar<\/b><span style=\"font-weight: 400;\">. Ao n\u00e3o registrar a carteira, a empresa deixa de pagar:<\/span><\/p>\n<ul>\n<li style=\"font-weight: 400;\" aria-level=\"1\"><span style=\"font-weight: 400;\">FGTS,<\/span><span style=\"font-weight: 400;\">\n<p><\/span><\/li>\n<li style=\"font-weight: 400;\" aria-level=\"1\"><span style=\"font-weight: 400;\">13\u00ba sal\u00e1rio,<\/span><span style=\"font-weight: 400;\">\n<p><\/span><\/li>\n<li style=\"font-weight: 400;\" aria-level=\"1\"><span style=\"font-weight: 400;\">F\u00e9rias + 1\/3,<\/span><span style=\"font-weight: 400;\">\n<p><\/span><\/li>\n<li style=\"font-weight: 400;\" aria-level=\"1\"><span style=\"font-weight: 400;\">INSS,<\/span><span style=\"font-weight: 400;\">\n<p><\/span><\/li>\n<li style=\"font-weight: 400;\" aria-level=\"1\"><span style=\"font-weight: 400;\">Horas extras.<\/span><span style=\"font-weight: 400;\">\n<p><\/span><\/li>\n<\/ul>\n<p><span style=\"font-weight: 400;\">Entretanto, o trabalhador, por outro lado, <\/span><b>fica desprotegido<\/b><span style=\"font-weight: 400;\">, sem direito a benef\u00edcios e sujeito a demiss\u00e3o sem indeniza\u00e7\u00e3o.<\/span><\/p>\n<h2><b>Direito ao registro em carteira<\/b><\/h2>\n<p><span style=\"font-weight: 400;\">De acordo com a <\/span><b>CLT<\/b><span style=\"font-weight: 400;\">, a empresa tem at\u00e9 <\/span><b>5 dias \u00fateis para registrar o contrato de trabalho<\/b><span style=\"font-weight: 400;\"> na carteira do empregado. Caso isso n\u00e3o aconte\u00e7a, o trabalhador pode buscar a Justi\u00e7a para o <\/span><b>reconhecimento do v\u00ednculo e pagamento de todas as verbas atrasadas<\/b><span style=\"font-weight: 400;\">.<\/span><\/p>\n<p><span style=\"font-weight: 400;\">Portanto, mesmo que o patr\u00e3o tente se esquivar, a lei est\u00e1 do lado do trabalhador.<\/span><\/p>\n<h2><b>Sal\u00e1rio pago por fora: como funciona e por que \u00e9 ilegal<\/b><\/h2>\n<p><span style=\"font-weight: 400;\">N\u00e3o raramente, muitos vendedores recebem parte do sal\u00e1rio \u201cpor fora\u201d. Nesse caso, a empresa registra um valor menor na carteira e paga o restante em dinheiro ou transfer\u00eancia.<\/span><\/p>\n<p><span style=\"font-weight: 400;\">Como consequ\u00eancia, isso prejudica o c\u00e1lculo de FGTS, f\u00e9rias, 13\u00ba e at\u00e9 aposentadoria.<\/span><\/p>\n<p><span style=\"font-weight: 400;\">\u27a1\ufe0f Felizmente, na Justi\u00e7a, \u00e9 poss\u00edvel comprovar o sal\u00e1rio real com <\/span><b>extratos banc\u00e1rios, recibos, prints de mensagens e testemunhas<\/b><span style=\"font-weight: 400;\">.<\/span><\/p>\n<h2><b>Jornada de trabalho dos vendedores<\/b><\/h2>\n<p><span style=\"font-weight: 400;\">Segundo a CLT, o vendedor deve cumprir <\/span><b>at\u00e9 44 horas semanais<\/b><span style=\"font-weight: 400;\">, com <\/span><b>1 folga por semana<\/b><span style=\"font-weight: 400;\">. Al\u00e9m disso, se trabalhar aos domingos, deve receber em dobro ou ter a compensa\u00e7\u00e3o em outro dia.<\/span><\/p>\n<h2><b>Hora extra: quando \u00e9 devida<\/b><\/h2>\n<p><span style=\"font-weight: 400;\">Sempre que o vendedor ultrapassa a jornada legal, ele tem direito a receber hora extra. Nesse sentido, a regra \u00e9 simples:<\/span><\/p>\n<ul>\n<li style=\"font-weight: 400;\" aria-level=\"1\"><b>50% a mais<\/b><span style=\"font-weight: 400;\"> em dias \u00fateis;<\/span><span style=\"font-weight: 400;\">\n<p><\/span><\/li>\n<li style=\"font-weight: 400;\" aria-level=\"1\"><b>100% a mais<\/b><span style=\"font-weight: 400;\"> em domingos e feriados.<\/span><span style=\"font-weight: 400;\">\n<p><\/span><\/li>\n<\/ul>\n<p><span style=\"font-weight: 400;\">Portanto, se voc\u00ea est\u00e1 trabalhando al\u00e9m da jornada, saiba que pode exigir esse pagamento.<\/span><\/p>\n<h2><b>Comiss\u00f5es e metas abusivas<\/b><\/h2>\n<p><span style=\"font-weight: 400;\">Outro ponto importante \u00e9 que o vendedor tem direito a receber <\/span><b>comiss\u00f5es integrais<\/b><span style=\"font-weight: 400;\">. Se a empresa desconta valores ou imp\u00f5e metas inating\u00edveis, pode haver <\/span><b>ass\u00e9dio moral e fraude contratual<\/b><span style=\"font-weight: 400;\">.<\/span><\/p>\n<p><span style=\"font-weight: 400;\">Assim, mesmo que voc\u00ea tenha assinado contrato, metas imposs\u00edveis e descontos indevidos podem ser questionados.<\/span><\/p>\n<h2><b>F\u00e9rias, 13\u00ba e FGTS: direitos ignorados<\/b><\/h2>\n<p><span style=\"font-weight: 400;\">Sem carteira assinada, o vendedor perde:<\/span><\/p>\n<ul>\n<li style=\"font-weight: 400;\" aria-level=\"1\"><span style=\"font-weight: 400;\">F\u00e9rias remuneradas,<\/span><span style=\"font-weight: 400;\">\n<p><\/span><\/li>\n<li style=\"font-weight: 400;\" aria-level=\"1\"><span style=\"font-weight: 400;\">13\u00ba sal\u00e1rio,<\/span><span style=\"font-weight: 400;\">\n<p><\/span><\/li>\n<li style=\"font-weight: 400;\" aria-level=\"1\"><span style=\"font-weight: 400;\">FGTS mensal.<\/span><span style=\"font-weight: 400;\">\n<p><\/span><\/li>\n<\/ul>\n<p><span style=\"font-weight: 400;\">No entanto, tudo isso pode ser <\/span><b>cobrado judicialmente<\/b><span style=\"font-weight: 400;\">.<\/span><\/p>\n<h2><b>Ass\u00e9dio moral em lojas<\/b><\/h2>\n<p><span style=\"font-weight: 400;\">Infelizmente, \u00e9 muito comum que gerentes humilhem vendedores para cobrar metas. Essa press\u00e3o exagerada pode gerar <\/span><b>indeniza\u00e7\u00e3o por ass\u00e9dio moral<\/b><span style=\"font-weight: 400;\">, desde que devidamente comprovada.<\/span><\/p>\n<h2><b>Como comprovar v\u00ednculo empregat\u00edcio<\/b><\/h2>\n<p><span style=\"font-weight: 400;\">Para ter sucesso na Justi\u00e7a, \u00e9 fundamental apresentar provas. Entre elas, est\u00e3o:<\/span><\/p>\n<ul>\n<li style=\"font-weight: 400;\" aria-level=\"1\"><span style=\"font-weight: 400;\">Conversas de WhatsApp com chefes,<\/span><span style=\"font-weight: 400;\">\n<p><\/span><\/li>\n<li style=\"font-weight: 400;\" aria-level=\"1\"><span style=\"font-weight: 400;\">Escalas de trabalho,<\/span><span style=\"font-weight: 400;\">\n<p><\/span><\/li>\n<li style=\"font-weight: 400;\" aria-level=\"1\"><span style=\"font-weight: 400;\">Recibos de pagamento,<\/span><span style=\"font-weight: 400;\">\n<p><\/span><\/li>\n<li style=\"font-weight: 400;\" aria-level=\"1\"><span style=\"font-weight: 400;\">Testemunhas de colegas ou clientes.<\/span><span style=\"font-weight: 400;\">\n<p><\/span><\/li>\n<\/ul>\n<p><span style=\"font-weight: 400;\">Portanto, quanto mais documentos voc\u00ea tiver, mais forte ser\u00e1 a sua a\u00e7\u00e3o.<\/span><\/p>\n<h2><b>Posso processar a loja sem ter carteira assinada?<\/b><\/h2>\n<p><span style=\"font-weight: 400;\">A resposta \u00e9 <\/span><b>sim<\/b><span style=\"font-weight: 400;\">! O trabalhador pode pedir o <\/span><b>reconhecimento judicial do v\u00ednculo empregat\u00edcio<\/b><span style=\"font-weight: 400;\">. Assim, a Justi\u00e7a do Trabalho analisa as provas e, caso confirme a rela\u00e7\u00e3o de emprego, a empresa \u00e9 obrigada a pagar todos os direitos.<\/span><\/p>\n<h2><b>Passo a passo para buscar seus direitos<\/b><\/h2>\n<p><span style=\"font-weight: 400;\">Para facilitar, veja como agir:<\/span><\/p>\n<ol>\n<li style=\"font-weight: 400;\" aria-level=\"1\"><span style=\"font-weight: 400;\">Re\u00fana provas do trabalho.<\/span><span style=\"font-weight: 400;\">\n<p><\/span><\/li>\n<li style=\"font-weight: 400;\" aria-level=\"1\"><span style=\"font-weight: 400;\">Procure um <\/span><b>advogado trabalhista<\/b><span style=\"font-weight: 400;\">.<\/span><span style=\"font-weight: 400;\">\n<p><\/span><\/li>\n<li style=\"font-weight: 400;\" aria-level=\"1\"><span style=\"font-weight: 400;\">Pe\u00e7a a <\/span><b>justi\u00e7a gratuita<\/b><span style=\"font-weight: 400;\"> se n\u00e3o tiver condi\u00e7\u00f5es de pagar.<\/span><span style=\"font-weight: 400;\">\n<p><\/span><\/li>\n<li style=\"font-weight: 400;\" aria-level=\"1\"><span style=\"font-weight: 400;\">Entre com a a\u00e7\u00e3o trabalhista.<\/span><span style=\"font-weight: 400;\">\n<p><\/span><\/li>\n<\/ol>\n<p><span style=\"font-weight: 400;\">Desse modo, voc\u00ea garante que seus direitos n\u00e3o ser\u00e3o esquecidos.<\/span><\/p>\n<h2><b>Advogado trabalhista gratuito: \u00e9 poss\u00edvel?<\/b><\/h2>\n<p><span style=\"font-weight: 400;\">A boa not\u00edcia \u00e9 que <\/span><b>sim<\/b><span style=\"font-weight: 400;\">! Trabalhadores de baixa renda podem ter <\/span><b>acesso \u00e0 justi\u00e7a gratuita<\/b><span style=\"font-weight: 400;\">. Al\u00e9m disso, h\u00e1 <\/span><b>advogado trabalhista gratuito em Contagem e Minas Gerais<\/b><span style=\"font-weight: 400;\"> que atende causas de vendedores e balconistas.<\/span><\/p>\n<p><span style=\"font-weight: 400;\">Ademais, muitos escrit\u00f3rios oferecem atendimento <\/span><b>online via WhatsApp<\/b><span style=\"font-weight: 400;\">, o que facilita para quem est\u00e1 em outra cidade.<\/span><\/p>\n<h2><b>Conclus\u00e3o<\/b><\/h2>\n<p><span style=\"font-weight: 400;\">Trabalhar sem carteira assinada \u00e9 uma situa\u00e7\u00e3o injusta que retira direitos b\u00e1sicos do vendedor. Entretanto, a boa not\u00edcia \u00e9 que a Justi\u00e7a garante mecanismos para que voc\u00ea <\/span><b>recupere f\u00e9rias, 13\u00ba, FGTS, horas extras e at\u00e9 indeniza\u00e7\u00e3o por ass\u00e9dio moral<\/b><span style=\"font-weight: 400;\">.<\/span><\/p>\n<p><span style=\"font-weight: 400;\">\ud83d\udc49 Portanto, se voc\u00ea trabalhou em loja ou balc\u00e3o sem registro, <\/span><b>procure imediatamente um advogado trabalhista<\/b><span style=\"font-weight: 400;\">. N\u00e3o deixe seus direitos passarem em branco.<\/span><\/p>\n<h2><b>FAQs<\/b><\/h2>\n<ol>\n<li><b> Trabalhei como freelancer em loja, tenho direitos?<\/b><b><br \/>\n<\/b><span style=\"font-weight: 400;\"> Sim. Afinal, se havia jornada fixa e subordina\u00e7\u00e3o, a Justi\u00e7a pode reconhecer v\u00ednculo.<\/span><\/li>\n<li><b> A empresa pode me demitir por processar?<\/b><b><br \/>\n<\/b><span style=\"font-weight: 400;\"> N\u00e3o. Ali\u00e1s, isso \u00e9 ilegal e pode gerar indeniza\u00e7\u00e3o.<\/span><\/li>\n<li><b> Recebia s\u00f3 comiss\u00e3o, e agora?<\/b><b><br \/>\n<\/b><span style=\"font-weight: 400;\"> Voc\u00ea pode pedir o reconhecimento do sal\u00e1rio real, com reflexos em f\u00e9rias, 13\u00ba e FGTS.<\/span><\/li>\n<li><b> Trabalhei menos de 1 ano, vale a pena entrar com a\u00e7\u00e3o?<\/b><b><br \/>\n<\/b><span style=\"font-weight: 400;\"> Com certeza. Afinal, mesmo contratos curtos geram direitos proporcionais.<\/span><\/li>\n<li><b> Como encontrar advogado trabalhista online pelo WhatsApp?<\/b><b><br \/>\n<\/b><span style=\"font-weight: 400;\"> Existem escrit\u00f3rios especializados que atendem <\/span><b>advogado trabalhista online via WhatsApp<\/b><span style=\"font-weight: 400;\">, inclusive em Minas Gerais e Contagem.<\/span><\/li>\n<\/ol>\n<p><span style=\"font-weight: 400;\">Se voc\u00ea est\u00e1 passando por essa situa\u00e7\u00e3o e quer entender os pr\u00f3ximos passos, veja tamb\u00e9m nosso artigo completo sobre<\/span><a href=\"https:\/\/carvalhoadvogado.aliamkt.com\/index.php\/2025\/08\/13\/meu-patrao-nao-assinou-minha-carteira-o-que-posso-fazer\/\"><span style=\"font-weight: 400;\"> Meu patr\u00e3o n\u00e3o assinou minha carteira: o que posso fazer?<\/span><\/a><\/p>\n<p><b>Fale com o Dr. Pedro Carvalho!<\/b><\/p>\n<p><b>Clique no bot\u00e3o abaixo e obtenha a orienta\u00e7\u00e3o jur\u00eddica que voc\u00ea precisa para resolver suas quest\u00f5es com seguran\u00e7a e confian\u00e7a.\u00a0<\/b><\/p>\n<p><a href=\"https:\/\/carvalhoadvogado.aliamkt.com\/index.php\/2025\/05\/07\/processar-a-empresa-trabalhando-mito-ou-direito-seu\/\"><b>revers\u00e3o da demiss\u00e3o por justa causa.<\/b><\/a><\/p>\n<p><a href=\"https:\/\/wa.me\/5531975283687\"><b>Fale comigo agora mesmo<\/b><\/a><\/p>\n<p><b>Siga-nos na rede social, @pedroncarvalhoadv, e fique por dentro das \u00faltimas novidades!<\/b><\/p>\n","protected":false},"excerpt":{"rendered":"<p>Introdu\u00e7\u00e3o Voc\u00ea j\u00e1 trabalhou como vendedor de loja sem carteira assinada e ficou na d\u00favida se teria algum direito? Pois saiba que essa \u00e9 a realidade de milhares de trabalhadores no com\u00e9rcio brasileiro. Muitas vezes, a promessa \u00e9 de trabalho tempor\u00e1rio, como \u201cajudante\u201d ou \u201cfreelancer\u201d. No entanto, na pr\u00e1tica, o vendedor cumpre uma jornada fixa, [&hellip;]<\/p>\n","protected":false},"author":1,"featured_media":1155,"comment_status":"open","ping_status":"open","sticky":false,"template":"","format":"standard","meta":{"_joinchat":[],"footnotes":""},"categories":[6],"tags":[],"class_list":["post-1154","post","type-post","status-publish","format-standard","has-post-thumbnail","hentry","category-direito-trabalhista"],"yoast_head":"<!-- This site is optimized with the Yoast SEO plugin v27.5 - https:\/\/yoast.com\/product\/yoast-seo-wordpress\/ -->\n<title>Trabalhei como Vendedor de Loja sem Carteira Assinada: Quais Direitos Tenho? - Pedro Carvalho Advogado Trabalhista<\/title>\n<meta name=\"description\" content=\"Trabalhou como vendedor de loja sem carteira assinada? Descubra seus direitos e saiba como um advogado trabalhista pode te ajudar a receber tudo o que \u00e9 seu.\" \/>\n<meta name=\"robots\" content=\"index, follow, max-snippet:-1, max-image-preview:large, max-video-preview:-1\" \/>\n<link rel=\"canonical\" href=\"https:\/\/carvalhoadvogado.aliamkt.com\/index.php\/2025\/08\/23\/trabalhei-como-vendedor-de-loja-sem-carteira-assinada-quais-direitos-tenho\/\" \/>\n<meta property=\"og:locale\" content=\"pt_BR\" \/>\n<meta property=\"og:type\" content=\"article\" \/>\n<meta property=\"og:title\" content=\"Trabalhei como Vendedor de Loja sem Carteira Assinada: Quais Direitos Tenho? - Pedro Carvalho Advogado Trabalhista\" \/>\n<meta property=\"og:description\" content=\"Trabalhou como vendedor de loja sem carteira assinada? Descubra seus direitos e saiba como um advogado trabalhista pode te ajudar a receber tudo o que \u00e9 seu.\" \/>\n<meta property=\"og:url\" content=\"https:\/\/carvalhoadvogado.aliamkt.com\/index.php\/2025\/08\/23\/trabalhei-como-vendedor-de-loja-sem-carteira-assinada-quais-direitos-tenho\/\" \/>\n<meta property=\"og:site_name\" content=\"Pedro Carvalho Advogado Trabalhista\" \/>\n<meta property=\"article:published_time\" content=\"2025-08-23T12:14:18+00:00\" \/>\n<meta property=\"og:image\" content=\"https:\/\/carvalhoadvogado.aliamkt.com\/wp-content\/uploads\/2025\/08\/advogado-perto-de-mim-1.jpg\" \/>\n\t<meta property=\"og:image:width\" content=\"626\" \/>\n\t<meta property=\"og:image:height\" content=\"417\" \/>\n\t<meta property=\"og:image:type\" content=\"image\/jpeg\" \/>\n<meta name=\"author\" content=\"lailacarvalhoadv\" \/>\n<meta name=\"twitter:card\" content=\"summary_large_image\" \/>\n<meta name=\"twitter:label1\" content=\"Escrito por\" \/>\n\t<meta name=\"twitter:data1\" content=\"lailacarvalhoadv\" \/>\n\t<meta name=\"twitter:label2\" content=\"Est. tempo de leitura\" \/>\n\t<meta name=\"twitter:data2\" content=\"7 minutos\" \/>\n<script type=\"application\/ld+json\" class=\"yoast-schema-graph\">{\"@context\":\"https:\\\/\\\/schema.org\",\"@graph\":[{\"@type\":\"Article\",\"@id\":\"https:\\\/\\\/carvalhoadvogado.aliamkt.com\\\/index.php\\\/2025\\\/08\\\/23\\\/trabalhei-como-vendedor-de-loja-sem-carteira-assinada-quais-direitos-tenho\\\/#article\",\"isPartOf\":{\"@id\":\"https:\\\/\\\/carvalhoadvogado.aliamkt.com\\\/index.php\\\/2025\\\/08\\\/23\\\/trabalhei-como-vendedor-de-loja-sem-carteira-assinada-quais-direitos-tenho\\\/\"},\"author\":{\"name\":\"lailacarvalhoadv\",\"@id\":\"https:\\\/\\\/carvalhoadvogado.aliamkt.com\\\/#\\\/schema\\\/person\\\/8f4d67ba57d6160ee802836a319bd8eb\"},\"headline\":\"Trabalhei como Vendedor de Loja sem Carteira Assinada: Quais Direitos Tenho?\",\"datePublished\":\"2025-08-23T12:14:18+00:00\",\"mainEntityOfPage\":{\"@id\":\"https:\\\/\\\/carvalhoadvogado.aliamkt.com\\\/index.php\\\/2025\\\/08\\\/23\\\/trabalhei-como-vendedor-de-loja-sem-carteira-assinada-quais-direitos-tenho\\\/\"},\"wordCount\":1175,\"commentCount\":0,\"publisher\":{\"@id\":\"https:\\\/\\\/carvalhoadvogado.aliamkt.com\\\/#organization\"},\"image\":{\"@id\":\"https:\\\/\\\/carvalhoadvogado.aliamkt.com\\\/index.php\\\/2025\\\/08\\\/23\\\/trabalhei-como-vendedor-de-loja-sem-carteira-assinada-quais-direitos-tenho\\\/#primaryimage\"},\"thumbnailUrl\":\"https:\\\/\\\/carvalhoadvogado.aliamkt.com\\\/wp-content\\\/uploads\\\/2025\\\/08\\\/advogado-perto-de-mim-1.jpg\",\"articleSection\":[\"Direito Trabalhista\"],\"inLanguage\":\"pt-BR\",\"potentialAction\":[{\"@type\":\"CommentAction\",\"name\":\"Comment\",\"target\":[\"https:\\\/\\\/carvalhoadvogado.aliamkt.com\\\/index.php\\\/2025\\\/08\\\/23\\\/trabalhei-como-vendedor-de-loja-sem-carteira-assinada-quais-direitos-tenho\\\/#respond\"]}]},{\"@type\":\"WebPage\",\"@id\":\"https:\\\/\\\/carvalhoadvogado.aliamkt.com\\\/index.php\\\/2025\\\/08\\\/23\\\/trabalhei-como-vendedor-de-loja-sem-carteira-assinada-quais-direitos-tenho\\\/\",\"url\":\"https:\\\/\\\/carvalhoadvogado.aliamkt.com\\\/index.php\\\/2025\\\/08\\\/23\\\/trabalhei-como-vendedor-de-loja-sem-carteira-assinada-quais-direitos-tenho\\\/\",\"name\":\"Trabalhei como Vendedor de Loja sem Carteira Assinada: Quais Direitos Tenho? - Pedro Carvalho Advogado Trabalhista\",\"isPartOf\":{\"@id\":\"https:\\\/\\\/carvalhoadvogado.aliamkt.com\\\/#website\"},\"primaryImageOfPage\":{\"@id\":\"https:\\\/\\\/carvalhoadvogado.aliamkt.com\\\/index.php\\\/2025\\\/08\\\/23\\\/trabalhei-como-vendedor-de-loja-sem-carteira-assinada-quais-direitos-tenho\\\/#primaryimage\"},\"image\":{\"@id\":\"https:\\\/\\\/carvalhoadvogado.aliamkt.com\\\/index.php\\\/2025\\\/08\\\/23\\\/trabalhei-como-vendedor-de-loja-sem-carteira-assinada-quais-direitos-tenho\\\/#primaryimage\"},\"thumbnailUrl\":\"https:\\\/\\\/carvalhoadvogado.aliamkt.com\\\/wp-content\\\/uploads\\\/2025\\\/08\\\/advogado-perto-de-mim-1.jpg\",\"datePublished\":\"2025-08-23T12:14:18+00:00\",\"description\":\"Trabalhou como vendedor de loja sem carteira assinada? Descubra seus direitos e saiba como um advogado trabalhista pode te ajudar a receber tudo o que \u00e9 seu.\",\"breadcrumb\":{\"@id\":\"https:\\\/\\\/carvalhoadvogado.aliamkt.com\\\/index.php\\\/2025\\\/08\\\/23\\\/trabalhei-como-vendedor-de-loja-sem-carteira-assinada-quais-direitos-tenho\\\/#breadcrumb\"},\"inLanguage\":\"pt-BR\",\"potentialAction\":[{\"@type\":\"ReadAction\",\"target\":[\"https:\\\/\\\/carvalhoadvogado.aliamkt.com\\\/index.php\\\/2025\\\/08\\\/23\\\/trabalhei-como-vendedor-de-loja-sem-carteira-assinada-quais-direitos-tenho\\\/\"]}]},{\"@type\":\"ImageObject\",\"inLanguage\":\"pt-BR\",\"@id\":\"https:\\\/\\\/carvalhoadvogado.aliamkt.com\\\/index.php\\\/2025\\\/08\\\/23\\\/trabalhei-como-vendedor-de-loja-sem-carteira-assinada-quais-direitos-tenho\\\/#primaryimage\",\"url\":\"https:\\\/\\\/carvalhoadvogado.aliamkt.com\\\/wp-content\\\/uploads\\\/2025\\\/08\\\/advogado-perto-de-mim-1.jpg\",\"contentUrl\":\"https:\\\/\\\/carvalhoadvogado.aliamkt.com\\\/wp-content\\\/uploads\\\/2025\\\/08\\\/advogado-perto-de-mim-1.jpg\",\"width\":626,\"height\":417},{\"@type\":\"BreadcrumbList\",\"@id\":\"https:\\\/\\\/carvalhoadvogado.aliamkt.com\\\/index.php\\\/2025\\\/08\\\/23\\\/trabalhei-como-vendedor-de-loja-sem-carteira-assinada-quais-direitos-tenho\\\/#breadcrumb\",\"itemListElement\":[{\"@type\":\"ListItem\",\"position\":1,\"name\":\"In\u00edcio\",\"item\":\"https:\\\/\\\/carvalhoadvogado.aliamkt.com\\\/\"},{\"@type\":\"ListItem\",\"position\":2,\"name\":\"Trabalhei como Vendedor de Loja sem Carteira Assinada: Quais Direitos Tenho?\"}]},{\"@type\":\"WebSite\",\"@id\":\"https:\\\/\\\/carvalhoadvogado.aliamkt.com\\\/#website\",\"url\":\"https:\\\/\\\/carvalhoadvogado.aliamkt.com\\\/\",\"name\":\"Pedro Carvalho Advogado\",\"description\":\"Advogado Trabalhista\",\"publisher\":{\"@id\":\"https:\\\/\\\/carvalhoadvogado.aliamkt.com\\\/#organization\"},\"potentialAction\":[{\"@type\":\"SearchAction\",\"target\":{\"@type\":\"EntryPoint\",\"urlTemplate\":\"https:\\\/\\\/carvalhoadvogado.aliamkt.com\\\/?s={search_term_string}\"},\"query-input\":{\"@type\":\"PropertyValueSpecification\",\"valueRequired\":true,\"valueName\":\"search_term_string\"}}],\"inLanguage\":\"pt-BR\"},{\"@type\":\"Organization\",\"@id\":\"https:\\\/\\\/carvalhoadvogado.aliamkt.com\\\/#organization\",\"name\":\"Pedro Carvalho Advogado\",\"url\":\"https:\\\/\\\/carvalhoadvogado.aliamkt.com\\\/\",\"logo\":{\"@type\":\"ImageObject\",\"inLanguage\":\"pt-BR\",\"@id\":\"https:\\\/\\\/carvalhoadvogado.aliamkt.com\\\/#\\\/schema\\\/logo\\\/image\\\/\",\"url\":\"https:\\\/\\\/carvalhoadvogado.aliamkt.com\\\/wp-content\\\/uploads\\\/2024\\\/06\\\/Logo-azul.png\",\"contentUrl\":\"https:\\\/\\\/carvalhoadvogado.aliamkt.com\\\/wp-content\\\/uploads\\\/2024\\\/06\\\/Logo-azul.png\",\"width\":500,\"height\":500,\"caption\":\"Pedro Carvalho Advogado\"},\"image\":{\"@id\":\"https:\\\/\\\/carvalhoadvogado.aliamkt.com\\\/#\\\/schema\\\/logo\\\/image\\\/\"}},{\"@type\":\"Person\",\"@id\":\"https:\\\/\\\/carvalhoadvogado.aliamkt.com\\\/#\\\/schema\\\/person\\\/8f4d67ba57d6160ee802836a319bd8eb\",\"name\":\"lailacarvalhoadv\",\"image\":{\"@type\":\"ImageObject\",\"inLanguage\":\"pt-BR\",\"@id\":\"https:\\\/\\\/secure.gravatar.com\\\/avatar\\\/a60961139a792fb5ca701fab485f653a1b3cc37cf8dbd4937b4134105caf5369?s=96&d=mm&r=g\",\"url\":\"https:\\\/\\\/secure.gravatar.com\\\/avatar\\\/a60961139a792fb5ca701fab485f653a1b3cc37cf8dbd4937b4134105caf5369?s=96&d=mm&r=g\",\"contentUrl\":\"https:\\\/\\\/secure.gravatar.com\\\/avatar\\\/a60961139a792fb5ca701fab485f653a1b3cc37cf8dbd4937b4134105caf5369?s=96&d=mm&r=g\",\"caption\":\"lailacarvalhoadv\"},\"sameAs\":[\"https:\\\/\\\/carvalhoadvogado.aliamkt.com\"],\"url\":\"https:\\\/\\\/carvalhoadvogado.aliamkt.com\\\/index.php\\\/author\\\/lailacarvalhoadv\\\/\"}]}<\/script>\n<!-- \/ Yoast SEO plugin. -->","yoast_head_json":{"title":"Trabalhei como Vendedor de Loja sem Carteira Assinada: Quais Direitos Tenho? - Pedro Carvalho Advogado Trabalhista","description":"Trabalhou como vendedor de loja sem carteira assinada? Descubra seus direitos e saiba como um advogado trabalhista pode te ajudar a receber tudo o que \u00e9 seu.","robots":{"index":"index","follow":"follow","max-snippet":"max-snippet:-1","max-image-preview":"max-image-preview:large","max-video-preview":"max-video-preview:-1"},"canonical":"https:\/\/carvalhoadvogado.aliamkt.com\/index.php\/2025\/08\/23\/trabalhei-como-vendedor-de-loja-sem-carteira-assinada-quais-direitos-tenho\/","og_locale":"pt_BR","og_type":"article","og_title":"Trabalhei como Vendedor de Loja sem Carteira Assinada: Quais Direitos Tenho? - Pedro Carvalho Advogado Trabalhista","og_description":"Trabalhou como vendedor de loja sem carteira assinada? Descubra seus direitos e saiba como um advogado trabalhista pode te ajudar a receber tudo o que \u00e9 seu.","og_url":"https:\/\/carvalhoadvogado.aliamkt.com\/index.php\/2025\/08\/23\/trabalhei-como-vendedor-de-loja-sem-carteira-assinada-quais-direitos-tenho\/","og_site_name":"Pedro Carvalho Advogado Trabalhista","article_published_time":"2025-08-23T12:14:18+00:00","og_image":[{"width":626,"height":417,"url":"https:\/\/carvalhoadvogado.aliamkt.com\/wp-content\/uploads\/2025\/08\/advogado-perto-de-mim-1.jpg","type":"image\/jpeg"}],"author":"lailacarvalhoadv","twitter_card":"summary_large_image","twitter_misc":{"Escrito por":"lailacarvalhoadv","Est. tempo de leitura":"7 minutos"},"schema":{"@context":"https:\/\/schema.org","@graph":[{"@type":"Article","@id":"https:\/\/carvalhoadvogado.aliamkt.com\/index.php\/2025\/08\/23\/trabalhei-como-vendedor-de-loja-sem-carteira-assinada-quais-direitos-tenho\/#article","isPartOf":{"@id":"https:\/\/carvalhoadvogado.aliamkt.com\/index.php\/2025\/08\/23\/trabalhei-como-vendedor-de-loja-sem-carteira-assinada-quais-direitos-tenho\/"},"author":{"name":"lailacarvalhoadv","@id":"https:\/\/carvalhoadvogado.aliamkt.com\/#\/schema\/person\/8f4d67ba57d6160ee802836a319bd8eb"},"headline":"Trabalhei como Vendedor de Loja sem Carteira Assinada: Quais Direitos Tenho?","datePublished":"2025-08-23T12:14:18+00:00","mainEntityOfPage":{"@id":"https:\/\/carvalhoadvogado.aliamkt.com\/index.php\/2025\/08\/23\/trabalhei-como-vendedor-de-loja-sem-carteira-assinada-quais-direitos-tenho\/"},"wordCount":1175,"commentCount":0,"publisher":{"@id":"https:\/\/carvalhoadvogado.aliamkt.com\/#organization"},"image":{"@id":"https:\/\/carvalhoadvogado.aliamkt.com\/index.php\/2025\/08\/23\/trabalhei-como-vendedor-de-loja-sem-carteira-assinada-quais-direitos-tenho\/#primaryimage"},"thumbnailUrl":"https:\/\/carvalhoadvogado.aliamkt.com\/wp-content\/uploads\/2025\/08\/advogado-perto-de-mim-1.jpg","articleSection":["Direito Trabalhista"],"inLanguage":"pt-BR","potentialAction":[{"@type":"CommentAction","name":"Comment","target":["https:\/\/carvalhoadvogado.aliamkt.com\/index.php\/2025\/08\/23\/trabalhei-como-vendedor-de-loja-sem-carteira-assinada-quais-direitos-tenho\/#respond"]}]},{"@type":"WebPage","@id":"https:\/\/carvalhoadvogado.aliamkt.com\/index.php\/2025\/08\/23\/trabalhei-como-vendedor-de-loja-sem-carteira-assinada-quais-direitos-tenho\/","url":"https:\/\/carvalhoadvogado.aliamkt.com\/index.php\/2025\/08\/23\/trabalhei-como-vendedor-de-loja-sem-carteira-assinada-quais-direitos-tenho\/","name":"Trabalhei como Vendedor de Loja sem Carteira Assinada: Quais Direitos Tenho? - Pedro Carvalho Advogado Trabalhista","isPartOf":{"@id":"https:\/\/carvalhoadvogado.aliamkt.com\/#website"},"primaryImageOfPage":{"@id":"https:\/\/carvalhoadvogado.aliamkt.com\/index.php\/2025\/08\/23\/trabalhei-como-vendedor-de-loja-sem-carteira-assinada-quais-direitos-tenho\/#primaryimage"},"image":{"@id":"https:\/\/carvalhoadvogado.aliamkt.com\/index.php\/2025\/08\/23\/trabalhei-como-vendedor-de-loja-sem-carteira-assinada-quais-direitos-tenho\/#primaryimage"},"thumbnailUrl":"https:\/\/carvalhoadvogado.aliamkt.com\/wp-content\/uploads\/2025\/08\/advogado-perto-de-mim-1.jpg","datePublished":"2025-08-23T12:14:18+00:00","description":"Trabalhou como vendedor de loja sem carteira assinada? Descubra seus direitos e saiba como um advogado trabalhista pode te ajudar a receber tudo o que \u00e9 seu.","breadcrumb":{"@id":"https:\/\/carvalhoadvogado.aliamkt.com\/index.php\/2025\/08\/23\/trabalhei-como-vendedor-de-loja-sem-carteira-assinada-quais-direitos-tenho\/#breadcrumb"},"inLanguage":"pt-BR","potentialAction":[{"@type":"ReadAction","target":["https:\/\/carvalhoadvogado.aliamkt.com\/index.php\/2025\/08\/23\/trabalhei-como-vendedor-de-loja-sem-carteira-assinada-quais-direitos-tenho\/"]}]},{"@type":"ImageObject","inLanguage":"pt-BR","@id":"https:\/\/carvalhoadvogado.aliamkt.com\/index.php\/2025\/08\/23\/trabalhei-como-vendedor-de-loja-sem-carteira-assinada-quais-direitos-tenho\/#primaryimage","url":"https:\/\/carvalhoadvogado.aliamkt.com\/wp-content\/uploads\/2025\/08\/advogado-perto-de-mim-1.jpg","contentUrl":"https:\/\/carvalhoadvogado.aliamkt.com\/wp-content\/uploads\/2025\/08\/advogado-perto-de-mim-1.jpg","width":626,"height":417},{"@type":"BreadcrumbList","@id":"https:\/\/carvalhoadvogado.aliamkt.com\/index.php\/2025\/08\/23\/trabalhei-como-vendedor-de-loja-sem-carteira-assinada-quais-direitos-tenho\/#breadcrumb","itemListElement":[{"@type":"ListItem","position":1,"name":"In\u00edcio","item":"https:\/\/carvalhoadvogado.aliamkt.com\/"},{"@type":"ListItem","position":2,"name":"Trabalhei como Vendedor de Loja sem Carteira Assinada: Quais Direitos Tenho?"}]},{"@type":"WebSite","@id":"https:\/\/carvalhoadvogado.aliamkt.com\/#website","url":"https:\/\/carvalhoadvogado.aliamkt.com\/","name":"Pedro Carvalho Advogado","description":"Advogado Trabalhista","publisher":{"@id":"https:\/\/carvalhoadvogado.aliamkt.com\/#organization"},"potentialAction":[{"@type":"SearchAction","target":{"@type":"EntryPoint","urlTemplate":"https:\/\/carvalhoadvogado.aliamkt.com\/?s={search_term_string}"},"query-input":{"@type":"PropertyValueSpecification","valueRequired":true,"valueName":"search_term_string"}}],"inLanguage":"pt-BR"},{"@type":"Organization","@id":"https:\/\/carvalhoadvogado.aliamkt.com\/#organization","name":"Pedro Carvalho Advogado","url":"https:\/\/carvalhoadvogado.aliamkt.com\/","logo":{"@type":"ImageObject","inLanguage":"pt-BR","@id":"https:\/\/carvalhoadvogado.aliamkt.com\/#\/schema\/logo\/image\/","url":"https:\/\/carvalhoadvogado.aliamkt.com\/wp-content\/uploads\/2024\/06\/Logo-azul.png","contentUrl":"https:\/\/carvalhoadvogado.aliamkt.com\/wp-content\/uploads\/2024\/06\/Logo-azul.png","width":500,"height":500,"caption":"Pedro Carvalho Advogado"},"image":{"@id":"https:\/\/carvalhoadvogado.aliamkt.com\/#\/schema\/logo\/image\/"}},{"@type":"Person","@id":"https:\/\/carvalhoadvogado.aliamkt.com\/#\/schema\/person\/8f4d67ba57d6160ee802836a319bd8eb","name":"lailacarvalhoadv","image":{"@type":"ImageObject","inLanguage":"pt-BR","@id":"https:\/\/secure.gravatar.com\/avatar\/a60961139a792fb5ca701fab485f653a1b3cc37cf8dbd4937b4134105caf5369?s=96&d=mm&r=g","url":"https:\/\/secure.gravatar.com\/avatar\/a60961139a792fb5ca701fab485f653a1b3cc37cf8dbd4937b4134105caf5369?s=96&d=mm&r=g","contentUrl":"https:\/\/secure.gravatar.com\/avatar\/a60961139a792fb5ca701fab485f653a1b3cc37cf8dbd4937b4134105caf5369?s=96&d=mm&r=g","caption":"lailacarvalhoadv"},"sameAs":["https:\/\/carvalhoadvogado.aliamkt.com"],"url":"https:\/\/carvalhoadvogado.aliamkt.com\/index.php\/author\/lailacarvalhoadv\/"}]}},"_links":{"self":[{"href":"https:\/\/carvalhoadvogado.aliamkt.com\/index.php\/wp-json\/wp\/v2\/posts\/1154","targetHints":{"allow":["GET"]}}],"collection":[{"href":"https:\/\/carvalhoadvogado.aliamkt.com\/index.php\/wp-json\/wp\/v2\/posts"}],"about":[{"href":"https:\/\/carvalhoadvogado.aliamkt.com\/index.php\/wp-json\/wp\/v2\/types\/post"}],"author":[{"embeddable":true,"href":"https:\/\/carvalhoadvogado.aliamkt.com\/index.php\/wp-json\/wp\/v2\/users\/1"}],"replies":[{"embeddable":true,"href":"https:\/\/carvalhoadvogado.aliamkt.com\/index.php\/wp-json\/wp\/v2\/comments?post=1154"}],"version-history":[{"count":1,"href":"https:\/\/carvalhoadvogado.aliamkt.com\/index.php\/wp-json\/wp\/v2\/posts\/1154\/revisions"}],"predecessor-version":[{"id":1156,"href":"https:\/\/carvalhoadvogado.aliamkt.com\/index.php\/wp-json\/wp\/v2\/posts\/1154\/revisions\/1156"}],"wp:featuredmedia":[{"embeddable":true,"href":"https:\/\/carvalhoadvogado.aliamkt.com\/index.php\/wp-json\/wp\/v2\/media\/1155"}],"wp:attachment":[{"href":"https:\/\/carvalhoadvogado.aliamkt.com\/index.php\/wp-json\/wp\/v2\/media?parent=1154"}],"wp:term":[{"taxonomy":"category","embeddable":true,"href":"https:\/\/carvalhoadvogado.aliamkt.com\/index.php\/wp-json\/wp\/v2\/categories?post=1154"},{"taxonomy":"post_tag","embeddable":true,"href":"https:\/\/carvalhoadvogado.aliamkt.com\/index.php\/wp-json\/wp\/v2\/tags?post=1154"}],"curies":[{"name":"wp","href":"https:\/\/api.w.org\/{rel}","templated":true}]}}