{"id":1162,"date":"2025-08-25T16:13:28","date_gmt":"2025-08-25T19:13:28","guid":{"rendered":"https:\/\/carvalhoadvogado.aliamkt.com\/?p=1162"},"modified":"2025-08-25T16:13:28","modified_gmt":"2025-08-25T19:13:28","slug":"auxiliares-de-producao-e-fabrica-descubra-seus-direitos-e-nao-seja-prejudicado","status":"publish","type":"post","link":"https:\/\/carvalhoadvogado.aliamkt.com\/index.php\/2025\/08\/25\/auxiliares-de-producao-e-fabrica-descubra-seus-direitos-e-nao-seja-prejudicado\/","title":{"rendered":"Auxiliares de Produ\u00e7\u00e3o e F\u00e1brica: Descubra Seus Direitos e N\u00e3o Seja Prejudicado!"},"content":{"rendered":"<h2><b>Introdu\u00e7\u00e3o \u2013 Voc\u00ea Est\u00e1 Trabalhando Sem Carteira Assinada?<\/b><\/h2>\n<p><span style=\"font-weight: 400;\">Voc\u00ea j\u00e1 se perguntou se os <\/span><b>auxiliares de produ\u00e7\u00e3o em f\u00e1bricas<\/b><span style=\"font-weight: 400;\"> est\u00e3o realmente recebendo tudo o que t\u00eam direito? Talvez voc\u00ea mesmo esteja nessa situa\u00e7\u00e3o. A princ\u00edpio, aceitar um emprego sem registro pode parecer uma boa ideia, j\u00e1 que o dinheiro entra r\u00e1pido. Entretanto, com o passar do tempo, os problemas aparecem: falta de FGTS, f\u00e9rias, 13\u00ba e at\u00e9 dificuldades para se aposentar.<\/span><\/p>\n<p><span style=\"font-weight: 400;\">Por isso, neste guia completo, vamos esclarecer <\/span><b>quais s\u00e3o os direitos dos auxiliares de produ\u00e7\u00e3o<\/b><span style=\"font-weight: 400;\">, mostrar os riscos da informalidade e explicar como um advogado trabalhista pode mudar o rumo da sua hist\u00f3ria.<\/span><\/p>\n<h2><b>Quem \u00e9 o auxiliar de produ\u00e7\u00e3o e por que sua fun\u00e7\u00e3o \u00e9 t\u00e3o importante?<\/b><\/h2>\n<p><span style=\"font-weight: 400;\">Antes de tudo, precisamos entender que o auxiliar de produ\u00e7\u00e3o \u00e9 pe\u00e7a-chave em qualquer f\u00e1brica. Afinal, \u00e9 ele quem:<\/span><\/p>\n<ul>\n<li style=\"font-weight: 400;\" aria-level=\"1\"><span style=\"font-weight: 400;\">Abastece a linha de produ\u00e7\u00e3o;<\/span><span style=\"font-weight: 400;\">\n<p><\/span><\/li>\n<li style=\"font-weight: 400;\" aria-level=\"1\"><span style=\"font-weight: 400;\">Auxilia operadores de m\u00e1quinas;<\/span><span style=\"font-weight: 400;\">\n<p><\/span><\/li>\n<li style=\"font-weight: 400;\" aria-level=\"1\"><span style=\"font-weight: 400;\">Separa materiais;<\/span><span style=\"font-weight: 400;\">\n<p><\/span><\/li>\n<li style=\"font-weight: 400;\" aria-level=\"1\"><span style=\"font-weight: 400;\">Faz a organiza\u00e7\u00e3o do setor.<\/span><span style=\"font-weight: 400;\">\n<p><\/span><\/li>\n<\/ul>\n<p><span style=\"font-weight: 400;\">Ou seja, sem o auxiliar de produ\u00e7\u00e3o, dificilmente a f\u00e1brica conseguiria manter o ritmo de trabalho.<\/span><\/p>\n<h2><b>A dura realidade: por que tantos trabalham sem registro?<\/b><\/h2>\n<p><span style=\"font-weight: 400;\">Infelizmente, muitas f\u00e1bricas preferem manter seus auxiliares de produ\u00e7\u00e3o na informalidade. \u00c0s vezes, o patr\u00e3o at\u00e9 promete que vai registrar \u201cdaqui a alguns meses\u201d, mas isso raramente acontece.<\/span><\/p>\n<p><span style=\"font-weight: 400;\">E mais: outros empregadores optam por pagar apenas por produ\u00e7\u00e3o, como se o trabalhador fosse um prestador de servi\u00e7os. Entretanto, isso n\u00e3o \u00e9 correto. Se h\u00e1 subordina\u00e7\u00e3o, habitualidade e sal\u00e1rio, deve haver carteira assinada.<\/span><\/p>\n<h2><b>Como saber se existe v\u00ednculo de emprego?<\/b><\/h2>\n<p><span style=\"font-weight: 400;\">De modo geral, o v\u00ednculo de emprego fica configurado quando existem os seguintes elementos:<\/span><\/p>\n<ol>\n<li style=\"font-weight: 400;\" aria-level=\"1\"><b>Subordina\u00e7\u00e3o<\/b><span style=\"font-weight: 400;\"> \u2013 voc\u00ea recebe ordens e segue regras da empresa.<\/span><span style=\"font-weight: 400;\">\n<p><\/span><\/li>\n<li style=\"font-weight: 400;\" aria-level=\"1\"><b>Habitualidade<\/b><span style=\"font-weight: 400;\"> \u2013 trabalha todos os dias, em hor\u00e1rio definido.<\/span><span style=\"font-weight: 400;\">\n<p><\/span><\/li>\n<li style=\"font-weight: 400;\" aria-level=\"1\"><b>Pessoalidade<\/b><span style=\"font-weight: 400;\"> \u2013 n\u00e3o pode enviar outra pessoa no seu lugar.<\/span><span style=\"font-weight: 400;\">\n<p><\/span><\/li>\n<li style=\"font-weight: 400;\" aria-level=\"1\"><b>Onerosidade<\/b><span style=\"font-weight: 400;\"> \u2013 recebe dinheiro como contrapresta\u00e7\u00e3o do servi\u00e7o.<\/span><span style=\"font-weight: 400;\">\n<p><\/span><\/li>\n<\/ol>\n<p><span style=\"font-weight: 400;\">Portanto, se esses quatro pontos estiverem presentes, n\u00e3o h\u00e1 d\u00favidas: o auxiliar de produ\u00e7\u00e3o deve ter sua carteira assinada.<\/span><\/p>\n<h2><b>Carteira assinada: quais direitos o auxiliar de produ\u00e7\u00e3o garante?<\/b><\/h2>\n<p><span style=\"font-weight: 400;\">Assim que o contrato \u00e9 formalizado, o trabalhador passa a ter garantias como:<\/span><\/p>\n<ul>\n<li style=\"font-weight: 400;\" aria-level=\"1\"><span style=\"font-weight: 400;\">Sal\u00e1rio mensal fixo;<\/span><span style=\"font-weight: 400;\">\n<p><\/span><\/li>\n<li style=\"font-weight: 400;\" aria-level=\"1\"><span style=\"font-weight: 400;\">13\u00ba sal\u00e1rio;<\/span><span style=\"font-weight: 400;\">\n<p><\/span><\/li>\n<li style=\"font-weight: 400;\" aria-level=\"1\"><span style=\"font-weight: 400;\">F\u00e9rias remuneradas + adicional de 1\/3;<\/span><span style=\"font-weight: 400;\">\n<p><\/span><\/li>\n<li style=\"font-weight: 400;\" aria-level=\"1\"><span style=\"font-weight: 400;\">FGTS;<\/span><span style=\"font-weight: 400;\">\n<p><\/span><\/li>\n<li style=\"font-weight: 400;\" aria-level=\"1\"><span style=\"font-weight: 400;\">Contribui\u00e7\u00e3o para aposentadoria (INSS);<\/span><span style=\"font-weight: 400;\">\n<p><\/span><\/li>\n<li style=\"font-weight: 400;\" aria-level=\"1\"><span style=\"font-weight: 400;\">Seguro contra acidentes de trabalho;<\/span><span style=\"font-weight: 400;\">\n<p><\/span><\/li>\n<li style=\"font-weight: 400;\" aria-level=\"1\"><span style=\"font-weight: 400;\">Jornada de trabalho limitada.<\/span><span style=\"font-weight: 400;\">\n<p><\/span><\/li>\n<\/ul>\n<p><span style=\"font-weight: 400;\">Portanto, n\u00e3o \u00e9 apenas sobre receber um sal\u00e1rio, mas sim sobre ter seguran\u00e7a, estabilidade e futuro.<\/span><\/p>\n<h2><b>Jornada de trabalho e horas extras: saiba o que \u00e9 devido<\/b><\/h2>\n<p><span style=\"font-weight: 400;\">Al\u00e9m de todos esses direitos, \u00e9 essencial destacar que a jornada do auxiliar de produ\u00e7\u00e3o deve respeitar o limite de <\/span><b>44 horas semanais ou 8 horas por dia<\/b><span style=\"font-weight: 400;\">.<\/span><\/p>\n<p><span style=\"font-weight: 400;\">Contudo, se a empresa exigir mais tempo, \u00e9 obrigat\u00f3rio pagar <\/span><b>horas extras com adicional m\u00ednimo de 50%<\/b><span style=\"font-weight: 400;\">. Nos domingos e feriados, esse valor sobe para 100%.<\/span><\/p>\n<p><span style=\"font-weight: 400;\">Al\u00e9m disso, vale lembrar:<\/span><\/p>\n<ul>\n<li style=\"font-weight: 400;\" aria-level=\"1\"><span style=\"font-weight: 400;\">Jornadas acima de 6h exigem 1h de intervalo para almo\u00e7o;<\/span><span style=\"font-weight: 400;\">\n<p><\/span><\/li>\n<li style=\"font-weight: 400;\" aria-level=\"1\"><span style=\"font-weight: 400;\">Jornadas at\u00e9 6h garantem 15 minutos de pausa;<\/span><span style=\"font-weight: 400;\">\n<p><\/span><\/li>\n<li style=\"font-weight: 400;\" aria-level=\"1\"><span style=\"font-weight: 400;\">Deve haver 11h de descanso entre um dia e outro.<\/span><span style=\"font-weight: 400;\">\n<p><\/span><\/li>\n<\/ul>\n<h2><b>Por que trabalhar sem carteira assinada \u00e9 t\u00e3o arriscado?<\/b><\/h2>\n<p><span style=\"font-weight: 400;\">A princ\u00edpio, o trabalhador at\u00e9 pode pensar que est\u00e1 ganhando mais \u201cpor fora\u201d. Por\u00e9m, quando acontece um problema, tudo muda.<\/span><\/p>\n<p><span style=\"font-weight: 400;\">Imagine, por exemplo, sofrer um acidente em uma m\u00e1quina. Se estiver registrado, a empresa emite a CAT e o trabalhador recebe aux\u00edlio pelo INSS. Por outro lado, sem registro, quem paga a conta \u00e9 o pr\u00f3prio trabalhador.<\/span><\/p>\n<p>&nbsp;<\/p>\n<p><span style=\"font-weight: 400;\">Assim como acontece com motoboys e entregadores sem carteira assinada, os auxiliares de produ\u00e7\u00e3o tamb\u00e9m ficam totalmente desprotegidos em caso de acidente ou doen\u00e7a ocupacional. Se voc\u00ea quiser entender melhor essa realidade, recomendo a leitura do artigo <\/span><a href=\"https:\/\/carvalhoadvogado.aliamkt.com\/index.php\/2025\/08\/25\/motoboys-e-entregadores-quais-sao-seus-direitos-quando-trabalham-sem-carteira-assinada\/\"><span style=\"font-weight: 400;\">Motoboys e Entregadores: Quais S\u00e3o Seus Direitos Quando Trabalham sem Carteira Assinada?.<\/span><\/a><\/p>\n<h2><b>Acidente de trabalho: o que a empresa deve fazer<\/b><\/h2>\n<p><span style=\"font-weight: 400;\">Caso o auxiliar esteja registrado e sofra acidente, o empregador tem obriga\u00e7\u00f5es imediatas:<\/span><\/p>\n<ul>\n<li style=\"font-weight: 400;\" aria-level=\"1\"><span style=\"font-weight: 400;\">Emitir a <\/span><b>CAT<\/b><span style=\"font-weight: 400;\">;<\/span><span style=\"font-weight: 400;\">\n<p><\/span><\/li>\n<li style=\"font-weight: 400;\" aria-level=\"1\"><span style=\"font-weight: 400;\">Garantir atendimento m\u00e9dico;<\/span><span style=\"font-weight: 400;\">\n<p><\/span><\/li>\n<li style=\"font-weight: 400;\" aria-level=\"1\"><span style=\"font-weight: 400;\">Afastar o empregado, se necess\u00e1rio;<\/span><span style=\"font-weight: 400;\">\n<p><\/span><\/li>\n<li style=\"font-weight: 400;\" aria-level=\"1\"><span style=\"font-weight: 400;\">Manter a estabilidade de 12 meses ap\u00f3s o retorno.<\/span><span style=\"font-weight: 400;\">\n<p><\/span><\/li>\n<\/ul>\n<p><span style=\"font-weight: 400;\">Portanto, trabalhar sem carteira \u00e9 abrir m\u00e3o dessa prote\u00e7\u00e3o.<\/span><\/p>\n<h2><b>Adicionais que fazem diferen\u00e7a no bolso<\/b><\/h2>\n<p><span style=\"font-weight: 400;\">Outro detalhe importante \u00e9 que muitos auxiliares de produ\u00e7\u00e3o t\u00eam direito a adicionais, como:<\/span><\/p>\n<ul>\n<li style=\"font-weight: 400;\" aria-level=\"1\"><b>Insalubridade<\/b><span style=\"font-weight: 400;\">, quando expostos a agentes nocivos;<\/span><span style=\"font-weight: 400;\">\n<p><\/span><\/li>\n<li style=\"font-weight: 400;\" aria-level=\"1\"><b>Periculosidade<\/b><span style=\"font-weight: 400;\">, em contato com inflam\u00e1veis ou eletricidade;<\/span><span style=\"font-weight: 400;\">\n<p><\/span><\/li>\n<li style=\"font-weight: 400;\" aria-level=\"1\"><b>Adicional noturno<\/b><span style=\"font-weight: 400;\">, para quem trabalha entre 22h e 5h.<\/span><span style=\"font-weight: 400;\">\n<p><\/span><\/li>\n<\/ul>\n<p><span style=\"font-weight: 400;\">Assim, esses valores podem aumentar significativamente o sal\u00e1rio mensal.<\/span><\/p>\n<h2><b>Como comprovar o v\u00ednculo se n\u00e3o h\u00e1 registro?<\/b><\/h2>\n<p><span style=\"font-weight: 400;\">Muitos pensam que \u00e9 imposs\u00edvel comprovar, mas isso n\u00e3o \u00e9 verdade. Existem v\u00e1rias formas:<\/span><\/p>\n<ul>\n<li style=\"font-weight: 400;\" aria-level=\"1\"><span style=\"font-weight: 400;\">Prints de WhatsApp ou e-mails do empregador;<\/span><span style=\"font-weight: 400;\">\n<p><\/span><\/li>\n<li style=\"font-weight: 400;\" aria-level=\"1\"><span style=\"font-weight: 400;\">Testemunhas (colegas de trabalho ou at\u00e9 clientes);<\/span><span style=\"font-weight: 400;\">\n<p><\/span><\/li>\n<li style=\"font-weight: 400;\" aria-level=\"1\"><span style=\"font-weight: 400;\">Recibos, PIX ou comprovantes de pagamento;<\/span><span style=\"font-weight: 400;\">\n<p><\/span><\/li>\n<li style=\"font-weight: 400;\" aria-level=\"1\"><span style=\"font-weight: 400;\">Fotos e v\u00eddeos do ambiente de trabalho;<\/span><span style=\"font-weight: 400;\">\n<p><\/span><\/li>\n<li style=\"font-weight: 400;\" aria-level=\"1\"><span style=\"font-weight: 400;\">Uniformes e crach\u00e1s.<\/span><span style=\"font-weight: 400;\">\n<p><\/span><\/li>\n<\/ul>\n<p><span style=\"font-weight: 400;\">Portanto, mesmo sem carteira assinada, \u00e9 poss\u00edvel entrar na Justi\u00e7a e garantir seus direitos.<\/span><\/p>\n<h2><b>Por que algumas f\u00e1bricas se recusam a registrar auxiliares?<\/b><\/h2>\n<p><span style=\"font-weight: 400;\">A resposta \u00e9 bem simples: <\/span><b>reduzir custos<\/b><span style=\"font-weight: 400;\">.<\/span><span style=\"font-weight: 400;\"><br \/>\n<\/span><span style=\"font-weight: 400;\"> Sem registro, o patr\u00e3o n\u00e3o paga FGTS, f\u00e9rias, 13\u00ba ou INSS. Contudo, essa pr\u00e1tica \u00e9 ilegal e configura fraude trabalhista.<\/span><\/p>\n<h2><b>Como um advogado trabalhista pode mudar sua situa\u00e7\u00e3o<\/b><\/h2>\n<p><span style=\"font-weight: 400;\">Diante desse cen\u00e1rio, contar com um advogado trabalhista \u00e9 essencial. Afinal, ele pode:<\/span><\/p>\n<ul>\n<li style=\"font-weight: 400;\" aria-level=\"1\"><span style=\"font-weight: 400;\">Calcular todos os valores n\u00e3o pagos;<\/span><span style=\"font-weight: 400;\">\n<p><\/span><\/li>\n<li style=\"font-weight: 400;\" aria-level=\"1\"><span style=\"font-weight: 400;\">Ingressar com a\u00e7\u00e3o para reconhecimento do v\u00ednculo;<\/span><span style=\"font-weight: 400;\">\n<p><\/span><\/li>\n<li style=\"font-weight: 400;\" aria-level=\"1\"><span style=\"font-weight: 400;\">Pleitear indeniza\u00e7\u00e3o por acidente de trabalho;<\/span><span style=\"font-weight: 400;\">\n<p><\/span><\/li>\n<li style=\"font-weight: 400;\" aria-level=\"1\"><span style=\"font-weight: 400;\">Solicitar pagamento de adicionais e horas extras;<\/span><span style=\"font-weight: 400;\">\n<p><\/span><\/li>\n<li style=\"font-weight: 400;\" aria-level=\"1\"><span style=\"font-weight: 400;\">Recuperar FGTS e f\u00e9rias de todo o per\u00edodo.<\/span><span style=\"font-weight: 400;\">\n<p><\/span><\/li>\n<\/ul>\n<h2><b>Advocacia trabalhista em Contagem e Minas Gerais: por que buscar ajuda?<\/b><\/h2>\n<p><span style=\"font-weight: 400;\">Em cidades como <\/span><b>Contagem e outras de Minas Gerais<\/b><span style=\"font-weight: 400;\">, muitos auxiliares de produ\u00e7\u00e3o j\u00e1 entraram na Justi\u00e7a e recuperaram valores significativos.<\/span><span style=\"font-weight: 400;\"><br \/>\n<\/span><span style=\"font-weight: 400;\"> Al\u00e9m disso, v\u00e1rios escrit\u00f3rios atuam de forma especializada, oferecendo atendimento r\u00e1pido e at\u00e9 online, o que facilita bastante.<\/span><\/p>\n<h2><b>Vale mesmo a pena entrar com a\u00e7\u00e3o trabalhista?<\/b><\/h2>\n<p><span style=\"font-weight: 400;\">Muita gente fica na d\u00favida, mas a resposta \u00e9 sim.<\/span><span style=\"font-weight: 400;\"><br \/>\n<\/span><span style=\"font-weight: 400;\"> Embora o processo possa demorar alguns meses, os valores s\u00e3o corrigidos com juros e podem transformar sua vida financeira.<\/span><\/p>\n<h2><b>Conclus\u00e3o \u2013 Informa\u00e7\u00e3o \u00e9 sua melhor ferramenta<\/b><\/h2>\n<p><span style=\"font-weight: 400;\">Trabalhar como <\/span><b>auxiliar de produ\u00e7\u00e3o sem carteira assinada<\/b><span style=\"font-weight: 400;\"> pode at\u00e9 parecer simples no in\u00edcio, mas, com o tempo, se revela um grande risco. Por isso, conhecer seus direitos \u00e9 o primeiro passo para n\u00e3o ser prejudicado.<\/span><\/p>\n<p><span style=\"font-weight: 400;\">\ud83d\udc49 Se voc\u00ea est\u00e1 nessa situa\u00e7\u00e3o, n\u00e3o espere mais. Procure um <\/span><b>advogado trabalhista em Contagem ou Minas Gerais<\/b><span style=\"font-weight: 400;\"> e lute para garantir tudo o que \u00e9 seu por direito.<\/span><\/p>\n<h2><b>FAQs \u2013 Perguntas mais comuns<\/b><\/h2>\n<ol>\n<li><b> Trabalho como auxiliar de produ\u00e7\u00e3o sem registro. Tenho direito a FGTS?<\/b><b><br \/>\n<\/b><span style=\"font-weight: 400;\"> Sim. Se houver v\u00ednculo reconhecido, o juiz manda recalcular todo o per\u00edodo.<\/span><\/li>\n<li><b> Posso pedir adicional de insalubridade?<\/b><b><br \/>\n<\/b><span style=\"font-weight: 400;\"> Pode, desde que fique comprovada a exposi\u00e7\u00e3o a agentes nocivos.<\/span><\/li>\n<li><b> Fui demitido sem carteira assinada. O que posso fazer?<\/b><b><br \/>\n<\/b><span style=\"font-weight: 400;\"> Voc\u00ea pode pedir rescis\u00e3o indireta e receber todas as verbas como se estivesse registrado.<\/span><\/li>\n<li><b> Recebo apenas por produ\u00e7\u00e3o. Isso \u00e9 legal?<\/b><b><br \/>\n<\/b><span style=\"font-weight: 400;\"> N\u00e3o. Essa pr\u00e1tica \u00e9 fraude trabalhista.<\/span><\/li>\n<li><b> Preciso de testemunhas para entrar com a\u00e7\u00e3o?<\/b><b><br \/>\n<\/b><span style=\"font-weight: 400;\"> N\u00e3o necessariamente, mas elas fortalecem bastante o processo.<\/span><\/li>\n<\/ol>\n<p>&nbsp;<\/p>\n<p><b>Fale com o Dr. Pedro Carvalho!<\/b><\/p>\n<p><b>Clique no bot\u00e3o abaixo e obtenha a orienta\u00e7\u00e3o jur\u00eddica que voc\u00ea precisa para resolver suas quest\u00f5es com seguran\u00e7a e confian\u00e7a.\u00a0<\/b><\/p>\n<p><a href=\"https:\/\/carvalhoadvogado.aliamkt.com\/index.php\/2025\/05\/07\/processar-a-empresa-trabalhando-mito-ou-direito-seu\/\"><b>revers\u00e3o da demiss\u00e3o por justa causa.<\/b><\/a><\/p>\n<p><a href=\"https:\/\/wa.me\/5531975283687\"><b>Fale comigo agora mesmo<\/b><\/a><\/p>\n<p><b>Siga-nos na rede social, @pedroncarvalhoadv, e fique por dentro das \u00faltimas novidades!<\/b><\/p>\n","protected":false},"excerpt":{"rendered":"<p>Introdu\u00e7\u00e3o \u2013 Voc\u00ea Est\u00e1 Trabalhando Sem Carteira Assinada? Voc\u00ea j\u00e1 se perguntou se os auxiliares de produ\u00e7\u00e3o em f\u00e1bricas est\u00e3o realmente recebendo tudo o que t\u00eam direito? Talvez voc\u00ea mesmo esteja nessa situa\u00e7\u00e3o. A princ\u00edpio, aceitar um emprego sem registro pode parecer uma boa ideia, j\u00e1 que o dinheiro entra r\u00e1pido. Entretanto, com o passar [&hellip;]<\/p>\n","protected":false},"author":1,"featured_media":1163,"comment_status":"open","ping_status":"open","sticky":false,"template":"","format":"standard","meta":{"_joinchat":[],"footnotes":""},"categories":[6],"tags":[],"class_list":["post-1162","post","type-post","status-publish","format-standard","has-post-thumbnail","hentry","category-direito-trabalhista"],"yoast_head":"<!-- This site is optimized with the Yoast SEO plugin v27.5 - https:\/\/yoast.com\/product\/yoast-seo-wordpress\/ -->\n<title>Auxiliares de Produ\u00e7\u00e3o e F\u00e1brica: Descubra Seus Direitos e N\u00e3o Seja Prejudicado! - Pedro Carvalho Advogado Trabalhista<\/title>\n<meta name=\"description\" content=\"Voc\u00ea trabalha como auxiliar de produ\u00e7\u00e3o em f\u00e1brica sem carteira assinada? Descubra agora seus direitos trabalhistas, os riscos da informalidade e como um advogado trabalhista pode te ajudar a recuperar FGTS, f\u00e9rias, 13\u00ba e muito mais.\" \/>\n<meta name=\"robots\" content=\"index, follow, max-snippet:-1, max-image-preview:large, max-video-preview:-1\" \/>\n<link rel=\"canonical\" href=\"https:\/\/carvalhoadvogado.aliamkt.com\/index.php\/2025\/08\/25\/auxiliares-de-producao-e-fabrica-descubra-seus-direitos-e-nao-seja-prejudicado\/\" \/>\n<meta property=\"og:locale\" content=\"pt_BR\" \/>\n<meta property=\"og:type\" content=\"article\" \/>\n<meta property=\"og:title\" content=\"Auxiliares de Produ\u00e7\u00e3o e F\u00e1brica: Descubra Seus Direitos e N\u00e3o Seja Prejudicado! - Pedro Carvalho Advogado Trabalhista\" \/>\n<meta property=\"og:description\" content=\"Voc\u00ea trabalha como auxiliar de produ\u00e7\u00e3o em f\u00e1brica sem carteira assinada? Descubra agora seus direitos trabalhistas, os riscos da informalidade e como um advogado trabalhista pode te ajudar a recuperar FGTS, f\u00e9rias, 13\u00ba e muito mais.\" \/>\n<meta property=\"og:url\" content=\"https:\/\/carvalhoadvogado.aliamkt.com\/index.php\/2025\/08\/25\/auxiliares-de-producao-e-fabrica-descubra-seus-direitos-e-nao-seja-prejudicado\/\" \/>\n<meta property=\"og:site_name\" content=\"Pedro Carvalho Advogado Trabalhista\" \/>\n<meta property=\"article:published_time\" content=\"2025-08-25T19:13:28+00:00\" \/>\n<meta property=\"og:image\" content=\"https:\/\/carvalhoadvogado.aliamkt.com\/wp-content\/uploads\/2025\/08\/advogado-trabalhista-online-3.jpg\" \/>\n\t<meta property=\"og:image:width\" content=\"735\" \/>\n\t<meta property=\"og:image:height\" content=\"476\" \/>\n\t<meta property=\"og:image:type\" content=\"image\/jpeg\" \/>\n<meta name=\"author\" content=\"lailacarvalhoadv\" \/>\n<meta name=\"twitter:card\" content=\"summary_large_image\" \/>\n<meta name=\"twitter:label1\" content=\"Escrito por\" \/>\n\t<meta name=\"twitter:data1\" content=\"lailacarvalhoadv\" \/>\n\t<meta name=\"twitter:label2\" content=\"Est. tempo de leitura\" \/>\n\t<meta name=\"twitter:data2\" content=\"7 minutos\" \/>\n<script type=\"application\/ld+json\" class=\"yoast-schema-graph\">{\"@context\":\"https:\\\/\\\/schema.org\",\"@graph\":[{\"@type\":\"Article\",\"@id\":\"https:\\\/\\\/carvalhoadvogado.aliamkt.com\\\/index.php\\\/2025\\\/08\\\/25\\\/auxiliares-de-producao-e-fabrica-descubra-seus-direitos-e-nao-seja-prejudicado\\\/#article\",\"isPartOf\":{\"@id\":\"https:\\\/\\\/carvalhoadvogado.aliamkt.com\\\/index.php\\\/2025\\\/08\\\/25\\\/auxiliares-de-producao-e-fabrica-descubra-seus-direitos-e-nao-seja-prejudicado\\\/\"},\"author\":{\"name\":\"lailacarvalhoadv\",\"@id\":\"https:\\\/\\\/carvalhoadvogado.aliamkt.com\\\/#\\\/schema\\\/person\\\/8f4d67ba57d6160ee802836a319bd8eb\"},\"headline\":\"Auxiliares de Produ\u00e7\u00e3o e F\u00e1brica: Descubra Seus Direitos e N\u00e3o Seja Prejudicado!\",\"datePublished\":\"2025-08-25T19:13:28+00:00\",\"mainEntityOfPage\":{\"@id\":\"https:\\\/\\\/carvalhoadvogado.aliamkt.com\\\/index.php\\\/2025\\\/08\\\/25\\\/auxiliares-de-producao-e-fabrica-descubra-seus-direitos-e-nao-seja-prejudicado\\\/\"},\"wordCount\":1256,\"commentCount\":0,\"publisher\":{\"@id\":\"https:\\\/\\\/carvalhoadvogado.aliamkt.com\\\/#organization\"},\"image\":{\"@id\":\"https:\\\/\\\/carvalhoadvogado.aliamkt.com\\\/index.php\\\/2025\\\/08\\\/25\\\/auxiliares-de-producao-e-fabrica-descubra-seus-direitos-e-nao-seja-prejudicado\\\/#primaryimage\"},\"thumbnailUrl\":\"https:\\\/\\\/carvalhoadvogado.aliamkt.com\\\/wp-content\\\/uploads\\\/2025\\\/08\\\/advogado-trabalhista-online-3.jpg\",\"articleSection\":[\"Direito Trabalhista\"],\"inLanguage\":\"pt-BR\",\"potentialAction\":[{\"@type\":\"CommentAction\",\"name\":\"Comment\",\"target\":[\"https:\\\/\\\/carvalhoadvogado.aliamkt.com\\\/index.php\\\/2025\\\/08\\\/25\\\/auxiliares-de-producao-e-fabrica-descubra-seus-direitos-e-nao-seja-prejudicado\\\/#respond\"]}]},{\"@type\":\"WebPage\",\"@id\":\"https:\\\/\\\/carvalhoadvogado.aliamkt.com\\\/index.php\\\/2025\\\/08\\\/25\\\/auxiliares-de-producao-e-fabrica-descubra-seus-direitos-e-nao-seja-prejudicado\\\/\",\"url\":\"https:\\\/\\\/carvalhoadvogado.aliamkt.com\\\/index.php\\\/2025\\\/08\\\/25\\\/auxiliares-de-producao-e-fabrica-descubra-seus-direitos-e-nao-seja-prejudicado\\\/\",\"name\":\"Auxiliares de Produ\u00e7\u00e3o e F\u00e1brica: Descubra Seus Direitos e N\u00e3o Seja Prejudicado! - Pedro Carvalho Advogado Trabalhista\",\"isPartOf\":{\"@id\":\"https:\\\/\\\/carvalhoadvogado.aliamkt.com\\\/#website\"},\"primaryImageOfPage\":{\"@id\":\"https:\\\/\\\/carvalhoadvogado.aliamkt.com\\\/index.php\\\/2025\\\/08\\\/25\\\/auxiliares-de-producao-e-fabrica-descubra-seus-direitos-e-nao-seja-prejudicado\\\/#primaryimage\"},\"image\":{\"@id\":\"https:\\\/\\\/carvalhoadvogado.aliamkt.com\\\/index.php\\\/2025\\\/08\\\/25\\\/auxiliares-de-producao-e-fabrica-descubra-seus-direitos-e-nao-seja-prejudicado\\\/#primaryimage\"},\"thumbnailUrl\":\"https:\\\/\\\/carvalhoadvogado.aliamkt.com\\\/wp-content\\\/uploads\\\/2025\\\/08\\\/advogado-trabalhista-online-3.jpg\",\"datePublished\":\"2025-08-25T19:13:28+00:00\",\"description\":\"Voc\u00ea trabalha como auxiliar de produ\u00e7\u00e3o em f\u00e1brica sem carteira assinada? Descubra agora seus direitos trabalhistas, os riscos da informalidade e como um advogado trabalhista pode te ajudar a recuperar FGTS, f\u00e9rias, 13\u00ba e muito mais.\",\"breadcrumb\":{\"@id\":\"https:\\\/\\\/carvalhoadvogado.aliamkt.com\\\/index.php\\\/2025\\\/08\\\/25\\\/auxiliares-de-producao-e-fabrica-descubra-seus-direitos-e-nao-seja-prejudicado\\\/#breadcrumb\"},\"inLanguage\":\"pt-BR\",\"potentialAction\":[{\"@type\":\"ReadAction\",\"target\":[\"https:\\\/\\\/carvalhoadvogado.aliamkt.com\\\/index.php\\\/2025\\\/08\\\/25\\\/auxiliares-de-producao-e-fabrica-descubra-seus-direitos-e-nao-seja-prejudicado\\\/\"]}]},{\"@type\":\"ImageObject\",\"inLanguage\":\"pt-BR\",\"@id\":\"https:\\\/\\\/carvalhoadvogado.aliamkt.com\\\/index.php\\\/2025\\\/08\\\/25\\\/auxiliares-de-producao-e-fabrica-descubra-seus-direitos-e-nao-seja-prejudicado\\\/#primaryimage\",\"url\":\"https:\\\/\\\/carvalhoadvogado.aliamkt.com\\\/wp-content\\\/uploads\\\/2025\\\/08\\\/advogado-trabalhista-online-3.jpg\",\"contentUrl\":\"https:\\\/\\\/carvalhoadvogado.aliamkt.com\\\/wp-content\\\/uploads\\\/2025\\\/08\\\/advogado-trabalhista-online-3.jpg\",\"width\":735,\"height\":476},{\"@type\":\"BreadcrumbList\",\"@id\":\"https:\\\/\\\/carvalhoadvogado.aliamkt.com\\\/index.php\\\/2025\\\/08\\\/25\\\/auxiliares-de-producao-e-fabrica-descubra-seus-direitos-e-nao-seja-prejudicado\\\/#breadcrumb\",\"itemListElement\":[{\"@type\":\"ListItem\",\"position\":1,\"name\":\"In\u00edcio\",\"item\":\"https:\\\/\\\/carvalhoadvogado.aliamkt.com\\\/\"},{\"@type\":\"ListItem\",\"position\":2,\"name\":\"Auxiliares de Produ\u00e7\u00e3o e F\u00e1brica: Descubra Seus Direitos e N\u00e3o Seja Prejudicado!\"}]},{\"@type\":\"WebSite\",\"@id\":\"https:\\\/\\\/carvalhoadvogado.aliamkt.com\\\/#website\",\"url\":\"https:\\\/\\\/carvalhoadvogado.aliamkt.com\\\/\",\"name\":\"Pedro Carvalho Advogado\",\"description\":\"Advogado Trabalhista\",\"publisher\":{\"@id\":\"https:\\\/\\\/carvalhoadvogado.aliamkt.com\\\/#organization\"},\"potentialAction\":[{\"@type\":\"SearchAction\",\"target\":{\"@type\":\"EntryPoint\",\"urlTemplate\":\"https:\\\/\\\/carvalhoadvogado.aliamkt.com\\\/?s={search_term_string}\"},\"query-input\":{\"@type\":\"PropertyValueSpecification\",\"valueRequired\":true,\"valueName\":\"search_term_string\"}}],\"inLanguage\":\"pt-BR\"},{\"@type\":\"Organization\",\"@id\":\"https:\\\/\\\/carvalhoadvogado.aliamkt.com\\\/#organization\",\"name\":\"Pedro Carvalho Advogado\",\"url\":\"https:\\\/\\\/carvalhoadvogado.aliamkt.com\\\/\",\"logo\":{\"@type\":\"ImageObject\",\"inLanguage\":\"pt-BR\",\"@id\":\"https:\\\/\\\/carvalhoadvogado.aliamkt.com\\\/#\\\/schema\\\/logo\\\/image\\\/\",\"url\":\"https:\\\/\\\/carvalhoadvogado.aliamkt.com\\\/wp-content\\\/uploads\\\/2024\\\/06\\\/Logo-azul.png\",\"contentUrl\":\"https:\\\/\\\/carvalhoadvogado.aliamkt.com\\\/wp-content\\\/uploads\\\/2024\\\/06\\\/Logo-azul.png\",\"width\":500,\"height\":500,\"caption\":\"Pedro Carvalho Advogado\"},\"image\":{\"@id\":\"https:\\\/\\\/carvalhoadvogado.aliamkt.com\\\/#\\\/schema\\\/logo\\\/image\\\/\"}},{\"@type\":\"Person\",\"@id\":\"https:\\\/\\\/carvalhoadvogado.aliamkt.com\\\/#\\\/schema\\\/person\\\/8f4d67ba57d6160ee802836a319bd8eb\",\"name\":\"lailacarvalhoadv\",\"image\":{\"@type\":\"ImageObject\",\"inLanguage\":\"pt-BR\",\"@id\":\"https:\\\/\\\/secure.gravatar.com\\\/avatar\\\/a60961139a792fb5ca701fab485f653a1b3cc37cf8dbd4937b4134105caf5369?s=96&d=mm&r=g\",\"url\":\"https:\\\/\\\/secure.gravatar.com\\\/avatar\\\/a60961139a792fb5ca701fab485f653a1b3cc37cf8dbd4937b4134105caf5369?s=96&d=mm&r=g\",\"contentUrl\":\"https:\\\/\\\/secure.gravatar.com\\\/avatar\\\/a60961139a792fb5ca701fab485f653a1b3cc37cf8dbd4937b4134105caf5369?s=96&d=mm&r=g\",\"caption\":\"lailacarvalhoadv\"},\"sameAs\":[\"https:\\\/\\\/carvalhoadvogado.aliamkt.com\"],\"url\":\"https:\\\/\\\/carvalhoadvogado.aliamkt.com\\\/index.php\\\/author\\\/lailacarvalhoadv\\\/\"}]}<\/script>\n<!-- \/ Yoast SEO plugin. -->","yoast_head_json":{"title":"Auxiliares de Produ\u00e7\u00e3o e F\u00e1brica: Descubra Seus Direitos e N\u00e3o Seja Prejudicado! - Pedro Carvalho Advogado Trabalhista","description":"Voc\u00ea trabalha como auxiliar de produ\u00e7\u00e3o em f\u00e1brica sem carteira assinada? Descubra agora seus direitos trabalhistas, os riscos da informalidade e como um advogado trabalhista pode te ajudar a recuperar FGTS, f\u00e9rias, 13\u00ba e muito mais.","robots":{"index":"index","follow":"follow","max-snippet":"max-snippet:-1","max-image-preview":"max-image-preview:large","max-video-preview":"max-video-preview:-1"},"canonical":"https:\/\/carvalhoadvogado.aliamkt.com\/index.php\/2025\/08\/25\/auxiliares-de-producao-e-fabrica-descubra-seus-direitos-e-nao-seja-prejudicado\/","og_locale":"pt_BR","og_type":"article","og_title":"Auxiliares de Produ\u00e7\u00e3o e F\u00e1brica: Descubra Seus Direitos e N\u00e3o Seja Prejudicado! - Pedro Carvalho Advogado Trabalhista","og_description":"Voc\u00ea trabalha como auxiliar de produ\u00e7\u00e3o em f\u00e1brica sem carteira assinada? Descubra agora seus direitos trabalhistas, os riscos da informalidade e como um advogado trabalhista pode te ajudar a recuperar FGTS, f\u00e9rias, 13\u00ba e muito mais.","og_url":"https:\/\/carvalhoadvogado.aliamkt.com\/index.php\/2025\/08\/25\/auxiliares-de-producao-e-fabrica-descubra-seus-direitos-e-nao-seja-prejudicado\/","og_site_name":"Pedro Carvalho Advogado Trabalhista","article_published_time":"2025-08-25T19:13:28+00:00","og_image":[{"width":735,"height":476,"url":"https:\/\/carvalhoadvogado.aliamkt.com\/wp-content\/uploads\/2025\/08\/advogado-trabalhista-online-3.jpg","type":"image\/jpeg"}],"author":"lailacarvalhoadv","twitter_card":"summary_large_image","twitter_misc":{"Escrito por":"lailacarvalhoadv","Est. tempo de leitura":"7 minutos"},"schema":{"@context":"https:\/\/schema.org","@graph":[{"@type":"Article","@id":"https:\/\/carvalhoadvogado.aliamkt.com\/index.php\/2025\/08\/25\/auxiliares-de-producao-e-fabrica-descubra-seus-direitos-e-nao-seja-prejudicado\/#article","isPartOf":{"@id":"https:\/\/carvalhoadvogado.aliamkt.com\/index.php\/2025\/08\/25\/auxiliares-de-producao-e-fabrica-descubra-seus-direitos-e-nao-seja-prejudicado\/"},"author":{"name":"lailacarvalhoadv","@id":"https:\/\/carvalhoadvogado.aliamkt.com\/#\/schema\/person\/8f4d67ba57d6160ee802836a319bd8eb"},"headline":"Auxiliares de Produ\u00e7\u00e3o e F\u00e1brica: Descubra Seus Direitos e N\u00e3o Seja Prejudicado!","datePublished":"2025-08-25T19:13:28+00:00","mainEntityOfPage":{"@id":"https:\/\/carvalhoadvogado.aliamkt.com\/index.php\/2025\/08\/25\/auxiliares-de-producao-e-fabrica-descubra-seus-direitos-e-nao-seja-prejudicado\/"},"wordCount":1256,"commentCount":0,"publisher":{"@id":"https:\/\/carvalhoadvogado.aliamkt.com\/#organization"},"image":{"@id":"https:\/\/carvalhoadvogado.aliamkt.com\/index.php\/2025\/08\/25\/auxiliares-de-producao-e-fabrica-descubra-seus-direitos-e-nao-seja-prejudicado\/#primaryimage"},"thumbnailUrl":"https:\/\/carvalhoadvogado.aliamkt.com\/wp-content\/uploads\/2025\/08\/advogado-trabalhista-online-3.jpg","articleSection":["Direito Trabalhista"],"inLanguage":"pt-BR","potentialAction":[{"@type":"CommentAction","name":"Comment","target":["https:\/\/carvalhoadvogado.aliamkt.com\/index.php\/2025\/08\/25\/auxiliares-de-producao-e-fabrica-descubra-seus-direitos-e-nao-seja-prejudicado\/#respond"]}]},{"@type":"WebPage","@id":"https:\/\/carvalhoadvogado.aliamkt.com\/index.php\/2025\/08\/25\/auxiliares-de-producao-e-fabrica-descubra-seus-direitos-e-nao-seja-prejudicado\/","url":"https:\/\/carvalhoadvogado.aliamkt.com\/index.php\/2025\/08\/25\/auxiliares-de-producao-e-fabrica-descubra-seus-direitos-e-nao-seja-prejudicado\/","name":"Auxiliares de Produ\u00e7\u00e3o e F\u00e1brica: Descubra Seus Direitos e N\u00e3o Seja Prejudicado! - Pedro Carvalho Advogado Trabalhista","isPartOf":{"@id":"https:\/\/carvalhoadvogado.aliamkt.com\/#website"},"primaryImageOfPage":{"@id":"https:\/\/carvalhoadvogado.aliamkt.com\/index.php\/2025\/08\/25\/auxiliares-de-producao-e-fabrica-descubra-seus-direitos-e-nao-seja-prejudicado\/#primaryimage"},"image":{"@id":"https:\/\/carvalhoadvogado.aliamkt.com\/index.php\/2025\/08\/25\/auxiliares-de-producao-e-fabrica-descubra-seus-direitos-e-nao-seja-prejudicado\/#primaryimage"},"thumbnailUrl":"https:\/\/carvalhoadvogado.aliamkt.com\/wp-content\/uploads\/2025\/08\/advogado-trabalhista-online-3.jpg","datePublished":"2025-08-25T19:13:28+00:00","description":"Voc\u00ea trabalha como auxiliar de produ\u00e7\u00e3o em f\u00e1brica sem carteira assinada? Descubra agora seus direitos trabalhistas, os riscos da informalidade e como um advogado trabalhista pode te ajudar a recuperar FGTS, f\u00e9rias, 13\u00ba e muito mais.","breadcrumb":{"@id":"https:\/\/carvalhoadvogado.aliamkt.com\/index.php\/2025\/08\/25\/auxiliares-de-producao-e-fabrica-descubra-seus-direitos-e-nao-seja-prejudicado\/#breadcrumb"},"inLanguage":"pt-BR","potentialAction":[{"@type":"ReadAction","target":["https:\/\/carvalhoadvogado.aliamkt.com\/index.php\/2025\/08\/25\/auxiliares-de-producao-e-fabrica-descubra-seus-direitos-e-nao-seja-prejudicado\/"]}]},{"@type":"ImageObject","inLanguage":"pt-BR","@id":"https:\/\/carvalhoadvogado.aliamkt.com\/index.php\/2025\/08\/25\/auxiliares-de-producao-e-fabrica-descubra-seus-direitos-e-nao-seja-prejudicado\/#primaryimage","url":"https:\/\/carvalhoadvogado.aliamkt.com\/wp-content\/uploads\/2025\/08\/advogado-trabalhista-online-3.jpg","contentUrl":"https:\/\/carvalhoadvogado.aliamkt.com\/wp-content\/uploads\/2025\/08\/advogado-trabalhista-online-3.jpg","width":735,"height":476},{"@type":"BreadcrumbList","@id":"https:\/\/carvalhoadvogado.aliamkt.com\/index.php\/2025\/08\/25\/auxiliares-de-producao-e-fabrica-descubra-seus-direitos-e-nao-seja-prejudicado\/#breadcrumb","itemListElement":[{"@type":"ListItem","position":1,"name":"In\u00edcio","item":"https:\/\/carvalhoadvogado.aliamkt.com\/"},{"@type":"ListItem","position":2,"name":"Auxiliares de Produ\u00e7\u00e3o e F\u00e1brica: Descubra Seus Direitos e N\u00e3o Seja Prejudicado!"}]},{"@type":"WebSite","@id":"https:\/\/carvalhoadvogado.aliamkt.com\/#website","url":"https:\/\/carvalhoadvogado.aliamkt.com\/","name":"Pedro Carvalho Advogado","description":"Advogado Trabalhista","publisher":{"@id":"https:\/\/carvalhoadvogado.aliamkt.com\/#organization"},"potentialAction":[{"@type":"SearchAction","target":{"@type":"EntryPoint","urlTemplate":"https:\/\/carvalhoadvogado.aliamkt.com\/?s={search_term_string}"},"query-input":{"@type":"PropertyValueSpecification","valueRequired":true,"valueName":"search_term_string"}}],"inLanguage":"pt-BR"},{"@type":"Organization","@id":"https:\/\/carvalhoadvogado.aliamkt.com\/#organization","name":"Pedro Carvalho Advogado","url":"https:\/\/carvalhoadvogado.aliamkt.com\/","logo":{"@type":"ImageObject","inLanguage":"pt-BR","@id":"https:\/\/carvalhoadvogado.aliamkt.com\/#\/schema\/logo\/image\/","url":"https:\/\/carvalhoadvogado.aliamkt.com\/wp-content\/uploads\/2024\/06\/Logo-azul.png","contentUrl":"https:\/\/carvalhoadvogado.aliamkt.com\/wp-content\/uploads\/2024\/06\/Logo-azul.png","width":500,"height":500,"caption":"Pedro Carvalho Advogado"},"image":{"@id":"https:\/\/carvalhoadvogado.aliamkt.com\/#\/schema\/logo\/image\/"}},{"@type":"Person","@id":"https:\/\/carvalhoadvogado.aliamkt.com\/#\/schema\/person\/8f4d67ba57d6160ee802836a319bd8eb","name":"lailacarvalhoadv","image":{"@type":"ImageObject","inLanguage":"pt-BR","@id":"https:\/\/secure.gravatar.com\/avatar\/a60961139a792fb5ca701fab485f653a1b3cc37cf8dbd4937b4134105caf5369?s=96&d=mm&r=g","url":"https:\/\/secure.gravatar.com\/avatar\/a60961139a792fb5ca701fab485f653a1b3cc37cf8dbd4937b4134105caf5369?s=96&d=mm&r=g","contentUrl":"https:\/\/secure.gravatar.com\/avatar\/a60961139a792fb5ca701fab485f653a1b3cc37cf8dbd4937b4134105caf5369?s=96&d=mm&r=g","caption":"lailacarvalhoadv"},"sameAs":["https:\/\/carvalhoadvogado.aliamkt.com"],"url":"https:\/\/carvalhoadvogado.aliamkt.com\/index.php\/author\/lailacarvalhoadv\/"}]}},"_links":{"self":[{"href":"https:\/\/carvalhoadvogado.aliamkt.com\/index.php\/wp-json\/wp\/v2\/posts\/1162","targetHints":{"allow":["GET"]}}],"collection":[{"href":"https:\/\/carvalhoadvogado.aliamkt.com\/index.php\/wp-json\/wp\/v2\/posts"}],"about":[{"href":"https:\/\/carvalhoadvogado.aliamkt.com\/index.php\/wp-json\/wp\/v2\/types\/post"}],"author":[{"embeddable":true,"href":"https:\/\/carvalhoadvogado.aliamkt.com\/index.php\/wp-json\/wp\/v2\/users\/1"}],"replies":[{"embeddable":true,"href":"https:\/\/carvalhoadvogado.aliamkt.com\/index.php\/wp-json\/wp\/v2\/comments?post=1162"}],"version-history":[{"count":1,"href":"https:\/\/carvalhoadvogado.aliamkt.com\/index.php\/wp-json\/wp\/v2\/posts\/1162\/revisions"}],"predecessor-version":[{"id":1164,"href":"https:\/\/carvalhoadvogado.aliamkt.com\/index.php\/wp-json\/wp\/v2\/posts\/1162\/revisions\/1164"}],"wp:featuredmedia":[{"embeddable":true,"href":"https:\/\/carvalhoadvogado.aliamkt.com\/index.php\/wp-json\/wp\/v2\/media\/1163"}],"wp:attachment":[{"href":"https:\/\/carvalhoadvogado.aliamkt.com\/index.php\/wp-json\/wp\/v2\/media?parent=1162"}],"wp:term":[{"taxonomy":"category","embeddable":true,"href":"https:\/\/carvalhoadvogado.aliamkt.com\/index.php\/wp-json\/wp\/v2\/categories?post=1162"},{"taxonomy":"post_tag","embeddable":true,"href":"https:\/\/carvalhoadvogado.aliamkt.com\/index.php\/wp-json\/wp\/v2\/tags?post=1162"}],"curies":[{"name":"wp","href":"https:\/\/api.w.org\/{rel}","templated":true}]}}