{"id":1165,"date":"2025-08-27T09:08:49","date_gmt":"2025-08-27T12:08:49","guid":{"rendered":"https:\/\/carvalhoadvogado.aliamkt.com\/?p=1165"},"modified":"2025-08-27T09:08:49","modified_gmt":"2025-08-27T12:08:49","slug":"padeiros-e-confeiteiros-quais-sao-seus-direitos-trabalhistas","status":"publish","type":"post","link":"https:\/\/carvalhoadvogado.aliamkt.com\/index.php\/2025\/08\/27\/padeiros-e-confeiteiros-quais-sao-seus-direitos-trabalhistas\/","title":{"rendered":"Padeiros e Confeiteiros: Quais S\u00e3o Seus Direitos Trabalhistas?"},"content":{"rendered":"<h2><b>Introdu\u00e7\u00e3o<\/b><\/h2>\n<p><span style=\"font-weight: 400;\">Voc\u00ea j\u00e1 percebeu que muitas padarias funcionam praticamente 24 horas por dia, mas poucos conhecem os bastidores do trabalho dos padeiros e confeiteiros? Esses profissionais acordam de madrugada, enfrentam longas jornadas e, muitas vezes, sequer t\u00eam a carteira assinada. A desculpa mais comum \u00e9 que \u201c\u00e9 s\u00f3 uma ajuda\u201d ou \u201cum trabalho tempor\u00e1rio\u201d. No entanto, essa realidade esconde graves preju\u00edzos para o trabalhador.<\/span><\/p>\n<p><span style=\"font-weight: 400;\">Neste artigo, vamos explicar de forma clara e direta quais s\u00e3o os <\/span><b>direitos trabalhistas dos padeiros e confeiteiros<\/b><span style=\"font-weight: 400;\">, como identificar irregularidades e o que fazer caso a padaria se recuse a registrar o contrato. Continue lendo e descubra como garantir seus direitos antes que seja tarde demais!<\/span><\/p>\n<h2><b>Quem s\u00e3o os padeiros e confeiteiros?<\/b><\/h2>\n<h3><b>O papel do padeiro no dia a dia da padaria<\/b><\/h3>\n<p><span style=\"font-weight: 400;\">O padeiro \u00e9 respons\u00e1vel por preparar p\u00e3es, massas e produtos que abastecem padarias e confeitarias diariamente. Ele geralmente come\u00e7a sua jornada antes do amanhecer, para que os clientes encontrem os produtos fresquinhos logo cedo.<\/span><\/p>\n<h3><b>Fun\u00e7\u00f5es do confeiteiro e sua import\u00e2ncia na produ\u00e7\u00e3o<\/b><\/h3>\n<p><span style=\"font-weight: 400;\">J\u00e1 o confeiteiro trabalha com bolos, doces, tortas e sobremesas. Muitas vezes, acumula fun\u00e7\u00f5es com o padeiro, especialmente em padarias de bairro ou neg\u00f3cios familiares. Al\u00e9m disso, seu trabalho exige t\u00e9cnica, precis\u00e3o e longas horas em p\u00e9.<\/span><\/p>\n<h2><b>Por que muitas padarias n\u00e3o registram seus funcion\u00e1rios?<\/b><\/h2>\n<h3><b>O mito da \u201cajuda de custo\u201d<\/b><\/h3>\n<p><span style=\"font-weight: 400;\">\u00c9 comum que empregadores disfar\u00e7am o v\u00ednculo de emprego chamando o trabalho de \u201cbico\u201d ou oferecendo apenas uma \u201cajuda de custo\u201d. Por\u00e9m, se h\u00e1 habitualidade, subordina\u00e7\u00e3o, sal\u00e1rio e pessoalidade, a rela\u00e7\u00e3o deve ser registrada na carteira.<\/span><\/p>\n<h3><b>Jornada exaustiva sem reconhecimento<\/b><\/h3>\n<p><span style=\"font-weight: 400;\">Muitos padeiros entram \u00e0s 3h ou 4h da manh\u00e3 e s\u00f3 saem depois do almo\u00e7o, sem receber adicional noturno ou horas extras. Esse cen\u00e1rio gera explora\u00e7\u00e3o e cansa\u00e7o extremo.<\/span><\/p>\n<h3><b>Impactos da informalidade para o trabalhador<\/b><\/h3>\n<p><span style=\"font-weight: 400;\">Sem carteira assinada, o padeiro ou confeiteiro perde direitos b\u00e1sicos como f\u00e9rias, FGTS, 13\u00ba sal\u00e1rio e at\u00e9 mesmo a possibilidade de se aposentar com seguran\u00e7a.<\/span><\/p>\n<h2><b>Quais s\u00e3o os direitos trabalhistas de padeiros e confeiteiros?<\/b><\/h2>\n<p><img decoding=\"async\" data-src=\"https:\/\/i.pinimg.com\/736x\/3d\/5a\/d5\/3d5ad50ba889fec70a53b1c255c796b7.jpg\" src=\"data:image\/svg+xml;base64,PHN2ZyB3aWR0aD0iMSIgaGVpZ2h0PSIxIiB4bWxucz0iaHR0cDovL3d3dy53My5vcmcvMjAwMC9zdmciPjwvc3ZnPg==\" class=\"lazyload\" \/><\/p>\n<h3><b>Assinatura da carteira de trabalho (CLT)<\/b><\/h3>\n<p><span style=\"font-weight: 400;\">O registro \u00e9 obrigat\u00f3rio desde o primeiro dia de trabalho. Trabalhar sem carteira assinada \u00e9 ilegal e prejudica o trabalhador.<\/span><\/p>\n<h3><b>Sal\u00e1rio m\u00ednimo ou piso da categoria<\/b><\/h3>\n<p><span style=\"font-weight: 400;\">Nenhum padeiro ou confeiteiro pode receber menos que o sal\u00e1rio m\u00ednimo nacional ou o piso definido em conven\u00e7\u00f5es coletivas da categoria.<\/span><\/p>\n<h3><b>Jornada de trabalho e horas extras<\/b><\/h3>\n<p><span style=\"font-weight: 400;\">A jornada padr\u00e3o \u00e9 de 44 horas semanais. Qualquer tempo que ultrapasse deve ser pago como hora extra, com acr\u00e9scimo m\u00ednimo de 50%.<\/span><\/p>\n<h3><b>Intervalos para descanso e refei\u00e7\u00e3o<\/b><\/h3>\n<p><span style=\"font-weight: 400;\">O intervalo para refei\u00e7\u00e3o \u00e9 obrigat\u00f3rio e varia de acordo com a jornada. Negar esse direito pode gerar indeniza\u00e7\u00e3o.<\/span><\/p>\n<h3><b>Adicional noturno<\/b><\/h3>\n<p><span style=\"font-weight: 400;\">Quem trabalha entre 22h e 5h tem direito a receber adicional noturno de, no m\u00ednimo, 20% sobre a hora normal.<\/span><\/p>\n<h3><b>FGTS, INSS e 13\u00ba sal\u00e1rio<\/b><\/h3>\n<p><span style=\"font-weight: 400;\">O empregador deve recolher FGTS e INSS, garantindo aposentadoria e benef\u00edcios previdenci\u00e1rios. Al\u00e9m disso, o trabalhador tem direito ao 13\u00ba sal\u00e1rio.<\/span><\/p>\n<h3><b>F\u00e9rias e descanso semanal remunerado<\/b><\/h3>\n<p><span style=\"font-weight: 400;\">Ap\u00f3s 12 meses de trabalho, o padeiro e o confeiteiro t\u00eam direito a 30 dias de f\u00e9rias, al\u00e9m de um dia de descanso remunerado por semana.<\/span><\/p>\n<h2><b>Situa\u00e7\u00f5es comuns de irregularidades nas padarias<\/b><\/h2>\n<h3><b>Jornada excessiva sem pagamento de horas extras<\/b><\/h3>\n<p><span style=\"font-weight: 400;\">Um dos maiores abusos \u00e9 a sobrecarga de trabalho sem remunera\u00e7\u00e3o adequada.<\/span><\/p>\n<h3><b>Trabalho noturno sem adicional<\/b><\/h3>\n<p><span style=\"font-weight: 400;\">Muitos padeiros come\u00e7am a produzir de madrugada, mas n\u00e3o recebem o adicional noturno devido.<\/span><\/p>\n<h3><b>Falta de intervalo para refei\u00e7\u00e3o<\/b><\/h3>\n<p><span style=\"font-weight: 400;\">\u00c9 comum ver trabalhadores comendo \u00e0s pressas, sem tempo para descanso, o que tamb\u00e9m \u00e9 ilegal.<\/span><\/p>\n<h3><b>Demiss\u00e3o sem pagamento de direitos<\/b><\/h3>\n<p><span style=\"font-weight: 400;\">Na hora da demiss\u00e3o, muitas padarias simplesmente dispensam o funcion\u00e1rio sem pagar rescis\u00e3o, aviso pr\u00e9vio e verbas devidas.<\/span><\/p>\n<h2><b>Como comprovar o v\u00ednculo empregat\u00edcio sem carteira assinada?<\/b><\/h2>\n<h3><b>Testemunhas (colegas e clientes)<\/b><\/h3>\n<p><span style=\"font-weight: 400;\">Colegas de trabalho e at\u00e9 clientes podem servir como testemunhas em uma a\u00e7\u00e3o trabalhista.<\/span><\/p>\n<h3><b>Mensagens, recibos e comprovantes<\/b><\/h3>\n<p><span style=\"font-weight: 400;\">Conversas em aplicativos, recibos de pagamento ou at\u00e9 mesmo mensagens de escala s\u00e3o provas importantes.<\/span><\/p>\n<h3><b>Uniformes, crach\u00e1s e fotos do local de trabalho<\/b><\/h3>\n<p><span style=\"font-weight: 400;\">Itens do dia a dia tamb\u00e9m podem servir como evid\u00eancia de v\u00ednculo de emprego.<\/span><\/p>\n<h2><b>O que fazer se a padaria n\u00e3o assinou sua carteira?<\/b><\/h2>\n<h3><b>Conversa inicial com o empregador<\/b><\/h3>\n<p><span style=\"font-weight: 400;\">Muitas vezes, uma simples conversa pode resolver a situa\u00e7\u00e3o. Mas se n\u00e3o houver acordo, \u00e9 hora de agir.<\/span><\/p>\n<h3><b>Processo com advogado trabalhista<\/b><\/h3>\n<p><span style=\"font-weight: 400;\">Um advogado trabalhista pode entrar com a\u00e7\u00e3o judicial para garantir o reconhecimento do v\u00ednculo e o pagamento de todos os direitos.<\/span><\/p>\n<p><span style=\"font-weight: 400;\">\ud83d\udc49 Quer saber se voc\u00ea tem direito a indeniza\u00e7\u00e3o? <\/span><b>Clique aqui e fale com um advogado trabalhista<\/b><span style=\"font-weight: 400;\">.<\/span><\/p>\n<h2><b>Consequ\u00eancias para o trabalhador que aceita a informalidade<\/b><\/h2>\n<h3><b>Perda de direitos previdenci\u00e1rios<\/b><\/h3>\n<p><span style=\"font-weight: 400;\">Sem registro, o tempo de contribui\u00e7\u00e3o n\u00e3o conta para aposentadoria.<\/span><\/p>\n<h3><b>Falta de seguran\u00e7a financeira em caso de doen\u00e7a ou acidente<\/b><\/h3>\n<p><span style=\"font-weight: 400;\">Sem INSS, o trabalhador n\u00e3o recebe aux\u00edlio-doen\u00e7a ou acidente.<\/span><\/p>\n<h3><b>Dificuldade para planejar o futuro<\/b><\/h3>\n<p><span style=\"font-weight: 400;\">Trabalhar sem carteira assinada \u00e9 viver na incerteza e na depend\u00eancia da boa vontade do patr\u00e3o.<\/span><\/p>\n<h2><b>Exemplos pr\u00e1ticos do dia a dia<\/b><\/h2>\n<h3><b>Padeiro que entra \u00e0s 3h da manh\u00e3 sem adicional noturno<\/b><\/h3>\n<p><span style=\"font-weight: 400;\">Um padeiro que inicia o expediente \u00e0s 3h deveria receber adicional noturno at\u00e9 \u00e0s 5h, mas muitos recebem apenas o sal\u00e1rio base.<\/span><\/p>\n<h3><b>Confeiteiro que acumula fun\u00e7\u00f5es sem aumento de sal\u00e1rio<\/b><\/h3>\n<p><span style=\"font-weight: 400;\">\u00c9 comum confeiteiros tamb\u00e9m ajudarem na limpeza e no atendimento sem remunera\u00e7\u00e3o adicional.<\/span><\/p>\n<h3><b>Trabalhador demitido sem aviso pr\u00e9vio e sem verbas rescis\u00f3rias<\/b><\/h3>\n<p><span style=\"font-weight: 400;\">Outro caso frequente \u00e9 a demiss\u00e3o sem pagamento de f\u00e9rias proporcionais, 13\u00ba ou aviso pr\u00e9vio.<\/span><\/p>\n<h2><b>Como um advogado trabalhista pode ajudar?<\/b><\/h2>\n<h3><b>An\u00e1lise gratuita do caso<\/b><\/h3>\n<p><span style=\"font-weight: 400;\">Muitos escrit\u00f3rios oferecem a primeira an\u00e1lise sem custos.<\/span><\/p>\n<h3><b>Ajuizamento de a\u00e7\u00e3o trabalhista<\/b><\/h3>\n<p><span style=\"font-weight: 400;\">O advogado entra com o processo para cobrar todos os direitos.<\/span><\/p>\n<h3><b>Recupera\u00e7\u00e3o de valores n\u00e3o pagos<\/b><\/h3>\n<p><span style=\"font-weight: 400;\">Al\u00e9m do sal\u00e1rio devido, o trabalhador pode receber indeniza\u00e7\u00f5es e multas.<\/span><\/p>\n<h2><b>Advocacia trabalhista em Contagem e Minas Gerais<\/b><\/h2>\n<h3><b>Por que buscar um advogado trabalhista em Contagem?<\/b><\/h3>\n<p><span style=\"font-weight: 400;\">Contagem \u00e9 uma cidade com grande concentra\u00e7\u00e3o de padarias e ind\u00fastrias, o que torna comum a busca por advogados especializados.<\/span><\/p>\n<h3><b>Diferen\u00e7a entre advogado trabalhista e advogado de pequenas causas<\/b><\/h3>\n<p><span style=\"font-weight: 400;\">Quest\u00f5es trabalhistas n\u00e3o s\u00e3o tratadas em Juizado de Pequenas Causas. \u00c9 preciso um advogado do trabalho.<\/span><\/p>\n<h3><b>Atendimento especializado para padeiros e confeiteiros<\/b><\/h3>\n<p><span style=\"font-weight: 400;\">Um advogado em Contagem ou em Minas Gerais conhece a realidade local e pode conduzir o processo de forma mais eficiente.<\/span><\/p>\n<h2><b>Dicas para proteger seus direitos desde o in\u00edcio do emprego<\/b><\/h2>\n<h3><b>Guardar comprovantes e recibos<\/b><\/h3>\n<p><span style=\"font-weight: 400;\">Nunca descarte comprovantes de pagamento.<\/span><\/p>\n<h3><b>Conversar com colegas de trabalho<\/b><\/h3>\n<p><span style=\"font-weight: 400;\">Mantenha contato com testemunhas que possam confirmar sua rotina.<\/span><\/p>\n<h3><b>N\u00e3o aceitar trabalhar sem registro<\/b><\/h3>\n<p><span style=\"font-weight: 400;\">O registro \u00e9 um direito, n\u00e3o um favor.<\/span><\/p>\n<h2><b>Perguntas frequentes sobre os direitos dos padeiros e confeiteiros<\/b><\/h2>\n<h3><b>Padeiro tem direito a adicional noturno?<\/b><\/h3>\n<p><span style=\"font-weight: 400;\">Sim. Todo trabalho entre 22h e 5h deve ser pago com adicional.<\/span><\/p>\n<h3><b>Confeiteiro pode trabalhar sem carteira assinada?<\/b><\/h3>\n<p><span style=\"font-weight: 400;\">N\u00e3o. O registro \u00e9 obrigat\u00f3rio desde o primeiro dia.<\/span><\/p>\n<h3><b>Como calcular horas extras na padaria?<\/b><\/h3>\n<p><span style=\"font-weight: 400;\">As horas al\u00e9m da jornada normal devem ser pagas com acr\u00e9scimo de, no m\u00ednimo, 50%.<\/span><\/p>\n<h3><b>Posso processar a padaria mesmo depois de sair do emprego?<\/b><\/h3>\n<p><span style=\"font-weight: 400;\">Sim, o prazo para entrar com a\u00e7\u00e3o \u00e9 de at\u00e9 2 anos ap\u00f3s a sa\u00edda.<\/span><\/p>\n<h3><b>Qual advogado procurar para resolver problemas trabalhistas?<\/b><\/h3>\n<p><span style=\"font-weight: 400;\">O ideal \u00e9 buscar um advogado trabalhista, especialmente em sua regi\u00e3o, como <\/span><b>advogado trabalhista em Contagem<\/b><span style=\"font-weight: 400;\"> ou em <\/span><b>Minas Gerais<\/b><span style=\"font-weight: 400;\">.<\/span><\/p>\n<h2><b>Conclus\u00e3o \u2013 N\u00e3o abra m\u00e3o dos seus direitos<\/b><\/h2>\n<p><span style=\"font-weight: 400;\">Padeiros e confeiteiros sustentam um dos ramos mais tradicionais do Brasil, mas n\u00e3o podem ser explorados em sil\u00eancio. Trabalhar sem registro, sem horas extras ou sem adicional noturno n\u00e3o \u00e9 normal \u2014 \u00e9 ilegal.<\/span><\/p>\n<p><span style=\"font-weight: 400;\">Se voc\u00ea est\u00e1 nessa situa\u00e7\u00e3o, saiba que pode recuperar tudo aquilo que lhe foi negado.<\/span><\/p>\n<p><span style=\"font-weight: 400;\">\ud83d\udccc <\/span><b>Leitura recomendada:<\/b><a href=\"https:\/\/carvalhoadvogado.aliamkt.com\/index.php\/2025\/08\/25\/motoboys-e-entregadores-quais-sao-seus-direitos-quando-trabalham-sem-carteira-assinada\/\"><span style=\"font-weight: 400;\"> Motoboys e Entregadores: Quais S\u00e3o Seus Direitos Quando Trabalham sem Carteira Assinada?<\/span><\/a><span style=\"font-weight: 400;\"> \u2013 descubra como a falta de registro tamb\u00e9m afeta outros trabalhadores e quais medidas podem ser tomadas.<\/span><\/p>\n<p>&nbsp;<\/p>\n<p><b>Fale com o Dr. Pedro Carvalho!<\/b><\/p>\n<p><b>Clique no bot\u00e3o abaixo e obtenha a orienta\u00e7\u00e3o jur\u00eddica que voc\u00ea precisa para resolver suas quest\u00f5es com seguran\u00e7a e confian\u00e7a.\u00a0<\/b><\/p>\n<p><a href=\"https:\/\/carvalhoadvogado.aliamkt.com\/index.php\/2025\/05\/07\/processar-a-empresa-trabalhando-mito-ou-direito-seu\/\"><b>revers\u00e3o da demiss\u00e3o por justa causa.<\/b><\/a><\/p>\n<p><a href=\"https:\/\/wa.me\/5531975283687\"><b>Fale comigo agora mesmo<\/b><\/a><\/p>\n<p><b>Siga-nos na rede social, @pedroncarvalhoadv, e fique por dentro das \u00faltimas novidades!<\/b><\/p>\n","protected":false},"excerpt":{"rendered":"<p>Introdu\u00e7\u00e3o Voc\u00ea j\u00e1 percebeu que muitas padarias funcionam praticamente 24 horas por dia, mas poucos conhecem os bastidores do trabalho dos padeiros e confeiteiros? Esses profissionais acordam de madrugada, enfrentam longas jornadas e, muitas vezes, sequer t\u00eam a carteira assinada. A desculpa mais comum \u00e9 que \u201c\u00e9 s\u00f3 uma ajuda\u201d ou \u201cum trabalho tempor\u00e1rio\u201d. No [&hellip;]<\/p>\n","protected":false},"author":1,"featured_media":1166,"comment_status":"open","ping_status":"open","sticky":false,"template":"","format":"standard","meta":{"_joinchat":[],"footnotes":""},"categories":[6],"tags":[],"class_list":["post-1165","post","type-post","status-publish","format-standard","has-post-thumbnail","hentry","category-direito-trabalhista"],"yoast_head":"<!-- This site is optimized with the Yoast SEO plugin v27.5 - https:\/\/yoast.com\/product\/yoast-seo-wordpress\/ -->\n<title>Padeiros e Confeiteiros: Quais S\u00e3o Seus Direitos Trabalhistas? - Pedro Carvalho Advogado Trabalhista<\/title>\n<meta name=\"description\" content=\"Padeiros e confeiteiros sem carteira assinada perdem direitos. Descubra como exigir registro, horas extras e adicional noturno.\" \/>\n<meta name=\"robots\" content=\"index, follow, max-snippet:-1, max-image-preview:large, max-video-preview:-1\" \/>\n<link rel=\"canonical\" href=\"https:\/\/carvalhoadvogado.aliamkt.com\/index.php\/2025\/08\/27\/padeiros-e-confeiteiros-quais-sao-seus-direitos-trabalhistas\/\" \/>\n<meta property=\"og:locale\" content=\"pt_BR\" \/>\n<meta property=\"og:type\" content=\"article\" \/>\n<meta property=\"og:title\" content=\"Padeiros e Confeiteiros: Quais S\u00e3o Seus Direitos Trabalhistas? - Pedro Carvalho Advogado Trabalhista\" \/>\n<meta property=\"og:description\" content=\"Padeiros e confeiteiros sem carteira assinada perdem direitos. Descubra como exigir registro, horas extras e adicional noturno.\" \/>\n<meta property=\"og:url\" content=\"https:\/\/carvalhoadvogado.aliamkt.com\/index.php\/2025\/08\/27\/padeiros-e-confeiteiros-quais-sao-seus-direitos-trabalhistas\/\" \/>\n<meta property=\"og:site_name\" content=\"Pedro Carvalho Advogado Trabalhista\" \/>\n<meta property=\"article:published_time\" content=\"2025-08-27T12:08:49+00:00\" \/>\n<meta property=\"og:image\" content=\"https:\/\/carvalhoadvogado.aliamkt.com\/wp-content\/uploads\/2025\/08\/advogado-trabalhista-online-4.jpg\" \/>\n\t<meta property=\"og:image:width\" content=\"735\" \/>\n\t<meta property=\"og:image:height\" content=\"611\" \/>\n\t<meta property=\"og:image:type\" content=\"image\/jpeg\" \/>\n<meta name=\"author\" content=\"lailacarvalhoadv\" \/>\n<meta name=\"twitter:card\" content=\"summary_large_image\" \/>\n<meta name=\"twitter:label1\" content=\"Escrito por\" \/>\n\t<meta name=\"twitter:data1\" content=\"lailacarvalhoadv\" \/>\n\t<meta name=\"twitter:label2\" content=\"Est. tempo de leitura\" \/>\n\t<meta name=\"twitter:data2\" content=\"8 minutos\" \/>\n<script type=\"application\/ld+json\" class=\"yoast-schema-graph\">{\"@context\":\"https:\\\/\\\/schema.org\",\"@graph\":[{\"@type\":\"Article\",\"@id\":\"https:\\\/\\\/carvalhoadvogado.aliamkt.com\\\/index.php\\\/2025\\\/08\\\/27\\\/padeiros-e-confeiteiros-quais-sao-seus-direitos-trabalhistas\\\/#article\",\"isPartOf\":{\"@id\":\"https:\\\/\\\/carvalhoadvogado.aliamkt.com\\\/index.php\\\/2025\\\/08\\\/27\\\/padeiros-e-confeiteiros-quais-sao-seus-direitos-trabalhistas\\\/\"},\"author\":{\"name\":\"lailacarvalhoadv\",\"@id\":\"https:\\\/\\\/carvalhoadvogado.aliamkt.com\\\/#\\\/schema\\\/person\\\/8f4d67ba57d6160ee802836a319bd8eb\"},\"headline\":\"Padeiros e Confeiteiros: Quais S\u00e3o Seus Direitos Trabalhistas?\",\"datePublished\":\"2025-08-27T12:08:49+00:00\",\"mainEntityOfPage\":{\"@id\":\"https:\\\/\\\/carvalhoadvogado.aliamkt.com\\\/index.php\\\/2025\\\/08\\\/27\\\/padeiros-e-confeiteiros-quais-sao-seus-direitos-trabalhistas\\\/\"},\"wordCount\":1441,\"commentCount\":0,\"publisher\":{\"@id\":\"https:\\\/\\\/carvalhoadvogado.aliamkt.com\\\/#organization\"},\"image\":{\"@id\":\"https:\\\/\\\/carvalhoadvogado.aliamkt.com\\\/index.php\\\/2025\\\/08\\\/27\\\/padeiros-e-confeiteiros-quais-sao-seus-direitos-trabalhistas\\\/#primaryimage\"},\"thumbnailUrl\":\"https:\\\/\\\/carvalhoadvogado.aliamkt.com\\\/wp-content\\\/uploads\\\/2025\\\/08\\\/advogado-trabalhista-online-4.jpg\",\"articleSection\":[\"Direito Trabalhista\"],\"inLanguage\":\"pt-BR\",\"potentialAction\":[{\"@type\":\"CommentAction\",\"name\":\"Comment\",\"target\":[\"https:\\\/\\\/carvalhoadvogado.aliamkt.com\\\/index.php\\\/2025\\\/08\\\/27\\\/padeiros-e-confeiteiros-quais-sao-seus-direitos-trabalhistas\\\/#respond\"]}]},{\"@type\":\"WebPage\",\"@id\":\"https:\\\/\\\/carvalhoadvogado.aliamkt.com\\\/index.php\\\/2025\\\/08\\\/27\\\/padeiros-e-confeiteiros-quais-sao-seus-direitos-trabalhistas\\\/\",\"url\":\"https:\\\/\\\/carvalhoadvogado.aliamkt.com\\\/index.php\\\/2025\\\/08\\\/27\\\/padeiros-e-confeiteiros-quais-sao-seus-direitos-trabalhistas\\\/\",\"name\":\"Padeiros e Confeiteiros: Quais S\u00e3o Seus Direitos Trabalhistas? - Pedro Carvalho Advogado Trabalhista\",\"isPartOf\":{\"@id\":\"https:\\\/\\\/carvalhoadvogado.aliamkt.com\\\/#website\"},\"primaryImageOfPage\":{\"@id\":\"https:\\\/\\\/carvalhoadvogado.aliamkt.com\\\/index.php\\\/2025\\\/08\\\/27\\\/padeiros-e-confeiteiros-quais-sao-seus-direitos-trabalhistas\\\/#primaryimage\"},\"image\":{\"@id\":\"https:\\\/\\\/carvalhoadvogado.aliamkt.com\\\/index.php\\\/2025\\\/08\\\/27\\\/padeiros-e-confeiteiros-quais-sao-seus-direitos-trabalhistas\\\/#primaryimage\"},\"thumbnailUrl\":\"https:\\\/\\\/carvalhoadvogado.aliamkt.com\\\/wp-content\\\/uploads\\\/2025\\\/08\\\/advogado-trabalhista-online-4.jpg\",\"datePublished\":\"2025-08-27T12:08:49+00:00\",\"description\":\"Padeiros e confeiteiros sem carteira assinada perdem direitos. Descubra como exigir registro, horas extras e adicional noturno.\",\"breadcrumb\":{\"@id\":\"https:\\\/\\\/carvalhoadvogado.aliamkt.com\\\/index.php\\\/2025\\\/08\\\/27\\\/padeiros-e-confeiteiros-quais-sao-seus-direitos-trabalhistas\\\/#breadcrumb\"},\"inLanguage\":\"pt-BR\",\"potentialAction\":[{\"@type\":\"ReadAction\",\"target\":[\"https:\\\/\\\/carvalhoadvogado.aliamkt.com\\\/index.php\\\/2025\\\/08\\\/27\\\/padeiros-e-confeiteiros-quais-sao-seus-direitos-trabalhistas\\\/\"]}]},{\"@type\":\"ImageObject\",\"inLanguage\":\"pt-BR\",\"@id\":\"https:\\\/\\\/carvalhoadvogado.aliamkt.com\\\/index.php\\\/2025\\\/08\\\/27\\\/padeiros-e-confeiteiros-quais-sao-seus-direitos-trabalhistas\\\/#primaryimage\",\"url\":\"https:\\\/\\\/carvalhoadvogado.aliamkt.com\\\/wp-content\\\/uploads\\\/2025\\\/08\\\/advogado-trabalhista-online-4.jpg\",\"contentUrl\":\"https:\\\/\\\/carvalhoadvogado.aliamkt.com\\\/wp-content\\\/uploads\\\/2025\\\/08\\\/advogado-trabalhista-online-4.jpg\",\"width\":735,\"height\":611},{\"@type\":\"BreadcrumbList\",\"@id\":\"https:\\\/\\\/carvalhoadvogado.aliamkt.com\\\/index.php\\\/2025\\\/08\\\/27\\\/padeiros-e-confeiteiros-quais-sao-seus-direitos-trabalhistas\\\/#breadcrumb\",\"itemListElement\":[{\"@type\":\"ListItem\",\"position\":1,\"name\":\"In\u00edcio\",\"item\":\"https:\\\/\\\/carvalhoadvogado.aliamkt.com\\\/\"},{\"@type\":\"ListItem\",\"position\":2,\"name\":\"Padeiros e Confeiteiros: Quais S\u00e3o Seus Direitos Trabalhistas?\"}]},{\"@type\":\"WebSite\",\"@id\":\"https:\\\/\\\/carvalhoadvogado.aliamkt.com\\\/#website\",\"url\":\"https:\\\/\\\/carvalhoadvogado.aliamkt.com\\\/\",\"name\":\"Pedro Carvalho Advogado\",\"description\":\"Advogado Trabalhista\",\"publisher\":{\"@id\":\"https:\\\/\\\/carvalhoadvogado.aliamkt.com\\\/#organization\"},\"potentialAction\":[{\"@type\":\"SearchAction\",\"target\":{\"@type\":\"EntryPoint\",\"urlTemplate\":\"https:\\\/\\\/carvalhoadvogado.aliamkt.com\\\/?s={search_term_string}\"},\"query-input\":{\"@type\":\"PropertyValueSpecification\",\"valueRequired\":true,\"valueName\":\"search_term_string\"}}],\"inLanguage\":\"pt-BR\"},{\"@type\":\"Organization\",\"@id\":\"https:\\\/\\\/carvalhoadvogado.aliamkt.com\\\/#organization\",\"name\":\"Pedro Carvalho Advogado\",\"url\":\"https:\\\/\\\/carvalhoadvogado.aliamkt.com\\\/\",\"logo\":{\"@type\":\"ImageObject\",\"inLanguage\":\"pt-BR\",\"@id\":\"https:\\\/\\\/carvalhoadvogado.aliamkt.com\\\/#\\\/schema\\\/logo\\\/image\\\/\",\"url\":\"https:\\\/\\\/carvalhoadvogado.aliamkt.com\\\/wp-content\\\/uploads\\\/2024\\\/06\\\/Logo-azul.png\",\"contentUrl\":\"https:\\\/\\\/carvalhoadvogado.aliamkt.com\\\/wp-content\\\/uploads\\\/2024\\\/06\\\/Logo-azul.png\",\"width\":500,\"height\":500,\"caption\":\"Pedro Carvalho Advogado\"},\"image\":{\"@id\":\"https:\\\/\\\/carvalhoadvogado.aliamkt.com\\\/#\\\/schema\\\/logo\\\/image\\\/\"}},{\"@type\":\"Person\",\"@id\":\"https:\\\/\\\/carvalhoadvogado.aliamkt.com\\\/#\\\/schema\\\/person\\\/8f4d67ba57d6160ee802836a319bd8eb\",\"name\":\"lailacarvalhoadv\",\"image\":{\"@type\":\"ImageObject\",\"inLanguage\":\"pt-BR\",\"@id\":\"https:\\\/\\\/secure.gravatar.com\\\/avatar\\\/a60961139a792fb5ca701fab485f653a1b3cc37cf8dbd4937b4134105caf5369?s=96&d=mm&r=g\",\"url\":\"https:\\\/\\\/secure.gravatar.com\\\/avatar\\\/a60961139a792fb5ca701fab485f653a1b3cc37cf8dbd4937b4134105caf5369?s=96&d=mm&r=g\",\"contentUrl\":\"https:\\\/\\\/secure.gravatar.com\\\/avatar\\\/a60961139a792fb5ca701fab485f653a1b3cc37cf8dbd4937b4134105caf5369?s=96&d=mm&r=g\",\"caption\":\"lailacarvalhoadv\"},\"sameAs\":[\"https:\\\/\\\/carvalhoadvogado.aliamkt.com\"],\"url\":\"https:\\\/\\\/carvalhoadvogado.aliamkt.com\\\/index.php\\\/author\\\/lailacarvalhoadv\\\/\"}]}<\/script>\n<!-- \/ Yoast SEO plugin. -->","yoast_head_json":{"title":"Padeiros e Confeiteiros: Quais S\u00e3o Seus Direitos Trabalhistas? - Pedro Carvalho Advogado Trabalhista","description":"Padeiros e confeiteiros sem carteira assinada perdem direitos. Descubra como exigir registro, horas extras e adicional noturno.","robots":{"index":"index","follow":"follow","max-snippet":"max-snippet:-1","max-image-preview":"max-image-preview:large","max-video-preview":"max-video-preview:-1"},"canonical":"https:\/\/carvalhoadvogado.aliamkt.com\/index.php\/2025\/08\/27\/padeiros-e-confeiteiros-quais-sao-seus-direitos-trabalhistas\/","og_locale":"pt_BR","og_type":"article","og_title":"Padeiros e Confeiteiros: Quais S\u00e3o Seus Direitos Trabalhistas? - Pedro Carvalho Advogado Trabalhista","og_description":"Padeiros e confeiteiros sem carteira assinada perdem direitos. Descubra como exigir registro, horas extras e adicional noturno.","og_url":"https:\/\/carvalhoadvogado.aliamkt.com\/index.php\/2025\/08\/27\/padeiros-e-confeiteiros-quais-sao-seus-direitos-trabalhistas\/","og_site_name":"Pedro Carvalho Advogado Trabalhista","article_published_time":"2025-08-27T12:08:49+00:00","og_image":[{"width":735,"height":611,"url":"https:\/\/carvalhoadvogado.aliamkt.com\/wp-content\/uploads\/2025\/08\/advogado-trabalhista-online-4.jpg","type":"image\/jpeg"}],"author":"lailacarvalhoadv","twitter_card":"summary_large_image","twitter_misc":{"Escrito por":"lailacarvalhoadv","Est. tempo de leitura":"8 minutos"},"schema":{"@context":"https:\/\/schema.org","@graph":[{"@type":"Article","@id":"https:\/\/carvalhoadvogado.aliamkt.com\/index.php\/2025\/08\/27\/padeiros-e-confeiteiros-quais-sao-seus-direitos-trabalhistas\/#article","isPartOf":{"@id":"https:\/\/carvalhoadvogado.aliamkt.com\/index.php\/2025\/08\/27\/padeiros-e-confeiteiros-quais-sao-seus-direitos-trabalhistas\/"},"author":{"name":"lailacarvalhoadv","@id":"https:\/\/carvalhoadvogado.aliamkt.com\/#\/schema\/person\/8f4d67ba57d6160ee802836a319bd8eb"},"headline":"Padeiros e Confeiteiros: Quais S\u00e3o Seus Direitos Trabalhistas?","datePublished":"2025-08-27T12:08:49+00:00","mainEntityOfPage":{"@id":"https:\/\/carvalhoadvogado.aliamkt.com\/index.php\/2025\/08\/27\/padeiros-e-confeiteiros-quais-sao-seus-direitos-trabalhistas\/"},"wordCount":1441,"commentCount":0,"publisher":{"@id":"https:\/\/carvalhoadvogado.aliamkt.com\/#organization"},"image":{"@id":"https:\/\/carvalhoadvogado.aliamkt.com\/index.php\/2025\/08\/27\/padeiros-e-confeiteiros-quais-sao-seus-direitos-trabalhistas\/#primaryimage"},"thumbnailUrl":"https:\/\/carvalhoadvogado.aliamkt.com\/wp-content\/uploads\/2025\/08\/advogado-trabalhista-online-4.jpg","articleSection":["Direito Trabalhista"],"inLanguage":"pt-BR","potentialAction":[{"@type":"CommentAction","name":"Comment","target":["https:\/\/carvalhoadvogado.aliamkt.com\/index.php\/2025\/08\/27\/padeiros-e-confeiteiros-quais-sao-seus-direitos-trabalhistas\/#respond"]}]},{"@type":"WebPage","@id":"https:\/\/carvalhoadvogado.aliamkt.com\/index.php\/2025\/08\/27\/padeiros-e-confeiteiros-quais-sao-seus-direitos-trabalhistas\/","url":"https:\/\/carvalhoadvogado.aliamkt.com\/index.php\/2025\/08\/27\/padeiros-e-confeiteiros-quais-sao-seus-direitos-trabalhistas\/","name":"Padeiros e Confeiteiros: Quais S\u00e3o Seus Direitos Trabalhistas? - Pedro Carvalho Advogado Trabalhista","isPartOf":{"@id":"https:\/\/carvalhoadvogado.aliamkt.com\/#website"},"primaryImageOfPage":{"@id":"https:\/\/carvalhoadvogado.aliamkt.com\/index.php\/2025\/08\/27\/padeiros-e-confeiteiros-quais-sao-seus-direitos-trabalhistas\/#primaryimage"},"image":{"@id":"https:\/\/carvalhoadvogado.aliamkt.com\/index.php\/2025\/08\/27\/padeiros-e-confeiteiros-quais-sao-seus-direitos-trabalhistas\/#primaryimage"},"thumbnailUrl":"https:\/\/carvalhoadvogado.aliamkt.com\/wp-content\/uploads\/2025\/08\/advogado-trabalhista-online-4.jpg","datePublished":"2025-08-27T12:08:49+00:00","description":"Padeiros e confeiteiros sem carteira assinada perdem direitos. Descubra como exigir registro, horas extras e adicional noturno.","breadcrumb":{"@id":"https:\/\/carvalhoadvogado.aliamkt.com\/index.php\/2025\/08\/27\/padeiros-e-confeiteiros-quais-sao-seus-direitos-trabalhistas\/#breadcrumb"},"inLanguage":"pt-BR","potentialAction":[{"@type":"ReadAction","target":["https:\/\/carvalhoadvogado.aliamkt.com\/index.php\/2025\/08\/27\/padeiros-e-confeiteiros-quais-sao-seus-direitos-trabalhistas\/"]}]},{"@type":"ImageObject","inLanguage":"pt-BR","@id":"https:\/\/carvalhoadvogado.aliamkt.com\/index.php\/2025\/08\/27\/padeiros-e-confeiteiros-quais-sao-seus-direitos-trabalhistas\/#primaryimage","url":"https:\/\/carvalhoadvogado.aliamkt.com\/wp-content\/uploads\/2025\/08\/advogado-trabalhista-online-4.jpg","contentUrl":"https:\/\/carvalhoadvogado.aliamkt.com\/wp-content\/uploads\/2025\/08\/advogado-trabalhista-online-4.jpg","width":735,"height":611},{"@type":"BreadcrumbList","@id":"https:\/\/carvalhoadvogado.aliamkt.com\/index.php\/2025\/08\/27\/padeiros-e-confeiteiros-quais-sao-seus-direitos-trabalhistas\/#breadcrumb","itemListElement":[{"@type":"ListItem","position":1,"name":"In\u00edcio","item":"https:\/\/carvalhoadvogado.aliamkt.com\/"},{"@type":"ListItem","position":2,"name":"Padeiros e Confeiteiros: Quais S\u00e3o Seus Direitos Trabalhistas?"}]},{"@type":"WebSite","@id":"https:\/\/carvalhoadvogado.aliamkt.com\/#website","url":"https:\/\/carvalhoadvogado.aliamkt.com\/","name":"Pedro Carvalho Advogado","description":"Advogado Trabalhista","publisher":{"@id":"https:\/\/carvalhoadvogado.aliamkt.com\/#organization"},"potentialAction":[{"@type":"SearchAction","target":{"@type":"EntryPoint","urlTemplate":"https:\/\/carvalhoadvogado.aliamkt.com\/?s={search_term_string}"},"query-input":{"@type":"PropertyValueSpecification","valueRequired":true,"valueName":"search_term_string"}}],"inLanguage":"pt-BR"},{"@type":"Organization","@id":"https:\/\/carvalhoadvogado.aliamkt.com\/#organization","name":"Pedro Carvalho Advogado","url":"https:\/\/carvalhoadvogado.aliamkt.com\/","logo":{"@type":"ImageObject","inLanguage":"pt-BR","@id":"https:\/\/carvalhoadvogado.aliamkt.com\/#\/schema\/logo\/image\/","url":"https:\/\/carvalhoadvogado.aliamkt.com\/wp-content\/uploads\/2024\/06\/Logo-azul.png","contentUrl":"https:\/\/carvalhoadvogado.aliamkt.com\/wp-content\/uploads\/2024\/06\/Logo-azul.png","width":500,"height":500,"caption":"Pedro Carvalho Advogado"},"image":{"@id":"https:\/\/carvalhoadvogado.aliamkt.com\/#\/schema\/logo\/image\/"}},{"@type":"Person","@id":"https:\/\/carvalhoadvogado.aliamkt.com\/#\/schema\/person\/8f4d67ba57d6160ee802836a319bd8eb","name":"lailacarvalhoadv","image":{"@type":"ImageObject","inLanguage":"pt-BR","@id":"https:\/\/secure.gravatar.com\/avatar\/a60961139a792fb5ca701fab485f653a1b3cc37cf8dbd4937b4134105caf5369?s=96&d=mm&r=g","url":"https:\/\/secure.gravatar.com\/avatar\/a60961139a792fb5ca701fab485f653a1b3cc37cf8dbd4937b4134105caf5369?s=96&d=mm&r=g","contentUrl":"https:\/\/secure.gravatar.com\/avatar\/a60961139a792fb5ca701fab485f653a1b3cc37cf8dbd4937b4134105caf5369?s=96&d=mm&r=g","caption":"lailacarvalhoadv"},"sameAs":["https:\/\/carvalhoadvogado.aliamkt.com"],"url":"https:\/\/carvalhoadvogado.aliamkt.com\/index.php\/author\/lailacarvalhoadv\/"}]}},"_links":{"self":[{"href":"https:\/\/carvalhoadvogado.aliamkt.com\/index.php\/wp-json\/wp\/v2\/posts\/1165","targetHints":{"allow":["GET"]}}],"collection":[{"href":"https:\/\/carvalhoadvogado.aliamkt.com\/index.php\/wp-json\/wp\/v2\/posts"}],"about":[{"href":"https:\/\/carvalhoadvogado.aliamkt.com\/index.php\/wp-json\/wp\/v2\/types\/post"}],"author":[{"embeddable":true,"href":"https:\/\/carvalhoadvogado.aliamkt.com\/index.php\/wp-json\/wp\/v2\/users\/1"}],"replies":[{"embeddable":true,"href":"https:\/\/carvalhoadvogado.aliamkt.com\/index.php\/wp-json\/wp\/v2\/comments?post=1165"}],"version-history":[{"count":1,"href":"https:\/\/carvalhoadvogado.aliamkt.com\/index.php\/wp-json\/wp\/v2\/posts\/1165\/revisions"}],"predecessor-version":[{"id":1167,"href":"https:\/\/carvalhoadvogado.aliamkt.com\/index.php\/wp-json\/wp\/v2\/posts\/1165\/revisions\/1167"}],"wp:featuredmedia":[{"embeddable":true,"href":"https:\/\/carvalhoadvogado.aliamkt.com\/index.php\/wp-json\/wp\/v2\/media\/1166"}],"wp:attachment":[{"href":"https:\/\/carvalhoadvogado.aliamkt.com\/index.php\/wp-json\/wp\/v2\/media?parent=1165"}],"wp:term":[{"taxonomy":"category","embeddable":true,"href":"https:\/\/carvalhoadvogado.aliamkt.com\/index.php\/wp-json\/wp\/v2\/categories?post=1165"},{"taxonomy":"post_tag","embeddable":true,"href":"https:\/\/carvalhoadvogado.aliamkt.com\/index.php\/wp-json\/wp\/v2\/tags?post=1165"}],"curies":[{"name":"wp","href":"https:\/\/api.w.org\/{rel}","templated":true}]}}