{"id":1312,"date":"2025-09-24T10:44:37","date_gmt":"2025-09-24T13:44:37","guid":{"rendered":"https:\/\/carvalhoadvogado.aliamkt.com\/?p=1312"},"modified":"2025-09-24T10:44:37","modified_gmt":"2025-09-24T13:44:37","slug":"adicional-de-periculosidade-para-vigilantes-quem-tem-direito-e-como-calcular","status":"publish","type":"post","link":"https:\/\/carvalhoadvogado.aliamkt.com\/index.php\/2025\/09\/24\/adicional-de-periculosidade-para-vigilantes-quem-tem-direito-e-como-calcular\/","title":{"rendered":"Adicional de periculosidade para vigilantes: quem tem direito e como calcular"},"content":{"rendered":"<h2><b>Introdu\u00e7\u00e3o<\/b><\/h2>\n<p><span style=\"font-weight: 400;\">O trabalho de <\/span><b>vigilante<\/b><span style=\"font-weight: 400;\"> \u00e9, sem d\u00favida, uma das profiss\u00f5es mais arriscadas do mercado. Afinal, diariamente esses profissionais enfrentam situa\u00e7\u00f5es de perigo para proteger vidas e patrim\u00f4nios. Portanto, n\u00e3o \u00e9 por acaso que a lei garante o <\/span><b>adicional de periculosidade para vigilantes<\/b><span style=\"font-weight: 400;\">.<\/span><\/p>\n<p><span style=\"font-weight: 400;\">Apesar disso, muitas empresas ainda tentam negar ou reduzir esse pagamento. No entanto, \u00e9 fundamental que o trabalhador saiba exatamente como funciona esse direito. Assim, evita preju\u00edzos e garante uma remunera\u00e7\u00e3o justa pelo risco que corre.<\/span><\/p>\n<p><span style=\"font-weight: 400;\">Dessa forma, neste artigo, voc\u00ea vai descobrir de maneira pr\u00e1tica <\/span><b>quem tem direito ao adicional de periculosidade, como calcular e o que fazer se a empresa n\u00e3o pagar<\/b><span style=\"font-weight: 400;\">. Continue lendo e entenda todos os detalhes!<\/span><\/p>\n<h2><b>O que \u00e9 o adicional de periculosidade<\/b><\/h2>\n<p><span style=\"font-weight: 400;\">O <\/span><b>adicional de periculosidade<\/b><span style=\"font-weight: 400;\"> \u00e9 um valor extra pago ao trabalhador exposto a risco de morte ou de acidente grave no exerc\u00edcio da profiss\u00e3o. Ou seja, o benef\u00edcio compensa financeiramente a exposi\u00e7\u00e3o a situa\u00e7\u00f5es perigosas.<\/span><\/p>\n<p><span style=\"font-weight: 400;\">De acordo com a CLT, esse adicional corresponde a <\/span><b>30% do sal\u00e1rio-base<\/b><span style=\"font-weight: 400;\"> do empregado. Portanto, n\u00e3o incide sobre gratifica\u00e7\u00f5es, pr\u00eamios ou horas extras, mas sim sobre o sal\u00e1rio puro.<\/span><\/p>\n<p><span style=\"font-weight: 400;\">Al\u00e9m disso, a periculosidade \u00e9 reconhecida sempre que a atividade envolve risco permanente. Dessa maneira, a fun\u00e7\u00e3o de <\/span><b>vigilante<\/b><span style=\"font-weight: 400;\"> se enquadra diretamente nessa condi\u00e7\u00e3o.<\/span><\/p>\n<h2><b>Quem tem direito ao adicional de periculosidade para vigilantes<\/b><\/h2>\n<p><span style=\"font-weight: 400;\">Muitos acreditam que apenas os <\/span><b>vigilantes armados<\/b><span style=\"font-weight: 400;\"> t\u00eam direito ao adicional. Contudo, essa interpreta\u00e7\u00e3o est\u00e1 equivocada.<\/span><\/p>\n<p><span style=\"font-weight: 400;\">Na pr\u00e1tica, tanto o <\/span><b>vigilante armado<\/b><span style=\"font-weight: 400;\"> quanto o <\/span><b>vigilante desarmado<\/b><span style=\"font-weight: 400;\"> possuem direito ao <\/span><b>adicional de periculosidade<\/b><span style=\"font-weight: 400;\">. Isso acontece porque a pr\u00f3pria atividade de <\/span><b>vigil\u00e2ncia<\/b><span style=\"font-weight: 400;\"> j\u00e1 envolve risco constante, seja pela possibilidade de assaltos, agress\u00f5es ou conflitos.<\/span><\/p>\n<p><span style=\"font-weight: 400;\">Assim, n\u00e3o importa se o <\/span><b>vigilante<\/b><span style=\"font-weight: 400;\"> atua em bancos, condom\u00ednios, empresas privadas ou estabelecimentos comerciais. Enquanto exercer a fun\u00e7\u00e3o de <\/span><b>vigil\u00e2ncia patrimonial<\/b><span style=\"font-weight: 400;\"> ou pessoal, o adicional deve ser pago.<\/span><\/p>\n<p><span style=\"font-weight: 400;\">Al\u00e9m disso, porteiros que exercem atividades t\u00edpicas de <\/span><b>vigilantes<\/b><span style=\"font-weight: 400;\"> tamb\u00e9m podem requerer o benef\u00edcio. Entretanto, nesses casos, ser\u00e1 necess\u00e1rio comprovar que o trabalho ultrapassa as fun\u00e7\u00f5es comuns de portaria.<\/span><\/p>\n<h2><b>Como calcular o adicional de periculosidade<\/b><\/h2>\n<p><span style=\"font-weight: 400;\">O c\u00e1lculo do <\/span><b>adicional de periculosidade<\/b><span style=\"font-weight: 400;\"> \u00e9 relativamente simples. Entretanto, muitas empresas se aproveitam da falta de informa\u00e7\u00e3o do trabalhador para pagar errado.<\/span><\/p>\n<p><span style=\"font-weight: 400;\">Exemplo pr\u00e1tico:<\/span><\/p>\n<ul>\n<li style=\"font-weight: 400;\" aria-level=\"1\"><b>Sal\u00e1rio-base do vigilante<\/b><span style=\"font-weight: 400;\">: R$ 2.000,00<\/span><span style=\"font-weight: 400;\">\n<p><\/span><\/li>\n<li style=\"font-weight: 400;\" aria-level=\"1\"><b>Adicional de periculosidade (30%)<\/b><span style=\"font-weight: 400;\">: R$ 600,00<\/span><span style=\"font-weight: 400;\">\n<p><\/span><\/li>\n<li style=\"font-weight: 400;\" aria-level=\"1\"><b>Sal\u00e1rio total com adicional<\/b><span style=\"font-weight: 400;\">: R$ 2.600,00<\/span><span style=\"font-weight: 400;\">\n<p><\/span><\/li>\n<\/ul>\n<p><span style=\"font-weight: 400;\">Al\u00e9m disso, esse adicional tamb\u00e9m impacta em outras verbas. Ou seja, deve refletir no c\u00e1lculo do <\/span><b>13\u00ba sal\u00e1rio, f\u00e9rias + 1\/3, FGTS e verbas rescis\u00f3rias<\/b><span style=\"font-weight: 400;\">.<\/span><\/p>\n<p><span style=\"font-weight: 400;\">Portanto, se a empresa paga apenas sobre o sal\u00e1rio mensal e ignora os reflexos, est\u00e1 cometendo uma irregularidade.<\/span><\/p>\n<h2><b>Diferen\u00e7a entre insalubridade e periculosidade<\/b><\/h2>\n<p><span style=\"font-weight: 400;\">Muitos trabalhadores confundem os dois benef\u00edcios. Entretanto, \u00e9 importante diferenciar:<\/span><\/p>\n<ul>\n<li style=\"font-weight: 400;\" aria-level=\"1\"><span style=\"font-weight: 400;\">O <\/span><b>adicional de insalubridade<\/b><span style=\"font-weight: 400;\"> \u00e9 pago quando o trabalhador est\u00e1 exposto a agentes nocivos \u00e0 sa\u00fade, como ru\u00eddo excessivo ou produtos qu\u00edmicos.<\/span><span style=\"font-weight: 400;\">\n<p><\/span><\/li>\n<li style=\"font-weight: 400;\" aria-level=\"1\"><span style=\"font-weight: 400;\">J\u00e1 o <\/span><b>adicional de periculosidade<\/b><span style=\"font-weight: 400;\"> \u00e9 pago quando h\u00e1 risco direto \u00e0 vida, como no caso do <\/span><b>vigilante<\/b><span style=\"font-weight: 400;\">.<\/span><span style=\"font-weight: 400;\">\n<p><\/span><\/li>\n<\/ul>\n<p><span style=\"font-weight: 400;\">Assim, n\u00e3o \u00e9 poss\u00edvel acumular os dois adicionais. O trabalhador deve receber apenas o mais vantajoso.<\/span><\/p>\n<h2><b>O que fazer se a empresa n\u00e3o pagar o adicional de periculosidade<\/b><\/h2>\n<p><span style=\"font-weight: 400;\">Infelizmente, muitas empresas deixam de pagar o adicional ou calculam de forma incorreta. Nesse caso, o <\/span><b>vigilante<\/b><span style=\"font-weight: 400;\"> n\u00e3o deve aceitar a situa\u00e7\u00e3o passivamente.<\/span><\/p>\n<p><span style=\"font-weight: 400;\">O ideal \u00e9:<\/span><\/p>\n<ol>\n<li style=\"font-weight: 400;\" aria-level=\"1\"><span style=\"font-weight: 400;\">Conferir os contracheques;<\/span><span style=\"font-weight: 400;\">\n<p><\/span><\/li>\n<li style=\"font-weight: 400;\" aria-level=\"1\"><span style=\"font-weight: 400;\">Guardar comprovantes de pagamento;<\/span><span style=\"font-weight: 400;\">\n<p><\/span><\/li>\n<li style=\"font-weight: 400;\" aria-level=\"1\"><span style=\"font-weight: 400;\">Conversar com colegas para verificar se todos est\u00e3o recebendo corretamente;<\/span><span style=\"font-weight: 400;\">\n<p><\/span><\/li>\n<li style=\"font-weight: 400;\" aria-level=\"1\"><span style=\"font-weight: 400;\">Procurar um <\/span><b>advogado trabalhista<\/b><span style=\"font-weight: 400;\"> para analisar a situa\u00e7\u00e3o e calcular os valores devidos.<\/span><span style=\"font-weight: 400;\">\n<p><\/span><\/li>\n<\/ol>\n<p><span style=\"font-weight: 400;\">Assim, se a irregularidade for confirmada, \u00e9 poss\u00edvel entrar com uma <\/span><b>a\u00e7\u00e3o trabalhista<\/b><span style=\"font-weight: 400;\"> e exigir n\u00e3o apenas o adicional, mas tamb\u00e9m os reflexos em <\/span><b>f\u00e9rias, 13\u00ba, FGTS e rescis\u00e3o<\/b><span style=\"font-weight: 400;\">.<\/span><\/p>\n<h2><b>Exemplo pr\u00e1tico de preju\u00edzo financeiro<\/b><\/h2>\n<p><span style=\"font-weight: 400;\">Imagine um <\/span><b>vigilante<\/b><span style=\"font-weight: 400;\"> com <\/span><b>sal\u00e1rio-base<\/b><span style=\"font-weight: 400;\"> de R$ 2.000,00 que trabalhou 5 anos sem receber o <\/span><b>adicional de periculosidade<\/b><span style=\"font-weight: 400;\">. Nesse per\u00edodo, deixou de ganhar aproximadamente R$ 36.000,00 (sem contar reflexos).<\/span><\/p>\n<p><span style=\"font-weight: 400;\">Ou seja, o preju\u00edzo \u00e9 enorme. Al\u00e9m disso, os reflexos em <\/span><b>f\u00e9rias, 13\u00ba e FGTS<\/b><span style=\"font-weight: 400;\"> aumentariam ainda mais esse valor.<\/span><\/p>\n<h2><b>Quer saber se voc\u00ea tem valores a receber?<\/b><\/h2>\n<p><span style=\"font-weight: 400;\">Se voc\u00ea trabalha como <\/span><b>vigilante<\/b><span style=\"font-weight: 400;\"> e desconfia que a empresa n\u00e3o est\u00e1 pagando corretamente, n\u00e3o perca tempo. Cada m\u00eas sem o adicional representa mais dinheiro perdido.<\/span><\/p>\n<p><span style=\"font-weight: 400;\">\ud83d\udc49 Quer calcular exatamente quanto a empresa pode estar devendo? <\/span><a href=\"https:\/\/api.whatsapp.com\/send\/?phone=5531975283687&amp;text&amp;type=phone_number&amp;app_absent=0\"><b>Fale agora mesmo com um advogado trabalhista em Minas Gerais e saiba se voc\u00ea tem direito a indeniza\u00e7\u00e3o.<\/b><\/a><\/p>\n<h2><b>Perguntas Frequentes (FAQ)<\/b><\/h2>\n<ol>\n<li><b> O vigilante desarmado tem direito ao adicional de periculosidade?<\/b><b><br \/>\n<\/b><span style=\"font-weight: 400;\"> Sim. A atividade de <\/span><b>vigil\u00e2ncia<\/b><span style=\"font-weight: 400;\"> \u00e9 perigosa por si s\u00f3, independentemente do uso de arma.<\/span><\/li>\n<li><b> O adicional deve refletir em f\u00e9rias e 13\u00ba sal\u00e1rio?<\/b><b><br \/>\n<\/b><span style=\"font-weight: 400;\"> Sim. Al\u00e9m disso, tamb\u00e9m reflete em <\/span><b>FGTS<\/b><span style=\"font-weight: 400;\"> e <\/span><b>verbas rescis\u00f3rias<\/b><span style=\"font-weight: 400;\">.<\/span><\/li>\n<li><b> A empresa pode pagar apenas parte do adicional de periculosidade?<\/b><b><br \/>\n<\/b><span style=\"font-weight: 400;\"> N\u00e3o. O valor \u00e9 fixo de <\/span><b>30% sobre o sal\u00e1rio-base<\/b><span style=\"font-weight: 400;\">.<\/span><\/li>\n<li><b> O porteiro tem direito ao adicional?<\/b><b><br \/>\n<\/b><span style=\"font-weight: 400;\"> Depende. Se o porteiro exercer fun\u00e7\u00f5es t\u00edpicas de <\/span><b>vigilante<\/b><span style=\"font-weight: 400;\">, pode sim ter direito.<\/span><\/li>\n<li><b> \u00c9 poss\u00edvel receber insalubridade e periculosidade juntos?<\/b><b><br \/>\n<\/b><span style=\"font-weight: 400;\"> N\u00e3o. O trabalhador deve optar pelo adicional mais vantajoso.<\/span><\/li>\n<\/ol>\n<h2><b>Conclus\u00e3o<\/b><\/h2>\n<p><span style=\"font-weight: 400;\">O <\/span><b>adicional de periculosidade para vigilantes<\/b><span style=\"font-weight: 400;\"> \u00e9 um direito garantido por lei e n\u00e3o pode ser negado pela empresa.<\/span><\/p>\n<p><span style=\"font-weight: 400;\">Em resumo, tanto <\/span><b>vigilantes armados<\/b><span style=\"font-weight: 400;\"> quanto <\/span><b>desarmados<\/b><span style=\"font-weight: 400;\"> devem receber os <\/span><b>30% sobre o sal\u00e1rio-base<\/b><span style=\"font-weight: 400;\">, com reflexos em todas as verbas trabalhistas. Se a empresa n\u00e3o paga corretamente, a solu\u00e7\u00e3o \u00e9 procurar ajuda de um <\/span><b>advogado trabalhista<\/b><span style=\"font-weight: 400;\">.<\/span><\/p>\n<p><span style=\"font-weight: 400;\">\ud83d\udc49 <\/span><a href=\"https:\/\/api.whatsapp.com\/send\/?phone=5531975283687&amp;text&amp;type=phone_number&amp;app_absent=0\"><b>Entre em contato agora mesmo com um advogado trabalhista em Contagem e descubra se voc\u00ea tem valores a receber!<\/b><\/a><\/p>\n<p><span style=\"font-weight: 400;\">\ud83d\udd17 Leia tamb\u00e9m:<\/span> <a href=\"https:\/\/carvalhoadvogado.aliamkt.com\/index.php\/2025\/09\/15\/direitos-trabalhistas-do-vigilante-o-que-a-clt-e-a-convencao-coletiva-garantem\/\"><span style=\"font-weight: 400;\">Direitos trabalhistas do vigilante: o que a CLT e a conven\u00e7\u00e3o coletiva garantem<\/span><\/a><\/p>\n<p><a href=\"https:\/\/api.whatsapp.com\/send\/?phone=5531975283687&amp;text&amp;type=phone_number&amp;app_absent=0\"><b>Fale agora com um advogado trabalhista em Contagem e descubra se voc\u00ea tem direito a receber insalubridade.<\/b><\/a><\/p>\n<p><span style=\"font-weight: 400;\">\u00a0<\/span><\/p>\n<p><b>Fale com o Dr. Pedro Carvalho!<\/b><\/p>\n<p><b>Clique no bot\u00e3o abaixo e obtenha a orienta\u00e7\u00e3o jur\u00eddica que voc\u00ea precisa para resolver suas quest\u00f5es com seguran\u00e7a e confian\u00e7a.\u00a0<\/b><\/p>\n<p><a href=\"https:\/\/wa.me\/5531975283687\"><b>Fale comigo agora mesmo<\/b><\/a><\/p>\n<p><b>Siga-nos na rede social, @pedroncarvalhoadv, e fique por dentro das \u00faltimas novidades!<\/b><\/p>\n<p><a href=\"https:\/\/carvalhoadvogado.aliamkt.com\/index.php\/2025\/05\/07\/processar-a-empresa-trabalhando-mito-ou-direito-seu\/\"><b>revers\u00e3o da demiss\u00e3o por justa causa.<\/b><\/a><\/p>\n","protected":false},"excerpt":{"rendered":"<p>Introdu\u00e7\u00e3o O trabalho de vigilante \u00e9, sem d\u00favida, uma das profiss\u00f5es mais arriscadas do mercado. Afinal, diariamente esses profissionais enfrentam situa\u00e7\u00f5es de perigo para proteger vidas e patrim\u00f4nios. Portanto, n\u00e3o \u00e9 por acaso que a lei garante o adicional de periculosidade para vigilantes. Apesar disso, muitas empresas ainda tentam negar ou reduzir esse pagamento. No [&hellip;]<\/p>\n","protected":false},"author":1,"featured_media":1313,"comment_status":"open","ping_status":"open","sticky":false,"template":"","format":"standard","meta":{"_joinchat":[],"footnotes":""},"categories":[6],"tags":[],"class_list":["post-1312","post","type-post","status-publish","format-standard","has-post-thumbnail","hentry","category-direito-trabalhista"],"yoast_head":"<!-- This site is optimized with the Yoast SEO plugin v27.5 - https:\/\/yoast.com\/product\/yoast-seo-wordpress\/ -->\n<title>Adicional de periculosidade para vigilantes: quem tem direito e como calcular - Pedro Carvalho Advogado Trabalhista<\/title>\n<meta name=\"description\" content=\"Descubra tudo sobre o adicional de periculosidade para vigilantes. Saiba quem tem direito, como calcular e o que fazer se a empresa n\u00e3o pagar.\" \/>\n<meta name=\"robots\" content=\"index, follow, max-snippet:-1, max-image-preview:large, max-video-preview:-1\" \/>\n<link rel=\"canonical\" href=\"https:\/\/carvalhoadvogado.aliamkt.com\/index.php\/2025\/09\/24\/adicional-de-periculosidade-para-vigilantes-quem-tem-direito-e-como-calcular\/\" \/>\n<meta property=\"og:locale\" content=\"pt_BR\" \/>\n<meta property=\"og:type\" content=\"article\" \/>\n<meta property=\"og:title\" content=\"Adicional de periculosidade para vigilantes: quem tem direito e como calcular - Pedro Carvalho Advogado Trabalhista\" \/>\n<meta property=\"og:description\" content=\"Descubra tudo sobre o adicional de periculosidade para vigilantes. Saiba quem tem direito, como calcular e o que fazer se a empresa n\u00e3o pagar.\" \/>\n<meta property=\"og:url\" content=\"https:\/\/carvalhoadvogado.aliamkt.com\/index.php\/2025\/09\/24\/adicional-de-periculosidade-para-vigilantes-quem-tem-direito-e-como-calcular\/\" \/>\n<meta property=\"og:site_name\" content=\"Pedro Carvalho Advogado Trabalhista\" \/>\n<meta property=\"article:published_time\" content=\"2025-09-24T13:44:37+00:00\" \/>\n<meta property=\"og:image\" content=\"https:\/\/carvalhoadvogado.aliamkt.com\/wp-content\/uploads\/2025\/09\/advogado-trabalhista-telefone.jpg\" \/>\n\t<meta property=\"og:image:width\" content=\"280\" \/>\n\t<meta property=\"og:image:height\" content=\"495\" \/>\n\t<meta property=\"og:image:type\" content=\"image\/jpeg\" \/>\n<meta name=\"author\" content=\"lailacarvalhoadv\" \/>\n<meta name=\"twitter:card\" content=\"summary_large_image\" \/>\n<meta name=\"twitter:label1\" content=\"Escrito por\" \/>\n\t<meta name=\"twitter:data1\" content=\"lailacarvalhoadv\" \/>\n\t<meta name=\"twitter:label2\" content=\"Est. tempo de leitura\" \/>\n\t<meta name=\"twitter:data2\" content=\"6 minutos\" \/>\n<script type=\"application\/ld+json\" class=\"yoast-schema-graph\">{\"@context\":\"https:\\\/\\\/schema.org\",\"@graph\":[{\"@type\":\"Article\",\"@id\":\"https:\\\/\\\/carvalhoadvogado.aliamkt.com\\\/index.php\\\/2025\\\/09\\\/24\\\/adicional-de-periculosidade-para-vigilantes-quem-tem-direito-e-como-calcular\\\/#article\",\"isPartOf\":{\"@id\":\"https:\\\/\\\/carvalhoadvogado.aliamkt.com\\\/index.php\\\/2025\\\/09\\\/24\\\/adicional-de-periculosidade-para-vigilantes-quem-tem-direito-e-como-calcular\\\/\"},\"author\":{\"name\":\"lailacarvalhoadv\",\"@id\":\"https:\\\/\\\/carvalhoadvogado.aliamkt.com\\\/#\\\/schema\\\/person\\\/8f4d67ba57d6160ee802836a319bd8eb\"},\"headline\":\"Adicional de periculosidade para vigilantes: quem tem direito e como calcular\",\"datePublished\":\"2025-09-24T13:44:37+00:00\",\"mainEntityOfPage\":{\"@id\":\"https:\\\/\\\/carvalhoadvogado.aliamkt.com\\\/index.php\\\/2025\\\/09\\\/24\\\/adicional-de-periculosidade-para-vigilantes-quem-tem-direito-e-como-calcular\\\/\"},\"wordCount\":1039,\"commentCount\":0,\"publisher\":{\"@id\":\"https:\\\/\\\/carvalhoadvogado.aliamkt.com\\\/#organization\"},\"image\":{\"@id\":\"https:\\\/\\\/carvalhoadvogado.aliamkt.com\\\/index.php\\\/2025\\\/09\\\/24\\\/adicional-de-periculosidade-para-vigilantes-quem-tem-direito-e-como-calcular\\\/#primaryimage\"},\"thumbnailUrl\":\"https:\\\/\\\/carvalhoadvogado.aliamkt.com\\\/wp-content\\\/uploads\\\/2025\\\/09\\\/advogado-trabalhista-telefone.jpg\",\"articleSection\":[\"Direito Trabalhista\"],\"inLanguage\":\"pt-BR\",\"potentialAction\":[{\"@type\":\"CommentAction\",\"name\":\"Comment\",\"target\":[\"https:\\\/\\\/carvalhoadvogado.aliamkt.com\\\/index.php\\\/2025\\\/09\\\/24\\\/adicional-de-periculosidade-para-vigilantes-quem-tem-direito-e-como-calcular\\\/#respond\"]}]},{\"@type\":\"WebPage\",\"@id\":\"https:\\\/\\\/carvalhoadvogado.aliamkt.com\\\/index.php\\\/2025\\\/09\\\/24\\\/adicional-de-periculosidade-para-vigilantes-quem-tem-direito-e-como-calcular\\\/\",\"url\":\"https:\\\/\\\/carvalhoadvogado.aliamkt.com\\\/index.php\\\/2025\\\/09\\\/24\\\/adicional-de-periculosidade-para-vigilantes-quem-tem-direito-e-como-calcular\\\/\",\"name\":\"Adicional de periculosidade para vigilantes: quem tem direito e como calcular - Pedro Carvalho Advogado Trabalhista\",\"isPartOf\":{\"@id\":\"https:\\\/\\\/carvalhoadvogado.aliamkt.com\\\/#website\"},\"primaryImageOfPage\":{\"@id\":\"https:\\\/\\\/carvalhoadvogado.aliamkt.com\\\/index.php\\\/2025\\\/09\\\/24\\\/adicional-de-periculosidade-para-vigilantes-quem-tem-direito-e-como-calcular\\\/#primaryimage\"},\"image\":{\"@id\":\"https:\\\/\\\/carvalhoadvogado.aliamkt.com\\\/index.php\\\/2025\\\/09\\\/24\\\/adicional-de-periculosidade-para-vigilantes-quem-tem-direito-e-como-calcular\\\/#primaryimage\"},\"thumbnailUrl\":\"https:\\\/\\\/carvalhoadvogado.aliamkt.com\\\/wp-content\\\/uploads\\\/2025\\\/09\\\/advogado-trabalhista-telefone.jpg\",\"datePublished\":\"2025-09-24T13:44:37+00:00\",\"description\":\"Descubra tudo sobre o adicional de periculosidade para vigilantes. Saiba quem tem direito, como calcular e o que fazer se a empresa n\u00e3o pagar.\",\"breadcrumb\":{\"@id\":\"https:\\\/\\\/carvalhoadvogado.aliamkt.com\\\/index.php\\\/2025\\\/09\\\/24\\\/adicional-de-periculosidade-para-vigilantes-quem-tem-direito-e-como-calcular\\\/#breadcrumb\"},\"inLanguage\":\"pt-BR\",\"potentialAction\":[{\"@type\":\"ReadAction\",\"target\":[\"https:\\\/\\\/carvalhoadvogado.aliamkt.com\\\/index.php\\\/2025\\\/09\\\/24\\\/adicional-de-periculosidade-para-vigilantes-quem-tem-direito-e-como-calcular\\\/\"]}]},{\"@type\":\"ImageObject\",\"inLanguage\":\"pt-BR\",\"@id\":\"https:\\\/\\\/carvalhoadvogado.aliamkt.com\\\/index.php\\\/2025\\\/09\\\/24\\\/adicional-de-periculosidade-para-vigilantes-quem-tem-direito-e-como-calcular\\\/#primaryimage\",\"url\":\"https:\\\/\\\/carvalhoadvogado.aliamkt.com\\\/wp-content\\\/uploads\\\/2025\\\/09\\\/advogado-trabalhista-telefone.jpg\",\"contentUrl\":\"https:\\\/\\\/carvalhoadvogado.aliamkt.com\\\/wp-content\\\/uploads\\\/2025\\\/09\\\/advogado-trabalhista-telefone.jpg\",\"width\":280,\"height\":495},{\"@type\":\"BreadcrumbList\",\"@id\":\"https:\\\/\\\/carvalhoadvogado.aliamkt.com\\\/index.php\\\/2025\\\/09\\\/24\\\/adicional-de-periculosidade-para-vigilantes-quem-tem-direito-e-como-calcular\\\/#breadcrumb\",\"itemListElement\":[{\"@type\":\"ListItem\",\"position\":1,\"name\":\"In\u00edcio\",\"item\":\"https:\\\/\\\/carvalhoadvogado.aliamkt.com\\\/\"},{\"@type\":\"ListItem\",\"position\":2,\"name\":\"Adicional de periculosidade para vigilantes: quem tem direito e como calcular\"}]},{\"@type\":\"WebSite\",\"@id\":\"https:\\\/\\\/carvalhoadvogado.aliamkt.com\\\/#website\",\"url\":\"https:\\\/\\\/carvalhoadvogado.aliamkt.com\\\/\",\"name\":\"Pedro Carvalho Advogado\",\"description\":\"Advogado Trabalhista\",\"publisher\":{\"@id\":\"https:\\\/\\\/carvalhoadvogado.aliamkt.com\\\/#organization\"},\"potentialAction\":[{\"@type\":\"SearchAction\",\"target\":{\"@type\":\"EntryPoint\",\"urlTemplate\":\"https:\\\/\\\/carvalhoadvogado.aliamkt.com\\\/?s={search_term_string}\"},\"query-input\":{\"@type\":\"PropertyValueSpecification\",\"valueRequired\":true,\"valueName\":\"search_term_string\"}}],\"inLanguage\":\"pt-BR\"},{\"@type\":\"Organization\",\"@id\":\"https:\\\/\\\/carvalhoadvogado.aliamkt.com\\\/#organization\",\"name\":\"Pedro Carvalho Advogado\",\"url\":\"https:\\\/\\\/carvalhoadvogado.aliamkt.com\\\/\",\"logo\":{\"@type\":\"ImageObject\",\"inLanguage\":\"pt-BR\",\"@id\":\"https:\\\/\\\/carvalhoadvogado.aliamkt.com\\\/#\\\/schema\\\/logo\\\/image\\\/\",\"url\":\"https:\\\/\\\/carvalhoadvogado.aliamkt.com\\\/wp-content\\\/uploads\\\/2024\\\/06\\\/Logo-azul.png\",\"contentUrl\":\"https:\\\/\\\/carvalhoadvogado.aliamkt.com\\\/wp-content\\\/uploads\\\/2024\\\/06\\\/Logo-azul.png\",\"width\":500,\"height\":500,\"caption\":\"Pedro Carvalho Advogado\"},\"image\":{\"@id\":\"https:\\\/\\\/carvalhoadvogado.aliamkt.com\\\/#\\\/schema\\\/logo\\\/image\\\/\"}},{\"@type\":\"Person\",\"@id\":\"https:\\\/\\\/carvalhoadvogado.aliamkt.com\\\/#\\\/schema\\\/person\\\/8f4d67ba57d6160ee802836a319bd8eb\",\"name\":\"lailacarvalhoadv\",\"image\":{\"@type\":\"ImageObject\",\"inLanguage\":\"pt-BR\",\"@id\":\"https:\\\/\\\/secure.gravatar.com\\\/avatar\\\/a60961139a792fb5ca701fab485f653a1b3cc37cf8dbd4937b4134105caf5369?s=96&d=mm&r=g\",\"url\":\"https:\\\/\\\/secure.gravatar.com\\\/avatar\\\/a60961139a792fb5ca701fab485f653a1b3cc37cf8dbd4937b4134105caf5369?s=96&d=mm&r=g\",\"contentUrl\":\"https:\\\/\\\/secure.gravatar.com\\\/avatar\\\/a60961139a792fb5ca701fab485f653a1b3cc37cf8dbd4937b4134105caf5369?s=96&d=mm&r=g\",\"caption\":\"lailacarvalhoadv\"},\"sameAs\":[\"https:\\\/\\\/carvalhoadvogado.aliamkt.com\"],\"url\":\"https:\\\/\\\/carvalhoadvogado.aliamkt.com\\\/index.php\\\/author\\\/lailacarvalhoadv\\\/\"}]}<\/script>\n<!-- \/ Yoast SEO plugin. -->","yoast_head_json":{"title":"Adicional de periculosidade para vigilantes: quem tem direito e como calcular - Pedro Carvalho Advogado Trabalhista","description":"Descubra tudo sobre o adicional de periculosidade para vigilantes. Saiba quem tem direito, como calcular e o que fazer se a empresa n\u00e3o pagar.","robots":{"index":"index","follow":"follow","max-snippet":"max-snippet:-1","max-image-preview":"max-image-preview:large","max-video-preview":"max-video-preview:-1"},"canonical":"https:\/\/carvalhoadvogado.aliamkt.com\/index.php\/2025\/09\/24\/adicional-de-periculosidade-para-vigilantes-quem-tem-direito-e-como-calcular\/","og_locale":"pt_BR","og_type":"article","og_title":"Adicional de periculosidade para vigilantes: quem tem direito e como calcular - Pedro Carvalho Advogado Trabalhista","og_description":"Descubra tudo sobre o adicional de periculosidade para vigilantes. Saiba quem tem direito, como calcular e o que fazer se a empresa n\u00e3o pagar.","og_url":"https:\/\/carvalhoadvogado.aliamkt.com\/index.php\/2025\/09\/24\/adicional-de-periculosidade-para-vigilantes-quem-tem-direito-e-como-calcular\/","og_site_name":"Pedro Carvalho Advogado Trabalhista","article_published_time":"2025-09-24T13:44:37+00:00","og_image":[{"width":280,"height":495,"url":"https:\/\/carvalhoadvogado.aliamkt.com\/wp-content\/uploads\/2025\/09\/advogado-trabalhista-telefone.jpg","type":"image\/jpeg"}],"author":"lailacarvalhoadv","twitter_card":"summary_large_image","twitter_misc":{"Escrito por":"lailacarvalhoadv","Est. tempo de leitura":"6 minutos"},"schema":{"@context":"https:\/\/schema.org","@graph":[{"@type":"Article","@id":"https:\/\/carvalhoadvogado.aliamkt.com\/index.php\/2025\/09\/24\/adicional-de-periculosidade-para-vigilantes-quem-tem-direito-e-como-calcular\/#article","isPartOf":{"@id":"https:\/\/carvalhoadvogado.aliamkt.com\/index.php\/2025\/09\/24\/adicional-de-periculosidade-para-vigilantes-quem-tem-direito-e-como-calcular\/"},"author":{"name":"lailacarvalhoadv","@id":"https:\/\/carvalhoadvogado.aliamkt.com\/#\/schema\/person\/8f4d67ba57d6160ee802836a319bd8eb"},"headline":"Adicional de periculosidade para vigilantes: quem tem direito e como calcular","datePublished":"2025-09-24T13:44:37+00:00","mainEntityOfPage":{"@id":"https:\/\/carvalhoadvogado.aliamkt.com\/index.php\/2025\/09\/24\/adicional-de-periculosidade-para-vigilantes-quem-tem-direito-e-como-calcular\/"},"wordCount":1039,"commentCount":0,"publisher":{"@id":"https:\/\/carvalhoadvogado.aliamkt.com\/#organization"},"image":{"@id":"https:\/\/carvalhoadvogado.aliamkt.com\/index.php\/2025\/09\/24\/adicional-de-periculosidade-para-vigilantes-quem-tem-direito-e-como-calcular\/#primaryimage"},"thumbnailUrl":"https:\/\/carvalhoadvogado.aliamkt.com\/wp-content\/uploads\/2025\/09\/advogado-trabalhista-telefone.jpg","articleSection":["Direito Trabalhista"],"inLanguage":"pt-BR","potentialAction":[{"@type":"CommentAction","name":"Comment","target":["https:\/\/carvalhoadvogado.aliamkt.com\/index.php\/2025\/09\/24\/adicional-de-periculosidade-para-vigilantes-quem-tem-direito-e-como-calcular\/#respond"]}]},{"@type":"WebPage","@id":"https:\/\/carvalhoadvogado.aliamkt.com\/index.php\/2025\/09\/24\/adicional-de-periculosidade-para-vigilantes-quem-tem-direito-e-como-calcular\/","url":"https:\/\/carvalhoadvogado.aliamkt.com\/index.php\/2025\/09\/24\/adicional-de-periculosidade-para-vigilantes-quem-tem-direito-e-como-calcular\/","name":"Adicional de periculosidade para vigilantes: quem tem direito e como calcular - Pedro Carvalho Advogado Trabalhista","isPartOf":{"@id":"https:\/\/carvalhoadvogado.aliamkt.com\/#website"},"primaryImageOfPage":{"@id":"https:\/\/carvalhoadvogado.aliamkt.com\/index.php\/2025\/09\/24\/adicional-de-periculosidade-para-vigilantes-quem-tem-direito-e-como-calcular\/#primaryimage"},"image":{"@id":"https:\/\/carvalhoadvogado.aliamkt.com\/index.php\/2025\/09\/24\/adicional-de-periculosidade-para-vigilantes-quem-tem-direito-e-como-calcular\/#primaryimage"},"thumbnailUrl":"https:\/\/carvalhoadvogado.aliamkt.com\/wp-content\/uploads\/2025\/09\/advogado-trabalhista-telefone.jpg","datePublished":"2025-09-24T13:44:37+00:00","description":"Descubra tudo sobre o adicional de periculosidade para vigilantes. Saiba quem tem direito, como calcular e o que fazer se a empresa n\u00e3o pagar.","breadcrumb":{"@id":"https:\/\/carvalhoadvogado.aliamkt.com\/index.php\/2025\/09\/24\/adicional-de-periculosidade-para-vigilantes-quem-tem-direito-e-como-calcular\/#breadcrumb"},"inLanguage":"pt-BR","potentialAction":[{"@type":"ReadAction","target":["https:\/\/carvalhoadvogado.aliamkt.com\/index.php\/2025\/09\/24\/adicional-de-periculosidade-para-vigilantes-quem-tem-direito-e-como-calcular\/"]}]},{"@type":"ImageObject","inLanguage":"pt-BR","@id":"https:\/\/carvalhoadvogado.aliamkt.com\/index.php\/2025\/09\/24\/adicional-de-periculosidade-para-vigilantes-quem-tem-direito-e-como-calcular\/#primaryimage","url":"https:\/\/carvalhoadvogado.aliamkt.com\/wp-content\/uploads\/2025\/09\/advogado-trabalhista-telefone.jpg","contentUrl":"https:\/\/carvalhoadvogado.aliamkt.com\/wp-content\/uploads\/2025\/09\/advogado-trabalhista-telefone.jpg","width":280,"height":495},{"@type":"BreadcrumbList","@id":"https:\/\/carvalhoadvogado.aliamkt.com\/index.php\/2025\/09\/24\/adicional-de-periculosidade-para-vigilantes-quem-tem-direito-e-como-calcular\/#breadcrumb","itemListElement":[{"@type":"ListItem","position":1,"name":"In\u00edcio","item":"https:\/\/carvalhoadvogado.aliamkt.com\/"},{"@type":"ListItem","position":2,"name":"Adicional de periculosidade para vigilantes: quem tem direito e como calcular"}]},{"@type":"WebSite","@id":"https:\/\/carvalhoadvogado.aliamkt.com\/#website","url":"https:\/\/carvalhoadvogado.aliamkt.com\/","name":"Pedro Carvalho Advogado","description":"Advogado Trabalhista","publisher":{"@id":"https:\/\/carvalhoadvogado.aliamkt.com\/#organization"},"potentialAction":[{"@type":"SearchAction","target":{"@type":"EntryPoint","urlTemplate":"https:\/\/carvalhoadvogado.aliamkt.com\/?s={search_term_string}"},"query-input":{"@type":"PropertyValueSpecification","valueRequired":true,"valueName":"search_term_string"}}],"inLanguage":"pt-BR"},{"@type":"Organization","@id":"https:\/\/carvalhoadvogado.aliamkt.com\/#organization","name":"Pedro Carvalho Advogado","url":"https:\/\/carvalhoadvogado.aliamkt.com\/","logo":{"@type":"ImageObject","inLanguage":"pt-BR","@id":"https:\/\/carvalhoadvogado.aliamkt.com\/#\/schema\/logo\/image\/","url":"https:\/\/carvalhoadvogado.aliamkt.com\/wp-content\/uploads\/2024\/06\/Logo-azul.png","contentUrl":"https:\/\/carvalhoadvogado.aliamkt.com\/wp-content\/uploads\/2024\/06\/Logo-azul.png","width":500,"height":500,"caption":"Pedro Carvalho Advogado"},"image":{"@id":"https:\/\/carvalhoadvogado.aliamkt.com\/#\/schema\/logo\/image\/"}},{"@type":"Person","@id":"https:\/\/carvalhoadvogado.aliamkt.com\/#\/schema\/person\/8f4d67ba57d6160ee802836a319bd8eb","name":"lailacarvalhoadv","image":{"@type":"ImageObject","inLanguage":"pt-BR","@id":"https:\/\/secure.gravatar.com\/avatar\/a60961139a792fb5ca701fab485f653a1b3cc37cf8dbd4937b4134105caf5369?s=96&d=mm&r=g","url":"https:\/\/secure.gravatar.com\/avatar\/a60961139a792fb5ca701fab485f653a1b3cc37cf8dbd4937b4134105caf5369?s=96&d=mm&r=g","contentUrl":"https:\/\/secure.gravatar.com\/avatar\/a60961139a792fb5ca701fab485f653a1b3cc37cf8dbd4937b4134105caf5369?s=96&d=mm&r=g","caption":"lailacarvalhoadv"},"sameAs":["https:\/\/carvalhoadvogado.aliamkt.com"],"url":"https:\/\/carvalhoadvogado.aliamkt.com\/index.php\/author\/lailacarvalhoadv\/"}]}},"_links":{"self":[{"href":"https:\/\/carvalhoadvogado.aliamkt.com\/index.php\/wp-json\/wp\/v2\/posts\/1312","targetHints":{"allow":["GET"]}}],"collection":[{"href":"https:\/\/carvalhoadvogado.aliamkt.com\/index.php\/wp-json\/wp\/v2\/posts"}],"about":[{"href":"https:\/\/carvalhoadvogado.aliamkt.com\/index.php\/wp-json\/wp\/v2\/types\/post"}],"author":[{"embeddable":true,"href":"https:\/\/carvalhoadvogado.aliamkt.com\/index.php\/wp-json\/wp\/v2\/users\/1"}],"replies":[{"embeddable":true,"href":"https:\/\/carvalhoadvogado.aliamkt.com\/index.php\/wp-json\/wp\/v2\/comments?post=1312"}],"version-history":[{"count":1,"href":"https:\/\/carvalhoadvogado.aliamkt.com\/index.php\/wp-json\/wp\/v2\/posts\/1312\/revisions"}],"predecessor-version":[{"id":1314,"href":"https:\/\/carvalhoadvogado.aliamkt.com\/index.php\/wp-json\/wp\/v2\/posts\/1312\/revisions\/1314"}],"wp:featuredmedia":[{"embeddable":true,"href":"https:\/\/carvalhoadvogado.aliamkt.com\/index.php\/wp-json\/wp\/v2\/media\/1313"}],"wp:attachment":[{"href":"https:\/\/carvalhoadvogado.aliamkt.com\/index.php\/wp-json\/wp\/v2\/media?parent=1312"}],"wp:term":[{"taxonomy":"category","embeddable":true,"href":"https:\/\/carvalhoadvogado.aliamkt.com\/index.php\/wp-json\/wp\/v2\/categories?post=1312"},{"taxonomy":"post_tag","embeddable":true,"href":"https:\/\/carvalhoadvogado.aliamkt.com\/index.php\/wp-json\/wp\/v2\/tags?post=1312"}],"curies":[{"name":"wp","href":"https:\/\/api.w.org\/{rel}","templated":true}]}}