{"id":1376,"date":"2025-10-17T10:18:45","date_gmt":"2025-10-17T13:18:45","guid":{"rendered":"https:\/\/carvalhoadvogado.aliamkt.com\/?p=1376"},"modified":"2025-10-17T10:18:45","modified_gmt":"2025-10-17T13:18:45","slug":"fui-demitido-e-nao-recebi-nada-veja-o-que-fazer-agora","status":"publish","type":"post","link":"https:\/\/carvalhoadvogado.aliamkt.com\/index.php\/2025\/10\/17\/fui-demitido-e-nao-recebi-nada-veja-o-que-fazer-agora\/","title":{"rendered":"Fui Demitido e N\u00e3o Recebi Nada: Veja o Que Fazer AGORA!"},"content":{"rendered":"<h2><b>Introdu\u00e7\u00e3o<\/b><\/h2>\n<p><span style=\"font-weight: 400;\">Ser <\/span><b>demitido<\/b><span style=\"font-weight: 400;\"> j\u00e1 \u00e9 uma situa\u00e7\u00e3o dif\u00edcil. No entanto, quando a empresa <\/span><b>n\u00e3o paga nada na rescis\u00e3o<\/b><span style=\"font-weight: 400;\">, o problema se transforma em um verdadeiro pesadelo.\u00a0<\/span><\/p>\n<p><span style=\"font-weight: 400;\"><br \/>\n<\/span><span style=\"font-weight: 400;\">Infelizmente, essa \u00e9 uma realidade mais comum do que se imagina. <\/span><b>Muitos trabalhadores<\/b><span style=\"font-weight: 400;\"> acabam ficando sem receber <\/span><b>sal\u00e1rio, f\u00e9rias, FGTS, 13\u00ba e at\u00e9 o seguro-desemprego<\/b><span style=\"font-weight: 400;\">.<\/span><\/p>\n<p><span style=\"font-weight: 400;\">Mas calma!<\/span><\/p>\n<p><b><br \/>\n<\/b><b>Por mais injusto que pare\u00e7a<\/b><span style=\"font-weight: 400;\">, a <\/span><b>lei trabalhista<\/b><span style=\"font-weight: 400;\"> est\u00e1 do seu lado. Portanto, se isso aconteceu com voc\u00ea, existem <\/span><b>passos imediatos<\/b><span style=\"font-weight: 400;\"> que podem garantir o pagamento do que \u00e9 seu <\/span><b>por direito<\/b><span style=\"font-weight: 400;\">.<\/span><\/p>\n<h2><b>1. Entenda o que a empresa deve pagar na demiss\u00e3o<\/b><\/h2>\n<p><span style=\"font-weight: 400;\">Antes de qualquer provid\u00eancia, \u00e9 essencial compreender <\/span><b>quais s\u00e3o as verbas rescis\u00f3rias obrigat\u00f3rias<\/b><span style=\"font-weight: 400;\"> que devem ser pagas ao trabalhador <\/span><b>demitido<\/b><span style=\"font-weight: 400;\">.<\/span><\/p>\n<p><span style=\"font-weight: 400;\"><br \/>\n<\/span><span style=\"font-weight: 400;\">Afinal, sem saber o que \u00e9 devido, fica mais dif\u00edcil identificar o que foi sonegado.<\/span><\/p>\n<h3><b>Se foi demitido sem justa causa, voc\u00ea tem direito a:<\/b><\/h3>\n<ul>\n<li style=\"font-weight: 400;\" aria-level=\"1\"><b>Saldo de sal\u00e1rio<\/b><span style=\"font-weight: 400;\"> (pelos dias trabalhados no m\u00eas da <\/span><b>demiss\u00e3o<\/b><span style=\"font-weight: 400;\">);<\/span><span style=\"font-weight: 400;\">\n<p><\/span><\/li>\n<li style=\"font-weight: 400;\" aria-level=\"1\"><b>Aviso pr\u00e9vio<\/b><span style=\"font-weight: 400;\"> (trabalhado ou indenizado);<\/span><span style=\"font-weight: 400;\">\n<p><\/span><\/li>\n<li style=\"font-weight: 400;\" aria-level=\"1\"><b>13\u00ba sal\u00e1rio proporcional<\/b><span style=\"font-weight: 400;\">;<\/span><span style=\"font-weight: 400;\">\n<p><\/span><\/li>\n<li style=\"font-weight: 400;\" aria-level=\"1\"><b>F\u00e9rias vencidas e proporcionais<\/b><span style=\"font-weight: 400;\"> + 1\/3 constitucional;<\/span><span style=\"font-weight: 400;\">\n<p><\/span><\/li>\n<li style=\"font-weight: 400;\" aria-level=\"1\"><b>Multa de 40% do FGTS<\/b><span style=\"font-weight: 400;\">;<\/span><span style=\"font-weight: 400;\">\n<p><\/span><\/li>\n<li style=\"font-weight: 400;\" aria-level=\"1\"><b>Saque do FGTS<\/b><span style=\"font-weight: 400;\">;<\/span><span style=\"font-weight: 400;\">\n<p><\/span><\/li>\n<li style=\"font-weight: 400;\" aria-level=\"1\"><b>Guias para seguro-desemprego<\/b><span style=\"font-weight: 400;\">.<\/span><span style=\"font-weight: 400;\">\n<p><\/span><\/li>\n<\/ul>\n<h3><b>Se pediu demiss\u00e3o:<\/b><\/h3>\n<ul>\n<li style=\"font-weight: 400;\" aria-level=\"1\"><b>Saldo de sal\u00e1rio<\/b><span style=\"font-weight: 400;\">;<\/span><span style=\"font-weight: 400;\">\n<p><\/span><\/li>\n<li style=\"font-weight: 400;\" aria-level=\"1\"><b>F\u00e9rias vencidas e proporcionais<\/b><span style=\"font-weight: 400;\"> + 1\/3;<\/span><span style=\"font-weight: 400;\">\n<p><\/span><\/li>\n<li style=\"font-weight: 400;\" aria-level=\"1\"><b>13\u00ba proporcional<\/b><span style=\"font-weight: 400;\">.<\/span><span style=\"font-weight: 400;\"><br \/>\n<\/span> <i><span style=\"font-weight: 400;\">(Sem direito \u00e0 multa do <\/span><\/i><b><i>FGTS<\/i><\/b><i><span style=\"font-weight: 400;\"> nem ao <\/span><\/i><b><i>seguro-desemprego<\/i><\/b><i><span style=\"font-weight: 400;\">.)<\/span><\/i><i><span style=\"font-weight: 400;\"><\/p>\n<p><\/span><\/i><\/li>\n<\/ul>\n<p><span style=\"font-weight: 400;\">Ou seja, conhecer essa lista \u00e9 o primeiro passo para <\/span><b>detectar se a empresa te deve algo<\/b><span style=\"font-weight: 400;\">.<\/span><span style=\"font-weight: 400;\"><br \/>\n<\/span><span style=\"font-weight: 400;\">Al\u00e9m disso, essa informa\u00e7\u00e3o ser\u00e1 fundamental no c\u00e1lculo do valor total da <\/span><b>rescis\u00e3o<\/b><span style=\"font-weight: 400;\">.<\/span><\/p>\n<h2><b>2. Prazo para pagamento das verbas rescis\u00f3rias<\/b><\/h2>\n<p><span style=\"font-weight: 400;\">Ap\u00f3s a <\/span><b>demiss\u00e3o<\/b><span style=\"font-weight: 400;\">, a empresa tem <\/span><b>at\u00e9 10 dias corridos<\/b><span style=\"font-weight: 400;\"> para realizar o pagamento de <\/span><b>todas as verbas rescis\u00f3rias<\/b><span style=\"font-weight: 400;\"> (art. 477, \u00a76\u00ba da CLT).<\/span><\/p>\n<p><b>Caso esse prazo seja descumprido<\/b><span style=\"font-weight: 400;\">, o trabalhador passa a ter direito a uma <\/span><b>multa equivalente a um sal\u00e1rio completo<\/b><span style=\"font-weight: 400;\">, conforme o \u00a78\u00ba do mesmo artigo.<\/span><\/p>\n<p><span style=\"font-weight: 400;\">Portanto, se j\u00e1 se passaram mais de 10 dias e voc\u00ea n\u00e3o recebeu nada, <\/span><b>a empresa est\u00e1 agindo de forma ilegal<\/b><span style=\"font-weight: 400;\">.<\/span><\/p>\n<p><span style=\"font-weight: 400;\"><br \/>\n<\/span><span style=\"font-weight: 400;\">Consequentemente, voc\u00ea pode pedir essa <\/span><b>multa do art. 477<\/b><span style=\"font-weight: 400;\"> judicialmente, <\/span><b>aumentando o valor da indeniza\u00e7\u00e3o total<\/b><span style=\"font-weight: 400;\">.<\/span><\/p>\n<h2><b>3. Guarde todos os documentos poss\u00edveis<\/b><\/h2>\n<p><span style=\"font-weight: 400;\">Mesmo que a empresa n\u00e3o tenha te pagado, <\/span><b>n\u00e3o deixe de reunir provas<\/b><span style=\"font-weight: 400;\">.<\/span><span style=\"font-weight: 400;\"><\/p>\n<p><\/span><\/p>\n<p><span style=\"font-weight: 400;\">Esses documentos ser\u00e3o fundamentais <\/span><b>para comprovar o v\u00ednculo e os valores devidos<\/b><span style=\"font-weight: 400;\"> em uma eventual <\/span><b>a\u00e7\u00e3o trabalhista<\/b><span style=\"font-weight: 400;\">.<\/span><\/p>\n<p><b>Por exemplo:<\/b><\/p>\n<ul>\n<li style=\"font-weight: 400;\" aria-level=\"1\"><b>Contrato de trabalho<\/b><span style=\"font-weight: 400;\"> e <\/span><b>carteira assinada<\/b><span style=\"font-weight: 400;\">;<\/span><span style=\"font-weight: 400;\">\n<p><\/span><\/li>\n<li style=\"font-weight: 400;\" aria-level=\"1\"><b>Holerites<\/b><span style=\"font-weight: 400;\">, <\/span><b>extratos banc\u00e1rios<\/b><span style=\"font-weight: 400;\"> ou <\/span><b>prints de pagamento<\/b><span style=\"font-weight: 400;\">;<\/span><span style=\"font-weight: 400;\">\n<p><\/span><\/li>\n<li style=\"font-weight: 400;\" aria-level=\"1\"><b>Conversas por WhatsApp<\/b><span style=\"font-weight: 400;\">, <\/span><b>e-mails<\/b><span style=\"font-weight: 400;\"> e <\/span><b>prints sobre a demiss\u00e3o<\/b><span style=\"font-weight: 400;\">;<\/span><span style=\"font-weight: 400;\">\n<p><\/span><\/li>\n<li style=\"font-weight: 400;\" aria-level=\"1\"><b>Extrato do FGTS<\/b><span style=\"font-weight: 400;\">;<\/span><span style=\"font-weight: 400;\">\n<p><\/span><\/li>\n<li style=\"font-weight: 400;\" aria-level=\"1\"><b>Comprovante de rescis\u00e3o<\/b><span style=\"font-weight: 400;\"> (se chegou a assinar algo).<\/span><span style=\"font-weight: 400;\">\n<p><\/span><\/li>\n<\/ul>\n<p><span style=\"font-weight: 400;\">Al\u00e9m disso, anote datas, nomes de respons\u00e1veis e detalhes da <\/span><b>demiss\u00e3o<\/b><span style=\"font-weight: 400;\">.<\/span><span style=\"font-weight: 400;\"><\/p>\n<p><\/span><\/p>\n<p><b>Dessa forma<\/b><span style=\"font-weight: 400;\">, voc\u00ea facilita o trabalho do seu <\/span><b>advogado trabalhista<\/b><span style=\"font-weight: 400;\"> e aumenta as chances de vit\u00f3ria no processo.<\/span><\/p>\n<h2><b>4. Pe\u00e7a a rescis\u00e3o por escrito (mesmo que a empresa se recuse)<\/b><\/h2>\n<p><span style=\"font-weight: 400;\">Se a empresa ainda n\u00e3o formalizou a sua sa\u00edda, <\/span><b>envie uma notifica\u00e7\u00e3o escrita ou e-mail<\/b><span style=\"font-weight: 400;\"> exigindo a <\/span><b>rescis\u00e3o<\/b><span style=\"font-weight: 400;\"> e o pagamento.<\/span><span style=\"font-weight: 400;\"><\/p>\n<p><\/span><\/p>\n<p><span style=\"font-weight: 400;\">Essa atitude demonstra que voc\u00ea <\/span><b>tentou resolver o problema de maneira pac\u00edfica<\/b><span style=\"font-weight: 400;\">, mas que <\/span><b>n\u00e3o recebeu retorno<\/b><span style=\"font-weight: 400;\">.<\/span><\/p>\n<p><span style=\"font-weight: 400;\">Entretanto, se a empresa continuar ignorando o pedido, <\/span><b>guarde o comprovante de envio<\/b><span style=\"font-weight: 400;\">.<\/span><span style=\"font-weight: 400;\"><br \/>\n<\/span><span style=\"font-weight: 400;\">Afinal, esse simples documento pode ser <\/span><b>a prova decisiva<\/b><span style=\"font-weight: 400;\"> na <\/span><b>Justi\u00e7a do Trabalho<\/b><span style=\"font-weight: 400;\">.<\/span><\/p>\n<p><span style=\"font-weight: 400;\">Assim, voc\u00ea mostra ao juiz que <\/span><b>n\u00e3o houve abandono de emprego<\/b><span style=\"font-weight: 400;\">, mas sim <\/span><b>descumprimento da empresa<\/b><span style=\"font-weight: 400;\">.<\/span><\/p>\n<h2><b>5. Verifique o dep\u00f3sito do FGTS e INSS<\/b><\/h2>\n<p><span style=\"font-weight: 400;\">Muitos empregadores, infelizmente, deixam de recolher o <\/span><b>FGTS<\/b><span style=\"font-weight: 400;\"> e o <\/span><b>INSS<\/b><span style=\"font-weight: 400;\"> corretamente.<\/span><span style=\"font-weight: 400;\"><br \/>\n<\/span><span style=\"font-weight: 400;\">Por isso, \u00e9 importante verificar se os valores foram realmente depositados.<\/span><\/p>\n<ul>\n<li style=\"font-weight: 400;\" aria-level=\"1\"><b>FGTS:<\/b><span style=\"font-weight: 400;\"> consulte pelo app \u201cFGTS\u201d da Caixa Econ\u00f4mica Federal;<\/span><span style=\"font-weight: 400;\">\n<p><\/span><\/li>\n<li style=\"font-weight: 400;\" aria-level=\"1\"><b>INSS:<\/b><span style=\"font-weight: 400;\"> consulte no site ou app \u201cMeu INSS\u201d.<\/span><span style=\"font-weight: 400;\">\n<p><\/span><\/li>\n<\/ul>\n<p><b>Caso perceba falhas<\/b><span style=\"font-weight: 400;\">, o <\/span><b>advogado trabalhista<\/b><span style=\"font-weight: 400;\"> poder\u00e1 <\/span><b>exigir o recolhimento retroativo<\/b><span style=\"font-weight: 400;\"> e <\/span><b>solicitar multa e corre\u00e7\u00e3o monet\u00e1ria<\/b><span style=\"font-weight: 400;\">.<\/span><span style=\"font-weight: 400;\"><br \/>\n<\/span><b>Dessa forma<\/b><span style=\"font-weight: 400;\">, voc\u00ea n\u00e3o ser\u00e1 prejudicado futuramente, inclusive em benef\u00edcios como <\/span><b>aposentadoria<\/b><span style=\"font-weight: 400;\"> ou <\/span><b>seguro-desemprego<\/b><span style=\"font-weight: 400;\">.<\/span><\/p>\n<h2><b>6. Procure orienta\u00e7\u00e3o jur\u00eddica imediatamente<\/b><\/h2>\n<p><span style=\"font-weight: 400;\">Quando a empresa n\u00e3o paga, <\/span><b>procurar um advogado trabalhista<\/b><span style=\"font-weight: 400;\"> \u00e9 o caminho mais seguro.<\/span><\/p>\n<p><span style=\"font-weight: 400;\"><br \/>\n<\/span><span style=\"font-weight: 400;\">Ele vai <\/span><b>analisar seu caso<\/b><span style=\"font-weight: 400;\">, <\/span><b>calcular as verbas devidas<\/b><span style=\"font-weight: 400;\"> e entrar com uma <\/span><b>a\u00e7\u00e3o trabalhista<\/b><span style=\"font-weight: 400;\"> para exigir tudo o que \u00e9 seu.<\/span><\/p>\n<p><span style=\"font-weight: 400;\">O advogado pode pedir:<\/span><\/p>\n<ul>\n<li style=\"font-weight: 400;\" aria-level=\"1\"><b>Pagamentos atrasados<\/b><span style=\"font-weight: 400;\">;<\/span><span style=\"font-weight: 400;\">\n<p><\/span><\/li>\n<li style=\"font-weight: 400;\" aria-level=\"1\"><b>Multa do art. 477<\/b><span style=\"font-weight: 400;\"> (por atraso no pagamento);<\/span><span style=\"font-weight: 400;\">\n<p><\/span><\/li>\n<li style=\"font-weight: 400;\" aria-level=\"1\"><b>Multa do art. 467<\/b><span style=\"font-weight: 400;\"> (50% sobre verbas n\u00e3o contestadas);<\/span><span style=\"font-weight: 400;\">\n<p><\/span><\/li>\n<li style=\"font-weight: 400;\" aria-level=\"1\"><b>Indeniza\u00e7\u00e3o por dano moral<\/b><span style=\"font-weight: 400;\"> (se houver m\u00e1-f\u00e9);<\/span><span style=\"font-weight: 400;\">\n<p><\/span><\/li>\n<li style=\"font-weight: 400;\" aria-level=\"1\"><b>Juros, corre\u00e7\u00e3o e bloqueio de valores<\/b><span style=\"font-weight: 400;\">.<\/span><span style=\"font-weight: 400;\">\n<p><\/span><\/li>\n<\/ul>\n<p><span style=\"font-weight: 400;\">Al\u00e9m disso, o advogado pode solicitar o <\/span><b>bloqueio judicial de contas da empresa<\/b><span style=\"font-weight: 400;\"> para garantir o recebimento.<\/span><\/p>\n<p><span style=\"font-weight: 400;\"><br \/>\n<\/span><span style=\"font-weight: 400;\">Ou seja, voc\u00ea n\u00e3o precisa enfrentar essa situa\u00e7\u00e3o sozinho.<\/span><\/p>\n<h2><b>7. \u00c9 poss\u00edvel entrar na Justi\u00e7a mesmo sem dinheiro?<\/b><\/h2>\n<p><span style=\"font-weight: 400;\">Sim!<\/span><span style=\"font-weight: 400;\"><\/p>\n<p><\/span><\/p>\n<p><span style=\"font-weight: 400;\">Se voc\u00ea est\u00e1 desempregado e sem condi\u00e7\u00f5es financeiras, <\/span><b>pode solicitar justi\u00e7a gratuita<\/b><span style=\"font-weight: 400;\">.<\/span><\/p>\n<p><span style=\"font-weight: 400;\">Com isso, voc\u00ea n\u00e3o paga custas, per\u00edcias nem honor\u00e1rios.<\/span><span style=\"font-weight: 400;\"><br \/>\n<\/span><span style=\"font-weight: 400;\">Inclusive, muitos <\/span><b>advogados trabalhistas<\/b><span style=\"font-weight: 400;\"> atuam com <\/span><b>honor\u00e1rios de \u00eaxito<\/b><span style=\"font-weight: 400;\">, recebendo apenas no fim do processo, caso voc\u00ea ganhe.<\/span><\/p>\n<p><span style=\"font-weight: 400;\">Portanto, n\u00e3o deixe de agir por falta de dinheiro. <\/span><b>A Justi\u00e7a do Trabalho existe para proteger o trabalhador.<\/b><\/p>\n<h2><b>8. E se a empresa \u201csumiu\u201d ou fechou?<\/b><\/h2>\n<p><span style=\"font-weight: 400;\">Mesmo que a empresa tenha encerrado as atividades, <\/span><b>ainda h\u00e1 o que fazer<\/b><span style=\"font-weight: 400;\">.<\/span><span style=\"font-weight: 400;\"><\/p>\n<p><\/span><\/p>\n<p><span style=\"font-weight: 400;\">Nesse caso, o advogado pode pedir a <\/span><b>desconsidera\u00e7\u00e3o da personalidade jur\u00eddica<\/b><span style=\"font-weight: 400;\">, responsabilizando <\/span><b>os s\u00f3cios diretamente<\/b><span style=\"font-weight: 400;\">.<\/span><\/p>\n<p><span style=\"font-weight: 400;\">Al\u00e9m disso, se houver <\/span><b>grupo econ\u00f4mico<\/b><span style=\"font-weight: 400;\">, \u00e9 poss\u00edvel cobrar <\/span><b>das outras empresas envolvidas<\/b><span style=\"font-weight: 400;\">.<\/span><span style=\"font-weight: 400;\"><\/p>\n<p><\/span><\/p>\n<p><span style=\"font-weight: 400;\">Consequentemente, as chances de receber aumentam consideravelmente.<\/span><\/p>\n<p><span style=\"font-weight: 400;\">Portanto, n\u00e3o desanime: <\/span><b>h\u00e1 sempre uma alternativa legal<\/b><span style=\"font-weight: 400;\">.<\/span><\/p>\n<h2><b>9. Denuncie irregularidades ao Minist\u00e9rio do Trabalho<\/b><\/h2>\n<p><b>Enquanto o processo corre na Justi\u00e7a<\/b><span style=\"font-weight: 400;\">, voc\u00ea tamb\u00e9m pode <\/span><b>denunciar a empresa<\/b><span style=\"font-weight: 400;\"> ao <\/span><b>Minist\u00e9rio do Trabalho e Emprego (MTE)<\/b><span style=\"font-weight: 400;\">.<\/span><\/p>\n<p><span style=\"font-weight: 400;\">Essa den\u00fancia pode ser feita <\/span><b>anonimamente<\/b><span style=\"font-weight: 400;\"> e ajuda na <\/span><b>fiscaliza\u00e7\u00e3o<\/b><span style=\"font-weight: 400;\">.<\/span><\/p>\n<p><b>Embora n\u00e3o substitua o processo judicial<\/b><span style=\"font-weight: 400;\">, ela <\/span><b>refor\u00e7a a sua posi\u00e7\u00e3o<\/b><span style=\"font-weight: 400;\"> e mostra que houve <\/span><b>descumprimento das leis trabalhistas<\/b><span style=\"font-weight: 400;\">.<\/span><span style=\"font-weight: 400;\"><\/p>\n<p><\/span><\/p>\n<p><span style=\"font-weight: 400;\">Assim, a empresa pode sofrer <\/span><b>multas administrativas<\/b><span style=\"font-weight: 400;\"> al\u00e9m das <\/span><b>indeniza\u00e7\u00f5es judiciais<\/b><span style=\"font-weight: 400;\">.<\/span><\/p>\n<h2><b>10. O que acontece se voc\u00ea n\u00e3o agir a tempo<\/b><\/h2>\n<p><span style=\"font-weight: 400;\">Muitos trabalhadores <\/span><b>perdem o direito de cobrar<\/b><span style=\"font-weight: 400;\"> por simples falta de a\u00e7\u00e3o.<\/span><span style=\"font-weight: 400;\"><br \/>\n<\/span><span style=\"font-weight: 400;\"> A <\/span><b>CLT<\/b><span style=\"font-weight: 400;\"> determina que:<\/span><\/p>\n<ul>\n<li style=\"font-weight: 400;\" aria-level=\"1\"><span style=\"font-weight: 400;\">O trabalhador tem <\/span><b>at\u00e9 2 anos ap\u00f3s o fim do contrato<\/b><span style=\"font-weight: 400;\"> para entrar com a <\/span><b>a\u00e7\u00e3o trabalhista<\/b><span style=\"font-weight: 400;\">;<\/span><span style=\"font-weight: 400;\">\n<p><\/span><\/li>\n<li style=\"font-weight: 400;\" aria-level=\"1\"><span style=\"font-weight: 400;\">E pode cobrar <\/span><b>valores referentes aos \u00faltimos 5 anos trabalhados<\/b><span style=\"font-weight: 400;\">.<\/span><span style=\"font-weight: 400;\">\n<p><\/span><\/li>\n<\/ul>\n<p><span style=\"font-weight: 400;\">Portanto, se voc\u00ea n\u00e3o agir, <\/span><b>corre o risco de perder tudo<\/b><span style=\"font-weight: 400;\">.<\/span><span style=\"font-weight: 400;\"><br \/>\n<\/span><span style=\"font-weight: 400;\">Logo, o ideal \u00e9 buscar ajuda jur\u00eddica <\/span><b>imediatamente ap\u00f3s o n\u00e3o pagamento<\/b><span style=\"font-weight: 400;\">.<\/span><\/p>\n<h2><b>11. Dica extra: desconfie de \u201cacordos verbais\u201d<\/b><\/h2>\n<p><span style=\"font-weight: 400;\">\u00c9 comum que empresas tentem \u201cacertar por fora\u201d, prometendo pagar depois.<\/span><span style=\"font-weight: 400;\"><br \/>\n<\/span><span style=\"font-weight: 400;\">Contudo, sem registro por escrito, <\/span><b>voc\u00ea fica completamente desprotegido<\/b><span style=\"font-weight: 400;\">.<\/span><\/p>\n<p><b>Exija sempre recibos, termos assinados ou comprovantes banc\u00e1rios.<\/b><b><br \/>\n<\/b><b>Somente acordos formais t\u00eam validade jur\u00eddica.<\/b><b><br \/>\n<\/b><span style=\"font-weight: 400;\">Dessa maneira, voc\u00ea evita cair em promessas falsas e garante a seguran\u00e7a dos seus <\/span><b>direitos trabalhistas<\/b><span style=\"font-weight: 400;\">.<\/span><\/p>\n<h2><b>Conclus\u00e3o<\/b><\/h2>\n<p><span style=\"font-weight: 400;\">Ser <\/span><b>demitido<\/b><span style=\"font-weight: 400;\"> e <\/span><b>n\u00e3o receber nada<\/b><span style=\"font-weight: 400;\"> \u00e9 uma situa\u00e7\u00e3o <\/span><b>injusta e angustiante<\/b><span style=\"font-weight: 400;\">.<\/span><span style=\"font-weight: 400;\"><\/p>\n<p><\/span><\/p>\n<p><span style=\"font-weight: 400;\">Entretanto, a boa not\u00edcia \u00e9 que <\/span><b>existem caminhos legais claros<\/b><span style=\"font-weight: 400;\"> para resolver o problema.<\/span><\/p>\n<p><span style=\"font-weight: 400;\">Portanto, n\u00e3o se cale nem espere mais.<\/span><span style=\"font-weight: 400;\"><\/p>\n<p><\/span><\/p>\n<p><b>Re\u00fana suas provas, procure um advogado trabalhista e lute pelos seus direitos trabalhistas.<\/b><b><br \/>\n<\/b><span style=\"font-weight: 400;\">\u00a0<\/span><\/p>\n<p><span style=\"font-weight: 400;\">Afinal, o seu esfor\u00e7o vale muito \u2014 e a <\/span><b>lei trabalhista<\/b><span style=\"font-weight: 400;\"> est\u00e1 do seu lado. \u2696\ufe0f<\/span><\/p>\n<h2><b>FAQs \u2013 Perguntas Frequentes<\/b><\/h2>\n<h3><b>1. Posso entrar com processo mesmo sem assinar a rescis\u00e3o?<\/b><\/h3>\n<p><span style=\"font-weight: 400;\">Sim. <\/span><b>Mesmo sem assinatura<\/b><span style=\"font-weight: 400;\">, o juiz pode reconhecer o v\u00ednculo e determinar o pagamento das <\/span><b>verbas rescis\u00f3rias<\/b><span style=\"font-weight: 400;\">.<\/span><\/p>\n<h3><b>2. A empresa prometeu pagar depois. Devo esperar?<\/b><\/h3>\n<p><span style=\"font-weight: 400;\">N\u00e3o. <\/span><b>Depois de 10 dias<\/b><span style=\"font-weight: 400;\">, o n\u00e3o pagamento j\u00e1 gera <\/span><b>multa do art. 477<\/b><span style=\"font-weight: 400;\">. Formalize tudo e procure um <\/span><b>advogado trabalhista<\/b><span style=\"font-weight: 400;\">.<\/span><\/p>\n<h3><b>3. Tenho direito \u00e0 multa mesmo se a empresa estiver falida?<\/b><\/h3>\n<p><span style=\"font-weight: 400;\">Sim. <\/span><b>A multa \u00e9 obrigat\u00f3ria<\/b><span style=\"font-weight: 400;\"> e pode ser cobrada dos <\/span><b>s\u00f3cios<\/b><span style=\"font-weight: 400;\"> ou das empresas do <\/span><b>grupo econ\u00f4mico<\/b><span style=\"font-weight: 400;\">.<\/span><\/p>\n<h3><b>4. O processo trabalhista demora?<\/b><\/h3>\n<p><span style=\"font-weight: 400;\">Depende. <\/span><b>Por\u00e9m<\/b><span style=\"font-weight: 400;\">, <\/span><b>a\u00e7\u00f5es trabalhistas<\/b><span style=\"font-weight: 400;\"> envolvendo <\/span><b>verbas rescis\u00f3rias<\/b><span style=\"font-weight: 400;\"> costumam ser r\u00e1pidas e resolvidas em <\/span><b>audi\u00eancia de concilia\u00e7\u00e3o<\/b><span style=\"font-weight: 400;\">.<\/span><\/p>\n<h3><b>5. Trabalhei sem carteira assinada. Tenho direito a algo?<\/b><\/h3>\n<p><span style=\"font-weight: 400;\">Sim! Voc\u00ea pode <\/span><b>pedir o reconhecimento do v\u00ednculo empregat\u00edcio<\/b><span style=\"font-weight: 400;\"> e receber <\/span><b>todos os direitos trabalhistas<\/b><span style=\"font-weight: 400;\">.<\/span><\/p>\n<p><a href=\"https:\/\/wa.me\/5531975283687\"><b>Entre em contato agora com um advogado trabalhista e saiba como garantir o que \u00e9 seu por lei!<\/b><\/a><\/p>\n<p><b>Fale com o Dr. Pedro Carvalho!<\/b><\/p>\n<p><b>Clique no bot\u00e3o abaixo e obtenha a orienta\u00e7\u00e3o jur\u00eddica que voc\u00ea precisa para resolver suas quest\u00f5es com seguran\u00e7a e confian\u00e7a.\u00a0<\/b><\/p>\n<p><a href=\"https:\/\/wa.me\/5531975283687\"><b>Fale comigo agora mesmo<\/b><\/a><\/p>\n<p><b>Siga-nos na rede social, @pedroncarvalhoadv, e fique por dentro das \u00faltimas novidades!<\/b><\/p>\n<p><span style=\"font-weight: 400;\">leia tamb\u00e9m nosso artigo completo sobre: <\/span><a href=\"https:\/\/carvalhoadvogado.aliamkt.com\/index.php\/2025\/09\/09\/rescisao-indireta-por-falta-de-fgts-saiba-como-defender-seus-direitos\/\"><span style=\"font-weight: 400;\">Rescis\u00e3o Indireta por Falta de FGTS: Saiba Como Defender Seus Direitos<\/span><\/a><\/p>\n","protected":false},"excerpt":{"rendered":"<p>Introdu\u00e7\u00e3o Ser demitido j\u00e1 \u00e9 uma situa\u00e7\u00e3o dif\u00edcil. No entanto, quando a empresa n\u00e3o paga nada na rescis\u00e3o, o problema se transforma em um verdadeiro pesadelo.\u00a0 Infelizmente, essa \u00e9 uma realidade mais comum do que se imagina. Muitos trabalhadores acabam ficando sem receber sal\u00e1rio, f\u00e9rias, FGTS, 13\u00ba e at\u00e9 o seguro-desemprego. Mas calma! Por mais [&hellip;]<\/p>\n","protected":false},"author":1,"featured_media":1377,"comment_status":"open","ping_status":"open","sticky":false,"template":"","format":"standard","meta":{"_joinchat":[],"footnotes":""},"categories":[6],"tags":[],"class_list":["post-1376","post","type-post","status-publish","format-standard","has-post-thumbnail","hentry","category-direito-trabalhista"],"yoast_head":"<!-- This site is optimized with the Yoast SEO plugin v27.5 - https:\/\/yoast.com\/product\/yoast-seo-wordpress\/ -->\n<title>Fui Demitido e N\u00e3o Recebi Nada: Veja o Que Fazer AGORA! - Pedro Carvalho Advogado Trabalhista<\/title>\n<meta name=\"description\" content=\"Fui demitido e n\u00e3o recebi nada? Entenda o que fazer agora! Saiba quais s\u00e3o seus direitos trabalhistas, o prazo para pagamento das verbas rescis\u00f3rias e como um advogado trabalhista pode te ajudar a receber tudo o que \u00e9 seu.\" \/>\n<meta name=\"robots\" content=\"index, follow, max-snippet:-1, max-image-preview:large, max-video-preview:-1\" \/>\n<link rel=\"canonical\" href=\"https:\/\/carvalhoadvogado.aliamkt.com\/index.php\/2025\/10\/17\/fui-demitido-e-nao-recebi-nada-veja-o-que-fazer-agora\/\" \/>\n<meta property=\"og:locale\" content=\"pt_BR\" \/>\n<meta property=\"og:type\" content=\"article\" \/>\n<meta property=\"og:title\" content=\"Fui Demitido e N\u00e3o Recebi Nada: Veja o Que Fazer AGORA! - Pedro Carvalho Advogado Trabalhista\" \/>\n<meta property=\"og:description\" content=\"Fui demitido e n\u00e3o recebi nada? Entenda o que fazer agora! Saiba quais s\u00e3o seus direitos trabalhistas, o prazo para pagamento das verbas rescis\u00f3rias e como um advogado trabalhista pode te ajudar a receber tudo o que \u00e9 seu.\" \/>\n<meta property=\"og:url\" content=\"https:\/\/carvalhoadvogado.aliamkt.com\/index.php\/2025\/10\/17\/fui-demitido-e-nao-recebi-nada-veja-o-que-fazer-agora\/\" \/>\n<meta property=\"og:site_name\" content=\"Pedro Carvalho Advogado Trabalhista\" \/>\n<meta property=\"article:published_time\" content=\"2025-10-17T13:18:45+00:00\" \/>\n<meta property=\"og:image\" content=\"https:\/\/carvalhoadvogado.aliamkt.com\/wp-content\/uploads\/2025\/10\/advogado-trabalhista-online-2.jpg\" \/>\n\t<meta property=\"og:image:width\" content=\"626\" \/>\n\t<meta property=\"og:image:height\" content=\"417\" \/>\n\t<meta property=\"og:image:type\" content=\"image\/jpeg\" \/>\n<meta name=\"author\" content=\"lailacarvalhoadv\" \/>\n<meta name=\"twitter:card\" content=\"summary_large_image\" \/>\n<meta name=\"twitter:label1\" content=\"Escrito por\" \/>\n\t<meta name=\"twitter:data1\" content=\"lailacarvalhoadv\" \/>\n\t<meta name=\"twitter:label2\" content=\"Est. tempo de leitura\" \/>\n\t<meta name=\"twitter:data2\" content=\"8 minutos\" \/>\n<script type=\"application\/ld+json\" class=\"yoast-schema-graph\">{\"@context\":\"https:\\\/\\\/schema.org\",\"@graph\":[{\"@type\":\"Article\",\"@id\":\"https:\\\/\\\/carvalhoadvogado.aliamkt.com\\\/index.php\\\/2025\\\/10\\\/17\\\/fui-demitido-e-nao-recebi-nada-veja-o-que-fazer-agora\\\/#article\",\"isPartOf\":{\"@id\":\"https:\\\/\\\/carvalhoadvogado.aliamkt.com\\\/index.php\\\/2025\\\/10\\\/17\\\/fui-demitido-e-nao-recebi-nada-veja-o-que-fazer-agora\\\/\"},\"author\":{\"name\":\"lailacarvalhoadv\",\"@id\":\"https:\\\/\\\/carvalhoadvogado.aliamkt.com\\\/#\\\/schema\\\/person\\\/8f4d67ba57d6160ee802836a319bd8eb\"},\"headline\":\"Fui Demitido e N\u00e3o Recebi Nada: Veja o Que Fazer AGORA!\",\"datePublished\":\"2025-10-17T13:18:45+00:00\",\"mainEntityOfPage\":{\"@id\":\"https:\\\/\\\/carvalhoadvogado.aliamkt.com\\\/index.php\\\/2025\\\/10\\\/17\\\/fui-demitido-e-nao-recebi-nada-veja-o-que-fazer-agora\\\/\"},\"wordCount\":1397,\"commentCount\":0,\"publisher\":{\"@id\":\"https:\\\/\\\/carvalhoadvogado.aliamkt.com\\\/#organization\"},\"image\":{\"@id\":\"https:\\\/\\\/carvalhoadvogado.aliamkt.com\\\/index.php\\\/2025\\\/10\\\/17\\\/fui-demitido-e-nao-recebi-nada-veja-o-que-fazer-agora\\\/#primaryimage\"},\"thumbnailUrl\":\"https:\\\/\\\/carvalhoadvogado.aliamkt.com\\\/wp-content\\\/uploads\\\/2025\\\/10\\\/advogado-trabalhista-online-2.jpg\",\"articleSection\":[\"Direito Trabalhista\"],\"inLanguage\":\"pt-BR\",\"potentialAction\":[{\"@type\":\"CommentAction\",\"name\":\"Comment\",\"target\":[\"https:\\\/\\\/carvalhoadvogado.aliamkt.com\\\/index.php\\\/2025\\\/10\\\/17\\\/fui-demitido-e-nao-recebi-nada-veja-o-que-fazer-agora\\\/#respond\"]}]},{\"@type\":\"WebPage\",\"@id\":\"https:\\\/\\\/carvalhoadvogado.aliamkt.com\\\/index.php\\\/2025\\\/10\\\/17\\\/fui-demitido-e-nao-recebi-nada-veja-o-que-fazer-agora\\\/\",\"url\":\"https:\\\/\\\/carvalhoadvogado.aliamkt.com\\\/index.php\\\/2025\\\/10\\\/17\\\/fui-demitido-e-nao-recebi-nada-veja-o-que-fazer-agora\\\/\",\"name\":\"Fui Demitido e N\u00e3o Recebi Nada: Veja o Que Fazer AGORA! - Pedro Carvalho Advogado Trabalhista\",\"isPartOf\":{\"@id\":\"https:\\\/\\\/carvalhoadvogado.aliamkt.com\\\/#website\"},\"primaryImageOfPage\":{\"@id\":\"https:\\\/\\\/carvalhoadvogado.aliamkt.com\\\/index.php\\\/2025\\\/10\\\/17\\\/fui-demitido-e-nao-recebi-nada-veja-o-que-fazer-agora\\\/#primaryimage\"},\"image\":{\"@id\":\"https:\\\/\\\/carvalhoadvogado.aliamkt.com\\\/index.php\\\/2025\\\/10\\\/17\\\/fui-demitido-e-nao-recebi-nada-veja-o-que-fazer-agora\\\/#primaryimage\"},\"thumbnailUrl\":\"https:\\\/\\\/carvalhoadvogado.aliamkt.com\\\/wp-content\\\/uploads\\\/2025\\\/10\\\/advogado-trabalhista-online-2.jpg\",\"datePublished\":\"2025-10-17T13:18:45+00:00\",\"description\":\"Fui demitido e n\u00e3o recebi nada? Entenda o que fazer agora! Saiba quais s\u00e3o seus direitos trabalhistas, o prazo para pagamento das verbas rescis\u00f3rias e como um advogado trabalhista pode te ajudar a receber tudo o que \u00e9 seu.\",\"breadcrumb\":{\"@id\":\"https:\\\/\\\/carvalhoadvogado.aliamkt.com\\\/index.php\\\/2025\\\/10\\\/17\\\/fui-demitido-e-nao-recebi-nada-veja-o-que-fazer-agora\\\/#breadcrumb\"},\"inLanguage\":\"pt-BR\",\"potentialAction\":[{\"@type\":\"ReadAction\",\"target\":[\"https:\\\/\\\/carvalhoadvogado.aliamkt.com\\\/index.php\\\/2025\\\/10\\\/17\\\/fui-demitido-e-nao-recebi-nada-veja-o-que-fazer-agora\\\/\"]}]},{\"@type\":\"ImageObject\",\"inLanguage\":\"pt-BR\",\"@id\":\"https:\\\/\\\/carvalhoadvogado.aliamkt.com\\\/index.php\\\/2025\\\/10\\\/17\\\/fui-demitido-e-nao-recebi-nada-veja-o-que-fazer-agora\\\/#primaryimage\",\"url\":\"https:\\\/\\\/carvalhoadvogado.aliamkt.com\\\/wp-content\\\/uploads\\\/2025\\\/10\\\/advogado-trabalhista-online-2.jpg\",\"contentUrl\":\"https:\\\/\\\/carvalhoadvogado.aliamkt.com\\\/wp-content\\\/uploads\\\/2025\\\/10\\\/advogado-trabalhista-online-2.jpg\",\"width\":626,\"height\":417},{\"@type\":\"BreadcrumbList\",\"@id\":\"https:\\\/\\\/carvalhoadvogado.aliamkt.com\\\/index.php\\\/2025\\\/10\\\/17\\\/fui-demitido-e-nao-recebi-nada-veja-o-que-fazer-agora\\\/#breadcrumb\",\"itemListElement\":[{\"@type\":\"ListItem\",\"position\":1,\"name\":\"In\u00edcio\",\"item\":\"https:\\\/\\\/carvalhoadvogado.aliamkt.com\\\/\"},{\"@type\":\"ListItem\",\"position\":2,\"name\":\"Fui Demitido e N\u00e3o Recebi Nada: Veja o Que Fazer AGORA!\"}]},{\"@type\":\"WebSite\",\"@id\":\"https:\\\/\\\/carvalhoadvogado.aliamkt.com\\\/#website\",\"url\":\"https:\\\/\\\/carvalhoadvogado.aliamkt.com\\\/\",\"name\":\"Pedro Carvalho Advogado\",\"description\":\"Advogado Trabalhista\",\"publisher\":{\"@id\":\"https:\\\/\\\/carvalhoadvogado.aliamkt.com\\\/#organization\"},\"potentialAction\":[{\"@type\":\"SearchAction\",\"target\":{\"@type\":\"EntryPoint\",\"urlTemplate\":\"https:\\\/\\\/carvalhoadvogado.aliamkt.com\\\/?s={search_term_string}\"},\"query-input\":{\"@type\":\"PropertyValueSpecification\",\"valueRequired\":true,\"valueName\":\"search_term_string\"}}],\"inLanguage\":\"pt-BR\"},{\"@type\":\"Organization\",\"@id\":\"https:\\\/\\\/carvalhoadvogado.aliamkt.com\\\/#organization\",\"name\":\"Pedro Carvalho Advogado\",\"url\":\"https:\\\/\\\/carvalhoadvogado.aliamkt.com\\\/\",\"logo\":{\"@type\":\"ImageObject\",\"inLanguage\":\"pt-BR\",\"@id\":\"https:\\\/\\\/carvalhoadvogado.aliamkt.com\\\/#\\\/schema\\\/logo\\\/image\\\/\",\"url\":\"https:\\\/\\\/carvalhoadvogado.aliamkt.com\\\/wp-content\\\/uploads\\\/2024\\\/06\\\/Logo-azul.png\",\"contentUrl\":\"https:\\\/\\\/carvalhoadvogado.aliamkt.com\\\/wp-content\\\/uploads\\\/2024\\\/06\\\/Logo-azul.png\",\"width\":500,\"height\":500,\"caption\":\"Pedro Carvalho Advogado\"},\"image\":{\"@id\":\"https:\\\/\\\/carvalhoadvogado.aliamkt.com\\\/#\\\/schema\\\/logo\\\/image\\\/\"}},{\"@type\":\"Person\",\"@id\":\"https:\\\/\\\/carvalhoadvogado.aliamkt.com\\\/#\\\/schema\\\/person\\\/8f4d67ba57d6160ee802836a319bd8eb\",\"name\":\"lailacarvalhoadv\",\"image\":{\"@type\":\"ImageObject\",\"inLanguage\":\"pt-BR\",\"@id\":\"https:\\\/\\\/secure.gravatar.com\\\/avatar\\\/a60961139a792fb5ca701fab485f653a1b3cc37cf8dbd4937b4134105caf5369?s=96&d=mm&r=g\",\"url\":\"https:\\\/\\\/secure.gravatar.com\\\/avatar\\\/a60961139a792fb5ca701fab485f653a1b3cc37cf8dbd4937b4134105caf5369?s=96&d=mm&r=g\",\"contentUrl\":\"https:\\\/\\\/secure.gravatar.com\\\/avatar\\\/a60961139a792fb5ca701fab485f653a1b3cc37cf8dbd4937b4134105caf5369?s=96&d=mm&r=g\",\"caption\":\"lailacarvalhoadv\"},\"sameAs\":[\"https:\\\/\\\/carvalhoadvogado.aliamkt.com\"],\"url\":\"https:\\\/\\\/carvalhoadvogado.aliamkt.com\\\/index.php\\\/author\\\/lailacarvalhoadv\\\/\"}]}<\/script>\n<!-- \/ Yoast SEO plugin. -->","yoast_head_json":{"title":"Fui Demitido e N\u00e3o Recebi Nada: Veja o Que Fazer AGORA! - Pedro Carvalho Advogado Trabalhista","description":"Fui demitido e n\u00e3o recebi nada? Entenda o que fazer agora! Saiba quais s\u00e3o seus direitos trabalhistas, o prazo para pagamento das verbas rescis\u00f3rias e como um advogado trabalhista pode te ajudar a receber tudo o que \u00e9 seu.","robots":{"index":"index","follow":"follow","max-snippet":"max-snippet:-1","max-image-preview":"max-image-preview:large","max-video-preview":"max-video-preview:-1"},"canonical":"https:\/\/carvalhoadvogado.aliamkt.com\/index.php\/2025\/10\/17\/fui-demitido-e-nao-recebi-nada-veja-o-que-fazer-agora\/","og_locale":"pt_BR","og_type":"article","og_title":"Fui Demitido e N\u00e3o Recebi Nada: Veja o Que Fazer AGORA! - Pedro Carvalho Advogado Trabalhista","og_description":"Fui demitido e n\u00e3o recebi nada? Entenda o que fazer agora! Saiba quais s\u00e3o seus direitos trabalhistas, o prazo para pagamento das verbas rescis\u00f3rias e como um advogado trabalhista pode te ajudar a receber tudo o que \u00e9 seu.","og_url":"https:\/\/carvalhoadvogado.aliamkt.com\/index.php\/2025\/10\/17\/fui-demitido-e-nao-recebi-nada-veja-o-que-fazer-agora\/","og_site_name":"Pedro Carvalho Advogado Trabalhista","article_published_time":"2025-10-17T13:18:45+00:00","og_image":[{"width":626,"height":417,"url":"https:\/\/carvalhoadvogado.aliamkt.com\/wp-content\/uploads\/2025\/10\/advogado-trabalhista-online-2.jpg","type":"image\/jpeg"}],"author":"lailacarvalhoadv","twitter_card":"summary_large_image","twitter_misc":{"Escrito por":"lailacarvalhoadv","Est. tempo de leitura":"8 minutos"},"schema":{"@context":"https:\/\/schema.org","@graph":[{"@type":"Article","@id":"https:\/\/carvalhoadvogado.aliamkt.com\/index.php\/2025\/10\/17\/fui-demitido-e-nao-recebi-nada-veja-o-que-fazer-agora\/#article","isPartOf":{"@id":"https:\/\/carvalhoadvogado.aliamkt.com\/index.php\/2025\/10\/17\/fui-demitido-e-nao-recebi-nada-veja-o-que-fazer-agora\/"},"author":{"name":"lailacarvalhoadv","@id":"https:\/\/carvalhoadvogado.aliamkt.com\/#\/schema\/person\/8f4d67ba57d6160ee802836a319bd8eb"},"headline":"Fui Demitido e N\u00e3o Recebi Nada: Veja o Que Fazer AGORA!","datePublished":"2025-10-17T13:18:45+00:00","mainEntityOfPage":{"@id":"https:\/\/carvalhoadvogado.aliamkt.com\/index.php\/2025\/10\/17\/fui-demitido-e-nao-recebi-nada-veja-o-que-fazer-agora\/"},"wordCount":1397,"commentCount":0,"publisher":{"@id":"https:\/\/carvalhoadvogado.aliamkt.com\/#organization"},"image":{"@id":"https:\/\/carvalhoadvogado.aliamkt.com\/index.php\/2025\/10\/17\/fui-demitido-e-nao-recebi-nada-veja-o-que-fazer-agora\/#primaryimage"},"thumbnailUrl":"https:\/\/carvalhoadvogado.aliamkt.com\/wp-content\/uploads\/2025\/10\/advogado-trabalhista-online-2.jpg","articleSection":["Direito Trabalhista"],"inLanguage":"pt-BR","potentialAction":[{"@type":"CommentAction","name":"Comment","target":["https:\/\/carvalhoadvogado.aliamkt.com\/index.php\/2025\/10\/17\/fui-demitido-e-nao-recebi-nada-veja-o-que-fazer-agora\/#respond"]}]},{"@type":"WebPage","@id":"https:\/\/carvalhoadvogado.aliamkt.com\/index.php\/2025\/10\/17\/fui-demitido-e-nao-recebi-nada-veja-o-que-fazer-agora\/","url":"https:\/\/carvalhoadvogado.aliamkt.com\/index.php\/2025\/10\/17\/fui-demitido-e-nao-recebi-nada-veja-o-que-fazer-agora\/","name":"Fui Demitido e N\u00e3o Recebi Nada: Veja o Que Fazer AGORA! - Pedro Carvalho Advogado Trabalhista","isPartOf":{"@id":"https:\/\/carvalhoadvogado.aliamkt.com\/#website"},"primaryImageOfPage":{"@id":"https:\/\/carvalhoadvogado.aliamkt.com\/index.php\/2025\/10\/17\/fui-demitido-e-nao-recebi-nada-veja-o-que-fazer-agora\/#primaryimage"},"image":{"@id":"https:\/\/carvalhoadvogado.aliamkt.com\/index.php\/2025\/10\/17\/fui-demitido-e-nao-recebi-nada-veja-o-que-fazer-agora\/#primaryimage"},"thumbnailUrl":"https:\/\/carvalhoadvogado.aliamkt.com\/wp-content\/uploads\/2025\/10\/advogado-trabalhista-online-2.jpg","datePublished":"2025-10-17T13:18:45+00:00","description":"Fui demitido e n\u00e3o recebi nada? Entenda o que fazer agora! Saiba quais s\u00e3o seus direitos trabalhistas, o prazo para pagamento das verbas rescis\u00f3rias e como um advogado trabalhista pode te ajudar a receber tudo o que \u00e9 seu.","breadcrumb":{"@id":"https:\/\/carvalhoadvogado.aliamkt.com\/index.php\/2025\/10\/17\/fui-demitido-e-nao-recebi-nada-veja-o-que-fazer-agora\/#breadcrumb"},"inLanguage":"pt-BR","potentialAction":[{"@type":"ReadAction","target":["https:\/\/carvalhoadvogado.aliamkt.com\/index.php\/2025\/10\/17\/fui-demitido-e-nao-recebi-nada-veja-o-que-fazer-agora\/"]}]},{"@type":"ImageObject","inLanguage":"pt-BR","@id":"https:\/\/carvalhoadvogado.aliamkt.com\/index.php\/2025\/10\/17\/fui-demitido-e-nao-recebi-nada-veja-o-que-fazer-agora\/#primaryimage","url":"https:\/\/carvalhoadvogado.aliamkt.com\/wp-content\/uploads\/2025\/10\/advogado-trabalhista-online-2.jpg","contentUrl":"https:\/\/carvalhoadvogado.aliamkt.com\/wp-content\/uploads\/2025\/10\/advogado-trabalhista-online-2.jpg","width":626,"height":417},{"@type":"BreadcrumbList","@id":"https:\/\/carvalhoadvogado.aliamkt.com\/index.php\/2025\/10\/17\/fui-demitido-e-nao-recebi-nada-veja-o-que-fazer-agora\/#breadcrumb","itemListElement":[{"@type":"ListItem","position":1,"name":"In\u00edcio","item":"https:\/\/carvalhoadvogado.aliamkt.com\/"},{"@type":"ListItem","position":2,"name":"Fui Demitido e N\u00e3o Recebi Nada: Veja o Que Fazer AGORA!"}]},{"@type":"WebSite","@id":"https:\/\/carvalhoadvogado.aliamkt.com\/#website","url":"https:\/\/carvalhoadvogado.aliamkt.com\/","name":"Pedro Carvalho Advogado","description":"Advogado Trabalhista","publisher":{"@id":"https:\/\/carvalhoadvogado.aliamkt.com\/#organization"},"potentialAction":[{"@type":"SearchAction","target":{"@type":"EntryPoint","urlTemplate":"https:\/\/carvalhoadvogado.aliamkt.com\/?s={search_term_string}"},"query-input":{"@type":"PropertyValueSpecification","valueRequired":true,"valueName":"search_term_string"}}],"inLanguage":"pt-BR"},{"@type":"Organization","@id":"https:\/\/carvalhoadvogado.aliamkt.com\/#organization","name":"Pedro Carvalho Advogado","url":"https:\/\/carvalhoadvogado.aliamkt.com\/","logo":{"@type":"ImageObject","inLanguage":"pt-BR","@id":"https:\/\/carvalhoadvogado.aliamkt.com\/#\/schema\/logo\/image\/","url":"https:\/\/carvalhoadvogado.aliamkt.com\/wp-content\/uploads\/2024\/06\/Logo-azul.png","contentUrl":"https:\/\/carvalhoadvogado.aliamkt.com\/wp-content\/uploads\/2024\/06\/Logo-azul.png","width":500,"height":500,"caption":"Pedro Carvalho Advogado"},"image":{"@id":"https:\/\/carvalhoadvogado.aliamkt.com\/#\/schema\/logo\/image\/"}},{"@type":"Person","@id":"https:\/\/carvalhoadvogado.aliamkt.com\/#\/schema\/person\/8f4d67ba57d6160ee802836a319bd8eb","name":"lailacarvalhoadv","image":{"@type":"ImageObject","inLanguage":"pt-BR","@id":"https:\/\/secure.gravatar.com\/avatar\/a60961139a792fb5ca701fab485f653a1b3cc37cf8dbd4937b4134105caf5369?s=96&d=mm&r=g","url":"https:\/\/secure.gravatar.com\/avatar\/a60961139a792fb5ca701fab485f653a1b3cc37cf8dbd4937b4134105caf5369?s=96&d=mm&r=g","contentUrl":"https:\/\/secure.gravatar.com\/avatar\/a60961139a792fb5ca701fab485f653a1b3cc37cf8dbd4937b4134105caf5369?s=96&d=mm&r=g","caption":"lailacarvalhoadv"},"sameAs":["https:\/\/carvalhoadvogado.aliamkt.com"],"url":"https:\/\/carvalhoadvogado.aliamkt.com\/index.php\/author\/lailacarvalhoadv\/"}]}},"_links":{"self":[{"href":"https:\/\/carvalhoadvogado.aliamkt.com\/index.php\/wp-json\/wp\/v2\/posts\/1376","targetHints":{"allow":["GET"]}}],"collection":[{"href":"https:\/\/carvalhoadvogado.aliamkt.com\/index.php\/wp-json\/wp\/v2\/posts"}],"about":[{"href":"https:\/\/carvalhoadvogado.aliamkt.com\/index.php\/wp-json\/wp\/v2\/types\/post"}],"author":[{"embeddable":true,"href":"https:\/\/carvalhoadvogado.aliamkt.com\/index.php\/wp-json\/wp\/v2\/users\/1"}],"replies":[{"embeddable":true,"href":"https:\/\/carvalhoadvogado.aliamkt.com\/index.php\/wp-json\/wp\/v2\/comments?post=1376"}],"version-history":[{"count":1,"href":"https:\/\/carvalhoadvogado.aliamkt.com\/index.php\/wp-json\/wp\/v2\/posts\/1376\/revisions"}],"predecessor-version":[{"id":1378,"href":"https:\/\/carvalhoadvogado.aliamkt.com\/index.php\/wp-json\/wp\/v2\/posts\/1376\/revisions\/1378"}],"wp:featuredmedia":[{"embeddable":true,"href":"https:\/\/carvalhoadvogado.aliamkt.com\/index.php\/wp-json\/wp\/v2\/media\/1377"}],"wp:attachment":[{"href":"https:\/\/carvalhoadvogado.aliamkt.com\/index.php\/wp-json\/wp\/v2\/media?parent=1376"}],"wp:term":[{"taxonomy":"category","embeddable":true,"href":"https:\/\/carvalhoadvogado.aliamkt.com\/index.php\/wp-json\/wp\/v2\/categories?post=1376"},{"taxonomy":"post_tag","embeddable":true,"href":"https:\/\/carvalhoadvogado.aliamkt.com\/index.php\/wp-json\/wp\/v2\/tags?post=1376"}],"curies":[{"name":"wp","href":"https:\/\/api.w.org\/{rel}","templated":true}]}}