{"id":1389,"date":"2025-10-21T10:50:32","date_gmt":"2025-10-21T13:50:32","guid":{"rendered":"https:\/\/carvalhoadvogado.aliamkt.com\/?p=1389"},"modified":"2025-10-21T10:50:32","modified_gmt":"2025-10-21T13:50:32","slug":"processar-a-empresa-enquanto-ainda-esta-trabalhando-posso-ou-nao-posso","status":"publish","type":"post","link":"https:\/\/carvalhoadvogado.aliamkt.com\/index.php\/2025\/10\/21\/processar-a-empresa-enquanto-ainda-esta-trabalhando-posso-ou-nao-posso\/","title":{"rendered":"Processar a Empresa Enquanto Ainda Est\u00e1 Trabalhando: Posso ou N\u00e3o Posso?"},"content":{"rendered":"<h2><b>Introdu\u00e7\u00e3o<\/b><\/h2>\n<p><span style=\"font-weight: 400;\">Muitos trabalhadores t\u00eam d\u00favidas sobre se podem ou n\u00e3o <\/span><b>processar a empresa enquanto ainda est\u00e3o trabalhando<\/b><span style=\"font-weight: 400;\">.<\/span><span style=\"font-weight: 400;\"><\/p>\n<p><\/span><\/p>\n<p><span style=\"font-weight: 400;\">Essa inseguran\u00e7a \u00e9 comum, afinal, <\/span><b>ningu\u00e9m quer ser demitido<\/b><span style=\"font-weight: 400;\"> por tentar <\/span><b>exercer seus direitos trabalhistas<\/b><span style=\"font-weight: 400;\">.<\/span><\/p>\n<p><span style=\"font-weight: 400;\">Entretanto, a boa not\u00edcia \u00e9 que <\/span><b>a lei protege o trabalhador<\/b><span style=\"font-weight: 400;\">.<\/span><span style=\"font-weight: 400;\"><br \/>\n<\/span><span style=\"font-weight: 400;\">Ou seja, \u00e9 totalmente poss\u00edvel abrir uma <\/span><b>a\u00e7\u00e3o trabalhista<\/b><span style=\"font-weight: 400;\"> sem precisar sair do emprego.<\/span><span style=\"font-weight: 400;\"><br \/>\n<\/span><span style=\"font-weight: 400;\"> Al\u00e9m disso, a empresa <\/span><b>n\u00e3o pode punir ou retaliar<\/b><span style=\"font-weight: 400;\"> o funcion\u00e1rio por esse motivo.<\/span><\/p>\n<p><b>Portanto<\/b><span style=\"font-weight: 400;\">, se voc\u00ea est\u00e1 enfrentando <\/span><b>injusti\u00e7as no trabalho<\/b><span style=\"font-weight: 400;\">, este artigo vai explicar <\/span><b>como agir com seguran\u00e7a<\/b><span style=\"font-weight: 400;\">, <\/span><b>o que diz a lei<\/b><span style=\"font-weight: 400;\"> e <\/span><b>quais cuidados tomar<\/b><span style=\"font-weight: 400;\"> antes de <\/span><b>processar a empresa enquanto ainda est\u00e1 trabalhando<\/b><span style=\"font-weight: 400;\">.<\/span><\/p>\n<h2><b>1. Posso processar a empresa mesmo estando empregado?<\/b><\/h2>\n<p><span style=\"font-weight: 400;\">Sim!<\/span><span style=\"font-weight: 400;\"><br \/>\n<\/span><span style=\"font-weight: 400;\"> Voc\u00ea pode <\/span><b>processar a empresa enquanto ainda est\u00e1 trabalhando<\/b><span style=\"font-weight: 400;\">, e isso \u00e9 um <\/span><b>direito constitucional garantido pela Constitui\u00e7\u00e3o Federal<\/b><span style=\"font-weight: 400;\">.<\/span><\/p>\n<p><span style=\"font-weight: 400;\">De acordo com o <\/span><b>artigo 5\u00ba, inciso XXXV<\/b><span style=\"font-weight: 400;\">,<\/span><\/p>\n<p><span style=\"font-weight: 400;\">\u201cA lei n\u00e3o excluir\u00e1 da aprecia\u00e7\u00e3o do Poder Judici\u00e1rio les\u00e3o ou amea\u00e7a a direito.\u201d<\/span><\/p>\n<p><b>Em outras palavras<\/b><span style=\"font-weight: 400;\">, todos t\u00eam o direito de <\/span><b>buscar a Justi\u00e7a do Trabalho<\/b><span style=\"font-weight: 400;\"> quando sofrem alguma les\u00e3o ou abuso.<\/span><span style=\"font-weight: 400;\"><br \/>\n<\/span><b>Portanto<\/b><span style=\"font-weight: 400;\">, a empresa <\/span><b>n\u00e3o pode demitir, punir ou prejudicar<\/b><span style=\"font-weight: 400;\"> quem decide <\/span><b>abrir um processo trabalhista<\/b><span style=\"font-weight: 400;\">.<\/span><\/p>\n<p><span style=\"font-weight: 400;\">Se isso acontecer, configura <\/span><b>ato discriminat\u00f3rio<\/b><span style=\"font-weight: 400;\"> e pode gerar <\/span><b>indeniza\u00e7\u00e3o por danos morais<\/b><span style=\"font-weight: 400;\">.<\/span><span style=\"font-weight: 400;\"><br \/>\n<\/span><b>Consequentemente<\/b><span style=\"font-weight: 400;\">, o trabalhador pode <\/span><b>agir com seguran\u00e7a<\/b><span style=\"font-weight: 400;\">, sabendo que est\u00e1 <\/span><b>amparado pela lei trabalhista<\/b><span style=\"font-weight: 400;\">.<\/span><\/p>\n<h2><b>2. Quando faz sentido processar a empresa?<\/b><\/h2>\n<p><span style=\"font-weight: 400;\">Nem toda insatisfa\u00e7\u00e3o deve virar uma <\/span><b>a\u00e7\u00e3o judicial<\/b><span style=\"font-weight: 400;\">, mas h\u00e1 situa\u00e7\u00f5es em que <\/span><b>processar a empresa<\/b><span style=\"font-weight: 400;\"> \u00e9 o \u00fanico caminho.<\/span><\/p>\n<p><b>Por exemplo:<\/b><\/p>\n<ul>\n<li style=\"font-weight: 400;\" aria-level=\"1\"><b>Atrasos salariais frequentes<\/b><span style=\"font-weight: 400;\">;<\/span><span style=\"font-weight: 400;\">\n<p><\/span><\/li>\n<li style=\"font-weight: 400;\" aria-level=\"1\"><b>Falta de recolhimento do FGTS<\/b><span style=\"font-weight: 400;\">;<\/span><span style=\"font-weight: 400;\">\n<p><\/span><\/li>\n<li style=\"font-weight: 400;\" aria-level=\"1\"><b>Ass\u00e9dio moral ou sexual<\/b><span style=\"font-weight: 400;\">;<\/span><span style=\"font-weight: 400;\">\n<p><\/span><\/li>\n<li style=\"font-weight: 400;\" aria-level=\"1\"><b>Desvio ou ac\u00famulo de fun\u00e7\u00e3o<\/b><span style=\"font-weight: 400;\">;<\/span><span style=\"font-weight: 400;\">\n<p><\/span><\/li>\n<li style=\"font-weight: 400;\" aria-level=\"1\"><b>Horas extras n\u00e3o pagas<\/b><span style=\"font-weight: 400;\">;<\/span><span style=\"font-weight: 400;\">\n<p><\/span><\/li>\n<li style=\"font-weight: 400;\" aria-level=\"1\"><b>Diferen\u00e7as salariais<\/b><span style=\"font-weight: 400;\">;<\/span><span style=\"font-weight: 400;\">\n<p><\/span><\/li>\n<li style=\"font-weight: 400;\" aria-level=\"1\"><b>Ambiente de trabalho abusivo<\/b><span style=\"font-weight: 400;\">.<\/span><span style=\"font-weight: 400;\">\n<p><\/span><\/li>\n<\/ul>\n<p><b>Al\u00e9m disso<\/b><span style=\"font-weight: 400;\">, se a empresa <\/span><b>ignora suas reclama\u00e7\u00f5es internas<\/b><span style=\"font-weight: 400;\">, entrar com uma <\/span><b>a\u00e7\u00e3o trabalhista<\/b><span style=\"font-weight: 400;\"> se torna essencial para <\/span><b>garantir seus direitos<\/b><span style=\"font-weight: 400;\">.<\/span><\/p>\n<h2><b>3. E se a empresa descobrir o processo?<\/b><\/h2>\n<p><span style=\"font-weight: 400;\">Essa \u00e9 uma das maiores preocupa\u00e7\u00f5es de quem pensa em <\/span><b>processar a empresa enquanto ainda est\u00e1 trabalhando<\/b><span style=\"font-weight: 400;\">.<\/span><span style=\"font-weight: 400;\"><br \/>\n<\/span><b>Na pr\u00e1tica<\/b><span style=\"font-weight: 400;\">, a empresa s\u00f3 descobre oficialmente quando \u00e9 <\/span><b>notificada pela Justi\u00e7a do Trabalho<\/b><span style=\"font-weight: 400;\">, o que pode levar algumas semanas.<\/span><\/p>\n<p><b>Enquanto isso<\/b><span style=\"font-weight: 400;\">, o empregado <\/span><b>segue normalmente no trabalho<\/b><span style=\"font-weight: 400;\">.<\/span><span style=\"font-weight: 400;\"><br \/>\n<\/span><span style=\"font-weight: 400;\">Mas, mesmo depois, <\/span><b>a empresa n\u00e3o pode retaliar, perseguir ou alterar fun\u00e7\u00f5es<\/b><span style=\"font-weight: 400;\"> por causa do processo.<\/span><\/p>\n<p><span style=\"font-weight: 400;\">Caso isso ocorra, \u00e9 considerado <\/span><b>ass\u00e9dio moral<\/b><span style=\"font-weight: 400;\"> e pode gerar <\/span><b>indeniza\u00e7\u00e3o adicional<\/b><span style=\"font-weight: 400;\">.<\/span><span style=\"font-weight: 400;\"><br \/>\n<\/span><b>Portanto<\/b><span style=\"font-weight: 400;\">, o trabalhador deve agir com tranquilidade, sabendo que <\/span><b>a lei est\u00e1 do seu lado<\/b><span style=\"font-weight: 400;\">.<\/span><\/p>\n<h2><b>4. E se eu for demitido ap\u00f3s entrar com o processo?<\/b><\/h2>\n<p><span style=\"font-weight: 400;\">Se a demiss\u00e3o acontecer <\/span><b>logo ap\u00f3s o in\u00edcio do processo<\/b><span style=\"font-weight: 400;\">, o advogado pode alegar <\/span><b>demiss\u00e3o discriminat\u00f3ria<\/b><span style=\"font-weight: 400;\">.<\/span><span style=\"font-weight: 400;\"><br \/>\n<\/span><span style=\"font-weight: 400;\"> Nessa situa\u00e7\u00e3o, o juiz pode determinar a <\/span><b>reintegra\u00e7\u00e3o ao emprego<\/b><span style=\"font-weight: 400;\"> ou o pagamento de <\/span><b>indeniza\u00e7\u00e3o substitutiva<\/b><span style=\"font-weight: 400;\">.<\/span><\/p>\n<p><b>Al\u00e9m disso<\/b><span style=\"font-weight: 400;\">, a empresa pode ser condenada ao <\/span><b>pagamento de sal\u00e1rios atrasados<\/b><span style=\"font-weight: 400;\"> desde a demiss\u00e3o at\u00e9 a decis\u00e3o judicial.<\/span><span style=\"font-weight: 400;\"><br \/>\n<\/span> <b>Em resumo<\/b><span style=\"font-weight: 400;\">, a <\/span><b>Justi\u00e7a do Trabalho<\/b><span style=\"font-weight: 400;\"> pune severamente qualquer tipo de <\/span><b>retalia\u00e7\u00e3o<\/b><span style=\"font-weight: 400;\">.<\/span><\/p>\n<p><b>Consequentemente<\/b><span style=\"font-weight: 400;\">, o trabalhador <\/span><b>n\u00e3o precisa temer<\/b><span style=\"font-weight: 400;\"> ser demitido injustamente por <\/span><b>processar a empresa enquanto ainda est\u00e1 trabalhando<\/b><span style=\"font-weight: 400;\">.<\/span><\/p>\n<h2><b>5. A empresa pode me tratar diferente depois do processo?<\/b><\/h2>\n<p><span style=\"font-weight: 400;\">Definitivamente, <\/span><b>n\u00e3o pode<\/b><span style=\"font-weight: 400;\">.<\/span><span style=\"font-weight: 400;\"><br \/>\n<\/span><span style=\"font-weight: 400;\"> Qualquer mudan\u00e7a que tenha como objetivo <\/span><b>punir, isolar ou constranger<\/b><span style=\"font-weight: 400;\"> o trabalhador \u00e9 ilegal.<\/span><\/p>\n<p><span style=\"font-weight: 400;\">Isso inclui:<\/span><\/p>\n<ul>\n<li style=\"font-weight: 400;\" aria-level=\"1\"><b>Redu\u00e7\u00e3o de sal\u00e1rio<\/b><span style=\"font-weight: 400;\">;<\/span><span style=\"font-weight: 400;\">\n<p><\/span><\/li>\n<li style=\"font-weight: 400;\" aria-level=\"1\"><b>Mudan\u00e7a de fun\u00e7\u00e3o sem justificativa<\/b><span style=\"font-weight: 400;\">;<\/span><span style=\"font-weight: 400;\">\n<p><\/span><\/li>\n<li style=\"font-weight: 400;\" aria-level=\"1\"><b>Cortes de benef\u00edcios<\/b><span style=\"font-weight: 400;\">;<\/span><span style=\"font-weight: 400;\">\n<p><\/span><\/li>\n<li style=\"font-weight: 400;\" aria-level=\"1\"><b>Humilha\u00e7\u00f5es ou piadas constantes<\/b><span style=\"font-weight: 400;\">.<\/span><span style=\"font-weight: 400;\">\n<p><\/span><\/li>\n<\/ul>\n<p><span style=\"font-weight: 400;\">Essas atitudes configuram <\/span><b>ass\u00e9dio moral<\/b><span style=\"font-weight: 400;\">.<\/span><span style=\"font-weight: 400;\"><br \/>\n<\/span><b>Dessa forma<\/b><span style=\"font-weight: 400;\">, o trabalhador pode incluir essa conduta como <\/span><b>novo pedido na a\u00e7\u00e3o trabalhista<\/b><span style=\"font-weight: 400;\">.<\/span><span style=\"font-weight: 400;\"><br \/>\n<\/span><b>Portanto<\/b><span style=\"font-weight: 400;\">, se houver persegui\u00e7\u00e3o, <\/span><b>registre provas<\/b><span style=\"font-weight: 400;\"> e <\/span><b>comunique seu advogado trabalhista imediatamente<\/b><span style=\"font-weight: 400;\">.<\/span><\/p>\n<h2><b>6. O que fazer antes de processar a empresa<\/b><\/h2>\n<p><span style=\"font-weight: 400;\">Antes de <\/span><b>entrar com uma a\u00e7\u00e3o trabalhista<\/b><span style=\"font-weight: 400;\">, \u00e9 importante <\/span><b>avaliar a situa\u00e7\u00e3o com calma<\/b><span style=\"font-weight: 400;\">.<\/span><span style=\"font-weight: 400;\"><br \/>\n<\/span> <b>Em muitos casos<\/b><span style=\"font-weight: 400;\">, tentar resolver internamente \u00e9 um bom primeiro passo.<\/span><span style=\"font-weight: 400;\"><br \/>\n<\/span><span style=\"font-weight: 400;\"> Procure o <\/span><b>RH<\/b><span style=\"font-weight: 400;\"> ou seu <\/span><b>supervisor direto<\/b><span style=\"font-weight: 400;\">, explique o problema e <\/span><b>guarde registros da conversa<\/b><span style=\"font-weight: 400;\">.<\/span><\/p>\n<p><b>Contudo<\/b><span style=\"font-weight: 400;\">, se a empresa <\/span><b>ignorar suas tentativas<\/b><span style=\"font-weight: 400;\"> ou <\/span><b>amea\u00e7ar repres\u00e1lias<\/b><span style=\"font-weight: 400;\">, <\/span><b>procure um advogado trabalhista<\/b><span style=\"font-weight: 400;\"> o quanto antes.<\/span><span style=\"font-weight: 400;\"><br \/>\n<\/span><span style=\"font-weight: 400;\"> Ele vai te orientar sobre:<\/span><\/p>\n<ul>\n<li style=\"font-weight: 400;\" aria-level=\"1\"><span style=\"font-weight: 400;\">Quais provas reunir;<\/span><span style=\"font-weight: 400;\">\n<p><\/span><\/li>\n<li style=\"font-weight: 400;\" aria-level=\"1\"><span style=\"font-weight: 400;\">Como agir com discri\u00e7\u00e3o;<\/span><span style=\"font-weight: 400;\">\n<p><\/span><\/li>\n<li style=\"font-weight: 400;\" aria-level=\"1\"><span style=\"font-weight: 400;\">E quais direitos voc\u00ea pode cobrar.<\/span><span style=\"font-weight: 400;\">\n<p><\/span><\/li>\n<\/ul>\n<p><b>Assim<\/b><span style=\"font-weight: 400;\">, voc\u00ea se resguarda e evita decis\u00f5es impulsivas.<\/span><\/p>\n<h2><b>7. Preciso pedir demiss\u00e3o para entrar com o processo?<\/b><\/h2>\n<p><img fetchpriority=\"high\" decoding=\"async\" class=\"alignnone size-medium wp-image-1390\" src=\"https:\/\/carvalhoadvogado.aliamkt.com\/wp-content\/uploads\/2025\/10\/advogado-trabalhista-em-contagem-300x300.jpg\" alt=\"\" width=\"300\" height=\"300\" srcset=\"https:\/\/carvalhoadvogado.aliamkt.com\/wp-content\/uploads\/2025\/10\/advogado-trabalhista-em-contagem-300x300.jpg 300w, https:\/\/carvalhoadvogado.aliamkt.com\/wp-content\/uploads\/2025\/10\/advogado-trabalhista-em-contagem-150x150.jpg 150w, https:\/\/carvalhoadvogado.aliamkt.com\/wp-content\/uploads\/2025\/10\/advogado-trabalhista-em-contagem-230x230.jpg 230w, https:\/\/carvalhoadvogado.aliamkt.com\/wp-content\/uploads\/2025\/10\/advogado-trabalhista-em-contagem-400x400.jpg 400w, https:\/\/carvalhoadvogado.aliamkt.com\/wp-content\/uploads\/2025\/10\/advogado-trabalhista-em-contagem-600x600.jpg 600w, https:\/\/carvalhoadvogado.aliamkt.com\/wp-content\/uploads\/2025\/10\/advogado-trabalhista-em-contagem.jpg 626w\" sizes=\"(max-width: 300px) 100vw, 300px\" \/><\/p>\n<p><span style=\"font-weight: 400;\">N\u00e3o!<\/span><span style=\"font-weight: 400;\"><br \/>\n<\/span><span style=\"font-weight: 400;\"> Voc\u00ea <\/span><b>n\u00e3o precisa pedir demiss\u00e3o<\/b><span style=\"font-weight: 400;\"> para <\/span><b>processar a empresa enquanto ainda est\u00e1 trabalhando<\/b><span style=\"font-weight: 400;\">.<\/span><\/p>\n<p><span style=\"font-weight: 400;\">Enquanto o v\u00ednculo continua ativo, voc\u00ea pode <\/span><b>exigir judicialmente<\/b><span style=\"font-weight: 400;\">:<\/span><\/p>\n<ul>\n<li style=\"font-weight: 400;\" aria-level=\"1\"><b>Horas extras<\/b><span style=\"font-weight: 400;\">;<\/span><span style=\"font-weight: 400;\">\n<p><\/span><\/li>\n<li style=\"font-weight: 400;\" aria-level=\"1\"><b>FGTS atrasado<\/b><span style=\"font-weight: 400;\">;<\/span><span style=\"font-weight: 400;\">\n<p><\/span><\/li>\n<li style=\"font-weight: 400;\" aria-level=\"1\"><b>Adicionais de insalubridade ou periculosidade<\/b><span style=\"font-weight: 400;\">;<\/span><span style=\"font-weight: 400;\">\n<p><\/span><\/li>\n<li style=\"font-weight: 400;\" aria-level=\"1\"><b>Diferen\u00e7as salariais<\/b><span style=\"font-weight: 400;\">;<\/span><span style=\"font-weight: 400;\">\n<p><\/span><\/li>\n<li style=\"font-weight: 400;\" aria-level=\"1\"><b>Danos morais e materiais<\/b><span style=\"font-weight: 400;\">.<\/span><span style=\"font-weight: 400;\">\n<p><\/span><\/li>\n<\/ul>\n<p><b>Somente se o ambiente se tornar insustent\u00e1vel<\/b><span style=\"font-weight: 400;\"> \u00e9 que o advogado pode sugerir uma <\/span><b>rescis\u00e3o indireta<\/b><span style=\"font-weight: 400;\">, uma esp\u00e9cie de <\/span><b>demiss\u00e3o por culpa da empresa<\/b><span style=\"font-weight: 400;\">.<\/span><span style=\"font-weight: 400;\"><br \/>\n<\/span> <b>Portanto<\/b><span style=\"font-weight: 400;\">, o ideal \u00e9 agir com orienta\u00e7\u00e3o profissional.<\/span><\/p>\n<h2><b>8. O que \u00e9 rescis\u00e3o indireta?<\/b><\/h2>\n<p><span style=\"font-weight: 400;\">A <\/span><b>rescis\u00e3o indireta<\/b><span style=\"font-weight: 400;\"> \u00e9 o rompimento do contrato de trabalho <\/span><b>por culpa do empregador<\/b><span style=\"font-weight: 400;\">.<\/span><span style=\"font-weight: 400;\"><br \/>\n<\/span><span style=\"font-weight: 400;\"> \u00c9 como uma <\/span><b>justa causa ao contr\u00e1rio<\/b><span style=\"font-weight: 400;\">, ou seja, \u00e9 a empresa quem erra.<\/span><\/p>\n<p><b>Entre os motivos mais comuns est\u00e3o:<\/b><\/p>\n<ul>\n<li style=\"font-weight: 400;\" aria-level=\"1\"><b>Atrasos salariais recorrentes<\/b><span style=\"font-weight: 400;\">;<\/span><span style=\"font-weight: 400;\">\n<p><\/span><\/li>\n<li style=\"font-weight: 400;\" aria-level=\"1\"><b>Falta de pagamento de benef\u00edcios<\/b><span style=\"font-weight: 400;\">;<\/span><span style=\"font-weight: 400;\">\n<p><\/span><\/li>\n<li style=\"font-weight: 400;\" aria-level=\"1\"><b>Ass\u00e9dio moral ou sexual<\/b><span style=\"font-weight: 400;\">;<\/span><span style=\"font-weight: 400;\">\n<p><\/span><\/li>\n<li style=\"font-weight: 400;\" aria-level=\"1\"><b>Falta de condi\u00e7\u00f5es de trabalho adequadas<\/b><span style=\"font-weight: 400;\">.<\/span><span style=\"font-weight: 400;\">\n<p><\/span><\/li>\n<\/ul>\n<p><span style=\"font-weight: 400;\">Quando isso ocorre, o trabalhador pode sair da empresa e receber <\/span><b>todos os direitos da demiss\u00e3o sem justa causa<\/b><span style=\"font-weight: 400;\">, como:<\/span><\/p>\n<ul>\n<li style=\"font-weight: 400;\" aria-level=\"1\"><b>Aviso pr\u00e9vio indenizado<\/b><span style=\"font-weight: 400;\">;<\/span><span style=\"font-weight: 400;\">\n<p><\/span><\/li>\n<li style=\"font-weight: 400;\" aria-level=\"1\"><b>Multa de 40% do FGTS<\/b><span style=\"font-weight: 400;\">;<\/span><span style=\"font-weight: 400;\">\n<p><\/span><\/li>\n<li style=\"font-weight: 400;\" aria-level=\"1\"><b>Saque do FGTS<\/b><span style=\"font-weight: 400;\">;<\/span><span style=\"font-weight: 400;\">\n<p><\/span><\/li>\n<li style=\"font-weight: 400;\" aria-level=\"1\"><b>Seguro-desemprego<\/b><span style=\"font-weight: 400;\">;<\/span><span style=\"font-weight: 400;\">\n<p><\/span><\/li>\n<li style=\"font-weight: 400;\" aria-level=\"1\"><b>F\u00e9rias e 13\u00ba proporcionais<\/b><span style=\"font-weight: 400;\">.<\/span><span style=\"font-weight: 400;\">\n<p><\/span><\/li>\n<\/ul>\n<p><b>Consequentemente<\/b><span style=\"font-weight: 400;\">, a <\/span><b>rescis\u00e3o indireta<\/b><span style=\"font-weight: 400;\"> \u00e9 uma forma justa e segura de <\/span><b>encerrar o v\u00ednculo com dignidade<\/b><span style=\"font-weight: 400;\">.<\/span><\/p>\n<h2><b>9. O processo trabalhista \u00e9 sigiloso?<\/b><\/h2>\n<p><span style=\"font-weight: 400;\">Geralmente, <\/span><b>n\u00e3o \u00e9<\/b><span style=\"font-weight: 400;\">.<\/span><span style=\"font-weight: 400;\"><br \/>\n<\/span><span style=\"font-weight: 400;\"> Os <\/span><b>processos trabalhistas<\/b><span style=\"font-weight: 400;\"> s\u00e3o p\u00fablicos, mas o <\/span><b>advogado trabalhista<\/b><span style=\"font-weight: 400;\"> pode solicitar <\/span><b>sigilo processual<\/b><span style=\"font-weight: 400;\"> em casos delicados.<\/span><\/p>\n<p><b>Por exemplo:<\/b><\/p>\n<ul>\n<li style=\"font-weight: 400;\" aria-level=\"1\"><span style=\"font-weight: 400;\">Quando h\u00e1 <\/span><b>ass\u00e9dio moral ou sexual<\/b><span style=\"font-weight: 400;\">;<\/span><span style=\"font-weight: 400;\">\n<p><\/span><\/li>\n<li style=\"font-weight: 400;\" aria-level=\"1\"><b>Exposi\u00e7\u00e3o de dados pessoais<\/b><span style=\"font-weight: 400;\">;<\/span><span style=\"font-weight: 400;\">\n<p><\/span><\/li>\n<li style=\"font-weight: 400;\" aria-level=\"1\"><b>Quest\u00f5es m\u00e9dicas ou psicol\u00f3gicas<\/b><span style=\"font-weight: 400;\">.<\/span><span style=\"font-weight: 400;\">\n<p><\/span><\/li>\n<\/ul>\n<p><b>Assim<\/b><span style=\"font-weight: 400;\">, apenas o juiz e as partes envolvidas ter\u00e3o acesso \u00e0s informa\u00e7\u00f5es.<\/span><span style=\"font-weight: 400;\"><br \/>\n<\/span><b>Dessa maneira<\/b><span style=\"font-weight: 400;\">, o trabalhador pode se sentir mais protegido para <\/span><b>processar a empresa enquanto ainda est\u00e1 trabalhando<\/b><span style=\"font-weight: 400;\">.<\/span><\/p>\n<h2><b>10. Existe alternativa ao processo judicial?<\/b><\/h2>\n<p><span style=\"font-weight: 400;\">Sim!<\/span><span style=\"font-weight: 400;\"><br \/>\n<\/span><span style=\"font-weight: 400;\"> Nem sempre \u00e9 necess\u00e1rio abrir uma a\u00e7\u00e3o formal.<\/span><span style=\"font-weight: 400;\"><br \/>\n<\/span><span style=\"font-weight: 400;\"> Hoje, \u00e9 poss\u00edvel resolver muitos conflitos por meio de <\/span><b>acordo extrajudicial<\/b><span style=\"font-weight: 400;\"> ou <\/span><b>media\u00e7\u00e3o privada<\/b><span style=\"font-weight: 400;\">.<\/span><\/p>\n<p><span style=\"font-weight: 400;\">Esses acordos s\u00e3o <\/span><b>homologados pela Justi\u00e7a do Trabalho<\/b><span style=\"font-weight: 400;\">, garantindo validade legal.<\/span><span style=\"font-weight: 400;\"><br \/>\n<\/span> <b>Al\u00e9m disso<\/b><span style=\"font-weight: 400;\">, costumam ser mais r\u00e1pidos e menos desgastantes.<\/span><\/p>\n<p><b>Por\u00e9m<\/b><span style=\"font-weight: 400;\">, \u00e9 fundamental ter acompanhamento de um <\/span><b>advogado trabalhista<\/b><span style=\"font-weight: 400;\"> para evitar preju\u00edzos.<\/span><span style=\"font-weight: 400;\"><br \/>\n<\/span> <b>Em resumo<\/b><span style=\"font-weight: 400;\">, existem v\u00e1rias formas de buscar seus <\/span><b>direitos trabalhistas<\/b><span style=\"font-weight: 400;\">, e o processo \u00e9 apenas uma delas.<\/span><\/p>\n<h2><b>11. Conclus\u00e3o<\/b><\/h2>\n<p><b>Processar a empresa enquanto ainda est\u00e1 trabalhando<\/b><span style=\"font-weight: 400;\"> \u00e9 um <\/span><b>direito protegido pela Constitui\u00e7\u00e3o Federal<\/b><span style=\"font-weight: 400;\">.<\/span><span style=\"font-weight: 400;\"><br \/>\n<\/span> <b>Nenhuma empresa pode te punir, perseguir ou demitir<\/b><span style=\"font-weight: 400;\"> por exercer esse direito.<\/span><\/p>\n<p><b>Portanto<\/b><span style=\"font-weight: 400;\">, se voc\u00ea est\u00e1 enfrentando <\/span><b>irregularidades, ass\u00e9dio ou atrasos de pagamento<\/b><span style=\"font-weight: 400;\">, <\/span><b>n\u00e3o tenha medo de agir<\/b><span style=\"font-weight: 400;\">.<\/span><span style=\"font-weight: 400;\"><br \/>\n<\/span> <b>Re\u00fana provas, busque orienta\u00e7\u00e3o jur\u00eddica<\/b><span style=\"font-weight: 400;\"> e fa\u00e7a valer seus <\/span><b>direitos trabalhistas<\/b><span style=\"font-weight: 400;\">.<\/span><\/p>\n<p><b>Afinal<\/b><span style=\"font-weight: 400;\">, lutar por respeito e justi\u00e7a <\/span><b>n\u00e3o \u00e9 rebeldia \u2014 \u00e9 cidadania.<\/b><span style=\"font-weight: 400;\"> \u2696\ufe0f<\/span><\/p>\n<h2><b>FAQs \u2013 Perguntas Frequentes<\/b><\/h2>\n<h3><b>1. Posso ser demitido por entrar com processo trabalhista?<\/b><\/h3>\n<p><span style=\"font-weight: 400;\">N\u00e3o. A <\/span><b>demiss\u00e3o por retalia\u00e7\u00e3o<\/b><span style=\"font-weight: 400;\"> \u00e9 <\/span><b>ilegal<\/b><span style=\"font-weight: 400;\"> e gera <\/span><b>indeniza\u00e7\u00e3o e reintegra\u00e7\u00e3o<\/b><span style=\"font-weight: 400;\">.<\/span><\/p>\n<h3><b>2. Preciso pedir demiss\u00e3o para processar a empresa?<\/b><\/h3>\n<p><span style=\"font-weight: 400;\">N\u00e3o. Voc\u00ea pode <\/span><b>continuar trabalhando normalmente<\/b><span style=\"font-weight: 400;\"> e, ao mesmo tempo, <\/span><b>exigir seus direitos na Justi\u00e7a<\/b><span style=\"font-weight: 400;\">.<\/span><\/p>\n<h3><b>3. E se a empresa me perseguir ap\u00f3s o processo?<\/b><\/h3>\n<p><span style=\"font-weight: 400;\">Isso \u00e9 <\/span><b>ass\u00e9dio moral<\/b><span style=\"font-weight: 400;\">. Guarde provas e <\/span><b>comunique seu advogado<\/b><span style=\"font-weight: 400;\"> imediatamente.<\/span><\/p>\n<h3><b>4. O processo pode ser sigiloso?<\/b><\/h3>\n<p><span style=\"font-weight: 400;\">Sim. O <\/span><b>sigilo processual<\/b><span style=\"font-weight: 400;\"> pode ser solicitado em casos de <\/span><b>ass\u00e9dio ou exposi\u00e7\u00e3o pessoal<\/b><span style=\"font-weight: 400;\">.<\/span><\/p>\n<h3><b>5. O acordo extrajudicial \u00e9 uma boa op\u00e7\u00e3o?<\/b><\/h3>\n<p><span style=\"font-weight: 400;\">Depende. O <\/span><b>advogado trabalhista<\/b><span style=\"font-weight: 400;\"> avaliar\u00e1 se o <\/span><b>acordo \u00e9 vantajoso e legalmente seguro<\/b><span style=\"font-weight: 400;\">.<\/span><\/p>\n<p>&nbsp;<\/p>\n<p><a href=\"https:\/\/wa.me\/5531975283687\"><b>Entre em contato agora com um advogado trabalhista e saiba como garantir o que \u00e9 seu por lei!<\/b><\/a><\/p>\n<p><b>Fale com o Dr. Pedro Carvalho!<\/b><\/p>\n<p><b>Clique no bot\u00e3o abaixo e obtenha a orienta\u00e7\u00e3o jur\u00eddica que voc\u00ea precisa para resolver suas quest\u00f5es com seguran\u00e7a e confian\u00e7a.\u00a0<\/b><\/p>\n<p><a href=\"https:\/\/wa.me\/5531975283687\"><b>Fale comigo agora mesmo<\/b><\/a><\/p>\n<p><b>Siga-nos na rede social, @pedroncarvalhoadv, e fique por dentro das \u00faltimas novidades!<\/b><\/p>\n<p><span style=\"font-weight: 400;\">leia tamb\u00e9m nosso artigo completo sobre: <\/span><a href=\"https:\/\/carvalhoadvogado.aliamkt.com\/index.php\/2025\/09\/09\/rescisao-indireta-por-falta-de-fgts-saiba-como-defender-seus-direitos\/\"><span style=\"font-weight: 400;\">Rescis\u00e3o Indireta por Falta de FGTS: Saiba Como Defender Seus Direitos<\/span><\/a><\/p>\n","protected":false},"excerpt":{"rendered":"<p>Introdu\u00e7\u00e3o Muitos trabalhadores t\u00eam d\u00favidas sobre se podem ou n\u00e3o processar a empresa enquanto ainda est\u00e3o trabalhando. Essa inseguran\u00e7a \u00e9 comum, afinal, ningu\u00e9m quer ser demitido por tentar exercer seus direitos trabalhistas. Entretanto, a boa not\u00edcia \u00e9 que a lei protege o trabalhador. Ou seja, \u00e9 totalmente poss\u00edvel abrir uma a\u00e7\u00e3o trabalhista sem precisar sair [&hellip;]<\/p>\n","protected":false},"author":1,"featured_media":1391,"comment_status":"open","ping_status":"open","sticky":false,"template":"","format":"standard","meta":{"_joinchat":[],"footnotes":""},"categories":[6],"tags":[],"class_list":["post-1389","post","type-post","status-publish","format-standard","has-post-thumbnail","hentry","category-direito-trabalhista"],"yoast_head":"<!-- This site is optimized with the Yoast SEO plugin v27.5 - https:\/\/yoast.com\/product\/yoast-seo-wordpress\/ -->\n<title>Processar a Empresa Enquanto Ainda Est\u00e1 Trabalhando: Posso ou N\u00e3o Posso? - Pedro Carvalho Advogado Trabalhista<\/title>\n<meta name=\"description\" content=\"Voc\u00ea pode processar a empresa enquanto ainda est\u00e1 trabalhando e continuar empregado. Entenda o que diz a lei, quais s\u00e3o seus direitos trabalhistas e como agir com seguran\u00e7a e sem medo de repres\u00e1lias.\" \/>\n<meta name=\"robots\" content=\"index, follow, max-snippet:-1, max-image-preview:large, max-video-preview:-1\" \/>\n<link rel=\"canonical\" href=\"https:\/\/carvalhoadvogado.aliamkt.com\/index.php\/2025\/10\/21\/processar-a-empresa-enquanto-ainda-esta-trabalhando-posso-ou-nao-posso\/\" \/>\n<meta property=\"og:locale\" content=\"pt_BR\" \/>\n<meta property=\"og:type\" content=\"article\" \/>\n<meta property=\"og:title\" content=\"Processar a Empresa Enquanto Ainda Est\u00e1 Trabalhando: Posso ou N\u00e3o Posso? - Pedro Carvalho Advogado Trabalhista\" \/>\n<meta property=\"og:description\" content=\"Voc\u00ea pode processar a empresa enquanto ainda est\u00e1 trabalhando e continuar empregado. Entenda o que diz a lei, quais s\u00e3o seus direitos trabalhistas e como agir com seguran\u00e7a e sem medo de repres\u00e1lias.\" \/>\n<meta property=\"og:url\" content=\"https:\/\/carvalhoadvogado.aliamkt.com\/index.php\/2025\/10\/21\/processar-a-empresa-enquanto-ainda-esta-trabalhando-posso-ou-nao-posso\/\" \/>\n<meta property=\"og:site_name\" content=\"Pedro Carvalho Advogado Trabalhista\" \/>\n<meta property=\"article:published_time\" content=\"2025-10-21T13:50:32+00:00\" \/>\n<meta property=\"og:image\" content=\"https:\/\/carvalhoadvogado.aliamkt.com\/wp-content\/uploads\/2025\/10\/advogado-trabalhista-online-3.jpg\" \/>\n\t<meta property=\"og:image:width\" content=\"626\" \/>\n\t<meta property=\"og:image:height\" content=\"417\" \/>\n\t<meta property=\"og:image:type\" content=\"image\/jpeg\" \/>\n<meta name=\"author\" content=\"lailacarvalhoadv\" \/>\n<meta name=\"twitter:card\" content=\"summary_large_image\" \/>\n<meta name=\"twitter:label1\" content=\"Escrito por\" \/>\n\t<meta name=\"twitter:data1\" content=\"lailacarvalhoadv\" \/>\n\t<meta name=\"twitter:label2\" content=\"Est. tempo de leitura\" \/>\n\t<meta name=\"twitter:data2\" content=\"8 minutos\" \/>\n<script type=\"application\/ld+json\" class=\"yoast-schema-graph\">{\"@context\":\"https:\\\/\\\/schema.org\",\"@graph\":[{\"@type\":\"Article\",\"@id\":\"https:\\\/\\\/carvalhoadvogado.aliamkt.com\\\/index.php\\\/2025\\\/10\\\/21\\\/processar-a-empresa-enquanto-ainda-esta-trabalhando-posso-ou-nao-posso\\\/#article\",\"isPartOf\":{\"@id\":\"https:\\\/\\\/carvalhoadvogado.aliamkt.com\\\/index.php\\\/2025\\\/10\\\/21\\\/processar-a-empresa-enquanto-ainda-esta-trabalhando-posso-ou-nao-posso\\\/\"},\"author\":{\"name\":\"lailacarvalhoadv\",\"@id\":\"https:\\\/\\\/carvalhoadvogado.aliamkt.com\\\/#\\\/schema\\\/person\\\/8f4d67ba57d6160ee802836a319bd8eb\"},\"headline\":\"Processar a Empresa Enquanto Ainda Est\u00e1 Trabalhando: Posso ou N\u00e3o Posso?\",\"datePublished\":\"2025-10-21T13:50:32+00:00\",\"mainEntityOfPage\":{\"@id\":\"https:\\\/\\\/carvalhoadvogado.aliamkt.com\\\/index.php\\\/2025\\\/10\\\/21\\\/processar-a-empresa-enquanto-ainda-esta-trabalhando-posso-ou-nao-posso\\\/\"},\"wordCount\":1352,\"commentCount\":0,\"publisher\":{\"@id\":\"https:\\\/\\\/carvalhoadvogado.aliamkt.com\\\/#organization\"},\"image\":{\"@id\":\"https:\\\/\\\/carvalhoadvogado.aliamkt.com\\\/index.php\\\/2025\\\/10\\\/21\\\/processar-a-empresa-enquanto-ainda-esta-trabalhando-posso-ou-nao-posso\\\/#primaryimage\"},\"thumbnailUrl\":\"https:\\\/\\\/carvalhoadvogado.aliamkt.com\\\/wp-content\\\/uploads\\\/2025\\\/10\\\/advogado-trabalhista-online-3.jpg\",\"articleSection\":[\"Direito Trabalhista\"],\"inLanguage\":\"pt-BR\",\"potentialAction\":[{\"@type\":\"CommentAction\",\"name\":\"Comment\",\"target\":[\"https:\\\/\\\/carvalhoadvogado.aliamkt.com\\\/index.php\\\/2025\\\/10\\\/21\\\/processar-a-empresa-enquanto-ainda-esta-trabalhando-posso-ou-nao-posso\\\/#respond\"]}]},{\"@type\":\"WebPage\",\"@id\":\"https:\\\/\\\/carvalhoadvogado.aliamkt.com\\\/index.php\\\/2025\\\/10\\\/21\\\/processar-a-empresa-enquanto-ainda-esta-trabalhando-posso-ou-nao-posso\\\/\",\"url\":\"https:\\\/\\\/carvalhoadvogado.aliamkt.com\\\/index.php\\\/2025\\\/10\\\/21\\\/processar-a-empresa-enquanto-ainda-esta-trabalhando-posso-ou-nao-posso\\\/\",\"name\":\"Processar a Empresa Enquanto Ainda Est\u00e1 Trabalhando: Posso ou N\u00e3o Posso? - Pedro Carvalho Advogado Trabalhista\",\"isPartOf\":{\"@id\":\"https:\\\/\\\/carvalhoadvogado.aliamkt.com\\\/#website\"},\"primaryImageOfPage\":{\"@id\":\"https:\\\/\\\/carvalhoadvogado.aliamkt.com\\\/index.php\\\/2025\\\/10\\\/21\\\/processar-a-empresa-enquanto-ainda-esta-trabalhando-posso-ou-nao-posso\\\/#primaryimage\"},\"image\":{\"@id\":\"https:\\\/\\\/carvalhoadvogado.aliamkt.com\\\/index.php\\\/2025\\\/10\\\/21\\\/processar-a-empresa-enquanto-ainda-esta-trabalhando-posso-ou-nao-posso\\\/#primaryimage\"},\"thumbnailUrl\":\"https:\\\/\\\/carvalhoadvogado.aliamkt.com\\\/wp-content\\\/uploads\\\/2025\\\/10\\\/advogado-trabalhista-online-3.jpg\",\"datePublished\":\"2025-10-21T13:50:32+00:00\",\"description\":\"Voc\u00ea pode processar a empresa enquanto ainda est\u00e1 trabalhando e continuar empregado. Entenda o que diz a lei, quais s\u00e3o seus direitos trabalhistas e como agir com seguran\u00e7a e sem medo de repres\u00e1lias.\",\"breadcrumb\":{\"@id\":\"https:\\\/\\\/carvalhoadvogado.aliamkt.com\\\/index.php\\\/2025\\\/10\\\/21\\\/processar-a-empresa-enquanto-ainda-esta-trabalhando-posso-ou-nao-posso\\\/#breadcrumb\"},\"inLanguage\":\"pt-BR\",\"potentialAction\":[{\"@type\":\"ReadAction\",\"target\":[\"https:\\\/\\\/carvalhoadvogado.aliamkt.com\\\/index.php\\\/2025\\\/10\\\/21\\\/processar-a-empresa-enquanto-ainda-esta-trabalhando-posso-ou-nao-posso\\\/\"]}]},{\"@type\":\"ImageObject\",\"inLanguage\":\"pt-BR\",\"@id\":\"https:\\\/\\\/carvalhoadvogado.aliamkt.com\\\/index.php\\\/2025\\\/10\\\/21\\\/processar-a-empresa-enquanto-ainda-esta-trabalhando-posso-ou-nao-posso\\\/#primaryimage\",\"url\":\"https:\\\/\\\/carvalhoadvogado.aliamkt.com\\\/wp-content\\\/uploads\\\/2025\\\/10\\\/advogado-trabalhista-online-3.jpg\",\"contentUrl\":\"https:\\\/\\\/carvalhoadvogado.aliamkt.com\\\/wp-content\\\/uploads\\\/2025\\\/10\\\/advogado-trabalhista-online-3.jpg\",\"width\":626,\"height\":417},{\"@type\":\"BreadcrumbList\",\"@id\":\"https:\\\/\\\/carvalhoadvogado.aliamkt.com\\\/index.php\\\/2025\\\/10\\\/21\\\/processar-a-empresa-enquanto-ainda-esta-trabalhando-posso-ou-nao-posso\\\/#breadcrumb\",\"itemListElement\":[{\"@type\":\"ListItem\",\"position\":1,\"name\":\"In\u00edcio\",\"item\":\"https:\\\/\\\/carvalhoadvogado.aliamkt.com\\\/\"},{\"@type\":\"ListItem\",\"position\":2,\"name\":\"Processar a Empresa Enquanto Ainda Est\u00e1 Trabalhando: Posso ou N\u00e3o Posso?\"}]},{\"@type\":\"WebSite\",\"@id\":\"https:\\\/\\\/carvalhoadvogado.aliamkt.com\\\/#website\",\"url\":\"https:\\\/\\\/carvalhoadvogado.aliamkt.com\\\/\",\"name\":\"Pedro Carvalho Advogado\",\"description\":\"Advogado Trabalhista\",\"publisher\":{\"@id\":\"https:\\\/\\\/carvalhoadvogado.aliamkt.com\\\/#organization\"},\"potentialAction\":[{\"@type\":\"SearchAction\",\"target\":{\"@type\":\"EntryPoint\",\"urlTemplate\":\"https:\\\/\\\/carvalhoadvogado.aliamkt.com\\\/?s={search_term_string}\"},\"query-input\":{\"@type\":\"PropertyValueSpecification\",\"valueRequired\":true,\"valueName\":\"search_term_string\"}}],\"inLanguage\":\"pt-BR\"},{\"@type\":\"Organization\",\"@id\":\"https:\\\/\\\/carvalhoadvogado.aliamkt.com\\\/#organization\",\"name\":\"Pedro Carvalho Advogado\",\"url\":\"https:\\\/\\\/carvalhoadvogado.aliamkt.com\\\/\",\"logo\":{\"@type\":\"ImageObject\",\"inLanguage\":\"pt-BR\",\"@id\":\"https:\\\/\\\/carvalhoadvogado.aliamkt.com\\\/#\\\/schema\\\/logo\\\/image\\\/\",\"url\":\"https:\\\/\\\/carvalhoadvogado.aliamkt.com\\\/wp-content\\\/uploads\\\/2024\\\/06\\\/Logo-azul.png\",\"contentUrl\":\"https:\\\/\\\/carvalhoadvogado.aliamkt.com\\\/wp-content\\\/uploads\\\/2024\\\/06\\\/Logo-azul.png\",\"width\":500,\"height\":500,\"caption\":\"Pedro Carvalho Advogado\"},\"image\":{\"@id\":\"https:\\\/\\\/carvalhoadvogado.aliamkt.com\\\/#\\\/schema\\\/logo\\\/image\\\/\"}},{\"@type\":\"Person\",\"@id\":\"https:\\\/\\\/carvalhoadvogado.aliamkt.com\\\/#\\\/schema\\\/person\\\/8f4d67ba57d6160ee802836a319bd8eb\",\"name\":\"lailacarvalhoadv\",\"image\":{\"@type\":\"ImageObject\",\"inLanguage\":\"pt-BR\",\"@id\":\"https:\\\/\\\/secure.gravatar.com\\\/avatar\\\/a60961139a792fb5ca701fab485f653a1b3cc37cf8dbd4937b4134105caf5369?s=96&d=mm&r=g\",\"url\":\"https:\\\/\\\/secure.gravatar.com\\\/avatar\\\/a60961139a792fb5ca701fab485f653a1b3cc37cf8dbd4937b4134105caf5369?s=96&d=mm&r=g\",\"contentUrl\":\"https:\\\/\\\/secure.gravatar.com\\\/avatar\\\/a60961139a792fb5ca701fab485f653a1b3cc37cf8dbd4937b4134105caf5369?s=96&d=mm&r=g\",\"caption\":\"lailacarvalhoadv\"},\"sameAs\":[\"https:\\\/\\\/carvalhoadvogado.aliamkt.com\"],\"url\":\"https:\\\/\\\/carvalhoadvogado.aliamkt.com\\\/index.php\\\/author\\\/lailacarvalhoadv\\\/\"}]}<\/script>\n<!-- \/ Yoast SEO plugin. -->","yoast_head_json":{"title":"Processar a Empresa Enquanto Ainda Est\u00e1 Trabalhando: Posso ou N\u00e3o Posso? - Pedro Carvalho Advogado Trabalhista","description":"Voc\u00ea pode processar a empresa enquanto ainda est\u00e1 trabalhando e continuar empregado. Entenda o que diz a lei, quais s\u00e3o seus direitos trabalhistas e como agir com seguran\u00e7a e sem medo de repres\u00e1lias.","robots":{"index":"index","follow":"follow","max-snippet":"max-snippet:-1","max-image-preview":"max-image-preview:large","max-video-preview":"max-video-preview:-1"},"canonical":"https:\/\/carvalhoadvogado.aliamkt.com\/index.php\/2025\/10\/21\/processar-a-empresa-enquanto-ainda-esta-trabalhando-posso-ou-nao-posso\/","og_locale":"pt_BR","og_type":"article","og_title":"Processar a Empresa Enquanto Ainda Est\u00e1 Trabalhando: Posso ou N\u00e3o Posso? - Pedro Carvalho Advogado Trabalhista","og_description":"Voc\u00ea pode processar a empresa enquanto ainda est\u00e1 trabalhando e continuar empregado. Entenda o que diz a lei, quais s\u00e3o seus direitos trabalhistas e como agir com seguran\u00e7a e sem medo de repres\u00e1lias.","og_url":"https:\/\/carvalhoadvogado.aliamkt.com\/index.php\/2025\/10\/21\/processar-a-empresa-enquanto-ainda-esta-trabalhando-posso-ou-nao-posso\/","og_site_name":"Pedro Carvalho Advogado Trabalhista","article_published_time":"2025-10-21T13:50:32+00:00","og_image":[{"width":626,"height":417,"url":"https:\/\/carvalhoadvogado.aliamkt.com\/wp-content\/uploads\/2025\/10\/advogado-trabalhista-online-3.jpg","type":"image\/jpeg"}],"author":"lailacarvalhoadv","twitter_card":"summary_large_image","twitter_misc":{"Escrito por":"lailacarvalhoadv","Est. tempo de leitura":"8 minutos"},"schema":{"@context":"https:\/\/schema.org","@graph":[{"@type":"Article","@id":"https:\/\/carvalhoadvogado.aliamkt.com\/index.php\/2025\/10\/21\/processar-a-empresa-enquanto-ainda-esta-trabalhando-posso-ou-nao-posso\/#article","isPartOf":{"@id":"https:\/\/carvalhoadvogado.aliamkt.com\/index.php\/2025\/10\/21\/processar-a-empresa-enquanto-ainda-esta-trabalhando-posso-ou-nao-posso\/"},"author":{"name":"lailacarvalhoadv","@id":"https:\/\/carvalhoadvogado.aliamkt.com\/#\/schema\/person\/8f4d67ba57d6160ee802836a319bd8eb"},"headline":"Processar a Empresa Enquanto Ainda Est\u00e1 Trabalhando: Posso ou N\u00e3o Posso?","datePublished":"2025-10-21T13:50:32+00:00","mainEntityOfPage":{"@id":"https:\/\/carvalhoadvogado.aliamkt.com\/index.php\/2025\/10\/21\/processar-a-empresa-enquanto-ainda-esta-trabalhando-posso-ou-nao-posso\/"},"wordCount":1352,"commentCount":0,"publisher":{"@id":"https:\/\/carvalhoadvogado.aliamkt.com\/#organization"},"image":{"@id":"https:\/\/carvalhoadvogado.aliamkt.com\/index.php\/2025\/10\/21\/processar-a-empresa-enquanto-ainda-esta-trabalhando-posso-ou-nao-posso\/#primaryimage"},"thumbnailUrl":"https:\/\/carvalhoadvogado.aliamkt.com\/wp-content\/uploads\/2025\/10\/advogado-trabalhista-online-3.jpg","articleSection":["Direito Trabalhista"],"inLanguage":"pt-BR","potentialAction":[{"@type":"CommentAction","name":"Comment","target":["https:\/\/carvalhoadvogado.aliamkt.com\/index.php\/2025\/10\/21\/processar-a-empresa-enquanto-ainda-esta-trabalhando-posso-ou-nao-posso\/#respond"]}]},{"@type":"WebPage","@id":"https:\/\/carvalhoadvogado.aliamkt.com\/index.php\/2025\/10\/21\/processar-a-empresa-enquanto-ainda-esta-trabalhando-posso-ou-nao-posso\/","url":"https:\/\/carvalhoadvogado.aliamkt.com\/index.php\/2025\/10\/21\/processar-a-empresa-enquanto-ainda-esta-trabalhando-posso-ou-nao-posso\/","name":"Processar a Empresa Enquanto Ainda Est\u00e1 Trabalhando: Posso ou N\u00e3o Posso? - Pedro Carvalho Advogado Trabalhista","isPartOf":{"@id":"https:\/\/carvalhoadvogado.aliamkt.com\/#website"},"primaryImageOfPage":{"@id":"https:\/\/carvalhoadvogado.aliamkt.com\/index.php\/2025\/10\/21\/processar-a-empresa-enquanto-ainda-esta-trabalhando-posso-ou-nao-posso\/#primaryimage"},"image":{"@id":"https:\/\/carvalhoadvogado.aliamkt.com\/index.php\/2025\/10\/21\/processar-a-empresa-enquanto-ainda-esta-trabalhando-posso-ou-nao-posso\/#primaryimage"},"thumbnailUrl":"https:\/\/carvalhoadvogado.aliamkt.com\/wp-content\/uploads\/2025\/10\/advogado-trabalhista-online-3.jpg","datePublished":"2025-10-21T13:50:32+00:00","description":"Voc\u00ea pode processar a empresa enquanto ainda est\u00e1 trabalhando e continuar empregado. Entenda o que diz a lei, quais s\u00e3o seus direitos trabalhistas e como agir com seguran\u00e7a e sem medo de repres\u00e1lias.","breadcrumb":{"@id":"https:\/\/carvalhoadvogado.aliamkt.com\/index.php\/2025\/10\/21\/processar-a-empresa-enquanto-ainda-esta-trabalhando-posso-ou-nao-posso\/#breadcrumb"},"inLanguage":"pt-BR","potentialAction":[{"@type":"ReadAction","target":["https:\/\/carvalhoadvogado.aliamkt.com\/index.php\/2025\/10\/21\/processar-a-empresa-enquanto-ainda-esta-trabalhando-posso-ou-nao-posso\/"]}]},{"@type":"ImageObject","inLanguage":"pt-BR","@id":"https:\/\/carvalhoadvogado.aliamkt.com\/index.php\/2025\/10\/21\/processar-a-empresa-enquanto-ainda-esta-trabalhando-posso-ou-nao-posso\/#primaryimage","url":"https:\/\/carvalhoadvogado.aliamkt.com\/wp-content\/uploads\/2025\/10\/advogado-trabalhista-online-3.jpg","contentUrl":"https:\/\/carvalhoadvogado.aliamkt.com\/wp-content\/uploads\/2025\/10\/advogado-trabalhista-online-3.jpg","width":626,"height":417},{"@type":"BreadcrumbList","@id":"https:\/\/carvalhoadvogado.aliamkt.com\/index.php\/2025\/10\/21\/processar-a-empresa-enquanto-ainda-esta-trabalhando-posso-ou-nao-posso\/#breadcrumb","itemListElement":[{"@type":"ListItem","position":1,"name":"In\u00edcio","item":"https:\/\/carvalhoadvogado.aliamkt.com\/"},{"@type":"ListItem","position":2,"name":"Processar a Empresa Enquanto Ainda Est\u00e1 Trabalhando: Posso ou N\u00e3o Posso?"}]},{"@type":"WebSite","@id":"https:\/\/carvalhoadvogado.aliamkt.com\/#website","url":"https:\/\/carvalhoadvogado.aliamkt.com\/","name":"Pedro Carvalho Advogado","description":"Advogado Trabalhista","publisher":{"@id":"https:\/\/carvalhoadvogado.aliamkt.com\/#organization"},"potentialAction":[{"@type":"SearchAction","target":{"@type":"EntryPoint","urlTemplate":"https:\/\/carvalhoadvogado.aliamkt.com\/?s={search_term_string}"},"query-input":{"@type":"PropertyValueSpecification","valueRequired":true,"valueName":"search_term_string"}}],"inLanguage":"pt-BR"},{"@type":"Organization","@id":"https:\/\/carvalhoadvogado.aliamkt.com\/#organization","name":"Pedro Carvalho Advogado","url":"https:\/\/carvalhoadvogado.aliamkt.com\/","logo":{"@type":"ImageObject","inLanguage":"pt-BR","@id":"https:\/\/carvalhoadvogado.aliamkt.com\/#\/schema\/logo\/image\/","url":"https:\/\/carvalhoadvogado.aliamkt.com\/wp-content\/uploads\/2024\/06\/Logo-azul.png","contentUrl":"https:\/\/carvalhoadvogado.aliamkt.com\/wp-content\/uploads\/2024\/06\/Logo-azul.png","width":500,"height":500,"caption":"Pedro Carvalho Advogado"},"image":{"@id":"https:\/\/carvalhoadvogado.aliamkt.com\/#\/schema\/logo\/image\/"}},{"@type":"Person","@id":"https:\/\/carvalhoadvogado.aliamkt.com\/#\/schema\/person\/8f4d67ba57d6160ee802836a319bd8eb","name":"lailacarvalhoadv","image":{"@type":"ImageObject","inLanguage":"pt-BR","@id":"https:\/\/secure.gravatar.com\/avatar\/a60961139a792fb5ca701fab485f653a1b3cc37cf8dbd4937b4134105caf5369?s=96&d=mm&r=g","url":"https:\/\/secure.gravatar.com\/avatar\/a60961139a792fb5ca701fab485f653a1b3cc37cf8dbd4937b4134105caf5369?s=96&d=mm&r=g","contentUrl":"https:\/\/secure.gravatar.com\/avatar\/a60961139a792fb5ca701fab485f653a1b3cc37cf8dbd4937b4134105caf5369?s=96&d=mm&r=g","caption":"lailacarvalhoadv"},"sameAs":["https:\/\/carvalhoadvogado.aliamkt.com"],"url":"https:\/\/carvalhoadvogado.aliamkt.com\/index.php\/author\/lailacarvalhoadv\/"}]}},"_links":{"self":[{"href":"https:\/\/carvalhoadvogado.aliamkt.com\/index.php\/wp-json\/wp\/v2\/posts\/1389","targetHints":{"allow":["GET"]}}],"collection":[{"href":"https:\/\/carvalhoadvogado.aliamkt.com\/index.php\/wp-json\/wp\/v2\/posts"}],"about":[{"href":"https:\/\/carvalhoadvogado.aliamkt.com\/index.php\/wp-json\/wp\/v2\/types\/post"}],"author":[{"embeddable":true,"href":"https:\/\/carvalhoadvogado.aliamkt.com\/index.php\/wp-json\/wp\/v2\/users\/1"}],"replies":[{"embeddable":true,"href":"https:\/\/carvalhoadvogado.aliamkt.com\/index.php\/wp-json\/wp\/v2\/comments?post=1389"}],"version-history":[{"count":1,"href":"https:\/\/carvalhoadvogado.aliamkt.com\/index.php\/wp-json\/wp\/v2\/posts\/1389\/revisions"}],"predecessor-version":[{"id":1392,"href":"https:\/\/carvalhoadvogado.aliamkt.com\/index.php\/wp-json\/wp\/v2\/posts\/1389\/revisions\/1392"}],"wp:featuredmedia":[{"embeddable":true,"href":"https:\/\/carvalhoadvogado.aliamkt.com\/index.php\/wp-json\/wp\/v2\/media\/1391"}],"wp:attachment":[{"href":"https:\/\/carvalhoadvogado.aliamkt.com\/index.php\/wp-json\/wp\/v2\/media?parent=1389"}],"wp:term":[{"taxonomy":"category","embeddable":true,"href":"https:\/\/carvalhoadvogado.aliamkt.com\/index.php\/wp-json\/wp\/v2\/categories?post=1389"},{"taxonomy":"post_tag","embeddable":true,"href":"https:\/\/carvalhoadvogado.aliamkt.com\/index.php\/wp-json\/wp\/v2\/tags?post=1389"}],"curies":[{"name":"wp","href":"https:\/\/api.w.org\/{rel}","templated":true}]}}