{"id":1393,"date":"2025-10-22T10:31:27","date_gmt":"2025-10-22T13:31:27","guid":{"rendered":"https:\/\/carvalhoadvogado.aliamkt.com\/?p=1393"},"modified":"2025-10-22T10:31:27","modified_gmt":"2025-10-22T13:31:27","slug":"assedio-apos-o-retorno-do-inss-quando-cabe-rescisao-indireta-e-dano-moral","status":"publish","type":"post","link":"https:\/\/carvalhoadvogado.aliamkt.com\/index.php\/2025\/10\/22\/assedio-apos-o-retorno-do-inss-quando-cabe-rescisao-indireta-e-dano-moral\/","title":{"rendered":"Ass\u00e9dio ap\u00f3s o retorno do INSS: quando cabe rescis\u00e3o indireta e dano moral"},"content":{"rendered":"<h2><b>Introdu\u00e7\u00e3o<\/b><\/h2>\n<p><span style=\"font-weight: 400;\">Voltar do INSS deveria significar acolhimento e readapta\u00e7\u00e3o. No entanto, muitas empresas fazem o oposto: press\u00e3o psicol\u00f3gica, humilha\u00e7\u00f5es e metas imposs\u00edveis. Assim, surge o ass\u00e9dio moral, que pode autorizar a <\/span><b>rescis\u00e3o indireta<\/b><span style=\"font-weight: 400;\"> e, al\u00e9m disso, <\/span><b>dano moral<\/b><span style=\"font-weight: 400;\">. Neste guia, voc\u00ea entender\u00e1 quando cabe, quais provas usar e, sobretudo, como agir sem se expor.<\/span><\/p>\n<h2><b>Sum\u00e1rio<\/b><\/h2>\n<ul>\n<li style=\"font-weight: 400;\" aria-level=\"1\"><span style=\"font-weight: 400;\">O que \u00e9 ass\u00e9dio ap\u00f3s o retorno do INSS?<\/span><span style=\"font-weight: 400;\">\n<p><\/span><\/li>\n<li style=\"font-weight: 400;\" aria-level=\"1\"><span style=\"font-weight: 400;\">Base legal: estabilidade, <\/span><b>rescis\u00e3o indireta<\/b><span style=\"font-weight: 400;\"> e <\/span><b>dano moral<\/b><b>\n<p><\/b><\/li>\n<li style=\"font-weight: 400;\" aria-level=\"1\"><span style=\"font-weight: 400;\">Sinais pr\u00e1ticos de ass\u00e9dio na volta ao trabalho<\/span><span style=\"font-weight: 400;\">\n<p><\/span><\/li>\n<li style=\"font-weight: 400;\" aria-level=\"1\"><span style=\"font-weight: 400;\">Quais provas servem (mesmo sem acesso ao sistema)?<\/span><span style=\"font-weight: 400;\">\n<p><\/span><\/li>\n<li style=\"font-weight: 400;\" aria-level=\"1\"><span style=\"font-weight: 400;\">Passo a passo: como agir sem se prejudicar<\/span><span style=\"font-weight: 400;\">\n<p><\/span><\/li>\n<li style=\"font-weight: 400;\" aria-level=\"1\"><span style=\"font-weight: 400;\">Quando cabe <\/span><b>rescis\u00e3o indireta<\/b><b>\n<p><\/b><\/li>\n<li style=\"font-weight: 400;\" aria-level=\"1\"><b>Dano moral<\/b><span style=\"font-weight: 400;\">: quando pedir e como \u00e9 calculado<\/span><span style=\"font-weight: 400;\">\n<p><\/span><\/li>\n<li style=\"font-weight: 400;\" aria-level=\"1\"><span style=\"font-weight: 400;\">Estabilidade e verbas: o que voc\u00ea pode receber<\/span><span style=\"font-weight: 400;\">\n<p><\/span><\/li>\n<li style=\"font-weight: 400;\" aria-level=\"1\"><span style=\"font-weight: 400;\">Perguntas frequentes<\/span><span style=\"font-weight: 400;\"><br \/>\n<\/span><span style=\"font-weight: 400;\"><\/p>\n<p><\/span><\/li>\n<\/ul>\n<h2><b>O que \u00e9 ass\u00e9dio ap\u00f3s o retorno do INSS?<\/b><\/h2>\n<p><span style=\"font-weight: 400;\">Trata-se de condutas abusivas, repetidas e intencionais para punir ou constranger quem retorna do afastamento. Em outras palavras, \u00e9 o uso de humilha\u00e7\u00e3o e press\u00e3o como resposta ao seu direito de se tratar. Por exemplo:<\/span><\/p>\n<ul>\n<li style=\"font-weight: 400;\" aria-level=\"1\"><span style=\"font-weight: 400;\">Transfer\u00eancia punitiva para fun\u00e7\u00e3o inferior;<\/span><span style=\"font-weight: 400;\">\n<p><\/span><\/li>\n<li style=\"font-weight: 400;\" aria-level=\"1\"><span style=\"font-weight: 400;\">Metas inalcan\u00e7\u00e1veis impostas logo na primeira semana;<\/span><span style=\"font-weight: 400;\">\n<p><\/span><\/li>\n<li style=\"font-weight: 400;\" aria-level=\"1\"><span style=\"font-weight: 400;\">Negativa de adequa\u00e7\u00f5es previstas no laudo de retorno;<\/span><span style=\"font-weight: 400;\">\n<p><\/span><\/li>\n<li style=\"font-weight: 400;\" aria-level=\"1\"><span style=\"font-weight: 400;\">Chacotas sobre a doen\u00e7a ou limita\u00e7\u00e3o;<\/span><span style=\"font-weight: 400;\">\n<p><\/span><\/li>\n<li style=\"font-weight: 400;\" aria-level=\"1\"><span style=\"font-weight: 400;\">Press\u00e3o para assinar pedido de demiss\u00e3o.<\/span><span style=\"font-weight: 400;\">\n<p><\/span><\/li>\n<\/ul>\n<p><span style=\"font-weight: 400;\">Portanto, se essas pr\u00e1ticas ocorrem de forma cont\u00ednua, h\u00e1 fortes ind\u00edcios de ass\u00e9dio moral.<\/span><\/p>\n<h2><b>Base legal: estabilidade, rescis\u00e3o indireta e dano moral<\/b><\/h2>\n<p><span style=\"font-weight: 400;\">Antes de mais nada, conhe\u00e7a seus pilares jur\u00eddicos:<\/span><\/p>\n<ul>\n<li style=\"font-weight: 400;\" aria-level=\"1\"><span style=\"font-weight: 400;\">Estabilidade acident\u00e1ria (Lei 8.213\/91, art. 118): quem recebe B91 tem 12 meses de estabilidade ap\u00f3s o retorno. Consequentemente, a dispensa irregular gera reintegra\u00e7\u00e3o ou indeniza\u00e7\u00e3o substitutiva.<\/span><span style=\"font-weight: 400;\">\n<p><\/span><\/li>\n<li style=\"font-weight: 400;\" aria-level=\"1\"><b>Rescis\u00e3o indireta<\/b><span style=\"font-weight: 400;\"> (CLT, art. 483): se o empregador comete falta grave \u2014 como rigor excessivo ou descumprimento de obriga\u00e7\u00f5es \u2014, cabe romper o contrato por culpa da empresa.<\/span><span style=\"font-weight: 400;\">\n<p><\/span><\/li>\n<li style=\"font-weight: 400;\" aria-level=\"1\"><b>Dano moral<\/b><span style=\"font-weight: 400;\"> (CLT, arts. 223-A a 223-G): sempre que houver viola\u00e7\u00e3o \u00e0 dignidade, \u00e9 poss\u00edvel buscar indeniza\u00e7\u00e3o.<\/span><span style=\"font-weight: 400;\">\n<p><\/span><\/li>\n<\/ul>\n<p><span style=\"font-weight: 400;\">Desse modo, ass\u00e9dio + desrespeito \u00e0 readapta\u00e7\u00e3o = base para <\/span><b>a\u00e7\u00e3o trabalhista<\/b><span style=\"font-weight: 400;\"> com <\/span><b>rescis\u00e3o indireta<\/b><span style=\"font-weight: 400;\">, <\/span><b>dano moral<\/b><span style=\"font-weight: 400;\"> e, se for o caso, estabilidade.<\/span><\/p>\n<h2><b>Sinais pr\u00e1ticos de ass\u00e9dio na volta ao trabalho<\/b><\/h2>\n<p><span style=\"font-weight: 400;\">Via de regra, observe se h\u00e1:<\/span><\/p>\n<ul>\n<li style=\"font-weight: 400;\" aria-level=\"1\"><span style=\"font-weight: 400;\">Retirada de fun\u00e7\u00f5es (ficar \u201cno gelo\u201d) ou, ainda, ac\u00famulo invi\u00e1vel;<\/span><span style=\"font-weight: 400;\">\n<p><\/span><\/li>\n<li style=\"font-weight: 400;\" aria-level=\"1\"><span style=\"font-weight: 400;\">Cobran\u00e7as desproporcionais, al\u00e9m disso, sem tempo de readapta\u00e7\u00e3o;<\/span><span style=\"font-weight: 400;\">\n<p><\/span><\/li>\n<li style=\"font-weight: 400;\" aria-level=\"1\"><span style=\"font-weight: 400;\">Mudan\u00e7a de turno para pior, sem justificativa t\u00e9cnica;<\/span><span style=\"font-weight: 400;\">\n<p><\/span><\/li>\n<li style=\"font-weight: 400;\" aria-level=\"1\"><span style=\"font-weight: 400;\">Puni\u00e7\u00f5es por cumprir orienta\u00e7\u00f5es m\u00e9dicas (ex.: pausas);<\/span><span style=\"font-weight: 400;\">\n<p><\/span><\/li>\n<li style=\"font-weight: 400;\" aria-level=\"1\"><span style=\"font-weight: 400;\">Exposi\u00e7\u00e3o da condi\u00e7\u00e3o de sa\u00fade;<\/span><span style=\"font-weight: 400;\">\n<p><\/span><\/li>\n<li style=\"font-weight: 400;\" aria-level=\"1\"><span style=\"font-weight: 400;\">Falta de EPI e ergonomia mesmo ap\u00f3s solicita\u00e7\u00e3o.<\/span><span style=\"font-weight: 400;\">\n<p><\/span><\/li>\n<\/ul>\n<p><span style=\"font-weight: 400;\">Se identificar dois ou mais itens, logo, procure ajuda.<\/span><\/p>\n<h2><b>Quais provas servem (mesmo sem acesso ao sistema)?<\/b><\/h2>\n<p><span style=\"font-weight: 400;\">Felizmente, provas simples ajudam e, al\u00e9m disso, podem ser reunidas rapidamente:<\/span><\/p>\n<ul>\n<li style=\"font-weight: 400;\" aria-level=\"1\"><span style=\"font-weight: 400;\">Mensagens e e-mails (ordens, deboches, metas);<\/span><span style=\"font-weight: 400;\">\n<p><\/span><\/li>\n<li style=\"font-weight: 400;\" aria-level=\"1\"><span style=\"font-weight: 400;\">Atestados, ASO e laudos com restri\u00e7\u00f5es claras;<\/span><span style=\"font-weight: 400;\">\n<p><\/span><\/li>\n<li style=\"font-weight: 400;\" aria-level=\"1\"><span style=\"font-weight: 400;\">Cart\u00f5es de ponto, escalas, prints de sistema e GPS;<\/span><span style=\"font-weight: 400;\">\n<p><\/span><\/li>\n<li style=\"font-weight: 400;\" aria-level=\"1\"><span style=\"font-weight: 400;\">Testemunhas (colegas\/RH);<\/span><span style=\"font-weight: 400;\">\n<p><\/span><\/li>\n<li style=\"font-weight: 400;\" aria-level=\"1\"><span style=\"font-weight: 400;\">Di\u00e1rio de ocorr\u00eancias com datas e horas;<\/span><span style=\"font-weight: 400;\">\n<p><\/span><\/li>\n<li style=\"font-weight: 400;\" aria-level=\"1\"><span style=\"font-weight: 400;\">Comunicados internos que contrariem a readapta\u00e7\u00e3o.<\/span><span style=\"font-weight: 400;\">\n<p><\/span><\/li>\n<\/ul>\n<p><span style=\"font-weight: 400;\">Dica pr\u00e1tica: desde j\u00e1, salve tudo em nuvem. Contudo, evite retirar documentos sigilosos da empresa sem autoriza\u00e7\u00e3o formal.<\/span><\/p>\n<h2><b>Passo a passo: como agir sem se prejudicar<\/b><\/h2>\n<p><img fetchpriority=\"high\" decoding=\"async\" class=\"alignnone size-medium wp-image-1394\" src=\"https:\/\/carvalhoadvogado.aliamkt.com\/wp-content\/uploads\/2025\/10\/assedio-moral-no-trabalho-300x234.jpg\" alt=\"\" width=\"300\" height=\"234\" srcset=\"https:\/\/carvalhoadvogado.aliamkt.com\/wp-content\/uploads\/2025\/10\/assedio-moral-no-trabalho-300x234.jpg 300w, https:\/\/carvalhoadvogado.aliamkt.com\/wp-content\/uploads\/2025\/10\/assedio-moral-no-trabalho.jpg 580w\" sizes=\"(max-width: 300px) 100vw, 300px\" \/><\/p>\n<ol>\n<li style=\"font-weight: 400;\" aria-level=\"1\"><span style=\"font-weight: 400;\">Primeiro, leia seu ASO\/alta e confirme as restri\u00e7\u00f5es.<\/span><span style=\"font-weight: 400;\">\n<p><\/span><\/li>\n<li style=\"font-weight: 400;\" aria-level=\"1\"><span style=\"font-weight: 400;\">Em seguida, informe por escrito ao gestor\/RH e pe\u00e7a a readapta\u00e7\u00e3o, guardando protocolo.<\/span><span style=\"font-weight: 400;\">\n<p><\/span><\/li>\n<li style=\"font-weight: 400;\" aria-level=\"1\"><span style=\"font-weight: 400;\">Paralelamente, registre o ass\u00e9dio com prints, e-mails, di\u00e1rio e testemunhas.<\/span><span style=\"font-weight: 400;\">\n<p><\/span><\/li>\n<li style=\"font-weight: 400;\" aria-level=\"1\"><span style=\"font-weight: 400;\">Se necess\u00e1rio, retorne ao m\u00e9dico do trabalho para laudo de compatibilidade do posto.<\/span><span style=\"font-weight: 400;\">\n<p><\/span><\/li>\n<li style=\"font-weight: 400;\" aria-level=\"1\"><span style=\"font-weight: 400;\">Persistindo o problema, fa\u00e7a den\u00fancia interna (ouvidoria) e, se preciso, externa (Sindicato\/MPT).<\/span><span style=\"font-weight: 400;\">\n<p><\/span><\/li>\n<li style=\"font-weight: 400;\" aria-level=\"1\"><span style=\"font-weight: 400;\">Por fim, consulte <\/span><b>advogado trabalhista<\/b><span style=\"font-weight: 400;\"> para avaliar <\/span><b>rescis\u00e3o indireta<\/b><span style=\"font-weight: 400;\">, <\/span><b>dano moral<\/b><span style=\"font-weight: 400;\"> e estabilidade (reintegra\u00e7\u00e3o ou indeniza\u00e7\u00e3o).<\/span><span style=\"font-weight: 400;\">\n<p><\/span><\/li>\n<\/ol>\n<p><span style=\"font-weight: 400;\">Resultado esperado: assim, voc\u00ea cria linha do tempo probat\u00f3ria e minimiza riscos.<\/span><\/p>\n<h2><b>Quando cabe rescis\u00e3o indireta<\/b><\/h2>\n<p><span style=\"font-weight: 400;\">Cabe quando houver falta grave do empregador, tais como:<\/span><\/p>\n<ul>\n<li style=\"font-weight: 400;\" aria-level=\"1\"><span style=\"font-weight: 400;\">Rigor excessivo, persegui\u00e7\u00e3o e humilha\u00e7\u00f5es;<\/span><span style=\"font-weight: 400;\">\n<p><\/span><\/li>\n<li style=\"font-weight: 400;\" aria-level=\"1\"><span style=\"font-weight: 400;\">Tarefas incompat\u00edveis com restri\u00e7\u00f5es m\u00e9dicas, colocando sua sa\u00fade em risco;<\/span><span style=\"font-weight: 400;\">\n<p><\/span><\/li>\n<li style=\"font-weight: 400;\" aria-level=\"1\"><span style=\"font-weight: 400;\">Descumprimento de SST (adapta\u00e7\u00f5es, EPI, ergonomia);<\/span><span style=\"font-weight: 400;\">\n<p><\/span><\/li>\n<li style=\"font-weight: 400;\" aria-level=\"1\"><span style=\"font-weight: 400;\">Redu\u00e7\u00e3o il\u00edcita de sal\u00e1rio\/comiss\u00f5es como puni\u00e7\u00e3o.<\/span><span style=\"font-weight: 400;\">\n<p><\/span><\/li>\n<\/ul>\n<p><span style=\"font-weight: 400;\">Consequentemente, voc\u00ea recebe as mesmas verbas da demiss\u00e3o sem justa causa (aviso, 13\u00ba, f\u00e9rias + 1\/3, FGTS + 40%) e, al\u00e9m disso, pode pleitear <\/span><b>dano moral<\/b><span style=\"font-weight: 400;\"> e indeniza\u00e7\u00e3o substitutiva da estabilidade.<\/span><\/p>\n<h2><b>Dano moral: quando pedir e como \u00e9 calculado<\/b><\/h2>\n<p><span style=\"font-weight: 400;\">Em s\u00edntese, pe\u00e7a <\/span><b>dano moral<\/b><span style=\"font-weight: 400;\"> quando a empresa atinge sua dignidade. Para tanto, a Justi\u00e7a analisa:<\/span><\/p>\n<ul>\n<li style=\"font-weight: 400;\" aria-level=\"1\"><span style=\"font-weight: 400;\">Gravidade e frequ\u00eancia;<\/span><span style=\"font-weight: 400;\">\n<p><\/span><\/li>\n<li style=\"font-weight: 400;\" aria-level=\"1\"><span style=\"font-weight: 400;\">Consequ\u00eancias para sua sa\u00fade\/carreira;<\/span><span style=\"font-weight: 400;\">\n<p><\/span><\/li>\n<li style=\"font-weight: 400;\" aria-level=\"1\"><span style=\"font-weight: 400;\">Capacidade econ\u00f4mica da empresa;<\/span><span style=\"font-weight: 400;\">\n<p><\/span><\/li>\n<li style=\"font-weight: 400;\" aria-level=\"1\"><span style=\"font-weight: 400;\">Qualidade das provas.<\/span><span style=\"font-weight: 400;\">\n<p><\/span><\/li>\n<\/ul>\n<p><span style=\"font-weight: 400;\">Logo, quanto melhor a prova, maior a chance de indeniza\u00e7\u00e3o justa.<\/span><\/p>\n<h2><b>Estabilidade e verbas: o que voc\u00ea pode receber<\/b><\/h2>\n<p><span style=\"font-weight: 400;\">Dependendo do caso, voc\u00ea pode:<\/span><\/p>\n<ul>\n<li style=\"font-weight: 400;\" aria-level=\"1\"><span style=\"font-weight: 400;\">Ser reintegrado com pagamento dos sal\u00e1rios do per\u00edodo, ou, alternativamente,<\/span><span style=\"font-weight: 400;\">\n<p><\/span><\/li>\n<li style=\"font-weight: 400;\" aria-level=\"1\"><span style=\"font-weight: 400;\">Receber indeniza\u00e7\u00e3o pelos 12 meses de estabilidade (se invi\u00e1vel voltar);<\/span><span style=\"font-weight: 400;\">\n<p><\/span><\/li>\n<li style=\"font-weight: 400;\" aria-level=\"1\"><span style=\"font-weight: 400;\">Receber verbas rescis\u00f3rias completas (na <\/span><b>rescis\u00e3o indireta<\/b><span style=\"font-weight: 400;\">);<\/span><span style=\"font-weight: 400;\">\n<p><\/span><\/li>\n<li style=\"font-weight: 400;\" aria-level=\"1\"><span style=\"font-weight: 400;\">Levantar FGTS + 40% e reflexos (13\u00ba, f\u00e9rias + 1\/3);<\/span><span style=\"font-weight: 400;\">\n<p><\/span><\/li>\n<li style=\"font-weight: 400;\" aria-level=\"1\"><span style=\"font-weight: 400;\">Ter reconhecido novo afastamento, se houver agravamento (com CAT).<\/span><span style=\"font-weight: 400;\">\n<p><\/span><\/li>\n<\/ul>\n<p><span style=\"font-weight: 400;\">Aten\u00e7\u00e3o aos prazos: at\u00e9 2 anos ap\u00f3s o fim do contrato para ajuizar e 5 anos de retroatividade dos direitos.<\/span><\/p>\n<h2><b>Perguntas frequentes<\/b><\/h2>\n<p><b>1) Posso pedir rescis\u00e3o indireta e continuar trabalhando?<\/b><b><br \/>\n<\/b><span style=\"font-weight: 400;\"> Sim. Enquanto isso, voc\u00ea pode seguir trabalhando at\u00e9 decis\u00e3o. Eventualmente, seu advogado pode pedir tutela para afastamento remunerado.<\/span><\/p>\n<p><b>2) Recebi B31 e n\u00e3o B91. Tenho estabilidade?<\/b><b><br \/>\n<\/b><span style=\"font-weight: 400;\"> Em regra, n\u00e3o. Todavia, se houver nexo ocupacional, \u00e9 poss\u00edvel reconhecer judicialmente a natureza acident\u00e1ria e, por conseguinte, a estabilidade.<\/span><\/p>\n<p><b>3) Mudar fun\u00e7\u00e3o com perda salarial \u00e9 permitido?<\/b><b><br \/>\n<\/b><span style=\"font-weight: 400;\"> N\u00e3o. Isto \u00e9, readapta\u00e7\u00e3o n\u00e3o pode gerar rebaixamento ou redu\u00e7\u00e3o. Portanto, busque orienta\u00e7\u00e3o.<\/span><\/p>\n<p><b>4) O que pedir na a\u00e7\u00e3o trabalhista?<\/b><b><br \/>\n<\/b><span style=\"font-weight: 400;\"> Geralmente: <\/span><b>rescis\u00e3o indireta<\/b><span style=\"font-weight: 400;\">, <\/span><b>dano moral<\/b><span style=\"font-weight: 400;\">, estabilidade (reintegra\u00e7\u00e3o ou indeniza\u00e7\u00e3o), verbas rescis\u00f3rias e FGTS + 40%. Al\u00e9m disso, tratamento\/afastamento se agravado.<\/span><\/p>\n<p><b>5) Como me proteger de retalia\u00e7\u00e3o?<\/b><b><br \/>\n<\/b><span style=\"font-weight: 400;\"> Antes de tudo, centralize comunica\u00e7\u00f5es por escrito; depois, guarde protocolos; por fim, consulte <\/span><b>advogado trabalhista<\/b><span style=\"font-weight: 400;\"> antes de assinar qualquer coisa.<\/span><\/p>\n<p>&nbsp;<\/p>\n<p><a href=\"https:\/\/wa.me\/5531975283687\"><b>Entre em contato agora com um advogado trabalhista e saiba como garantir o que \u00e9 seu por lei!<\/b><\/a><\/p>\n<p><b>Fale com o Dr. Pedro Carvalho!<\/b><\/p>\n<p><b>Clique no bot\u00e3o abaixo e obtenha a orienta\u00e7\u00e3o jur\u00eddica que voc\u00ea precisa para resolver suas quest\u00f5es com seguran\u00e7a e confian\u00e7a.\u00a0<\/b><\/p>\n<p><a href=\"https:\/\/wa.me\/5531975283687\"><b>Fale comigo agora mesmo<\/b><\/a><\/p>\n<p><b>Siga-nos na rede social, @pedroncarvalhoadv, e fique por dentro das \u00faltimas novidades!<\/b><\/p>\n<p><span style=\"font-weight: 400;\">leia tamb\u00e9m nosso artigo completo sobre: <\/span><a href=\"https:\/\/carvalhoadvogado.aliamkt.com\/index.php\/2025\/09\/09\/rescisao-indireta-por-falta-de-fgts-saiba-como-defender-seus-direitos\/\"><span style=\"font-weight: 400;\">Rescis\u00e3o Indireta por Falta de FGTS: Saiba Como Defender Seus Direitos<\/span><\/a><\/p>\n","protected":false},"excerpt":{"rendered":"<p>Introdu\u00e7\u00e3o Voltar do INSS deveria significar acolhimento e readapta\u00e7\u00e3o. No entanto, muitas empresas fazem o oposto: press\u00e3o psicol\u00f3gica, humilha\u00e7\u00f5es e metas imposs\u00edveis. Assim, surge o ass\u00e9dio moral, que pode autorizar a rescis\u00e3o indireta e, al\u00e9m disso, dano moral. Neste guia, voc\u00ea entender\u00e1 quando cabe, quais provas usar e, sobretudo, como agir sem se expor. Sum\u00e1rio [&hellip;]<\/p>\n","protected":false},"author":1,"featured_media":1395,"comment_status":"open","ping_status":"open","sticky":false,"template":"","format":"standard","meta":{"_joinchat":[],"footnotes":""},"categories":[6],"tags":[],"class_list":["post-1393","post","type-post","status-publish","format-standard","has-post-thumbnail","hentry","category-direito-trabalhista"],"yoast_head":"<!-- This site is optimized with the Yoast SEO plugin v27.5 - https:\/\/yoast.com\/product\/yoast-seo-wordpress\/ -->\n<title>Ass\u00e9dio ap\u00f3s o retorno do INSS: quando cabe rescis\u00e3o indireta e dano moral - Pedro Carvalho Advogado Trabalhista<\/title>\n<meta name=\"description\" content=\"Sofreu ass\u00e9dio ap\u00f3s retornar do INSS? Veja quando cabe rescis\u00e3o indireta, estabilidade e indeniza\u00e7\u00e3o por dano moral. Passo a passo e provas.\" \/>\n<meta name=\"robots\" content=\"index, follow, max-snippet:-1, max-image-preview:large, max-video-preview:-1\" \/>\n<link rel=\"canonical\" href=\"https:\/\/carvalhoadvogado.aliamkt.com\/index.php\/2025\/10\/22\/assedio-apos-o-retorno-do-inss-quando-cabe-rescisao-indireta-e-dano-moral\/\" \/>\n<meta property=\"og:locale\" content=\"pt_BR\" \/>\n<meta property=\"og:type\" content=\"article\" \/>\n<meta property=\"og:title\" content=\"Ass\u00e9dio ap\u00f3s o retorno do INSS: quando cabe rescis\u00e3o indireta e dano moral - Pedro Carvalho Advogado Trabalhista\" \/>\n<meta property=\"og:description\" content=\"Sofreu ass\u00e9dio ap\u00f3s retornar do INSS? Veja quando cabe rescis\u00e3o indireta, estabilidade e indeniza\u00e7\u00e3o por dano moral. Passo a passo e provas.\" \/>\n<meta property=\"og:url\" content=\"https:\/\/carvalhoadvogado.aliamkt.com\/index.php\/2025\/10\/22\/assedio-apos-o-retorno-do-inss-quando-cabe-rescisao-indireta-e-dano-moral\/\" \/>\n<meta property=\"og:site_name\" content=\"Pedro Carvalho Advogado Trabalhista\" \/>\n<meta property=\"article:published_time\" content=\"2025-10-22T13:31:27+00:00\" \/>\n<meta property=\"og:image\" content=\"https:\/\/carvalhoadvogado.aliamkt.com\/wp-content\/uploads\/2025\/10\/rescisao-indireta.jpg\" \/>\n\t<meta property=\"og:image:width\" content=\"550\" \/>\n\t<meta property=\"og:image:height\" content=\"550\" \/>\n\t<meta property=\"og:image:type\" content=\"image\/jpeg\" \/>\n<meta name=\"author\" content=\"lailacarvalhoadv\" \/>\n<meta name=\"twitter:card\" content=\"summary_large_image\" \/>\n<meta name=\"twitter:label1\" content=\"Escrito por\" \/>\n\t<meta name=\"twitter:data1\" content=\"lailacarvalhoadv\" \/>\n\t<meta name=\"twitter:label2\" content=\"Est. tempo de leitura\" \/>\n\t<meta name=\"twitter:data2\" content=\"6 minutos\" \/>\n<script type=\"application\/ld+json\" class=\"yoast-schema-graph\">{\"@context\":\"https:\\\/\\\/schema.org\",\"@graph\":[{\"@type\":\"Article\",\"@id\":\"https:\\\/\\\/carvalhoadvogado.aliamkt.com\\\/index.php\\\/2025\\\/10\\\/22\\\/assedio-apos-o-retorno-do-inss-quando-cabe-rescisao-indireta-e-dano-moral\\\/#article\",\"isPartOf\":{\"@id\":\"https:\\\/\\\/carvalhoadvogado.aliamkt.com\\\/index.php\\\/2025\\\/10\\\/22\\\/assedio-apos-o-retorno-do-inss-quando-cabe-rescisao-indireta-e-dano-moral\\\/\"},\"author\":{\"name\":\"lailacarvalhoadv\",\"@id\":\"https:\\\/\\\/carvalhoadvogado.aliamkt.com\\\/#\\\/schema\\\/person\\\/8f4d67ba57d6160ee802836a319bd8eb\"},\"headline\":\"Ass\u00e9dio ap\u00f3s o retorno do INSS: quando cabe rescis\u00e3o indireta e dano moral\",\"datePublished\":\"2025-10-22T13:31:27+00:00\",\"mainEntityOfPage\":{\"@id\":\"https:\\\/\\\/carvalhoadvogado.aliamkt.com\\\/index.php\\\/2025\\\/10\\\/22\\\/assedio-apos-o-retorno-do-inss-quando-cabe-rescisao-indireta-e-dano-moral\\\/\"},\"wordCount\":1092,\"commentCount\":0,\"publisher\":{\"@id\":\"https:\\\/\\\/carvalhoadvogado.aliamkt.com\\\/#organization\"},\"image\":{\"@id\":\"https:\\\/\\\/carvalhoadvogado.aliamkt.com\\\/index.php\\\/2025\\\/10\\\/22\\\/assedio-apos-o-retorno-do-inss-quando-cabe-rescisao-indireta-e-dano-moral\\\/#primaryimage\"},\"thumbnailUrl\":\"https:\\\/\\\/carvalhoadvogado.aliamkt.com\\\/wp-content\\\/uploads\\\/2025\\\/10\\\/rescisao-indireta.jpg\",\"articleSection\":[\"Direito Trabalhista\"],\"inLanguage\":\"pt-BR\",\"potentialAction\":[{\"@type\":\"CommentAction\",\"name\":\"Comment\",\"target\":[\"https:\\\/\\\/carvalhoadvogado.aliamkt.com\\\/index.php\\\/2025\\\/10\\\/22\\\/assedio-apos-o-retorno-do-inss-quando-cabe-rescisao-indireta-e-dano-moral\\\/#respond\"]}]},{\"@type\":\"WebPage\",\"@id\":\"https:\\\/\\\/carvalhoadvogado.aliamkt.com\\\/index.php\\\/2025\\\/10\\\/22\\\/assedio-apos-o-retorno-do-inss-quando-cabe-rescisao-indireta-e-dano-moral\\\/\",\"url\":\"https:\\\/\\\/carvalhoadvogado.aliamkt.com\\\/index.php\\\/2025\\\/10\\\/22\\\/assedio-apos-o-retorno-do-inss-quando-cabe-rescisao-indireta-e-dano-moral\\\/\",\"name\":\"Ass\u00e9dio ap\u00f3s o retorno do INSS: quando cabe rescis\u00e3o indireta e dano moral - Pedro Carvalho Advogado Trabalhista\",\"isPartOf\":{\"@id\":\"https:\\\/\\\/carvalhoadvogado.aliamkt.com\\\/#website\"},\"primaryImageOfPage\":{\"@id\":\"https:\\\/\\\/carvalhoadvogado.aliamkt.com\\\/index.php\\\/2025\\\/10\\\/22\\\/assedio-apos-o-retorno-do-inss-quando-cabe-rescisao-indireta-e-dano-moral\\\/#primaryimage\"},\"image\":{\"@id\":\"https:\\\/\\\/carvalhoadvogado.aliamkt.com\\\/index.php\\\/2025\\\/10\\\/22\\\/assedio-apos-o-retorno-do-inss-quando-cabe-rescisao-indireta-e-dano-moral\\\/#primaryimage\"},\"thumbnailUrl\":\"https:\\\/\\\/carvalhoadvogado.aliamkt.com\\\/wp-content\\\/uploads\\\/2025\\\/10\\\/rescisao-indireta.jpg\",\"datePublished\":\"2025-10-22T13:31:27+00:00\",\"description\":\"Sofreu ass\u00e9dio ap\u00f3s retornar do INSS? Veja quando cabe rescis\u00e3o indireta, estabilidade e indeniza\u00e7\u00e3o por dano moral. Passo a passo e provas.\",\"breadcrumb\":{\"@id\":\"https:\\\/\\\/carvalhoadvogado.aliamkt.com\\\/index.php\\\/2025\\\/10\\\/22\\\/assedio-apos-o-retorno-do-inss-quando-cabe-rescisao-indireta-e-dano-moral\\\/#breadcrumb\"},\"inLanguage\":\"pt-BR\",\"potentialAction\":[{\"@type\":\"ReadAction\",\"target\":[\"https:\\\/\\\/carvalhoadvogado.aliamkt.com\\\/index.php\\\/2025\\\/10\\\/22\\\/assedio-apos-o-retorno-do-inss-quando-cabe-rescisao-indireta-e-dano-moral\\\/\"]}]},{\"@type\":\"ImageObject\",\"inLanguage\":\"pt-BR\",\"@id\":\"https:\\\/\\\/carvalhoadvogado.aliamkt.com\\\/index.php\\\/2025\\\/10\\\/22\\\/assedio-apos-o-retorno-do-inss-quando-cabe-rescisao-indireta-e-dano-moral\\\/#primaryimage\",\"url\":\"https:\\\/\\\/carvalhoadvogado.aliamkt.com\\\/wp-content\\\/uploads\\\/2025\\\/10\\\/rescisao-indireta.jpg\",\"contentUrl\":\"https:\\\/\\\/carvalhoadvogado.aliamkt.com\\\/wp-content\\\/uploads\\\/2025\\\/10\\\/rescisao-indireta.jpg\",\"width\":550,\"height\":550},{\"@type\":\"BreadcrumbList\",\"@id\":\"https:\\\/\\\/carvalhoadvogado.aliamkt.com\\\/index.php\\\/2025\\\/10\\\/22\\\/assedio-apos-o-retorno-do-inss-quando-cabe-rescisao-indireta-e-dano-moral\\\/#breadcrumb\",\"itemListElement\":[{\"@type\":\"ListItem\",\"position\":1,\"name\":\"In\u00edcio\",\"item\":\"https:\\\/\\\/carvalhoadvogado.aliamkt.com\\\/\"},{\"@type\":\"ListItem\",\"position\":2,\"name\":\"Ass\u00e9dio ap\u00f3s o retorno do INSS: quando cabe rescis\u00e3o indireta e dano moral\"}]},{\"@type\":\"WebSite\",\"@id\":\"https:\\\/\\\/carvalhoadvogado.aliamkt.com\\\/#website\",\"url\":\"https:\\\/\\\/carvalhoadvogado.aliamkt.com\\\/\",\"name\":\"Pedro Carvalho Advogado\",\"description\":\"Advogado Trabalhista\",\"publisher\":{\"@id\":\"https:\\\/\\\/carvalhoadvogado.aliamkt.com\\\/#organization\"},\"potentialAction\":[{\"@type\":\"SearchAction\",\"target\":{\"@type\":\"EntryPoint\",\"urlTemplate\":\"https:\\\/\\\/carvalhoadvogado.aliamkt.com\\\/?s={search_term_string}\"},\"query-input\":{\"@type\":\"PropertyValueSpecification\",\"valueRequired\":true,\"valueName\":\"search_term_string\"}}],\"inLanguage\":\"pt-BR\"},{\"@type\":\"Organization\",\"@id\":\"https:\\\/\\\/carvalhoadvogado.aliamkt.com\\\/#organization\",\"name\":\"Pedro Carvalho Advogado\",\"url\":\"https:\\\/\\\/carvalhoadvogado.aliamkt.com\\\/\",\"logo\":{\"@type\":\"ImageObject\",\"inLanguage\":\"pt-BR\",\"@id\":\"https:\\\/\\\/carvalhoadvogado.aliamkt.com\\\/#\\\/schema\\\/logo\\\/image\\\/\",\"url\":\"https:\\\/\\\/carvalhoadvogado.aliamkt.com\\\/wp-content\\\/uploads\\\/2024\\\/06\\\/Logo-azul.png\",\"contentUrl\":\"https:\\\/\\\/carvalhoadvogado.aliamkt.com\\\/wp-content\\\/uploads\\\/2024\\\/06\\\/Logo-azul.png\",\"width\":500,\"height\":500,\"caption\":\"Pedro Carvalho Advogado\"},\"image\":{\"@id\":\"https:\\\/\\\/carvalhoadvogado.aliamkt.com\\\/#\\\/schema\\\/logo\\\/image\\\/\"}},{\"@type\":\"Person\",\"@id\":\"https:\\\/\\\/carvalhoadvogado.aliamkt.com\\\/#\\\/schema\\\/person\\\/8f4d67ba57d6160ee802836a319bd8eb\",\"name\":\"lailacarvalhoadv\",\"image\":{\"@type\":\"ImageObject\",\"inLanguage\":\"pt-BR\",\"@id\":\"https:\\\/\\\/secure.gravatar.com\\\/avatar\\\/a60961139a792fb5ca701fab485f653a1b3cc37cf8dbd4937b4134105caf5369?s=96&d=mm&r=g\",\"url\":\"https:\\\/\\\/secure.gravatar.com\\\/avatar\\\/a60961139a792fb5ca701fab485f653a1b3cc37cf8dbd4937b4134105caf5369?s=96&d=mm&r=g\",\"contentUrl\":\"https:\\\/\\\/secure.gravatar.com\\\/avatar\\\/a60961139a792fb5ca701fab485f653a1b3cc37cf8dbd4937b4134105caf5369?s=96&d=mm&r=g\",\"caption\":\"lailacarvalhoadv\"},\"sameAs\":[\"https:\\\/\\\/carvalhoadvogado.aliamkt.com\"],\"url\":\"https:\\\/\\\/carvalhoadvogado.aliamkt.com\\\/index.php\\\/author\\\/lailacarvalhoadv\\\/\"}]}<\/script>\n<!-- \/ Yoast SEO plugin. -->","yoast_head_json":{"title":"Ass\u00e9dio ap\u00f3s o retorno do INSS: quando cabe rescis\u00e3o indireta e dano moral - Pedro Carvalho Advogado Trabalhista","description":"Sofreu ass\u00e9dio ap\u00f3s retornar do INSS? Veja quando cabe rescis\u00e3o indireta, estabilidade e indeniza\u00e7\u00e3o por dano moral. Passo a passo e provas.","robots":{"index":"index","follow":"follow","max-snippet":"max-snippet:-1","max-image-preview":"max-image-preview:large","max-video-preview":"max-video-preview:-1"},"canonical":"https:\/\/carvalhoadvogado.aliamkt.com\/index.php\/2025\/10\/22\/assedio-apos-o-retorno-do-inss-quando-cabe-rescisao-indireta-e-dano-moral\/","og_locale":"pt_BR","og_type":"article","og_title":"Ass\u00e9dio ap\u00f3s o retorno do INSS: quando cabe rescis\u00e3o indireta e dano moral - Pedro Carvalho Advogado Trabalhista","og_description":"Sofreu ass\u00e9dio ap\u00f3s retornar do INSS? Veja quando cabe rescis\u00e3o indireta, estabilidade e indeniza\u00e7\u00e3o por dano moral. Passo a passo e provas.","og_url":"https:\/\/carvalhoadvogado.aliamkt.com\/index.php\/2025\/10\/22\/assedio-apos-o-retorno-do-inss-quando-cabe-rescisao-indireta-e-dano-moral\/","og_site_name":"Pedro Carvalho Advogado Trabalhista","article_published_time":"2025-10-22T13:31:27+00:00","og_image":[{"width":550,"height":550,"url":"https:\/\/carvalhoadvogado.aliamkt.com\/wp-content\/uploads\/2025\/10\/rescisao-indireta.jpg","type":"image\/jpeg"}],"author":"lailacarvalhoadv","twitter_card":"summary_large_image","twitter_misc":{"Escrito por":"lailacarvalhoadv","Est. tempo de leitura":"6 minutos"},"schema":{"@context":"https:\/\/schema.org","@graph":[{"@type":"Article","@id":"https:\/\/carvalhoadvogado.aliamkt.com\/index.php\/2025\/10\/22\/assedio-apos-o-retorno-do-inss-quando-cabe-rescisao-indireta-e-dano-moral\/#article","isPartOf":{"@id":"https:\/\/carvalhoadvogado.aliamkt.com\/index.php\/2025\/10\/22\/assedio-apos-o-retorno-do-inss-quando-cabe-rescisao-indireta-e-dano-moral\/"},"author":{"name":"lailacarvalhoadv","@id":"https:\/\/carvalhoadvogado.aliamkt.com\/#\/schema\/person\/8f4d67ba57d6160ee802836a319bd8eb"},"headline":"Ass\u00e9dio ap\u00f3s o retorno do INSS: quando cabe rescis\u00e3o indireta e dano moral","datePublished":"2025-10-22T13:31:27+00:00","mainEntityOfPage":{"@id":"https:\/\/carvalhoadvogado.aliamkt.com\/index.php\/2025\/10\/22\/assedio-apos-o-retorno-do-inss-quando-cabe-rescisao-indireta-e-dano-moral\/"},"wordCount":1092,"commentCount":0,"publisher":{"@id":"https:\/\/carvalhoadvogado.aliamkt.com\/#organization"},"image":{"@id":"https:\/\/carvalhoadvogado.aliamkt.com\/index.php\/2025\/10\/22\/assedio-apos-o-retorno-do-inss-quando-cabe-rescisao-indireta-e-dano-moral\/#primaryimage"},"thumbnailUrl":"https:\/\/carvalhoadvogado.aliamkt.com\/wp-content\/uploads\/2025\/10\/rescisao-indireta.jpg","articleSection":["Direito Trabalhista"],"inLanguage":"pt-BR","potentialAction":[{"@type":"CommentAction","name":"Comment","target":["https:\/\/carvalhoadvogado.aliamkt.com\/index.php\/2025\/10\/22\/assedio-apos-o-retorno-do-inss-quando-cabe-rescisao-indireta-e-dano-moral\/#respond"]}]},{"@type":"WebPage","@id":"https:\/\/carvalhoadvogado.aliamkt.com\/index.php\/2025\/10\/22\/assedio-apos-o-retorno-do-inss-quando-cabe-rescisao-indireta-e-dano-moral\/","url":"https:\/\/carvalhoadvogado.aliamkt.com\/index.php\/2025\/10\/22\/assedio-apos-o-retorno-do-inss-quando-cabe-rescisao-indireta-e-dano-moral\/","name":"Ass\u00e9dio ap\u00f3s o retorno do INSS: quando cabe rescis\u00e3o indireta e dano moral - Pedro Carvalho Advogado Trabalhista","isPartOf":{"@id":"https:\/\/carvalhoadvogado.aliamkt.com\/#website"},"primaryImageOfPage":{"@id":"https:\/\/carvalhoadvogado.aliamkt.com\/index.php\/2025\/10\/22\/assedio-apos-o-retorno-do-inss-quando-cabe-rescisao-indireta-e-dano-moral\/#primaryimage"},"image":{"@id":"https:\/\/carvalhoadvogado.aliamkt.com\/index.php\/2025\/10\/22\/assedio-apos-o-retorno-do-inss-quando-cabe-rescisao-indireta-e-dano-moral\/#primaryimage"},"thumbnailUrl":"https:\/\/carvalhoadvogado.aliamkt.com\/wp-content\/uploads\/2025\/10\/rescisao-indireta.jpg","datePublished":"2025-10-22T13:31:27+00:00","description":"Sofreu ass\u00e9dio ap\u00f3s retornar do INSS? Veja quando cabe rescis\u00e3o indireta, estabilidade e indeniza\u00e7\u00e3o por dano moral. Passo a passo e provas.","breadcrumb":{"@id":"https:\/\/carvalhoadvogado.aliamkt.com\/index.php\/2025\/10\/22\/assedio-apos-o-retorno-do-inss-quando-cabe-rescisao-indireta-e-dano-moral\/#breadcrumb"},"inLanguage":"pt-BR","potentialAction":[{"@type":"ReadAction","target":["https:\/\/carvalhoadvogado.aliamkt.com\/index.php\/2025\/10\/22\/assedio-apos-o-retorno-do-inss-quando-cabe-rescisao-indireta-e-dano-moral\/"]}]},{"@type":"ImageObject","inLanguage":"pt-BR","@id":"https:\/\/carvalhoadvogado.aliamkt.com\/index.php\/2025\/10\/22\/assedio-apos-o-retorno-do-inss-quando-cabe-rescisao-indireta-e-dano-moral\/#primaryimage","url":"https:\/\/carvalhoadvogado.aliamkt.com\/wp-content\/uploads\/2025\/10\/rescisao-indireta.jpg","contentUrl":"https:\/\/carvalhoadvogado.aliamkt.com\/wp-content\/uploads\/2025\/10\/rescisao-indireta.jpg","width":550,"height":550},{"@type":"BreadcrumbList","@id":"https:\/\/carvalhoadvogado.aliamkt.com\/index.php\/2025\/10\/22\/assedio-apos-o-retorno-do-inss-quando-cabe-rescisao-indireta-e-dano-moral\/#breadcrumb","itemListElement":[{"@type":"ListItem","position":1,"name":"In\u00edcio","item":"https:\/\/carvalhoadvogado.aliamkt.com\/"},{"@type":"ListItem","position":2,"name":"Ass\u00e9dio ap\u00f3s o retorno do INSS: quando cabe rescis\u00e3o indireta e dano moral"}]},{"@type":"WebSite","@id":"https:\/\/carvalhoadvogado.aliamkt.com\/#website","url":"https:\/\/carvalhoadvogado.aliamkt.com\/","name":"Pedro Carvalho Advogado","description":"Advogado Trabalhista","publisher":{"@id":"https:\/\/carvalhoadvogado.aliamkt.com\/#organization"},"potentialAction":[{"@type":"SearchAction","target":{"@type":"EntryPoint","urlTemplate":"https:\/\/carvalhoadvogado.aliamkt.com\/?s={search_term_string}"},"query-input":{"@type":"PropertyValueSpecification","valueRequired":true,"valueName":"search_term_string"}}],"inLanguage":"pt-BR"},{"@type":"Organization","@id":"https:\/\/carvalhoadvogado.aliamkt.com\/#organization","name":"Pedro Carvalho Advogado","url":"https:\/\/carvalhoadvogado.aliamkt.com\/","logo":{"@type":"ImageObject","inLanguage":"pt-BR","@id":"https:\/\/carvalhoadvogado.aliamkt.com\/#\/schema\/logo\/image\/","url":"https:\/\/carvalhoadvogado.aliamkt.com\/wp-content\/uploads\/2024\/06\/Logo-azul.png","contentUrl":"https:\/\/carvalhoadvogado.aliamkt.com\/wp-content\/uploads\/2024\/06\/Logo-azul.png","width":500,"height":500,"caption":"Pedro Carvalho Advogado"},"image":{"@id":"https:\/\/carvalhoadvogado.aliamkt.com\/#\/schema\/logo\/image\/"}},{"@type":"Person","@id":"https:\/\/carvalhoadvogado.aliamkt.com\/#\/schema\/person\/8f4d67ba57d6160ee802836a319bd8eb","name":"lailacarvalhoadv","image":{"@type":"ImageObject","inLanguage":"pt-BR","@id":"https:\/\/secure.gravatar.com\/avatar\/a60961139a792fb5ca701fab485f653a1b3cc37cf8dbd4937b4134105caf5369?s=96&d=mm&r=g","url":"https:\/\/secure.gravatar.com\/avatar\/a60961139a792fb5ca701fab485f653a1b3cc37cf8dbd4937b4134105caf5369?s=96&d=mm&r=g","contentUrl":"https:\/\/secure.gravatar.com\/avatar\/a60961139a792fb5ca701fab485f653a1b3cc37cf8dbd4937b4134105caf5369?s=96&d=mm&r=g","caption":"lailacarvalhoadv"},"sameAs":["https:\/\/carvalhoadvogado.aliamkt.com"],"url":"https:\/\/carvalhoadvogado.aliamkt.com\/index.php\/author\/lailacarvalhoadv\/"}]}},"_links":{"self":[{"href":"https:\/\/carvalhoadvogado.aliamkt.com\/index.php\/wp-json\/wp\/v2\/posts\/1393","targetHints":{"allow":["GET"]}}],"collection":[{"href":"https:\/\/carvalhoadvogado.aliamkt.com\/index.php\/wp-json\/wp\/v2\/posts"}],"about":[{"href":"https:\/\/carvalhoadvogado.aliamkt.com\/index.php\/wp-json\/wp\/v2\/types\/post"}],"author":[{"embeddable":true,"href":"https:\/\/carvalhoadvogado.aliamkt.com\/index.php\/wp-json\/wp\/v2\/users\/1"}],"replies":[{"embeddable":true,"href":"https:\/\/carvalhoadvogado.aliamkt.com\/index.php\/wp-json\/wp\/v2\/comments?post=1393"}],"version-history":[{"count":1,"href":"https:\/\/carvalhoadvogado.aliamkt.com\/index.php\/wp-json\/wp\/v2\/posts\/1393\/revisions"}],"predecessor-version":[{"id":1396,"href":"https:\/\/carvalhoadvogado.aliamkt.com\/index.php\/wp-json\/wp\/v2\/posts\/1393\/revisions\/1396"}],"wp:featuredmedia":[{"embeddable":true,"href":"https:\/\/carvalhoadvogado.aliamkt.com\/index.php\/wp-json\/wp\/v2\/media\/1395"}],"wp:attachment":[{"href":"https:\/\/carvalhoadvogado.aliamkt.com\/index.php\/wp-json\/wp\/v2\/media?parent=1393"}],"wp:term":[{"taxonomy":"category","embeddable":true,"href":"https:\/\/carvalhoadvogado.aliamkt.com\/index.php\/wp-json\/wp\/v2\/categories?post=1393"},{"taxonomy":"post_tag","embeddable":true,"href":"https:\/\/carvalhoadvogado.aliamkt.com\/index.php\/wp-json\/wp\/v2\/tags?post=1393"}],"curies":[{"name":"wp","href":"https:\/\/api.w.org\/{rel}","templated":true}]}}