{"id":1402,"date":"2025-10-24T08:43:36","date_gmt":"2025-10-24T11:43:36","guid":{"rendered":"https:\/\/carvalhoadvogado.aliamkt.com\/?p=1402"},"modified":"2025-10-24T11:24:24","modified_gmt":"2025-10-24T14:24:24","slug":"motorista-de-onibus-tem-direito-a-horas-extras-entenda-o-que-diz-a-clt","status":"publish","type":"post","link":"https:\/\/carvalhoadvogado.aliamkt.com\/index.php\/2025\/10\/24\/motorista-de-onibus-tem-direito-a-horas-extras-entenda-o-que-diz-a-clt\/","title":{"rendered":"Motorista de \u00d4nibus tem Direito a Horas Extras? Entenda o que diz a CLT"},"content":{"rendered":"<h2><b>Introdu\u00e7\u00e3o<\/b><\/h2>\n<p><span style=\"font-weight: 400;\">Voc\u00ea, motorista de \u00f4nibus, j\u00e1 se perguntou se tem direito a receber <\/span><b>horas extras<\/b><span style=\"font-weight: 400;\">?<\/span><span style=\"font-weight: 400;\"><br \/>\n<\/span><span style=\"font-weight: 400;\">Muitos profissionais do transporte coletivo enfrentam <\/span><b>jornadas longas<\/b><span style=\"font-weight: 400;\">, <\/span><b>intervalos curtos<\/b><span style=\"font-weight: 400;\"> e, ainda assim, <\/span><b>n\u00e3o recebem o pagamento correto<\/b><span style=\"font-weight: 400;\">. Al\u00e9m disso, muitos t\u00eam medo de questionar a empresa por receio de repres\u00e1lias.<\/span><\/p>\n<p><span style=\"font-weight: 400;\">Neste artigo, vamos explicar <\/span><b>de forma simples e direta<\/b><span style=\"font-weight: 400;\"> tudo o que voc\u00ea precisa saber sobre o <\/span><b>direito \u00e0s horas extras<\/b><span style=\"font-weight: 400;\">, o que diz a <\/span><b>CLT<\/b><span style=\"font-weight: 400;\">, como <\/span><b>comprovar as irregularidades<\/b><span style=\"font-weight: 400;\"> e <\/span><b>como garantir o que \u00e9 seu<\/b><span style=\"font-weight: 400;\">.<\/span><\/p>\n<p><span style=\"font-weight: 400;\">Prepare-se, porque entender seus direitos \u00e9 o <\/span><b>primeiro passo para n\u00e3o ser explorado<\/b><span style=\"font-weight: 400;\">.<\/span><\/p>\n<h2><b>O que s\u00e3o as horas extras segundo a CLT<\/b><\/h2>\n<p><span style=\"font-weight: 400;\">A Consolida\u00e7\u00e3o das Leis do Trabalho (CLT) determina que a <\/span><b>jornada normal de trabalho<\/b><span style=\"font-weight: 400;\"> \u00e9 de <\/span><b>at\u00e9 8 horas di\u00e1rias<\/b><span style=\"font-weight: 400;\"> e <\/span><b>44 horas semanais<\/b><span style=\"font-weight: 400;\">.<\/span><span style=\"font-weight: 400;\"><br \/>\n<\/span><span style=\"font-weight: 400;\">Quando o trabalhador ultrapassa esse limite, ele tem direito a <\/span><b>horas extras<\/b><span style=\"font-weight: 400;\">, que devem ser pagas com <\/span><b>acr\u00e9scimo m\u00ednimo de 50%<\/b><span style=\"font-weight: 400;\"> sobre o valor da hora normal.<\/span><\/p>\n<p><span style=\"font-weight: 400;\">Por\u00e9m, no caso dos <\/span><b>motoristas de \u00f4nibus<\/b><span style=\"font-weight: 400;\">, existem <\/span><b>regras espec\u00edficas<\/b><span style=\"font-weight: 400;\">.<\/span><span style=\"font-weight: 400;\"><br \/>\n<\/span><span style=\"font-weight: 400;\">Isso porque o trabalho \u00e9 diferente: h\u00e1 pausas obrigat\u00f3rias, varia\u00e7\u00f5es de trajeto e controle de jornada feito de forma distinta.<\/span><\/p>\n<h2><b>Como funciona a jornada do motorista de \u00f4nibus<\/b><\/h2>\n<p><span style=\"font-weight: 400;\">De acordo com a <\/span><b>Lei 13.103\/2015<\/b><span style=\"font-weight: 400;\">, conhecida como <\/span><b>Lei do Motorista Profissional<\/b><span style=\"font-weight: 400;\">, a jornada pode ser:<\/span><\/p>\n<ul>\n<li style=\"font-weight: 400;\" aria-level=\"1\"><b>At\u00e9 8 horas di\u00e1rias<\/b><span style=\"font-weight: 400;\">, com possibilidade de <\/span><b>2 horas extras<\/b><span style=\"font-weight: 400;\">;<\/span><\/li>\n<li style=\"font-weight: 400;\" aria-level=\"1\"><b>Intervalo m\u00ednimo de 1 hora<\/b><span style=\"font-weight: 400;\"> para refei\u00e7\u00e3o e descanso;<\/span><\/li>\n<li style=\"font-weight: 400;\" aria-level=\"1\"><b>Descanso di\u00e1rio de 11 horas consecutivas<\/b><span style=\"font-weight: 400;\"> entre as jornadas;<\/span><\/li>\n<li style=\"font-weight: 400;\" aria-level=\"1\"><b>Folga semanal remunerada<\/b><span style=\"font-weight: 400;\">, preferencialmente aos domingos.<\/span><\/li>\n<\/ul>\n<p><span style=\"font-weight: 400;\">Mas aten\u00e7\u00e3o: muitas empresas <\/span><b>ignoram ou distorcem<\/b><span style=\"font-weight: 400;\"> essas regras.<\/span><\/p>\n<p><span style=\"font-weight: 400;\">Por exemplo, alguns motoristas <\/span><b>ficam \u00e0 disposi\u00e7\u00e3o<\/b><span style=\"font-weight: 400;\"> da empresa entre uma viagem e outra, <\/span><b>sem receber por esse tempo<\/b><span style=\"font-weight: 400;\">.<\/span><span style=\"font-weight: 400;\"><br \/>\n<\/span><span style=\"font-weight: 400;\"> Outros <\/span><b>fazem pausas dentro do \u00f4nibus<\/b><span style=\"font-weight: 400;\">, o que <\/span><b>n\u00e3o caracteriza descanso efetivo<\/b><span style=\"font-weight: 400;\">.<\/span><\/p>\n<p><span style=\"font-weight: 400;\">E \u00e9 exatamente a\u00ed que surgem as <\/span><b>distor\u00e7\u00f5es nas horas extras<\/b><span style=\"font-weight: 400;\">.<\/span><\/p>\n<h2><b>Quando o motorista tem direito a horas extras<\/b><\/h2>\n<p><span style=\"font-weight: 400;\">Em geral, o motorista tem direito a receber <\/span><b>todas as horas que ultrapassam o limite di\u00e1rio<\/b><span style=\"font-weight: 400;\">, incluindo o tempo em que:<\/span><\/p>\n<ul>\n<li style=\"font-weight: 400;\" aria-level=\"1\"><span style=\"font-weight: 400;\">Est\u00e1 <\/span><b>aguardando nova viagem<\/b><span style=\"font-weight: 400;\"> (tempo de espera);<\/span><\/li>\n<li style=\"font-weight: 400;\" aria-level=\"1\"><span style=\"font-weight: 400;\">Est\u00e1 <\/span><b>\u00e0 disposi\u00e7\u00e3o da empresa<\/b><span style=\"font-weight: 400;\"> (mesmo sem dirigir);<\/span><\/li>\n<li style=\"font-weight: 400;\" aria-level=\"1\"><span style=\"font-weight: 400;\">Trabalha <\/span><b>durante o intervalo de refei\u00e7\u00e3o<\/b><span style=\"font-weight: 400;\">;<\/span><\/li>\n<li style=\"font-weight: 400;\" aria-level=\"1\"><span style=\"font-weight: 400;\">\u00c9 obrigado a <\/span><b>iniciar ou encerrar o expediente fora da garagem<\/b><span style=\"font-weight: 400;\">;<\/span><\/li>\n<li style=\"font-weight: 400;\" aria-level=\"1\"><span style=\"font-weight: 400;\">Cumpre <\/span><b>jornadas noturnas prolongadas<\/b><span style=\"font-weight: 400;\">.<\/span><\/li>\n<\/ul>\n<p><span style=\"font-weight: 400;\">Al\u00e9m disso, \u00e9 importante lembrar que <\/span><b>as horas extras refletem<\/b><span style=\"font-weight: 400;\"> em outros direitos, como:<\/span><\/p>\n<ul>\n<li style=\"font-weight: 400;\" aria-level=\"1\"><span style=\"font-weight: 400;\">Descanso semanal remunerado (DSR);<\/span><\/li>\n<li style=\"font-weight: 400;\" aria-level=\"1\"><span style=\"font-weight: 400;\">F\u00e9rias + 1\/3;<\/span><\/li>\n<li style=\"font-weight: 400;\" aria-level=\"1\"><span style=\"font-weight: 400;\">13\u00ba sal\u00e1rio;<\/span><\/li>\n<li style=\"font-weight: 400;\" aria-level=\"1\"><span style=\"font-weight: 400;\">FGTS e INSS.<\/span><\/li>\n<\/ul>\n<p><span style=\"font-weight: 400;\">Portanto, receber corretamente por essas horas <\/span><b>impacta todo o seu sal\u00e1rio<\/b><span style=\"font-weight: 400;\">.<\/span><\/p>\n<h2><b>E o tempo de espera? Conta como hora extra?<\/b><\/h2>\n<p><span style=\"font-weight: 400;\">Sim e n\u00e3o \u2014 depende da situa\u00e7\u00e3o.<\/span><span style=\"font-weight: 400;\"><br \/>\n<\/span><span style=\"font-weight: 400;\">De acordo com a Lei 13.103\/2015, o <\/span><b>tempo de espera<\/b><span style=\"font-weight: 400;\"> \u00e9 o per\u00edodo em que o motorista fica <\/span><b>aguardando carga, descarga ou fiscaliza\u00e7\u00e3o<\/b><span style=\"font-weight: 400;\">, <\/span><b>sem estar dirigindo<\/b><span style=\"font-weight: 400;\">.<\/span><\/p>\n<p><span style=\"font-weight: 400;\">Esse tempo <\/span><b>n\u00e3o \u00e9 considerado hora extra<\/b><span style=\"font-weight: 400;\">, mas deve ser <\/span><b>pago com acr\u00e9scimo de 30%<\/b><span style=\"font-weight: 400;\"> sobre o valor da hora normal.<\/span><\/p>\n<p><span style=\"font-weight: 400;\">Por outro lado, quando o motorista <\/span><b>permanece \u00e0 disposi\u00e7\u00e3o da empresa<\/b><span style=\"font-weight: 400;\"> \u2014 esperando ordens, passageiros ou autoriza\u00e7\u00e3o para seguir viagem \u2014 <\/span><b>pode sim configurar hora extra<\/b><span style=\"font-weight: 400;\">.<\/span><\/p>\n<p><span style=\"font-weight: 400;\">Portanto, o contexto faz toda a diferen\u00e7a.<\/span><\/p>\n<h2><b>Como provar as horas extras trabalhadas<\/b><\/h2>\n<p><span style=\"font-weight: 400;\">Essa \u00e9 uma das d\u00favidas mais comuns. Afinal, como provar se o ponto \u00e9 controlado pela empresa?<\/span><span style=\"font-weight: 400;\"><br \/>\n<\/span><span style=\"font-weight: 400;\">A boa not\u00edcia \u00e9 que <\/span><b>existem v\u00e1rias formas de comprova\u00e7\u00e3o<\/b><span style=\"font-weight: 400;\">, e o juiz pode considerar at\u00e9 <\/span><b>provas indiretas<\/b><span style=\"font-weight: 400;\">.<\/span><\/p>\n<p><span style=\"font-weight: 400;\">Voc\u00ea pode usar:<\/span><\/p>\n<ul>\n<li style=\"font-weight: 400;\" aria-level=\"1\"><b>Tac\u00f3grafo<\/b><span style=\"font-weight: 400;\">, <\/span><b>GPS<\/b><span style=\"font-weight: 400;\"> e <\/span><b>di\u00e1rio de bordo<\/b><span style=\"font-weight: 400;\">;<\/span><\/li>\n<li style=\"font-weight: 400;\" aria-level=\"1\"><b>Mensagens de WhatsApp<\/b><span style=\"font-weight: 400;\">, escalas e registros internos;<\/span><\/li>\n<li style=\"font-weight: 400;\" aria-level=\"1\"><b>Testemunhas<\/b><span style=\"font-weight: 400;\"> (colegas de trabalho que confirmem a rotina);<\/span><\/li>\n<li style=\"font-weight: 400;\" aria-level=\"1\"><b>Comprovantes de viagem e recibos de abastecimento<\/b><span style=\"font-weight: 400;\">.<\/span><\/li>\n<\/ul>\n<p><span style=\"font-weight: 400;\">Al\u00e9m disso, se a empresa <\/span><b>n\u00e3o apresentar os controles de ponto<\/b><span style=\"font-weight: 400;\">, a Justi\u00e7a <\/span><b>presume que o motorista fala a verdade<\/b><span style=\"font-weight: 400;\">.<\/span><\/p>\n<p><span style=\"font-weight: 400;\">Portanto, guardar registros e anotar hor\u00e1rios pode fazer toda a diferen\u00e7a.<\/span><\/p>\n<h2><b>O que acontece quando a empresa n\u00e3o paga as horas extras<\/b><\/h2>\n<p><span style=\"font-weight: 400;\">Quando a empresa deixa de pagar corretamente, o motorista pode <\/span><b>entrar com uma a\u00e7\u00e3o trabalhista<\/b><span style=\"font-weight: 400;\"> e pedir:<\/span><\/p>\n<ul>\n<li style=\"font-weight: 400;\" aria-level=\"1\"><b>Pagamento das horas extras<\/b><span style=\"font-weight: 400;\"> com acr\u00e9scimo de 50% ou 100%;<\/span><\/li>\n<li style=\"font-weight: 400;\" aria-level=\"1\"><b>Reflexos<\/b><span style=\"font-weight: 400;\"> em f\u00e9rias, 13\u00ba, FGTS e DSR;<\/span><\/li>\n<li style=\"font-weight: 400;\" aria-level=\"1\"><b>Multas<\/b><span style=\"font-weight: 400;\"> previstas na CLT;<\/span><\/li>\n<li style=\"font-weight: 400;\" aria-level=\"1\"><span style=\"font-weight: 400;\">E at\u00e9 <\/span><b>indeniza\u00e7\u00e3o por dano moral<\/b><span style=\"font-weight: 400;\">, se houver abuso ou fraude comprovada.<\/span><\/li>\n<\/ul>\n<p><span style=\"font-weight: 400;\">Al\u00e9m disso, o motorista <\/span><b>n\u00e3o perde o emprego<\/b><span style=\"font-weight: 400;\"> por exercer esse direito.<\/span><span style=\"font-weight: 400;\"><br \/>\n<\/span><span style=\"font-weight: 400;\">A <\/span><b>Constitui\u00e7\u00e3o Federal<\/b><span style=\"font-weight: 400;\"> protege o trabalhador contra <\/span><b>retalia\u00e7\u00f5es<\/b><span style=\"font-weight: 400;\"> e <\/span><b>dispensas discriminat\u00f3rias<\/b><span style=\"font-weight: 400;\">.<\/span><\/p>\n<p><span style=\"font-weight: 400;\">Portanto, voc\u00ea pode buscar seus direitos <\/span><b>mesmo enquanto ainda est\u00e1 empregado<\/b><span style=\"font-weight: 400;\">.<\/span><\/p>\n<h2><b>Motorista urbano x rodovi\u00e1rio: h\u00e1 diferen\u00e7a nos direitos?<\/b><\/h2>\n<p><img fetchpriority=\"high\" decoding=\"async\" class=\"alignnone size-medium wp-image-1403\" src=\"https:\/\/carvalhoadvogado.aliamkt.com\/wp-content\/uploads\/2025\/10\/advogado-trabalhista-no-Barreiro-300x199.jpg\" alt=\"\" width=\"300\" height=\"199\" srcset=\"https:\/\/carvalhoadvogado.aliamkt.com\/wp-content\/uploads\/2025\/10\/advogado-trabalhista-no-Barreiro-300x199.jpg 300w, https:\/\/carvalhoadvogado.aliamkt.com\/wp-content\/uploads\/2025\/10\/advogado-trabalhista-no-Barreiro-600x399.jpg 600w, https:\/\/carvalhoadvogado.aliamkt.com\/wp-content\/uploads\/2025\/10\/advogado-trabalhista-no-Barreiro.jpg 719w\" sizes=\"(max-width: 300px) 100vw, 300px\" \/><\/p>\n<p><span style=\"font-weight: 400;\">Sim, h\u00e1 diferen\u00e7as importantes.<\/span><span style=\"font-weight: 400;\"><br \/>\n<\/span><span style=\"font-weight: 400;\">Os <\/span><b>motoristas urbanos<\/b><span style=\"font-weight: 400;\"> (de transporte coletivo dentro das cidades) costumam ter <\/span><b>jornadas mais fracionadas<\/b><span style=\"font-weight: 400;\">, com pausas entre as viagens.<\/span><\/p>\n<p>&nbsp;<\/p>\n<p><span style=\"font-weight: 400;\">J\u00e1 os <\/span><b>rodovi\u00e1rios<\/b><span style=\"font-weight: 400;\"> (intermunicipais ou interestaduais) enfrentam <\/span><b>viagens longas<\/b><span style=\"font-weight: 400;\"> e per\u00edodos de espera maiores.<\/span><\/p>\n<p><span style=\"font-weight: 400;\">Por isso:<\/span><\/p>\n<ul>\n<li style=\"font-weight: 400;\" aria-level=\"1\"><span style=\"font-weight: 400;\">O <\/span><b>tempo de espera<\/b><span style=\"font-weight: 400;\"> \u00e9 mais comum nos rodovi\u00e1rios;<\/span><\/li>\n<li style=\"font-weight: 400;\" aria-level=\"1\"><span style=\"font-weight: 400;\">Os <\/span><b>urbanos<\/b><span style=\"font-weight: 400;\"> sofrem mais com <\/span><b>intervalos n\u00e3o concedidos<\/b><span style=\"font-weight: 400;\">;<\/span><\/li>\n<li style=\"font-weight: 400;\" aria-level=\"1\"><span style=\"font-weight: 400;\">Ambos t\u00eam direito ao <\/span><b>descanso m\u00ednimo di\u00e1rio e folga semanal<\/b><span style=\"font-weight: 400;\">.<\/span><\/li>\n<\/ul>\n<p><span style=\"font-weight: 400;\">Em ambos os casos, o controle da jornada deve ser <\/span><b>transparente e comprov\u00e1vel<\/b><span style=\"font-weight: 400;\">.<\/span><\/p>\n<h2><b>E quando a empresa manipula o ponto?<\/b><\/h2>\n<p><span style=\"font-weight: 400;\">Infelizmente, isso \u00e9 mais comum do que parece.<\/span><span style=\"font-weight: 400;\"><br \/>\n<\/span><span style=\"font-weight: 400;\">Algumas empresas <\/span><b>ajustam manualmente o ponto eletr\u00f4nico<\/b><span style=\"font-weight: 400;\"> ou orientam o motorista a <\/span><b>bater o ponto e continuar trabalhando<\/b><span style=\"font-weight: 400;\">.<\/span><\/p>\n<p><span style=\"font-weight: 400;\">Mas fique tranquilo: a Justi\u00e7a do Trabalho <\/span><b>j\u00e1 reconheceu diversos casos<\/b><span style=\"font-weight: 400;\"> desse tipo.<\/span><span style=\"font-weight: 400;\"><br \/>\n<\/span><span style=\"font-weight: 400;\">Se houver <\/span><b>diferen\u00e7a entre o ponto e a realidade<\/b><span style=\"font-weight: 400;\">, <\/span><b>testemunhas e outros registros<\/b><span style=\"font-weight: 400;\"> podem servir como prova.<\/span><\/p>\n<p><span style=\"font-weight: 400;\">Al\u00e9m disso, o motorista <\/span><b>n\u00e3o precisa provar todas as horas<\/b><span style=\"font-weight: 400;\"> \u2014 basta <\/span><b>demonstrar que havia irregularidades<\/b><span style=\"font-weight: 400;\"> na jornada.<\/span><\/p>\n<h2><b>Posso processar a empresa sem pedir demiss\u00e3o?<\/b><\/h2>\n<p><span style=\"font-weight: 400;\">Sim, pode.<\/span><span style=\"font-weight: 400;\"><br \/>\n<\/span><span style=\"font-weight: 400;\"> O trabalhador tem o direito de <\/span><b>buscar seus direitos sem romper o v\u00ednculo de emprego<\/b><span style=\"font-weight: 400;\">.<\/span><span style=\"font-weight: 400;\"><br \/>\n<\/span><span style=\"font-weight: 400;\"> Inclusive, \u00e9 <\/span><b>comum motoristas entrarem com a\u00e7\u00f5es<\/b><span style=\"font-weight: 400;\"> enquanto continuam trabalhando.<\/span><\/p>\n<p><span style=\"font-weight: 400;\">Por outro lado, se houver <\/span><b>ass\u00e9dio, press\u00e3o ou persegui\u00e7\u00e3o<\/b><span style=\"font-weight: 400;\">, o advogado pode pedir a <\/span><b>rescis\u00e3o indireta<\/b><span style=\"font-weight: 400;\"> \u2014 que equivale a uma demiss\u00e3o sem justa causa, mas com <\/span><b>todos os direitos pagos<\/b><span style=\"font-weight: 400;\">.<\/span><\/p>\n<p><span style=\"font-weight: 400;\">Portanto, <\/span><b>n\u00e3o deixe o medo te impedir<\/b><span style=\"font-weight: 400;\"> de agir.<\/span><\/p>\n<h2><b>Quanto tempo o motorista tem para entrar com o processo<\/b><\/h2>\n<p><span style=\"font-weight: 400;\">O prazo para entrar com a\u00e7\u00e3o trabalhista \u00e9 de <\/span><b>at\u00e9 2 anos ap\u00f3s o fim do contrato<\/b><span style=\"font-weight: 400;\">.<\/span><span style=\"font-weight: 400;\"><br \/>\n<\/span><span style=\"font-weight: 400;\"> Mas o trabalhador s\u00f3 pode cobrar <\/span><b>os \u00faltimos 5 anos<\/b><span style=\"font-weight: 400;\"> de direitos.<\/span><\/p>\n<p><span style=\"font-weight: 400;\">Por exemplo: se voc\u00ea trabalhou de 2018 a 2024, e entrou com a a\u00e7\u00e3o em 2025, s\u00f3 poder\u00e1 cobrar de <\/span><b>2020 em diante<\/b><span style=\"font-weight: 400;\">.<\/span><\/p>\n<p><span style=\"font-weight: 400;\">Portanto, <\/span><b>n\u00e3o adie sua decis\u00e3o<\/b><span style=\"font-weight: 400;\">. Quanto antes voc\u00ea agir, <\/span><b>mais direitos poder\u00e1 garantir<\/b><span style=\"font-weight: 400;\">.<\/span><\/p>\n<h2><b>Como funciona o c\u00e1lculo das horas extras<\/b><\/h2>\n<p><span style=\"font-weight: 400;\">O c\u00e1lculo depende do <\/span><b>sal\u00e1rio base<\/b><span style=\"font-weight: 400;\">, do <\/span><b>n\u00famero de horas excedentes<\/b><span style=\"font-weight: 400;\"> e do <\/span><b>adicional devido<\/b><span style=\"font-weight: 400;\"> (50%, 100%, etc.).<\/span><\/p>\n<p><span style=\"font-weight: 400;\">Exemplo simples:<\/span><span style=\"font-weight: 400;\"><br \/>\n<\/span><span style=\"font-weight: 400;\">Se a sua hora normal vale <\/span><b>R$10<\/b><span style=\"font-weight: 400;\">, a hora extra deve ser <\/span><b>R$15<\/b><span style=\"font-weight: 400;\">.<\/span><span style=\"font-weight: 400;\"><br \/>\n<\/span><span style=\"font-weight: 400;\">Trabalhando 20 horas extras no m\u00eas, voc\u00ea teria direito a <\/span><b>R$300 s\u00f3 de adicional<\/b><span style=\"font-weight: 400;\"> \u2014 fora os reflexos.<\/span><\/p>\n<p><span style=\"font-weight: 400;\">Al\u00e9m disso, se as horas extras forem habituais, <\/span><b>elas integram o sal\u00e1rio<\/b><span style=\"font-weight: 400;\">, aumentando o valor do <\/span><b>FGTS, 13\u00ba e f\u00e9rias<\/b><span style=\"font-weight: 400;\">.<\/span><\/p>\n<h2><b>A import\u00e2ncia do advogado trabalhista no caso dos motoristas<\/b><\/h2>\n<p><span style=\"font-weight: 400;\">O advogado especializado sabe <\/span><b>como interpretar o tac\u00f3grafo<\/b><span style=\"font-weight: 400;\">, <\/span><b>analisar escalas de servi\u00e7o<\/b><span style=\"font-weight: 400;\"> e <\/span><b>identificar fraudes no ponto eletr\u00f4nico<\/b><span style=\"font-weight: 400;\">.<\/span><span style=\"font-weight: 400;\"><br \/>\n<\/span><span style=\"font-weight: 400;\">Al\u00e9m disso, ele orienta sobre o <\/span><b>melhor momento para agir<\/b><span style=\"font-weight: 400;\"> e <\/span><b>como reunir as provas certas<\/b><span style=\"font-weight: 400;\">.<\/span><\/p>\n<p><span style=\"font-weight: 400;\">Muitos motoristas <\/span><b>conseguem recuperar valores significativos<\/b><span style=\"font-weight: 400;\">, incluindo <\/span><b>indeniza\u00e7\u00f5es<\/b><span style=\"font-weight: 400;\"> por jornada abusiva ou ass\u00e9dio.<\/span><\/p>\n<p><span style=\"font-weight: 400;\">Portanto, contar com orienta\u00e7\u00e3o profissional <\/span><b>n\u00e3o \u00e9 gasto \u2014 \u00e9 investimento na sua seguran\u00e7a jur\u00eddica e financeira<\/b><span style=\"font-weight: 400;\">.<\/span><\/p>\n<h2><b>Conclus\u00e3o<\/b><\/h2>\n<p><span style=\"font-weight: 400;\">O motorista de \u00f4nibus tem direito, sim, a <\/span><b>receber horas extras<\/b><span style=\"font-weight: 400;\"> sempre que trabalhar al\u00e9m da jornada regular.<\/span><span style=\"font-weight: 400;\"><br \/>\n<\/span><span style=\"font-weight: 400;\">Mais do que isso: tem o direito de <\/span><b>ser respeitado<\/b><span style=\"font-weight: 400;\">, <\/span><b>descansar adequadamente<\/b><span style=\"font-weight: 400;\"> e <\/span><b>n\u00e3o ser explorado<\/b><span style=\"font-weight: 400;\"> por metas ou press\u00f5es abusivas.<\/span><\/p>\n<p><span style=\"font-weight: 400;\">Al\u00e9m disso, o trabalhador pode <\/span><b>buscar seus direitos com seguran\u00e7a<\/b><span style=\"font-weight: 400;\">, mesmo enquanto ainda est\u00e1 empregado.<\/span><span style=\"font-weight: 400;\"><br \/>\n<\/span><span style=\"font-weight: 400;\">Portanto, se voc\u00ea percebe que est\u00e1 <\/span><b>trabalhando mais do que recebe<\/b><span style=\"font-weight: 400;\">, n\u00e3o espere:<\/span><span style=\"font-weight: 400;\"><br \/>\n<\/span><span style=\"font-weight: 400;\">procure orienta\u00e7\u00e3o e <\/span><b>descubra quanto a empresa pode te dever<\/b><span style=\"font-weight: 400;\">.<\/span><\/p>\n<h2><b>Perguntas Frequentes (FAQ)<\/b><\/h2>\n<h3><b>1. Motorista que trabalha aos domingos tem direito a hora extra?<\/b><\/h3>\n<p><span style=\"font-weight: 400;\">Sim, tem. O trabalho aos domingos deve ser compensado com <\/span><b>folga em outro dia da semana<\/b><span style=\"font-weight: 400;\"> ou pago em <\/span><b>dobro<\/b><span style=\"font-weight: 400;\">, conforme a CLT.<\/span><\/p>\n<h3><b>2. O tempo parado no tr\u00e2nsito conta como hora extra?<\/b><\/h3>\n<p><span style=\"font-weight: 400;\">Depende. Se o motorista estiver <\/span><b>em jornada normal de trabalho<\/b><span style=\"font-weight: 400;\">, o tempo no tr\u00e2nsito <\/span><b>faz parte da jornada<\/b><span style=\"font-weight: 400;\"> e pode gerar <\/span><b>hora extra<\/b><span style=\"font-weight: 400;\"> se ultrapassar o limite di\u00e1rio.<\/span><\/p>\n<h3><b>3. \u00c9 poss\u00edvel pedir indeniza\u00e7\u00e3o por cansa\u00e7o ou estresse?<\/b><\/h3>\n<p><span style=\"font-weight: 400;\">Sim. Se o excesso de jornada causar <\/span><b>problemas de sa\u00fade<\/b><span style=\"font-weight: 400;\"> ou <\/span><b>doen\u00e7as ocupacionais<\/b><span style=\"font-weight: 400;\">, o motorista pode pedir <\/span><b>indeniza\u00e7\u00e3o por dano moral e material<\/b><span style=\"font-weight: 400;\">.<\/span><\/p>\n<h3><b>4. O que fazer se o ponto eletr\u00f4nico n\u00e3o reflete a realidade?<\/b><\/h3>\n<p><span style=\"font-weight: 400;\">Guarde provas (fotos, conversas, escalas) e <\/span><b>procure um advogado<\/b><span style=\"font-weight: 400;\">.<\/span><span style=\"font-weight: 400;\"><br \/>\n<\/span><span style=\"font-weight: 400;\"> A Justi\u00e7a pode <\/span><b>invalidar o ponto manipulado<\/b><span style=\"font-weight: 400;\"> e considerar o depoimento do trabalhador.<\/span><\/p>\n<h3><b>5. Posso ser demitido por entrar com processo?<\/b><\/h3>\n<p><span style=\"font-weight: 400;\">N\u00e3o. A <\/span><b>dispensa por retalia\u00e7\u00e3o<\/b><span style=\"font-weight: 400;\"> \u00e9 considerada <\/span><b>ilegal e discriminat\u00f3ria<\/b><span style=\"font-weight: 400;\">.<\/span><span style=\"font-weight: 400;\"><br \/>\n<\/span><span style=\"font-weight: 400;\"> Se acontecer, a empresa pode ser obrigada a <\/span><b>indenizar<\/b><span style=\"font-weight: 400;\"> e at\u00e9 <\/span><b>reintegrar<\/b><span style=\"font-weight: 400;\"> o motorista.<\/span><\/p>\n<p>&nbsp;<\/p>\n<p><a href=\"https:\/\/wa.me\/5531975283687\"><b>Entre em contato agora com um advogado trabalhista e saiba como garantir o que \u00e9 seu por lei!<\/b><\/a><\/p>\n<p><b>Fale com o Dr. Pedro Carvalho!<\/b><\/p>\n<p><b>Clique no bot\u00e3o abaixo e obtenha a orienta\u00e7\u00e3o jur\u00eddica que voc\u00ea precisa para resolver suas quest\u00f5es com seguran\u00e7a e confian\u00e7a.\u00a0<\/b><\/p>\n<p><a href=\"https:\/\/wa.me\/5531975283687\"><b>Fale comigo agora mesmo<\/b><\/a><\/p>\n<p><b>Siga-nos na rede social, @pedroncarvalhoadv, e fique por dentro das \u00faltimas novidades!<\/b><\/p>\n<p><span style=\"font-weight: 400;\">leia tamb\u00e9m nosso artigo completo sobre: <\/span><a href=\"https:\/\/carvalhoadvogado.aliamkt.com\/index.php\/2025\/10\/23\/motorista-entregador-moto-carro-e-caminhao-seus-direitos-trabalhistas-sobre-horas-extras-periculosidade-e-acidente-de-trabalho\/\"><span style=\"font-weight: 400;\">Motorista\/Entregador (moto, carro e caminh\u00e3o): seus direitos trabalhistas sobre horas extras, periculosidade e acidente de trabalho<\/span><\/a><\/p>\n","protected":false},"excerpt":{"rendered":"<p>Introdu\u00e7\u00e3o Voc\u00ea, motorista de \u00f4nibus, j\u00e1 se perguntou se tem direito a receber horas extras? Muitos profissionais do transporte coletivo enfrentam jornadas longas, intervalos curtos e, ainda assim, n\u00e3o recebem o pagamento correto. Al\u00e9m disso, muitos t\u00eam medo de questionar a empresa por receio de repres\u00e1lias. Neste artigo, vamos explicar de forma simples e direta [&hellip;]<\/p>\n","protected":false},"author":1,"featured_media":1404,"comment_status":"open","ping_status":"open","sticky":false,"template":"","format":"standard","meta":{"_joinchat":[],"footnotes":""},"categories":[6],"tags":[],"class_list":["post-1402","post","type-post","status-publish","format-standard","has-post-thumbnail","hentry","category-direito-trabalhista"],"yoast_head":"<!-- This site is optimized with the Yoast SEO plugin v27.5 - https:\/\/yoast.com\/product\/yoast-seo-wordpress\/ -->\n<title>Motorista de \u00d4nibus tem Direito a Horas Extras? Entenda o que diz a CLT - Pedro Carvalho Advogado Trabalhista<\/title>\n<meta name=\"description\" content=\"Motorista de \u00f4nibus tem direito a horas extras? Descubra o que diz a CLT, como provar sua jornada e garantir todos os seus direitos trabalhistas.\" \/>\n<meta name=\"robots\" content=\"index, follow, max-snippet:-1, max-image-preview:large, max-video-preview:-1\" \/>\n<link rel=\"canonical\" href=\"https:\/\/carvalhoadvogado.aliamkt.com\/index.php\/2025\/10\/24\/motorista-de-onibus-tem-direito-a-horas-extras-entenda-o-que-diz-a-clt\/\" \/>\n<meta property=\"og:locale\" content=\"pt_BR\" \/>\n<meta property=\"og:type\" content=\"article\" \/>\n<meta property=\"og:title\" content=\"Motorista de \u00d4nibus tem Direito a Horas Extras? Entenda o que diz a CLT - Pedro Carvalho Advogado Trabalhista\" \/>\n<meta property=\"og:description\" content=\"Motorista de \u00f4nibus tem direito a horas extras? Descubra o que diz a CLT, como provar sua jornada e garantir todos os seus direitos trabalhistas.\" \/>\n<meta property=\"og:url\" content=\"https:\/\/carvalhoadvogado.aliamkt.com\/index.php\/2025\/10\/24\/motorista-de-onibus-tem-direito-a-horas-extras-entenda-o-que-diz-a-clt\/\" \/>\n<meta property=\"og:site_name\" content=\"Pedro Carvalho Advogado Trabalhista\" \/>\n<meta property=\"article:published_time\" content=\"2025-10-24T11:43:36+00:00\" \/>\n<meta property=\"article:modified_time\" content=\"2025-10-24T14:24:24+00:00\" \/>\n<meta property=\"og:image\" content=\"https:\/\/carvalhoadvogado.aliamkt.com\/wp-content\/uploads\/2025\/10\/advogado-trabalhista-no-Eldorado.jpg\" \/>\n\t<meta property=\"og:image:width\" content=\"1200\" \/>\n\t<meta property=\"og:image:height\" content=\"799\" \/>\n\t<meta property=\"og:image:type\" content=\"image\/jpeg\" \/>\n<meta name=\"author\" content=\"lailacarvalhoadv\" \/>\n<meta name=\"twitter:card\" content=\"summary_large_image\" \/>\n<meta name=\"twitter:label1\" content=\"Escrito por\" \/>\n\t<meta name=\"twitter:data1\" content=\"lailacarvalhoadv\" \/>\n\t<meta name=\"twitter:label2\" content=\"Est. tempo de leitura\" \/>\n\t<meta name=\"twitter:data2\" content=\"9 minutos\" \/>\n<script type=\"application\/ld+json\" class=\"yoast-schema-graph\">{\"@context\":\"https:\\\/\\\/schema.org\",\"@graph\":[{\"@type\":\"Article\",\"@id\":\"https:\\\/\\\/carvalhoadvogado.aliamkt.com\\\/index.php\\\/2025\\\/10\\\/24\\\/motorista-de-onibus-tem-direito-a-horas-extras-entenda-o-que-diz-a-clt\\\/#article\",\"isPartOf\":{\"@id\":\"https:\\\/\\\/carvalhoadvogado.aliamkt.com\\\/index.php\\\/2025\\\/10\\\/24\\\/motorista-de-onibus-tem-direito-a-horas-extras-entenda-o-que-diz-a-clt\\\/\"},\"author\":{\"name\":\"lailacarvalhoadv\",\"@id\":\"https:\\\/\\\/carvalhoadvogado.aliamkt.com\\\/#\\\/schema\\\/person\\\/8f4d67ba57d6160ee802836a319bd8eb\"},\"headline\":\"Motorista de \u00d4nibus tem Direito a Horas Extras? Entenda o que diz a CLT\",\"datePublished\":\"2025-10-24T11:43:36+00:00\",\"dateModified\":\"2025-10-24T14:24:24+00:00\",\"mainEntityOfPage\":{\"@id\":\"https:\\\/\\\/carvalhoadvogado.aliamkt.com\\\/index.php\\\/2025\\\/10\\\/24\\\/motorista-de-onibus-tem-direito-a-horas-extras-entenda-o-que-diz-a-clt\\\/\"},\"wordCount\":1587,\"commentCount\":0,\"publisher\":{\"@id\":\"https:\\\/\\\/carvalhoadvogado.aliamkt.com\\\/#organization\"},\"image\":{\"@id\":\"https:\\\/\\\/carvalhoadvogado.aliamkt.com\\\/index.php\\\/2025\\\/10\\\/24\\\/motorista-de-onibus-tem-direito-a-horas-extras-entenda-o-que-diz-a-clt\\\/#primaryimage\"},\"thumbnailUrl\":\"https:\\\/\\\/carvalhoadvogado.aliamkt.com\\\/wp-content\\\/uploads\\\/2025\\\/10\\\/advogado-trabalhista-no-Eldorado.jpg\",\"articleSection\":[\"Direito Trabalhista\"],\"inLanguage\":\"pt-BR\",\"potentialAction\":[{\"@type\":\"CommentAction\",\"name\":\"Comment\",\"target\":[\"https:\\\/\\\/carvalhoadvogado.aliamkt.com\\\/index.php\\\/2025\\\/10\\\/24\\\/motorista-de-onibus-tem-direito-a-horas-extras-entenda-o-que-diz-a-clt\\\/#respond\"]}]},{\"@type\":\"WebPage\",\"@id\":\"https:\\\/\\\/carvalhoadvogado.aliamkt.com\\\/index.php\\\/2025\\\/10\\\/24\\\/motorista-de-onibus-tem-direito-a-horas-extras-entenda-o-que-diz-a-clt\\\/\",\"url\":\"https:\\\/\\\/carvalhoadvogado.aliamkt.com\\\/index.php\\\/2025\\\/10\\\/24\\\/motorista-de-onibus-tem-direito-a-horas-extras-entenda-o-que-diz-a-clt\\\/\",\"name\":\"Motorista de \u00d4nibus tem Direito a Horas Extras? Entenda o que diz a CLT - Pedro Carvalho Advogado Trabalhista\",\"isPartOf\":{\"@id\":\"https:\\\/\\\/carvalhoadvogado.aliamkt.com\\\/#website\"},\"primaryImageOfPage\":{\"@id\":\"https:\\\/\\\/carvalhoadvogado.aliamkt.com\\\/index.php\\\/2025\\\/10\\\/24\\\/motorista-de-onibus-tem-direito-a-horas-extras-entenda-o-que-diz-a-clt\\\/#primaryimage\"},\"image\":{\"@id\":\"https:\\\/\\\/carvalhoadvogado.aliamkt.com\\\/index.php\\\/2025\\\/10\\\/24\\\/motorista-de-onibus-tem-direito-a-horas-extras-entenda-o-que-diz-a-clt\\\/#primaryimage\"},\"thumbnailUrl\":\"https:\\\/\\\/carvalhoadvogado.aliamkt.com\\\/wp-content\\\/uploads\\\/2025\\\/10\\\/advogado-trabalhista-no-Eldorado.jpg\",\"datePublished\":\"2025-10-24T11:43:36+00:00\",\"dateModified\":\"2025-10-24T14:24:24+00:00\",\"description\":\"Motorista de \u00f4nibus tem direito a horas extras? Descubra o que diz a CLT, como provar sua jornada e garantir todos os seus direitos trabalhistas.\",\"breadcrumb\":{\"@id\":\"https:\\\/\\\/carvalhoadvogado.aliamkt.com\\\/index.php\\\/2025\\\/10\\\/24\\\/motorista-de-onibus-tem-direito-a-horas-extras-entenda-o-que-diz-a-clt\\\/#breadcrumb\"},\"inLanguage\":\"pt-BR\",\"potentialAction\":[{\"@type\":\"ReadAction\",\"target\":[\"https:\\\/\\\/carvalhoadvogado.aliamkt.com\\\/index.php\\\/2025\\\/10\\\/24\\\/motorista-de-onibus-tem-direito-a-horas-extras-entenda-o-que-diz-a-clt\\\/\"]}]},{\"@type\":\"ImageObject\",\"inLanguage\":\"pt-BR\",\"@id\":\"https:\\\/\\\/carvalhoadvogado.aliamkt.com\\\/index.php\\\/2025\\\/10\\\/24\\\/motorista-de-onibus-tem-direito-a-horas-extras-entenda-o-que-diz-a-clt\\\/#primaryimage\",\"url\":\"https:\\\/\\\/carvalhoadvogado.aliamkt.com\\\/wp-content\\\/uploads\\\/2025\\\/10\\\/advogado-trabalhista-no-Eldorado.jpg\",\"contentUrl\":\"https:\\\/\\\/carvalhoadvogado.aliamkt.com\\\/wp-content\\\/uploads\\\/2025\\\/10\\\/advogado-trabalhista-no-Eldorado.jpg\",\"width\":1200,\"height\":799},{\"@type\":\"BreadcrumbList\",\"@id\":\"https:\\\/\\\/carvalhoadvogado.aliamkt.com\\\/index.php\\\/2025\\\/10\\\/24\\\/motorista-de-onibus-tem-direito-a-horas-extras-entenda-o-que-diz-a-clt\\\/#breadcrumb\",\"itemListElement\":[{\"@type\":\"ListItem\",\"position\":1,\"name\":\"In\u00edcio\",\"item\":\"https:\\\/\\\/carvalhoadvogado.aliamkt.com\\\/\"},{\"@type\":\"ListItem\",\"position\":2,\"name\":\"Motorista de \u00d4nibus tem Direito a Horas Extras? Entenda o que diz a CLT\"}]},{\"@type\":\"WebSite\",\"@id\":\"https:\\\/\\\/carvalhoadvogado.aliamkt.com\\\/#website\",\"url\":\"https:\\\/\\\/carvalhoadvogado.aliamkt.com\\\/\",\"name\":\"Pedro Carvalho Advogado\",\"description\":\"Advogado Trabalhista\",\"publisher\":{\"@id\":\"https:\\\/\\\/carvalhoadvogado.aliamkt.com\\\/#organization\"},\"potentialAction\":[{\"@type\":\"SearchAction\",\"target\":{\"@type\":\"EntryPoint\",\"urlTemplate\":\"https:\\\/\\\/carvalhoadvogado.aliamkt.com\\\/?s={search_term_string}\"},\"query-input\":{\"@type\":\"PropertyValueSpecification\",\"valueRequired\":true,\"valueName\":\"search_term_string\"}}],\"inLanguage\":\"pt-BR\"},{\"@type\":\"Organization\",\"@id\":\"https:\\\/\\\/carvalhoadvogado.aliamkt.com\\\/#organization\",\"name\":\"Pedro Carvalho Advogado\",\"url\":\"https:\\\/\\\/carvalhoadvogado.aliamkt.com\\\/\",\"logo\":{\"@type\":\"ImageObject\",\"inLanguage\":\"pt-BR\",\"@id\":\"https:\\\/\\\/carvalhoadvogado.aliamkt.com\\\/#\\\/schema\\\/logo\\\/image\\\/\",\"url\":\"https:\\\/\\\/carvalhoadvogado.aliamkt.com\\\/wp-content\\\/uploads\\\/2024\\\/06\\\/Logo-azul.png\",\"contentUrl\":\"https:\\\/\\\/carvalhoadvogado.aliamkt.com\\\/wp-content\\\/uploads\\\/2024\\\/06\\\/Logo-azul.png\",\"width\":500,\"height\":500,\"caption\":\"Pedro Carvalho Advogado\"},\"image\":{\"@id\":\"https:\\\/\\\/carvalhoadvogado.aliamkt.com\\\/#\\\/schema\\\/logo\\\/image\\\/\"}},{\"@type\":\"Person\",\"@id\":\"https:\\\/\\\/carvalhoadvogado.aliamkt.com\\\/#\\\/schema\\\/person\\\/8f4d67ba57d6160ee802836a319bd8eb\",\"name\":\"lailacarvalhoadv\",\"image\":{\"@type\":\"ImageObject\",\"inLanguage\":\"pt-BR\",\"@id\":\"https:\\\/\\\/secure.gravatar.com\\\/avatar\\\/a60961139a792fb5ca701fab485f653a1b3cc37cf8dbd4937b4134105caf5369?s=96&d=mm&r=g\",\"url\":\"https:\\\/\\\/secure.gravatar.com\\\/avatar\\\/a60961139a792fb5ca701fab485f653a1b3cc37cf8dbd4937b4134105caf5369?s=96&d=mm&r=g\",\"contentUrl\":\"https:\\\/\\\/secure.gravatar.com\\\/avatar\\\/a60961139a792fb5ca701fab485f653a1b3cc37cf8dbd4937b4134105caf5369?s=96&d=mm&r=g\",\"caption\":\"lailacarvalhoadv\"},\"sameAs\":[\"https:\\\/\\\/carvalhoadvogado.aliamkt.com\"],\"url\":\"https:\\\/\\\/carvalhoadvogado.aliamkt.com\\\/index.php\\\/author\\\/lailacarvalhoadv\\\/\"}]}<\/script>\n<!-- \/ Yoast SEO plugin. -->","yoast_head_json":{"title":"Motorista de \u00d4nibus tem Direito a Horas Extras? Entenda o que diz a CLT - Pedro Carvalho Advogado Trabalhista","description":"Motorista de \u00f4nibus tem direito a horas extras? Descubra o que diz a CLT, como provar sua jornada e garantir todos os seus direitos trabalhistas.","robots":{"index":"index","follow":"follow","max-snippet":"max-snippet:-1","max-image-preview":"max-image-preview:large","max-video-preview":"max-video-preview:-1"},"canonical":"https:\/\/carvalhoadvogado.aliamkt.com\/index.php\/2025\/10\/24\/motorista-de-onibus-tem-direito-a-horas-extras-entenda-o-que-diz-a-clt\/","og_locale":"pt_BR","og_type":"article","og_title":"Motorista de \u00d4nibus tem Direito a Horas Extras? Entenda o que diz a CLT - Pedro Carvalho Advogado Trabalhista","og_description":"Motorista de \u00f4nibus tem direito a horas extras? Descubra o que diz a CLT, como provar sua jornada e garantir todos os seus direitos trabalhistas.","og_url":"https:\/\/carvalhoadvogado.aliamkt.com\/index.php\/2025\/10\/24\/motorista-de-onibus-tem-direito-a-horas-extras-entenda-o-que-diz-a-clt\/","og_site_name":"Pedro Carvalho Advogado Trabalhista","article_published_time":"2025-10-24T11:43:36+00:00","article_modified_time":"2025-10-24T14:24:24+00:00","og_image":[{"width":1200,"height":799,"url":"https:\/\/carvalhoadvogado.aliamkt.com\/wp-content\/uploads\/2025\/10\/advogado-trabalhista-no-Eldorado.jpg","type":"image\/jpeg"}],"author":"lailacarvalhoadv","twitter_card":"summary_large_image","twitter_misc":{"Escrito por":"lailacarvalhoadv","Est. tempo de leitura":"9 minutos"},"schema":{"@context":"https:\/\/schema.org","@graph":[{"@type":"Article","@id":"https:\/\/carvalhoadvogado.aliamkt.com\/index.php\/2025\/10\/24\/motorista-de-onibus-tem-direito-a-horas-extras-entenda-o-que-diz-a-clt\/#article","isPartOf":{"@id":"https:\/\/carvalhoadvogado.aliamkt.com\/index.php\/2025\/10\/24\/motorista-de-onibus-tem-direito-a-horas-extras-entenda-o-que-diz-a-clt\/"},"author":{"name":"lailacarvalhoadv","@id":"https:\/\/carvalhoadvogado.aliamkt.com\/#\/schema\/person\/8f4d67ba57d6160ee802836a319bd8eb"},"headline":"Motorista de \u00d4nibus tem Direito a Horas Extras? Entenda o que diz a CLT","datePublished":"2025-10-24T11:43:36+00:00","dateModified":"2025-10-24T14:24:24+00:00","mainEntityOfPage":{"@id":"https:\/\/carvalhoadvogado.aliamkt.com\/index.php\/2025\/10\/24\/motorista-de-onibus-tem-direito-a-horas-extras-entenda-o-que-diz-a-clt\/"},"wordCount":1587,"commentCount":0,"publisher":{"@id":"https:\/\/carvalhoadvogado.aliamkt.com\/#organization"},"image":{"@id":"https:\/\/carvalhoadvogado.aliamkt.com\/index.php\/2025\/10\/24\/motorista-de-onibus-tem-direito-a-horas-extras-entenda-o-que-diz-a-clt\/#primaryimage"},"thumbnailUrl":"https:\/\/carvalhoadvogado.aliamkt.com\/wp-content\/uploads\/2025\/10\/advogado-trabalhista-no-Eldorado.jpg","articleSection":["Direito Trabalhista"],"inLanguage":"pt-BR","potentialAction":[{"@type":"CommentAction","name":"Comment","target":["https:\/\/carvalhoadvogado.aliamkt.com\/index.php\/2025\/10\/24\/motorista-de-onibus-tem-direito-a-horas-extras-entenda-o-que-diz-a-clt\/#respond"]}]},{"@type":"WebPage","@id":"https:\/\/carvalhoadvogado.aliamkt.com\/index.php\/2025\/10\/24\/motorista-de-onibus-tem-direito-a-horas-extras-entenda-o-que-diz-a-clt\/","url":"https:\/\/carvalhoadvogado.aliamkt.com\/index.php\/2025\/10\/24\/motorista-de-onibus-tem-direito-a-horas-extras-entenda-o-que-diz-a-clt\/","name":"Motorista de \u00d4nibus tem Direito a Horas Extras? Entenda o que diz a CLT - Pedro Carvalho Advogado Trabalhista","isPartOf":{"@id":"https:\/\/carvalhoadvogado.aliamkt.com\/#website"},"primaryImageOfPage":{"@id":"https:\/\/carvalhoadvogado.aliamkt.com\/index.php\/2025\/10\/24\/motorista-de-onibus-tem-direito-a-horas-extras-entenda-o-que-diz-a-clt\/#primaryimage"},"image":{"@id":"https:\/\/carvalhoadvogado.aliamkt.com\/index.php\/2025\/10\/24\/motorista-de-onibus-tem-direito-a-horas-extras-entenda-o-que-diz-a-clt\/#primaryimage"},"thumbnailUrl":"https:\/\/carvalhoadvogado.aliamkt.com\/wp-content\/uploads\/2025\/10\/advogado-trabalhista-no-Eldorado.jpg","datePublished":"2025-10-24T11:43:36+00:00","dateModified":"2025-10-24T14:24:24+00:00","description":"Motorista de \u00f4nibus tem direito a horas extras? Descubra o que diz a CLT, como provar sua jornada e garantir todos os seus direitos trabalhistas.","breadcrumb":{"@id":"https:\/\/carvalhoadvogado.aliamkt.com\/index.php\/2025\/10\/24\/motorista-de-onibus-tem-direito-a-horas-extras-entenda-o-que-diz-a-clt\/#breadcrumb"},"inLanguage":"pt-BR","potentialAction":[{"@type":"ReadAction","target":["https:\/\/carvalhoadvogado.aliamkt.com\/index.php\/2025\/10\/24\/motorista-de-onibus-tem-direito-a-horas-extras-entenda-o-que-diz-a-clt\/"]}]},{"@type":"ImageObject","inLanguage":"pt-BR","@id":"https:\/\/carvalhoadvogado.aliamkt.com\/index.php\/2025\/10\/24\/motorista-de-onibus-tem-direito-a-horas-extras-entenda-o-que-diz-a-clt\/#primaryimage","url":"https:\/\/carvalhoadvogado.aliamkt.com\/wp-content\/uploads\/2025\/10\/advogado-trabalhista-no-Eldorado.jpg","contentUrl":"https:\/\/carvalhoadvogado.aliamkt.com\/wp-content\/uploads\/2025\/10\/advogado-trabalhista-no-Eldorado.jpg","width":1200,"height":799},{"@type":"BreadcrumbList","@id":"https:\/\/carvalhoadvogado.aliamkt.com\/index.php\/2025\/10\/24\/motorista-de-onibus-tem-direito-a-horas-extras-entenda-o-que-diz-a-clt\/#breadcrumb","itemListElement":[{"@type":"ListItem","position":1,"name":"In\u00edcio","item":"https:\/\/carvalhoadvogado.aliamkt.com\/"},{"@type":"ListItem","position":2,"name":"Motorista de \u00d4nibus tem Direito a Horas Extras? Entenda o que diz a CLT"}]},{"@type":"WebSite","@id":"https:\/\/carvalhoadvogado.aliamkt.com\/#website","url":"https:\/\/carvalhoadvogado.aliamkt.com\/","name":"Pedro Carvalho Advogado","description":"Advogado Trabalhista","publisher":{"@id":"https:\/\/carvalhoadvogado.aliamkt.com\/#organization"},"potentialAction":[{"@type":"SearchAction","target":{"@type":"EntryPoint","urlTemplate":"https:\/\/carvalhoadvogado.aliamkt.com\/?s={search_term_string}"},"query-input":{"@type":"PropertyValueSpecification","valueRequired":true,"valueName":"search_term_string"}}],"inLanguage":"pt-BR"},{"@type":"Organization","@id":"https:\/\/carvalhoadvogado.aliamkt.com\/#organization","name":"Pedro Carvalho Advogado","url":"https:\/\/carvalhoadvogado.aliamkt.com\/","logo":{"@type":"ImageObject","inLanguage":"pt-BR","@id":"https:\/\/carvalhoadvogado.aliamkt.com\/#\/schema\/logo\/image\/","url":"https:\/\/carvalhoadvogado.aliamkt.com\/wp-content\/uploads\/2024\/06\/Logo-azul.png","contentUrl":"https:\/\/carvalhoadvogado.aliamkt.com\/wp-content\/uploads\/2024\/06\/Logo-azul.png","width":500,"height":500,"caption":"Pedro Carvalho Advogado"},"image":{"@id":"https:\/\/carvalhoadvogado.aliamkt.com\/#\/schema\/logo\/image\/"}},{"@type":"Person","@id":"https:\/\/carvalhoadvogado.aliamkt.com\/#\/schema\/person\/8f4d67ba57d6160ee802836a319bd8eb","name":"lailacarvalhoadv","image":{"@type":"ImageObject","inLanguage":"pt-BR","@id":"https:\/\/secure.gravatar.com\/avatar\/a60961139a792fb5ca701fab485f653a1b3cc37cf8dbd4937b4134105caf5369?s=96&d=mm&r=g","url":"https:\/\/secure.gravatar.com\/avatar\/a60961139a792fb5ca701fab485f653a1b3cc37cf8dbd4937b4134105caf5369?s=96&d=mm&r=g","contentUrl":"https:\/\/secure.gravatar.com\/avatar\/a60961139a792fb5ca701fab485f653a1b3cc37cf8dbd4937b4134105caf5369?s=96&d=mm&r=g","caption":"lailacarvalhoadv"},"sameAs":["https:\/\/carvalhoadvogado.aliamkt.com"],"url":"https:\/\/carvalhoadvogado.aliamkt.com\/index.php\/author\/lailacarvalhoadv\/"}]}},"_links":{"self":[{"href":"https:\/\/carvalhoadvogado.aliamkt.com\/index.php\/wp-json\/wp\/v2\/posts\/1402","targetHints":{"allow":["GET"]}}],"collection":[{"href":"https:\/\/carvalhoadvogado.aliamkt.com\/index.php\/wp-json\/wp\/v2\/posts"}],"about":[{"href":"https:\/\/carvalhoadvogado.aliamkt.com\/index.php\/wp-json\/wp\/v2\/types\/post"}],"author":[{"embeddable":true,"href":"https:\/\/carvalhoadvogado.aliamkt.com\/index.php\/wp-json\/wp\/v2\/users\/1"}],"replies":[{"embeddable":true,"href":"https:\/\/carvalhoadvogado.aliamkt.com\/index.php\/wp-json\/wp\/v2\/comments?post=1402"}],"version-history":[{"count":3,"href":"https:\/\/carvalhoadvogado.aliamkt.com\/index.php\/wp-json\/wp\/v2\/posts\/1402\/revisions"}],"predecessor-version":[{"id":1407,"href":"https:\/\/carvalhoadvogado.aliamkt.com\/index.php\/wp-json\/wp\/v2\/posts\/1402\/revisions\/1407"}],"wp:featuredmedia":[{"embeddable":true,"href":"https:\/\/carvalhoadvogado.aliamkt.com\/index.php\/wp-json\/wp\/v2\/media\/1404"}],"wp:attachment":[{"href":"https:\/\/carvalhoadvogado.aliamkt.com\/index.php\/wp-json\/wp\/v2\/media?parent=1402"}],"wp:term":[{"taxonomy":"category","embeddable":true,"href":"https:\/\/carvalhoadvogado.aliamkt.com\/index.php\/wp-json\/wp\/v2\/categories?post=1402"},{"taxonomy":"post_tag","embeddable":true,"href":"https:\/\/carvalhoadvogado.aliamkt.com\/index.php\/wp-json\/wp\/v2\/tags?post=1402"}],"curies":[{"name":"wp","href":"https:\/\/api.w.org\/{rel}","templated":true}]}}