{"id":1408,"date":"2025-10-27T09:53:05","date_gmt":"2025-10-27T12:53:05","guid":{"rendered":"https:\/\/carvalhoadvogado.aliamkt.com\/?p=1408"},"modified":"2025-10-27T09:53:05","modified_gmt":"2025-10-27T12:53:05","slug":"posso-reverter-uma-demissao-por-justa-causa-entenda-seus-direitos","status":"publish","type":"post","link":"https:\/\/carvalhoadvogado.aliamkt.com\/index.php\/2025\/10\/27\/posso-reverter-uma-demissao-por-justa-causa-entenda-seus-direitos\/","title":{"rendered":"Posso Reverter uma Demiss\u00e3o por Justa Causa? Entenda Seus Direitos"},"content":{"rendered":"<h2><b>Introdu\u00e7\u00e3o: Quando a empresa acusa injustamente o trabalhador<\/b><\/h2>\n<p><span style=\"font-weight: 400;\">Ser demitido por justa causa \u00e9 uma das <\/span><b>situa\u00e7\u00f5es mais duras e traum\u00e1ticas<\/b><span style=\"font-weight: 400;\"> na vida profissional de qualquer trabalhador. Al\u00e9m de perder o emprego de forma imediata, o profissional carrega uma <\/span><b>marca negativa<\/b><span style=\"font-weight: 400;\"> que pode dificultar novas oportunidades.<\/span><\/p>\n<p><span style=\"font-weight: 400;\">No entanto, \u00e9 importante destacar que <\/span><b>nem toda justa causa \u00e9 v\u00e1lida<\/b><span style=\"font-weight: 400;\">. Em muitos casos, a empresa <\/span><b>exagera na puni\u00e7\u00e3o<\/b><span style=\"font-weight: 400;\"> ou <\/span><b>n\u00e3o apresenta provas concretas<\/b><span style=\"font-weight: 400;\">.<\/span><span style=\"font-weight: 400;\"><br \/>\n<\/span><span style=\"font-weight: 400;\"> Assim, \u00e9 totalmente poss\u00edvel <\/span><b>questionar e reverter a demiss\u00e3o na Justi\u00e7a do Trabalho<\/b><span style=\"font-weight: 400;\">.<\/span><\/p>\n<p><span style=\"font-weight: 400;\">Por conseguinte, se voc\u00ea acredita que foi acusado injustamente, continue lendo. A seguir, voc\u00ea vai entender <\/span><b>quando \u00e9 poss\u00edvel reverter a justa causa<\/b><span style=\"font-weight: 400;\">, <\/span><b>como funciona o processo judicial<\/b><span style=\"font-weight: 400;\"> e <\/span><b>quais s\u00e3o os seus direitos<\/b><span style=\"font-weight: 400;\">.<\/span><\/p>\n<h2><b>O que \u00e9 demiss\u00e3o por justa causa (e por que \u00e9 t\u00e3o grave)<\/b><\/h2>\n<p><span style=\"font-weight: 400;\">A <\/span><b>demiss\u00e3o por justa causa<\/b><span style=\"font-weight: 400;\"> ocorre quando o empregador alega que o empregado cometeu uma <\/span><b>falta grave<\/b><span style=\"font-weight: 400;\">, conforme o artigo 482 da CLT.<\/span><span style=\"font-weight: 400;\"><br \/>\n<\/span><span style=\"font-weight: 400;\"> Entre as hip\u00f3teses mais comuns est\u00e3o atos de desonestidade, indisciplina, insubordina\u00e7\u00e3o, abandono de emprego, embriaguez habitual e viola\u00e7\u00e3o das regras internas.<\/span><\/p>\n<p><span style=\"font-weight: 400;\">Entretanto, esse tipo de demiss\u00e3o \u00e9 considerado a <\/span><b>pena m\u00e1xima da rela\u00e7\u00e3o de trabalho<\/b><span style=\"font-weight: 400;\">. Por isso, ela deve ser <\/span><b>aplicada com extrema cautela<\/b><span style=\"font-weight: 400;\">.<\/span><span style=\"font-weight: 400;\"><br \/>\n<\/span><span style=\"font-weight: 400;\"> Caso contr\u00e1rio, o trabalhador pode sofrer injustamente uma puni\u00e7\u00e3o que <\/span><b>retira quase todos os seus direitos<\/b><span style=\"font-weight: 400;\">, como:<\/span><\/p>\n<ul>\n<li style=\"font-weight: 400;\" aria-level=\"1\"><span style=\"font-weight: 400;\">Aviso pr\u00e9vio;<\/span><span style=\"font-weight: 400;\">\n<p><\/span><\/li>\n<li style=\"font-weight: 400;\" aria-level=\"1\"><span style=\"font-weight: 400;\">13\u00ba sal\u00e1rio proporcional;<\/span><span style=\"font-weight: 400;\">\n<p><\/span><\/li>\n<li style=\"font-weight: 400;\" aria-level=\"1\"><span style=\"font-weight: 400;\">F\u00e9rias proporcionais acrescidas de 1\/3;<\/span><span style=\"font-weight: 400;\">\n<p><\/span><\/li>\n<li style=\"font-weight: 400;\" aria-level=\"1\"><span style=\"font-weight: 400;\">Multa de 40% do FGTS;<\/span><span style=\"font-weight: 400;\">\n<p><\/span><\/li>\n<li style=\"font-weight: 400;\" aria-level=\"1\"><span style=\"font-weight: 400;\">Direito ao saque do FGTS e ao seguro-desemprego.<\/span><span style=\"font-weight: 400;\">\n<p><\/span><\/li>\n<\/ul>\n<p><span style=\"font-weight: 400;\">Al\u00e9m disso, a empresa precisa <\/span><b>comprovar os fatos com provas robustas<\/b><span style=\"font-weight: 400;\">.<\/span><span style=\"font-weight: 400;\"><br \/>\n<\/span><span style=\"font-weight: 400;\">Do contr\u00e1rio, a demiss\u00e3o pode ser <\/span><b>revertida judicialmente<\/b><span style=\"font-weight: 400;\">, restabelecendo todos os direitos do empregado.<\/span><\/p>\n<h2><b>Quando \u00e9 poss\u00edvel reverter a demiss\u00e3o por justa causa<\/b><\/h2>\n<p><span style=\"font-weight: 400;\">De modo geral, a revers\u00e3o \u00e9 poss\u00edvel <\/span><b>sempre que a empresa age de forma precipitada, injusta ou desproporcional<\/b><span style=\"font-weight: 400;\">.<\/span><span style=\"font-weight: 400;\"><\/p>\n<p><\/span><\/p>\n<p><span style=\"font-weight: 400;\">A seguir, conhe\u00e7a as situa\u00e7\u00f5es mais comuns em que o trabalhador consegue reverter a demiss\u00e3o:<\/span><\/p>\n<h3><b>1. Falta de provas concretas<\/b><\/h3>\n<p><span style=\"font-weight: 400;\">Quando o empregador <\/span><b>n\u00e3o apresenta provas convincentes<\/b><span style=\"font-weight: 400;\">, a Justi\u00e7a entende que a puni\u00e7\u00e3o \u00e9 inv\u00e1lida.<\/span><span style=\"font-weight: 400;\"><\/p>\n<p><\/span><\/p>\n<p><span style=\"font-weight: 400;\">Portanto, se a empresa n\u00e3o tiver documentos, testemunhas ou registros adequados, <\/span><b>a justa causa pode ser anulada<\/b><span style=\"font-weight: 400;\">.<\/span><\/p>\n<h3><b>2. Puni\u00e7\u00e3o desproporcional<\/b><\/h3>\n<p><span style=\"font-weight: 400;\">Al\u00e9m disso, se o erro cometido for leve e a empresa aplicar a penalidade mais severa poss\u00edvel, <\/span><b>h\u00e1 abuso evidente<\/b><span style=\"font-weight: 400;\">.<\/span><span style=\"font-weight: 400;\"><\/p>\n<p><\/span><\/p>\n<p><span style=\"font-weight: 400;\">Dessa forma, o juiz pode converter a justa causa em <\/span><b>demiss\u00e3o sem justa causa<\/b><span style=\"font-weight: 400;\">, garantindo todos os direitos ao trabalhador.<\/span><\/p>\n<h3><b>Aus\u00eancia de advert\u00eancia ou suspens\u00e3o pr\u00e9via<\/b><\/h3>\n<p><span style=\"font-weight: 400;\">Por outro lado, \u00e9 comum que o empregador <\/span><b>nunca tenha aplicado advert\u00eancias anteriores<\/b><span style=\"font-weight: 400;\">.<\/span><span style=\"font-weight: 400;\"><\/p>\n<p><\/span><\/p>\n<p><span style=\"font-weight: 400;\">Nessas situa\u00e7\u00f5es, a Justi\u00e7a entende que a demiss\u00e3o direta \u00e9 <\/span><b>exagerada e precipitada<\/b><span style=\"font-weight: 400;\">, pois <\/span><b>a justa causa deve ser a \u00faltima medida<\/b><span style=\"font-weight: 400;\">.<\/span><\/p>\n<h3><b>4. Retalia\u00e7\u00e3o, persegui\u00e7\u00e3o ou ass\u00e9dio moral<\/b><\/h3>\n<p><img fetchpriority=\"high\" decoding=\"async\" class=\"alignnone size-medium wp-image-1410\" src=\"https:\/\/carvalhoadvogado.aliamkt.com\/wp-content\/uploads\/2025\/10\/advogado-trabalhista-no-barreiro-1-300x200.jpg\" alt=\"\" width=\"300\" height=\"200\" srcset=\"https:\/\/carvalhoadvogado.aliamkt.com\/wp-content\/uploads\/2025\/10\/advogado-trabalhista-no-barreiro-1-300x200.jpg 300w, https:\/\/carvalhoadvogado.aliamkt.com\/wp-content\/uploads\/2025\/10\/advogado-trabalhista-no-barreiro-1-600x400.jpg 600w, https:\/\/carvalhoadvogado.aliamkt.com\/wp-content\/uploads\/2025\/10\/advogado-trabalhista-no-barreiro-1.jpg 768w\" sizes=\"(max-width: 300px) 100vw, 300px\" \/><\/p>\n<p><span style=\"font-weight: 400;\">Em alguns casos, a demiss\u00e3o \u00e9 uma forma de <\/span><b>retalia\u00e7\u00e3o disfar\u00e7ada<\/b><span style=\"font-weight: 400;\">, especialmente quando o trabalhador faz reclama\u00e7\u00f5es internas ou denuncia irregularidades.<\/span><span style=\"font-weight: 400;\"><\/p>\n<p><\/span><\/p>\n<p><span style=\"font-weight: 400;\">Consequentemente, se houver ind\u00edcios de <\/span><b>ass\u00e9dio ou persegui\u00e7\u00e3o<\/b><span style=\"font-weight: 400;\">, a revers\u00e3o \u00e9 quase certa.<\/span><\/p>\n<h3><b>5. Motivo n\u00e3o previsto em lei<\/b><\/h3>\n<p><span style=\"font-weight: 400;\">Por fim, se o motivo alegado <\/span><b>n\u00e3o estiver entre as hip\u00f3teses legais da CLT<\/b><span style=\"font-weight: 400;\">, a demiss\u00e3o \u00e9 <\/span><b>nula e abusiva<\/b><span style=\"font-weight: 400;\">.<\/span><span style=\"font-weight: 400;\"><br \/>\n<\/span><span style=\"font-weight: 400;\"> Assim, o juiz declara a justa causa inv\u00e1lida e restabelece todos os direitos do trabalhador.<\/span><\/p>\n<h2><b>O que acontece quando a justa causa \u00e9 revertida<\/b><\/h2>\n<p><span style=\"font-weight: 400;\">Quando a Justi\u00e7a reconhece que a empresa errou, a demiss\u00e3o \u00e9 <\/span><b>convertida em dispensa sem justa causa<\/b><span style=\"font-weight: 400;\">.<\/span><span style=\"font-weight: 400;\"><\/p>\n<p><\/span><\/p>\n<p><span style=\"font-weight: 400;\">Consequentemente, o trabalhador <\/span><b>recupera tudo o que havia perdido<\/b><span style=\"font-weight: 400;\">, inclusive os valores que deixaram de ser pagos.<\/span><\/p>\n<p><span style=\"font-weight: 400;\">Veja o que voc\u00ea volta a receber:<\/span><\/p>\n<p><span style=\"font-weight: 400;\">\u2705 Aviso pr\u00e9vio indenizado;<\/span><span style=\"font-weight: 400;\"><br \/>\n<\/span><span style=\"font-weight: 400;\"> \u2705 F\u00e9rias proporcionais + 1\/3;<\/span><span style=\"font-weight: 400;\"><br \/>\n<\/span><span style=\"font-weight: 400;\"> \u2705 13\u00ba sal\u00e1rio proporcional;<\/span><span style=\"font-weight: 400;\"><br \/>\n<\/span><span style=\"font-weight: 400;\"> \u2705 Saque do FGTS + multa de 40%;<\/span><span style=\"font-weight: 400;\"><br \/>\n<\/span><span style=\"font-weight: 400;\"> \u2705 Direito ao seguro-desemprego;<\/span><span style=\"font-weight: 400;\"><br \/>\n<\/span><span style=\"font-weight: 400;\"> \u2705 Indeniza\u00e7\u00e3o por danos morais, se houver abuso.<\/span><\/p>\n<p><span style=\"font-weight: 400;\">Al\u00e9m disso, a empresa deve <\/span><b>corrigir a carteira de trabalho<\/b><span style=\"font-weight: 400;\">, removendo qualquer refer\u00eancia \u00e0 justa causa.<\/span><span style=\"font-weight: 400;\"><\/p>\n<p><\/span><\/p>\n<p><span style=\"font-weight: 400;\">Dessa forma, o empregado volta a ter o <\/span><b>hist\u00f3rico limpo e sem preju\u00edzos \u00e0 reputa\u00e7\u00e3o profissional<\/b><span style=\"font-weight: 400;\">.<\/span><\/p>\n<h2><b>Como funciona a a\u00e7\u00e3o de revers\u00e3o da justa causa<\/b><\/h2>\n<p><span style=\"font-weight: 400;\">Para reverter a demiss\u00e3o, \u00e9 necess\u00e1rio entrar com uma <\/span><b>a\u00e7\u00e3o trabalhista<\/b><span style=\"font-weight: 400;\"> com o apoio de um <\/span><b>advogado especializado<\/b><span style=\"font-weight: 400;\">.<\/span><span style=\"font-weight: 400;\"><\/p>\n<p><\/span><\/p>\n<p><span style=\"font-weight: 400;\">Esse profissional ser\u00e1 respons\u00e1vel por <\/span><b>reunir provas, elaborar a peti\u00e7\u00e3o inicial e conduzir o processo<\/b><span style=\"font-weight: 400;\">.<\/span><\/p>\n<p><span style=\"font-weight: 400;\">De maneira geral, o procedimento inclui:<\/span><\/p>\n<ol>\n<li style=\"font-weight: 400;\" aria-level=\"1\"><span style=\"font-weight: 400;\">An\u00e1lise dos documentos da demiss\u00e3o;<\/span><span style=\"font-weight: 400;\">\n<p><\/span><\/li>\n<li style=\"font-weight: 400;\" aria-level=\"1\"><span style=\"font-weight: 400;\">Coleta de provas que comprovem o abuso ou erro da empresa;<\/span><span style=\"font-weight: 400;\">\n<p><\/span><\/li>\n<li style=\"font-weight: 400;\" aria-level=\"1\"><span style=\"font-weight: 400;\">Ajuizamento da a\u00e7\u00e3o pedindo a revers\u00e3o da justa causa;<\/span><span style=\"font-weight: 400;\">\n<p><\/span><\/li>\n<li style=\"font-weight: 400;\" aria-level=\"1\"><span style=\"font-weight: 400;\">Solicita\u00e7\u00e3o do pagamento das verbas rescis\u00f3rias e, se for o caso, indeniza\u00e7\u00e3o por danos morais.<\/span><span style=\"font-weight: 400;\">\n<p><\/span><\/li>\n<\/ol>\n<p><span style=\"font-weight: 400;\">Al\u00e9m disso, \u00e9 essencial respeitar o <\/span><b>prazo de at\u00e9 dois anos ap\u00f3s a demiss\u00e3o<\/b><span style=\"font-weight: 400;\"> para ingressar com a a\u00e7\u00e3o.<\/span><span style=\"font-weight: 400;\"><\/p>\n<p><\/span><\/p>\n<p><span style=\"font-weight: 400;\">Depois desse per\u00edodo, o trabalhador <\/span><b>perde o direito de reclamar judicialmente<\/b><span style=\"font-weight: 400;\">.<\/span><\/p>\n<p><span style=\"font-weight: 400;\">Portanto, <\/span><b>quanto mais r\u00e1pido procurar orienta\u00e7\u00e3o, maiores as chances de sucesso<\/b><span style=\"font-weight: 400;\">.<\/span><\/p>\n<h2><b>Provas que fortalecem o pedido de revers\u00e3o<\/b><\/h2>\n<p><span style=\"font-weight: 400;\">As provas s\u00e3o fundamentais para convencer o juiz.<\/span><span style=\"font-weight: 400;\"><br \/>\n<\/span><span style=\"font-weight: 400;\"> Quanto mais evid\u00eancias o trabalhador apresentar, <\/span><b>maiores ser\u00e3o as chances de vit\u00f3ria<\/b><span style=\"font-weight: 400;\">.<\/span><\/p>\n<p><span style=\"font-weight: 400;\">Entre as principais provas est\u00e3o:<\/span><\/p>\n<ul>\n<li style=\"font-weight: 400;\" aria-level=\"1\"><span style=\"font-weight: 400;\">Prints de conversas com supervisores;<\/span><span style=\"font-weight: 400;\">\n<p><\/span><\/li>\n<li style=\"font-weight: 400;\" aria-level=\"1\"><span style=\"font-weight: 400;\">E-mails corporativos e relat\u00f3rios;<\/span><span style=\"font-weight: 400;\">\n<p><\/span><\/li>\n<li style=\"font-weight: 400;\" aria-level=\"1\"><span style=\"font-weight: 400;\">Depoimentos de colegas de trabalho;<\/span><span style=\"font-weight: 400;\">\n<p><\/span><\/li>\n<li style=\"font-weight: 400;\" aria-level=\"1\"><span style=\"font-weight: 400;\">Advert\u00eancias incoerentes ou sem explica\u00e7\u00e3o;<\/span><span style=\"font-weight: 400;\">\n<p><\/span><\/li>\n<li style=\"font-weight: 400;\" aria-level=\"1\"><span style=\"font-weight: 400;\">V\u00eddeos, \u00e1udios e registros do ambiente laboral.<\/span><span style=\"font-weight: 400;\">\n<p><\/span><\/li>\n<\/ul>\n<p><span style=\"font-weight: 400;\">Al\u00e9m disso, \u00e9 importante guardar tudo desde o in\u00edcio do conflito.<\/span><span style=\"font-weight: 400;\"><\/p>\n<p><\/span><\/p>\n<p><span style=\"font-weight: 400;\">Afinal, essas provas podem <\/span><b>demonstrar abuso de poder, persegui\u00e7\u00e3o ou aus\u00eancia de motivo real<\/b><span style=\"font-weight: 400;\">.<\/span><\/p>\n<h2><b>Cuidado com o que voc\u00ea assina na rescis\u00e3o<\/b><\/h2>\n<p><span style=\"font-weight: 400;\">Muitos trabalhadores, por medo ou desespero, acabam <\/span><b>assinando documentos sem ler<\/b><span style=\"font-weight: 400;\">.<\/span><span style=\"font-weight: 400;\"><\/p>\n<p><\/span><\/p>\n<p><span style=\"font-weight: 400;\">Entretanto, \u00e9 essencial compreender que <\/span><b>nenhum papel pode anular seus direitos legais<\/b><span style=\"font-weight: 400;\">.<\/span><\/p>\n<p><span style=\"font-weight: 400;\">Se voc\u00ea foi pressionado, amea\u00e7ado ou induzido ao erro, <\/span><b>o documento pode ser anulado<\/b><span style=\"font-weight: 400;\">.<\/span><span style=\"font-weight: 400;\"><\/p>\n<p><\/span><\/p>\n<p><span style=\"font-weight: 400;\">Por isso, antes de assinar qualquer termo, <\/span><b>consulte um advogado trabalhista de confian\u00e7a<\/b><span style=\"font-weight: 400;\">.<\/span><\/p>\n<p><span style=\"font-weight: 400;\">Al\u00e9m disso, nunca aceite declara\u00e7\u00f5es prontas ou confiss\u00f5es sem an\u00e1lise pr\u00e9via.<\/span><span style=\"font-weight: 400;\"><br \/>\n<\/span><span style=\"font-weight: 400;\">Assim, voc\u00ea evita cair em armadilhas que beneficiam apenas a empresa.<\/span><\/p>\n<h2><b>Justa causa indevida \u00e9 mais comum do que parece<\/b><\/h2>\n<p><span style=\"font-weight: 400;\">Infelizmente, diversas empresas aplicam justa causa <\/span><b>para n\u00e3o pagar as verbas rescis\u00f3rias<\/b><span style=\"font-weight: 400;\">.<\/span><span style=\"font-weight: 400;\"><\/p>\n<p><\/span><\/p>\n<p><span style=\"font-weight: 400;\">Contudo, os tribunais trabalhistas t\u00eam sido firmes em <\/span><b>punir essas pr\u00e1ticas abusivas<\/b><span style=\"font-weight: 400;\">.<\/span><\/p>\n<p><span style=\"font-weight: 400;\">Al\u00e9m disso, os ju\u00edzes t\u00eam reconhecido que <\/span><b>a dignidade do trabalhador \u00e9 um valor constitucional<\/b><span style=\"font-weight: 400;\">, e, portanto, deve ser protegida a todo custo.<\/span><\/p>\n<p><span style=\"font-weight: 400;\">Em resumo, <\/span><b>se a empresa agiu sem provas ou de forma desrespeitosa<\/b><span style=\"font-weight: 400;\">, a revers\u00e3o \u00e9 plenamente poss\u00edvel.<\/span><\/p>\n<h2><b>Quando procurar um advogado trabalhista<\/b><\/h2>\n<p><span style=\"font-weight: 400;\">Se voc\u00ea foi demitido e acredita que a decis\u00e3o foi injusta, <\/span><b>procure um advogado trabalhista em Contagem o quanto antes<\/b><span style=\"font-weight: 400;\">.<\/span><span style=\"font-weight: 400;\"><\/p>\n<p><\/span><\/p>\n<p><span style=\"font-weight: 400;\">Afinal, o tempo \u00e9 um fator decisivo para o sucesso da a\u00e7\u00e3o.<\/span><\/p>\n<p><span style=\"font-weight: 400;\">Um profissional especializado poder\u00e1:<\/span><\/p>\n<ul>\n<li style=\"font-weight: 400;\" aria-level=\"1\"><span style=\"font-weight: 400;\">Avaliar as provas dispon\u00edveis;<\/span><span style=\"font-weight: 400;\">\n<p><\/span><\/li>\n<li style=\"font-weight: 400;\" aria-level=\"1\"><span style=\"font-weight: 400;\">Calcular o valor das verbas devidas;<\/span><span style=\"font-weight: 400;\">\n<p><\/span><\/li>\n<li style=\"font-weight: 400;\" aria-level=\"1\"><span style=\"font-weight: 400;\">Montar uma estrat\u00e9gia personalizada;<\/span><span style=\"font-weight: 400;\">\n<p><\/span><\/li>\n<li style=\"font-weight: 400;\" aria-level=\"1\"><span style=\"font-weight: 400;\">Acompanhar o processo at\u00e9 a senten\u00e7a final.<\/span><span style=\"font-weight: 400;\">\n<p><\/span><\/li>\n<\/ul>\n<p><span style=\"font-weight: 400;\">Al\u00e9m disso, o advogado poder\u00e1 <\/span><b>identificar outros direitos<\/b><span style=\"font-weight: 400;\"> violados e incluir todos no mesmo processo.<\/span><span style=\"font-weight: 400;\"><\/p>\n<p><\/span><\/p>\n<p><span style=\"font-weight: 400;\">Assim, voc\u00ea garante <\/span><b>uma repara\u00e7\u00e3o completa<\/b><span style=\"font-weight: 400;\">.<\/span><\/p>\n<h2><b>\ud83d\udd17 Leia tamb\u00e9m<\/b><\/h2>\n<p><span style=\"font-weight: 400;\">leia tamb\u00e9m nosso artigo completo sobre: <\/span><a href=\"https:\/\/carvalhoadvogado.aliamkt.com\/index.php\/2025\/10\/23\/motorista-entregador-moto-carro-e-caminhao-seus-direitos-trabalhistas-sobre-horas-extras-periculosidade-e-acidente-de-trabalho\/\"><span style=\"font-weight: 400;\">Motorista\/Entregador (moto, carro e caminh\u00e3o): seus direitos trabalhistas sobre horas extras, periculosidade e acidente de trabalho<\/span><\/a><\/p>\n<p>&nbsp;<\/p>\n<h2><b>Conclus\u00e3o: N\u00e3o aceite uma acusa\u00e7\u00e3o injusta!<\/b><\/h2>\n<p><span style=\"font-weight: 400;\">Ser acusado injustamente \u00e9 doloroso, mas <\/span><b>a Justi\u00e7a do Trabalho existe exatamente para corrigir erros e abusos<\/b><span style=\"font-weight: 400;\">.<\/span><span style=\"font-weight: 400;\"><\/p>\n<p><\/span><\/p>\n<p><span style=\"font-weight: 400;\">Portanto, <\/span><b>n\u00e3o aceite calado<\/b><span style=\"font-weight: 400;\"> uma demiss\u00e3o por justa causa que voc\u00ea considera indevida.<\/span><\/p>\n<p><span style=\"font-weight: 400;\">Procure ajuda o quanto antes. Um <\/span><b>advogado trabalhista experiente<\/b><span style=\"font-weight: 400;\"> poder\u00e1 <\/span><b>analisar seu caso com aten\u00e7\u00e3o<\/b><span style=\"font-weight: 400;\">, <\/span><b>reunir provas<\/b><span style=\"font-weight: 400;\"> e <\/span><b>lutar para reverter a decis\u00e3o da empresa<\/b><span style=\"font-weight: 400;\">.<\/span><\/p>\n<p><span style=\"font-weight: 400;\">Dessa forma, voc\u00ea pode <\/span><b>limpar seu nome, recuperar seus direitos e retomar sua dignidade profissional<\/b><span style=\"font-weight: 400;\">.<\/span><\/p>\n<p><b>Fale agora com um advogado trabalhista em Contagem<\/b><span style=\"font-weight: 400;\"> e descubra se \u00e9 poss\u00edvel <\/span><b>reverter sua justa causa e receber tudo o que \u00e9 seu por direito!<\/b><\/p>\n<p>&nbsp;<\/p>\n<p><a href=\"https:\/\/wa.me\/5531975283687\"><b>Entre em contato agora com um advogado trabalhista e saiba como garantir o que \u00e9 seu por lei!<\/b><\/a><\/p>\n<p><b>Fale com o Dr. Pedro Carvalho!<\/b><\/p>\n<p><b>Clique no bot\u00e3o abaixo e obtenha a orienta\u00e7\u00e3o jur\u00eddica que voc\u00ea precisa para resolver suas quest\u00f5es com seguran\u00e7a e confian\u00e7a.\u00a0<\/b><\/p>\n<p><a href=\"https:\/\/wa.me\/5531975283687\"><b>Fale comigo agora mesmo<\/b><\/a><\/p>\n<p><b>Siga-nos na rede social, @pedroncarvalhoadv, e fique por dentro das \u00faltimas novidades!<\/b><\/p>\n","protected":false},"excerpt":{"rendered":"<p>Introdu\u00e7\u00e3o: Quando a empresa acusa injustamente o trabalhador Ser demitido por justa causa \u00e9 uma das situa\u00e7\u00f5es mais duras e traum\u00e1ticas na vida profissional de qualquer trabalhador. Al\u00e9m de perder o emprego de forma imediata, o profissional carrega uma marca negativa que pode dificultar novas oportunidades. No entanto, \u00e9 importante destacar que nem toda justa [&hellip;]<\/p>\n","protected":false},"author":1,"featured_media":1409,"comment_status":"open","ping_status":"open","sticky":false,"template":"","format":"standard","meta":{"_joinchat":[],"footnotes":""},"categories":[6],"tags":[],"class_list":["post-1408","post","type-post","status-publish","format-standard","has-post-thumbnail","hentry","category-direito-trabalhista"],"yoast_head":"<!-- This site is optimized with the Yoast SEO plugin v27.5 - https:\/\/yoast.com\/product\/yoast-seo-wordpress\/ -->\n<title>Posso Reverter uma Demiss\u00e3o por Justa Causa? Entenda Seus Direitos - Pedro Carvalho Advogado Trabalhista<\/title>\n<meta name=\"description\" content=\"Foi demitido por justa causa e acha que foi injusto? Descubra quando \u00e9 poss\u00edvel pedir a revers\u00e3o de justa causa, recuperar seus direitos e limpar seu nome com a ajuda de um advogado trabalhista em Contagem. Clique e saiba como agir agora!\" \/>\n<meta name=\"robots\" content=\"index, follow, max-snippet:-1, max-image-preview:large, max-video-preview:-1\" \/>\n<link rel=\"canonical\" href=\"https:\/\/carvalhoadvogado.aliamkt.com\/index.php\/2025\/10\/27\/posso-reverter-uma-demissao-por-justa-causa-entenda-seus-direitos\/\" \/>\n<meta property=\"og:locale\" content=\"pt_BR\" \/>\n<meta property=\"og:type\" content=\"article\" \/>\n<meta property=\"og:title\" content=\"Posso Reverter uma Demiss\u00e3o por Justa Causa? Entenda Seus Direitos - Pedro Carvalho Advogado Trabalhista\" \/>\n<meta property=\"og:description\" content=\"Foi demitido por justa causa e acha que foi injusto? Descubra quando \u00e9 poss\u00edvel pedir a revers\u00e3o de justa causa, recuperar seus direitos e limpar seu nome com a ajuda de um advogado trabalhista em Contagem. Clique e saiba como agir agora!\" \/>\n<meta property=\"og:url\" content=\"https:\/\/carvalhoadvogado.aliamkt.com\/index.php\/2025\/10\/27\/posso-reverter-uma-demissao-por-justa-causa-entenda-seus-direitos\/\" \/>\n<meta property=\"og:site_name\" content=\"Pedro Carvalho Advogado Trabalhista\" \/>\n<meta property=\"article:published_time\" content=\"2025-10-27T12:53:05+00:00\" \/>\n<meta property=\"og:image\" content=\"https:\/\/carvalhoadvogado.aliamkt.com\/wp-content\/uploads\/2025\/10\/advocacia-trabalhista-em-nova-contagem.jpg\" \/>\n\t<meta property=\"og:image:width\" content=\"1200\" \/>\n\t<meta property=\"og:image:height\" content=\"800\" \/>\n\t<meta property=\"og:image:type\" content=\"image\/jpeg\" \/>\n<meta name=\"author\" content=\"lailacarvalhoadv\" \/>\n<meta name=\"twitter:card\" content=\"summary_large_image\" \/>\n<meta name=\"twitter:label1\" content=\"Escrito por\" \/>\n\t<meta name=\"twitter:data1\" content=\"lailacarvalhoadv\" \/>\n\t<meta name=\"twitter:label2\" content=\"Est. tempo de leitura\" \/>\n\t<meta name=\"twitter:data2\" content=\"8 minutos\" \/>\n<script type=\"application\/ld+json\" class=\"yoast-schema-graph\">{\"@context\":\"https:\\\/\\\/schema.org\",\"@graph\":[{\"@type\":\"Article\",\"@id\":\"https:\\\/\\\/carvalhoadvogado.aliamkt.com\\\/index.php\\\/2025\\\/10\\\/27\\\/posso-reverter-uma-demissao-por-justa-causa-entenda-seus-direitos\\\/#article\",\"isPartOf\":{\"@id\":\"https:\\\/\\\/carvalhoadvogado.aliamkt.com\\\/index.php\\\/2025\\\/10\\\/27\\\/posso-reverter-uma-demissao-por-justa-causa-entenda-seus-direitos\\\/\"},\"author\":{\"name\":\"lailacarvalhoadv\",\"@id\":\"https:\\\/\\\/carvalhoadvogado.aliamkt.com\\\/#\\\/schema\\\/person\\\/8f4d67ba57d6160ee802836a319bd8eb\"},\"headline\":\"Posso Reverter uma Demiss\u00e3o por Justa Causa? Entenda Seus Direitos\",\"datePublished\":\"2025-10-27T12:53:05+00:00\",\"mainEntityOfPage\":{\"@id\":\"https:\\\/\\\/carvalhoadvogado.aliamkt.com\\\/index.php\\\/2025\\\/10\\\/27\\\/posso-reverter-uma-demissao-por-justa-causa-entenda-seus-direitos\\\/\"},\"wordCount\":1377,\"commentCount\":0,\"publisher\":{\"@id\":\"https:\\\/\\\/carvalhoadvogado.aliamkt.com\\\/#organization\"},\"image\":{\"@id\":\"https:\\\/\\\/carvalhoadvogado.aliamkt.com\\\/index.php\\\/2025\\\/10\\\/27\\\/posso-reverter-uma-demissao-por-justa-causa-entenda-seus-direitos\\\/#primaryimage\"},\"thumbnailUrl\":\"https:\\\/\\\/carvalhoadvogado.aliamkt.com\\\/wp-content\\\/uploads\\\/2025\\\/10\\\/advocacia-trabalhista-em-nova-contagem.jpg\",\"articleSection\":[\"Direito Trabalhista\"],\"inLanguage\":\"pt-BR\",\"potentialAction\":[{\"@type\":\"CommentAction\",\"name\":\"Comment\",\"target\":[\"https:\\\/\\\/carvalhoadvogado.aliamkt.com\\\/index.php\\\/2025\\\/10\\\/27\\\/posso-reverter-uma-demissao-por-justa-causa-entenda-seus-direitos\\\/#respond\"]}]},{\"@type\":\"WebPage\",\"@id\":\"https:\\\/\\\/carvalhoadvogado.aliamkt.com\\\/index.php\\\/2025\\\/10\\\/27\\\/posso-reverter-uma-demissao-por-justa-causa-entenda-seus-direitos\\\/\",\"url\":\"https:\\\/\\\/carvalhoadvogado.aliamkt.com\\\/index.php\\\/2025\\\/10\\\/27\\\/posso-reverter-uma-demissao-por-justa-causa-entenda-seus-direitos\\\/\",\"name\":\"Posso Reverter uma Demiss\u00e3o por Justa Causa? Entenda Seus Direitos - Pedro Carvalho Advogado Trabalhista\",\"isPartOf\":{\"@id\":\"https:\\\/\\\/carvalhoadvogado.aliamkt.com\\\/#website\"},\"primaryImageOfPage\":{\"@id\":\"https:\\\/\\\/carvalhoadvogado.aliamkt.com\\\/index.php\\\/2025\\\/10\\\/27\\\/posso-reverter-uma-demissao-por-justa-causa-entenda-seus-direitos\\\/#primaryimage\"},\"image\":{\"@id\":\"https:\\\/\\\/carvalhoadvogado.aliamkt.com\\\/index.php\\\/2025\\\/10\\\/27\\\/posso-reverter-uma-demissao-por-justa-causa-entenda-seus-direitos\\\/#primaryimage\"},\"thumbnailUrl\":\"https:\\\/\\\/carvalhoadvogado.aliamkt.com\\\/wp-content\\\/uploads\\\/2025\\\/10\\\/advocacia-trabalhista-em-nova-contagem.jpg\",\"datePublished\":\"2025-10-27T12:53:05+00:00\",\"description\":\"Foi demitido por justa causa e acha que foi injusto? Descubra quando \u00e9 poss\u00edvel pedir a revers\u00e3o de justa causa, recuperar seus direitos e limpar seu nome com a ajuda de um advogado trabalhista em Contagem. Clique e saiba como agir agora!\",\"breadcrumb\":{\"@id\":\"https:\\\/\\\/carvalhoadvogado.aliamkt.com\\\/index.php\\\/2025\\\/10\\\/27\\\/posso-reverter-uma-demissao-por-justa-causa-entenda-seus-direitos\\\/#breadcrumb\"},\"inLanguage\":\"pt-BR\",\"potentialAction\":[{\"@type\":\"ReadAction\",\"target\":[\"https:\\\/\\\/carvalhoadvogado.aliamkt.com\\\/index.php\\\/2025\\\/10\\\/27\\\/posso-reverter-uma-demissao-por-justa-causa-entenda-seus-direitos\\\/\"]}]},{\"@type\":\"ImageObject\",\"inLanguage\":\"pt-BR\",\"@id\":\"https:\\\/\\\/carvalhoadvogado.aliamkt.com\\\/index.php\\\/2025\\\/10\\\/27\\\/posso-reverter-uma-demissao-por-justa-causa-entenda-seus-direitos\\\/#primaryimage\",\"url\":\"https:\\\/\\\/carvalhoadvogado.aliamkt.com\\\/wp-content\\\/uploads\\\/2025\\\/10\\\/advocacia-trabalhista-em-nova-contagem.jpg\",\"contentUrl\":\"https:\\\/\\\/carvalhoadvogado.aliamkt.com\\\/wp-content\\\/uploads\\\/2025\\\/10\\\/advocacia-trabalhista-em-nova-contagem.jpg\",\"width\":1200,\"height\":800},{\"@type\":\"BreadcrumbList\",\"@id\":\"https:\\\/\\\/carvalhoadvogado.aliamkt.com\\\/index.php\\\/2025\\\/10\\\/27\\\/posso-reverter-uma-demissao-por-justa-causa-entenda-seus-direitos\\\/#breadcrumb\",\"itemListElement\":[{\"@type\":\"ListItem\",\"position\":1,\"name\":\"In\u00edcio\",\"item\":\"https:\\\/\\\/carvalhoadvogado.aliamkt.com\\\/\"},{\"@type\":\"ListItem\",\"position\":2,\"name\":\"Posso Reverter uma Demiss\u00e3o por Justa Causa? Entenda Seus Direitos\"}]},{\"@type\":\"WebSite\",\"@id\":\"https:\\\/\\\/carvalhoadvogado.aliamkt.com\\\/#website\",\"url\":\"https:\\\/\\\/carvalhoadvogado.aliamkt.com\\\/\",\"name\":\"Pedro Carvalho Advogado\",\"description\":\"Advogado Trabalhista\",\"publisher\":{\"@id\":\"https:\\\/\\\/carvalhoadvogado.aliamkt.com\\\/#organization\"},\"potentialAction\":[{\"@type\":\"SearchAction\",\"target\":{\"@type\":\"EntryPoint\",\"urlTemplate\":\"https:\\\/\\\/carvalhoadvogado.aliamkt.com\\\/?s={search_term_string}\"},\"query-input\":{\"@type\":\"PropertyValueSpecification\",\"valueRequired\":true,\"valueName\":\"search_term_string\"}}],\"inLanguage\":\"pt-BR\"},{\"@type\":\"Organization\",\"@id\":\"https:\\\/\\\/carvalhoadvogado.aliamkt.com\\\/#organization\",\"name\":\"Pedro Carvalho Advogado\",\"url\":\"https:\\\/\\\/carvalhoadvogado.aliamkt.com\\\/\",\"logo\":{\"@type\":\"ImageObject\",\"inLanguage\":\"pt-BR\",\"@id\":\"https:\\\/\\\/carvalhoadvogado.aliamkt.com\\\/#\\\/schema\\\/logo\\\/image\\\/\",\"url\":\"https:\\\/\\\/carvalhoadvogado.aliamkt.com\\\/wp-content\\\/uploads\\\/2024\\\/06\\\/Logo-azul.png\",\"contentUrl\":\"https:\\\/\\\/carvalhoadvogado.aliamkt.com\\\/wp-content\\\/uploads\\\/2024\\\/06\\\/Logo-azul.png\",\"width\":500,\"height\":500,\"caption\":\"Pedro Carvalho Advogado\"},\"image\":{\"@id\":\"https:\\\/\\\/carvalhoadvogado.aliamkt.com\\\/#\\\/schema\\\/logo\\\/image\\\/\"}},{\"@type\":\"Person\",\"@id\":\"https:\\\/\\\/carvalhoadvogado.aliamkt.com\\\/#\\\/schema\\\/person\\\/8f4d67ba57d6160ee802836a319bd8eb\",\"name\":\"lailacarvalhoadv\",\"image\":{\"@type\":\"ImageObject\",\"inLanguage\":\"pt-BR\",\"@id\":\"https:\\\/\\\/secure.gravatar.com\\\/avatar\\\/a60961139a792fb5ca701fab485f653a1b3cc37cf8dbd4937b4134105caf5369?s=96&d=mm&r=g\",\"url\":\"https:\\\/\\\/secure.gravatar.com\\\/avatar\\\/a60961139a792fb5ca701fab485f653a1b3cc37cf8dbd4937b4134105caf5369?s=96&d=mm&r=g\",\"contentUrl\":\"https:\\\/\\\/secure.gravatar.com\\\/avatar\\\/a60961139a792fb5ca701fab485f653a1b3cc37cf8dbd4937b4134105caf5369?s=96&d=mm&r=g\",\"caption\":\"lailacarvalhoadv\"},\"sameAs\":[\"https:\\\/\\\/carvalhoadvogado.aliamkt.com\"],\"url\":\"https:\\\/\\\/carvalhoadvogado.aliamkt.com\\\/index.php\\\/author\\\/lailacarvalhoadv\\\/\"}]}<\/script>\n<!-- \/ Yoast SEO plugin. -->","yoast_head_json":{"title":"Posso Reverter uma Demiss\u00e3o por Justa Causa? Entenda Seus Direitos - Pedro Carvalho Advogado Trabalhista","description":"Foi demitido por justa causa e acha que foi injusto? Descubra quando \u00e9 poss\u00edvel pedir a revers\u00e3o de justa causa, recuperar seus direitos e limpar seu nome com a ajuda de um advogado trabalhista em Contagem. Clique e saiba como agir agora!","robots":{"index":"index","follow":"follow","max-snippet":"max-snippet:-1","max-image-preview":"max-image-preview:large","max-video-preview":"max-video-preview:-1"},"canonical":"https:\/\/carvalhoadvogado.aliamkt.com\/index.php\/2025\/10\/27\/posso-reverter-uma-demissao-por-justa-causa-entenda-seus-direitos\/","og_locale":"pt_BR","og_type":"article","og_title":"Posso Reverter uma Demiss\u00e3o por Justa Causa? Entenda Seus Direitos - Pedro Carvalho Advogado Trabalhista","og_description":"Foi demitido por justa causa e acha que foi injusto? Descubra quando \u00e9 poss\u00edvel pedir a revers\u00e3o de justa causa, recuperar seus direitos e limpar seu nome com a ajuda de um advogado trabalhista em Contagem. Clique e saiba como agir agora!","og_url":"https:\/\/carvalhoadvogado.aliamkt.com\/index.php\/2025\/10\/27\/posso-reverter-uma-demissao-por-justa-causa-entenda-seus-direitos\/","og_site_name":"Pedro Carvalho Advogado Trabalhista","article_published_time":"2025-10-27T12:53:05+00:00","og_image":[{"width":1200,"height":800,"url":"https:\/\/carvalhoadvogado.aliamkt.com\/wp-content\/uploads\/2025\/10\/advocacia-trabalhista-em-nova-contagem.jpg","type":"image\/jpeg"}],"author":"lailacarvalhoadv","twitter_card":"summary_large_image","twitter_misc":{"Escrito por":"lailacarvalhoadv","Est. tempo de leitura":"8 minutos"},"schema":{"@context":"https:\/\/schema.org","@graph":[{"@type":"Article","@id":"https:\/\/carvalhoadvogado.aliamkt.com\/index.php\/2025\/10\/27\/posso-reverter-uma-demissao-por-justa-causa-entenda-seus-direitos\/#article","isPartOf":{"@id":"https:\/\/carvalhoadvogado.aliamkt.com\/index.php\/2025\/10\/27\/posso-reverter-uma-demissao-por-justa-causa-entenda-seus-direitos\/"},"author":{"name":"lailacarvalhoadv","@id":"https:\/\/carvalhoadvogado.aliamkt.com\/#\/schema\/person\/8f4d67ba57d6160ee802836a319bd8eb"},"headline":"Posso Reverter uma Demiss\u00e3o por Justa Causa? Entenda Seus Direitos","datePublished":"2025-10-27T12:53:05+00:00","mainEntityOfPage":{"@id":"https:\/\/carvalhoadvogado.aliamkt.com\/index.php\/2025\/10\/27\/posso-reverter-uma-demissao-por-justa-causa-entenda-seus-direitos\/"},"wordCount":1377,"commentCount":0,"publisher":{"@id":"https:\/\/carvalhoadvogado.aliamkt.com\/#organization"},"image":{"@id":"https:\/\/carvalhoadvogado.aliamkt.com\/index.php\/2025\/10\/27\/posso-reverter-uma-demissao-por-justa-causa-entenda-seus-direitos\/#primaryimage"},"thumbnailUrl":"https:\/\/carvalhoadvogado.aliamkt.com\/wp-content\/uploads\/2025\/10\/advocacia-trabalhista-em-nova-contagem.jpg","articleSection":["Direito Trabalhista"],"inLanguage":"pt-BR","potentialAction":[{"@type":"CommentAction","name":"Comment","target":["https:\/\/carvalhoadvogado.aliamkt.com\/index.php\/2025\/10\/27\/posso-reverter-uma-demissao-por-justa-causa-entenda-seus-direitos\/#respond"]}]},{"@type":"WebPage","@id":"https:\/\/carvalhoadvogado.aliamkt.com\/index.php\/2025\/10\/27\/posso-reverter-uma-demissao-por-justa-causa-entenda-seus-direitos\/","url":"https:\/\/carvalhoadvogado.aliamkt.com\/index.php\/2025\/10\/27\/posso-reverter-uma-demissao-por-justa-causa-entenda-seus-direitos\/","name":"Posso Reverter uma Demiss\u00e3o por Justa Causa? Entenda Seus Direitos - Pedro Carvalho Advogado Trabalhista","isPartOf":{"@id":"https:\/\/carvalhoadvogado.aliamkt.com\/#website"},"primaryImageOfPage":{"@id":"https:\/\/carvalhoadvogado.aliamkt.com\/index.php\/2025\/10\/27\/posso-reverter-uma-demissao-por-justa-causa-entenda-seus-direitos\/#primaryimage"},"image":{"@id":"https:\/\/carvalhoadvogado.aliamkt.com\/index.php\/2025\/10\/27\/posso-reverter-uma-demissao-por-justa-causa-entenda-seus-direitos\/#primaryimage"},"thumbnailUrl":"https:\/\/carvalhoadvogado.aliamkt.com\/wp-content\/uploads\/2025\/10\/advocacia-trabalhista-em-nova-contagem.jpg","datePublished":"2025-10-27T12:53:05+00:00","description":"Foi demitido por justa causa e acha que foi injusto? Descubra quando \u00e9 poss\u00edvel pedir a revers\u00e3o de justa causa, recuperar seus direitos e limpar seu nome com a ajuda de um advogado trabalhista em Contagem. Clique e saiba como agir agora!","breadcrumb":{"@id":"https:\/\/carvalhoadvogado.aliamkt.com\/index.php\/2025\/10\/27\/posso-reverter-uma-demissao-por-justa-causa-entenda-seus-direitos\/#breadcrumb"},"inLanguage":"pt-BR","potentialAction":[{"@type":"ReadAction","target":["https:\/\/carvalhoadvogado.aliamkt.com\/index.php\/2025\/10\/27\/posso-reverter-uma-demissao-por-justa-causa-entenda-seus-direitos\/"]}]},{"@type":"ImageObject","inLanguage":"pt-BR","@id":"https:\/\/carvalhoadvogado.aliamkt.com\/index.php\/2025\/10\/27\/posso-reverter-uma-demissao-por-justa-causa-entenda-seus-direitos\/#primaryimage","url":"https:\/\/carvalhoadvogado.aliamkt.com\/wp-content\/uploads\/2025\/10\/advocacia-trabalhista-em-nova-contagem.jpg","contentUrl":"https:\/\/carvalhoadvogado.aliamkt.com\/wp-content\/uploads\/2025\/10\/advocacia-trabalhista-em-nova-contagem.jpg","width":1200,"height":800},{"@type":"BreadcrumbList","@id":"https:\/\/carvalhoadvogado.aliamkt.com\/index.php\/2025\/10\/27\/posso-reverter-uma-demissao-por-justa-causa-entenda-seus-direitos\/#breadcrumb","itemListElement":[{"@type":"ListItem","position":1,"name":"In\u00edcio","item":"https:\/\/carvalhoadvogado.aliamkt.com\/"},{"@type":"ListItem","position":2,"name":"Posso Reverter uma Demiss\u00e3o por Justa Causa? Entenda Seus Direitos"}]},{"@type":"WebSite","@id":"https:\/\/carvalhoadvogado.aliamkt.com\/#website","url":"https:\/\/carvalhoadvogado.aliamkt.com\/","name":"Pedro Carvalho Advogado","description":"Advogado Trabalhista","publisher":{"@id":"https:\/\/carvalhoadvogado.aliamkt.com\/#organization"},"potentialAction":[{"@type":"SearchAction","target":{"@type":"EntryPoint","urlTemplate":"https:\/\/carvalhoadvogado.aliamkt.com\/?s={search_term_string}"},"query-input":{"@type":"PropertyValueSpecification","valueRequired":true,"valueName":"search_term_string"}}],"inLanguage":"pt-BR"},{"@type":"Organization","@id":"https:\/\/carvalhoadvogado.aliamkt.com\/#organization","name":"Pedro Carvalho Advogado","url":"https:\/\/carvalhoadvogado.aliamkt.com\/","logo":{"@type":"ImageObject","inLanguage":"pt-BR","@id":"https:\/\/carvalhoadvogado.aliamkt.com\/#\/schema\/logo\/image\/","url":"https:\/\/carvalhoadvogado.aliamkt.com\/wp-content\/uploads\/2024\/06\/Logo-azul.png","contentUrl":"https:\/\/carvalhoadvogado.aliamkt.com\/wp-content\/uploads\/2024\/06\/Logo-azul.png","width":500,"height":500,"caption":"Pedro Carvalho Advogado"},"image":{"@id":"https:\/\/carvalhoadvogado.aliamkt.com\/#\/schema\/logo\/image\/"}},{"@type":"Person","@id":"https:\/\/carvalhoadvogado.aliamkt.com\/#\/schema\/person\/8f4d67ba57d6160ee802836a319bd8eb","name":"lailacarvalhoadv","image":{"@type":"ImageObject","inLanguage":"pt-BR","@id":"https:\/\/secure.gravatar.com\/avatar\/a60961139a792fb5ca701fab485f653a1b3cc37cf8dbd4937b4134105caf5369?s=96&d=mm&r=g","url":"https:\/\/secure.gravatar.com\/avatar\/a60961139a792fb5ca701fab485f653a1b3cc37cf8dbd4937b4134105caf5369?s=96&d=mm&r=g","contentUrl":"https:\/\/secure.gravatar.com\/avatar\/a60961139a792fb5ca701fab485f653a1b3cc37cf8dbd4937b4134105caf5369?s=96&d=mm&r=g","caption":"lailacarvalhoadv"},"sameAs":["https:\/\/carvalhoadvogado.aliamkt.com"],"url":"https:\/\/carvalhoadvogado.aliamkt.com\/index.php\/author\/lailacarvalhoadv\/"}]}},"_links":{"self":[{"href":"https:\/\/carvalhoadvogado.aliamkt.com\/index.php\/wp-json\/wp\/v2\/posts\/1408","targetHints":{"allow":["GET"]}}],"collection":[{"href":"https:\/\/carvalhoadvogado.aliamkt.com\/index.php\/wp-json\/wp\/v2\/posts"}],"about":[{"href":"https:\/\/carvalhoadvogado.aliamkt.com\/index.php\/wp-json\/wp\/v2\/types\/post"}],"author":[{"embeddable":true,"href":"https:\/\/carvalhoadvogado.aliamkt.com\/index.php\/wp-json\/wp\/v2\/users\/1"}],"replies":[{"embeddable":true,"href":"https:\/\/carvalhoadvogado.aliamkt.com\/index.php\/wp-json\/wp\/v2\/comments?post=1408"}],"version-history":[{"count":1,"href":"https:\/\/carvalhoadvogado.aliamkt.com\/index.php\/wp-json\/wp\/v2\/posts\/1408\/revisions"}],"predecessor-version":[{"id":1411,"href":"https:\/\/carvalhoadvogado.aliamkt.com\/index.php\/wp-json\/wp\/v2\/posts\/1408\/revisions\/1411"}],"wp:featuredmedia":[{"embeddable":true,"href":"https:\/\/carvalhoadvogado.aliamkt.com\/index.php\/wp-json\/wp\/v2\/media\/1409"}],"wp:attachment":[{"href":"https:\/\/carvalhoadvogado.aliamkt.com\/index.php\/wp-json\/wp\/v2\/media?parent=1408"}],"wp:term":[{"taxonomy":"category","embeddable":true,"href":"https:\/\/carvalhoadvogado.aliamkt.com\/index.php\/wp-json\/wp\/v2\/categories?post=1408"},{"taxonomy":"post_tag","embeddable":true,"href":"https:\/\/carvalhoadvogado.aliamkt.com\/index.php\/wp-json\/wp\/v2\/tags?post=1408"}],"curies":[{"name":"wp","href":"https:\/\/api.w.org\/{rel}","templated":true}]}}