{"id":1412,"date":"2025-10-28T09:29:43","date_gmt":"2025-10-28T12:29:43","guid":{"rendered":"https:\/\/carvalhoadvogado.aliamkt.com\/?p=1412"},"modified":"2025-10-28T09:29:43","modified_gmt":"2025-10-28T12:29:43","slug":"rescisao-indireta-por-falta-de-pagamento-de-beneficios-entenda-seus-direitos","status":"publish","type":"post","link":"https:\/\/carvalhoadvogado.aliamkt.com\/index.php\/2025\/10\/28\/rescisao-indireta-por-falta-de-pagamento-de-beneficios-entenda-seus-direitos\/","title":{"rendered":"Rescis\u00e3o Indireta por Falta de Pagamento de Benef\u00edcios: Entenda Seus Direitos"},"content":{"rendered":"<h2><b>Introdu\u00e7\u00e3o<\/b><\/h2>\n<h2><span style=\"font-weight: 400;\">Voc\u00ea trabalha com dedica\u00e7\u00e3o, cumpre sua jornada corretamente e d\u00e1 o melhor de si todos os dias. No entanto, a empresa come\u00e7a a atrasar ou cortar benef\u00edcios essenciais como <\/span><b>vale-transporte<\/b><span style=\"font-weight: 400;\">, <\/span><b>vale-alimenta\u00e7\u00e3o<\/b><span style=\"font-weight: 400;\"> e <\/span><b>plano de sa\u00fade<\/b><span style=\"font-weight: 400;\">. Aos poucos, a situa\u00e7\u00e3o se torna insustent\u00e1vel. Al\u00e9m disso, o impacto financeiro e emocional causado por essas falhas \u00e9 enorme.<\/span><\/h2>\n<h2><span style=\"font-weight: 400;\">Por isso, \u00e9 fundamental saber que essa conduta representa um <\/span><b>descumprimento de obriga\u00e7\u00f5es contratuais<\/b><span style=\"font-weight: 400;\">. Consequentemente, o trabalhador pode pedir a <\/span><b>rescis\u00e3o indireta<\/b><span style=\"font-weight: 400;\"> e encerrar o v\u00ednculo empregat\u00edcio com todos os direitos de quem foi demitido sem justa causa.<\/span><\/h2>\n<h2><span style=\"font-weight: 400;\">Continue lendo atentamente e descubra, passo a passo, quando a falta de pagamento de benef\u00edcios autoriza a <\/span><b>rescis\u00e3o indireta<\/b><span style=\"font-weight: 400;\">, o que diz a CLT e como garantir seus direitos na Justi\u00e7a do Trabalho.<\/span><\/h2>\n<h2><b>O Que S\u00e3o Benef\u00edcios Contratuais e Legais?<\/b><\/h2>\n<h2><span style=\"font-weight: 400;\">Antes de mais nada, \u00e9 importante entender que os benef\u00edcios fazem parte da remunera\u00e7\u00e3o do trabalhador. Dessa forma, eles podem ser <\/span><b>legais<\/b><span style=\"font-weight: 400;\">, quando previstos por lei, ou <\/span><b>contratuais<\/b><span style=\"font-weight: 400;\">, quando oferecidos pela empresa por acordo interno ou conven\u00e7\u00e3o coletiva.<\/span><\/h2>\n<h2><span style=\"font-weight: 400;\">Os principais benef\u00edcios s\u00e3o:<\/span><\/h2>\n<ul>\n<li style=\"font-weight: 400;\" aria-level=\"1\">\n<h2><b>Vale-transporte<\/b><span style=\"font-weight: 400;\">, garantido pela Lei n\u00ba 7.418\/1985;<\/span><span style=\"font-weight: 400;\"><\/p>\n<p><\/span><\/h2>\n<\/li>\n<li style=\"font-weight: 400;\" aria-level=\"1\">\n<h2><b>Vale-alimenta\u00e7\u00e3o<\/b><span style=\"font-weight: 400;\"> ou <\/span><b>vale-refei\u00e7\u00e3o<\/b><span style=\"font-weight: 400;\">, previstos em conven\u00e7\u00f5es coletivas;<\/span><span style=\"font-weight: 400;\"><\/p>\n<p><\/span><\/h2>\n<\/li>\n<li style=\"font-weight: 400;\" aria-level=\"1\">\n<h2><b>Plano de sa\u00fade<\/b><span style=\"font-weight: 400;\">, oferecido por muitas empresas como incentivo;<\/span><span style=\"font-weight: 400;\"><\/p>\n<p><\/span><\/h2>\n<\/li>\n<li style=\"font-weight: 400;\" aria-level=\"1\">\n<h2><b>Aux\u00edlio-creche<\/b><span style=\"font-weight: 400;\"> e <\/span><b>aux\u00edlio-educa\u00e7\u00e3o<\/b><span style=\"font-weight: 400;\">, que tamb\u00e9m s\u00e3o vantagens contratuais.<\/span><span style=\"font-weight: 400;\"><\/p>\n<p><\/span><\/h2>\n<\/li>\n<\/ul>\n<h2><span style=\"font-weight: 400;\">Portanto, se a empresa promete fornecer esses benef\u00edcios e depois os suspende ou atrasa sem justificativa v\u00e1lida, ela est\u00e1 descumprindo o contrato de trabalho. Al\u00e9m disso, essa atitude fere a confian\u00e7a e a boa-f\u00e9 exigidas pela legisla\u00e7\u00e3o trabalhista.<\/span><\/h2>\n<h2><b>O Que Diz a Lei Sobre a Falta de Benef\u00edcios?<\/b><\/h2>\n<h2><span style=\"font-weight: 400;\">A <\/span><b>Consolida\u00e7\u00e3o das Leis do Trabalho (CLT)<\/b><span style=\"font-weight: 400;\">, em seu artigo 483, \u00e9 clara ao afirmar que o empregado pode considerar rescindido o contrato e pedir indeniza\u00e7\u00e3o sempre que o empregador n\u00e3o cumpre suas obriga\u00e7\u00f5es legais.<\/span><\/h2>\n<h2><span style=\"font-weight: 400;\">Em outras palavras, se o benef\u00edcio estiver previsto no contrato de trabalho, na conven\u00e7\u00e3o coletiva ou nas normas internas da empresa, ele se torna um direito garantido. Logo, o n\u00e3o pagamento ou a suspens\u00e3o injustificada configuram falta grave.<\/span><\/h2>\n<h2><span style=\"font-weight: 400;\">Al\u00e9m disso, o artigo 468 da CLT refor\u00e7a que nenhuma condi\u00e7\u00e3o do contrato pode ser alterada de forma prejudicial ao trabalhador sem o seu consentimento. Desse modo, a retirada de benef\u00edcios sem justificativa representa uma infra\u00e7\u00e3o que autoriza a <\/span><b>rescis\u00e3o indireta<\/b><span style=\"font-weight: 400;\">.<\/span><\/h2>\n<h2><b>Quando a Falta de Pagamento de Benef\u00edcios Justifica a Rescis\u00e3o Indireta?<\/b><\/h2>\n<h2><span style=\"font-weight: 400;\">Nem todo erro pontual configura falta grave. Por\u00e9m, quando a empresa adota uma conduta repetitiva e desrespeitosa, a situa\u00e7\u00e3o muda completamente.<\/span><\/h2>\n<h2><span style=\"font-weight: 400;\">Voc\u00ea pode pedir a <\/span><b>rescis\u00e3o indireta<\/b><span style=\"font-weight: 400;\"> quando a empresa:<\/span><\/h2>\n<ul>\n<li style=\"font-weight: 400;\" aria-level=\"1\">\n<h2><span style=\"font-weight: 400;\">Deixa de pagar o <\/span><b>vale-transporte<\/b><span style=\"font-weight: 400;\">, dificultando seu deslocamento di\u00e1rio;<\/span><span style=\"font-weight: 400;\"><\/p>\n<p><\/span><\/h2>\n<\/li>\n<li style=\"font-weight: 400;\" aria-level=\"1\">\n<h2><span style=\"font-weight: 400;\">Corta o <\/span><b>vale-alimenta\u00e7\u00e3o<\/b><span style=\"font-weight: 400;\"> sem aviso pr\u00e9vio, comprometendo sua alimenta\u00e7\u00e3o;<\/span><span style=\"font-weight: 400;\"><\/p>\n<p><\/span><\/h2>\n<\/li>\n<li style=\"font-weight: 400;\" aria-level=\"1\">\n<h2><span style=\"font-weight: 400;\">Cancela o <\/span><b>plano de sa\u00fade<\/b><span style=\"font-weight: 400;\">, expondo voc\u00ea e sua fam\u00edlia a riscos;<\/span><span style=\"font-weight: 400;\"><\/p>\n<p><\/span><\/h2>\n<\/li>\n<li style=\"font-weight: 400;\" aria-level=\"1\">\n<h2><span style=\"font-weight: 400;\">Suspende benef\u00edcios prometidos, alegando cortes de custos;<\/span><span style=\"font-weight: 400;\"><\/p>\n<p><\/span><\/h2>\n<\/li>\n<li style=\"font-weight: 400;\" aria-level=\"1\">\n<h2><span style=\"font-weight: 400;\">Deixa de restabelecer os benef\u00edcios, mesmo ap\u00f3s v\u00e1rias cobran\u00e7as.<\/span><span style=\"font-weight: 400;\"><\/p>\n<p><\/span><\/h2>\n<\/li>\n<\/ul>\n<h2><span style=\"font-weight: 400;\">Assim, quando os benef\u00edcios deixam de ser pagos e a empresa ignora suas obriga\u00e7\u00f5es, o trabalhador pode agir com seguran\u00e7a. Al\u00e9m disso, a Justi\u00e7a do Trabalho entende que essa omiss\u00e3o representa uma quebra s\u00e9ria do contrato e, portanto, autoriza a <\/span><b>rescis\u00e3o indireta<\/b><span style=\"font-weight: 400;\">.<\/span><\/h2>\n<h2><b>Quais Direitos o Trabalhador Garante na Rescis\u00e3o Indireta por Falta de Pagamento de Benef\u00edcios?<\/b><\/h2>\n<p><img fetchpriority=\"high\" decoding=\"async\" class=\"alignnone size-medium wp-image-1413\" src=\"https:\/\/carvalhoadvogado.aliamkt.com\/wp-content\/uploads\/2025\/10\/advogado-trabalhista-em-nova-contagem-300x200.jpg\" alt=\"\" width=\"300\" height=\"200\" srcset=\"https:\/\/carvalhoadvogado.aliamkt.com\/wp-content\/uploads\/2025\/10\/advogado-trabalhista-em-nova-contagem-300x200.jpg 300w, https:\/\/carvalhoadvogado.aliamkt.com\/wp-content\/uploads\/2025\/10\/advogado-trabalhista-em-nova-contagem.jpg 600w\" sizes=\"(max-width: 300px) 100vw, 300px\" \/><\/p>\n<h2><span style=\"font-weight: 400;\">Ao conseguir o reconhecimento da <\/span><b>rescis\u00e3o indireta<\/b><span style=\"font-weight: 400;\">, o trabalhador recebe exatamente os mesmos direitos de quem foi dispensado sem justa causa.<\/span><\/h2>\n<h2><span style=\"font-weight: 400;\">Ou seja, ele tem direito a:<\/span><\/h2>\n<ul>\n<li style=\"font-weight: 400;\" aria-level=\"1\">\n<h2><span style=\"font-weight: 400;\">Saldo de sal\u00e1rio;<\/span><span style=\"font-weight: 400;\"><\/p>\n<p><\/span><\/h2>\n<\/li>\n<li style=\"font-weight: 400;\" aria-level=\"1\">\n<h2><span style=\"font-weight: 400;\">Aviso pr\u00e9vio indenizado;<\/span><span style=\"font-weight: 400;\"><\/p>\n<p><\/span><\/h2>\n<\/li>\n<li style=\"font-weight: 400;\" aria-level=\"1\">\n<h2><span style=\"font-weight: 400;\">13\u00ba sal\u00e1rio proporcional;<\/span><span style=\"font-weight: 400;\"><\/p>\n<p><\/span><\/h2>\n<\/li>\n<li style=\"font-weight: 400;\" aria-level=\"1\">\n<h2><span style=\"font-weight: 400;\">F\u00e9rias vencidas e proporcionais com adicional de 1\/3;<\/span><span style=\"font-weight: 400;\"><\/p>\n<p><\/span><\/h2>\n<\/li>\n<li style=\"font-weight: 400;\" aria-level=\"1\">\n<h2><span style=\"font-weight: 400;\">Multa de 40% sobre o FGTS;<\/span><span style=\"font-weight: 400;\"><\/p>\n<p><\/span><\/h2>\n<\/li>\n<li style=\"font-weight: 400;\" aria-level=\"1\">\n<h2><span style=\"font-weight: 400;\">Saque total do FGTS;<\/span><span style=\"font-weight: 400;\"><\/p>\n<p><\/span><\/h2>\n<\/li>\n<li style=\"font-weight: 400;\" aria-level=\"1\">\n<h2><span style=\"font-weight: 400;\">Seguro-desemprego, caso cumpra os requisitos legais.<\/span><span style=\"font-weight: 400;\"><\/p>\n<p><\/span><\/h2>\n<\/li>\n<\/ul>\n<h2><span style=\"font-weight: 400;\">Al\u00e9m disso, se a empresa retirou benef\u00edcios essenciais e causou preju\u00edzos \u00e0 sa\u00fade, ao or\u00e7amento ou \u00e0 dignidade do trabalhador, pode ser cab\u00edvel o pedido de indeniza\u00e7\u00e3o por danos morais.<\/span><\/h2>\n<h2><span style=\"font-weight: 400;\">Portanto, a <\/span><b>rescis\u00e3o indireta<\/b><span style=\"font-weight: 400;\"> serve n\u00e3o apenas para encerrar o contrato, mas tamb\u00e9m para restaurar a justi\u00e7a e reparar os danos causados pela falta de responsabilidade da empresa.<\/span><\/h2>\n<h2><b>Como Provar a Falta de Pagamento de Benef\u00edcios?<\/b><\/h2>\n<h2><span style=\"font-weight: 400;\">Para conquistar a <\/span><b>rescis\u00e3o indireta<\/b><span style=\"font-weight: 400;\">, o trabalhador precisa demonstrar o descumprimento das obriga\u00e7\u00f5es de forma clara e objetiva. Por isso, \u00e9 fundamental reunir provas que confirmem a retirada dos benef\u00edcios.<\/span><\/h2>\n<h2><span style=\"font-weight: 400;\">As principais provas incluem:<\/span><\/h2>\n<ul>\n<li style=\"font-weight: 400;\" aria-level=\"1\">\n<h2><b>Holerites<\/b><span style=\"font-weight: 400;\">, que mostram a aus\u00eancia de cr\u00e9ditos referentes aos benef\u00edcios;<\/span><span style=\"font-weight: 400;\"><\/p>\n<p><\/span><\/h2>\n<\/li>\n<li style=\"font-weight: 400;\" aria-level=\"1\">\n<h2><b>Mensagens e e-mails<\/b><span style=\"font-weight: 400;\">, que comprovam reclama\u00e7\u00f5es feitas ao empregador;<\/span><span style=\"font-weight: 400;\"><\/p>\n<p><\/span><\/h2>\n<\/li>\n<li style=\"font-weight: 400;\" aria-level=\"1\">\n<h2><b>Comprovantes de uso anterior<\/b><span style=\"font-weight: 400;\">, como cart\u00f5es de alimenta\u00e7\u00e3o bloqueados;<\/span><span style=\"font-weight: 400;\"><\/p>\n<p><\/span><\/h2>\n<\/li>\n<li style=\"font-weight: 400;\" aria-level=\"1\">\n<h2><b>Testemunhas<\/b><span style=\"font-weight: 400;\">, colegas que confirmem a falta de pagamento;<\/span><span style=\"font-weight: 400;\"><\/p>\n<p><\/span><\/h2>\n<\/li>\n<li style=\"font-weight: 400;\" aria-level=\"1\">\n<h2><b>Regulamento interno<\/b><span style=\"font-weight: 400;\"> da empresa ou conven\u00e7\u00e3o coletiva que determine os benef\u00edcios.<\/span><span style=\"font-weight: 400;\"><\/p>\n<p><\/span><\/h2>\n<\/li>\n<\/ul>\n<h2><span style=\"font-weight: 400;\">Dessa maneira, quanto mais provas forem apresentadas, mais s\u00f3lido ser\u00e1 o processo. Al\u00e9m disso, contar com o apoio de um <\/span><b>advogado trabalhista<\/b><span style=\"font-weight: 400;\"> \u00e9 essencial, pois ele orienta sobre o momento certo de agir e a melhor forma de formalizar o pedido.<\/span><\/h2>\n<h2><b>Exemplos Reconhecidos pela Justi\u00e7a<\/b><\/h2>\n<ul>\n<li style=\"font-weight: 400;\" aria-level=\"1\">\n<h2><span style=\"font-weight: 400;\">Um motorista que ficou quatro meses sem <\/span><b>vale-transporte<\/b><span style=\"font-weight: 400;\"> obteve a <\/span><b>rescis\u00e3o indireta<\/b><span style=\"font-weight: 400;\"> e todas as verbas trabalhistas.<\/span><span style=\"font-weight: 400;\"><\/p>\n<p><\/span><\/h2>\n<\/li>\n<li style=\"font-weight: 400;\" aria-level=\"1\">\n<h2><span style=\"font-weight: 400;\">Uma atendente que teve o <\/span><b>vale-refei\u00e7\u00e3o<\/b><span style=\"font-weight: 400;\"> cortado por um ano conquistou a <\/span><b>rescis\u00e3o indireta<\/b><span style=\"font-weight: 400;\"> e indeniza\u00e7\u00e3o por danos morais.<\/span><span style=\"font-weight: 400;\"><\/p>\n<p><\/span><\/h2>\n<\/li>\n<li style=\"font-weight: 400;\" aria-level=\"1\">\n<h2><span style=\"font-weight: 400;\">Um auxiliar de escrit\u00f3rio cujo <\/span><b>plano de sa\u00fade<\/b><span style=\"font-weight: 400;\"> foi cancelado sem aviso conseguiu a <\/span><b>rescis\u00e3o indireta<\/b><span style=\"font-weight: 400;\"> e repara\u00e7\u00e3o financeira.<\/span><span style=\"font-weight: 400;\"><\/p>\n<p><\/span><\/h2>\n<\/li>\n<\/ul>\n<h2><span style=\"font-weight: 400;\">Portanto, a Justi\u00e7a do Trabalho tem reconhecido cada vez mais que a retirada injustificada de benef\u00edcios viola direitos fundamentais. Assim, empresas que insistem em desrespeitar o contrato acabam arcando com as consequ\u00eancias legais.<\/span><\/h2>\n<h2><b>Diferen\u00e7a Entre Falta Tempor\u00e1ria e Corte Definitivo de Benef\u00edcios<\/b><\/h2>\n<h2><span style=\"font-weight: 400;\">Algumas empresas tentam justificar o n\u00e3o pagamento dos benef\u00edcios alegando que \u00e9 algo \u201ctempor\u00e1rio\u201d. Contudo, se a suspens\u00e3o se prolonga ou se repete com frequ\u00eancia, ela passa a ser considerada descumprimento contratual.<\/span><\/h2>\n<h2><span style=\"font-weight: 400;\">Al\u00e9m disso, se o corte ocorreu sem aviso pr\u00e9vio ou justificativa plaus\u00edvel, a infra\u00e7\u00e3o j\u00e1 est\u00e1 configurada. Em resumo, tanto o corte definitivo quanto a suspens\u00e3o injustificada violam a lei e permitem o pedido de <\/span><b>rescis\u00e3o indireta<\/b><span style=\"font-weight: 400;\">.<\/span><\/h2>\n<h2><span style=\"font-weight: 400;\">Dessa forma, o trabalhador n\u00e3o precisa aguardar indefinidamente por uma promessa de regulariza\u00e7\u00e3o. Pelo contr\u00e1rio, pode agir com base na lei e garantir seus direitos sem demora.<\/span><\/h2>\n<h2><b>Perguntas Frequentes (FAQ)<\/b><\/h2>\n<h3><b>1. A falta de vale-transporte justifica a rescis\u00e3o indireta?<\/b><\/h3>\n<h2><span style=\"font-weight: 400;\">Sim. O <\/span><b>vale-transporte<\/b><span style=\"font-weight: 400;\"> \u00e9 essencial para o deslocamento, e sua aus\u00eancia prejudica o cumprimento das obriga\u00e7\u00f5es do trabalhador.<\/span><\/h2>\n<h3><b>2. O cancelamento do plano de sa\u00fade autoriza o pedido?<\/b><\/h3>\n<h2><span style=\"font-weight: 400;\">Sim. O cancelamento sem aviso \u00e9 considerado falta grave, pois afeta diretamente a sa\u00fade e a seguran\u00e7a do empregado.<\/span><\/h2>\n<h3><b>3. A empresa pode suspender o vale-alimenta\u00e7\u00e3o temporariamente?<\/b><\/h3>\n<h2><span style=\"font-weight: 400;\">N\u00e3o. Mesmo a suspens\u00e3o tempor\u00e1ria sem justificativa \u00e9 ilegal e configura descumprimento contratual.<\/span><\/h2>\n<h3><b>4. Preciso continuar trabalhando durante o processo?<\/b><\/h3>\n<h2><span style=\"font-weight: 400;\">Depende. Em alguns casos, o juiz pode autorizar o afastamento. No entanto, o ideal \u00e9 agir com orienta\u00e7\u00e3o jur\u00eddica.<\/span><\/h2>\n<h3><b>5. Posso pedir indeniza\u00e7\u00e3o?<\/b><\/h3>\n<h2><span style=\"font-weight: 400;\">Sim. Quando o corte de benef\u00edcios causa preju\u00edzo financeiro ou emocional, o trabalhador tem direito a indeniza\u00e7\u00e3o al\u00e9m das verbas rescis\u00f3rias.<\/span><\/h2>\n<h2><b>Conclus\u00e3o<\/b><\/h2>\n<h2><span style=\"font-weight: 400;\">A falta de pagamento de benef\u00edcios como <\/span><b>vale-transporte<\/b><span style=\"font-weight: 400;\">, <\/span><b>vale-alimenta\u00e7\u00e3o<\/b><span style=\"font-weight: 400;\"> e <\/span><b>plano de sa\u00fade<\/b><span style=\"font-weight: 400;\"> representa uma das formas mais comuns de <\/span><b>descumprimento de obriga\u00e7\u00f5es contratuais<\/b><span style=\"font-weight: 400;\">. Por isso, o trabalhador n\u00e3o precisa se conformar com esse tipo de abuso.<\/span><\/h2>\n<h2><span style=\"font-weight: 400;\">Al\u00e9m disso, a <\/span><b>rescis\u00e3o indireta<\/b><span style=\"font-weight: 400;\"> garante o encerramento do contrato com todos os direitos preservados, protegendo a dignidade e a seguran\u00e7a financeira do empregado. Assim, voc\u00ea pode agir com base na lei e buscar a Justi\u00e7a de forma leg\u00edtima.<\/span><\/h2>\n<h2><span style=\"font-weight: 400;\">Entre agora em contato com um <\/span><b>advogado trabalhista<\/b><span style=\"font-weight: 400;\"> em Contagem pelo WhatsApp e descubra como solicitar sua <\/span><b>rescis\u00e3o indireta por falta de pagamento de benef\u00edcios<\/b><span style=\"font-weight: 400;\"> com seguran\u00e7a, rapidez e total respaldo jur\u00eddico.<\/span><\/h2>\n<h2><b>\ud83d\udd17 Leia tamb\u00e9m<\/b><\/h2>\n<p><span style=\"font-weight: 400;\">leia tamb\u00e9m nosso artigo completo sobre: <\/span><a href=\"https:\/\/carvalhoadvogado.aliamkt.com\/index.php\/2025\/10\/23\/motorista-entregador-moto-carro-e-caminhao-seus-direitos-trabalhistas-sobre-horas-extras-periculosidade-e-acidente-de-trabalho\/\"><span style=\"font-weight: 400;\">Motorista\/Entregador (moto, carro e caminh\u00e3o): seus direitos trabalhistas sobre horas extras, periculosidade e acidente de trabalho<\/span><\/a><\/p>\n<p>&nbsp;<\/p>\n<p><a href=\"https:\/\/wa.me\/5531975283687\"><b>Entre em contato agora com um advogado trabalhista e saiba como garantir o que \u00e9 seu por lei!<\/b><\/a><\/p>\n<p><b>Fale com o Dr. Pedro Carvalho!<\/b><\/p>\n<p><b>Clique no bot\u00e3o abaixo e obtenha a orienta\u00e7\u00e3o jur\u00eddica que voc\u00ea precisa para resolver suas quest\u00f5es com seguran\u00e7a e confian\u00e7a.\u00a0<\/b><\/p>\n<p><a href=\"https:\/\/wa.me\/5531975283687\"><b>Fale comigo agora mesmo<\/b><\/a><\/p>\n<p><b>Siga-nos na rede social, @pedroncarvalhoadv, e fique por dentro das \u00faltimas novidades!<\/b><\/p>\n","protected":false},"excerpt":{"rendered":"<p>Introdu\u00e7\u00e3o Voc\u00ea trabalha com dedica\u00e7\u00e3o, cumpre sua jornada corretamente e d\u00e1 o melhor de si todos os dias. No entanto, a empresa come\u00e7a a atrasar ou cortar benef\u00edcios essenciais como vale-transporte, vale-alimenta\u00e7\u00e3o e plano de sa\u00fade. Aos poucos, a situa\u00e7\u00e3o se torna insustent\u00e1vel. Al\u00e9m disso, o impacto financeiro e emocional causado por essas falhas \u00e9 [&hellip;]<\/p>\n","protected":false},"author":1,"featured_media":1414,"comment_status":"open","ping_status":"open","sticky":false,"template":"","format":"standard","meta":{"_joinchat":[],"footnotes":""},"categories":[6],"tags":[],"class_list":["post-1412","post","type-post","status-publish","format-standard","has-post-thumbnail","hentry","category-direito-trabalhista"],"yoast_head":"<!-- This site is optimized with the Yoast SEO plugin v27.5 - https:\/\/yoast.com\/product\/yoast-seo-wordpress\/ -->\n<title>Rescis\u00e3o Indireta por Falta de Pagamento de Benef\u00edcios: Entenda Seus Direitos - Pedro Carvalho Advogado Trabalhista<\/title>\n<meta name=\"description\" content=\"Rescis\u00e3o indireta por falta de pagamento de benef\u00edcios: saiba quando pedir, como provar e quais direitos o trabalhador garante na Justi\u00e7a.\" \/>\n<meta name=\"robots\" content=\"index, follow, max-snippet:-1, max-image-preview:large, max-video-preview:-1\" \/>\n<link rel=\"canonical\" href=\"https:\/\/carvalhoadvogado.aliamkt.com\/index.php\/2025\/10\/28\/rescisao-indireta-por-falta-de-pagamento-de-beneficios-entenda-seus-direitos\/\" \/>\n<meta property=\"og:locale\" content=\"pt_BR\" \/>\n<meta property=\"og:type\" content=\"article\" \/>\n<meta property=\"og:title\" content=\"Rescis\u00e3o Indireta por Falta de Pagamento de Benef\u00edcios: Entenda Seus Direitos - Pedro Carvalho Advogado Trabalhista\" \/>\n<meta property=\"og:description\" content=\"Rescis\u00e3o indireta por falta de pagamento de benef\u00edcios: saiba quando pedir, como provar e quais direitos o trabalhador garante na Justi\u00e7a.\" \/>\n<meta property=\"og:url\" content=\"https:\/\/carvalhoadvogado.aliamkt.com\/index.php\/2025\/10\/28\/rescisao-indireta-por-falta-de-pagamento-de-beneficios-entenda-seus-direitos\/\" \/>\n<meta property=\"og:site_name\" content=\"Pedro Carvalho Advogado Trabalhista\" \/>\n<meta property=\"article:published_time\" content=\"2025-10-28T12:29:43+00:00\" \/>\n<meta property=\"og:image\" content=\"https:\/\/carvalhoadvogado.aliamkt.com\/wp-content\/uploads\/2025\/10\/advogado-trabalhista-no-eldorado-1.jpg\" \/>\n\t<meta property=\"og:image:width\" content=\"1200\" \/>\n\t<meta property=\"og:image:height\" content=\"750\" \/>\n\t<meta property=\"og:image:type\" content=\"image\/jpeg\" \/>\n<meta name=\"author\" content=\"lailacarvalhoadv\" \/>\n<meta name=\"twitter:card\" content=\"summary_large_image\" \/>\n<meta name=\"twitter:label1\" content=\"Escrito por\" \/>\n\t<meta name=\"twitter:data1\" content=\"lailacarvalhoadv\" \/>\n\t<meta name=\"twitter:label2\" content=\"Est. tempo de leitura\" \/>\n\t<meta name=\"twitter:data2\" content=\"8 minutos\" \/>\n<script type=\"application\/ld+json\" class=\"yoast-schema-graph\">{\"@context\":\"https:\\\/\\\/schema.org\",\"@graph\":[{\"@type\":\"Article\",\"@id\":\"https:\\\/\\\/carvalhoadvogado.aliamkt.com\\\/index.php\\\/2025\\\/10\\\/28\\\/rescisao-indireta-por-falta-de-pagamento-de-beneficios-entenda-seus-direitos\\\/#article\",\"isPartOf\":{\"@id\":\"https:\\\/\\\/carvalhoadvogado.aliamkt.com\\\/index.php\\\/2025\\\/10\\\/28\\\/rescisao-indireta-por-falta-de-pagamento-de-beneficios-entenda-seus-direitos\\\/\"},\"author\":{\"name\":\"lailacarvalhoadv\",\"@id\":\"https:\\\/\\\/carvalhoadvogado.aliamkt.com\\\/#\\\/schema\\\/person\\\/8f4d67ba57d6160ee802836a319bd8eb\"},\"headline\":\"Rescis\u00e3o Indireta por Falta de Pagamento de Benef\u00edcios: Entenda Seus Direitos\",\"datePublished\":\"2025-10-28T12:29:43+00:00\",\"mainEntityOfPage\":{\"@id\":\"https:\\\/\\\/carvalhoadvogado.aliamkt.com\\\/index.php\\\/2025\\\/10\\\/28\\\/rescisao-indireta-por-falta-de-pagamento-de-beneficios-entenda-seus-direitos\\\/\"},\"wordCount\":1449,\"commentCount\":0,\"publisher\":{\"@id\":\"https:\\\/\\\/carvalhoadvogado.aliamkt.com\\\/#organization\"},\"image\":{\"@id\":\"https:\\\/\\\/carvalhoadvogado.aliamkt.com\\\/index.php\\\/2025\\\/10\\\/28\\\/rescisao-indireta-por-falta-de-pagamento-de-beneficios-entenda-seus-direitos\\\/#primaryimage\"},\"thumbnailUrl\":\"https:\\\/\\\/carvalhoadvogado.aliamkt.com\\\/wp-content\\\/uploads\\\/2025\\\/10\\\/advogado-trabalhista-no-eldorado-1.jpg\",\"articleSection\":[\"Direito Trabalhista\"],\"inLanguage\":\"pt-BR\",\"potentialAction\":[{\"@type\":\"CommentAction\",\"name\":\"Comment\",\"target\":[\"https:\\\/\\\/carvalhoadvogado.aliamkt.com\\\/index.php\\\/2025\\\/10\\\/28\\\/rescisao-indireta-por-falta-de-pagamento-de-beneficios-entenda-seus-direitos\\\/#respond\"]}]},{\"@type\":\"WebPage\",\"@id\":\"https:\\\/\\\/carvalhoadvogado.aliamkt.com\\\/index.php\\\/2025\\\/10\\\/28\\\/rescisao-indireta-por-falta-de-pagamento-de-beneficios-entenda-seus-direitos\\\/\",\"url\":\"https:\\\/\\\/carvalhoadvogado.aliamkt.com\\\/index.php\\\/2025\\\/10\\\/28\\\/rescisao-indireta-por-falta-de-pagamento-de-beneficios-entenda-seus-direitos\\\/\",\"name\":\"Rescis\u00e3o Indireta por Falta de Pagamento de Benef\u00edcios: Entenda Seus Direitos - Pedro Carvalho Advogado Trabalhista\",\"isPartOf\":{\"@id\":\"https:\\\/\\\/carvalhoadvogado.aliamkt.com\\\/#website\"},\"primaryImageOfPage\":{\"@id\":\"https:\\\/\\\/carvalhoadvogado.aliamkt.com\\\/index.php\\\/2025\\\/10\\\/28\\\/rescisao-indireta-por-falta-de-pagamento-de-beneficios-entenda-seus-direitos\\\/#primaryimage\"},\"image\":{\"@id\":\"https:\\\/\\\/carvalhoadvogado.aliamkt.com\\\/index.php\\\/2025\\\/10\\\/28\\\/rescisao-indireta-por-falta-de-pagamento-de-beneficios-entenda-seus-direitos\\\/#primaryimage\"},\"thumbnailUrl\":\"https:\\\/\\\/carvalhoadvogado.aliamkt.com\\\/wp-content\\\/uploads\\\/2025\\\/10\\\/advogado-trabalhista-no-eldorado-1.jpg\",\"datePublished\":\"2025-10-28T12:29:43+00:00\",\"description\":\"Rescis\u00e3o indireta por falta de pagamento de benef\u00edcios: saiba quando pedir, como provar e quais direitos o trabalhador garante na Justi\u00e7a.\",\"breadcrumb\":{\"@id\":\"https:\\\/\\\/carvalhoadvogado.aliamkt.com\\\/index.php\\\/2025\\\/10\\\/28\\\/rescisao-indireta-por-falta-de-pagamento-de-beneficios-entenda-seus-direitos\\\/#breadcrumb\"},\"inLanguage\":\"pt-BR\",\"potentialAction\":[{\"@type\":\"ReadAction\",\"target\":[\"https:\\\/\\\/carvalhoadvogado.aliamkt.com\\\/index.php\\\/2025\\\/10\\\/28\\\/rescisao-indireta-por-falta-de-pagamento-de-beneficios-entenda-seus-direitos\\\/\"]}]},{\"@type\":\"ImageObject\",\"inLanguage\":\"pt-BR\",\"@id\":\"https:\\\/\\\/carvalhoadvogado.aliamkt.com\\\/index.php\\\/2025\\\/10\\\/28\\\/rescisao-indireta-por-falta-de-pagamento-de-beneficios-entenda-seus-direitos\\\/#primaryimage\",\"url\":\"https:\\\/\\\/carvalhoadvogado.aliamkt.com\\\/wp-content\\\/uploads\\\/2025\\\/10\\\/advogado-trabalhista-no-eldorado-1.jpg\",\"contentUrl\":\"https:\\\/\\\/carvalhoadvogado.aliamkt.com\\\/wp-content\\\/uploads\\\/2025\\\/10\\\/advogado-trabalhista-no-eldorado-1.jpg\",\"width\":1200,\"height\":750},{\"@type\":\"BreadcrumbList\",\"@id\":\"https:\\\/\\\/carvalhoadvogado.aliamkt.com\\\/index.php\\\/2025\\\/10\\\/28\\\/rescisao-indireta-por-falta-de-pagamento-de-beneficios-entenda-seus-direitos\\\/#breadcrumb\",\"itemListElement\":[{\"@type\":\"ListItem\",\"position\":1,\"name\":\"In\u00edcio\",\"item\":\"https:\\\/\\\/carvalhoadvogado.aliamkt.com\\\/\"},{\"@type\":\"ListItem\",\"position\":2,\"name\":\"Rescis\u00e3o Indireta por Falta de Pagamento de Benef\u00edcios: Entenda Seus Direitos\"}]},{\"@type\":\"WebSite\",\"@id\":\"https:\\\/\\\/carvalhoadvogado.aliamkt.com\\\/#website\",\"url\":\"https:\\\/\\\/carvalhoadvogado.aliamkt.com\\\/\",\"name\":\"Pedro Carvalho Advogado\",\"description\":\"Advogado Trabalhista\",\"publisher\":{\"@id\":\"https:\\\/\\\/carvalhoadvogado.aliamkt.com\\\/#organization\"},\"potentialAction\":[{\"@type\":\"SearchAction\",\"target\":{\"@type\":\"EntryPoint\",\"urlTemplate\":\"https:\\\/\\\/carvalhoadvogado.aliamkt.com\\\/?s={search_term_string}\"},\"query-input\":{\"@type\":\"PropertyValueSpecification\",\"valueRequired\":true,\"valueName\":\"search_term_string\"}}],\"inLanguage\":\"pt-BR\"},{\"@type\":\"Organization\",\"@id\":\"https:\\\/\\\/carvalhoadvogado.aliamkt.com\\\/#organization\",\"name\":\"Pedro Carvalho Advogado\",\"url\":\"https:\\\/\\\/carvalhoadvogado.aliamkt.com\\\/\",\"logo\":{\"@type\":\"ImageObject\",\"inLanguage\":\"pt-BR\",\"@id\":\"https:\\\/\\\/carvalhoadvogado.aliamkt.com\\\/#\\\/schema\\\/logo\\\/image\\\/\",\"url\":\"https:\\\/\\\/carvalhoadvogado.aliamkt.com\\\/wp-content\\\/uploads\\\/2024\\\/06\\\/Logo-azul.png\",\"contentUrl\":\"https:\\\/\\\/carvalhoadvogado.aliamkt.com\\\/wp-content\\\/uploads\\\/2024\\\/06\\\/Logo-azul.png\",\"width\":500,\"height\":500,\"caption\":\"Pedro Carvalho Advogado\"},\"image\":{\"@id\":\"https:\\\/\\\/carvalhoadvogado.aliamkt.com\\\/#\\\/schema\\\/logo\\\/image\\\/\"}},{\"@type\":\"Person\",\"@id\":\"https:\\\/\\\/carvalhoadvogado.aliamkt.com\\\/#\\\/schema\\\/person\\\/8f4d67ba57d6160ee802836a319bd8eb\",\"name\":\"lailacarvalhoadv\",\"image\":{\"@type\":\"ImageObject\",\"inLanguage\":\"pt-BR\",\"@id\":\"https:\\\/\\\/secure.gravatar.com\\\/avatar\\\/a60961139a792fb5ca701fab485f653a1b3cc37cf8dbd4937b4134105caf5369?s=96&d=mm&r=g\",\"url\":\"https:\\\/\\\/secure.gravatar.com\\\/avatar\\\/a60961139a792fb5ca701fab485f653a1b3cc37cf8dbd4937b4134105caf5369?s=96&d=mm&r=g\",\"contentUrl\":\"https:\\\/\\\/secure.gravatar.com\\\/avatar\\\/a60961139a792fb5ca701fab485f653a1b3cc37cf8dbd4937b4134105caf5369?s=96&d=mm&r=g\",\"caption\":\"lailacarvalhoadv\"},\"sameAs\":[\"https:\\\/\\\/carvalhoadvogado.aliamkt.com\"],\"url\":\"https:\\\/\\\/carvalhoadvogado.aliamkt.com\\\/index.php\\\/author\\\/lailacarvalhoadv\\\/\"}]}<\/script>\n<!-- \/ Yoast SEO plugin. -->","yoast_head_json":{"title":"Rescis\u00e3o Indireta por Falta de Pagamento de Benef\u00edcios: Entenda Seus Direitos - Pedro Carvalho Advogado Trabalhista","description":"Rescis\u00e3o indireta por falta de pagamento de benef\u00edcios: saiba quando pedir, como provar e quais direitos o trabalhador garante na Justi\u00e7a.","robots":{"index":"index","follow":"follow","max-snippet":"max-snippet:-1","max-image-preview":"max-image-preview:large","max-video-preview":"max-video-preview:-1"},"canonical":"https:\/\/carvalhoadvogado.aliamkt.com\/index.php\/2025\/10\/28\/rescisao-indireta-por-falta-de-pagamento-de-beneficios-entenda-seus-direitos\/","og_locale":"pt_BR","og_type":"article","og_title":"Rescis\u00e3o Indireta por Falta de Pagamento de Benef\u00edcios: Entenda Seus Direitos - Pedro Carvalho Advogado Trabalhista","og_description":"Rescis\u00e3o indireta por falta de pagamento de benef\u00edcios: saiba quando pedir, como provar e quais direitos o trabalhador garante na Justi\u00e7a.","og_url":"https:\/\/carvalhoadvogado.aliamkt.com\/index.php\/2025\/10\/28\/rescisao-indireta-por-falta-de-pagamento-de-beneficios-entenda-seus-direitos\/","og_site_name":"Pedro Carvalho Advogado Trabalhista","article_published_time":"2025-10-28T12:29:43+00:00","og_image":[{"width":1200,"height":750,"url":"https:\/\/carvalhoadvogado.aliamkt.com\/wp-content\/uploads\/2025\/10\/advogado-trabalhista-no-eldorado-1.jpg","type":"image\/jpeg"}],"author":"lailacarvalhoadv","twitter_card":"summary_large_image","twitter_misc":{"Escrito por":"lailacarvalhoadv","Est. tempo de leitura":"8 minutos"},"schema":{"@context":"https:\/\/schema.org","@graph":[{"@type":"Article","@id":"https:\/\/carvalhoadvogado.aliamkt.com\/index.php\/2025\/10\/28\/rescisao-indireta-por-falta-de-pagamento-de-beneficios-entenda-seus-direitos\/#article","isPartOf":{"@id":"https:\/\/carvalhoadvogado.aliamkt.com\/index.php\/2025\/10\/28\/rescisao-indireta-por-falta-de-pagamento-de-beneficios-entenda-seus-direitos\/"},"author":{"name":"lailacarvalhoadv","@id":"https:\/\/carvalhoadvogado.aliamkt.com\/#\/schema\/person\/8f4d67ba57d6160ee802836a319bd8eb"},"headline":"Rescis\u00e3o Indireta por Falta de Pagamento de Benef\u00edcios: Entenda Seus Direitos","datePublished":"2025-10-28T12:29:43+00:00","mainEntityOfPage":{"@id":"https:\/\/carvalhoadvogado.aliamkt.com\/index.php\/2025\/10\/28\/rescisao-indireta-por-falta-de-pagamento-de-beneficios-entenda-seus-direitos\/"},"wordCount":1449,"commentCount":0,"publisher":{"@id":"https:\/\/carvalhoadvogado.aliamkt.com\/#organization"},"image":{"@id":"https:\/\/carvalhoadvogado.aliamkt.com\/index.php\/2025\/10\/28\/rescisao-indireta-por-falta-de-pagamento-de-beneficios-entenda-seus-direitos\/#primaryimage"},"thumbnailUrl":"https:\/\/carvalhoadvogado.aliamkt.com\/wp-content\/uploads\/2025\/10\/advogado-trabalhista-no-eldorado-1.jpg","articleSection":["Direito Trabalhista"],"inLanguage":"pt-BR","potentialAction":[{"@type":"CommentAction","name":"Comment","target":["https:\/\/carvalhoadvogado.aliamkt.com\/index.php\/2025\/10\/28\/rescisao-indireta-por-falta-de-pagamento-de-beneficios-entenda-seus-direitos\/#respond"]}]},{"@type":"WebPage","@id":"https:\/\/carvalhoadvogado.aliamkt.com\/index.php\/2025\/10\/28\/rescisao-indireta-por-falta-de-pagamento-de-beneficios-entenda-seus-direitos\/","url":"https:\/\/carvalhoadvogado.aliamkt.com\/index.php\/2025\/10\/28\/rescisao-indireta-por-falta-de-pagamento-de-beneficios-entenda-seus-direitos\/","name":"Rescis\u00e3o Indireta por Falta de Pagamento de Benef\u00edcios: Entenda Seus Direitos - Pedro Carvalho Advogado Trabalhista","isPartOf":{"@id":"https:\/\/carvalhoadvogado.aliamkt.com\/#website"},"primaryImageOfPage":{"@id":"https:\/\/carvalhoadvogado.aliamkt.com\/index.php\/2025\/10\/28\/rescisao-indireta-por-falta-de-pagamento-de-beneficios-entenda-seus-direitos\/#primaryimage"},"image":{"@id":"https:\/\/carvalhoadvogado.aliamkt.com\/index.php\/2025\/10\/28\/rescisao-indireta-por-falta-de-pagamento-de-beneficios-entenda-seus-direitos\/#primaryimage"},"thumbnailUrl":"https:\/\/carvalhoadvogado.aliamkt.com\/wp-content\/uploads\/2025\/10\/advogado-trabalhista-no-eldorado-1.jpg","datePublished":"2025-10-28T12:29:43+00:00","description":"Rescis\u00e3o indireta por falta de pagamento de benef\u00edcios: saiba quando pedir, como provar e quais direitos o trabalhador garante na Justi\u00e7a.","breadcrumb":{"@id":"https:\/\/carvalhoadvogado.aliamkt.com\/index.php\/2025\/10\/28\/rescisao-indireta-por-falta-de-pagamento-de-beneficios-entenda-seus-direitos\/#breadcrumb"},"inLanguage":"pt-BR","potentialAction":[{"@type":"ReadAction","target":["https:\/\/carvalhoadvogado.aliamkt.com\/index.php\/2025\/10\/28\/rescisao-indireta-por-falta-de-pagamento-de-beneficios-entenda-seus-direitos\/"]}]},{"@type":"ImageObject","inLanguage":"pt-BR","@id":"https:\/\/carvalhoadvogado.aliamkt.com\/index.php\/2025\/10\/28\/rescisao-indireta-por-falta-de-pagamento-de-beneficios-entenda-seus-direitos\/#primaryimage","url":"https:\/\/carvalhoadvogado.aliamkt.com\/wp-content\/uploads\/2025\/10\/advogado-trabalhista-no-eldorado-1.jpg","contentUrl":"https:\/\/carvalhoadvogado.aliamkt.com\/wp-content\/uploads\/2025\/10\/advogado-trabalhista-no-eldorado-1.jpg","width":1200,"height":750},{"@type":"BreadcrumbList","@id":"https:\/\/carvalhoadvogado.aliamkt.com\/index.php\/2025\/10\/28\/rescisao-indireta-por-falta-de-pagamento-de-beneficios-entenda-seus-direitos\/#breadcrumb","itemListElement":[{"@type":"ListItem","position":1,"name":"In\u00edcio","item":"https:\/\/carvalhoadvogado.aliamkt.com\/"},{"@type":"ListItem","position":2,"name":"Rescis\u00e3o Indireta por Falta de Pagamento de Benef\u00edcios: Entenda Seus Direitos"}]},{"@type":"WebSite","@id":"https:\/\/carvalhoadvogado.aliamkt.com\/#website","url":"https:\/\/carvalhoadvogado.aliamkt.com\/","name":"Pedro Carvalho Advogado","description":"Advogado Trabalhista","publisher":{"@id":"https:\/\/carvalhoadvogado.aliamkt.com\/#organization"},"potentialAction":[{"@type":"SearchAction","target":{"@type":"EntryPoint","urlTemplate":"https:\/\/carvalhoadvogado.aliamkt.com\/?s={search_term_string}"},"query-input":{"@type":"PropertyValueSpecification","valueRequired":true,"valueName":"search_term_string"}}],"inLanguage":"pt-BR"},{"@type":"Organization","@id":"https:\/\/carvalhoadvogado.aliamkt.com\/#organization","name":"Pedro Carvalho Advogado","url":"https:\/\/carvalhoadvogado.aliamkt.com\/","logo":{"@type":"ImageObject","inLanguage":"pt-BR","@id":"https:\/\/carvalhoadvogado.aliamkt.com\/#\/schema\/logo\/image\/","url":"https:\/\/carvalhoadvogado.aliamkt.com\/wp-content\/uploads\/2024\/06\/Logo-azul.png","contentUrl":"https:\/\/carvalhoadvogado.aliamkt.com\/wp-content\/uploads\/2024\/06\/Logo-azul.png","width":500,"height":500,"caption":"Pedro Carvalho Advogado"},"image":{"@id":"https:\/\/carvalhoadvogado.aliamkt.com\/#\/schema\/logo\/image\/"}},{"@type":"Person","@id":"https:\/\/carvalhoadvogado.aliamkt.com\/#\/schema\/person\/8f4d67ba57d6160ee802836a319bd8eb","name":"lailacarvalhoadv","image":{"@type":"ImageObject","inLanguage":"pt-BR","@id":"https:\/\/secure.gravatar.com\/avatar\/a60961139a792fb5ca701fab485f653a1b3cc37cf8dbd4937b4134105caf5369?s=96&d=mm&r=g","url":"https:\/\/secure.gravatar.com\/avatar\/a60961139a792fb5ca701fab485f653a1b3cc37cf8dbd4937b4134105caf5369?s=96&d=mm&r=g","contentUrl":"https:\/\/secure.gravatar.com\/avatar\/a60961139a792fb5ca701fab485f653a1b3cc37cf8dbd4937b4134105caf5369?s=96&d=mm&r=g","caption":"lailacarvalhoadv"},"sameAs":["https:\/\/carvalhoadvogado.aliamkt.com"],"url":"https:\/\/carvalhoadvogado.aliamkt.com\/index.php\/author\/lailacarvalhoadv\/"}]}},"_links":{"self":[{"href":"https:\/\/carvalhoadvogado.aliamkt.com\/index.php\/wp-json\/wp\/v2\/posts\/1412","targetHints":{"allow":["GET"]}}],"collection":[{"href":"https:\/\/carvalhoadvogado.aliamkt.com\/index.php\/wp-json\/wp\/v2\/posts"}],"about":[{"href":"https:\/\/carvalhoadvogado.aliamkt.com\/index.php\/wp-json\/wp\/v2\/types\/post"}],"author":[{"embeddable":true,"href":"https:\/\/carvalhoadvogado.aliamkt.com\/index.php\/wp-json\/wp\/v2\/users\/1"}],"replies":[{"embeddable":true,"href":"https:\/\/carvalhoadvogado.aliamkt.com\/index.php\/wp-json\/wp\/v2\/comments?post=1412"}],"version-history":[{"count":1,"href":"https:\/\/carvalhoadvogado.aliamkt.com\/index.php\/wp-json\/wp\/v2\/posts\/1412\/revisions"}],"predecessor-version":[{"id":1415,"href":"https:\/\/carvalhoadvogado.aliamkt.com\/index.php\/wp-json\/wp\/v2\/posts\/1412\/revisions\/1415"}],"wp:featuredmedia":[{"embeddable":true,"href":"https:\/\/carvalhoadvogado.aliamkt.com\/index.php\/wp-json\/wp\/v2\/media\/1414"}],"wp:attachment":[{"href":"https:\/\/carvalhoadvogado.aliamkt.com\/index.php\/wp-json\/wp\/v2\/media?parent=1412"}],"wp:term":[{"taxonomy":"category","embeddable":true,"href":"https:\/\/carvalhoadvogado.aliamkt.com\/index.php\/wp-json\/wp\/v2\/categories?post=1412"},{"taxonomy":"post_tag","embeddable":true,"href":"https:\/\/carvalhoadvogado.aliamkt.com\/index.php\/wp-json\/wp\/v2\/tags?post=1412"}],"curies":[{"name":"wp","href":"https:\/\/api.w.org\/{rel}","templated":true}]}}