{"id":1434,"date":"2025-11-05T11:40:35","date_gmt":"2025-11-05T14:40:35","guid":{"rendered":"https:\/\/carvalhoadvogado.aliamkt.com\/?p=1434"},"modified":"2025-11-05T11:40:35","modified_gmt":"2025-11-05T14:40:35","slug":"intervalo-de-refeicao-e-descanso-o-direito-esquecido-dos-motoristas-de-onibus","status":"publish","type":"post","link":"https:\/\/carvalhoadvogado.aliamkt.com\/index.php\/2025\/11\/05\/intervalo-de-refeicao-e-descanso-o-direito-esquecido-dos-motoristas-de-onibus\/","title":{"rendered":"Intervalo de Refei\u00e7\u00e3o e Descanso: o Direito Esquecido dos Motoristas de \u00d4nibus"},"content":{"rendered":"<h2><b>Introdu\u00e7\u00e3o<\/b><\/h2>\n<p><span style=\"font-weight: 400;\">Voc\u00ea, motorista de \u00f4nibus, j\u00e1 se viu <\/span><b>sem tempo nem para almo\u00e7ar direito<\/b><span style=\"font-weight: 400;\"> durante o expediente?<\/span><span style=\"font-weight: 400;\"><br \/>\n<\/span><span style=\"font-weight: 400;\">Ou, pior ainda, j\u00e1 precisou <\/span><b>comer dentro do \u00f4nibus, com o motor ligado e passageiros esperando<\/b><span style=\"font-weight: 400;\">?<\/span><\/p>\n<p><span style=\"font-weight: 400;\">Pois \u00e9. Isso acontece com <\/span><b>muitos profissionais do transporte coletivo<\/b><span style=\"font-weight: 400;\">. Apesar de a lei garantir o <\/span><b>direito a intervalo para refei\u00e7\u00e3o e descanso<\/b><span style=\"font-weight: 400;\">, diversas empresas <\/span><b>ignoram<\/b><span style=\"font-weight: 400;\"> ou <\/span><b>burlam<\/b><span style=\"font-weight: 400;\"> essa regra.<\/span><\/p>\n<p><span style=\"font-weight: 400;\">Por isso, neste artigo, vamos explicar <\/span><b>tudo o que voc\u00ea precisa saber<\/b><span style=\"font-weight: 400;\"> sobre esse direito: o que diz a <\/span><b>CLT<\/b><span style=\"font-weight: 400;\">, o que determina a <\/span><b>Lei do Motorista<\/b><span style=\"font-weight: 400;\">, e como <\/span><b>provar que a empresa est\u00e1 errada<\/b><span style=\"font-weight: 400;\">.<\/span><span style=\"font-weight: 400;\"><br \/>\n<\/span><span style=\"font-weight: 400;\"> Al\u00e9m disso, voc\u00ea vai entender <\/span><b>como receber retroativamente<\/b><span style=\"font-weight: 400;\"> o que \u00e9 devido.<\/span><\/p>\n<p><span style=\"font-weight: 400;\">Portanto, continue lendo com aten\u00e7\u00e3o, porque o <\/span><b>intervalo \u00e9 mais do que um momento de pausa \u2014 \u00e9 um direito fundamental.<\/b><\/p>\n<h2><b>O que a CLT garante sobre o intervalo de refei\u00e7\u00e3o<\/b><\/h2>\n<p><span style=\"font-weight: 400;\">Antes de tudo, \u00e9 importante compreender o que diz a lei.<\/span><span style=\"font-weight: 400;\"><br \/>\n<\/span><span style=\"font-weight: 400;\"> A <\/span><b>Consolida\u00e7\u00e3o das Leis do Trabalho (CLT)<\/b><span style=\"font-weight: 400;\">, no artigo <\/span><b>71<\/b><span style=\"font-weight: 400;\">, estabelece que:<\/span><\/p>\n<p><span style=\"font-weight: 400;\">\u201cEm qualquer trabalho cont\u00ednuo, cuja dura\u00e7\u00e3o exceda 6 horas, \u00e9 obrigat\u00f3ria a concess\u00e3o de um intervalo para repouso ou alimenta\u00e7\u00e3o, de no m\u00ednimo 1 hora e, salvo acordo escrito ou contrato coletivo, n\u00e3o poder\u00e1 exceder 2 horas.\u201d<\/span><\/p>\n<p><span style=\"font-weight: 400;\">Em outras palavras, todo trabalhador que exerce jornada acima de 6 horas <\/span><b>deve ter pelo menos 1 hora de intervalo<\/b><span style=\"font-weight: 400;\">.<\/span><span style=\"font-weight: 400;\"><br \/>\n<\/span><span style=\"font-weight: 400;\"> Al\u00e9m disso, para quem trabalha entre 4 e 6 horas, o descanso deve ser de <\/span><b>15 minutos<\/b><span style=\"font-weight: 400;\">.<\/span><\/p>\n<p><span style=\"font-weight: 400;\">No entanto, como o trabalho do motorista de \u00f4nibus <\/span><b>possui caracter\u00edsticas pr\u00f3prias<\/b><span style=\"font-weight: 400;\">, foi criada uma legisla\u00e7\u00e3o espec\u00edfica: a <\/span><b>Lei 13.103\/2015<\/b><span style=\"font-weight: 400;\">, conhecida como <\/span><b>Lei do Motorista Profissional<\/b><span style=\"font-weight: 400;\">.<\/span><\/p>\n<h2><b>O que diz a Lei do Motorista Profissional<\/b><\/h2>\n<p><span style=\"font-weight: 400;\">Essa lei surgiu justamente para <\/span><b>adequar a CLT \u00e0 rotina de quem vive nas estradas ou no transporte coletivo urbano<\/b><span style=\"font-weight: 400;\">.<\/span><span style=\"font-weight: 400;\"><br \/>\n<\/span><span style=\"font-weight: 400;\"> De acordo com ela, o motorista tem direito a:<\/span><\/p>\n<ul>\n<li style=\"font-weight: 400;\" aria-level=\"1\"><b>Intervalo m\u00ednimo de 1 hora para refei\u00e7\u00e3o<\/b><span style=\"font-weight: 400;\">;<\/span><span style=\"font-weight: 400;\">\n<p><\/span><\/li>\n<li style=\"font-weight: 400;\" aria-level=\"1\"><b>Descanso di\u00e1rio de 11 horas consecutivas<\/b><span style=\"font-weight: 400;\"> entre jornadas;<\/span><span style=\"font-weight: 400;\">\n<p><\/span><\/li>\n<li style=\"font-weight: 400;\" aria-level=\"1\"><b>Pausas de 30 minutos a cada 6 horas ao volante<\/b><span style=\"font-weight: 400;\">, em viagens longas;<\/span><span style=\"font-weight: 400;\">\n<p><\/span><\/li>\n<li style=\"font-weight: 400;\" aria-level=\"1\"><b>Folga semanal remunerada<\/b><span style=\"font-weight: 400;\">, de prefer\u00eancia aos domingos.<\/span><span style=\"font-weight: 400;\">\n<p><\/span><\/li>\n<\/ul>\n<p><span style=\"font-weight: 400;\">Ou seja, a lei n\u00e3o apenas reconhece o direito \u00e0 pausa, mas tamb\u00e9m <\/span><b>obriga as empresas<\/b><span style=\"font-weight: 400;\"> a garantirem que esse tempo seja <\/span><b>realmente respeitado<\/b><span style=\"font-weight: 400;\">.<\/span><\/p>\n<p><span style=\"font-weight: 400;\">Al\u00e9m disso, a norma pro\u00edbe que a empresa <\/span><b>reduza o intervalo<\/b><span style=\"font-weight: 400;\"> sem autoriza\u00e7\u00e3o em conven\u00e7\u00e3o coletiva. Portanto, <\/span><b>nenhum gestor pode decidir isso sozinho.<\/b><\/p>\n<h2><b>Quando o intervalo \u00e9 considerado inv\u00e1lido<\/b><\/h2>\n<p><span style=\"font-weight: 400;\">Embora muitas empresas afirmem conceder o intervalo, <\/span><b>na pr\u00e1tica ele nem sempre acontece de forma legal<\/b><span style=\"font-weight: 400;\">.<\/span><span style=\"font-weight: 400;\"><br \/>\n<\/span><span style=\"font-weight: 400;\"> De acordo com a Justi\u00e7a do Trabalho, o intervalo <\/span><b>s\u00f3 \u00e9 v\u00e1lido<\/b><span style=\"font-weight: 400;\"> quando o motorista <\/span><b>fica totalmente livre das obriga\u00e7\u00f5es<\/b><span style=\"font-weight: 400;\">.<\/span><\/p>\n<p><span style=\"font-weight: 400;\">Por exemplo:<\/span><\/p>\n<ul>\n<li style=\"font-weight: 400;\" aria-level=\"1\"><span style=\"font-weight: 400;\">Se o motorista <\/span><b>permanece dentro do \u00f4nibus<\/b><span style=\"font-weight: 400;\"> aguardando nova viagem, o intervalo <\/span><b>n\u00e3o vale<\/b><span style=\"font-weight: 400;\">;<\/span><span style=\"font-weight: 400;\">\n<p><\/span><\/li>\n<li style=\"font-weight: 400;\" aria-level=\"1\"><span style=\"font-weight: 400;\">Se ele <\/span><b>come dentro do ve\u00edculo<\/b><span style=\"font-weight: 400;\"> com o motor ligado, <\/span><b>tamb\u00e9m n\u00e3o vale<\/b><span style=\"font-weight: 400;\">;<\/span><span style=\"font-weight: 400;\">\n<p><\/span><\/li>\n<li style=\"font-weight: 400;\" aria-level=\"1\"><span style=\"font-weight: 400;\">Se a empresa marca o intervalo no ponto eletr\u00f4nico, mas o motorista <\/span><b>segue em rota<\/b><span style=\"font-weight: 400;\">, <\/span><b>n\u00e3o \u00e9 descanso<\/b><span style=\"font-weight: 400;\">;<\/span><span style=\"font-weight: 400;\">\n<p><\/span><\/li>\n<li style=\"font-weight: 400;\" aria-level=\"1\"><span style=\"font-weight: 400;\">Se o tempo de pausa \u00e9 <\/span><b>fracionado em pequenas paradas<\/b><span style=\"font-weight: 400;\">, isso <\/span><b>n\u00e3o cumpre a lei<\/b><span style=\"font-weight: 400;\">;<\/span><span style=\"font-weight: 400;\">\n<p><\/span><\/li>\n<li style=\"font-weight: 400;\" aria-level=\"1\"><span style=\"font-weight: 400;\">E se o motorista \u00e9 <\/span><b>chamado durante o intervalo<\/b><span style=\"font-weight: 400;\">, o descanso \u00e9 automaticamente <\/span><b>anulado<\/b><span style=\"font-weight: 400;\">.<\/span><span style=\"font-weight: 400;\">\n<p><\/span><\/li>\n<\/ul>\n<p><span style=\"font-weight: 400;\">Portanto, sempre que o trabalhador <\/span><b>n\u00e3o estiver realmente livre<\/b><span style=\"font-weight: 400;\">, o intervalo <\/span><b>deve ser pago como hora extra<\/b><span style=\"font-weight: 400;\">.<\/span><\/p>\n<p><span style=\"font-weight: 400;\">Al\u00e9m disso, a CLT determina que o pagamento seja feito <\/span><b>com acr\u00e9scimo de 50% sobre a hora normal<\/b><span style=\"font-weight: 400;\">, o que pode representar <\/span><b>valores significativos ao longo do tempo<\/b><span style=\"font-weight: 400;\">.<\/span><\/p>\n<h2><b>Por que as empresas descumprem o intervalo<\/b><\/h2>\n<p><span style=\"font-weight: 400;\">Na maioria das vezes, as empresas alegam <\/span><b>press\u00e3o de hor\u00e1rio e cumprimento de itiner\u00e1rios<\/b><span style=\"font-weight: 400;\">.<\/span><span style=\"font-weight: 400;\"><br \/>\n<\/span><span style=\"font-weight: 400;\"> Al\u00e9m disso, o sistema de transporte coletivo \u00e9 rigidamente controlado, com <\/span><b>partidas e chegadas programadas<\/b><span style=\"font-weight: 400;\"> quase ao minuto.<\/span><\/p>\n<p><span style=\"font-weight: 400;\">Por isso, os motoristas s\u00e3o <\/span><b>pressionados a comer rapidamente<\/b><span style=\"font-weight: 400;\">, muitas vezes <\/span><b>sem sair do ve\u00edculo<\/b><span style=\"font-weight: 400;\">.<\/span><span style=\"font-weight: 400;\"><br \/>\n<\/span><span style=\"font-weight: 400;\"> Em contrapartida, a empresa <\/span><b>mant\u00e9m as apar\u00eancias<\/b><span style=\"font-weight: 400;\">, registrando o intervalo no ponto como se ele tivesse sido respeitado.<\/span><\/p>\n<p><span style=\"font-weight: 400;\">No entanto, essa pr\u00e1tica \u00e9 <\/span><b>ilegal e desumana<\/b><span style=\"font-weight: 400;\">.<\/span><span style=\"font-weight: 400;\"><br \/>\n<\/span><span style=\"font-weight: 400;\"> Al\u00e9m de violar a lei, compromete a <\/span><b>sa\u00fade f\u00edsica e mental<\/b><span style=\"font-weight: 400;\"> do motorista.<\/span><\/p>\n<p><span style=\"font-weight: 400;\">Portanto, mesmo que o empregador diga que \u201cn\u00e3o h\u00e1 tempo\u201d ou \u201c\u00e9 assim que funciona\u201d, saiba que <\/span><b>nenhuma rotina de trabalho pode se sobrepor \u00e0 lei.<\/b><\/p>\n<h2><b>Como provar que o intervalo n\u00e3o \u00e9 concedido corretamente<\/b><\/h2>\n<p><span style=\"font-weight: 400;\">Voc\u00ea deve estar se perguntando: \u201cMas como vou provar isso?\u201d<\/span><span style=\"font-weight: 400;\"><br \/>\n<\/span><span style=\"font-weight: 400;\"> A boa not\u00edcia \u00e9 que a <\/span><b>Justi\u00e7a aceita v\u00e1rios tipos de prova<\/b><span style=\"font-weight: 400;\">, e <\/span><b>n\u00e3o \u00e9 preciso depender apenas do ponto eletr\u00f4nico<\/b><span style=\"font-weight: 400;\">.<\/span><\/p>\n<p><span style=\"font-weight: 400;\">Al\u00e9m disso, o motorista pode juntar elementos simples que comprovem sua rotina.<\/span><span style=\"font-weight: 400;\"><br \/>\n<\/span><span style=\"font-weight: 400;\"> Veja algumas op\u00e7\u00f5es:<\/span><\/p>\n<ul>\n<li style=\"font-weight: 400;\" aria-level=\"1\"><b>Mensagens de WhatsApp<\/b><span style=\"font-weight: 400;\"> enviadas durante o hor\u00e1rio de \u201cintervalo\u201d;<\/span><span style=\"font-weight: 400;\">\n<p><\/span><\/li>\n<li style=\"font-weight: 400;\" aria-level=\"1\"><b>Relat\u00f3rios de tac\u00f3grafo ou GPS<\/b><span style=\"font-weight: 400;\">, que mostram o \u00f4nibus em movimento;<\/span><span style=\"font-weight: 400;\">\n<p><\/span><\/li>\n<li style=\"font-weight: 400;\" aria-level=\"1\"><b>Testemunhas<\/b><span style=\"font-weight: 400;\">, como cobradores e colegas de linha;<\/span><span style=\"font-weight: 400;\">\n<p><\/span><\/li>\n<li style=\"font-weight: 400;\" aria-level=\"1\"><b>Escalas de servi\u00e7o<\/b><span style=\"font-weight: 400;\"> com hor\u00e1rios incompat\u00edveis com pausas reais;<\/span><span style=\"font-weight: 400;\">\n<p><\/span><\/li>\n<li style=\"font-weight: 400;\" aria-level=\"1\"><b>Fotos, anota\u00e7\u00f5es ou registros pessoais<\/b><span style=\"font-weight: 400;\"> que comprovem o dia a dia.<\/span><span style=\"font-weight: 400;\">\n<p><\/span><\/li>\n<\/ul>\n<p><span style=\"font-weight: 400;\">Enquanto isso, se a empresa <\/span><b>n\u00e3o apresentar o controle de jornada<\/b><span style=\"font-weight: 400;\">, o juiz <\/span><b>presume verdadeiros os hor\u00e1rios relatados pelo motorista<\/b><span style=\"font-weight: 400;\">.<\/span><\/p>\n<p><span style=\"font-weight: 400;\">Portanto, \u00e9 essencial <\/span><b>guardar qualquer evid\u00eancia<\/b><span style=\"font-weight: 400;\"> que demonstre a falta de descanso real.<\/span><\/p>\n<h2><b>Como \u00e9 feito o c\u00e1lculo do intervalo n\u00e3o concedido<\/b><\/h2>\n<p><span style=\"font-weight: 400;\">De forma pr\u00e1tica, o intervalo suprimido <\/span><b>\u00e9 pago como hora extra<\/b><span style=\"font-weight: 400;\">, com <\/span><b>acr\u00e9scimo m\u00ednimo de 50%<\/b><span style=\"font-weight: 400;\">.<\/span><\/p>\n<p><span style=\"font-weight: 400;\">Por exemplo:<\/span><span style=\"font-weight: 400;\"><br \/>\n<\/span><span style=\"font-weight: 400;\"> Se a sua hora normal vale <\/span><b>R$ 12<\/b><span style=\"font-weight: 400;\">, e voc\u00ea deixou de ter 1 hora de intervalo por 22 dias no m\u00eas,<\/span><span style=\"font-weight: 400;\"><br \/>\n<\/span><span style=\"font-weight: 400;\"> teria direito a <\/span><b>R$ 12 x 1,5 x 22 = R$ 396,00<\/b><span style=\"font-weight: 400;\">, <\/span><b>fora os reflexos<\/b><span style=\"font-weight: 400;\"> (13\u00ba, f\u00e9rias, FGTS e DSR).<\/span><\/p>\n<p><span style=\"font-weight: 400;\">Al\u00e9m disso, se a empresa manteve essa pr\u00e1tica por anos, o valor acumulado pode ser <\/span><b>muito alto<\/b><span style=\"font-weight: 400;\">.<\/span><span style=\"font-weight: 400;\"><br \/>\n<\/span><span style=\"font-weight: 400;\"> Portanto, vale a pena buscar seus direitos.<\/span><\/p>\n<h2><b>Intervalo parcial tamb\u00e9m gera direito<\/b><\/h2>\n<p><span style=\"font-weight: 400;\">Sim! Mesmo quando o intervalo \u00e9 <\/span><b>parcialmente concedido<\/b><span style=\"font-weight: 400;\">, o motorista <\/span><b>tem direito ao pagamento proporcional<\/b><span style=\"font-weight: 400;\">.<\/span><\/p>\n<p><span style=\"font-weight: 400;\">Por exemplo:<\/span><span style=\"font-weight: 400;\"><br \/>\n<\/span><span style=\"font-weight: 400;\"> Se a pausa deveria durar 1 hora, mas foi de apenas 30 minutos, os <\/span><b>outros 30 minutos devem ser pagos como hora extra<\/b><span style=\"font-weight: 400;\">.<\/span><\/p>\n<p><span style=\"font-weight: 400;\">A CLT \u00e9 clara:<\/span><\/p>\n<p><span style=\"font-weight: 400;\">\u201cA n\u00e3o concess\u00e3o total ou parcial do intervalo intrajornada implica o pagamento do per\u00edodo correspondente com acr\u00e9scimo de, no m\u00ednimo, 50%.\u201d<\/span><\/p>\n<p><span style=\"font-weight: 400;\">Al\u00e9m disso, essa regra vale mesmo se houver \u201cautoriza\u00e7\u00e3o informal\u201d do superior.<\/span><span style=\"font-weight: 400;\"><br \/>\n<\/span><span style=\"font-weight: 400;\"> Ou seja, <\/span><b>nenhuma pr\u00e1tica irregular \u00e9 validada pela rotina da empresa.<\/b><\/p>\n<h2><b>Intervalo dentro do \u00f4nibus: \u00e9 permitido?<\/b><\/h2>\n<p><img fetchpriority=\"high\" decoding=\"async\" class=\"alignnone size-medium wp-image-1436\" src=\"https:\/\/carvalhoadvogado.aliamkt.com\/wp-content\/uploads\/2025\/11\/advogado-trabalhista-no-eldorado-2-300x169.jpg\" alt=\"\" width=\"300\" height=\"169\" srcset=\"https:\/\/carvalhoadvogado.aliamkt.com\/wp-content\/uploads\/2025\/11\/advogado-trabalhista-no-eldorado-2-300x169.jpg 300w, https:\/\/carvalhoadvogado.aliamkt.com\/wp-content\/uploads\/2025\/11\/advogado-trabalhista-no-eldorado-2-150x85.jpg 150w, https:\/\/carvalhoadvogado.aliamkt.com\/wp-content\/uploads\/2025\/11\/advogado-trabalhista-no-eldorado-2-600x338.jpg 600w, https:\/\/carvalhoadvogado.aliamkt.com\/wp-content\/uploads\/2025\/11\/advogado-trabalhista-no-eldorado-2.jpg 736w\" sizes=\"(max-width: 300px) 100vw, 300px\" \/><\/p>\n<p><span style=\"font-weight: 400;\">Muitos motoristas acreditam que <\/span><b>descansar dentro do \u00f4nibus<\/b><span style=\"font-weight: 400;\"> vale como intervalo.<\/span><span style=\"font-weight: 400;\"><br \/>\n<\/span><span style=\"font-weight: 400;\"> No entanto, a Justi\u00e7a entende que <\/span><b>n\u00e3o \u00e9 descanso real<\/b><span style=\"font-weight: 400;\">.<\/span><\/p>\n<p><span style=\"font-weight: 400;\">Isso porque o motorista <\/span><b>n\u00e3o se desliga das obriga\u00e7\u00f5es<\/b><span style=\"font-weight: 400;\">, <\/span><b>continua uniformizado<\/b><span style=\"font-weight: 400;\"> e <\/span><b>pode ser chamado a qualquer momento<\/b><span style=\"font-weight: 400;\">.<\/span><span style=\"font-weight: 400;\"><br \/>\n<\/span><span style=\"font-weight: 400;\"> Portanto, esse tipo de pausa <\/span><b>n\u00e3o tem validade jur\u00eddica<\/b><span style=\"font-weight: 400;\">.<\/span><\/p>\n<p><span style=\"font-weight: 400;\">Al\u00e9m disso, se o ve\u00edculo estiver estacionado em locais inseguros ou movimentados, o motorista <\/span><b>permanece em estado de alerta<\/b><span style=\"font-weight: 400;\">, o que descaracteriza totalmente o descanso.<\/span><\/p>\n<p><span style=\"font-weight: 400;\">Consequentemente, essas pausas devem ser <\/span><b>pagas como horas extras<\/b><span style=\"font-weight: 400;\">.<\/span><\/p>\n<h2><b>Por que o descanso \u00e9 t\u00e3o importante<\/b><\/h2>\n<p><span style=\"font-weight: 400;\">Mais do que uma quest\u00e3o financeira, o intervalo \u00e9 <\/span><b>uma medida de prote\u00e7\u00e3o \u00e0 sa\u00fade<\/b><span style=\"font-weight: 400;\">.<\/span><span style=\"font-weight: 400;\"><br \/>\n<\/span><span style=\"font-weight: 400;\"> Quando o motorista n\u00e3o tem pausas adequadas, surgem diversos problemas, como:<\/span><\/p>\n<ul>\n<li style=\"font-weight: 400;\" aria-level=\"1\"><span style=\"font-weight: 400;\">Dores nas costas e nas pernas;<\/span><span style=\"font-weight: 400;\">\n<p><\/span><\/li>\n<li style=\"font-weight: 400;\" aria-level=\"1\"><span style=\"font-weight: 400;\">Press\u00e3o alta e estresse;<\/span><span style=\"font-weight: 400;\">\n<p><\/span><\/li>\n<li style=\"font-weight: 400;\" aria-level=\"1\"><span style=\"font-weight: 400;\">Gastrite e m\u00e1 digest\u00e3o;<\/span><span style=\"font-weight: 400;\">\n<p><\/span><\/li>\n<li style=\"font-weight: 400;\" aria-level=\"1\"><span style=\"font-weight: 400;\">Sonol\u00eancia ao volante;<\/span><span style=\"font-weight: 400;\">\n<p><\/span><\/li>\n<li style=\"font-weight: 400;\" aria-level=\"1\"><span style=\"font-weight: 400;\">Irritabilidade e fadiga extrema.<\/span><span style=\"font-weight: 400;\">\n<p><\/span><\/li>\n<\/ul>\n<p><span style=\"font-weight: 400;\">Al\u00e9m disso, a falta de descanso <\/span><b>aumenta o risco de acidentes<\/b><span style=\"font-weight: 400;\">, tanto com o \u00f4nibus quanto no trajeto de volta para casa.<\/span><\/p>\n<p><span style=\"font-weight: 400;\">Portanto, o intervalo n\u00e3o \u00e9 um favor da empresa \u2014 <\/span><b>\u00e9 um direito garantido para proteger vidas.<\/b><\/p>\n<h2><b>A empresa pode descontar o intervalo da jornada?<\/b><\/h2>\n<p><span style=\"font-weight: 400;\">Depende da situa\u00e7\u00e3o.<\/span><span style=\"font-weight: 400;\"><br \/>\n<\/span><span style=\"font-weight: 400;\"> O tempo de intervalo <\/span><b>n\u00e3o \u00e9 considerado hora trabalhada<\/b><span style=\"font-weight: 400;\"> quando ele \u00e9 realmente concedido.<\/span><\/p>\n<p><span style=\"font-weight: 400;\">Por outro lado, se o motorista <\/span><b>n\u00e3o descansa de verdade<\/b><span style=\"font-weight: 400;\">, esse per\u00edodo <\/span><b>deve ser remunerado<\/b><span style=\"font-weight: 400;\">.<\/span><span style=\"font-weight: 400;\"><br \/>\n<\/span><span style=\"font-weight: 400;\"> Em resumo:<\/span><\/p>\n<ul>\n<li style=\"font-weight: 400;\" aria-level=\"1\"><span style=\"font-weight: 400;\">Se h\u00e1 descanso, <\/span><b>o tempo n\u00e3o \u00e9 pago<\/b><span style=\"font-weight: 400;\">;<\/span><span style=\"font-weight: 400;\">\n<p><\/span><\/li>\n<li style=\"font-weight: 400;\" aria-level=\"1\"><span style=\"font-weight: 400;\">Se n\u00e3o h\u00e1 descanso, <\/span><b>vira hora extra<\/b><span style=\"font-weight: 400;\">.<\/span><span style=\"font-weight: 400;\">\n<p><\/span><\/li>\n<\/ul>\n<p><span style=\"font-weight: 400;\">Portanto, a empresa <\/span><b>s\u00f3 pode descontar o intervalo<\/b><span style=\"font-weight: 400;\"> se ele <\/span><b>for efetivamente usufru\u00eddo<\/b><span style=\"font-weight: 400;\">.<\/span><\/p>\n<h2><b>Posso processar a empresa mesmo estando empregado?<\/b><\/h2>\n<p><span style=\"font-weight: 400;\">Sim, pode.<\/span><span style=\"font-weight: 400;\"><br \/>\n<\/span><span style=\"font-weight: 400;\"> E essa \u00e9 uma d\u00favida comum entre motoristas.<\/span><span style=\"font-weight: 400;\"><br \/>\n<\/span><span style=\"font-weight: 400;\"> A boa not\u00edcia \u00e9 que <\/span><b>a Justi\u00e7a protege o trabalhador contra qualquer tipo de retalia\u00e7\u00e3o<\/b><span style=\"font-weight: 400;\">.<\/span><\/p>\n<p><span style=\"font-weight: 400;\">Portanto, o motorista pode <\/span><b>entrar com a\u00e7\u00e3o<\/b><span style=\"font-weight: 400;\"> e <\/span><b>continuar no emprego normalmente<\/b><span style=\"font-weight: 400;\">.<\/span><span style=\"font-weight: 400;\"><br \/>\n<\/span><span style=\"font-weight: 400;\"> Caso haja persegui\u00e7\u00e3o, advert\u00eancias injustas ou amea\u00e7as, o advogado pode pedir a <\/span><b>rescis\u00e3o indireta<\/b><span style=\"font-weight: 400;\"> \u2014 uma forma de sair da empresa <\/span><b>com todos os direitos pagos<\/b><span style=\"font-weight: 400;\">.<\/span><\/p>\n<p><span style=\"font-weight: 400;\">Al\u00e9m disso, a a\u00e7\u00e3o trabalhista corre <\/span><b>em sigilo<\/b><span style=\"font-weight: 400;\">, garantindo a sua <\/span><b>seguran\u00e7a e tranquilidade<\/b><span style=\"font-weight: 400;\">.<\/span><\/p>\n<h2><b>Passo a passo para agir corretamente<\/b><\/h2>\n<p><span style=\"font-weight: 400;\">Para garantir seus direitos de forma segura, siga estas orienta\u00e7\u00f5es pr\u00e1ticas:<\/span><\/p>\n<ol>\n<li style=\"font-weight: 400;\" aria-level=\"1\"><b>Anote seus hor\u00e1rios reais<\/b><span style=\"font-weight: 400;\"> todos os dias;<\/span><span style=\"font-weight: 400;\">\n<p><\/span><\/li>\n<li style=\"font-weight: 400;\" aria-level=\"1\"><b>Guarde provas<\/b><span style=\"font-weight: 400;\">, como mensagens e escalas;<\/span><span style=\"font-weight: 400;\">\n<p><\/span><\/li>\n<li style=\"font-weight: 400;\" aria-level=\"1\"><b>Converse com colegas<\/b><span style=\"font-weight: 400;\"> que possam confirmar sua rotina;<\/span><span style=\"font-weight: 400;\">\n<p><\/span><\/li>\n<li style=\"font-weight: 400;\" aria-level=\"1\"><b>Procure um advogado trabalhista<\/b><span style=\"font-weight: 400;\"> especializado;<\/span><span style=\"font-weight: 400;\">\n<p><\/span><\/li>\n<li style=\"font-weight: 400;\" aria-level=\"1\"><b>Evite confrontar diretamente a empresa<\/b><span style=\"font-weight: 400;\"> sem orienta\u00e7\u00e3o.<\/span><span style=\"font-weight: 400;\">\n<p><\/span><\/li>\n<\/ol>\n<p><span style=\"font-weight: 400;\">Assim, voc\u00ea age de forma <\/span><b>inteligente, discreta e estrat\u00e9gica<\/b><span style=\"font-weight: 400;\">.<\/span><\/p>\n<h2><b>Conclus\u00e3o<\/b><\/h2>\n<p><span style=\"font-weight: 400;\">O <\/span><b>intervalo de refei\u00e7\u00e3o e descanso<\/b><span style=\"font-weight: 400;\"> \u00e9 um <\/span><b>direito garantido pela lei<\/b><span style=\"font-weight: 400;\"> e <\/span><b>essencial para a sa\u00fade do motorista<\/b><span style=\"font-weight: 400;\">.<\/span><span style=\"font-weight: 400;\"><br \/>\n<\/span><span style=\"font-weight: 400;\"> Al\u00e9m disso, ele reflete diretamente na seguran\u00e7a de todos \u2014 inclusive dos passageiros.<\/span><\/p>\n<p><span style=\"font-weight: 400;\">Portanto, se a empresa <\/span><b>n\u00e3o respeita suas pausas<\/b><span style=\"font-weight: 400;\">, <\/span><b>reduz o tempo de descanso<\/b><span style=\"font-weight: 400;\"> ou <\/span><b>obriga voc\u00ea a comer dentro do \u00f4nibus<\/b><span style=\"font-weight: 400;\">, saiba que isso <\/span><b>\u00e9 ilegal<\/b><span style=\"font-weight: 400;\">.<\/span><\/p>\n<p><span style=\"font-weight: 400;\">Voc\u00ea pode \u2014 e deve \u2014 <\/span><b>buscar seus direitos<\/b><span style=\"font-weight: 400;\">.<\/span><span style=\"font-weight: 400;\"><br \/>\n<\/span><span style=\"font-weight: 400;\"> Com ajuda jur\u00eddica, \u00e9 poss\u00edvel <\/span><b>recuperar valores retroativos<\/b><span style=\"font-weight: 400;\"> e <\/span><b>melhorar suas condi\u00e7\u00f5es de trabalho<\/b><span style=\"font-weight: 400;\">.<\/span><\/p>\n<p><span style=\"font-weight: 400;\">Em resumo: <\/span><b>descansar \u00e9 um direito, n\u00e3o um privil\u00e9gio.<\/b><\/p>\n<h2><b>Perguntas Frequentes (FAQ)<\/b><\/h2>\n<h3><b>1. Posso dividir o intervalo em pausas curtas?<\/b><\/h3>\n<p><span style=\"font-weight: 400;\">Somente se houver <\/span><b>acordo coletivo<\/b><span style=\"font-weight: 400;\">. Caso contr\u00e1rio, o intervalo deve ser <\/span><b>concedido de uma s\u00f3 vez<\/b><span style=\"font-weight: 400;\">.<\/span><\/p>\n<h3><b>2. E se eu ainda estiver trabalhando na empresa?<\/b><\/h3>\n<p><span style=\"font-weight: 400;\">Voc\u00ea pode <\/span><b>entrar com o processo mesmo assim<\/b><span style=\"font-weight: 400;\">. A empresa <\/span><b>n\u00e3o pode demitir por isso<\/b><span style=\"font-weight: 400;\">, sob pena de <\/span><b>indeniza\u00e7\u00e3o por retalia\u00e7\u00e3o<\/b><span style=\"font-weight: 400;\">.<\/span><\/p>\n<h3><b>3. Qual o prazo para cobrar meus direitos?<\/b><\/h3>\n<p><span style=\"font-weight: 400;\">Voc\u00ea pode exigir os valores referentes aos <\/span><b>\u00faltimos 5 anos<\/b><span style=\"font-weight: 400;\">, desde que <\/span><b>a a\u00e7\u00e3o seja ajuizada em at\u00e9 2 anos ap\u00f3s sair da empresa<\/b><span style=\"font-weight: 400;\">.<\/span><\/p>\n<h3><b>4. E se a empresa n\u00e3o apresentar o ponto?<\/b><\/h3>\n<p><span style=\"font-weight: 400;\">Nesse caso, o juiz <\/span><b>considera verdadeira a jornada descrita pelo trabalhador<\/b><span style=\"font-weight: 400;\">, aumentando suas chances de \u00eaxito.<\/span><\/p>\n<h3><b>5. Intervalo reduzido tamb\u00e9m gera pagamento?<\/b><\/h3>\n<p><span style=\"font-weight: 400;\">Sim. Mesmo que o intervalo tenha sido <\/span><b>apenas parcialmente suprimido<\/b><span style=\"font-weight: 400;\">, o tempo restante <\/span><b>deve ser pago como hora extra<\/b><span style=\"font-weight: 400;\">.<\/span><\/p>\n<p><b>Fale com o Dr. Pedro Carvalho!<\/b><\/p>\n<p><b>Clique no bot\u00e3o abaixo e obtenha a orienta\u00e7\u00e3o jur\u00eddica que voc\u00ea precisa para resolver suas quest\u00f5es com seguran\u00e7a e confian\u00e7a.\u00a0<\/b><\/p>\n<p><a href=\"https:\/\/wa.me\/5531975283687\"><b>Fale comigo agora mesmo<\/b><\/a><\/p>\n<p><b>Siga-nos na rede social, @pedroncarvalhoadv, e fique por dentro das \u00faltimas novidades!<\/b><\/p>\n<p><b>Leia tamb\u00e9m: <\/b><a href=\"https:\/\/carvalhoadvogado.aliamkt.com\/index.php\/2025\/09\/05\/rescisao-indireta-por-atraso-de-salario-saiba-como-garantir-seus-direitos\/\"><b>Rescis\u00e3o Indireta por Atraso de Sal\u00e1rio<\/b><span style=\"font-weight: 400;\">: Saiba Como Garantir Seus Direitos<\/span><\/a><\/p>\n<p><a href=\"https:\/\/carvalhoadvogado.aliamkt.com\/index.php\/2025\/05\/07\/processar-a-empresa-trabalhando-mito-ou-direito-seu\/\"><b>revers\u00e3o da demiss\u00e3o por justa causa.<\/b><\/a><\/p>\n","protected":false},"excerpt":{"rendered":"<p>Introdu\u00e7\u00e3o Voc\u00ea, motorista de \u00f4nibus, j\u00e1 se viu sem tempo nem para almo\u00e7ar direito durante o expediente? Ou, pior ainda, j\u00e1 precisou comer dentro do \u00f4nibus, com o motor ligado e passageiros esperando? Pois \u00e9. Isso acontece com muitos profissionais do transporte coletivo. Apesar de a lei garantir o direito a intervalo para refei\u00e7\u00e3o e [&hellip;]<\/p>\n","protected":false},"author":1,"featured_media":1435,"comment_status":"open","ping_status":"open","sticky":false,"template":"","format":"standard","meta":{"_joinchat":[],"footnotes":""},"categories":[6],"tags":[],"class_list":["post-1434","post","type-post","status-publish","format-standard","has-post-thumbnail","hentry","category-direito-trabalhista"],"yoast_head":"<!-- This site is optimized with the Yoast SEO plugin v27.5 - https:\/\/yoast.com\/product\/yoast-seo-wordpress\/ -->\n<title>Intervalo de Refei\u00e7\u00e3o e Descanso: o Direito Esquecido dos Motoristas de \u00d4nibus - Pedro Carvalho Advogado Trabalhista<\/title>\n<meta name=\"description\" content=\"Motorista de \u00f4nibus tem direito a intervalo? Descubra o que diz a CLT, como provar o descumprimento e garantir o pagamento das pausas n\u00e3o concedidas.\" \/>\n<meta name=\"robots\" content=\"index, follow, max-snippet:-1, max-image-preview:large, max-video-preview:-1\" \/>\n<link rel=\"canonical\" href=\"https:\/\/carvalhoadvogado.aliamkt.com\/index.php\/2025\/11\/05\/intervalo-de-refeicao-e-descanso-o-direito-esquecido-dos-motoristas-de-onibus\/\" \/>\n<meta property=\"og:locale\" content=\"pt_BR\" \/>\n<meta property=\"og:type\" content=\"article\" \/>\n<meta property=\"og:title\" content=\"Intervalo de Refei\u00e7\u00e3o e Descanso: o Direito Esquecido dos Motoristas de \u00d4nibus - Pedro Carvalho Advogado Trabalhista\" \/>\n<meta property=\"og:description\" content=\"Motorista de \u00f4nibus tem direito a intervalo? Descubra o que diz a CLT, como provar o descumprimento e garantir o pagamento das pausas n\u00e3o concedidas.\" \/>\n<meta property=\"og:url\" content=\"https:\/\/carvalhoadvogado.aliamkt.com\/index.php\/2025\/11\/05\/intervalo-de-refeicao-e-descanso-o-direito-esquecido-dos-motoristas-de-onibus\/\" \/>\n<meta property=\"og:site_name\" content=\"Pedro Carvalho Advogado Trabalhista\" \/>\n<meta property=\"article:published_time\" content=\"2025-11-05T14:40:35+00:00\" \/>\n<meta property=\"og:image\" content=\"https:\/\/carvalhoadvogado.aliamkt.com\/wp-content\/uploads\/2025\/11\/advogado-trabalhista-em-contagem-1.jpg\" \/>\n\t<meta property=\"og:image:width\" content=\"736\" \/>\n\t<meta property=\"og:image:height\" content=\"501\" \/>\n\t<meta property=\"og:image:type\" content=\"image\/jpeg\" \/>\n<meta name=\"author\" content=\"lailacarvalhoadv\" \/>\n<meta name=\"twitter:card\" content=\"summary_large_image\" \/>\n<meta name=\"twitter:label1\" content=\"Escrito por\" \/>\n\t<meta name=\"twitter:data1\" content=\"lailacarvalhoadv\" \/>\n\t<meta name=\"twitter:label2\" content=\"Est. tempo de leitura\" \/>\n\t<meta name=\"twitter:data2\" content=\"10 minutos\" \/>\n<script type=\"application\/ld+json\" class=\"yoast-schema-graph\">{\"@context\":\"https:\\\/\\\/schema.org\",\"@graph\":[{\"@type\":\"Article\",\"@id\":\"https:\\\/\\\/carvalhoadvogado.aliamkt.com\\\/index.php\\\/2025\\\/11\\\/05\\\/intervalo-de-refeicao-e-descanso-o-direito-esquecido-dos-motoristas-de-onibus\\\/#article\",\"isPartOf\":{\"@id\":\"https:\\\/\\\/carvalhoadvogado.aliamkt.com\\\/index.php\\\/2025\\\/11\\\/05\\\/intervalo-de-refeicao-e-descanso-o-direito-esquecido-dos-motoristas-de-onibus\\\/\"},\"author\":{\"name\":\"lailacarvalhoadv\",\"@id\":\"https:\\\/\\\/carvalhoadvogado.aliamkt.com\\\/#\\\/schema\\\/person\\\/8f4d67ba57d6160ee802836a319bd8eb\"},\"headline\":\"Intervalo de Refei\u00e7\u00e3o e Descanso: o Direito Esquecido dos Motoristas de \u00d4nibus\",\"datePublished\":\"2025-11-05T14:40:35+00:00\",\"mainEntityOfPage\":{\"@id\":\"https:\\\/\\\/carvalhoadvogado.aliamkt.com\\\/index.php\\\/2025\\\/11\\\/05\\\/intervalo-de-refeicao-e-descanso-o-direito-esquecido-dos-motoristas-de-onibus\\\/\"},\"wordCount\":1764,\"commentCount\":0,\"publisher\":{\"@id\":\"https:\\\/\\\/carvalhoadvogado.aliamkt.com\\\/#organization\"},\"image\":{\"@id\":\"https:\\\/\\\/carvalhoadvogado.aliamkt.com\\\/index.php\\\/2025\\\/11\\\/05\\\/intervalo-de-refeicao-e-descanso-o-direito-esquecido-dos-motoristas-de-onibus\\\/#primaryimage\"},\"thumbnailUrl\":\"https:\\\/\\\/carvalhoadvogado.aliamkt.com\\\/wp-content\\\/uploads\\\/2025\\\/11\\\/advogado-trabalhista-em-contagem-1.jpg\",\"articleSection\":[\"Direito Trabalhista\"],\"inLanguage\":\"pt-BR\",\"potentialAction\":[{\"@type\":\"CommentAction\",\"name\":\"Comment\",\"target\":[\"https:\\\/\\\/carvalhoadvogado.aliamkt.com\\\/index.php\\\/2025\\\/11\\\/05\\\/intervalo-de-refeicao-e-descanso-o-direito-esquecido-dos-motoristas-de-onibus\\\/#respond\"]}]},{\"@type\":\"WebPage\",\"@id\":\"https:\\\/\\\/carvalhoadvogado.aliamkt.com\\\/index.php\\\/2025\\\/11\\\/05\\\/intervalo-de-refeicao-e-descanso-o-direito-esquecido-dos-motoristas-de-onibus\\\/\",\"url\":\"https:\\\/\\\/carvalhoadvogado.aliamkt.com\\\/index.php\\\/2025\\\/11\\\/05\\\/intervalo-de-refeicao-e-descanso-o-direito-esquecido-dos-motoristas-de-onibus\\\/\",\"name\":\"Intervalo de Refei\u00e7\u00e3o e Descanso: o Direito Esquecido dos Motoristas de \u00d4nibus - Pedro Carvalho Advogado Trabalhista\",\"isPartOf\":{\"@id\":\"https:\\\/\\\/carvalhoadvogado.aliamkt.com\\\/#website\"},\"primaryImageOfPage\":{\"@id\":\"https:\\\/\\\/carvalhoadvogado.aliamkt.com\\\/index.php\\\/2025\\\/11\\\/05\\\/intervalo-de-refeicao-e-descanso-o-direito-esquecido-dos-motoristas-de-onibus\\\/#primaryimage\"},\"image\":{\"@id\":\"https:\\\/\\\/carvalhoadvogado.aliamkt.com\\\/index.php\\\/2025\\\/11\\\/05\\\/intervalo-de-refeicao-e-descanso-o-direito-esquecido-dos-motoristas-de-onibus\\\/#primaryimage\"},\"thumbnailUrl\":\"https:\\\/\\\/carvalhoadvogado.aliamkt.com\\\/wp-content\\\/uploads\\\/2025\\\/11\\\/advogado-trabalhista-em-contagem-1.jpg\",\"datePublished\":\"2025-11-05T14:40:35+00:00\",\"description\":\"Motorista de \u00f4nibus tem direito a intervalo? Descubra o que diz a CLT, como provar o descumprimento e garantir o pagamento das pausas n\u00e3o concedidas.\",\"breadcrumb\":{\"@id\":\"https:\\\/\\\/carvalhoadvogado.aliamkt.com\\\/index.php\\\/2025\\\/11\\\/05\\\/intervalo-de-refeicao-e-descanso-o-direito-esquecido-dos-motoristas-de-onibus\\\/#breadcrumb\"},\"inLanguage\":\"pt-BR\",\"potentialAction\":[{\"@type\":\"ReadAction\",\"target\":[\"https:\\\/\\\/carvalhoadvogado.aliamkt.com\\\/index.php\\\/2025\\\/11\\\/05\\\/intervalo-de-refeicao-e-descanso-o-direito-esquecido-dos-motoristas-de-onibus\\\/\"]}]},{\"@type\":\"ImageObject\",\"inLanguage\":\"pt-BR\",\"@id\":\"https:\\\/\\\/carvalhoadvogado.aliamkt.com\\\/index.php\\\/2025\\\/11\\\/05\\\/intervalo-de-refeicao-e-descanso-o-direito-esquecido-dos-motoristas-de-onibus\\\/#primaryimage\",\"url\":\"https:\\\/\\\/carvalhoadvogado.aliamkt.com\\\/wp-content\\\/uploads\\\/2025\\\/11\\\/advogado-trabalhista-em-contagem-1.jpg\",\"contentUrl\":\"https:\\\/\\\/carvalhoadvogado.aliamkt.com\\\/wp-content\\\/uploads\\\/2025\\\/11\\\/advogado-trabalhista-em-contagem-1.jpg\",\"width\":736,\"height\":501},{\"@type\":\"BreadcrumbList\",\"@id\":\"https:\\\/\\\/carvalhoadvogado.aliamkt.com\\\/index.php\\\/2025\\\/11\\\/05\\\/intervalo-de-refeicao-e-descanso-o-direito-esquecido-dos-motoristas-de-onibus\\\/#breadcrumb\",\"itemListElement\":[{\"@type\":\"ListItem\",\"position\":1,\"name\":\"In\u00edcio\",\"item\":\"https:\\\/\\\/carvalhoadvogado.aliamkt.com\\\/\"},{\"@type\":\"ListItem\",\"position\":2,\"name\":\"Intervalo de Refei\u00e7\u00e3o e Descanso: o Direito Esquecido dos Motoristas de \u00d4nibus\"}]},{\"@type\":\"WebSite\",\"@id\":\"https:\\\/\\\/carvalhoadvogado.aliamkt.com\\\/#website\",\"url\":\"https:\\\/\\\/carvalhoadvogado.aliamkt.com\\\/\",\"name\":\"Pedro Carvalho Advogado\",\"description\":\"Advogado Trabalhista\",\"publisher\":{\"@id\":\"https:\\\/\\\/carvalhoadvogado.aliamkt.com\\\/#organization\"},\"potentialAction\":[{\"@type\":\"SearchAction\",\"target\":{\"@type\":\"EntryPoint\",\"urlTemplate\":\"https:\\\/\\\/carvalhoadvogado.aliamkt.com\\\/?s={search_term_string}\"},\"query-input\":{\"@type\":\"PropertyValueSpecification\",\"valueRequired\":true,\"valueName\":\"search_term_string\"}}],\"inLanguage\":\"pt-BR\"},{\"@type\":\"Organization\",\"@id\":\"https:\\\/\\\/carvalhoadvogado.aliamkt.com\\\/#organization\",\"name\":\"Pedro Carvalho Advogado\",\"url\":\"https:\\\/\\\/carvalhoadvogado.aliamkt.com\\\/\",\"logo\":{\"@type\":\"ImageObject\",\"inLanguage\":\"pt-BR\",\"@id\":\"https:\\\/\\\/carvalhoadvogado.aliamkt.com\\\/#\\\/schema\\\/logo\\\/image\\\/\",\"url\":\"https:\\\/\\\/carvalhoadvogado.aliamkt.com\\\/wp-content\\\/uploads\\\/2024\\\/06\\\/Logo-azul.png\",\"contentUrl\":\"https:\\\/\\\/carvalhoadvogado.aliamkt.com\\\/wp-content\\\/uploads\\\/2024\\\/06\\\/Logo-azul.png\",\"width\":500,\"height\":500,\"caption\":\"Pedro Carvalho Advogado\"},\"image\":{\"@id\":\"https:\\\/\\\/carvalhoadvogado.aliamkt.com\\\/#\\\/schema\\\/logo\\\/image\\\/\"}},{\"@type\":\"Person\",\"@id\":\"https:\\\/\\\/carvalhoadvogado.aliamkt.com\\\/#\\\/schema\\\/person\\\/8f4d67ba57d6160ee802836a319bd8eb\",\"name\":\"lailacarvalhoadv\",\"image\":{\"@type\":\"ImageObject\",\"inLanguage\":\"pt-BR\",\"@id\":\"https:\\\/\\\/secure.gravatar.com\\\/avatar\\\/a60961139a792fb5ca701fab485f653a1b3cc37cf8dbd4937b4134105caf5369?s=96&d=mm&r=g\",\"url\":\"https:\\\/\\\/secure.gravatar.com\\\/avatar\\\/a60961139a792fb5ca701fab485f653a1b3cc37cf8dbd4937b4134105caf5369?s=96&d=mm&r=g\",\"contentUrl\":\"https:\\\/\\\/secure.gravatar.com\\\/avatar\\\/a60961139a792fb5ca701fab485f653a1b3cc37cf8dbd4937b4134105caf5369?s=96&d=mm&r=g\",\"caption\":\"lailacarvalhoadv\"},\"sameAs\":[\"https:\\\/\\\/carvalhoadvogado.aliamkt.com\"],\"url\":\"https:\\\/\\\/carvalhoadvogado.aliamkt.com\\\/index.php\\\/author\\\/lailacarvalhoadv\\\/\"}]}<\/script>\n<!-- \/ Yoast SEO plugin. -->","yoast_head_json":{"title":"Intervalo de Refei\u00e7\u00e3o e Descanso: o Direito Esquecido dos Motoristas de \u00d4nibus - Pedro Carvalho Advogado Trabalhista","description":"Motorista de \u00f4nibus tem direito a intervalo? Descubra o que diz a CLT, como provar o descumprimento e garantir o pagamento das pausas n\u00e3o concedidas.","robots":{"index":"index","follow":"follow","max-snippet":"max-snippet:-1","max-image-preview":"max-image-preview:large","max-video-preview":"max-video-preview:-1"},"canonical":"https:\/\/carvalhoadvogado.aliamkt.com\/index.php\/2025\/11\/05\/intervalo-de-refeicao-e-descanso-o-direito-esquecido-dos-motoristas-de-onibus\/","og_locale":"pt_BR","og_type":"article","og_title":"Intervalo de Refei\u00e7\u00e3o e Descanso: o Direito Esquecido dos Motoristas de \u00d4nibus - Pedro Carvalho Advogado Trabalhista","og_description":"Motorista de \u00f4nibus tem direito a intervalo? Descubra o que diz a CLT, como provar o descumprimento e garantir o pagamento das pausas n\u00e3o concedidas.","og_url":"https:\/\/carvalhoadvogado.aliamkt.com\/index.php\/2025\/11\/05\/intervalo-de-refeicao-e-descanso-o-direito-esquecido-dos-motoristas-de-onibus\/","og_site_name":"Pedro Carvalho Advogado Trabalhista","article_published_time":"2025-11-05T14:40:35+00:00","og_image":[{"width":736,"height":501,"url":"https:\/\/carvalhoadvogado.aliamkt.com\/wp-content\/uploads\/2025\/11\/advogado-trabalhista-em-contagem-1.jpg","type":"image\/jpeg"}],"author":"lailacarvalhoadv","twitter_card":"summary_large_image","twitter_misc":{"Escrito por":"lailacarvalhoadv","Est. tempo de leitura":"10 minutos"},"schema":{"@context":"https:\/\/schema.org","@graph":[{"@type":"Article","@id":"https:\/\/carvalhoadvogado.aliamkt.com\/index.php\/2025\/11\/05\/intervalo-de-refeicao-e-descanso-o-direito-esquecido-dos-motoristas-de-onibus\/#article","isPartOf":{"@id":"https:\/\/carvalhoadvogado.aliamkt.com\/index.php\/2025\/11\/05\/intervalo-de-refeicao-e-descanso-o-direito-esquecido-dos-motoristas-de-onibus\/"},"author":{"name":"lailacarvalhoadv","@id":"https:\/\/carvalhoadvogado.aliamkt.com\/#\/schema\/person\/8f4d67ba57d6160ee802836a319bd8eb"},"headline":"Intervalo de Refei\u00e7\u00e3o e Descanso: o Direito Esquecido dos Motoristas de \u00d4nibus","datePublished":"2025-11-05T14:40:35+00:00","mainEntityOfPage":{"@id":"https:\/\/carvalhoadvogado.aliamkt.com\/index.php\/2025\/11\/05\/intervalo-de-refeicao-e-descanso-o-direito-esquecido-dos-motoristas-de-onibus\/"},"wordCount":1764,"commentCount":0,"publisher":{"@id":"https:\/\/carvalhoadvogado.aliamkt.com\/#organization"},"image":{"@id":"https:\/\/carvalhoadvogado.aliamkt.com\/index.php\/2025\/11\/05\/intervalo-de-refeicao-e-descanso-o-direito-esquecido-dos-motoristas-de-onibus\/#primaryimage"},"thumbnailUrl":"https:\/\/carvalhoadvogado.aliamkt.com\/wp-content\/uploads\/2025\/11\/advogado-trabalhista-em-contagem-1.jpg","articleSection":["Direito Trabalhista"],"inLanguage":"pt-BR","potentialAction":[{"@type":"CommentAction","name":"Comment","target":["https:\/\/carvalhoadvogado.aliamkt.com\/index.php\/2025\/11\/05\/intervalo-de-refeicao-e-descanso-o-direito-esquecido-dos-motoristas-de-onibus\/#respond"]}]},{"@type":"WebPage","@id":"https:\/\/carvalhoadvogado.aliamkt.com\/index.php\/2025\/11\/05\/intervalo-de-refeicao-e-descanso-o-direito-esquecido-dos-motoristas-de-onibus\/","url":"https:\/\/carvalhoadvogado.aliamkt.com\/index.php\/2025\/11\/05\/intervalo-de-refeicao-e-descanso-o-direito-esquecido-dos-motoristas-de-onibus\/","name":"Intervalo de Refei\u00e7\u00e3o e Descanso: o Direito Esquecido dos Motoristas de \u00d4nibus - Pedro Carvalho Advogado Trabalhista","isPartOf":{"@id":"https:\/\/carvalhoadvogado.aliamkt.com\/#website"},"primaryImageOfPage":{"@id":"https:\/\/carvalhoadvogado.aliamkt.com\/index.php\/2025\/11\/05\/intervalo-de-refeicao-e-descanso-o-direito-esquecido-dos-motoristas-de-onibus\/#primaryimage"},"image":{"@id":"https:\/\/carvalhoadvogado.aliamkt.com\/index.php\/2025\/11\/05\/intervalo-de-refeicao-e-descanso-o-direito-esquecido-dos-motoristas-de-onibus\/#primaryimage"},"thumbnailUrl":"https:\/\/carvalhoadvogado.aliamkt.com\/wp-content\/uploads\/2025\/11\/advogado-trabalhista-em-contagem-1.jpg","datePublished":"2025-11-05T14:40:35+00:00","description":"Motorista de \u00f4nibus tem direito a intervalo? Descubra o que diz a CLT, como provar o descumprimento e garantir o pagamento das pausas n\u00e3o concedidas.","breadcrumb":{"@id":"https:\/\/carvalhoadvogado.aliamkt.com\/index.php\/2025\/11\/05\/intervalo-de-refeicao-e-descanso-o-direito-esquecido-dos-motoristas-de-onibus\/#breadcrumb"},"inLanguage":"pt-BR","potentialAction":[{"@type":"ReadAction","target":["https:\/\/carvalhoadvogado.aliamkt.com\/index.php\/2025\/11\/05\/intervalo-de-refeicao-e-descanso-o-direito-esquecido-dos-motoristas-de-onibus\/"]}]},{"@type":"ImageObject","inLanguage":"pt-BR","@id":"https:\/\/carvalhoadvogado.aliamkt.com\/index.php\/2025\/11\/05\/intervalo-de-refeicao-e-descanso-o-direito-esquecido-dos-motoristas-de-onibus\/#primaryimage","url":"https:\/\/carvalhoadvogado.aliamkt.com\/wp-content\/uploads\/2025\/11\/advogado-trabalhista-em-contagem-1.jpg","contentUrl":"https:\/\/carvalhoadvogado.aliamkt.com\/wp-content\/uploads\/2025\/11\/advogado-trabalhista-em-contagem-1.jpg","width":736,"height":501},{"@type":"BreadcrumbList","@id":"https:\/\/carvalhoadvogado.aliamkt.com\/index.php\/2025\/11\/05\/intervalo-de-refeicao-e-descanso-o-direito-esquecido-dos-motoristas-de-onibus\/#breadcrumb","itemListElement":[{"@type":"ListItem","position":1,"name":"In\u00edcio","item":"https:\/\/carvalhoadvogado.aliamkt.com\/"},{"@type":"ListItem","position":2,"name":"Intervalo de Refei\u00e7\u00e3o e Descanso: o Direito Esquecido dos Motoristas de \u00d4nibus"}]},{"@type":"WebSite","@id":"https:\/\/carvalhoadvogado.aliamkt.com\/#website","url":"https:\/\/carvalhoadvogado.aliamkt.com\/","name":"Pedro Carvalho Advogado","description":"Advogado Trabalhista","publisher":{"@id":"https:\/\/carvalhoadvogado.aliamkt.com\/#organization"},"potentialAction":[{"@type":"SearchAction","target":{"@type":"EntryPoint","urlTemplate":"https:\/\/carvalhoadvogado.aliamkt.com\/?s={search_term_string}"},"query-input":{"@type":"PropertyValueSpecification","valueRequired":true,"valueName":"search_term_string"}}],"inLanguage":"pt-BR"},{"@type":"Organization","@id":"https:\/\/carvalhoadvogado.aliamkt.com\/#organization","name":"Pedro Carvalho Advogado","url":"https:\/\/carvalhoadvogado.aliamkt.com\/","logo":{"@type":"ImageObject","inLanguage":"pt-BR","@id":"https:\/\/carvalhoadvogado.aliamkt.com\/#\/schema\/logo\/image\/","url":"https:\/\/carvalhoadvogado.aliamkt.com\/wp-content\/uploads\/2024\/06\/Logo-azul.png","contentUrl":"https:\/\/carvalhoadvogado.aliamkt.com\/wp-content\/uploads\/2024\/06\/Logo-azul.png","width":500,"height":500,"caption":"Pedro Carvalho Advogado"},"image":{"@id":"https:\/\/carvalhoadvogado.aliamkt.com\/#\/schema\/logo\/image\/"}},{"@type":"Person","@id":"https:\/\/carvalhoadvogado.aliamkt.com\/#\/schema\/person\/8f4d67ba57d6160ee802836a319bd8eb","name":"lailacarvalhoadv","image":{"@type":"ImageObject","inLanguage":"pt-BR","@id":"https:\/\/secure.gravatar.com\/avatar\/a60961139a792fb5ca701fab485f653a1b3cc37cf8dbd4937b4134105caf5369?s=96&d=mm&r=g","url":"https:\/\/secure.gravatar.com\/avatar\/a60961139a792fb5ca701fab485f653a1b3cc37cf8dbd4937b4134105caf5369?s=96&d=mm&r=g","contentUrl":"https:\/\/secure.gravatar.com\/avatar\/a60961139a792fb5ca701fab485f653a1b3cc37cf8dbd4937b4134105caf5369?s=96&d=mm&r=g","caption":"lailacarvalhoadv"},"sameAs":["https:\/\/carvalhoadvogado.aliamkt.com"],"url":"https:\/\/carvalhoadvogado.aliamkt.com\/index.php\/author\/lailacarvalhoadv\/"}]}},"_links":{"self":[{"href":"https:\/\/carvalhoadvogado.aliamkt.com\/index.php\/wp-json\/wp\/v2\/posts\/1434","targetHints":{"allow":["GET"]}}],"collection":[{"href":"https:\/\/carvalhoadvogado.aliamkt.com\/index.php\/wp-json\/wp\/v2\/posts"}],"about":[{"href":"https:\/\/carvalhoadvogado.aliamkt.com\/index.php\/wp-json\/wp\/v2\/types\/post"}],"author":[{"embeddable":true,"href":"https:\/\/carvalhoadvogado.aliamkt.com\/index.php\/wp-json\/wp\/v2\/users\/1"}],"replies":[{"embeddable":true,"href":"https:\/\/carvalhoadvogado.aliamkt.com\/index.php\/wp-json\/wp\/v2\/comments?post=1434"}],"version-history":[{"count":1,"href":"https:\/\/carvalhoadvogado.aliamkt.com\/index.php\/wp-json\/wp\/v2\/posts\/1434\/revisions"}],"predecessor-version":[{"id":1437,"href":"https:\/\/carvalhoadvogado.aliamkt.com\/index.php\/wp-json\/wp\/v2\/posts\/1434\/revisions\/1437"}],"wp:featuredmedia":[{"embeddable":true,"href":"https:\/\/carvalhoadvogado.aliamkt.com\/index.php\/wp-json\/wp\/v2\/media\/1435"}],"wp:attachment":[{"href":"https:\/\/carvalhoadvogado.aliamkt.com\/index.php\/wp-json\/wp\/v2\/media?parent=1434"}],"wp:term":[{"taxonomy":"category","embeddable":true,"href":"https:\/\/carvalhoadvogado.aliamkt.com\/index.php\/wp-json\/wp\/v2\/categories?post=1434"},{"taxonomy":"post_tag","embeddable":true,"href":"https:\/\/carvalhoadvogado.aliamkt.com\/index.php\/wp-json\/wp\/v2\/tags?post=1434"}],"curies":[{"name":"wp","href":"https:\/\/api.w.org\/{rel}","templated":true}]}}