{"id":1438,"date":"2025-11-10T11:18:33","date_gmt":"2025-11-10T14:18:33","guid":{"rendered":"https:\/\/carvalhoadvogado.aliamkt.com\/?p=1438"},"modified":"2025-11-10T11:18:33","modified_gmt":"2025-11-10T14:18:33","slug":"cuidador-de-idoso-descubra-todos-os-seus-direitos-e-como-exigi-los-sem-medo","status":"publish","type":"post","link":"https:\/\/carvalhoadvogado.aliamkt.com\/index.php\/2025\/11\/10\/cuidador-de-idoso-descubra-todos-os-seus-direitos-e-como-exigi-los-sem-medo\/","title":{"rendered":"Cuidador de Idoso: Descubra Todos os Seus Direitos (e Como Exigi-los Sem Medo!)"},"content":{"rendered":"<p>&nbsp;<\/p>\n<h2><b>Sum\u00e1rio\u00a0<\/b><\/h2>\n<ol>\n<li style=\"font-weight: 400;\" aria-level=\"1\"><span style=\"font-weight: 400;\">Antes de tudo: voc\u00ea \u00e9, legalmente, empregado dom\u00e9stico?<\/span><span style=\"font-weight: 400;\">\n<p><\/span><\/li>\n<li style=\"font-weight: 400;\" aria-level=\"1\"><span style=\"font-weight: 400;\">Carteira assinada e eSocial: por que, quando e como regularizar<\/span><span style=\"font-weight: 400;\">\n<p><\/span><\/li>\n<li style=\"font-weight: 400;\" aria-level=\"1\"><span style=\"font-weight: 400;\">Jornada, 12&#215;36 e intervalos: o que pode e o que n\u00e3o pode<\/span><span style=\"font-weight: 400;\">\n<p><\/span><\/li>\n<li style=\"font-weight: 400;\" aria-level=\"1\"><span style=\"font-weight: 400;\">Horas extras na pr\u00e1tica: quando surgem e como calcular<\/span><span style=\"font-weight: 400;\">\n<p><\/span><\/li>\n<li style=\"font-weight: 400;\" aria-level=\"1\"><span style=\"font-weight: 400;\">Adicional noturno e insalubridade: quando cabem e como provar<\/span><span style=\"font-weight: 400;\">\n<p><\/span><\/li>\n<li style=\"font-weight: 400;\" aria-level=\"1\"><span style=\"font-weight: 400;\">FGTS, f\u00e9rias e 13\u00ba: seus direitos que ningu\u00e9m pode cortar<\/span><span style=\"font-weight: 400;\">\n<p><\/span><\/li>\n<li style=\"font-weight: 400;\" aria-level=\"1\"><span style=\"font-weight: 400;\">Demiss\u00e3o: sem justa causa, justa causa e rescis\u00e3o indireta (sim, existe!)<\/span><span style=\"font-weight: 400;\">\n<p><\/span><\/li>\n<li style=\"font-weight: 400;\" aria-level=\"1\"><span style=\"font-weight: 400;\">Verbas rescis\u00f3rias: prazos, multas e documentos essenciais<\/span><span style=\"font-weight: 400;\">\n<p><\/span><\/li>\n<li style=\"font-weight: 400;\" aria-level=\"1\"><span style=\"font-weight: 400;\">Ass\u00e9dio moral no cuidado domiciliar: identifique, registre e reaja<\/span><span style=\"font-weight: 400;\">\n<p><\/span><\/li>\n<li style=\"font-weight: 400;\" aria-level=\"1\"><span style=\"font-weight: 400;\">Acidente de trabalho: CAT, estabilidade e indeniza\u00e7\u00f5es<\/span><span style=\"font-weight: 400;\">\n<p><\/span><\/li>\n<li style=\"font-weight: 400;\" aria-level=\"1\"><span style=\"font-weight: 400;\">C\u00e1lculos trabalhistas: checklist pr\u00e1tico e r\u00e1pido<\/span><span style=\"font-weight: 400;\">\n<p><\/span><\/li>\n<li style=\"font-weight: 400;\" aria-level=\"1\"><span style=\"font-weight: 400;\">A\u00e7\u00e3o trabalhista: passo a passo para agir com seguran\u00e7a<\/span><span style=\"font-weight: 400;\">\n<p><\/span><\/li>\n<li style=\"font-weight: 400;\" aria-level=\"1\"><span style=\"font-weight: 400;\">FAQ: respostas diretas para d\u00favidas frequentes<\/span><span style=\"font-weight: 400;\">\n<p><\/span><\/li>\n<li style=\"font-weight: 400;\" aria-level=\"1\"><span style=\"font-weight: 400;\">Precisa de ajuda agora? Fale com um Advogado Trabalhista em Contagem<\/span><span style=\"font-weight: 400;\">\n<p><\/span><\/li>\n<\/ol>\n<h2><b>1) Antes de tudo: voc\u00ea \u00e9, legalmente, empregado dom\u00e9stico?\u00a0<\/b><\/h2>\n<p>&nbsp;<\/p>\n<p><span style=\"font-weight: 400;\">Em primeiro lugar, <\/span><b>se voc\u00ea trabalha de forma pessoal, cont\u00ednua (geralmente mais de 2 dias por semana), subordinada e remunerada para uma pessoa ou fam\u00edlia<\/b><span style=\"font-weight: 400;\">, sem finalidade lucrativa, ent\u00e3o, <\/span><b>sim<\/b><span style=\"font-weight: 400;\">, voc\u00ea \u00e9 <\/span><b>empregado dom\u00e9stico<\/b><span style=\"font-weight: 400;\"> na fun\u00e7\u00e3o de cuidador de idoso.<\/span><span style=\"font-weight: 400;\"><br \/>\n<\/span><span style=\"font-weight: 400;\">Al\u00e9m disso, sendo empregado dom\u00e9stico, aplicam-se regras espec\u00edficas <\/span><b>e<\/b><span style=\"font-weight: 400;\"> os direitos b\u00e1sicos da CLT, o que, na pr\u00e1tica, amplia sua prote\u00e7\u00e3o.<\/span><\/p>\n<p><a href=\"https:\/\/carvalhoadvogado.aliamkt.com\/index.php\/2025\/09\/03\/introducao-a-duvida-que-tira-o-sono-de-muitos-trabalhadores\/\"><span style=\"font-weight: 400;\">V\u00ednculo empregat\u00edcio: o que \u00e9, como provar e quando pedir<\/span><\/a><\/p>\n<h2><b>2) Carteira assinada e eSocial: por que, quando e como regularizar\u00a0<\/b><\/h2>\n<p><span style=\"font-weight: 400;\">Desde j\u00e1, vale refor\u00e7ar: <\/span><b>carteira assinada (CTPS)<\/b><span style=\"font-weight: 400;\">, <\/span><b>cadastro no eSocial Dom\u00e9stico<\/b><span style=\"font-weight: 400;\">, <\/span><b>FGTS<\/b><span style=\"font-weight: 400;\"> e <\/span><b>INSS<\/b><span style=\"font-weight: 400;\"> s\u00e3o obriga\u00e7\u00f5es do empregador.<\/span><\/p>\n<p><span style=\"font-weight: 400;\"><br \/>\n<\/span><span style=\"font-weight: 400;\">Consequentemente, se voc\u00ea <\/span><b>trabalhou sem registro<\/b><span style=\"font-weight: 400;\">, \u00e9 poss\u00edvel <\/span><b>reconhecer o v\u00ednculo<\/b><span style=\"font-weight: 400;\"> na Justi\u00e7a e, portanto, <\/span><b>receber tudo retroativamente<\/b><span style=\"font-weight: 400;\"> (f\u00e9rias + 1\/3, 13\u00ba, FGTS, etc.).<\/span><span style=\"font-weight: 400;\"><\/p>\n<p><\/span><\/p>\n<p><span style=\"font-weight: 400;\">Por fim, guarde <\/span><b>mensagens, escalas, fotos, recibos<\/b><span style=\"font-weight: 400;\"> e, sobretudo, <\/span><b>contatos de testemunhas<\/b><span style=\"font-weight: 400;\">.<\/span><\/p>\n<p><b>vejam tamb\u00e9m:<\/b> <a href=\"https:\/\/carvalhoadvogado.aliamkt.com\/index.php\/2025\/07\/24\/trabalho-sem-carteira-assinada-conheca-seus-direitos-e-saiba-o-que-fazer\/\"><span style=\"font-weight: 400;\">Trabalhei sem registro: quais s\u00e3o meus direitos?<\/span><\/a><\/p>\n<h2><b>3) Jornada, 12&#215;36 e intervalos: o que pode e o que n\u00e3o pode\u00a0<\/b><\/h2>\n<p><span style=\"font-weight: 400;\">Em regra, a jornada \u00e9 de <\/span><b>at\u00e9 8h por dia e 44h por semana<\/b><span style=\"font-weight: 400;\">.<\/span><span style=\"font-weight: 400;\"><br \/>\n<\/span><span style=\"font-weight: 400;\">No entanto, o <\/span><b>plant\u00e3o 12&#215;36<\/b><span style=\"font-weight: 400;\"> pode ser adotado por acordo e, ainda assim, <\/span><b>exige intervalo m\u00ednimo de 1h<\/b><span style=\"font-weight: 400;\">.<\/span><\/p>\n<p><span style=\"font-weight: 400;\"><br \/>\n<\/span><span style=\"font-weight: 400;\">Al\u00e9m disso, entre um plant\u00e3o e outro, deve haver <\/span><b>11h de descanso<\/b><span style=\"font-weight: 400;\"> (intervalo interjornada).<\/span><span style=\"font-weight: 400;\"><br \/>\n<\/span><span style=\"font-weight: 400;\">Por outro lado, <\/span><b>dobra de plant\u00e3o sem folga<\/b><span style=\"font-weight: 400;\"> costuma gerar <\/span><b>horas extras<\/b><span style=\"font-weight: 400;\">.<\/span><\/p>\n<h2><b>4) Horas extras na pr\u00e1tica: quando surgem e como calcular\u00a0<\/b><\/h2>\n<p><span style=\"font-weight: 400;\">Se voc\u00ea ultrapassa a jornada, <\/span><b>compensa indevidamente<\/b><span style=\"font-weight: 400;\">, ou, por exemplo, <\/span><b>\u00e9 chamado fora do hor\u00e1rio<\/b><span style=\"font-weight: 400;\"> para tarefas urgentes, surgem <\/span><b>horas extras<\/b><span style=\"font-weight: 400;\">.<\/span><span style=\"font-weight: 400;\"><\/p>\n<p><\/span><\/p>\n<p><span style=\"font-weight: 400;\">Normalmente, elas t\u00eam adicional de <\/span><b>50%<\/b><span style=\"font-weight: 400;\"> (e, n\u00e3o raro, <\/span><b>100%<\/b><span style=\"font-weight: 400;\"> em domingos\/feriados, quando n\u00e3o houver compensa\u00e7\u00e3o v\u00e1lida).<\/span><span style=\"font-weight: 400;\"><br \/>\n<\/span><span style=\"font-weight: 400;\">Al\u00e9m do mais, <\/span><b>banco de horas informal<\/b><span style=\"font-weight: 400;\"> e <\/span><b>intervalo intrajornada suprimido<\/b><span style=\"font-weight: 400;\"> tamb\u00e9m geram diferen\u00e7as.<\/span><span style=\"font-weight: 400;\"><\/p>\n<p><\/span><\/p>\n<p><span style=\"font-weight: 400;\">Portanto, salve <\/span><b>escala, prints, \u00e1udios, registros de entrada\/sa\u00edda<\/b><span style=\"font-weight: 400;\"> e <\/span><b>testemunhas<\/b><span style=\"font-weight: 400;\">.<\/span><\/p>\n<h2><b>5) Adicional noturno e insalubridade: quando cabem e como provar<\/b><\/h2>\n<p><span style=\"font-weight: 400;\">Trabalho entre <\/span><b>22h e 5h<\/b><span style=\"font-weight: 400;\"> costuma gerar <\/span><b>adicional noturno<\/b><span style=\"font-weight: 400;\"> (al\u00e9m da <\/span><b>redu\u00e7\u00e3o da hora noturna<\/b><span style=\"font-weight: 400;\">).<\/span><\/p>\n<p><span style=\"font-weight: 400;\"><br \/>\n<\/span><span style=\"font-weight: 400;\">Do mesmo modo, se o cuidado envolve <\/span><b>contato habitual com agentes biol\u00f3gicos<\/b><span style=\"font-weight: 400;\"> (ex.: secre\u00e7\u00f5es, curativos, material contaminado), poder\u00e1 haver <\/span><b>adicional de insalubridade<\/b><span style=\"font-weight: 400;\"> \u2014 que, via de regra, <\/span><b>depende de per\u00edcia<\/b><span style=\"font-weight: 400;\">.<\/span><\/p>\n<p><span style=\"font-weight: 400;\"><br \/>\n<\/span><span style=\"font-weight: 400;\"> Portanto, documente <\/span><b>rotina, tarefas e EPIs<\/b><span style=\"font-weight: 400;\">; isso, inclusive, <\/span><b>fortalece sua prova<\/b><span style=\"font-weight: 400;\">.<\/span><\/p>\n<h2><b>6) FGTS, f\u00e9rias e 13\u00ba: seus direitos que ningu\u00e9m pode cortar\u00a0<\/b><\/h2>\n<p><span style=\"font-weight: 400;\">Primeiramente, todo empregado dom\u00e9stico tem direito a <\/span><b>FGTS mensal<\/b><span style=\"font-weight: 400;\">, <\/span><b>f\u00e9rias de 30 dias + 1\/3<\/b><span style=\"font-weight: 400;\">, <\/span><b>13\u00ba sal\u00e1rio<\/b><span style=\"font-weight: 400;\">, <\/span><b>DSR<\/b><span style=\"font-weight: 400;\"> e, ainda, <\/span><b>vale-transporte<\/b><span style=\"font-weight: 400;\"> (quando aplic\u00e1vel).<\/span><span style=\"font-weight: 400;\"><\/p>\n<p><\/span><\/p>\n<p><span style=\"font-weight: 400;\">Ademais, dep\u00f3sitos de FGTS <\/span><b>atrasados ou inexistentes<\/b><span style=\"font-weight: 400;\"> podem justificar, inclusive, <\/span><b>rescis\u00e3o indireta<\/b><span style=\"font-weight: 400;\">.<\/span><\/p>\n<h2><b>7) Demiss\u00e3o: sem justa causa, justa causa e rescis\u00e3o indireta (sim, existe!)\u00a0<\/b><\/h2>\n<p><img fetchpriority=\"high\" decoding=\"async\" class=\"alignnone size-medium wp-image-1439\" src=\"https:\/\/carvalhoadvogado.aliamkt.com\/wp-content\/uploads\/2025\/11\/advocacia-trabalhista-no-barreiro-300x200.jpg\" alt=\"\" width=\"300\" height=\"200\" srcset=\"https:\/\/carvalhoadvogado.aliamkt.com\/wp-content\/uploads\/2025\/11\/advocacia-trabalhista-no-barreiro-300x200.jpg 300w, https:\/\/carvalhoadvogado.aliamkt.com\/wp-content\/uploads\/2025\/11\/advocacia-trabalhista-no-barreiro-600x401.jpg 600w, https:\/\/carvalhoadvogado.aliamkt.com\/wp-content\/uploads\/2025\/11\/advocacia-trabalhista-no-barreiro.jpg 626w\" sizes=\"(max-width: 300px) 100vw, 300px\" \/><\/p>\n<ul>\n<li style=\"font-weight: 400;\" aria-level=\"1\"><b>Sem justa causa:<\/b><span style=\"font-weight: 400;\"> voc\u00ea recebe <\/span><b>aviso pr\u00e9vio<\/b><span style=\"font-weight: 400;\">, <\/span><b>saldo de sal\u00e1rio<\/b><span style=\"font-weight: 400;\">, <\/span><b>f\u00e9rias + 1\/3 (vencidas e proporcionais)<\/b><span style=\"font-weight: 400;\">, <\/span><b>13\u00ba proporcional<\/b><span style=\"font-weight: 400;\">, <\/span><b>FGTS + 40%<\/b><span style=\"font-weight: 400;\">, e, conforme o caso, <\/span><b>seguro-desemprego<\/b><span style=\"font-weight: 400;\">.<\/span><span style=\"font-weight: 400;\">\n<p><\/span><\/li>\n<li style=\"font-weight: 400;\" aria-level=\"1\"><b>Com justa causa:<\/b><span style=\"font-weight: 400;\"> h\u00e1 perda de algumas verbas; contudo, \u00e9 <\/span><b>contest\u00e1vel<\/b><span style=\"font-weight: 400;\"> se a falta n\u00e3o estiver comprovada.<\/span><span style=\"font-weight: 400;\">\n<p><\/span><\/li>\n<li style=\"font-weight: 400;\" aria-level=\"1\"><b>Rescis\u00e3o indireta:<\/b><span style=\"font-weight: 400;\"> quando o empregador falha gravemente (ex.: <\/span><b>ass\u00e9dio<\/b><span style=\"font-weight: 400;\">, <\/span><b>atraso reiterado<\/b><span style=\"font-weight: 400;\">, <\/span><b>n\u00e3o recolhe FGTS<\/b><span style=\"font-weight: 400;\">), voc\u00ea <\/span><b>rompe o contrato<\/b><span style=\"font-weight: 400;\"> como se fosse <\/span><b>demiss\u00e3o sem justa causa<\/b><span style=\"font-weight: 400;\">.<\/span><span style=\"font-weight: 400;\">\n<p><\/span><\/li>\n<\/ul>\n<p><b>Leia tamb\u00e9m:<\/b><a href=\"https:\/\/carvalhoadvogado.aliamkt.com\/index.php\/2025\/11\/02\/rescisao-indireta-por-assedio-moral-e-clima-toxico-no-trabalho-saiba-como-agir-e-garantir-seus-direitos\/\"><span style=\"font-weight: 400;\"> Rescis\u00e3o indireta: requisitos e como pedir<\/span><\/a><\/p>\n<h2><b>8) Verbas rescis\u00f3rias: prazos, multas e documentos essenciais\u00a0<\/b><\/h2>\n<p>&nbsp;<\/p>\n<p><span style=\"font-weight: 400;\">Aten\u00e7\u00e3o: as verbas rescis\u00f3rias devem ser <\/span><b>pagas at\u00e9 10 dias<\/b><span style=\"font-weight: 400;\"> ap\u00f3s o t\u00e9rmino do contrato.<\/span><span style=\"font-weight: 400;\"><br \/>\n<\/span><span style=\"font-weight: 400;\">Caso contr\u00e1rio, al\u00e9m de tudo, <\/span><b>pode haver multa<\/b><span style=\"font-weight: 400;\">.<\/span><span style=\"font-weight: 400;\"><br \/>\n<\/span><span style=\"font-weight: 400;\">Portanto, guarde <\/span><b>termo de rescis\u00e3o, comprovantes de dep\u00f3sito, guias do FGTS<\/b><span style=\"font-weight: 400;\"> e <\/span><b>comprovantes do eSocial<\/b><span style=\"font-weight: 400;\">.<\/span><\/p>\n<p><b>Veja tamb\u00e9m:<\/b> <a href=\"https:\/\/carvalhoadvogado.aliamkt.com\/index.php\/2024\/12\/26\/verbas-rescisorias-como-calcular-seu-acerto-ao-ser-demitido\/\"><span style=\"font-weight: 400;\">Verbas rescis\u00f3rias: o que entra no c\u00e1lculo<\/span><\/a><\/p>\n<h2><b>9) Ass\u00e9dio moral no cuidado domiciliar: identifique, registre e reaja\u00a0<\/b><\/h2>\n<p>&nbsp;<\/p>\n<p><span style=\"font-weight: 400;\">Gritos, humilha\u00e7\u00f5es, apelidos ofensivos, isolamento, amea\u00e7as\u2026 tudo isso, infelizmente, configura <\/span><b>ass\u00e9dio moral<\/b><span style=\"font-weight: 400;\">.<\/span><span style=\"font-weight: 400;\"><br \/>\n<\/span><span style=\"font-weight: 400;\">Logo, <\/span><b>anote datas\/hor\u00e1rios<\/b><span style=\"font-weight: 400;\">, <\/span><b>salve mensagens<\/b><span style=\"font-weight: 400;\"> e <\/span><b>registre ocorr\u00eancias<\/b><span style=\"font-weight: 400;\"> m\u00e9dicas quando houver abalo \u00e0 sa\u00fade.<\/span><span style=\"font-weight: 400;\"><br \/>\n<\/span><span style=\"font-weight: 400;\">Al\u00e9m disso, <\/span><b>grava\u00e7\u00f5es ambientais feitas por quem participa<\/b><span style=\"font-weight: 400;\"> da conversa costumam ser <\/span><b>aceitas<\/b><span style=\"font-weight: 400;\">.<\/span><\/p>\n<p>&nbsp;<\/p>\n<h2><b>10) Acidente de trabalho: CAT, estabilidade e indeniza\u00e7\u00f5es\u00a0<\/b><\/h2>\n<p>&nbsp;<\/p>\n<p><span style=\"font-weight: 400;\">Quedas ao transferir o idoso, les\u00f5es por esfor\u00e7o repetitivo, contamina\u00e7\u00f5es e, at\u00e9 mesmo, agress\u00f5es do assistido podem caracterizar <\/span><b>acidente de trabalho<\/b><span style=\"font-weight: 400;\">.<\/span><\/p>\n<p><span style=\"font-weight: 400;\"><br \/>\n<\/span><span style=\"font-weight: 400;\">Nesses casos, <\/span><b>exija a CAT<\/b><span style=\"font-weight: 400;\">, busque <\/span><b>atendimento m\u00e9dico<\/b><span style=\"font-weight: 400;\">, comunique o ocorrido e, principalmente, <\/span><b>re\u00fana provas<\/b><span style=\"font-weight: 400;\">.<\/span><\/p>\n<p><span style=\"font-weight: 400;\"><br \/>\n<\/span><span style=\"font-weight: 400;\">Com efeito, podem existir <\/span><b>estabilidade provis\u00f3ria<\/b><span style=\"font-weight: 400;\">, <\/span><b>indeniza\u00e7\u00e3o por dano moral\/material<\/b><span style=\"font-weight: 400;\"> e, conforme o caso, <\/span><b>pens\u00e3o<\/b><span style=\"font-weight: 400;\">.<\/span><\/p>\n<p>&nbsp;<\/p>\n<h2><b>11) C\u00e1lculos trabalhistas: checklist pr\u00e1tico e r\u00e1pido\u00a0<\/b><\/h2>\n<p>&nbsp;<\/p>\n<p><span style=\"font-weight: 400;\">Para viabilizar <\/span><b>c\u00e1lculos trabalhistas<\/b><span style=\"font-weight: 400;\"> confi\u00e1veis, junte:<\/span><\/p>\n<ul>\n<li style=\"font-weight: 400;\" aria-level=\"1\"><b>Escala\/folgas<\/b><span style=\"font-weight: 400;\">, cart\u00f5es de ponto ou, na falta deles, <\/span><b>prints e mensagens<\/b><span style=\"font-weight: 400;\">;<\/span><span style=\"font-weight: 400;\">\n<p><\/span><\/li>\n<li style=\"font-weight: 400;\" aria-level=\"1\"><b>Comprovantes de pagamento<\/b><span style=\"font-weight: 400;\">, extratos do <\/span><b>FGTS<\/b><span style=\"font-weight: 400;\"> e <\/span><b>INSS<\/b><span style=\"font-weight: 400;\">;<\/span><span style=\"font-weight: 400;\">\n<p><\/span><\/li>\n<li style=\"font-weight: 400;\" aria-level=\"1\"><b>Contrato<\/b><span style=\"font-weight: 400;\">, <\/span><b>comprovantes do eSocial<\/b><span style=\"font-weight: 400;\"> e <\/span><b>recibos<\/b><span style=\"font-weight: 400;\">;<\/span><span style=\"font-weight: 400;\">\n<p><\/span><\/li>\n<li style=\"font-weight: 400;\" aria-level=\"1\"><b>Laudos, atestados<\/b><span style=\"font-weight: 400;\"> e <\/span><b>contatos de testemunhas<\/b><span style=\"font-weight: 400;\">.<\/span><span style=\"font-weight: 400;\">\n<p><\/span><\/li>\n<\/ul>\n<h2><b>12) A\u00e7\u00e3o trabalhista: passo a passo para agir com seguran\u00e7a<\/b><\/h2>\n<ol>\n<li style=\"font-weight: 400;\" aria-level=\"1\"><b>Organize tudo<\/b><span style=\"font-weight: 400;\"> (provas, documentos e testemunhas).<\/span><span style=\"font-weight: 400;\">\n<p><\/span><\/li>\n<li style=\"font-weight: 400;\" aria-level=\"1\"><b>Liste seus pedidos<\/b><span style=\"font-weight: 400;\"> (horas extras, adicionais, f\u00e9rias, 13\u00ba, FGTS, multa, etc.).<\/span><span style=\"font-weight: 400;\">\n<p><\/span><\/li>\n<li style=\"font-weight: 400;\" aria-level=\"1\"><b>Pe\u00e7a justi\u00e7a gratuita<\/b><span style=\"font-weight: 400;\">, se aplic\u00e1vel.<\/span><span style=\"font-weight: 400;\">\n<p><\/span><\/li>\n<li style=\"font-weight: 400;\" aria-level=\"1\"><b>Acompanhe prazos<\/b><span style=\"font-weight: 400;\"> e, sobretudo, <\/span><b>nunca assine recibos em branco<\/b><span style=\"font-weight: 400;\">.<\/span><span style=\"font-weight: 400;\">\n<p><\/span><\/li>\n<\/ol>\n<h2><b>13) FAQ: respostas diretas para d\u00favidas frequentes\u00a0<\/b><\/h2>\n<p>&nbsp;<\/p>\n<ol>\n<li><b> Posso ser MEI como cuidador?<\/b><b><br \/>\n<\/b><span style=\"font-weight: 400;\"> Na pr\u00e1tica, se h\u00e1 <\/span><b>pessoalidade, habitualidade, subordina\u00e7\u00e3o e onerosidade<\/b><span style=\"font-weight: 400;\">, h\u00e1 <\/span><b>v\u00ednculo empregat\u00edcio<\/b><span style=\"font-weight: 400;\">. Portanto, MEI <\/span><b>n\u00e3o<\/b><span style=\"font-weight: 400;\"> afasta direitos trabalhistas.<\/span><\/li>\n<li><b> Dormir no local tira direito a hora extra?<\/b><b><br \/>\n<\/b><span style=\"font-weight: 400;\"> N\u00e3o necessariamente. Em s\u00edntese, o que vale \u00e9 o <\/span><b>tempo \u00e0 disposi\u00e7\u00e3o<\/b><span style=\"font-weight: 400;\"> e o <\/span><b>acordo de jornada<\/b><span style=\"font-weight: 400;\">.<\/span><\/li>\n<li><b> Plant\u00e3o de 24h \u00e9 v\u00e1lido?<\/b><b><br \/>\n<\/b><span style=\"font-weight: 400;\"> Geralmente, <\/span><b>gera excesso<\/b><span style=\"font-weight: 400;\"> e, assim, <\/span><b>horas extras<\/b><span style=\"font-weight: 400;\">. Analisa-se o caso concreto.<\/span><\/li>\n<li><b> Posso gravar conversas para provar ass\u00e9dio?<\/b><b><br \/>\n<\/b><span style=\"font-weight: 400;\"> Sim, desde que <\/span><b>voc\u00ea participe<\/b><span style=\"font-weight: 400;\"> da conversa gravada.<\/span><\/li>\n<\/ol>\n<h2><b>14) Precisa de ajuda agora? Fale com um Advogado Trabalhista em Contagem\u00a0<\/b><\/h2>\n<p><span style=\"font-weight: 400;\">Se voc\u00ea <\/span><b>n\u00e3o recebeu verbas rescis\u00f3rias<\/b><span style=\"font-weight: 400;\">, se <\/span><b>trabalhou sem registro<\/b><span style=\"font-weight: 400;\">, se <\/span><b>tem horas extras n\u00e3o pagas<\/b><span style=\"font-weight: 400;\"> ou, ainda, se <\/span><b>sofreu ass\u00e9dio<\/b><span style=\"font-weight: 400;\"> ou <\/span><b>acidente<\/b><span style=\"font-weight: 400;\">, ent\u00e3o <\/span><b>n\u00e3o espere<\/b><span style=\"font-weight: 400;\">.<\/span><span style=\"font-weight: 400;\"><br \/>\n<\/span><b>Clique para falar no WhatsApp<\/b><span style=\"font-weight: 400;\"> e receba uma <\/span><b>an\u00e1lise personalizada<\/b><span style=\"font-weight: 400;\">, com <\/span><b>c\u00e1lculos trabalhistas<\/b><span style=\"font-weight: 400;\"> claros e <\/span><b>estrat\u00e9gia<\/b><span style=\"font-weight: 400;\"> para o seu caso.<\/span><\/p>\n","protected":false},"excerpt":{"rendered":"<p>&nbsp; Sum\u00e1rio\u00a0 Antes de tudo: voc\u00ea \u00e9, legalmente, empregado dom\u00e9stico? Carteira assinada e eSocial: por que, quando e como regularizar Jornada, 12&#215;36 e intervalos: o que pode e o que n\u00e3o pode Horas extras na pr\u00e1tica: quando surgem e como calcular Adicional noturno e insalubridade: quando cabem e como provar FGTS, f\u00e9rias e 13\u00ba: seus [&hellip;]<\/p>\n","protected":false},"author":1,"featured_media":1440,"comment_status":"open","ping_status":"open","sticky":false,"template":"","format":"standard","meta":{"_joinchat":[],"footnotes":""},"categories":[6],"tags":[],"class_list":["post-1438","post","type-post","status-publish","format-standard","has-post-thumbnail","hentry","category-direito-trabalhista"],"yoast_head":"<!-- This site is optimized with the Yoast SEO plugin v27.5 - https:\/\/yoast.com\/product\/yoast-seo-wordpress\/ -->\n<title>Cuidador de Idoso: Descubra Todos os Seus Direitos (e Como Exigi-los Sem Medo!) - Pedro Carvalho Advogado Trabalhista<\/title>\n<meta name=\"description\" content=\"Jornada, 12x36, horas extras, adicional noturno\/insalubridade, f\u00e9rias, 13\u00ba e rescis\u00e3o. Entenda seus direitos e saiba, passo a passo, como agir com seguran\u00e7a.\" \/>\n<meta name=\"robots\" content=\"index, follow, max-snippet:-1, max-image-preview:large, max-video-preview:-1\" \/>\n<link rel=\"canonical\" href=\"https:\/\/carvalhoadvogado.aliamkt.com\/index.php\/2025\/11\/10\/cuidador-de-idoso-descubra-todos-os-seus-direitos-e-como-exigi-los-sem-medo\/\" \/>\n<meta property=\"og:locale\" content=\"pt_BR\" \/>\n<meta property=\"og:type\" content=\"article\" \/>\n<meta property=\"og:title\" content=\"Cuidador de Idoso: Descubra Todos os Seus Direitos (e Como Exigi-los Sem Medo!) - Pedro Carvalho Advogado Trabalhista\" \/>\n<meta property=\"og:description\" content=\"Jornada, 12x36, horas extras, adicional noturno\/insalubridade, f\u00e9rias, 13\u00ba e rescis\u00e3o. Entenda seus direitos e saiba, passo a passo, como agir com seguran\u00e7a.\" \/>\n<meta property=\"og:url\" content=\"https:\/\/carvalhoadvogado.aliamkt.com\/index.php\/2025\/11\/10\/cuidador-de-idoso-descubra-todos-os-seus-direitos-e-como-exigi-los-sem-medo\/\" \/>\n<meta property=\"og:site_name\" content=\"Pedro Carvalho Advogado Trabalhista\" \/>\n<meta property=\"article:published_time\" content=\"2025-11-10T14:18:33+00:00\" \/>\n<meta property=\"og:image\" content=\"https:\/\/carvalhoadvogado.aliamkt.com\/wp-content\/uploads\/2025\/11\/advogado-trabalhista-no-eldorado-3.jpg\" \/>\n\t<meta property=\"og:image:width\" content=\"626\" \/>\n\t<meta property=\"og:image:height\" content=\"430\" \/>\n\t<meta property=\"og:image:type\" content=\"image\/jpeg\" \/>\n<meta name=\"author\" content=\"lailacarvalhoadv\" \/>\n<meta name=\"twitter:card\" content=\"summary_large_image\" \/>\n<meta name=\"twitter:label1\" content=\"Escrito por\" \/>\n\t<meta name=\"twitter:data1\" content=\"lailacarvalhoadv\" \/>\n\t<meta name=\"twitter:label2\" content=\"Est. tempo de leitura\" \/>\n\t<meta name=\"twitter:data2\" content=\"6 minutos\" \/>\n<script type=\"application\/ld+json\" class=\"yoast-schema-graph\">{\"@context\":\"https:\\\/\\\/schema.org\",\"@graph\":[{\"@type\":\"Article\",\"@id\":\"https:\\\/\\\/carvalhoadvogado.aliamkt.com\\\/index.php\\\/2025\\\/11\\\/10\\\/cuidador-de-idoso-descubra-todos-os-seus-direitos-e-como-exigi-los-sem-medo\\\/#article\",\"isPartOf\":{\"@id\":\"https:\\\/\\\/carvalhoadvogado.aliamkt.com\\\/index.php\\\/2025\\\/11\\\/10\\\/cuidador-de-idoso-descubra-todos-os-seus-direitos-e-como-exigi-los-sem-medo\\\/\"},\"author\":{\"name\":\"lailacarvalhoadv\",\"@id\":\"https:\\\/\\\/carvalhoadvogado.aliamkt.com\\\/#\\\/schema\\\/person\\\/8f4d67ba57d6160ee802836a319bd8eb\"},\"headline\":\"Cuidador de Idoso: Descubra Todos os Seus Direitos (e Como Exigi-los Sem Medo!)\",\"datePublished\":\"2025-11-10T14:18:33+00:00\",\"mainEntityOfPage\":{\"@id\":\"https:\\\/\\\/carvalhoadvogado.aliamkt.com\\\/index.php\\\/2025\\\/11\\\/10\\\/cuidador-de-idoso-descubra-todos-os-seus-direitos-e-como-exigi-los-sem-medo\\\/\"},\"wordCount\":1143,\"commentCount\":0,\"publisher\":{\"@id\":\"https:\\\/\\\/carvalhoadvogado.aliamkt.com\\\/#organization\"},\"image\":{\"@id\":\"https:\\\/\\\/carvalhoadvogado.aliamkt.com\\\/index.php\\\/2025\\\/11\\\/10\\\/cuidador-de-idoso-descubra-todos-os-seus-direitos-e-como-exigi-los-sem-medo\\\/#primaryimage\"},\"thumbnailUrl\":\"https:\\\/\\\/carvalhoadvogado.aliamkt.com\\\/wp-content\\\/uploads\\\/2025\\\/11\\\/advogado-trabalhista-no-eldorado-3.jpg\",\"articleSection\":[\"Direito Trabalhista\"],\"inLanguage\":\"pt-BR\",\"potentialAction\":[{\"@type\":\"CommentAction\",\"name\":\"Comment\",\"target\":[\"https:\\\/\\\/carvalhoadvogado.aliamkt.com\\\/index.php\\\/2025\\\/11\\\/10\\\/cuidador-de-idoso-descubra-todos-os-seus-direitos-e-como-exigi-los-sem-medo\\\/#respond\"]}]},{\"@type\":\"WebPage\",\"@id\":\"https:\\\/\\\/carvalhoadvogado.aliamkt.com\\\/index.php\\\/2025\\\/11\\\/10\\\/cuidador-de-idoso-descubra-todos-os-seus-direitos-e-como-exigi-los-sem-medo\\\/\",\"url\":\"https:\\\/\\\/carvalhoadvogado.aliamkt.com\\\/index.php\\\/2025\\\/11\\\/10\\\/cuidador-de-idoso-descubra-todos-os-seus-direitos-e-como-exigi-los-sem-medo\\\/\",\"name\":\"Cuidador de Idoso: Descubra Todos os Seus Direitos (e Como Exigi-los Sem Medo!) - Pedro Carvalho Advogado Trabalhista\",\"isPartOf\":{\"@id\":\"https:\\\/\\\/carvalhoadvogado.aliamkt.com\\\/#website\"},\"primaryImageOfPage\":{\"@id\":\"https:\\\/\\\/carvalhoadvogado.aliamkt.com\\\/index.php\\\/2025\\\/11\\\/10\\\/cuidador-de-idoso-descubra-todos-os-seus-direitos-e-como-exigi-los-sem-medo\\\/#primaryimage\"},\"image\":{\"@id\":\"https:\\\/\\\/carvalhoadvogado.aliamkt.com\\\/index.php\\\/2025\\\/11\\\/10\\\/cuidador-de-idoso-descubra-todos-os-seus-direitos-e-como-exigi-los-sem-medo\\\/#primaryimage\"},\"thumbnailUrl\":\"https:\\\/\\\/carvalhoadvogado.aliamkt.com\\\/wp-content\\\/uploads\\\/2025\\\/11\\\/advogado-trabalhista-no-eldorado-3.jpg\",\"datePublished\":\"2025-11-10T14:18:33+00:00\",\"description\":\"Jornada, 12x36, horas extras, adicional noturno\\\/insalubridade, f\u00e9rias, 13\u00ba e rescis\u00e3o. Entenda seus direitos e saiba, passo a passo, como agir com seguran\u00e7a.\",\"breadcrumb\":{\"@id\":\"https:\\\/\\\/carvalhoadvogado.aliamkt.com\\\/index.php\\\/2025\\\/11\\\/10\\\/cuidador-de-idoso-descubra-todos-os-seus-direitos-e-como-exigi-los-sem-medo\\\/#breadcrumb\"},\"inLanguage\":\"pt-BR\",\"potentialAction\":[{\"@type\":\"ReadAction\",\"target\":[\"https:\\\/\\\/carvalhoadvogado.aliamkt.com\\\/index.php\\\/2025\\\/11\\\/10\\\/cuidador-de-idoso-descubra-todos-os-seus-direitos-e-como-exigi-los-sem-medo\\\/\"]}]},{\"@type\":\"ImageObject\",\"inLanguage\":\"pt-BR\",\"@id\":\"https:\\\/\\\/carvalhoadvogado.aliamkt.com\\\/index.php\\\/2025\\\/11\\\/10\\\/cuidador-de-idoso-descubra-todos-os-seus-direitos-e-como-exigi-los-sem-medo\\\/#primaryimage\",\"url\":\"https:\\\/\\\/carvalhoadvogado.aliamkt.com\\\/wp-content\\\/uploads\\\/2025\\\/11\\\/advogado-trabalhista-no-eldorado-3.jpg\",\"contentUrl\":\"https:\\\/\\\/carvalhoadvogado.aliamkt.com\\\/wp-content\\\/uploads\\\/2025\\\/11\\\/advogado-trabalhista-no-eldorado-3.jpg\",\"width\":626,\"height\":430},{\"@type\":\"BreadcrumbList\",\"@id\":\"https:\\\/\\\/carvalhoadvogado.aliamkt.com\\\/index.php\\\/2025\\\/11\\\/10\\\/cuidador-de-idoso-descubra-todos-os-seus-direitos-e-como-exigi-los-sem-medo\\\/#breadcrumb\",\"itemListElement\":[{\"@type\":\"ListItem\",\"position\":1,\"name\":\"In\u00edcio\",\"item\":\"https:\\\/\\\/carvalhoadvogado.aliamkt.com\\\/\"},{\"@type\":\"ListItem\",\"position\":2,\"name\":\"Cuidador de Idoso: Descubra Todos os Seus Direitos (e Como Exigi-los Sem Medo!)\"}]},{\"@type\":\"WebSite\",\"@id\":\"https:\\\/\\\/carvalhoadvogado.aliamkt.com\\\/#website\",\"url\":\"https:\\\/\\\/carvalhoadvogado.aliamkt.com\\\/\",\"name\":\"Pedro Carvalho Advogado\",\"description\":\"Advogado Trabalhista\",\"publisher\":{\"@id\":\"https:\\\/\\\/carvalhoadvogado.aliamkt.com\\\/#organization\"},\"potentialAction\":[{\"@type\":\"SearchAction\",\"target\":{\"@type\":\"EntryPoint\",\"urlTemplate\":\"https:\\\/\\\/carvalhoadvogado.aliamkt.com\\\/?s={search_term_string}\"},\"query-input\":{\"@type\":\"PropertyValueSpecification\",\"valueRequired\":true,\"valueName\":\"search_term_string\"}}],\"inLanguage\":\"pt-BR\"},{\"@type\":\"Organization\",\"@id\":\"https:\\\/\\\/carvalhoadvogado.aliamkt.com\\\/#organization\",\"name\":\"Pedro Carvalho Advogado\",\"url\":\"https:\\\/\\\/carvalhoadvogado.aliamkt.com\\\/\",\"logo\":{\"@type\":\"ImageObject\",\"inLanguage\":\"pt-BR\",\"@id\":\"https:\\\/\\\/carvalhoadvogado.aliamkt.com\\\/#\\\/schema\\\/logo\\\/image\\\/\",\"url\":\"https:\\\/\\\/carvalhoadvogado.aliamkt.com\\\/wp-content\\\/uploads\\\/2024\\\/06\\\/Logo-azul.png\",\"contentUrl\":\"https:\\\/\\\/carvalhoadvogado.aliamkt.com\\\/wp-content\\\/uploads\\\/2024\\\/06\\\/Logo-azul.png\",\"width\":500,\"height\":500,\"caption\":\"Pedro Carvalho Advogado\"},\"image\":{\"@id\":\"https:\\\/\\\/carvalhoadvogado.aliamkt.com\\\/#\\\/schema\\\/logo\\\/image\\\/\"}},{\"@type\":\"Person\",\"@id\":\"https:\\\/\\\/carvalhoadvogado.aliamkt.com\\\/#\\\/schema\\\/person\\\/8f4d67ba57d6160ee802836a319bd8eb\",\"name\":\"lailacarvalhoadv\",\"image\":{\"@type\":\"ImageObject\",\"inLanguage\":\"pt-BR\",\"@id\":\"https:\\\/\\\/secure.gravatar.com\\\/avatar\\\/a60961139a792fb5ca701fab485f653a1b3cc37cf8dbd4937b4134105caf5369?s=96&d=mm&r=g\",\"url\":\"https:\\\/\\\/secure.gravatar.com\\\/avatar\\\/a60961139a792fb5ca701fab485f653a1b3cc37cf8dbd4937b4134105caf5369?s=96&d=mm&r=g\",\"contentUrl\":\"https:\\\/\\\/secure.gravatar.com\\\/avatar\\\/a60961139a792fb5ca701fab485f653a1b3cc37cf8dbd4937b4134105caf5369?s=96&d=mm&r=g\",\"caption\":\"lailacarvalhoadv\"},\"sameAs\":[\"https:\\\/\\\/carvalhoadvogado.aliamkt.com\"],\"url\":\"https:\\\/\\\/carvalhoadvogado.aliamkt.com\\\/index.php\\\/author\\\/lailacarvalhoadv\\\/\"}]}<\/script>\n<!-- \/ Yoast SEO plugin. -->","yoast_head_json":{"title":"Cuidador de Idoso: Descubra Todos os Seus Direitos (e Como Exigi-los Sem Medo!) - Pedro Carvalho Advogado Trabalhista","description":"Jornada, 12x36, horas extras, adicional noturno\/insalubridade, f\u00e9rias, 13\u00ba e rescis\u00e3o. Entenda seus direitos e saiba, passo a passo, como agir com seguran\u00e7a.","robots":{"index":"index","follow":"follow","max-snippet":"max-snippet:-1","max-image-preview":"max-image-preview:large","max-video-preview":"max-video-preview:-1"},"canonical":"https:\/\/carvalhoadvogado.aliamkt.com\/index.php\/2025\/11\/10\/cuidador-de-idoso-descubra-todos-os-seus-direitos-e-como-exigi-los-sem-medo\/","og_locale":"pt_BR","og_type":"article","og_title":"Cuidador de Idoso: Descubra Todos os Seus Direitos (e Como Exigi-los Sem Medo!) - Pedro Carvalho Advogado Trabalhista","og_description":"Jornada, 12x36, horas extras, adicional noturno\/insalubridade, f\u00e9rias, 13\u00ba e rescis\u00e3o. Entenda seus direitos e saiba, passo a passo, como agir com seguran\u00e7a.","og_url":"https:\/\/carvalhoadvogado.aliamkt.com\/index.php\/2025\/11\/10\/cuidador-de-idoso-descubra-todos-os-seus-direitos-e-como-exigi-los-sem-medo\/","og_site_name":"Pedro Carvalho Advogado Trabalhista","article_published_time":"2025-11-10T14:18:33+00:00","og_image":[{"width":626,"height":430,"url":"https:\/\/carvalhoadvogado.aliamkt.com\/wp-content\/uploads\/2025\/11\/advogado-trabalhista-no-eldorado-3.jpg","type":"image\/jpeg"}],"author":"lailacarvalhoadv","twitter_card":"summary_large_image","twitter_misc":{"Escrito por":"lailacarvalhoadv","Est. tempo de leitura":"6 minutos"},"schema":{"@context":"https:\/\/schema.org","@graph":[{"@type":"Article","@id":"https:\/\/carvalhoadvogado.aliamkt.com\/index.php\/2025\/11\/10\/cuidador-de-idoso-descubra-todos-os-seus-direitos-e-como-exigi-los-sem-medo\/#article","isPartOf":{"@id":"https:\/\/carvalhoadvogado.aliamkt.com\/index.php\/2025\/11\/10\/cuidador-de-idoso-descubra-todos-os-seus-direitos-e-como-exigi-los-sem-medo\/"},"author":{"name":"lailacarvalhoadv","@id":"https:\/\/carvalhoadvogado.aliamkt.com\/#\/schema\/person\/8f4d67ba57d6160ee802836a319bd8eb"},"headline":"Cuidador de Idoso: Descubra Todos os Seus Direitos (e Como Exigi-los Sem Medo!)","datePublished":"2025-11-10T14:18:33+00:00","mainEntityOfPage":{"@id":"https:\/\/carvalhoadvogado.aliamkt.com\/index.php\/2025\/11\/10\/cuidador-de-idoso-descubra-todos-os-seus-direitos-e-como-exigi-los-sem-medo\/"},"wordCount":1143,"commentCount":0,"publisher":{"@id":"https:\/\/carvalhoadvogado.aliamkt.com\/#organization"},"image":{"@id":"https:\/\/carvalhoadvogado.aliamkt.com\/index.php\/2025\/11\/10\/cuidador-de-idoso-descubra-todos-os-seus-direitos-e-como-exigi-los-sem-medo\/#primaryimage"},"thumbnailUrl":"https:\/\/carvalhoadvogado.aliamkt.com\/wp-content\/uploads\/2025\/11\/advogado-trabalhista-no-eldorado-3.jpg","articleSection":["Direito Trabalhista"],"inLanguage":"pt-BR","potentialAction":[{"@type":"CommentAction","name":"Comment","target":["https:\/\/carvalhoadvogado.aliamkt.com\/index.php\/2025\/11\/10\/cuidador-de-idoso-descubra-todos-os-seus-direitos-e-como-exigi-los-sem-medo\/#respond"]}]},{"@type":"WebPage","@id":"https:\/\/carvalhoadvogado.aliamkt.com\/index.php\/2025\/11\/10\/cuidador-de-idoso-descubra-todos-os-seus-direitos-e-como-exigi-los-sem-medo\/","url":"https:\/\/carvalhoadvogado.aliamkt.com\/index.php\/2025\/11\/10\/cuidador-de-idoso-descubra-todos-os-seus-direitos-e-como-exigi-los-sem-medo\/","name":"Cuidador de Idoso: Descubra Todos os Seus Direitos (e Como Exigi-los Sem Medo!) - Pedro Carvalho Advogado Trabalhista","isPartOf":{"@id":"https:\/\/carvalhoadvogado.aliamkt.com\/#website"},"primaryImageOfPage":{"@id":"https:\/\/carvalhoadvogado.aliamkt.com\/index.php\/2025\/11\/10\/cuidador-de-idoso-descubra-todos-os-seus-direitos-e-como-exigi-los-sem-medo\/#primaryimage"},"image":{"@id":"https:\/\/carvalhoadvogado.aliamkt.com\/index.php\/2025\/11\/10\/cuidador-de-idoso-descubra-todos-os-seus-direitos-e-como-exigi-los-sem-medo\/#primaryimage"},"thumbnailUrl":"https:\/\/carvalhoadvogado.aliamkt.com\/wp-content\/uploads\/2025\/11\/advogado-trabalhista-no-eldorado-3.jpg","datePublished":"2025-11-10T14:18:33+00:00","description":"Jornada, 12x36, horas extras, adicional noturno\/insalubridade, f\u00e9rias, 13\u00ba e rescis\u00e3o. Entenda seus direitos e saiba, passo a passo, como agir com seguran\u00e7a.","breadcrumb":{"@id":"https:\/\/carvalhoadvogado.aliamkt.com\/index.php\/2025\/11\/10\/cuidador-de-idoso-descubra-todos-os-seus-direitos-e-como-exigi-los-sem-medo\/#breadcrumb"},"inLanguage":"pt-BR","potentialAction":[{"@type":"ReadAction","target":["https:\/\/carvalhoadvogado.aliamkt.com\/index.php\/2025\/11\/10\/cuidador-de-idoso-descubra-todos-os-seus-direitos-e-como-exigi-los-sem-medo\/"]}]},{"@type":"ImageObject","inLanguage":"pt-BR","@id":"https:\/\/carvalhoadvogado.aliamkt.com\/index.php\/2025\/11\/10\/cuidador-de-idoso-descubra-todos-os-seus-direitos-e-como-exigi-los-sem-medo\/#primaryimage","url":"https:\/\/carvalhoadvogado.aliamkt.com\/wp-content\/uploads\/2025\/11\/advogado-trabalhista-no-eldorado-3.jpg","contentUrl":"https:\/\/carvalhoadvogado.aliamkt.com\/wp-content\/uploads\/2025\/11\/advogado-trabalhista-no-eldorado-3.jpg","width":626,"height":430},{"@type":"BreadcrumbList","@id":"https:\/\/carvalhoadvogado.aliamkt.com\/index.php\/2025\/11\/10\/cuidador-de-idoso-descubra-todos-os-seus-direitos-e-como-exigi-los-sem-medo\/#breadcrumb","itemListElement":[{"@type":"ListItem","position":1,"name":"In\u00edcio","item":"https:\/\/carvalhoadvogado.aliamkt.com\/"},{"@type":"ListItem","position":2,"name":"Cuidador de Idoso: Descubra Todos os Seus Direitos (e Como Exigi-los Sem Medo!)"}]},{"@type":"WebSite","@id":"https:\/\/carvalhoadvogado.aliamkt.com\/#website","url":"https:\/\/carvalhoadvogado.aliamkt.com\/","name":"Pedro Carvalho Advogado","description":"Advogado Trabalhista","publisher":{"@id":"https:\/\/carvalhoadvogado.aliamkt.com\/#organization"},"potentialAction":[{"@type":"SearchAction","target":{"@type":"EntryPoint","urlTemplate":"https:\/\/carvalhoadvogado.aliamkt.com\/?s={search_term_string}"},"query-input":{"@type":"PropertyValueSpecification","valueRequired":true,"valueName":"search_term_string"}}],"inLanguage":"pt-BR"},{"@type":"Organization","@id":"https:\/\/carvalhoadvogado.aliamkt.com\/#organization","name":"Pedro Carvalho Advogado","url":"https:\/\/carvalhoadvogado.aliamkt.com\/","logo":{"@type":"ImageObject","inLanguage":"pt-BR","@id":"https:\/\/carvalhoadvogado.aliamkt.com\/#\/schema\/logo\/image\/","url":"https:\/\/carvalhoadvogado.aliamkt.com\/wp-content\/uploads\/2024\/06\/Logo-azul.png","contentUrl":"https:\/\/carvalhoadvogado.aliamkt.com\/wp-content\/uploads\/2024\/06\/Logo-azul.png","width":500,"height":500,"caption":"Pedro Carvalho Advogado"},"image":{"@id":"https:\/\/carvalhoadvogado.aliamkt.com\/#\/schema\/logo\/image\/"}},{"@type":"Person","@id":"https:\/\/carvalhoadvogado.aliamkt.com\/#\/schema\/person\/8f4d67ba57d6160ee802836a319bd8eb","name":"lailacarvalhoadv","image":{"@type":"ImageObject","inLanguage":"pt-BR","@id":"https:\/\/secure.gravatar.com\/avatar\/a60961139a792fb5ca701fab485f653a1b3cc37cf8dbd4937b4134105caf5369?s=96&d=mm&r=g","url":"https:\/\/secure.gravatar.com\/avatar\/a60961139a792fb5ca701fab485f653a1b3cc37cf8dbd4937b4134105caf5369?s=96&d=mm&r=g","contentUrl":"https:\/\/secure.gravatar.com\/avatar\/a60961139a792fb5ca701fab485f653a1b3cc37cf8dbd4937b4134105caf5369?s=96&d=mm&r=g","caption":"lailacarvalhoadv"},"sameAs":["https:\/\/carvalhoadvogado.aliamkt.com"],"url":"https:\/\/carvalhoadvogado.aliamkt.com\/index.php\/author\/lailacarvalhoadv\/"}]}},"_links":{"self":[{"href":"https:\/\/carvalhoadvogado.aliamkt.com\/index.php\/wp-json\/wp\/v2\/posts\/1438","targetHints":{"allow":["GET"]}}],"collection":[{"href":"https:\/\/carvalhoadvogado.aliamkt.com\/index.php\/wp-json\/wp\/v2\/posts"}],"about":[{"href":"https:\/\/carvalhoadvogado.aliamkt.com\/index.php\/wp-json\/wp\/v2\/types\/post"}],"author":[{"embeddable":true,"href":"https:\/\/carvalhoadvogado.aliamkt.com\/index.php\/wp-json\/wp\/v2\/users\/1"}],"replies":[{"embeddable":true,"href":"https:\/\/carvalhoadvogado.aliamkt.com\/index.php\/wp-json\/wp\/v2\/comments?post=1438"}],"version-history":[{"count":1,"href":"https:\/\/carvalhoadvogado.aliamkt.com\/index.php\/wp-json\/wp\/v2\/posts\/1438\/revisions"}],"predecessor-version":[{"id":1441,"href":"https:\/\/carvalhoadvogado.aliamkt.com\/index.php\/wp-json\/wp\/v2\/posts\/1438\/revisions\/1441"}],"wp:featuredmedia":[{"embeddable":true,"href":"https:\/\/carvalhoadvogado.aliamkt.com\/index.php\/wp-json\/wp\/v2\/media\/1440"}],"wp:attachment":[{"href":"https:\/\/carvalhoadvogado.aliamkt.com\/index.php\/wp-json\/wp\/v2\/media?parent=1438"}],"wp:term":[{"taxonomy":"category","embeddable":true,"href":"https:\/\/carvalhoadvogado.aliamkt.com\/index.php\/wp-json\/wp\/v2\/categories?post=1438"},{"taxonomy":"post_tag","embeddable":true,"href":"https:\/\/carvalhoadvogado.aliamkt.com\/index.php\/wp-json\/wp\/v2\/tags?post=1438"}],"curies":[{"name":"wp","href":"https:\/\/api.w.org\/{rel}","templated":true}]}}