{"id":1442,"date":"2025-11-14T12:04:16","date_gmt":"2025-11-14T15:04:16","guid":{"rendered":"https:\/\/carvalhoadvogado.aliamkt.com\/?p=1442"},"modified":"2025-11-14T12:04:16","modified_gmt":"2025-11-14T15:04:16","slug":"justa-causa-por-abandono-de-emprego-quando-realmente-acontece-e-como-reverter","status":"publish","type":"post","link":"https:\/\/carvalhoadvogado.aliamkt.com\/index.php\/2025\/11\/14\/justa-causa-por-abandono-de-emprego-quando-realmente-acontece-e-como-reverter\/","title":{"rendered":"Justa Causa por Abandono de Emprego: Quando Realmente Acontece (e Como Reverter)"},"content":{"rendered":"<h2><b>Introdu\u00e7\u00e3o: a confus\u00e3o que prejudica muitos trabalhadores<\/b><\/h2>\n<p><span style=\"font-weight: 400;\">Ser acusado de <\/span><b>abandono de emprego<\/b><span style=\"font-weight: 400;\"> \u00e9 uma das situa\u00e7\u00f5es mais injustas que um trabalhador pode enfrentar. Isso porque, muitas vezes, a empresa <\/span><b>n\u00e3o tenta contato<\/b><span style=\"font-weight: 400;\">, <\/span><b>n\u00e3o avisa<\/b><span style=\"font-weight: 400;\">, <\/span><b>n\u00e3o confirma o motivo da aus\u00eancia<\/b><span style=\"font-weight: 400;\"> e, ainda assim, aplica a penalidade mais grave: <\/span><b>demiss\u00e3o por justa causa<\/b><span style=\"font-weight: 400;\">.<\/span><\/p>\n<p><span style=\"font-weight: 400;\">Por\u00e9m, \u00e9 fundamental entender que <\/span><b>nem toda aus\u00eancia configura abandono<\/b><span style=\"font-weight: 400;\">. Ali\u00e1s, na maioria dos casos, a empresa <\/span><b>n\u00e3o cumpre os requisitos legais<\/b><span style=\"font-weight: 400;\">, o que torna totalmente poss\u00edvel <\/span><b>reverter a justa causa na Justi\u00e7a do Trabalho<\/b><span style=\"font-weight: 400;\">.<\/span><\/p>\n<p><span style=\"font-weight: 400;\">A seguir, voc\u00ea vai descobrir <\/span><b>quando o abandono realmente existe<\/b><span style=\"font-weight: 400;\">, <\/span><b>quando N\u00c3O existe<\/b><span style=\"font-weight: 400;\">, e <\/span><b>como recuperar seus direitos com a ajuda de um advogado trabalhista<\/b><span style=\"font-weight: 400;\">.<\/span><\/p>\n<h2><b>O que \u00e9 abandono de emprego segundo a CLT<\/b><\/h2>\n<p><span style=\"font-weight: 400;\">O abandono de emprego acontece quando o trabalhador <\/span><b>para de comparecer ao trabalho sem justificativa<\/b><span style=\"font-weight: 400;\"> e <\/span><b>demonstra inten\u00e7\u00e3o de n\u00e3o voltar mais<\/b><span style=\"font-weight: 400;\">.<\/span><span style=\"font-weight: 400;\"><br \/>\n<\/span><span style=\"font-weight: 400;\"> Entretanto, \u00e9 importante destacar que <\/span><b>n\u00e3o basta faltar<\/b><span style=\"font-weight: 400;\">.<\/span><\/p>\n<p><span style=\"font-weight: 400;\">A Justi\u00e7a exige dois elementos essenciais:<\/span><\/p>\n<ol>\n<li style=\"font-weight: 400;\" aria-level=\"1\"><b>Aus\u00eancia prolongada<\/b><span style=\"font-weight: 400;\">;<\/span><span style=\"font-weight: 400;\">\n<p><\/span><\/li>\n<li style=\"font-weight: 400;\" aria-level=\"1\"><b>Inten\u00e7\u00e3o clara de abandonar o trabalho<\/b><span style=\"font-weight: 400;\"> (<\/span><i><span style=\"font-weight: 400;\">animus abandonandi<\/span><\/i><span style=\"font-weight: 400;\">).<\/span><span style=\"font-weight: 400;\">\n<p><\/span><\/li>\n<\/ol>\n<p><span style=\"font-weight: 400;\">Assim, se a pessoa se ausentou por motivo leg\u00edtimo \u2014 como doen\u00e7a, acidente, problemas pessoais graves \u2014 <\/span><b>n\u00e3o h\u00e1 abandono<\/b><span style=\"font-weight: 400;\">, mesmo que n\u00e3o tenha apresentado atestado imediatamente.<\/span><\/p>\n<h2><b>Quantos dias faltando viram abandono?<\/b><\/h2>\n<p><span style=\"font-weight: 400;\">Muitos acreditam que \u201cfaltou 30 dias = abandono\u201d.<\/span><span style=\"font-weight: 400;\"><br \/>\n<\/span><span style=\"font-weight: 400;\"> No entanto, isso n\u00e3o \u00e9 totalmente correto.<\/span><\/p>\n<p><span style=\"font-weight: 400;\">Embora 30 dias seja um <\/span><b>par\u00e2metro comum<\/b><span style=\"font-weight: 400;\">, os tribunais analisam <\/span><b>todo o contexto<\/b><span style=\"font-weight: 400;\">, o que significa que:<\/span><\/p>\n<ul>\n<li style=\"font-weight: 400;\" aria-level=\"1\"><span style=\"font-weight: 400;\">Pode N\u00c3O haver abandono mesmo com <\/span><b>mais de 30 dias de aus\u00eancia<\/b><span style=\"font-weight: 400;\">, caso exista justificativa;<\/span><span style=\"font-weight: 400;\">\n<p><\/span><\/li>\n<li style=\"font-weight: 400;\" aria-level=\"1\"><span style=\"font-weight: 400;\">Pode existir discuss\u00e3o jur\u00eddica <\/span><b>mesmo abaixo desse prazo<\/b><span style=\"font-weight: 400;\">, dependendo das provas.<\/span><span style=\"font-weight: 400;\">\n<p><\/span><\/li>\n<\/ul>\n<p><span style=\"font-weight: 400;\">Portanto, o prazo <\/span><b>n\u00e3o \u00e9 absoluto<\/b><span style=\"font-weight: 400;\">. O que realmente importa \u00e9 <\/span><b>a inten\u00e7\u00e3o de n\u00e3o voltar<\/b><span style=\"font-weight: 400;\"> \u2014 e isso a empresa <\/span><b>deve comprovar<\/b><span style=\"font-weight: 400;\">, n\u00e3o o trabalhador.<\/span><\/p>\n<h2><b>A empresa deve notificar antes de aplicar justa causa<\/b><\/h2>\n<p><span style=\"font-weight: 400;\">Esse \u00e9 um dos pontos mais importantes.<\/span><span style=\"font-weight: 400;\"><br \/>\n<\/span><span style=\"font-weight: 400;\">Para aplicar justa causa por abandono, a empresa <\/span><b>precisa notificar o empregado formalmente<\/b><span style=\"font-weight: 400;\">, geralmente por:<\/span><\/p>\n<ul>\n<li style=\"font-weight: 400;\" aria-level=\"1\"><span style=\"font-weight: 400;\">carta registrada;<\/span><span style=\"font-weight: 400;\">\n<p><\/span><\/li>\n<li style=\"font-weight: 400;\" aria-level=\"1\"><span style=\"font-weight: 400;\">telegrama;<\/span><span style=\"font-weight: 400;\">\n<p><\/span><\/li>\n<li style=\"font-weight: 400;\" aria-level=\"1\"><span style=\"font-weight: 400;\">notifica\u00e7\u00e3o extrajudicial.<\/span><span style=\"font-weight: 400;\">\n<p><\/span><\/li>\n<\/ul>\n<p><span style=\"font-weight: 400;\">Al\u00e9m disso, a notifica\u00e7\u00e3o deve pedir que o trabalhador <\/span><b>retorne ao servi\u00e7o<\/b><span style=\"font-weight: 400;\"> em determinado prazo.<\/span><\/p>\n<p><span style=\"font-weight: 400;\">Se a empresa <\/span><b>n\u00e3o notificou<\/b><span style=\"font-weight: 400;\">, a justa causa costuma ser <\/span><b>ilegal<\/b><span style=\"font-weight: 400;\">.<\/span><span style=\"font-weight: 400;\"><br \/>\n<\/span><span style=\"font-weight: 400;\">Consequentemente, muitos ju\u00edzes anulam a demiss\u00e3o apenas pela falta de comunica\u00e7\u00e3o adequada.<\/span><\/p>\n<h2><b>Casos em que N\u00c3O existe abandono de emprego<\/b><\/h2>\n<p><span style=\"font-weight: 400;\">\u00c9 impressionante como muitas empresas tentam enquadrar trabalhadores em abandono de forma abusiva.<\/span><span style=\"font-weight: 400;\"><br \/>\n<\/span><span style=\"font-weight: 400;\">Veja situa\u00e7\u00f5es em que <\/span><b>a justa causa \u00e9 indevida<\/b><span style=\"font-weight: 400;\">:<\/span><\/p>\n<h3><b>Trabalhou doente ou internado<\/b><\/h3>\n<p><span style=\"font-weight: 400;\">Se o trabalhador estava doente, ainda que sem atestado inicial, <\/span><b>n\u00e3o h\u00e1 abandono<\/b><span style=\"font-weight: 400;\">.<\/span><span style=\"font-weight: 400;\"><br \/>\n<\/span><span style=\"font-weight: 400;\">Al\u00e9m disso, doen\u00e7as psiqui\u00e1tricas podem justificar aus\u00eancias maiores.<\/span><\/p>\n<h3><b>A empresa sabia do motivo das faltas<\/b><\/h3>\n<p><span style=\"font-weight: 400;\">Se houve conversa por WhatsApp, recado para colegas, e-mails ou avisos de familiares, <\/span><b>n\u00e3o existe inten\u00e7\u00e3o de abandonar<\/b><span style=\"font-weight: 400;\">.<\/span><\/p>\n<h3><b>Problemas familiares graves<\/b><\/h3>\n<p><span style=\"font-weight: 400;\">Situa\u00e7\u00f5es como morte de familiar, acidente, crise emocional ou separa\u00e7\u00e3o traum\u00e1tica <\/span><b>s\u00e3o justificativas aceitas pelos tribunais<\/b><span style=\"font-weight: 400;\">.<\/span><\/p>\n<h3><b>Licen\u00e7a n\u00e3o registrada corretamente<\/b><\/h3>\n<p><span style=\"font-weight: 400;\">Se o trabalhador estava em f\u00e9rias, licen\u00e7a m\u00e9dica ou outro afastamento e a empresa errou no registro, <\/span><b>a culpa n\u00e3o \u00e9 do empregado<\/b><span style=\"font-weight: 400;\">.<\/span><\/p>\n<h3><b>Falta de notifica\u00e7\u00e3o formal<\/b><\/h3>\n<p><span style=\"font-weight: 400;\">Sem notifica\u00e7\u00e3o, <\/span><b>a empresa n\u00e3o pode alegar abandono<\/b><span style=\"font-weight: 400;\">, pois n\u00e3o deu oportunidade de retorno.<\/span><\/p>\n<h3><b>Coa\u00e7\u00e3o, ass\u00e9dio e press\u00e3o<\/b><\/h3>\n<p><span style=\"font-weight: 400;\">Em alguns casos, o trabalhador falta porque est\u00e1 sofrendo humilha\u00e7\u00f5es ou persegui\u00e7\u00f5es.<\/span><span style=\"font-weight: 400;\"><br \/>\n<\/span><span style=\"font-weight: 400;\">Nessas situa\u00e7\u00f5es, pode haver at\u00e9 <\/span><b>rescis\u00e3o indireta<\/b><span style=\"font-weight: 400;\">, n\u00e3o abandono.<\/span><\/p>\n<h2><b>Quando realmente existe abandono de emprego<\/b><\/h2>\n<p><span style=\"font-weight: 400;\">Embora seja comum a empresa errar, tamb\u00e9m existem situa\u00e7\u00f5es em que a Justi\u00e7a reconhece abandono, como:<\/span><\/p>\n<ul>\n<li style=\"font-weight: 400;\" aria-level=\"1\"><span style=\"font-weight: 400;\">faltas longas <\/span><b>sem justificativa alguma<\/b><span style=\"font-weight: 400;\">;<\/span><span style=\"font-weight: 400;\">\n<p><\/span><\/li>\n<li style=\"font-weight: 400;\" aria-level=\"1\"><span style=\"font-weight: 400;\">aus\u00eancia total de comunica\u00e7\u00e3o, mesmo ap\u00f3s notifica\u00e7\u00f5es;<\/span><span style=\"font-weight: 400;\">\n<p><\/span><\/li>\n<li style=\"font-weight: 400;\" aria-level=\"1\"><span style=\"font-weight: 400;\">trabalhador que arruma outro emprego e simplesmente deixa de comparecer;<\/span><span style=\"font-weight: 400;\">\n<p><\/span><\/li>\n<li style=\"font-weight: 400;\" aria-level=\"1\"><span style=\"font-weight: 400;\">recusa injustificada em retornar ap\u00f3s atestado.<\/span><span style=\"font-weight: 400;\">\n<p><\/span><\/li>\n<\/ul>\n<p><span style=\"font-weight: 400;\">Por\u00e9m, mesmo nesses casos, a empresa precisa <\/span><b>provar o motivo<\/b><span style=\"font-weight: 400;\"> e <\/span><b>seguir os passos legais<\/b><span style=\"font-weight: 400;\">.<\/span><\/p>\n<h2><b>Como provar que voc\u00ea N\u00c3O abandonou o emprego<\/b><\/h2>\n<p><span style=\"font-weight: 400;\">\u00c9 muito mais simples do que parece.<\/span><span style=\"font-weight: 400;\"><\/p>\n<p><\/span><\/p>\n<p><span style=\"font-weight: 400;\">Inclusive, muitas vezes, o trabalhador consegue provar a verdade com documentos b\u00e1sicos, como:<\/span><\/p>\n<ul>\n<li style=\"font-weight: 400;\" aria-level=\"1\"><span style=\"font-weight: 400;\">prints de conversas com colegas ou chefes;<\/span><span style=\"font-weight: 400;\">\n<p><\/span><\/li>\n<li style=\"font-weight: 400;\" aria-level=\"1\"><span style=\"font-weight: 400;\">mensagens de WhatsApp explicando o motivo da aus\u00eancia;<\/span><span style=\"font-weight: 400;\">\n<p><\/span><\/li>\n<li style=\"font-weight: 400;\" aria-level=\"1\"><span style=\"font-weight: 400;\">atestados m\u00e9dicos, mesmo apresentados depois;<\/span><span style=\"font-weight: 400;\">\n<p><\/span><\/li>\n<li style=\"font-weight: 400;\" aria-level=\"1\"><span style=\"font-weight: 400;\">e-mails enviados ou recebidos;<\/span><span style=\"font-weight: 400;\">\n<p><\/span><\/li>\n<li style=\"font-weight: 400;\" aria-level=\"1\"><span style=\"font-weight: 400;\">registros de atendimento m\u00e9dico;<\/span><span style=\"font-weight: 400;\">\n<p><\/span><\/li>\n<li style=\"font-weight: 400;\" aria-level=\"1\"><span style=\"font-weight: 400;\">notifica\u00e7\u00f5es recebidas fora do prazo;<\/span><span style=\"font-weight: 400;\">\n<p><\/span><\/li>\n<li style=\"font-weight: 400;\" aria-level=\"1\"><span style=\"font-weight: 400;\">testemunhas.<\/span><span style=\"font-weight: 400;\">\n<p><\/span><\/li>\n<\/ul>\n<p><span style=\"font-weight: 400;\">Assim, basta demonstrar que <\/span><b>n\u00e3o havia inten\u00e7\u00e3o de abandonar<\/b><span style=\"font-weight: 400;\">.<\/span><\/p>\n<h2><b>Como funciona a a\u00e7\u00e3o para reverter justa causa por abandono<\/b><\/h2>\n<p><img fetchpriority=\"high\" decoding=\"async\" class=\"alignnone size-medium wp-image-1443\" src=\"https:\/\/carvalhoadvogado.aliamkt.com\/wp-content\/uploads\/2025\/11\/justa-causa-300x200.jpg\" alt=\"\" width=\"300\" height=\"200\" srcset=\"https:\/\/carvalhoadvogado.aliamkt.com\/wp-content\/uploads\/2025\/11\/justa-causa-300x200.jpg 300w, https:\/\/carvalhoadvogado.aliamkt.com\/wp-content\/uploads\/2025\/11\/justa-causa.jpg 399w\" sizes=\"(max-width: 300px) 100vw, 300px\" \/><\/p>\n<p><span style=\"font-weight: 400;\">Para reverter a demiss\u00e3o, o processo ocorre por meio de uma <\/span><b>a\u00e7\u00e3o trabalhista<\/b><span style=\"font-weight: 400;\">, que deve ser movida com o apoio de um <\/span><b>advogado trabalhista especializado<\/b><span style=\"font-weight: 400;\">.<\/span><\/p>\n<p><span style=\"font-weight: 400;\">O procedimento geralmente envolve:<\/span><\/p>\n<ol>\n<li style=\"font-weight: 400;\" aria-level=\"1\"><b>An\u00e1lise do hist\u00f3rico de faltas<\/b><span style=\"font-weight: 400;\"> e do motivo real;<\/span><span style=\"font-weight: 400;\">\n<p><\/span><\/li>\n<li style=\"font-weight: 400;\" aria-level=\"1\"><span style=\"font-weight: 400;\">Confer\u00eancia das <\/span><b>notifica\u00e7\u00f5es enviadas pela empresa<\/b><span style=\"font-weight: 400;\">;<\/span><span style=\"font-weight: 400;\">\n<p><\/span><\/li>\n<li style=\"font-weight: 400;\" aria-level=\"1\"><span style=\"font-weight: 400;\">Reuni\u00e3o de provas (mensagens, e-mails, exames, testemunhas etc.);<\/span><span style=\"font-weight: 400;\">\n<p><\/span><\/li>\n<li style=\"font-weight: 400;\" aria-level=\"1\"><span style=\"font-weight: 400;\">Pedido de <\/span><b>revers\u00e3o da justa causa<\/b><span style=\"font-weight: 400;\"> para <\/span><b>demiss\u00e3o sem justa causa<\/b><span style=\"font-weight: 400;\">;<\/span><span style=\"font-weight: 400;\">\n<p><\/span><\/li>\n<li style=\"font-weight: 400;\" aria-level=\"1\"><span style=\"font-weight: 400;\">C\u00e1lculo e cobran\u00e7a das <\/span><b>verbas rescis\u00f3rias negadas<\/b><span style=\"font-weight: 400;\">;<\/span><span style=\"font-weight: 400;\">\n<p><\/span><\/li>\n<li style=\"font-weight: 400;\" aria-level=\"1\"><span style=\"font-weight: 400;\">Possibilidade de <\/span><b>indeniza\u00e7\u00e3o por dano moral<\/b><span style=\"font-weight: 400;\">, dependendo do caso.<\/span><span style=\"font-weight: 400;\">\n<p><\/span><\/li>\n<\/ol>\n<p><span style=\"font-weight: 400;\">Al\u00e9m disso, o trabalhador tem at\u00e9 <\/span><b>2 anos ap\u00f3s a demiss\u00e3o<\/b><span style=\"font-weight: 400;\"> para entrar com a a\u00e7\u00e3o.<\/span><\/p>\n<h2><b>Direitos que voc\u00ea recupera ao reverter a justa causa<\/b><\/h2>\n<p><span style=\"font-weight: 400;\">Quando o juiz decide que a justa causa \u00e9 inv\u00e1lida, o trabalhador recebe tudo aquilo que foi negado:<\/span><\/p>\n<ul>\n<li style=\"font-weight: 400;\" aria-level=\"1\"><span style=\"font-weight: 400;\">aviso pr\u00e9vio;<\/span><span style=\"font-weight: 400;\">\n<p><\/span><\/li>\n<li style=\"font-weight: 400;\" aria-level=\"1\"><span style=\"font-weight: 400;\">f\u00e9rias proporcionais + 1\/3;<\/span><span style=\"font-weight: 400;\">\n<p><\/span><\/li>\n<li style=\"font-weight: 400;\" aria-level=\"1\"><span style=\"font-weight: 400;\">13\u00ba sal\u00e1rio proporcional;<\/span><span style=\"font-weight: 400;\">\n<p><\/span><\/li>\n<li style=\"font-weight: 400;\" aria-level=\"1\"><span style=\"font-weight: 400;\">FGTS + multa de 40%;<\/span><span style=\"font-weight: 400;\">\n<p><\/span><\/li>\n<li style=\"font-weight: 400;\" aria-level=\"1\"><span style=\"font-weight: 400;\">direito ao saque do FGTS;<\/span><span style=\"font-weight: 400;\">\n<p><\/span><\/li>\n<li style=\"font-weight: 400;\" aria-level=\"1\"><span style=\"font-weight: 400;\">seguro-desemprego;<\/span><span style=\"font-weight: 400;\">\n<p><\/span><\/li>\n<li style=\"font-weight: 400;\" aria-level=\"1\"><span style=\"font-weight: 400;\">verbas atrasadas;<\/span><span style=\"font-weight: 400;\">\n<p><\/span><\/li>\n<li style=\"font-weight: 400;\" aria-level=\"1\"><span style=\"font-weight: 400;\">indeniza\u00e7\u00e3o (em alguns casos).<\/span><span style=\"font-weight: 400;\">\n<p><\/span><\/li>\n<\/ul>\n<p><span style=\"font-weight: 400;\">Consequentemente, a empresa deve <\/span><b>corrigir a carteira de trabalho<\/b><span style=\"font-weight: 400;\"> e limpar o seu hist\u00f3rico.<\/span><\/p>\n<h2><b>Quando procurar um advogado trabalhista em Contagem<\/b><\/h2>\n<p><span style=\"font-weight: 400;\">Se voc\u00ea foi demitido por abandono de emprego, o ideal \u00e9 procurar um advogado <\/span><b>o quanto antes<\/b><span style=\"font-weight: 400;\">.<\/span><span style=\"font-weight: 400;\"><\/p>\n<p><\/span><\/p>\n<p><span style=\"font-weight: 400;\">Isso porque, analisando os documentos e o hist\u00f3rico, o profissional poder\u00e1 identificar rapidamente se:<\/span><\/p>\n<ul>\n<li style=\"font-weight: 400;\" aria-level=\"1\"><span style=\"font-weight: 400;\">houve erro da empresa;<\/span><span style=\"font-weight: 400;\">\n<p><\/span><\/li>\n<li style=\"font-weight: 400;\" aria-level=\"1\"><span style=\"font-weight: 400;\">a justa causa \u00e9 anul\u00e1vel;<\/span><span style=\"font-weight: 400;\">\n<p><\/span><\/li>\n<li style=\"font-weight: 400;\" aria-level=\"1\"><span style=\"font-weight: 400;\">voc\u00ea tem direito a todos os valores rescis\u00f3rios;<\/span><span style=\"font-weight: 400;\">\n<p><\/span><\/li>\n<li style=\"font-weight: 400;\" aria-level=\"1\"><span style=\"font-weight: 400;\">\u00e9 poss\u00edvel pedir danos morais;<\/span><span style=\"font-weight: 400;\">\n<p><\/span><\/li>\n<li style=\"font-weight: 400;\" aria-level=\"1\"><span style=\"font-weight: 400;\">h\u00e1 ind\u00edcios de ass\u00e9dio ou persegui\u00e7\u00e3o.<\/span><span style=\"font-weight: 400;\">\n<p><\/span><\/li>\n<\/ul>\n<p><span style=\"font-weight: 400;\">Al\u00e9m disso, quanto mais cedo voc\u00ea agir, mais f\u00e1cil ser\u00e1 reunir as provas.<\/span><\/p>\n<p><a href=\"https:\/\/api.whatsapp.com\/send\/?phone=5531975283687&amp;text&amp;type=phone_number&amp;app_absent=0\"><b>Fale agora com um advogado trabalhista em Contagem e descubra se sua justa causa pode ser revertida.<\/b><\/a><\/p>\n<h2><b>Leia tamb\u00e9m<\/b><\/h2>\n<ul>\n<li style=\"font-weight: 400;\" aria-level=\"1\"><a href=\"https:\/\/carvalhoadvogado.aliamkt.com\/index.php\/2025\/10\/27\/posso-reverter-uma-demissao-por-justa-causa-entenda-seus-direitos\/\"><span style=\"font-weight: 400;\">Posso Reverter uma Demiss\u00e3o por Justa Causa? Entenda Seus Direitos<\/span><span style=\"font-weight: 400;\">\n<p><\/span><\/a><\/li>\n<\/ul>\n<h2><b>Conclus\u00e3o: N\u00e3o aceite uma acusa\u00e7\u00e3o injusta<\/b><\/h2>\n<p><span style=\"font-weight: 400;\">A acusa\u00e7\u00e3o de abandono de emprego \u00e9 grave, mas, na maioria das vezes, <\/span><b>n\u00e3o se sustenta na Justi\u00e7a<\/b><span style=\"font-weight: 400;\">.<\/span><span style=\"font-weight: 400;\"><\/p>\n<p><\/span><\/p>\n<p><span style=\"font-weight: 400;\">Afinal, empresas cometem erros, exageram na puni\u00e7\u00e3o e n\u00e3o seguem os requisitos legais.<\/span><\/p>\n<p><span style=\"font-weight: 400;\">Portanto, se voc\u00ea foi acusado injustamente, <\/span><b>n\u00e3o fique calado<\/b><span style=\"font-weight: 400;\">.<\/span><span style=\"font-weight: 400;\"><\/p>\n<p><\/span><\/p>\n<p><span style=\"font-weight: 400;\">Com a ajuda de um bom advogado trabalhista, \u00e9 poss\u00edvel <\/span><b>reverter a justa causa<\/b><span style=\"font-weight: 400;\">, recuperar seus direitos e <\/span><b>restaurar sua dignidade profissional<\/b><span style=\"font-weight: 400;\">.<\/span><\/p>\n<p><b>Entre em contato agora e d\u00ea o primeiro passo para limpar seu nome.<\/b><\/p>\n","protected":false},"excerpt":{"rendered":"<p>Introdu\u00e7\u00e3o: a confus\u00e3o que prejudica muitos trabalhadores Ser acusado de abandono de emprego \u00e9 uma das situa\u00e7\u00f5es mais injustas que um trabalhador pode enfrentar. Isso porque, muitas vezes, a empresa n\u00e3o tenta contato, n\u00e3o avisa, n\u00e3o confirma o motivo da aus\u00eancia e, ainda assim, aplica a penalidade mais grave: demiss\u00e3o por justa causa. Por\u00e9m, \u00e9 [&hellip;]<\/p>\n","protected":false},"author":1,"featured_media":1444,"comment_status":"open","ping_status":"open","sticky":false,"template":"","format":"standard","meta":{"_joinchat":[],"footnotes":""},"categories":[6],"tags":[],"class_list":["post-1442","post","type-post","status-publish","format-standard","has-post-thumbnail","hentry","category-direito-trabalhista"],"yoast_head":"<!-- This site is optimized with the Yoast SEO plugin v27.5 - https:\/\/yoast.com\/product\/yoast-seo-wordpress\/ -->\n<title>Justa Causa por Abandono de Emprego: Quando Realmente Acontece (e Como Reverter) - Pedro Carvalho Advogado Trabalhista<\/title>\n<meta name=\"description\" content=\"Foi acusado de abandono de emprego? Entenda quando a justa causa \u00e9 inv\u00e1lida e saiba como reverter a demiss\u00e3o com um advogado trabalhista em Contagem.\" \/>\n<meta name=\"robots\" content=\"index, follow, max-snippet:-1, max-image-preview:large, max-video-preview:-1\" \/>\n<link rel=\"canonical\" href=\"https:\/\/carvalhoadvogado.aliamkt.com\/index.php\/2025\/11\/14\/justa-causa-por-abandono-de-emprego-quando-realmente-acontece-e-como-reverter\/\" \/>\n<meta property=\"og:locale\" content=\"pt_BR\" \/>\n<meta property=\"og:type\" content=\"article\" \/>\n<meta property=\"og:title\" content=\"Justa Causa por Abandono de Emprego: Quando Realmente Acontece (e Como Reverter) - Pedro Carvalho Advogado Trabalhista\" \/>\n<meta property=\"og:description\" content=\"Foi acusado de abandono de emprego? Entenda quando a justa causa \u00e9 inv\u00e1lida e saiba como reverter a demiss\u00e3o com um advogado trabalhista em Contagem.\" \/>\n<meta property=\"og:url\" content=\"https:\/\/carvalhoadvogado.aliamkt.com\/index.php\/2025\/11\/14\/justa-causa-por-abandono-de-emprego-quando-realmente-acontece-e-como-reverter\/\" \/>\n<meta property=\"og:site_name\" content=\"Pedro Carvalho Advogado Trabalhista\" \/>\n<meta property=\"article:published_time\" content=\"2025-11-14T15:04:16+00:00\" \/>\n<meta property=\"og:image\" content=\"https:\/\/carvalhoadvogado.aliamkt.com\/wp-content\/uploads\/2025\/11\/advogado-trabalhista-em-contagem-2.jpg\" \/>\n\t<meta property=\"og:image:width\" content=\"500\" \/>\n\t<meta property=\"og:image:height\" content=\"320\" \/>\n\t<meta property=\"og:image:type\" content=\"image\/jpeg\" \/>\n<meta name=\"author\" content=\"lailacarvalhoadv\" \/>\n<meta name=\"twitter:card\" content=\"summary_large_image\" \/>\n<meta name=\"twitter:label1\" content=\"Escrito por\" \/>\n\t<meta name=\"twitter:data1\" content=\"lailacarvalhoadv\" \/>\n\t<meta name=\"twitter:label2\" content=\"Est. tempo de leitura\" \/>\n\t<meta name=\"twitter:data2\" content=\"7 minutos\" \/>\n<script type=\"application\/ld+json\" class=\"yoast-schema-graph\">{\"@context\":\"https:\\\/\\\/schema.org\",\"@graph\":[{\"@type\":\"Article\",\"@id\":\"https:\\\/\\\/carvalhoadvogado.aliamkt.com\\\/index.php\\\/2025\\\/11\\\/14\\\/justa-causa-por-abandono-de-emprego-quando-realmente-acontece-e-como-reverter\\\/#article\",\"isPartOf\":{\"@id\":\"https:\\\/\\\/carvalhoadvogado.aliamkt.com\\\/index.php\\\/2025\\\/11\\\/14\\\/justa-causa-por-abandono-de-emprego-quando-realmente-acontece-e-como-reverter\\\/\"},\"author\":{\"name\":\"lailacarvalhoadv\",\"@id\":\"https:\\\/\\\/carvalhoadvogado.aliamkt.com\\\/#\\\/schema\\\/person\\\/8f4d67ba57d6160ee802836a319bd8eb\"},\"headline\":\"Justa Causa por Abandono de Emprego: Quando Realmente Acontece (e Como Reverter)\",\"datePublished\":\"2025-11-14T15:04:16+00:00\",\"mainEntityOfPage\":{\"@id\":\"https:\\\/\\\/carvalhoadvogado.aliamkt.com\\\/index.php\\\/2025\\\/11\\\/14\\\/justa-causa-por-abandono-de-emprego-quando-realmente-acontece-e-como-reverter\\\/\"},\"wordCount\":1141,\"commentCount\":0,\"publisher\":{\"@id\":\"https:\\\/\\\/carvalhoadvogado.aliamkt.com\\\/#organization\"},\"image\":{\"@id\":\"https:\\\/\\\/carvalhoadvogado.aliamkt.com\\\/index.php\\\/2025\\\/11\\\/14\\\/justa-causa-por-abandono-de-emprego-quando-realmente-acontece-e-como-reverter\\\/#primaryimage\"},\"thumbnailUrl\":\"https:\\\/\\\/carvalhoadvogado.aliamkt.com\\\/wp-content\\\/uploads\\\/2025\\\/11\\\/advogado-trabalhista-em-contagem-2.jpg\",\"articleSection\":[\"Direito Trabalhista\"],\"inLanguage\":\"pt-BR\",\"potentialAction\":[{\"@type\":\"CommentAction\",\"name\":\"Comment\",\"target\":[\"https:\\\/\\\/carvalhoadvogado.aliamkt.com\\\/index.php\\\/2025\\\/11\\\/14\\\/justa-causa-por-abandono-de-emprego-quando-realmente-acontece-e-como-reverter\\\/#respond\"]}]},{\"@type\":\"WebPage\",\"@id\":\"https:\\\/\\\/carvalhoadvogado.aliamkt.com\\\/index.php\\\/2025\\\/11\\\/14\\\/justa-causa-por-abandono-de-emprego-quando-realmente-acontece-e-como-reverter\\\/\",\"url\":\"https:\\\/\\\/carvalhoadvogado.aliamkt.com\\\/index.php\\\/2025\\\/11\\\/14\\\/justa-causa-por-abandono-de-emprego-quando-realmente-acontece-e-como-reverter\\\/\",\"name\":\"Justa Causa por Abandono de Emprego: Quando Realmente Acontece (e Como Reverter) - Pedro Carvalho Advogado Trabalhista\",\"isPartOf\":{\"@id\":\"https:\\\/\\\/carvalhoadvogado.aliamkt.com\\\/#website\"},\"primaryImageOfPage\":{\"@id\":\"https:\\\/\\\/carvalhoadvogado.aliamkt.com\\\/index.php\\\/2025\\\/11\\\/14\\\/justa-causa-por-abandono-de-emprego-quando-realmente-acontece-e-como-reverter\\\/#primaryimage\"},\"image\":{\"@id\":\"https:\\\/\\\/carvalhoadvogado.aliamkt.com\\\/index.php\\\/2025\\\/11\\\/14\\\/justa-causa-por-abandono-de-emprego-quando-realmente-acontece-e-como-reverter\\\/#primaryimage\"},\"thumbnailUrl\":\"https:\\\/\\\/carvalhoadvogado.aliamkt.com\\\/wp-content\\\/uploads\\\/2025\\\/11\\\/advogado-trabalhista-em-contagem-2.jpg\",\"datePublished\":\"2025-11-14T15:04:16+00:00\",\"description\":\"Foi acusado de abandono de emprego? Entenda quando a justa causa \u00e9 inv\u00e1lida e saiba como reverter a demiss\u00e3o com um advogado trabalhista em Contagem.\",\"breadcrumb\":{\"@id\":\"https:\\\/\\\/carvalhoadvogado.aliamkt.com\\\/index.php\\\/2025\\\/11\\\/14\\\/justa-causa-por-abandono-de-emprego-quando-realmente-acontece-e-como-reverter\\\/#breadcrumb\"},\"inLanguage\":\"pt-BR\",\"potentialAction\":[{\"@type\":\"ReadAction\",\"target\":[\"https:\\\/\\\/carvalhoadvogado.aliamkt.com\\\/index.php\\\/2025\\\/11\\\/14\\\/justa-causa-por-abandono-de-emprego-quando-realmente-acontece-e-como-reverter\\\/\"]}]},{\"@type\":\"ImageObject\",\"inLanguage\":\"pt-BR\",\"@id\":\"https:\\\/\\\/carvalhoadvogado.aliamkt.com\\\/index.php\\\/2025\\\/11\\\/14\\\/justa-causa-por-abandono-de-emprego-quando-realmente-acontece-e-como-reverter\\\/#primaryimage\",\"url\":\"https:\\\/\\\/carvalhoadvogado.aliamkt.com\\\/wp-content\\\/uploads\\\/2025\\\/11\\\/advogado-trabalhista-em-contagem-2.jpg\",\"contentUrl\":\"https:\\\/\\\/carvalhoadvogado.aliamkt.com\\\/wp-content\\\/uploads\\\/2025\\\/11\\\/advogado-trabalhista-em-contagem-2.jpg\",\"width\":500,\"height\":320},{\"@type\":\"BreadcrumbList\",\"@id\":\"https:\\\/\\\/carvalhoadvogado.aliamkt.com\\\/index.php\\\/2025\\\/11\\\/14\\\/justa-causa-por-abandono-de-emprego-quando-realmente-acontece-e-como-reverter\\\/#breadcrumb\",\"itemListElement\":[{\"@type\":\"ListItem\",\"position\":1,\"name\":\"In\u00edcio\",\"item\":\"https:\\\/\\\/carvalhoadvogado.aliamkt.com\\\/\"},{\"@type\":\"ListItem\",\"position\":2,\"name\":\"Justa Causa por Abandono de Emprego: Quando Realmente Acontece (e Como Reverter)\"}]},{\"@type\":\"WebSite\",\"@id\":\"https:\\\/\\\/carvalhoadvogado.aliamkt.com\\\/#website\",\"url\":\"https:\\\/\\\/carvalhoadvogado.aliamkt.com\\\/\",\"name\":\"Pedro Carvalho Advogado\",\"description\":\"Advogado Trabalhista\",\"publisher\":{\"@id\":\"https:\\\/\\\/carvalhoadvogado.aliamkt.com\\\/#organization\"},\"potentialAction\":[{\"@type\":\"SearchAction\",\"target\":{\"@type\":\"EntryPoint\",\"urlTemplate\":\"https:\\\/\\\/carvalhoadvogado.aliamkt.com\\\/?s={search_term_string}\"},\"query-input\":{\"@type\":\"PropertyValueSpecification\",\"valueRequired\":true,\"valueName\":\"search_term_string\"}}],\"inLanguage\":\"pt-BR\"},{\"@type\":\"Organization\",\"@id\":\"https:\\\/\\\/carvalhoadvogado.aliamkt.com\\\/#organization\",\"name\":\"Pedro Carvalho Advogado\",\"url\":\"https:\\\/\\\/carvalhoadvogado.aliamkt.com\\\/\",\"logo\":{\"@type\":\"ImageObject\",\"inLanguage\":\"pt-BR\",\"@id\":\"https:\\\/\\\/carvalhoadvogado.aliamkt.com\\\/#\\\/schema\\\/logo\\\/image\\\/\",\"url\":\"https:\\\/\\\/carvalhoadvogado.aliamkt.com\\\/wp-content\\\/uploads\\\/2024\\\/06\\\/Logo-azul.png\",\"contentUrl\":\"https:\\\/\\\/carvalhoadvogado.aliamkt.com\\\/wp-content\\\/uploads\\\/2024\\\/06\\\/Logo-azul.png\",\"width\":500,\"height\":500,\"caption\":\"Pedro Carvalho Advogado\"},\"image\":{\"@id\":\"https:\\\/\\\/carvalhoadvogado.aliamkt.com\\\/#\\\/schema\\\/logo\\\/image\\\/\"}},{\"@type\":\"Person\",\"@id\":\"https:\\\/\\\/carvalhoadvogado.aliamkt.com\\\/#\\\/schema\\\/person\\\/8f4d67ba57d6160ee802836a319bd8eb\",\"name\":\"lailacarvalhoadv\",\"image\":{\"@type\":\"ImageObject\",\"inLanguage\":\"pt-BR\",\"@id\":\"https:\\\/\\\/secure.gravatar.com\\\/avatar\\\/a60961139a792fb5ca701fab485f653a1b3cc37cf8dbd4937b4134105caf5369?s=96&d=mm&r=g\",\"url\":\"https:\\\/\\\/secure.gravatar.com\\\/avatar\\\/a60961139a792fb5ca701fab485f653a1b3cc37cf8dbd4937b4134105caf5369?s=96&d=mm&r=g\",\"contentUrl\":\"https:\\\/\\\/secure.gravatar.com\\\/avatar\\\/a60961139a792fb5ca701fab485f653a1b3cc37cf8dbd4937b4134105caf5369?s=96&d=mm&r=g\",\"caption\":\"lailacarvalhoadv\"},\"sameAs\":[\"https:\\\/\\\/carvalhoadvogado.aliamkt.com\"],\"url\":\"https:\\\/\\\/carvalhoadvogado.aliamkt.com\\\/index.php\\\/author\\\/lailacarvalhoadv\\\/\"}]}<\/script>\n<!-- \/ Yoast SEO plugin. -->","yoast_head_json":{"title":"Justa Causa por Abandono de Emprego: Quando Realmente Acontece (e Como Reverter) - Pedro Carvalho Advogado Trabalhista","description":"Foi acusado de abandono de emprego? Entenda quando a justa causa \u00e9 inv\u00e1lida e saiba como reverter a demiss\u00e3o com um advogado trabalhista em Contagem.","robots":{"index":"index","follow":"follow","max-snippet":"max-snippet:-1","max-image-preview":"max-image-preview:large","max-video-preview":"max-video-preview:-1"},"canonical":"https:\/\/carvalhoadvogado.aliamkt.com\/index.php\/2025\/11\/14\/justa-causa-por-abandono-de-emprego-quando-realmente-acontece-e-como-reverter\/","og_locale":"pt_BR","og_type":"article","og_title":"Justa Causa por Abandono de Emprego: Quando Realmente Acontece (e Como Reverter) - Pedro Carvalho Advogado Trabalhista","og_description":"Foi acusado de abandono de emprego? Entenda quando a justa causa \u00e9 inv\u00e1lida e saiba como reverter a demiss\u00e3o com um advogado trabalhista em Contagem.","og_url":"https:\/\/carvalhoadvogado.aliamkt.com\/index.php\/2025\/11\/14\/justa-causa-por-abandono-de-emprego-quando-realmente-acontece-e-como-reverter\/","og_site_name":"Pedro Carvalho Advogado Trabalhista","article_published_time":"2025-11-14T15:04:16+00:00","og_image":[{"width":500,"height":320,"url":"https:\/\/carvalhoadvogado.aliamkt.com\/wp-content\/uploads\/2025\/11\/advogado-trabalhista-em-contagem-2.jpg","type":"image\/jpeg"}],"author":"lailacarvalhoadv","twitter_card":"summary_large_image","twitter_misc":{"Escrito por":"lailacarvalhoadv","Est. tempo de leitura":"7 minutos"},"schema":{"@context":"https:\/\/schema.org","@graph":[{"@type":"Article","@id":"https:\/\/carvalhoadvogado.aliamkt.com\/index.php\/2025\/11\/14\/justa-causa-por-abandono-de-emprego-quando-realmente-acontece-e-como-reverter\/#article","isPartOf":{"@id":"https:\/\/carvalhoadvogado.aliamkt.com\/index.php\/2025\/11\/14\/justa-causa-por-abandono-de-emprego-quando-realmente-acontece-e-como-reverter\/"},"author":{"name":"lailacarvalhoadv","@id":"https:\/\/carvalhoadvogado.aliamkt.com\/#\/schema\/person\/8f4d67ba57d6160ee802836a319bd8eb"},"headline":"Justa Causa por Abandono de Emprego: Quando Realmente Acontece (e Como Reverter)","datePublished":"2025-11-14T15:04:16+00:00","mainEntityOfPage":{"@id":"https:\/\/carvalhoadvogado.aliamkt.com\/index.php\/2025\/11\/14\/justa-causa-por-abandono-de-emprego-quando-realmente-acontece-e-como-reverter\/"},"wordCount":1141,"commentCount":0,"publisher":{"@id":"https:\/\/carvalhoadvogado.aliamkt.com\/#organization"},"image":{"@id":"https:\/\/carvalhoadvogado.aliamkt.com\/index.php\/2025\/11\/14\/justa-causa-por-abandono-de-emprego-quando-realmente-acontece-e-como-reverter\/#primaryimage"},"thumbnailUrl":"https:\/\/carvalhoadvogado.aliamkt.com\/wp-content\/uploads\/2025\/11\/advogado-trabalhista-em-contagem-2.jpg","articleSection":["Direito Trabalhista"],"inLanguage":"pt-BR","potentialAction":[{"@type":"CommentAction","name":"Comment","target":["https:\/\/carvalhoadvogado.aliamkt.com\/index.php\/2025\/11\/14\/justa-causa-por-abandono-de-emprego-quando-realmente-acontece-e-como-reverter\/#respond"]}]},{"@type":"WebPage","@id":"https:\/\/carvalhoadvogado.aliamkt.com\/index.php\/2025\/11\/14\/justa-causa-por-abandono-de-emprego-quando-realmente-acontece-e-como-reverter\/","url":"https:\/\/carvalhoadvogado.aliamkt.com\/index.php\/2025\/11\/14\/justa-causa-por-abandono-de-emprego-quando-realmente-acontece-e-como-reverter\/","name":"Justa Causa por Abandono de Emprego: Quando Realmente Acontece (e Como Reverter) - Pedro Carvalho Advogado Trabalhista","isPartOf":{"@id":"https:\/\/carvalhoadvogado.aliamkt.com\/#website"},"primaryImageOfPage":{"@id":"https:\/\/carvalhoadvogado.aliamkt.com\/index.php\/2025\/11\/14\/justa-causa-por-abandono-de-emprego-quando-realmente-acontece-e-como-reverter\/#primaryimage"},"image":{"@id":"https:\/\/carvalhoadvogado.aliamkt.com\/index.php\/2025\/11\/14\/justa-causa-por-abandono-de-emprego-quando-realmente-acontece-e-como-reverter\/#primaryimage"},"thumbnailUrl":"https:\/\/carvalhoadvogado.aliamkt.com\/wp-content\/uploads\/2025\/11\/advogado-trabalhista-em-contagem-2.jpg","datePublished":"2025-11-14T15:04:16+00:00","description":"Foi acusado de abandono de emprego? Entenda quando a justa causa \u00e9 inv\u00e1lida e saiba como reverter a demiss\u00e3o com um advogado trabalhista em Contagem.","breadcrumb":{"@id":"https:\/\/carvalhoadvogado.aliamkt.com\/index.php\/2025\/11\/14\/justa-causa-por-abandono-de-emprego-quando-realmente-acontece-e-como-reverter\/#breadcrumb"},"inLanguage":"pt-BR","potentialAction":[{"@type":"ReadAction","target":["https:\/\/carvalhoadvogado.aliamkt.com\/index.php\/2025\/11\/14\/justa-causa-por-abandono-de-emprego-quando-realmente-acontece-e-como-reverter\/"]}]},{"@type":"ImageObject","inLanguage":"pt-BR","@id":"https:\/\/carvalhoadvogado.aliamkt.com\/index.php\/2025\/11\/14\/justa-causa-por-abandono-de-emprego-quando-realmente-acontece-e-como-reverter\/#primaryimage","url":"https:\/\/carvalhoadvogado.aliamkt.com\/wp-content\/uploads\/2025\/11\/advogado-trabalhista-em-contagem-2.jpg","contentUrl":"https:\/\/carvalhoadvogado.aliamkt.com\/wp-content\/uploads\/2025\/11\/advogado-trabalhista-em-contagem-2.jpg","width":500,"height":320},{"@type":"BreadcrumbList","@id":"https:\/\/carvalhoadvogado.aliamkt.com\/index.php\/2025\/11\/14\/justa-causa-por-abandono-de-emprego-quando-realmente-acontece-e-como-reverter\/#breadcrumb","itemListElement":[{"@type":"ListItem","position":1,"name":"In\u00edcio","item":"https:\/\/carvalhoadvogado.aliamkt.com\/"},{"@type":"ListItem","position":2,"name":"Justa Causa por Abandono de Emprego: Quando Realmente Acontece (e Como Reverter)"}]},{"@type":"WebSite","@id":"https:\/\/carvalhoadvogado.aliamkt.com\/#website","url":"https:\/\/carvalhoadvogado.aliamkt.com\/","name":"Pedro Carvalho Advogado","description":"Advogado Trabalhista","publisher":{"@id":"https:\/\/carvalhoadvogado.aliamkt.com\/#organization"},"potentialAction":[{"@type":"SearchAction","target":{"@type":"EntryPoint","urlTemplate":"https:\/\/carvalhoadvogado.aliamkt.com\/?s={search_term_string}"},"query-input":{"@type":"PropertyValueSpecification","valueRequired":true,"valueName":"search_term_string"}}],"inLanguage":"pt-BR"},{"@type":"Organization","@id":"https:\/\/carvalhoadvogado.aliamkt.com\/#organization","name":"Pedro Carvalho Advogado","url":"https:\/\/carvalhoadvogado.aliamkt.com\/","logo":{"@type":"ImageObject","inLanguage":"pt-BR","@id":"https:\/\/carvalhoadvogado.aliamkt.com\/#\/schema\/logo\/image\/","url":"https:\/\/carvalhoadvogado.aliamkt.com\/wp-content\/uploads\/2024\/06\/Logo-azul.png","contentUrl":"https:\/\/carvalhoadvogado.aliamkt.com\/wp-content\/uploads\/2024\/06\/Logo-azul.png","width":500,"height":500,"caption":"Pedro Carvalho Advogado"},"image":{"@id":"https:\/\/carvalhoadvogado.aliamkt.com\/#\/schema\/logo\/image\/"}},{"@type":"Person","@id":"https:\/\/carvalhoadvogado.aliamkt.com\/#\/schema\/person\/8f4d67ba57d6160ee802836a319bd8eb","name":"lailacarvalhoadv","image":{"@type":"ImageObject","inLanguage":"pt-BR","@id":"https:\/\/secure.gravatar.com\/avatar\/a60961139a792fb5ca701fab485f653a1b3cc37cf8dbd4937b4134105caf5369?s=96&d=mm&r=g","url":"https:\/\/secure.gravatar.com\/avatar\/a60961139a792fb5ca701fab485f653a1b3cc37cf8dbd4937b4134105caf5369?s=96&d=mm&r=g","contentUrl":"https:\/\/secure.gravatar.com\/avatar\/a60961139a792fb5ca701fab485f653a1b3cc37cf8dbd4937b4134105caf5369?s=96&d=mm&r=g","caption":"lailacarvalhoadv"},"sameAs":["https:\/\/carvalhoadvogado.aliamkt.com"],"url":"https:\/\/carvalhoadvogado.aliamkt.com\/index.php\/author\/lailacarvalhoadv\/"}]}},"_links":{"self":[{"href":"https:\/\/carvalhoadvogado.aliamkt.com\/index.php\/wp-json\/wp\/v2\/posts\/1442","targetHints":{"allow":["GET"]}}],"collection":[{"href":"https:\/\/carvalhoadvogado.aliamkt.com\/index.php\/wp-json\/wp\/v2\/posts"}],"about":[{"href":"https:\/\/carvalhoadvogado.aliamkt.com\/index.php\/wp-json\/wp\/v2\/types\/post"}],"author":[{"embeddable":true,"href":"https:\/\/carvalhoadvogado.aliamkt.com\/index.php\/wp-json\/wp\/v2\/users\/1"}],"replies":[{"embeddable":true,"href":"https:\/\/carvalhoadvogado.aliamkt.com\/index.php\/wp-json\/wp\/v2\/comments?post=1442"}],"version-history":[{"count":1,"href":"https:\/\/carvalhoadvogado.aliamkt.com\/index.php\/wp-json\/wp\/v2\/posts\/1442\/revisions"}],"predecessor-version":[{"id":1445,"href":"https:\/\/carvalhoadvogado.aliamkt.com\/index.php\/wp-json\/wp\/v2\/posts\/1442\/revisions\/1445"}],"wp:featuredmedia":[{"embeddable":true,"href":"https:\/\/carvalhoadvogado.aliamkt.com\/index.php\/wp-json\/wp\/v2\/media\/1444"}],"wp:attachment":[{"href":"https:\/\/carvalhoadvogado.aliamkt.com\/index.php\/wp-json\/wp\/v2\/media?parent=1442"}],"wp:term":[{"taxonomy":"category","embeddable":true,"href":"https:\/\/carvalhoadvogado.aliamkt.com\/index.php\/wp-json\/wp\/v2\/categories?post=1442"},{"taxonomy":"post_tag","embeddable":true,"href":"https:\/\/carvalhoadvogado.aliamkt.com\/index.php\/wp-json\/wp\/v2\/tags?post=1442"}],"curies":[{"name":"wp","href":"https:\/\/api.w.org\/{rel}","templated":true}]}}