{"id":1447,"date":"2025-11-17T10:34:58","date_gmt":"2025-11-17T13:34:58","guid":{"rendered":"https:\/\/carvalhoadvogado.aliamkt.com\/?p=1447"},"modified":"2025-11-17T10:34:58","modified_gmt":"2025-11-17T13:34:58","slug":"o-chefe-pode-me-chamar-no-whatsapp-depois-do-expediente-o-direito-a-desconexao-e-as-horas-extras-silenciosas","status":"publish","type":"post","link":"https:\/\/carvalhoadvogado.aliamkt.com\/index.php\/2025\/11\/17\/o-chefe-pode-me-chamar-no-whatsapp-depois-do-expediente-o-direito-a-desconexao-e-as-horas-extras-silenciosas\/","title":{"rendered":"O Chefe Pode Me Chamar no WhatsApp Depois do Expediente? O Direito \u00e0 Desconex\u00e3o e as Horas Extras Silenciosas"},"content":{"rendered":"<p><span style=\"font-weight: 400;\">Em um mundo cada vez mais digital, n\u00e3o \u00e9 surpresa que o WhatsApp tenha se transformado, ao mesmo tempo, em ferramenta de trabalho <\/span><b>e<\/b><span style=\"font-weight: 400;\"> vil\u00e3o da vida pessoal. Por isso, surge a d\u00favida: <\/span><b>\u201cO meu chefe pode me chamar no WhatsApp ap\u00f3s o expediente?\u201d<\/b><b><br \/>\n<\/b><span style=\"font-weight: 400;\"> Antes de mais nada, saiba que voc\u00ea n\u00e3o est\u00e1 sozinho. Essa \u00e9 uma d\u00favida extremamente comum e, portanto, merece um esclarecimento completo e direto.<\/span><\/p>\n<p><span style=\"font-weight: 400;\">A seguir, vamos mergulhar nesse tema com profundidade, mas tamb\u00e9m com leveza \u2014 sempre conectando cada informa\u00e7\u00e3o para facilitar o entendimento.<\/span><\/p>\n<h2><b>Entendendo o Direito \u00e0 Desconex\u00e3o<\/b><\/h2>\n<h3><b>O que esse direito significa, afinal?<\/b><\/h3>\n<p><span style=\"font-weight: 400;\">Para come\u00e7ar, o <\/span><i><span style=\"font-weight: 400;\">Direito \u00e0 Desconex\u00e3o<\/span><\/i><span style=\"font-weight: 400;\"> n\u00e3o \u00e9 apenas um termo bonito. Ao contr\u00e1rio disso, ele garante que voc\u00ea, enquanto trabalhador, possa finalmente <\/span><b>desligar o c\u00e9rebro do trabalho<\/b><span style=\"font-weight: 400;\"> ao fim do expediente.<\/span><\/p>\n<h3><b>Como esse direito surgiu ao longo do tempo<\/b><\/h3>\n<p><span style=\"font-weight: 400;\">Al\u00e9m disso, esse direito ganhou for\u00e7a justamente porque a tecnologia passou a invadir cada vez mais o descanso das pessoas. Assim, tornou-se necess\u00e1rio lembrar que ningu\u00e9m \u00e9 obrigado a estar dispon\u00edvel 24 horas por dia.<\/span><\/p>\n<h2><b>WhatsApp, Trabalho e Vida Pessoal<\/b><\/h2>\n<h3><b>A fina, por\u00e9m real, fronteira entre descanso e trabalho<\/b><\/h3>\n<p><span style=\"font-weight: 400;\">A princ\u00edpio, responder uma mensagem parece algo r\u00e1pido. No entanto, somando todas as \u201cpequenas tarefas\u201d, voc\u00ea passa a ter menos descanso e mais desgaste. Por isso, essa fronteira precisa ser respeitada.<\/span><\/p>\n<h3><b>Quando mensagens fora do hor\u00e1rio come\u00e7am a ultrapassar limites<\/b><\/h3>\n<p><span style=\"font-weight: 400;\">Gradualmente, mensagens isoladas viram rotina. Logo, aquilo que parecia simples se transforma em obriga\u00e7\u00e3o. Al\u00e9m disso, isso gera sensa\u00e7\u00e3o de vigil\u00e2ncia constante, o que \u00e9 extremamente prejudicial.<\/span><\/p>\n<h2><b>A CLT e o Contato Fora do Expediente<\/b><\/h2>\n<h3><b>O que, de fato, a lei diz sobre isso<\/b><\/h3>\n<p><span style=\"font-weight: 400;\">De maneira geral, a CLT determina a dura\u00e7\u00e3o da jornada e garante o descanso. Sendo assim, qualquer demanda que ultrapasse esse per\u00edodo pode gerar direito a pagamento extra.<\/span><\/p>\n<h3><b>Em quais situa\u00e7\u00f5es se configuram horas extras<\/b><\/h3>\n<p><span style=\"font-weight: 400;\">Al\u00e9m disso, sempre que a mensagem exige:<\/span><\/p>\n<ul>\n<li style=\"font-weight: 400;\" aria-level=\"1\"><span style=\"font-weight: 400;\">resolu\u00e7\u00e3o imediata,<\/span><span style=\"font-weight: 400;\">\n<p><\/span><\/li>\n<li style=\"font-weight: 400;\" aria-level=\"1\"><span style=\"font-weight: 400;\">an\u00e1lise de tarefas,<\/span><span style=\"font-weight: 400;\">\n<p><\/span><\/li>\n<li style=\"font-weight: 400;\" aria-level=\"1\"><span style=\"font-weight: 400;\">envio de documentos,<\/span><span style=\"font-weight: 400;\">\n<p><\/span><\/li>\n<li style=\"font-weight: 400;\" aria-level=\"1\"><span style=\"font-weight: 400;\">orienta\u00e7\u00e3o de colegas,<\/span><span style=\"font-weight: 400;\">\n<p><\/span><\/li>\n<\/ul>\n<p><span style=\"font-weight: 400;\">isso passa a ser considerado trabalho.<\/span><\/p>\n<h3><b>Exemplos que ajudam a entender melhor<\/b><\/h3>\n<p><span style=\"font-weight: 400;\">Portanto:<\/span><\/p>\n<ul>\n<li style=\"font-weight: 400;\" aria-level=\"1\"><span style=\"font-weight: 400;\">\u201cOlhe isso agora\u201d = hora extra<\/span><span style=\"font-weight: 400;\">\n<p><\/span><\/li>\n<li style=\"font-weight: 400;\" aria-level=\"1\"><span style=\"font-weight: 400;\">\u201cMe envie ainda hoje\u201d = hora extra<\/span><span style=\"font-weight: 400;\">\n<p><\/span><\/li>\n<li style=\"font-weight: 400;\" aria-level=\"1\"><span style=\"font-weight: 400;\">\u201cVeja isso amanh\u00e3 cedo\u201d = n\u00e3o configura (desde que n\u00e3o haja cobran\u00e7a naquele momento)<\/span><span style=\"font-weight: 400;\">\n<p><\/span><\/li>\n<\/ul>\n<h2><b>As \u201cHoras Extras Silenciosas\u201d<\/b><\/h2>\n<h3><b>Como esse fen\u00f4meno funciona na pr\u00e1tica<\/b><\/h3>\n<p><span style=\"font-weight: 400;\">Essas horas s\u00e3o chamadas de \u201csilenciosas\u201d justamente porque ningu\u00e9m percebe que s\u00e3o trabalho. Entretanto, elas consomem seu tempo e energia.<\/span><\/p>\n<h3><b>Exemplos comuns do dia a dia<\/b><\/h3>\n<p><span style=\"font-weight: 400;\">Por exemplo:<\/span><\/p>\n<ul>\n<li style=\"font-weight: 400;\" aria-level=\"1\"><span style=\"font-weight: 400;\">conferir relat\u00f3rios no domingo,<\/span><span style=\"font-weight: 400;\">\n<p><\/span><\/li>\n<li style=\"font-weight: 400;\" aria-level=\"1\"><span style=\"font-weight: 400;\">responder grupo da empresa \u00e0s 22h,<\/span><span style=\"font-weight: 400;\">\n<p><\/span><\/li>\n<li style=\"font-weight: 400;\" aria-level=\"1\"><span style=\"font-weight: 400;\">enviar informa\u00e7\u00f5es urgentes fora do expediente.<\/span><span style=\"font-weight: 400;\">\n<p><\/span><\/li>\n<\/ul>\n<p><span style=\"font-weight: 400;\">Tudo isso conta como jornada.<\/span><\/p>\n<h3><b>Consequ\u00eancias s\u00e9rias para a sa\u00fade emocional<\/b><\/h3>\n<p><span style=\"font-weight: 400;\">Al\u00e9m de acumular estresse, isso afeta o sono, aumenta a irritabilidade e diminui a qualidade de vida. Como resultado, muita gente acaba adoecendo.<\/span><\/p>\n<h2><b>Como Reunir Provas do Trabalho Fora do Hor\u00e1rio<\/b><\/h2>\n<h3><b>Prints como evid\u00eancia<\/b><\/h3>\n<p><span style=\"font-weight: 400;\">Primeiramente, tirar prints \u00e9 uma das formas mais simples e eficazes de registrar cobran\u00e7as indevidas.<\/span><\/p>\n<h3><b>Registros de chamadas<\/b><\/h3>\n<p><span style=\"font-weight: 400;\">Al\u00e9m disso, liga\u00e7\u00f5es fora de hor\u00e1rio ficam registradas automaticamente, e isso serve como forte prova.<\/span><\/p>\n<h3><b>Hist\u00f3rico completo das conversas<\/b><\/h3>\n<p><span style=\"font-weight: 400;\">Por fim, salvar todo o hist\u00f3rico \u00e9 essencial para demonstrar continuidade, frequ\u00eancia e contexto.<\/span><\/p>\n<h2><b>E Se Eu N\u00e3o Responder?<\/b><\/h2>\n<h3><b>A empresa pode exigir algo?<\/b><\/h3>\n<p><span style=\"font-weight: 400;\">De forma alguma. Voc\u00ea n\u00e3o \u00e9 obrigado(a) a responder fora do expediente. Portanto, qualquer puni\u00e7\u00e3o seria considerada abusiva.<\/span><\/p>\n<h3><b>Como responder de forma educada e estrat\u00e9gica<\/b><\/h3>\n<p><span style=\"font-weight: 400;\">Veja um exemplo excelente:<\/span><\/p>\n<p><span style=\"font-weight: 400;\">\u201cAssim que eu iniciar o expediente, retorno com as informa\u00e7\u00f5es completas, ok?\u201d<\/span><\/p>\n<p><span style=\"font-weight: 400;\">Essa frase \u00e9 educada, por\u00e9m firme. Al\u00e9m disso, mostra profissionalismo sem perder limites.<\/span><\/p>\n<h2><b>Como Falar com o Chefe Sobre Limites<\/b><\/h2>\n<h3><b>Frases prontas para alinhar expectativas<\/b><\/h3>\n<ul>\n<li style=\"font-weight: 400;\" aria-level=\"1\"><span style=\"font-weight: 400;\">\u201cVou verificar isso amanh\u00e3 cedo e j\u00e1 retorno.\u201d<\/span><span style=\"font-weight: 400;\">\n<p><\/span><\/li>\n<li style=\"font-weight: 400;\" aria-level=\"1\"><span style=\"font-weight: 400;\">\u201cNo momento estou fora do expediente, mas posso resolver assim que voltar.\u201d<\/span><span style=\"font-weight: 400;\">\n<p><\/span><\/li>\n<\/ul>\n<h3><b>Como conduzir a conversa sem conflito<\/b><\/h3>\n<p><span style=\"font-weight: 400;\">Antes de mais nada, mantenha calma. Al\u00e9m disso, explique que, para trabalhar melhor, voc\u00ea precisa descansar adequadamente.<\/span><\/p>\n<h2><b>Quando Procurar um Advogado<\/b><\/h2>\n<h3><b>Sinais que indicam urg\u00eancia<\/b><\/h3>\n<p><span style=\"font-weight: 400;\">Voc\u00ea deve buscar ajuda quando:<\/span><\/p>\n<ul>\n<li style=\"font-weight: 400;\" aria-level=\"1\"><span style=\"font-weight: 400;\">as mensagens s\u00e3o constantes,<\/span><span style=\"font-weight: 400;\">\n<p><\/span><\/li>\n<li style=\"font-weight: 400;\" aria-level=\"1\"><span style=\"font-weight: 400;\">existe cobran\u00e7a expl\u00edcita,<\/span><span style=\"font-weight: 400;\">\n<p><\/span><\/li>\n<li style=\"font-weight: 400;\" aria-level=\"1\"><span style=\"font-weight: 400;\">h\u00e1 amea\u00e7as indiretas,<\/span><span style=\"font-weight: 400;\">\n<p><\/span><\/li>\n<li style=\"font-weight: 400;\" aria-level=\"1\"><span style=\"font-weight: 400;\">seu descanso \u00e9 sempre interrompido.<\/span><span style=\"font-weight: 400;\">\n<p><\/span><\/li>\n<\/ul>\n<h3><b>Direitos que podem ser acionados<\/b><\/h3>\n<p><span style=\"font-weight: 400;\">Dependendo do caso, voc\u00ea pode solicitar:<\/span><\/p>\n<ul>\n<li style=\"font-weight: 400;\" aria-level=\"1\"><span style=\"font-weight: 400;\">horas extras,<\/span><span style=\"font-weight: 400;\">\n<p><\/span><\/li>\n<li style=\"font-weight: 400;\" aria-level=\"1\"><span style=\"font-weight: 400;\">adicional noturno,<\/span><span style=\"font-weight: 400;\">\n<p><\/span><\/li>\n<li style=\"font-weight: 400;\" aria-level=\"1\"><span style=\"font-weight: 400;\">dano moral,<\/span><span style=\"font-weight: 400;\">\n<p><\/span><\/li>\n<li style=\"font-weight: 400;\" aria-level=\"1\"><span style=\"font-weight: 400;\">reconhecimento de ass\u00e9dio.<\/span><span style=\"font-weight: 400;\">\n<p><\/span><\/li>\n<\/ul>\n<h2><b>Como Agir na Pr\u00e1tica<\/b><\/h2>\n<h3><b>Caminho passo a passo<\/b><\/h3>\n<ol>\n<li style=\"font-weight: 400;\" aria-level=\"1\"><span style=\"font-weight: 400;\">Registre tudo<\/span><span style=\"font-weight: 400;\">\n<p><\/span><\/li>\n<li style=\"font-weight: 400;\" aria-level=\"1\"><span style=\"font-weight: 400;\">Alinhe com o chefe<\/span><span style=\"font-weight: 400;\">\n<p><\/span><\/li>\n<li style=\"font-weight: 400;\" aria-level=\"1\"><span style=\"font-weight: 400;\">Identifique repeti\u00e7\u00f5es<\/span><span style=\"font-weight: 400;\">\n<p><\/span><\/li>\n<li style=\"font-weight: 400;\" aria-level=\"1\"><span style=\"font-weight: 400;\">Procure ajuda jur\u00eddica se necess\u00e1rio<\/span><span style=\"font-weight: 400;\">\n<p><\/span><\/li>\n<\/ol>\n<h1><b>Conclus\u00e3o<\/b><\/h1>\n<p><span style=\"font-weight: 400;\">Concluindo, o chefe <\/span><b>pode at\u00e9 enviar mensagens<\/b><span style=\"font-weight: 400;\">, mas voc\u00ea <\/span><b>n\u00e3o tem obriga\u00e7\u00e3o de responder fora do expediente<\/b><span style=\"font-weight: 400;\">. Al\u00e9m disso, se houver cobran\u00e7a ou atividade de trabalho, isso pode gerar direito a horas extras.<\/span><\/p>\n<p><span style=\"font-weight: 400;\">Por isso, proteger seu descanso \u00e9 essencial. Afinal, sem descanso n\u00e3o existe produtividade \u2014 muito menos sa\u00fade.<\/span><\/p>\n<h1><b>FAQs<\/b><\/h1>\n<h3><b>1. Uma mensagem isolada j\u00e1 gera hora extra?<\/b><\/h3>\n<p><span style=\"font-weight: 400;\">N\u00e3o necessariamente, mas pode gerar se houver cobran\u00e7a ou urg\u00eancia.<\/span><\/p>\n<h3><b>2. Posso ser punido por n\u00e3o responder?<\/b><\/h3>\n<p><span style=\"font-weight: 400;\">N\u00e3o. Isso seria abuso.<\/span><\/p>\n<h3><b>3. Se eu responder por educa\u00e7\u00e3o, conta como hora extra?<\/b><\/h3>\n<p><span style=\"font-weight: 400;\">Sim, desde que envolva trabalho.<\/span><\/p>\n<h3><b>4. Mensagens em grupo da empresa contam?<\/b><\/h3>\n<p><span style=\"font-weight: 400;\">Se envolverem cobran\u00e7as, sim.<\/span><\/p>\n<h3><b>5. Trabalhei fora do hor\u00e1rio por WhatsApp. E agora?<\/b><\/h3>\n<p><span style=\"font-weight: 400;\">Guarde provas e procure orienta\u00e7\u00e3o jur\u00eddica.<\/span><\/p>\n<p><span style=\"font-weight: 400;\">Leia tamb\u00e9m o seguinte artigo: <\/span><a href=\"https:\/\/carvalhoadvogado.aliamkt.com\/index.php\/2025\/10\/28\/rescisao-indireta-por-falta-de-pagamento-de-beneficios-entenda-seus-direitos\/\"><span style=\"font-weight: 400;\">Rescis\u00e3o Indireta por Falta de Pagamento de Benef\u00edcios: Entenda Seus Direitos<\/span><\/a><\/p>\n<p>&nbsp;<\/p>\n<p><a href=\"https:\/\/wa.me\/5531975283687\"><b>Entre em contato agora com um advogado trabalhista e saiba como garantir o que \u00e9 seu por lei!<\/b><\/a><\/p>\n<p><b>Fale com o Dr. Pedro Carvalho!<\/b><\/p>\n<p><b>Clique no bot\u00e3o abaixo e obtenha a orienta\u00e7\u00e3o jur\u00eddica que voc\u00ea precisa para resolver suas quest\u00f5es com seguran\u00e7a e confian\u00e7a.\u00a0<\/b><\/p>\n<p><a href=\"https:\/\/wa.me\/5531975283687\"><b>Fale comigo agora mesmo<\/b><\/a><\/p>\n<p><b>Siga-nos na rede social, @pedroncarvalhoadv, e fique por dentro das \u00faltimas novidades!<\/b><\/p>\n","protected":false},"excerpt":{"rendered":"<p>Em um mundo cada vez mais digital, n\u00e3o \u00e9 surpresa que o WhatsApp tenha se transformado, ao mesmo tempo, em ferramenta de trabalho e vil\u00e3o da vida pessoal. Por isso, surge a d\u00favida: \u201cO meu chefe pode me chamar no WhatsApp ap\u00f3s o expediente?\u201d Antes de mais nada, saiba que voc\u00ea n\u00e3o est\u00e1 sozinho. Essa [&hellip;]<\/p>\n","protected":false},"author":1,"featured_media":1448,"comment_status":"open","ping_status":"open","sticky":false,"template":"","format":"standard","meta":{"_joinchat":[],"footnotes":""},"categories":[6],"tags":[],"class_list":["post-1447","post","type-post","status-publish","format-standard","has-post-thumbnail","hentry","category-direito-trabalhista"],"yoast_head":"<!-- This site is optimized with the Yoast SEO plugin v27.5 - https:\/\/yoast.com\/product\/yoast-seo-wordpress\/ -->\n<title>O Chefe Pode Me Chamar no WhatsApp Depois do Expediente? O Direito \u00e0 Desconex\u00e3o e as Horas Extras Silenciosas - Pedro Carvalho Advogado Trabalhista<\/title>\n<meta name=\"description\" content=\"Descubra se o chefe pode chamar no WhatsApp depois do expediente e quando isso vira hora extra. Entenda seus direitos e saiba como agir agora.\" \/>\n<meta name=\"robots\" content=\"index, follow, max-snippet:-1, max-image-preview:large, max-video-preview:-1\" \/>\n<link rel=\"canonical\" href=\"https:\/\/carvalhoadvogado.aliamkt.com\/index.php\/2025\/11\/17\/o-chefe-pode-me-chamar-no-whatsapp-depois-do-expediente-o-direito-a-desconexao-e-as-horas-extras-silenciosas\/\" \/>\n<meta property=\"og:locale\" content=\"pt_BR\" \/>\n<meta property=\"og:type\" content=\"article\" \/>\n<meta property=\"og:title\" content=\"O Chefe Pode Me Chamar no WhatsApp Depois do Expediente? O Direito \u00e0 Desconex\u00e3o e as Horas Extras Silenciosas - Pedro Carvalho Advogado Trabalhista\" \/>\n<meta property=\"og:description\" content=\"Descubra se o chefe pode chamar no WhatsApp depois do expediente e quando isso vira hora extra. Entenda seus direitos e saiba como agir agora.\" \/>\n<meta property=\"og:url\" content=\"https:\/\/carvalhoadvogado.aliamkt.com\/index.php\/2025\/11\/17\/o-chefe-pode-me-chamar-no-whatsapp-depois-do-expediente-o-direito-a-desconexao-e-as-horas-extras-silenciosas\/\" \/>\n<meta property=\"og:site_name\" content=\"Pedro Carvalho Advogado Trabalhista\" \/>\n<meta property=\"article:published_time\" content=\"2025-11-17T13:34:58+00:00\" \/>\n<meta property=\"og:image\" content=\"https:\/\/carvalhoadvogado.aliamkt.com\/wp-content\/uploads\/2025\/11\/advocacia-trabalhista-em-contagem.jpg\" \/>\n\t<meta property=\"og:image:width\" content=\"736\" \/>\n\t<meta property=\"og:image:height\" content=\"490\" \/>\n\t<meta property=\"og:image:type\" content=\"image\/jpeg\" \/>\n<meta name=\"author\" content=\"lailacarvalhoadv\" \/>\n<meta name=\"twitter:card\" content=\"summary_large_image\" \/>\n<meta name=\"twitter:label1\" content=\"Escrito por\" \/>\n\t<meta name=\"twitter:data1\" content=\"lailacarvalhoadv\" \/>\n\t<meta name=\"twitter:label2\" content=\"Est. tempo de leitura\" \/>\n\t<meta name=\"twitter:data2\" content=\"6 minutos\" \/>\n<script type=\"application\/ld+json\" class=\"yoast-schema-graph\">{\"@context\":\"https:\\\/\\\/schema.org\",\"@graph\":[{\"@type\":\"Article\",\"@id\":\"https:\\\/\\\/carvalhoadvogado.aliamkt.com\\\/index.php\\\/2025\\\/11\\\/17\\\/o-chefe-pode-me-chamar-no-whatsapp-depois-do-expediente-o-direito-a-desconexao-e-as-horas-extras-silenciosas\\\/#article\",\"isPartOf\":{\"@id\":\"https:\\\/\\\/carvalhoadvogado.aliamkt.com\\\/index.php\\\/2025\\\/11\\\/17\\\/o-chefe-pode-me-chamar-no-whatsapp-depois-do-expediente-o-direito-a-desconexao-e-as-horas-extras-silenciosas\\\/\"},\"author\":{\"name\":\"lailacarvalhoadv\",\"@id\":\"https:\\\/\\\/carvalhoadvogado.aliamkt.com\\\/#\\\/schema\\\/person\\\/8f4d67ba57d6160ee802836a319bd8eb\"},\"headline\":\"O Chefe Pode Me Chamar no WhatsApp Depois do Expediente? O Direito \u00e0 Desconex\u00e3o e as Horas Extras Silenciosas\",\"datePublished\":\"2025-11-17T13:34:58+00:00\",\"mainEntityOfPage\":{\"@id\":\"https:\\\/\\\/carvalhoadvogado.aliamkt.com\\\/index.php\\\/2025\\\/11\\\/17\\\/o-chefe-pode-me-chamar-no-whatsapp-depois-do-expediente-o-direito-a-desconexao-e-as-horas-extras-silenciosas\\\/\"},\"wordCount\":1000,\"commentCount\":0,\"publisher\":{\"@id\":\"https:\\\/\\\/carvalhoadvogado.aliamkt.com\\\/#organization\"},\"image\":{\"@id\":\"https:\\\/\\\/carvalhoadvogado.aliamkt.com\\\/index.php\\\/2025\\\/11\\\/17\\\/o-chefe-pode-me-chamar-no-whatsapp-depois-do-expediente-o-direito-a-desconexao-e-as-horas-extras-silenciosas\\\/#primaryimage\"},\"thumbnailUrl\":\"https:\\\/\\\/carvalhoadvogado.aliamkt.com\\\/wp-content\\\/uploads\\\/2025\\\/11\\\/advocacia-trabalhista-em-contagem.jpg\",\"articleSection\":[\"Direito Trabalhista\"],\"inLanguage\":\"pt-BR\",\"potentialAction\":[{\"@type\":\"CommentAction\",\"name\":\"Comment\",\"target\":[\"https:\\\/\\\/carvalhoadvogado.aliamkt.com\\\/index.php\\\/2025\\\/11\\\/17\\\/o-chefe-pode-me-chamar-no-whatsapp-depois-do-expediente-o-direito-a-desconexao-e-as-horas-extras-silenciosas\\\/#respond\"]}]},{\"@type\":\"WebPage\",\"@id\":\"https:\\\/\\\/carvalhoadvogado.aliamkt.com\\\/index.php\\\/2025\\\/11\\\/17\\\/o-chefe-pode-me-chamar-no-whatsapp-depois-do-expediente-o-direito-a-desconexao-e-as-horas-extras-silenciosas\\\/\",\"url\":\"https:\\\/\\\/carvalhoadvogado.aliamkt.com\\\/index.php\\\/2025\\\/11\\\/17\\\/o-chefe-pode-me-chamar-no-whatsapp-depois-do-expediente-o-direito-a-desconexao-e-as-horas-extras-silenciosas\\\/\",\"name\":\"O Chefe Pode Me Chamar no WhatsApp Depois do Expediente? O Direito \u00e0 Desconex\u00e3o e as Horas Extras Silenciosas - Pedro Carvalho Advogado Trabalhista\",\"isPartOf\":{\"@id\":\"https:\\\/\\\/carvalhoadvogado.aliamkt.com\\\/#website\"},\"primaryImageOfPage\":{\"@id\":\"https:\\\/\\\/carvalhoadvogado.aliamkt.com\\\/index.php\\\/2025\\\/11\\\/17\\\/o-chefe-pode-me-chamar-no-whatsapp-depois-do-expediente-o-direito-a-desconexao-e-as-horas-extras-silenciosas\\\/#primaryimage\"},\"image\":{\"@id\":\"https:\\\/\\\/carvalhoadvogado.aliamkt.com\\\/index.php\\\/2025\\\/11\\\/17\\\/o-chefe-pode-me-chamar-no-whatsapp-depois-do-expediente-o-direito-a-desconexao-e-as-horas-extras-silenciosas\\\/#primaryimage\"},\"thumbnailUrl\":\"https:\\\/\\\/carvalhoadvogado.aliamkt.com\\\/wp-content\\\/uploads\\\/2025\\\/11\\\/advocacia-trabalhista-em-contagem.jpg\",\"datePublished\":\"2025-11-17T13:34:58+00:00\",\"description\":\"Descubra se o chefe pode chamar no WhatsApp depois do expediente e quando isso vira hora extra. Entenda seus direitos e saiba como agir agora.\",\"breadcrumb\":{\"@id\":\"https:\\\/\\\/carvalhoadvogado.aliamkt.com\\\/index.php\\\/2025\\\/11\\\/17\\\/o-chefe-pode-me-chamar-no-whatsapp-depois-do-expediente-o-direito-a-desconexao-e-as-horas-extras-silenciosas\\\/#breadcrumb\"},\"inLanguage\":\"pt-BR\",\"potentialAction\":[{\"@type\":\"ReadAction\",\"target\":[\"https:\\\/\\\/carvalhoadvogado.aliamkt.com\\\/index.php\\\/2025\\\/11\\\/17\\\/o-chefe-pode-me-chamar-no-whatsapp-depois-do-expediente-o-direito-a-desconexao-e-as-horas-extras-silenciosas\\\/\"]}]},{\"@type\":\"ImageObject\",\"inLanguage\":\"pt-BR\",\"@id\":\"https:\\\/\\\/carvalhoadvogado.aliamkt.com\\\/index.php\\\/2025\\\/11\\\/17\\\/o-chefe-pode-me-chamar-no-whatsapp-depois-do-expediente-o-direito-a-desconexao-e-as-horas-extras-silenciosas\\\/#primaryimage\",\"url\":\"https:\\\/\\\/carvalhoadvogado.aliamkt.com\\\/wp-content\\\/uploads\\\/2025\\\/11\\\/advocacia-trabalhista-em-contagem.jpg\",\"contentUrl\":\"https:\\\/\\\/carvalhoadvogado.aliamkt.com\\\/wp-content\\\/uploads\\\/2025\\\/11\\\/advocacia-trabalhista-em-contagem.jpg\",\"width\":736,\"height\":490},{\"@type\":\"BreadcrumbList\",\"@id\":\"https:\\\/\\\/carvalhoadvogado.aliamkt.com\\\/index.php\\\/2025\\\/11\\\/17\\\/o-chefe-pode-me-chamar-no-whatsapp-depois-do-expediente-o-direito-a-desconexao-e-as-horas-extras-silenciosas\\\/#breadcrumb\",\"itemListElement\":[{\"@type\":\"ListItem\",\"position\":1,\"name\":\"In\u00edcio\",\"item\":\"https:\\\/\\\/carvalhoadvogado.aliamkt.com\\\/\"},{\"@type\":\"ListItem\",\"position\":2,\"name\":\"O Chefe Pode Me Chamar no WhatsApp Depois do Expediente? O Direito \u00e0 Desconex\u00e3o e as Horas Extras Silenciosas\"}]},{\"@type\":\"WebSite\",\"@id\":\"https:\\\/\\\/carvalhoadvogado.aliamkt.com\\\/#website\",\"url\":\"https:\\\/\\\/carvalhoadvogado.aliamkt.com\\\/\",\"name\":\"Pedro Carvalho Advogado\",\"description\":\"Advogado Trabalhista\",\"publisher\":{\"@id\":\"https:\\\/\\\/carvalhoadvogado.aliamkt.com\\\/#organization\"},\"potentialAction\":[{\"@type\":\"SearchAction\",\"target\":{\"@type\":\"EntryPoint\",\"urlTemplate\":\"https:\\\/\\\/carvalhoadvogado.aliamkt.com\\\/?s={search_term_string}\"},\"query-input\":{\"@type\":\"PropertyValueSpecification\",\"valueRequired\":true,\"valueName\":\"search_term_string\"}}],\"inLanguage\":\"pt-BR\"},{\"@type\":\"Organization\",\"@id\":\"https:\\\/\\\/carvalhoadvogado.aliamkt.com\\\/#organization\",\"name\":\"Pedro Carvalho Advogado\",\"url\":\"https:\\\/\\\/carvalhoadvogado.aliamkt.com\\\/\",\"logo\":{\"@type\":\"ImageObject\",\"inLanguage\":\"pt-BR\",\"@id\":\"https:\\\/\\\/carvalhoadvogado.aliamkt.com\\\/#\\\/schema\\\/logo\\\/image\\\/\",\"url\":\"https:\\\/\\\/carvalhoadvogado.aliamkt.com\\\/wp-content\\\/uploads\\\/2024\\\/06\\\/Logo-azul.png\",\"contentUrl\":\"https:\\\/\\\/carvalhoadvogado.aliamkt.com\\\/wp-content\\\/uploads\\\/2024\\\/06\\\/Logo-azul.png\",\"width\":500,\"height\":500,\"caption\":\"Pedro Carvalho Advogado\"},\"image\":{\"@id\":\"https:\\\/\\\/carvalhoadvogado.aliamkt.com\\\/#\\\/schema\\\/logo\\\/image\\\/\"}},{\"@type\":\"Person\",\"@id\":\"https:\\\/\\\/carvalhoadvogado.aliamkt.com\\\/#\\\/schema\\\/person\\\/8f4d67ba57d6160ee802836a319bd8eb\",\"name\":\"lailacarvalhoadv\",\"image\":{\"@type\":\"ImageObject\",\"inLanguage\":\"pt-BR\",\"@id\":\"https:\\\/\\\/secure.gravatar.com\\\/avatar\\\/a60961139a792fb5ca701fab485f653a1b3cc37cf8dbd4937b4134105caf5369?s=96&d=mm&r=g\",\"url\":\"https:\\\/\\\/secure.gravatar.com\\\/avatar\\\/a60961139a792fb5ca701fab485f653a1b3cc37cf8dbd4937b4134105caf5369?s=96&d=mm&r=g\",\"contentUrl\":\"https:\\\/\\\/secure.gravatar.com\\\/avatar\\\/a60961139a792fb5ca701fab485f653a1b3cc37cf8dbd4937b4134105caf5369?s=96&d=mm&r=g\",\"caption\":\"lailacarvalhoadv\"},\"sameAs\":[\"https:\\\/\\\/carvalhoadvogado.aliamkt.com\"],\"url\":\"https:\\\/\\\/carvalhoadvogado.aliamkt.com\\\/index.php\\\/author\\\/lailacarvalhoadv\\\/\"}]}<\/script>\n<!-- \/ Yoast SEO plugin. -->","yoast_head_json":{"title":"O Chefe Pode Me Chamar no WhatsApp Depois do Expediente? O Direito \u00e0 Desconex\u00e3o e as Horas Extras Silenciosas - Pedro Carvalho Advogado Trabalhista","description":"Descubra se o chefe pode chamar no WhatsApp depois do expediente e quando isso vira hora extra. Entenda seus direitos e saiba como agir agora.","robots":{"index":"index","follow":"follow","max-snippet":"max-snippet:-1","max-image-preview":"max-image-preview:large","max-video-preview":"max-video-preview:-1"},"canonical":"https:\/\/carvalhoadvogado.aliamkt.com\/index.php\/2025\/11\/17\/o-chefe-pode-me-chamar-no-whatsapp-depois-do-expediente-o-direito-a-desconexao-e-as-horas-extras-silenciosas\/","og_locale":"pt_BR","og_type":"article","og_title":"O Chefe Pode Me Chamar no WhatsApp Depois do Expediente? O Direito \u00e0 Desconex\u00e3o e as Horas Extras Silenciosas - Pedro Carvalho Advogado Trabalhista","og_description":"Descubra se o chefe pode chamar no WhatsApp depois do expediente e quando isso vira hora extra. Entenda seus direitos e saiba como agir agora.","og_url":"https:\/\/carvalhoadvogado.aliamkt.com\/index.php\/2025\/11\/17\/o-chefe-pode-me-chamar-no-whatsapp-depois-do-expediente-o-direito-a-desconexao-e-as-horas-extras-silenciosas\/","og_site_name":"Pedro Carvalho Advogado Trabalhista","article_published_time":"2025-11-17T13:34:58+00:00","og_image":[{"width":736,"height":490,"url":"https:\/\/carvalhoadvogado.aliamkt.com\/wp-content\/uploads\/2025\/11\/advocacia-trabalhista-em-contagem.jpg","type":"image\/jpeg"}],"author":"lailacarvalhoadv","twitter_card":"summary_large_image","twitter_misc":{"Escrito por":"lailacarvalhoadv","Est. tempo de leitura":"6 minutos"},"schema":{"@context":"https:\/\/schema.org","@graph":[{"@type":"Article","@id":"https:\/\/carvalhoadvogado.aliamkt.com\/index.php\/2025\/11\/17\/o-chefe-pode-me-chamar-no-whatsapp-depois-do-expediente-o-direito-a-desconexao-e-as-horas-extras-silenciosas\/#article","isPartOf":{"@id":"https:\/\/carvalhoadvogado.aliamkt.com\/index.php\/2025\/11\/17\/o-chefe-pode-me-chamar-no-whatsapp-depois-do-expediente-o-direito-a-desconexao-e-as-horas-extras-silenciosas\/"},"author":{"name":"lailacarvalhoadv","@id":"https:\/\/carvalhoadvogado.aliamkt.com\/#\/schema\/person\/8f4d67ba57d6160ee802836a319bd8eb"},"headline":"O Chefe Pode Me Chamar no WhatsApp Depois do Expediente? O Direito \u00e0 Desconex\u00e3o e as Horas Extras Silenciosas","datePublished":"2025-11-17T13:34:58+00:00","mainEntityOfPage":{"@id":"https:\/\/carvalhoadvogado.aliamkt.com\/index.php\/2025\/11\/17\/o-chefe-pode-me-chamar-no-whatsapp-depois-do-expediente-o-direito-a-desconexao-e-as-horas-extras-silenciosas\/"},"wordCount":1000,"commentCount":0,"publisher":{"@id":"https:\/\/carvalhoadvogado.aliamkt.com\/#organization"},"image":{"@id":"https:\/\/carvalhoadvogado.aliamkt.com\/index.php\/2025\/11\/17\/o-chefe-pode-me-chamar-no-whatsapp-depois-do-expediente-o-direito-a-desconexao-e-as-horas-extras-silenciosas\/#primaryimage"},"thumbnailUrl":"https:\/\/carvalhoadvogado.aliamkt.com\/wp-content\/uploads\/2025\/11\/advocacia-trabalhista-em-contagem.jpg","articleSection":["Direito Trabalhista"],"inLanguage":"pt-BR","potentialAction":[{"@type":"CommentAction","name":"Comment","target":["https:\/\/carvalhoadvogado.aliamkt.com\/index.php\/2025\/11\/17\/o-chefe-pode-me-chamar-no-whatsapp-depois-do-expediente-o-direito-a-desconexao-e-as-horas-extras-silenciosas\/#respond"]}]},{"@type":"WebPage","@id":"https:\/\/carvalhoadvogado.aliamkt.com\/index.php\/2025\/11\/17\/o-chefe-pode-me-chamar-no-whatsapp-depois-do-expediente-o-direito-a-desconexao-e-as-horas-extras-silenciosas\/","url":"https:\/\/carvalhoadvogado.aliamkt.com\/index.php\/2025\/11\/17\/o-chefe-pode-me-chamar-no-whatsapp-depois-do-expediente-o-direito-a-desconexao-e-as-horas-extras-silenciosas\/","name":"O Chefe Pode Me Chamar no WhatsApp Depois do Expediente? O Direito \u00e0 Desconex\u00e3o e as Horas Extras Silenciosas - Pedro Carvalho Advogado Trabalhista","isPartOf":{"@id":"https:\/\/carvalhoadvogado.aliamkt.com\/#website"},"primaryImageOfPage":{"@id":"https:\/\/carvalhoadvogado.aliamkt.com\/index.php\/2025\/11\/17\/o-chefe-pode-me-chamar-no-whatsapp-depois-do-expediente-o-direito-a-desconexao-e-as-horas-extras-silenciosas\/#primaryimage"},"image":{"@id":"https:\/\/carvalhoadvogado.aliamkt.com\/index.php\/2025\/11\/17\/o-chefe-pode-me-chamar-no-whatsapp-depois-do-expediente-o-direito-a-desconexao-e-as-horas-extras-silenciosas\/#primaryimage"},"thumbnailUrl":"https:\/\/carvalhoadvogado.aliamkt.com\/wp-content\/uploads\/2025\/11\/advocacia-trabalhista-em-contagem.jpg","datePublished":"2025-11-17T13:34:58+00:00","description":"Descubra se o chefe pode chamar no WhatsApp depois do expediente e quando isso vira hora extra. Entenda seus direitos e saiba como agir agora.","breadcrumb":{"@id":"https:\/\/carvalhoadvogado.aliamkt.com\/index.php\/2025\/11\/17\/o-chefe-pode-me-chamar-no-whatsapp-depois-do-expediente-o-direito-a-desconexao-e-as-horas-extras-silenciosas\/#breadcrumb"},"inLanguage":"pt-BR","potentialAction":[{"@type":"ReadAction","target":["https:\/\/carvalhoadvogado.aliamkt.com\/index.php\/2025\/11\/17\/o-chefe-pode-me-chamar-no-whatsapp-depois-do-expediente-o-direito-a-desconexao-e-as-horas-extras-silenciosas\/"]}]},{"@type":"ImageObject","inLanguage":"pt-BR","@id":"https:\/\/carvalhoadvogado.aliamkt.com\/index.php\/2025\/11\/17\/o-chefe-pode-me-chamar-no-whatsapp-depois-do-expediente-o-direito-a-desconexao-e-as-horas-extras-silenciosas\/#primaryimage","url":"https:\/\/carvalhoadvogado.aliamkt.com\/wp-content\/uploads\/2025\/11\/advocacia-trabalhista-em-contagem.jpg","contentUrl":"https:\/\/carvalhoadvogado.aliamkt.com\/wp-content\/uploads\/2025\/11\/advocacia-trabalhista-em-contagem.jpg","width":736,"height":490},{"@type":"BreadcrumbList","@id":"https:\/\/carvalhoadvogado.aliamkt.com\/index.php\/2025\/11\/17\/o-chefe-pode-me-chamar-no-whatsapp-depois-do-expediente-o-direito-a-desconexao-e-as-horas-extras-silenciosas\/#breadcrumb","itemListElement":[{"@type":"ListItem","position":1,"name":"In\u00edcio","item":"https:\/\/carvalhoadvogado.aliamkt.com\/"},{"@type":"ListItem","position":2,"name":"O Chefe Pode Me Chamar no WhatsApp Depois do Expediente? O Direito \u00e0 Desconex\u00e3o e as Horas Extras Silenciosas"}]},{"@type":"WebSite","@id":"https:\/\/carvalhoadvogado.aliamkt.com\/#website","url":"https:\/\/carvalhoadvogado.aliamkt.com\/","name":"Pedro Carvalho Advogado","description":"Advogado Trabalhista","publisher":{"@id":"https:\/\/carvalhoadvogado.aliamkt.com\/#organization"},"potentialAction":[{"@type":"SearchAction","target":{"@type":"EntryPoint","urlTemplate":"https:\/\/carvalhoadvogado.aliamkt.com\/?s={search_term_string}"},"query-input":{"@type":"PropertyValueSpecification","valueRequired":true,"valueName":"search_term_string"}}],"inLanguage":"pt-BR"},{"@type":"Organization","@id":"https:\/\/carvalhoadvogado.aliamkt.com\/#organization","name":"Pedro Carvalho Advogado","url":"https:\/\/carvalhoadvogado.aliamkt.com\/","logo":{"@type":"ImageObject","inLanguage":"pt-BR","@id":"https:\/\/carvalhoadvogado.aliamkt.com\/#\/schema\/logo\/image\/","url":"https:\/\/carvalhoadvogado.aliamkt.com\/wp-content\/uploads\/2024\/06\/Logo-azul.png","contentUrl":"https:\/\/carvalhoadvogado.aliamkt.com\/wp-content\/uploads\/2024\/06\/Logo-azul.png","width":500,"height":500,"caption":"Pedro Carvalho Advogado"},"image":{"@id":"https:\/\/carvalhoadvogado.aliamkt.com\/#\/schema\/logo\/image\/"}},{"@type":"Person","@id":"https:\/\/carvalhoadvogado.aliamkt.com\/#\/schema\/person\/8f4d67ba57d6160ee802836a319bd8eb","name":"lailacarvalhoadv","image":{"@type":"ImageObject","inLanguage":"pt-BR","@id":"https:\/\/secure.gravatar.com\/avatar\/a60961139a792fb5ca701fab485f653a1b3cc37cf8dbd4937b4134105caf5369?s=96&d=mm&r=g","url":"https:\/\/secure.gravatar.com\/avatar\/a60961139a792fb5ca701fab485f653a1b3cc37cf8dbd4937b4134105caf5369?s=96&d=mm&r=g","contentUrl":"https:\/\/secure.gravatar.com\/avatar\/a60961139a792fb5ca701fab485f653a1b3cc37cf8dbd4937b4134105caf5369?s=96&d=mm&r=g","caption":"lailacarvalhoadv"},"sameAs":["https:\/\/carvalhoadvogado.aliamkt.com"],"url":"https:\/\/carvalhoadvogado.aliamkt.com\/index.php\/author\/lailacarvalhoadv\/"}]}},"_links":{"self":[{"href":"https:\/\/carvalhoadvogado.aliamkt.com\/index.php\/wp-json\/wp\/v2\/posts\/1447","targetHints":{"allow":["GET"]}}],"collection":[{"href":"https:\/\/carvalhoadvogado.aliamkt.com\/index.php\/wp-json\/wp\/v2\/posts"}],"about":[{"href":"https:\/\/carvalhoadvogado.aliamkt.com\/index.php\/wp-json\/wp\/v2\/types\/post"}],"author":[{"embeddable":true,"href":"https:\/\/carvalhoadvogado.aliamkt.com\/index.php\/wp-json\/wp\/v2\/users\/1"}],"replies":[{"embeddable":true,"href":"https:\/\/carvalhoadvogado.aliamkt.com\/index.php\/wp-json\/wp\/v2\/comments?post=1447"}],"version-history":[{"count":1,"href":"https:\/\/carvalhoadvogado.aliamkt.com\/index.php\/wp-json\/wp\/v2\/posts\/1447\/revisions"}],"predecessor-version":[{"id":1449,"href":"https:\/\/carvalhoadvogado.aliamkt.com\/index.php\/wp-json\/wp\/v2\/posts\/1447\/revisions\/1449"}],"wp:featuredmedia":[{"embeddable":true,"href":"https:\/\/carvalhoadvogado.aliamkt.com\/index.php\/wp-json\/wp\/v2\/media\/1448"}],"wp:attachment":[{"href":"https:\/\/carvalhoadvogado.aliamkt.com\/index.php\/wp-json\/wp\/v2\/media?parent=1447"}],"wp:term":[{"taxonomy":"category","embeddable":true,"href":"https:\/\/carvalhoadvogado.aliamkt.com\/index.php\/wp-json\/wp\/v2\/categories?post=1447"},{"taxonomy":"post_tag","embeddable":true,"href":"https:\/\/carvalhoadvogado.aliamkt.com\/index.php\/wp-json\/wp\/v2\/tags?post=1447"}],"curies":[{"name":"wp","href":"https:\/\/api.w.org\/{rel}","templated":true}]}}