{"id":1452,"date":"2025-11-19T11:45:36","date_gmt":"2025-11-19T14:45:36","guid":{"rendered":"https:\/\/carvalhoadvogado.aliamkt.com\/?p=1452"},"modified":"2025-12-15T15:56:14","modified_gmt":"2025-12-15T18:56:14","slug":"adicional-de-insalubridade","status":"publish","type":"post","link":"https:\/\/carvalhoadvogado.aliamkt.com\/index.php\/2025\/11\/19\/adicional-de-insalubridade\/","title":{"rendered":"Cheiro Forte, Ru\u00eddo Alto ou Risco de Vida? Como Saber se Tenho Direito aos Adicionais de Insalubridade ou Periculosidade (e o Valor)"},"content":{"rendered":"<h2><b>Introdu\u00e7\u00e3o<\/b><\/h2>\n<p><span style=\"font-weight: 400;\">Se voc\u00ea trabalha exposto a agentes nocivos ou perigosos, compreender seus <\/span><b>direitos trabalhistas<\/b><span style=\"font-weight: 400;\"> \u00e9 essencial.<\/span><span style=\"font-weight: 400;\"><br \/>\n<\/span><span style=\"font-weight: 400;\">Al\u00e9m disso, quando h\u00e1 risco \u00e0 sa\u00fade ou \u00e0 vida, o empregado pode ter direito ao <\/span><b>adicional de insalubridade<\/b><span style=\"font-weight: 400;\"> ou \u00e0 periculosidade \u2014 valores que muitas empresas simplesmente n\u00e3o pagam.<\/span><\/p>\n<p><span style=\"font-weight: 400;\">Portanto, antes de tudo, \u00e9 importante saber que um <\/span><b>advogado trabalhista<\/b><span style=\"font-weight: 400;\">, principalmente um <\/span><b>advogado trabalhista em Contagem<\/b><span style=\"font-weight: 400;\">, pode ajudar voc\u00ea a confirmar a exposi\u00e7\u00e3o e calcular tudo que \u00e9 devido.<\/span><\/p>\n<h1><b>1. O que \u00e9 Insalubridade?<\/b><\/h1>\n<p><span style=\"font-weight: 400;\">A insalubridade ocorre quando a atividade exp\u00f5e o trabalhador a agentes nocivos acima dos limites seguros previstos na NR-15.<\/span><span style=\"font-weight: 400;\"><br \/>\n<\/span><span style=\"font-weight: 400;\"> Nessas situa\u00e7\u00f5es, o <\/span><b>adicional de insalubridade<\/b><span style=\"font-weight: 400;\"> se torna obrigat\u00f3rio.<\/span><\/p>\n<h1><b>2. O que \u00e9 Periculosidade?<\/b><\/h1>\n<p><span style=\"font-weight: 400;\">A periculosidade envolve risco real e imediato de morte, como ocorre com eletricidade, inflam\u00e1veis ou explosivos.<\/span><span style=\"font-weight: 400;\"><br \/>\n<\/span><span style=\"font-weight: 400;\"> Por isso, quando h\u00e1 perigo constante, o adicional deve ser pago.<\/span><\/p>\n<h1><b>3. Diferen\u00e7a entre Insalubridade e Periculosidade<\/b><\/h1>\n<ul>\n<li style=\"font-weight: 400;\" aria-level=\"1\"><span style=\"font-weight: 400;\">Insalubridade \u2192 dano \u00e0 sa\u00fade a longo prazo<\/span>&nbsp;<\/li>\n<li style=\"font-weight: 400;\" aria-level=\"1\"><span style=\"font-weight: 400;\">Periculosidade \u2192 risco instant\u00e2neo de morte<\/span>&nbsp;<\/li>\n<\/ul>\n<p><span style=\"font-weight: 400;\">Ambos s\u00e3o <\/span><b>direitos trabalhistas<\/b><span style=\"font-weight: 400;\">, mas t\u00eam c\u00e1lculos diferentes.<\/span><\/p>\n<h1><b>4. Quem Tem Direito?<\/b><\/h1>\n<p><span style=\"font-weight: 400;\">Podem ter direito:<\/span><\/p>\n<ul>\n<li style=\"font-weight: 400;\" aria-level=\"1\"><span style=\"font-weight: 400;\">Trabalhadores expostos a produtos qu\u00edmicos<\/span>&nbsp;<\/li>\n<li style=\"font-weight: 400;\" aria-level=\"1\"><span style=\"font-weight: 400;\">Trabalhadores da limpeza<\/span>&nbsp;<\/li>\n<li style=\"font-weight: 400;\" aria-level=\"1\"><span style=\"font-weight: 400;\">Eletricistas<\/span>&nbsp;<\/li>\n<li style=\"font-weight: 400;\" aria-level=\"1\"><span style=\"font-weight: 400;\">Soldadores<\/span>&nbsp;<\/li>\n<li style=\"font-weight: 400;\" aria-level=\"1\"><span style=\"font-weight: 400;\">Motociclistas<\/span>&nbsp;<\/li>\n<li style=\"font-weight: 400;\" aria-level=\"1\"><span style=\"font-weight: 400;\">Profissionais de sa\u00fade<\/span>&nbsp;<\/li>\n<\/ul>\n<p><span style=\"font-weight: 400;\">E inclusive quem est\u00e1 em <\/span><b>trabalho n\u00e3o registrado<\/b><span style=\"font-weight: 400;\">, ou seja, <\/span><b>trabalhei sem registro<\/b><span style=\"font-weight: 400;\">, <\/span><b>trabalho n\u00e3o registrado<\/b><span style=\"font-weight: 400;\">, <\/span><b>sem carteira assinada<\/b><span style=\"font-weight: 400;\">, <\/span><b>funcion\u00e1rio n\u00e3o registrado tem direitos<\/b><span style=\"font-weight: 400;\"> \u2014 e tem mesmo.<\/span><\/p>\n<h1><b>5. Como Saber se Tenho Direito?<\/b><\/h1>\n<p><span style=\"font-weight: 400;\">Sinais comuns:<\/span><\/p>\n<ul>\n<li style=\"font-weight: 400;\" aria-level=\"1\"><span style=\"font-weight: 400;\">Cheiro forte<\/span>&nbsp;<\/li>\n<li style=\"font-weight: 400;\" aria-level=\"1\"><span style=\"font-weight: 400;\">Ru\u00eddo alto<\/span>&nbsp;<\/li>\n<li style=\"font-weight: 400;\" aria-level=\"1\"><span style=\"font-weight: 400;\">Contato com qu\u00edmicos<\/span>&nbsp;<\/li>\n<li style=\"font-weight: 400;\" aria-level=\"1\"><span style=\"font-weight: 400;\">Risco el\u00e9trico<\/span>&nbsp;<\/li>\n<li style=\"font-weight: 400;\" aria-level=\"1\"><span style=\"font-weight: 400;\">Inflam\u00e1veis<\/span>&nbsp;<\/li>\n<li style=\"font-weight: 400;\" aria-level=\"1\"><span style=\"font-weight: 400;\">Contato com lixo ou esgoto<\/span>&nbsp;<\/li>\n<\/ul>\n<p><span style=\"font-weight: 400;\">Se sua situa\u00e7\u00e3o envolve <\/span><b>demiss\u00e3o sem carteira assinada<\/b><span style=\"font-weight: 400;\">, <\/span><b>n\u00e3o trabalho de carteira assinada tenho algum direito<\/b><span style=\"font-weight: 400;\"> ou <\/span><b>trabalhei sem registro quais meus direitos<\/b><span style=\"font-weight: 400;\">, voc\u00ea ainda pode exigir pagamentos retroativos.<\/span><\/p>\n<h1><b>6. Quanto Posso Receber?<\/b><\/h1>\n<h3><b>Insalubridade<\/b><\/h3>\n<ul>\n<li style=\"font-weight: 400;\" aria-level=\"1\"><span style=\"font-weight: 400;\">10%<\/span>&nbsp;<\/li>\n<li style=\"font-weight: 400;\" aria-level=\"1\"><span style=\"font-weight: 400;\">20%<\/span>&nbsp;<\/li>\n<li style=\"font-weight: 400;\" aria-level=\"1\"><span style=\"font-weight: 400;\">40%<\/span>&nbsp;<\/li>\n<\/ul>\n<h3><b>Periculosidade<\/b><\/h3>\n<ul>\n<li style=\"font-weight: 400;\" aria-level=\"1\"><span style=\"font-weight: 400;\">Sempre 30% sobre o sal\u00e1rio-base.<\/span>&nbsp;<\/li>\n<\/ul>\n<p><span style=\"font-weight: 400;\">Esses valores refletem inclusive em <\/span><b>verbas rescis\u00f3rias<\/b><span style=\"font-weight: 400;\">, <\/span><b>horas extras<\/b><span style=\"font-weight: 400;\">, FGTS e outros direitos.<\/span><\/p>\n<p><span style=\"font-weight: 400;\">E tudo \u00e9 confirmado em <\/span><b>c\u00e1lculos trabalhistas<\/b><span style=\"font-weight: 400;\"> feitos por profissional.<\/span><\/p>\n<h1><b>7. Exemplos de Insalubridade<\/b><\/h1>\n<ul>\n<li style=\"font-weight: 400;\" aria-level=\"1\"><span style=\"font-weight: 400;\">Limpeza de banheiros coletivos<\/span>&nbsp;<\/li>\n<li style=\"font-weight: 400;\" aria-level=\"1\"><span style=\"font-weight: 400;\">Exposi\u00e7\u00e3o a solventes<\/span>&nbsp;<\/li>\n<li style=\"font-weight: 400;\" aria-level=\"1\"><span style=\"font-weight: 400;\">Trabalho com poeira t\u00f3xica<\/span>&nbsp;<\/li>\n<li style=\"font-weight: 400;\" aria-level=\"1\"><span style=\"font-weight: 400;\">Ru\u00eddo acima do limite<\/span>&nbsp;<\/li>\n<li style=\"font-weight: 400;\" aria-level=\"1\"><span style=\"font-weight: 400;\">Calor extremo<\/span>&nbsp;<\/li>\n<li style=\"font-weight: 400;\" aria-level=\"1\"><span style=\"font-weight: 400;\">Contato com lixo urbano<\/span>&nbsp;<\/li>\n<\/ul>\n<h1><b>8. Exemplos de Periculosidade<\/b><\/h1>\n<ul>\n<li style=\"font-weight: 400;\" aria-level=\"1\"><span style=\"font-weight: 400;\">Eletricistas<\/span>&nbsp;<\/li>\n<li style=\"font-weight: 400;\" aria-level=\"1\"><span style=\"font-weight: 400;\">Frentistas<\/span>&nbsp;<\/li>\n<li style=\"font-weight: 400;\" aria-level=\"1\"><span style=\"font-weight: 400;\">Motoboys<\/span>&nbsp;<\/li>\n<li style=\"font-weight: 400;\" aria-level=\"1\"><span style=\"font-weight: 400;\">Vigilantes<\/span>&nbsp;<\/li>\n<li style=\"font-weight: 400;\" aria-level=\"1\"><span style=\"font-weight: 400;\">Profissionais de inflam\u00e1veis<\/span>&nbsp;<\/li>\n<\/ul>\n<h1><b>9. EPI Elimina o Direito?<\/b><\/h1>\n<p><span style=\"font-weight: 400;\">Nem sempre.<\/span><span style=\"font-weight: 400;\"><br \/>\n<\/span><span style=\"font-weight: 400;\"> Se o EPI n\u00e3o neutraliza o risco, o adicional continua sendo devido \u2014 mesmo para quem possui <\/span><b>v\u00ednculo empregat\u00edcio<\/b><span style=\"font-weight: 400;\"> e at\u00e9 para quem n\u00e3o possui.<\/span><\/p>\n<h1><b>10. Trabalhei Sem Registro: Tenho Direito?<\/b><\/h1>\n<p><span style=\"font-weight: 400;\">Sim.<\/span><span style=\"font-weight: 400;\"><br \/>\n<\/span><span style=\"font-weight: 400;\">Quem est\u00e1 em <\/span><b>trabalho n\u00e3o registrado<\/b><span style=\"font-weight: 400;\">, ou que sofreu <\/span><b>demiss\u00e3o sem carteira assinada<\/b><span style=\"font-weight: 400;\">, tamb\u00e9m tem todos os <\/span><b>direitos trabalhistas<\/b><span style=\"font-weight: 400;\"> garantidos.<\/span><span style=\"font-weight: 400;\"><br \/>\n<\/span><span style=\"font-weight: 400;\">Inclusive:<\/span><\/p>\n<ul>\n<li style=\"font-weight: 400;\" aria-level=\"1\"><span style=\"font-weight: 400;\">FGTS<\/span>&nbsp;<\/li>\n<li style=\"font-weight: 400;\" aria-level=\"1\"><span style=\"font-weight: 400;\">13\u00ba<\/span>&nbsp;<\/li>\n<li style=\"font-weight: 400;\" aria-level=\"1\"><span style=\"font-weight: 400;\">F\u00e9rias<\/span>&nbsp;<\/li>\n<li style=\"font-weight: 400;\" aria-level=\"1\"><span style=\"font-weight: 400;\">Seguro-desemprego<\/span>&nbsp;<\/li>\n<li style=\"font-weight: 400;\" aria-level=\"1\"><b>Verbas rescis\u00f3rias<\/b>&nbsp;<\/li>\n<\/ul>\n<h1><b>11. Como Funcionam os C\u00e1lculos Trabalhistas?<\/b><\/h1>\n<p><span style=\"font-weight: 400;\">Os valores incluem:<\/span><\/p>\n<ul>\n<li style=\"font-weight: 400;\" aria-level=\"1\"><span style=\"font-weight: 400;\">Tempo trabalhado<\/span>&nbsp;<\/li>\n<li style=\"font-weight: 400;\" aria-level=\"1\"><span style=\"font-weight: 400;\">Percentuais<\/span>&nbsp;<\/li>\n<li style=\"font-weight: 400;\" aria-level=\"1\"><span style=\"font-weight: 400;\">Reflexos<\/span>&nbsp;<\/li>\n<li style=\"font-weight: 400;\" aria-level=\"1\"><span style=\"font-weight: 400;\">FGTS<\/span>&nbsp;<\/li>\n<li style=\"font-weight: 400;\" aria-level=\"1\"><span style=\"font-weight: 400;\">F\u00e9rias<\/span>&nbsp;<\/li>\n<li style=\"font-weight: 400;\" aria-level=\"1\"><span style=\"font-weight: 400;\">13\u00ba<\/span>&nbsp;<\/li>\n<\/ul>\n<p><span style=\"font-weight: 400;\">Quanto mais tempo sem receber, maior o valor recuperado na <\/span><b>a\u00e7\u00e3o trabalhista<\/b><span style=\"font-weight: 400;\">.<\/span><\/p>\n<h1><b>12. Como Funciona a A\u00e7\u00e3o Trabalhista?<\/b><\/h1>\n<p><span style=\"font-weight: 400;\">Voc\u00ea conversa com o <\/span><b>advogado trabalhista<\/b><span style=\"font-weight: 400;\">, re\u00fane provas, faz os <\/span><b>c\u00e1lculos trabalhistas<\/b><span style=\"font-weight: 400;\"> e o processo \u00e9 protocolado.<\/span><span style=\"font-weight: 400;\"><br \/>\n<\/span><span style=\"font-weight: 400;\">Depois ocorre per\u00edcia, audi\u00eancia e pagamento.<\/span><\/p>\n<p><span style=\"font-weight: 400;\">Se houver <\/span><b>acidente de trabalho<\/b><span style=\"font-weight: 400;\">, o valor aumenta ainda mais.<\/span><\/p>\n<p><span style=\"font-weight: 400;\">O <\/span><b>ass\u00e9dio moral no trabalho<\/b><span style=\"font-weight: 400;\">, \u00e9 poss\u00edvel pedir indeniza\u00e7\u00e3o.<\/span><\/p>\n<p><span style=\"font-weight: 400;\">\u00a0d<\/span><b>emiss\u00e3o sem justa causa<\/b><span style=\"font-weight: 400;\">, tamb\u00e9m h\u00e1 reflexos relevantes.<\/span><\/p>\n<p><span style=\"font-weight: 400;\">Se envolve <\/span><b>teletrabalho direitos<\/b><span style=\"font-weight: 400;\">, esses pontos tamb\u00e9m podem ser analisados na a\u00e7\u00e3o.<\/span><\/p>\n<p>&nbsp;<\/p>\n<p><span style=\"font-weight: 400;\">Leia tamb\u00e9m o seguinte artigo: <\/span><a href=\"https:\/\/carvalhoadvogado.aliamkt.com\/index.php\/2025\/10\/28\/rescisao-indireta-por-falta-de-pagamento-de-beneficios-entenda-seus-direitos\/\"><span style=\"font-weight: 400;\">Rescis\u00e3o Indireta por Falta de Pagamento de Benef\u00edcios: Entenda Seus Direitos<\/span><\/a><\/p>\n<p>&nbsp;<\/p>\n<p><a href=\"https:\/\/wa.me\/5531975283687\"><b>Entre em contato agora com um advogado trabalhista e saiba como garantir o que \u00e9 seu por lei!<\/b><\/a><\/p>\n<p><b>Fale com o Dr. Pedro Carvalho!<\/b><\/p>\n<p><b>Clique no bot\u00e3o abaixo e obtenha a orienta\u00e7\u00e3o jur\u00eddica que voc\u00ea precisa para resolver suas quest\u00f5es com seguran\u00e7a e confian\u00e7a.\u00a0<\/b><\/p>\n<p><a href=\"https:\/\/wa.me\/5531975283687\"><b>Fale comigo agora mesmo<\/b><\/a><\/p>\n<p><b>Siga-nos na rede social, @pedroncarvalhoadv, e fique por dentro das \u00faltimas novidades!<\/b><\/p>\n","protected":false},"excerpt":{"rendered":"<p>Introdu\u00e7\u00e3o Se voc\u00ea trabalha exposto a agentes nocivos ou perigosos, compreender seus direitos trabalhistas \u00e9 essencial. Al\u00e9m disso, quando h\u00e1 risco \u00e0 sa\u00fade ou \u00e0 vida, o empregado pode ter direito ao adicional de insalubridade ou \u00e0 periculosidade \u2014 valores que muitas empresas simplesmente n\u00e3o pagam. Portanto, antes de tudo, \u00e9 importante saber que um [&hellip;]<\/p>\n","protected":false},"author":1,"featured_media":1453,"comment_status":"open","ping_status":"open","sticky":false,"template":"","format":"standard","meta":{"_joinchat":[],"footnotes":""},"categories":[6],"tags":[],"class_list":["post-1452","post","type-post","status-publish","format-standard","has-post-thumbnail","hentry","category-direito-trabalhista"],"yoast_head":"<!-- This site is optimized with the Yoast SEO plugin v27.5 - https:\/\/yoast.com\/product\/yoast-seo-wordpress\/ -->\n<title>adicional-de-insalubridade Adicional de Insalubridade: Quem Tem Direito e Quanto Receber<\/title>\n<meta name=\"description\" content=\"Adicional de insalubridade: saiba quem tem direito, diferen\u00e7as para periculosidade, valores, provas e como cobrar na Justi\u00e7a do Trabalho.\" \/>\n<meta name=\"robots\" content=\"index, follow, max-snippet:-1, max-image-preview:large, max-video-preview:-1\" \/>\n<link rel=\"canonical\" href=\"https:\/\/carvalhoadvogado.aliamkt.com\/index.php\/2025\/11\/19\/adicional-de-insalubridade\/\" \/>\n<meta property=\"og:locale\" content=\"pt_BR\" \/>\n<meta property=\"og:type\" content=\"article\" \/>\n<meta property=\"og:title\" content=\"adicional-de-insalubridade Adicional de Insalubridade: Quem Tem Direito e Quanto Receber\" \/>\n<meta property=\"og:description\" content=\"Adicional de insalubridade: saiba quem tem direito, diferen\u00e7as para periculosidade, valores, provas e como cobrar na Justi\u00e7a do Trabalho.\" \/>\n<meta property=\"og:url\" content=\"https:\/\/carvalhoadvogado.aliamkt.com\/index.php\/2025\/11\/19\/adicional-de-insalubridade\/\" \/>\n<meta property=\"og:site_name\" content=\"Pedro Carvalho Advogado Trabalhista\" \/>\n<meta property=\"article:published_time\" content=\"2025-11-19T14:45:36+00:00\" \/>\n<meta property=\"article:modified_time\" content=\"2025-12-15T18:56:14+00:00\" \/>\n<meta property=\"og:image\" content=\"https:\/\/carvalhoadvogado.aliamkt.com\/wp-content\/uploads\/2025\/11\/adicional-de-periculosidade.jpg\" \/>\n\t<meta property=\"og:image:width\" content=\"1000\" \/>\n\t<meta property=\"og:image:height\" content=\"766\" \/>\n\t<meta property=\"og:image:type\" content=\"image\/jpeg\" \/>\n<meta name=\"author\" content=\"lailacarvalhoadv\" \/>\n<meta name=\"twitter:card\" content=\"summary_large_image\" \/>\n<meta name=\"twitter:label1\" content=\"Escrito por\" \/>\n\t<meta name=\"twitter:data1\" content=\"lailacarvalhoadv\" \/>\n\t<meta name=\"twitter:label2\" content=\"Est. tempo de leitura\" \/>\n\t<meta name=\"twitter:data2\" content=\"4 minutos\" \/>\n<script type=\"application\/ld+json\" class=\"yoast-schema-graph\">{\"@context\":\"https:\\\/\\\/schema.org\",\"@graph\":[{\"@type\":\"Article\",\"@id\":\"https:\\\/\\\/carvalhoadvogado.aliamkt.com\\\/index.php\\\/2025\\\/11\\\/19\\\/adicional-de-insalubridade\\\/#article\",\"isPartOf\":{\"@id\":\"https:\\\/\\\/carvalhoadvogado.aliamkt.com\\\/index.php\\\/2025\\\/11\\\/19\\\/adicional-de-insalubridade\\\/\"},\"author\":{\"name\":\"lailacarvalhoadv\",\"@id\":\"https:\\\/\\\/carvalhoadvogado.aliamkt.com\\\/#\\\/schema\\\/person\\\/8f4d67ba57d6160ee802836a319bd8eb\"},\"headline\":\"Cheiro Forte, Ru\u00eddo Alto ou Risco de Vida? Como Saber se Tenho Direito aos Adicionais de Insalubridade ou Periculosidade (e o Valor)\",\"datePublished\":\"2025-11-19T14:45:36+00:00\",\"dateModified\":\"2025-12-15T18:56:14+00:00\",\"mainEntityOfPage\":{\"@id\":\"https:\\\/\\\/carvalhoadvogado.aliamkt.com\\\/index.php\\\/2025\\\/11\\\/19\\\/adicional-de-insalubridade\\\/\"},\"wordCount\":679,\"commentCount\":0,\"publisher\":{\"@id\":\"https:\\\/\\\/carvalhoadvogado.aliamkt.com\\\/#organization\"},\"image\":{\"@id\":\"https:\\\/\\\/carvalhoadvogado.aliamkt.com\\\/index.php\\\/2025\\\/11\\\/19\\\/adicional-de-insalubridade\\\/#primaryimage\"},\"thumbnailUrl\":\"https:\\\/\\\/carvalhoadvogado.aliamkt.com\\\/wp-content\\\/uploads\\\/2025\\\/11\\\/adicional-de-periculosidade.jpg\",\"articleSection\":[\"Direito Trabalhista\"],\"inLanguage\":\"pt-BR\",\"potentialAction\":[{\"@type\":\"CommentAction\",\"name\":\"Comment\",\"target\":[\"https:\\\/\\\/carvalhoadvogado.aliamkt.com\\\/index.php\\\/2025\\\/11\\\/19\\\/adicional-de-insalubridade\\\/#respond\"]}]},{\"@type\":\"WebPage\",\"@id\":\"https:\\\/\\\/carvalhoadvogado.aliamkt.com\\\/index.php\\\/2025\\\/11\\\/19\\\/adicional-de-insalubridade\\\/\",\"url\":\"https:\\\/\\\/carvalhoadvogado.aliamkt.com\\\/index.php\\\/2025\\\/11\\\/19\\\/adicional-de-insalubridade\\\/\",\"name\":\"adicional-de-insalubridade Adicional de Insalubridade: Quem Tem Direito e Quanto Receber\",\"isPartOf\":{\"@id\":\"https:\\\/\\\/carvalhoadvogado.aliamkt.com\\\/#website\"},\"primaryImageOfPage\":{\"@id\":\"https:\\\/\\\/carvalhoadvogado.aliamkt.com\\\/index.php\\\/2025\\\/11\\\/19\\\/adicional-de-insalubridade\\\/#primaryimage\"},\"image\":{\"@id\":\"https:\\\/\\\/carvalhoadvogado.aliamkt.com\\\/index.php\\\/2025\\\/11\\\/19\\\/adicional-de-insalubridade\\\/#primaryimage\"},\"thumbnailUrl\":\"https:\\\/\\\/carvalhoadvogado.aliamkt.com\\\/wp-content\\\/uploads\\\/2025\\\/11\\\/adicional-de-periculosidade.jpg\",\"datePublished\":\"2025-11-19T14:45:36+00:00\",\"dateModified\":\"2025-12-15T18:56:14+00:00\",\"description\":\"Adicional de insalubridade: saiba quem tem direito, diferen\u00e7as para periculosidade, valores, provas e como cobrar na Justi\u00e7a do Trabalho.\",\"breadcrumb\":{\"@id\":\"https:\\\/\\\/carvalhoadvogado.aliamkt.com\\\/index.php\\\/2025\\\/11\\\/19\\\/adicional-de-insalubridade\\\/#breadcrumb\"},\"inLanguage\":\"pt-BR\",\"potentialAction\":[{\"@type\":\"ReadAction\",\"target\":[\"https:\\\/\\\/carvalhoadvogado.aliamkt.com\\\/index.php\\\/2025\\\/11\\\/19\\\/adicional-de-insalubridade\\\/\"]}]},{\"@type\":\"ImageObject\",\"inLanguage\":\"pt-BR\",\"@id\":\"https:\\\/\\\/carvalhoadvogado.aliamkt.com\\\/index.php\\\/2025\\\/11\\\/19\\\/adicional-de-insalubridade\\\/#primaryimage\",\"url\":\"https:\\\/\\\/carvalhoadvogado.aliamkt.com\\\/wp-content\\\/uploads\\\/2025\\\/11\\\/adicional-de-periculosidade.jpg\",\"contentUrl\":\"https:\\\/\\\/carvalhoadvogado.aliamkt.com\\\/wp-content\\\/uploads\\\/2025\\\/11\\\/adicional-de-periculosidade.jpg\",\"width\":1000,\"height\":766},{\"@type\":\"BreadcrumbList\",\"@id\":\"https:\\\/\\\/carvalhoadvogado.aliamkt.com\\\/index.php\\\/2025\\\/11\\\/19\\\/adicional-de-insalubridade\\\/#breadcrumb\",\"itemListElement\":[{\"@type\":\"ListItem\",\"position\":1,\"name\":\"In\u00edcio\",\"item\":\"https:\\\/\\\/carvalhoadvogado.aliamkt.com\\\/\"},{\"@type\":\"ListItem\",\"position\":2,\"name\":\"Cheiro Forte, Ru\u00eddo Alto ou Risco de Vida? Como Saber se Tenho Direito aos Adicionais de Insalubridade ou Periculosidade (e o Valor)\"}]},{\"@type\":\"WebSite\",\"@id\":\"https:\\\/\\\/carvalhoadvogado.aliamkt.com\\\/#website\",\"url\":\"https:\\\/\\\/carvalhoadvogado.aliamkt.com\\\/\",\"name\":\"Pedro Carvalho Advogado\",\"description\":\"Advogado Trabalhista\",\"publisher\":{\"@id\":\"https:\\\/\\\/carvalhoadvogado.aliamkt.com\\\/#organization\"},\"potentialAction\":[{\"@type\":\"SearchAction\",\"target\":{\"@type\":\"EntryPoint\",\"urlTemplate\":\"https:\\\/\\\/carvalhoadvogado.aliamkt.com\\\/?s={search_term_string}\"},\"query-input\":{\"@type\":\"PropertyValueSpecification\",\"valueRequired\":true,\"valueName\":\"search_term_string\"}}],\"inLanguage\":\"pt-BR\"},{\"@type\":\"Organization\",\"@id\":\"https:\\\/\\\/carvalhoadvogado.aliamkt.com\\\/#organization\",\"name\":\"Pedro Carvalho Advogado\",\"url\":\"https:\\\/\\\/carvalhoadvogado.aliamkt.com\\\/\",\"logo\":{\"@type\":\"ImageObject\",\"inLanguage\":\"pt-BR\",\"@id\":\"https:\\\/\\\/carvalhoadvogado.aliamkt.com\\\/#\\\/schema\\\/logo\\\/image\\\/\",\"url\":\"https:\\\/\\\/carvalhoadvogado.aliamkt.com\\\/wp-content\\\/uploads\\\/2024\\\/06\\\/Logo-azul.png\",\"contentUrl\":\"https:\\\/\\\/carvalhoadvogado.aliamkt.com\\\/wp-content\\\/uploads\\\/2024\\\/06\\\/Logo-azul.png\",\"width\":500,\"height\":500,\"caption\":\"Pedro Carvalho Advogado\"},\"image\":{\"@id\":\"https:\\\/\\\/carvalhoadvogado.aliamkt.com\\\/#\\\/schema\\\/logo\\\/image\\\/\"}},{\"@type\":\"Person\",\"@id\":\"https:\\\/\\\/carvalhoadvogado.aliamkt.com\\\/#\\\/schema\\\/person\\\/8f4d67ba57d6160ee802836a319bd8eb\",\"name\":\"lailacarvalhoadv\",\"image\":{\"@type\":\"ImageObject\",\"inLanguage\":\"pt-BR\",\"@id\":\"https:\\\/\\\/secure.gravatar.com\\\/avatar\\\/a60961139a792fb5ca701fab485f653a1b3cc37cf8dbd4937b4134105caf5369?s=96&d=mm&r=g\",\"url\":\"https:\\\/\\\/secure.gravatar.com\\\/avatar\\\/a60961139a792fb5ca701fab485f653a1b3cc37cf8dbd4937b4134105caf5369?s=96&d=mm&r=g\",\"contentUrl\":\"https:\\\/\\\/secure.gravatar.com\\\/avatar\\\/a60961139a792fb5ca701fab485f653a1b3cc37cf8dbd4937b4134105caf5369?s=96&d=mm&r=g\",\"caption\":\"lailacarvalhoadv\"},\"sameAs\":[\"https:\\\/\\\/carvalhoadvogado.aliamkt.com\"],\"url\":\"https:\\\/\\\/carvalhoadvogado.aliamkt.com\\\/index.php\\\/author\\\/lailacarvalhoadv\\\/\"}]}<\/script>\n<!-- \/ Yoast SEO plugin. -->","yoast_head_json":{"title":"adicional-de-insalubridade Adicional de Insalubridade: Quem Tem Direito e Quanto Receber","description":"Adicional de insalubridade: saiba quem tem direito, diferen\u00e7as para periculosidade, valores, provas e como cobrar na Justi\u00e7a do Trabalho.","robots":{"index":"index","follow":"follow","max-snippet":"max-snippet:-1","max-image-preview":"max-image-preview:large","max-video-preview":"max-video-preview:-1"},"canonical":"https:\/\/carvalhoadvogado.aliamkt.com\/index.php\/2025\/11\/19\/adicional-de-insalubridade\/","og_locale":"pt_BR","og_type":"article","og_title":"adicional-de-insalubridade Adicional de Insalubridade: Quem Tem Direito e Quanto Receber","og_description":"Adicional de insalubridade: saiba quem tem direito, diferen\u00e7as para periculosidade, valores, provas e como cobrar na Justi\u00e7a do Trabalho.","og_url":"https:\/\/carvalhoadvogado.aliamkt.com\/index.php\/2025\/11\/19\/adicional-de-insalubridade\/","og_site_name":"Pedro Carvalho Advogado Trabalhista","article_published_time":"2025-11-19T14:45:36+00:00","article_modified_time":"2025-12-15T18:56:14+00:00","og_image":[{"width":1000,"height":766,"url":"https:\/\/carvalhoadvogado.aliamkt.com\/wp-content\/uploads\/2025\/11\/adicional-de-periculosidade.jpg","type":"image\/jpeg"}],"author":"lailacarvalhoadv","twitter_card":"summary_large_image","twitter_misc":{"Escrito por":"lailacarvalhoadv","Est. tempo de leitura":"4 minutos"},"schema":{"@context":"https:\/\/schema.org","@graph":[{"@type":"Article","@id":"https:\/\/carvalhoadvogado.aliamkt.com\/index.php\/2025\/11\/19\/adicional-de-insalubridade\/#article","isPartOf":{"@id":"https:\/\/carvalhoadvogado.aliamkt.com\/index.php\/2025\/11\/19\/adicional-de-insalubridade\/"},"author":{"name":"lailacarvalhoadv","@id":"https:\/\/carvalhoadvogado.aliamkt.com\/#\/schema\/person\/8f4d67ba57d6160ee802836a319bd8eb"},"headline":"Cheiro Forte, Ru\u00eddo Alto ou Risco de Vida? Como Saber se Tenho Direito aos Adicionais de Insalubridade ou Periculosidade (e o Valor)","datePublished":"2025-11-19T14:45:36+00:00","dateModified":"2025-12-15T18:56:14+00:00","mainEntityOfPage":{"@id":"https:\/\/carvalhoadvogado.aliamkt.com\/index.php\/2025\/11\/19\/adicional-de-insalubridade\/"},"wordCount":679,"commentCount":0,"publisher":{"@id":"https:\/\/carvalhoadvogado.aliamkt.com\/#organization"},"image":{"@id":"https:\/\/carvalhoadvogado.aliamkt.com\/index.php\/2025\/11\/19\/adicional-de-insalubridade\/#primaryimage"},"thumbnailUrl":"https:\/\/carvalhoadvogado.aliamkt.com\/wp-content\/uploads\/2025\/11\/adicional-de-periculosidade.jpg","articleSection":["Direito Trabalhista"],"inLanguage":"pt-BR","potentialAction":[{"@type":"CommentAction","name":"Comment","target":["https:\/\/carvalhoadvogado.aliamkt.com\/index.php\/2025\/11\/19\/adicional-de-insalubridade\/#respond"]}]},{"@type":"WebPage","@id":"https:\/\/carvalhoadvogado.aliamkt.com\/index.php\/2025\/11\/19\/adicional-de-insalubridade\/","url":"https:\/\/carvalhoadvogado.aliamkt.com\/index.php\/2025\/11\/19\/adicional-de-insalubridade\/","name":"adicional-de-insalubridade Adicional de Insalubridade: Quem Tem Direito e Quanto Receber","isPartOf":{"@id":"https:\/\/carvalhoadvogado.aliamkt.com\/#website"},"primaryImageOfPage":{"@id":"https:\/\/carvalhoadvogado.aliamkt.com\/index.php\/2025\/11\/19\/adicional-de-insalubridade\/#primaryimage"},"image":{"@id":"https:\/\/carvalhoadvogado.aliamkt.com\/index.php\/2025\/11\/19\/adicional-de-insalubridade\/#primaryimage"},"thumbnailUrl":"https:\/\/carvalhoadvogado.aliamkt.com\/wp-content\/uploads\/2025\/11\/adicional-de-periculosidade.jpg","datePublished":"2025-11-19T14:45:36+00:00","dateModified":"2025-12-15T18:56:14+00:00","description":"Adicional de insalubridade: saiba quem tem direito, diferen\u00e7as para periculosidade, valores, provas e como cobrar na Justi\u00e7a do Trabalho.","breadcrumb":{"@id":"https:\/\/carvalhoadvogado.aliamkt.com\/index.php\/2025\/11\/19\/adicional-de-insalubridade\/#breadcrumb"},"inLanguage":"pt-BR","potentialAction":[{"@type":"ReadAction","target":["https:\/\/carvalhoadvogado.aliamkt.com\/index.php\/2025\/11\/19\/adicional-de-insalubridade\/"]}]},{"@type":"ImageObject","inLanguage":"pt-BR","@id":"https:\/\/carvalhoadvogado.aliamkt.com\/index.php\/2025\/11\/19\/adicional-de-insalubridade\/#primaryimage","url":"https:\/\/carvalhoadvogado.aliamkt.com\/wp-content\/uploads\/2025\/11\/adicional-de-periculosidade.jpg","contentUrl":"https:\/\/carvalhoadvogado.aliamkt.com\/wp-content\/uploads\/2025\/11\/adicional-de-periculosidade.jpg","width":1000,"height":766},{"@type":"BreadcrumbList","@id":"https:\/\/carvalhoadvogado.aliamkt.com\/index.php\/2025\/11\/19\/adicional-de-insalubridade\/#breadcrumb","itemListElement":[{"@type":"ListItem","position":1,"name":"In\u00edcio","item":"https:\/\/carvalhoadvogado.aliamkt.com\/"},{"@type":"ListItem","position":2,"name":"Cheiro Forte, Ru\u00eddo Alto ou Risco de Vida? Como Saber se Tenho Direito aos Adicionais de Insalubridade ou Periculosidade (e o Valor)"}]},{"@type":"WebSite","@id":"https:\/\/carvalhoadvogado.aliamkt.com\/#website","url":"https:\/\/carvalhoadvogado.aliamkt.com\/","name":"Pedro Carvalho Advogado","description":"Advogado Trabalhista","publisher":{"@id":"https:\/\/carvalhoadvogado.aliamkt.com\/#organization"},"potentialAction":[{"@type":"SearchAction","target":{"@type":"EntryPoint","urlTemplate":"https:\/\/carvalhoadvogado.aliamkt.com\/?s={search_term_string}"},"query-input":{"@type":"PropertyValueSpecification","valueRequired":true,"valueName":"search_term_string"}}],"inLanguage":"pt-BR"},{"@type":"Organization","@id":"https:\/\/carvalhoadvogado.aliamkt.com\/#organization","name":"Pedro Carvalho Advogado","url":"https:\/\/carvalhoadvogado.aliamkt.com\/","logo":{"@type":"ImageObject","inLanguage":"pt-BR","@id":"https:\/\/carvalhoadvogado.aliamkt.com\/#\/schema\/logo\/image\/","url":"https:\/\/carvalhoadvogado.aliamkt.com\/wp-content\/uploads\/2024\/06\/Logo-azul.png","contentUrl":"https:\/\/carvalhoadvogado.aliamkt.com\/wp-content\/uploads\/2024\/06\/Logo-azul.png","width":500,"height":500,"caption":"Pedro Carvalho Advogado"},"image":{"@id":"https:\/\/carvalhoadvogado.aliamkt.com\/#\/schema\/logo\/image\/"}},{"@type":"Person","@id":"https:\/\/carvalhoadvogado.aliamkt.com\/#\/schema\/person\/8f4d67ba57d6160ee802836a319bd8eb","name":"lailacarvalhoadv","image":{"@type":"ImageObject","inLanguage":"pt-BR","@id":"https:\/\/secure.gravatar.com\/avatar\/a60961139a792fb5ca701fab485f653a1b3cc37cf8dbd4937b4134105caf5369?s=96&d=mm&r=g","url":"https:\/\/secure.gravatar.com\/avatar\/a60961139a792fb5ca701fab485f653a1b3cc37cf8dbd4937b4134105caf5369?s=96&d=mm&r=g","contentUrl":"https:\/\/secure.gravatar.com\/avatar\/a60961139a792fb5ca701fab485f653a1b3cc37cf8dbd4937b4134105caf5369?s=96&d=mm&r=g","caption":"lailacarvalhoadv"},"sameAs":["https:\/\/carvalhoadvogado.aliamkt.com"],"url":"https:\/\/carvalhoadvogado.aliamkt.com\/index.php\/author\/lailacarvalhoadv\/"}]}},"_links":{"self":[{"href":"https:\/\/carvalhoadvogado.aliamkt.com\/index.php\/wp-json\/wp\/v2\/posts\/1452","targetHints":{"allow":["GET"]}}],"collection":[{"href":"https:\/\/carvalhoadvogado.aliamkt.com\/index.php\/wp-json\/wp\/v2\/posts"}],"about":[{"href":"https:\/\/carvalhoadvogado.aliamkt.com\/index.php\/wp-json\/wp\/v2\/types\/post"}],"author":[{"embeddable":true,"href":"https:\/\/carvalhoadvogado.aliamkt.com\/index.php\/wp-json\/wp\/v2\/users\/1"}],"replies":[{"embeddable":true,"href":"https:\/\/carvalhoadvogado.aliamkt.com\/index.php\/wp-json\/wp\/v2\/comments?post=1452"}],"version-history":[{"count":2,"href":"https:\/\/carvalhoadvogado.aliamkt.com\/index.php\/wp-json\/wp\/v2\/posts\/1452\/revisions"}],"predecessor-version":[{"id":1534,"href":"https:\/\/carvalhoadvogado.aliamkt.com\/index.php\/wp-json\/wp\/v2\/posts\/1452\/revisions\/1534"}],"wp:featuredmedia":[{"embeddable":true,"href":"https:\/\/carvalhoadvogado.aliamkt.com\/index.php\/wp-json\/wp\/v2\/media\/1453"}],"wp:attachment":[{"href":"https:\/\/carvalhoadvogado.aliamkt.com\/index.php\/wp-json\/wp\/v2\/media?parent=1452"}],"wp:term":[{"taxonomy":"category","embeddable":true,"href":"https:\/\/carvalhoadvogado.aliamkt.com\/index.php\/wp-json\/wp\/v2\/categories?post=1452"},{"taxonomy":"post_tag","embeddable":true,"href":"https:\/\/carvalhoadvogado.aliamkt.com\/index.php\/wp-json\/wp\/v2\/tags?post=1452"}],"curies":[{"name":"wp","href":"https:\/\/api.w.org\/{rel}","templated":true}]}}