{"id":1455,"date":"2025-11-20T16:24:59","date_gmt":"2025-11-20T19:24:59","guid":{"rendered":"https:\/\/carvalhoadvogado.aliamkt.com\/?p=1455"},"modified":"2025-12-15T15:58:47","modified_gmt":"2025-12-15T18:58:47","slug":"nao-recebeu-13o-salario","status":"publish","type":"post","link":"https:\/\/carvalhoadvogado.aliamkt.com\/index.php\/2025\/11\/20\/nao-recebeu-13o-salario\/","title":{"rendered":"13\u00ba Sal\u00e1rio: Quem Tem Direito, Como Calcular e O Que Fazer se a Empresa N\u00e3o Pagar"},"content":{"rendered":"<p><span style=\"font-weight: 400;\">O <\/span><b>13\u00ba sal\u00e1rio<\/b><span style=\"font-weight: 400;\"> \u00e9 um direito essencial, mas ele ainda causa muitas d\u00favidas. Muitas empresas atrasam, pagam errado ou deixam de considerar verbas importantes no c\u00e1lculo. Este guia foi criado para explicar tudo sobre o <\/span><b>d\u00e9cimo terceiro<\/b><span style=\"font-weight: 400;\"> e orientar trabalhadores que precisam de apoio jur\u00eddico em Contagem\/MG.<\/span><\/p>\n<h1><b>O que \u00e9 o 13\u00ba sal\u00e1rio e quem tem direito?<\/b><\/h1>\n<p><span style=\"font-weight: 400;\">O <\/span><b>d\u00e9cimo terceiro<\/b><span style=\"font-weight: 400;\"> \u00e9 uma gratifica\u00e7\u00e3o anual paga com base no sal\u00e1rio de dezembro.<\/span><\/p>\n<p><b>T\u00eam direito ao 13\u00ba sal\u00e1rio:<\/b><\/p>\n<ul>\n<li style=\"font-weight: 400;\" aria-level=\"1\"><span style=\"font-weight: 400;\">trabalhador <\/span><b>CLT<\/b>&nbsp;<\/li>\n<li style=\"font-weight: 400;\" aria-level=\"1\"><b>empregada dom\u00e9stica<\/b>&nbsp;<\/li>\n<li style=\"font-weight: 400;\" aria-level=\"1\"><b>aprendiz<\/b>&nbsp;<\/li>\n<li style=\"font-weight: 400;\" aria-level=\"1\"><span style=\"font-weight: 400;\">contrato <\/span><b>tempor\u00e1rio<\/b>&nbsp;<\/li>\n<li style=\"font-weight: 400;\" aria-level=\"1\"><span style=\"font-weight: 400;\">contrato <\/span><b>intermitente<\/b>&nbsp;<\/li>\n<li style=\"font-weight: 400;\" aria-level=\"1\"><b>gestante<\/b>&nbsp;<\/li>\n<li style=\"font-weight: 400;\" aria-level=\"1\"><span style=\"font-weight: 400;\">quem recebe <\/span><b>aux\u00edlio-maternidade<\/b>&nbsp;<\/li>\n<li style=\"font-weight: 400;\" aria-level=\"1\"><span style=\"font-weight: 400;\">afastado por <\/span><b>acidente de trabalho<\/b>&nbsp;<\/li>\n<\/ul>\n<p><b>N\u00e3o t\u00eam direito:<\/b><\/p>\n<ul>\n<li style=\"font-weight: 400;\" aria-level=\"1\"><b>estagi\u00e1rio<\/b>&nbsp;<\/li>\n<li style=\"font-weight: 400;\" aria-level=\"1\"><b>aut\u00f4nomo<\/b>&nbsp;<\/li>\n<li style=\"font-weight: 400;\" aria-level=\"1\"><b>MEI<\/b><span style=\"font-weight: 400;\"> sem v\u00ednculo empregat\u00edcio<\/span>&nbsp;<\/li>\n<\/ul>\n<h1><b>Quando o 13\u00ba sal\u00e1rio deve ser pago?<\/b><\/h1>\n<h3><b>1\u00aa parcela:<\/b><\/h3>\n<p><span style=\"font-weight: 400;\">Entre 1\u00ba de fevereiro e 30 de novembro.<\/span><\/p>\n<h3><b>2\u00aa parcela:<\/b><\/h3>\n<p><span style=\"font-weight: 400;\">At\u00e9 20 de dezembro.<\/span><\/p>\n<p><span style=\"font-weight: 400;\">Atrasos podem gerar <\/span><b>multa<\/b><span style=\"font-weight: 400;\">, <\/span><b>juros<\/b><span style=\"font-weight: 400;\"> e a\u00e7\u00e3o judicial.<\/span><\/p>\n<h1><b>Como calcular o 13\u00ba sal\u00e1rio?<\/b><\/h1>\n<p><b>Sal\u00e1rio \u00f7 12 \u00d7 meses trabalhados<\/b><\/p>\n<p><span style=\"font-weight: 400;\">\u00c9 necess\u00e1rio ter ao menos <\/span><b>15 dias trabalhados<\/b><span style=\"font-weight: 400;\"> no m\u00eas para contar como m\u00eas integral.<\/span><\/p>\n<h1><b>O que entra no c\u00e1lculo do 13\u00ba sal\u00e1rio?<\/b><\/h1>\n<p><span style=\"font-weight: 400;\">Entram:<\/span><\/p>\n<ul>\n<li style=\"font-weight: 400;\" aria-level=\"1\"><b>sal\u00e1rio base<\/b>&nbsp;<\/li>\n<li style=\"font-weight: 400;\" aria-level=\"1\"><b>horas extras<\/b>&nbsp;<\/li>\n<li style=\"font-weight: 400;\" aria-level=\"1\"><b>comiss\u00f5es<\/b>&nbsp;<\/li>\n<li style=\"font-weight: 400;\" aria-level=\"1\"><span style=\"font-weight: 400;\">adicional <\/span><b>noturno<\/b>&nbsp;<\/li>\n<li style=\"font-weight: 400;\" aria-level=\"1\"><b>insalubridade<\/b>&nbsp;<\/li>\n<li style=\"font-weight: 400;\" aria-level=\"1\"><b>periculosidade<\/b>&nbsp;<\/li>\n<\/ul>\n<p><span style=\"font-weight: 400;\">N\u00e3o entram:<\/span><\/p>\n<ul>\n<li style=\"font-weight: 400;\" aria-level=\"1\"><b>vale-transporte<\/b>&nbsp;<\/li>\n<li style=\"font-weight: 400;\" aria-level=\"1\"><b>vale-refei\u00e7\u00e3o<\/b>&nbsp;<\/li>\n<\/ul>\n<h1><b>Descontos no 13\u00ba sal\u00e1rio<\/b><\/h1>\n<ul>\n<li style=\"font-weight: 400;\" aria-level=\"1\"><span style=\"font-weight: 400;\">1\u00aa parcela: sem descontos<\/span>&nbsp;<\/li>\n<li style=\"font-weight: 400;\" aria-level=\"1\"><span style=\"font-weight: 400;\">2\u00aa parcela: <\/span><b>INSS<\/b><span style=\"font-weight: 400;\"> e <\/span><b>IRRF<\/b>&nbsp;<\/li>\n<\/ul>\n<p><span style=\"font-weight: 400;\">O <\/span><b>FGTS<\/b><span style=\"font-weight: 400;\"> n\u00e3o \u00e9 descontado, mas \u00e9 depositado pela empresa.<\/span><\/p>\n<h1><b>Quem trabalhou pouco tempo recebe 13\u00ba proporcional?<\/b><\/h1>\n<p><span style=\"font-weight: 400;\">Sim. Cada m\u00eas com pelo menos <\/span><b>15 dias<\/b><span style=\"font-weight: 400;\"> gera <\/span><b>1\/12 avos<\/b><span style=\"font-weight: 400;\"> do valor.<\/span><\/p>\n<h1><b>Demiss\u00e3o: recebo 13\u00ba sal\u00e1rio?<\/b><\/h1>\n<ul>\n<li style=\"font-weight: 400;\" aria-level=\"1\"><b>sem justa causa<\/b><span style=\"font-weight: 400;\"> \u2192 recebe<\/span>&nbsp;<\/li>\n<li style=\"font-weight: 400;\" aria-level=\"1\"><b>pedido de demiss\u00e3o<\/b><span style=\"font-weight: 400;\"> \u2192 recebe<\/span>&nbsp;<\/li>\n<li style=\"font-weight: 400;\" aria-level=\"1\"><b>acordo 484-A<\/b><span style=\"font-weight: 400;\"> \u2192 recebe<\/span>&nbsp;<\/li>\n<li style=\"font-weight: 400;\" aria-level=\"1\"><b>justa causa<\/b><span style=\"font-weight: 400;\"> \u2192 n\u00e3o recebe<\/span>&nbsp;<\/li>\n<\/ul>\n<h1><b>Gestante recebe 13\u00ba sal\u00e1rio?<\/b><\/h1>\n<p><span style=\"font-weight: 400;\">Sim. O <\/span><b>INSS<\/b><span style=\"font-weight: 400;\"> paga a licen\u00e7a e o per\u00edodo conta no c\u00e1lculo do <\/span><b>d\u00e9cimo terceiro<\/b><span style=\"font-weight: 400;\">.<\/span><\/p>\n<h1><b>Afastamento pelo INSS d\u00e1 direito ao 13\u00ba sal\u00e1rio?<\/b><\/h1>\n<ul>\n<li style=\"font-weight: 400;\" aria-level=\"1\"><b>acidente de trabalho<\/b><span style=\"font-weight: 400;\"> \u2192 recebe normalmente<\/span>&nbsp;<\/li>\n<li style=\"font-weight: 400;\" aria-level=\"1\"><b>aux\u00edlio-doen\u00e7a<\/b><span style=\"font-weight: 400;\"> \u2192 recebe proporcional do INSS<\/span>&nbsp;<\/li>\n<\/ul>\n<h1><b>Aposentados e pensionistas recebem 13\u00ba sal\u00e1rio?<\/b><\/h1>\n<p><span style=\"font-weight: 400;\">Sim. O <\/span><b>INSS<\/b><span style=\"font-weight: 400;\"> paga em duas parcelas.<\/span><\/p>\n<h1><b>Diarista e dom\u00e9stica t\u00eam Direito ao 13\u00ba sal\u00e1rio?<\/b><\/h1>\n<ul>\n<li style=\"font-weight: 400;\" aria-level=\"1\"><b>empregada dom\u00e9stica registrada<\/b><span style=\"font-weight: 400;\"> \u2192 tem direito<\/span>&nbsp;<\/li>\n<li style=\"font-weight: 400;\" aria-level=\"1\"><span style=\"font-weight: 400;\">diarista eventual \u2192 n\u00e3o tem direito<\/span>&nbsp;<\/li>\n<\/ul>\n<h1><b>Mudan\u00e7a de emprego: quem paga o 13\u00ba sal\u00e1rio?<\/b><\/h1>\n<p><span style=\"font-weight: 400;\">Cada empresa paga o <\/span><b>13\u00ba proporcional<\/b><span style=\"font-weight: 400;\"> ao per\u00edodo trabalhado.<\/span><\/p>\n<h1><b>Empresa atrasou ou n\u00e3o pagou o 13\u00ba sal\u00e1rio: o que fazer?<\/b><\/h1>\n<p><span style=\"font-weight: 400;\">Se houve:<\/span><\/p>\n<ul>\n<li style=\"font-weight: 400;\" aria-level=\"1\"><span style=\"font-weight: 400;\">atraso<\/span>&nbsp;<\/li>\n<li style=\"font-weight: 400;\" aria-level=\"1\"><span style=\"font-weight: 400;\">pagamento menor<\/span>&nbsp;<\/li>\n<li style=\"font-weight: 400;\" aria-level=\"1\"><span style=\"font-weight: 400;\">exclus\u00e3o de <\/span><b>horas extras<\/b>&nbsp;<\/li>\n<li style=\"font-weight: 400;\" aria-level=\"1\"><span style=\"font-weight: 400;\">omiss\u00e3o de <\/span><b>adicionais<\/b>&nbsp;<\/li>\n<li style=\"font-weight: 400;\" aria-level=\"1\"><span style=\"font-weight: 400;\">erro no <\/span><b>13\u00ba proporcional<\/b>&nbsp;<\/li>\n<\/ul>\n<p><span style=\"font-weight: 400;\">Voc\u00ea pode exigir o pagamento correto.<\/span><\/p>\n<p><span style=\"font-weight: 400;\">\u00c9 poss\u00edvel cobrar:<\/span><\/p>\n<ul>\n<li style=\"font-weight: 400;\" aria-level=\"1\"><span style=\"font-weight: 400;\">diferen\u00e7as do <\/span><b>13\u00ba sal\u00e1rio<\/b>&nbsp;<\/li>\n<li style=\"font-weight: 400;\" aria-level=\"1\"><b>multa<\/b>&nbsp;<\/li>\n<li style=\"font-weight: 400;\" aria-level=\"1\"><b>corre\u00e7\u00e3o monet\u00e1ria<\/b>&nbsp;<\/li>\n<li style=\"font-weight: 400;\" aria-level=\"1\"><b>honor\u00e1rios pagos pela empresa<\/b>&nbsp;<\/li>\n<\/ul>\n<h1><b>Quando procurar um advogado trabalhista em Contagem?<\/b><\/h1>\n<p><span style=\"font-weight: 400;\">Procure ajuda se:<\/span><\/p>\n<ul>\n<li style=\"font-weight: 400;\" aria-level=\"1\"><span style=\"font-weight: 400;\">n\u00e3o recebeu o <\/span><b>13\u00ba sal\u00e1rio<\/b>&nbsp;<\/li>\n<li style=\"font-weight: 400;\" aria-level=\"1\"><span style=\"font-weight: 400;\">o valor veio errado<\/span>&nbsp;<\/li>\n<li style=\"font-weight: 400;\" aria-level=\"1\"><span style=\"font-weight: 400;\">houve erro no <\/span><b>13\u00ba proporcional<\/b>&nbsp;<\/li>\n<li style=\"font-weight: 400;\" aria-level=\"1\"><span style=\"font-weight: 400;\">a empresa se recusa a pagar<\/span>&nbsp;<\/li>\n<li style=\"font-weight: 400;\" aria-level=\"1\"><span style=\"font-weight: 400;\">existem outras irregularidades como <\/span><b>FGTS<\/b><span style=\"font-weight: 400;\">, <\/span><b>f\u00e9rias<\/b><span style=\"font-weight: 400;\"> ou <\/span><b>horas extras<\/b>&nbsp;<\/li>\n<\/ul>\n<p><a href=\"https:\/\/api.whatsapp.com\/send\/?phone=5531975283687&amp;text&amp;type=phone_number&amp;app_absent=0\"><span style=\"font-weight: 400;\">\u00a0<\/span><b>Clique aqui para falar com um advogado trabalhista em Contagem.<\/b><\/a><\/p>\n<h1><b>Conclus\u00e3o<\/b><\/h1>\n<p><span style=\"font-weight: 400;\">O <\/span><b>13\u00ba sal\u00e1rio<\/b><span style=\"font-weight: 400;\"> \u00e9 um direito garantido. Por\u00e9m, erros e atrasos s\u00e3o comuns. Se voc\u00ea trabalha em Contagem\/MG e identificou qualquer irregularidade, um <\/span><b>advogado trabalhista em Contagem<\/b><span style=\"font-weight: 400;\"> pode analisar e orientar rapidamente<\/span><\/p>\n<p>&nbsp;<\/p>\n<p><span style=\"font-weight: 400;\">Leia tamb\u00e9m o seguinte artigo: <\/span><a href=\"https:\/\/carvalhoadvogado.aliamkt.com\/index.php\/2025\/10\/28\/rescisao-indireta-por-falta-de-pagamento-de-beneficios-entenda-seus-direitos\/\"><span style=\"font-weight: 400;\">Rescis\u00e3o Indireta por Falta de Pagamento de Benef\u00edcios: Entenda Seus Direitos<\/span><\/a><\/p>\n<p>&nbsp;<\/p>\n<p><a href=\"https:\/\/wa.me\/5531975283687\"><b>Entre em contato agora com um advogado trabalhista e saiba como garantir o que \u00e9 seu por lei!<\/b><\/a><\/p>\n<p><b>Fale com o Dr. Pedro Carvalho!<\/b><\/p>\n<p><b>Clique no bot\u00e3o abaixo e obtenha a orienta\u00e7\u00e3o jur\u00eddica que voc\u00ea precisa para resolver suas quest\u00f5es com seguran\u00e7a e confian\u00e7a.\u00a0<\/b><\/p>\n<p><a href=\"https:\/\/wa.me\/5531975283687\"><b>Fale comigo agora mesmo<\/b><\/a><\/p>\n<p><b>Siga-nos na rede social, @pedroncarvalhoadv, e fique por dentro das \u00faltimas novidades!<\/b><\/p>\n","protected":false},"excerpt":{"rendered":"<p>O 13\u00ba sal\u00e1rio \u00e9 um direito essencial, mas ele ainda causa muitas d\u00favidas. Muitas empresas atrasam, pagam errado ou deixam de considerar verbas importantes no c\u00e1lculo. Este guia foi criado para explicar tudo sobre o d\u00e9cimo terceiro e orientar trabalhadores que precisam de apoio jur\u00eddico em Contagem\/MG. O que \u00e9 o 13\u00ba sal\u00e1rio e quem [&hellip;]<\/p>\n","protected":false},"author":1,"featured_media":1456,"comment_status":"open","ping_status":"open","sticky":false,"template":"","format":"standard","meta":{"_joinchat":[],"footnotes":""},"categories":[6],"tags":[],"class_list":["post-1455","post","type-post","status-publish","format-standard","has-post-thumbnail","hentry","category-direito-trabalhista"],"yoast_head":"<!-- This site is optimized with the Yoast SEO plugin v27.5 - https:\/\/yoast.com\/product\/yoast-seo-wordpress\/ -->\n<title>N\u00e3o Recebeu 13\u00ba Sal\u00e1rio? Veja Seus Direitos<\/title>\n<meta name=\"description\" content=\"N\u00e3o recebeu 13\u00ba sal\u00e1rio? Saiba quem tem direito, prazos de pagamento, c\u00e1lculo correto e quando procurar um advogado trabalhista em Contagem.\" \/>\n<meta name=\"robots\" content=\"index, follow, max-snippet:-1, max-image-preview:large, max-video-preview:-1\" \/>\n<link rel=\"canonical\" href=\"https:\/\/carvalhoadvogado.aliamkt.com\/index.php\/2025\/11\/20\/nao-recebeu-13o-salario\/\" \/>\n<meta property=\"og:locale\" content=\"pt_BR\" \/>\n<meta property=\"og:type\" content=\"article\" \/>\n<meta property=\"og:title\" content=\"N\u00e3o Recebeu 13\u00ba Sal\u00e1rio? Veja Seus Direitos\" \/>\n<meta property=\"og:description\" content=\"N\u00e3o recebeu 13\u00ba sal\u00e1rio? Saiba quem tem direito, prazos de pagamento, c\u00e1lculo correto e quando procurar um advogado trabalhista em Contagem.\" \/>\n<meta property=\"og:url\" content=\"https:\/\/carvalhoadvogado.aliamkt.com\/index.php\/2025\/11\/20\/nao-recebeu-13o-salario\/\" \/>\n<meta property=\"og:site_name\" content=\"Pedro Carvalho Advogado Trabalhista\" \/>\n<meta property=\"article:published_time\" content=\"2025-11-20T19:24:59+00:00\" \/>\n<meta property=\"article:modified_time\" content=\"2025-12-15T18:58:47+00:00\" \/>\n<meta property=\"og:image\" content=\"https:\/\/carvalhoadvogado.aliamkt.com\/wp-content\/uploads\/2025\/11\/advogacia-trabalhista-em-contagem.jpg\" \/>\n\t<meta property=\"og:image:width\" content=\"626\" \/>\n\t<meta property=\"og:image:height\" content=\"417\" \/>\n\t<meta property=\"og:image:type\" content=\"image\/jpeg\" \/>\n<meta name=\"author\" content=\"lailacarvalhoadv\" \/>\n<meta name=\"twitter:card\" content=\"summary_large_image\" \/>\n<meta name=\"twitter:label1\" content=\"Escrito por\" \/>\n\t<meta name=\"twitter:data1\" content=\"lailacarvalhoadv\" \/>\n\t<meta name=\"twitter:label2\" content=\"Est. tempo de leitura\" \/>\n\t<meta name=\"twitter:data2\" content=\"4 minutos\" \/>\n<script type=\"application\/ld+json\" class=\"yoast-schema-graph\">{\"@context\":\"https:\\\/\\\/schema.org\",\"@graph\":[{\"@type\":\"Article\",\"@id\":\"https:\\\/\\\/carvalhoadvogado.aliamkt.com\\\/index.php\\\/2025\\\/11\\\/20\\\/nao-recebeu-13o-salario\\\/#article\",\"isPartOf\":{\"@id\":\"https:\\\/\\\/carvalhoadvogado.aliamkt.com\\\/index.php\\\/2025\\\/11\\\/20\\\/nao-recebeu-13o-salario\\\/\"},\"author\":{\"name\":\"lailacarvalhoadv\",\"@id\":\"https:\\\/\\\/carvalhoadvogado.aliamkt.com\\\/#\\\/schema\\\/person\\\/8f4d67ba57d6160ee802836a319bd8eb\"},\"headline\":\"13\u00ba Sal\u00e1rio: Quem Tem Direito, Como Calcular e O Que Fazer se a Empresa N\u00e3o Pagar\",\"datePublished\":\"2025-11-20T19:24:59+00:00\",\"dateModified\":\"2025-12-15T18:58:47+00:00\",\"mainEntityOfPage\":{\"@id\":\"https:\\\/\\\/carvalhoadvogado.aliamkt.com\\\/index.php\\\/2025\\\/11\\\/20\\\/nao-recebeu-13o-salario\\\/\"},\"wordCount\":638,\"commentCount\":0,\"publisher\":{\"@id\":\"https:\\\/\\\/carvalhoadvogado.aliamkt.com\\\/#organization\"},\"image\":{\"@id\":\"https:\\\/\\\/carvalhoadvogado.aliamkt.com\\\/index.php\\\/2025\\\/11\\\/20\\\/nao-recebeu-13o-salario\\\/#primaryimage\"},\"thumbnailUrl\":\"https:\\\/\\\/carvalhoadvogado.aliamkt.com\\\/wp-content\\\/uploads\\\/2025\\\/11\\\/advogacia-trabalhista-em-contagem.jpg\",\"articleSection\":[\"Direito Trabalhista\"],\"inLanguage\":\"pt-BR\",\"potentialAction\":[{\"@type\":\"CommentAction\",\"name\":\"Comment\",\"target\":[\"https:\\\/\\\/carvalhoadvogado.aliamkt.com\\\/index.php\\\/2025\\\/11\\\/20\\\/nao-recebeu-13o-salario\\\/#respond\"]}]},{\"@type\":\"WebPage\",\"@id\":\"https:\\\/\\\/carvalhoadvogado.aliamkt.com\\\/index.php\\\/2025\\\/11\\\/20\\\/nao-recebeu-13o-salario\\\/\",\"url\":\"https:\\\/\\\/carvalhoadvogado.aliamkt.com\\\/index.php\\\/2025\\\/11\\\/20\\\/nao-recebeu-13o-salario\\\/\",\"name\":\"N\u00e3o Recebeu 13\u00ba Sal\u00e1rio? Veja Seus Direitos\",\"isPartOf\":{\"@id\":\"https:\\\/\\\/carvalhoadvogado.aliamkt.com\\\/#website\"},\"primaryImageOfPage\":{\"@id\":\"https:\\\/\\\/carvalhoadvogado.aliamkt.com\\\/index.php\\\/2025\\\/11\\\/20\\\/nao-recebeu-13o-salario\\\/#primaryimage\"},\"image\":{\"@id\":\"https:\\\/\\\/carvalhoadvogado.aliamkt.com\\\/index.php\\\/2025\\\/11\\\/20\\\/nao-recebeu-13o-salario\\\/#primaryimage\"},\"thumbnailUrl\":\"https:\\\/\\\/carvalhoadvogado.aliamkt.com\\\/wp-content\\\/uploads\\\/2025\\\/11\\\/advogacia-trabalhista-em-contagem.jpg\",\"datePublished\":\"2025-11-20T19:24:59+00:00\",\"dateModified\":\"2025-12-15T18:58:47+00:00\",\"description\":\"N\u00e3o recebeu 13\u00ba sal\u00e1rio? Saiba quem tem direito, prazos de pagamento, c\u00e1lculo correto e quando procurar um advogado trabalhista em Contagem.\",\"breadcrumb\":{\"@id\":\"https:\\\/\\\/carvalhoadvogado.aliamkt.com\\\/index.php\\\/2025\\\/11\\\/20\\\/nao-recebeu-13o-salario\\\/#breadcrumb\"},\"inLanguage\":\"pt-BR\",\"potentialAction\":[{\"@type\":\"ReadAction\",\"target\":[\"https:\\\/\\\/carvalhoadvogado.aliamkt.com\\\/index.php\\\/2025\\\/11\\\/20\\\/nao-recebeu-13o-salario\\\/\"]}]},{\"@type\":\"ImageObject\",\"inLanguage\":\"pt-BR\",\"@id\":\"https:\\\/\\\/carvalhoadvogado.aliamkt.com\\\/index.php\\\/2025\\\/11\\\/20\\\/nao-recebeu-13o-salario\\\/#primaryimage\",\"url\":\"https:\\\/\\\/carvalhoadvogado.aliamkt.com\\\/wp-content\\\/uploads\\\/2025\\\/11\\\/advogacia-trabalhista-em-contagem.jpg\",\"contentUrl\":\"https:\\\/\\\/carvalhoadvogado.aliamkt.com\\\/wp-content\\\/uploads\\\/2025\\\/11\\\/advogacia-trabalhista-em-contagem.jpg\",\"width\":626,\"height\":417},{\"@type\":\"BreadcrumbList\",\"@id\":\"https:\\\/\\\/carvalhoadvogado.aliamkt.com\\\/index.php\\\/2025\\\/11\\\/20\\\/nao-recebeu-13o-salario\\\/#breadcrumb\",\"itemListElement\":[{\"@type\":\"ListItem\",\"position\":1,\"name\":\"In\u00edcio\",\"item\":\"https:\\\/\\\/carvalhoadvogado.aliamkt.com\\\/\"},{\"@type\":\"ListItem\",\"position\":2,\"name\":\"13\u00ba Sal\u00e1rio: Quem Tem Direito, Como Calcular e O Que Fazer se a Empresa N\u00e3o Pagar\"}]},{\"@type\":\"WebSite\",\"@id\":\"https:\\\/\\\/carvalhoadvogado.aliamkt.com\\\/#website\",\"url\":\"https:\\\/\\\/carvalhoadvogado.aliamkt.com\\\/\",\"name\":\"Pedro Carvalho Advogado\",\"description\":\"Advogado Trabalhista\",\"publisher\":{\"@id\":\"https:\\\/\\\/carvalhoadvogado.aliamkt.com\\\/#organization\"},\"potentialAction\":[{\"@type\":\"SearchAction\",\"target\":{\"@type\":\"EntryPoint\",\"urlTemplate\":\"https:\\\/\\\/carvalhoadvogado.aliamkt.com\\\/?s={search_term_string}\"},\"query-input\":{\"@type\":\"PropertyValueSpecification\",\"valueRequired\":true,\"valueName\":\"search_term_string\"}}],\"inLanguage\":\"pt-BR\"},{\"@type\":\"Organization\",\"@id\":\"https:\\\/\\\/carvalhoadvogado.aliamkt.com\\\/#organization\",\"name\":\"Pedro Carvalho Advogado\",\"url\":\"https:\\\/\\\/carvalhoadvogado.aliamkt.com\\\/\",\"logo\":{\"@type\":\"ImageObject\",\"inLanguage\":\"pt-BR\",\"@id\":\"https:\\\/\\\/carvalhoadvogado.aliamkt.com\\\/#\\\/schema\\\/logo\\\/image\\\/\",\"url\":\"https:\\\/\\\/carvalhoadvogado.aliamkt.com\\\/wp-content\\\/uploads\\\/2024\\\/06\\\/Logo-azul.png\",\"contentUrl\":\"https:\\\/\\\/carvalhoadvogado.aliamkt.com\\\/wp-content\\\/uploads\\\/2024\\\/06\\\/Logo-azul.png\",\"width\":500,\"height\":500,\"caption\":\"Pedro Carvalho Advogado\"},\"image\":{\"@id\":\"https:\\\/\\\/carvalhoadvogado.aliamkt.com\\\/#\\\/schema\\\/logo\\\/image\\\/\"}},{\"@type\":\"Person\",\"@id\":\"https:\\\/\\\/carvalhoadvogado.aliamkt.com\\\/#\\\/schema\\\/person\\\/8f4d67ba57d6160ee802836a319bd8eb\",\"name\":\"lailacarvalhoadv\",\"image\":{\"@type\":\"ImageObject\",\"inLanguage\":\"pt-BR\",\"@id\":\"https:\\\/\\\/secure.gravatar.com\\\/avatar\\\/a60961139a792fb5ca701fab485f653a1b3cc37cf8dbd4937b4134105caf5369?s=96&d=mm&r=g\",\"url\":\"https:\\\/\\\/secure.gravatar.com\\\/avatar\\\/a60961139a792fb5ca701fab485f653a1b3cc37cf8dbd4937b4134105caf5369?s=96&d=mm&r=g\",\"contentUrl\":\"https:\\\/\\\/secure.gravatar.com\\\/avatar\\\/a60961139a792fb5ca701fab485f653a1b3cc37cf8dbd4937b4134105caf5369?s=96&d=mm&r=g\",\"caption\":\"lailacarvalhoadv\"},\"sameAs\":[\"https:\\\/\\\/carvalhoadvogado.aliamkt.com\"],\"url\":\"https:\\\/\\\/carvalhoadvogado.aliamkt.com\\\/index.php\\\/author\\\/lailacarvalhoadv\\\/\"}]}<\/script>\n<!-- \/ Yoast SEO plugin. -->","yoast_head_json":{"title":"N\u00e3o Recebeu 13\u00ba Sal\u00e1rio? Veja Seus Direitos","description":"N\u00e3o recebeu 13\u00ba sal\u00e1rio? Saiba quem tem direito, prazos de pagamento, c\u00e1lculo correto e quando procurar um advogado trabalhista em Contagem.","robots":{"index":"index","follow":"follow","max-snippet":"max-snippet:-1","max-image-preview":"max-image-preview:large","max-video-preview":"max-video-preview:-1"},"canonical":"https:\/\/carvalhoadvogado.aliamkt.com\/index.php\/2025\/11\/20\/nao-recebeu-13o-salario\/","og_locale":"pt_BR","og_type":"article","og_title":"N\u00e3o Recebeu 13\u00ba Sal\u00e1rio? Veja Seus Direitos","og_description":"N\u00e3o recebeu 13\u00ba sal\u00e1rio? Saiba quem tem direito, prazos de pagamento, c\u00e1lculo correto e quando procurar um advogado trabalhista em Contagem.","og_url":"https:\/\/carvalhoadvogado.aliamkt.com\/index.php\/2025\/11\/20\/nao-recebeu-13o-salario\/","og_site_name":"Pedro Carvalho Advogado Trabalhista","article_published_time":"2025-11-20T19:24:59+00:00","article_modified_time":"2025-12-15T18:58:47+00:00","og_image":[{"width":626,"height":417,"url":"https:\/\/carvalhoadvogado.aliamkt.com\/wp-content\/uploads\/2025\/11\/advogacia-trabalhista-em-contagem.jpg","type":"image\/jpeg"}],"author":"lailacarvalhoadv","twitter_card":"summary_large_image","twitter_misc":{"Escrito por":"lailacarvalhoadv","Est. tempo de leitura":"4 minutos"},"schema":{"@context":"https:\/\/schema.org","@graph":[{"@type":"Article","@id":"https:\/\/carvalhoadvogado.aliamkt.com\/index.php\/2025\/11\/20\/nao-recebeu-13o-salario\/#article","isPartOf":{"@id":"https:\/\/carvalhoadvogado.aliamkt.com\/index.php\/2025\/11\/20\/nao-recebeu-13o-salario\/"},"author":{"name":"lailacarvalhoadv","@id":"https:\/\/carvalhoadvogado.aliamkt.com\/#\/schema\/person\/8f4d67ba57d6160ee802836a319bd8eb"},"headline":"13\u00ba Sal\u00e1rio: Quem Tem Direito, Como Calcular e O Que Fazer se a Empresa N\u00e3o Pagar","datePublished":"2025-11-20T19:24:59+00:00","dateModified":"2025-12-15T18:58:47+00:00","mainEntityOfPage":{"@id":"https:\/\/carvalhoadvogado.aliamkt.com\/index.php\/2025\/11\/20\/nao-recebeu-13o-salario\/"},"wordCount":638,"commentCount":0,"publisher":{"@id":"https:\/\/carvalhoadvogado.aliamkt.com\/#organization"},"image":{"@id":"https:\/\/carvalhoadvogado.aliamkt.com\/index.php\/2025\/11\/20\/nao-recebeu-13o-salario\/#primaryimage"},"thumbnailUrl":"https:\/\/carvalhoadvogado.aliamkt.com\/wp-content\/uploads\/2025\/11\/advogacia-trabalhista-em-contagem.jpg","articleSection":["Direito Trabalhista"],"inLanguage":"pt-BR","potentialAction":[{"@type":"CommentAction","name":"Comment","target":["https:\/\/carvalhoadvogado.aliamkt.com\/index.php\/2025\/11\/20\/nao-recebeu-13o-salario\/#respond"]}]},{"@type":"WebPage","@id":"https:\/\/carvalhoadvogado.aliamkt.com\/index.php\/2025\/11\/20\/nao-recebeu-13o-salario\/","url":"https:\/\/carvalhoadvogado.aliamkt.com\/index.php\/2025\/11\/20\/nao-recebeu-13o-salario\/","name":"N\u00e3o Recebeu 13\u00ba Sal\u00e1rio? Veja Seus Direitos","isPartOf":{"@id":"https:\/\/carvalhoadvogado.aliamkt.com\/#website"},"primaryImageOfPage":{"@id":"https:\/\/carvalhoadvogado.aliamkt.com\/index.php\/2025\/11\/20\/nao-recebeu-13o-salario\/#primaryimage"},"image":{"@id":"https:\/\/carvalhoadvogado.aliamkt.com\/index.php\/2025\/11\/20\/nao-recebeu-13o-salario\/#primaryimage"},"thumbnailUrl":"https:\/\/carvalhoadvogado.aliamkt.com\/wp-content\/uploads\/2025\/11\/advogacia-trabalhista-em-contagem.jpg","datePublished":"2025-11-20T19:24:59+00:00","dateModified":"2025-12-15T18:58:47+00:00","description":"N\u00e3o recebeu 13\u00ba sal\u00e1rio? Saiba quem tem direito, prazos de pagamento, c\u00e1lculo correto e quando procurar um advogado trabalhista em Contagem.","breadcrumb":{"@id":"https:\/\/carvalhoadvogado.aliamkt.com\/index.php\/2025\/11\/20\/nao-recebeu-13o-salario\/#breadcrumb"},"inLanguage":"pt-BR","potentialAction":[{"@type":"ReadAction","target":["https:\/\/carvalhoadvogado.aliamkt.com\/index.php\/2025\/11\/20\/nao-recebeu-13o-salario\/"]}]},{"@type":"ImageObject","inLanguage":"pt-BR","@id":"https:\/\/carvalhoadvogado.aliamkt.com\/index.php\/2025\/11\/20\/nao-recebeu-13o-salario\/#primaryimage","url":"https:\/\/carvalhoadvogado.aliamkt.com\/wp-content\/uploads\/2025\/11\/advogacia-trabalhista-em-contagem.jpg","contentUrl":"https:\/\/carvalhoadvogado.aliamkt.com\/wp-content\/uploads\/2025\/11\/advogacia-trabalhista-em-contagem.jpg","width":626,"height":417},{"@type":"BreadcrumbList","@id":"https:\/\/carvalhoadvogado.aliamkt.com\/index.php\/2025\/11\/20\/nao-recebeu-13o-salario\/#breadcrumb","itemListElement":[{"@type":"ListItem","position":1,"name":"In\u00edcio","item":"https:\/\/carvalhoadvogado.aliamkt.com\/"},{"@type":"ListItem","position":2,"name":"13\u00ba Sal\u00e1rio: Quem Tem Direito, Como Calcular e O Que Fazer se a Empresa N\u00e3o Pagar"}]},{"@type":"WebSite","@id":"https:\/\/carvalhoadvogado.aliamkt.com\/#website","url":"https:\/\/carvalhoadvogado.aliamkt.com\/","name":"Pedro Carvalho Advogado","description":"Advogado Trabalhista","publisher":{"@id":"https:\/\/carvalhoadvogado.aliamkt.com\/#organization"},"potentialAction":[{"@type":"SearchAction","target":{"@type":"EntryPoint","urlTemplate":"https:\/\/carvalhoadvogado.aliamkt.com\/?s={search_term_string}"},"query-input":{"@type":"PropertyValueSpecification","valueRequired":true,"valueName":"search_term_string"}}],"inLanguage":"pt-BR"},{"@type":"Organization","@id":"https:\/\/carvalhoadvogado.aliamkt.com\/#organization","name":"Pedro Carvalho Advogado","url":"https:\/\/carvalhoadvogado.aliamkt.com\/","logo":{"@type":"ImageObject","inLanguage":"pt-BR","@id":"https:\/\/carvalhoadvogado.aliamkt.com\/#\/schema\/logo\/image\/","url":"https:\/\/carvalhoadvogado.aliamkt.com\/wp-content\/uploads\/2024\/06\/Logo-azul.png","contentUrl":"https:\/\/carvalhoadvogado.aliamkt.com\/wp-content\/uploads\/2024\/06\/Logo-azul.png","width":500,"height":500,"caption":"Pedro Carvalho Advogado"},"image":{"@id":"https:\/\/carvalhoadvogado.aliamkt.com\/#\/schema\/logo\/image\/"}},{"@type":"Person","@id":"https:\/\/carvalhoadvogado.aliamkt.com\/#\/schema\/person\/8f4d67ba57d6160ee802836a319bd8eb","name":"lailacarvalhoadv","image":{"@type":"ImageObject","inLanguage":"pt-BR","@id":"https:\/\/secure.gravatar.com\/avatar\/a60961139a792fb5ca701fab485f653a1b3cc37cf8dbd4937b4134105caf5369?s=96&d=mm&r=g","url":"https:\/\/secure.gravatar.com\/avatar\/a60961139a792fb5ca701fab485f653a1b3cc37cf8dbd4937b4134105caf5369?s=96&d=mm&r=g","contentUrl":"https:\/\/secure.gravatar.com\/avatar\/a60961139a792fb5ca701fab485f653a1b3cc37cf8dbd4937b4134105caf5369?s=96&d=mm&r=g","caption":"lailacarvalhoadv"},"sameAs":["https:\/\/carvalhoadvogado.aliamkt.com"],"url":"https:\/\/carvalhoadvogado.aliamkt.com\/index.php\/author\/lailacarvalhoadv\/"}]}},"_links":{"self":[{"href":"https:\/\/carvalhoadvogado.aliamkt.com\/index.php\/wp-json\/wp\/v2\/posts\/1455","targetHints":{"allow":["GET"]}}],"collection":[{"href":"https:\/\/carvalhoadvogado.aliamkt.com\/index.php\/wp-json\/wp\/v2\/posts"}],"about":[{"href":"https:\/\/carvalhoadvogado.aliamkt.com\/index.php\/wp-json\/wp\/v2\/types\/post"}],"author":[{"embeddable":true,"href":"https:\/\/carvalhoadvogado.aliamkt.com\/index.php\/wp-json\/wp\/v2\/users\/1"}],"replies":[{"embeddable":true,"href":"https:\/\/carvalhoadvogado.aliamkt.com\/index.php\/wp-json\/wp\/v2\/comments?post=1455"}],"version-history":[{"count":2,"href":"https:\/\/carvalhoadvogado.aliamkt.com\/index.php\/wp-json\/wp\/v2\/posts\/1455\/revisions"}],"predecessor-version":[{"id":1535,"href":"https:\/\/carvalhoadvogado.aliamkt.com\/index.php\/wp-json\/wp\/v2\/posts\/1455\/revisions\/1535"}],"wp:featuredmedia":[{"embeddable":true,"href":"https:\/\/carvalhoadvogado.aliamkt.com\/index.php\/wp-json\/wp\/v2\/media\/1456"}],"wp:attachment":[{"href":"https:\/\/carvalhoadvogado.aliamkt.com\/index.php\/wp-json\/wp\/v2\/media?parent=1455"}],"wp:term":[{"taxonomy":"category","embeddable":true,"href":"https:\/\/carvalhoadvogado.aliamkt.com\/index.php\/wp-json\/wp\/v2\/categories?post=1455"},{"taxonomy":"post_tag","embeddable":true,"href":"https:\/\/carvalhoadvogado.aliamkt.com\/index.php\/wp-json\/wp\/v2\/tags?post=1455"}],"curies":[{"name":"wp","href":"https:\/\/api.w.org\/{rel}","templated":true}]}}