{"id":1458,"date":"2025-11-21T10:00:50","date_gmt":"2025-11-21T13:00:50","guid":{"rendered":"https:\/\/carvalhoadvogado.aliamkt.com\/?p=1458"},"modified":"2025-11-21T10:00:50","modified_gmt":"2025-11-21T13:00:50","slug":"fui-demitido-sem-registro-como-receber-fgts-multa-de-40-e-ferias-vencidas","status":"publish","type":"post","link":"https:\/\/carvalhoadvogado.aliamkt.com\/index.php\/2025\/11\/21\/fui-demitido-sem-registro-como-receber-fgts-multa-de-40-e-ferias-vencidas\/","title":{"rendered":"Fui Demitido Sem Registro: Como Receber FGTS, Multa de 40% e F\u00e9rias Vencidas?\u00a0"},"content":{"rendered":"<h1><b>Introdu\u00e7\u00e3o \u2014 Voc\u00ea trabalhou sem Registro e foi demitido? Saiba Como Receber Tudo o Que \u00c9 Seu!<\/b><\/h1>\n<p>&nbsp;<\/p>\n<p><span style=\"font-weight: 400;\">Se voc\u00ea <\/span><b>trabalhou sem carteira assinada<\/b><span style=\"font-weight: 400;\"> e, de repente, foi <\/span><b>demitido sem nenhum pagamento<\/b><span style=\"font-weight: 400;\">, saiba que <\/span><b>a lei est\u00e1 do seu lado<\/b><span style=\"font-weight: 400;\">. Al\u00e9m disso, mesmo sem registro, voc\u00ea <\/span><b>tem direitos<\/b><span style=\"font-weight: 400;\">, e muitos deles garantem <\/span><b>valores altos<\/b><span style=\"font-weight: 400;\">, como FGTS + multa de 40%, f\u00e9rias vencidas, 13\u00ba sal\u00e1rio e at\u00e9 indeniza\u00e7\u00e3o.<\/span><\/p>\n<p><span style=\"font-weight: 400;\">Portanto, neste guia completo, voc\u00ea vai entender <\/span><b>o que fazer imediatamente<\/b><span style=\"font-weight: 400;\">, quais <\/span><b>provas podem confirmar o v\u00ednculo<\/b><span style=\"font-weight: 400;\">, como <\/span><b>entrar com a\u00e7\u00e3o trabalhista<\/b><span style=\"font-weight: 400;\"> e quanto, na pr\u00e1tica, voc\u00ea pode receber.<\/span><\/p>\n<h1><b>Sum\u00e1rio do Artigo<\/b><\/h1>\n<ol>\n<li style=\"font-weight: 400;\" aria-level=\"1\"><span style=\"font-weight: 400;\">O Empregado Sem Registro Tem Direitos?<\/span><span style=\"font-weight: 400;\">\n<p><\/span><\/li>\n<li style=\"font-weight: 400;\" aria-level=\"1\"><span style=\"font-weight: 400;\">Quais Provas S\u00e3o Aceitas para Confirmar o V\u00ednculo?<\/span><span style=\"font-weight: 400;\">\n<p><\/span><\/li>\n<li style=\"font-weight: 400;\" aria-level=\"1\"><span style=\"font-weight: 400;\">O Que Fazer Quando Sou Demitido Sem Carteira Assinada?<\/span><span style=\"font-weight: 400;\">\n<p><\/span><\/li>\n<li style=\"font-weight: 400;\" aria-level=\"1\"><span style=\"font-weight: 400;\">Como Receber FGTS, Multa de 40% e Outras Verbas?<\/span><span style=\"font-weight: 400;\">\n<p><\/span><\/li>\n<li style=\"font-weight: 400;\" aria-level=\"1\"><span style=\"font-weight: 400;\">Valores Que Voc\u00ea Pode Receber na Justi\u00e7a<\/span><span style=\"font-weight: 400;\">\n<p><\/span><\/li>\n<li style=\"font-weight: 400;\" aria-level=\"1\"><span style=\"font-weight: 400;\">Casos Comuns Que D\u00e3o Direito \u00e0 Indeniza\u00e7\u00e3o<\/span><span style=\"font-weight: 400;\">\n<p><\/span><\/li>\n<li style=\"font-weight: 400;\" aria-level=\"1\"><span style=\"font-weight: 400;\">Como Funciona a A\u00e7\u00e3o Trabalhista<\/span><span style=\"font-weight: 400;\">\n<p><\/span><\/li>\n<li style=\"font-weight: 400;\" aria-level=\"1\"><span style=\"font-weight: 400;\">Quando Procurar um Advogado Trabalhista<\/span><span style=\"font-weight: 400;\">\n<p><\/span><\/li>\n<li style=\"font-weight: 400;\" aria-level=\"1\"><span style=\"font-weight: 400;\">Links \u00dateis e Relacionados<\/span><span style=\"font-weight: 400;\">\n<p><\/span><\/li>\n<li style=\"font-weight: 400;\" aria-level=\"1\"><span style=\"font-weight: 400;\">Conclus\u00e3o + Chamada para A\u00e7\u00e3o<\/span><span style=\"font-weight: 400;\">\n<p><\/span><\/li>\n<\/ol>\n<h1><b>O Empregado Sem Registro Tem Direitos? SIM \u2014 e Muitos!<\/b><\/h1>\n<p><span style=\"font-weight: 400;\">Embora muitas empresas ainda insistam em manter funcion\u00e1rios na informalidade, a CLT \u00e9 muito clara: <\/span><b>se existe rela\u00e7\u00e3o de emprego, existem direitos<\/b><span style=\"font-weight: 400;\">, mesmo sem assinatura na carteira.<\/span><\/p>\n<p><span style=\"font-weight: 400;\">Al\u00e9m disso, vale destacar que, quando voc\u00ea \u00e9 demitido sem registro, a empresa fica automaticamente sujeita a:<\/span><\/p>\n<ul>\n<li style=\"font-weight: 400;\" aria-level=\"1\"><span style=\"font-weight: 400;\">pagamento de <\/span><b>todas as verbas rescis\u00f3rias<\/b><b>\n<p><\/b><\/li>\n<li style=\"font-weight: 400;\" aria-level=\"1\"><span style=\"font-weight: 400;\">registro retroativo na CTPS<\/span><span style=\"font-weight: 400;\">\n<p><\/span><\/li>\n<li style=\"font-weight: 400;\" aria-level=\"1\"><span style=\"font-weight: 400;\">dep\u00f3sito do <\/span><b>FGTS n\u00e3o recolhido<\/b><b>\n<p><\/b><\/li>\n<li style=\"font-weight: 400;\" aria-level=\"1\"><b>multa de 40%<\/b><b>\n<p><\/b><\/li>\n<li style=\"font-weight: 400;\" aria-level=\"1\"><span style=\"font-weight: 400;\">f\u00e9rias vencidas + proporcionais<\/span><span style=\"font-weight: 400;\">\n<p><\/span><\/li>\n<li style=\"font-weight: 400;\" aria-level=\"1\"><span style=\"font-weight: 400;\">13\u00ba sal\u00e1rio<\/span><span style=\"font-weight: 400;\">\n<p><\/span><\/li>\n<li style=\"font-weight: 400;\" aria-level=\"1\"><span style=\"font-weight: 400;\">horas extras, adicional de insalubridade, etc.<\/span><span style=\"font-weight: 400;\">\n<p><\/span><\/li>\n<\/ul>\n<p><span style=\"font-weight: 400;\">Portanto, ainda que a empresa negue, <\/span><b>o trabalhador sempre tem prote\u00e7\u00e3o legal<\/b><span style=\"font-weight: 400;\">.<\/span><\/p>\n<h1><b>Quais Provas S\u00e3o Aceitas Para Confirmar o V\u00ednculo?<\/b><\/h1>\n<p><span style=\"font-weight: 400;\">Muita gente acredita que, sem contrato ou carteira assinada, <\/span><b>n\u00e3o h\u00e1 como provar<\/b><span style=\"font-weight: 400;\">. Entretanto, isso \u00e9 mito.<\/span><\/p>\n<p><span style=\"font-weight: 400;\">A Justi\u00e7a aceita <\/span><b>diversos tipos de prova<\/b><span style=\"font-weight: 400;\">, e muitos deles s\u00e3o simples, como:<\/span><\/p>\n<ul>\n<li style=\"font-weight: 400;\" aria-level=\"1\"><span style=\"font-weight: 400;\">conversas no WhatsApp<\/span><span style=\"font-weight: 400;\">\n<p><\/span><\/li>\n<li style=\"font-weight: 400;\" aria-level=\"1\"><span style=\"font-weight: 400;\">mensagens, prints e e-mails<\/span><span style=\"font-weight: 400;\">\n<p><\/span><\/li>\n<li style=\"font-weight: 400;\" aria-level=\"1\"><span style=\"font-weight: 400;\">fotos com uniforme ou no local de trabalho<\/span><span style=\"font-weight: 400;\">\n<p><\/span><\/li>\n<li style=\"font-weight: 400;\" aria-level=\"1\"><span style=\"font-weight: 400;\">comprovantes de pagamento (\u201cpor fora\u201d)<\/span><span style=\"font-weight: 400;\">\n<p><\/span><\/li>\n<li style=\"font-weight: 400;\" aria-level=\"1\"><span style=\"font-weight: 400;\">recibos<\/span><span style=\"font-weight: 400;\">\n<p><\/span><\/li>\n<li style=\"font-weight: 400;\" aria-level=\"1\"><span style=\"font-weight: 400;\">v\u00eddeos<\/span><span style=\"font-weight: 400;\">\n<p><\/span><\/li>\n<li style=\"font-weight: 400;\" aria-level=\"1\"><span style=\"font-weight: 400;\">localiza\u00e7\u00e3o (GPS)<\/span><span style=\"font-weight: 400;\">\n<p><\/span><\/li>\n<li style=\"font-weight: 400;\" aria-level=\"1\"><span style=\"font-weight: 400;\">testemunhas que trabalharam com voc\u00ea<\/span><span style=\"font-weight: 400;\">\n<p><\/span><\/li>\n<\/ul>\n<p><span style=\"font-weight: 400;\">Quanto mais provas, melhor. Por\u00e9m, mesmo <\/span><b>uma \u00fanica testemunha<\/b><span style=\"font-weight: 400;\"> pode garantir o v\u00ednculo.<\/span><\/p>\n<h1><b>3Fui Demitido Sem Carteira Assinada: O Que Fazer Primeiro?<\/b><\/h1>\n<p><span style=\"font-weight: 400;\">A primeira medida \u00e9 <\/span><b>juntar tudo o que comprova o trabalho<\/b><span style=\"font-weight: 400;\">, porque, assim, voc\u00ea fortalece seu processo.<\/span><\/p>\n<p><span style=\"font-weight: 400;\">Depois disso, \u00e9 importante:<\/span><\/p>\n<ol>\n<li style=\"font-weight: 400;\" aria-level=\"1\"><b>Calcular todas as verbas que voc\u00ea teria direito<\/b><b>\n<p><\/b><\/li>\n<li style=\"font-weight: 400;\" aria-level=\"1\"><b>Guardar prints e fotos<\/b><span style=\"font-weight: 400;\">, antes que a empresa bloqueie voc\u00ea<\/span><span style=\"font-weight: 400;\">\n<p><\/span><\/li>\n<li style=\"font-weight: 400;\" aria-level=\"1\"><b>Anotar datas, hor\u00e1rios e fun\u00e7\u00f5es exercidas<\/b><b>\n<p><\/b><\/li>\n<li style=\"font-weight: 400;\" aria-level=\"1\"><b>Consultar um advogado trabalhista o quanto antes<\/b><b>\n<p><\/b><\/li>\n<\/ol>\n<p><span style=\"font-weight: 400;\">Portanto, quanto mais cedo voc\u00ea agir, maiores s\u00e3o as chances de receber tudo.<\/span><\/p>\n<h1><b>Como Receber FGTS, Multa de 40% e Outras Verbas Sem Registro?<\/b><\/h1>\n<p><span style=\"font-weight: 400;\">Mesmo sem registro, voc\u00ea pode receber:<\/span><\/p>\n<h3><b>\u2714 FGTS de todo o per\u00edodo trabalhado<\/b><\/h3>\n<p><span style=\"font-weight: 400;\">A empresa deve depositar retroativamente.<\/span><\/p>\n<h3><b>\u2714 Multa de 40% sobre o FGTS<\/b><\/h3>\n<p><span style=\"font-weight: 400;\">Esse valor \u00e9 calculado sobre <\/span><b>todo o FGTS que deveria ter sido pago<\/b><span style=\"font-weight: 400;\"> \u2014 inclusive sobre os dep\u00f3sitos atrasados.<\/span><\/p>\n<h3><b>\u2714 F\u00e9rias vencidas e proporcionais + 1\/3<\/b><\/h3>\n<p><span style=\"font-weight: 400;\">Inclusive f\u00e9rias dobradas, se passou 12 meses sem tirar.<\/span><\/p>\n<h3><b>\u2714 13\u00ba sal\u00e1rio proporcional<\/b><\/h3>\n<p><span style=\"font-weight: 400;\">Al\u00e9m disso, pode haver diferen\u00e7a salarial se voc\u00ea recebia \u201cpor fora\u201d.<\/span><\/p>\n<h3><b>\u2714 Aviso pr\u00e9vio indenizado<\/b><\/h3>\n<p><span style=\"font-weight: 400;\">Calculado conforme o tempo de casa.<\/span><\/p>\n<h3><b>\u2714 INSS retroativo<\/b><\/h3>\n<p><span style=\"font-weight: 400;\">A empresa precisa contribuir e regularizar sua situa\u00e7\u00e3o.<\/span><\/p>\n<p><span style=\"font-weight: 400;\">Portanto, mesmo que a empresa diga que \u201cn\u00e3o deve nada\u201d, a Justi\u00e7a do Trabalho garante tudo isso.<\/span><\/p>\n<h1><b>Quanto posso Receber? (C\u00e1lculo Realista)<\/b><\/h1>\n<p><span style=\"font-weight: 400;\">Embora cada caso seja \u00fanico, a maioria dos trabalhadores sem registro recebe valores entre <\/span><b>R$ 5.000 e R$ 25.000<\/b><span style=\"font-weight: 400;\">.<\/span><\/p>\n<p><span style=\"font-weight: 400;\">Isso ocorre porque, al\u00e9m da rescis\u00e3o, geralmente existem:<\/span><\/p>\n<ul>\n<li style=\"font-weight: 400;\" aria-level=\"1\"><span style=\"font-weight: 400;\">horas extras<\/span><span style=\"font-weight: 400;\">\n<p><\/span><\/li>\n<li style=\"font-weight: 400;\" aria-level=\"1\"><span style=\"font-weight: 400;\">adicional de insalubridade<\/span><span style=\"font-weight: 400;\">\n<p><\/span><\/li>\n<li style=\"font-weight: 400;\" aria-level=\"1\"><span style=\"font-weight: 400;\">adicional de periculosidade<\/span><span style=\"font-weight: 400;\">\n<p><\/span><\/li>\n<li style=\"font-weight: 400;\" aria-level=\"1\"><span style=\"font-weight: 400;\">diferen\u00e7as salariais<\/span><span style=\"font-weight: 400;\">\n<p><\/span><\/li>\n<li style=\"font-weight: 400;\" aria-level=\"1\"><span style=\"font-weight: 400;\">indeniza\u00e7\u00e3o por danos morais (em alguns casos)<\/span><span style=\"font-weight: 400;\">\n<p><\/span><\/li>\n<\/ul>\n<p><span style=\"font-weight: 400;\">Portanto, quanto maior o per\u00edodo sem registro, maior a indeniza\u00e7\u00e3o.<\/span><\/p>\n<h1><b>Casos Comuns que Geram Indeniza\u00e7\u00e3o Al\u00e9m da Rescis\u00e3o<\/b><\/h1>\n<p><span style=\"font-weight: 400;\">Muitas situa\u00e7\u00f5es elevam bastante o valor final. Entre as mais comuns, est\u00e3o:<\/span><\/p>\n<ul>\n<li style=\"font-weight: 400;\" aria-level=\"1\"><span style=\"font-weight: 400;\">jornadas excessivas sem pagamento<\/span><span style=\"font-weight: 400;\">\n<p><\/span><\/li>\n<li style=\"font-weight: 400;\" aria-level=\"1\"><span style=\"font-weight: 400;\">trabalho insalubre sem EPI<\/span><span style=\"font-weight: 400;\">\n<p><\/span><\/li>\n<li style=\"font-weight: 400;\" aria-level=\"1\"><span style=\"font-weight: 400;\">ass\u00e9dio moral<\/span><span style=\"font-weight: 400;\">\n<p><\/span><\/li>\n<li style=\"font-weight: 400;\" aria-level=\"1\"><span style=\"font-weight: 400;\">risco de vida sem adicional<\/span><span style=\"font-weight: 400;\">\n<p><\/span><\/li>\n<li style=\"font-weight: 400;\" aria-level=\"1\"><span style=\"font-weight: 400;\">acidente de trabalho sem emiss\u00e3o da CAT<\/span><span style=\"font-weight: 400;\">\n<p><\/span><\/li>\n<li style=\"font-weight: 400;\" aria-level=\"1\"><span style=\"font-weight: 400;\">descontos ilegais<\/span><span style=\"font-weight: 400;\">\n<p><\/span><\/li>\n<li style=\"font-weight: 400;\" aria-level=\"1\"><span style=\"font-weight: 400;\">sal\u00e1rio \u201cpor fora\u201d<\/span><span style=\"font-weight: 400;\">\n<p><\/span><\/li>\n<\/ul>\n<p><span style=\"font-weight: 400;\">Consequentemente, isso aumenta os valores da a\u00e7\u00e3o.<\/span><\/p>\n<h1><b>Como Funciona a A\u00e7\u00e3o Trabalhista? Explicado Passo a Passo<\/b><\/h1>\n<ol>\n<li style=\"font-weight: 400;\" aria-level=\"1\"><b>Reuni\u00e3o das provas<\/b><b>\n<p><\/b><\/li>\n<li style=\"font-weight: 400;\" aria-level=\"1\"><b>C\u00e1lculo trabalhista profissional<\/b><b>\n<p><\/b><\/li>\n<li style=\"font-weight: 400;\" aria-level=\"1\"><b>Protocolo da a\u00e7\u00e3o<\/b><b>\n<p><\/b><\/li>\n<li style=\"font-weight: 400;\" aria-level=\"1\"><b>Audi\u00eancia<\/b><b>\n<p><\/b><\/li>\n<li style=\"font-weight: 400;\" aria-level=\"1\"><b>Senten\u00e7a e pagamento<\/b><b>\n<p><\/b><\/li>\n<\/ol>\n<p><span style=\"font-weight: 400;\">Al\u00e9m disso, o trabalhador <\/span><b>n\u00e3o paga custas iniciais<\/b><span style=\"font-weight: 400;\"> para entrar com a a\u00e7\u00e3o.<\/span><\/p>\n<h1><b>Quando procurar um Advogado Trabalhista?<\/b><\/h1>\n<p><span style=\"font-weight: 400;\">A resposta \u00e9 simples: <\/span><b>imediatamente ap\u00f3s a demiss\u00e3o<\/b><span style=\"font-weight: 400;\">.<\/span><\/p>\n<p><span style=\"font-weight: 400;\">Isso porque:<\/span><\/p>\n<ul>\n<li style=\"font-weight: 400;\" aria-level=\"1\"><span style=\"font-weight: 400;\">as provas podem desaparecer<\/span><span style=\"font-weight: 400;\">\n<p><\/span><\/li>\n<li style=\"font-weight: 400;\" aria-level=\"1\"><span style=\"font-weight: 400;\">o prazo para reclamar \u00e9 de 2 anos ap\u00f3s a demiss\u00e3o<\/span><span style=\"font-weight: 400;\">\n<p><\/span><\/li>\n<li style=\"font-weight: 400;\" aria-level=\"1\"><span style=\"font-weight: 400;\">\u00e9 preciso pedir o v\u00ednculo antes que prescreva<\/span><span style=\"font-weight: 400;\">\n<p><\/span><\/li>\n<\/ul>\n<p><span style=\"font-weight: 400;\">Assim, o ideal \u00e9 consultar um advogado trabalhista <\/span><b>o quanto antes<\/b><span style=\"font-weight: 400;\">.<\/span><\/p>\n<p><b>Conclus\u00e3o \u2014 Voc\u00ea Tem Direitos e Pode Recuperar Tudo<\/b><\/p>\n<p><span style=\"font-weight: 400;\">Embora a empresa tenha tentado economizar \u00e0s suas custas, a lei garante que voc\u00ea <\/span><b>receba tudo que deixou de ganhar<\/b><span style=\"font-weight: 400;\">, mesmo sem registro. Portanto, n\u00e3o deixe o tempo passar. Quanto antes agir, mais r\u00e1pido voc\u00ea recebe.<\/span><\/p>\n<p>&nbsp;<\/p>\n<p><span style=\"font-weight: 400;\">Leia tamb\u00e9m o seguinte artigo: <\/span><a href=\"https:\/\/carvalhoadvogado.aliamkt.com\/index.php\/2025\/10\/28\/rescisao-indireta-por-falta-de-pagamento-de-beneficios-entenda-seus-direitos\/\"><span style=\"font-weight: 400;\">Rescis\u00e3o Indireta por Falta de Pagamento de Benef\u00edcios: Entenda Seus Direitos<\/span><\/a><\/p>\n<p>&nbsp;<\/p>\n<p><a href=\"https:\/\/wa.me\/5531975283687\"><b>Entre em contato agora com um advogado trabalhista e saiba como garantir o que \u00e9 seu por lei!<\/b><\/a><\/p>\n<p><b>Fale com o Dr. Pedro Carvalho!<\/b><\/p>\n<p><b>Clique no bot\u00e3o abaixo e obtenha a orienta\u00e7\u00e3o jur\u00eddica que voc\u00ea precisa para resolver suas quest\u00f5es com seguran\u00e7a e confian\u00e7a.\u00a0<\/b><\/p>\n<p><a href=\"https:\/\/wa.me\/5531975283687\"><b>Fale comigo agora mesmo<\/b><\/a><\/p>\n<p><b>Siga-nos na rede social, @pedroncarvalhoadv, e fique por dentro das \u00faltimas novidades!<\/b><\/p>\n","protected":false},"excerpt":{"rendered":"<p>Introdu\u00e7\u00e3o \u2014 Voc\u00ea trabalhou sem Registro e foi demitido? Saiba Como Receber Tudo o Que \u00c9 Seu! &nbsp; Se voc\u00ea trabalhou sem carteira assinada e, de repente, foi demitido sem nenhum pagamento, saiba que a lei est\u00e1 do seu lado. Al\u00e9m disso, mesmo sem registro, voc\u00ea tem direitos, e muitos deles garantem valores altos, como [&hellip;]<\/p>\n","protected":false},"author":1,"featured_media":1459,"comment_status":"open","ping_status":"open","sticky":false,"template":"","format":"standard","meta":{"_joinchat":[],"footnotes":""},"categories":[6],"tags":[],"class_list":["post-1458","post","type-post","status-publish","format-standard","has-post-thumbnail","hentry","category-direito-trabalhista"],"yoast_head":"<!-- This site is optimized with the Yoast SEO plugin v27.5 - https:\/\/yoast.com\/product\/yoast-seo-wordpress\/ -->\n<title>Fui Demitido Sem Registro: Como Receber FGTS, Multa de 40% e F\u00e9rias Vencidas?\u00a0 - Pedro Carvalho Advogado Trabalhista<\/title>\n<meta name=\"description\" content=\"Fui demitido sem registro? Saiba como receber FGTS, multa de 40%, f\u00e9rias vencidas e todos os seus direitos. Descubra agora como um advogado trabalhista pode ajudar.\" \/>\n<meta name=\"robots\" content=\"index, follow, max-snippet:-1, max-image-preview:large, max-video-preview:-1\" \/>\n<link rel=\"canonical\" href=\"https:\/\/carvalhoadvogado.aliamkt.com\/index.php\/2025\/11\/21\/fui-demitido-sem-registro-como-receber-fgts-multa-de-40-e-ferias-vencidas\/\" \/>\n<meta property=\"og:locale\" content=\"pt_BR\" \/>\n<meta property=\"og:type\" content=\"article\" \/>\n<meta property=\"og:title\" content=\"Fui Demitido Sem Registro: Como Receber FGTS, Multa de 40% e F\u00e9rias Vencidas?\u00a0 - Pedro Carvalho Advogado Trabalhista\" \/>\n<meta property=\"og:description\" content=\"Fui demitido sem registro? Saiba como receber FGTS, multa de 40%, f\u00e9rias vencidas e todos os seus direitos. Descubra agora como um advogado trabalhista pode ajudar.\" \/>\n<meta property=\"og:url\" content=\"https:\/\/carvalhoadvogado.aliamkt.com\/index.php\/2025\/11\/21\/fui-demitido-sem-registro-como-receber-fgts-multa-de-40-e-ferias-vencidas\/\" \/>\n<meta property=\"og:site_name\" content=\"Pedro Carvalho Advogado Trabalhista\" \/>\n<meta property=\"article:published_time\" content=\"2025-11-21T13:00:50+00:00\" \/>\n<meta property=\"og:image\" content=\"https:\/\/carvalhoadvogado.aliamkt.com\/wp-content\/uploads\/2025\/11\/advogado-trabalhista.jpg\" \/>\n\t<meta property=\"og:image:width\" content=\"1200\" \/>\n\t<meta property=\"og:image:height\" content=\"659\" \/>\n\t<meta property=\"og:image:type\" content=\"image\/jpeg\" \/>\n<meta name=\"author\" content=\"lailacarvalhoadv\" \/>\n<meta name=\"twitter:card\" content=\"summary_large_image\" \/>\n<meta name=\"twitter:label1\" content=\"Escrito por\" \/>\n\t<meta name=\"twitter:data1\" content=\"lailacarvalhoadv\" \/>\n\t<meta name=\"twitter:label2\" content=\"Est. tempo de leitura\" \/>\n\t<meta name=\"twitter:data2\" content=\"5 minutos\" \/>\n<script type=\"application\/ld+json\" class=\"yoast-schema-graph\">{\"@context\":\"https:\\\/\\\/schema.org\",\"@graph\":[{\"@type\":\"Article\",\"@id\":\"https:\\\/\\\/carvalhoadvogado.aliamkt.com\\\/index.php\\\/2025\\\/11\\\/21\\\/fui-demitido-sem-registro-como-receber-fgts-multa-de-40-e-ferias-vencidas\\\/#article\",\"isPartOf\":{\"@id\":\"https:\\\/\\\/carvalhoadvogado.aliamkt.com\\\/index.php\\\/2025\\\/11\\\/21\\\/fui-demitido-sem-registro-como-receber-fgts-multa-de-40-e-ferias-vencidas\\\/\"},\"author\":{\"name\":\"lailacarvalhoadv\",\"@id\":\"https:\\\/\\\/carvalhoadvogado.aliamkt.com\\\/#\\\/schema\\\/person\\\/8f4d67ba57d6160ee802836a319bd8eb\"},\"headline\":\"Fui Demitido Sem Registro: Como Receber FGTS, Multa de 40% e F\u00e9rias Vencidas?\u00a0\",\"datePublished\":\"2025-11-21T13:00:50+00:00\",\"mainEntityOfPage\":{\"@id\":\"https:\\\/\\\/carvalhoadvogado.aliamkt.com\\\/index.php\\\/2025\\\/11\\\/21\\\/fui-demitido-sem-registro-como-receber-fgts-multa-de-40-e-ferias-vencidas\\\/\"},\"wordCount\":922,\"commentCount\":0,\"publisher\":{\"@id\":\"https:\\\/\\\/carvalhoadvogado.aliamkt.com\\\/#organization\"},\"image\":{\"@id\":\"https:\\\/\\\/carvalhoadvogado.aliamkt.com\\\/index.php\\\/2025\\\/11\\\/21\\\/fui-demitido-sem-registro-como-receber-fgts-multa-de-40-e-ferias-vencidas\\\/#primaryimage\"},\"thumbnailUrl\":\"https:\\\/\\\/carvalhoadvogado.aliamkt.com\\\/wp-content\\\/uploads\\\/2025\\\/11\\\/advogado-trabalhista.jpg\",\"articleSection\":[\"Direito Trabalhista\"],\"inLanguage\":\"pt-BR\",\"potentialAction\":[{\"@type\":\"CommentAction\",\"name\":\"Comment\",\"target\":[\"https:\\\/\\\/carvalhoadvogado.aliamkt.com\\\/index.php\\\/2025\\\/11\\\/21\\\/fui-demitido-sem-registro-como-receber-fgts-multa-de-40-e-ferias-vencidas\\\/#respond\"]}]},{\"@type\":\"WebPage\",\"@id\":\"https:\\\/\\\/carvalhoadvogado.aliamkt.com\\\/index.php\\\/2025\\\/11\\\/21\\\/fui-demitido-sem-registro-como-receber-fgts-multa-de-40-e-ferias-vencidas\\\/\",\"url\":\"https:\\\/\\\/carvalhoadvogado.aliamkt.com\\\/index.php\\\/2025\\\/11\\\/21\\\/fui-demitido-sem-registro-como-receber-fgts-multa-de-40-e-ferias-vencidas\\\/\",\"name\":\"Fui Demitido Sem Registro: Como Receber FGTS, Multa de 40% e F\u00e9rias Vencidas?\u00a0 - Pedro Carvalho Advogado Trabalhista\",\"isPartOf\":{\"@id\":\"https:\\\/\\\/carvalhoadvogado.aliamkt.com\\\/#website\"},\"primaryImageOfPage\":{\"@id\":\"https:\\\/\\\/carvalhoadvogado.aliamkt.com\\\/index.php\\\/2025\\\/11\\\/21\\\/fui-demitido-sem-registro-como-receber-fgts-multa-de-40-e-ferias-vencidas\\\/#primaryimage\"},\"image\":{\"@id\":\"https:\\\/\\\/carvalhoadvogado.aliamkt.com\\\/index.php\\\/2025\\\/11\\\/21\\\/fui-demitido-sem-registro-como-receber-fgts-multa-de-40-e-ferias-vencidas\\\/#primaryimage\"},\"thumbnailUrl\":\"https:\\\/\\\/carvalhoadvogado.aliamkt.com\\\/wp-content\\\/uploads\\\/2025\\\/11\\\/advogado-trabalhista.jpg\",\"datePublished\":\"2025-11-21T13:00:50+00:00\",\"description\":\"Fui demitido sem registro? Saiba como receber FGTS, multa de 40%, f\u00e9rias vencidas e todos os seus direitos. Descubra agora como um advogado trabalhista pode ajudar.\",\"breadcrumb\":{\"@id\":\"https:\\\/\\\/carvalhoadvogado.aliamkt.com\\\/index.php\\\/2025\\\/11\\\/21\\\/fui-demitido-sem-registro-como-receber-fgts-multa-de-40-e-ferias-vencidas\\\/#breadcrumb\"},\"inLanguage\":\"pt-BR\",\"potentialAction\":[{\"@type\":\"ReadAction\",\"target\":[\"https:\\\/\\\/carvalhoadvogado.aliamkt.com\\\/index.php\\\/2025\\\/11\\\/21\\\/fui-demitido-sem-registro-como-receber-fgts-multa-de-40-e-ferias-vencidas\\\/\"]}]},{\"@type\":\"ImageObject\",\"inLanguage\":\"pt-BR\",\"@id\":\"https:\\\/\\\/carvalhoadvogado.aliamkt.com\\\/index.php\\\/2025\\\/11\\\/21\\\/fui-demitido-sem-registro-como-receber-fgts-multa-de-40-e-ferias-vencidas\\\/#primaryimage\",\"url\":\"https:\\\/\\\/carvalhoadvogado.aliamkt.com\\\/wp-content\\\/uploads\\\/2025\\\/11\\\/advogado-trabalhista.jpg\",\"contentUrl\":\"https:\\\/\\\/carvalhoadvogado.aliamkt.com\\\/wp-content\\\/uploads\\\/2025\\\/11\\\/advogado-trabalhista.jpg\",\"width\":1200,\"height\":659},{\"@type\":\"BreadcrumbList\",\"@id\":\"https:\\\/\\\/carvalhoadvogado.aliamkt.com\\\/index.php\\\/2025\\\/11\\\/21\\\/fui-demitido-sem-registro-como-receber-fgts-multa-de-40-e-ferias-vencidas\\\/#breadcrumb\",\"itemListElement\":[{\"@type\":\"ListItem\",\"position\":1,\"name\":\"In\u00edcio\",\"item\":\"https:\\\/\\\/carvalhoadvogado.aliamkt.com\\\/\"},{\"@type\":\"ListItem\",\"position\":2,\"name\":\"Fui Demitido Sem Registro: Como Receber FGTS, Multa de 40% e F\u00e9rias Vencidas?\u00a0\"}]},{\"@type\":\"WebSite\",\"@id\":\"https:\\\/\\\/carvalhoadvogado.aliamkt.com\\\/#website\",\"url\":\"https:\\\/\\\/carvalhoadvogado.aliamkt.com\\\/\",\"name\":\"Pedro Carvalho Advogado\",\"description\":\"Advogado Trabalhista\",\"publisher\":{\"@id\":\"https:\\\/\\\/carvalhoadvogado.aliamkt.com\\\/#organization\"},\"potentialAction\":[{\"@type\":\"SearchAction\",\"target\":{\"@type\":\"EntryPoint\",\"urlTemplate\":\"https:\\\/\\\/carvalhoadvogado.aliamkt.com\\\/?s={search_term_string}\"},\"query-input\":{\"@type\":\"PropertyValueSpecification\",\"valueRequired\":true,\"valueName\":\"search_term_string\"}}],\"inLanguage\":\"pt-BR\"},{\"@type\":\"Organization\",\"@id\":\"https:\\\/\\\/carvalhoadvogado.aliamkt.com\\\/#organization\",\"name\":\"Pedro Carvalho Advogado\",\"url\":\"https:\\\/\\\/carvalhoadvogado.aliamkt.com\\\/\",\"logo\":{\"@type\":\"ImageObject\",\"inLanguage\":\"pt-BR\",\"@id\":\"https:\\\/\\\/carvalhoadvogado.aliamkt.com\\\/#\\\/schema\\\/logo\\\/image\\\/\",\"url\":\"https:\\\/\\\/carvalhoadvogado.aliamkt.com\\\/wp-content\\\/uploads\\\/2024\\\/06\\\/Logo-azul.png\",\"contentUrl\":\"https:\\\/\\\/carvalhoadvogado.aliamkt.com\\\/wp-content\\\/uploads\\\/2024\\\/06\\\/Logo-azul.png\",\"width\":500,\"height\":500,\"caption\":\"Pedro Carvalho Advogado\"},\"image\":{\"@id\":\"https:\\\/\\\/carvalhoadvogado.aliamkt.com\\\/#\\\/schema\\\/logo\\\/image\\\/\"}},{\"@type\":\"Person\",\"@id\":\"https:\\\/\\\/carvalhoadvogado.aliamkt.com\\\/#\\\/schema\\\/person\\\/8f4d67ba57d6160ee802836a319bd8eb\",\"name\":\"lailacarvalhoadv\",\"image\":{\"@type\":\"ImageObject\",\"inLanguage\":\"pt-BR\",\"@id\":\"https:\\\/\\\/secure.gravatar.com\\\/avatar\\\/a60961139a792fb5ca701fab485f653a1b3cc37cf8dbd4937b4134105caf5369?s=96&d=mm&r=g\",\"url\":\"https:\\\/\\\/secure.gravatar.com\\\/avatar\\\/a60961139a792fb5ca701fab485f653a1b3cc37cf8dbd4937b4134105caf5369?s=96&d=mm&r=g\",\"contentUrl\":\"https:\\\/\\\/secure.gravatar.com\\\/avatar\\\/a60961139a792fb5ca701fab485f653a1b3cc37cf8dbd4937b4134105caf5369?s=96&d=mm&r=g\",\"caption\":\"lailacarvalhoadv\"},\"sameAs\":[\"https:\\\/\\\/carvalhoadvogado.aliamkt.com\"],\"url\":\"https:\\\/\\\/carvalhoadvogado.aliamkt.com\\\/index.php\\\/author\\\/lailacarvalhoadv\\\/\"}]}<\/script>\n<!-- \/ Yoast SEO plugin. -->","yoast_head_json":{"title":"Fui Demitido Sem Registro: Como Receber FGTS, Multa de 40% e F\u00e9rias Vencidas?\u00a0 - Pedro Carvalho Advogado Trabalhista","description":"Fui demitido sem registro? Saiba como receber FGTS, multa de 40%, f\u00e9rias vencidas e todos os seus direitos. Descubra agora como um advogado trabalhista pode ajudar.","robots":{"index":"index","follow":"follow","max-snippet":"max-snippet:-1","max-image-preview":"max-image-preview:large","max-video-preview":"max-video-preview:-1"},"canonical":"https:\/\/carvalhoadvogado.aliamkt.com\/index.php\/2025\/11\/21\/fui-demitido-sem-registro-como-receber-fgts-multa-de-40-e-ferias-vencidas\/","og_locale":"pt_BR","og_type":"article","og_title":"Fui Demitido Sem Registro: Como Receber FGTS, Multa de 40% e F\u00e9rias Vencidas?\u00a0 - Pedro Carvalho Advogado Trabalhista","og_description":"Fui demitido sem registro? Saiba como receber FGTS, multa de 40%, f\u00e9rias vencidas e todos os seus direitos. Descubra agora como um advogado trabalhista pode ajudar.","og_url":"https:\/\/carvalhoadvogado.aliamkt.com\/index.php\/2025\/11\/21\/fui-demitido-sem-registro-como-receber-fgts-multa-de-40-e-ferias-vencidas\/","og_site_name":"Pedro Carvalho Advogado Trabalhista","article_published_time":"2025-11-21T13:00:50+00:00","og_image":[{"width":1200,"height":659,"url":"https:\/\/carvalhoadvogado.aliamkt.com\/wp-content\/uploads\/2025\/11\/advogado-trabalhista.jpg","type":"image\/jpeg"}],"author":"lailacarvalhoadv","twitter_card":"summary_large_image","twitter_misc":{"Escrito por":"lailacarvalhoadv","Est. tempo de leitura":"5 minutos"},"schema":{"@context":"https:\/\/schema.org","@graph":[{"@type":"Article","@id":"https:\/\/carvalhoadvogado.aliamkt.com\/index.php\/2025\/11\/21\/fui-demitido-sem-registro-como-receber-fgts-multa-de-40-e-ferias-vencidas\/#article","isPartOf":{"@id":"https:\/\/carvalhoadvogado.aliamkt.com\/index.php\/2025\/11\/21\/fui-demitido-sem-registro-como-receber-fgts-multa-de-40-e-ferias-vencidas\/"},"author":{"name":"lailacarvalhoadv","@id":"https:\/\/carvalhoadvogado.aliamkt.com\/#\/schema\/person\/8f4d67ba57d6160ee802836a319bd8eb"},"headline":"Fui Demitido Sem Registro: Como Receber FGTS, Multa de 40% e F\u00e9rias Vencidas?\u00a0","datePublished":"2025-11-21T13:00:50+00:00","mainEntityOfPage":{"@id":"https:\/\/carvalhoadvogado.aliamkt.com\/index.php\/2025\/11\/21\/fui-demitido-sem-registro-como-receber-fgts-multa-de-40-e-ferias-vencidas\/"},"wordCount":922,"commentCount":0,"publisher":{"@id":"https:\/\/carvalhoadvogado.aliamkt.com\/#organization"},"image":{"@id":"https:\/\/carvalhoadvogado.aliamkt.com\/index.php\/2025\/11\/21\/fui-demitido-sem-registro-como-receber-fgts-multa-de-40-e-ferias-vencidas\/#primaryimage"},"thumbnailUrl":"https:\/\/carvalhoadvogado.aliamkt.com\/wp-content\/uploads\/2025\/11\/advogado-trabalhista.jpg","articleSection":["Direito Trabalhista"],"inLanguage":"pt-BR","potentialAction":[{"@type":"CommentAction","name":"Comment","target":["https:\/\/carvalhoadvogado.aliamkt.com\/index.php\/2025\/11\/21\/fui-demitido-sem-registro-como-receber-fgts-multa-de-40-e-ferias-vencidas\/#respond"]}]},{"@type":"WebPage","@id":"https:\/\/carvalhoadvogado.aliamkt.com\/index.php\/2025\/11\/21\/fui-demitido-sem-registro-como-receber-fgts-multa-de-40-e-ferias-vencidas\/","url":"https:\/\/carvalhoadvogado.aliamkt.com\/index.php\/2025\/11\/21\/fui-demitido-sem-registro-como-receber-fgts-multa-de-40-e-ferias-vencidas\/","name":"Fui Demitido Sem Registro: Como Receber FGTS, Multa de 40% e F\u00e9rias Vencidas?\u00a0 - Pedro Carvalho Advogado Trabalhista","isPartOf":{"@id":"https:\/\/carvalhoadvogado.aliamkt.com\/#website"},"primaryImageOfPage":{"@id":"https:\/\/carvalhoadvogado.aliamkt.com\/index.php\/2025\/11\/21\/fui-demitido-sem-registro-como-receber-fgts-multa-de-40-e-ferias-vencidas\/#primaryimage"},"image":{"@id":"https:\/\/carvalhoadvogado.aliamkt.com\/index.php\/2025\/11\/21\/fui-demitido-sem-registro-como-receber-fgts-multa-de-40-e-ferias-vencidas\/#primaryimage"},"thumbnailUrl":"https:\/\/carvalhoadvogado.aliamkt.com\/wp-content\/uploads\/2025\/11\/advogado-trabalhista.jpg","datePublished":"2025-11-21T13:00:50+00:00","description":"Fui demitido sem registro? Saiba como receber FGTS, multa de 40%, f\u00e9rias vencidas e todos os seus direitos. Descubra agora como um advogado trabalhista pode ajudar.","breadcrumb":{"@id":"https:\/\/carvalhoadvogado.aliamkt.com\/index.php\/2025\/11\/21\/fui-demitido-sem-registro-como-receber-fgts-multa-de-40-e-ferias-vencidas\/#breadcrumb"},"inLanguage":"pt-BR","potentialAction":[{"@type":"ReadAction","target":["https:\/\/carvalhoadvogado.aliamkt.com\/index.php\/2025\/11\/21\/fui-demitido-sem-registro-como-receber-fgts-multa-de-40-e-ferias-vencidas\/"]}]},{"@type":"ImageObject","inLanguage":"pt-BR","@id":"https:\/\/carvalhoadvogado.aliamkt.com\/index.php\/2025\/11\/21\/fui-demitido-sem-registro-como-receber-fgts-multa-de-40-e-ferias-vencidas\/#primaryimage","url":"https:\/\/carvalhoadvogado.aliamkt.com\/wp-content\/uploads\/2025\/11\/advogado-trabalhista.jpg","contentUrl":"https:\/\/carvalhoadvogado.aliamkt.com\/wp-content\/uploads\/2025\/11\/advogado-trabalhista.jpg","width":1200,"height":659},{"@type":"BreadcrumbList","@id":"https:\/\/carvalhoadvogado.aliamkt.com\/index.php\/2025\/11\/21\/fui-demitido-sem-registro-como-receber-fgts-multa-de-40-e-ferias-vencidas\/#breadcrumb","itemListElement":[{"@type":"ListItem","position":1,"name":"In\u00edcio","item":"https:\/\/carvalhoadvogado.aliamkt.com\/"},{"@type":"ListItem","position":2,"name":"Fui Demitido Sem Registro: Como Receber FGTS, Multa de 40% e F\u00e9rias Vencidas?\u00a0"}]},{"@type":"WebSite","@id":"https:\/\/carvalhoadvogado.aliamkt.com\/#website","url":"https:\/\/carvalhoadvogado.aliamkt.com\/","name":"Pedro Carvalho Advogado","description":"Advogado Trabalhista","publisher":{"@id":"https:\/\/carvalhoadvogado.aliamkt.com\/#organization"},"potentialAction":[{"@type":"SearchAction","target":{"@type":"EntryPoint","urlTemplate":"https:\/\/carvalhoadvogado.aliamkt.com\/?s={search_term_string}"},"query-input":{"@type":"PropertyValueSpecification","valueRequired":true,"valueName":"search_term_string"}}],"inLanguage":"pt-BR"},{"@type":"Organization","@id":"https:\/\/carvalhoadvogado.aliamkt.com\/#organization","name":"Pedro Carvalho Advogado","url":"https:\/\/carvalhoadvogado.aliamkt.com\/","logo":{"@type":"ImageObject","inLanguage":"pt-BR","@id":"https:\/\/carvalhoadvogado.aliamkt.com\/#\/schema\/logo\/image\/","url":"https:\/\/carvalhoadvogado.aliamkt.com\/wp-content\/uploads\/2024\/06\/Logo-azul.png","contentUrl":"https:\/\/carvalhoadvogado.aliamkt.com\/wp-content\/uploads\/2024\/06\/Logo-azul.png","width":500,"height":500,"caption":"Pedro Carvalho Advogado"},"image":{"@id":"https:\/\/carvalhoadvogado.aliamkt.com\/#\/schema\/logo\/image\/"}},{"@type":"Person","@id":"https:\/\/carvalhoadvogado.aliamkt.com\/#\/schema\/person\/8f4d67ba57d6160ee802836a319bd8eb","name":"lailacarvalhoadv","image":{"@type":"ImageObject","inLanguage":"pt-BR","@id":"https:\/\/secure.gravatar.com\/avatar\/a60961139a792fb5ca701fab485f653a1b3cc37cf8dbd4937b4134105caf5369?s=96&d=mm&r=g","url":"https:\/\/secure.gravatar.com\/avatar\/a60961139a792fb5ca701fab485f653a1b3cc37cf8dbd4937b4134105caf5369?s=96&d=mm&r=g","contentUrl":"https:\/\/secure.gravatar.com\/avatar\/a60961139a792fb5ca701fab485f653a1b3cc37cf8dbd4937b4134105caf5369?s=96&d=mm&r=g","caption":"lailacarvalhoadv"},"sameAs":["https:\/\/carvalhoadvogado.aliamkt.com"],"url":"https:\/\/carvalhoadvogado.aliamkt.com\/index.php\/author\/lailacarvalhoadv\/"}]}},"_links":{"self":[{"href":"https:\/\/carvalhoadvogado.aliamkt.com\/index.php\/wp-json\/wp\/v2\/posts\/1458","targetHints":{"allow":["GET"]}}],"collection":[{"href":"https:\/\/carvalhoadvogado.aliamkt.com\/index.php\/wp-json\/wp\/v2\/posts"}],"about":[{"href":"https:\/\/carvalhoadvogado.aliamkt.com\/index.php\/wp-json\/wp\/v2\/types\/post"}],"author":[{"embeddable":true,"href":"https:\/\/carvalhoadvogado.aliamkt.com\/index.php\/wp-json\/wp\/v2\/users\/1"}],"replies":[{"embeddable":true,"href":"https:\/\/carvalhoadvogado.aliamkt.com\/index.php\/wp-json\/wp\/v2\/comments?post=1458"}],"version-history":[{"count":1,"href":"https:\/\/carvalhoadvogado.aliamkt.com\/index.php\/wp-json\/wp\/v2\/posts\/1458\/revisions"}],"predecessor-version":[{"id":1460,"href":"https:\/\/carvalhoadvogado.aliamkt.com\/index.php\/wp-json\/wp\/v2\/posts\/1458\/revisions\/1460"}],"wp:featuredmedia":[{"embeddable":true,"href":"https:\/\/carvalhoadvogado.aliamkt.com\/index.php\/wp-json\/wp\/v2\/media\/1459"}],"wp:attachment":[{"href":"https:\/\/carvalhoadvogado.aliamkt.com\/index.php\/wp-json\/wp\/v2\/media?parent=1458"}],"wp:term":[{"taxonomy":"category","embeddable":true,"href":"https:\/\/carvalhoadvogado.aliamkt.com\/index.php\/wp-json\/wp\/v2\/categories?post=1458"},{"taxonomy":"post_tag","embeddable":true,"href":"https:\/\/carvalhoadvogado.aliamkt.com\/index.php\/wp-json\/wp\/v2\/tags?post=1458"}],"curies":[{"name":"wp","href":"https:\/\/api.w.org\/{rel}","templated":true}]}}