{"id":1622,"date":"2026-02-19T14:41:09","date_gmt":"2026-02-19T17:41:09","guid":{"rendered":"https:\/\/carvalhoadvogado.aliamkt.com\/?p=1622"},"modified":"2026-02-19T14:41:09","modified_gmt":"2026-02-19T17:41:09","slug":"enfermeiro-demitido-sem-justa-causa-direitos","status":"publish","type":"post","link":"https:\/\/carvalhoadvogado.aliamkt.com\/index.php\/2026\/02\/19\/enfermeiro-demitido-sem-justa-causa-direitos\/","title":{"rendered":"Enfermeiro Demitido Sem Justa Causa: Descubra Agora Se o Hospital Est\u00e1 Devendo Dinheiro a Voc\u00ea"},"content":{"rendered":"<h2><b>Introdu\u00e7\u00e3o: a demiss\u00e3o d\u00f3i, mas o preju\u00edzo financeiro pode ser ainda maior<\/b><\/h2>\n<p><span style=\"font-weight: 400;\">Ser demitido nunca \u00e9 simples. Al\u00e9m do impacto emocional imediato, surge, ao mesmo tempo, a inseguran\u00e7a financeira e a d\u00favida sobre o futuro profissional. Entretanto, embora a demiss\u00e3o sem justa causa seja legal, ela <\/span><b>gera direitos obrigat\u00f3rios e irrenunci\u00e1veis<\/b><span style=\"font-weight: 400;\"> ao enfermeiro.<\/span><\/p>\n<p><span style=\"font-weight: 400;\">O grande problema \u00e9 que, na pr\u00e1tica, muitos hospitais cometem erros e, frequentemente, erros graves\u00a0 no c\u00e1lculo da rescis\u00e3o. Consequentemente, in\u00fameros profissionais deixam de receber valores que poderiam fazer enorme diferen\u00e7a nesse momento delicado.<\/span><\/p>\n<p><span style=\"font-weight: 400;\">Por isso, se voc\u00ea foi demitido recentemente ou, ainda que tenha sido h\u00e1 alguns meses, \u00e9 fundamental analisar com aten\u00e7\u00e3o tudo o que foi pago. Afinal, voc\u00ea pode ter valores relevantes a recuperar.<\/span><\/p>\n<h2><b>O que significa demiss\u00e3o sem justa causa na enfermagem<\/b><\/h2>\n<p><span style=\"font-weight: 400;\">Antes de mais nada, \u00e9 importante entender o conceito. A demiss\u00e3o sem justa causa ocorre quando o hospital decide encerrar o contrato de trabalho <\/span><b>sem que o enfermeiro tenha cometido falta grave<\/b><span style=\"font-weight: 400;\">.<\/span><\/p>\n<p><span style=\"font-weight: 400;\">Ou seja, a iniciativa parte exclusivamente do empregador. Portanto, justamente por essa raz\u00e3o, a legisla\u00e7\u00e3o trabalhista imp\u00f5e uma s\u00e9rie de compensa\u00e7\u00f5es financeiras ao trabalhador dispensado.<\/span><\/p>\n<h2><b>Quais verbas o enfermeiro deve receber obrigatoriamente<\/b><\/h2>\n<p><span style=\"font-weight: 400;\">Agora, de forma objetiva e detalhada, vamos analisar cada verba que deve constar na sua rescis\u00e3o.<\/span><\/p>\n<h3><b>Saldo de sal\u00e1rio<\/b><\/h3>\n<p><span style=\"font-weight: 400;\">Primeiramente, voc\u00ea deve receber o pagamento correspondente aos dias trabalhados no m\u00eas da demiss\u00e3o. Embora pare\u00e7a algo simples, ainda assim ocorrem erros nesse c\u00e1lculo, especialmente quando h\u00e1 plant\u00f5es, adicionais ou horas extras envolvidas.<\/span><\/p>\n<h3><b>Aviso pr\u00e9vio (trabalhado ou indenizado)<\/b><\/h3>\n<p><span style=\"font-weight: 400;\">Al\u00e9m disso, o aviso pr\u00e9vio \u00e9 obrigat\u00f3rio. Caso o hospital opte por n\u00e3o exigir que voc\u00ea trabalhe durante esse per\u00edodo, dever\u00e1 pagar o valor correspondente de forma indenizada.<\/span><\/p>\n<p><span style=\"font-weight: 400;\">Ademais, o aviso pode aumentar conforme o tempo de servi\u00e7o. Portanto, \u00e9 preciso conferir se o per\u00edodo foi corretamente ampliado.<\/span><\/p>\n<h3><b>F\u00e9rias vencidas + 1\/3 constitucional<\/b><\/h3>\n<p><span style=\"font-weight: 400;\">Se voc\u00ea possu\u00eda f\u00e9rias vencidas, o hospital deve pagar o valor integral, acrescido do adicional de um ter\u00e7o. Caso contr\u00e1rio, estar\u00e1 descumprindo diretamente a Constitui\u00e7\u00e3o.<\/span><\/p>\n<h3><b>F\u00e9rias proporcionais + 1\/3<\/b><\/h3>\n<p><span style=\"font-weight: 400;\">Mesmo que voc\u00ea ainda n\u00e3o tenha completado o per\u00edodo aquisitivo, ainda assim ter\u00e1 direito \u00e0s f\u00e9rias proporcionais. Portanto, \u00e9 essencial verificar se todos os meses trabalhados foram considerados.<\/span><\/p>\n<h3><b>13\u00ba sal\u00e1rio proporcional<\/b><\/h3>\n<p><span style=\"font-weight: 400;\">Da mesma forma, voc\u00ea deve receber o 13\u00ba proporcional aos meses trabalhados no ano da demiss\u00e3o. Ainda que tenha sido dispensado no in\u00edcio do ano, esse direito permanece.<\/span><\/p>\n<h3><b>Multa de 40% sobre o FGTS<\/b><\/h3>\n<p><span style=\"font-weight: 400;\">Al\u00e9m das verbas anteriores, o hospital deve pagar multa de 40% sobre todo o saldo depositado no FGTS durante o contrato.<\/span><\/p>\n<p><span style=\"font-weight: 400;\">Consequentemente, se houver dep\u00f3sitos incorretos ou ausentes, essa multa tamb\u00e9m ser\u00e1 calculada de forma errada.<\/span><\/p>\n<h3><b>Libera\u00e7\u00e3o do FGTS<\/b><\/h3>\n<p><span style=\"font-weight: 400;\">Adicionalmente, o empregador deve fornecer as guias necess\u00e1rias para que voc\u00ea possa sacar o saldo.<\/span><\/p>\n<h3><b>Seguro-desemprego<\/b><\/h3>\n<p><span style=\"font-weight: 400;\">Desde que preenchidos os requisitos legais, voc\u00ea ter\u00e1 direito ao seguro-desemprego. Portanto, o hospital deve fornecer a documenta\u00e7\u00e3o adequada.<\/span><\/p>\n<h2><b>Aten\u00e7\u00e3o redobrada: horas extras, adicional noturno e insalubridade entram no c\u00e1lculo<\/b><\/h2>\n<p><span style=\"font-weight: 400;\">Aqui est\u00e1 um dos pontos mais cr\u00edticos \u2014 e, ao mesmo tempo, mais negligenciados.<\/span><\/p>\n<p><span style=\"font-weight: 400;\">Se voc\u00ea recebia horas extras, adicional noturno ou insalubridade, esses valores <\/span><b>devem integrar a base de c\u00e1lculo das f\u00e9rias, do 13\u00ba e do FGTS<\/b><span style=\"font-weight: 400;\">.<\/span><\/p>\n<p><span style=\"font-weight: 400;\">Entretanto, muitos hospitais ignoram esses reflexos. Consequentemente, o valor final pago na rescis\u00e3o fica muito abaixo do correto.<\/span><\/p>\n<h2><b>Erros mais comuns cometidos pelos hospitais<\/b><\/h2>\n<p><span style=\"font-weight: 400;\">Infelizmente, esses erros s\u00e3o mais comuns do que se imagina. Entre eles, destacam-se:<\/span><\/p>\n<ul>\n<li style=\"font-weight: 400;\" aria-level=\"1\"><span style=\"font-weight: 400;\">Exclus\u00e3o de horas extras habituais<\/span><span style=\"font-weight: 400;\">\n<p><\/span><\/li>\n<li style=\"font-weight: 400;\" aria-level=\"1\"><span style=\"font-weight: 400;\">Pagamento de insalubridade em grau inferior<\/span><span style=\"font-weight: 400;\">\n<p><\/span><\/li>\n<li style=\"font-weight: 400;\" aria-level=\"1\"><span style=\"font-weight: 400;\">Aviso pr\u00e9vio calculado incorretamente<\/span><span style=\"font-weight: 400;\">\n<p><\/span><\/li>\n<li style=\"font-weight: 400;\" aria-level=\"1\"><span style=\"font-weight: 400;\">Dep\u00f3sitos incompletos de FGTS<\/span><span style=\"font-weight: 400;\">\n<p><\/span><\/li>\n<li style=\"font-weight: 400;\" aria-level=\"1\"><span style=\"font-weight: 400;\">Aus\u00eancia de reflexos legais<\/span><span style=\"font-weight: 400;\">\n<p><\/span><\/li>\n<\/ul>\n<p><span style=\"font-weight: 400;\">Assim, embora o valor pare\u00e7a \u201ccorreto\u201d, na realidade ele pode estar substancialmente reduzido.<\/span><\/p>\n<h2><b>Como saber se o c\u00e1lculo da sua rescis\u00e3o est\u00e1 errado<\/b><\/h2>\n<p><span style=\"font-weight: 400;\">Se o valor recebido parece baixo, especialmente considerando sua jornada intensa e adicionais frequentes, h\u00e1 motivo para desconfian\u00e7a.<\/span><\/p>\n<p><span style=\"font-weight: 400;\">Al\u00e9m disso, se voc\u00ea realizava plant\u00f5es extras, trabalhava em condi\u00e7\u00f5es insalubres ou fazia horas noturnas regularmente, \u00e9 ainda mais prov\u00e1vel que haja diferen\u00e7as.<\/span><\/p>\n<p><span style=\"font-weight: 400;\">Portanto, revisar o c\u00e1lculo com um profissional especializado \u00e9 altamente recomend\u00e1vel.<\/span><\/p>\n<h2><b>Prazo para pagamento das verbas rescis\u00f3rias<\/b><\/h2>\n<p><span style=\"font-weight: 400;\">A empresa deve pagar todas as verbas em at\u00e9 10 dias ap\u00f3s o t\u00e9rmino do contrato. Caso contr\u00e1rio, estar\u00e1 sujeita a multa prevista na CLT.<\/span><\/p>\n<h2><b>O que acontece se houver atraso<\/b><\/h2>\n<p><span style=\"font-weight: 400;\">Se o hospital atrasar o pagamento, dever\u00e1 pagar multa equivalente a um sal\u00e1rio do empregado. Al\u00e9m disso, poder\u00e1 ser acionado judicialmente.<\/span><\/p>\n<h2><b>Posso processar mesmo ap\u00f3s assinar a rescis\u00e3o?<\/b><\/h2>\n<p><span style=\"font-weight: 400;\">Sim. E esse ponto \u00e9 extremamente importante.<\/span><\/p>\n<p><span style=\"font-weight: 400;\">Mesmo que voc\u00ea tenha assinado o termo de rescis\u00e3o, ainda pode questionar judicialmente valores incorretos. Portanto, a assinatura n\u00e3o impede a a\u00e7\u00e3o.<\/span><\/p>\n<h2><b>Documentos que voc\u00ea deve guardar imediatamente<\/b><\/h2>\n<p><span style=\"font-weight: 400;\">Para proteger seus direitos, guarde:<\/span><\/p>\n<ul>\n<li style=\"font-weight: 400;\" aria-level=\"1\"><span style=\"font-weight: 400;\">Termo de rescis\u00e3o<\/span><span style=\"font-weight: 400;\">\n<p><\/span><\/li>\n<li style=\"font-weight: 400;\" aria-level=\"1\"><span style=\"font-weight: 400;\">Holerites<\/span><span style=\"font-weight: 400;\">\n<p><\/span><\/li>\n<li style=\"font-weight: 400;\" aria-level=\"1\"><span style=\"font-weight: 400;\">Extrato do FGTS<\/span><span style=\"font-weight: 400;\">\n<p><\/span><\/li>\n<li style=\"font-weight: 400;\" aria-level=\"1\"><span style=\"font-weight: 400;\">Escalas<\/span><span style=\"font-weight: 400;\">\n<p><\/span><\/li>\n<li style=\"font-weight: 400;\" aria-level=\"1\"><span style=\"font-weight: 400;\">Comprovantes de adicionais<\/span><span style=\"font-weight: 400;\">\n<p><\/span><\/li>\n<\/ul>\n<p><span style=\"font-weight: 400;\">Esses documentos s\u00e3o fundamentais caso seja necess\u00e1rio ajuizar a\u00e7\u00e3o.<\/span><\/p>\n<h2><b>Qual \u00e9 o prazo para entrar com a\u00e7\u00e3o trabalhista<\/b><\/h2>\n<p><span style=\"font-weight: 400;\">Voc\u00ea tem at\u00e9 2 anos ap\u00f3s o t\u00e9rmino do contrato para ingressar com a\u00e7\u00e3o. Entretanto, s\u00f3 poder\u00e1 cobrar os \u00faltimos 5 anos trabalhados.<\/span><\/p>\n<p><span style=\"font-weight: 400;\">Portanto, quanto antes agir, melhor.<\/span><\/p>\n<h2><b>Quanto um enfermeiro pode receber em uma a\u00e7\u00e3o trabalhista<\/b><\/h2>\n<p><span style=\"font-weight: 400;\">Isso depende das irregularidades identificadas. Contudo, frequentemente as a\u00e7\u00f5es envolvem:<\/span><\/p>\n<ul>\n<li style=\"font-weight: 400;\" aria-level=\"1\"><span style=\"font-weight: 400;\">Diferen\u00e7as de horas extras<\/span><span style=\"font-weight: 400;\">\n<p><\/span><\/li>\n<li style=\"font-weight: 400;\" aria-level=\"1\"><span style=\"font-weight: 400;\">Insalubridade paga incorretamente<\/span><span style=\"font-weight: 400;\">\n<p><\/span><\/li>\n<li style=\"font-weight: 400;\" aria-level=\"1\"><span style=\"font-weight: 400;\">Intervalo suprimido<\/span><span style=\"font-weight: 400;\">\n<p><\/span><\/li>\n<li style=\"font-weight: 400;\" aria-level=\"1\"><span style=\"font-weight: 400;\">FGTS n\u00e3o depositado<\/span><span style=\"font-weight: 400;\">\n<p><\/span><\/li>\n<\/ul>\n<p><span style=\"font-weight: 400;\">Consequentemente, os valores podem alcan\u00e7ar cifras significativas.<\/span><\/p>\n<h2><b>Por que tantos enfermeiros deixam dinheiro para tr\u00e1s<\/b><\/h2>\n<p><span style=\"font-weight: 400;\">Infelizmente, muitos profissionais:<\/span><\/p>\n<ul>\n<li style=\"font-weight: 400;\" aria-level=\"1\"><span style=\"font-weight: 400;\">Confiam integralmente no c\u00e1lculo do hospital<\/span><span style=\"font-weight: 400;\">\n<p><\/span><\/li>\n<li style=\"font-weight: 400;\" aria-level=\"1\"><span style=\"font-weight: 400;\">T\u00eam receio de processar<\/span><span style=\"font-weight: 400;\">\n<p><\/span><\/li>\n<li style=\"font-weight: 400;\" aria-level=\"1\"><span style=\"font-weight: 400;\">Acreditam que \u201cn\u00e3o vale a pena\u201d<\/span><span style=\"font-weight: 400;\">\n<p><\/span><\/li>\n<li style=\"font-weight: 400;\" aria-level=\"1\"><span style=\"font-weight: 400;\">N\u00e3o conhecem seus direitos<\/span><span style=\"font-weight: 400;\">\n<p><\/span><\/li>\n<\/ul>\n<p><span style=\"font-weight: 400;\">Entretanto, informa\u00e7\u00e3o transforma inseguran\u00e7a em estrat\u00e9gia.<\/span><\/p>\n<h2><b>Conclus\u00e3o: talvez o hospital esteja devendo \u2014 e voc\u00ea ainda n\u00e3o percebeu<\/b><\/h2>\n<p><span style=\"font-weight: 400;\">Ser demitido sem justa causa n\u00e3o significa sair sem direitos. Pelo contr\u00e1rio, significa ter direito a uma s\u00e9rie de verbas obrigat\u00f3rias.<\/span><\/p>\n<p><span style=\"font-weight: 400;\">Al\u00e9m disso, erros rescis\u00f3rios s\u00e3o extremamente comuns na \u00e1rea da sa\u00fade.<\/span><\/p>\n<p><span style=\"font-weight: 400;\">Portanto, antes de aceitar o valor como definitivo, revise. Analise. Confirme. Porque, muitas vezes, o que parece encerrado ainda pode gerar recupera\u00e7\u00e3o financeira relevante.<\/span><\/p>\n<h2><b>FAQs<\/b><\/h2>\n<ol>\n<li><b> Enfermeiro demitido sem justa causa tem direito a qu\u00ea?<\/b><b><br \/>\n<\/b><span style=\"font-weight: 400;\"> Saldo, aviso, f\u00e9rias, 13\u00ba, FGTS + 40% e seguro-desemprego.<\/span><\/li>\n<li><b> Posso processar mesmo depois de receber?<\/b><b><br \/>\n<\/b><span style=\"font-weight: 400;\"> Sim, se houver erro no c\u00e1lculo.<\/span><\/li>\n<li><b> O hospital pode atrasar o pagamento?<\/b><b><br \/>\n<\/b><span style=\"font-weight: 400;\"> N\u00e3o. Caso atrase, deve pagar multa.<\/span><\/li>\n<li><b> Insalubridade entra no c\u00e1lculo?<\/b><b><br \/>\n<\/b><span style=\"font-weight: 400;\"> Sim, deve refletir nas verbas rescis\u00f3rias.<\/span><\/li>\n<li><b> Vale revisar a rescis\u00e3o?<\/b><b><br \/>\n<\/b><span style=\"font-weight: 400;\"> Sim. Muitas vezes h\u00e1 valores relevantes a receber.<\/span><\/li>\n<\/ol>\n<p><span style=\"font-weight: 400;\">\ud83d\udc49 <\/span><a href=\"https:\/\/api.whatsapp.com\/send\/?phone=5531975283687&amp;text&amp;type=phone_number&amp;app_absent=0\"><span style=\"font-weight: 400;\">Entre em contato agora.<\/span><span style=\"font-weight: 400;\"><\/p>\n<p><\/span><\/a><\/p>\n<p><span style=\"font-weight: 400;\">Leia tamb\u00e9m<\/span><\/p>\n<ul>\n<li style=\"font-weight: 400;\" aria-level=\"1\"><a href=\"https:\/\/carvalhoadvogado.aliamkt.com\/index.php\/2026\/01\/02\/rescisao-indireta-ameacas-humilhacoes-exposicao-ridiculo\/\"><span style=\"font-weight: 400;\">Rescis\u00e3o Indireta por Amea\u00e7as, Humilha\u00e7\u00f5es e Exposi\u00e7\u00e3o ao Rid\u00edculo no Trabalho: Saiba Como Sair Sem Perder Seus Direitos<\/span><\/a><\/li>\n<\/ul>\n<p>&nbsp;<\/p>\n<p><a href=\"https:\/\/api.whatsapp.com\/send\/?phone=5531975283687&amp;text&amp;type=phone_number&amp;app_absent=0\"><b>Clique aqui e fale comigo agora.<\/b><b><\/p>\n<p><\/b><\/a><\/p>\n<p>&nbsp;<\/p>\n<p><a href=\"https:\/\/wa.me\/5531975283687\"><b>Entre em contato agora com um advogado trabalhista e saiba como garantir o que \u00e9 seu por lei!<\/b><\/a><\/p>\n<p><b>Fale com o Dr. Pedro Carvalho!<\/b><\/p>\n<p><b>Clique no bot\u00e3o abaixo e obtenha a orienta\u00e7\u00e3o jur\u00eddica que voc\u00ea precisa para resolver suas quest\u00f5es com seguran\u00e7a e confian\u00e7a.\u00a0<\/b><\/p>\n<p><a href=\"https:\/\/wa.me\/5531975283687\"><b>Fale comigo agora mesmo<\/b><\/a><\/p>\n<p><b>Siga-nos na rede social, @pedroncarvalhoadv, e fique por dentro das \u00faltimas novidades!<\/b><\/p>\n","protected":false},"excerpt":{"rendered":"<p>Introdu\u00e7\u00e3o: a demiss\u00e3o d\u00f3i, mas o preju\u00edzo financeiro pode ser ainda maior Ser demitido nunca \u00e9 simples. Al\u00e9m do impacto emocional imediato, surge, ao mesmo tempo, a inseguran\u00e7a financeira e a d\u00favida sobre o futuro profissional. Entretanto, embora a demiss\u00e3o sem justa causa seja legal, ela gera direitos obrigat\u00f3rios e irrenunci\u00e1veis ao enfermeiro. O grande [&hellip;]<\/p>\n","protected":false},"author":1,"featured_media":1623,"comment_status":"open","ping_status":"open","sticky":false,"template":"","format":"standard","meta":{"_joinchat":{"telephone":"+5531975283687"},"footnotes":""},"categories":[6],"tags":[],"class_list":["post-1622","post","type-post","status-publish","format-standard","has-post-thumbnail","hentry","category-direito-trabalhista"],"yoast_head":"<!-- This site is optimized with the Yoast SEO plugin v27.5 - https:\/\/yoast.com\/product\/yoast-seo-wordpress\/ -->\n<title>Enfermeiro Demitido Sem Justa Causa: Veja Seus Direitos e Como Saber se o Hospital Pagou Errado<\/title>\n<meta name=\"description\" content=\"Foi demitido sem justa causa? Saiba quais direitos o enfermeiro deve receber e descubra se o hospital pagou sua rescis\u00e3o corretamente.\" \/>\n<meta name=\"robots\" content=\"index, follow, max-snippet:-1, max-image-preview:large, max-video-preview:-1\" \/>\n<link rel=\"canonical\" href=\"https:\/\/carvalhoadvogado.aliamkt.com\/index.php\/2026\/02\/19\/enfermeiro-demitido-sem-justa-causa-direitos\/\" \/>\n<meta property=\"og:locale\" content=\"pt_BR\" \/>\n<meta property=\"og:type\" content=\"article\" \/>\n<meta property=\"og:title\" content=\"Enfermeiro Demitido Sem Justa Causa: Veja Seus Direitos e Como Saber se o Hospital Pagou Errado\" \/>\n<meta property=\"og:description\" content=\"Foi demitido sem justa causa? Saiba quais direitos o enfermeiro deve receber e descubra se o hospital pagou sua rescis\u00e3o corretamente.\" \/>\n<meta property=\"og:url\" content=\"https:\/\/carvalhoadvogado.aliamkt.com\/index.php\/2026\/02\/19\/enfermeiro-demitido-sem-justa-causa-direitos\/\" \/>\n<meta property=\"og:site_name\" content=\"Pedro Carvalho Advogado Trabalhista\" \/>\n<meta property=\"article:published_time\" content=\"2026-02-19T17:41:09+00:00\" \/>\n<meta property=\"og:image\" content=\"https:\/\/carvalhoadvogado.aliamkt.com\/wp-content\/uploads\/2026\/02\/advogado-do-trabalho-em-betim.jpg\" \/>\n\t<meta property=\"og:image:width\" content=\"735\" \/>\n\t<meta property=\"og:image:height\" content=\"420\" \/>\n\t<meta property=\"og:image:type\" content=\"image\/jpeg\" \/>\n<meta name=\"author\" content=\"lailacarvalhoadv\" \/>\n<meta name=\"twitter:card\" content=\"summary_large_image\" \/>\n<meta name=\"twitter:label1\" content=\"Escrito por\" \/>\n\t<meta name=\"twitter:data1\" content=\"lailacarvalhoadv\" \/>\n\t<meta name=\"twitter:label2\" content=\"Est. tempo de leitura\" \/>\n\t<meta name=\"twitter:data2\" content=\"7 minutos\" \/>\n<script type=\"application\/ld+json\" class=\"yoast-schema-graph\">{\"@context\":\"https:\\\/\\\/schema.org\",\"@graph\":[{\"@type\":\"Article\",\"@id\":\"https:\\\/\\\/carvalhoadvogado.aliamkt.com\\\/index.php\\\/2026\\\/02\\\/19\\\/enfermeiro-demitido-sem-justa-causa-direitos\\\/#article\",\"isPartOf\":{\"@id\":\"https:\\\/\\\/carvalhoadvogado.aliamkt.com\\\/index.php\\\/2026\\\/02\\\/19\\\/enfermeiro-demitido-sem-justa-causa-direitos\\\/\"},\"author\":{\"name\":\"lailacarvalhoadv\",\"@id\":\"https:\\\/\\\/carvalhoadvogado.aliamkt.com\\\/#\\\/schema\\\/person\\\/8f4d67ba57d6160ee802836a319bd8eb\"},\"headline\":\"Enfermeiro Demitido Sem Justa Causa: Descubra Agora Se o Hospital Est\u00e1 Devendo Dinheiro a Voc\u00ea\",\"datePublished\":\"2026-02-19T17:41:09+00:00\",\"mainEntityOfPage\":{\"@id\":\"https:\\\/\\\/carvalhoadvogado.aliamkt.com\\\/index.php\\\/2026\\\/02\\\/19\\\/enfermeiro-demitido-sem-justa-causa-direitos\\\/\"},\"wordCount\":1243,\"commentCount\":0,\"publisher\":{\"@id\":\"https:\\\/\\\/carvalhoadvogado.aliamkt.com\\\/#organization\"},\"image\":{\"@id\":\"https:\\\/\\\/carvalhoadvogado.aliamkt.com\\\/index.php\\\/2026\\\/02\\\/19\\\/enfermeiro-demitido-sem-justa-causa-direitos\\\/#primaryimage\"},\"thumbnailUrl\":\"https:\\\/\\\/carvalhoadvogado.aliamkt.com\\\/wp-content\\\/uploads\\\/2026\\\/02\\\/advogado-do-trabalho-em-betim.jpg\",\"articleSection\":[\"Direito Trabalhista\"],\"inLanguage\":\"pt-BR\",\"potentialAction\":[{\"@type\":\"CommentAction\",\"name\":\"Comment\",\"target\":[\"https:\\\/\\\/carvalhoadvogado.aliamkt.com\\\/index.php\\\/2026\\\/02\\\/19\\\/enfermeiro-demitido-sem-justa-causa-direitos\\\/#respond\"]}]},{\"@type\":\"WebPage\",\"@id\":\"https:\\\/\\\/carvalhoadvogado.aliamkt.com\\\/index.php\\\/2026\\\/02\\\/19\\\/enfermeiro-demitido-sem-justa-causa-direitos\\\/\",\"url\":\"https:\\\/\\\/carvalhoadvogado.aliamkt.com\\\/index.php\\\/2026\\\/02\\\/19\\\/enfermeiro-demitido-sem-justa-causa-direitos\\\/\",\"name\":\"Enfermeiro Demitido Sem Justa Causa: Veja Seus Direitos e Como Saber se o Hospital Pagou Errado\",\"isPartOf\":{\"@id\":\"https:\\\/\\\/carvalhoadvogado.aliamkt.com\\\/#website\"},\"primaryImageOfPage\":{\"@id\":\"https:\\\/\\\/carvalhoadvogado.aliamkt.com\\\/index.php\\\/2026\\\/02\\\/19\\\/enfermeiro-demitido-sem-justa-causa-direitos\\\/#primaryimage\"},\"image\":{\"@id\":\"https:\\\/\\\/carvalhoadvogado.aliamkt.com\\\/index.php\\\/2026\\\/02\\\/19\\\/enfermeiro-demitido-sem-justa-causa-direitos\\\/#primaryimage\"},\"thumbnailUrl\":\"https:\\\/\\\/carvalhoadvogado.aliamkt.com\\\/wp-content\\\/uploads\\\/2026\\\/02\\\/advogado-do-trabalho-em-betim.jpg\",\"datePublished\":\"2026-02-19T17:41:09+00:00\",\"description\":\"Foi demitido sem justa causa? Saiba quais direitos o enfermeiro deve receber e descubra se o hospital pagou sua rescis\u00e3o corretamente.\",\"breadcrumb\":{\"@id\":\"https:\\\/\\\/carvalhoadvogado.aliamkt.com\\\/index.php\\\/2026\\\/02\\\/19\\\/enfermeiro-demitido-sem-justa-causa-direitos\\\/#breadcrumb\"},\"inLanguage\":\"pt-BR\",\"potentialAction\":[{\"@type\":\"ReadAction\",\"target\":[\"https:\\\/\\\/carvalhoadvogado.aliamkt.com\\\/index.php\\\/2026\\\/02\\\/19\\\/enfermeiro-demitido-sem-justa-causa-direitos\\\/\"]}]},{\"@type\":\"ImageObject\",\"inLanguage\":\"pt-BR\",\"@id\":\"https:\\\/\\\/carvalhoadvogado.aliamkt.com\\\/index.php\\\/2026\\\/02\\\/19\\\/enfermeiro-demitido-sem-justa-causa-direitos\\\/#primaryimage\",\"url\":\"https:\\\/\\\/carvalhoadvogado.aliamkt.com\\\/wp-content\\\/uploads\\\/2026\\\/02\\\/advogado-do-trabalho-em-betim.jpg\",\"contentUrl\":\"https:\\\/\\\/carvalhoadvogado.aliamkt.com\\\/wp-content\\\/uploads\\\/2026\\\/02\\\/advogado-do-trabalho-em-betim.jpg\",\"width\":735,\"height\":420},{\"@type\":\"BreadcrumbList\",\"@id\":\"https:\\\/\\\/carvalhoadvogado.aliamkt.com\\\/index.php\\\/2026\\\/02\\\/19\\\/enfermeiro-demitido-sem-justa-causa-direitos\\\/#breadcrumb\",\"itemListElement\":[{\"@type\":\"ListItem\",\"position\":1,\"name\":\"In\u00edcio\",\"item\":\"https:\\\/\\\/carvalhoadvogado.aliamkt.com\\\/\"},{\"@type\":\"ListItem\",\"position\":2,\"name\":\"Enfermeiro Demitido Sem Justa Causa: Descubra Agora Se o Hospital Est\u00e1 Devendo Dinheiro a Voc\u00ea\"}]},{\"@type\":\"WebSite\",\"@id\":\"https:\\\/\\\/carvalhoadvogado.aliamkt.com\\\/#website\",\"url\":\"https:\\\/\\\/carvalhoadvogado.aliamkt.com\\\/\",\"name\":\"Pedro Carvalho Advogado\",\"description\":\"Advogado Trabalhista\",\"publisher\":{\"@id\":\"https:\\\/\\\/carvalhoadvogado.aliamkt.com\\\/#organization\"},\"potentialAction\":[{\"@type\":\"SearchAction\",\"target\":{\"@type\":\"EntryPoint\",\"urlTemplate\":\"https:\\\/\\\/carvalhoadvogado.aliamkt.com\\\/?s={search_term_string}\"},\"query-input\":{\"@type\":\"PropertyValueSpecification\",\"valueRequired\":true,\"valueName\":\"search_term_string\"}}],\"inLanguage\":\"pt-BR\"},{\"@type\":\"Organization\",\"@id\":\"https:\\\/\\\/carvalhoadvogado.aliamkt.com\\\/#organization\",\"name\":\"Pedro Carvalho Advogado\",\"url\":\"https:\\\/\\\/carvalhoadvogado.aliamkt.com\\\/\",\"logo\":{\"@type\":\"ImageObject\",\"inLanguage\":\"pt-BR\",\"@id\":\"https:\\\/\\\/carvalhoadvogado.aliamkt.com\\\/#\\\/schema\\\/logo\\\/image\\\/\",\"url\":\"https:\\\/\\\/carvalhoadvogado.aliamkt.com\\\/wp-content\\\/uploads\\\/2024\\\/06\\\/Logo-azul.png\",\"contentUrl\":\"https:\\\/\\\/carvalhoadvogado.aliamkt.com\\\/wp-content\\\/uploads\\\/2024\\\/06\\\/Logo-azul.png\",\"width\":500,\"height\":500,\"caption\":\"Pedro Carvalho Advogado\"},\"image\":{\"@id\":\"https:\\\/\\\/carvalhoadvogado.aliamkt.com\\\/#\\\/schema\\\/logo\\\/image\\\/\"}},{\"@type\":\"Person\",\"@id\":\"https:\\\/\\\/carvalhoadvogado.aliamkt.com\\\/#\\\/schema\\\/person\\\/8f4d67ba57d6160ee802836a319bd8eb\",\"name\":\"lailacarvalhoadv\",\"image\":{\"@type\":\"ImageObject\",\"inLanguage\":\"pt-BR\",\"@id\":\"https:\\\/\\\/secure.gravatar.com\\\/avatar\\\/a60961139a792fb5ca701fab485f653a1b3cc37cf8dbd4937b4134105caf5369?s=96&d=mm&r=g\",\"url\":\"https:\\\/\\\/secure.gravatar.com\\\/avatar\\\/a60961139a792fb5ca701fab485f653a1b3cc37cf8dbd4937b4134105caf5369?s=96&d=mm&r=g\",\"contentUrl\":\"https:\\\/\\\/secure.gravatar.com\\\/avatar\\\/a60961139a792fb5ca701fab485f653a1b3cc37cf8dbd4937b4134105caf5369?s=96&d=mm&r=g\",\"caption\":\"lailacarvalhoadv\"},\"sameAs\":[\"https:\\\/\\\/carvalhoadvogado.aliamkt.com\"],\"url\":\"https:\\\/\\\/carvalhoadvogado.aliamkt.com\\\/index.php\\\/author\\\/lailacarvalhoadv\\\/\"}]}<\/script>\n<!-- \/ Yoast SEO plugin. -->","yoast_head_json":{"title":"Enfermeiro Demitido Sem Justa Causa: Veja Seus Direitos e Como Saber se o Hospital Pagou Errado","description":"Foi demitido sem justa causa? Saiba quais direitos o enfermeiro deve receber e descubra se o hospital pagou sua rescis\u00e3o corretamente.","robots":{"index":"index","follow":"follow","max-snippet":"max-snippet:-1","max-image-preview":"max-image-preview:large","max-video-preview":"max-video-preview:-1"},"canonical":"https:\/\/carvalhoadvogado.aliamkt.com\/index.php\/2026\/02\/19\/enfermeiro-demitido-sem-justa-causa-direitos\/","og_locale":"pt_BR","og_type":"article","og_title":"Enfermeiro Demitido Sem Justa Causa: Veja Seus Direitos e Como Saber se o Hospital Pagou Errado","og_description":"Foi demitido sem justa causa? Saiba quais direitos o enfermeiro deve receber e descubra se o hospital pagou sua rescis\u00e3o corretamente.","og_url":"https:\/\/carvalhoadvogado.aliamkt.com\/index.php\/2026\/02\/19\/enfermeiro-demitido-sem-justa-causa-direitos\/","og_site_name":"Pedro Carvalho Advogado Trabalhista","article_published_time":"2026-02-19T17:41:09+00:00","og_image":[{"width":735,"height":420,"url":"https:\/\/carvalhoadvogado.aliamkt.com\/wp-content\/uploads\/2026\/02\/advogado-do-trabalho-em-betim.jpg","type":"image\/jpeg"}],"author":"lailacarvalhoadv","twitter_card":"summary_large_image","twitter_misc":{"Escrito por":"lailacarvalhoadv","Est. tempo de leitura":"7 minutos"},"schema":{"@context":"https:\/\/schema.org","@graph":[{"@type":"Article","@id":"https:\/\/carvalhoadvogado.aliamkt.com\/index.php\/2026\/02\/19\/enfermeiro-demitido-sem-justa-causa-direitos\/#article","isPartOf":{"@id":"https:\/\/carvalhoadvogado.aliamkt.com\/index.php\/2026\/02\/19\/enfermeiro-demitido-sem-justa-causa-direitos\/"},"author":{"name":"lailacarvalhoadv","@id":"https:\/\/carvalhoadvogado.aliamkt.com\/#\/schema\/person\/8f4d67ba57d6160ee802836a319bd8eb"},"headline":"Enfermeiro Demitido Sem Justa Causa: Descubra Agora Se o Hospital Est\u00e1 Devendo Dinheiro a Voc\u00ea","datePublished":"2026-02-19T17:41:09+00:00","mainEntityOfPage":{"@id":"https:\/\/carvalhoadvogado.aliamkt.com\/index.php\/2026\/02\/19\/enfermeiro-demitido-sem-justa-causa-direitos\/"},"wordCount":1243,"commentCount":0,"publisher":{"@id":"https:\/\/carvalhoadvogado.aliamkt.com\/#organization"},"image":{"@id":"https:\/\/carvalhoadvogado.aliamkt.com\/index.php\/2026\/02\/19\/enfermeiro-demitido-sem-justa-causa-direitos\/#primaryimage"},"thumbnailUrl":"https:\/\/carvalhoadvogado.aliamkt.com\/wp-content\/uploads\/2026\/02\/advogado-do-trabalho-em-betim.jpg","articleSection":["Direito Trabalhista"],"inLanguage":"pt-BR","potentialAction":[{"@type":"CommentAction","name":"Comment","target":["https:\/\/carvalhoadvogado.aliamkt.com\/index.php\/2026\/02\/19\/enfermeiro-demitido-sem-justa-causa-direitos\/#respond"]}]},{"@type":"WebPage","@id":"https:\/\/carvalhoadvogado.aliamkt.com\/index.php\/2026\/02\/19\/enfermeiro-demitido-sem-justa-causa-direitos\/","url":"https:\/\/carvalhoadvogado.aliamkt.com\/index.php\/2026\/02\/19\/enfermeiro-demitido-sem-justa-causa-direitos\/","name":"Enfermeiro Demitido Sem Justa Causa: Veja Seus Direitos e Como Saber se o Hospital Pagou Errado","isPartOf":{"@id":"https:\/\/carvalhoadvogado.aliamkt.com\/#website"},"primaryImageOfPage":{"@id":"https:\/\/carvalhoadvogado.aliamkt.com\/index.php\/2026\/02\/19\/enfermeiro-demitido-sem-justa-causa-direitos\/#primaryimage"},"image":{"@id":"https:\/\/carvalhoadvogado.aliamkt.com\/index.php\/2026\/02\/19\/enfermeiro-demitido-sem-justa-causa-direitos\/#primaryimage"},"thumbnailUrl":"https:\/\/carvalhoadvogado.aliamkt.com\/wp-content\/uploads\/2026\/02\/advogado-do-trabalho-em-betim.jpg","datePublished":"2026-02-19T17:41:09+00:00","description":"Foi demitido sem justa causa? Saiba quais direitos o enfermeiro deve receber e descubra se o hospital pagou sua rescis\u00e3o corretamente.","breadcrumb":{"@id":"https:\/\/carvalhoadvogado.aliamkt.com\/index.php\/2026\/02\/19\/enfermeiro-demitido-sem-justa-causa-direitos\/#breadcrumb"},"inLanguage":"pt-BR","potentialAction":[{"@type":"ReadAction","target":["https:\/\/carvalhoadvogado.aliamkt.com\/index.php\/2026\/02\/19\/enfermeiro-demitido-sem-justa-causa-direitos\/"]}]},{"@type":"ImageObject","inLanguage":"pt-BR","@id":"https:\/\/carvalhoadvogado.aliamkt.com\/index.php\/2026\/02\/19\/enfermeiro-demitido-sem-justa-causa-direitos\/#primaryimage","url":"https:\/\/carvalhoadvogado.aliamkt.com\/wp-content\/uploads\/2026\/02\/advogado-do-trabalho-em-betim.jpg","contentUrl":"https:\/\/carvalhoadvogado.aliamkt.com\/wp-content\/uploads\/2026\/02\/advogado-do-trabalho-em-betim.jpg","width":735,"height":420},{"@type":"BreadcrumbList","@id":"https:\/\/carvalhoadvogado.aliamkt.com\/index.php\/2026\/02\/19\/enfermeiro-demitido-sem-justa-causa-direitos\/#breadcrumb","itemListElement":[{"@type":"ListItem","position":1,"name":"In\u00edcio","item":"https:\/\/carvalhoadvogado.aliamkt.com\/"},{"@type":"ListItem","position":2,"name":"Enfermeiro Demitido Sem Justa Causa: Descubra Agora Se o Hospital Est\u00e1 Devendo Dinheiro a Voc\u00ea"}]},{"@type":"WebSite","@id":"https:\/\/carvalhoadvogado.aliamkt.com\/#website","url":"https:\/\/carvalhoadvogado.aliamkt.com\/","name":"Pedro Carvalho Advogado","description":"Advogado Trabalhista","publisher":{"@id":"https:\/\/carvalhoadvogado.aliamkt.com\/#organization"},"potentialAction":[{"@type":"SearchAction","target":{"@type":"EntryPoint","urlTemplate":"https:\/\/carvalhoadvogado.aliamkt.com\/?s={search_term_string}"},"query-input":{"@type":"PropertyValueSpecification","valueRequired":true,"valueName":"search_term_string"}}],"inLanguage":"pt-BR"},{"@type":"Organization","@id":"https:\/\/carvalhoadvogado.aliamkt.com\/#organization","name":"Pedro Carvalho Advogado","url":"https:\/\/carvalhoadvogado.aliamkt.com\/","logo":{"@type":"ImageObject","inLanguage":"pt-BR","@id":"https:\/\/carvalhoadvogado.aliamkt.com\/#\/schema\/logo\/image\/","url":"https:\/\/carvalhoadvogado.aliamkt.com\/wp-content\/uploads\/2024\/06\/Logo-azul.png","contentUrl":"https:\/\/carvalhoadvogado.aliamkt.com\/wp-content\/uploads\/2024\/06\/Logo-azul.png","width":500,"height":500,"caption":"Pedro Carvalho Advogado"},"image":{"@id":"https:\/\/carvalhoadvogado.aliamkt.com\/#\/schema\/logo\/image\/"}},{"@type":"Person","@id":"https:\/\/carvalhoadvogado.aliamkt.com\/#\/schema\/person\/8f4d67ba57d6160ee802836a319bd8eb","name":"lailacarvalhoadv","image":{"@type":"ImageObject","inLanguage":"pt-BR","@id":"https:\/\/secure.gravatar.com\/avatar\/a60961139a792fb5ca701fab485f653a1b3cc37cf8dbd4937b4134105caf5369?s=96&d=mm&r=g","url":"https:\/\/secure.gravatar.com\/avatar\/a60961139a792fb5ca701fab485f653a1b3cc37cf8dbd4937b4134105caf5369?s=96&d=mm&r=g","contentUrl":"https:\/\/secure.gravatar.com\/avatar\/a60961139a792fb5ca701fab485f653a1b3cc37cf8dbd4937b4134105caf5369?s=96&d=mm&r=g","caption":"lailacarvalhoadv"},"sameAs":["https:\/\/carvalhoadvogado.aliamkt.com"],"url":"https:\/\/carvalhoadvogado.aliamkt.com\/index.php\/author\/lailacarvalhoadv\/"}]}},"_links":{"self":[{"href":"https:\/\/carvalhoadvogado.aliamkt.com\/index.php\/wp-json\/wp\/v2\/posts\/1622","targetHints":{"allow":["GET"]}}],"collection":[{"href":"https:\/\/carvalhoadvogado.aliamkt.com\/index.php\/wp-json\/wp\/v2\/posts"}],"about":[{"href":"https:\/\/carvalhoadvogado.aliamkt.com\/index.php\/wp-json\/wp\/v2\/types\/post"}],"author":[{"embeddable":true,"href":"https:\/\/carvalhoadvogado.aliamkt.com\/index.php\/wp-json\/wp\/v2\/users\/1"}],"replies":[{"embeddable":true,"href":"https:\/\/carvalhoadvogado.aliamkt.com\/index.php\/wp-json\/wp\/v2\/comments?post=1622"}],"version-history":[{"count":1,"href":"https:\/\/carvalhoadvogado.aliamkt.com\/index.php\/wp-json\/wp\/v2\/posts\/1622\/revisions"}],"predecessor-version":[{"id":1624,"href":"https:\/\/carvalhoadvogado.aliamkt.com\/index.php\/wp-json\/wp\/v2\/posts\/1622\/revisions\/1624"}],"wp:featuredmedia":[{"embeddable":true,"href":"https:\/\/carvalhoadvogado.aliamkt.com\/index.php\/wp-json\/wp\/v2\/media\/1623"}],"wp:attachment":[{"href":"https:\/\/carvalhoadvogado.aliamkt.com\/index.php\/wp-json\/wp\/v2\/media?parent=1622"}],"wp:term":[{"taxonomy":"category","embeddable":true,"href":"https:\/\/carvalhoadvogado.aliamkt.com\/index.php\/wp-json\/wp\/v2\/categories?post=1622"},{"taxonomy":"post_tag","embeddable":true,"href":"https:\/\/carvalhoadvogado.aliamkt.com\/index.php\/wp-json\/wp\/v2\/tags?post=1622"}],"curies":[{"name":"wp","href":"https:\/\/api.w.org\/{rel}","templated":true}]}}