{"id":1626,"date":"2026-02-19T15:26:53","date_gmt":"2026-02-19T18:26:53","guid":{"rendered":"https:\/\/carvalhoadvogado.aliamkt.com\/?p=1626"},"modified":"2026-02-19T15:26:53","modified_gmt":"2026-02-19T18:26:53","slug":"domestica-sem-carteira-assinada-direitos-2026","status":"publish","type":"post","link":"https:\/\/carvalhoadvogado.aliamkt.com\/index.php\/2026\/02\/19\/domestica-sem-carteira-assinada-direitos-2026\/","title":{"rendered":"Trabalhei Como Dom\u00e9stica ou Diarista Sem Carteira Assinada em 2026"},"content":{"rendered":"<p><strong data-start=\"1230\" data-end=\"1295\">Trabalhei como dom\u00e9stica sem carteira assinada tenho direito?<\/strong> Essa \u00e9 uma das perguntas mais feitas por trabalhadoras que atuaram anos em casa de fam\u00edlia sem registro. No entanto, mesmo em 2026, muitas pessoas ainda desconhecem que \u00e9 poss\u00edvel pedir reconhecimento de v\u00ednculo empregat\u00edcio por meio de a\u00e7\u00e3o trabalhista e receber todos os direitos trabalhistas atrasados.<\/p>\n<p><span style=\"font-weight: 400;\">Al\u00e9m disso, foi dispensada e n\u00e3o recebeu <\/span><b>verbas rescis\u00f3rias<\/b><span style=\"font-weight: 400;\">?<\/span><\/p>\n<p><span style=\"font-weight: 400;\">Infelizmente, em 2026, essa situa\u00e7\u00e3o ainda acontece com frequ\u00eancia. No entanto, o que muitos empregadores n\u00e3o explicam \u00e9 que, dependendo da forma como o trabalho era prestado, pode existir <\/span><b>v\u00ednculo empregat\u00edcio<\/b><span style=\"font-weight: 400;\">, mesmo sem registro formal.<\/span><\/p>\n<p><span style=\"font-weight: 400;\">Ou seja, ainda que n\u00e3o tenha havido assinatura na carteira, voc\u00ea pode ter direito a receber todos os seus <\/span><b>direitos trabalhistas<\/b><span style=\"font-weight: 400;\">.<\/span><\/p>\n<p><span style=\"font-weight: 400;\">Por isso, entender sua situa\u00e7\u00e3o \u00e9 o primeiro passo. E, acima de tudo, agir rapidamente pode evitar preju\u00edzos maiores.<\/span><\/p>\n<h2><b>O Nome \u201cDIARISTA\u201d Nem Sempre Impede o Reconhecimento de V\u00ednculo<\/b><\/h2>\n<p><span style=\"font-weight: 400;\">Antes de qualquer coisa, \u00e9 fundamental esclarecer um ponto essencial.<\/span><\/p>\n<p><span style=\"font-weight: 400;\">Muitos empregadores utilizam o termo \u201cdiarista\u201d justamente para evitar obriga\u00e7\u00f5es trabalhistas. Contudo, o que realmente importa n\u00e3o \u00e9 o nome dado \u00e0 fun\u00e7\u00e3o, mas sim a forma como o trabalho acontecia na pr\u00e1tica.<\/span><\/p>\n<p><span style=\"font-weight: 400;\">De modo geral:<\/span><\/p>\n<ul>\n<li style=\"font-weight: 400;\" aria-level=\"1\"><span style=\"font-weight: 400;\">At\u00e9 2 dias por semana \u2192 Pode ser diarista aut\u00f4noma<\/span><span style=\"font-weight: 400;\">\n<p><\/span><\/li>\n<li style=\"font-weight: 400;\" aria-level=\"1\"><span style=\"font-weight: 400;\">3 dias por semana ou mais \u2192 Pode caracterizar v\u00ednculo empregat\u00edcio<\/span><span style=\"font-weight: 400;\">\n<p><\/span><\/li>\n<\/ul>\n<p><span style=\"font-weight: 400;\">Al\u00e9m disso, a Justi\u00e7a tamb\u00e9m analisa:<\/span><\/p>\n<ul>\n<li style=\"font-weight: 400;\" aria-level=\"1\"><span style=\"font-weight: 400;\">Exist\u00eancia de hor\u00e1rio fixo<\/span><span style=\"font-weight: 400;\">\n<p><\/span><\/li>\n<li style=\"font-weight: 400;\" aria-level=\"1\"><span style=\"font-weight: 400;\">Subordina\u00e7\u00e3o<\/span><span style=\"font-weight: 400;\">\n<p><\/span><\/li>\n<li style=\"font-weight: 400;\" aria-level=\"1\"><span style=\"font-weight: 400;\">Pagamento mensal<\/span><span style=\"font-weight: 400;\">\n<p><\/span><\/li>\n<li style=\"font-weight: 400;\" aria-level=\"1\"><span style=\"font-weight: 400;\">Pessoalidade<\/span><span style=\"font-weight: 400;\">\n<p><\/span><\/li>\n<\/ul>\n<p><span style=\"font-weight: 400;\">Portanto, ainda que voc\u00ea fosse chamada de \u201cdiarista\u201d, isso n\u00e3o significa automaticamente que n\u00e3o existia contrato de emprego.<\/span><\/p>\n<p>&nbsp;<\/p>\n<h1><b>\u201cTrabalhei sem Registro, Tenho Direito?\u201d A Resposta Pode Mudar Sua Vida<\/b><\/h1>\n<p><span style=\"font-weight: 400;\">Muitas trabalhadoras pesquisam:<\/span><\/p>\n<ol>\n<li style=\"font-weight: 400;\" aria-level=\"1\"><span style=\"font-weight: 400;\">\u201ctrabalhei sem registro quais meus direitos\u201d<\/span><span style=\"font-weight: 400;\">\n<p><\/span><\/li>\n<li style=\"font-weight: 400;\" aria-level=\"1\"><span style=\"font-weight: 400;\">\u201cn\u00e3o trabalho de carteira assinada tenho algum direito\u201d<\/span><span style=\"font-weight: 400;\">\n<p><\/span><\/li>\n<li style=\"font-weight: 400;\" aria-level=\"1\"><span style=\"font-weight: 400;\">\u201cfuncion\u00e1rio n\u00e3o registrado tem direitos\u201d<\/span><span style=\"font-weight: 400;\">\n<p><\/span><\/li>\n<li style=\"font-weight: 400;\" aria-level=\"1\"><span style=\"font-weight: 400;\">\u201cdireito trabalhista sem carteira assinada\u201d<\/span><span style=\"font-weight: 400;\">\n<p><\/span><\/li>\n<\/ol>\n<p><span style=\"font-weight: 400;\">A resposta \u00e9 clara: <\/span><b>sim, voc\u00ea pode ter direito ao reconhecimento do v\u00ednculo empregat\u00edcio<\/b><span style=\"font-weight: 400;\">.<\/span><\/p>\n<p><span style=\"font-weight: 400;\">Inclusive, a Justi\u00e7a do Trabalho adota o princ\u00edpio da primazia da realidade. Ou seja, o que vale \u00e9 o que realmente acontecia no dia a dia.<\/span><\/p>\n<p><span style=\"font-weight: 400;\">Assim, ainda que n\u00e3o haja contrato escrito, \u00e9 poss\u00edvel ingressar com <\/span><b>a\u00e7\u00e3o trabalhista<\/b><span style=\"font-weight: 400;\">.<\/span><\/p>\n<h1><b>VEJA O QUE VOC\u00ca PODE RECEBER SE O V\u00cdNCULO FOR RECONHECIDO<\/b><\/h1>\n<p><span style=\"font-weight: 400;\">Uma vez reconhecido o v\u00ednculo, o empregador pode ser condenado a pagar:<\/span><\/p>\n<ul>\n<li style=\"font-weight: 400;\" aria-level=\"1\"><span style=\"font-weight: 400;\">Registro retroativo na carteira<\/span><span style=\"font-weight: 400;\">\n<p><\/span><\/li>\n<li style=\"font-weight: 400;\" aria-level=\"1\"><span style=\"font-weight: 400;\">FGTS de todo o per\u00edodo<\/span><span style=\"font-weight: 400;\">\n<p><\/span><\/li>\n<li style=\"font-weight: 400;\" aria-level=\"1\"><span style=\"font-weight: 400;\">Multa de 40% do FGTS<\/span><span style=\"font-weight: 400;\">\n<p><\/span><\/li>\n<li style=\"font-weight: 400;\" aria-level=\"1\"><span style=\"font-weight: 400;\">F\u00e9rias + 1\/3<\/span><span style=\"font-weight: 400;\">\n<p><\/span><\/li>\n<li style=\"font-weight: 400;\" aria-level=\"1\"><span style=\"font-weight: 400;\">13\u00ba sal\u00e1rio<\/span><span style=\"font-weight: 400;\">\n<p><\/span><\/li>\n<li style=\"font-weight: 400;\" aria-level=\"1\"><span style=\"font-weight: 400;\">Aviso pr\u00e9vio<\/span><span style=\"font-weight: 400;\">\n<p><\/span><\/li>\n<li style=\"font-weight: 400;\" aria-level=\"1\"><span style=\"font-weight: 400;\">Seguro-desemprego<\/span><span style=\"font-weight: 400;\">\n<p><\/span><\/li>\n<li style=\"font-weight: 400;\" aria-level=\"1\"><span style=\"font-weight: 400;\">Horas extras<\/span><span style=\"font-weight: 400;\">\n<p><\/span><\/li>\n<li style=\"font-weight: 400;\" aria-level=\"1\"><span style=\"font-weight: 400;\">Eventual adicional de insalubridade<\/span><span style=\"font-weight: 400;\">\n<p><\/span><\/li>\n<li style=\"font-weight: 400;\" aria-level=\"1\"><span style=\"font-weight: 400;\">Verbas rescis\u00f3rias completas<\/span><span style=\"font-weight: 400;\">\n<p><\/span><\/li>\n<\/ul>\n<p><span style=\"font-weight: 400;\">Al\u00e9m disso, quando realizamos os <\/span><b>c\u00e1lculos trabalhistas<\/b><span style=\"font-weight: 400;\">, muitos trabalhadores percebem que os valores acumulados ao longo dos anos s\u00e3o significativos.<\/span><\/p>\n<p><span style=\"font-weight: 400;\">Portanto, antes de pensar que \u201cn\u00e3o vale a pena\u201d, \u00e9 essencial fazer uma an\u00e1lise t\u00e9cnica com um <\/span><b>Advogado trabalhista<\/b><span style=\"font-weight: 400;\">.<\/span><\/p>\n<p>&nbsp;<\/p>\n<h1><b>FOI DEMITIDA SEM JUSTA CAUSA E N\u00c3O RECEBEU NADA? ISSO \u00c9 IRREGULAR<\/b><\/h1>\n<p><span style=\"font-weight: 400;\">Se houve <\/span><b>demiss\u00e3o sem justa causa<\/b><span style=\"font-weight: 400;\">, o pagamento das verbas rescis\u00f3rias \u00e9 obrigat\u00f3rio.<\/span><\/p>\n<p><span style=\"font-weight: 400;\">No entanto, quando o empregador n\u00e3o paga corretamente, a \u00fanica forma de garantir seus direitos pode ser por meio de <\/span><b>a\u00e7\u00e3o trabalhista<\/b><span style=\"font-weight: 400;\">.<\/span><\/p>\n<p><span style=\"font-weight: 400;\">Nesse caso, \u00e9 poss\u00edvel cobrar:<\/span><\/p>\n<ul>\n<li style=\"font-weight: 400;\" aria-level=\"1\"><span style=\"font-weight: 400;\">Sal\u00e1rios atrasados<\/span><span style=\"font-weight: 400;\">\n<p><\/span><\/li>\n<li style=\"font-weight: 400;\" aria-level=\"1\"><span style=\"font-weight: 400;\">FGTS n\u00e3o depositado<\/span><span style=\"font-weight: 400;\">\n<p><\/span><\/li>\n<li style=\"font-weight: 400;\" aria-level=\"1\"><span style=\"font-weight: 400;\">Multas legais<\/span><span style=\"font-weight: 400;\">\n<p><\/span><\/li>\n<li style=\"font-weight: 400;\" aria-level=\"1\"><span style=\"font-weight: 400;\">Diferen\u00e7as salariais<\/span><span style=\"font-weight: 400;\">\n<p><\/span><\/li>\n<li style=\"font-weight: 400;\" aria-level=\"1\"><span style=\"font-weight: 400;\">Indeniza\u00e7\u00e3o por danos morais<\/span><span style=\"font-weight: 400;\">\n<p><\/span><\/li>\n<\/ul>\n<p><span style=\"font-weight: 400;\">Al\u00e9m disso, se houve humilha\u00e7\u00f5es, gritos ou tratamento desrespeitoso, pode existir tamb\u00e9m <\/span><b>ass\u00e9dio moral no trabalho<\/b><span style=\"font-weight: 400;\">.<\/span><\/p>\n<h1><b>Mas Eu N\u00e3o Tenho Contrato\u2026\u201d\u00a0 E Agora?<\/b><\/h1>\n<p><span style=\"font-weight: 400;\">Essa \u00e9 uma das maiores d\u00favidas.<\/span><\/p>\n<p><span style=\"font-weight: 400;\">Entretanto, \u00e9 importante esclarecer que o v\u00ednculo pode ser comprovado por diversos meios.<\/span><\/p>\n<p><span style=\"font-weight: 400;\">Por exemplo:<\/span><\/p>\n<ol>\n<li style=\"font-weight: 400;\" aria-level=\"1\"><span style=\"font-weight: 400;\">Conversas de WhatsApp<\/span><span style=\"font-weight: 400;\">\n<p><\/span><\/li>\n<li style=\"font-weight: 400;\" aria-level=\"1\"><span style=\"font-weight: 400;\">Comprovantes de PIX<\/span><span style=\"font-weight: 400;\">\n<p><\/span><\/li>\n<li style=\"font-weight: 400;\" aria-level=\"1\"><span style=\"font-weight: 400;\">Testemunhas<\/span><span style=\"font-weight: 400;\">\n<p><\/span><\/li>\n<li style=\"font-weight: 400;\" aria-level=\"1\"><span style=\"font-weight: 400;\">Fotos no ambiente de trabalho<\/span><span style=\"font-weight: 400;\">\n<p><\/span><\/li>\n<li style=\"font-weight: 400;\" aria-level=\"1\"><span style=\"font-weight: 400;\">\u00c1udios<\/span><span style=\"font-weight: 400;\">\n<p><\/span><\/li>\n<li style=\"font-weight: 400;\" aria-level=\"1\"><span style=\"font-weight: 400;\">Mensagens combinando hor\u00e1rios<\/span><span style=\"font-weight: 400;\">\n<p><\/span><\/li>\n<\/ol>\n<p><span style=\"font-weight: 400;\">Assim sendo, mesmo que voc\u00ea acredite que \u201cn\u00e3o tem prova\u201d, pode haver elementos suficientes para fundamentar a a\u00e7\u00e3o.<\/span><\/p>\n<p>&nbsp;<\/p>\n<h1><b>CUIDADO: EXISTE PRAZO PARA ENTRAR COM A\u00c7\u00c3O<\/b><\/h1>\n<p><span style=\"font-weight: 400;\">Voc\u00ea tem at\u00e9 <\/span><b>2 anos ap\u00f3s o t\u00e9rmino do contrato<\/b><span style=\"font-weight: 400;\"> para ajuizar a a\u00e7\u00e3o.<\/span><\/p>\n<p><span style=\"font-weight: 400;\">Contudo, s\u00f3 poder\u00e1 cobrar os \u00faltimos 5 anos de trabalho.<\/span><\/p>\n<p><span style=\"font-weight: 400;\">Portanto, quanto mais tempo passa, maior pode ser a perda financeira.<\/span><\/p>\n<h1><b>PEDIU DEMISS\u00c3O PORQUE N\u00c3O AGUENTAVA MAIS? PODE SER RESCIS\u00c3O INDIRETA<\/b><\/h1>\n<p><span style=\"font-weight: 400;\">Muitas trabalhadoras pedem demiss\u00e3o por exaust\u00e3o.<\/span><\/p>\n<p><span style=\"font-weight: 400;\">No entanto, em determinadas situa\u00e7\u00f5es, pode ser poss\u00edvel converter esse pedido em <\/span><b>rescis\u00e3o indireta do contrato de trabalho<\/b><span style=\"font-weight: 400;\">.<\/span><\/p>\n<p><span style=\"font-weight: 400;\">Isso ocorre quando o empregador comete faltas graves, como:<\/span><\/p>\n<ul>\n<li style=\"font-weight: 400;\" aria-level=\"1\"><span style=\"font-weight: 400;\">Falta de registro<\/span><span style=\"font-weight: 400;\">\n<p><\/span><\/li>\n<li style=\"font-weight: 400;\" aria-level=\"1\"><span style=\"font-weight: 400;\">Atraso de sal\u00e1rio<\/span><span style=\"font-weight: 400;\">\n<p><\/span><\/li>\n<li style=\"font-weight: 400;\" aria-level=\"1\"><span style=\"font-weight: 400;\">Ass\u00e9dio moral<\/span><span style=\"font-weight: 400;\">\n<p><\/span><\/li>\n<li style=\"font-weight: 400;\" aria-level=\"1\"><span style=\"font-weight: 400;\">Descumprimento de obriga\u00e7\u00f5es<\/span><span style=\"font-weight: 400;\">\n<p><\/span><\/li>\n<\/ul>\n<p><span style=\"font-weight: 400;\">A chamada <\/span><b>rescis\u00e3o indireta CLT<\/b><span style=\"font-weight: 400;\">, portanto, permite que o trabalhador receba como se fosse demiss\u00e3o sem justa causa.<\/span><\/p>\n<p>&nbsp;<\/p>\n<h1><b>Por que procurar um Advogado Trabalhista?<\/b><\/h1>\n<p><span style=\"font-weight: 400;\">Embora existam muitas informa\u00e7\u00f5es na internet, cada caso exige an\u00e1lise individual.<\/span><\/p>\n<p><span style=\"font-weight: 400;\">Al\u00e9m disso, erros na condu\u00e7\u00e3o do processo podem comprometer valores importantes.<\/span><\/p>\n<p><span style=\"font-weight: 400;\">Por essa raz\u00e3o, contar com um advogado trabalhista \u00e9 fundamental para:<\/span><\/p>\n<ul>\n<li style=\"font-weight: 400;\" aria-level=\"1\"><span style=\"font-weight: 400;\">Avaliar a exist\u00eancia de v\u00ednculo empregat\u00edcio<\/span><span style=\"font-weight: 400;\">\n<p><\/span><\/li>\n<li style=\"font-weight: 400;\" aria-level=\"1\"><span style=\"font-weight: 400;\">Realizar c\u00e1lculos trabalhistas detalhados<\/span><span style=\"font-weight: 400;\">\n<p><\/span><\/li>\n<li style=\"font-weight: 400;\" aria-level=\"1\"><span style=\"font-weight: 400;\">Identificar horas extras<\/span><span style=\"font-weight: 400;\">\n<p><\/span><\/li>\n<li style=\"font-weight: 400;\" aria-level=\"1\"><span style=\"font-weight: 400;\">Verificar adicional de insalubridade<\/span><span style=\"font-weight: 400;\">\n<p><\/span><\/li>\n<li style=\"font-weight: 400;\" aria-level=\"1\"><span style=\"font-weight: 400;\">Ingressar com a\u00e7\u00e3o trabalhista estrat\u00e9gica<\/span><span style=\"font-weight: 400;\">\n<p><\/span><\/li>\n<\/ul>\n<p><span style=\"font-weight: 400;\">Assim, voc\u00ea aumenta suas chances de sucesso.<\/span><\/p>\n<h1><b>N\u00c3O ACEITE A INFORMALIDADE COMO NORMAL<\/b><\/h1>\n<p><span style=\"font-weight: 400;\">Se voc\u00ea:<\/span><\/p>\n<ol>\n<li style=\"font-weight: 400;\" aria-level=\"1\"><span style=\"font-weight: 400;\">Trabalhou 3 vezes por semana ou mais na mesma casa<\/span><\/li>\n<li style=\"font-weight: 400;\" aria-level=\"1\"><span style=\"font-weight: 400;\">Nunca teve carteira assinada<\/span><\/li>\n<li style=\"font-weight: 400;\" aria-level=\"1\"><span style=\"font-weight: 400;\">\u00a0Foi dispensada sem receber verbas rescis\u00f3rias<\/span><\/li>\n<li style=\"font-weight: 400;\" aria-level=\"1\"><span style=\"font-weight: 400;\">\u00a0Sofreu ass\u00e9dio moral<\/span><\/li>\n<li style=\"font-weight: 400;\" aria-level=\"1\"><span style=\"font-weight: 400;\">Quer reconhecimento de v\u00ednculo empregat\u00edcio<\/span><\/li>\n<\/ol>\n<p><span style=\"font-weight: 400;\">Ent\u00e3o, este pode ser o momento de agir.<\/span><\/p>\n<p><span style=\"font-weight: 400;\">\ud83d\udc49 <\/span><a href=\"https:\/\/api.whatsapp.com\/send\/?phone=5531975283687&amp;text&amp;type=phone_number&amp;app_absent=0\"><span style=\"font-weight: 400;\">Entre em contato agora.<\/span><span style=\"font-weight: 400;\"><\/p>\n<p><\/span><\/a><\/p>\n<p><span style=\"font-weight: 400;\">Leia tamb\u00e9m<\/span><\/p>\n<ul>\n<li style=\"font-weight: 400;\" aria-level=\"1\"><a href=\"https:\/\/carvalhoadvogado.aliamkt.com\/index.php\/2026\/01\/02\/rescisao-indireta-ameacas-humilhacoes-exposicao-ridiculo\/\"><span style=\"font-weight: 400;\">Rescis\u00e3o Indireta por Amea\u00e7as, Humilha\u00e7\u00f5es e Exposi\u00e7\u00e3o ao Rid\u00edculo no Trabalho: Saiba Como Sair Sem Perder Seus Direitos<\/span><\/a><\/li>\n<\/ul>\n<p>&nbsp;<\/p>\n<p><a href=\"https:\/\/api.whatsapp.com\/send\/?phone=5531975283687&amp;text&amp;type=phone_number&amp;app_absent=0\"><b>Clique aqui e fale comigo agora.<\/b><b><\/p>\n<p><\/b><\/a><\/p>\n<p>&nbsp;<\/p>\n<p><a href=\"https:\/\/wa.me\/5531975283687\"><b>Entre em contato agora com um advogado trabalhista e saiba como garantir o que \u00e9 seu por lei!<\/b><\/a><\/p>\n<p><b>Fale com o Dr. Pedro Carvalho!<\/b><\/p>\n<p><b>Clique no bot\u00e3o abaixo e obtenha a orienta\u00e7\u00e3o jur\u00eddica que voc\u00ea precisa para resolver suas quest\u00f5es com seguran\u00e7a e confian\u00e7a.\u00a0<\/b><\/p>\n<p><a href=\"https:\/\/wa.me\/5531975283687\"><b>Fale comigo agora mesmo<\/b><\/a><\/p>\n<p><b>Siga-nos na rede social, @pedroncarvalhoadv, e fique por dentro das \u00faltimas novidades!<\/b><\/p>\n","protected":false},"excerpt":{"rendered":"<p>Trabalhei como dom\u00e9stica sem carteira assinada tenho direito? Essa \u00e9 uma das perguntas mais feitas por trabalhadoras que atuaram anos em casa de fam\u00edlia sem registro. No entanto, mesmo em 2026, muitas pessoas ainda desconhecem que \u00e9 poss\u00edvel pedir reconhecimento de v\u00ednculo empregat\u00edcio por meio de a\u00e7\u00e3o trabalhista e receber todos os direitos trabalhistas atrasados. [&hellip;]<\/p>\n","protected":false},"author":1,"featured_media":1627,"comment_status":"open","ping_status":"open","sticky":false,"template":"","format":"standard","meta":{"_joinchat":{"telephone":"+5531975283687"},"footnotes":""},"categories":[6],"tags":[],"class_list":["post-1626","post","type-post","status-publish","format-standard","has-post-thumbnail","hentry","category-direito-trabalhista"],"yoast_head":"<!-- This site is optimized with the Yoast SEO plugin v27.5 - https:\/\/yoast.com\/product\/yoast-seo-wordpress\/ -->\n<title>Trabalhei Como Dom\u00e9stica Sem Carteira Assinada em 2026Trabalhei como dom\u00e9stica sem carteira assinada tenho direito? Veja como pedir reconhecimento de v\u00ednculo em 2026<\/title>\n<meta name=\"description\" content=\"Trabalhei como dom\u00e9stica sem carteira assinada tenho direito? Em 2026 \u00e9 poss\u00edvel pedir reconhecimento de v\u00ednculo empregat\u00edcio e receber FGTS, f\u00e9rias, 13\u00ba e verbas rescis\u00f3rias. Saiba como entrar com a\u00e7\u00e3o trabalhista.\" \/>\n<meta name=\"robots\" content=\"index, follow, max-snippet:-1, max-image-preview:large, max-video-preview:-1\" \/>\n<link rel=\"canonical\" href=\"https:\/\/carvalhoadvogado.aliamkt.com\/index.php\/2026\/02\/19\/domestica-sem-carteira-assinada-direitos-2026\/\" \/>\n<meta property=\"og:locale\" content=\"pt_BR\" \/>\n<meta property=\"og:type\" content=\"article\" \/>\n<meta property=\"og:title\" content=\"Trabalhei Como Dom\u00e9stica Sem Carteira Assinada em 2026Trabalhei como dom\u00e9stica sem carteira assinada tenho direito? Veja como pedir reconhecimento de v\u00ednculo em 2026\" \/>\n<meta property=\"og:description\" content=\"Trabalhei como dom\u00e9stica sem carteira assinada tenho direito? Em 2026 \u00e9 poss\u00edvel pedir reconhecimento de v\u00ednculo empregat\u00edcio e receber FGTS, f\u00e9rias, 13\u00ba e verbas rescis\u00f3rias. Saiba como entrar com a\u00e7\u00e3o trabalhista.\" \/>\n<meta property=\"og:url\" content=\"https:\/\/carvalhoadvogado.aliamkt.com\/index.php\/2026\/02\/19\/domestica-sem-carteira-assinada-direitos-2026\/\" \/>\n<meta property=\"og:site_name\" content=\"Pedro Carvalho Advogado Trabalhista\" \/>\n<meta property=\"article:published_time\" content=\"2026-02-19T18:26:53+00:00\" \/>\n<meta property=\"og:image\" content=\"https:\/\/carvalhoadvogado.aliamkt.com\/wp-content\/uploads\/2026\/02\/advogado-trabalhista-perto-de-mim.webp\" \/>\n\t<meta property=\"og:image:width\" content=\"1200\" \/>\n\t<meta property=\"og:image:height\" content=\"628\" \/>\n\t<meta property=\"og:image:type\" content=\"image\/webp\" \/>\n<meta name=\"author\" content=\"lailacarvalhoadv\" \/>\n<meta name=\"twitter:card\" content=\"summary_large_image\" \/>\n<meta name=\"twitter:label1\" content=\"Escrito por\" \/>\n\t<meta name=\"twitter:data1\" content=\"lailacarvalhoadv\" \/>\n\t<meta name=\"twitter:label2\" content=\"Est. tempo de leitura\" \/>\n\t<meta name=\"twitter:data2\" content=\"6 minutos\" \/>\n<script type=\"application\/ld+json\" class=\"yoast-schema-graph\">{\"@context\":\"https:\\\/\\\/schema.org\",\"@graph\":[{\"@type\":\"Article\",\"@id\":\"https:\\\/\\\/carvalhoadvogado.aliamkt.com\\\/index.php\\\/2026\\\/02\\\/19\\\/domestica-sem-carteira-assinada-direitos-2026\\\/#article\",\"isPartOf\":{\"@id\":\"https:\\\/\\\/carvalhoadvogado.aliamkt.com\\\/index.php\\\/2026\\\/02\\\/19\\\/domestica-sem-carteira-assinada-direitos-2026\\\/\"},\"author\":{\"name\":\"lailacarvalhoadv\",\"@id\":\"https:\\\/\\\/carvalhoadvogado.aliamkt.com\\\/#\\\/schema\\\/person\\\/8f4d67ba57d6160ee802836a319bd8eb\"},\"headline\":\"Trabalhei Como Dom\u00e9stica ou Diarista Sem Carteira Assinada em 2026\",\"datePublished\":\"2026-02-19T18:26:53+00:00\",\"mainEntityOfPage\":{\"@id\":\"https:\\\/\\\/carvalhoadvogado.aliamkt.com\\\/index.php\\\/2026\\\/02\\\/19\\\/domestica-sem-carteira-assinada-direitos-2026\\\/\"},\"wordCount\":999,\"commentCount\":0,\"publisher\":{\"@id\":\"https:\\\/\\\/carvalhoadvogado.aliamkt.com\\\/#organization\"},\"image\":{\"@id\":\"https:\\\/\\\/carvalhoadvogado.aliamkt.com\\\/index.php\\\/2026\\\/02\\\/19\\\/domestica-sem-carteira-assinada-direitos-2026\\\/#primaryimage\"},\"thumbnailUrl\":\"https:\\\/\\\/carvalhoadvogado.aliamkt.com\\\/wp-content\\\/uploads\\\/2026\\\/02\\\/advogado-trabalhista-perto-de-mim.webp\",\"articleSection\":[\"Direito Trabalhista\"],\"inLanguage\":\"pt-BR\",\"potentialAction\":[{\"@type\":\"CommentAction\",\"name\":\"Comment\",\"target\":[\"https:\\\/\\\/carvalhoadvogado.aliamkt.com\\\/index.php\\\/2026\\\/02\\\/19\\\/domestica-sem-carteira-assinada-direitos-2026\\\/#respond\"]}]},{\"@type\":\"WebPage\",\"@id\":\"https:\\\/\\\/carvalhoadvogado.aliamkt.com\\\/index.php\\\/2026\\\/02\\\/19\\\/domestica-sem-carteira-assinada-direitos-2026\\\/\",\"url\":\"https:\\\/\\\/carvalhoadvogado.aliamkt.com\\\/index.php\\\/2026\\\/02\\\/19\\\/domestica-sem-carteira-assinada-direitos-2026\\\/\",\"name\":\"Trabalhei Como Dom\u00e9stica Sem Carteira Assinada em 2026Trabalhei como dom\u00e9stica sem carteira assinada tenho direito? Veja como pedir reconhecimento de v\u00ednculo em 2026\",\"isPartOf\":{\"@id\":\"https:\\\/\\\/carvalhoadvogado.aliamkt.com\\\/#website\"},\"primaryImageOfPage\":{\"@id\":\"https:\\\/\\\/carvalhoadvogado.aliamkt.com\\\/index.php\\\/2026\\\/02\\\/19\\\/domestica-sem-carteira-assinada-direitos-2026\\\/#primaryimage\"},\"image\":{\"@id\":\"https:\\\/\\\/carvalhoadvogado.aliamkt.com\\\/index.php\\\/2026\\\/02\\\/19\\\/domestica-sem-carteira-assinada-direitos-2026\\\/#primaryimage\"},\"thumbnailUrl\":\"https:\\\/\\\/carvalhoadvogado.aliamkt.com\\\/wp-content\\\/uploads\\\/2026\\\/02\\\/advogado-trabalhista-perto-de-mim.webp\",\"datePublished\":\"2026-02-19T18:26:53+00:00\",\"description\":\"Trabalhei como dom\u00e9stica sem carteira assinada tenho direito? Em 2026 \u00e9 poss\u00edvel pedir reconhecimento de v\u00ednculo empregat\u00edcio e receber FGTS, f\u00e9rias, 13\u00ba e verbas rescis\u00f3rias. Saiba como entrar com a\u00e7\u00e3o trabalhista.\",\"breadcrumb\":{\"@id\":\"https:\\\/\\\/carvalhoadvogado.aliamkt.com\\\/index.php\\\/2026\\\/02\\\/19\\\/domestica-sem-carteira-assinada-direitos-2026\\\/#breadcrumb\"},\"inLanguage\":\"pt-BR\",\"potentialAction\":[{\"@type\":\"ReadAction\",\"target\":[\"https:\\\/\\\/carvalhoadvogado.aliamkt.com\\\/index.php\\\/2026\\\/02\\\/19\\\/domestica-sem-carteira-assinada-direitos-2026\\\/\"]}]},{\"@type\":\"ImageObject\",\"inLanguage\":\"pt-BR\",\"@id\":\"https:\\\/\\\/carvalhoadvogado.aliamkt.com\\\/index.php\\\/2026\\\/02\\\/19\\\/domestica-sem-carteira-assinada-direitos-2026\\\/#primaryimage\",\"url\":\"https:\\\/\\\/carvalhoadvogado.aliamkt.com\\\/wp-content\\\/uploads\\\/2026\\\/02\\\/advogado-trabalhista-perto-de-mim.webp\",\"contentUrl\":\"https:\\\/\\\/carvalhoadvogado.aliamkt.com\\\/wp-content\\\/uploads\\\/2026\\\/02\\\/advogado-trabalhista-perto-de-mim.webp\",\"width\":1200,\"height\":628},{\"@type\":\"BreadcrumbList\",\"@id\":\"https:\\\/\\\/carvalhoadvogado.aliamkt.com\\\/index.php\\\/2026\\\/02\\\/19\\\/domestica-sem-carteira-assinada-direitos-2026\\\/#breadcrumb\",\"itemListElement\":[{\"@type\":\"ListItem\",\"position\":1,\"name\":\"In\u00edcio\",\"item\":\"https:\\\/\\\/carvalhoadvogado.aliamkt.com\\\/\"},{\"@type\":\"ListItem\",\"position\":2,\"name\":\"Trabalhei Como Dom\u00e9stica ou Diarista Sem Carteira Assinada em 2026\"}]},{\"@type\":\"WebSite\",\"@id\":\"https:\\\/\\\/carvalhoadvogado.aliamkt.com\\\/#website\",\"url\":\"https:\\\/\\\/carvalhoadvogado.aliamkt.com\\\/\",\"name\":\"Pedro Carvalho Advogado\",\"description\":\"Advogado Trabalhista\",\"publisher\":{\"@id\":\"https:\\\/\\\/carvalhoadvogado.aliamkt.com\\\/#organization\"},\"potentialAction\":[{\"@type\":\"SearchAction\",\"target\":{\"@type\":\"EntryPoint\",\"urlTemplate\":\"https:\\\/\\\/carvalhoadvogado.aliamkt.com\\\/?s={search_term_string}\"},\"query-input\":{\"@type\":\"PropertyValueSpecification\",\"valueRequired\":true,\"valueName\":\"search_term_string\"}}],\"inLanguage\":\"pt-BR\"},{\"@type\":\"Organization\",\"@id\":\"https:\\\/\\\/carvalhoadvogado.aliamkt.com\\\/#organization\",\"name\":\"Pedro Carvalho Advogado\",\"url\":\"https:\\\/\\\/carvalhoadvogado.aliamkt.com\\\/\",\"logo\":{\"@type\":\"ImageObject\",\"inLanguage\":\"pt-BR\",\"@id\":\"https:\\\/\\\/carvalhoadvogado.aliamkt.com\\\/#\\\/schema\\\/logo\\\/image\\\/\",\"url\":\"https:\\\/\\\/carvalhoadvogado.aliamkt.com\\\/wp-content\\\/uploads\\\/2024\\\/06\\\/Logo-azul.png\",\"contentUrl\":\"https:\\\/\\\/carvalhoadvogado.aliamkt.com\\\/wp-content\\\/uploads\\\/2024\\\/06\\\/Logo-azul.png\",\"width\":500,\"height\":500,\"caption\":\"Pedro Carvalho Advogado\"},\"image\":{\"@id\":\"https:\\\/\\\/carvalhoadvogado.aliamkt.com\\\/#\\\/schema\\\/logo\\\/image\\\/\"}},{\"@type\":\"Person\",\"@id\":\"https:\\\/\\\/carvalhoadvogado.aliamkt.com\\\/#\\\/schema\\\/person\\\/8f4d67ba57d6160ee802836a319bd8eb\",\"name\":\"lailacarvalhoadv\",\"image\":{\"@type\":\"ImageObject\",\"inLanguage\":\"pt-BR\",\"@id\":\"https:\\\/\\\/secure.gravatar.com\\\/avatar\\\/a60961139a792fb5ca701fab485f653a1b3cc37cf8dbd4937b4134105caf5369?s=96&d=mm&r=g\",\"url\":\"https:\\\/\\\/secure.gravatar.com\\\/avatar\\\/a60961139a792fb5ca701fab485f653a1b3cc37cf8dbd4937b4134105caf5369?s=96&d=mm&r=g\",\"contentUrl\":\"https:\\\/\\\/secure.gravatar.com\\\/avatar\\\/a60961139a792fb5ca701fab485f653a1b3cc37cf8dbd4937b4134105caf5369?s=96&d=mm&r=g\",\"caption\":\"lailacarvalhoadv\"},\"sameAs\":[\"https:\\\/\\\/carvalhoadvogado.aliamkt.com\"],\"url\":\"https:\\\/\\\/carvalhoadvogado.aliamkt.com\\\/index.php\\\/author\\\/lailacarvalhoadv\\\/\"}]}<\/script>\n<!-- \/ Yoast SEO plugin. -->","yoast_head_json":{"title":"Trabalhei Como Dom\u00e9stica Sem Carteira Assinada em 2026Trabalhei como dom\u00e9stica sem carteira assinada tenho direito? Veja como pedir reconhecimento de v\u00ednculo em 2026","description":"Trabalhei como dom\u00e9stica sem carteira assinada tenho direito? Em 2026 \u00e9 poss\u00edvel pedir reconhecimento de v\u00ednculo empregat\u00edcio e receber FGTS, f\u00e9rias, 13\u00ba e verbas rescis\u00f3rias. Saiba como entrar com a\u00e7\u00e3o trabalhista.","robots":{"index":"index","follow":"follow","max-snippet":"max-snippet:-1","max-image-preview":"max-image-preview:large","max-video-preview":"max-video-preview:-1"},"canonical":"https:\/\/carvalhoadvogado.aliamkt.com\/index.php\/2026\/02\/19\/domestica-sem-carteira-assinada-direitos-2026\/","og_locale":"pt_BR","og_type":"article","og_title":"Trabalhei Como Dom\u00e9stica Sem Carteira Assinada em 2026Trabalhei como dom\u00e9stica sem carteira assinada tenho direito? Veja como pedir reconhecimento de v\u00ednculo em 2026","og_description":"Trabalhei como dom\u00e9stica sem carteira assinada tenho direito? Em 2026 \u00e9 poss\u00edvel pedir reconhecimento de v\u00ednculo empregat\u00edcio e receber FGTS, f\u00e9rias, 13\u00ba e verbas rescis\u00f3rias. Saiba como entrar com a\u00e7\u00e3o trabalhista.","og_url":"https:\/\/carvalhoadvogado.aliamkt.com\/index.php\/2026\/02\/19\/domestica-sem-carteira-assinada-direitos-2026\/","og_site_name":"Pedro Carvalho Advogado Trabalhista","article_published_time":"2026-02-19T18:26:53+00:00","og_image":[{"width":1200,"height":628,"url":"https:\/\/carvalhoadvogado.aliamkt.com\/wp-content\/uploads\/2026\/02\/advogado-trabalhista-perto-de-mim.webp","type":"image\/webp"}],"author":"lailacarvalhoadv","twitter_card":"summary_large_image","twitter_misc":{"Escrito por":"lailacarvalhoadv","Est. tempo de leitura":"6 minutos"},"schema":{"@context":"https:\/\/schema.org","@graph":[{"@type":"Article","@id":"https:\/\/carvalhoadvogado.aliamkt.com\/index.php\/2026\/02\/19\/domestica-sem-carteira-assinada-direitos-2026\/#article","isPartOf":{"@id":"https:\/\/carvalhoadvogado.aliamkt.com\/index.php\/2026\/02\/19\/domestica-sem-carteira-assinada-direitos-2026\/"},"author":{"name":"lailacarvalhoadv","@id":"https:\/\/carvalhoadvogado.aliamkt.com\/#\/schema\/person\/8f4d67ba57d6160ee802836a319bd8eb"},"headline":"Trabalhei Como Dom\u00e9stica ou Diarista Sem Carteira Assinada em 2026","datePublished":"2026-02-19T18:26:53+00:00","mainEntityOfPage":{"@id":"https:\/\/carvalhoadvogado.aliamkt.com\/index.php\/2026\/02\/19\/domestica-sem-carteira-assinada-direitos-2026\/"},"wordCount":999,"commentCount":0,"publisher":{"@id":"https:\/\/carvalhoadvogado.aliamkt.com\/#organization"},"image":{"@id":"https:\/\/carvalhoadvogado.aliamkt.com\/index.php\/2026\/02\/19\/domestica-sem-carteira-assinada-direitos-2026\/#primaryimage"},"thumbnailUrl":"https:\/\/carvalhoadvogado.aliamkt.com\/wp-content\/uploads\/2026\/02\/advogado-trabalhista-perto-de-mim.webp","articleSection":["Direito Trabalhista"],"inLanguage":"pt-BR","potentialAction":[{"@type":"CommentAction","name":"Comment","target":["https:\/\/carvalhoadvogado.aliamkt.com\/index.php\/2026\/02\/19\/domestica-sem-carteira-assinada-direitos-2026\/#respond"]}]},{"@type":"WebPage","@id":"https:\/\/carvalhoadvogado.aliamkt.com\/index.php\/2026\/02\/19\/domestica-sem-carteira-assinada-direitos-2026\/","url":"https:\/\/carvalhoadvogado.aliamkt.com\/index.php\/2026\/02\/19\/domestica-sem-carteira-assinada-direitos-2026\/","name":"Trabalhei Como Dom\u00e9stica Sem Carteira Assinada em 2026Trabalhei como dom\u00e9stica sem carteira assinada tenho direito? Veja como pedir reconhecimento de v\u00ednculo em 2026","isPartOf":{"@id":"https:\/\/carvalhoadvogado.aliamkt.com\/#website"},"primaryImageOfPage":{"@id":"https:\/\/carvalhoadvogado.aliamkt.com\/index.php\/2026\/02\/19\/domestica-sem-carteira-assinada-direitos-2026\/#primaryimage"},"image":{"@id":"https:\/\/carvalhoadvogado.aliamkt.com\/index.php\/2026\/02\/19\/domestica-sem-carteira-assinada-direitos-2026\/#primaryimage"},"thumbnailUrl":"https:\/\/carvalhoadvogado.aliamkt.com\/wp-content\/uploads\/2026\/02\/advogado-trabalhista-perto-de-mim.webp","datePublished":"2026-02-19T18:26:53+00:00","description":"Trabalhei como dom\u00e9stica sem carteira assinada tenho direito? Em 2026 \u00e9 poss\u00edvel pedir reconhecimento de v\u00ednculo empregat\u00edcio e receber FGTS, f\u00e9rias, 13\u00ba e verbas rescis\u00f3rias. Saiba como entrar com a\u00e7\u00e3o trabalhista.","breadcrumb":{"@id":"https:\/\/carvalhoadvogado.aliamkt.com\/index.php\/2026\/02\/19\/domestica-sem-carteira-assinada-direitos-2026\/#breadcrumb"},"inLanguage":"pt-BR","potentialAction":[{"@type":"ReadAction","target":["https:\/\/carvalhoadvogado.aliamkt.com\/index.php\/2026\/02\/19\/domestica-sem-carteira-assinada-direitos-2026\/"]}]},{"@type":"ImageObject","inLanguage":"pt-BR","@id":"https:\/\/carvalhoadvogado.aliamkt.com\/index.php\/2026\/02\/19\/domestica-sem-carteira-assinada-direitos-2026\/#primaryimage","url":"https:\/\/carvalhoadvogado.aliamkt.com\/wp-content\/uploads\/2026\/02\/advogado-trabalhista-perto-de-mim.webp","contentUrl":"https:\/\/carvalhoadvogado.aliamkt.com\/wp-content\/uploads\/2026\/02\/advogado-trabalhista-perto-de-mim.webp","width":1200,"height":628},{"@type":"BreadcrumbList","@id":"https:\/\/carvalhoadvogado.aliamkt.com\/index.php\/2026\/02\/19\/domestica-sem-carteira-assinada-direitos-2026\/#breadcrumb","itemListElement":[{"@type":"ListItem","position":1,"name":"In\u00edcio","item":"https:\/\/carvalhoadvogado.aliamkt.com\/"},{"@type":"ListItem","position":2,"name":"Trabalhei Como Dom\u00e9stica ou Diarista Sem Carteira Assinada em 2026"}]},{"@type":"WebSite","@id":"https:\/\/carvalhoadvogado.aliamkt.com\/#website","url":"https:\/\/carvalhoadvogado.aliamkt.com\/","name":"Pedro Carvalho Advogado","description":"Advogado Trabalhista","publisher":{"@id":"https:\/\/carvalhoadvogado.aliamkt.com\/#organization"},"potentialAction":[{"@type":"SearchAction","target":{"@type":"EntryPoint","urlTemplate":"https:\/\/carvalhoadvogado.aliamkt.com\/?s={search_term_string}"},"query-input":{"@type":"PropertyValueSpecification","valueRequired":true,"valueName":"search_term_string"}}],"inLanguage":"pt-BR"},{"@type":"Organization","@id":"https:\/\/carvalhoadvogado.aliamkt.com\/#organization","name":"Pedro Carvalho Advogado","url":"https:\/\/carvalhoadvogado.aliamkt.com\/","logo":{"@type":"ImageObject","inLanguage":"pt-BR","@id":"https:\/\/carvalhoadvogado.aliamkt.com\/#\/schema\/logo\/image\/","url":"https:\/\/carvalhoadvogado.aliamkt.com\/wp-content\/uploads\/2024\/06\/Logo-azul.png","contentUrl":"https:\/\/carvalhoadvogado.aliamkt.com\/wp-content\/uploads\/2024\/06\/Logo-azul.png","width":500,"height":500,"caption":"Pedro Carvalho Advogado"},"image":{"@id":"https:\/\/carvalhoadvogado.aliamkt.com\/#\/schema\/logo\/image\/"}},{"@type":"Person","@id":"https:\/\/carvalhoadvogado.aliamkt.com\/#\/schema\/person\/8f4d67ba57d6160ee802836a319bd8eb","name":"lailacarvalhoadv","image":{"@type":"ImageObject","inLanguage":"pt-BR","@id":"https:\/\/secure.gravatar.com\/avatar\/a60961139a792fb5ca701fab485f653a1b3cc37cf8dbd4937b4134105caf5369?s=96&d=mm&r=g","url":"https:\/\/secure.gravatar.com\/avatar\/a60961139a792fb5ca701fab485f653a1b3cc37cf8dbd4937b4134105caf5369?s=96&d=mm&r=g","contentUrl":"https:\/\/secure.gravatar.com\/avatar\/a60961139a792fb5ca701fab485f653a1b3cc37cf8dbd4937b4134105caf5369?s=96&d=mm&r=g","caption":"lailacarvalhoadv"},"sameAs":["https:\/\/carvalhoadvogado.aliamkt.com"],"url":"https:\/\/carvalhoadvogado.aliamkt.com\/index.php\/author\/lailacarvalhoadv\/"}]}},"_links":{"self":[{"href":"https:\/\/carvalhoadvogado.aliamkt.com\/index.php\/wp-json\/wp\/v2\/posts\/1626","targetHints":{"allow":["GET"]}}],"collection":[{"href":"https:\/\/carvalhoadvogado.aliamkt.com\/index.php\/wp-json\/wp\/v2\/posts"}],"about":[{"href":"https:\/\/carvalhoadvogado.aliamkt.com\/index.php\/wp-json\/wp\/v2\/types\/post"}],"author":[{"embeddable":true,"href":"https:\/\/carvalhoadvogado.aliamkt.com\/index.php\/wp-json\/wp\/v2\/users\/1"}],"replies":[{"embeddable":true,"href":"https:\/\/carvalhoadvogado.aliamkt.com\/index.php\/wp-json\/wp\/v2\/comments?post=1626"}],"version-history":[{"count":1,"href":"https:\/\/carvalhoadvogado.aliamkt.com\/index.php\/wp-json\/wp\/v2\/posts\/1626\/revisions"}],"predecessor-version":[{"id":1628,"href":"https:\/\/carvalhoadvogado.aliamkt.com\/index.php\/wp-json\/wp\/v2\/posts\/1626\/revisions\/1628"}],"wp:featuredmedia":[{"embeddable":true,"href":"https:\/\/carvalhoadvogado.aliamkt.com\/index.php\/wp-json\/wp\/v2\/media\/1627"}],"wp:attachment":[{"href":"https:\/\/carvalhoadvogado.aliamkt.com\/index.php\/wp-json\/wp\/v2\/media?parent=1626"}],"wp:term":[{"taxonomy":"category","embeddable":true,"href":"https:\/\/carvalhoadvogado.aliamkt.com\/index.php\/wp-json\/wp\/v2\/categories?post=1626"},{"taxonomy":"post_tag","embeddable":true,"href":"https:\/\/carvalhoadvogado.aliamkt.com\/index.php\/wp-json\/wp\/v2\/tags?post=1626"}],"curies":[{"name":"wp","href":"https:\/\/api.w.org\/{rel}","templated":true}]}}