{"id":1630,"date":"2026-03-13T09:40:39","date_gmt":"2026-03-13T12:40:39","guid":{"rendered":"https:\/\/carvalhoadvogado.aliamkt.com\/?p=1630"},"modified":"2026-03-13T09:40:39","modified_gmt":"2026-03-13T12:40:39","slug":"burnout-no-trabalho-processar-empresa","status":"publish","type":"post","link":"https:\/\/carvalhoadvogado.aliamkt.com\/index.php\/2026\/03\/13\/burnout-no-trabalho-processar-empresa\/","title":{"rendered":"Burnout no Trabalho: Quando o Funcion\u00e1rio Pode Processar a Empresa"},"content":{"rendered":"<p><span style=\"font-weight: 400;\">Nos \u00faltimos anos, a discuss\u00e3o sobre <\/span><b>burnout no trabalho<\/b><span style=\"font-weight: 400;\"> tem se tornado cada vez mais frequente. Isso acontece porque, atualmente, milh\u00f5es de trabalhadores convivem diariamente com press\u00e3o excessiva, metas dif\u00edceis e ambientes profissionais extremamente estressantes.<\/span><\/p>\n<p><span style=\"font-weight: 400;\">Ao mesmo tempo, muitas pessoas ainda acreditam que sentir cansa\u00e7o extremo ou ansiedade constante faz parte da rotina profissional. No entanto, na pr\u00e1tica, nem sempre isso \u00e9 verdade. Na realidade, quando o ambiente de trabalho provoca desgaste emocional intenso e cont\u00ednuo, pode estar ocorrendo algo muito mais s\u00e9rio.<\/span><\/p>\n<p><span style=\"font-weight: 400;\">Al\u00e9m disso, \u00e9 importante destacar que o <\/span><b>burnout no trabalho<\/b><span style=\"font-weight: 400;\"> j\u00e1 \u00e9 reconhecido internacionalmente como um problema relacionado \u00e0s condi\u00e7\u00f5es profissionais. Por essa raz\u00e3o, em determinadas situa\u00e7\u00f5es, o trabalhador pode, inclusive, buscar repara\u00e7\u00e3o na Justi\u00e7a.<\/span><\/p>\n<p><span style=\"font-weight: 400;\">Portanto, surge uma d\u00favida muito comum: <\/span><b>em que situa\u00e7\u00f5es o funcion\u00e1rio pode processar a empresa por burnout?<\/b><\/p>\n<p><span style=\"font-weight: 400;\">Neste artigo, voc\u00ea vai entender melhor o que \u00e9 o <\/span><b>burnout no trabalho<\/b><span style=\"font-weight: 400;\">, quais s\u00e3o os sintomas mais comuns e, sobretudo, quando esse problema pode gerar direitos trabalhistas.<\/span><\/p>\n<h1><b>O que \u00e9 Burnout no Trabalho<\/b><\/h1>\n<p><span style=\"font-weight: 400;\">Antes de mais nada, \u00e9 fundamental compreender o que realmente significa <\/span><b>burnout no trabalho<\/b><span style=\"font-weight: 400;\">.<\/span><\/p>\n<p><span style=\"font-weight: 400;\">De forma simples, o burnout \u00e9 uma s\u00edndrome causada por <\/span><b>estresse cr\u00f4nico relacionado ao ambiente profissional<\/b><span style=\"font-weight: 400;\">. Em outras palavras, trata-se de um estado de esgotamento f\u00edsico e mental que surge quando as exig\u00eancias do trabalho ultrapassam os limites da sa\u00fade emocional do trabalhador.<\/span><\/p>\n<p><span style=\"font-weight: 400;\">Al\u00e9m disso, com o passar do tempo, a Organiza\u00e7\u00e3o Mundial da Sa\u00fade passou a reconhecer oficialmente o burnout como um fen\u00f4meno ocupacional. Isso significa que ele est\u00e1 diretamente ligado \u00e0s condi\u00e7\u00f5es de trabalho.<\/span><\/p>\n<p><span style=\"font-weight: 400;\">Consequentemente, o <\/span><b>burnout no trabalho<\/b><span style=\"font-weight: 400;\"> deixou de ser visto apenas como cansa\u00e7o ou desmotiva\u00e7\u00e3o. Pelo contr\u00e1rio, hoje ele \u00e9 considerado um problema s\u00e9rio de sa\u00fade mental.<\/span><\/p>\n<h1><b>Principais sintomas da s\u00edndrome de Burnout<\/b><\/h1>\n<p><span style=\"font-weight: 400;\">Embora cada pessoa possa reagir de maneira diferente, existem sintomas bastante comuns associados ao <\/span><b>burnout no trabalho<\/b><span style=\"font-weight: 400;\">.<\/span><\/p>\n<p><span style=\"font-weight: 400;\">Em primeiro lugar, surgem sinais f\u00edsicos. Entre eles, podemos destacar:<\/span><\/p>\n<ul>\n<li style=\"font-weight: 400;\" aria-level=\"1\"><span style=\"font-weight: 400;\">cansa\u00e7o extremo<\/span><span style=\"font-weight: 400;\">\n<p><\/span><\/li>\n<li style=\"font-weight: 400;\" aria-level=\"1\"><span style=\"font-weight: 400;\">dores de cabe\u00e7a frequentes<\/span><span style=\"font-weight: 400;\">\n<p><\/span><\/li>\n<li style=\"font-weight: 400;\" aria-level=\"1\"><span style=\"font-weight: 400;\">ins\u00f4nia<\/span><span style=\"font-weight: 400;\">\n<p><\/span><\/li>\n<li style=\"font-weight: 400;\" aria-level=\"1\"><span style=\"font-weight: 400;\">tens\u00e3o muscular<\/span><span style=\"font-weight: 400;\">\n<p><\/span><\/li>\n<li style=\"font-weight: 400;\" aria-level=\"1\"><span style=\"font-weight: 400;\">falta de energia<\/span><span style=\"font-weight: 400;\">\n<p><\/span><\/li>\n<\/ul>\n<p><span style=\"font-weight: 400;\">Al\u00e9m disso, tamb\u00e9m aparecem sintomas emocionais. Nesse sentido, \u00e9 comum que o trabalhador passe a sentir:<\/span><\/p>\n<ul>\n<li style=\"font-weight: 400;\" aria-level=\"1\"><span style=\"font-weight: 400;\">ansiedade constante<\/span><span style=\"font-weight: 400;\">\n<p><\/span><\/li>\n<li style=\"font-weight: 400;\" aria-level=\"1\"><span style=\"font-weight: 400;\">irritabilidade<\/span><span style=\"font-weight: 400;\">\n<p><\/span><\/li>\n<li style=\"font-weight: 400;\" aria-level=\"1\"><span style=\"font-weight: 400;\">sensa\u00e7\u00e3o de fracasso<\/span><span style=\"font-weight: 400;\">\n<p><\/span><\/li>\n<li style=\"font-weight: 400;\" aria-level=\"1\"><span style=\"font-weight: 400;\">desmotiva\u00e7\u00e3o profissional<\/span><span style=\"font-weight: 400;\">\n<p><\/span><\/li>\n<\/ul>\n<p><span style=\"font-weight: 400;\">Ao mesmo tempo, surgem mudan\u00e7as comportamentais. Por exemplo, o trabalhador pode apresentar dificuldade de concentra\u00e7\u00e3o, queda de produtividade e at\u00e9 isolamento social.<\/span><\/p>\n<p><span style=\"font-weight: 400;\">Portanto, quando esses sinais aparecem de forma persistente, \u00e9 importante ficar atento, pois eles podem indicar um quadro de <\/span><b>burnout no trabalho<\/b><span style=\"font-weight: 400;\">.<\/span><\/p>\n<h1><b>Por que o Burnout acontece no ambiente de trabalho<\/b><\/h1>\n<p><span style=\"font-weight: 400;\">O <\/span><b>burnout no trabalho<\/b><span style=\"font-weight: 400;\"> n\u00e3o surge de forma repentina. Pelo contr\u00e1rio, ele normalmente \u00e9 resultado de uma combina\u00e7\u00e3o de fatores presentes no ambiente profissional.<\/span><\/p>\n<p><span style=\"font-weight: 400;\">Em primeiro lugar, um dos fatores mais comuns \u00e9 o excesso de cobran\u00e7a. Quando o trabalhador precisa lidar diariamente com press\u00e3o intensa por resultados, o n\u00edvel de estresse tende a aumentar significativamente.<\/span><\/p>\n<p><span style=\"font-weight: 400;\">Al\u00e9m disso, metas abusivas tamb\u00e9m contribuem para o esgotamento emocional. Afinal, quando os objetivos s\u00e3o praticamente imposs\u00edveis de alcan\u00e7ar, o trabalhador passa a viver em constante frustra\u00e7\u00e3o.<\/span><\/p>\n<p><span style=\"font-weight: 400;\">Outro ponto importante \u00e9 o chamado ambiente de trabalho t\u00f3xico. Nesses casos, podem ocorrer situa\u00e7\u00f5es como humilha\u00e7\u00f5es, gritos, desrespeito ou competi\u00e7\u00e3o exagerada entre colegas.<\/span><\/p>\n<p><span style=\"font-weight: 400;\">Por fim, tamb\u00e9m \u00e9 importante mencionar a falta de apoio da lideran\u00e7a. Quando gestores ignoram sinais de sofrimento emocional, o problema tende a se agravar ainda mais.<\/span><\/p>\n<p><span style=\"font-weight: 400;\">Consequentemente, todos esses fatores podem levar ao desenvolvimento do <\/span><b>burnout no trabalho<\/b><span style=\"font-weight: 400;\">.<\/span><\/p>\n<h1><b>Quando o Burnout pode ser considerado doen\u00e7a ocupacional<\/b><\/h1>\n<p><span style=\"font-weight: 400;\">Nem todo caso de <\/span><b>burnout no trabalho<\/b><span style=\"font-weight: 400;\"> gera responsabilidade da empresa. No entanto, em algumas situa\u00e7\u00f5es espec\u00edficas, o problema pode ser considerado uma doen\u00e7a ocupacional.<\/span><\/p>\n<p><span style=\"font-weight: 400;\">Isso acontece quando fica comprovado que as condi\u00e7\u00f5es de trabalho foram determinantes para o adoecimento do trabalhador.<\/span><\/p>\n<p><span style=\"font-weight: 400;\">Por exemplo, isso pode ocorrer quando h\u00e1:<\/span><\/p>\n<ul>\n<li style=\"font-weight: 400;\" aria-level=\"1\"><span style=\"font-weight: 400;\">press\u00e3o psicol\u00f3gica intensa<\/span><span style=\"font-weight: 400;\">\n<p><\/span><\/li>\n<li style=\"font-weight: 400;\" aria-level=\"1\"><span style=\"font-weight: 400;\">metas abusivas<\/span><span style=\"font-weight: 400;\">\n<p><\/span><\/li>\n<li style=\"font-weight: 400;\" aria-level=\"1\"><span style=\"font-weight: 400;\">jornadas excessivas<\/span><span style=\"font-weight: 400;\">\n<p><\/span><\/li>\n<li style=\"font-weight: 400;\" aria-level=\"1\"><span style=\"font-weight: 400;\">ass\u00e9dio moral<\/span><span style=\"font-weight: 400;\">\n<p><\/span><\/li>\n<\/ul>\n<p><span style=\"font-weight: 400;\">Nesses casos, o <\/span><b>burnout no trabalho<\/b><span style=\"font-weight: 400;\"> pode ser equiparado a um acidente de trabalho. Consequentemente, o trabalhador passa a ter acesso a direitos espec\u00edficos previstos na legisla\u00e7\u00e3o.<\/span><\/p>\n<h1><b>A empresa pode ser responsabilizada pelo Burnout?<\/b><\/h1>\n<p><span style=\"font-weight: 400;\">Sim, em determinadas situa\u00e7\u00f5es, a empresa pode ser responsabilizada pelo <\/span><b>burnout no trabalho<\/b><span style=\"font-weight: 400;\">.<\/span><\/p>\n<p><span style=\"font-weight: 400;\">Isso ocorre principalmente quando o empregador cria ou permite condi\u00e7\u00f5es que prejudicam a sa\u00fade mental do trabalhador.<\/span><\/p>\n<p><span style=\"font-weight: 400;\">Por exemplo, se a empresa exige metas imposs\u00edveis, tolera ass\u00e9dio moral ou imp\u00f5e jornadas abusivas, pode surgir responsabilidade civil.<\/span><\/p>\n<p><span style=\"font-weight: 400;\">Al\u00e9m disso, quando a empresa ignora sinais evidentes de adoecimento psicol\u00f3gico, tamb\u00e9m pode ser considerada respons\u00e1vel pelos danos causados ao trabalhador.<\/span><\/p>\n<p><span style=\"font-weight: 400;\">Portanto, dependendo das circunst\u00e2ncias, o trabalhador pode buscar indeniza\u00e7\u00e3o por <\/span><b>burnout no trabalho<\/b><span style=\"font-weight: 400;\">.<\/span><\/p>\n<h1><b>Situa\u00e7\u00f5es em que o trabalhador pode processar a empresa<\/b><\/h1>\n<p><span style=\"font-weight: 400;\">Existem v\u00e1rias situa\u00e7\u00f5es em que o trabalhador pode recorrer \u00e0 Justi\u00e7a por <\/span><b>burnout no trabalho<\/b><span style=\"font-weight: 400;\">.<\/span><\/p>\n<p><span style=\"font-weight: 400;\">Entre as mais comuns, podemos mencionar:<\/span><\/p>\n<ul>\n<li style=\"font-weight: 400;\" aria-level=\"1\"><span style=\"font-weight: 400;\">ass\u00e9dio moral constante<\/span><span style=\"font-weight: 400;\">\n<p><\/span><\/li>\n<li style=\"font-weight: 400;\" aria-level=\"1\"><span style=\"font-weight: 400;\">humilha\u00e7\u00f5es no ambiente de trabalho<\/span><span style=\"font-weight: 400;\">\n<p><\/span><\/li>\n<li style=\"font-weight: 400;\" aria-level=\"1\"><span style=\"font-weight: 400;\">press\u00e3o psicol\u00f3gica excessiva<\/span><span style=\"font-weight: 400;\">\n<p><\/span><\/li>\n<li style=\"font-weight: 400;\" aria-level=\"1\"><span style=\"font-weight: 400;\">metas abusivas<\/span><span style=\"font-weight: 400;\">\n<p><\/span><\/li>\n<li style=\"font-weight: 400;\" aria-level=\"1\"><span style=\"font-weight: 400;\">jornadas exaustivas<\/span><span style=\"font-weight: 400;\">\n<p><\/span><\/li>\n<\/ul>\n<p><span style=\"font-weight: 400;\">Quando esses fatores contribuem diretamente para o adoecimento mental, o trabalhador pode ingressar com uma a\u00e7\u00e3o judicial.<\/span><\/p>\n<p><span style=\"font-weight: 400;\">Nesse contexto, a Justi\u00e7a do Trabalho poder\u00e1 avaliar se houve responsabilidade da empresa.<\/span><\/p>\n<h1><b>Como provar que o Burnout foi causado pelo trabalho<\/b><\/h1>\n<p><span style=\"font-weight: 400;\">Uma d\u00favida muito comum \u00e9 como provar que o <\/span><b>burnout no trabalho<\/b><span style=\"font-weight: 400;\"> foi causado pelas condi\u00e7\u00f5es profissionais.<\/span><\/p>\n<p><span style=\"font-weight: 400;\">Para isso, existem diferentes tipos de prova que podem ser utilizados.<\/span><\/p>\n<p><span style=\"font-weight: 400;\">Primeiramente, documentos m\u00e9dicos s\u00e3o extremamente importantes. Laudos psicol\u00f3gicos e relat\u00f3rios m\u00e9dicos ajudam a demonstrar o diagn\u00f3stico e a rela\u00e7\u00e3o com o ambiente de trabalho.<\/span><\/p>\n<p><span style=\"font-weight: 400;\">Al\u00e9m disso, testemunhas tamb\u00e9m podem ser relevantes. Colegas de trabalho podem confirmar situa\u00e7\u00f5es de press\u00e3o ou ass\u00e9dio.<\/span><\/p>\n<p><span style=\"font-weight: 400;\">Por fim, mensagens, e-mails e registros de cobran\u00e7as abusivas tamb\u00e9m podem servir como prova.<\/span><\/p>\n<p><span style=\"font-weight: 400;\">Dessa forma, todos esses elementos ajudam a demonstrar a exist\u00eancia de <\/span><b>burnout no trabalho<\/b><span style=\"font-weight: 400;\"> relacionado \u00e0s atividades profissionais.<\/span><\/p>\n<h1><b>Direitos do trabalhador em casos de Burnout<\/b><\/h1>\n<p><span style=\"font-weight: 400;\">Quando o <\/span><b>burnout no trabalho<\/b><span style=\"font-weight: 400;\"> \u00e9 comprovadamente causado pelas condi\u00e7\u00f5es profissionais, o trabalhador pode ter direito a diversas medidas de prote\u00e7\u00e3o.<\/span><\/p>\n<p><span style=\"font-weight: 400;\">Entre elas, podemos citar:<\/span><\/p>\n<ul>\n<li style=\"font-weight: 400;\" aria-level=\"1\"><span style=\"font-weight: 400;\">afastamento pelo INSS<\/span><span style=\"font-weight: 400;\">\n<p><\/span><\/li>\n<li style=\"font-weight: 400;\" aria-level=\"1\"><span style=\"font-weight: 400;\">estabilidade no emprego<\/span><span style=\"font-weight: 400;\">\n<p><\/span><\/li>\n<li style=\"font-weight: 400;\" aria-level=\"1\"><span style=\"font-weight: 400;\">indeniza\u00e7\u00e3o por danos morais<\/span><span style=\"font-weight: 400;\">\n<p><\/span><\/li>\n<li style=\"font-weight: 400;\" aria-level=\"1\"><span style=\"font-weight: 400;\">indeniza\u00e7\u00e3o por doen\u00e7a ocupacional<\/span><span style=\"font-weight: 400;\">\n<p><\/span><\/li>\n<\/ul>\n<p><span style=\"font-weight: 400;\">Entretanto, cada caso deve ser analisado individualmente.<\/span><\/p>\n<h1><b>Indeniza\u00e7\u00e3o por Burnout no trabalho<\/b><\/h1>\n<p><span style=\"font-weight: 400;\">Quando o <\/span><b>burnout no trabalho<\/b><span style=\"font-weight: 400;\"> decorre de abusos ou neglig\u00eancia da empresa, o trabalhador pode buscar indeniza\u00e7\u00e3o.<\/span><\/p>\n<p><span style=\"font-weight: 400;\">Nesse caso, normalmente \u00e9 solicitada indeniza\u00e7\u00e3o por danos morais, j\u00e1 que a sa\u00fade mental do trabalhador foi prejudicada.<\/span><\/p>\n<p><span style=\"font-weight: 400;\">Al\u00e9m disso, dependendo da situa\u00e7\u00e3o, tamb\u00e9m pode haver indeniza\u00e7\u00e3o por danos materiais, principalmente se houver preju\u00edzos financeiros decorrentes do adoecimento.<\/span><\/p>\n<h1><b>Afastamento pelo INSS em casos de Burnout<\/b><\/h1>\n<p><span style=\"font-weight: 400;\">Quando o trabalhador fica incapaz de exercer suas atividades, ele pode solicitar afastamento pelo INSS.<\/span><\/p>\n<p><span style=\"font-weight: 400;\">Inicialmente, o benef\u00edcio concedido costuma ser o aux\u00edlio-doen\u00e7a.<\/span><\/p>\n<p><span style=\"font-weight: 400;\">Entretanto, se for comprovado que o <\/span><b>burnout no trabalho<\/b><span style=\"font-weight: 400;\"> foi causado pelas condi\u00e7\u00f5es profissionais, o benef\u00edcio pode ser considerado acident\u00e1rio.<\/span><\/p>\n<p><span style=\"font-weight: 400;\">Consequentemente, o trabalhador passa a ter prote\u00e7\u00e3o adicional.<\/span><\/p>\n<h1><b>Estabilidade no emprego ap\u00f3s afastamento<\/b><\/h1>\n<p><span style=\"font-weight: 400;\">Nos casos em que o afastamento ocorre por doen\u00e7a ocupacional, o trabalhador pode ter estabilidade no emprego.<\/span><\/p>\n<p><span style=\"font-weight: 400;\">Isso significa que, ap\u00f3s retornar ao trabalho, ele n\u00e3o pode ser demitido sem justa causa por um per\u00edodo de 12 meses.<\/span><\/p>\n<p><span style=\"font-weight: 400;\">Essa regra busca proteger o trabalhador que sofreu <\/span><b>burnout no trabalho<\/b><span style=\"font-weight: 400;\"> devido \u00e0s condi\u00e7\u00f5es profissionais.<\/span><\/p>\n<h1><b>O que fazer se voc\u00ea est\u00e1 sofrendo Burnout<\/b><\/h1>\n<p><span style=\"font-weight: 400;\">Se voc\u00ea acredita estar enfrentando <\/span><b>burnout no trabalho<\/b><span style=\"font-weight: 400;\">, algumas atitudes podem ser importantes.<\/span><\/p>\n<p><span style=\"font-weight: 400;\">Primeiramente, procure ajuda m\u00e9dica ou psicol\u00f3gica.<\/span><\/p>\n<p><span style=\"font-weight: 400;\">Al\u00e9m disso, registre situa\u00e7\u00f5es de press\u00e3o ou abuso no ambiente profissional.<\/span><\/p>\n<p><span style=\"font-weight: 400;\">Caso o problema continue, pode ser necess\u00e1rio buscar orienta\u00e7\u00e3o jur\u00eddica.<\/span><\/p>\n<h1><b>Como proteger a sa\u00fade mental no trabalho<\/b><\/h1>\n<p><span style=\"font-weight: 400;\">Embora nem sempre seja poss\u00edvel mudar o ambiente profissional, algumas medidas podem ajudar a preservar a sa\u00fade mental.<\/span><\/p>\n<p><span style=\"font-weight: 400;\">Por exemplo:<\/span><\/p>\n<ul>\n<li style=\"font-weight: 400;\" aria-level=\"1\"><span style=\"font-weight: 400;\">estabelecer limites<\/span><span style=\"font-weight: 400;\">\n<p><\/span><\/li>\n<li style=\"font-weight: 400;\" aria-level=\"1\"><span style=\"font-weight: 400;\">buscar apoio psicol\u00f3gico<\/span><span style=\"font-weight: 400;\">\n<p><\/span><\/li>\n<li style=\"font-weight: 400;\" aria-level=\"1\"><span style=\"font-weight: 400;\">conversar com gestores quando poss\u00edvel<\/span><span style=\"font-weight: 400;\">\n<p><\/span><\/li>\n<li style=\"font-weight: 400;\" aria-level=\"1\"><span style=\"font-weight: 400;\">registrar situa\u00e7\u00f5es abusivas<\/span><span style=\"font-weight: 400;\">\n<p><\/span><\/li>\n<\/ul>\n<p><span style=\"font-weight: 400;\">Acima de tudo, \u00e9 importante lembrar que sua sa\u00fade mental deve ser prioridade.<\/span><\/p>\n<h1><b>Quando procurar um advogado trabalhista<\/b><\/h1>\n<p><span style=\"font-weight: 400;\">Se o <\/span><b>burnout no trabalho<\/b><span style=\"font-weight: 400;\"> estiver relacionado \u00e0s condi\u00e7\u00f5es profissionais, procurar um advogado pode ser uma decis\u00e3o importante.<\/span><\/p>\n<p><span style=\"font-weight: 400;\">Isso porque um profissional especializado poder\u00e1 avaliar a situa\u00e7\u00e3o e orientar sobre os direitos do trabalhador.<\/span><\/p>\n<h1><b>Conclus\u00e3o<\/b><\/h1>\n<p><span style=\"font-weight: 400;\">O <\/span><b>burnout no trabalho<\/b><span style=\"font-weight: 400;\"> \u00e9 um problema cada vez mais comum nas rela\u00e7\u00f5es profissionais modernas.<\/span><\/p>\n<p><span style=\"font-weight: 400;\">No entanto, \u00e9 fundamental entender que o trabalhador n\u00e3o precisa aceitar condi\u00e7\u00f5es abusivas que prejudiquem sua sa\u00fade mental.<\/span><\/p>\n<p><span style=\"font-weight: 400;\">Quando o ambiente de trabalho contribui para o adoecimento psicol\u00f3gico, a legisla\u00e7\u00e3o trabalhista oferece mecanismos de prote\u00e7\u00e3o.<\/span><\/p>\n<p><span style=\"font-weight: 400;\">Portanto, conhecer os direitos relacionados ao <\/span><b>burnout no trabalho<\/b><span style=\"font-weight: 400;\"> \u00e9 um passo essencial para proteger a sa\u00fade e a dignidade no ambiente profissional.<\/span><\/p>\n<h1><b>Perguntas Frequentes<\/b><\/h1>\n<h3><b>Burnout no trabalho pode gerar processo?<\/b><\/h3>\n<p><span style=\"font-weight: 400;\">Sim. Quando o <\/span><b>burnout no trabalho<\/b><span style=\"font-weight: 400;\"> \u00e9 causado por condi\u00e7\u00f5es abusivas, o trabalhador pode buscar indeniza\u00e7\u00e3o na Justi\u00e7a do Trabalho.<\/span><\/p>\n<h3><b>Burnout \u00e9 considerado doen\u00e7a ocupacional?<\/b><\/h3>\n<p><span style=\"font-weight: 400;\">Em determinadas situa\u00e7\u00f5es, sim. Quando existe rela\u00e7\u00e3o direta entre o trabalho e o adoecimento, o <\/span><b>burnout no trabalho<\/b><span style=\"font-weight: 400;\"> pode ser reconhecido como doen\u00e7a ocupacional.<\/span><\/p>\n<h3><b>Empresa pode demitir trabalhador com burnout?<\/b><\/h3>\n<p><span style=\"font-weight: 400;\">Depende do caso. Se o afastamento for considerado acident\u00e1rio, pode existir estabilidade no emprego.<\/span><\/p>\n<h3><b>Quais provas ajudam em um processo por burnout?<\/b><\/h3>\n<p><span style=\"font-weight: 400;\">Laudos m\u00e9dicos, testemunhas, mensagens e registros de press\u00e3o psicol\u00f3gica podem ajudar a comprovar o <\/span><b>burnout no trabalho<\/b><span style=\"font-weight: 400;\">.<\/span><\/p>\n<h3><b>Quem sofre burnout deve procurar advogado?<\/b><\/h3>\n<p><span style=\"font-weight: 400;\">Se o <\/span><b>burnout no trabalho<\/b><span style=\"font-weight: 400;\"> estiver relacionado \u00e0s condi\u00e7\u00f5es profissionais, buscar orienta\u00e7\u00e3o jur\u00eddica pode ajudar a garantir os direitos do trabalhador.<\/span><\/p>\n<p><span style=\"font-weight: 400;\">Ent\u00e3o, este pode ser o momento de agir.<\/span><\/p>\n<p><a href=\"https:\/\/api.whatsapp.com\/send\/?phone=5531975283687&amp;text&amp;type=phone_number&amp;app_absent=0\"><span style=\"font-weight: 400;\">Entre em contato agora.<\/span><\/a><\/p>\n<p><span style=\"font-weight: 400;\">Leia tamb\u00e9m<\/span><\/p>\n<ul>\n<li style=\"font-weight: 400;\" aria-level=\"1\"><a href=\"https:\/\/carvalhoadvogado.aliamkt.com\/index.php\/2026\/01\/02\/rescisao-indireta-ameacas-humilhacoes-exposicao-ridiculo\/\"><span style=\"font-weight: 400;\">Rescis\u00e3o Indireta por Amea\u00e7as, Humilha\u00e7\u00f5es e Exposi\u00e7\u00e3o ao Rid\u00edculo no Trabalho: Saiba Como Sair Sem Perder Seus Direitos<\/span><\/a><\/li>\n<\/ul>\n<p><span style=\"font-weight: 400;\">\u00a0<\/span><\/p>\n<p><a href=\"https:\/\/api.whatsapp.com\/send\/?phone=5531975283687&amp;text&amp;type=phone_number&amp;app_absent=0\"><b>Clique aqui e fale comigo agora.<\/b><\/a><\/p>\n<p><span style=\"font-weight: 400;\">\u00a0<\/span><\/p>\n<p><a href=\"https:\/\/wa.me\/5531975283687\"><b>Entre em contato agora com um advogado trabalhista e saiba como garantir o que \u00e9 seu por lei!<\/b><\/a><\/p>\n<p><b>Fale com o Dr. Pedro Carvalho!<\/b><\/p>\n<p><b>Clique no bot\u00e3o abaixo e obtenha a orienta\u00e7\u00e3o jur\u00eddica que voc\u00ea precisa para resolver suas quest\u00f5es com seguran\u00e7a e confian\u00e7a.\u00a0<\/b><\/p>\n<p><a href=\"https:\/\/wa.me\/5531975283687\"><b>Fale comigo agora mesmo<\/b><\/a><\/p>\n<p><b>Siga-nos na rede social, @pedroncarvalhoadv, e fique por dentro das \u00faltimas novidades!<\/b><\/p>\n","protected":false},"excerpt":{"rendered":"<p>Nos \u00faltimos anos, a discuss\u00e3o sobre burnout no trabalho tem se tornado cada vez mais frequente. Isso acontece porque, atualmente, milh\u00f5es de trabalhadores convivem diariamente com press\u00e3o excessiva, metas dif\u00edceis e ambientes profissionais extremamente estressantes. Ao mesmo tempo, muitas pessoas ainda acreditam que sentir cansa\u00e7o extremo ou ansiedade constante faz parte da rotina profissional. No [&hellip;]<\/p>\n","protected":false},"author":1,"featured_media":1631,"comment_status":"open","ping_status":"open","sticky":false,"template":"","format":"standard","meta":{"_joinchat":[],"footnotes":""},"categories":[6],"tags":[],"class_list":["post-1630","post","type-post","status-publish","format-standard","has-post-thumbnail","hentry","category-direito-trabalhista"],"yoast_head":"<!-- This site is optimized with the Yoast SEO plugin v27.5 - https:\/\/yoast.com\/product\/yoast-seo-wordpress\/ -->\n<title>Burnout no Trabalho: Quando o Funcion\u00e1rio Pode Processar a Empresa<\/title>\n<meta name=\"description\" content=\"Entenda quando o burnout no trabalho pode gerar indeniza\u00e7\u00e3o e processo trabalhista. Veja sintomas, direitos do trabalhador e como provar o adoecimento causado pela empresa.\" \/>\n<meta name=\"robots\" content=\"index, follow, max-snippet:-1, max-image-preview:large, max-video-preview:-1\" \/>\n<link rel=\"canonical\" href=\"https:\/\/carvalhoadvogado.aliamkt.com\/index.php\/2026\/03\/13\/burnout-no-trabalho-processar-empresa\/\" \/>\n<meta property=\"og:locale\" content=\"pt_BR\" \/>\n<meta property=\"og:type\" content=\"article\" \/>\n<meta property=\"og:title\" content=\"Burnout no Trabalho: Quando o Funcion\u00e1rio Pode Processar a Empresa\" \/>\n<meta property=\"og:description\" content=\"Entenda quando o burnout no trabalho pode gerar indeniza\u00e7\u00e3o e processo trabalhista. Veja sintomas, direitos do trabalhador e como provar o adoecimento causado pela empresa.\" \/>\n<meta property=\"og:url\" content=\"https:\/\/carvalhoadvogado.aliamkt.com\/index.php\/2026\/03\/13\/burnout-no-trabalho-processar-empresa\/\" \/>\n<meta property=\"og:site_name\" content=\"Pedro Carvalho Advogado Trabalhista\" \/>\n<meta property=\"article:published_time\" content=\"2026-03-13T12:40:39+00:00\" \/>\n<meta property=\"og:image\" content=\"https:\/\/carvalhoadvogado.aliamkt.com\/wp-content\/uploads\/2026\/03\/burnout-no-trabalho.jpg\" \/>\n\t<meta property=\"og:image:width\" content=\"750\" \/>\n\t<meta property=\"og:image:height\" content=\"500\" \/>\n\t<meta property=\"og:image:type\" content=\"image\/jpeg\" \/>\n<meta name=\"author\" content=\"lailacarvalhoadv\" \/>\n<meta name=\"twitter:card\" content=\"summary_large_image\" \/>\n<meta name=\"twitter:label1\" content=\"Escrito por\" \/>\n\t<meta name=\"twitter:data1\" content=\"lailacarvalhoadv\" \/>\n\t<meta name=\"twitter:label2\" content=\"Est. tempo de leitura\" \/>\n\t<meta name=\"twitter:data2\" content=\"9 minutos\" \/>\n<script type=\"application\/ld+json\" class=\"yoast-schema-graph\">{\"@context\":\"https:\\\/\\\/schema.org\",\"@graph\":[{\"@type\":\"Article\",\"@id\":\"https:\\\/\\\/carvalhoadvogado.aliamkt.com\\\/index.php\\\/2026\\\/03\\\/13\\\/burnout-no-trabalho-processar-empresa\\\/#article\",\"isPartOf\":{\"@id\":\"https:\\\/\\\/carvalhoadvogado.aliamkt.com\\\/index.php\\\/2026\\\/03\\\/13\\\/burnout-no-trabalho-processar-empresa\\\/\"},\"author\":{\"name\":\"lailacarvalhoadv\",\"@id\":\"https:\\\/\\\/carvalhoadvogado.aliamkt.com\\\/#\\\/schema\\\/person\\\/8f4d67ba57d6160ee802836a319bd8eb\"},\"headline\":\"Burnout no Trabalho: Quando o Funcion\u00e1rio Pode Processar a Empresa\",\"datePublished\":\"2026-03-13T12:40:39+00:00\",\"mainEntityOfPage\":{\"@id\":\"https:\\\/\\\/carvalhoadvogado.aliamkt.com\\\/index.php\\\/2026\\\/03\\\/13\\\/burnout-no-trabalho-processar-empresa\\\/\"},\"wordCount\":1770,\"commentCount\":0,\"publisher\":{\"@id\":\"https:\\\/\\\/carvalhoadvogado.aliamkt.com\\\/#organization\"},\"image\":{\"@id\":\"https:\\\/\\\/carvalhoadvogado.aliamkt.com\\\/index.php\\\/2026\\\/03\\\/13\\\/burnout-no-trabalho-processar-empresa\\\/#primaryimage\"},\"thumbnailUrl\":\"https:\\\/\\\/carvalhoadvogado.aliamkt.com\\\/wp-content\\\/uploads\\\/2026\\\/03\\\/burnout-no-trabalho.jpg\",\"articleSection\":[\"Direito Trabalhista\"],\"inLanguage\":\"pt-BR\",\"potentialAction\":[{\"@type\":\"CommentAction\",\"name\":\"Comment\",\"target\":[\"https:\\\/\\\/carvalhoadvogado.aliamkt.com\\\/index.php\\\/2026\\\/03\\\/13\\\/burnout-no-trabalho-processar-empresa\\\/#respond\"]}]},{\"@type\":\"WebPage\",\"@id\":\"https:\\\/\\\/carvalhoadvogado.aliamkt.com\\\/index.php\\\/2026\\\/03\\\/13\\\/burnout-no-trabalho-processar-empresa\\\/\",\"url\":\"https:\\\/\\\/carvalhoadvogado.aliamkt.com\\\/index.php\\\/2026\\\/03\\\/13\\\/burnout-no-trabalho-processar-empresa\\\/\",\"name\":\"Burnout no Trabalho: Quando o Funcion\u00e1rio Pode Processar a Empresa\",\"isPartOf\":{\"@id\":\"https:\\\/\\\/carvalhoadvogado.aliamkt.com\\\/#website\"},\"primaryImageOfPage\":{\"@id\":\"https:\\\/\\\/carvalhoadvogado.aliamkt.com\\\/index.php\\\/2026\\\/03\\\/13\\\/burnout-no-trabalho-processar-empresa\\\/#primaryimage\"},\"image\":{\"@id\":\"https:\\\/\\\/carvalhoadvogado.aliamkt.com\\\/index.php\\\/2026\\\/03\\\/13\\\/burnout-no-trabalho-processar-empresa\\\/#primaryimage\"},\"thumbnailUrl\":\"https:\\\/\\\/carvalhoadvogado.aliamkt.com\\\/wp-content\\\/uploads\\\/2026\\\/03\\\/burnout-no-trabalho.jpg\",\"datePublished\":\"2026-03-13T12:40:39+00:00\",\"description\":\"Entenda quando o burnout no trabalho pode gerar indeniza\u00e7\u00e3o e processo trabalhista. Veja sintomas, direitos do trabalhador e como provar o adoecimento causado pela empresa.\",\"breadcrumb\":{\"@id\":\"https:\\\/\\\/carvalhoadvogado.aliamkt.com\\\/index.php\\\/2026\\\/03\\\/13\\\/burnout-no-trabalho-processar-empresa\\\/#breadcrumb\"},\"inLanguage\":\"pt-BR\",\"potentialAction\":[{\"@type\":\"ReadAction\",\"target\":[\"https:\\\/\\\/carvalhoadvogado.aliamkt.com\\\/index.php\\\/2026\\\/03\\\/13\\\/burnout-no-trabalho-processar-empresa\\\/\"]}]},{\"@type\":\"ImageObject\",\"inLanguage\":\"pt-BR\",\"@id\":\"https:\\\/\\\/carvalhoadvogado.aliamkt.com\\\/index.php\\\/2026\\\/03\\\/13\\\/burnout-no-trabalho-processar-empresa\\\/#primaryimage\",\"url\":\"https:\\\/\\\/carvalhoadvogado.aliamkt.com\\\/wp-content\\\/uploads\\\/2026\\\/03\\\/burnout-no-trabalho.jpg\",\"contentUrl\":\"https:\\\/\\\/carvalhoadvogado.aliamkt.com\\\/wp-content\\\/uploads\\\/2026\\\/03\\\/burnout-no-trabalho.jpg\",\"width\":750,\"height\":500},{\"@type\":\"BreadcrumbList\",\"@id\":\"https:\\\/\\\/carvalhoadvogado.aliamkt.com\\\/index.php\\\/2026\\\/03\\\/13\\\/burnout-no-trabalho-processar-empresa\\\/#breadcrumb\",\"itemListElement\":[{\"@type\":\"ListItem\",\"position\":1,\"name\":\"In\u00edcio\",\"item\":\"https:\\\/\\\/carvalhoadvogado.aliamkt.com\\\/\"},{\"@type\":\"ListItem\",\"position\":2,\"name\":\"Burnout no Trabalho: Quando o Funcion\u00e1rio Pode Processar a Empresa\"}]},{\"@type\":\"WebSite\",\"@id\":\"https:\\\/\\\/carvalhoadvogado.aliamkt.com\\\/#website\",\"url\":\"https:\\\/\\\/carvalhoadvogado.aliamkt.com\\\/\",\"name\":\"Pedro Carvalho Advogado\",\"description\":\"Advogado Trabalhista\",\"publisher\":{\"@id\":\"https:\\\/\\\/carvalhoadvogado.aliamkt.com\\\/#organization\"},\"potentialAction\":[{\"@type\":\"SearchAction\",\"target\":{\"@type\":\"EntryPoint\",\"urlTemplate\":\"https:\\\/\\\/carvalhoadvogado.aliamkt.com\\\/?s={search_term_string}\"},\"query-input\":{\"@type\":\"PropertyValueSpecification\",\"valueRequired\":true,\"valueName\":\"search_term_string\"}}],\"inLanguage\":\"pt-BR\"},{\"@type\":\"Organization\",\"@id\":\"https:\\\/\\\/carvalhoadvogado.aliamkt.com\\\/#organization\",\"name\":\"Pedro Carvalho Advogado\",\"url\":\"https:\\\/\\\/carvalhoadvogado.aliamkt.com\\\/\",\"logo\":{\"@type\":\"ImageObject\",\"inLanguage\":\"pt-BR\",\"@id\":\"https:\\\/\\\/carvalhoadvogado.aliamkt.com\\\/#\\\/schema\\\/logo\\\/image\\\/\",\"url\":\"https:\\\/\\\/carvalhoadvogado.aliamkt.com\\\/wp-content\\\/uploads\\\/2024\\\/06\\\/Logo-azul.png\",\"contentUrl\":\"https:\\\/\\\/carvalhoadvogado.aliamkt.com\\\/wp-content\\\/uploads\\\/2024\\\/06\\\/Logo-azul.png\",\"width\":500,\"height\":500,\"caption\":\"Pedro Carvalho Advogado\"},\"image\":{\"@id\":\"https:\\\/\\\/carvalhoadvogado.aliamkt.com\\\/#\\\/schema\\\/logo\\\/image\\\/\"}},{\"@type\":\"Person\",\"@id\":\"https:\\\/\\\/carvalhoadvogado.aliamkt.com\\\/#\\\/schema\\\/person\\\/8f4d67ba57d6160ee802836a319bd8eb\",\"name\":\"lailacarvalhoadv\",\"image\":{\"@type\":\"ImageObject\",\"inLanguage\":\"pt-BR\",\"@id\":\"https:\\\/\\\/secure.gravatar.com\\\/avatar\\\/a60961139a792fb5ca701fab485f653a1b3cc37cf8dbd4937b4134105caf5369?s=96&d=mm&r=g\",\"url\":\"https:\\\/\\\/secure.gravatar.com\\\/avatar\\\/a60961139a792fb5ca701fab485f653a1b3cc37cf8dbd4937b4134105caf5369?s=96&d=mm&r=g\",\"contentUrl\":\"https:\\\/\\\/secure.gravatar.com\\\/avatar\\\/a60961139a792fb5ca701fab485f653a1b3cc37cf8dbd4937b4134105caf5369?s=96&d=mm&r=g\",\"caption\":\"lailacarvalhoadv\"},\"sameAs\":[\"https:\\\/\\\/carvalhoadvogado.aliamkt.com\"],\"url\":\"https:\\\/\\\/carvalhoadvogado.aliamkt.com\\\/index.php\\\/author\\\/lailacarvalhoadv\\\/\"}]}<\/script>\n<!-- \/ Yoast SEO plugin. -->","yoast_head_json":{"title":"Burnout no Trabalho: Quando o Funcion\u00e1rio Pode Processar a Empresa","description":"Entenda quando o burnout no trabalho pode gerar indeniza\u00e7\u00e3o e processo trabalhista. Veja sintomas, direitos do trabalhador e como provar o adoecimento causado pela empresa.","robots":{"index":"index","follow":"follow","max-snippet":"max-snippet:-1","max-image-preview":"max-image-preview:large","max-video-preview":"max-video-preview:-1"},"canonical":"https:\/\/carvalhoadvogado.aliamkt.com\/index.php\/2026\/03\/13\/burnout-no-trabalho-processar-empresa\/","og_locale":"pt_BR","og_type":"article","og_title":"Burnout no Trabalho: Quando o Funcion\u00e1rio Pode Processar a Empresa","og_description":"Entenda quando o burnout no trabalho pode gerar indeniza\u00e7\u00e3o e processo trabalhista. Veja sintomas, direitos do trabalhador e como provar o adoecimento causado pela empresa.","og_url":"https:\/\/carvalhoadvogado.aliamkt.com\/index.php\/2026\/03\/13\/burnout-no-trabalho-processar-empresa\/","og_site_name":"Pedro Carvalho Advogado Trabalhista","article_published_time":"2026-03-13T12:40:39+00:00","og_image":[{"width":750,"height":500,"url":"https:\/\/carvalhoadvogado.aliamkt.com\/wp-content\/uploads\/2026\/03\/burnout-no-trabalho.jpg","type":"image\/jpeg"}],"author":"lailacarvalhoadv","twitter_card":"summary_large_image","twitter_misc":{"Escrito por":"lailacarvalhoadv","Est. tempo de leitura":"9 minutos"},"schema":{"@context":"https:\/\/schema.org","@graph":[{"@type":"Article","@id":"https:\/\/carvalhoadvogado.aliamkt.com\/index.php\/2026\/03\/13\/burnout-no-trabalho-processar-empresa\/#article","isPartOf":{"@id":"https:\/\/carvalhoadvogado.aliamkt.com\/index.php\/2026\/03\/13\/burnout-no-trabalho-processar-empresa\/"},"author":{"name":"lailacarvalhoadv","@id":"https:\/\/carvalhoadvogado.aliamkt.com\/#\/schema\/person\/8f4d67ba57d6160ee802836a319bd8eb"},"headline":"Burnout no Trabalho: Quando o Funcion\u00e1rio Pode Processar a Empresa","datePublished":"2026-03-13T12:40:39+00:00","mainEntityOfPage":{"@id":"https:\/\/carvalhoadvogado.aliamkt.com\/index.php\/2026\/03\/13\/burnout-no-trabalho-processar-empresa\/"},"wordCount":1770,"commentCount":0,"publisher":{"@id":"https:\/\/carvalhoadvogado.aliamkt.com\/#organization"},"image":{"@id":"https:\/\/carvalhoadvogado.aliamkt.com\/index.php\/2026\/03\/13\/burnout-no-trabalho-processar-empresa\/#primaryimage"},"thumbnailUrl":"https:\/\/carvalhoadvogado.aliamkt.com\/wp-content\/uploads\/2026\/03\/burnout-no-trabalho.jpg","articleSection":["Direito Trabalhista"],"inLanguage":"pt-BR","potentialAction":[{"@type":"CommentAction","name":"Comment","target":["https:\/\/carvalhoadvogado.aliamkt.com\/index.php\/2026\/03\/13\/burnout-no-trabalho-processar-empresa\/#respond"]}]},{"@type":"WebPage","@id":"https:\/\/carvalhoadvogado.aliamkt.com\/index.php\/2026\/03\/13\/burnout-no-trabalho-processar-empresa\/","url":"https:\/\/carvalhoadvogado.aliamkt.com\/index.php\/2026\/03\/13\/burnout-no-trabalho-processar-empresa\/","name":"Burnout no Trabalho: Quando o Funcion\u00e1rio Pode Processar a Empresa","isPartOf":{"@id":"https:\/\/carvalhoadvogado.aliamkt.com\/#website"},"primaryImageOfPage":{"@id":"https:\/\/carvalhoadvogado.aliamkt.com\/index.php\/2026\/03\/13\/burnout-no-trabalho-processar-empresa\/#primaryimage"},"image":{"@id":"https:\/\/carvalhoadvogado.aliamkt.com\/index.php\/2026\/03\/13\/burnout-no-trabalho-processar-empresa\/#primaryimage"},"thumbnailUrl":"https:\/\/carvalhoadvogado.aliamkt.com\/wp-content\/uploads\/2026\/03\/burnout-no-trabalho.jpg","datePublished":"2026-03-13T12:40:39+00:00","description":"Entenda quando o burnout no trabalho pode gerar indeniza\u00e7\u00e3o e processo trabalhista. Veja sintomas, direitos do trabalhador e como provar o adoecimento causado pela empresa.","breadcrumb":{"@id":"https:\/\/carvalhoadvogado.aliamkt.com\/index.php\/2026\/03\/13\/burnout-no-trabalho-processar-empresa\/#breadcrumb"},"inLanguage":"pt-BR","potentialAction":[{"@type":"ReadAction","target":["https:\/\/carvalhoadvogado.aliamkt.com\/index.php\/2026\/03\/13\/burnout-no-trabalho-processar-empresa\/"]}]},{"@type":"ImageObject","inLanguage":"pt-BR","@id":"https:\/\/carvalhoadvogado.aliamkt.com\/index.php\/2026\/03\/13\/burnout-no-trabalho-processar-empresa\/#primaryimage","url":"https:\/\/carvalhoadvogado.aliamkt.com\/wp-content\/uploads\/2026\/03\/burnout-no-trabalho.jpg","contentUrl":"https:\/\/carvalhoadvogado.aliamkt.com\/wp-content\/uploads\/2026\/03\/burnout-no-trabalho.jpg","width":750,"height":500},{"@type":"BreadcrumbList","@id":"https:\/\/carvalhoadvogado.aliamkt.com\/index.php\/2026\/03\/13\/burnout-no-trabalho-processar-empresa\/#breadcrumb","itemListElement":[{"@type":"ListItem","position":1,"name":"In\u00edcio","item":"https:\/\/carvalhoadvogado.aliamkt.com\/"},{"@type":"ListItem","position":2,"name":"Burnout no Trabalho: Quando o Funcion\u00e1rio Pode Processar a Empresa"}]},{"@type":"WebSite","@id":"https:\/\/carvalhoadvogado.aliamkt.com\/#website","url":"https:\/\/carvalhoadvogado.aliamkt.com\/","name":"Pedro Carvalho Advogado","description":"Advogado Trabalhista","publisher":{"@id":"https:\/\/carvalhoadvogado.aliamkt.com\/#organization"},"potentialAction":[{"@type":"SearchAction","target":{"@type":"EntryPoint","urlTemplate":"https:\/\/carvalhoadvogado.aliamkt.com\/?s={search_term_string}"},"query-input":{"@type":"PropertyValueSpecification","valueRequired":true,"valueName":"search_term_string"}}],"inLanguage":"pt-BR"},{"@type":"Organization","@id":"https:\/\/carvalhoadvogado.aliamkt.com\/#organization","name":"Pedro Carvalho Advogado","url":"https:\/\/carvalhoadvogado.aliamkt.com\/","logo":{"@type":"ImageObject","inLanguage":"pt-BR","@id":"https:\/\/carvalhoadvogado.aliamkt.com\/#\/schema\/logo\/image\/","url":"https:\/\/carvalhoadvogado.aliamkt.com\/wp-content\/uploads\/2024\/06\/Logo-azul.png","contentUrl":"https:\/\/carvalhoadvogado.aliamkt.com\/wp-content\/uploads\/2024\/06\/Logo-azul.png","width":500,"height":500,"caption":"Pedro Carvalho Advogado"},"image":{"@id":"https:\/\/carvalhoadvogado.aliamkt.com\/#\/schema\/logo\/image\/"}},{"@type":"Person","@id":"https:\/\/carvalhoadvogado.aliamkt.com\/#\/schema\/person\/8f4d67ba57d6160ee802836a319bd8eb","name":"lailacarvalhoadv","image":{"@type":"ImageObject","inLanguage":"pt-BR","@id":"https:\/\/secure.gravatar.com\/avatar\/a60961139a792fb5ca701fab485f653a1b3cc37cf8dbd4937b4134105caf5369?s=96&d=mm&r=g","url":"https:\/\/secure.gravatar.com\/avatar\/a60961139a792fb5ca701fab485f653a1b3cc37cf8dbd4937b4134105caf5369?s=96&d=mm&r=g","contentUrl":"https:\/\/secure.gravatar.com\/avatar\/a60961139a792fb5ca701fab485f653a1b3cc37cf8dbd4937b4134105caf5369?s=96&d=mm&r=g","caption":"lailacarvalhoadv"},"sameAs":["https:\/\/carvalhoadvogado.aliamkt.com"],"url":"https:\/\/carvalhoadvogado.aliamkt.com\/index.php\/author\/lailacarvalhoadv\/"}]}},"_links":{"self":[{"href":"https:\/\/carvalhoadvogado.aliamkt.com\/index.php\/wp-json\/wp\/v2\/posts\/1630","targetHints":{"allow":["GET"]}}],"collection":[{"href":"https:\/\/carvalhoadvogado.aliamkt.com\/index.php\/wp-json\/wp\/v2\/posts"}],"about":[{"href":"https:\/\/carvalhoadvogado.aliamkt.com\/index.php\/wp-json\/wp\/v2\/types\/post"}],"author":[{"embeddable":true,"href":"https:\/\/carvalhoadvogado.aliamkt.com\/index.php\/wp-json\/wp\/v2\/users\/1"}],"replies":[{"embeddable":true,"href":"https:\/\/carvalhoadvogado.aliamkt.com\/index.php\/wp-json\/wp\/v2\/comments?post=1630"}],"version-history":[{"count":1,"href":"https:\/\/carvalhoadvogado.aliamkt.com\/index.php\/wp-json\/wp\/v2\/posts\/1630\/revisions"}],"predecessor-version":[{"id":1632,"href":"https:\/\/carvalhoadvogado.aliamkt.com\/index.php\/wp-json\/wp\/v2\/posts\/1630\/revisions\/1632"}],"wp:featuredmedia":[{"embeddable":true,"href":"https:\/\/carvalhoadvogado.aliamkt.com\/index.php\/wp-json\/wp\/v2\/media\/1631"}],"wp:attachment":[{"href":"https:\/\/carvalhoadvogado.aliamkt.com\/index.php\/wp-json\/wp\/v2\/media?parent=1630"}],"wp:term":[{"taxonomy":"category","embeddable":true,"href":"https:\/\/carvalhoadvogado.aliamkt.com\/index.php\/wp-json\/wp\/v2\/categories?post=1630"},{"taxonomy":"post_tag","embeddable":true,"href":"https:\/\/carvalhoadvogado.aliamkt.com\/index.php\/wp-json\/wp\/v2\/tags?post=1630"}],"curies":[{"name":"wp","href":"https:\/\/api.w.org\/{rel}","templated":true}]}}