{"id":1636,"date":"2026-03-16T17:00:08","date_gmt":"2026-03-16T20:00:08","guid":{"rendered":"https:\/\/carvalhoadvogado.aliamkt.com\/?p=1636"},"modified":"2026-03-16T17:00:08","modified_gmt":"2026-03-16T20:00:08","slug":"horas-extras-cuidador-de-idoso","status":"publish","type":"post","link":"https:\/\/carvalhoadvogado.aliamkt.com\/index.php\/2026\/03\/16\/horas-extras-cuidador-de-idoso\/","title":{"rendered":"Horas Extras do Cuidador de Idoso: Quando S\u00e3o Devidas e Como Calcular\u00a0"},"content":{"rendered":"<p><span style=\"font-weight: 400;\">Antes de tudo, \u00e9 importante compreender que muitos cuidadores de idosos acabam trabalhando <\/span><b>muito al\u00e9m da jornada legal<\/b><span style=\"font-weight: 400;\">. Al\u00e9m disso, em grande parte dos casos, esse excesso de jornada ocorre de forma cont\u00ednua e prolongada. No entanto, apesar de essa realidade ser bastante comum, <\/span><b>nem sempre as horas extras s\u00e3o pagas corretamente<\/b><span style=\"font-weight: 400;\">.<\/span><\/p>\n<p><span style=\"font-weight: 400;\">Al\u00e9m disso, muitas fam\u00edlias acreditam, equivocadamente, que, por se tratar de trabalho dom\u00e9stico, <\/span><b>n\u00e3o existe obriga\u00e7\u00e3o de pagar horas extras<\/b><span style=\"font-weight: 400;\">. Entretanto, essa interpreta\u00e7\u00e3o est\u00e1 incorreta. Pelo contr\u00e1rio, a legisla\u00e7\u00e3o trabalhista estabelece claramente que, sempre que a jornada ultrapassa os limites legais, <\/span><b>o cuidador tem direito ao pagamento adicional<\/b><span style=\"font-weight: 400;\">.<\/span><\/p>\n<p><span style=\"font-weight: 400;\">Portanto, neste guia completo voc\u00ea vai entender, passo a passo, <\/span><b>quando as horas extras s\u00e3o devidas<\/b><span style=\"font-weight: 400;\">, <\/span><b>como calcular corretamente<\/b><span style=\"font-weight: 400;\">, <\/span><b>como comprovar o excesso de jornada<\/b><span style=\"font-weight: 400;\"> e, al\u00e9m disso, <\/span><b>quando pode ser necess\u00e1rio ingressar com a\u00e7\u00e3o trabalhista para receber os valores devidos<\/b><span style=\"font-weight: 400;\">.<\/span><\/p>\n<h1><b>Sum\u00e1rio<\/b><\/h1>\n<ol>\n<li style=\"font-weight: 400;\" aria-level=\"1\"><span style=\"font-weight: 400;\">Qual \u00e9 a jornada legal do cuidador de idoso<\/span><span style=\"font-weight: 400;\">\n<p><\/span><\/li>\n<li style=\"font-weight: 400;\" aria-level=\"1\"><span style=\"font-weight: 400;\">Quando o cuidador tem direito a horas extras<\/span><span style=\"font-weight: 400;\">\n<p><\/span><\/li>\n<li style=\"font-weight: 400;\" aria-level=\"1\"><span style=\"font-weight: 400;\">Horas extras no plant\u00e3o 12&#215;36<\/span><span style=\"font-weight: 400;\">\n<p><\/span><\/li>\n<li style=\"font-weight: 400;\" aria-level=\"1\"><span style=\"font-weight: 400;\">Intervalo n\u00e3o concedido tamb\u00e9m gera horas extras<\/span><span style=\"font-weight: 400;\">\n<p><\/span><\/li>\n<li style=\"font-weight: 400;\" aria-level=\"1\"><span style=\"font-weight: 400;\">Como calcular horas extras do cuidador<\/span><span style=\"font-weight: 400;\">\n<p><\/span><\/li>\n<li style=\"font-weight: 400;\" aria-level=\"1\"><span style=\"font-weight: 400;\">Reflexos das horas extras em outros direitos<\/span><span style=\"font-weight: 400;\">\n<p><\/span><\/li>\n<li style=\"font-weight: 400;\" aria-level=\"1\"><span style=\"font-weight: 400;\">Como provar horas extras na Justi\u00e7a<\/span><span style=\"font-weight: 400;\">\n<p><\/span><\/li>\n<li style=\"font-weight: 400;\" aria-level=\"1\"><span style=\"font-weight: 400;\">Quando entrar com a\u00e7\u00e3o trabalhista<\/span><span style=\"font-weight: 400;\">\n<p><\/span><\/li>\n<li style=\"font-weight: 400;\" aria-level=\"1\"><span style=\"font-weight: 400;\">Perguntas frequentes (FAQ)<\/span><span style=\"font-weight: 400;\">\n<p><\/span><\/li>\n<li style=\"font-weight: 400;\" aria-level=\"1\"><span style=\"font-weight: 400;\">Fale com um advogado trabalhista em Contagem<\/span><span style=\"font-weight: 400;\">\n<p><\/span><\/li>\n<\/ol>\n<h1><b>Qual \u00e9 a jornada legal do cuidador de idoso<\/b><\/h1>\n<p><span style=\"font-weight: 400;\">Inicialmente, \u00e9 fundamental compreender que o cuidador de idoso, quando contratado por uma fam\u00edlia, normalmente \u00e9 considerado <\/span><b>empregado dom\u00e9stico<\/b><span style=\"font-weight: 400;\">. Assim, nesse contexto, passam a valer as regras previstas na legisla\u00e7\u00e3o trabalhista aplic\u00e1vel ao trabalho dom\u00e9stico.<\/span><\/p>\n<p><span style=\"font-weight: 400;\">De acordo com a legisla\u00e7\u00e3o brasileira, a jornada padr\u00e3o de trabalho corresponde a:<\/span><\/p>\n<ul>\n<li style=\"font-weight: 400;\" aria-level=\"1\"><b>8 horas por dia<\/b><b>\n<p><\/b><\/li>\n<li style=\"font-weight: 400;\" aria-level=\"1\"><b>44 horas por semana<\/b><b>\n<p><\/b><\/li>\n<\/ul>\n<p><span style=\"font-weight: 400;\">Al\u00e9m disso, a lei tamb\u00e9m permite alguns formatos alternativos de jornada. Por exemplo, \u00e9 poss\u00edvel adotar:<\/span><\/p>\n<ul>\n<li style=\"font-weight: 400;\" aria-level=\"1\"><span style=\"font-weight: 400;\">escala <\/span><b>12&#215;36<\/b><span style=\"font-weight: 400;\">,<\/span><span style=\"font-weight: 400;\">\n<p><\/span><\/li>\n<li style=\"font-weight: 400;\" aria-level=\"1\"><span style=\"font-weight: 400;\">jornada com banco de horas,<\/span><span style=\"font-weight: 400;\">\n<p><\/span><\/li>\n<li style=\"font-weight: 400;\" aria-level=\"1\"><span style=\"font-weight: 400;\">jornada parcial.<\/span><span style=\"font-weight: 400;\">\n<p><\/span><\/li>\n<\/ul>\n<p><span style=\"font-weight: 400;\">Entretanto, ainda que existam diferentes formas de organiza\u00e7\u00e3o da jornada, \u00e9 importante destacar que, sempre que o limite legal \u00e9 ultrapassado, <\/span><b>passam a existir horas extras<\/b><span style=\"font-weight: 400;\">. Consequentemente, essas horas adicionais devem ser pagas com o respectivo adicional previsto na legisla\u00e7\u00e3o.<\/span><\/p>\n<h1><b>\u00a0Quando o cuidador tem direito a horas extras<\/b><\/h1>\n<p><span style=\"font-weight: 400;\">De modo geral, o cuidador tem direito a horas extras sempre que trabalha <\/span><b>al\u00e9m da jornada prevista no contrato ou na lei<\/b><span style=\"font-weight: 400;\">. Assim, sempre que a jornada real ultrapassa os limites estabelecidos, surge o direito ao pagamento adicional.<\/span><\/p>\n<p><span style=\"font-weight: 400;\">Por exemplo, as horas extras podem ocorrer quando:<\/span><\/p>\n<ul>\n<li style=\"font-weight: 400;\" aria-level=\"1\"><span style=\"font-weight: 400;\">o cuidador entra mais cedo no trabalho,<\/span><span style=\"font-weight: 400;\">\n<p><\/span><\/li>\n<li style=\"font-weight: 400;\" aria-level=\"1\"><span style=\"font-weight: 400;\">o cuidador precisa sair mais tarde,<\/span><span style=\"font-weight: 400;\">\n<p><\/span><\/li>\n<li style=\"font-weight: 400;\" aria-level=\"1\"><span style=\"font-weight: 400;\">o cuidador realiza <\/span><b>dobra de plant\u00e3o<\/b><span style=\"font-weight: 400;\">,<\/span><span style=\"font-weight: 400;\">\n<p><\/span><\/li>\n<li style=\"font-weight: 400;\" aria-level=\"1\"><span style=\"font-weight: 400;\">o cuidador cobre a folga de outro trabalhador,<\/span><span style=\"font-weight: 400;\">\n<p><\/span><\/li>\n<li style=\"font-weight: 400;\" aria-level=\"1\"><span style=\"font-weight: 400;\">o cuidador trabalha em feriados,<\/span><span style=\"font-weight: 400;\">\n<p><\/span><\/li>\n<li style=\"font-weight: 400;\" aria-level=\"1\"><span style=\"font-weight: 400;\">o intervalo de descanso n\u00e3o \u00e9 concedido corretamente.<\/span><span style=\"font-weight: 400;\">\n<p><\/span><\/li>\n<\/ul>\n<p><span style=\"font-weight: 400;\">Al\u00e9m disso, \u00e9 importante destacar que, mesmo pequenas extens\u00f5es de hor\u00e1rio, quando ocorrem com frequ\u00eancia, tamb\u00e9m podem gerar horas extras. Portanto, \u00e9 essencial observar <\/span><b>a jornada efetivamente cumprida<\/b><span style=\"font-weight: 400;\">, e n\u00e3o apenas aquela que foi inicialmente combinada.<\/span><\/p>\n<h1><b>Horas extras no plant\u00e3o 12&#215;36<\/b><\/h1>\n<p><span style=\"font-weight: 400;\">O regime <\/span><b>12&#215;36<\/b><span style=\"font-weight: 400;\"> \u00e9 bastante comum entre cuidadores de idosos. Nesse modelo de jornada, o trabalhador exerce suas fun\u00e7\u00f5es durante <\/span><b>12 horas consecutivas<\/b><span style=\"font-weight: 400;\"> e, em seguida, descansa por <\/span><b>36 horas<\/b><span style=\"font-weight: 400;\">.<\/span><\/p>\n<p><span style=\"font-weight: 400;\">No entanto, embora esse regime seja permitido pela legisla\u00e7\u00e3o, isso <\/span><b>n\u00e3o significa que n\u00e3o existam horas extras<\/b><span style=\"font-weight: 400;\">. Pelo contr\u00e1rio, em diversas situa\u00e7\u00f5es podem surgir horas adicionais.<\/span><\/p>\n<p><span style=\"font-weight: 400;\">Por exemplo, haver\u00e1 horas extras quando:<\/span><\/p>\n<ul>\n<li style=\"font-weight: 400;\" aria-level=\"1\"><span style=\"font-weight: 400;\">o cuidador trabalha <\/span><b>mais de 12 horas<\/b><span style=\"font-weight: 400;\">,<\/span><span style=\"font-weight: 400;\">\n<p><\/span><\/li>\n<li style=\"font-weight: 400;\" aria-level=\"1\"><span style=\"font-weight: 400;\">o cuidador realiza <\/span><b>dobra de plant\u00e3o<\/b><span style=\"font-weight: 400;\">,<\/span><span style=\"font-weight: 400;\">\n<p><\/span><\/li>\n<li style=\"font-weight: 400;\" aria-level=\"1\"><span style=\"font-weight: 400;\">o cuidador perde o intervalo de descanso,<\/span><span style=\"font-weight: 400;\">\n<p><\/span><\/li>\n<li style=\"font-weight: 400;\" aria-level=\"1\"><span style=\"font-weight: 400;\">o cuidador \u00e9 convocado antes ou depois do plant\u00e3o.<\/span><span style=\"font-weight: 400;\">\n<p><\/span><\/li>\n<\/ul>\n<p><span style=\"font-weight: 400;\">Assim, mesmo no regime 12&#215;36, \u00e9 perfeitamente poss\u00edvel que existam horas extras. Portanto, cada situa\u00e7\u00e3o precisa ser analisada com aten\u00e7\u00e3o.<\/span><\/p>\n<h1><b>Intervalo n\u00e3o concedido tamb\u00e9m gera horas extras<\/b><\/h1>\n<p><span style=\"font-weight: 400;\">Al\u00e9m da jornada em si, outro ponto extremamente importante \u00e9 o <\/span><b>intervalo para descanso e alimenta\u00e7\u00e3o<\/b><span style=\"font-weight: 400;\">.<\/span><\/p>\n<p><span style=\"font-weight: 400;\">De acordo com a legisla\u00e7\u00e3o trabalhista, quando a jornada ultrapassa <\/span><b>6 horas di\u00e1rias<\/b><span style=\"font-weight: 400;\">, o trabalhador deve receber <\/span><b>no m\u00ednimo 1 hora de intervalo<\/b><span style=\"font-weight: 400;\">. Esse intervalo tem como objetivo permitir a recupera\u00e7\u00e3o f\u00edsica e mental do trabalhador.<\/span><\/p>\n<p><span style=\"font-weight: 400;\">No entanto, na pr\u00e1tica, muitos cuidadores permanecem <\/span><b>\u00e0 disposi\u00e7\u00e3o do idoso durante todo o plant\u00e3o<\/b><span style=\"font-weight: 400;\">, o que dificulta ou at\u00e9 impede a realiza\u00e7\u00e3o do intervalo.<\/span><\/p>\n<p><span style=\"font-weight: 400;\">Consequentemente, quando o intervalo n\u00e3o \u00e9 concedido adequadamente, a legisla\u00e7\u00e3o determina que esse per\u00edodo seja pago <\/span><b>como hora extra<\/b><span style=\"font-weight: 400;\">. Portanto, sempre que o descanso n\u00e3o \u00e9 garantido, pode existir direito ao pagamento adicional.<\/span><\/p>\n<h1><b>Como calcular horas extras do cuidador<\/b><\/h1>\n<p><span style=\"font-weight: 400;\">O c\u00e1lculo das horas extras segue uma l\u00f3gica relativamente simples. Entretanto, \u00e9 importante compreender cada etapa.<\/span><\/p>\n<p><span style=\"font-weight: 400;\">Primeiramente, \u00e9 necess\u00e1rio descobrir o valor da <\/span><b>hora normal de trabalho<\/b><span style=\"font-weight: 400;\">. Em seguida, aplica-se o adicional previsto na legisla\u00e7\u00e3o.<\/span><\/p>\n<p><span style=\"font-weight: 400;\">Normalmente, o adicional corresponde a:<\/span><\/p>\n<ul>\n<li style=\"font-weight: 400;\" aria-level=\"1\"><b>50% para horas extras comuns<\/b><b>\n<p><\/b><\/li>\n<li style=\"font-weight: 400;\" aria-level=\"1\"><b>100% para trabalho em domingos e feriados<\/b><b>\n<p><\/b><\/li>\n<\/ul>\n<p><span style=\"font-weight: 400;\">Por exemplo:<\/span><\/p>\n<p><span style=\"font-weight: 400;\">Se o cuidador recebe <\/span><b>R$2.200 por m\u00eas<\/b><span style=\"font-weight: 400;\">, o valor aproximado da hora de trabalho ser\u00e1 cerca de <\/span><b>R$10<\/b><span style=\"font-weight: 400;\">.<\/span><\/p>\n<p><span style=\"font-weight: 400;\">Assim:<\/span><\/p>\n<ul>\n<li style=\"font-weight: 400;\" aria-level=\"1\"><span style=\"font-weight: 400;\">hora extra comum \u2192 <\/span><b>R$ 15<\/b><b>\n<p><\/b><\/li>\n<li style=\"font-weight: 400;\" aria-level=\"1\"><span style=\"font-weight: 400;\">hora extra em feriado \u2192 <\/span><b>R$ 20<\/b><b>\n<p><\/b><\/li>\n<\/ul>\n<p><span style=\"font-weight: 400;\">Al\u00e9m disso, \u00e9 importante lembrar que essas horas extras tamb\u00e9m geram reflexos em outros direitos trabalhistas.<\/span><\/p>\n<h1><b>Reflexos das horas extras em outros direitos<\/b><\/h1>\n<p><span style=\"font-weight: 400;\">Muitos trabalhadores desconhecem que as horas extras <\/span><b>impactam diversos outros direitos trabalhistas<\/b><span style=\"font-weight: 400;\">.<\/span><\/p>\n<p><span style=\"font-weight: 400;\">Entre os principais reflexos est\u00e3o:<\/span><\/p>\n<ul>\n<li style=\"font-weight: 400;\" aria-level=\"1\"><span style=\"font-weight: 400;\">f\u00e9rias + 1\/3 constitucional<\/span><span style=\"font-weight: 400;\">\n<p><\/span><\/li>\n<li style=\"font-weight: 400;\" aria-level=\"1\"><span style=\"font-weight: 400;\">13\u00ba sal\u00e1rio<\/span><span style=\"font-weight: 400;\">\n<p><\/span><\/li>\n<li style=\"font-weight: 400;\" aria-level=\"1\"><span style=\"font-weight: 400;\">FGTS<\/span><span style=\"font-weight: 400;\">\n<p><\/span><\/li>\n<li style=\"font-weight: 400;\" aria-level=\"1\"><span style=\"font-weight: 400;\">aviso pr\u00e9vio<\/span><span style=\"font-weight: 400;\">\n<p><\/span><\/li>\n<li style=\"font-weight: 400;\" aria-level=\"1\"><span style=\"font-weight: 400;\">verbas rescis\u00f3rias<\/span><span style=\"font-weight: 400;\">\n<p><\/span><\/li>\n<\/ul>\n<p><span style=\"font-weight: 400;\">Assim, quando as horas extras s\u00e3o pagas corretamente, <\/span><b>todos esses direitos tamb\u00e9m aumentam proporcionalmente<\/b><span style=\"font-weight: 400;\">. Consequentemente, o valor final recebido pelo trabalhador pode ser significativamente maior.<\/span><\/p>\n<h1><b>Como provar horas extras na Justi\u00e7a<\/b><\/h1>\n<p><span style=\"font-weight: 400;\">Muitas pessoas acreditam que, sem registro formal de ponto, n\u00e3o \u00e9 poss\u00edvel provar a jornada. No entanto, essa ideia n\u00e3o corresponde \u00e0 realidade.<\/span><\/p>\n<p><span style=\"font-weight: 400;\">Atualmente, diversos tipos de prova s\u00e3o aceitos pela Justi\u00e7a do Trabalho. Entre eles, por exemplo:<\/span><\/p>\n<ul>\n<li style=\"font-weight: 400;\" aria-level=\"1\"><span style=\"font-weight: 400;\">mensagens de <\/span><b>WhatsApp<\/b><span style=\"font-weight: 400;\">,<\/span><span style=\"font-weight: 400;\">\n<p><\/span><\/li>\n<li style=\"font-weight: 400;\" aria-level=\"1\"><span style=\"font-weight: 400;\">registros de escala,<\/span><span style=\"font-weight: 400;\">\n<p><\/span><\/li>\n<li style=\"font-weight: 400;\" aria-level=\"1\"><span style=\"font-weight: 400;\">fotos e v\u00eddeos,<\/span><span style=\"font-weight: 400;\">\n<p><\/span><\/li>\n<li style=\"font-weight: 400;\" aria-level=\"1\"><span style=\"font-weight: 400;\">testemunhas,<\/span><span style=\"font-weight: 400;\">\n<p><\/span><\/li>\n<li style=\"font-weight: 400;\" aria-level=\"1\"><span style=\"font-weight: 400;\">\u00e1udios de conversa,<\/span><span style=\"font-weight: 400;\">\n<p><\/span><\/li>\n<li style=\"font-weight: 400;\" aria-level=\"1\"><span style=\"font-weight: 400;\">comprovantes de pagamento.<\/span><span style=\"font-weight: 400;\">\n<p><\/span><\/li>\n<\/ul>\n<p><span style=\"font-weight: 400;\">Dessa forma, mesmo quando n\u00e3o existe controle formal de ponto, ainda assim \u00e9 poss\u00edvel demonstrar qual era a jornada real de trabalho.<\/span><\/p>\n<h1><b>Quando entrar com a\u00e7\u00e3o trabalhista<\/b><\/h1>\n<p><span style=\"font-weight: 400;\">Em muitos casos, inicialmente, o cuidador tenta resolver a situa\u00e7\u00e3o diretamente com o empregador. Entretanto, quando n\u00e3o h\u00e1 acordo ou quando os direitos continuam sendo desrespeitados, pode ser necess\u00e1rio recorrer \u00e0 Justi\u00e7a do Trabalho.<\/span><\/p>\n<p><span style=\"font-weight: 400;\">Assim, a a\u00e7\u00e3o trabalhista pode ser indicada quando:<\/span><\/p>\n<ul>\n<li style=\"font-weight: 400;\" aria-level=\"1\"><span style=\"font-weight: 400;\">as horas extras n\u00e3o s\u00e3o pagas,<\/span><span style=\"font-weight: 400;\">\n<p><\/span><\/li>\n<li style=\"font-weight: 400;\" aria-level=\"1\"><span style=\"font-weight: 400;\">a jornada \u00e9 excessiva,<\/span><span style=\"font-weight: 400;\">\n<p><\/span><\/li>\n<li style=\"font-weight: 400;\" aria-level=\"1\"><span style=\"font-weight: 400;\">o empregador se recusa a regularizar a situa\u00e7\u00e3o,<\/span><span style=\"font-weight: 400;\">\n<p><\/span><\/li>\n<li style=\"font-weight: 400;\" aria-level=\"1\"><span style=\"font-weight: 400;\">houve demiss\u00e3o sem pagamento correto.<\/span><span style=\"font-weight: 400;\">\n<p><\/span><\/li>\n<\/ul>\n<p><span style=\"font-weight: 400;\">Al\u00e9m disso, por meio da a\u00e7\u00e3o trabalhista tamb\u00e9m \u00e9 poss\u00edvel cobrar <\/span><b>outros direitos trabalhistas que n\u00e3o foram pagos corretamente<\/b><span style=\"font-weight: 400;\">.<\/span><\/p>\n<h1><b>Perguntas frequentes (FAQ)<\/b><\/h1>\n<h3><b>Cuidador de idoso tem direito a horas extras?<\/b><\/h3>\n<p><span style=\"font-weight: 400;\">Sim. Sempre que a jornada ultrapassa os limites legais, as horas extras devem ser pagas.<\/span><\/p>\n<h3><b>Dormir no trabalho elimina horas extras?<\/b><\/h3>\n<p><span style=\"font-weight: 400;\">N\u00e3o necessariamente. Se o trabalhador permanece \u00e0 disposi\u00e7\u00e3o do empregador, a jornada pode continuar sendo considerada.<\/span><\/p>\n<h3><b>Trabalhar em feriado gera pagamento maior?<\/b><\/h3>\n<p><span style=\"font-weight: 400;\">Sim. Nesse caso, normalmente o adicional aplicado \u00e9 de <\/span><b>100%<\/b><span style=\"font-weight: 400;\">.<\/span><\/p>\n<p><span style=\"font-weight: 400;\">\u00a0<\/span><\/p>\n<p><a href=\"https:\/\/api.whatsapp.com\/send\/?phone=5531975283687&amp;text&amp;type=phone_number&amp;app_absent=0\"><b>Clique aqui e fale comigo agora.<\/b><\/a><\/p>\n<p><span style=\"font-weight: 400;\">\u00a0<\/span><\/p>\n<p><a href=\"https:\/\/wa.me\/5531975283687\"><b>Entre em contato agora com um advogado trabalhista e saiba como garantir o que \u00e9 seu por lei!<\/b><\/a><\/p>\n<p><b>Fale com o Dr. Pedro Carvalho!<\/b><\/p>\n<p><b>Clique no bot\u00e3o abaixo e obtenha a orienta\u00e7\u00e3o jur\u00eddica que voc\u00ea precisa para resolver suas quest\u00f5es com seguran\u00e7a e confian\u00e7a.\u00a0<\/b><\/p>\n<p><a href=\"https:\/\/wa.me\/5531975283687\"><b>Fale comigo agora mesmo<\/b><\/a><\/p>\n<p><b>Siga-nos na rede social, @pedroncarvalhoadv, e fique por dentro das \u00faltimas novidades!<\/b><\/p>\n","protected":false},"excerpt":{"rendered":"<p>Antes de tudo, \u00e9 importante compreender que muitos cuidadores de idosos acabam trabalhando muito al\u00e9m da jornada legal. Al\u00e9m disso, em grande parte dos casos, esse excesso de jornada ocorre de forma cont\u00ednua e prolongada. No entanto, apesar de essa realidade ser bastante comum, nem sempre as horas extras s\u00e3o pagas corretamente. Al\u00e9m disso, muitas [&hellip;]<\/p>\n","protected":false},"author":1,"featured_media":1637,"comment_status":"open","ping_status":"open","sticky":false,"template":"","format":"standard","meta":{"_joinchat":[],"footnotes":""},"categories":[6],"tags":[],"class_list":["post-1636","post","type-post","status-publish","format-standard","has-post-thumbnail","hentry","category-direito-trabalhista"],"yoast_head":"<!-- This site is optimized with the Yoast SEO plugin v27.5 - https:\/\/yoast.com\/product\/yoast-seo-wordpress\/ -->\n<title>Horas Extras do Cuidador de Idoso: Quando S\u00e3o Devidas<\/title>\n<meta name=\"description\" content=\"Descubra quando o cuidador de idoso tem direito a horas extras, como calcular o valor correto, quais provas usar e quando entrar com a\u00e7\u00e3o trabalhista.\" \/>\n<meta name=\"robots\" content=\"index, follow, max-snippet:-1, max-image-preview:large, max-video-preview:-1\" \/>\n<link rel=\"canonical\" href=\"https:\/\/carvalhoadvogado.aliamkt.com\/index.php\/2026\/03\/16\/horas-extras-cuidador-de-idoso\/\" \/>\n<meta property=\"og:locale\" content=\"pt_BR\" \/>\n<meta property=\"og:type\" content=\"article\" \/>\n<meta property=\"og:title\" content=\"Horas Extras do Cuidador de Idoso: Quando S\u00e3o Devidas\" \/>\n<meta property=\"og:description\" content=\"Descubra quando o cuidador de idoso tem direito a horas extras, como calcular o valor correto, quais provas usar e quando entrar com a\u00e7\u00e3o trabalhista.\" \/>\n<meta property=\"og:url\" content=\"https:\/\/carvalhoadvogado.aliamkt.com\/index.php\/2026\/03\/16\/horas-extras-cuidador-de-idoso\/\" \/>\n<meta property=\"og:site_name\" content=\"Pedro Carvalho Advogado Trabalhista\" \/>\n<meta property=\"article:published_time\" content=\"2026-03-16T20:00:08+00:00\" \/>\n<meta property=\"og:image\" content=\"https:\/\/carvalhoadvogado.aliamkt.com\/wp-content\/uploads\/2026\/03\/advogado-trabalhista.jpg\" \/>\n\t<meta property=\"og:image:width\" content=\"800\" \/>\n\t<meta property=\"og:image:height\" content=\"600\" \/>\n\t<meta property=\"og:image:type\" content=\"image\/jpeg\" \/>\n<meta name=\"author\" content=\"lailacarvalhoadv\" \/>\n<meta name=\"twitter:card\" content=\"summary_large_image\" \/>\n<meta name=\"twitter:label1\" content=\"Escrito por\" \/>\n\t<meta name=\"twitter:data1\" content=\"lailacarvalhoadv\" \/>\n\t<meta name=\"twitter:label2\" content=\"Est. tempo de leitura\" \/>\n\t<meta name=\"twitter:data2\" content=\"7 minutos\" \/>\n<script type=\"application\/ld+json\" class=\"yoast-schema-graph\">{\"@context\":\"https:\\\/\\\/schema.org\",\"@graph\":[{\"@type\":\"Article\",\"@id\":\"https:\\\/\\\/carvalhoadvogado.aliamkt.com\\\/index.php\\\/2026\\\/03\\\/16\\\/horas-extras-cuidador-de-idoso\\\/#article\",\"isPartOf\":{\"@id\":\"https:\\\/\\\/carvalhoadvogado.aliamkt.com\\\/index.php\\\/2026\\\/03\\\/16\\\/horas-extras-cuidador-de-idoso\\\/\"},\"author\":{\"name\":\"lailacarvalhoadv\",\"@id\":\"https:\\\/\\\/carvalhoadvogado.aliamkt.com\\\/#\\\/schema\\\/person\\\/8f4d67ba57d6160ee802836a319bd8eb\"},\"headline\":\"Horas Extras do Cuidador de Idoso: Quando S\u00e3o Devidas e Como Calcular\u00a0\",\"datePublished\":\"2026-03-16T20:00:08+00:00\",\"mainEntityOfPage\":{\"@id\":\"https:\\\/\\\/carvalhoadvogado.aliamkt.com\\\/index.php\\\/2026\\\/03\\\/16\\\/horas-extras-cuidador-de-idoso\\\/\"},\"wordCount\":1251,\"commentCount\":0,\"publisher\":{\"@id\":\"https:\\\/\\\/carvalhoadvogado.aliamkt.com\\\/#organization\"},\"image\":{\"@id\":\"https:\\\/\\\/carvalhoadvogado.aliamkt.com\\\/index.php\\\/2026\\\/03\\\/16\\\/horas-extras-cuidador-de-idoso\\\/#primaryimage\"},\"thumbnailUrl\":\"https:\\\/\\\/carvalhoadvogado.aliamkt.com\\\/wp-content\\\/uploads\\\/2026\\\/03\\\/advogado-trabalhista.jpg\",\"articleSection\":[\"Direito Trabalhista\"],\"inLanguage\":\"pt-BR\",\"potentialAction\":[{\"@type\":\"CommentAction\",\"name\":\"Comment\",\"target\":[\"https:\\\/\\\/carvalhoadvogado.aliamkt.com\\\/index.php\\\/2026\\\/03\\\/16\\\/horas-extras-cuidador-de-idoso\\\/#respond\"]}]},{\"@type\":\"WebPage\",\"@id\":\"https:\\\/\\\/carvalhoadvogado.aliamkt.com\\\/index.php\\\/2026\\\/03\\\/16\\\/horas-extras-cuidador-de-idoso\\\/\",\"url\":\"https:\\\/\\\/carvalhoadvogado.aliamkt.com\\\/index.php\\\/2026\\\/03\\\/16\\\/horas-extras-cuidador-de-idoso\\\/\",\"name\":\"Horas Extras do Cuidador de Idoso: Quando S\u00e3o Devidas\",\"isPartOf\":{\"@id\":\"https:\\\/\\\/carvalhoadvogado.aliamkt.com\\\/#website\"},\"primaryImageOfPage\":{\"@id\":\"https:\\\/\\\/carvalhoadvogado.aliamkt.com\\\/index.php\\\/2026\\\/03\\\/16\\\/horas-extras-cuidador-de-idoso\\\/#primaryimage\"},\"image\":{\"@id\":\"https:\\\/\\\/carvalhoadvogado.aliamkt.com\\\/index.php\\\/2026\\\/03\\\/16\\\/horas-extras-cuidador-de-idoso\\\/#primaryimage\"},\"thumbnailUrl\":\"https:\\\/\\\/carvalhoadvogado.aliamkt.com\\\/wp-content\\\/uploads\\\/2026\\\/03\\\/advogado-trabalhista.jpg\",\"datePublished\":\"2026-03-16T20:00:08+00:00\",\"description\":\"Descubra quando o cuidador de idoso tem direito a horas extras, como calcular o valor correto, quais provas usar e quando entrar com a\u00e7\u00e3o trabalhista.\",\"breadcrumb\":{\"@id\":\"https:\\\/\\\/carvalhoadvogado.aliamkt.com\\\/index.php\\\/2026\\\/03\\\/16\\\/horas-extras-cuidador-de-idoso\\\/#breadcrumb\"},\"inLanguage\":\"pt-BR\",\"potentialAction\":[{\"@type\":\"ReadAction\",\"target\":[\"https:\\\/\\\/carvalhoadvogado.aliamkt.com\\\/index.php\\\/2026\\\/03\\\/16\\\/horas-extras-cuidador-de-idoso\\\/\"]}]},{\"@type\":\"ImageObject\",\"inLanguage\":\"pt-BR\",\"@id\":\"https:\\\/\\\/carvalhoadvogado.aliamkt.com\\\/index.php\\\/2026\\\/03\\\/16\\\/horas-extras-cuidador-de-idoso\\\/#primaryimage\",\"url\":\"https:\\\/\\\/carvalhoadvogado.aliamkt.com\\\/wp-content\\\/uploads\\\/2026\\\/03\\\/advogado-trabalhista.jpg\",\"contentUrl\":\"https:\\\/\\\/carvalhoadvogado.aliamkt.com\\\/wp-content\\\/uploads\\\/2026\\\/03\\\/advogado-trabalhista.jpg\",\"width\":800,\"height\":600},{\"@type\":\"BreadcrumbList\",\"@id\":\"https:\\\/\\\/carvalhoadvogado.aliamkt.com\\\/index.php\\\/2026\\\/03\\\/16\\\/horas-extras-cuidador-de-idoso\\\/#breadcrumb\",\"itemListElement\":[{\"@type\":\"ListItem\",\"position\":1,\"name\":\"In\u00edcio\",\"item\":\"https:\\\/\\\/carvalhoadvogado.aliamkt.com\\\/\"},{\"@type\":\"ListItem\",\"position\":2,\"name\":\"Horas Extras do Cuidador de Idoso: Quando S\u00e3o Devidas e Como Calcular\u00a0\"}]},{\"@type\":\"WebSite\",\"@id\":\"https:\\\/\\\/carvalhoadvogado.aliamkt.com\\\/#website\",\"url\":\"https:\\\/\\\/carvalhoadvogado.aliamkt.com\\\/\",\"name\":\"Pedro Carvalho Advogado\",\"description\":\"Advogado Trabalhista\",\"publisher\":{\"@id\":\"https:\\\/\\\/carvalhoadvogado.aliamkt.com\\\/#organization\"},\"potentialAction\":[{\"@type\":\"SearchAction\",\"target\":{\"@type\":\"EntryPoint\",\"urlTemplate\":\"https:\\\/\\\/carvalhoadvogado.aliamkt.com\\\/?s={search_term_string}\"},\"query-input\":{\"@type\":\"PropertyValueSpecification\",\"valueRequired\":true,\"valueName\":\"search_term_string\"}}],\"inLanguage\":\"pt-BR\"},{\"@type\":\"Organization\",\"@id\":\"https:\\\/\\\/carvalhoadvogado.aliamkt.com\\\/#organization\",\"name\":\"Pedro Carvalho Advogado\",\"url\":\"https:\\\/\\\/carvalhoadvogado.aliamkt.com\\\/\",\"logo\":{\"@type\":\"ImageObject\",\"inLanguage\":\"pt-BR\",\"@id\":\"https:\\\/\\\/carvalhoadvogado.aliamkt.com\\\/#\\\/schema\\\/logo\\\/image\\\/\",\"url\":\"https:\\\/\\\/carvalhoadvogado.aliamkt.com\\\/wp-content\\\/uploads\\\/2024\\\/06\\\/Logo-azul.png\",\"contentUrl\":\"https:\\\/\\\/carvalhoadvogado.aliamkt.com\\\/wp-content\\\/uploads\\\/2024\\\/06\\\/Logo-azul.png\",\"width\":500,\"height\":500,\"caption\":\"Pedro Carvalho Advogado\"},\"image\":{\"@id\":\"https:\\\/\\\/carvalhoadvogado.aliamkt.com\\\/#\\\/schema\\\/logo\\\/image\\\/\"}},{\"@type\":\"Person\",\"@id\":\"https:\\\/\\\/carvalhoadvogado.aliamkt.com\\\/#\\\/schema\\\/person\\\/8f4d67ba57d6160ee802836a319bd8eb\",\"name\":\"lailacarvalhoadv\",\"image\":{\"@type\":\"ImageObject\",\"inLanguage\":\"pt-BR\",\"@id\":\"https:\\\/\\\/secure.gravatar.com\\\/avatar\\\/a60961139a792fb5ca701fab485f653a1b3cc37cf8dbd4937b4134105caf5369?s=96&d=mm&r=g\",\"url\":\"https:\\\/\\\/secure.gravatar.com\\\/avatar\\\/a60961139a792fb5ca701fab485f653a1b3cc37cf8dbd4937b4134105caf5369?s=96&d=mm&r=g\",\"contentUrl\":\"https:\\\/\\\/secure.gravatar.com\\\/avatar\\\/a60961139a792fb5ca701fab485f653a1b3cc37cf8dbd4937b4134105caf5369?s=96&d=mm&r=g\",\"caption\":\"lailacarvalhoadv\"},\"sameAs\":[\"https:\\\/\\\/carvalhoadvogado.aliamkt.com\"],\"url\":\"https:\\\/\\\/carvalhoadvogado.aliamkt.com\\\/index.php\\\/author\\\/lailacarvalhoadv\\\/\"}]}<\/script>\n<!-- \/ Yoast SEO plugin. -->","yoast_head_json":{"title":"Horas Extras do Cuidador de Idoso: Quando S\u00e3o Devidas","description":"Descubra quando o cuidador de idoso tem direito a horas extras, como calcular o valor correto, quais provas usar e quando entrar com a\u00e7\u00e3o trabalhista.","robots":{"index":"index","follow":"follow","max-snippet":"max-snippet:-1","max-image-preview":"max-image-preview:large","max-video-preview":"max-video-preview:-1"},"canonical":"https:\/\/carvalhoadvogado.aliamkt.com\/index.php\/2026\/03\/16\/horas-extras-cuidador-de-idoso\/","og_locale":"pt_BR","og_type":"article","og_title":"Horas Extras do Cuidador de Idoso: Quando S\u00e3o Devidas","og_description":"Descubra quando o cuidador de idoso tem direito a horas extras, como calcular o valor correto, quais provas usar e quando entrar com a\u00e7\u00e3o trabalhista.","og_url":"https:\/\/carvalhoadvogado.aliamkt.com\/index.php\/2026\/03\/16\/horas-extras-cuidador-de-idoso\/","og_site_name":"Pedro Carvalho Advogado Trabalhista","article_published_time":"2026-03-16T20:00:08+00:00","og_image":[{"width":800,"height":600,"url":"https:\/\/carvalhoadvogado.aliamkt.com\/wp-content\/uploads\/2026\/03\/advogado-trabalhista.jpg","type":"image\/jpeg"}],"author":"lailacarvalhoadv","twitter_card":"summary_large_image","twitter_misc":{"Escrito por":"lailacarvalhoadv","Est. tempo de leitura":"7 minutos"},"schema":{"@context":"https:\/\/schema.org","@graph":[{"@type":"Article","@id":"https:\/\/carvalhoadvogado.aliamkt.com\/index.php\/2026\/03\/16\/horas-extras-cuidador-de-idoso\/#article","isPartOf":{"@id":"https:\/\/carvalhoadvogado.aliamkt.com\/index.php\/2026\/03\/16\/horas-extras-cuidador-de-idoso\/"},"author":{"name":"lailacarvalhoadv","@id":"https:\/\/carvalhoadvogado.aliamkt.com\/#\/schema\/person\/8f4d67ba57d6160ee802836a319bd8eb"},"headline":"Horas Extras do Cuidador de Idoso: Quando S\u00e3o Devidas e Como Calcular\u00a0","datePublished":"2026-03-16T20:00:08+00:00","mainEntityOfPage":{"@id":"https:\/\/carvalhoadvogado.aliamkt.com\/index.php\/2026\/03\/16\/horas-extras-cuidador-de-idoso\/"},"wordCount":1251,"commentCount":0,"publisher":{"@id":"https:\/\/carvalhoadvogado.aliamkt.com\/#organization"},"image":{"@id":"https:\/\/carvalhoadvogado.aliamkt.com\/index.php\/2026\/03\/16\/horas-extras-cuidador-de-idoso\/#primaryimage"},"thumbnailUrl":"https:\/\/carvalhoadvogado.aliamkt.com\/wp-content\/uploads\/2026\/03\/advogado-trabalhista.jpg","articleSection":["Direito Trabalhista"],"inLanguage":"pt-BR","potentialAction":[{"@type":"CommentAction","name":"Comment","target":["https:\/\/carvalhoadvogado.aliamkt.com\/index.php\/2026\/03\/16\/horas-extras-cuidador-de-idoso\/#respond"]}]},{"@type":"WebPage","@id":"https:\/\/carvalhoadvogado.aliamkt.com\/index.php\/2026\/03\/16\/horas-extras-cuidador-de-idoso\/","url":"https:\/\/carvalhoadvogado.aliamkt.com\/index.php\/2026\/03\/16\/horas-extras-cuidador-de-idoso\/","name":"Horas Extras do Cuidador de Idoso: Quando S\u00e3o Devidas","isPartOf":{"@id":"https:\/\/carvalhoadvogado.aliamkt.com\/#website"},"primaryImageOfPage":{"@id":"https:\/\/carvalhoadvogado.aliamkt.com\/index.php\/2026\/03\/16\/horas-extras-cuidador-de-idoso\/#primaryimage"},"image":{"@id":"https:\/\/carvalhoadvogado.aliamkt.com\/index.php\/2026\/03\/16\/horas-extras-cuidador-de-idoso\/#primaryimage"},"thumbnailUrl":"https:\/\/carvalhoadvogado.aliamkt.com\/wp-content\/uploads\/2026\/03\/advogado-trabalhista.jpg","datePublished":"2026-03-16T20:00:08+00:00","description":"Descubra quando o cuidador de idoso tem direito a horas extras, como calcular o valor correto, quais provas usar e quando entrar com a\u00e7\u00e3o trabalhista.","breadcrumb":{"@id":"https:\/\/carvalhoadvogado.aliamkt.com\/index.php\/2026\/03\/16\/horas-extras-cuidador-de-idoso\/#breadcrumb"},"inLanguage":"pt-BR","potentialAction":[{"@type":"ReadAction","target":["https:\/\/carvalhoadvogado.aliamkt.com\/index.php\/2026\/03\/16\/horas-extras-cuidador-de-idoso\/"]}]},{"@type":"ImageObject","inLanguage":"pt-BR","@id":"https:\/\/carvalhoadvogado.aliamkt.com\/index.php\/2026\/03\/16\/horas-extras-cuidador-de-idoso\/#primaryimage","url":"https:\/\/carvalhoadvogado.aliamkt.com\/wp-content\/uploads\/2026\/03\/advogado-trabalhista.jpg","contentUrl":"https:\/\/carvalhoadvogado.aliamkt.com\/wp-content\/uploads\/2026\/03\/advogado-trabalhista.jpg","width":800,"height":600},{"@type":"BreadcrumbList","@id":"https:\/\/carvalhoadvogado.aliamkt.com\/index.php\/2026\/03\/16\/horas-extras-cuidador-de-idoso\/#breadcrumb","itemListElement":[{"@type":"ListItem","position":1,"name":"In\u00edcio","item":"https:\/\/carvalhoadvogado.aliamkt.com\/"},{"@type":"ListItem","position":2,"name":"Horas Extras do Cuidador de Idoso: Quando S\u00e3o Devidas e Como Calcular\u00a0"}]},{"@type":"WebSite","@id":"https:\/\/carvalhoadvogado.aliamkt.com\/#website","url":"https:\/\/carvalhoadvogado.aliamkt.com\/","name":"Pedro Carvalho Advogado","description":"Advogado Trabalhista","publisher":{"@id":"https:\/\/carvalhoadvogado.aliamkt.com\/#organization"},"potentialAction":[{"@type":"SearchAction","target":{"@type":"EntryPoint","urlTemplate":"https:\/\/carvalhoadvogado.aliamkt.com\/?s={search_term_string}"},"query-input":{"@type":"PropertyValueSpecification","valueRequired":true,"valueName":"search_term_string"}}],"inLanguage":"pt-BR"},{"@type":"Organization","@id":"https:\/\/carvalhoadvogado.aliamkt.com\/#organization","name":"Pedro Carvalho Advogado","url":"https:\/\/carvalhoadvogado.aliamkt.com\/","logo":{"@type":"ImageObject","inLanguage":"pt-BR","@id":"https:\/\/carvalhoadvogado.aliamkt.com\/#\/schema\/logo\/image\/","url":"https:\/\/carvalhoadvogado.aliamkt.com\/wp-content\/uploads\/2024\/06\/Logo-azul.png","contentUrl":"https:\/\/carvalhoadvogado.aliamkt.com\/wp-content\/uploads\/2024\/06\/Logo-azul.png","width":500,"height":500,"caption":"Pedro Carvalho Advogado"},"image":{"@id":"https:\/\/carvalhoadvogado.aliamkt.com\/#\/schema\/logo\/image\/"}},{"@type":"Person","@id":"https:\/\/carvalhoadvogado.aliamkt.com\/#\/schema\/person\/8f4d67ba57d6160ee802836a319bd8eb","name":"lailacarvalhoadv","image":{"@type":"ImageObject","inLanguage":"pt-BR","@id":"https:\/\/secure.gravatar.com\/avatar\/a60961139a792fb5ca701fab485f653a1b3cc37cf8dbd4937b4134105caf5369?s=96&d=mm&r=g","url":"https:\/\/secure.gravatar.com\/avatar\/a60961139a792fb5ca701fab485f653a1b3cc37cf8dbd4937b4134105caf5369?s=96&d=mm&r=g","contentUrl":"https:\/\/secure.gravatar.com\/avatar\/a60961139a792fb5ca701fab485f653a1b3cc37cf8dbd4937b4134105caf5369?s=96&d=mm&r=g","caption":"lailacarvalhoadv"},"sameAs":["https:\/\/carvalhoadvogado.aliamkt.com"],"url":"https:\/\/carvalhoadvogado.aliamkt.com\/index.php\/author\/lailacarvalhoadv\/"}]}},"_links":{"self":[{"href":"https:\/\/carvalhoadvogado.aliamkt.com\/index.php\/wp-json\/wp\/v2\/posts\/1636","targetHints":{"allow":["GET"]}}],"collection":[{"href":"https:\/\/carvalhoadvogado.aliamkt.com\/index.php\/wp-json\/wp\/v2\/posts"}],"about":[{"href":"https:\/\/carvalhoadvogado.aliamkt.com\/index.php\/wp-json\/wp\/v2\/types\/post"}],"author":[{"embeddable":true,"href":"https:\/\/carvalhoadvogado.aliamkt.com\/index.php\/wp-json\/wp\/v2\/users\/1"}],"replies":[{"embeddable":true,"href":"https:\/\/carvalhoadvogado.aliamkt.com\/index.php\/wp-json\/wp\/v2\/comments?post=1636"}],"version-history":[{"count":1,"href":"https:\/\/carvalhoadvogado.aliamkt.com\/index.php\/wp-json\/wp\/v2\/posts\/1636\/revisions"}],"predecessor-version":[{"id":1638,"href":"https:\/\/carvalhoadvogado.aliamkt.com\/index.php\/wp-json\/wp\/v2\/posts\/1636\/revisions\/1638"}],"wp:featuredmedia":[{"embeddable":true,"href":"https:\/\/carvalhoadvogado.aliamkt.com\/index.php\/wp-json\/wp\/v2\/media\/1637"}],"wp:attachment":[{"href":"https:\/\/carvalhoadvogado.aliamkt.com\/index.php\/wp-json\/wp\/v2\/media?parent=1636"}],"wp:term":[{"taxonomy":"category","embeddable":true,"href":"https:\/\/carvalhoadvogado.aliamkt.com\/index.php\/wp-json\/wp\/v2\/categories?post=1636"},{"taxonomy":"post_tag","embeddable":true,"href":"https:\/\/carvalhoadvogado.aliamkt.com\/index.php\/wp-json\/wp\/v2\/tags?post=1636"}],"curies":[{"name":"wp","href":"https:\/\/api.w.org\/{rel}","templated":true}]}}