{"id":1734,"date":"2026-04-28T16:05:58","date_gmt":"2026-04-28T19:05:58","guid":{"rendered":"https:\/\/carvalhoadvogado.aliamkt.com\/?p=1734"},"modified":"2026-04-28T16:05:58","modified_gmt":"2026-04-28T19:05:58","slug":"rescisao-indireta-requisitos","status":"publish","type":"post","link":"https:\/\/carvalhoadvogado.aliamkt.com\/index.php\/2026\/04\/28\/rescisao-indireta-requisitos\/","title":{"rendered":"Rescis\u00e3o indireta requisitos: quais s\u00e3o os motivos que d\u00e3o direito ao trabalhador em 2026"},"content":{"rendered":"<p><span style=\"font-weight: 400;\">Se voc\u00ea est\u00e1 enfrentando problemas no trabalho, como atrasos de sal\u00e1rio, cobran\u00e7as abusivas ou at\u00e9 mesmo falta de registro, ent\u00e3o \u00e9 natural se perguntar se pode sair da empresa sem perder seus direitos.<\/span><\/p>\n<p><span style=\"font-weight: 400;\">A resposta \u00e9 sim, dependendo da situa\u00e7\u00e3o, voc\u00ea pode pedir a <\/span><b>rescis\u00e3o indireta<\/b><span style=\"font-weight: 400;\">. No entanto, para isso, \u00e9 essencial entender, antes de qualquer decis\u00e3o, quais s\u00e3o os <\/span><b>requisitos da rescis\u00e3o indireta<\/b><span style=\"font-weight: 400;\"> e, sobretudo, quando a lei realmente protege o trabalhador.<\/span><\/p>\n<p><span style=\"font-weight: 400;\">Por isso, ao longo deste artigo, voc\u00ea vai entender, de forma clara, pr\u00e1tica e progressiva:<\/span><\/p>\n<ul>\n<li style=\"font-weight: 400;\" aria-level=\"1\"><span style=\"font-weight: 400;\">Quais s\u00e3o os motivos que justificam a <\/span><b>rescis\u00e3o indireta<\/b><\/li>\n<li style=\"font-weight: 400;\" aria-level=\"1\"><span style=\"font-weight: 400;\">O que diz a lei sobre a <\/span><b>rescis\u00e3o indireta CLT<\/b><\/li>\n<li style=\"font-weight: 400;\" aria-level=\"1\"><span style=\"font-weight: 400;\">Situa\u00e7\u00f5es que n\u00e3o geram esse direito<\/span><\/li>\n<li style=\"font-weight: 400;\" aria-level=\"1\"><span style=\"font-weight: 400;\">E, al\u00e9m disso, quando procurar um <\/span><b>advogado trabalhista<\/b><\/li>\n<\/ul>\n<p><span style=\"font-weight: 400;\">Portanto, continue a leitura com aten\u00e7\u00e3o, pois essa informa\u00e7\u00e3o pode evitar preju\u00edzos financeiros relevantes.<\/span><\/p>\n<h1><b>O que s\u00e3o os requisitos da rescis\u00e3o indireta?<\/b><\/h1>\n<p><span style=\"font-weight: 400;\">Antes de mais nada, \u00e9 importante destacar que a <\/span><b>rescis\u00e3o indireta<\/b><span style=\"font-weight: 400;\"> n\u00e3o pode ser aplicada em qualquer situa\u00e7\u00e3o. Ou seja, n\u00e3o basta apenas estar insatisfeito com o trabalho.<\/span><\/p>\n<p><span style=\"font-weight: 400;\">Na verdade, \u00e9 necess\u00e1rio que o empregador cometa uma falta grave. Al\u00e9m disso, essa falta precisa ser suficientemente relevante para tornar imposs\u00edvel a continuidade do v\u00ednculo.<\/span><\/p>\n<p><span style=\"font-weight: 400;\">De acordo com a legisla\u00e7\u00e3o, especialmente a CLT, mais precisamente no artigo 483, a <\/span><b>rescis\u00e3o indireta do contrato de trabalho<\/b><span style=\"font-weight: 400;\"> s\u00f3 \u00e9 v\u00e1lida quando h\u00e1 descumprimento das obriga\u00e7\u00f5es por parte da empresa.<\/span><\/p>\n<p><span style=\"font-weight: 400;\">Assim sendo, n\u00e3o se trata de uma escolha livre do empregado, mas sim de uma medida jur\u00eddica baseada em irregularidades comprov\u00e1veis. Portanto, quanto mais provas houver, maiores ser\u00e3o as chances de \u00eaxito em uma <\/span><b>a\u00e7\u00e3o trabalhista<\/b><span style=\"font-weight: 400;\">.<\/span><\/p>\n<h1><b>Principais motivos que geram rescis\u00e3o indireta<\/b><\/h1>\n<p><span style=\"font-weight: 400;\">Agora que voc\u00ea j\u00e1 compreendeu o conceito, \u00e9 fundamental entender, de maneira pr\u00e1tica, quais situa\u00e7\u00f5es d\u00e3o direito \u00e0 <\/span><b>rescis\u00e3o indireta<\/b><span style=\"font-weight: 400;\">.<\/span><\/p>\n<p><span style=\"font-weight: 400;\">A seguir, veja os principais casos reconhecidos pela Justi\u00e7a do Trabalho. Al\u00e9m disso, observe que muitas dessas situa\u00e7\u00f5es s\u00e3o mais comuns do que se imagina.<\/span><\/p>\n<h2><b>Falta de pagamento e irregularidades financeiras<\/b><\/h2>\n<p><span style=\"font-weight: 400;\">Em primeiro lugar, se a empresa atrasa sal\u00e1rios com frequ\u00eancia ou deixa de pagar corretamente, ent\u00e3o j\u00e1 existe um forte ind\u00edcio para a <\/span><b>rescis\u00e3o indireta<\/b><span style=\"font-weight: 400;\">.<\/span><\/p>\n<p><span style=\"font-weight: 400;\">Al\u00e9m disso, tamb\u00e9m se enquadram nessa situa\u00e7\u00e3o:<\/span><\/p>\n<ul>\n<li style=\"font-weight: 400;\" aria-level=\"1\"><span style=\"font-weight: 400;\">Aus\u00eancia de dep\u00f3sito de FGTS<\/span><\/li>\n<li style=\"font-weight: 400;\" aria-level=\"1\"><span style=\"font-weight: 400;\">Falta de pagamento de benef\u00edcios<\/span><\/li>\n<li style=\"font-weight: 400;\" aria-level=\"1\"><span style=\"font-weight: 400;\">Pagamentos incompletos ou irregulares<\/span><\/li>\n<\/ul>\n<p><span style=\"font-weight: 400;\">Dessa forma, sempre que houver descumprimento financeiro, \u00e9 poss\u00edvel considerar o ingresso de uma <\/span><b>a\u00e7\u00e3o trabalhista<\/b><span style=\"font-weight: 400;\">.<\/span><\/p>\n<h2><b>Ass\u00e9dio moral no trabalho<\/b><\/h2>\n<p><span style=\"font-weight: 400;\">Em segundo lugar, \u00e9 importante destacar que situa\u00e7\u00f5es de humilha\u00e7\u00e3o, constrangimento ou press\u00e3o excessiva podem configurar <\/span><b>ass\u00e9dio moral no trabalho<\/b><span style=\"font-weight: 400;\">.<\/span><\/p>\n<p><span style=\"font-weight: 400;\">Nesse sentido, quando o trabalhador \u00e9 exposto a situa\u00e7\u00f5es repetitivas de desrespeito, a continuidade do contrato se torna insustent\u00e1vel.<\/span><\/p>\n<p><span style=\"font-weight: 400;\">Al\u00e9m disso, nesses casos, n\u00e3o apenas cabe a <\/span><b>rescis\u00e3o indireta<\/b><span style=\"font-weight: 400;\">, como tamb\u00e9m pode haver indeniza\u00e7\u00e3o por danos morais.<\/span><\/p>\n<p><span style=\"font-weight: 400;\">Portanto, trata-se de uma viola\u00e7\u00e3o grave dos <\/span><b>direitos trabalhistas<\/b><span style=\"font-weight: 400;\">.<\/span><\/p>\n<h2><b>Risco \u00e0 sa\u00fade e falta de seguran\u00e7a<\/b><\/h2>\n<p><span style=\"font-weight: 400;\">Da mesma forma, se a empresa n\u00e3o garante condi\u00e7\u00f5es adequadas de trabalho, ent\u00e3o h\u00e1 outra hip\u00f3tese relevante.<\/span><\/p>\n<p><span style=\"font-weight: 400;\">Por exemplo:<\/span><\/p>\n<ul>\n<li style=\"font-weight: 400;\" aria-level=\"1\"><span style=\"font-weight: 400;\">Falta de equipamentos de prote\u00e7\u00e3o<\/span><\/li>\n<li style=\"font-weight: 400;\" aria-level=\"1\"><span style=\"font-weight: 400;\">Exposi\u00e7\u00e3o sem pagamento de <\/span><b>adicional de insalubridade<\/b><\/li>\n<li style=\"font-weight: 400;\" aria-level=\"1\"><span style=\"font-weight: 400;\">Situa\u00e7\u00f5es que aumentam o risco de <\/span><b>acidente de trabalho<\/b><\/li>\n<\/ul>\n<p><span style=\"font-weight: 400;\">Diante disso, o trabalhador pode buscar a <\/span><b>rescis\u00e3o indireta<\/b><span style=\"font-weight: 400;\">, bem como outras repara\u00e7\u00f5es.<\/span><\/p>\n<h2><b>Excesso de jornada e horas extras n\u00e3o pagas<\/b><\/h2>\n<p><span style=\"font-weight: 400;\">Al\u00e9m das situa\u00e7\u00f5es anteriores, tamb\u00e9m \u00e9 importante observar a jornada de trabalho.<\/span><\/p>\n<p><span style=\"font-weight: 400;\">Se o empregado trabalha al\u00e9m do hor\u00e1rio e, ainda assim, n\u00e3o recebe corretamente, ent\u00e3o h\u00e1 descumprimento legal.<\/span><\/p>\n<p><span style=\"font-weight: 400;\">Nesse contexto, a aus\u00eancia de pagamento de <\/span><b>horas extras<\/b><span style=\"font-weight: 400;\"> pode justificar a <\/span><b>rescis\u00e3o indireta<\/b><span style=\"font-weight: 400;\">.<\/span><\/p>\n<h2><b>Trabalho n\u00e3o registrado e irregularidades contratuais<\/b><\/h2>\n<p><span style=\"font-weight: 400;\">Outro ponto relevante diz respeito ao <\/span><b>trabalho n\u00e3o registrado<\/b><span style=\"font-weight: 400;\">.<\/span><\/p>\n<p><span style=\"font-weight: 400;\">Se voc\u00ea est\u00e1 em situa\u00e7\u00e3o de:<\/span><\/p>\n<ul>\n<li style=\"font-weight: 400;\" aria-level=\"1\"><b>trabalhei sem registro<\/b><\/li>\n<li style=\"font-weight: 400;\" aria-level=\"1\"><b>sem carteira assinada<\/b><\/li>\n<li style=\"font-weight: 400;\" aria-level=\"1\"><b>demiss\u00e3o sem carteira assinada<\/b><\/li>\n<\/ul>\n<p><span style=\"font-weight: 400;\">Ent\u00e3o \u00e9 fundamental saber que voc\u00ea possui <\/span><b>direitos trabalhistas<\/b><span style=\"font-weight: 400;\">.<\/span><\/p>\n<p><span style=\"font-weight: 400;\">Al\u00e9m disso, \u00e9 poss\u00edvel pleitear:<\/span><\/p>\n<ul>\n<li style=\"font-weight: 400;\" aria-level=\"1\"><span style=\"font-weight: 400;\">Reconhecimento de <\/span><b>v\u00ednculo empregat\u00edcio<\/b><\/li>\n<li style=\"font-weight: 400;\" aria-level=\"1\"><span style=\"font-weight: 400;\">E, consequentemente, a <\/span><b>rescis\u00e3o indireta<\/b><\/li>\n<\/ul>\n<p><span style=\"font-weight: 400;\">Ou seja, mesmo sem registro formal, a lei garante prote\u00e7\u00e3o ao trabalhador.<\/span><\/p>\n<h2><b>Descumprimento do contrato de trabalho<\/b><\/h2>\n<p><span style=\"font-weight: 400;\">Por fim, \u00e9 importante mencionar que qualquer descumprimento contratual pode gerar direito \u00e0 <\/span><b>rescis\u00e3o indireta do contrato de trabalho<\/b><span style=\"font-weight: 400;\">.<\/span><\/p>\n<p><span style=\"font-weight: 400;\">Por exemplo:<\/span><\/p>\n<ul>\n<li style=\"font-weight: 400;\" aria-level=\"1\"><span style=\"font-weight: 400;\">Altera\u00e7\u00e3o de fun\u00e7\u00e3o sem consentimento<\/span><\/li>\n<li style=\"font-weight: 400;\" aria-level=\"1\"><span style=\"font-weight: 400;\">Redu\u00e7\u00e3o salarial indevida<\/span><\/li>\n<li style=\"font-weight: 400;\" aria-level=\"1\"><span style=\"font-weight: 400;\">Ac\u00famulo de fun\u00e7\u00f5es<\/span><\/li>\n<\/ul>\n<p><span style=\"font-weight: 400;\">Assim, sempre que houver quebra de confian\u00e7a, a continuidade do v\u00ednculo pode se tornar invi\u00e1vel.<\/span><\/p>\n<h1><b>Situa\u00e7\u00f5es que n\u00e3o geram rescis\u00e3o indireta<\/b><\/h1>\n<p><span style=\"font-weight: 400;\">Por outro lado, \u00e9 igualmente importante compreender o que n\u00e3o gera esse direito.<\/span><\/p>\n<p><span style=\"font-weight: 400;\">Entre as situa\u00e7\u00f5es mais comuns, destacam-se:<\/span><\/p>\n<ul>\n<li style=\"font-weight: 400;\" aria-level=\"1\"><span style=\"font-weight: 400;\">Insatisfa\u00e7\u00e3o pessoal com o trabalho<\/span><\/li>\n<li style=\"font-weight: 400;\" aria-level=\"1\"><span style=\"font-weight: 400;\">Conflitos pontuais sem gravidade<\/span><\/li>\n<li style=\"font-weight: 400;\" aria-level=\"1\"><span style=\"font-weight: 400;\">Pequenos atrasos ocasionais<\/span><\/li>\n<\/ul>\n<p><span style=\"font-weight: 400;\">Nesses casos, via de regra, n\u00e3o h\u00e1 fundamento suficiente para uma <\/span><b>a\u00e7\u00e3o trabalhista<\/b><span style=\"font-weight: 400;\"> baseada em <\/span><b>rescis\u00e3o indireta<\/b><span style=\"font-weight: 400;\">.<\/span><\/p>\n<p><span style=\"font-weight: 400;\">Portanto, \u00e9 essencial analisar cada caso com cautela.<\/span><\/p>\n<h1><b>O que o trabalhador recebe?<\/b><\/h1>\n<p><span style=\"font-weight: 400;\">Uma vez comprovados os <\/span><b>requisitos da rescis\u00e3o indireta<\/b><span style=\"font-weight: 400;\">, o trabalhador passa a ter direito a praticamente todas as verbas de uma <\/span><b>demiss\u00e3o sem justa causa<\/b><span style=\"font-weight: 400;\">.<\/span><\/p>\n<p><span style=\"font-weight: 400;\">Entre elas:<\/span><\/p>\n<ul>\n<li style=\"font-weight: 400;\" aria-level=\"1\"><span style=\"font-weight: 400;\">Saldo de sal\u00e1rio<\/span><\/li>\n<li style=\"font-weight: 400;\" aria-level=\"1\"><span style=\"font-weight: 400;\">Aviso pr\u00e9vio<\/span><\/li>\n<li style=\"font-weight: 400;\" aria-level=\"1\"><span style=\"font-weight: 400;\">F\u00e9rias acrescidas de um ter\u00e7o<\/span><\/li>\n<li style=\"font-weight: 400;\" aria-level=\"1\"><span style=\"font-weight: 400;\">13\u00ba sal\u00e1rio proporcional<\/span><\/li>\n<li style=\"font-weight: 400;\" aria-level=\"1\"><span style=\"font-weight: 400;\">FGTS com multa de 40%<\/span><\/li>\n<li style=\"font-weight: 400;\" aria-level=\"1\"><span style=\"font-weight: 400;\">Seguro-desemprego<\/span><\/li>\n<\/ul>\n<p><span style=\"font-weight: 400;\">Assim, \u00e9 poss\u00edvel garantir maior seguran\u00e7a financeira ao encerrar o v\u00ednculo.<\/span><\/p>\n<h1><b>Quando procurar um advogado trabalhista?<\/b><\/h1>\n<p><span style=\"font-weight: 400;\">Diante de todas essas situa\u00e7\u00f5es, \u00e9 recomend\u00e1vel procurar um <\/span><b>advogado trabalhista em Contagem<\/b><span style=\"font-weight: 400;\"> sempre que houver d\u00favida ou irregularidade.<\/span><\/p>\n<p><span style=\"font-weight: 400;\">Especialmente se voc\u00ea:<\/span><\/p>\n<ul>\n<li style=\"font-weight: 400;\" aria-level=\"1\"><span style=\"font-weight: 400;\">Est\u00e1 sofrendo abusos<\/span><\/li>\n<li style=\"font-weight: 400;\" aria-level=\"1\"><span style=\"font-weight: 400;\">N\u00e3o recebe corretamente<\/span><\/li>\n<li style=\"font-weight: 400;\" aria-level=\"1\"><span style=\"font-weight: 400;\">Pretende entrar com <\/span><b>a\u00e7\u00e3o trabalhista<\/b><\/li>\n<li style=\"font-weight: 400;\" aria-level=\"1\"><span style=\"font-weight: 400;\">Precisa realizar <\/span><b>c\u00e1lculos trabalhistas<\/b><\/li>\n<\/ul>\n<p><span style=\"font-weight: 400;\">Dessa maneira, voc\u00ea evita erros e aumenta suas chances de \u00eaxito.<\/span><\/p>\n<h1><b>Conclus\u00e3o<\/b><\/h1>\n<p><span style=\"font-weight: 400;\">Em s\u00edntese, a <\/span><b>rescis\u00e3o indireta<\/b><span style=\"font-weight: 400;\"> \u00e9 um direito importante, mas que depende do preenchimento de requisitos legais.<\/span><\/p>\n<p><span style=\"font-weight: 400;\">Portanto, antes de tomar qualquer decis\u00e3o, \u00e9 fundamental analisar o caso concreto.<\/span><\/p>\n<p><span style=\"font-weight: 400;\">Al\u00e9m disso, agir com orienta\u00e7\u00e3o adequada pode garantir todos os seus <\/span><b>direitos trabalhistas<\/b><span style=\"font-weight: 400;\">.<\/span><\/p>\n<h1><b>Fale com um advogado trabalhista agora<\/b><\/h1>\n<p><span style=\"font-weight: 400;\">Se voc\u00ea identificou alguma das situa\u00e7\u00f5es mencionadas ao longo deste artigo, ent\u00e3o \u00e9 o momento de agir.<\/span><\/p>\n<p><span style=\"font-weight: 400;\">Entre em contato com um <\/span><b>advogado trabalhista<\/b><span style=\"font-weight: 400;\">, solicite seus <\/span><b>c\u00e1lculos trabalhistas<\/b><span style=\"font-weight: 400;\"> e entenda a melhor estrat\u00e9gia para sua <\/span><b>a\u00e7\u00e3o trabalhista<\/b><span style=\"font-weight: 400;\">.<\/span><\/p>\n<p><span style=\"font-weight: 400;\">Tomar a decis\u00e3o correta agora pode fazer toda a diferen\u00e7a no seu futuro financeiro.<\/span><\/p>\n<p><b>\u00a0<\/b><span style=\"font-weight: 400;\">Leia tamb\u00e9m<\/span><\/p>\n<ul>\n<li style=\"font-weight: 400;\" aria-level=\"1\"><a href=\"https:\/\/carvalhoadvogado.aliamkt.com\/index.php\/2026\/01\/02\/rescisao-indireta-ameacas-humilhacoes-exposicao-ridiculo\/\"><span style=\"font-weight: 400;\">Rescis\u00e3o Indireta por Amea\u00e7as, Humilha\u00e7\u00f5es e Exposi\u00e7\u00e3o ao Rid\u00edculo no Trabalho: Saiba Como Sair Sem Perder Seus Direitos<\/span><\/a><\/li>\n<\/ul>\n<p><b>Fale com o Dr. Pedro Carvalho!<\/b><\/p>\n<p><b>Clique no bot\u00e3o abaixo e obtenha a orienta\u00e7\u00e3o jur\u00eddica que voc\u00ea precisa para resolver suas quest\u00f5es com seguran\u00e7a e confian\u00e7a.\u00a0<\/b><\/p>\n<p><a href=\"https:\/\/wa.me\/5531975283687\"><b>Fale comigo agora mesmo<\/b><\/a><\/p>\n<p><b>Siga-nos na rede social, @pedroncarvalhoadv, e fique por dentro das \u00faltimas novidades!<\/b><\/p>\n","protected":false},"excerpt":{"rendered":"<p>Se voc\u00ea est\u00e1 enfrentando problemas no trabalho, como atrasos de sal\u00e1rio, cobran\u00e7as abusivas ou at\u00e9 mesmo falta de registro, ent\u00e3o \u00e9 natural se perguntar se pode sair da empresa sem perder seus direitos. A resposta \u00e9 sim, dependendo da situa\u00e7\u00e3o, voc\u00ea pode pedir a rescis\u00e3o indireta. No entanto, para isso, \u00e9 essencial entender, antes de [&hellip;]<\/p>\n","protected":false},"author":1,"featured_media":1735,"comment_status":"open","ping_status":"open","sticky":false,"template":"","format":"standard","meta":{"_joinchat":[],"footnotes":""},"categories":[6],"tags":[],"class_list":["post-1734","post","type-post","status-publish","format-standard","has-post-thumbnail","hentry","category-direito-trabalhista"],"yoast_head":"<!-- This site is optimized with the Yoast SEO plugin v27.5 - https:\/\/yoast.com\/product\/yoast-seo-wordpress\/ -->\n<title>Rescis\u00e3o Indireta: Motivos que D\u00e3o Direito em 2026<\/title>\n<meta name=\"description\" content=\"Entenda os requisitos da rescis\u00e3o indireta, quando ela se aplica e quais direitos o trabalhador recebe. Saiba como agir corretamente.\" \/>\n<meta name=\"robots\" content=\"index, follow, max-snippet:-1, max-image-preview:large, max-video-preview:-1\" \/>\n<link rel=\"canonical\" href=\"https:\/\/carvalhoadvogado.aliamkt.com\/index.php\/2026\/04\/28\/rescisao-indireta-requisitos\/\" \/>\n<meta property=\"og:locale\" content=\"pt_BR\" \/>\n<meta property=\"og:type\" content=\"article\" \/>\n<meta property=\"og:title\" content=\"Rescis\u00e3o Indireta: Motivos que D\u00e3o Direito em 2026\" \/>\n<meta property=\"og:description\" content=\"Entenda os requisitos da rescis\u00e3o indireta, quando ela se aplica e quais direitos o trabalhador recebe. Saiba como agir corretamente.\" \/>\n<meta property=\"og:url\" content=\"https:\/\/carvalhoadvogado.aliamkt.com\/index.php\/2026\/04\/28\/rescisao-indireta-requisitos\/\" \/>\n<meta property=\"og:site_name\" content=\"Pedro Carvalho Advogado Trabalhista\" \/>\n<meta property=\"article:published_time\" content=\"2026-04-28T19:05:58+00:00\" \/>\n<meta property=\"og:image\" content=\"https:\/\/carvalhoadvogado.aliamkt.com\/wp-content\/uploads\/2026\/04\/advogado-trabalhista-em-contagem-11.jpg\" \/>\n\t<meta property=\"og:image:width\" content=\"1200\" \/>\n\t<meta property=\"og:image:height\" content=\"628\" \/>\n\t<meta property=\"og:image:type\" content=\"image\/jpeg\" \/>\n<meta name=\"author\" content=\"lailacarvalhoadv\" \/>\n<meta name=\"twitter:card\" content=\"summary_large_image\" \/>\n<meta name=\"twitter:label1\" content=\"Escrito por\" \/>\n\t<meta name=\"twitter:data1\" content=\"lailacarvalhoadv\" \/>\n\t<meta name=\"twitter:label2\" content=\"Est. tempo de leitura\" \/>\n\t<meta name=\"twitter:data2\" content=\"6 minutos\" \/>\n<script type=\"application\/ld+json\" class=\"yoast-schema-graph\">{\"@context\":\"https:\\\/\\\/schema.org\",\"@graph\":[{\"@type\":\"Article\",\"@id\":\"https:\\\/\\\/carvalhoadvogado.aliamkt.com\\\/index.php\\\/2026\\\/04\\\/28\\\/rescisao-indireta-requisitos\\\/#article\",\"isPartOf\":{\"@id\":\"https:\\\/\\\/carvalhoadvogado.aliamkt.com\\\/index.php\\\/2026\\\/04\\\/28\\\/rescisao-indireta-requisitos\\\/\"},\"author\":{\"name\":\"lailacarvalhoadv\",\"@id\":\"https:\\\/\\\/carvalhoadvogado.aliamkt.com\\\/#\\\/schema\\\/person\\\/8f4d67ba57d6160ee802836a319bd8eb\"},\"headline\":\"Rescis\u00e3o indireta requisitos: quais s\u00e3o os motivos que d\u00e3o direito ao trabalhador em 2026\",\"datePublished\":\"2026-04-28T19:05:58+00:00\",\"mainEntityOfPage\":{\"@id\":\"https:\\\/\\\/carvalhoadvogado.aliamkt.com\\\/index.php\\\/2026\\\/04\\\/28\\\/rescisao-indireta-requisitos\\\/\"},\"wordCount\":1174,\"commentCount\":0,\"publisher\":{\"@id\":\"https:\\\/\\\/carvalhoadvogado.aliamkt.com\\\/#organization\"},\"image\":{\"@id\":\"https:\\\/\\\/carvalhoadvogado.aliamkt.com\\\/index.php\\\/2026\\\/04\\\/28\\\/rescisao-indireta-requisitos\\\/#primaryimage\"},\"thumbnailUrl\":\"https:\\\/\\\/carvalhoadvogado.aliamkt.com\\\/wp-content\\\/uploads\\\/2026\\\/04\\\/advogado-trabalhista-em-contagem-11.jpg\",\"articleSection\":[\"Direito Trabalhista\"],\"inLanguage\":\"pt-BR\",\"potentialAction\":[{\"@type\":\"CommentAction\",\"name\":\"Comment\",\"target\":[\"https:\\\/\\\/carvalhoadvogado.aliamkt.com\\\/index.php\\\/2026\\\/04\\\/28\\\/rescisao-indireta-requisitos\\\/#respond\"]}]},{\"@type\":\"WebPage\",\"@id\":\"https:\\\/\\\/carvalhoadvogado.aliamkt.com\\\/index.php\\\/2026\\\/04\\\/28\\\/rescisao-indireta-requisitos\\\/\",\"url\":\"https:\\\/\\\/carvalhoadvogado.aliamkt.com\\\/index.php\\\/2026\\\/04\\\/28\\\/rescisao-indireta-requisitos\\\/\",\"name\":\"Rescis\u00e3o Indireta: Motivos que D\u00e3o Direito em 2026\",\"isPartOf\":{\"@id\":\"https:\\\/\\\/carvalhoadvogado.aliamkt.com\\\/#website\"},\"primaryImageOfPage\":{\"@id\":\"https:\\\/\\\/carvalhoadvogado.aliamkt.com\\\/index.php\\\/2026\\\/04\\\/28\\\/rescisao-indireta-requisitos\\\/#primaryimage\"},\"image\":{\"@id\":\"https:\\\/\\\/carvalhoadvogado.aliamkt.com\\\/index.php\\\/2026\\\/04\\\/28\\\/rescisao-indireta-requisitos\\\/#primaryimage\"},\"thumbnailUrl\":\"https:\\\/\\\/carvalhoadvogado.aliamkt.com\\\/wp-content\\\/uploads\\\/2026\\\/04\\\/advogado-trabalhista-em-contagem-11.jpg\",\"datePublished\":\"2026-04-28T19:05:58+00:00\",\"description\":\"Entenda os requisitos da rescis\u00e3o indireta, quando ela se aplica e quais direitos o trabalhador recebe. Saiba como agir corretamente.\",\"breadcrumb\":{\"@id\":\"https:\\\/\\\/carvalhoadvogado.aliamkt.com\\\/index.php\\\/2026\\\/04\\\/28\\\/rescisao-indireta-requisitos\\\/#breadcrumb\"},\"inLanguage\":\"pt-BR\",\"potentialAction\":[{\"@type\":\"ReadAction\",\"target\":[\"https:\\\/\\\/carvalhoadvogado.aliamkt.com\\\/index.php\\\/2026\\\/04\\\/28\\\/rescisao-indireta-requisitos\\\/\"]}]},{\"@type\":\"ImageObject\",\"inLanguage\":\"pt-BR\",\"@id\":\"https:\\\/\\\/carvalhoadvogado.aliamkt.com\\\/index.php\\\/2026\\\/04\\\/28\\\/rescisao-indireta-requisitos\\\/#primaryimage\",\"url\":\"https:\\\/\\\/carvalhoadvogado.aliamkt.com\\\/wp-content\\\/uploads\\\/2026\\\/04\\\/advogado-trabalhista-em-contagem-11.jpg\",\"contentUrl\":\"https:\\\/\\\/carvalhoadvogado.aliamkt.com\\\/wp-content\\\/uploads\\\/2026\\\/04\\\/advogado-trabalhista-em-contagem-11.jpg\",\"width\":1200,\"height\":628},{\"@type\":\"BreadcrumbList\",\"@id\":\"https:\\\/\\\/carvalhoadvogado.aliamkt.com\\\/index.php\\\/2026\\\/04\\\/28\\\/rescisao-indireta-requisitos\\\/#breadcrumb\",\"itemListElement\":[{\"@type\":\"ListItem\",\"position\":1,\"name\":\"In\u00edcio\",\"item\":\"https:\\\/\\\/carvalhoadvogado.aliamkt.com\\\/\"},{\"@type\":\"ListItem\",\"position\":2,\"name\":\"Rescis\u00e3o indireta requisitos: quais s\u00e3o os motivos que d\u00e3o direito ao trabalhador em 2026\"}]},{\"@type\":\"WebSite\",\"@id\":\"https:\\\/\\\/carvalhoadvogado.aliamkt.com\\\/#website\",\"url\":\"https:\\\/\\\/carvalhoadvogado.aliamkt.com\\\/\",\"name\":\"Pedro Carvalho Advogado\",\"description\":\"Advogado Trabalhista\",\"publisher\":{\"@id\":\"https:\\\/\\\/carvalhoadvogado.aliamkt.com\\\/#organization\"},\"potentialAction\":[{\"@type\":\"SearchAction\",\"target\":{\"@type\":\"EntryPoint\",\"urlTemplate\":\"https:\\\/\\\/carvalhoadvogado.aliamkt.com\\\/?s={search_term_string}\"},\"query-input\":{\"@type\":\"PropertyValueSpecification\",\"valueRequired\":true,\"valueName\":\"search_term_string\"}}],\"inLanguage\":\"pt-BR\"},{\"@type\":\"Organization\",\"@id\":\"https:\\\/\\\/carvalhoadvogado.aliamkt.com\\\/#organization\",\"name\":\"Pedro Carvalho Advogado\",\"url\":\"https:\\\/\\\/carvalhoadvogado.aliamkt.com\\\/\",\"logo\":{\"@type\":\"ImageObject\",\"inLanguage\":\"pt-BR\",\"@id\":\"https:\\\/\\\/carvalhoadvogado.aliamkt.com\\\/#\\\/schema\\\/logo\\\/image\\\/\",\"url\":\"https:\\\/\\\/carvalhoadvogado.aliamkt.com\\\/wp-content\\\/uploads\\\/2024\\\/06\\\/Logo-azul.png\",\"contentUrl\":\"https:\\\/\\\/carvalhoadvogado.aliamkt.com\\\/wp-content\\\/uploads\\\/2024\\\/06\\\/Logo-azul.png\",\"width\":500,\"height\":500,\"caption\":\"Pedro Carvalho Advogado\"},\"image\":{\"@id\":\"https:\\\/\\\/carvalhoadvogado.aliamkt.com\\\/#\\\/schema\\\/logo\\\/image\\\/\"}},{\"@type\":\"Person\",\"@id\":\"https:\\\/\\\/carvalhoadvogado.aliamkt.com\\\/#\\\/schema\\\/person\\\/8f4d67ba57d6160ee802836a319bd8eb\",\"name\":\"lailacarvalhoadv\",\"image\":{\"@type\":\"ImageObject\",\"inLanguage\":\"pt-BR\",\"@id\":\"https:\\\/\\\/secure.gravatar.com\\\/avatar\\\/a60961139a792fb5ca701fab485f653a1b3cc37cf8dbd4937b4134105caf5369?s=96&d=mm&r=g\",\"url\":\"https:\\\/\\\/secure.gravatar.com\\\/avatar\\\/a60961139a792fb5ca701fab485f653a1b3cc37cf8dbd4937b4134105caf5369?s=96&d=mm&r=g\",\"contentUrl\":\"https:\\\/\\\/secure.gravatar.com\\\/avatar\\\/a60961139a792fb5ca701fab485f653a1b3cc37cf8dbd4937b4134105caf5369?s=96&d=mm&r=g\",\"caption\":\"lailacarvalhoadv\"},\"sameAs\":[\"https:\\\/\\\/carvalhoadvogado.aliamkt.com\"],\"url\":\"https:\\\/\\\/carvalhoadvogado.aliamkt.com\\\/index.php\\\/author\\\/lailacarvalhoadv\\\/\"}]}<\/script>\n<!-- \/ Yoast SEO plugin. -->","yoast_head_json":{"title":"Rescis\u00e3o Indireta: Motivos que D\u00e3o Direito em 2026","description":"Entenda os requisitos da rescis\u00e3o indireta, quando ela se aplica e quais direitos o trabalhador recebe. Saiba como agir corretamente.","robots":{"index":"index","follow":"follow","max-snippet":"max-snippet:-1","max-image-preview":"max-image-preview:large","max-video-preview":"max-video-preview:-1"},"canonical":"https:\/\/carvalhoadvogado.aliamkt.com\/index.php\/2026\/04\/28\/rescisao-indireta-requisitos\/","og_locale":"pt_BR","og_type":"article","og_title":"Rescis\u00e3o Indireta: Motivos que D\u00e3o Direito em 2026","og_description":"Entenda os requisitos da rescis\u00e3o indireta, quando ela se aplica e quais direitos o trabalhador recebe. Saiba como agir corretamente.","og_url":"https:\/\/carvalhoadvogado.aliamkt.com\/index.php\/2026\/04\/28\/rescisao-indireta-requisitos\/","og_site_name":"Pedro Carvalho Advogado Trabalhista","article_published_time":"2026-04-28T19:05:58+00:00","og_image":[{"width":1200,"height":628,"url":"https:\/\/carvalhoadvogado.aliamkt.com\/wp-content\/uploads\/2026\/04\/advogado-trabalhista-em-contagem-11.jpg","type":"image\/jpeg"}],"author":"lailacarvalhoadv","twitter_card":"summary_large_image","twitter_misc":{"Escrito por":"lailacarvalhoadv","Est. tempo de leitura":"6 minutos"},"schema":{"@context":"https:\/\/schema.org","@graph":[{"@type":"Article","@id":"https:\/\/carvalhoadvogado.aliamkt.com\/index.php\/2026\/04\/28\/rescisao-indireta-requisitos\/#article","isPartOf":{"@id":"https:\/\/carvalhoadvogado.aliamkt.com\/index.php\/2026\/04\/28\/rescisao-indireta-requisitos\/"},"author":{"name":"lailacarvalhoadv","@id":"https:\/\/carvalhoadvogado.aliamkt.com\/#\/schema\/person\/8f4d67ba57d6160ee802836a319bd8eb"},"headline":"Rescis\u00e3o indireta requisitos: quais s\u00e3o os motivos que d\u00e3o direito ao trabalhador em 2026","datePublished":"2026-04-28T19:05:58+00:00","mainEntityOfPage":{"@id":"https:\/\/carvalhoadvogado.aliamkt.com\/index.php\/2026\/04\/28\/rescisao-indireta-requisitos\/"},"wordCount":1174,"commentCount":0,"publisher":{"@id":"https:\/\/carvalhoadvogado.aliamkt.com\/#organization"},"image":{"@id":"https:\/\/carvalhoadvogado.aliamkt.com\/index.php\/2026\/04\/28\/rescisao-indireta-requisitos\/#primaryimage"},"thumbnailUrl":"https:\/\/carvalhoadvogado.aliamkt.com\/wp-content\/uploads\/2026\/04\/advogado-trabalhista-em-contagem-11.jpg","articleSection":["Direito Trabalhista"],"inLanguage":"pt-BR","potentialAction":[{"@type":"CommentAction","name":"Comment","target":["https:\/\/carvalhoadvogado.aliamkt.com\/index.php\/2026\/04\/28\/rescisao-indireta-requisitos\/#respond"]}]},{"@type":"WebPage","@id":"https:\/\/carvalhoadvogado.aliamkt.com\/index.php\/2026\/04\/28\/rescisao-indireta-requisitos\/","url":"https:\/\/carvalhoadvogado.aliamkt.com\/index.php\/2026\/04\/28\/rescisao-indireta-requisitos\/","name":"Rescis\u00e3o Indireta: Motivos que D\u00e3o Direito em 2026","isPartOf":{"@id":"https:\/\/carvalhoadvogado.aliamkt.com\/#website"},"primaryImageOfPage":{"@id":"https:\/\/carvalhoadvogado.aliamkt.com\/index.php\/2026\/04\/28\/rescisao-indireta-requisitos\/#primaryimage"},"image":{"@id":"https:\/\/carvalhoadvogado.aliamkt.com\/index.php\/2026\/04\/28\/rescisao-indireta-requisitos\/#primaryimage"},"thumbnailUrl":"https:\/\/carvalhoadvogado.aliamkt.com\/wp-content\/uploads\/2026\/04\/advogado-trabalhista-em-contagem-11.jpg","datePublished":"2026-04-28T19:05:58+00:00","description":"Entenda os requisitos da rescis\u00e3o indireta, quando ela se aplica e quais direitos o trabalhador recebe. Saiba como agir corretamente.","breadcrumb":{"@id":"https:\/\/carvalhoadvogado.aliamkt.com\/index.php\/2026\/04\/28\/rescisao-indireta-requisitos\/#breadcrumb"},"inLanguage":"pt-BR","potentialAction":[{"@type":"ReadAction","target":["https:\/\/carvalhoadvogado.aliamkt.com\/index.php\/2026\/04\/28\/rescisao-indireta-requisitos\/"]}]},{"@type":"ImageObject","inLanguage":"pt-BR","@id":"https:\/\/carvalhoadvogado.aliamkt.com\/index.php\/2026\/04\/28\/rescisao-indireta-requisitos\/#primaryimage","url":"https:\/\/carvalhoadvogado.aliamkt.com\/wp-content\/uploads\/2026\/04\/advogado-trabalhista-em-contagem-11.jpg","contentUrl":"https:\/\/carvalhoadvogado.aliamkt.com\/wp-content\/uploads\/2026\/04\/advogado-trabalhista-em-contagem-11.jpg","width":1200,"height":628},{"@type":"BreadcrumbList","@id":"https:\/\/carvalhoadvogado.aliamkt.com\/index.php\/2026\/04\/28\/rescisao-indireta-requisitos\/#breadcrumb","itemListElement":[{"@type":"ListItem","position":1,"name":"In\u00edcio","item":"https:\/\/carvalhoadvogado.aliamkt.com\/"},{"@type":"ListItem","position":2,"name":"Rescis\u00e3o indireta requisitos: quais s\u00e3o os motivos que d\u00e3o direito ao trabalhador em 2026"}]},{"@type":"WebSite","@id":"https:\/\/carvalhoadvogado.aliamkt.com\/#website","url":"https:\/\/carvalhoadvogado.aliamkt.com\/","name":"Pedro Carvalho Advogado","description":"Advogado Trabalhista","publisher":{"@id":"https:\/\/carvalhoadvogado.aliamkt.com\/#organization"},"potentialAction":[{"@type":"SearchAction","target":{"@type":"EntryPoint","urlTemplate":"https:\/\/carvalhoadvogado.aliamkt.com\/?s={search_term_string}"},"query-input":{"@type":"PropertyValueSpecification","valueRequired":true,"valueName":"search_term_string"}}],"inLanguage":"pt-BR"},{"@type":"Organization","@id":"https:\/\/carvalhoadvogado.aliamkt.com\/#organization","name":"Pedro Carvalho Advogado","url":"https:\/\/carvalhoadvogado.aliamkt.com\/","logo":{"@type":"ImageObject","inLanguage":"pt-BR","@id":"https:\/\/carvalhoadvogado.aliamkt.com\/#\/schema\/logo\/image\/","url":"https:\/\/carvalhoadvogado.aliamkt.com\/wp-content\/uploads\/2024\/06\/Logo-azul.png","contentUrl":"https:\/\/carvalhoadvogado.aliamkt.com\/wp-content\/uploads\/2024\/06\/Logo-azul.png","width":500,"height":500,"caption":"Pedro Carvalho Advogado"},"image":{"@id":"https:\/\/carvalhoadvogado.aliamkt.com\/#\/schema\/logo\/image\/"}},{"@type":"Person","@id":"https:\/\/carvalhoadvogado.aliamkt.com\/#\/schema\/person\/8f4d67ba57d6160ee802836a319bd8eb","name":"lailacarvalhoadv","image":{"@type":"ImageObject","inLanguage":"pt-BR","@id":"https:\/\/secure.gravatar.com\/avatar\/a60961139a792fb5ca701fab485f653a1b3cc37cf8dbd4937b4134105caf5369?s=96&d=mm&r=g","url":"https:\/\/secure.gravatar.com\/avatar\/a60961139a792fb5ca701fab485f653a1b3cc37cf8dbd4937b4134105caf5369?s=96&d=mm&r=g","contentUrl":"https:\/\/secure.gravatar.com\/avatar\/a60961139a792fb5ca701fab485f653a1b3cc37cf8dbd4937b4134105caf5369?s=96&d=mm&r=g","caption":"lailacarvalhoadv"},"sameAs":["https:\/\/carvalhoadvogado.aliamkt.com"],"url":"https:\/\/carvalhoadvogado.aliamkt.com\/index.php\/author\/lailacarvalhoadv\/"}]}},"_links":{"self":[{"href":"https:\/\/carvalhoadvogado.aliamkt.com\/index.php\/wp-json\/wp\/v2\/posts\/1734","targetHints":{"allow":["GET"]}}],"collection":[{"href":"https:\/\/carvalhoadvogado.aliamkt.com\/index.php\/wp-json\/wp\/v2\/posts"}],"about":[{"href":"https:\/\/carvalhoadvogado.aliamkt.com\/index.php\/wp-json\/wp\/v2\/types\/post"}],"author":[{"embeddable":true,"href":"https:\/\/carvalhoadvogado.aliamkt.com\/index.php\/wp-json\/wp\/v2\/users\/1"}],"replies":[{"embeddable":true,"href":"https:\/\/carvalhoadvogado.aliamkt.com\/index.php\/wp-json\/wp\/v2\/comments?post=1734"}],"version-history":[{"count":1,"href":"https:\/\/carvalhoadvogado.aliamkt.com\/index.php\/wp-json\/wp\/v2\/posts\/1734\/revisions"}],"predecessor-version":[{"id":1736,"href":"https:\/\/carvalhoadvogado.aliamkt.com\/index.php\/wp-json\/wp\/v2\/posts\/1734\/revisions\/1736"}],"wp:featuredmedia":[{"embeddable":true,"href":"https:\/\/carvalhoadvogado.aliamkt.com\/index.php\/wp-json\/wp\/v2\/media\/1735"}],"wp:attachment":[{"href":"https:\/\/carvalhoadvogado.aliamkt.com\/index.php\/wp-json\/wp\/v2\/media?parent=1734"}],"wp:term":[{"taxonomy":"category","embeddable":true,"href":"https:\/\/carvalhoadvogado.aliamkt.com\/index.php\/wp-json\/wp\/v2\/categories?post=1734"},{"taxonomy":"post_tag","embeddable":true,"href":"https:\/\/carvalhoadvogado.aliamkt.com\/index.php\/wp-json\/wp\/v2\/tags?post=1734"}],"curies":[{"name":"wp","href":"https:\/\/api.w.org\/{rel}","templated":true}]}}