{"id":1739,"date":"2026-04-29T12:23:12","date_gmt":"2026-04-29T15:23:12","guid":{"rendered":"https:\/\/carvalhoadvogado.aliamkt.com\/?p=1739"},"modified":"2026-04-29T12:23:12","modified_gmt":"2026-04-29T15:23:12","slug":"acougueiro-supermercado-direitos-trabalhistas-2026","status":"publish","type":"post","link":"https:\/\/carvalhoadvogado.aliamkt.com\/index.php\/2026\/04\/29\/acougueiro-supermercado-direitos-trabalhistas-2026\/","title":{"rendered":"A\u00e7ougueiro de Supermercado em 2026: Veja Como Seus Direitos Est\u00e3o Sendo Ignorados (E Como Buscar Indeniza\u00e7\u00e3o Agora)"},"content":{"rendered":"<p><span style=\"font-weight: 400;\">Se voc\u00ea trabalha como a\u00e7ougueiro, ent\u00e3o j\u00e1 percebeu que essa fun\u00e7\u00e3o exige muito mais do que parece. Al\u00e9m disso, envolve riscos constantes e esfor\u00e7o f\u00edsico intenso.<\/span><\/p>\n<p><span style=\"font-weight: 400;\">No entanto, apesar disso, muitos trabalhadores continuam tendo seus direitos desrespeitados. Por isso, entender a realidade do <\/span><b>a\u00e7ougueiro de supermercado<\/b><span style=\"font-weight: 400;\"> em 2026 \u00e9 essencial para n\u00e3o sair no preju\u00edzo.<\/span><\/p>\n<h2><b>O que faz um a\u00e7ougueiro<\/b><\/h2>\n<p><span style=\"font-weight: 400;\">Em primeiro lugar, o a\u00e7ougueiro \u00e9 respons\u00e1vel pelo corte e preparo de carnes. No entanto, al\u00e9m disso, muitas empresas exigem atividades extras.<\/span><\/p>\n<p><span style=\"font-weight: 400;\">Nesse sentido, quando essas tarefas se tornam frequentes, ent\u00e3o pode existir <\/span><b>ac\u00famulo de fun\u00e7\u00e3o<\/b><span style=\"font-weight: 400;\">.<\/span><\/p>\n<h2><b>Jornada de trabalho em 2026<\/b><\/h2>\n<p><span style=\"font-weight: 400;\">De acordo com a lei, existem limites claros. No entanto, na pr\u00e1tica, muitos trabalhadores enfrentam jornadas prolongadas.<\/span><\/p>\n<p><span style=\"font-weight: 400;\">Consequentemente, isso gera direito \u00e0s <\/span><b>horas extras<\/b><span style=\"font-weight: 400;\">.<\/span><\/p>\n<h2><b>Horas extras<\/b><\/h2>\n<p><span style=\"font-weight: 400;\">Sempre que voc\u00ea trabalha al\u00e9m do hor\u00e1rio, portanto, deve receber pelas <\/span><b>horas extras<\/b><span style=\"font-weight: 400;\">.<\/span><\/p>\n<p><span style=\"font-weight: 400;\">No entanto, muitas empresas n\u00e3o registram corretamente o ponto.<\/span><\/p>\n<h2><b>Intervalo intrajornada<\/b><\/h2>\n<p><span style=\"font-weight: 400;\">Se a jornada ultrapassa 6 horas, ent\u00e3o o intervalo deve ser concedido.<\/span><\/p>\n<p><span style=\"font-weight: 400;\">Por\u00e9m, quando isso n\u00e3o acontece, o per\u00edodo deve ser pago como <\/span><b>hora extra<\/b><span style=\"font-weight: 400;\">.<\/span><\/p>\n<h2><b>Ac\u00famulo de fun\u00e7\u00e3o<\/b><\/h2>\n<p><span style=\"font-weight: 400;\">Quando o trabalhador exerce m\u00faltiplas tarefas, ent\u00e3o ocorre o <\/span><b>ac\u00famulo de fun\u00e7\u00e3o<\/b><span style=\"font-weight: 400;\">.<\/span><\/p>\n<p><span style=\"font-weight: 400;\">Nesse caso, \u00e9 poss\u00edvel buscar diferen\u00e7as salariais.<\/span><\/p>\n<h2><b>Insalubridade<\/b><\/h2>\n<p><span style=\"font-weight: 400;\">O trabalho envolve exposi\u00e7\u00e3o ao frio e a agentes nocivos.<\/span><\/p>\n<p><span style=\"font-weight: 400;\">Por isso, pode existir direito ao adicional de <\/span><b>insalubridade<\/b><span style=\"font-weight: 400;\">.<\/span><\/p>\n<h2><b>Periculosidade<\/b><\/h2>\n<p><span style=\"font-weight: 400;\">Em alguns casos, pode haver discuss\u00e3o sobre <\/span><b>periculosidade<\/b><span style=\"font-weight: 400;\">, especialmente pelo uso de ferramentas.<\/span><\/p>\n<h2><b>Equipamentos de prote\u00e7\u00e3o<\/b><\/h2>\n<p><span style=\"font-weight: 400;\">A empresa deve fornecer equipamentos adequados.<\/span><\/p>\n<p><span style=\"font-weight: 400;\">No entanto, falhas s\u00e3o comuns, o que aumenta os riscos.<\/span><\/p>\n<h2><b>Acidentes de trabalho<\/b><\/h2>\n<p><span style=\"font-weight: 400;\">Cortes e les\u00f5es s\u00e3o comuns nessa fun\u00e7\u00e3o.<\/span><\/p>\n<p><span style=\"font-weight: 400;\">Assim, o trabalhador pode ter direito \u00e0 indeniza\u00e7\u00e3o.<\/span><\/p>\n<h2><b>Doen\u00e7as ocupacionais<\/b><\/h2>\n<p><span style=\"font-weight: 400;\">O esfor\u00e7o repetitivo pode causar problemas de sa\u00fade.<\/span><\/p>\n<p><span style=\"font-weight: 400;\">Portanto, pode haver direito a benef\u00edcios.<\/span><\/p>\n<h2><b>Ass\u00e9dio moral<\/b><\/h2>\n<p><span style=\"font-weight: 400;\">Cobran\u00e7as abusivas podem configurar <\/span><b>ass\u00e9dio moral<\/b><span style=\"font-weight: 400;\">.<\/span><\/p>\n<p><span style=\"font-weight: 400;\">Al\u00e9m disso, isso pode gerar indeniza\u00e7\u00e3o.<\/span><\/p>\n<h2><b>Registro irregular<\/b><\/h2>\n<p><span style=\"font-weight: 400;\">Se houver trabalho sem carteira, ent\u00e3o \u00e9 poss\u00edvel exigir reconhecimento.<\/span><\/p>\n<p><span style=\"font-weight: 400;\">Al\u00e9m disso, valores pagos por fora devem ser considerados.<\/span><\/p>\n<h2><b>Demiss\u00e3o<\/b><\/h2>\n<p><span style=\"font-weight: 400;\">Na demiss\u00e3o, o trabalhador deve receber todas as verbas.<\/span><\/p>\n<p><span style=\"font-weight: 400;\">No entanto, erros s\u00e3o comuns.<\/span><\/p>\n<h2><b>Provas<\/b><\/h2>\n<p><span style=\"font-weight: 400;\">Para entrar com a\u00e7\u00e3o, \u00e9 essencial reunir provas.<\/span><\/p>\n<p><span style=\"font-weight: 400;\">Mensagens e documentos s\u00e3o fundamentais.<\/span><\/p>\n<h2><b>A\u00e7\u00e3o trabalhista<\/b><\/h2>\n<p><span style=\"font-weight: 400;\">Diante de irregularidades, entrar com uma <\/span><b>a\u00e7\u00e3o trabalhista<\/b><span style=\"font-weight: 400;\"> pode garantir seus direitos.<\/span><\/p>\n<h2><b>Conclus\u00e3o<\/b><\/h2>\n<p><span style=\"font-weight: 400;\">Em resumo, o trabalho do a\u00e7ougueiro exige muito. No entanto, isso n\u00e3o significa aceitar abusos.<\/span><\/p>\n<p><span style=\"font-weight: 400;\">Portanto, conhecer seus direitos \u00e9 essencial para agir.<\/span><\/p>\n<h2><b>FAQs<\/b><\/h2>\n<h3><b>1. A\u00e7ougueiro tem direito a insalubridade?<\/b><\/h3>\n<p><span style=\"font-weight: 400;\">Sim.<\/span><\/p>\n<h3><b>2. Acidente gera indeniza\u00e7\u00e3o?<\/b><\/h3>\n<p><span style=\"font-weight: 400;\">Sim.<\/span><\/p>\n<h3><b>3. Empresa deve fornecer EPI?<\/b><\/h3>\n<p><span style=\"font-weight: 400;\">Sim.<\/span><\/p>\n<h3><b>4. Posso processar trabalhando?<\/b><\/h3>\n<p><span style=\"font-weight: 400;\">Sim.<\/span><\/p>\n<h3><b>5. Vale a pena entrar com a\u00e7\u00e3o trabalhista?<\/b><\/h3>\n<p><span style=\"font-weight: 400;\">Sim.<\/span><\/p>\n<p><b>\u00a0<\/b><span style=\"font-weight: 400;\">Leia tamb\u00e9m<\/span><\/p>\n<ul>\n<li style=\"font-weight: 400;\" aria-level=\"1\"><a href=\"https:\/\/carvalhoadvogado.aliamkt.com\/index.php\/2026\/01\/02\/rescisao-indireta-ameacas-humilhacoes-exposicao-ridiculo\/\"><span style=\"font-weight: 400;\">Rescis\u00e3o Indireta por Amea\u00e7as, Humilha\u00e7\u00f5es e Exposi\u00e7\u00e3o ao Rid\u00edculo no Trabalho: Saiba Como Sair Sem Perder Seus Direitos<\/span><\/a><\/li>\n<\/ul>\n<p><b>Fale com o Dr. Pedro Carvalho!<\/b><\/p>\n<p><b>Clique no bot\u00e3o abaixo e obtenha a orienta\u00e7\u00e3o jur\u00eddica que voc\u00ea precisa para resolver suas quest\u00f5es com seguran\u00e7a e confian\u00e7a.\u00a0<\/b><\/p>\n<p><a href=\"https:\/\/wa.me\/5531975283687\"><b>Fale comigo agora mesmo<\/b><\/a><\/p>\n<p><b>Siga-nos na rede social, @pedroncarvalhoadv, e fique por dentro das \u00faltimas novidades!<\/b><\/p>\n","protected":false},"excerpt":{"rendered":"<p>Se voc\u00ea trabalha como a\u00e7ougueiro, ent\u00e3o j\u00e1 percebeu que essa fun\u00e7\u00e3o exige muito mais do que parece. Al\u00e9m disso, envolve riscos constantes e esfor\u00e7o f\u00edsico intenso. No entanto, apesar disso, muitos trabalhadores continuam tendo seus direitos desrespeitados. Por isso, entender a realidade do a\u00e7ougueiro de supermercado em 2026 \u00e9 essencial para n\u00e3o sair no preju\u00edzo. [&hellip;]<\/p>\n","protected":false},"author":1,"featured_media":1740,"comment_status":"open","ping_status":"open","sticky":false,"template":"","format":"standard","meta":{"_joinchat":[],"footnotes":""},"categories":[6],"tags":[],"class_list":["post-1739","post","type-post","status-publish","format-standard","has-post-thumbnail","hentry","category-direito-trabalhista"],"yoast_head":"<!-- This site is optimized with the Yoast SEO plugin v27.5 - https:\/\/yoast.com\/product\/yoast-seo-wordpress\/ -->\n<title>A\u00e7ougueiro de Supermercado em 2026: Direitos Trabalhistas<\/title>\n<meta name=\"description\" content=\"Veja os direitos trabalhistas do a\u00e7ougueiro de supermercado em 2026 e saiba quando \u00e9 poss\u00edvel pedir insalubridade e indeniza\u00e7\u00e3o na Justi\u00e7a.\" \/>\n<meta name=\"robots\" content=\"index, follow, max-snippet:-1, max-image-preview:large, max-video-preview:-1\" \/>\n<link rel=\"canonical\" href=\"https:\/\/carvalhoadvogado.aliamkt.com\/index.php\/2026\/04\/29\/acougueiro-supermercado-direitos-trabalhistas-2026\/\" \/>\n<meta property=\"og:locale\" content=\"pt_BR\" \/>\n<meta property=\"og:type\" content=\"article\" \/>\n<meta property=\"og:title\" content=\"A\u00e7ougueiro de Supermercado em 2026: Direitos Trabalhistas\" \/>\n<meta property=\"og:description\" content=\"Veja os direitos trabalhistas do a\u00e7ougueiro de supermercado em 2026 e saiba quando \u00e9 poss\u00edvel pedir insalubridade e indeniza\u00e7\u00e3o na Justi\u00e7a.\" \/>\n<meta property=\"og:url\" content=\"https:\/\/carvalhoadvogado.aliamkt.com\/index.php\/2026\/04\/29\/acougueiro-supermercado-direitos-trabalhistas-2026\/\" \/>\n<meta property=\"og:site_name\" content=\"Pedro Carvalho Advogado Trabalhista\" \/>\n<meta property=\"article:published_time\" content=\"2026-04-29T15:23:12+00:00\" \/>\n<meta property=\"og:image\" content=\"https:\/\/carvalhoadvogado.aliamkt.com\/wp-content\/uploads\/2026\/04\/advogado-do-trabalho-em-contagem.jpg\" \/>\n\t<meta property=\"og:image:width\" content=\"530\" \/>\n\t<meta property=\"og:image:height\" content=\"398\" \/>\n\t<meta property=\"og:image:type\" content=\"image\/jpeg\" \/>\n<meta name=\"author\" content=\"lailacarvalhoadv\" \/>\n<meta name=\"twitter:card\" content=\"summary_large_image\" \/>\n<meta name=\"twitter:label1\" content=\"Escrito por\" \/>\n\t<meta name=\"twitter:data1\" content=\"lailacarvalhoadv\" \/>\n\t<meta name=\"twitter:label2\" content=\"Est. tempo de leitura\" \/>\n\t<meta name=\"twitter:data2\" content=\"3 minutos\" \/>\n<script type=\"application\/ld+json\" class=\"yoast-schema-graph\">{\"@context\":\"https:\\\/\\\/schema.org\",\"@graph\":[{\"@type\":\"Article\",\"@id\":\"https:\\\/\\\/carvalhoadvogado.aliamkt.com\\\/index.php\\\/2026\\\/04\\\/29\\\/acougueiro-supermercado-direitos-trabalhistas-2026\\\/#article\",\"isPartOf\":{\"@id\":\"https:\\\/\\\/carvalhoadvogado.aliamkt.com\\\/index.php\\\/2026\\\/04\\\/29\\\/acougueiro-supermercado-direitos-trabalhistas-2026\\\/\"},\"author\":{\"name\":\"lailacarvalhoadv\",\"@id\":\"https:\\\/\\\/carvalhoadvogado.aliamkt.com\\\/#\\\/schema\\\/person\\\/8f4d67ba57d6160ee802836a319bd8eb\"},\"headline\":\"A\u00e7ougueiro de Supermercado em 2026: Veja Como Seus Direitos Est\u00e3o Sendo Ignorados (E Como Buscar Indeniza\u00e7\u00e3o Agora)\",\"datePublished\":\"2026-04-29T15:23:12+00:00\",\"mainEntityOfPage\":{\"@id\":\"https:\\\/\\\/carvalhoadvogado.aliamkt.com\\\/index.php\\\/2026\\\/04\\\/29\\\/acougueiro-supermercado-direitos-trabalhistas-2026\\\/\"},\"wordCount\":563,\"commentCount\":0,\"publisher\":{\"@id\":\"https:\\\/\\\/carvalhoadvogado.aliamkt.com\\\/#organization\"},\"image\":{\"@id\":\"https:\\\/\\\/carvalhoadvogado.aliamkt.com\\\/index.php\\\/2026\\\/04\\\/29\\\/acougueiro-supermercado-direitos-trabalhistas-2026\\\/#primaryimage\"},\"thumbnailUrl\":\"https:\\\/\\\/carvalhoadvogado.aliamkt.com\\\/wp-content\\\/uploads\\\/2026\\\/04\\\/advogado-do-trabalho-em-contagem.jpg\",\"articleSection\":[\"Direito Trabalhista\"],\"inLanguage\":\"pt-BR\",\"potentialAction\":[{\"@type\":\"CommentAction\",\"name\":\"Comment\",\"target\":[\"https:\\\/\\\/carvalhoadvogado.aliamkt.com\\\/index.php\\\/2026\\\/04\\\/29\\\/acougueiro-supermercado-direitos-trabalhistas-2026\\\/#respond\"]}]},{\"@type\":\"WebPage\",\"@id\":\"https:\\\/\\\/carvalhoadvogado.aliamkt.com\\\/index.php\\\/2026\\\/04\\\/29\\\/acougueiro-supermercado-direitos-trabalhistas-2026\\\/\",\"url\":\"https:\\\/\\\/carvalhoadvogado.aliamkt.com\\\/index.php\\\/2026\\\/04\\\/29\\\/acougueiro-supermercado-direitos-trabalhistas-2026\\\/\",\"name\":\"A\u00e7ougueiro de Supermercado em 2026: Direitos Trabalhistas\",\"isPartOf\":{\"@id\":\"https:\\\/\\\/carvalhoadvogado.aliamkt.com\\\/#website\"},\"primaryImageOfPage\":{\"@id\":\"https:\\\/\\\/carvalhoadvogado.aliamkt.com\\\/index.php\\\/2026\\\/04\\\/29\\\/acougueiro-supermercado-direitos-trabalhistas-2026\\\/#primaryimage\"},\"image\":{\"@id\":\"https:\\\/\\\/carvalhoadvogado.aliamkt.com\\\/index.php\\\/2026\\\/04\\\/29\\\/acougueiro-supermercado-direitos-trabalhistas-2026\\\/#primaryimage\"},\"thumbnailUrl\":\"https:\\\/\\\/carvalhoadvogado.aliamkt.com\\\/wp-content\\\/uploads\\\/2026\\\/04\\\/advogado-do-trabalho-em-contagem.jpg\",\"datePublished\":\"2026-04-29T15:23:12+00:00\",\"description\":\"Veja os direitos trabalhistas do a\u00e7ougueiro de supermercado em 2026 e saiba quando \u00e9 poss\u00edvel pedir insalubridade e indeniza\u00e7\u00e3o na Justi\u00e7a.\",\"breadcrumb\":{\"@id\":\"https:\\\/\\\/carvalhoadvogado.aliamkt.com\\\/index.php\\\/2026\\\/04\\\/29\\\/acougueiro-supermercado-direitos-trabalhistas-2026\\\/#breadcrumb\"},\"inLanguage\":\"pt-BR\",\"potentialAction\":[{\"@type\":\"ReadAction\",\"target\":[\"https:\\\/\\\/carvalhoadvogado.aliamkt.com\\\/index.php\\\/2026\\\/04\\\/29\\\/acougueiro-supermercado-direitos-trabalhistas-2026\\\/\"]}]},{\"@type\":\"ImageObject\",\"inLanguage\":\"pt-BR\",\"@id\":\"https:\\\/\\\/carvalhoadvogado.aliamkt.com\\\/index.php\\\/2026\\\/04\\\/29\\\/acougueiro-supermercado-direitos-trabalhistas-2026\\\/#primaryimage\",\"url\":\"https:\\\/\\\/carvalhoadvogado.aliamkt.com\\\/wp-content\\\/uploads\\\/2026\\\/04\\\/advogado-do-trabalho-em-contagem.jpg\",\"contentUrl\":\"https:\\\/\\\/carvalhoadvogado.aliamkt.com\\\/wp-content\\\/uploads\\\/2026\\\/04\\\/advogado-do-trabalho-em-contagem.jpg\",\"width\":530,\"height\":398},{\"@type\":\"BreadcrumbList\",\"@id\":\"https:\\\/\\\/carvalhoadvogado.aliamkt.com\\\/index.php\\\/2026\\\/04\\\/29\\\/acougueiro-supermercado-direitos-trabalhistas-2026\\\/#breadcrumb\",\"itemListElement\":[{\"@type\":\"ListItem\",\"position\":1,\"name\":\"In\u00edcio\",\"item\":\"https:\\\/\\\/carvalhoadvogado.aliamkt.com\\\/\"},{\"@type\":\"ListItem\",\"position\":2,\"name\":\"A\u00e7ougueiro de Supermercado em 2026: Veja Como Seus Direitos Est\u00e3o Sendo Ignorados (E Como Buscar Indeniza\u00e7\u00e3o Agora)\"}]},{\"@type\":\"WebSite\",\"@id\":\"https:\\\/\\\/carvalhoadvogado.aliamkt.com\\\/#website\",\"url\":\"https:\\\/\\\/carvalhoadvogado.aliamkt.com\\\/\",\"name\":\"Pedro Carvalho Advogado\",\"description\":\"Advogado Trabalhista\",\"publisher\":{\"@id\":\"https:\\\/\\\/carvalhoadvogado.aliamkt.com\\\/#organization\"},\"potentialAction\":[{\"@type\":\"SearchAction\",\"target\":{\"@type\":\"EntryPoint\",\"urlTemplate\":\"https:\\\/\\\/carvalhoadvogado.aliamkt.com\\\/?s={search_term_string}\"},\"query-input\":{\"@type\":\"PropertyValueSpecification\",\"valueRequired\":true,\"valueName\":\"search_term_string\"}}],\"inLanguage\":\"pt-BR\"},{\"@type\":\"Organization\",\"@id\":\"https:\\\/\\\/carvalhoadvogado.aliamkt.com\\\/#organization\",\"name\":\"Pedro Carvalho Advogado\",\"url\":\"https:\\\/\\\/carvalhoadvogado.aliamkt.com\\\/\",\"logo\":{\"@type\":\"ImageObject\",\"inLanguage\":\"pt-BR\",\"@id\":\"https:\\\/\\\/carvalhoadvogado.aliamkt.com\\\/#\\\/schema\\\/logo\\\/image\\\/\",\"url\":\"https:\\\/\\\/carvalhoadvogado.aliamkt.com\\\/wp-content\\\/uploads\\\/2024\\\/06\\\/Logo-azul.png\",\"contentUrl\":\"https:\\\/\\\/carvalhoadvogado.aliamkt.com\\\/wp-content\\\/uploads\\\/2024\\\/06\\\/Logo-azul.png\",\"width\":500,\"height\":500,\"caption\":\"Pedro Carvalho Advogado\"},\"image\":{\"@id\":\"https:\\\/\\\/carvalhoadvogado.aliamkt.com\\\/#\\\/schema\\\/logo\\\/image\\\/\"}},{\"@type\":\"Person\",\"@id\":\"https:\\\/\\\/carvalhoadvogado.aliamkt.com\\\/#\\\/schema\\\/person\\\/8f4d67ba57d6160ee802836a319bd8eb\",\"name\":\"lailacarvalhoadv\",\"image\":{\"@type\":\"ImageObject\",\"inLanguage\":\"pt-BR\",\"@id\":\"https:\\\/\\\/secure.gravatar.com\\\/avatar\\\/a60961139a792fb5ca701fab485f653a1b3cc37cf8dbd4937b4134105caf5369?s=96&d=mm&r=g\",\"url\":\"https:\\\/\\\/secure.gravatar.com\\\/avatar\\\/a60961139a792fb5ca701fab485f653a1b3cc37cf8dbd4937b4134105caf5369?s=96&d=mm&r=g\",\"contentUrl\":\"https:\\\/\\\/secure.gravatar.com\\\/avatar\\\/a60961139a792fb5ca701fab485f653a1b3cc37cf8dbd4937b4134105caf5369?s=96&d=mm&r=g\",\"caption\":\"lailacarvalhoadv\"},\"sameAs\":[\"https:\\\/\\\/carvalhoadvogado.aliamkt.com\"],\"url\":\"https:\\\/\\\/carvalhoadvogado.aliamkt.com\\\/index.php\\\/author\\\/lailacarvalhoadv\\\/\"}]}<\/script>\n<!-- \/ Yoast SEO plugin. -->","yoast_head_json":{"title":"A\u00e7ougueiro de Supermercado em 2026: Direitos Trabalhistas","description":"Veja os direitos trabalhistas do a\u00e7ougueiro de supermercado em 2026 e saiba quando \u00e9 poss\u00edvel pedir insalubridade e indeniza\u00e7\u00e3o na Justi\u00e7a.","robots":{"index":"index","follow":"follow","max-snippet":"max-snippet:-1","max-image-preview":"max-image-preview:large","max-video-preview":"max-video-preview:-1"},"canonical":"https:\/\/carvalhoadvogado.aliamkt.com\/index.php\/2026\/04\/29\/acougueiro-supermercado-direitos-trabalhistas-2026\/","og_locale":"pt_BR","og_type":"article","og_title":"A\u00e7ougueiro de Supermercado em 2026: Direitos Trabalhistas","og_description":"Veja os direitos trabalhistas do a\u00e7ougueiro de supermercado em 2026 e saiba quando \u00e9 poss\u00edvel pedir insalubridade e indeniza\u00e7\u00e3o na Justi\u00e7a.","og_url":"https:\/\/carvalhoadvogado.aliamkt.com\/index.php\/2026\/04\/29\/acougueiro-supermercado-direitos-trabalhistas-2026\/","og_site_name":"Pedro Carvalho Advogado Trabalhista","article_published_time":"2026-04-29T15:23:12+00:00","og_image":[{"width":530,"height":398,"url":"https:\/\/carvalhoadvogado.aliamkt.com\/wp-content\/uploads\/2026\/04\/advogado-do-trabalho-em-contagem.jpg","type":"image\/jpeg"}],"author":"lailacarvalhoadv","twitter_card":"summary_large_image","twitter_misc":{"Escrito por":"lailacarvalhoadv","Est. tempo de leitura":"3 minutos"},"schema":{"@context":"https:\/\/schema.org","@graph":[{"@type":"Article","@id":"https:\/\/carvalhoadvogado.aliamkt.com\/index.php\/2026\/04\/29\/acougueiro-supermercado-direitos-trabalhistas-2026\/#article","isPartOf":{"@id":"https:\/\/carvalhoadvogado.aliamkt.com\/index.php\/2026\/04\/29\/acougueiro-supermercado-direitos-trabalhistas-2026\/"},"author":{"name":"lailacarvalhoadv","@id":"https:\/\/carvalhoadvogado.aliamkt.com\/#\/schema\/person\/8f4d67ba57d6160ee802836a319bd8eb"},"headline":"A\u00e7ougueiro de Supermercado em 2026: Veja Como Seus Direitos Est\u00e3o Sendo Ignorados (E Como Buscar Indeniza\u00e7\u00e3o Agora)","datePublished":"2026-04-29T15:23:12+00:00","mainEntityOfPage":{"@id":"https:\/\/carvalhoadvogado.aliamkt.com\/index.php\/2026\/04\/29\/acougueiro-supermercado-direitos-trabalhistas-2026\/"},"wordCount":563,"commentCount":0,"publisher":{"@id":"https:\/\/carvalhoadvogado.aliamkt.com\/#organization"},"image":{"@id":"https:\/\/carvalhoadvogado.aliamkt.com\/index.php\/2026\/04\/29\/acougueiro-supermercado-direitos-trabalhistas-2026\/#primaryimage"},"thumbnailUrl":"https:\/\/carvalhoadvogado.aliamkt.com\/wp-content\/uploads\/2026\/04\/advogado-do-trabalho-em-contagem.jpg","articleSection":["Direito Trabalhista"],"inLanguage":"pt-BR","potentialAction":[{"@type":"CommentAction","name":"Comment","target":["https:\/\/carvalhoadvogado.aliamkt.com\/index.php\/2026\/04\/29\/acougueiro-supermercado-direitos-trabalhistas-2026\/#respond"]}]},{"@type":"WebPage","@id":"https:\/\/carvalhoadvogado.aliamkt.com\/index.php\/2026\/04\/29\/acougueiro-supermercado-direitos-trabalhistas-2026\/","url":"https:\/\/carvalhoadvogado.aliamkt.com\/index.php\/2026\/04\/29\/acougueiro-supermercado-direitos-trabalhistas-2026\/","name":"A\u00e7ougueiro de Supermercado em 2026: Direitos Trabalhistas","isPartOf":{"@id":"https:\/\/carvalhoadvogado.aliamkt.com\/#website"},"primaryImageOfPage":{"@id":"https:\/\/carvalhoadvogado.aliamkt.com\/index.php\/2026\/04\/29\/acougueiro-supermercado-direitos-trabalhistas-2026\/#primaryimage"},"image":{"@id":"https:\/\/carvalhoadvogado.aliamkt.com\/index.php\/2026\/04\/29\/acougueiro-supermercado-direitos-trabalhistas-2026\/#primaryimage"},"thumbnailUrl":"https:\/\/carvalhoadvogado.aliamkt.com\/wp-content\/uploads\/2026\/04\/advogado-do-trabalho-em-contagem.jpg","datePublished":"2026-04-29T15:23:12+00:00","description":"Veja os direitos trabalhistas do a\u00e7ougueiro de supermercado em 2026 e saiba quando \u00e9 poss\u00edvel pedir insalubridade e indeniza\u00e7\u00e3o na Justi\u00e7a.","breadcrumb":{"@id":"https:\/\/carvalhoadvogado.aliamkt.com\/index.php\/2026\/04\/29\/acougueiro-supermercado-direitos-trabalhistas-2026\/#breadcrumb"},"inLanguage":"pt-BR","potentialAction":[{"@type":"ReadAction","target":["https:\/\/carvalhoadvogado.aliamkt.com\/index.php\/2026\/04\/29\/acougueiro-supermercado-direitos-trabalhistas-2026\/"]}]},{"@type":"ImageObject","inLanguage":"pt-BR","@id":"https:\/\/carvalhoadvogado.aliamkt.com\/index.php\/2026\/04\/29\/acougueiro-supermercado-direitos-trabalhistas-2026\/#primaryimage","url":"https:\/\/carvalhoadvogado.aliamkt.com\/wp-content\/uploads\/2026\/04\/advogado-do-trabalho-em-contagem.jpg","contentUrl":"https:\/\/carvalhoadvogado.aliamkt.com\/wp-content\/uploads\/2026\/04\/advogado-do-trabalho-em-contagem.jpg","width":530,"height":398},{"@type":"BreadcrumbList","@id":"https:\/\/carvalhoadvogado.aliamkt.com\/index.php\/2026\/04\/29\/acougueiro-supermercado-direitos-trabalhistas-2026\/#breadcrumb","itemListElement":[{"@type":"ListItem","position":1,"name":"In\u00edcio","item":"https:\/\/carvalhoadvogado.aliamkt.com\/"},{"@type":"ListItem","position":2,"name":"A\u00e7ougueiro de Supermercado em 2026: Veja Como Seus Direitos Est\u00e3o Sendo Ignorados (E Como Buscar Indeniza\u00e7\u00e3o Agora)"}]},{"@type":"WebSite","@id":"https:\/\/carvalhoadvogado.aliamkt.com\/#website","url":"https:\/\/carvalhoadvogado.aliamkt.com\/","name":"Pedro Carvalho Advogado","description":"Advogado Trabalhista","publisher":{"@id":"https:\/\/carvalhoadvogado.aliamkt.com\/#organization"},"potentialAction":[{"@type":"SearchAction","target":{"@type":"EntryPoint","urlTemplate":"https:\/\/carvalhoadvogado.aliamkt.com\/?s={search_term_string}"},"query-input":{"@type":"PropertyValueSpecification","valueRequired":true,"valueName":"search_term_string"}}],"inLanguage":"pt-BR"},{"@type":"Organization","@id":"https:\/\/carvalhoadvogado.aliamkt.com\/#organization","name":"Pedro Carvalho Advogado","url":"https:\/\/carvalhoadvogado.aliamkt.com\/","logo":{"@type":"ImageObject","inLanguage":"pt-BR","@id":"https:\/\/carvalhoadvogado.aliamkt.com\/#\/schema\/logo\/image\/","url":"https:\/\/carvalhoadvogado.aliamkt.com\/wp-content\/uploads\/2024\/06\/Logo-azul.png","contentUrl":"https:\/\/carvalhoadvogado.aliamkt.com\/wp-content\/uploads\/2024\/06\/Logo-azul.png","width":500,"height":500,"caption":"Pedro Carvalho Advogado"},"image":{"@id":"https:\/\/carvalhoadvogado.aliamkt.com\/#\/schema\/logo\/image\/"}},{"@type":"Person","@id":"https:\/\/carvalhoadvogado.aliamkt.com\/#\/schema\/person\/8f4d67ba57d6160ee802836a319bd8eb","name":"lailacarvalhoadv","image":{"@type":"ImageObject","inLanguage":"pt-BR","@id":"https:\/\/secure.gravatar.com\/avatar\/a60961139a792fb5ca701fab485f653a1b3cc37cf8dbd4937b4134105caf5369?s=96&d=mm&r=g","url":"https:\/\/secure.gravatar.com\/avatar\/a60961139a792fb5ca701fab485f653a1b3cc37cf8dbd4937b4134105caf5369?s=96&d=mm&r=g","contentUrl":"https:\/\/secure.gravatar.com\/avatar\/a60961139a792fb5ca701fab485f653a1b3cc37cf8dbd4937b4134105caf5369?s=96&d=mm&r=g","caption":"lailacarvalhoadv"},"sameAs":["https:\/\/carvalhoadvogado.aliamkt.com"],"url":"https:\/\/carvalhoadvogado.aliamkt.com\/index.php\/author\/lailacarvalhoadv\/"}]}},"_links":{"self":[{"href":"https:\/\/carvalhoadvogado.aliamkt.com\/index.php\/wp-json\/wp\/v2\/posts\/1739","targetHints":{"allow":["GET"]}}],"collection":[{"href":"https:\/\/carvalhoadvogado.aliamkt.com\/index.php\/wp-json\/wp\/v2\/posts"}],"about":[{"href":"https:\/\/carvalhoadvogado.aliamkt.com\/index.php\/wp-json\/wp\/v2\/types\/post"}],"author":[{"embeddable":true,"href":"https:\/\/carvalhoadvogado.aliamkt.com\/index.php\/wp-json\/wp\/v2\/users\/1"}],"replies":[{"embeddable":true,"href":"https:\/\/carvalhoadvogado.aliamkt.com\/index.php\/wp-json\/wp\/v2\/comments?post=1739"}],"version-history":[{"count":1,"href":"https:\/\/carvalhoadvogado.aliamkt.com\/index.php\/wp-json\/wp\/v2\/posts\/1739\/revisions"}],"predecessor-version":[{"id":1741,"href":"https:\/\/carvalhoadvogado.aliamkt.com\/index.php\/wp-json\/wp\/v2\/posts\/1739\/revisions\/1741"}],"wp:featuredmedia":[{"embeddable":true,"href":"https:\/\/carvalhoadvogado.aliamkt.com\/index.php\/wp-json\/wp\/v2\/media\/1740"}],"wp:attachment":[{"href":"https:\/\/carvalhoadvogado.aliamkt.com\/index.php\/wp-json\/wp\/v2\/media?parent=1739"}],"wp:term":[{"taxonomy":"category","embeddable":true,"href":"https:\/\/carvalhoadvogado.aliamkt.com\/index.php\/wp-json\/wp\/v2\/categories?post=1739"},{"taxonomy":"post_tag","embeddable":true,"href":"https:\/\/carvalhoadvogado.aliamkt.com\/index.php\/wp-json\/wp\/v2\/tags?post=1739"}],"curies":[{"name":"wp","href":"https:\/\/api.w.org\/{rel}","templated":true}]}}