{"id":1742,"date":"2026-05-01T11:24:37","date_gmt":"2026-05-01T14:24:37","guid":{"rendered":"https:\/\/carvalhoadvogado.aliamkt.com\/?p=1742"},"modified":"2026-05-01T11:24:37","modified_gmt":"2026-05-01T14:24:37","slug":"metas-abusivas-no-trabalho-direitos","status":"publish","type":"post","link":"https:\/\/carvalhoadvogado.aliamkt.com\/index.php\/2026\/05\/01\/metas-abusivas-no-trabalho-direitos\/","title":{"rendered":"Metas Abusivas no Trabalho: Quando S\u00e3o Ilegais e Como o Trabalhador Pode Reagir"},"content":{"rendered":"<p><span style=\"font-weight: 400;\">Atualmente, a cobran\u00e7a por resultados est\u00e1 presente em praticamente todas as empresas. No entanto, quando essa cobran\u00e7a ultrapassa determinados limites, surge um problema s\u00e9rio: as <\/span><b>metas abusivas no trabalho<\/b><span style=\"font-weight: 400;\">.<\/span><\/p>\n<p><span style=\"font-weight: 400;\">Al\u00e9m disso, muitos trabalhadores convivem diariamente com objetivos extremamente elevados. Ou seja, metas que, na pr\u00e1tica, parecem imposs\u00edveis de alcan\u00e7ar. Consequentemente, isso gera frustra\u00e7\u00e3o constante, ansiedade crescente e, muitas vezes, um sentimento de incapacidade.<\/span><\/p>\n<p><span style=\"font-weight: 400;\">Ao mesmo tempo, \u00e9 comum surgir uma d\u00favida: isso \u00e9 normal ou j\u00e1 passou do limite? Por outro lado, muitas pessoas acabam aceitando essa situa\u00e7\u00e3o por medo de perder o emprego. Ainda assim, essa aceita\u00e7\u00e3o n\u00e3o torna a pr\u00e1tica legal.<\/span><\/p>\n<p><span style=\"font-weight: 400;\">Portanto, entender quando as <\/span><b>metas abusivas no trabalho<\/b><span style=\"font-weight: 400;\"> deixam de ser uma cobran\u00e7a leg\u00edtima e passam a ser abuso \u00e9 essencial. Al\u00e9m disso, conhecer seus direitos pode fazer toda a diferen\u00e7a.<\/span><\/p>\n<h1><b>O que s\u00e3o metas abusivas no trabalho<\/b><\/h1>\n<p><span style=\"font-weight: 400;\">Antes de mais nada, \u00e9 fundamental compreender o que caracteriza as <\/span><b>metas abusivas no trabalho<\/b><span style=\"font-weight: 400;\">.<\/span><\/p>\n<p><span style=\"font-weight: 400;\">De forma geral, s\u00e3o metas que n\u00e3o respeitam a realidade do trabalhador. Ou seja, s\u00e3o objetivos desproporcionais, inalcan\u00e7\u00e1veis ou que exigem esfor\u00e7o excessivo.<\/span><\/p>\n<p><span style=\"font-weight: 400;\">Al\u00e9m disso, essas metas costumam vir acompanhadas de cobran\u00e7as constantes. Consequentemente, o trabalhador passa a viver sob press\u00e3o cont\u00ednua.<\/span><\/p>\n<p><span style=\"font-weight: 400;\">Em outras palavras, n\u00e3o se trata apenas de metas dif\u00edceis. Na verdade, trata-se de metas que ultrapassam o limite do razo\u00e1vel.<\/span><\/p>\n<h1><b>Metas no trabalho s\u00e3o legais?<\/b><\/h1>\n<p><span style=\"font-weight: 400;\">Sim, as metas s\u00e3o legais. Afinal, toda empresa precisa estabelecer objetivos.<\/span><\/p>\n<p><span style=\"font-weight: 400;\">No entanto, \u00e9 importante destacar que existe um limite. Ou seja, a cobran\u00e7a deve ser feita de forma equilibrada.<\/span><\/p>\n<p><span style=\"font-weight: 400;\">Por outro lado, quando surgem as <\/span><b>metas abusivas no trabalho<\/b><span style=\"font-weight: 400;\">, a situa\u00e7\u00e3o muda completamente. Nesse caso, a exig\u00eancia deixa de ser leg\u00edtima.<\/span><\/p>\n<p><span style=\"font-weight: 400;\">Portanto, o problema n\u00e3o est\u00e1 na exist\u00eancia das metas. Pelo contr\u00e1rio, est\u00e1 no excesso.<\/span><\/p>\n<h1><b>Quando as metas deixam de ser razo\u00e1veis<\/b><\/h1>\n<p><span style=\"font-weight: 400;\">As <\/span><b>metas abusivas no trabalho<\/b><span style=\"font-weight: 400;\"> deixam de ser razo\u00e1veis quando ignoram fatores importantes.<\/span><\/p>\n<p><span style=\"font-weight: 400;\">Por exemplo:<\/span><\/p>\n<ul>\n<li style=\"font-weight: 400;\" aria-level=\"1\"><span style=\"font-weight: 400;\">tempo dispon\u00edvel<\/span><\/li>\n<li style=\"font-weight: 400;\" aria-level=\"1\"><span style=\"font-weight: 400;\">estrutura oferecida<\/span><\/li>\n<li style=\"font-weight: 400;\" aria-level=\"1\"><span style=\"font-weight: 400;\">n\u00famero de funcion\u00e1rios<\/span><\/li>\n<li style=\"font-weight: 400;\" aria-level=\"1\"><span style=\"font-weight: 400;\">condi\u00e7\u00f5es reais de trabalho<\/span><\/li>\n<\/ul>\n<p><span style=\"font-weight: 400;\">Al\u00e9m disso, quando o trabalhador nunca consegue atingir os objetivos, isso j\u00e1 \u00e9 um forte indicativo de abuso.<\/span><\/p>\n<p><span style=\"font-weight: 400;\">Ou seja, metas imposs\u00edveis s\u00e3o, por defini\u00e7\u00e3o, abusivas. Consequentemente, devem ser analisadas com aten\u00e7\u00e3o.<\/span><\/p>\n<h1><b>Exemplos de metas abusivas<\/b><\/h1>\n<p><span style=\"font-weight: 400;\">Na pr\u00e1tica, as <\/span><b>metas abusivas no trabalho<\/b><span style=\"font-weight: 400;\"> podem se manifestar de diversas formas.<\/span><\/p>\n<p><span style=\"font-weight: 400;\">Por exemplo:<\/span><\/p>\n<ul>\n<li style=\"font-weight: 400;\" aria-level=\"1\"><span style=\"font-weight: 400;\">metas inalcan\u00e7\u00e1veis<\/span><\/li>\n<li style=\"font-weight: 400;\" aria-level=\"1\"><span style=\"font-weight: 400;\">aumento constante de exig\u00eancias<\/span><\/li>\n<li style=\"font-weight: 400;\" aria-level=\"1\"><span style=\"font-weight: 400;\">compara\u00e7\u00e3o exagerada entre funcion\u00e1rios<\/span><\/li>\n<li style=\"font-weight: 400;\" aria-level=\"1\"><span style=\"font-weight: 400;\">exposi\u00e7\u00e3o de resultados<\/span><\/li>\n<li style=\"font-weight: 400;\" aria-level=\"1\"><span style=\"font-weight: 400;\">puni\u00e7\u00f5es por n\u00e3o atingir metas<\/span><\/li>\n<\/ul>\n<p><span style=\"font-weight: 400;\">Al\u00e9m disso, muitas empresas utilizam rankings internos para pressionar os trabalhadores. Como resultado, o ambiente se torna extremamente competitivo.<\/span><\/p>\n<p><span style=\"font-weight: 400;\">Consequentemente, isso gera desgaste emocional significativo.<\/span><\/p>\n<h1><b>Metas abusivas e press\u00e3o psicol\u00f3gica<\/b><\/h1>\n<p><span style=\"font-weight: 400;\">As <\/span><b>metas abusivas no trabalho<\/b><span style=\"font-weight: 400;\"> est\u00e3o diretamente ligadas \u00e0 press\u00e3o psicol\u00f3gica.<\/span><\/p>\n<p><span style=\"font-weight: 400;\">Ou seja, quanto mais irreal a meta, maior a press\u00e3o exercida.<\/span><\/p>\n<p><span style=\"font-weight: 400;\">Al\u00e9m disso, essa press\u00e3o constante pode gerar ansiedade e esgotamento. Com o tempo, isso pode evoluir para problemas mais graves.<\/span><\/p>\n<p><span style=\"font-weight: 400;\">Consequentemente, o trabalhador pode desenvolver doen\u00e7as relacionadas ao estresse.<\/span><\/p>\n<h1><b>Metas abusivas podem gerar dano moral?<\/b><\/h1>\n<p><span style=\"font-weight: 400;\">Sim, podem.<\/span><\/p>\n<p><span style=\"font-weight: 400;\">Quando as <\/span><b>metas abusivas no trabalho<\/b><span style=\"font-weight: 400;\"> causam sofrimento psicol\u00f3gico, pode haver dano moral.<\/span><\/p>\n<p><span style=\"font-weight: 400;\">Al\u00e9m disso, se houver humilha\u00e7\u00e3o ou exposi\u00e7\u00e3o, a situa\u00e7\u00e3o se torna ainda mais grave.<\/span><\/p>\n<p><span style=\"font-weight: 400;\">Ou seja, n\u00e3o \u00e9 apenas a meta que importa, mas tamb\u00e9m a forma como ela \u00e9 cobrada.<\/span><\/p>\n<h1><b>Quando o trabalhador pode se recusar a cumprir metas<\/b><\/h1>\n<p><span style=\"font-weight: 400;\">Essa \u00e9 uma d\u00favida comum.<\/span><\/p>\n<p><span style=\"font-weight: 400;\">De modo geral, o trabalhador deve cumprir suas fun\u00e7\u00f5es. No entanto, existem limites.<\/span><\/p>\n<p><span style=\"font-weight: 400;\">Quando existem <\/span><b>metas abusivas no trabalho<\/b><span style=\"font-weight: 400;\">, a situa\u00e7\u00e3o muda. Ou seja, quando a exig\u00eancia compromete a sa\u00fade ou a dignidade, pode haver questionamento.<\/span><\/p>\n<h1><b>Como provar metas abusivas no trabalho<\/b><\/h1>\n<p><span style=\"font-weight: 400;\">Provar as <\/span><b>metas abusivas no trabalho<\/b><span style=\"font-weight: 400;\"> pode parecer dif\u00edcil. No entanto, \u00e9 totalmente poss\u00edvel.<\/span><\/p>\n<p><span style=\"font-weight: 400;\">Primeiramente, \u00e9 importante reunir provas:<\/span><\/p>\n<ul>\n<li style=\"font-weight: 400;\" aria-level=\"1\"><span style=\"font-weight: 400;\">mensagens<\/span><\/li>\n<li style=\"font-weight: 400;\" aria-level=\"1\"><span style=\"font-weight: 400;\">e-mails<\/span><\/li>\n<li style=\"font-weight: 400;\" aria-level=\"1\"><span style=\"font-weight: 400;\">metas registradas<\/span><\/li>\n<li style=\"font-weight: 400;\" aria-level=\"1\"><span style=\"font-weight: 400;\">relat\u00f3rios<\/span><\/li>\n<li style=\"font-weight: 400;\" aria-level=\"1\"><span style=\"font-weight: 400;\">testemunhas<\/span><\/li>\n<\/ul>\n<p><span style=\"font-weight: 400;\">Al\u00e9m disso, documentos internos da empresa podem ser utilizados. Dessa forma, o trabalhador fortalece sua argumenta\u00e7\u00e3o.<\/span><\/p>\n<h1><b>Quais provas s\u00e3o aceitas na Justi\u00e7a<\/b><\/h1>\n<p><span style=\"font-weight: 400;\">Atualmente, a Justi\u00e7a aceita diversos tipos de prova.<\/span><\/p>\n<p><span style=\"font-weight: 400;\">Entre eles:<\/span><\/p>\n<ul>\n<li style=\"font-weight: 400;\" aria-level=\"1\"><span style=\"font-weight: 400;\">documentos<\/span><\/li>\n<li style=\"font-weight: 400;\" aria-level=\"1\"><span style=\"font-weight: 400;\">depoimentos<\/span><\/li>\n<li style=\"font-weight: 400;\" aria-level=\"1\"><span style=\"font-weight: 400;\">registros digitais<\/span><\/li>\n<li style=\"font-weight: 400;\" aria-level=\"1\"><span style=\"font-weight: 400;\">grava\u00e7\u00f5es<\/span><\/li>\n<\/ul>\n<p><span style=\"font-weight: 400;\">Al\u00e9m disso, provas eletr\u00f4nicas t\u00eam grande relev\u00e2ncia. Portanto, \u00e9 importante guardar tudo.<\/span><\/p>\n<h1><b>Direitos do trabalhador<\/b><\/h1>\n<p><span style=\"font-weight: 400;\">Quando as <\/span><b>metas abusivas no trabalho<\/b><span style=\"font-weight: 400;\"> s\u00e3o comprovadas, o trabalhador pode ter diversos direitos.<\/span><\/p>\n<p><span style=\"font-weight: 400;\">Entre eles:<\/span><\/p>\n<ul>\n<li style=\"font-weight: 400;\" aria-level=\"1\"><span style=\"font-weight: 400;\">indeniza\u00e7\u00e3o<\/span><\/li>\n<li style=\"font-weight: 400;\" aria-level=\"1\"><span style=\"font-weight: 400;\">rescis\u00e3o indireta<\/span><\/li>\n<li style=\"font-weight: 400;\" aria-level=\"1\"><span style=\"font-weight: 400;\">afastamento<\/span><\/li>\n<li style=\"font-weight: 400;\" aria-level=\"1\"><span style=\"font-weight: 400;\">estabilidade<\/span><\/li>\n<\/ul>\n<p><span style=\"font-weight: 400;\">Portanto, cada caso deve ser analisado individualmente. Ainda assim, os direitos existem.<\/span><\/p>\n<h1><b>Indeniza\u00e7\u00e3o por metas abusivas<\/b><\/h1>\n<p><span style=\"font-weight: 400;\">A indeniza\u00e7\u00e3o por <\/span><b>metas abusivas no trabalho<\/b><span style=\"font-weight: 400;\"> depende de v\u00e1rios fatores.<\/span><\/p>\n<p><span style=\"font-weight: 400;\">Por exemplo:<\/span><\/p>\n<ul>\n<li style=\"font-weight: 400;\" aria-level=\"1\"><span style=\"font-weight: 400;\">intensidade da cobran\u00e7a<\/span><\/li>\n<li style=\"font-weight: 400;\" aria-level=\"1\"><span style=\"font-weight: 400;\">dura\u00e7\u00e3o da situa\u00e7\u00e3o<\/span><\/li>\n<li style=\"font-weight: 400;\" aria-level=\"1\"><span style=\"font-weight: 400;\">impacto na sa\u00fade<\/span><\/li>\n<\/ul>\n<p><span style=\"font-weight: 400;\">Al\u00e9m disso, quanto maior o dano, maior pode ser a indeniza\u00e7\u00e3o. Assim, cada situa\u00e7\u00e3o deve ser avaliada.<\/span><\/p>\n<h1><b>O que fazer ao sofrer cobran\u00e7a abusiva<\/b><\/h1>\n<p><span style=\"font-weight: 400;\">Se voc\u00ea est\u00e1 enfrentando <\/span><b>metas abusivas no trabalho<\/b><span style=\"font-weight: 400;\">, \u00e9 importante agir.<\/span><\/p>\n<p><span style=\"font-weight: 400;\">Primeiramente, registre tudo.<\/span><\/p>\n<p><span style=\"font-weight: 400;\">Al\u00e9m disso, procure apoio psicol\u00f3gico.<\/span><\/p>\n<p><span style=\"font-weight: 400;\">E, se necess\u00e1rio, busque orienta\u00e7\u00e3o jur\u00eddica. Dessa forma, voc\u00ea poder\u00e1 se proteger.<\/span><\/p>\n<h1><b>Quando procurar um advogado<\/b><\/h1>\n<p><span style=\"font-weight: 400;\">Se as <\/span><b>metas abusivas no trabalho<\/b><span style=\"font-weight: 400;\"> estiverem afetando sua sa\u00fade, procurar um advogado \u00e9 essencial.<\/span><\/p>\n<p><span style=\"font-weight: 400;\">Assim, voc\u00ea poder\u00e1 entender seus direitos e agir corretamente.<\/span><\/p>\n<h1><b>Conclus\u00e3o<\/b><\/h1>\n<p><span style=\"font-weight: 400;\">As <\/span><b>metas abusivas no trabalho<\/b><span style=\"font-weight: 400;\"> s\u00e3o mais comuns do que parecem.<\/span><\/p>\n<p><span style=\"font-weight: 400;\">No entanto, isso n\u00e3o significa que devem ser aceitas. Pelo contr\u00e1rio, existem limites legais.<\/span><\/p>\n<p><span style=\"font-weight: 400;\">Portanto, conhecer seus direitos \u00e9 fundamental. Al\u00e9m disso, agir no momento certo pode evitar danos maiores.<\/span><\/p>\n<h1><b>Perguntas Frequentes<\/b><\/h1>\n<h3><b>Metas abusivas no trabalho s\u00e3o ilegais?<\/b><\/h3>\n<p><span style=\"font-weight: 400;\">Sim. Quando excessivas, as <\/span><b>metas abusivas no trabalho<\/b><span style=\"font-weight: 400;\"> podem ser consideradas ilegais.<\/span><\/p>\n<h3><b>Posso processar a empresa?<\/b><\/h3>\n<p><span style=\"font-weight: 400;\">Sim, desde que haja prova das <\/span><b>metas abusivas no trabalho<\/b><span style=\"font-weight: 400;\">.<\/span><\/p>\n<h3><b>Toda meta dif\u00edcil \u00e9 abusiva?<\/b><\/h3>\n<p><span style=\"font-weight: 400;\">N\u00e3o. Apenas quando \u00e9 imposs\u00edvel ou desproporcional.<\/span><\/p>\n<h3><b>Preciso de provas?<\/b><\/h3>\n<p><span style=\"font-weight: 400;\">Sim. As provas s\u00e3o fundamentais.<\/span><\/p>\n<h3><b>Vale a pena processar?<\/b><\/h3>\n<p><span style=\"font-weight: 400;\">Depende do caso. No entanto, pode ser necess\u00e1rio.<\/span><\/p>\n<p><b>\u00a0<\/b><span style=\"font-weight: 400;\">Leia tamb\u00e9m<\/span><\/p>\n<ul>\n<li style=\"font-weight: 400;\" aria-level=\"1\"><a href=\"https:\/\/carvalhoadvogado.aliamkt.com\/index.php\/2026\/01\/02\/rescisao-indireta-ameacas-humilhacoes-exposicao-ridiculo\/\"><span style=\"font-weight: 400;\">Rescis\u00e3o Indireta por Amea\u00e7as, Humilha\u00e7\u00f5es e Exposi\u00e7\u00e3o ao Rid\u00edculo no Trabalho: Saiba Como Sair Sem Perder Seus Direitos<\/span><\/a><\/li>\n<\/ul>\n<p><b>Fale com o Dr. Pedro Carvalho!<\/b><\/p>\n<p><b>Clique no bot\u00e3o abaixo e obtenha a orienta\u00e7\u00e3o jur\u00eddica que voc\u00ea precisa para resolver suas quest\u00f5es com seguran\u00e7a e confian\u00e7a.\u00a0<\/b><\/p>\n<p><a href=\"https:\/\/wa.me\/5531975283687\"><b>Fale comigo agora mesmo<\/b><\/a><\/p>\n<p><b>Siga-nos na rede social, @pedroncarvalhoadv, e fique por dentro das \u00faltimas novidades!<\/b><\/p>\n","protected":false},"excerpt":{"rendered":"<p>Atualmente, a cobran\u00e7a por resultados est\u00e1 presente em praticamente todas as empresas. No entanto, quando essa cobran\u00e7a ultrapassa determinados limites, surge um problema s\u00e9rio: as metas abusivas no trabalho. Al\u00e9m disso, muitos trabalhadores convivem diariamente com objetivos extremamente elevados. Ou seja, metas que, na pr\u00e1tica, parecem imposs\u00edveis de alcan\u00e7ar. Consequentemente, isso gera frustra\u00e7\u00e3o constante, ansiedade [&hellip;]<\/p>\n","protected":false},"author":1,"featured_media":1743,"comment_status":"open","ping_status":"open","sticky":false,"template":"","format":"standard","meta":{"_joinchat":[],"footnotes":""},"categories":[6],"tags":[],"class_list":["post-1742","post","type-post","status-publish","format-standard","has-post-thumbnail","hentry","category-direito-trabalhista"],"yoast_head":"<!-- This site is optimized with the Yoast SEO plugin v27.5 - https:\/\/yoast.com\/product\/yoast-seo-wordpress\/ -->\n<title>Metas Abusivas no Trabalho: Quando S\u00e3o Ilegais<\/title>\n<meta name=\"description\" content=\"Saiba quando metas abusivas no trabalho s\u00e3o ilegais, quais s\u00e3o seus direitos e Entenda quando \u00e9 poss\u00edvel processar a empresa.\" \/>\n<meta name=\"robots\" content=\"index, follow, max-snippet:-1, max-image-preview:large, max-video-preview:-1\" \/>\n<link rel=\"canonical\" href=\"https:\/\/carvalhoadvogado.aliamkt.com\/index.php\/2026\/05\/01\/metas-abusivas-no-trabalho-direitos\/\" \/>\n<meta property=\"og:locale\" content=\"pt_BR\" \/>\n<meta property=\"og:type\" content=\"article\" \/>\n<meta property=\"og:title\" content=\"Metas Abusivas no Trabalho: Quando S\u00e3o Ilegais\" \/>\n<meta property=\"og:description\" content=\"Saiba quando metas abusivas no trabalho s\u00e3o ilegais, quais s\u00e3o seus direitos e Entenda quando \u00e9 poss\u00edvel processar a empresa.\" \/>\n<meta property=\"og:url\" content=\"https:\/\/carvalhoadvogado.aliamkt.com\/index.php\/2026\/05\/01\/metas-abusivas-no-trabalho-direitos\/\" \/>\n<meta property=\"og:site_name\" content=\"Pedro Carvalho Advogado Trabalhista\" \/>\n<meta property=\"article:published_time\" content=\"2026-05-01T14:24:37+00:00\" \/>\n<meta property=\"og:image\" content=\"https:\/\/carvalhoadvogado.aliamkt.com\/wp-content\/uploads\/2026\/05\/advocacia-trabalhista-em-contagem.jpg\" \/>\n\t<meta property=\"og:image:width\" content=\"558\" \/>\n\t<meta property=\"og:image:height\" content=\"384\" \/>\n\t<meta property=\"og:image:type\" content=\"image\/jpeg\" \/>\n<meta name=\"author\" content=\"lailacarvalhoadv\" \/>\n<meta name=\"twitter:card\" content=\"summary_large_image\" \/>\n<meta name=\"twitter:label1\" content=\"Escrito por\" \/>\n\t<meta name=\"twitter:data1\" content=\"lailacarvalhoadv\" \/>\n\t<meta name=\"twitter:label2\" content=\"Est. tempo de leitura\" \/>\n\t<meta name=\"twitter:data2\" content=\"6 minutos\" \/>\n<script type=\"application\/ld+json\" class=\"yoast-schema-graph\">{\"@context\":\"https:\\\/\\\/schema.org\",\"@graph\":[{\"@type\":\"Article\",\"@id\":\"https:\\\/\\\/carvalhoadvogado.aliamkt.com\\\/index.php\\\/2026\\\/05\\\/01\\\/metas-abusivas-no-trabalho-direitos\\\/#article\",\"isPartOf\":{\"@id\":\"https:\\\/\\\/carvalhoadvogado.aliamkt.com\\\/index.php\\\/2026\\\/05\\\/01\\\/metas-abusivas-no-trabalho-direitos\\\/\"},\"author\":{\"name\":\"lailacarvalhoadv\",\"@id\":\"https:\\\/\\\/carvalhoadvogado.aliamkt.com\\\/#\\\/schema\\\/person\\\/8f4d67ba57d6160ee802836a319bd8eb\"},\"headline\":\"Metas Abusivas no Trabalho: Quando S\u00e3o Ilegais e Como o Trabalhador Pode Reagir\",\"datePublished\":\"2026-05-01T14:24:37+00:00\",\"mainEntityOfPage\":{\"@id\":\"https:\\\/\\\/carvalhoadvogado.aliamkt.com\\\/index.php\\\/2026\\\/05\\\/01\\\/metas-abusivas-no-trabalho-direitos\\\/\"},\"wordCount\":1102,\"commentCount\":0,\"publisher\":{\"@id\":\"https:\\\/\\\/carvalhoadvogado.aliamkt.com\\\/#organization\"},\"image\":{\"@id\":\"https:\\\/\\\/carvalhoadvogado.aliamkt.com\\\/index.php\\\/2026\\\/05\\\/01\\\/metas-abusivas-no-trabalho-direitos\\\/#primaryimage\"},\"thumbnailUrl\":\"https:\\\/\\\/carvalhoadvogado.aliamkt.com\\\/wp-content\\\/uploads\\\/2026\\\/05\\\/advocacia-trabalhista-em-contagem.jpg\",\"articleSection\":[\"Direito Trabalhista\"],\"inLanguage\":\"pt-BR\",\"potentialAction\":[{\"@type\":\"CommentAction\",\"name\":\"Comment\",\"target\":[\"https:\\\/\\\/carvalhoadvogado.aliamkt.com\\\/index.php\\\/2026\\\/05\\\/01\\\/metas-abusivas-no-trabalho-direitos\\\/#respond\"]}]},{\"@type\":\"WebPage\",\"@id\":\"https:\\\/\\\/carvalhoadvogado.aliamkt.com\\\/index.php\\\/2026\\\/05\\\/01\\\/metas-abusivas-no-trabalho-direitos\\\/\",\"url\":\"https:\\\/\\\/carvalhoadvogado.aliamkt.com\\\/index.php\\\/2026\\\/05\\\/01\\\/metas-abusivas-no-trabalho-direitos\\\/\",\"name\":\"Metas Abusivas no Trabalho: Quando S\u00e3o Ilegais\",\"isPartOf\":{\"@id\":\"https:\\\/\\\/carvalhoadvogado.aliamkt.com\\\/#website\"},\"primaryImageOfPage\":{\"@id\":\"https:\\\/\\\/carvalhoadvogado.aliamkt.com\\\/index.php\\\/2026\\\/05\\\/01\\\/metas-abusivas-no-trabalho-direitos\\\/#primaryimage\"},\"image\":{\"@id\":\"https:\\\/\\\/carvalhoadvogado.aliamkt.com\\\/index.php\\\/2026\\\/05\\\/01\\\/metas-abusivas-no-trabalho-direitos\\\/#primaryimage\"},\"thumbnailUrl\":\"https:\\\/\\\/carvalhoadvogado.aliamkt.com\\\/wp-content\\\/uploads\\\/2026\\\/05\\\/advocacia-trabalhista-em-contagem.jpg\",\"datePublished\":\"2026-05-01T14:24:37+00:00\",\"description\":\"Saiba quando metas abusivas no trabalho s\u00e3o ilegais, quais s\u00e3o seus direitos e Entenda quando \u00e9 poss\u00edvel processar a empresa.\",\"breadcrumb\":{\"@id\":\"https:\\\/\\\/carvalhoadvogado.aliamkt.com\\\/index.php\\\/2026\\\/05\\\/01\\\/metas-abusivas-no-trabalho-direitos\\\/#breadcrumb\"},\"inLanguage\":\"pt-BR\",\"potentialAction\":[{\"@type\":\"ReadAction\",\"target\":[\"https:\\\/\\\/carvalhoadvogado.aliamkt.com\\\/index.php\\\/2026\\\/05\\\/01\\\/metas-abusivas-no-trabalho-direitos\\\/\"]}]},{\"@type\":\"ImageObject\",\"inLanguage\":\"pt-BR\",\"@id\":\"https:\\\/\\\/carvalhoadvogado.aliamkt.com\\\/index.php\\\/2026\\\/05\\\/01\\\/metas-abusivas-no-trabalho-direitos\\\/#primaryimage\",\"url\":\"https:\\\/\\\/carvalhoadvogado.aliamkt.com\\\/wp-content\\\/uploads\\\/2026\\\/05\\\/advocacia-trabalhista-em-contagem.jpg\",\"contentUrl\":\"https:\\\/\\\/carvalhoadvogado.aliamkt.com\\\/wp-content\\\/uploads\\\/2026\\\/05\\\/advocacia-trabalhista-em-contagem.jpg\",\"width\":558,\"height\":384},{\"@type\":\"BreadcrumbList\",\"@id\":\"https:\\\/\\\/carvalhoadvogado.aliamkt.com\\\/index.php\\\/2026\\\/05\\\/01\\\/metas-abusivas-no-trabalho-direitos\\\/#breadcrumb\",\"itemListElement\":[{\"@type\":\"ListItem\",\"position\":1,\"name\":\"In\u00edcio\",\"item\":\"https:\\\/\\\/carvalhoadvogado.aliamkt.com\\\/\"},{\"@type\":\"ListItem\",\"position\":2,\"name\":\"Metas Abusivas no Trabalho: Quando S\u00e3o Ilegais e Como o Trabalhador Pode Reagir\"}]},{\"@type\":\"WebSite\",\"@id\":\"https:\\\/\\\/carvalhoadvogado.aliamkt.com\\\/#website\",\"url\":\"https:\\\/\\\/carvalhoadvogado.aliamkt.com\\\/\",\"name\":\"Pedro Carvalho Advogado\",\"description\":\"Advogado Trabalhista\",\"publisher\":{\"@id\":\"https:\\\/\\\/carvalhoadvogado.aliamkt.com\\\/#organization\"},\"potentialAction\":[{\"@type\":\"SearchAction\",\"target\":{\"@type\":\"EntryPoint\",\"urlTemplate\":\"https:\\\/\\\/carvalhoadvogado.aliamkt.com\\\/?s={search_term_string}\"},\"query-input\":{\"@type\":\"PropertyValueSpecification\",\"valueRequired\":true,\"valueName\":\"search_term_string\"}}],\"inLanguage\":\"pt-BR\"},{\"@type\":\"Organization\",\"@id\":\"https:\\\/\\\/carvalhoadvogado.aliamkt.com\\\/#organization\",\"name\":\"Pedro Carvalho Advogado\",\"url\":\"https:\\\/\\\/carvalhoadvogado.aliamkt.com\\\/\",\"logo\":{\"@type\":\"ImageObject\",\"inLanguage\":\"pt-BR\",\"@id\":\"https:\\\/\\\/carvalhoadvogado.aliamkt.com\\\/#\\\/schema\\\/logo\\\/image\\\/\",\"url\":\"https:\\\/\\\/carvalhoadvogado.aliamkt.com\\\/wp-content\\\/uploads\\\/2024\\\/06\\\/Logo-azul.png\",\"contentUrl\":\"https:\\\/\\\/carvalhoadvogado.aliamkt.com\\\/wp-content\\\/uploads\\\/2024\\\/06\\\/Logo-azul.png\",\"width\":500,\"height\":500,\"caption\":\"Pedro Carvalho Advogado\"},\"image\":{\"@id\":\"https:\\\/\\\/carvalhoadvogado.aliamkt.com\\\/#\\\/schema\\\/logo\\\/image\\\/\"}},{\"@type\":\"Person\",\"@id\":\"https:\\\/\\\/carvalhoadvogado.aliamkt.com\\\/#\\\/schema\\\/person\\\/8f4d67ba57d6160ee802836a319bd8eb\",\"name\":\"lailacarvalhoadv\",\"image\":{\"@type\":\"ImageObject\",\"inLanguage\":\"pt-BR\",\"@id\":\"https:\\\/\\\/secure.gravatar.com\\\/avatar\\\/a60961139a792fb5ca701fab485f653a1b3cc37cf8dbd4937b4134105caf5369?s=96&d=mm&r=g\",\"url\":\"https:\\\/\\\/secure.gravatar.com\\\/avatar\\\/a60961139a792fb5ca701fab485f653a1b3cc37cf8dbd4937b4134105caf5369?s=96&d=mm&r=g\",\"contentUrl\":\"https:\\\/\\\/secure.gravatar.com\\\/avatar\\\/a60961139a792fb5ca701fab485f653a1b3cc37cf8dbd4937b4134105caf5369?s=96&d=mm&r=g\",\"caption\":\"lailacarvalhoadv\"},\"sameAs\":[\"https:\\\/\\\/carvalhoadvogado.aliamkt.com\"],\"url\":\"https:\\\/\\\/carvalhoadvogado.aliamkt.com\\\/index.php\\\/author\\\/lailacarvalhoadv\\\/\"}]}<\/script>\n<!-- \/ Yoast SEO plugin. -->","yoast_head_json":{"title":"Metas Abusivas no Trabalho: Quando S\u00e3o Ilegais","description":"Saiba quando metas abusivas no trabalho s\u00e3o ilegais, quais s\u00e3o seus direitos e Entenda quando \u00e9 poss\u00edvel processar a empresa.","robots":{"index":"index","follow":"follow","max-snippet":"max-snippet:-1","max-image-preview":"max-image-preview:large","max-video-preview":"max-video-preview:-1"},"canonical":"https:\/\/carvalhoadvogado.aliamkt.com\/index.php\/2026\/05\/01\/metas-abusivas-no-trabalho-direitos\/","og_locale":"pt_BR","og_type":"article","og_title":"Metas Abusivas no Trabalho: Quando S\u00e3o Ilegais","og_description":"Saiba quando metas abusivas no trabalho s\u00e3o ilegais, quais s\u00e3o seus direitos e Entenda quando \u00e9 poss\u00edvel processar a empresa.","og_url":"https:\/\/carvalhoadvogado.aliamkt.com\/index.php\/2026\/05\/01\/metas-abusivas-no-trabalho-direitos\/","og_site_name":"Pedro Carvalho Advogado Trabalhista","article_published_time":"2026-05-01T14:24:37+00:00","og_image":[{"width":558,"height":384,"url":"https:\/\/carvalhoadvogado.aliamkt.com\/wp-content\/uploads\/2026\/05\/advocacia-trabalhista-em-contagem.jpg","type":"image\/jpeg"}],"author":"lailacarvalhoadv","twitter_card":"summary_large_image","twitter_misc":{"Escrito por":"lailacarvalhoadv","Est. tempo de leitura":"6 minutos"},"schema":{"@context":"https:\/\/schema.org","@graph":[{"@type":"Article","@id":"https:\/\/carvalhoadvogado.aliamkt.com\/index.php\/2026\/05\/01\/metas-abusivas-no-trabalho-direitos\/#article","isPartOf":{"@id":"https:\/\/carvalhoadvogado.aliamkt.com\/index.php\/2026\/05\/01\/metas-abusivas-no-trabalho-direitos\/"},"author":{"name":"lailacarvalhoadv","@id":"https:\/\/carvalhoadvogado.aliamkt.com\/#\/schema\/person\/8f4d67ba57d6160ee802836a319bd8eb"},"headline":"Metas Abusivas no Trabalho: Quando S\u00e3o Ilegais e Como o Trabalhador Pode Reagir","datePublished":"2026-05-01T14:24:37+00:00","mainEntityOfPage":{"@id":"https:\/\/carvalhoadvogado.aliamkt.com\/index.php\/2026\/05\/01\/metas-abusivas-no-trabalho-direitos\/"},"wordCount":1102,"commentCount":0,"publisher":{"@id":"https:\/\/carvalhoadvogado.aliamkt.com\/#organization"},"image":{"@id":"https:\/\/carvalhoadvogado.aliamkt.com\/index.php\/2026\/05\/01\/metas-abusivas-no-trabalho-direitos\/#primaryimage"},"thumbnailUrl":"https:\/\/carvalhoadvogado.aliamkt.com\/wp-content\/uploads\/2026\/05\/advocacia-trabalhista-em-contagem.jpg","articleSection":["Direito Trabalhista"],"inLanguage":"pt-BR","potentialAction":[{"@type":"CommentAction","name":"Comment","target":["https:\/\/carvalhoadvogado.aliamkt.com\/index.php\/2026\/05\/01\/metas-abusivas-no-trabalho-direitos\/#respond"]}]},{"@type":"WebPage","@id":"https:\/\/carvalhoadvogado.aliamkt.com\/index.php\/2026\/05\/01\/metas-abusivas-no-trabalho-direitos\/","url":"https:\/\/carvalhoadvogado.aliamkt.com\/index.php\/2026\/05\/01\/metas-abusivas-no-trabalho-direitos\/","name":"Metas Abusivas no Trabalho: Quando S\u00e3o Ilegais","isPartOf":{"@id":"https:\/\/carvalhoadvogado.aliamkt.com\/#website"},"primaryImageOfPage":{"@id":"https:\/\/carvalhoadvogado.aliamkt.com\/index.php\/2026\/05\/01\/metas-abusivas-no-trabalho-direitos\/#primaryimage"},"image":{"@id":"https:\/\/carvalhoadvogado.aliamkt.com\/index.php\/2026\/05\/01\/metas-abusivas-no-trabalho-direitos\/#primaryimage"},"thumbnailUrl":"https:\/\/carvalhoadvogado.aliamkt.com\/wp-content\/uploads\/2026\/05\/advocacia-trabalhista-em-contagem.jpg","datePublished":"2026-05-01T14:24:37+00:00","description":"Saiba quando metas abusivas no trabalho s\u00e3o ilegais, quais s\u00e3o seus direitos e Entenda quando \u00e9 poss\u00edvel processar a empresa.","breadcrumb":{"@id":"https:\/\/carvalhoadvogado.aliamkt.com\/index.php\/2026\/05\/01\/metas-abusivas-no-trabalho-direitos\/#breadcrumb"},"inLanguage":"pt-BR","potentialAction":[{"@type":"ReadAction","target":["https:\/\/carvalhoadvogado.aliamkt.com\/index.php\/2026\/05\/01\/metas-abusivas-no-trabalho-direitos\/"]}]},{"@type":"ImageObject","inLanguage":"pt-BR","@id":"https:\/\/carvalhoadvogado.aliamkt.com\/index.php\/2026\/05\/01\/metas-abusivas-no-trabalho-direitos\/#primaryimage","url":"https:\/\/carvalhoadvogado.aliamkt.com\/wp-content\/uploads\/2026\/05\/advocacia-trabalhista-em-contagem.jpg","contentUrl":"https:\/\/carvalhoadvogado.aliamkt.com\/wp-content\/uploads\/2026\/05\/advocacia-trabalhista-em-contagem.jpg","width":558,"height":384},{"@type":"BreadcrumbList","@id":"https:\/\/carvalhoadvogado.aliamkt.com\/index.php\/2026\/05\/01\/metas-abusivas-no-trabalho-direitos\/#breadcrumb","itemListElement":[{"@type":"ListItem","position":1,"name":"In\u00edcio","item":"https:\/\/carvalhoadvogado.aliamkt.com\/"},{"@type":"ListItem","position":2,"name":"Metas Abusivas no Trabalho: Quando S\u00e3o Ilegais e Como o Trabalhador Pode Reagir"}]},{"@type":"WebSite","@id":"https:\/\/carvalhoadvogado.aliamkt.com\/#website","url":"https:\/\/carvalhoadvogado.aliamkt.com\/","name":"Pedro Carvalho Advogado","description":"Advogado Trabalhista","publisher":{"@id":"https:\/\/carvalhoadvogado.aliamkt.com\/#organization"},"potentialAction":[{"@type":"SearchAction","target":{"@type":"EntryPoint","urlTemplate":"https:\/\/carvalhoadvogado.aliamkt.com\/?s={search_term_string}"},"query-input":{"@type":"PropertyValueSpecification","valueRequired":true,"valueName":"search_term_string"}}],"inLanguage":"pt-BR"},{"@type":"Organization","@id":"https:\/\/carvalhoadvogado.aliamkt.com\/#organization","name":"Pedro Carvalho Advogado","url":"https:\/\/carvalhoadvogado.aliamkt.com\/","logo":{"@type":"ImageObject","inLanguage":"pt-BR","@id":"https:\/\/carvalhoadvogado.aliamkt.com\/#\/schema\/logo\/image\/","url":"https:\/\/carvalhoadvogado.aliamkt.com\/wp-content\/uploads\/2024\/06\/Logo-azul.png","contentUrl":"https:\/\/carvalhoadvogado.aliamkt.com\/wp-content\/uploads\/2024\/06\/Logo-azul.png","width":500,"height":500,"caption":"Pedro Carvalho Advogado"},"image":{"@id":"https:\/\/carvalhoadvogado.aliamkt.com\/#\/schema\/logo\/image\/"}},{"@type":"Person","@id":"https:\/\/carvalhoadvogado.aliamkt.com\/#\/schema\/person\/8f4d67ba57d6160ee802836a319bd8eb","name":"lailacarvalhoadv","image":{"@type":"ImageObject","inLanguage":"pt-BR","@id":"https:\/\/secure.gravatar.com\/avatar\/a60961139a792fb5ca701fab485f653a1b3cc37cf8dbd4937b4134105caf5369?s=96&d=mm&r=g","url":"https:\/\/secure.gravatar.com\/avatar\/a60961139a792fb5ca701fab485f653a1b3cc37cf8dbd4937b4134105caf5369?s=96&d=mm&r=g","contentUrl":"https:\/\/secure.gravatar.com\/avatar\/a60961139a792fb5ca701fab485f653a1b3cc37cf8dbd4937b4134105caf5369?s=96&d=mm&r=g","caption":"lailacarvalhoadv"},"sameAs":["https:\/\/carvalhoadvogado.aliamkt.com"],"url":"https:\/\/carvalhoadvogado.aliamkt.com\/index.php\/author\/lailacarvalhoadv\/"}]}},"_links":{"self":[{"href":"https:\/\/carvalhoadvogado.aliamkt.com\/index.php\/wp-json\/wp\/v2\/posts\/1742","targetHints":{"allow":["GET"]}}],"collection":[{"href":"https:\/\/carvalhoadvogado.aliamkt.com\/index.php\/wp-json\/wp\/v2\/posts"}],"about":[{"href":"https:\/\/carvalhoadvogado.aliamkt.com\/index.php\/wp-json\/wp\/v2\/types\/post"}],"author":[{"embeddable":true,"href":"https:\/\/carvalhoadvogado.aliamkt.com\/index.php\/wp-json\/wp\/v2\/users\/1"}],"replies":[{"embeddable":true,"href":"https:\/\/carvalhoadvogado.aliamkt.com\/index.php\/wp-json\/wp\/v2\/comments?post=1742"}],"version-history":[{"count":1,"href":"https:\/\/carvalhoadvogado.aliamkt.com\/index.php\/wp-json\/wp\/v2\/posts\/1742\/revisions"}],"predecessor-version":[{"id":1744,"href":"https:\/\/carvalhoadvogado.aliamkt.com\/index.php\/wp-json\/wp\/v2\/posts\/1742\/revisions\/1744"}],"wp:featuredmedia":[{"embeddable":true,"href":"https:\/\/carvalhoadvogado.aliamkt.com\/index.php\/wp-json\/wp\/v2\/media\/1743"}],"wp:attachment":[{"href":"https:\/\/carvalhoadvogado.aliamkt.com\/index.php\/wp-json\/wp\/v2\/media?parent=1742"}],"wp:term":[{"taxonomy":"category","embeddable":true,"href":"https:\/\/carvalhoadvogado.aliamkt.com\/index.php\/wp-json\/wp\/v2\/categories?post=1742"},{"taxonomy":"post_tag","embeddable":true,"href":"https:\/\/carvalhoadvogado.aliamkt.com\/index.php\/wp-json\/wp\/v2\/tags?post=1742"}],"curies":[{"name":"wp","href":"https:\/\/api.w.org\/{rel}","templated":true}]}}