{"id":1924,"date":"2026-08-31T14:20:43","date_gmt":"2026-08-31T17:20:43","guid":{"rendered":"https:\/\/carvalhoadvogado.aliamkt.com\/?p=1924"},"modified":"2026-08-31T14:20:43","modified_gmt":"2026-08-31T17:20:43","slug":"trabalhar-exclusivamente-para-uma-empresa-como-pj","status":"publish","type":"post","link":"https:\/\/carvalhoadvogado.aliamkt.com\/index.php\/2026\/08\/31\/trabalhar-exclusivamente-para-uma-empresa-como-pj\/","title":{"rendered":"Trabalho Exclusivamente para Uma Empresa Sendo PJ: Isso Gera V\u00ednculo Empregat\u00edcio?"},"content":{"rendered":"<p><span style=\"font-weight: 400;\">Voc\u00ea abriu um CNPJ, assinou um contrato de presta\u00e7\u00e3o de servi\u00e7os e come\u00e7ou a trabalhar para uma empresa. No entanto, existe um detalhe que chama aten\u00e7\u00e3o: voc\u00ea presta servi\u00e7os praticamente ou exclusivamente para esse \u00fanico contratante.<\/span><\/p>\n<p><span style=\"font-weight: 400;\">Al\u00e9m disso, a empresa determina seus hor\u00e1rios, cobra metas, exige reuni\u00f5es, acompanha seu desempenho e espera que voc\u00ea esteja dispon\u00edvel durante todo o expediente.<\/span><\/p>\n<p><span style=\"font-weight: 400;\">Nesse cen\u00e1rio, \u00e9 natural surgir uma d\u00favida: <\/span><b>trabalhar exclusivamente para uma empresa sendo PJ gera v\u00ednculo empregat\u00edcio?<\/b><\/p>\n<p><span style=\"font-weight: 400;\">A resposta n\u00e3o \u00e9 simplesmente &#8220;sim&#8221; ou &#8220;n\u00e3o&#8221;.<\/span><\/p>\n<p><span style=\"font-weight: 400;\">Isso porque a exclusividade, sozinha, n\u00e3o determina a exist\u00eancia de v\u00ednculo de emprego. Por outro lado, quando ela aparece junto com <\/span><b>subordina\u00e7\u00e3o<\/b><span style=\"font-weight: 400;\">, <\/span><b>pessoalidade<\/b><span style=\"font-weight: 400;\">, <\/span><b>habitualidade<\/b><span style=\"font-weight: 400;\"> e <\/span><b>onerosidade<\/b><span style=\"font-weight: 400;\">, a situa\u00e7\u00e3o pode exigir uma an\u00e1lise mais cuidadosa.<\/span><\/p>\n<p><span style=\"font-weight: 400;\">A pr\u00f3pria CLT define empregado como a pessoa f\u00edsica que presta servi\u00e7os n\u00e3o eventuais, sob depend\u00eancia do empregador e mediante sal\u00e1rio.<\/span><\/p>\n<p><span style=\"font-weight: 400;\">Portanto, o fato de voc\u00ea possuir CNPJ n\u00e3o encerra a discuss\u00e3o.<\/span><\/p>\n<p><span style=\"font-weight: 400;\">Pelo contr\u00e1rio, \u00e9 necess\u00e1rio observar como a rela\u00e7\u00e3o realmente funciona no dia a dia.<\/span><\/p>\n<h1><b>O que \u00e9 trabalhar exclusivamente como PJ?<\/b><\/h1>\n<p><span style=\"font-weight: 400;\">Trabalhar exclusivamente como PJ significa, na pr\u00e1tica, prestar servi\u00e7os para apenas uma empresa durante determinado per\u00edodo.<\/span><\/p>\n<p><span style=\"font-weight: 400;\">Por exemplo, imagine que voc\u00ea abriu uma empresa para prestar servi\u00e7os de marketing.<\/span><\/p>\n<p><span style=\"font-weight: 400;\">Voc\u00ea emite uma nota fiscal todos os meses para uma determinada empresa. Al\u00e9m disso, trabalha de segunda a sexta-feira, participa das reuni\u00f5es internas, recebe tarefas de um gestor e segue os procedimentos estabelecidos pelo contratante.<\/span><\/p>\n<p><span style=\"font-weight: 400;\">Nesse caso, embora formalmente exista uma rela\u00e7\u00e3o entre duas pessoas jur\u00eddicas, a realidade pode apresentar caracter\u00edsticas semelhantes \u00e0s de um contrato de emprego.<\/span><\/p>\n<p><span style=\"font-weight: 400;\">Por outro lado, imagine outro profissional que tamb\u00e9m possui CNPJ e trabalha exclusivamente para um cliente, mas define seus pr\u00f3prios hor\u00e1rios, escolhe como executar\u00e1 o servi\u00e7o, assume os riscos da atividade e possui verdadeira autonomia profissional.<\/span><\/p>\n<p><span style=\"font-weight: 400;\">Nesse segundo cen\u00e1rio, a exclusividade, por si s\u00f3, n\u00e3o significa que exista v\u00ednculo empregat\u00edcio.<\/span><\/p>\n<p><span style=\"font-weight: 400;\">Portanto, o ponto principal n\u00e3o \u00e9 simplesmente perguntar se existe exclusividade.<\/span><\/p>\n<p><span style=\"font-weight: 400;\">A pergunta correta \u00e9: <\/span><b>como essa rela\u00e7\u00e3o funciona na pr\u00e1tica?<\/b><\/p>\n<h1><b>A exclusividade \u00e9 suficiente para gerar v\u00ednculo empregat\u00edcio?<\/b><\/h1>\n<p><span style=\"font-weight: 400;\">N\u00e3o.<\/span><\/p>\n<p><span style=\"font-weight: 400;\">Esse \u00e9 um dos pontos mais importantes deste artigo.<\/span><\/p>\n<p><span style=\"font-weight: 400;\">A exclusividade pode servir como elemento de an\u00e1lise, mas n\u00e3o constitui, isoladamente, prova definitiva de v\u00ednculo.<\/span><\/p>\n<p><span style=\"font-weight: 400;\">Inclusive, o Tribunal Superior do Trabalho j\u00e1 destacou, em decis\u00e3o envolvendo presta\u00e7\u00e3o de servi\u00e7os, que a exclusividade n\u00e3o constitui requisito indispens\u00e1vel para o reconhecimento do v\u00ednculo.<\/span><\/p>\n<p><span style=\"font-weight: 400;\">Isso significa que uma pessoa pode trabalhar para apenas uma empresa sem necessariamente ser empregada.<\/span><\/p>\n<p><span style=\"font-weight: 400;\">Da mesma forma, uma pessoa pode prestar servi\u00e7os para v\u00e1rias empresas e, ainda assim, apresentar caracter\u00edsticas de uma rela\u00e7\u00e3o de emprego com determinado contratante.<\/span><\/p>\n<p><span style=\"font-weight: 400;\">Consequentemente, o n\u00famero de clientes n\u00e3o resolve sozinho a quest\u00e3o.<\/span><\/p>\n<h1><b>Ent\u00e3o, o que realmente importa?<\/b><\/h1>\n<p><span style=\"font-weight: 400;\">Em primeiro lugar, a an\u00e1lise deve considerar os elementos concretos da rela\u00e7\u00e3o.<\/span><\/p>\n<p><span style=\"font-weight: 400;\">Al\u00e9m disso, a CLT estabelece os principais elementos utilizados para caracterizar a rela\u00e7\u00e3o de emprego.<\/span><\/p>\n<p><span style=\"font-weight: 400;\">Entre eles, destacam-se:<\/span><\/p>\n<ul>\n<li style=\"font-weight: 400;\" aria-level=\"1\"><b>pessoalidade<\/b><span style=\"font-weight: 400;\">;<\/span><\/li>\n<li style=\"font-weight: 400;\" aria-level=\"1\"><b>habitualidade<\/b><span style=\"font-weight: 400;\">;<\/span><\/li>\n<li style=\"font-weight: 400;\" aria-level=\"1\"><b>subordina\u00e7\u00e3o<\/b><span style=\"font-weight: 400;\">;<\/span><\/li>\n<li style=\"font-weight: 400;\" aria-level=\"1\"><b>onerosidade<\/b><span style=\"font-weight: 400;\">.<\/span><\/li>\n<\/ul>\n<p><span style=\"font-weight: 400;\">A legisla\u00e7\u00e3o trabalhista utiliza esses elementos para definir a figura do empregado.<\/span><\/p>\n<p><span style=\"font-weight: 400;\">Por isso, quando a empresa afirma que voc\u00ea \u00e9 apenas um prestador de servi\u00e7os, mas controla sua rotina como se fosse empregadora, a situa\u00e7\u00e3o merece aten\u00e7\u00e3o.<\/span><\/p>\n<h1><b>O que significa pessoalidade?<\/b><\/h1>\n<p><span style=\"font-weight: 400;\">A pessoalidade significa que o trabalhador precisa executar pessoalmente as atividades contratadas.<\/span><\/p>\n<p><span style=\"font-weight: 400;\">Em outras palavras, a empresa n\u00e3o aceita livremente que outra pessoa substitua o profissional.<\/span><\/p>\n<p><span style=\"font-weight: 400;\">Por exemplo, imagine que voc\u00ea foi contratado como PJ para prestar servi\u00e7os de design.<\/span><\/p>\n<p><span style=\"font-weight: 400;\">Entretanto, sempre que voc\u00ea precisa se ausentar, a empresa exige que voc\u00ea mesmo encontre algu\u00e9m para substitu\u00ed-lo ou simplesmente n\u00e3o permite a substitui\u00e7\u00e3o.<\/span><\/p>\n<p><span style=\"font-weight: 400;\">Nesse caso, a pessoalidade pode aparecer como elemento relevante.<\/span><\/p>\n<p><span style=\"font-weight: 400;\">Por outro lado, uma empresa verdadeiramente contratada para entregar determinado servi\u00e7o pode, conforme o contrato e a natureza da atividade, possuir maior autonomia para organizar quem executar\u00e1 as tarefas.<\/span><\/p>\n<p><span style=\"font-weight: 400;\">Portanto, novamente, a an\u00e1lise depende da realidade.<\/span><\/p>\n<h2><b>Por que a pessoalidade importa na falsa pejotiza\u00e7\u00e3o?<\/b><\/h2>\n<p><span style=\"font-weight: 400;\">Porque uma verdadeira rela\u00e7\u00e3o empresarial tende a apresentar autonomia na organiza\u00e7\u00e3o da atividade.<\/span><\/p>\n<p><span style=\"font-weight: 400;\">Entretanto, quando a empresa contrata uma pessoa espec\u00edfica e exige que somente ela execute o trabalho, essa caracter\u00edstica pode se aproximar da rela\u00e7\u00e3o empregat\u00edcia.<\/span><\/p>\n<p><span style=\"font-weight: 400;\">Al\u00e9m disso, quando o profissional precisa pedir autoriza\u00e7\u00e3o para se ausentar ou n\u00e3o pode indicar substituto, outros elementos da rela\u00e7\u00e3o tamb\u00e9m podem refor\u00e7ar essa conclus\u00e3o.<\/span><\/p>\n<p><span style=\"font-weight: 400;\">Consequentemente, a pessoalidade merece aten\u00e7\u00e3o especial.<\/span><\/p>\n<h1><b>O que \u00e9 habitualidade?<\/b><\/h1>\n<p><span style=\"font-weight: 400;\">A habitualidade est\u00e1 relacionada \u00e0 continuidade da presta\u00e7\u00e3o dos servi\u00e7os.<\/span><\/p>\n<p><span style=\"font-weight: 400;\">Por exemplo, n\u00e3o \u00e9 a mesma coisa contratar um profissional para realizar um projeto pontual e contratar algu\u00e9m para trabalhar todos os dias durante anos.<\/span><\/p>\n<p><span style=\"font-weight: 400;\">No primeiro caso, existe uma presta\u00e7\u00e3o espec\u00edfica.<\/span><\/p>\n<p><span style=\"font-weight: 400;\">No segundo, existe uma rela\u00e7\u00e3o cont\u00ednua.<\/span><\/p>\n<p><span style=\"font-weight: 400;\">Al\u00e9m disso, a rotina permanente pode demonstrar que o trabalhador estava integrado \u00e0 atividade da empresa.<\/span><\/p>\n<p><span style=\"font-weight: 400;\">Por esse motivo, quem atua como PJ durante meses ou anos, cumprindo uma rotina fixa e cont\u00ednua, deve observar os demais elementos presentes na rela\u00e7\u00e3o.<\/span><\/p>\n<h1><b>O que \u00e9 subordina\u00e7\u00e3o?<\/b><\/h1>\n<p><span style=\"font-weight: 400;\">A <\/span><b>subordina\u00e7\u00e3o<\/b><span style=\"font-weight: 400;\"> costuma ser um dos elementos mais importantes para analisar a exist\u00eancia de v\u00ednculo.<\/span><\/p>\n<p><span style=\"font-weight: 400;\">Na pr\u00e1tica, ela aparece quando a empresa exerce poder de dire\u00e7\u00e3o sobre a forma como o trabalhador presta seus servi\u00e7os.<\/span><\/p>\n<p><span style=\"font-weight: 400;\">Por exemplo, a empresa pode:<\/span><\/p>\n<ul>\n<li style=\"font-weight: 400;\" aria-level=\"1\"><span style=\"font-weight: 400;\">determinar hor\u00e1rios;<\/span><\/li>\n<li style=\"font-weight: 400;\" aria-level=\"1\"><span style=\"font-weight: 400;\">distribuir tarefas;<\/span><\/li>\n<li style=\"font-weight: 400;\" aria-level=\"1\"><span style=\"font-weight: 400;\">fiscalizar atividades;<\/span><\/li>\n<li style=\"font-weight: 400;\" aria-level=\"1\"><span style=\"font-weight: 400;\">estabelecer procedimentos;<\/span><\/li>\n<li style=\"font-weight: 400;\" aria-level=\"1\"><span style=\"font-weight: 400;\">cobrar cumprimento de ordens;<\/span><\/li>\n<li style=\"font-weight: 400;\" aria-level=\"1\"><span style=\"font-weight: 400;\">aplicar advert\u00eancias;<\/span><\/li>\n<li style=\"font-weight: 400;\" aria-level=\"1\"><span style=\"font-weight: 400;\">controlar presen\u00e7a;<\/span><\/li>\n<li style=\"font-weight: 400;\" aria-level=\"1\"><span style=\"font-weight: 400;\">exigir autoriza\u00e7\u00e3o para faltas;<\/span><\/li>\n<li style=\"font-weight: 400;\" aria-level=\"1\"><span style=\"font-weight: 400;\">determinar reuni\u00f5es obrigat\u00f3rias.<\/span><\/li>\n<\/ul>\n<p><span style=\"font-weight: 400;\">Nesse cen\u00e1rio, o trabalhador pode apresentar caracter\u00edsticas muito pr\u00f3ximas \u00e0s de um empregado.<\/span><\/p>\n<p><span style=\"font-weight: 400;\">Al\u00e9m disso, decis\u00f5es do TST reconhecem que a subordina\u00e7\u00e3o pode aparecer de diferentes formas, inclusive em situa\u00e7\u00f5es nas quais o trabalhador se integra \u00e0 organiza\u00e7\u00e3o e \u00e0 din\u00e2mica empresarial.<\/span><\/p>\n<h1><b>Ter chefe sendo PJ \u00e9 sinal de v\u00ednculo?<\/b><\/h1>\n<p><span style=\"font-weight: 400;\">Pode ser.<\/span><\/p>\n<p><span style=\"font-weight: 400;\">Entretanto, precisamos fazer uma distin\u00e7\u00e3o.<\/span><\/p>\n<p><span style=\"font-weight: 400;\">Uma empresa contratante pode naturalmente estabelecer par\u00e2metros sobre o servi\u00e7o que deseja receber.<\/span><\/p>\n<p><span style=\"font-weight: 400;\">Isso, por si s\u00f3, n\u00e3o transforma automaticamente o prestador em empregado.<\/span><\/p>\n<p><span style=\"font-weight: 400;\">Por outro lado, existe uma diferen\u00e7a entre <\/span><b>definir o resultado esperado<\/b><span style=\"font-weight: 400;\"> e <\/span><b>controlar diretamente a rotina profissional<\/b><span style=\"font-weight: 400;\">.<\/span><\/p>\n<p><span style=\"font-weight: 400;\">Por exemplo:<\/span><\/p>\n<p><span style=\"font-weight: 400;\">&#8220;Precisamos que o relat\u00f3rio seja entregue at\u00e9 sexta-feira.&#8221;<\/span><\/p>\n<p><span style=\"font-weight: 400;\">Isso pode fazer parte de uma rela\u00e7\u00e3o comercial.<\/span><\/p>\n<p><span style=\"font-weight: 400;\">Agora imagine:<\/span><\/p>\n<p><span style=\"font-weight: 400;\">&#8220;Voc\u00ea precisa entrar \u00e0s 8h, fazer uma pausa de uma hora, participar da reuni\u00e3o das 9h, responder ao gestor imediatamente e permanecer conectado at\u00e9 \u00e0s 18h.&#8221;<\/span><\/p>\n<p><span style=\"font-weight: 400;\">Nesse segundo cen\u00e1rio, existe um n\u00edvel de controle muito maior.<\/span><\/p>\n<p><span style=\"font-weight: 400;\">Consequentemente, a situa\u00e7\u00e3o pode exigir an\u00e1lise sobre eventual v\u00ednculo empregat\u00edcio.<\/span><\/p>\n<h1><b>Ter hor\u00e1rio fixo sendo PJ pode gerar v\u00ednculo?<\/b><\/h1>\n<p><span style=\"font-weight: 400;\">Pode ser um forte ind\u00edcio, principalmente quando a empresa controla rigorosamente o hor\u00e1rio.<\/span><\/p>\n<p><span style=\"font-weight: 400;\">Por exemplo, se voc\u00ea precisa:<\/span><\/p>\n<ul>\n<li style=\"font-weight: 400;\" aria-level=\"1\"><span style=\"font-weight: 400;\">entrar todos os dias no mesmo hor\u00e1rio;<\/span><\/li>\n<li style=\"font-weight: 400;\" aria-level=\"1\"><span style=\"font-weight: 400;\">registrar ponto;<\/span><\/li>\n<li style=\"font-weight: 400;\" aria-level=\"1\"><span style=\"font-weight: 400;\">justificar atrasos;<\/span><\/li>\n<li style=\"font-weight: 400;\" aria-level=\"1\"><span style=\"font-weight: 400;\">pedir autoriza\u00e7\u00e3o para sair;<\/span><\/li>\n<li style=\"font-weight: 400;\" aria-level=\"1\"><span style=\"font-weight: 400;\">cumprir intervalo determinado;<\/span><\/li>\n<li style=\"font-weight: 400;\" aria-level=\"1\"><span style=\"font-weight: 400;\">permanecer dispon\u00edvel durante todo o expediente;<\/span><\/li>\n<\/ul>\n<p><span style=\"font-weight: 400;\">a rela\u00e7\u00e3o pode apresentar caracter\u00edsticas t\u00edpicas de emprego.<\/span><\/p>\n<p><span style=\"font-weight: 400;\">Al\u00e9m disso, se a empresa acompanha sua jornada por sistemas, aplicativos ou mensagens, esses registros podem servir como elementos de prova.<\/span><\/p>\n<p><span style=\"font-weight: 400;\">Portanto, n\u00e3o basta olhar para o contrato de presta\u00e7\u00e3o de servi\u00e7os.<\/span><\/p>\n<p><span style=\"font-weight: 400;\">\u00c9 necess\u00e1rio observar o que acontecia diariamente.<\/span><\/p>\n<h1><b>Receber sal\u00e1rio fixo como PJ gera v\u00ednculo?<\/b><\/h1>\n<p><span style=\"font-weight: 400;\">Tamb\u00e9m n\u00e3o necessariamente.<\/span><\/p>\n<p><span style=\"font-weight: 400;\">Um pagamento mensal fixo pode existir em contratos de presta\u00e7\u00e3o de servi\u00e7os leg\u00edtimos.<\/span><\/p>\n<p><span style=\"font-weight: 400;\">No entanto, esse elemento ganha import\u00e2ncia quando aparece junto com outras caracter\u00edsticas.<\/span><\/p>\n<p><span style=\"font-weight: 400;\">Por exemplo, imagine um PJ que recebe R$6.000 todos os meses, possui hor\u00e1rio fixo, recebe ordens de um gestor, precisa comparecer a reuni\u00f5es e n\u00e3o pode atender outros clientes.<\/span><\/p>\n<p><span style=\"font-weight: 400;\">Nesse caso, a soma dos elementos pode indicar uma rela\u00e7\u00e3o diferente daquela apresentada formalmente no contrato.<\/span><\/p>\n<p><span style=\"font-weight: 400;\">Consequentemente, a an\u00e1lise deve considerar o conjunto dos fatos.<\/span><\/p>\n<h1><b>E se eu s\u00f3 trabalhar para uma empresa?<\/b><\/h1>\n<p><span style=\"font-weight: 400;\">A exclusividade merece aten\u00e7\u00e3o, mas n\u00e3o significa automaticamente que voc\u00ea seja empregado.<\/span><\/p>\n<p><span style=\"font-weight: 400;\">Imagine, por exemplo, um consultor que decide voluntariamente dedicar sua capacidade profissional a um \u00fanico cliente.<\/span><\/p>\n<p><span style=\"font-weight: 400;\">Ele pode continuar organizando seu pr\u00f3prio trabalho, definir seus hor\u00e1rios e negociar os projetos diretamente.<\/span><\/p>\n<p><span style=\"font-weight: 400;\">Nesse caso, a rela\u00e7\u00e3o pode permanecer empresarial.<\/span><\/p>\n<p><span style=\"font-weight: 400;\">Por outro lado, se a empresa exige exclusividade, controla a jornada e determina todos os detalhes da atividade, o cen\u00e1rio muda.<\/span><\/p>\n<p><span style=\"font-weight: 400;\">Portanto, a exclusividade pode se tornar mais relevante quando aparece acompanhada de subordina\u00e7\u00e3o e pessoalidade.<\/span><\/p>\n<h1><b>A empresa pode proibir o PJ de trabalhar para outras empresas?<\/b><\/h1>\n<p><span style=\"font-weight: 400;\">A exist\u00eancia de uma cl\u00e1usula de exclusividade precisa ser analisada de acordo com o contrato e com a realidade da presta\u00e7\u00e3o.<\/span><\/p>\n<p><span style=\"font-weight: 400;\">Al\u00e9m disso, uma cl\u00e1usula contratual n\u00e3o resolve sozinha a discuss\u00e3o sobre a natureza da rela\u00e7\u00e3o.<\/span><\/p>\n<p><span style=\"font-weight: 400;\">Se, na pr\u00e1tica, a empresa controla o trabalhador como empregado, o simples fato de existir um contrato escrito como PJ n\u00e3o necessariamente afasta a an\u00e1lise dos elementos da rela\u00e7\u00e3o de emprego.<\/span><\/p>\n<p><span style=\"font-weight: 400;\">Por isso, \u00e9 importante guardar o contrato e tamb\u00e9m documentos que mostrem como a rela\u00e7\u00e3o realmente funcionava.<\/span><\/p>\n<h1><b>Quais sinais indicam uma poss\u00edvel falsa pejotiza\u00e7\u00e3o?<\/b><\/h1>\n<p><span style=\"font-weight: 400;\">Agora, vamos ao ponto mais importante.<\/span><\/p>\n<p><span style=\"font-weight: 400;\">Se voc\u00ea trabalha exclusivamente para uma empresa, observe se tamb\u00e9m existem os seguintes sinais:<\/span><\/p>\n<h3><b>1. Voc\u00ea possui hor\u00e1rio determinado<\/b><\/h3>\n<p><span style=\"font-weight: 400;\">A empresa estabelece sua entrada, sa\u00edda e intervalo.<\/span><\/p>\n<h3><b>2. Voc\u00ea recebe ordens de um gestor<\/b><\/h3>\n<p><span style=\"font-weight: 400;\">Al\u00e9m disso, precisa seguir determina\u00e7\u00f5es diariamente.<\/span><\/p>\n<h3><b>3. Voc\u00ea precisa pedir autoriza\u00e7\u00e3o para faltar<\/b><\/h3>\n<p><span style=\"font-weight: 400;\">Em vez de simplesmente organizar sua agenda, precisa justificar aus\u00eancias.<\/span><\/p>\n<h3><b>4. Voc\u00ea n\u00e3o pode se fazer substituir<\/b><\/h3>\n<p><span style=\"font-weight: 400;\">A empresa exige que somente voc\u00ea execute o trabalho.<\/span><\/p>\n<h3><b>5. Voc\u00ea recebe pagamento mensal fixo<\/b><\/h3>\n<p><span style=\"font-weight: 400;\">Al\u00e9m disso, n\u00e3o negocia livremente cada servi\u00e7o.<\/span><\/p>\n<h3><b>6. Voc\u00ea participa da rotina interna<\/b><\/h3>\n<p><span style=\"font-weight: 400;\">Voc\u00ea participa de reuni\u00f5es, treinamentos e grupos internos como os demais empregados.<\/span><\/p>\n<h3><b>7. A empresa controla sua produtividade<\/b><\/h3>\n<p><span style=\"font-weight: 400;\">Al\u00e9m disso, acompanha metas, hor\u00e1rios e resultados constantemente.<\/span><\/p>\n<h3><b>8. Voc\u00ea trabalha por longos per\u00edodos para o mesmo contratante<\/b><\/h3>\n<p><span style=\"font-weight: 400;\">A rela\u00e7\u00e3o permanece cont\u00ednua e habitual.<\/span><\/p>\n<p><span style=\"font-weight: 400;\">Quanto mais desses elementos aparecem simultaneamente, maior a necessidade de analisar a situa\u00e7\u00e3o com cuidado.<\/span><\/p>\n<h1><b>Trabalhar em home office como PJ muda alguma coisa?<\/b><\/h1>\n<p><span style=\"font-weight: 400;\">N\u00e3o necessariamente.<\/span><\/p>\n<p><span style=\"font-weight: 400;\">O fato de trabalhar de casa n\u00e3o elimina os elementos da rela\u00e7\u00e3o de emprego.<\/span><\/p>\n<p><span style=\"font-weight: 400;\">Por exemplo, uma empresa pode controlar um trabalhador remotamente por meio de:<\/span><\/p>\n<ul>\n<li style=\"font-weight: 400;\" aria-level=\"1\"><span style=\"font-weight: 400;\">aplicativos;<\/span><\/li>\n<li style=\"font-weight: 400;\" aria-level=\"1\"><span style=\"font-weight: 400;\">sistemas de login;<\/span><\/li>\n<li style=\"font-weight: 400;\" aria-level=\"1\"><span style=\"font-weight: 400;\">reuni\u00f5es;<\/span><\/li>\n<li style=\"font-weight: 400;\" aria-level=\"1\"><span style=\"font-weight: 400;\">mensagens;<\/span><\/li>\n<li style=\"font-weight: 400;\" aria-level=\"1\"><span style=\"font-weight: 400;\">softwares de monitoramento;<\/span><\/li>\n<li style=\"font-weight: 400;\" aria-level=\"1\"><span style=\"font-weight: 400;\">relat\u00f3rios;<\/span><\/li>\n<li style=\"font-weight: 400;\" aria-level=\"1\"><span style=\"font-weight: 400;\">controle de produtividade.<\/span><\/li>\n<\/ul>\n<p><span style=\"font-weight: 400;\">Consequentemente, o trabalho remoto tamb\u00e9m pode apresentar caracter\u00edsticas de subordina\u00e7\u00e3o.<\/span><\/p>\n<p><span style=\"font-weight: 400;\">Portanto, n\u00e3o pense que o home office transforma automaticamente uma rela\u00e7\u00e3o de emprego em presta\u00e7\u00e3o de servi\u00e7os.<\/span><\/p>\n<h1><b>O contrato PJ pode afastar o v\u00ednculo empregat\u00edcio?<\/b><\/h1>\n<p><span style=\"font-weight: 400;\">O contrato possui import\u00e2ncia, mas n\u00e3o encerra a an\u00e1lise.<\/span><\/p>\n<p><span style=\"font-weight: 400;\">Isso acontece porque a Justi\u00e7a do Trabalho pode examinar a realidade da rela\u00e7\u00e3o.<\/span><\/p>\n<p><span style=\"font-weight: 400;\">Al\u00e9m disso, a pr\u00f3pria legisla\u00e7\u00e3o considera empregado quem presta pessoalmente servi\u00e7os n\u00e3o eventuais, sob depend\u00eancia e mediante sal\u00e1rio.<\/span><\/p>\n<p><span style=\"font-weight: 400;\">Consequentemente, o documento n\u00e3o deve ser analisado isoladamente.<\/span><\/p>\n<p><span style=\"font-weight: 400;\">Imagine que o contrato diga:<\/span><\/p>\n<p><span style=\"font-weight: 400;\">&#8220;O prestador possui autonomia para definir seus hor\u00e1rios.&#8221;<\/span><\/p>\n<p><span style=\"font-weight: 400;\">Por\u00e9m, na pr\u00e1tica, a empresa exige que ele esteja conectado das 8h \u00e0s 18h.<\/span><\/p>\n<p><span style=\"font-weight: 400;\">Nesse caso, existe uma diferen\u00e7a entre aquilo que o contrato afirma e aquilo que realmente acontece.<\/span><\/p>\n<p><span style=\"font-weight: 400;\">Por isso, as provas do cotidiano ganham grande import\u00e2ncia.<\/span><\/p>\n<h1><b>Quais provas podem demonstrar o v\u00ednculo?<\/b><\/h1>\n<p><span style=\"font-weight: 400;\">Se voc\u00ea suspeita de <\/span><b>falsa pejotiza\u00e7\u00e3o<\/b><span style=\"font-weight: 400;\">, n\u00e3o descarte documentos.<\/span><\/p>\n<p><span style=\"font-weight: 400;\">Pelo contr\u00e1rio, guarde tudo que possa demonstrar sua rotina.<\/span><\/p>\n<p><span style=\"font-weight: 400;\">Entre os materiais que podem ajudar est\u00e3o:<\/span><\/p>\n<ul>\n<li style=\"font-weight: 400;\" aria-level=\"1\"><span style=\"font-weight: 400;\">mensagens de WhatsApp;<\/span><\/li>\n<li style=\"font-weight: 400;\" aria-level=\"1\"><span style=\"font-weight: 400;\">e-mails;<\/span><\/li>\n<li style=\"font-weight: 400;\" aria-level=\"1\"><span style=\"font-weight: 400;\">contratos;<\/span><\/li>\n<li style=\"font-weight: 400;\" aria-level=\"1\"><span style=\"font-weight: 400;\">notas fiscais;<\/span><\/li>\n<li style=\"font-weight: 400;\" aria-level=\"1\"><span style=\"font-weight: 400;\">comprovantes de pagamento;<\/span><\/li>\n<li style=\"font-weight: 400;\" aria-level=\"1\"><span style=\"font-weight: 400;\">registros de ponto;<\/span><\/li>\n<li style=\"font-weight: 400;\" aria-level=\"1\"><span style=\"font-weight: 400;\">prints de sistemas;<\/span><\/li>\n<li style=\"font-weight: 400;\" aria-level=\"1\"><span style=\"font-weight: 400;\">convoca\u00e7\u00f5es para reuni\u00f5es;<\/span><\/li>\n<li style=\"font-weight: 400;\" aria-level=\"1\"><span style=\"font-weight: 400;\">cobran\u00e7as de gestores;<\/span><\/li>\n<li style=\"font-weight: 400;\" aria-level=\"1\"><span style=\"font-weight: 400;\">documentos internos;<\/span><\/li>\n<li style=\"font-weight: 400;\" aria-level=\"1\"><span style=\"font-weight: 400;\">metas;<\/span><\/li>\n<li style=\"font-weight: 400;\" aria-level=\"1\"><span style=\"font-weight: 400;\">relat\u00f3rios;<\/span><\/li>\n<li style=\"font-weight: 400;\" aria-level=\"1\"><span style=\"font-weight: 400;\">testemunhas.<\/span><\/li>\n<\/ul>\n<p><span style=\"font-weight: 400;\">Al\u00e9m disso, organize os arquivos por data.<\/span><\/p>\n<p><span style=\"font-weight: 400;\">Dessa maneira, fica mais f\u00e1cil demonstrar a continuidade da rela\u00e7\u00e3o.<\/span><\/p>\n<h1><b>As mensagens de WhatsApp podem ajudar?<\/b><\/h1>\n<p><span style=\"font-weight: 400;\">Sim.<\/span><\/p>\n<p><span style=\"font-weight: 400;\">Por exemplo, imagine que seu gestor envie uma mensagem:<\/span><\/p>\n<p><span style=\"font-weight: 400;\">&#8220;Amanh\u00e3 todos precisam entrar \u00e0s 8h.&#8221;<\/span><\/p>\n<p><span style=\"font-weight: 400;\">Ou:<\/span><\/p>\n<p><span style=\"font-weight: 400;\">&#8220;Voc\u00ea precisa justificar por que n\u00e3o entrou no sistema hoje.&#8221;<\/span><\/p>\n<p><span style=\"font-weight: 400;\">Essas mensagens podem ajudar a demonstrar como a empresa controlava a rotina.<\/span><\/p>\n<p><span style=\"font-weight: 400;\">Da mesma forma, mensagens sobre f\u00e9rias, hor\u00e1rios, folgas e autoriza\u00e7\u00f5es podem ser relevantes.<\/span><\/p>\n<p><span style=\"font-weight: 400;\">Entretanto, nenhuma mensagem isolada garante o reconhecimento do v\u00ednculo.<\/span><\/p>\n<p><span style=\"font-weight: 400;\">Por isso, o ideal \u00e9 analisar o conjunto das provas.<\/span><\/p>\n<h1><b>E as testemunhas?<\/b><\/h1>\n<p><span style=\"font-weight: 400;\">As testemunhas tamb\u00e9m podem desempenhar papel importante.<\/span><\/p>\n<p><span style=\"font-weight: 400;\">Isso porque elas podem explicar como a rela\u00e7\u00e3o funcionava na pr\u00e1tica.<\/span><\/p>\n<p><span style=\"font-weight: 400;\">Por exemplo, uma testemunha pode confirmar que:<\/span><\/p>\n<ul>\n<li style=\"font-weight: 400;\" aria-level=\"1\"><span style=\"font-weight: 400;\">voc\u00ea trabalhava diariamente;<\/span><\/li>\n<li style=\"font-weight: 400;\" aria-level=\"1\"><span style=\"font-weight: 400;\">cumpria hor\u00e1rio;<\/span><\/li>\n<li style=\"font-weight: 400;\" aria-level=\"1\"><span style=\"font-weight: 400;\">recebia ordens;<\/span><\/li>\n<li style=\"font-weight: 400;\" aria-level=\"1\"><span style=\"font-weight: 400;\">participava de reuni\u00f5es;<\/span><\/li>\n<li style=\"font-weight: 400;\" aria-level=\"1\"><span style=\"font-weight: 400;\">precisava pedir autoriza\u00e7\u00e3o para faltar;<\/span><\/li>\n<li style=\"font-weight: 400;\" aria-level=\"1\"><span style=\"font-weight: 400;\">n\u00e3o podia enviar outra pessoa para substitu\u00ed-lo.<\/span><\/li>\n<\/ul>\n<p><span style=\"font-weight: 400;\">Consequentemente, testemunhas que realmente conheciam sua rotina podem contribuir para esclarecer os fatos.<\/span><\/p>\n<h1><b>Quais direitos posso receber se a Justi\u00e7a reconhecer o v\u00ednculo?<\/b><\/h1>\n<p><span style=\"font-weight: 400;\">Caso a Justi\u00e7a reconhe\u00e7a a exist\u00eancia da rela\u00e7\u00e3o de emprego, o trabalhador poder\u00e1 discutir os direitos correspondentes ao per\u00edodo reconhecido.<\/span><\/p>\n<p><span style=\"font-weight: 400;\">Dependendo do caso, podem entrar na discuss\u00e3o:<\/span><\/p>\n<ul>\n<li style=\"font-weight: 400;\" aria-level=\"1\"><b>FGTS<\/b><span style=\"font-weight: 400;\">;<\/span><\/li>\n<li style=\"font-weight: 400;\" aria-level=\"1\"><b>f\u00e9rias + 1\/3<\/b><span style=\"font-weight: 400;\">;<\/span><\/li>\n<li style=\"font-weight: 400;\" aria-level=\"1\"><b>13\u00ba sal\u00e1rio<\/b><span style=\"font-weight: 400;\">;<\/span><\/li>\n<li style=\"font-weight: 400;\" aria-level=\"1\"><b>aviso-pr\u00e9vio<\/b><span style=\"font-weight: 400;\">;<\/span><\/li>\n<li style=\"font-weight: 400;\" aria-level=\"1\"><b>horas extras<\/b><span style=\"font-weight: 400;\">;<\/span><\/li>\n<li style=\"font-weight: 400;\" aria-level=\"1\"><b>adicional noturno<\/b><span style=\"font-weight: 400;\">;<\/span><\/li>\n<li style=\"font-weight: 400;\" aria-level=\"1\"><b>adicional de insalubridade<\/b><span style=\"font-weight: 400;\">;<\/span><\/li>\n<li style=\"font-weight: 400;\" aria-level=\"1\"><b>adicional de periculosidade<\/b><span style=\"font-weight: 400;\">;<\/span><\/li>\n<li style=\"font-weight: 400;\" aria-level=\"1\"><b>verbas rescis\u00f3rias<\/b><span style=\"font-weight: 400;\">;<\/span><\/li>\n<li style=\"font-weight: 400;\" aria-level=\"1\"><span style=\"font-weight: 400;\">demais parcelas que se mostrarem devidas.<\/span><\/li>\n<\/ul>\n<p><span style=\"font-weight: 400;\">No entanto, o reconhecimento de cada verba depende das circunst\u00e2ncias concretas.<\/span><\/p>\n<p><span style=\"font-weight: 400;\">Por isso, n\u00e3o significa que todo trabalhador PJ receber\u00e1 automaticamente todas essas parcelas.<\/span><\/p>\n<h1><b>Quanto pode valer uma a\u00e7\u00e3o de v\u00ednculo empregat\u00edcio?<\/b><\/h1>\n<p><span style=\"font-weight: 400;\">O valor varia bastante.<\/span><\/p>\n<p><span style=\"font-weight: 400;\">Afinal, o c\u00e1lculo depende de fatores como:<\/span><\/p>\n<ul>\n<li style=\"font-weight: 400;\" aria-level=\"1\"><span style=\"font-weight: 400;\">remunera\u00e7\u00e3o;<\/span><\/li>\n<li style=\"font-weight: 400;\" aria-level=\"1\"><span style=\"font-weight: 400;\">tempo de presta\u00e7\u00e3o de servi\u00e7os;<\/span><\/li>\n<li style=\"font-weight: 400;\" aria-level=\"1\"><span style=\"font-weight: 400;\">jornada;<\/span><\/li>\n<li style=\"font-weight: 400;\" aria-level=\"1\"><span style=\"font-weight: 400;\">horas extras;<\/span><\/li>\n<li style=\"font-weight: 400;\" aria-level=\"1\"><span style=\"font-weight: 400;\">forma de desligamento;<\/span><\/li>\n<li style=\"font-weight: 400;\" aria-level=\"1\"><span style=\"font-weight: 400;\">per\u00edodos de f\u00e9rias;<\/span><\/li>\n<li style=\"font-weight: 400;\" aria-level=\"1\"><span style=\"font-weight: 400;\">FGTS;<\/span><\/li>\n<li style=\"font-weight: 400;\" aria-level=\"1\"><span style=\"font-weight: 400;\">adicionais eventualmente devidos.<\/span><\/li>\n<\/ul>\n<p><span style=\"font-weight: 400;\">Al\u00e9m disso, os limites de prescri\u00e7\u00e3o precisam ser observados.<\/span><\/p>\n<p><span style=\"font-weight: 400;\">Em regra, a Constitui\u00e7\u00e3o estabelece prescri\u00e7\u00e3o de cinco anos para os cr\u00e9ditos trabalhistas, limitada a dois anos ap\u00f3s o t\u00e9rmino do contrato para o ajuizamento da a\u00e7\u00e3o.<\/span><\/p>\n<p><span style=\"font-weight: 400;\">Por esse motivo, o trabalhador n\u00e3o deve esperar indefinidamente para procurar orienta\u00e7\u00e3o.<\/span><\/p>\n<h1><b>A empresa pode dizer que voc\u00ea era empres\u00e1rio?<\/b><\/h1>\n<p><span style=\"font-weight: 400;\">Pode apresentar essa alega\u00e7\u00e3o.<\/span><\/p>\n<p><span style=\"font-weight: 400;\">Afinal, voc\u00ea possui CNPJ e emite notas fiscais.<\/span><\/p>\n<p><span style=\"font-weight: 400;\">No entanto, isso n\u00e3o encerra automaticamente a discuss\u00e3o.<\/span><\/p>\n<p><span style=\"font-weight: 400;\">A an\u00e1lise jur\u00eddica precisa considerar se voc\u00ea realmente exercia uma atividade empresarial aut\u00f4noma ou se apenas utilizava um CNPJ para prestar servi\u00e7os em uma rotina semelhante \u00e0 de um empregado.<\/span><\/p>\n<p><span style=\"font-weight: 400;\">Inclusive, estudos recentes publicados na Revista do Tribunal Superior do Trabalho discutem justamente a fronteira entre a atividade empresarial e a rela\u00e7\u00e3o de emprego, especialmente diante do crescimento de MEIs e estruturas empresariais individuais.<\/span><\/p>\n<p><span style=\"font-weight: 400;\">Portanto, possuir CNPJ n\u00e3o transforma automaticamente qualquer trabalhador em empres\u00e1rio independente.<\/span><\/p>\n<h1><b>Como saber se estou diante de uma falsa pejotiza\u00e7\u00e3o?<\/b><\/h1>\n<p><span style=\"font-weight: 400;\">Fa\u00e7a algumas perguntas.<\/span><\/p>\n<p><span style=\"font-weight: 400;\">Primeiramente: voc\u00ea podia definir seus pr\u00f3prios hor\u00e1rios?<\/span><\/p>\n<p><span style=\"font-weight: 400;\">Al\u00e9m disso: podia recusar tarefas sem sofrer consequ\u00eancias?<\/span><\/p>\n<p><span style=\"font-weight: 400;\">Da mesma forma: podia trabalhar para outros clientes?<\/span><\/p>\n<p><span style=\"font-weight: 400;\">Ainda: podia enviar outra pessoa para executar o servi\u00e7o?<\/span><\/p>\n<p><span style=\"font-weight: 400;\">Por outro lado: existia um chefe controlando sua rotina?<\/span><\/p>\n<p><span style=\"font-weight: 400;\">Al\u00e9m disso: voc\u00ea precisava cumprir hor\u00e1rio?<\/span><\/p>\n<p><span style=\"font-weight: 400;\">Finalmente: a empresa tratava voc\u00ea como integrante da equipe?<\/span><\/p>\n<p><span style=\"font-weight: 400;\">Quanto mais respostas apontarem para uma rela\u00e7\u00e3o de emprego, maior a necessidade de uma an\u00e1lise jur\u00eddica individualizada.<\/span><\/p>\n<h1><b>Trabalhar exclusivamente como PJ pode ser legal?<\/b><\/h1>\n<p><span style=\"font-weight: 400;\">Sim.<\/span><\/p>\n<p><span style=\"font-weight: 400;\">\u00c9 importante deixar isso claro.<\/span><\/p>\n<p><span style=\"font-weight: 400;\">A contrata\u00e7\u00e3o de um prestador de servi\u00e7os por meio de uma pessoa jur\u00eddica n\u00e3o \u00e9 automaticamente ilegal.<\/span><\/p>\n<p><span style=\"font-weight: 400;\">Existem profissionais que realmente atuam como empresas, possuem autonomia, assumem riscos, negociam contratos e prestam servi\u00e7os de forma independente.<\/span><\/p>\n<p><span style=\"font-weight: 400;\">Portanto, o objetivo n\u00e3o \u00e9 afirmar que toda contrata\u00e7\u00e3o PJ representa fraude.<\/span><\/p>\n<p><span style=\"font-weight: 400;\">O problema aparece quando a empresa utiliza a pessoa jur\u00eddica apenas para esconder uma rela\u00e7\u00e3o que, na pr\u00e1tica, apresenta os elementos de um contrato de emprego.<\/span><\/p>\n<h1><b>Qual \u00e9 a diferen\u00e7a entre um PJ verdadeiro e um empregado disfar\u00e7ado?<\/b><\/h1>\n<p><span style=\"font-weight: 400;\">Podemos resumir da seguinte forma.<\/span><\/p>\n<table>\n<tbody>\n<tr>\n<td><b>PJ com autonomia<\/b><\/td>\n<td><b>Poss\u00edvel empregado disfar\u00e7ado<\/b><\/td>\n<\/tr>\n<tr>\n<td><span style=\"font-weight: 400;\">Define sua rotina<\/span><\/td>\n<td><span style=\"font-weight: 400;\">Cumpre hor\u00e1rio imposto<\/span><\/td>\n<\/tr>\n<tr>\n<td><span style=\"font-weight: 400;\">Pode atender clientes<\/span><\/td>\n<td><span style=\"font-weight: 400;\">Trabalha exclusivamente<\/span><\/td>\n<\/tr>\n<tr>\n<td><span style=\"font-weight: 400;\">Organiza a execu\u00e7\u00e3o<\/span><\/td>\n<td><span style=\"font-weight: 400;\">Recebe ordens constantes<\/span><\/td>\n<\/tr>\n<tr>\n<td><span style=\"font-weight: 400;\">Assume riscos empresariais<\/span><\/td>\n<td><span style=\"font-weight: 400;\">Atua integrado \u00e0 rotina da empresa<\/span><\/td>\n<\/tr>\n<tr>\n<td><span style=\"font-weight: 400;\">Possui autonomia<\/span><\/td>\n<td><span style=\"font-weight: 400;\">Sofre fiscaliza\u00e7\u00e3o direta<\/span><\/td>\n<\/tr>\n<tr>\n<td><span style=\"font-weight: 400;\">Pode negociar servi\u00e7os<\/span><\/td>\n<td><span style=\"font-weight: 400;\">Recebe tarefas di\u00e1rias<\/span><\/td>\n<\/tr>\n<\/tbody>\n<\/table>\n<p><span style=\"font-weight: 400;\">\u00c9 claro que essa tabela n\u00e3o substitui uma an\u00e1lise jur\u00eddica.<\/span><\/p>\n<p><span style=\"font-weight: 400;\">Ainda assim, ela ajuda a visualizar a diferen\u00e7a entre uma rela\u00e7\u00e3o comercial genu\u00edna e uma poss\u00edvel <\/span><b>falsa pejotiza\u00e7\u00e3o<\/b><span style=\"font-weight: 400;\">.<\/span><\/p>\n<h1><b>O que fazer se voc\u00ea trabalha exclusivamente como PJ?<\/b><\/h1>\n<p><span style=\"font-weight: 400;\">Primeiramente, n\u00e3o tome uma decis\u00e3o impulsiva.<\/span><\/p>\n<p><span style=\"font-weight: 400;\">Al\u00e9m disso, n\u00e3o encerre o relacionamento profissional simplesmente porque encontrou informa\u00e7\u00f5es na internet.<\/span><\/p>\n<p><span style=\"font-weight: 400;\">Em vez disso, re\u00fana documentos e procure orienta\u00e7\u00e3o jur\u00eddica.<\/span><\/p>\n<p><span style=\"font-weight: 400;\">Organize seu contrato, suas notas fiscais, suas mensagens, seus comprovantes de pagamento e os registros que demonstram sua rotina.<\/span><\/p>\n<p><span style=\"font-weight: 400;\">Depois, apresente esse material a um profissional que possa analisar a situa\u00e7\u00e3o.<\/span><\/p>\n<p><span style=\"font-weight: 400;\">Dessa forma, voc\u00ea poder\u00e1 compreender melhor se existe possibilidade de reconhecimento de v\u00ednculo e quais direitos podem estar envolvidos.<\/span><\/p>\n<h1><b>Conclus\u00e3o<\/b><\/h1>\n<p><span style=\"font-weight: 400;\">Trabalhar exclusivamente para uma empresa como PJ <\/span><b>n\u00e3o gera v\u00ednculo empregat\u00edcio automaticamente<\/b><span style=\"font-weight: 400;\">.<\/span><\/p>\n<p><span style=\"font-weight: 400;\">No entanto, a exclusividade pode ganhar import\u00e2ncia quando aparece acompanhada de outros elementos, principalmente <\/span><b>subordina\u00e7\u00e3o<\/b><span style=\"font-weight: 400;\">, <\/span><b>pessoalidade<\/b><span style=\"font-weight: 400;\">, <\/span><b>habitualidade<\/b><span style=\"font-weight: 400;\"> e <\/span><b>onerosidade<\/b><span style=\"font-weight: 400;\">.<\/span><\/p>\n<p><span style=\"font-weight: 400;\">Al\u00e9m disso, a Justi\u00e7a pode analisar a realidade da rela\u00e7\u00e3o e n\u00e3o apenas o nome dado ao contrato.<\/span><\/p>\n<p><span style=\"font-weight: 400;\">Portanto, se voc\u00ea possui CNPJ, mas trabalha diariamente como se fosse empregado, vale a pena observar cuidadosamente sua rotina.<\/span><\/p>\n<p><span style=\"font-weight: 400;\">Voc\u00ea cumpre hor\u00e1rio? Recebe ordens? Precisa pedir autoriza\u00e7\u00e3o para faltar? Participa das reuni\u00f5es internas? Trabalha exclusivamente para a empresa? N\u00e3o pode enviar outra pessoa para substitu\u00ed-lo?<\/span><\/p>\n<p><span style=\"font-weight: 400;\">Se a resposta for &#8220;sim&#8221; para v\u00e1rias dessas perguntas, procure orienta\u00e7\u00e3o profissional.<\/span><\/p>\n<p><span style=\"font-weight: 400;\">Afinal, o CNPJ pode estar no papel, mas \u00e9 a realidade do trabalho que merece aten\u00e7\u00e3o.<\/span><\/p>\n<h2><b>Perguntas Frequentes<\/b><\/h2>\n<h3><b>Trabalhar exclusivamente para uma empresa como PJ gera v\u00ednculo?<\/b><\/h3>\n<p><span style=\"font-weight: 400;\">N\u00e3o necessariamente. A exclusividade, sozinha, n\u00e3o garante o reconhecimento do v\u00ednculo. No entanto, quando aparece junto com subordina\u00e7\u00e3o, pessoalidade, habitualidade e onerosidade, a situa\u00e7\u00e3o pode indicar uma rela\u00e7\u00e3o de emprego.<\/span><\/p>\n<h3><b>Posso ter v\u00ednculo empregat\u00edcio mesmo trabalhando como PJ?<\/b><\/h3>\n<p><span style=\"font-weight: 400;\">Sim, dependendo das circunst\u00e2ncias. A exist\u00eancia de CNPJ e a emiss\u00e3o de notas fiscais n\u00e3o impedem, por si s\u00f3, a an\u00e1lise da realidade da rela\u00e7\u00e3o.<\/span><\/p>\n<h3><b>Ter hor\u00e1rio fixo como PJ \u00e9 ilegal?<\/b><\/h3>\n<p><span style=\"font-weight: 400;\">O simples fato de existir um hor\u00e1rio n\u00e3o resolve a quest\u00e3o. Por\u00e9m, quando a empresa controla rigorosamente a jornada e tamb\u00e9m exerce outros poderes t\u00edpicos de empregador, esse elemento pode contribuir para o reconhecimento do v\u00ednculo.<\/span><\/p>\n<h3><b>A empresa pode exigir exclusividade do PJ?<\/b><\/h3>\n<p><span style=\"font-weight: 400;\">A validade e os efeitos dessa exig\u00eancia dependem do contrato e, principalmente, da realidade da rela\u00e7\u00e3o. A exclusividade n\u00e3o determina sozinha a exist\u00eancia de v\u00ednculo.<\/span><\/p>\n<h3><b>Quais direitos posso receber se a Justi\u00e7a reconhecer o v\u00ednculo?<\/b><\/h3>\n<p><span style=\"font-weight: 400;\">Dependendo do caso, o trabalhador poder\u00e1 discutir FGTS, f\u00e9rias com 1\/3, 13\u00ba sal\u00e1rio, aviso-pr\u00e9vio, horas extras, adicionais e outras verbas trabalhistas.<\/span><\/p>\n<p><b>Fale com o Dr. Pedro Carvalho<\/b><\/p>\n<p><span style=\"font-weight: 400;\">Cada caso tem uma estrat\u00e9gia de prova diferente. Se voc\u00ea quer entender qual \u00e9 a situa\u00e7\u00e3o do seu, envie uma mensagem e conte o que aconteceu.<\/span><\/p>\n<p><a href=\"https:\/\/wa.me\/5531975283687\"><span style=\"font-weight: 400;\">Enviar mensagem pelo WhatsApp<\/span><\/a><\/p>\n<p><span style=\"font-weight: 400;\">Atua\u00e7\u00e3o em Belo Horizonte, Contagem e regi\u00e3o metropolitana.<\/span><\/p>\n<p><b>Falar com Advogado Trabalhista Agora<\/b><\/p>\n<p><b>\u00a0<\/b><span style=\"font-weight: 400;\">Leia tamb\u00e9m<\/span><\/p>\n<ul>\n<li style=\"font-weight: 400;\" aria-level=\"1\"><a href=\"https:\/\/carvalhoadvogado.aliamkt.com\/index.php\/2026\/01\/02\/rescisao-indireta-ameacas-humilhacoes-exposicao-ridiculo\/\"><span style=\"font-weight: 400;\">Rescis\u00e3o Indireta por Amea\u00e7as, Humilha\u00e7\u00f5es e Exposi\u00e7\u00e3o ao Rid\u00edculo no Trabalho: Saiba Como Sair Sem Perder Seus Direitos<\/span><\/a><\/li>\n<\/ul>\n<p><b>Fale com o Dr. Pedro Carvalho!<\/b><\/p>\n<p><b>Clique no bot\u00e3o abaixo e obtenha a orienta\u00e7\u00e3o jur\u00eddica que voc\u00ea precisa para resolver suas quest\u00f5es com seguran\u00e7a e confian\u00e7a.\u00a0<\/b><\/p>\n<p><a href=\"https:\/\/wa.me\/5531975283687\"><b>Fale comigo agora mesmo<\/b><\/a><\/p>\n<p><b>Siga-nos na rede social, @pedroncarvalhoadv, e fique por dentro das \u00faltimas novidades!<\/b><\/p>\n<p>&nbsp;<\/p>\n","protected":false},"excerpt":{"rendered":"<p>Voc\u00ea abriu um CNPJ, assinou um contrato de presta\u00e7\u00e3o de servi\u00e7os e come\u00e7ou a trabalhar para uma empresa. No entanto, existe um detalhe que chama aten\u00e7\u00e3o: voc\u00ea presta servi\u00e7os praticamente ou exclusivamente para esse \u00fanico contratante. Al\u00e9m disso, a empresa determina seus hor\u00e1rios, cobra metas, exige reuni\u00f5es, acompanha seu desempenho e espera que voc\u00ea esteja [&hellip;]<\/p>\n","protected":false},"author":1,"featured_media":1684,"comment_status":"open","ping_status":"open","sticky":false,"template":"","format":"standard","meta":{"_joinchat":{"telephone":"+5531975283687"},"footnotes":""},"categories":[6],"tags":[],"class_list":["post-1924","post","type-post","status-publish","format-standard","has-post-thumbnail","hentry","category-direito-trabalhista"],"yoast_head":"<!-- This site is optimized with the Yoast SEO plugin v28.3 - https:\/\/yoast.com\/product\/yoast-seo-wordpress\/ -->\n<title>Trabalhar Exclusivamente para Uma Empresa como PJ Gera V\u00ednculo?<\/title>\n<meta name=\"description\" content=\"Trabalha exclusivamente para uma empresa como PJ? Entenda quando essa situa\u00e7\u00e3o pode gerar v\u00ednculo empregat\u00edcio e quais direitos trabalhistas voc\u00ea pode cobrar.\" \/>\n<meta name=\"robots\" content=\"index, follow, max-snippet:-1, max-image-preview:large, max-video-preview:-1\" \/>\n<link rel=\"canonical\" href=\"https:\/\/carvalhoadvogado.aliamkt.com\/index.php\/2026\/08\/31\/trabalhar-exclusivamente-para-uma-empresa-como-pj\/\" \/>\n<meta property=\"og:locale\" content=\"pt_BR\" \/>\n<meta property=\"og:type\" content=\"article\" \/>\n<meta property=\"og:title\" content=\"Trabalhar Exclusivamente para Uma Empresa como PJ Gera V\u00ednculo?\" \/>\n<meta property=\"og:description\" content=\"Trabalha exclusivamente para uma empresa como PJ? Entenda quando essa situa\u00e7\u00e3o pode gerar v\u00ednculo empregat\u00edcio e quais direitos trabalhistas voc\u00ea pode cobrar.\" \/>\n<meta property=\"og:url\" content=\"https:\/\/carvalhoadvogado.aliamkt.com\/index.php\/2026\/08\/31\/trabalhar-exclusivamente-para-uma-empresa-como-pj\/\" \/>\n<meta property=\"og:site_name\" content=\"Pedro Carvalho Advogado Trabalhista\" \/>\n<meta property=\"article:published_time\" content=\"2026-08-31T17:20:43+00:00\" \/>\n<meta property=\"og:image\" content=\"https:\/\/carvalhoadvogado.aliamkt.com\/wp-content\/uploads\/2026\/04\/escritorio-de-advocacia-trabalhista-em-contagem-1.jpg\" \/>\n\t<meta property=\"og:image:width\" content=\"1200\" \/>\n\t<meta property=\"og:image:height\" content=\"675\" \/>\n\t<meta property=\"og:image:type\" content=\"image\/jpeg\" \/>\n<meta name=\"author\" content=\"lailacarvalhoadv\" \/>\n<meta name=\"twitter:card\" content=\"summary_large_image\" \/>\n<meta name=\"twitter:label1\" content=\"Escrito por\" \/>\n\t<meta name=\"twitter:data1\" content=\"lailacarvalhoadv\" \/>\n\t<meta name=\"twitter:label2\" content=\"Est. tempo de leitura\" \/>\n\t<meta name=\"twitter:data2\" content=\"17 minutos\" \/>\n<script type=\"application\/ld+json\" class=\"yoast-schema-graph\">{\"@context\":\"https:\\\/\\\/schema.org\",\"@graph\":[{\"@type\":\"Article\",\"@id\":\"https:\\\/\\\/carvalhoadvogado.aliamkt.com\\\/index.php\\\/2026\\\/08\\\/31\\\/trabalhar-exclusivamente-para-uma-empresa-como-pj\\\/#article\",\"isPartOf\":{\"@id\":\"https:\\\/\\\/carvalhoadvogado.aliamkt.com\\\/index.php\\\/2026\\\/08\\\/31\\\/trabalhar-exclusivamente-para-uma-empresa-como-pj\\\/\"},\"author\":{\"name\":\"lailacarvalhoadv\",\"@id\":\"https:\\\/\\\/carvalhoadvogado.aliamkt.com\\\/#\\\/schema\\\/person\\\/8f4d67ba57d6160ee802836a319bd8eb\"},\"headline\":\"Trabalho Exclusivamente para Uma Empresa Sendo PJ: Isso Gera V\u00ednculo Empregat\u00edcio?\",\"datePublished\":\"2026-08-31T17:20:43+00:00\",\"mainEntityOfPage\":{\"@id\":\"https:\\\/\\\/carvalhoadvogado.aliamkt.com\\\/index.php\\\/2026\\\/08\\\/31\\\/trabalhar-exclusivamente-para-uma-empresa-como-pj\\\/\"},\"wordCount\":3411,\"commentCount\":0,\"publisher\":{\"@id\":\"https:\\\/\\\/carvalhoadvogado.aliamkt.com\\\/#organization\"},\"image\":{\"@id\":\"https:\\\/\\\/carvalhoadvogado.aliamkt.com\\\/index.php\\\/2026\\\/08\\\/31\\\/trabalhar-exclusivamente-para-uma-empresa-como-pj\\\/#primaryimage\"},\"thumbnailUrl\":\"https:\\\/\\\/carvalhoadvogado.aliamkt.com\\\/wp-content\\\/uploads\\\/2026\\\/04\\\/escritorio-de-advocacia-trabalhista-em-contagem-1.jpg\",\"articleSection\":[\"Direito Trabalhista\"],\"inLanguage\":\"pt-BR\",\"potentialAction\":[{\"@type\":\"CommentAction\",\"name\":\"Comment\",\"target\":[\"https:\\\/\\\/carvalhoadvogado.aliamkt.com\\\/index.php\\\/2026\\\/08\\\/31\\\/trabalhar-exclusivamente-para-uma-empresa-como-pj\\\/#respond\"]}]},{\"@type\":\"WebPage\",\"@id\":\"https:\\\/\\\/carvalhoadvogado.aliamkt.com\\\/index.php\\\/2026\\\/08\\\/31\\\/trabalhar-exclusivamente-para-uma-empresa-como-pj\\\/\",\"url\":\"https:\\\/\\\/carvalhoadvogado.aliamkt.com\\\/index.php\\\/2026\\\/08\\\/31\\\/trabalhar-exclusivamente-para-uma-empresa-como-pj\\\/\",\"name\":\"Trabalhar Exclusivamente para Uma Empresa como PJ Gera V\u00ednculo?\",\"isPartOf\":{\"@id\":\"https:\\\/\\\/carvalhoadvogado.aliamkt.com\\\/#website\"},\"primaryImageOfPage\":{\"@id\":\"https:\\\/\\\/carvalhoadvogado.aliamkt.com\\\/index.php\\\/2026\\\/08\\\/31\\\/trabalhar-exclusivamente-para-uma-empresa-como-pj\\\/#primaryimage\"},\"image\":{\"@id\":\"https:\\\/\\\/carvalhoadvogado.aliamkt.com\\\/index.php\\\/2026\\\/08\\\/31\\\/trabalhar-exclusivamente-para-uma-empresa-como-pj\\\/#primaryimage\"},\"thumbnailUrl\":\"https:\\\/\\\/carvalhoadvogado.aliamkt.com\\\/wp-content\\\/uploads\\\/2026\\\/04\\\/escritorio-de-advocacia-trabalhista-em-contagem-1.jpg\",\"datePublished\":\"2026-08-31T17:20:43+00:00\",\"description\":\"Trabalha exclusivamente para uma empresa como PJ? Entenda quando essa situa\u00e7\u00e3o pode gerar v\u00ednculo empregat\u00edcio e quais direitos trabalhistas voc\u00ea pode cobrar.\",\"breadcrumb\":{\"@id\":\"https:\\\/\\\/carvalhoadvogado.aliamkt.com\\\/index.php\\\/2026\\\/08\\\/31\\\/trabalhar-exclusivamente-para-uma-empresa-como-pj\\\/#breadcrumb\"},\"inLanguage\":\"pt-BR\",\"potentialAction\":[{\"@type\":\"ReadAction\",\"target\":[\"https:\\\/\\\/carvalhoadvogado.aliamkt.com\\\/index.php\\\/2026\\\/08\\\/31\\\/trabalhar-exclusivamente-para-uma-empresa-como-pj\\\/\"]}]},{\"@type\":\"ImageObject\",\"inLanguage\":\"pt-BR\",\"@id\":\"https:\\\/\\\/carvalhoadvogado.aliamkt.com\\\/index.php\\\/2026\\\/08\\\/31\\\/trabalhar-exclusivamente-para-uma-empresa-como-pj\\\/#primaryimage\",\"url\":\"https:\\\/\\\/carvalhoadvogado.aliamkt.com\\\/wp-content\\\/uploads\\\/2026\\\/04\\\/escritorio-de-advocacia-trabalhista-em-contagem-1.jpg\",\"contentUrl\":\"https:\\\/\\\/carvalhoadvogado.aliamkt.com\\\/wp-content\\\/uploads\\\/2026\\\/04\\\/escritorio-de-advocacia-trabalhista-em-contagem-1.jpg\",\"width\":1200,\"height\":675},{\"@type\":\"BreadcrumbList\",\"@id\":\"https:\\\/\\\/carvalhoadvogado.aliamkt.com\\\/index.php\\\/2026\\\/08\\\/31\\\/trabalhar-exclusivamente-para-uma-empresa-como-pj\\\/#breadcrumb\",\"itemListElement\":[{\"@type\":\"ListItem\",\"position\":1,\"name\":\"In\u00edcio\",\"item\":\"https:\\\/\\\/carvalhoadvogado.aliamkt.com\\\/\"},{\"@type\":\"ListItem\",\"position\":2,\"name\":\"Trabalho Exclusivamente para Uma Empresa Sendo PJ: Isso Gera V\u00ednculo Empregat\u00edcio?\"}]},{\"@type\":\"WebSite\",\"@id\":\"https:\\\/\\\/carvalhoadvogado.aliamkt.com\\\/#website\",\"url\":\"https:\\\/\\\/carvalhoadvogado.aliamkt.com\\\/\",\"name\":\"Pedro Carvalho Advogado\",\"description\":\"Advogado Trabalhista\",\"publisher\":{\"@id\":\"https:\\\/\\\/carvalhoadvogado.aliamkt.com\\\/#organization\"},\"potentialAction\":[{\"@type\":\"SearchAction\",\"target\":{\"@type\":\"EntryPoint\",\"urlTemplate\":\"https:\\\/\\\/carvalhoadvogado.aliamkt.com\\\/?s={search_term_string}\"},\"query-input\":{\"@type\":\"PropertyValueSpecification\",\"valueRequired\":true,\"valueName\":\"search_term_string\"}}],\"inLanguage\":\"pt-BR\"},{\"@type\":\"Organization\",\"@id\":\"https:\\\/\\\/carvalhoadvogado.aliamkt.com\\\/#organization\",\"name\":\"Pedro Carvalho Advogado\",\"url\":\"https:\\\/\\\/carvalhoadvogado.aliamkt.com\\\/\",\"logo\":{\"@type\":\"ImageObject\",\"inLanguage\":\"pt-BR\",\"@id\":\"https:\\\/\\\/carvalhoadvogado.aliamkt.com\\\/#\\\/schema\\\/logo\\\/image\\\/\",\"url\":\"https:\\\/\\\/carvalhoadvogado.aliamkt.com\\\/wp-content\\\/uploads\\\/2024\\\/06\\\/Logo-azul.png\",\"contentUrl\":\"https:\\\/\\\/carvalhoadvogado.aliamkt.com\\\/wp-content\\\/uploads\\\/2024\\\/06\\\/Logo-azul.png\",\"width\":500,\"height\":500,\"caption\":\"Pedro Carvalho Advogado\"},\"image\":{\"@id\":\"https:\\\/\\\/carvalhoadvogado.aliamkt.com\\\/#\\\/schema\\\/logo\\\/image\\\/\"}},{\"@type\":\"Person\",\"@id\":\"https:\\\/\\\/carvalhoadvogado.aliamkt.com\\\/#\\\/schema\\\/person\\\/8f4d67ba57d6160ee802836a319bd8eb\",\"name\":\"lailacarvalhoadv\",\"image\":{\"@type\":\"ImageObject\",\"inLanguage\":\"pt-BR\",\"@id\":\"https:\\\/\\\/secure.gravatar.com\\\/avatar\\\/a60961139a792fb5ca701fab485f653a1b3cc37cf8dbd4937b4134105caf5369?s=96&d=mm&r=g\",\"url\":\"https:\\\/\\\/secure.gravatar.com\\\/avatar\\\/a60961139a792fb5ca701fab485f653a1b3cc37cf8dbd4937b4134105caf5369?s=96&d=mm&r=g\",\"contentUrl\":\"https:\\\/\\\/secure.gravatar.com\\\/avatar\\\/a60961139a792fb5ca701fab485f653a1b3cc37cf8dbd4937b4134105caf5369?s=96&d=mm&r=g\",\"caption\":\"lailacarvalhoadv\"},\"sameAs\":[\"https:\\\/\\\/carvalhoadvogado.aliamkt.com\"],\"url\":\"https:\\\/\\\/carvalhoadvogado.aliamkt.com\\\/index.php\\\/author\\\/lailacarvalhoadv\\\/\"}]}<\/script>\n<!-- \/ Yoast SEO plugin. -->","yoast_head_json":{"title":"Trabalhar Exclusivamente para Uma Empresa como PJ Gera V\u00ednculo?","description":"Trabalha exclusivamente para uma empresa como PJ? Entenda quando essa situa\u00e7\u00e3o pode gerar v\u00ednculo empregat\u00edcio e quais direitos trabalhistas voc\u00ea pode cobrar.","robots":{"index":"index","follow":"follow","max-snippet":"max-snippet:-1","max-image-preview":"max-image-preview:large","max-video-preview":"max-video-preview:-1"},"canonical":"https:\/\/carvalhoadvogado.aliamkt.com\/index.php\/2026\/08\/31\/trabalhar-exclusivamente-para-uma-empresa-como-pj\/","og_locale":"pt_BR","og_type":"article","og_title":"Trabalhar Exclusivamente para Uma Empresa como PJ Gera V\u00ednculo?","og_description":"Trabalha exclusivamente para uma empresa como PJ? Entenda quando essa situa\u00e7\u00e3o pode gerar v\u00ednculo empregat\u00edcio e quais direitos trabalhistas voc\u00ea pode cobrar.","og_url":"https:\/\/carvalhoadvogado.aliamkt.com\/index.php\/2026\/08\/31\/trabalhar-exclusivamente-para-uma-empresa-como-pj\/","og_site_name":"Pedro Carvalho Advogado Trabalhista","article_published_time":"2026-08-31T17:20:43+00:00","og_image":[{"width":1200,"height":675,"url":"https:\/\/carvalhoadvogado.aliamkt.com\/wp-content\/uploads\/2026\/04\/escritorio-de-advocacia-trabalhista-em-contagem-1.jpg","type":"image\/jpeg"}],"author":"lailacarvalhoadv","twitter_card":"summary_large_image","twitter_misc":{"Escrito por":"lailacarvalhoadv","Est. tempo de leitura":"17 minutos"},"schema":{"@context":"https:\/\/schema.org","@graph":[{"@type":"Article","@id":"https:\/\/carvalhoadvogado.aliamkt.com\/index.php\/2026\/08\/31\/trabalhar-exclusivamente-para-uma-empresa-como-pj\/#article","isPartOf":{"@id":"https:\/\/carvalhoadvogado.aliamkt.com\/index.php\/2026\/08\/31\/trabalhar-exclusivamente-para-uma-empresa-como-pj\/"},"author":{"name":"lailacarvalhoadv","@id":"https:\/\/carvalhoadvogado.aliamkt.com\/#\/schema\/person\/8f4d67ba57d6160ee802836a319bd8eb"},"headline":"Trabalho Exclusivamente para Uma Empresa Sendo PJ: Isso Gera V\u00ednculo Empregat\u00edcio?","datePublished":"2026-08-31T17:20:43+00:00","mainEntityOfPage":{"@id":"https:\/\/carvalhoadvogado.aliamkt.com\/index.php\/2026\/08\/31\/trabalhar-exclusivamente-para-uma-empresa-como-pj\/"},"wordCount":3411,"commentCount":0,"publisher":{"@id":"https:\/\/carvalhoadvogado.aliamkt.com\/#organization"},"image":{"@id":"https:\/\/carvalhoadvogado.aliamkt.com\/index.php\/2026\/08\/31\/trabalhar-exclusivamente-para-uma-empresa-como-pj\/#primaryimage"},"thumbnailUrl":"https:\/\/carvalhoadvogado.aliamkt.com\/wp-content\/uploads\/2026\/04\/escritorio-de-advocacia-trabalhista-em-contagem-1.jpg","articleSection":["Direito Trabalhista"],"inLanguage":"pt-BR","potentialAction":[{"@type":"CommentAction","name":"Comment","target":["https:\/\/carvalhoadvogado.aliamkt.com\/index.php\/2026\/08\/31\/trabalhar-exclusivamente-para-uma-empresa-como-pj\/#respond"]}]},{"@type":"WebPage","@id":"https:\/\/carvalhoadvogado.aliamkt.com\/index.php\/2026\/08\/31\/trabalhar-exclusivamente-para-uma-empresa-como-pj\/","url":"https:\/\/carvalhoadvogado.aliamkt.com\/index.php\/2026\/08\/31\/trabalhar-exclusivamente-para-uma-empresa-como-pj\/","name":"Trabalhar Exclusivamente para Uma Empresa como PJ Gera V\u00ednculo?","isPartOf":{"@id":"https:\/\/carvalhoadvogado.aliamkt.com\/#website"},"primaryImageOfPage":{"@id":"https:\/\/carvalhoadvogado.aliamkt.com\/index.php\/2026\/08\/31\/trabalhar-exclusivamente-para-uma-empresa-como-pj\/#primaryimage"},"image":{"@id":"https:\/\/carvalhoadvogado.aliamkt.com\/index.php\/2026\/08\/31\/trabalhar-exclusivamente-para-uma-empresa-como-pj\/#primaryimage"},"thumbnailUrl":"https:\/\/carvalhoadvogado.aliamkt.com\/wp-content\/uploads\/2026\/04\/escritorio-de-advocacia-trabalhista-em-contagem-1.jpg","datePublished":"2026-08-31T17:20:43+00:00","description":"Trabalha exclusivamente para uma empresa como PJ? Entenda quando essa situa\u00e7\u00e3o pode gerar v\u00ednculo empregat\u00edcio e quais direitos trabalhistas voc\u00ea pode cobrar.","breadcrumb":{"@id":"https:\/\/carvalhoadvogado.aliamkt.com\/index.php\/2026\/08\/31\/trabalhar-exclusivamente-para-uma-empresa-como-pj\/#breadcrumb"},"inLanguage":"pt-BR","potentialAction":[{"@type":"ReadAction","target":["https:\/\/carvalhoadvogado.aliamkt.com\/index.php\/2026\/08\/31\/trabalhar-exclusivamente-para-uma-empresa-como-pj\/"]}]},{"@type":"ImageObject","inLanguage":"pt-BR","@id":"https:\/\/carvalhoadvogado.aliamkt.com\/index.php\/2026\/08\/31\/trabalhar-exclusivamente-para-uma-empresa-como-pj\/#primaryimage","url":"https:\/\/carvalhoadvogado.aliamkt.com\/wp-content\/uploads\/2026\/04\/escritorio-de-advocacia-trabalhista-em-contagem-1.jpg","contentUrl":"https:\/\/carvalhoadvogado.aliamkt.com\/wp-content\/uploads\/2026\/04\/escritorio-de-advocacia-trabalhista-em-contagem-1.jpg","width":1200,"height":675},{"@type":"BreadcrumbList","@id":"https:\/\/carvalhoadvogado.aliamkt.com\/index.php\/2026\/08\/31\/trabalhar-exclusivamente-para-uma-empresa-como-pj\/#breadcrumb","itemListElement":[{"@type":"ListItem","position":1,"name":"In\u00edcio","item":"https:\/\/carvalhoadvogado.aliamkt.com\/"},{"@type":"ListItem","position":2,"name":"Trabalho Exclusivamente para Uma Empresa Sendo PJ: Isso Gera V\u00ednculo Empregat\u00edcio?"}]},{"@type":"WebSite","@id":"https:\/\/carvalhoadvogado.aliamkt.com\/#website","url":"https:\/\/carvalhoadvogado.aliamkt.com\/","name":"Pedro Carvalho Advogado","description":"Advogado Trabalhista","publisher":{"@id":"https:\/\/carvalhoadvogado.aliamkt.com\/#organization"},"potentialAction":[{"@type":"SearchAction","target":{"@type":"EntryPoint","urlTemplate":"https:\/\/carvalhoadvogado.aliamkt.com\/?s={search_term_string}"},"query-input":{"@type":"PropertyValueSpecification","valueRequired":true,"valueName":"search_term_string"}}],"inLanguage":"pt-BR"},{"@type":"Organization","@id":"https:\/\/carvalhoadvogado.aliamkt.com\/#organization","name":"Pedro Carvalho Advogado","url":"https:\/\/carvalhoadvogado.aliamkt.com\/","logo":{"@type":"ImageObject","inLanguage":"pt-BR","@id":"https:\/\/carvalhoadvogado.aliamkt.com\/#\/schema\/logo\/image\/","url":"https:\/\/carvalhoadvogado.aliamkt.com\/wp-content\/uploads\/2024\/06\/Logo-azul.png","contentUrl":"https:\/\/carvalhoadvogado.aliamkt.com\/wp-content\/uploads\/2024\/06\/Logo-azul.png","width":500,"height":500,"caption":"Pedro Carvalho Advogado"},"image":{"@id":"https:\/\/carvalhoadvogado.aliamkt.com\/#\/schema\/logo\/image\/"}},{"@type":"Person","@id":"https:\/\/carvalhoadvogado.aliamkt.com\/#\/schema\/person\/8f4d67ba57d6160ee802836a319bd8eb","name":"lailacarvalhoadv","image":{"@type":"ImageObject","inLanguage":"pt-BR","@id":"https:\/\/secure.gravatar.com\/avatar\/a60961139a792fb5ca701fab485f653a1b3cc37cf8dbd4937b4134105caf5369?s=96&d=mm&r=g","url":"https:\/\/secure.gravatar.com\/avatar\/a60961139a792fb5ca701fab485f653a1b3cc37cf8dbd4937b4134105caf5369?s=96&d=mm&r=g","contentUrl":"https:\/\/secure.gravatar.com\/avatar\/a60961139a792fb5ca701fab485f653a1b3cc37cf8dbd4937b4134105caf5369?s=96&d=mm&r=g","caption":"lailacarvalhoadv"},"sameAs":["https:\/\/carvalhoadvogado.aliamkt.com"],"url":"https:\/\/carvalhoadvogado.aliamkt.com\/index.php\/author\/lailacarvalhoadv\/"}]}},"_links":{"self":[{"href":"https:\/\/carvalhoadvogado.aliamkt.com\/index.php\/wp-json\/wp\/v2\/posts\/1924","targetHints":{"allow":["GET"]}}],"collection":[{"href":"https:\/\/carvalhoadvogado.aliamkt.com\/index.php\/wp-json\/wp\/v2\/posts"}],"about":[{"href":"https:\/\/carvalhoadvogado.aliamkt.com\/index.php\/wp-json\/wp\/v2\/types\/post"}],"author":[{"embeddable":true,"href":"https:\/\/carvalhoadvogado.aliamkt.com\/index.php\/wp-json\/wp\/v2\/users\/1"}],"replies":[{"embeddable":true,"href":"https:\/\/carvalhoadvogado.aliamkt.com\/index.php\/wp-json\/wp\/v2\/comments?post=1924"}],"version-history":[{"count":1,"href":"https:\/\/carvalhoadvogado.aliamkt.com\/index.php\/wp-json\/wp\/v2\/posts\/1924\/revisions"}],"predecessor-version":[{"id":1925,"href":"https:\/\/carvalhoadvogado.aliamkt.com\/index.php\/wp-json\/wp\/v2\/posts\/1924\/revisions\/1925"}],"wp:featuredmedia":[{"embeddable":true,"href":"https:\/\/carvalhoadvogado.aliamkt.com\/index.php\/wp-json\/wp\/v2\/media\/1684"}],"wp:attachment":[{"href":"https:\/\/carvalhoadvogado.aliamkt.com\/index.php\/wp-json\/wp\/v2\/media?parent=1924"}],"wp:term":[{"taxonomy":"category","embeddable":true,"href":"https:\/\/carvalhoadvogado.aliamkt.com\/index.php\/wp-json\/wp\/v2\/categories?post=1924"},{"taxonomy":"post_tag","embeddable":true,"href":"https:\/\/carvalhoadvogado.aliamkt.com\/index.php\/wp-json\/wp\/v2\/tags?post=1924"}],"curies":[{"name":"wp","href":"https:\/\/api.w.org\/{rel}","templated":true}]}}