{"id":1926,"date":"2026-09-01T09:38:17","date_gmt":"2026-09-01T12:38:17","guid":{"rendered":"https:\/\/carvalhoadvogado.aliamkt.com\/?p=1926"},"modified":"2026-09-01T09:38:17","modified_gmt":"2026-09-01T12:38:17","slug":"frentista-trabalha-feriado-recebe-em-dobro","status":"publish","type":"post","link":"https:\/\/carvalhoadvogado.aliamkt.com\/index.php\/2026\/09\/01\/frentista-trabalha-feriado-recebe-em-dobro\/","title":{"rendered":"Frentista que Trabalha aos Domingos e Feriados Tem Direito a Pagamento em Dobro?"},"content":{"rendered":"<p><span style=\"font-weight: 400;\">Quem trabalha como frentista sabe que o posto de gasolina n\u00e3o para.<\/span><\/p>\n<p><span style=\"font-weight: 400;\">Enquanto grande parte das pessoas aproveita o domingo para descansar, viajar ou passar o dia com a fam\u00edlia, muitos frentistas est\u00e3o trabalhando normalmente. Da mesma forma, enquanto boa parte dos trabalhadores aproveita um feriado, o profissional do posto continua abastecendo ve\u00edculos e atendendo clientes.<\/span><\/p>\n<p><span style=\"font-weight: 400;\">Por isso, uma d\u00favida aparece com frequ\u00eancia: <\/span><b>frentista que trabalha aos domingos e feriados tem direito a receber em dobro?<\/b><\/p>\n<p><span style=\"font-weight: 400;\">A resposta depende de alguns fatores.<\/span><\/p>\n<p><span style=\"font-weight: 400;\">Afinal, o trabalho aos domingos pode ser permitido quando existe a devida organiza\u00e7\u00e3o da escala e a concess\u00e3o do descanso semanal. Al\u00e9m disso, o trabalho em feriados possui regras pr\u00f3prias. Por outro lado, quando o empregador deixa de conceder a folga compensat\u00f3ria ou descumpre as normas aplic\u00e1veis, podem surgir diferen\u00e7as salariais.<\/span><\/p>\n<p><span style=\"font-weight: 400;\">Portanto, n\u00e3o basta simplesmente olhar para o contracheque. \u00c9 necess\u00e1rio analisar a jornada, a escala, as folgas concedidas, os registros de ponto e, principalmente, as regras previstas para a categoria.<\/span><\/p>\n<p><span style=\"font-weight: 400;\">Neste artigo, voc\u00ea vai entender <\/span><b>quando o frentista tem direito ao pagamento em dobro<\/b><span style=\"font-weight: 400;\">, como funciona o trabalho aos domingos e feriados e o que pode ser feito quando a empresa n\u00e3o respeita esses direitos.<\/span><\/p>\n<h1><b>Por Que os Frentistas Trabalham aos Domingos e Feriados?<\/b><\/h1>\n<p><span style=\"font-weight: 400;\">Primeiramente, \u00e9 importante entender uma caracter\u00edstica pr\u00f3pria dessa atividade.<\/span><\/p>\n<p><span style=\"font-weight: 400;\">Os postos de combust\u00edveis normalmente precisam funcionar durante longos per\u00edodos e, em muitos casos, permanecem abertos todos os dias da semana.<\/span><\/p>\n<p><span style=\"font-weight: 400;\">Consequentemente, o empregador precisa organizar equipes para cobrir diferentes hor\u00e1rios.<\/span><\/p>\n<p><span style=\"font-weight: 400;\">Assim, enquanto alguns empregados trabalham durante a semana, outros trabalham aos s\u00e1bados, domingos e feriados.<\/span><\/p>\n<p><span style=\"font-weight: 400;\">Entretanto, o fato de o estabelecimento funcionar nesses dias <\/span><b>n\u00e3o significa que o empregado perdeu o direito ao descanso<\/b><span style=\"font-weight: 400;\">.<\/span><\/p>\n<p><span style=\"font-weight: 400;\">Muito pelo contr\u00e1rio.<\/span><\/p>\n<p><span style=\"font-weight: 400;\">A legisla\u00e7\u00e3o trabalhista estabelece mecanismos justamente para garantir que o trabalhador tenha per\u00edodos adequados de descanso.<\/span><\/p>\n<p><span style=\"font-weight: 400;\">Por isso, a empresa precisa organizar uma escala que respeite as regras aplic\u00e1veis.<\/span><\/p>\n<h1><b>O Trabalho aos Domingos \u00e9 Permitido para o Frentista?<\/b><\/h1>\n<p><span style=\"font-weight: 400;\">Sim.<\/span><\/p>\n<p><span style=\"font-weight: 400;\">O trabalho aos domingos pode ser permitido para os frentistas, especialmente porque a atividade dos postos de combust\u00edveis possui funcionamento cont\u00ednuo.<\/span><\/p>\n<p><span style=\"font-weight: 400;\">No entanto, isso n\u00e3o significa que o trabalhador possa ficar sem descanso semanal.<\/span><\/p>\n<p><span style=\"font-weight: 400;\">Al\u00e9m disso, a empresa precisa observar a legisla\u00e7\u00e3o e as normas coletivas aplic\u00e1veis \u00e0 categoria.<\/span><\/p>\n<p><span style=\"font-weight: 400;\">Portanto, existe uma diferen\u00e7a importante entre <\/span><b>trabalhar no domingo<\/b><span style=\"font-weight: 400;\"> e <\/span><b>trabalhar no domingo sem receber o descanso devido<\/b><span style=\"font-weight: 400;\">.<\/span><\/p>\n<p><span style=\"font-weight: 400;\">S\u00e3o situa\u00e7\u00f5es completamente diferentes.<\/span><\/p>\n<h2><b>O Funcionamento do Posto N\u00e3o Elimina os Direitos do Trabalhador<\/b><\/h2>\n<p><span style=\"font-weight: 400;\">Imagine, por exemplo, que um posto funcione 24 horas por dia.<\/span><\/p>\n<p><span style=\"font-weight: 400;\">Isso n\u00e3o significa que o frentista precise trabalhar todos os dias.<\/span><\/p>\n<p><span style=\"font-weight: 400;\">Pelo contr\u00e1rio.<\/span><\/p>\n<p><span style=\"font-weight: 400;\">A empresa deve organizar uma escala para que os empregados tenham suas folgas.<\/span><\/p>\n<p><span style=\"font-weight: 400;\">Al\u00e9m disso, o descanso semanal remunerado continua sendo um direito do trabalhador.<\/span><\/p>\n<p><span style=\"font-weight: 400;\">Consequentemente, o funcionamento ininterrupto do estabelecimento n\u00e3o serve como justificativa para eliminar o descanso semanal.<\/span><\/p>\n<h2><b>A Import\u00e2ncia da Escala de Trabalho<\/b><\/h2>\n<p><span style=\"font-weight: 400;\">Por outro lado, a escala \u00e9 fundamental para verificar se os direitos est\u00e3o sendo respeitados.<\/span><\/p>\n<p><span style=\"font-weight: 400;\">Logo, o trabalhador deve prestar aten\u00e7\u00e3o aos dias efetivamente trabalhados e \u00e0s folgas concedidas.<\/span><\/p>\n<p><span style=\"font-weight: 400;\">Exemplo, se o frentista trabalha durante um domingo, \u00e9 importante verificar quando recebeu a folga correspondente.<\/span><\/p>\n<p><span style=\"font-weight: 400;\">Da mesma maneira, se trabalha em um feriado, deve verificar se houve compensa\u00e7\u00e3o ou pagamento correspondente.<\/span><\/p>\n<p><span style=\"font-weight: 400;\">Assim, guardar fotografias da escala, mensagens do gerente e registros de ponto pode ser muito importante.<\/span><\/p>\n<h1><b>Frentista que Trabalha no Domingo Recebe em Dobro?<\/b><\/h1>\n<p><span style=\"font-weight: 400;\">N\u00e3o necessariamente.<\/span><\/p>\n<p><span style=\"font-weight: 400;\">Essa \u00e9 uma das maiores confus\u00f5es sobre o assunto.<\/span><\/p>\n<p><span style=\"font-weight: 400;\">O simples fato de trabalhar no domingo n\u00e3o significa, automaticamente, que o trabalhador receber\u00e1 o dia em dobro.<\/span><\/p>\n<p><span style=\"font-weight: 400;\">Em determinadas situa\u00e7\u00f5es, o trabalho no domingo pode ser compensado pela concess\u00e3o de outro dia de descanso.<\/span><\/p>\n<p><span style=\"font-weight: 400;\">Nesse caso, n\u00e3o h\u00e1 necessariamente pagamento em dobro apenas porque o domingo foi trabalhado.<\/span><\/p>\n<p><span style=\"font-weight: 400;\">Por outro lado, quando o trabalho aos domingos n\u00e3o \u00e9 compensado adequadamente, pode existir direito ao pagamento correspondente, conforme as circunst\u00e2ncias do caso e as normas aplic\u00e1veis.<\/span><\/p>\n<p><span style=\"font-weight: 400;\">Portanto, \u00e9 fundamental analisar a escala completa.<\/span><\/p>\n<h1><b>Quando o Domingo Trabalhado Deve Ser Compensado com Folga?<\/b><\/h1>\n<p><span style=\"font-weight: 400;\">O descanso semanal remunerado \u00e9 um dos principais mecanismos de prote\u00e7\u00e3o do trabalhador.<\/span><\/p>\n<p><span style=\"font-weight: 400;\">Assim, quando o frentista trabalha no domingo, a empresa deve organizar sua escala de maneira que o descanso semanal seja respeitado.<\/span><\/p>\n<p><span style=\"font-weight: 400;\">Por exemplo:<\/span><\/p>\n<p><span style=\"font-weight: 400;\">O trabalhador atua no domingo.<\/span><\/p>\n<p><span style=\"font-weight: 400;\">Depois, recebe sua folga em outro dia da semana.<\/span><\/p>\n<p><span style=\"font-weight: 400;\">Nesse cen\u00e1rio, o domingo trabalhado pode estar devidamente compensado, desde que a escala esteja de acordo com as regras legais e coletivas aplic\u00e1veis.<\/span><\/p>\n<p><span style=\"font-weight: 400;\">Entretanto, se o trabalhador trabalha continuamente sem receber o descanso devido, a situa\u00e7\u00e3o pode ser irregular.<\/span><\/p>\n<p><span style=\"font-weight: 400;\">Por isso, n\u00e3o basta verificar apenas quantos domingos foram trabalhados.<\/span><\/p>\n<p><span style=\"font-weight: 400;\">\u00c9 necess\u00e1rio observar <\/span><b>quando ocorreram as folgas<\/b><span style=\"font-weight: 400;\">.<\/span><\/p>\n<h1><b>E se a Empresa N\u00e3o Conceder a Folga Compensat\u00f3ria?<\/b><\/h1>\n<p><span style=\"font-weight: 400;\">Aqui est\u00e1 um ponto muito importante.<\/span><\/p>\n<p><span style=\"font-weight: 400;\">Se o empregado trabalha no domingo e n\u00e3o recebe a devida folga compensat\u00f3ria, pode existir direito ao pagamento correspondente, conforme a situa\u00e7\u00e3o concreta.<\/span><\/p>\n<p><span style=\"font-weight: 400;\">Al\u00e9m disso, a an\u00e1lise deve considerar as regras da categoria e a forma como a jornada foi organizada.<\/span><\/p>\n<p><span style=\"font-weight: 400;\">Imagine, por exemplo, que o trabalhador tenha trabalhado v\u00e1rios domingos durante o m\u00eas e n\u00e3o tenha recebido nenhuma folga correspondente.<\/span><\/p>\n<p><span style=\"font-weight: 400;\">Nesse caso, a situa\u00e7\u00e3o merece uma an\u00e1lise detalhada.<\/span><\/p>\n<p><span style=\"font-weight: 400;\">Afinal, o descanso semanal remunerado existe justamente para evitar que o trabalhador permane\u00e7a trabalhando continuamente sem recupera\u00e7\u00e3o f\u00edsica e mental.<\/span><\/p>\n<p><span style=\"font-weight: 400;\">Portanto, se isso acontece com voc\u00ea, guarde suas escalas e procure orienta\u00e7\u00e3o especializada.<\/span><\/p>\n<h1><b>Como Funciona o Trabalho em Feriados?<\/b><\/h1>\n<p><span style=\"font-weight: 400;\">O feriado possui tratamento diferente do domingo.<\/span><\/p>\n<p><span style=\"font-weight: 400;\">Em regra, o trabalho realizado em feriado pode gerar direito \u00e0 remunera\u00e7\u00e3o em dobro quando n\u00e3o houver folga compensat\u00f3ria, observadas as regras legais e coletivas aplic\u00e1veis.<\/span><\/p>\n<p><span style=\"font-weight: 400;\">Portanto, se o frentista trabalhou em um feriado, \u00e9 importante verificar se recebeu uma folga compensat\u00f3ria.<\/span><\/p>\n<p><span style=\"font-weight: 400;\">Caso n\u00e3o tenha recebido, pode existir diferen\u00e7a salarial a ser cobrada.<\/span><\/p>\n<p><span style=\"font-weight: 400;\">Al\u00e9m disso, determinadas conven\u00e7\u00f5es coletivas podem estabelecer condi\u00e7\u00f5es espec\u00edficas para os trabalhadores dos postos de combust\u00edveis.<\/span><\/p>\n<p><span style=\"font-weight: 400;\">Por isso, a norma coletiva deve sempre ser consultada.<\/span><\/p>\n<h1><b>Frentista Tem Direito a Receber o Feriado em Dobro?<\/b><\/h1>\n<p><span style=\"font-weight: 400;\">Em determinadas situa\u00e7\u00f5es, sim.<\/span><\/p>\n<p><span style=\"font-weight: 400;\">Contudo, novamente, n\u00e3o \u00e9 correto afirmar que todo feriado trabalhado ser\u00e1 automaticamente pago em dobro.<\/span><\/p>\n<p><span style=\"font-weight: 400;\">A regra precisa ser analisada em conjunto com a exist\u00eancia ou n\u00e3o de folga compensat\u00f3ria e com as normas aplic\u00e1veis.<\/span><\/p>\n<p><span style=\"font-weight: 400;\">Por exemplo:<\/span><\/p>\n<p><b>Situa\u00e7\u00e3o 1:<\/b><span style=\"font-weight: 400;\"> o frentista trabalha no feriado e recebe uma folga compensat\u00f3ria v\u00e1lida.<\/span><\/p>\n<p><span style=\"font-weight: 400;\">Nesse caso, o tratamento ser\u00e1 diferente daquele em que n\u00e3o existe qualquer compensa\u00e7\u00e3o.<\/span><\/p>\n<p><b>Situa\u00e7\u00e3o 2:<\/b><span style=\"font-weight: 400;\"> o frentista trabalha no feriado e n\u00e3o recebe folga compensat\u00f3ria.<\/span><\/p>\n<p><span style=\"font-weight: 400;\">Nesse cen\u00e1rio, pode surgir o direito \u00e0 remunera\u00e7\u00e3o correspondente ao feriado em dobro, conforme a legisla\u00e7\u00e3o e a jurisprud\u00eancia aplic\u00e1veis.<\/span><\/p>\n<p><span style=\"font-weight: 400;\">Por isso, \u00e9 t\u00e3o importante verificar a escala.<\/span><\/p>\n<h1><b>A Conven\u00e7\u00e3o Coletiva Pode Estabelecer Regras Diferentes?<\/b><\/h1>\n<p><span style=\"font-weight: 400;\">Sim.<\/span><\/p>\n<p><span style=\"font-weight: 400;\">Esse ponto merece bastante aten\u00e7\u00e3o.<\/span><\/p>\n<p><span style=\"font-weight: 400;\">A categoria dos frentistas pode estar abrangida por conven\u00e7\u00f5es e acordos coletivos que estabelecem regras espec\u00edficas sobre jornada, domingos, feriados, adicionais, folgas e outras condi\u00e7\u00f5es de trabalho.<\/span><\/p>\n<p><span style=\"font-weight: 400;\">Consequentemente, duas situa\u00e7\u00f5es aparentemente iguais podem ter tratamentos diferentes dependendo da norma coletiva aplic\u00e1vel \u00e0quele trabalhador.<\/span><\/p>\n<p><span style=\"font-weight: 400;\">Por isso, antes de calcular qualquer valor, \u00e9 importante verificar qual conven\u00e7\u00e3o coletiva se aplica ao posto e ao empregado.<\/span><\/p>\n<p><span style=\"font-weight: 400;\">Al\u00e9m disso, a norma coletiva pode estabelecer benef\u00edcios que n\u00e3o aparecem diretamente na CLT.<\/span><\/p>\n<p><span style=\"font-weight: 400;\">Portanto, consultar a conven\u00e7\u00e3o coletiva pode revelar direitos que o trabalhador nem sabia que possu\u00eda.<\/span><\/p>\n<h1><b>Como Funciona a Escala 6&#215;1 do Frentista?<\/b><\/h1>\n<p><span style=\"font-weight: 400;\">A escala 6&#215;1 \u00e9 bastante conhecida.<\/span><\/p>\n<p><span style=\"font-weight: 400;\">Nela, o trabalhador atua durante seis dias e possui um dia de descanso.<\/span><\/p>\n<p><span style=\"font-weight: 400;\">Entretanto, o fato de existir uma folga semanal n\u00e3o significa que qualquer escala seja automaticamente v\u00e1lida.<\/span><\/p>\n<p><span style=\"font-weight: 400;\">\u00c9 necess\u00e1rio observar a jornada di\u00e1ria, o limite semanal, os intervalos e as regras relacionadas ao descanso semanal.<\/span><\/p>\n<p><span style=\"font-weight: 400;\">Al\u00e9m disso, quando a folga ocorre em determinado dia da semana, \u00e9 importante verificar se a empresa est\u00e1 respeitando as regras espec\u00edficas aplic\u00e1veis ao trabalho aos domingos.<\/span><\/p>\n<p><span style=\"font-weight: 400;\">Por isso, o simples nome da escala n\u00e3o \u00e9 suficiente para concluir que todos os direitos est\u00e3o sendo respeitados.<\/span><\/p>\n<h1><b>Como Funciona a Escala 12&#215;36?<\/b><\/h1>\n<p><span style=\"font-weight: 400;\">Outra escala que pode aparecer nos postos de combust\u00edveis \u00e9 a 12&#215;36.<\/span><\/p>\n<p><span style=\"font-weight: 400;\">Nesse sistema, o empregado trabalha durante 12 horas e descansa nas 36 horas seguintes, desde que observados os requisitos legais e convencionais aplic\u00e1veis.<\/span><\/p>\n<p><span style=\"font-weight: 400;\">Entretanto, \u00e9 preciso ter aten\u00e7\u00e3o.<\/span><\/p>\n<p><span style=\"font-weight: 400;\">Isso porque a exist\u00eancia de uma escala 12&#215;36 n\u00e3o significa que o empregador possa ignorar outras obriga\u00e7\u00f5es trabalhistas.<\/span><\/p>\n<p><span style=\"font-weight: 400;\">Al\u00e9m disso, devem ser analisadas as regras relativas ao intervalo, ao controle da jornada e \u00e0 norma coletiva eventualmente aplic\u00e1vel.<\/span><\/p>\n<p><span style=\"font-weight: 400;\">Portanto, se existe d\u00favida sobre a validade ou o cumprimento da escala, o ideal \u00e9 analisar os documentos.<\/span><\/p>\n<h1><b>O Que Acontece Quando o Frentista Trabalha V\u00e1rios Domingos Seguidos?<\/b><\/h1>\n<p><span style=\"font-weight: 400;\">Essa situa\u00e7\u00e3o merece aten\u00e7\u00e3o especial.<\/span><\/p>\n<p><span style=\"font-weight: 400;\">Afinal, trabalhar repetidamente aos domingos pode ser perfeitamente diferente de trabalhar em um domingo ocasionalmente.<\/span><\/p>\n<p><span style=\"font-weight: 400;\">Por isso, o trabalhador deve observar a sequ\u00eancia das escalas.<\/span><\/p>\n<p><span style=\"font-weight: 400;\">Imagine que o frentista trabalhe v\u00e1rios domingos consecutivos e receba folgas em dias que n\u00e3o atendam \u00e0s regras aplic\u00e1veis.<\/span><\/p>\n<p><span style=\"font-weight: 400;\">Nesse caso, pode existir irregularidade.<\/span><\/p>\n<p><span style=\"font-weight: 400;\">Al\u00e9m disso, dependendo da situa\u00e7\u00e3o, podem existir diferen\u00e7as relacionadas ao descanso semanal remunerado.<\/span><\/p>\n<p><span style=\"font-weight: 400;\">Por isso, se voc\u00ea percebe que est\u00e1 trabalhando praticamente todos os domingos, vale a pena conferir cuidadosamente sua escala.<\/span><\/p>\n<h1><b>Trabalhar no Domingo Gera Horas Extras?<\/b><\/h1>\n<p><span style=\"font-weight: 400;\">N\u00e3o necessariamente.<\/span><\/p>\n<p><span style=\"font-weight: 400;\">O domingo, por si s\u00f3, n\u00e3o transforma automaticamente todas as horas trabalhadas em horas extras.<\/span><\/p>\n<p><span style=\"font-weight: 400;\">A exist\u00eancia de horas extras depende da dura\u00e7\u00e3o da jornada e da forma como a escala foi organizada.<\/span><\/p>\n<p><span style=\"font-weight: 400;\">Por exemplo, se o trabalhador cumpre sua jornada normal no domingo e recebe a folga correspondente, n\u00e3o significa automaticamente que aquelas horas sejam extraordin\u00e1rias.<\/span><\/p>\n<p><span style=\"font-weight: 400;\">Por outro lado, se a empresa exige que o empregado ultrapasse sua jornada normal, as horas excedentes podem gerar direito ao pagamento de horas extras.<\/span><\/p>\n<p><span style=\"font-weight: 400;\">Al\u00e9m disso, o trabalho extraordin\u00e1rio pode produzir reflexos em outras verbas.<\/span><\/p>\n<p><span style=\"font-weight: 400;\">Portanto, \u00e9 necess\u00e1rio separar as duas quest\u00f5es:<\/span><\/p>\n<p><b>trabalho no domingo<\/b><span style=\"font-weight: 400;\"> \u00e9 uma coisa;<\/span><\/p>\n<p><b>trabalho al\u00e9m da jornada<\/b><span style=\"font-weight: 400;\"> \u00e9 outra.<\/span><\/p>\n<h1><b>O Adicional Noturno Tamb\u00e9m Pode Ser Devido?<\/b><\/h1>\n<p><span style=\"font-weight: 400;\">Sim.<\/span><\/p>\n<p><span style=\"font-weight: 400;\">E aqui surge outro ponto importante.<\/span><\/p>\n<p><span style=\"font-weight: 400;\">Muitos postos funcionam durante a madrugada. Consequentemente, alguns frentistas trabalham durante o per\u00edodo noturno.<\/span><\/p>\n<p><span style=\"font-weight: 400;\">Nesse caso, al\u00e9m das quest\u00f5es relacionadas aos domingos e feriados, pode existir direito ao <\/span><b>adicional noturno<\/b><span style=\"font-weight: 400;\">, observadas as regras aplic\u00e1veis.<\/span><\/p>\n<p><span style=\"font-weight: 400;\">Al\u00e9m disso, a jornada noturna possui regras espec\u00edficas.<\/span><\/p>\n<p><span style=\"font-weight: 400;\">Por isso, se o trabalhador atua frequentemente durante a noite e tamb\u00e9m trabalha aos domingos e feriados, \u00e9 importante analisar todos esses fatores conjuntamente.<\/span><\/p>\n<p><span style=\"font-weight: 400;\">Afinal, diferentes direitos podem existir ao mesmo tempo.<\/span><\/p>\n<h1><b>Intervalos e Descanso Semanal do Frentista<\/b><\/h1>\n<p><span style=\"font-weight: 400;\">N\u00e3o basta conceder uma folga ocasional.<\/span><\/p>\n<p><span style=\"font-weight: 400;\">O trabalhador tamb\u00e9m possui direito aos intervalos previstos na legisla\u00e7\u00e3o.<\/span><\/p>\n<p><span style=\"font-weight: 400;\">Assim, durante uma jornada extensa, deve existir per\u00edodo destinado ao descanso e \u00e0 alimenta\u00e7\u00e3o.<\/span><\/p>\n<p><span style=\"font-weight: 400;\">Al\u00e9m disso, existe o descanso entre uma jornada e outra e o descanso semanal remunerado.<\/span><\/p>\n<p><span style=\"font-weight: 400;\">Por isso, se o frentista termina o expediente muito tarde e retorna ao posto poucas horas depois, \u00e9 importante verificar se o intervalo entre as jornadas est\u00e1 sendo respeitado.<\/span><\/p>\n<p><span style=\"font-weight: 400;\">Da mesma forma, jornadas excessivamente longas podem gerar horas extras.<\/span><\/p>\n<p><span style=\"font-weight: 400;\">Consequentemente, uma an\u00e1lise completa pode revelar mais de uma irregularidade.<\/span><\/p>\n<h1><b>Como Provar que Trabalhou aos Domingos e Feriados?<\/b><\/h1>\n<p><span style=\"font-weight: 400;\">Primeiramente, o cart\u00e3o de ponto \u00e9 uma prova importante.<\/span><\/p>\n<p><span style=\"font-weight: 400;\">Entretanto, ele n\u00e3o \u00e9 a \u00fanica.<\/span><\/p>\n<p><span style=\"font-weight: 400;\">O trabalhador tamb\u00e9m pode guardar:<\/span><\/p>\n<ul>\n<li style=\"font-weight: 400;\" aria-level=\"1\"><span style=\"font-weight: 400;\">Escalas de trabalho;<\/span><\/li>\n<li style=\"font-weight: 400;\" aria-level=\"1\"><span style=\"font-weight: 400;\">Fotografias do posto;<\/span><\/li>\n<li style=\"font-weight: 400;\" aria-level=\"1\"><span style=\"font-weight: 400;\">Mensagens de WhatsApp;<\/span><\/li>\n<li style=\"font-weight: 400;\" aria-level=\"1\"><span style=\"font-weight: 400;\">Conversas com supervisores;<\/span><\/li>\n<li style=\"font-weight: 400;\" aria-level=\"1\"><span style=\"font-weight: 400;\">Contracheques;<\/span><\/li>\n<li style=\"font-weight: 400;\" aria-level=\"1\"><span style=\"font-weight: 400;\">E-mails;<\/span><\/li>\n<li style=\"font-weight: 400;\" aria-level=\"1\"><span style=\"font-weight: 400;\">Registros eletr\u00f4nicos;<\/span><\/li>\n<li style=\"font-weight: 400;\" aria-level=\"1\"><span style=\"font-weight: 400;\">Testemunhas.<\/span><\/li>\n<\/ul>\n<p><span style=\"font-weight: 400;\">Al\u00e9m disso, mensagens enviadas pelo gerente podem ajudar a demonstrar a jornada efetivamente cumprida.<\/span><\/p>\n<p><span style=\"font-weight: 400;\">Por exemplo, imagine uma mensagem enviada no domingo dizendo:<\/span><\/p>\n<p><span style=\"font-weight: 400;\">&#8220;Preciso que voc\u00ea cubra o turno de hoje.&#8221;<\/span><\/p>\n<p><span style=\"font-weight: 400;\">Esse tipo de registro pode ajudar a demonstrar que o trabalhador efetivamente estava escalado naquele dia.<\/span><\/p>\n<p><span style=\"font-weight: 400;\">Portanto, nunca \u00e9 recomend\u00e1vel descartar documentos relacionados \u00e0 rotina de trabalho.<\/span><\/p>\n<h1><b>Posso Cobrar Domingos e Feriados Trabalhados na Justi\u00e7a?<\/b><\/h1>\n<p><span style=\"font-weight: 400;\">Sim.<\/span><\/p>\n<p><span style=\"font-weight: 400;\">Caso existam valores devidos e n\u00e3o pagos, o trabalhador pode buscar a Justi\u00e7a do Trabalho.<\/span><\/p>\n<p><span style=\"font-weight: 400;\">Entretanto, \u00e9 importante observar os prazos previstos na legisla\u00e7\u00e3o trabalhista.<\/span><\/p>\n<p><span style=\"font-weight: 400;\">Al\u00e9m disso, o trabalhador deve reunir o m\u00e1ximo poss\u00edvel de documentos e informa\u00e7\u00f5es sobre sua rotina.<\/span><\/p>\n<p><span style=\"font-weight: 400;\">Por isso, antes de ajuizar uma a\u00e7\u00e3o, \u00e9 recomend\u00e1vel organizar:<\/span><\/p>\n<ul>\n<li style=\"font-weight: 400;\" aria-level=\"1\"><span style=\"font-weight: 400;\">Data de admiss\u00e3o;<\/span><\/li>\n<li style=\"font-weight: 400;\" aria-level=\"1\"><span style=\"font-weight: 400;\">Data de sa\u00edda, se houver;<\/span><\/li>\n<li style=\"font-weight: 400;\" aria-level=\"1\"><span style=\"font-weight: 400;\">Escalas;<\/span><\/li>\n<li style=\"font-weight: 400;\" aria-level=\"1\"><span style=\"font-weight: 400;\">Cart\u00f5es de ponto;<\/span><\/li>\n<li style=\"font-weight: 400;\" aria-level=\"1\"><span style=\"font-weight: 400;\">Contracheques;<\/span><\/li>\n<li style=\"font-weight: 400;\" aria-level=\"1\"><span style=\"font-weight: 400;\">Folgas;<\/span><\/li>\n<li style=\"font-weight: 400;\" aria-level=\"1\"><span style=\"font-weight: 400;\">Domingos trabalhados;<\/span><\/li>\n<li style=\"font-weight: 400;\" aria-level=\"1\"><span style=\"font-weight: 400;\">Feriados trabalhados;<\/span><\/li>\n<li style=\"font-weight: 400;\" aria-level=\"1\"><span style=\"font-weight: 400;\">Hor\u00e1rios de entrada e sa\u00edda.<\/span><\/li>\n<\/ul>\n<p><span style=\"font-weight: 400;\">Dessa forma, a an\u00e1lise do caso se torna muito mais precisa.<\/span><\/p>\n<h1><b>Quais Outros Direitos Podem Ser Cobrados?<\/b><\/h1>\n<p><span style=\"font-weight: 400;\">Outro ponto importante \u00e9 que o problema pode n\u00e3o estar restrito aos domingos e feriados.<\/span><\/p>\n<p><span style=\"font-weight: 400;\">Afinal, um frentista pode enfrentar diversas irregularidades ao mesmo tempo.<\/span><\/p>\n<p><span style=\"font-weight: 400;\">Por exemplo:<\/span><\/p>\n<p><b>Periculosidade:<\/b><span style=\"font-weight: 400;\"> devido ao contato permanente com inflam\u00e1veis.<\/span><\/p>\n<p><b>Horas extras:<\/b><span style=\"font-weight: 400;\"> quando a jornada ultrapassa os limites aplic\u00e1veis.<\/span><\/p>\n<p><b>Adicional noturno:<\/b><span style=\"font-weight: 400;\"> quando h\u00e1 trabalho durante o per\u00edodo noturno.<\/span><\/p>\n<p><b>Intervalos:<\/b><span style=\"font-weight: 400;\"> quando o per\u00edodo de descanso n\u00e3o \u00e9 corretamente concedido.<\/span><\/p>\n<p><b>FGTS:<\/b><span style=\"font-weight: 400;\"> quando existem dep\u00f3sitos ausentes ou incorretos.<\/span><\/p>\n<p><b>Diferen\u00e7as salariais:<\/b><span style=\"font-weight: 400;\"> quando h\u00e1 irregularidades relacionadas \u00e0s fun\u00e7\u00f5es exercidas ou \u00e0s normas coletivas.<\/span><\/p>\n<p><span style=\"font-weight: 400;\">Portanto, uma an\u00e1lise trabalhista completa \u00e9 muito mais eficiente do que analisar apenas uma verba isoladamente.<\/span><\/p>\n<h1><b>Quando Procurar um Advogado Trabalhista?<\/b><\/h1>\n<p><span style=\"font-weight: 400;\">Se voc\u00ea trabalha em posto de gasolina e percebe que trabalha frequentemente aos domingos e feriados, mas n\u00e3o sabe se recebe corretamente, vale a pena buscar orienta\u00e7\u00e3o.<\/span><\/p>\n<p><span style=\"font-weight: 400;\">Isso porque um <\/span><b>advogado trabalhista em Contagem<\/b><span style=\"font-weight: 400;\"> poder\u00e1 analisar sua escala, seus cart\u00f5es de ponto, contracheques e demais documentos.<\/span><\/p>\n<p><span style=\"font-weight: 400;\">Al\u00e9m disso, um advogado trabalhista<\/span> <span style=\"font-weight: 400;\">poder\u00e1 verificar a conven\u00e7\u00e3o coletiva aplic\u00e1vel \u00e0 categoria e identificar eventuais diferen\u00e7as.<\/span><\/p>\n<p><span style=\"font-weight: 400;\">Por fim, se voc\u00ea acredita que trabalhou em domingos e feriados sem a devida compensa\u00e7\u00e3o ou remunera\u00e7\u00e3o, procurar um advogado trabalhista em Contagem pode ser um passo importante para descobrir se existem valores a receber.<\/span><\/p>\n<h1><b>Conclus\u00e3o<\/b><\/h1>\n<p><span style=\"font-weight: 400;\">Em resumo, o fato de o posto de gasolina funcionar aos domingos e feriados n\u00e3o elimina os direitos do frentista.<\/span><\/p>\n<p><span style=\"font-weight: 400;\">Pelo contr\u00e1rio, mesmo trabalhando em uma atividade que exige funcionamento cont\u00ednuo, o trabalhador continua protegido pelas regras relativas ao descanso semanal, jornada, intervalos e feriados.<\/span><\/p>\n<p><span style=\"font-weight: 400;\">Al\u00e9m disso, o trabalho aos domingos n\u00e3o significa automaticamente pagamento em dobro. Em muitas situa\u00e7\u00f5es, a empresa pode organizar uma escala com folga compensat\u00f3ria.<\/span><\/p>\n<p><span style=\"font-weight: 400;\">Por outro lado, quando n\u00e3o existe a compensa\u00e7\u00e3o adequada ou quando as regras aplic\u00e1veis s\u00e3o descumpridas, podem surgir diferen\u00e7as salariais.<\/span><\/p>\n<p><span style=\"font-weight: 400;\">Da mesma forma, o trabalho em feriados possui regras pr\u00f3prias e pode gerar pagamento em dobro quando n\u00e3o houver a correspondente compensa\u00e7\u00e3o, conforme a legisla\u00e7\u00e3o e as normas aplic\u00e1veis.<\/span><\/p>\n<p><span style=\"font-weight: 400;\">Portanto, se voc\u00ea trabalha em posto de gasolina, n\u00e3o olhe apenas para o valor do sal\u00e1rio no contracheque. Observe tamb\u00e9m <\/span><b>quantos domingos trabalha, quantos feriados trabalha, quando recebe suas folgas e como sua jornada \u00e9 registrada<\/b><span style=\"font-weight: 400;\">.<\/span><\/p>\n<p><span style=\"font-weight: 400;\">Afinal, pequenas diferen\u00e7as repetidas durante meses ou anos podem representar valores importantes.<\/span><\/p>\n<h1><b>Perguntas Frequentes<\/b><\/h1>\n<h3><b>1. Frentista que trabalha domingo recebe em dobro?<\/b><\/h3>\n<p><span style=\"font-weight: 400;\">N\u00e3o necessariamente. O trabalho aos domingos pode ser compensado por uma folga semanal, desde que sejam respeitadas as regras aplic\u00e1veis. Sem a compensa\u00e7\u00e3o adequada, pode existir direito ao pagamento correspondente.<\/span><\/p>\n<h3 class=\"PDq2pG_selectionAnchorContainer\" data-section-id=\"1raa4e0\" data-start=\"0\" data-end=\"61\"><span role=\"text\"><strong data-start=\"4\" data-end=\"61\">2. Frentista que trabalha no feriado recebe em dobro?<\/strong><\/span><\/h3>\n<p data-start=\"63\" data-end=\"291\">Em determinadas situa\u00e7\u00f5es, sim. <strong data-start=\"95\" data-end=\"189\">Se a empresa exigir que o frentista trabalhe no feriado sem conceder a folga compensat\u00f3ria<\/strong>, ela poder\u00e1 ter que pagar o feriado em dobro, conforme a legisla\u00e7\u00e3o e as normas coletivas aplic\u00e1veis.<\/p>\n<h3 data-section-id=\"19wa24a\" data-start=\"293\" data-end=\"364\"><span role=\"text\"><strong data-start=\"297\" data-end=\"364\">3. A empresa pode obrigar o frentista a trabalhar aos domingos?<\/strong><\/span><\/h3>\n<p data-start=\"366\" data-end=\"571\">Sim, em determinadas situa\u00e7\u00f5es. <strong data-start=\"398\" data-end=\"478\">O empregador pode exigir o trabalho aos domingos quando a atividade permitir<\/strong>, mas deve respeitar as regras sobre descanso semanal, escala e demais direitos trabalhistas.<\/p>\n<h3 data-section-id=\"1gzmugd\" data-start=\"573\" data-end=\"634\"><span role=\"text\"><strong data-start=\"577\" data-end=\"634\">4. Trabalhar domingo gera automaticamente hora extra?<\/strong><\/span><\/h3>\n<p data-start=\"636\" data-end=\"795\" data-is-last-node=\"\" data-is-only-node=\"\">N\u00e3o. <strong data-start=\"641\" data-end=\"698\">Trabalhar no domingo, por si s\u00f3, n\u00e3o gera hora extra.<\/strong>  Para saber se existem horas extras, \u00e9 necess\u00e1rio analisar a jornada cumprida e a escala adotada.<\/p>\n<h3><b>5. Como provar que trabalhei em domingos e feriados?<\/b><\/h3>\n<p><span style=\"font-weight: 400;\">Escalas, cart\u00f5es de ponto, mensagens, fotografias, e-mails, documentos internos e testemunhas podem ajudar a comprovar os dias efetivamente trabalhados.<\/span><\/p>\n<h3><b>6. A conven\u00e7\u00e3o coletiva dos frentistas pode garantir direitos adicionais?<\/b><\/h3>\n<p><span style=\"font-weight: 400;\">Sim. A conven\u00e7\u00e3o coletiva pode estabelecer condi\u00e7\u00f5es espec\u00edficas para a categoria, inclusive regras relacionadas a jornada, domingos, feriados, adicionais e benef\u00edcios.<\/span><\/p>\n<h3><b>7. Posso cobrar domingos e feriados mesmo ainda trabalhando no posto?<\/b><\/h3>\n<p><span style=\"font-weight: 400;\">Sim. O trabalhador n\u00e3o precisa necessariamente pedir demiss\u00e3o para buscar orienta\u00e7\u00e3o ou reivindicar direitos trabalhistas eventualmente n\u00e3o pagos.<\/span><\/p>\n<p><b>Fale com o Dr. Pedro Carvalho<\/b><\/p>\n<p><span style=\"font-weight: 400;\">Cada caso tem uma estrat\u00e9gia de prova diferente. Se voc\u00ea quer entender qual \u00e9 a situa\u00e7\u00e3o do seu, envie uma mensagem e conte o que aconteceu.<\/span><\/p>\n<p><a href=\"https:\/\/wa.me\/5531975283687\"><span style=\"font-weight: 400;\">Enviar mensagem pelo WhatsApp<\/span><\/a><\/p>\n<p><span style=\"font-weight: 400;\">Atua\u00e7\u00e3o em Belo Horizonte, Contagem e regi\u00e3o metropolitana.<\/span><\/p>\n<p><b>Falar com Advogado Trabalhista Agora<\/b><\/p>\n<p><b>\u00a0<\/b><span style=\"font-weight: 400;\">Leia tamb\u00e9m<\/span><\/p>\n<ul>\n<li style=\"font-weight: 400;\" aria-level=\"1\"><a href=\"https:\/\/carvalhoadvogado.aliamkt.com\/index.php\/2026\/01\/02\/rescisao-indireta-ameacas-humilhacoes-exposicao-ridiculo\/\"><span style=\"font-weight: 400;\">Rescis\u00e3o Indireta por Amea\u00e7as, Humilha\u00e7\u00f5es e Exposi\u00e7\u00e3o ao Rid\u00edculo no Trabalho: Saiba Como Sair Sem Perder Seus Direitos<\/span><\/a><\/li>\n<\/ul>\n<p><b>Fale com o Dr. Pedro Carvalho!<\/b><\/p>\n<p><b>Clique no bot\u00e3o abaixo e obtenha a orienta\u00e7\u00e3o jur\u00eddica que voc\u00ea precisa para resolver suas quest\u00f5es com seguran\u00e7a e confian\u00e7a.\u00a0<\/b><\/p>\n<p><a href=\"https:\/\/wa.me\/5531975283687\"><b>Fale comigo agora mesmo<\/b><\/a><\/p>\n<p><b>Siga-nos na rede social, @pedroncarvalhoadv, e fique por dentro das \u00faltimas novidades!<\/b><\/p>\n","protected":false},"excerpt":{"rendered":"<p>Quem trabalha como frentista sabe que o posto de gasolina n\u00e3o para. Enquanto grande parte das pessoas aproveita o domingo para descansar, viajar ou passar o dia com a fam\u00edlia, muitos frentistas est\u00e3o trabalhando normalmente. Da mesma forma, enquanto boa parte dos trabalhadores aproveita um feriado, o profissional do posto continua abastecendo ve\u00edculos e atendendo [&hellip;]<\/p>\n","protected":false},"author":1,"featured_media":1809,"comment_status":"open","ping_status":"open","sticky":false,"template":"","format":"standard","meta":{"_joinchat":{"telephone":"+5531975283687"},"footnotes":""},"categories":[6],"tags":[],"class_list":["post-1926","post","type-post","status-publish","format-standard","has-post-thumbnail","hentry","category-direito-trabalhista"],"yoast_head":"<!-- This site is optimized with the Yoast SEO plugin v28.4 - https:\/\/yoast.com\/product\/yoast-seo-wordpress\/ -->\n<title>Frentista que Trabalha no Feriado Recebe em Dobro? Entenda Seus Direitos<\/title>\n<meta name=\"description\" content=\"Frentista que trabalha no feriado recebe em dobro? Entenda quando existe direito ao pagamento em dobro, folga compensat\u00f3ria e como cobrar seus direitos.\" \/>\n<meta name=\"robots\" content=\"index, follow, max-snippet:-1, max-image-preview:large, max-video-preview:-1\" \/>\n<link rel=\"canonical\" href=\"https:\/\/carvalhoadvogado.aliamkt.com\/index.php\/2026\/09\/01\/frentista-trabalha-feriado-recebe-em-dobro\/\" \/>\n<meta property=\"og:locale\" content=\"pt_BR\" \/>\n<meta property=\"og:type\" content=\"article\" \/>\n<meta property=\"og:title\" content=\"Frentista que Trabalha no Feriado Recebe em Dobro? Entenda Seus Direitos\" \/>\n<meta property=\"og:description\" content=\"Frentista que trabalha no feriado recebe em dobro? Entenda quando existe direito ao pagamento em dobro, folga compensat\u00f3ria e como cobrar seus direitos.\" \/>\n<meta property=\"og:url\" content=\"https:\/\/carvalhoadvogado.aliamkt.com\/index.php\/2026\/09\/01\/frentista-trabalha-feriado-recebe-em-dobro\/\" \/>\n<meta property=\"og:site_name\" content=\"Pedro Carvalho Advogado Trabalhista\" \/>\n<meta property=\"article:published_time\" content=\"2026-09-01T12:38:17+00:00\" \/>\n<meta property=\"og:image\" content=\"https:\/\/carvalhoadvogado.aliamkt.com\/wp-content\/uploads\/2026\/06\/advogado-trabalhista-de-contagem.jpg\" \/>\n\t<meta property=\"og:image:width\" content=\"800\" \/>\n\t<meta property=\"og:image:height\" content=\"1200\" \/>\n\t<meta property=\"og:image:type\" content=\"image\/jpeg\" \/>\n<meta name=\"author\" content=\"lailacarvalhoadv\" \/>\n<meta name=\"twitter:card\" content=\"summary_large_image\" \/>\n<meta name=\"twitter:label1\" content=\"Escrito por\" \/>\n\t<meta name=\"twitter:data1\" content=\"lailacarvalhoadv\" \/>\n\t<meta name=\"twitter:label2\" content=\"Est. tempo de leitura\" \/>\n\t<meta name=\"twitter:data2\" content=\"16 minutos\" \/>\n<script type=\"application\/ld+json\" class=\"yoast-schema-graph\">{\"@context\":\"https:\\\/\\\/schema.org\",\"@graph\":[{\"@type\":\"Article\",\"@id\":\"https:\\\/\\\/carvalhoadvogado.aliamkt.com\\\/index.php\\\/2026\\\/09\\\/01\\\/frentista-trabalha-feriado-recebe-em-dobro\\\/#article\",\"isPartOf\":{\"@id\":\"https:\\\/\\\/carvalhoadvogado.aliamkt.com\\\/index.php\\\/2026\\\/09\\\/01\\\/frentista-trabalha-feriado-recebe-em-dobro\\\/\"},\"author\":{\"name\":\"lailacarvalhoadv\",\"@id\":\"https:\\\/\\\/carvalhoadvogado.aliamkt.com\\\/#\\\/schema\\\/person\\\/8f4d67ba57d6160ee802836a319bd8eb\"},\"headline\":\"Frentista que Trabalha aos Domingos e Feriados Tem Direito a Pagamento em Dobro?\",\"datePublished\":\"2026-09-01T12:38:17+00:00\",\"mainEntityOfPage\":{\"@id\":\"https:\\\/\\\/carvalhoadvogado.aliamkt.com\\\/index.php\\\/2026\\\/09\\\/01\\\/frentista-trabalha-feriado-recebe-em-dobro\\\/\"},\"wordCount\":2969,\"commentCount\":0,\"publisher\":{\"@id\":\"https:\\\/\\\/carvalhoadvogado.aliamkt.com\\\/#organization\"},\"image\":{\"@id\":\"https:\\\/\\\/carvalhoadvogado.aliamkt.com\\\/index.php\\\/2026\\\/09\\\/01\\\/frentista-trabalha-feriado-recebe-em-dobro\\\/#primaryimage\"},\"thumbnailUrl\":\"https:\\\/\\\/carvalhoadvogado.aliamkt.com\\\/wp-content\\\/uploads\\\/2026\\\/06\\\/advogado-trabalhista-de-contagem.jpg\",\"articleSection\":[\"Direito Trabalhista\"],\"inLanguage\":\"pt-BR\",\"potentialAction\":[{\"@type\":\"CommentAction\",\"name\":\"Comment\",\"target\":[\"https:\\\/\\\/carvalhoadvogado.aliamkt.com\\\/index.php\\\/2026\\\/09\\\/01\\\/frentista-trabalha-feriado-recebe-em-dobro\\\/#respond\"]}]},{\"@type\":\"WebPage\",\"@id\":\"https:\\\/\\\/carvalhoadvogado.aliamkt.com\\\/index.php\\\/2026\\\/09\\\/01\\\/frentista-trabalha-feriado-recebe-em-dobro\\\/\",\"url\":\"https:\\\/\\\/carvalhoadvogado.aliamkt.com\\\/index.php\\\/2026\\\/09\\\/01\\\/frentista-trabalha-feriado-recebe-em-dobro\\\/\",\"name\":\"Frentista que Trabalha no Feriado Recebe em Dobro? Entenda Seus Direitos\",\"isPartOf\":{\"@id\":\"https:\\\/\\\/carvalhoadvogado.aliamkt.com\\\/#website\"},\"primaryImageOfPage\":{\"@id\":\"https:\\\/\\\/carvalhoadvogado.aliamkt.com\\\/index.php\\\/2026\\\/09\\\/01\\\/frentista-trabalha-feriado-recebe-em-dobro\\\/#primaryimage\"},\"image\":{\"@id\":\"https:\\\/\\\/carvalhoadvogado.aliamkt.com\\\/index.php\\\/2026\\\/09\\\/01\\\/frentista-trabalha-feriado-recebe-em-dobro\\\/#primaryimage\"},\"thumbnailUrl\":\"https:\\\/\\\/carvalhoadvogado.aliamkt.com\\\/wp-content\\\/uploads\\\/2026\\\/06\\\/advogado-trabalhista-de-contagem.jpg\",\"datePublished\":\"2026-09-01T12:38:17+00:00\",\"description\":\"Frentista que trabalha no feriado recebe em dobro? Entenda quando existe direito ao pagamento em dobro, folga compensat\u00f3ria e como cobrar seus direitos.\",\"breadcrumb\":{\"@id\":\"https:\\\/\\\/carvalhoadvogado.aliamkt.com\\\/index.php\\\/2026\\\/09\\\/01\\\/frentista-trabalha-feriado-recebe-em-dobro\\\/#breadcrumb\"},\"inLanguage\":\"pt-BR\",\"potentialAction\":[{\"@type\":\"ReadAction\",\"target\":[\"https:\\\/\\\/carvalhoadvogado.aliamkt.com\\\/index.php\\\/2026\\\/09\\\/01\\\/frentista-trabalha-feriado-recebe-em-dobro\\\/\"]}]},{\"@type\":\"ImageObject\",\"inLanguage\":\"pt-BR\",\"@id\":\"https:\\\/\\\/carvalhoadvogado.aliamkt.com\\\/index.php\\\/2026\\\/09\\\/01\\\/frentista-trabalha-feriado-recebe-em-dobro\\\/#primaryimage\",\"url\":\"https:\\\/\\\/carvalhoadvogado.aliamkt.com\\\/wp-content\\\/uploads\\\/2026\\\/06\\\/advogado-trabalhista-de-contagem.jpg\",\"contentUrl\":\"https:\\\/\\\/carvalhoadvogado.aliamkt.com\\\/wp-content\\\/uploads\\\/2026\\\/06\\\/advogado-trabalhista-de-contagem.jpg\",\"width\":800,\"height\":1200},{\"@type\":\"BreadcrumbList\",\"@id\":\"https:\\\/\\\/carvalhoadvogado.aliamkt.com\\\/index.php\\\/2026\\\/09\\\/01\\\/frentista-trabalha-feriado-recebe-em-dobro\\\/#breadcrumb\",\"itemListElement\":[{\"@type\":\"ListItem\",\"position\":1,\"name\":\"In\u00edcio\",\"item\":\"https:\\\/\\\/carvalhoadvogado.aliamkt.com\\\/\"},{\"@type\":\"ListItem\",\"position\":2,\"name\":\"Frentista que Trabalha aos Domingos e Feriados Tem Direito a Pagamento em Dobro?\"}]},{\"@type\":\"WebSite\",\"@id\":\"https:\\\/\\\/carvalhoadvogado.aliamkt.com\\\/#website\",\"url\":\"https:\\\/\\\/carvalhoadvogado.aliamkt.com\\\/\",\"name\":\"Pedro Carvalho Advogado\",\"description\":\"Advogado Trabalhista\",\"publisher\":{\"@id\":\"https:\\\/\\\/carvalhoadvogado.aliamkt.com\\\/#organization\"},\"potentialAction\":[{\"@type\":\"SearchAction\",\"target\":{\"@type\":\"EntryPoint\",\"urlTemplate\":\"https:\\\/\\\/carvalhoadvogado.aliamkt.com\\\/?s={search_term_string}\"},\"query-input\":{\"@type\":\"PropertyValueSpecification\",\"valueRequired\":true,\"valueName\":\"search_term_string\"}}],\"inLanguage\":\"pt-BR\"},{\"@type\":\"Organization\",\"@id\":\"https:\\\/\\\/carvalhoadvogado.aliamkt.com\\\/#organization\",\"name\":\"Pedro Carvalho Advogado\",\"url\":\"https:\\\/\\\/carvalhoadvogado.aliamkt.com\\\/\",\"logo\":{\"@type\":\"ImageObject\",\"inLanguage\":\"pt-BR\",\"@id\":\"https:\\\/\\\/carvalhoadvogado.aliamkt.com\\\/#\\\/schema\\\/logo\\\/image\\\/\",\"url\":\"https:\\\/\\\/carvalhoadvogado.aliamkt.com\\\/wp-content\\\/uploads\\\/2024\\\/06\\\/Logo-azul.png\",\"contentUrl\":\"https:\\\/\\\/carvalhoadvogado.aliamkt.com\\\/wp-content\\\/uploads\\\/2024\\\/06\\\/Logo-azul.png\",\"width\":500,\"height\":500,\"caption\":\"Pedro Carvalho Advogado\"},\"image\":{\"@id\":\"https:\\\/\\\/carvalhoadvogado.aliamkt.com\\\/#\\\/schema\\\/logo\\\/image\\\/\"}},{\"@type\":\"Person\",\"@id\":\"https:\\\/\\\/carvalhoadvogado.aliamkt.com\\\/#\\\/schema\\\/person\\\/8f4d67ba57d6160ee802836a319bd8eb\",\"name\":\"lailacarvalhoadv\",\"image\":{\"@type\":\"ImageObject\",\"inLanguage\":\"pt-BR\",\"@id\":\"https:\\\/\\\/secure.gravatar.com\\\/avatar\\\/a60961139a792fb5ca701fab485f653a1b3cc37cf8dbd4937b4134105caf5369?s=96&d=mm&r=g\",\"url\":\"https:\\\/\\\/secure.gravatar.com\\\/avatar\\\/a60961139a792fb5ca701fab485f653a1b3cc37cf8dbd4937b4134105caf5369?s=96&d=mm&r=g\",\"contentUrl\":\"https:\\\/\\\/secure.gravatar.com\\\/avatar\\\/a60961139a792fb5ca701fab485f653a1b3cc37cf8dbd4937b4134105caf5369?s=96&d=mm&r=g\",\"caption\":\"lailacarvalhoadv\"},\"sameAs\":[\"https:\\\/\\\/carvalhoadvogado.aliamkt.com\"],\"url\":\"https:\\\/\\\/carvalhoadvogado.aliamkt.com\\\/index.php\\\/author\\\/lailacarvalhoadv\\\/\"}]}<\/script>\n<!-- \/ Yoast SEO plugin. -->","yoast_head_json":{"title":"Frentista que Trabalha no Feriado Recebe em Dobro? Entenda Seus Direitos","description":"Frentista que trabalha no feriado recebe em dobro? Entenda quando existe direito ao pagamento em dobro, folga compensat\u00f3ria e como cobrar seus direitos.","robots":{"index":"index","follow":"follow","max-snippet":"max-snippet:-1","max-image-preview":"max-image-preview:large","max-video-preview":"max-video-preview:-1"},"canonical":"https:\/\/carvalhoadvogado.aliamkt.com\/index.php\/2026\/09\/01\/frentista-trabalha-feriado-recebe-em-dobro\/","og_locale":"pt_BR","og_type":"article","og_title":"Frentista que Trabalha no Feriado Recebe em Dobro? Entenda Seus Direitos","og_description":"Frentista que trabalha no feriado recebe em dobro? Entenda quando existe direito ao pagamento em dobro, folga compensat\u00f3ria e como cobrar seus direitos.","og_url":"https:\/\/carvalhoadvogado.aliamkt.com\/index.php\/2026\/09\/01\/frentista-trabalha-feriado-recebe-em-dobro\/","og_site_name":"Pedro Carvalho Advogado Trabalhista","article_published_time":"2026-09-01T12:38:17+00:00","og_image":[{"width":800,"height":1200,"url":"https:\/\/carvalhoadvogado.aliamkt.com\/wp-content\/uploads\/2026\/06\/advogado-trabalhista-de-contagem.jpg","type":"image\/jpeg"}],"author":"lailacarvalhoadv","twitter_card":"summary_large_image","twitter_misc":{"Escrito por":"lailacarvalhoadv","Est. tempo de leitura":"16 minutos"},"schema":{"@context":"https:\/\/schema.org","@graph":[{"@type":"Article","@id":"https:\/\/carvalhoadvogado.aliamkt.com\/index.php\/2026\/09\/01\/frentista-trabalha-feriado-recebe-em-dobro\/#article","isPartOf":{"@id":"https:\/\/carvalhoadvogado.aliamkt.com\/index.php\/2026\/09\/01\/frentista-trabalha-feriado-recebe-em-dobro\/"},"author":{"name":"lailacarvalhoadv","@id":"https:\/\/carvalhoadvogado.aliamkt.com\/#\/schema\/person\/8f4d67ba57d6160ee802836a319bd8eb"},"headline":"Frentista que Trabalha aos Domingos e Feriados Tem Direito a Pagamento em Dobro?","datePublished":"2026-09-01T12:38:17+00:00","mainEntityOfPage":{"@id":"https:\/\/carvalhoadvogado.aliamkt.com\/index.php\/2026\/09\/01\/frentista-trabalha-feriado-recebe-em-dobro\/"},"wordCount":2969,"commentCount":0,"publisher":{"@id":"https:\/\/carvalhoadvogado.aliamkt.com\/#organization"},"image":{"@id":"https:\/\/carvalhoadvogado.aliamkt.com\/index.php\/2026\/09\/01\/frentista-trabalha-feriado-recebe-em-dobro\/#primaryimage"},"thumbnailUrl":"https:\/\/carvalhoadvogado.aliamkt.com\/wp-content\/uploads\/2026\/06\/advogado-trabalhista-de-contagem.jpg","articleSection":["Direito Trabalhista"],"inLanguage":"pt-BR","potentialAction":[{"@type":"CommentAction","name":"Comment","target":["https:\/\/carvalhoadvogado.aliamkt.com\/index.php\/2026\/09\/01\/frentista-trabalha-feriado-recebe-em-dobro\/#respond"]}]},{"@type":"WebPage","@id":"https:\/\/carvalhoadvogado.aliamkt.com\/index.php\/2026\/09\/01\/frentista-trabalha-feriado-recebe-em-dobro\/","url":"https:\/\/carvalhoadvogado.aliamkt.com\/index.php\/2026\/09\/01\/frentista-trabalha-feriado-recebe-em-dobro\/","name":"Frentista que Trabalha no Feriado Recebe em Dobro? Entenda Seus Direitos","isPartOf":{"@id":"https:\/\/carvalhoadvogado.aliamkt.com\/#website"},"primaryImageOfPage":{"@id":"https:\/\/carvalhoadvogado.aliamkt.com\/index.php\/2026\/09\/01\/frentista-trabalha-feriado-recebe-em-dobro\/#primaryimage"},"image":{"@id":"https:\/\/carvalhoadvogado.aliamkt.com\/index.php\/2026\/09\/01\/frentista-trabalha-feriado-recebe-em-dobro\/#primaryimage"},"thumbnailUrl":"https:\/\/carvalhoadvogado.aliamkt.com\/wp-content\/uploads\/2026\/06\/advogado-trabalhista-de-contagem.jpg","datePublished":"2026-09-01T12:38:17+00:00","description":"Frentista que trabalha no feriado recebe em dobro? Entenda quando existe direito ao pagamento em dobro, folga compensat\u00f3ria e como cobrar seus direitos.","breadcrumb":{"@id":"https:\/\/carvalhoadvogado.aliamkt.com\/index.php\/2026\/09\/01\/frentista-trabalha-feriado-recebe-em-dobro\/#breadcrumb"},"inLanguage":"pt-BR","potentialAction":[{"@type":"ReadAction","target":["https:\/\/carvalhoadvogado.aliamkt.com\/index.php\/2026\/09\/01\/frentista-trabalha-feriado-recebe-em-dobro\/"]}]},{"@type":"ImageObject","inLanguage":"pt-BR","@id":"https:\/\/carvalhoadvogado.aliamkt.com\/index.php\/2026\/09\/01\/frentista-trabalha-feriado-recebe-em-dobro\/#primaryimage","url":"https:\/\/carvalhoadvogado.aliamkt.com\/wp-content\/uploads\/2026\/06\/advogado-trabalhista-de-contagem.jpg","contentUrl":"https:\/\/carvalhoadvogado.aliamkt.com\/wp-content\/uploads\/2026\/06\/advogado-trabalhista-de-contagem.jpg","width":800,"height":1200},{"@type":"BreadcrumbList","@id":"https:\/\/carvalhoadvogado.aliamkt.com\/index.php\/2026\/09\/01\/frentista-trabalha-feriado-recebe-em-dobro\/#breadcrumb","itemListElement":[{"@type":"ListItem","position":1,"name":"In\u00edcio","item":"https:\/\/carvalhoadvogado.aliamkt.com\/"},{"@type":"ListItem","position":2,"name":"Frentista que Trabalha aos Domingos e Feriados Tem Direito a Pagamento em Dobro?"}]},{"@type":"WebSite","@id":"https:\/\/carvalhoadvogado.aliamkt.com\/#website","url":"https:\/\/carvalhoadvogado.aliamkt.com\/","name":"Pedro Carvalho Advogado","description":"Advogado Trabalhista","publisher":{"@id":"https:\/\/carvalhoadvogado.aliamkt.com\/#organization"},"potentialAction":[{"@type":"SearchAction","target":{"@type":"EntryPoint","urlTemplate":"https:\/\/carvalhoadvogado.aliamkt.com\/?s={search_term_string}"},"query-input":{"@type":"PropertyValueSpecification","valueRequired":true,"valueName":"search_term_string"}}],"inLanguage":"pt-BR"},{"@type":"Organization","@id":"https:\/\/carvalhoadvogado.aliamkt.com\/#organization","name":"Pedro Carvalho Advogado","url":"https:\/\/carvalhoadvogado.aliamkt.com\/","logo":{"@type":"ImageObject","inLanguage":"pt-BR","@id":"https:\/\/carvalhoadvogado.aliamkt.com\/#\/schema\/logo\/image\/","url":"https:\/\/carvalhoadvogado.aliamkt.com\/wp-content\/uploads\/2024\/06\/Logo-azul.png","contentUrl":"https:\/\/carvalhoadvogado.aliamkt.com\/wp-content\/uploads\/2024\/06\/Logo-azul.png","width":500,"height":500,"caption":"Pedro Carvalho Advogado"},"image":{"@id":"https:\/\/carvalhoadvogado.aliamkt.com\/#\/schema\/logo\/image\/"}},{"@type":"Person","@id":"https:\/\/carvalhoadvogado.aliamkt.com\/#\/schema\/person\/8f4d67ba57d6160ee802836a319bd8eb","name":"lailacarvalhoadv","image":{"@type":"ImageObject","inLanguage":"pt-BR","@id":"https:\/\/secure.gravatar.com\/avatar\/a60961139a792fb5ca701fab485f653a1b3cc37cf8dbd4937b4134105caf5369?s=96&d=mm&r=g","url":"https:\/\/secure.gravatar.com\/avatar\/a60961139a792fb5ca701fab485f653a1b3cc37cf8dbd4937b4134105caf5369?s=96&d=mm&r=g","contentUrl":"https:\/\/secure.gravatar.com\/avatar\/a60961139a792fb5ca701fab485f653a1b3cc37cf8dbd4937b4134105caf5369?s=96&d=mm&r=g","caption":"lailacarvalhoadv"},"sameAs":["https:\/\/carvalhoadvogado.aliamkt.com"],"url":"https:\/\/carvalhoadvogado.aliamkt.com\/index.php\/author\/lailacarvalhoadv\/"}]}},"_links":{"self":[{"href":"https:\/\/carvalhoadvogado.aliamkt.com\/index.php\/wp-json\/wp\/v2\/posts\/1926","targetHints":{"allow":["GET"]}}],"collection":[{"href":"https:\/\/carvalhoadvogado.aliamkt.com\/index.php\/wp-json\/wp\/v2\/posts"}],"about":[{"href":"https:\/\/carvalhoadvogado.aliamkt.com\/index.php\/wp-json\/wp\/v2\/types\/post"}],"author":[{"embeddable":true,"href":"https:\/\/carvalhoadvogado.aliamkt.com\/index.php\/wp-json\/wp\/v2\/users\/1"}],"replies":[{"embeddable":true,"href":"https:\/\/carvalhoadvogado.aliamkt.com\/index.php\/wp-json\/wp\/v2\/comments?post=1926"}],"version-history":[{"count":1,"href":"https:\/\/carvalhoadvogado.aliamkt.com\/index.php\/wp-json\/wp\/v2\/posts\/1926\/revisions"}],"predecessor-version":[{"id":1927,"href":"https:\/\/carvalhoadvogado.aliamkt.com\/index.php\/wp-json\/wp\/v2\/posts\/1926\/revisions\/1927"}],"wp:featuredmedia":[{"embeddable":true,"href":"https:\/\/carvalhoadvogado.aliamkt.com\/index.php\/wp-json\/wp\/v2\/media\/1809"}],"wp:attachment":[{"href":"https:\/\/carvalhoadvogado.aliamkt.com\/index.php\/wp-json\/wp\/v2\/media?parent=1926"}],"wp:term":[{"taxonomy":"category","embeddable":true,"href":"https:\/\/carvalhoadvogado.aliamkt.com\/index.php\/wp-json\/wp\/v2\/categories?post=1926"},{"taxonomy":"post_tag","embeddable":true,"href":"https:\/\/carvalhoadvogado.aliamkt.com\/index.php\/wp-json\/wp\/v2\/tags?post=1926"}],"curies":[{"name":"wp","href":"https:\/\/api.w.org\/{rel}","templated":true}]}}