{"id":1928,"date":"2026-09-01T14:41:31","date_gmt":"2026-09-01T17:41:31","guid":{"rendered":"https:\/\/carvalhoadvogado.aliamkt.com\/?p=1928"},"modified":"2026-09-01T14:41:31","modified_gmt":"2026-09-01T17:41:31","slug":"como-provar-assedio-moral","status":"publish","type":"post","link":"https:\/\/carvalhoadvogado.aliamkt.com\/index.php\/2026\/09\/01\/como-provar-assedio-moral\/","title":{"rendered":"Como provar ass\u00e9dio moral no trabalho: o que serve como prova e o que fazer"},"content":{"rendered":"<p><span style=\"font-weight: 400;\">As humilha\u00e7\u00f5es na frente dos colegas. As metas imposs\u00edveis criadas s\u00f3 para voc\u00ea falhar. O isolamento, os gritos, as tarefas sem sentido, a persegui\u00e7\u00e3o di\u00e1ria que transforma o trabalho num tormento. Se voc\u00ea vive ou viveu isso, sabe o quanto d\u00f3i. E provavelmente j\u00e1 se fez a pergunta que trava tanta gente: <\/span><b>como provar ass\u00e9dio moral no trabalho<\/b><span style=\"font-weight: 400;\">, se muita coisa acontece sem testemunha e sem registro?<\/span><\/p>\n<p><span style=\"font-weight: 400;\">A boa not\u00edcia \u00e9 que o ass\u00e9dio moral deixa mais rastros do que parece, e a Justi\u00e7a do Trabalho conta com meios espec\u00edficos para reconhec\u00ea-lo. Neste artigo, voc\u00ea vai entender o que caracteriza o ass\u00e9dio moral, quais provas funcionam, como se preparar mesmo quando tudo acontece &#8220;de boca&#8221; e quais direitos surgem quando ele \u00e9 comprovado. Este texto integra o nosso guia completo sobre provas na Justi\u00e7a do Trabalho.<\/span><\/p>\n<h2><b>O que \u00e9 ass\u00e9dio moral, juridicamente<\/b><\/h2>\n<p><span style=\"font-weight: 400;\">Antes de falar de prova, \u00e9 preciso entender o que a Justi\u00e7a considera ass\u00e9dio moral, porque nem todo desentendimento no trabalho se enquadra.<\/span><\/p>\n<p><span style=\"font-weight: 400;\">O ass\u00e9dio moral se caracteriza por uma conduta <\/span><b>abusiva, reiterada e prolongada<\/b><span style=\"font-weight: 400;\"> que exp\u00f5e o trabalhador a situa\u00e7\u00f5es humilhantes, vexat\u00f3rias ou constrangedoras, capazes de abalar sua dignidade, sua sa\u00fade ps\u00edquica e sua autoestima. A palavra-chave aqui \u00e9 a repeti\u00e7\u00e3o: em regra, n\u00e3o se trata de um epis\u00f3dio isolado, mas de um padr\u00e3o de comportamento que se estende no tempo.<\/span><\/p>\n<p><span style=\"font-weight: 400;\">Isso ajuda a distinguir o ass\u00e9dio de uma cobran\u00e7a dura pontual ou de um dia de estresse. Uma chamada de aten\u00e7\u00e3o isolada, ainda que r\u00edspida, normalmente n\u00e3o configura ass\u00e9dio. J\u00e1 a persegui\u00e7\u00e3o sistem\u00e1tica, a humilha\u00e7\u00e3o que se repete semana ap\u00f3s semana, essa sim entra no conceito.<\/span><\/p>\n<p><span style=\"font-weight: 400;\">Para que a Justi\u00e7a reconhe\u00e7a o dano, costumam ser observados tr\u00eas elementos: a <\/span><b>conduta il\u00edcita<\/b><span style=\"font-weight: 400;\"> do agente, o <\/span><b>dano<\/b><span style=\"font-weight: 400;\"> \u00e0 esfera moral ou ps\u00edquica da v\u00edtima e o <\/span><b>nexo causal<\/b><span style=\"font-weight: 400;\"> entre um e outro. Vale um esclarecimento importante: em casos de ass\u00e9dio, n\u00e3o \u00e9 preciso provar o preju\u00edzo psicol\u00f3gico com exames; demonstrada a conduta ofensiva, o dano \u00e0 dignidade \u00e9 presumido pela pr\u00f3pria natureza dos fatos.<\/span><\/p>\n<h2><b>As formas mais comuns de ass\u00e9dio moral<\/b><\/h2>\n<p><span style=\"font-weight: 400;\">Reconhecer o padr\u00e3o ajuda voc\u00ea a identificar o que est\u00e1 vivendo e a reunir as provas certas. O ass\u00e9dio moral costuma aparecer de algumas maneiras.<\/span><\/p>\n<p><span style=\"font-weight: 400;\">H\u00e1 a humilha\u00e7\u00e3o p\u00fablica, quando o superior exp\u00f5e, critica ou ridiculariza o trabalhador diante dos colegas. Existe o isolamento, em que a pessoa \u00e9 deliberadamente afastada da equipe, ignorada ou impedida de participar. Aparece na sobrecarga proposital, com metas inating\u00edveis ou tarefas em excesso criadas para gerar fracasso. Surge tamb\u00e9m no esvaziamento de fun\u00e7\u00e3o, quando retiram as atribui\u00e7\u00f5es do trabalhador para faz\u00ea-lo sentir-se in\u00fatil. E h\u00e1 a persegui\u00e7\u00e3o, com rigor excessivo aplicado apenas a uma pessoa, controle abusivo e amea\u00e7as constantes.<\/span><\/p>\n<p><span style=\"font-weight: 400;\">Um ponto merece aten\u00e7\u00e3o especial. \u00c9 importante distinguir o ass\u00e9dio moral do <\/span><b>ass\u00e9dio sexual<\/b><span style=\"font-weight: 400;\">, que envolve constrangimento de cunho sexual para obter vantagem ou favorecimento, e que tem tipifica\u00e7\u00e3o pr\u00f3pria, inclusive criminal, no artigo 216-A do C\u00f3digo Penal. S\u00e3o situa\u00e7\u00f5es diferentes, embora ambas graves e indeniz\u00e1veis.<\/span><\/p>\n<h2><b>Como provar ass\u00e9dio moral: as provas que funcionam<\/b><\/h2>\n<p><span style=\"font-weight: 400;\">Chegamos ao ponto central. Como o ass\u00e9dio muitas vezes acontece longe dos olhos, a estrat\u00e9gia de prova precisa combinar diferentes elementos. Vamos aos que mais funcionam.<\/span><\/p>\n<h3><b>Testemunhas<\/b><\/h3>\n<p><span style=\"font-weight: 400;\">A <\/span><b>prova testemunhal<\/b><span style=\"font-weight: 400;\"> costuma ser a mais importante em casos de ass\u00e9dio, justamente porque boa parte das condutas ocorre na frente de outras pessoas, sem registro escrito. Colegas e ex-colegas que presenciaram as humilha\u00e7\u00f5es, os gritos ou o isolamento podem confirmar o padr\u00e3o de comportamento.<\/span><\/p>\n<p><span style=\"font-weight: 400;\">Muita gente teme que ningu\u00e9m queira depor contra a empresa. No entanto, como explicamos no artigo sobre testemunhas na Justi\u00e7a do Trabalho, at\u00e9 o colega que tamb\u00e9m processa o mesmo empregador pode depor, conforme a S\u00famula 357 do TST. Ex-funcion\u00e1rios, ali\u00e1s, costumam se sentir mais livres para falar.<\/span><\/p>\n<h3><b>Mensagens, e-mails e \u00e1udios<\/b><\/h3>\n<p><span style=\"font-weight: 400;\">Conversas de WhatsApp, e-mails e mensagens internas frequentemente registram o ass\u00e9dio de forma direta: cobran\u00e7as humilhantes, ofensas, amea\u00e7as, ordens vexat\u00f3rias. Esses registros s\u00e3o prova valiosa, sobretudo quando mostram a repeti\u00e7\u00e3o ao longo do tempo.<\/span><\/p>\n<p><span style=\"font-weight: 400;\">Para dar mais for\u00e7a a esse material, vale registr\u00e1-lo em ata notarial, procedimento que detalhamos no artigo sobre WhatsApp como prova. E, se voc\u00ea gravou uma conversa da qual participava, essa grava\u00e7\u00e3o \u00e9 l\u00edcita, conforme tratamos no artigo sobre grava\u00e7\u00e3o como prova.<\/span><\/p>\n<h3><b>Documentos e registros internos<\/b><\/h3>\n<p><span style=\"font-weight: 400;\">Guarde tudo o que revele o tratamento diferenciado: e-mails com metas absurdas dirigidas s\u00f3 a voc\u00ea, comunicados, advert\u00eancias desproporcionais, registros de reclama\u00e7\u00f5es feitas ao RH. Uma den\u00fancia formal protocolada na empresa, mesmo que ignorada, \u00e9 uma prova importante, porque demonstra que voc\u00ea tentou resolver internamente.<\/span><\/p>\n<h3><b>Documentos m\u00e9dicos e psicol\u00f3gicos<\/b><\/h3>\n<p><span style=\"font-weight: 400;\">Atestados, laudos e relat\u00f3rios de acompanhamento psicol\u00f3gico ajudam a demonstrar o impacto do ass\u00e9dio na sua sa\u00fade. Ansiedade, depress\u00e3o, crises de p\u00e2nico e afastamentos podem estar ligados ao ambiente hostil, e esse material refor\u00e7a o nexo entre a conduta e o dano.<\/span><\/p>\n<h2><b>E quando o ass\u00e9dio acontece &#8220;de boca&#8221;, sem testemunhas?<\/b><\/h2>\n<p><span style=\"font-weight: 400;\">Essa \u00e9 a situa\u00e7\u00e3o mais angustiante, e ela tem sa\u00edda. Nem tudo est\u00e1 perdido quando o ass\u00e9dio \u00e9 velado.<\/span><\/p>\n<p><span style=\"font-weight: 400;\">Comece a documentar por conta pr\u00f3pria. Mantenha um relato detalhado dos epis\u00f3dios: data, hor\u00e1rio, local, o que foi dito e quem estava por perto, ainda que a dist\u00e2ncia. Esse di\u00e1rio pessoal, feito na \u00e9poca dos fatos, tem valor como elemento de convic\u00e7\u00e3o, sobretudo quando somado a outros ind\u00edcios. Al\u00e9m disso, mudan\u00e7as bruscas no seu hist\u00f3rico, como quedas de avalia\u00e7\u00e3o, afastamentos m\u00e9dicos ou transfer\u00eancias repentinas, ajudam a compor o quadro.<\/span><\/p>\n<p><span style=\"font-weight: 400;\">Vale lembrar ainda que a Justi\u00e7a do Trabalho admite, em certas situa\u00e7\u00f5es, a <\/span><b>invers\u00e3o do \u00f4nus da prova<\/b><span style=\"font-weight: 400;\">, sobretudo diante do desequil\u00edbrio entre trabalhador e empresa. Ou seja, em alguns casos, cabe \u00e0 empresa demonstrar que o ambiente era sadio, e n\u00e3o apenas a voc\u00ea provar o contr\u00e1rio. Por isso, mesmo sem uma testemunha ideal, vale procurar orienta\u00e7\u00e3o antes de desistir.<\/span><\/p>\n<h2><b>Perguntas frequentes<\/b><\/h2>\n<h3><b>Preciso de testemunhas para provar ass\u00e9dio moral?<\/b><\/h3>\n<p><span style=\"font-weight: 400;\">Testemunhas ajudam muito e costumam ser a prova mais forte, mas n\u00e3o s\u00e3o a \u00fanica via. Mensagens, e-mails, grava\u00e7\u00f5es de conversas das quais voc\u00ea participou, documentos m\u00e9dicos e um relato detalhado dos fatos tamb\u00e9m comp\u00f5em a prova, especialmente quando somados.<\/span><\/p>\n<h3><b>Uma \u00fanica humilha\u00e7\u00e3o j\u00e1 \u00e9 ass\u00e9dio moral?<\/b><\/h3>\n<p><span style=\"font-weight: 400;\">Em regra, o ass\u00e9dio se caracteriza pela conduta reiterada e prolongada, n\u00e3o por um epis\u00f3dio isolado. Um ato \u00fanico e grave pode gerar dano moral por outros fundamentos, mas o ass\u00e9dio moral t\u00edpico pressup\u00f5e repeti\u00e7\u00e3o ao longo do tempo.<\/span><\/p>\n<h3><b>Fui humilhado, mas n\u00e3o tenho provas concretas. Vale a pena procurar um advogado?<\/b><\/h3>\n<p><span style=\"font-weight: 400;\">Vale. Muitos casos come\u00e7am sem prova aparente e se sustentam com testemunhas, ind\u00edcios e, em certas situa\u00e7\u00f5es, com a invers\u00e3o do \u00f4nus da prova. Uma an\u00e1lise mostra o que \u00e9 poss\u00edvel reunir no seu caso antes de qualquer decis\u00e3o.<\/span><\/p>\n<h3><b>Qual o valor da indeniza\u00e7\u00e3o por ass\u00e9dio moral?<\/b><\/h3>\n<p><span style=\"font-weight: 400;\">N\u00e3o h\u00e1 valor fixo. Ap\u00f3s a decis\u00e3o do STF nas ADIs 6050, 6069 e 6082, os limites da Reforma passaram a ser apenas orientativos, e o juiz fixa o valor conforme a gravidade dos fatos, a conduta da empresa e as circunst\u00e2ncias do caso.<\/span><\/p>\n<h3><b>Posso sair do emprego por causa do ass\u00e9dio e ainda receber meus direitos?<\/b><\/h3>\n<p><span style=\"font-weight: 400;\">Pode. \u00c9 a rescis\u00e3o indireta, prevista no artigo 483 da CLT. Comprovado o ass\u00e9dio, o trabalhador pode encerrar o contrato e receber as verbas como em uma dispensa sem justa causa. Esse caminho exige an\u00e1lise, porque depende de prova consistente.<\/span><\/p>\n<h2><b>Conclus\u00e3o<\/b><\/h2>\n<p><span style=\"font-weight: 400;\">Provar ass\u00e9dio moral \u00e9 desafiador, mas est\u00e1 longe de ser imposs\u00edvel. O ass\u00e9dio deixa rastros, em mensagens, na mem\u00f3ria dos colegas, nos documentos, na sua pr\u00f3pria sa\u00fade, e a Justi\u00e7a do Trabalho disp\u00f5e de meios para reconhec\u00ea-lo, incluindo a invers\u00e3o do \u00f4nus da prova em situa\u00e7\u00f5es de desequil\u00edbrio.<\/span><\/p>\n<p><span style=\"font-weight: 400;\">Se voc\u00ea vive ou viveu essa situa\u00e7\u00e3o, comece a se proteger hoje: guarde mensagens, registre os epis\u00f3dios com data e detalhes, procure apoio m\u00e9dico se precisar e n\u00e3o apague nada. Cada elemento conta.<\/span><\/p>\n<p><span style=\"font-weight: 400;\">E, acima de tudo, n\u00e3o carregue isso sozinho achando que n\u00e3o h\u00e1 sa\u00edda. Uma an\u00e1lise cuidadosa do seu caso mostra o que pode ser provado e quais direitos voc\u00ea tem. Buscar orienta\u00e7\u00e3o \u00e9 o primeiro passo para transformar o que voc\u00ea sofreu em repara\u00e7\u00e3o.<\/span><\/p>\n<p><span style=\"font-weight: 400;\">Se o ass\u00e9dio envolve situa\u00e7\u00f5es que colocam sua seguran\u00e7a ou sua sa\u00fade em risco, procure tamb\u00e9m apoio adequado. O tema \u00e9 s\u00e9rio, e voc\u00ea n\u00e3o precisa enfrent\u00e1-lo isolado.<\/span><\/p>\n<p><b>Fale com o Dr. Pedro Carvalho<\/b><\/p>\n<p><span style=\"font-weight: 400;\">Cada caso tem uma estrat\u00e9gia de prova diferente. Se voc\u00ea quer entender qual \u00e9 a situa\u00e7\u00e3o do seu, envie uma mensagem e conte o que aconteceu.<\/span><\/p>\n<p><a href=\"https:\/\/wa.me\/5531975283687\"><span style=\"font-weight: 400;\">Enviar mensagem pelo WhatsApp<\/span><\/a><\/p>\n<p><span style=\"font-weight: 400;\">Atua\u00e7\u00e3o em Belo Horizonte, Contagem e regi\u00e3o metropolitana.<\/span><\/p>\n<p><b>Falar com Advogado Trabalhista Agora<\/b><\/p>\n<p><b>\u00a0<\/b><span style=\"font-weight: 400;\">Leia tamb\u00e9m<\/span><\/p>\n<ul>\n<li style=\"font-weight: 400;\" aria-level=\"1\"><a href=\"https:\/\/carvalhoadvogado.aliamkt.com\/index.php\/2026\/01\/02\/rescisao-indireta-ameacas-humilhacoes-exposicao-ridiculo\/\"><span style=\"font-weight: 400;\">Rescis\u00e3o Indireta por Amea\u00e7as, Humilha\u00e7\u00f5es e Exposi\u00e7\u00e3o ao Rid\u00edculo no Trabalho: Saiba Como Sair Sem Perder Seus Direitos<\/span><\/a><\/li>\n<\/ul>\n<p><b>Fale com o Dr. Pedro Carvalho!<\/b><\/p>\n<p><b>Clique no bot\u00e3o abaixo e obtenha a orienta\u00e7\u00e3o jur\u00eddica que voc\u00ea precisa para resolver suas quest\u00f5es com seguran\u00e7a e confian\u00e7a.\u00a0<\/b><\/p>\n<p><a href=\"https:\/\/wa.me\/5531975283687\"><b>Fale comigo agora mesmo<\/b><\/a><\/p>\n<p><b>Siga-nos na rede social, @pedroncarvalhoadv, e fique por dentro das \u00faltimas novidades!<\/b><\/p>\n","protected":false},"excerpt":{"rendered":"<p>As humilha\u00e7\u00f5es na frente dos colegas. As metas imposs\u00edveis criadas s\u00f3 para voc\u00ea falhar. O isolamento, os gritos, as tarefas sem sentido, a persegui\u00e7\u00e3o di\u00e1ria que transforma o trabalho num tormento. Se voc\u00ea vive ou viveu isso, sabe o quanto d\u00f3i. E provavelmente j\u00e1 se fez a pergunta que trava tanta gente: como provar ass\u00e9dio [&hellip;]<\/p>\n","protected":false},"author":1,"featured_media":1631,"comment_status":"open","ping_status":"open","sticky":false,"template":"","format":"standard","meta":{"_joinchat":{"telephone":"+5531975283687"},"footnotes":""},"categories":[6],"tags":[],"class_list":["post-1928","post","type-post","status-publish","format-standard","has-post-thumbnail","hentry","category-direito-trabalhista"],"yoast_head":"<!-- This site is optimized with the Yoast SEO plugin v28.4 - https:\/\/yoast.com\/product\/yoast-seo-wordpress\/ -->\n<title>Como Provar Ass\u00e9dio Moral no Trabalho: Provas e Direitos (2026)<\/title>\n<meta name=\"description\" content=\"Como provar ass\u00e9dio moral no trabalho, mesmo quando acontece sem testemunhas? Veja quais provas funcionam, o que fazer e quais direitos surgem quando ele \u00e9 comprovado.\" \/>\n<meta name=\"robots\" content=\"index, follow, max-snippet:-1, max-image-preview:large, max-video-preview:-1\" \/>\n<link rel=\"canonical\" href=\"https:\/\/carvalhoadvogado.aliamkt.com\/index.php\/2026\/09\/01\/como-provar-assedio-moral\/\" \/>\n<meta property=\"og:locale\" content=\"pt_BR\" \/>\n<meta property=\"og:type\" content=\"article\" \/>\n<meta property=\"og:title\" content=\"Como Provar Ass\u00e9dio Moral no Trabalho: Provas e Direitos (2026)\" \/>\n<meta property=\"og:description\" content=\"Como provar ass\u00e9dio moral no trabalho, mesmo quando acontece sem testemunhas? Veja quais provas funcionam, o que fazer e quais direitos surgem quando ele \u00e9 comprovado.\" \/>\n<meta property=\"og:url\" content=\"https:\/\/carvalhoadvogado.aliamkt.com\/index.php\/2026\/09\/01\/como-provar-assedio-moral\/\" \/>\n<meta property=\"og:site_name\" content=\"Pedro Carvalho Advogado Trabalhista\" \/>\n<meta property=\"article:published_time\" content=\"2026-09-01T17:41:31+00:00\" \/>\n<meta property=\"og:image\" content=\"https:\/\/carvalhoadvogado.aliamkt.com\/wp-content\/uploads\/2026\/03\/burnout-no-trabalho.jpg\" \/>\n\t<meta property=\"og:image:width\" content=\"750\" \/>\n\t<meta property=\"og:image:height\" content=\"500\" \/>\n\t<meta property=\"og:image:type\" content=\"image\/jpeg\" \/>\n<meta name=\"author\" content=\"lailacarvalhoadv\" \/>\n<meta name=\"twitter:card\" content=\"summary_large_image\" \/>\n<meta name=\"twitter:label1\" content=\"Escrito por\" \/>\n\t<meta name=\"twitter:data1\" content=\"lailacarvalhoadv\" \/>\n\t<meta name=\"twitter:label2\" content=\"Est. tempo de leitura\" \/>\n\t<meta name=\"twitter:data2\" content=\"9 minutos\" \/>\n<script type=\"application\/ld+json\" class=\"yoast-schema-graph\">{\"@context\":\"https:\\\/\\\/schema.org\",\"@graph\":[{\"@type\":\"Article\",\"@id\":\"https:\\\/\\\/carvalhoadvogado.aliamkt.com\\\/index.php\\\/2026\\\/09\\\/01\\\/como-provar-assedio-moral\\\/#article\",\"isPartOf\":{\"@id\":\"https:\\\/\\\/carvalhoadvogado.aliamkt.com\\\/index.php\\\/2026\\\/09\\\/01\\\/como-provar-assedio-moral\\\/\"},\"author\":{\"name\":\"lailacarvalhoadv\",\"@id\":\"https:\\\/\\\/carvalhoadvogado.aliamkt.com\\\/#\\\/schema\\\/person\\\/8f4d67ba57d6160ee802836a319bd8eb\"},\"headline\":\"Como provar ass\u00e9dio moral no trabalho: o que serve como prova e o que fazer\",\"datePublished\":\"2026-09-01T17:41:31+00:00\",\"mainEntityOfPage\":{\"@id\":\"https:\\\/\\\/carvalhoadvogado.aliamkt.com\\\/index.php\\\/2026\\\/09\\\/01\\\/como-provar-assedio-moral\\\/\"},\"wordCount\":1671,\"commentCount\":0,\"publisher\":{\"@id\":\"https:\\\/\\\/carvalhoadvogado.aliamkt.com\\\/#organization\"},\"image\":{\"@id\":\"https:\\\/\\\/carvalhoadvogado.aliamkt.com\\\/index.php\\\/2026\\\/09\\\/01\\\/como-provar-assedio-moral\\\/#primaryimage\"},\"thumbnailUrl\":\"https:\\\/\\\/carvalhoadvogado.aliamkt.com\\\/wp-content\\\/uploads\\\/2026\\\/03\\\/burnout-no-trabalho.jpg\",\"articleSection\":[\"Direito Trabalhista\"],\"inLanguage\":\"pt-BR\",\"potentialAction\":[{\"@type\":\"CommentAction\",\"name\":\"Comment\",\"target\":[\"https:\\\/\\\/carvalhoadvogado.aliamkt.com\\\/index.php\\\/2026\\\/09\\\/01\\\/como-provar-assedio-moral\\\/#respond\"]}]},{\"@type\":\"WebPage\",\"@id\":\"https:\\\/\\\/carvalhoadvogado.aliamkt.com\\\/index.php\\\/2026\\\/09\\\/01\\\/como-provar-assedio-moral\\\/\",\"url\":\"https:\\\/\\\/carvalhoadvogado.aliamkt.com\\\/index.php\\\/2026\\\/09\\\/01\\\/como-provar-assedio-moral\\\/\",\"name\":\"Como Provar Ass\u00e9dio Moral no Trabalho: Provas e Direitos (2026)\",\"isPartOf\":{\"@id\":\"https:\\\/\\\/carvalhoadvogado.aliamkt.com\\\/#website\"},\"primaryImageOfPage\":{\"@id\":\"https:\\\/\\\/carvalhoadvogado.aliamkt.com\\\/index.php\\\/2026\\\/09\\\/01\\\/como-provar-assedio-moral\\\/#primaryimage\"},\"image\":{\"@id\":\"https:\\\/\\\/carvalhoadvogado.aliamkt.com\\\/index.php\\\/2026\\\/09\\\/01\\\/como-provar-assedio-moral\\\/#primaryimage\"},\"thumbnailUrl\":\"https:\\\/\\\/carvalhoadvogado.aliamkt.com\\\/wp-content\\\/uploads\\\/2026\\\/03\\\/burnout-no-trabalho.jpg\",\"datePublished\":\"2026-09-01T17:41:31+00:00\",\"description\":\"Como provar ass\u00e9dio moral no trabalho, mesmo quando acontece sem testemunhas? Veja quais provas funcionam, o que fazer e quais direitos surgem quando ele \u00e9 comprovado.\",\"breadcrumb\":{\"@id\":\"https:\\\/\\\/carvalhoadvogado.aliamkt.com\\\/index.php\\\/2026\\\/09\\\/01\\\/como-provar-assedio-moral\\\/#breadcrumb\"},\"inLanguage\":\"pt-BR\",\"potentialAction\":[{\"@type\":\"ReadAction\",\"target\":[\"https:\\\/\\\/carvalhoadvogado.aliamkt.com\\\/index.php\\\/2026\\\/09\\\/01\\\/como-provar-assedio-moral\\\/\"]}]},{\"@type\":\"ImageObject\",\"inLanguage\":\"pt-BR\",\"@id\":\"https:\\\/\\\/carvalhoadvogado.aliamkt.com\\\/index.php\\\/2026\\\/09\\\/01\\\/como-provar-assedio-moral\\\/#primaryimage\",\"url\":\"https:\\\/\\\/carvalhoadvogado.aliamkt.com\\\/wp-content\\\/uploads\\\/2026\\\/03\\\/burnout-no-trabalho.jpg\",\"contentUrl\":\"https:\\\/\\\/carvalhoadvogado.aliamkt.com\\\/wp-content\\\/uploads\\\/2026\\\/03\\\/burnout-no-trabalho.jpg\",\"width\":750,\"height\":500},{\"@type\":\"BreadcrumbList\",\"@id\":\"https:\\\/\\\/carvalhoadvogado.aliamkt.com\\\/index.php\\\/2026\\\/09\\\/01\\\/como-provar-assedio-moral\\\/#breadcrumb\",\"itemListElement\":[{\"@type\":\"ListItem\",\"position\":1,\"name\":\"In\u00edcio\",\"item\":\"https:\\\/\\\/carvalhoadvogado.aliamkt.com\\\/\"},{\"@type\":\"ListItem\",\"position\":2,\"name\":\"Como provar ass\u00e9dio moral no trabalho: o que serve como prova e o que fazer\"}]},{\"@type\":\"WebSite\",\"@id\":\"https:\\\/\\\/carvalhoadvogado.aliamkt.com\\\/#website\",\"url\":\"https:\\\/\\\/carvalhoadvogado.aliamkt.com\\\/\",\"name\":\"Pedro Carvalho Advogado\",\"description\":\"Advogado Trabalhista\",\"publisher\":{\"@id\":\"https:\\\/\\\/carvalhoadvogado.aliamkt.com\\\/#organization\"},\"potentialAction\":[{\"@type\":\"SearchAction\",\"target\":{\"@type\":\"EntryPoint\",\"urlTemplate\":\"https:\\\/\\\/carvalhoadvogado.aliamkt.com\\\/?s={search_term_string}\"},\"query-input\":{\"@type\":\"PropertyValueSpecification\",\"valueRequired\":true,\"valueName\":\"search_term_string\"}}],\"inLanguage\":\"pt-BR\"},{\"@type\":\"Organization\",\"@id\":\"https:\\\/\\\/carvalhoadvogado.aliamkt.com\\\/#organization\",\"name\":\"Pedro Carvalho Advogado\",\"url\":\"https:\\\/\\\/carvalhoadvogado.aliamkt.com\\\/\",\"logo\":{\"@type\":\"ImageObject\",\"inLanguage\":\"pt-BR\",\"@id\":\"https:\\\/\\\/carvalhoadvogado.aliamkt.com\\\/#\\\/schema\\\/logo\\\/image\\\/\",\"url\":\"https:\\\/\\\/carvalhoadvogado.aliamkt.com\\\/wp-content\\\/uploads\\\/2024\\\/06\\\/Logo-azul.png\",\"contentUrl\":\"https:\\\/\\\/carvalhoadvogado.aliamkt.com\\\/wp-content\\\/uploads\\\/2024\\\/06\\\/Logo-azul.png\",\"width\":500,\"height\":500,\"caption\":\"Pedro Carvalho Advogado\"},\"image\":{\"@id\":\"https:\\\/\\\/carvalhoadvogado.aliamkt.com\\\/#\\\/schema\\\/logo\\\/image\\\/\"}},{\"@type\":\"Person\",\"@id\":\"https:\\\/\\\/carvalhoadvogado.aliamkt.com\\\/#\\\/schema\\\/person\\\/8f4d67ba57d6160ee802836a319bd8eb\",\"name\":\"lailacarvalhoadv\",\"image\":{\"@type\":\"ImageObject\",\"inLanguage\":\"pt-BR\",\"@id\":\"https:\\\/\\\/secure.gravatar.com\\\/avatar\\\/a60961139a792fb5ca701fab485f653a1b3cc37cf8dbd4937b4134105caf5369?s=96&d=mm&r=g\",\"url\":\"https:\\\/\\\/secure.gravatar.com\\\/avatar\\\/a60961139a792fb5ca701fab485f653a1b3cc37cf8dbd4937b4134105caf5369?s=96&d=mm&r=g\",\"contentUrl\":\"https:\\\/\\\/secure.gravatar.com\\\/avatar\\\/a60961139a792fb5ca701fab485f653a1b3cc37cf8dbd4937b4134105caf5369?s=96&d=mm&r=g\",\"caption\":\"lailacarvalhoadv\"},\"sameAs\":[\"https:\\\/\\\/carvalhoadvogado.aliamkt.com\"],\"url\":\"https:\\\/\\\/carvalhoadvogado.aliamkt.com\\\/index.php\\\/author\\\/lailacarvalhoadv\\\/\"}]}<\/script>\n<!-- \/ Yoast SEO plugin. -->","yoast_head_json":{"title":"Como Provar Ass\u00e9dio Moral no Trabalho: Provas e Direitos (2026)","description":"Como provar ass\u00e9dio moral no trabalho, mesmo quando acontece sem testemunhas? Veja quais provas funcionam, o que fazer e quais direitos surgem quando ele \u00e9 comprovado.","robots":{"index":"index","follow":"follow","max-snippet":"max-snippet:-1","max-image-preview":"max-image-preview:large","max-video-preview":"max-video-preview:-1"},"canonical":"https:\/\/carvalhoadvogado.aliamkt.com\/index.php\/2026\/09\/01\/como-provar-assedio-moral\/","og_locale":"pt_BR","og_type":"article","og_title":"Como Provar Ass\u00e9dio Moral no Trabalho: Provas e Direitos (2026)","og_description":"Como provar ass\u00e9dio moral no trabalho, mesmo quando acontece sem testemunhas? Veja quais provas funcionam, o que fazer e quais direitos surgem quando ele \u00e9 comprovado.","og_url":"https:\/\/carvalhoadvogado.aliamkt.com\/index.php\/2026\/09\/01\/como-provar-assedio-moral\/","og_site_name":"Pedro Carvalho Advogado Trabalhista","article_published_time":"2026-09-01T17:41:31+00:00","og_image":[{"width":750,"height":500,"url":"https:\/\/carvalhoadvogado.aliamkt.com\/wp-content\/uploads\/2026\/03\/burnout-no-trabalho.jpg","type":"image\/jpeg"}],"author":"lailacarvalhoadv","twitter_card":"summary_large_image","twitter_misc":{"Escrito por":"lailacarvalhoadv","Est. tempo de leitura":"9 minutos"},"schema":{"@context":"https:\/\/schema.org","@graph":[{"@type":"Article","@id":"https:\/\/carvalhoadvogado.aliamkt.com\/index.php\/2026\/09\/01\/como-provar-assedio-moral\/#article","isPartOf":{"@id":"https:\/\/carvalhoadvogado.aliamkt.com\/index.php\/2026\/09\/01\/como-provar-assedio-moral\/"},"author":{"name":"lailacarvalhoadv","@id":"https:\/\/carvalhoadvogado.aliamkt.com\/#\/schema\/person\/8f4d67ba57d6160ee802836a319bd8eb"},"headline":"Como provar ass\u00e9dio moral no trabalho: o que serve como prova e o que fazer","datePublished":"2026-09-01T17:41:31+00:00","mainEntityOfPage":{"@id":"https:\/\/carvalhoadvogado.aliamkt.com\/index.php\/2026\/09\/01\/como-provar-assedio-moral\/"},"wordCount":1671,"commentCount":0,"publisher":{"@id":"https:\/\/carvalhoadvogado.aliamkt.com\/#organization"},"image":{"@id":"https:\/\/carvalhoadvogado.aliamkt.com\/index.php\/2026\/09\/01\/como-provar-assedio-moral\/#primaryimage"},"thumbnailUrl":"https:\/\/carvalhoadvogado.aliamkt.com\/wp-content\/uploads\/2026\/03\/burnout-no-trabalho.jpg","articleSection":["Direito Trabalhista"],"inLanguage":"pt-BR","potentialAction":[{"@type":"CommentAction","name":"Comment","target":["https:\/\/carvalhoadvogado.aliamkt.com\/index.php\/2026\/09\/01\/como-provar-assedio-moral\/#respond"]}]},{"@type":"WebPage","@id":"https:\/\/carvalhoadvogado.aliamkt.com\/index.php\/2026\/09\/01\/como-provar-assedio-moral\/","url":"https:\/\/carvalhoadvogado.aliamkt.com\/index.php\/2026\/09\/01\/como-provar-assedio-moral\/","name":"Como Provar Ass\u00e9dio Moral no Trabalho: Provas e Direitos (2026)","isPartOf":{"@id":"https:\/\/carvalhoadvogado.aliamkt.com\/#website"},"primaryImageOfPage":{"@id":"https:\/\/carvalhoadvogado.aliamkt.com\/index.php\/2026\/09\/01\/como-provar-assedio-moral\/#primaryimage"},"image":{"@id":"https:\/\/carvalhoadvogado.aliamkt.com\/index.php\/2026\/09\/01\/como-provar-assedio-moral\/#primaryimage"},"thumbnailUrl":"https:\/\/carvalhoadvogado.aliamkt.com\/wp-content\/uploads\/2026\/03\/burnout-no-trabalho.jpg","datePublished":"2026-09-01T17:41:31+00:00","description":"Como provar ass\u00e9dio moral no trabalho, mesmo quando acontece sem testemunhas? Veja quais provas funcionam, o que fazer e quais direitos surgem quando ele \u00e9 comprovado.","breadcrumb":{"@id":"https:\/\/carvalhoadvogado.aliamkt.com\/index.php\/2026\/09\/01\/como-provar-assedio-moral\/#breadcrumb"},"inLanguage":"pt-BR","potentialAction":[{"@type":"ReadAction","target":["https:\/\/carvalhoadvogado.aliamkt.com\/index.php\/2026\/09\/01\/como-provar-assedio-moral\/"]}]},{"@type":"ImageObject","inLanguage":"pt-BR","@id":"https:\/\/carvalhoadvogado.aliamkt.com\/index.php\/2026\/09\/01\/como-provar-assedio-moral\/#primaryimage","url":"https:\/\/carvalhoadvogado.aliamkt.com\/wp-content\/uploads\/2026\/03\/burnout-no-trabalho.jpg","contentUrl":"https:\/\/carvalhoadvogado.aliamkt.com\/wp-content\/uploads\/2026\/03\/burnout-no-trabalho.jpg","width":750,"height":500},{"@type":"BreadcrumbList","@id":"https:\/\/carvalhoadvogado.aliamkt.com\/index.php\/2026\/09\/01\/como-provar-assedio-moral\/#breadcrumb","itemListElement":[{"@type":"ListItem","position":1,"name":"In\u00edcio","item":"https:\/\/carvalhoadvogado.aliamkt.com\/"},{"@type":"ListItem","position":2,"name":"Como provar ass\u00e9dio moral no trabalho: o que serve como prova e o que fazer"}]},{"@type":"WebSite","@id":"https:\/\/carvalhoadvogado.aliamkt.com\/#website","url":"https:\/\/carvalhoadvogado.aliamkt.com\/","name":"Pedro Carvalho Advogado","description":"Advogado Trabalhista","publisher":{"@id":"https:\/\/carvalhoadvogado.aliamkt.com\/#organization"},"potentialAction":[{"@type":"SearchAction","target":{"@type":"EntryPoint","urlTemplate":"https:\/\/carvalhoadvogado.aliamkt.com\/?s={search_term_string}"},"query-input":{"@type":"PropertyValueSpecification","valueRequired":true,"valueName":"search_term_string"}}],"inLanguage":"pt-BR"},{"@type":"Organization","@id":"https:\/\/carvalhoadvogado.aliamkt.com\/#organization","name":"Pedro Carvalho Advogado","url":"https:\/\/carvalhoadvogado.aliamkt.com\/","logo":{"@type":"ImageObject","inLanguage":"pt-BR","@id":"https:\/\/carvalhoadvogado.aliamkt.com\/#\/schema\/logo\/image\/","url":"https:\/\/carvalhoadvogado.aliamkt.com\/wp-content\/uploads\/2024\/06\/Logo-azul.png","contentUrl":"https:\/\/carvalhoadvogado.aliamkt.com\/wp-content\/uploads\/2024\/06\/Logo-azul.png","width":500,"height":500,"caption":"Pedro Carvalho Advogado"},"image":{"@id":"https:\/\/carvalhoadvogado.aliamkt.com\/#\/schema\/logo\/image\/"}},{"@type":"Person","@id":"https:\/\/carvalhoadvogado.aliamkt.com\/#\/schema\/person\/8f4d67ba57d6160ee802836a319bd8eb","name":"lailacarvalhoadv","image":{"@type":"ImageObject","inLanguage":"pt-BR","@id":"https:\/\/secure.gravatar.com\/avatar\/a60961139a792fb5ca701fab485f653a1b3cc37cf8dbd4937b4134105caf5369?s=96&d=mm&r=g","url":"https:\/\/secure.gravatar.com\/avatar\/a60961139a792fb5ca701fab485f653a1b3cc37cf8dbd4937b4134105caf5369?s=96&d=mm&r=g","contentUrl":"https:\/\/secure.gravatar.com\/avatar\/a60961139a792fb5ca701fab485f653a1b3cc37cf8dbd4937b4134105caf5369?s=96&d=mm&r=g","caption":"lailacarvalhoadv"},"sameAs":["https:\/\/carvalhoadvogado.aliamkt.com"],"url":"https:\/\/carvalhoadvogado.aliamkt.com\/index.php\/author\/lailacarvalhoadv\/"}]}},"_links":{"self":[{"href":"https:\/\/carvalhoadvogado.aliamkt.com\/index.php\/wp-json\/wp\/v2\/posts\/1928","targetHints":{"allow":["GET"]}}],"collection":[{"href":"https:\/\/carvalhoadvogado.aliamkt.com\/index.php\/wp-json\/wp\/v2\/posts"}],"about":[{"href":"https:\/\/carvalhoadvogado.aliamkt.com\/index.php\/wp-json\/wp\/v2\/types\/post"}],"author":[{"embeddable":true,"href":"https:\/\/carvalhoadvogado.aliamkt.com\/index.php\/wp-json\/wp\/v2\/users\/1"}],"replies":[{"embeddable":true,"href":"https:\/\/carvalhoadvogado.aliamkt.com\/index.php\/wp-json\/wp\/v2\/comments?post=1928"}],"version-history":[{"count":1,"href":"https:\/\/carvalhoadvogado.aliamkt.com\/index.php\/wp-json\/wp\/v2\/posts\/1928\/revisions"}],"predecessor-version":[{"id":1929,"href":"https:\/\/carvalhoadvogado.aliamkt.com\/index.php\/wp-json\/wp\/v2\/posts\/1928\/revisions\/1929"}],"wp:featuredmedia":[{"embeddable":true,"href":"https:\/\/carvalhoadvogado.aliamkt.com\/index.php\/wp-json\/wp\/v2\/media\/1631"}],"wp:attachment":[{"href":"https:\/\/carvalhoadvogado.aliamkt.com\/index.php\/wp-json\/wp\/v2\/media?parent=1928"}],"wp:term":[{"taxonomy":"category","embeddable":true,"href":"https:\/\/carvalhoadvogado.aliamkt.com\/index.php\/wp-json\/wp\/v2\/categories?post=1928"},{"taxonomy":"post_tag","embeddable":true,"href":"https:\/\/carvalhoadvogado.aliamkt.com\/index.php\/wp-json\/wp\/v2\/tags?post=1928"}],"curies":[{"name":"wp","href":"https:\/\/api.w.org\/{rel}","templated":true}]}}