{"id":1930,"date":"2026-09-02T14:30:03","date_gmt":"2026-09-02T17:30:03","guid":{"rendered":"https:\/\/carvalhoadvogado.aliamkt.com\/?p=1930"},"modified":"2026-09-02T14:30:03","modified_gmt":"2026-09-02T17:30:03","slug":"direitos-do-confeiteiro","status":"publish","type":"post","link":"https:\/\/carvalhoadvogado.aliamkt.com\/index.php\/2026\/09\/02\/direitos-do-confeiteiro\/","title":{"rendered":"Direitos do Confeiteiro: Conhe\u00e7a os Direitos Trabalhistas de Quem Trabalha em Padaria e Confeitaria"},"content":{"rendered":"<p><span style=\"font-weight: 400;\">Trabalhar como confeiteiro exige muito mais do que saber preparar bolos, doces e sobremesas. Afinal, esse profissional precisa lidar diariamente com produ\u00e7\u00e3o, organiza\u00e7\u00e3o, equipamentos, ingredientes, prazos e, muitas vezes, jornadas que come\u00e7am bastante cedo.<\/span><\/p>\n<p><span style=\"font-weight: 400;\">Al\u00e9m disso, em padarias e confeitarias que funcionam durante todo o dia, o confeiteiro pode trabalhar em hor\u00e1rios variados, inclusive aos finais de semana e feriados.<\/span><\/p>\n<p><span style=\"font-weight: 400;\">Por isso, conhecer os <\/span><b>direitos do confeiteiro<\/b><span style=\"font-weight: 400;\"> \u00e9 fundamental.<\/span><\/p>\n<p><span style=\"font-weight: 400;\">Afinal, embora muitas pessoas enxerguem apenas o resultado final do trabalho, existe uma rotina intensa por tr\u00e1s de cada bolo, torta, doce ou sobremesa que chega ao consumidor.<\/span><\/p>\n<p><span style=\"font-weight: 400;\">Al\u00e9m do mais, dependendo das condi\u00e7\u00f5es do contrato, o confeiteiro pode ter direito a horas extras, adicional noturno, f\u00e9rias, FGTS, d\u00e9cimo terceiro sal\u00e1rio, descanso semanal remunerado e outras garantias.<\/span><\/p>\n<p><span style=\"font-weight: 400;\">Neste artigo, voc\u00ea vai entender os principais <\/span><b>direitos trabalhista do confeiteiro<\/b><span style=\"font-weight: 400;\">, quais situa\u00e7\u00f5es merecem aten\u00e7\u00e3o e como agir quando a empresa n\u00e3o cumpre corretamente suas obriga\u00e7\u00f5es.<\/span><\/p>\n<h1><b>Quem \u00e9 o Confeiteiro?<\/b><\/h1>\n<p><span style=\"font-weight: 400;\">Antes de mais nada, \u00e9 importante entender quem \u00e9 o profissional que exerce a fun\u00e7\u00e3o de confeiteiro.<\/span><\/p>\n<p><span style=\"font-weight: 400;\">De modo geral, o confeiteiro trabalha na prepara\u00e7\u00e3o de bolos, tortas, doces, sobremesas, massas, recheios, coberturas e outros produtos de confeitaria.<\/span><\/p>\n<p><span style=\"font-weight: 400;\">Al\u00e9m disso, dependendo do estabelecimento, pode participar de praticamente todas as etapas da produ\u00e7\u00e3o.<\/span><\/p>\n<p><span style=\"font-weight: 400;\">Por exemplo, pode ser respons\u00e1vel por:<\/span><\/p>\n<ul>\n<li style=\"font-weight: 400;\" aria-level=\"1\"><span style=\"font-weight: 400;\">preparar massas;<\/span><\/li>\n<li style=\"font-weight: 400;\" aria-level=\"1\"><span style=\"font-weight: 400;\">produzir recheios;<\/span><\/li>\n<li style=\"font-weight: 400;\" aria-level=\"1\"><span style=\"font-weight: 400;\">preparar coberturas;<\/span><\/li>\n<li style=\"font-weight: 400;\" aria-level=\"1\"><span style=\"font-weight: 400;\">decorar bolos;<\/span><\/li>\n<li style=\"font-weight: 400;\" aria-level=\"1\"><span style=\"font-weight: 400;\">produzir doces;<\/span><\/li>\n<li style=\"font-weight: 400;\" aria-level=\"1\"><span style=\"font-weight: 400;\">organizar ingredientes;<\/span><\/li>\n<li style=\"font-weight: 400;\" aria-level=\"1\"><span style=\"font-weight: 400;\">utilizar equipamentos de cozinha;<\/span><\/li>\n<li style=\"font-weight: 400;\" aria-level=\"1\"><span style=\"font-weight: 400;\">armazenar produtos;<\/span><\/li>\n<li style=\"font-weight: 400;\" aria-level=\"1\"><span style=\"font-weight: 400;\">controlar a produ\u00e7\u00e3o;<\/span><\/li>\n<li style=\"font-weight: 400;\" aria-level=\"1\"><span style=\"font-weight: 400;\">higienizar utens\u00edlios e equipamentos.<\/span><\/li>\n<\/ul>\n<p><span style=\"font-weight: 400;\">Entretanto, a rotina pode variar bastante de uma empresa para outra.<\/span><\/p>\n<p><span style=\"font-weight: 400;\">Por isso, os <\/span><b>direitos do confeiteiro<\/b><span style=\"font-weight: 400;\"> devem ser analisados considerando as atividades efetivamente realizadas, o hor\u00e1rio de trabalho, a forma de contrata\u00e7\u00e3o e as normas coletivas aplic\u00e1veis.<\/span><\/p>\n<h1><b>Quais S\u00e3o os Principais Direitos do Confeiteiro?<\/b><\/h1>\n<p><span style=\"font-weight: 400;\">Em primeiro lugar, o confeiteiro contratado como empregado possui, em regra, os direitos trabalhistas previstos na legisla\u00e7\u00e3o.<\/span><\/p>\n<p><span style=\"font-weight: 400;\">Entre os principais, est\u00e3o:<\/span><\/p>\n<ul>\n<li style=\"font-weight: 400;\" aria-level=\"1\"><span style=\"font-weight: 400;\">registro do contrato de trabalho;<\/span><\/li>\n<li style=\"font-weight: 400;\" aria-level=\"1\"><span style=\"font-weight: 400;\">sal\u00e1rio;<\/span><\/li>\n<li style=\"font-weight: 400;\" aria-level=\"1\"><span style=\"font-weight: 400;\">f\u00e9rias acrescidas de um ter\u00e7o;<\/span><\/li>\n<li style=\"font-weight: 400;\" aria-level=\"1\"><span style=\"font-weight: 400;\">d\u00e9cimo terceiro sal\u00e1rio;<\/span><\/li>\n<li style=\"font-weight: 400;\" aria-level=\"1\"><span style=\"font-weight: 400;\">FGTS;<\/span><\/li>\n<li style=\"font-weight: 400;\" aria-level=\"1\"><span style=\"font-weight: 400;\">descanso semanal remunerado;<\/span><\/li>\n<li style=\"font-weight: 400;\" aria-level=\"1\"><span style=\"font-weight: 400;\">intervalo para descanso e alimenta\u00e7\u00e3o;<\/span><\/li>\n<li style=\"font-weight: 400;\" aria-level=\"1\"><span style=\"font-weight: 400;\">horas extras, quando realizadas;<\/span><\/li>\n<li style=\"font-weight: 400;\" aria-level=\"1\"><span style=\"font-weight: 400;\">adicional noturno, quando aplic\u00e1vel;<\/span><\/li>\n<li style=\"font-weight: 400;\" aria-level=\"1\"><span style=\"font-weight: 400;\">prote\u00e7\u00e3o \u00e0 sa\u00fade e seguran\u00e7a;<\/span><\/li>\n<li style=\"font-weight: 400;\" aria-level=\"1\"><span style=\"font-weight: 400;\">verbas rescis\u00f3rias, conforme a modalidade de desligamento.<\/span><\/li>\n<\/ul>\n<p><span style=\"font-weight: 400;\">Al\u00e9m disso, conven\u00e7\u00f5es e acordos coletivos podem estabelecer condi\u00e7\u00f5es espec\u00edficas para a categoria.<\/span><\/p>\n<p><span style=\"font-weight: 400;\">Consequentemente, n\u00e3o basta analisar somente a legisla\u00e7\u00e3o geral.<\/span><\/p>\n<p><span style=\"font-weight: 400;\">\u00c9 importante verificar tamb\u00e9m a norma coletiva aplic\u00e1vel ao trabalhador.<\/span><\/p>\n<h1><b>O Confeiteiro Tem Direito \u00e0 Carteira Assinada?<\/b><\/h1>\n<p><span style=\"font-weight: 400;\">Sim, quando estiverem presentes os requisitos da rela\u00e7\u00e3o de emprego.<\/span><\/p>\n<p><span style=\"font-weight: 400;\">Ou seja, quando o profissional trabalha pessoalmente, de forma habitual, recebe sal\u00e1rio e est\u00e1 subordinado ao empregador, a rela\u00e7\u00e3o pode caracterizar v\u00ednculo empregat\u00edcio.<\/span><\/p>\n<p><span style=\"font-weight: 400;\">Al\u00e9m disso, a empresa n\u00e3o pode simplesmente chamar o trabalhador de &#8220;freelancer&#8221; ou &#8220;ajudante&#8221; para afastar direitos que decorrem da realidade do trabalho.<\/span><\/p>\n<p><span style=\"font-weight: 400;\">Na pr\u00e1tica, o que importa \u00e9 observar como a rela\u00e7\u00e3o realmente funciona.<\/span><\/p>\n<p><span style=\"font-weight: 400;\">Por exemplo, imagine uma confeiteira que trabalha de segunda a s\u00e1bado, cumpre hor\u00e1rio determinado, recebe sal\u00e1rio mensal e segue ordens do propriet\u00e1rio da padaria.<\/span><\/p>\n<p><span style=\"font-weight: 400;\">Nesse caso, \u00e9 necess\u00e1rio analisar os requisitos da rela\u00e7\u00e3o de emprego, ainda que a empresa tenha utilizado outra nomenclatura para a contrata\u00e7\u00e3o.<\/span><\/p>\n<p><span style=\"font-weight: 400;\">Portanto, trabalhar sem registro n\u00e3o significa automaticamente perder os <\/span><b>direitos do confeiteiro<\/b><span style=\"font-weight: 400;\">.<\/span><\/p>\n<h1><b>Como Funciona a Jornada de Trabalho do Confeiteiro?<\/b><\/h1>\n<p><span style=\"font-weight: 400;\">A jornada merece aten\u00e7\u00e3o especial.<\/span><\/p>\n<p><span style=\"font-weight: 400;\">Afinal, a produ\u00e7\u00e3o de uma confeitaria pode come\u00e7ar muito antes da abertura do estabelecimento.<\/span><\/p>\n<p><span style=\"font-weight: 400;\">Por exemplo, uma padaria que abre \u00e0s 6h pode exigir que o confeiteiro esteja no local \u00e0s 4h para preparar massas, recheios, coberturas e demais produtos.<\/span><\/p>\n<p><span style=\"font-weight: 400;\">Al\u00e9m disso, o empregado pode permanecer ap\u00f3s o hor\u00e1rio de atendimento para finalizar encomendas ou organizar o setor.<\/span><\/p>\n<p><span style=\"font-weight: 400;\">Consequentemente, o hor\u00e1rio efetivamente trabalhado pode ser muito maior do que aquele registrado formalmente.<\/span><\/p>\n<p><span style=\"font-weight: 400;\">A Constitui\u00e7\u00e3o estabelece, como regra geral, dura\u00e7\u00e3o do trabalho normal n\u00e3o superior a oito horas di\u00e1rias e 44 horas semanais, al\u00e9m de garantir remunera\u00e7\u00e3o do servi\u00e7o extraordin\u00e1rio superior, no m\u00ednimo, em 50% \u00e0 do trabalho normal.<\/span><\/p>\n<p><span style=\"font-weight: 400;\">Por isso, controlar corretamente a jornada \u00e9 fundamental.<\/span><\/p>\n<h1><b>Confeiteiro Tem Direito a Horas Extras?<\/b><\/h1>\n<p><span style=\"font-weight: 400;\">Sim, quando efetivamente realiza trabalho al\u00e9m da jornada devida e n\u00e3o houver hip\u00f3tese legal que afaste esse direito.<\/span><\/p>\n<p><span style=\"font-weight: 400;\">Essa situa\u00e7\u00e3o pode acontecer com frequ\u00eancia nas confeitarias.<\/span><\/p>\n<p><span style=\"font-weight: 400;\">Afinal, determinadas encomendas precisam ficar prontas em hor\u00e1rios espec\u00edficos.<\/span><\/p>\n<p><span style=\"font-weight: 400;\">Assim, o profissional pode ser obrigado a permanecer depois do expediente para concluir a produ\u00e7\u00e3o.<\/span><\/p>\n<p><span style=\"font-weight: 400;\">Al\u00e9m disso, pode chegar mais cedo para preparar a cozinha e organizar os ingredientes.<\/span><\/p>\n<p><span style=\"font-weight: 400;\">Por exemplo:<\/span><\/p>\n<p><span style=\"font-weight: 400;\">O confeiteiro deveria trabalhar das 8h \u00e0s 17h, mas todos os dias chega \u00e0s 6h30 para iniciar a produ\u00e7\u00e3o.<\/span><\/p>\n<p><span style=\"font-weight: 400;\">Nesse caso, \u00e9 importante analisar se esse per\u00edodo anterior ao hor\u00e1rio contratual integra efetivamente a jornada.<\/span><\/p>\n<p><span style=\"font-weight: 400;\">Da mesma forma, se o empregado permanece trabalhando ap\u00f3s o hor\u00e1rio de sa\u00edda, esse per\u00edodo tamb\u00e9m deve ser analisado.<\/span><\/p>\n<p><span style=\"font-weight: 400;\">Consequentemente, pequenas diferen\u00e7as di\u00e1rias podem representar muitas horas ao longo de meses ou anos.<\/span><\/p>\n<h1><b>Trabalhar Antes da Abertura da Padaria Conta como Tempo de Trabalho?<\/b><\/h1>\n<p><span style=\"font-weight: 400;\">Pode contar.<\/span><\/p>\n<p><span style=\"font-weight: 400;\">Imagine que a padaria abre \u00e0s 7h, mas o confeiteiro precisa chegar \u00e0s 5h para preparar os produtos.<\/span><\/p>\n<p><span style=\"font-weight: 400;\">Al\u00e9m disso, ele precisa obedecer a essa rotina diariamente.<\/span><\/p>\n<p><span style=\"font-weight: 400;\">Nesse cen\u00e1rio, o per\u00edodo anterior \u00e0 abertura n\u00e3o deve ser simplesmente ignorado.<\/span><\/p>\n<p><span style=\"font-weight: 400;\">Afinal, o trabalhador j\u00e1 est\u00e1 realizando atividades em benef\u00edcio da empresa.<\/span><\/p>\n<p><span style=\"font-weight: 400;\">Por isso, \u00e9 importante guardar registros que demonstrem esse hor\u00e1rio.<\/span><\/p>\n<p><span style=\"font-weight: 400;\">Entre eles, podem estar:<\/span><\/p>\n<ul>\n<li style=\"font-weight: 400;\" aria-level=\"1\"><span style=\"font-weight: 400;\">mensagens;<\/span><\/li>\n<li style=\"font-weight: 400;\" aria-level=\"1\"><span style=\"font-weight: 400;\">registros de ponto;<\/span><\/li>\n<li style=\"font-weight: 400;\" aria-level=\"1\"><span style=\"font-weight: 400;\">escalas;<\/span><\/li>\n<li style=\"font-weight: 400;\" aria-level=\"1\"><span style=\"font-weight: 400;\">conversas com superiores;<\/span><\/li>\n<li style=\"font-weight: 400;\" aria-level=\"1\"><span style=\"font-weight: 400;\">testemunhas;<\/span><\/li>\n<li style=\"font-weight: 400;\" aria-level=\"1\"><span style=\"font-weight: 400;\">registros de acesso;<\/span><\/li>\n<li style=\"font-weight: 400;\" aria-level=\"1\"><span style=\"font-weight: 400;\">documentos internos.<\/span><\/li>\n<\/ul>\n<p><span style=\"font-weight: 400;\">Dessa forma, caso exista uma discuss\u00e3o sobre a jornada, haver\u00e1 elementos para demonstrar a realidade.<\/span><\/p>\n<h1><b>O Confeiteiro Tem Direito a Adicional Noturno?<\/b><\/h1>\n<p><span style=\"font-weight: 400;\">Dependendo do hor\u00e1rio trabalhado, sim.<\/span><\/p>\n<p><span style=\"font-weight: 400;\">Essa quest\u00e3o merece aten\u00e7\u00e3o principalmente em padarias que iniciam a produ\u00e7\u00e3o durante a madrugada.<\/span><\/p>\n<p><span style=\"font-weight: 400;\">A Constitui\u00e7\u00e3o garante remunera\u00e7\u00e3o do trabalho noturno superior \u00e0 do trabalho diurno.<\/span><\/p>\n<p><span style=\"font-weight: 400;\">Al\u00e9m disso, o TST registra que, no trabalho urbano, o per\u00edodo noturno \u00e9 tratado pela CLT entre 22h e 5h, com regras pr\u00f3prias de remunera\u00e7\u00e3o e dura\u00e7\u00e3o da hora noturna.<\/span><\/p>\n<p><span style=\"font-weight: 400;\">Portanto, se o confeiteiro trabalha habitualmente nesse per\u00edodo, \u00e9 necess\u00e1rio verificar se o adicional est\u00e1 sendo corretamente pago.<\/span><\/p>\n<p><span style=\"font-weight: 400;\">Al\u00e9m do mais, existem discuss\u00f5es espec\u00edficas sobre jornadas que come\u00e7am no per\u00edodo noturno e continuam depois das 5h.<\/span><\/p>\n<p><span style=\"font-weight: 400;\">Atualmente, o pr\u00f3prio TST registra que a quest\u00e3o sobre jornada mista, prorroga\u00e7\u00e3o ap\u00f3s as 5h e eventual influ\u00eancia de norma coletiva ainda possui discuss\u00e3o em incidente espec\u00edfico.<\/span><\/p>\n<p><span style=\"font-weight: 400;\">Consequentemente, situa\u00e7\u00f5es envolvendo trabalho noturno devem ser analisadas de acordo com a jornada concreta e a norma coletiva aplic\u00e1vel.<\/span><\/p>\n<h1><b>Confeiteiro Tem Direito ao Intervalo para Almo\u00e7o?<\/b><\/h1>\n<p><span style=\"font-weight: 400;\">Sim, observadas as regras aplic\u00e1veis \u00e0 dura\u00e7\u00e3o da jornada.<\/span><\/p>\n<p><span style=\"font-weight: 400;\">Afinal, o intervalo n\u00e3o representa um benef\u00edcio concedido espontaneamente pelo empregador.<\/span><\/p>\n<p><span style=\"font-weight: 400;\">Ele existe para permitir que o trabalhador descanse e se alimente durante a jornada.<\/span><\/p>\n<p><span style=\"font-weight: 400;\">Segundo as informa\u00e7\u00f5es disponibilizadas pelo TST, para jornadas superiores a seis horas, a regra geral prev\u00ea intervalo m\u00ednimo de uma hora; para jornadas superiores a quatro e que n\u00e3o ultrapassem seis horas, o intervalo m\u00ednimo \u00e9 de 15 minutos, ressalvadas as hip\u00f3teses legais e negociais.<\/span><\/p>\n<p><span style=\"font-weight: 400;\">Entretanto, na pr\u00e1tica, alguns confeiteiros enfrentam uma situa\u00e7\u00e3o bastante comum: registram o intervalo, mas continuam trabalhando.<\/span><\/p>\n<p><span style=\"font-weight: 400;\">Por exemplo, o empregado registra uma hora de almo\u00e7o, mas precisa permanecer na cozinha preparando produtos.<\/span><\/p>\n<p><span style=\"font-weight: 400;\">Nesse caso, existe uma diferen\u00e7a entre o intervalo registrado e o intervalo efetivamente usufru\u00eddo.<\/span><\/p>\n<p><span style=\"font-weight: 400;\">Al\u00e9m disso, a CLT estabelece consequ\u00eancias para a n\u00e3o concess\u00e3o ou concess\u00e3o parcial do intervalo m\u00ednimo, observadas as regras legais.<\/span><\/p>\n<h1><b>O Confeiteiro Pode Trabalhar na Escala 6&#215;1?<\/b><\/h1>\n<p><span style=\"font-weight: 400;\">Sim, a escala 6&#215;1 pode ser utilizada, desde que respeitadas as regras legais e coletivas aplic\u00e1veis.<\/span><\/p>\n<p><span style=\"font-weight: 400;\">Nesse modelo, o trabalhador normalmente exerce suas atividades durante seis dias e possui um dia de descanso.<\/span><\/p>\n<p><span style=\"font-weight: 400;\">Entretanto, a escala n\u00e3o permite que a empresa ultrapasse os limites legais da jornada.<\/span><\/p>\n<p><span style=\"font-weight: 400;\">Al\u00e9m disso, o empregado deve receber o descanso semanal correspondente.<\/span><\/p>\n<p><span style=\"font-weight: 400;\">Por isso, se a empresa altera constantemente a escala, elimina folgas ou exige jornadas excessivas, \u00e9 importante analisar a situa\u00e7\u00e3o.<\/span><\/p>\n<p><span style=\"font-weight: 400;\">Afinal, uma escala aparentemente normal pode esconder diversas irregularidades.<\/span><\/p>\n<h1><b>O Confeiteiro Pode Trabalhar aos Domingos?<\/b><\/h1>\n<p><span style=\"font-weight: 400;\">Em determinadas situa\u00e7\u00f5es, sim.<\/span><\/p>\n<p><span style=\"font-weight: 400;\">Padarias e confeitarias podem funcionar aos domingos, mas o trabalho nesse dia deve observar as regras aplic\u00e1veis ao descanso semanal e \u00e0s normas coletivas.<\/span><\/p>\n<p><span style=\"font-weight: 400;\">Al\u00e9m disso, \u00e9 necess\u00e1rio verificar como as folgas s\u00e3o organizadas.<\/span><\/p>\n<p><span style=\"font-weight: 400;\">Portanto, trabalhar no domingo n\u00e3o significa automaticamente que a empresa esteja cometendo uma irregularidade.<\/span><\/p>\n<p><span style=\"font-weight: 400;\">Por outro lado, o empregador tamb\u00e9m n\u00e3o pode simplesmente exigir trabalho cont\u00ednuo sem respeitar o descanso devido.<\/span><\/p>\n<p><span style=\"font-weight: 400;\">Consequentemente, \u00e9 necess\u00e1rio analisar a escala completa.<\/span><\/p>\n<h1><b>O Confeiteiro Tem Direito ao Descanso Semanal Remunerado?<\/b><\/h1>\n<p><span style=\"font-weight: 400;\">Sim.<\/span><\/p>\n<p><span style=\"font-weight: 400;\">O descanso semanal remunerado \u00e9 uma importante garantia trabalhista.<\/span><\/p>\n<p><span style=\"font-weight: 400;\">A Constitui\u00e7\u00e3o assegura o repouso semanal remunerado, preferencialmente aos domingos.<\/span><\/p>\n<p><span style=\"font-weight: 400;\">Al\u00e9m disso, o descanso possui uma finalidade muito importante: permitir que o trabalhador se recupere f\u00edsica e mentalmente.<\/span><\/p>\n<p><span style=\"font-weight: 400;\">Afinal, a produ\u00e7\u00e3o de confeitaria pode envolver longos per\u00edodos em p\u00e9, movimentos repetitivos, carregamento de ingredientes e exposi\u00e7\u00e3o a equipamentos quentes.<\/span><\/p>\n<p><span style=\"font-weight: 400;\">Por isso, o descanso n\u00e3o deve ser tratado como algo secund\u00e1rio.<\/span><\/p>\n<h1><b>Confeiteiro Tem Direito a F\u00e9rias?<\/b><\/h1>\n<p><span style=\"font-weight: 400;\">Sim.<\/span><\/p>\n<p><span style=\"font-weight: 400;\">As f\u00e9rias constituem um dos principais direitos trabalhistas.<\/span><\/p>\n<p><span style=\"font-weight: 400;\">Al\u00e9m disso, a Constitui\u00e7\u00e3o garante f\u00e9rias anuais remuneradas com pelo menos um ter\u00e7o a mais do que o sal\u00e1rio normal.<\/span><\/p>\n<p><span style=\"font-weight: 400;\">Por isso, a empresa deve observar as regras relativas \u00e0 aquisi\u00e7\u00e3o e concess\u00e3o das f\u00e9rias.<\/span><\/p>\n<p><span style=\"font-weight: 400;\">Entretanto, problemas podem surgir quando o trabalhador permanece anos sem usufruir adequadamente desse direito.<\/span><\/p>\n<p><span style=\"font-weight: 400;\">Consequentemente, \u00e9 importante acompanhar os per\u00edodos de f\u00e9rias e os pagamentos realizados pela empresa.<\/span><\/p>\n<h1><b>Confeiteiro Tem Direito ao D\u00e9cimo Terceiro Sal\u00e1rio?<\/b><\/h1>\n<p><span style=\"font-weight: 400;\">Sim, quando estiver caracterizado o v\u00ednculo de emprego.<\/span><\/p>\n<p><span style=\"font-weight: 400;\">O d\u00e9cimo terceiro sal\u00e1rio integra os direitos trabalhistas garantidos constitucionalmente.<\/span><\/p>\n<p><span style=\"font-weight: 400;\">Al\u00e9m disso, o valor \u00e9 calculado considerando a remunera\u00e7\u00e3o e o per\u00edodo trabalhado, conforme as regras aplic\u00e1veis.<\/span><\/p>\n<p><span style=\"font-weight: 400;\">Por isso, o trabalhador deve conferir os pagamentos realizados.<\/span><\/p>\n<p><span style=\"font-weight: 400;\">Caso existam diferen\u00e7as, \u00e9 recomend\u00e1vel guardar contracheques e comprovantes.<\/span><\/p>\n<h1><b>Confeiteiro Tem Direito ao FGTS?<\/b><\/h1>\n<p><span style=\"font-weight: 400;\">Sim, quando existe v\u00ednculo empregat\u00edcio.<\/span><\/p>\n<p><span style=\"font-weight: 400;\">O empregador deve realizar os dep\u00f3sitos correspondentes ao FGTS durante o contrato.<\/span><\/p>\n<p><span style=\"font-weight: 400;\">Entretanto, trabalhadores sem registro ou que enfrentam irregularidades podem descobrir que os dep\u00f3sitos n\u00e3o foram realizados corretamente.<\/span><\/p>\n<p><span style=\"font-weight: 400;\">Por isso, acompanhar o extrato do FGTS \u00e9 uma atitude importante.<\/span><\/p>\n<p><span style=\"font-weight: 400;\">Al\u00e9m disso, caso existam per\u00edodos sem dep\u00f3sitos, os documentos podem ajudar a demonstrar a situa\u00e7\u00e3o.<\/span><\/p>\n<h1><b>Confeiteiro Tem Direito a Insalubridade?<\/b><\/h1>\n<p><span style=\"font-weight: 400;\">Essa \u00e9 uma d\u00favida muito comum.<\/span><\/p>\n<p><span style=\"font-weight: 400;\">Entretanto, n\u00e3o \u00e9 correto afirmar que todo confeiteiro possui automaticamente direito ao adicional de insalubridade.<\/span><\/p>\n<p><span style=\"font-weight: 400;\">Afinal, esse direito depende das condi\u00e7\u00f5es concretas do ambiente de trabalho e da exposi\u00e7\u00e3o a agentes considerados nocivos.<\/span><\/p>\n<p><span style=\"font-weight: 400;\">Al\u00e9m disso, a an\u00e1lise deve considerar as normas de sa\u00fade e seguran\u00e7a aplic\u00e1veis.<\/span><\/p>\n<p><span style=\"font-weight: 400;\">Por exemplo, a simples presen\u00e7a de forno ou calor n\u00e3o significa, por si s\u00f3, que o trabalhador receber\u00e1 automaticamente o adicional.<\/span><\/p>\n<p><span style=\"font-weight: 400;\">Por isso, situa\u00e7\u00f5es envolvendo insalubridade precisam de avalia\u00e7\u00e3o espec\u00edfica.<\/span><\/p>\n<h1><b>EPI Tamb\u00e9m Faz Parte dos Direitos do Confeiteiro?<\/b><\/h1>\n<p><span style=\"font-weight: 400;\">A seguran\u00e7a do trabalhador \u00e9 outro ponto importante.<\/span><\/p>\n<p><span style=\"font-weight: 400;\">A Constitui\u00e7\u00e3o estabelece a redu\u00e7\u00e3o dos riscos inerentes ao trabalho por meio de normas de sa\u00fade, higiene e seguran\u00e7a.<\/span><\/p>\n<p><span style=\"font-weight: 400;\">Al\u00e9m disso, dependendo dos riscos presentes no ambiente, a empresa deve adotar medidas de prote\u00e7\u00e3o adequadas.<\/span><\/p>\n<p><span style=\"font-weight: 400;\">No caso de uma confeitaria, podem existir riscos relacionados a:<\/span><\/p>\n<ul>\n<li style=\"font-weight: 400;\" aria-level=\"1\"><span style=\"font-weight: 400;\">calor;<\/span><\/li>\n<li style=\"font-weight: 400;\" aria-level=\"1\"><span style=\"font-weight: 400;\">equipamentos el\u00e9tricos;<\/span><\/li>\n<li style=\"font-weight: 400;\" aria-level=\"1\"><span style=\"font-weight: 400;\">m\u00e1quinas;<\/span><\/li>\n<li style=\"font-weight: 400;\" aria-level=\"1\"><span style=\"font-weight: 400;\">objetos cortantes;<\/span><\/li>\n<li style=\"font-weight: 400;\" aria-level=\"1\"><span style=\"font-weight: 400;\">produtos qu\u00edmicos;<\/span><\/li>\n<li style=\"font-weight: 400;\" aria-level=\"1\"><span style=\"font-weight: 400;\">pisos escorregadios;<\/span><\/li>\n<li style=\"font-weight: 400;\" aria-level=\"1\"><span style=\"font-weight: 400;\">queimaduras;<\/span><\/li>\n<li style=\"font-weight: 400;\" aria-level=\"1\"><span style=\"font-weight: 400;\">movimenta\u00e7\u00e3o de cargas.<\/span><\/li>\n<\/ul>\n<p><span style=\"font-weight: 400;\">Consequentemente, a empresa deve avaliar os riscos existentes e adotar as medidas de preven\u00e7\u00e3o cab\u00edveis.<\/span><\/p>\n<h1><b>O Confeiteiro Pode Acumular Fun\u00e7\u00f5es?<\/b><\/h1>\n<p><span style=\"font-weight: 400;\">Pode acontecer, mas \u00e9 necess\u00e1rio analisar cada situa\u00e7\u00e3o.<\/span><\/p>\n<p><span style=\"font-weight: 400;\">Por exemplo, imagine que uma pessoa seja contratada como confeiteira, mas diariamente tamb\u00e9m precisa:<\/span><\/p>\n<ul>\n<li style=\"font-weight: 400;\" aria-level=\"1\"><span style=\"font-weight: 400;\">atender clientes;<\/span><\/li>\n<li style=\"font-weight: 400;\" aria-level=\"1\"><span style=\"font-weight: 400;\">operar caixa;<\/span><\/li>\n<li style=\"font-weight: 400;\" aria-level=\"1\"><span style=\"font-weight: 400;\">limpar todo o estabelecimento;<\/span><\/li>\n<li style=\"font-weight: 400;\" aria-level=\"1\"><span style=\"font-weight: 400;\">realizar entregas;<\/span><\/li>\n<li style=\"font-weight: 400;\" aria-level=\"1\"><span style=\"font-weight: 400;\">descarregar mercadorias;<\/span><\/li>\n<li style=\"font-weight: 400;\" aria-level=\"1\"><span style=\"font-weight: 400;\">trabalhar como balconista;<\/span><\/li>\n<li style=\"font-weight: 400;\" aria-level=\"1\"><span style=\"font-weight: 400;\">exercer fun\u00e7\u00f5es administrativas.<\/span><\/li>\n<\/ul>\n<p><span style=\"font-weight: 400;\">Nesse caso, \u00e9 importante verificar a extens\u00e3o das atividades exigidas.<\/span><\/p>\n<p><span style=\"font-weight: 400;\">Entretanto, n\u00e3o \u00e9 correto afirmar que qualquer tarefa adicional gera automaticamente direito a um adicional salarial.<\/span><\/p>\n<p><span style=\"font-weight: 400;\">Por isso, a an\u00e1lise deve considerar o contrato, as atividades efetivamente realizadas e as normas aplic\u00e1veis.<\/span><\/p>\n<h1><b>Quais S\u00e3o os Problemas Mais Comuns Enfrentados pelo Confeiteiro?<\/b><\/h1>\n<p><span style=\"font-weight: 400;\">Infelizmente, algumas irregularidades aparecem com frequ\u00eancia.<\/span><\/p>\n<p><span style=\"font-weight: 400;\">Entre elas, est\u00e3o:<\/span><\/p>\n<ul>\n<li style=\"font-weight: 400;\" aria-level=\"1\"><span style=\"font-weight: 400;\">trabalho sem carteira assinada;<\/span><\/li>\n<li style=\"font-weight: 400;\" aria-level=\"1\"><span style=\"font-weight: 400;\">horas extras n\u00e3o pagas;<\/span><\/li>\n<li style=\"font-weight: 400;\" aria-level=\"1\"><span style=\"font-weight: 400;\">trabalho antes do hor\u00e1rio registrado;<\/span><\/li>\n<li style=\"font-weight: 400;\" aria-level=\"1\"><span style=\"font-weight: 400;\">perman\u00eancia ap\u00f3s o expediente;<\/span><\/li>\n<li style=\"font-weight: 400;\" aria-level=\"1\"><span style=\"font-weight: 400;\">adicional noturno n\u00e3o pago;<\/span><\/li>\n<li style=\"font-weight: 400;\" aria-level=\"1\"><span style=\"font-weight: 400;\">intervalo n\u00e3o concedido corretamente;<\/span><\/li>\n<li style=\"font-weight: 400;\" aria-level=\"1\"><span style=\"font-weight: 400;\">folgas n\u00e3o respeitadas;<\/span><\/li>\n<li style=\"font-weight: 400;\" aria-level=\"1\"><span style=\"font-weight: 400;\">FGTS n\u00e3o depositado;<\/span><\/li>\n<li style=\"font-weight: 400;\" aria-level=\"1\"><span style=\"font-weight: 400;\">desvio ou ac\u00famulo de fun\u00e7\u00e3o;<\/span><\/li>\n<li style=\"font-weight: 400;\" aria-level=\"1\"><span style=\"font-weight: 400;\">problemas relacionados \u00e0 seguran\u00e7a do trabalho.<\/span><\/li>\n<\/ul>\n<p><span style=\"font-weight: 400;\">Al\u00e9m disso, essas irregularidades podem acontecer simultaneamente.<\/span><\/p>\n<p><span style=\"font-weight: 400;\">Por exemplo, um confeiteiro pode trabalhar de madrugada, fazer horas extras e ainda n\u00e3o receber corretamente o adicional noturno.<\/span><\/p>\n<p><span style=\"font-weight: 400;\">Consequentemente, o preju\u00edzo acumulado pode ser bastante significativo.<\/span><\/p>\n<h1><b>Como Provar os Direitos do Confeiteiro?<\/b><\/h1>\n<p><span style=\"font-weight: 400;\">Quando existe uma irregularidade, a produ\u00e7\u00e3o de provas pode ser fundamental.<\/span><\/p>\n<p><span style=\"font-weight: 400;\">Por isso, o trabalhador deve guardar documentos e informa\u00e7\u00f5es que demonstrem sua rotina.<\/span><\/p>\n<p><span style=\"font-weight: 400;\">Entre os elementos que podem ser \u00fateis est\u00e3o:<\/span><\/p>\n<ul>\n<li style=\"font-weight: 400;\" aria-level=\"1\"><span style=\"font-weight: 400;\">cart\u00f5es de ponto;<\/span><\/li>\n<li style=\"font-weight: 400;\" aria-level=\"1\"><span style=\"font-weight: 400;\">escalas;<\/span><\/li>\n<li style=\"font-weight: 400;\" aria-level=\"1\"><span style=\"font-weight: 400;\">mensagens de WhatsApp;<\/span><\/li>\n<li style=\"font-weight: 400;\" aria-level=\"1\"><span style=\"font-weight: 400;\">comprovantes de pagamento;<\/span><\/li>\n<li style=\"font-weight: 400;\" aria-level=\"1\"><span style=\"font-weight: 400;\">contracheques;<\/span><\/li>\n<li style=\"font-weight: 400;\" aria-level=\"1\"><span style=\"font-weight: 400;\">fotografias;<\/span><\/li>\n<li style=\"font-weight: 400;\" aria-level=\"1\"><span style=\"font-weight: 400;\">registros de entrada e sa\u00edda;<\/span><\/li>\n<li style=\"font-weight: 400;\" aria-level=\"1\"><span style=\"font-weight: 400;\">conversas com superiores;<\/span><\/li>\n<li style=\"font-weight: 400;\" aria-level=\"1\"><span style=\"font-weight: 400;\">documentos da empresa;<\/span><\/li>\n<li style=\"font-weight: 400;\" aria-level=\"1\"><span style=\"font-weight: 400;\">testemunhas.<\/span><\/li>\n<\/ul>\n<p><span style=\"font-weight: 400;\">Al\u00e9m disso, manter anota\u00e7\u00f5es pessoais sobre os hor\u00e1rios pode ajudar a organizar os fatos.<\/span><\/p>\n<p><span style=\"font-weight: 400;\">Dessa maneira, o trabalhador consegue comparar o hor\u00e1rio efetivamente trabalhado com aquele registrado pela empresa.<\/span><\/p>\n<h1><b>A Empresa Pode Exigir que o Confeiteiro Trabalhe Depois do Expediente?<\/b><\/h1>\n<p><span style=\"font-weight: 400;\">A empresa pode precisar de trabalho extraordin\u00e1rio em determinadas situa\u00e7\u00f5es, mas, quando houver horas extras, devem ser observadas as regras legais e coletivas aplic\u00e1veis.<\/span><\/p>\n<p><span style=\"font-weight: 400;\">Por exemplo, uma encomenda de \u00faltima hora pode fazer com que o confeiteiro permane\u00e7a mais tempo no estabelecimento.<\/span><\/p>\n<p><span style=\"font-weight: 400;\">Entretanto, se isso acontece todos os dias, a situa\u00e7\u00e3o merece aten\u00e7\u00e3o.<\/span><\/p>\n<p><span style=\"font-weight: 400;\">Afinal, uma coisa \u00e9 realizar uma hora extra eventualmente.<\/span><\/p>\n<p><span style=\"font-weight: 400;\">Outra, completamente diferente, \u00e9 permanecer diariamente duas ou tr\u00eas horas al\u00e9m do hor\u00e1rio.<\/span><\/p>\n<p><span style=\"font-weight: 400;\">Consequentemente, o trabalhador deve acompanhar a jornada e verificar se todo o per\u00edodo est\u00e1 sendo corretamente registrado e remunerado.<\/span><\/p>\n<h1><b>O Que Fazer se a Padaria N\u00e3o Respeitar os Direitos do Confeiteiro?<\/b><\/h1>\n<p><span style=\"font-weight: 400;\">Primeiramente, procure organizar todos os documentos dispon\u00edveis.<\/span><\/p>\n<p><span style=\"font-weight: 400;\">Depois disso, registre os hor\u00e1rios efetivamente trabalhados e re\u00fana informa\u00e7\u00f5es sobre as condi\u00e7\u00f5es do contrato.<\/span><\/p>\n<p><span style=\"font-weight: 400;\">Al\u00e9m disso, evite descartar mensagens ou documentos que possam demonstrar a rotina.<\/span><\/p>\n<p><span style=\"font-weight: 400;\">Por fim, procure orienta\u00e7\u00e3o jur\u00eddica para entender quais medidas podem ser adotadas.<\/span><\/p>\n<p><span style=\"font-weight: 400;\">Afinal, a an\u00e1lise de cada caso depende das circunst\u00e2ncias concretas.<\/span><\/p>\n<h1><b>Quando Procurar um Escrit\u00f3rio de Advocacia Trabalhista?<\/b><\/h1>\n<p><span style=\"font-weight: 400;\">Se voc\u00ea \u00e9 confeiteiro e acredita que a empresa n\u00e3o est\u00e1 respeitando seus direitos, buscar orienta\u00e7\u00e3o de um <\/span><b>escrit\u00f3rio de advocacia trabalhista em Contagem<\/b><span style=\"font-weight: 400;\"> pode ajudar a esclarecer a situa\u00e7\u00e3o.<\/span><\/p>\n<p><span style=\"font-weight: 400;\">Al\u00e9m disso, uma an\u00e1lise profissional pode verificar quest\u00f5es relacionadas a:<\/span><\/p>\n<ul>\n<li style=\"font-weight: 400;\" aria-level=\"1\"><span style=\"font-weight: 400;\">horas extras;<\/span><\/li>\n<li style=\"font-weight: 400;\" aria-level=\"1\"><span style=\"font-weight: 400;\">adicional noturno;<\/span><\/li>\n<li style=\"font-weight: 400;\" aria-level=\"1\"><span style=\"font-weight: 400;\">intervalo;<\/span><\/li>\n<li style=\"font-weight: 400;\" aria-level=\"1\"><span style=\"font-weight: 400;\">FGTS;<\/span><\/li>\n<li style=\"font-weight: 400;\" aria-level=\"1\"><span style=\"font-weight: 400;\">f\u00e9rias;<\/span><\/li>\n<li style=\"font-weight: 400;\" aria-level=\"1\"><span style=\"font-weight: 400;\">d\u00e9cimo terceiro;<\/span><\/li>\n<li style=\"font-weight: 400;\" aria-level=\"1\"><span style=\"font-weight: 400;\">registro em carteira;<\/span><\/li>\n<li style=\"font-weight: 400;\" aria-level=\"1\"><span style=\"font-weight: 400;\">verbas rescis\u00f3rias;<\/span><\/li>\n<li style=\"font-weight: 400;\" aria-level=\"1\"><span style=\"font-weight: 400;\">condi\u00e7\u00f5es de trabalho.<\/span><\/li>\n<\/ul>\n<p><span style=\"font-weight: 400;\">Consequentemente, o trabalhador consegue compreender melhor quais direitos podem estar envolvidos.<\/span><\/p>\n<p><span style=\"font-weight: 400;\">Al\u00e9m do mais, n\u00e3o \u00e9 necess\u00e1rio esperar necessariamente o fim do contrato para buscar orienta\u00e7\u00e3o.<\/span><\/p>\n<p><span style=\"font-weight: 400;\">Em situa\u00e7\u00f5es de descumprimento grave e reiterado das obriga\u00e7\u00f5es trabalhistas, podem existir discuss\u00f5es jur\u00eddicas espec\u00edficas, inclusive sobre rescis\u00e3o indireta. O TST, por exemplo, possui tese em incidente repetitivo reconhecendo que o descumprimento contumaz relacionado ao pagamento de horas extras e \u00e0 concess\u00e3o do intervalo intrajornada pode autorizar a rescis\u00e3o indireta, conforme os requisitos do caso.<\/span><\/p>\n<p><span style=\"font-weight: 400;\">Por isso, quando houver problemas recorrentes, procurar orienta\u00e7\u00e3o especializada pode ser importante.<\/span><\/p>\n<h1><b>Como o Confeiteiro Pode Se Proteger?<\/b><\/h1>\n<p><span style=\"font-weight: 400;\">Embora o trabalhador nem sempre consiga impedir uma irregularidade, algumas atitudes podem ajudar.<\/span><\/p>\n<p><span style=\"font-weight: 400;\">Primeiramente, acompanhe seus hor\u00e1rios.<\/span><\/p>\n<p><span style=\"font-weight: 400;\">Al\u00e9m disso, confira os contracheques e os dep\u00f3sitos do FGTS.<\/span><\/p>\n<p><span style=\"font-weight: 400;\">Da mesma forma, guarde escalas e mensagens relacionadas ao trabalho.<\/span><\/p>\n<p><span style=\"font-weight: 400;\">Tamb\u00e9m \u00e9 importante prestar aten\u00e7\u00e3o aos per\u00edodos de f\u00e9rias e \u00e0s folgas.<\/span><\/p>\n<p><span style=\"font-weight: 400;\">Consequentemente, caso surja algum problema, voc\u00ea ter\u00e1 mais informa\u00e7\u00f5es para demonstrar o que realmente aconteceu.<\/span><\/p>\n<h1><b>Conclus\u00e3o<\/b><\/h1>\n<p><span style=\"font-weight: 400;\">Os <\/span><b>direitos do confeiteiro<\/b><span style=\"font-weight: 400;\"> n\u00e3o se resumem ao recebimento do sal\u00e1rio.<\/span><\/p>\n<p><span style=\"font-weight: 400;\">Afinal, esse profissional pode ter direito a f\u00e9rias, d\u00e9cimo terceiro, FGTS, descanso semanal remunerado, intervalos, horas extras e adicional noturno, conforme as circunst\u00e2ncias da rela\u00e7\u00e3o de trabalho.<\/span><\/p>\n<p><span style=\"font-weight: 400;\">Al\u00e9m disso, quando a jornada come\u00e7a muito cedo ou durante a madrugada, \u00e9 especialmente importante verificar os hor\u00e1rios efetivamente trabalhados.<\/span><\/p>\n<p><span style=\"font-weight: 400;\">Da mesma forma, situa\u00e7\u00f5es como trabalho antes da abertura, perman\u00eancia ap\u00f3s o expediente e intervalos n\u00e3o concedidos corretamente merecem aten\u00e7\u00e3o.<\/span><\/p>\n<p><span style=\"font-weight: 400;\">Por isso, conhecer os pr\u00f3prios direitos \u00e9 fundamental.<\/span><\/p>\n<p><span style=\"font-weight: 400;\">Al\u00e9m disso, guardar documentos, mensagens, escalas e registros de hor\u00e1rio pode fazer uma grande diferen\u00e7a.<\/span><\/p>\n<p><span style=\"font-weight: 400;\">Finalmente, caso existam d\u00favidas ou ind\u00edcios de irregularidades, procurar um <\/span><b>escrit\u00f3rio de advocacia trabalhista em Contagem<\/b><span style=\"font-weight: 400;\"> pode ajudar a avaliar o caso e identificar poss\u00edveis direitos que n\u00e3o foram corretamente observados.<\/span><\/p>\n<p><span style=\"font-weight: 400;\">Afinal, quem trabalha diariamente para produzir os alimentos que chegam \u00e0 mesa dos clientes tamb\u00e9m merece ter seus direitos respeitados.<\/span><\/p>\n<h1><b>Perguntas Frequentes<\/b><\/h1>\n<h2><b>1. O confeiteiro tem direito a horas extras?<\/b><\/h2>\n<p><span style=\"font-weight: 400;\">Sim. Quando o profissional trabalha al\u00e9m da jornada devida, as horas extras podem ser devidas, observadas as regras legais e coletivas aplic\u00e1veis.<\/span><\/p>\n<h2><b>2. Quem trabalha de madrugada como confeiteiro tem direito ao adicional noturno?<\/b><\/h2>\n<p><span style=\"font-weight: 400;\">Dependendo do hor\u00e1rio efetivamente trabalhado, sim. \u00c9 necess\u00e1rio analisar a jornada e as regras aplic\u00e1veis ao contrato.<\/span><\/p>\n<h2><b>3. Todo confeiteiro tem direito ao adicional de insalubridade?<\/b><\/h2>\n<p><span style=\"font-weight: 400;\">N\u00e3o. O adicional n\u00e3o \u00e9 autom\u00e1tico. \u00c9 necess\u00e1rio avaliar as condi\u00e7\u00f5es do ambiente e a exposi\u00e7\u00e3o a agentes nocivos conforme as normas aplic\u00e1veis.<\/span><\/p>\n<h2><b>4. O confeiteiro pode trabalhar na escala 6&#215;1?<\/b><\/h2>\n<p><span style=\"font-weight: 400;\">Sim. A escala 6&#215;1 pode ser adotada, desde que sejam respeitados os limites legais, os descansos e as normas coletivas aplic\u00e1veis.<\/span><\/p>\n<h2><b>5. O confeiteiro pode procurar um advogado enquanto ainda est\u00e1 trabalhando?<\/b><\/h2>\n<p><span style=\"font-weight: 400;\">Sim. O trabalhador pode buscar orienta\u00e7\u00e3o jur\u00eddica durante o contrato para entender seus direitos e avaliar eventuais irregularidades.<\/span><\/p>\n<p><b>Fale com o Dr. Pedro Carvalho<\/b><\/p>\n<p><span style=\"font-weight: 400;\">Cada caso tem uma estrat\u00e9gia de prova diferente. Se voc\u00ea quer entender qual \u00e9 a situa\u00e7\u00e3o do seu, envie uma mensagem e conte o que aconteceu.<\/span><\/p>\n<p><a href=\"https:\/\/wa.me\/5531975283687\"><span style=\"font-weight: 400;\">Enviar mensagem pelo WhatsApp<\/span><\/a><\/p>\n<p><span style=\"font-weight: 400;\">Atua\u00e7\u00e3o em Belo Horizonte, Contagem e regi\u00e3o metropolitana.<\/span><\/p>\n<p><b>Falar com Advogado Trabalhista Agora<\/b><\/p>\n<p><b>\u00a0<\/b><span style=\"font-weight: 400;\">Leia tamb\u00e9m<\/span><\/p>\n<ul>\n<li style=\"font-weight: 400;\" aria-level=\"1\"><a href=\"https:\/\/carvalhoadvogado.aliamkt.com\/index.php\/2026\/01\/02\/rescisao-indireta-ameacas-humilhacoes-exposicao-ridiculo\/\"><span style=\"font-weight: 400;\">Rescis\u00e3o Indireta por Amea\u00e7as, Humilha\u00e7\u00f5es e Exposi\u00e7\u00e3o ao Rid\u00edculo no Trabalho: Saiba Como Sair Sem Perder Seus Direitos<\/span><\/a><\/li>\n<\/ul>\n<p><b>Fale com o Dr. Pedro Carvalho!<\/b><\/p>\n<p><b>Clique no bot\u00e3o abaixo e obtenha a orienta\u00e7\u00e3o jur\u00eddica que voc\u00ea precisa para resolver suas quest\u00f5es com seguran\u00e7a e confian\u00e7a.\u00a0<\/b><\/p>\n<p><a href=\"https:\/\/wa.me\/5531975283687\"><b>Fale comigo agora mesmo<\/b><\/a><\/p>\n<p><b>Siga-nos na rede social, @pedroncarvalhoadv, e fique por dentro das \u00faltimas novidades!<\/b><\/p>\n","protected":false},"excerpt":{"rendered":"<p>Trabalhar como confeiteiro exige muito mais do que saber preparar bolos, doces e sobremesas. Afinal, esse profissional precisa lidar diariamente com produ\u00e7\u00e3o, organiza\u00e7\u00e3o, equipamentos, ingredientes, prazos e, muitas vezes, jornadas que come\u00e7am bastante cedo. Al\u00e9m disso, em padarias e confeitarias que funcionam durante todo o dia, o confeiteiro pode trabalhar em hor\u00e1rios variados, inclusive aos [&hellip;]<\/p>\n","protected":false},"author":1,"featured_media":1715,"comment_status":"open","ping_status":"open","sticky":false,"template":"","format":"standard","meta":{"_joinchat":[],"footnotes":""},"categories":[6],"tags":[],"class_list":["post-1930","post","type-post","status-publish","format-standard","has-post-thumbnail","hentry","category-direito-trabalhista"],"yoast_head":"<!-- This site is optimized with the Yoast SEO plugin v28.4 - https:\/\/yoast.com\/product\/yoast-seo-wordpress\/ -->\n<title>Direitos do Confeiteiro: Conhe\u00e7a os Direitos Trabalhistas<\/title>\n<meta name=\"description\" content=\"Conhe\u00e7a os direitos trabalhista do confeiteiro, incluindo horas extras, adicional noturno, f\u00e9rias, FGTS, intervalo e descanso semanal. Saiba como proteger seus direitos trabalhistas.\" \/>\n<meta name=\"robots\" content=\"index, follow, max-snippet:-1, max-image-preview:large, max-video-preview:-1\" \/>\n<link rel=\"canonical\" href=\"https:\/\/carvalhoadvogado.aliamkt.com\/index.php\/2026\/09\/02\/direitos-do-confeiteiro\/\" \/>\n<meta property=\"og:locale\" content=\"pt_BR\" \/>\n<meta property=\"og:type\" content=\"article\" \/>\n<meta property=\"og:title\" content=\"Direitos do Confeiteiro: Conhe\u00e7a os Direitos Trabalhistas\" \/>\n<meta property=\"og:description\" content=\"Conhe\u00e7a os direitos trabalhista do confeiteiro, incluindo horas extras, adicional noturno, f\u00e9rias, FGTS, intervalo e descanso semanal. Saiba como proteger seus direitos trabalhistas.\" \/>\n<meta property=\"og:url\" content=\"https:\/\/carvalhoadvogado.aliamkt.com\/index.php\/2026\/09\/02\/direitos-do-confeiteiro\/\" \/>\n<meta property=\"og:site_name\" content=\"Pedro Carvalho Advogado Trabalhista\" \/>\n<meta property=\"article:published_time\" content=\"2026-09-02T17:30:03+00:00\" \/>\n<meta property=\"og:image\" content=\"https:\/\/carvalhoadvogado.aliamkt.com\/wp-content\/uploads\/2026\/04\/advocacia-trabalhista-em-contagem-3.jpg\" \/>\n\t<meta property=\"og:image:width\" content=\"1024\" \/>\n\t<meta property=\"og:image:height\" content=\"768\" \/>\n\t<meta property=\"og:image:type\" content=\"image\/jpeg\" \/>\n<meta name=\"author\" content=\"lailacarvalhoadv\" \/>\n<meta name=\"twitter:card\" content=\"summary_large_image\" \/>\n<meta name=\"twitter:label1\" content=\"Escrito por\" \/>\n\t<meta name=\"twitter:data1\" content=\"lailacarvalhoadv\" \/>\n\t<meta name=\"twitter:label2\" content=\"Est. tempo de leitura\" \/>\n\t<meta name=\"twitter:data2\" content=\"17 minutos\" \/>\n<script type=\"application\/ld+json\" class=\"yoast-schema-graph\">{\"@context\":\"https:\\\/\\\/schema.org\",\"@graph\":[{\"@type\":\"Article\",\"@id\":\"https:\\\/\\\/carvalhoadvogado.aliamkt.com\\\/index.php\\\/2026\\\/09\\\/02\\\/direitos-do-confeiteiro\\\/#article\",\"isPartOf\":{\"@id\":\"https:\\\/\\\/carvalhoadvogado.aliamkt.com\\\/index.php\\\/2026\\\/09\\\/02\\\/direitos-do-confeiteiro\\\/\"},\"author\":{\"name\":\"lailacarvalhoadv\",\"@id\":\"https:\\\/\\\/carvalhoadvogado.aliamkt.com\\\/#\\\/schema\\\/person\\\/8f4d67ba57d6160ee802836a319bd8eb\"},\"headline\":\"Direitos do Confeiteiro: Conhe\u00e7a os Direitos Trabalhistas de Quem Trabalha em Padaria e Confeitaria\",\"datePublished\":\"2026-09-02T17:30:03+00:00\",\"mainEntityOfPage\":{\"@id\":\"https:\\\/\\\/carvalhoadvogado.aliamkt.com\\\/index.php\\\/2026\\\/09\\\/02\\\/direitos-do-confeiteiro\\\/\"},\"wordCount\":3248,\"commentCount\":0,\"publisher\":{\"@id\":\"https:\\\/\\\/carvalhoadvogado.aliamkt.com\\\/#organization\"},\"image\":{\"@id\":\"https:\\\/\\\/carvalhoadvogado.aliamkt.com\\\/index.php\\\/2026\\\/09\\\/02\\\/direitos-do-confeiteiro\\\/#primaryimage\"},\"thumbnailUrl\":\"https:\\\/\\\/carvalhoadvogado.aliamkt.com\\\/wp-content\\\/uploads\\\/2026\\\/04\\\/advocacia-trabalhista-em-contagem-3.jpg\",\"articleSection\":[\"Direito Trabalhista\"],\"inLanguage\":\"pt-BR\",\"potentialAction\":[{\"@type\":\"CommentAction\",\"name\":\"Comment\",\"target\":[\"https:\\\/\\\/carvalhoadvogado.aliamkt.com\\\/index.php\\\/2026\\\/09\\\/02\\\/direitos-do-confeiteiro\\\/#respond\"]}]},{\"@type\":\"WebPage\",\"@id\":\"https:\\\/\\\/carvalhoadvogado.aliamkt.com\\\/index.php\\\/2026\\\/09\\\/02\\\/direitos-do-confeiteiro\\\/\",\"url\":\"https:\\\/\\\/carvalhoadvogado.aliamkt.com\\\/index.php\\\/2026\\\/09\\\/02\\\/direitos-do-confeiteiro\\\/\",\"name\":\"Direitos do Confeiteiro: Conhe\u00e7a os Direitos Trabalhistas\",\"isPartOf\":{\"@id\":\"https:\\\/\\\/carvalhoadvogado.aliamkt.com\\\/#website\"},\"primaryImageOfPage\":{\"@id\":\"https:\\\/\\\/carvalhoadvogado.aliamkt.com\\\/index.php\\\/2026\\\/09\\\/02\\\/direitos-do-confeiteiro\\\/#primaryimage\"},\"image\":{\"@id\":\"https:\\\/\\\/carvalhoadvogado.aliamkt.com\\\/index.php\\\/2026\\\/09\\\/02\\\/direitos-do-confeiteiro\\\/#primaryimage\"},\"thumbnailUrl\":\"https:\\\/\\\/carvalhoadvogado.aliamkt.com\\\/wp-content\\\/uploads\\\/2026\\\/04\\\/advocacia-trabalhista-em-contagem-3.jpg\",\"datePublished\":\"2026-09-02T17:30:03+00:00\",\"description\":\"Conhe\u00e7a os direitos trabalhista do confeiteiro, incluindo horas extras, adicional noturno, f\u00e9rias, FGTS, intervalo e descanso semanal. Saiba como proteger seus direitos trabalhistas.\",\"breadcrumb\":{\"@id\":\"https:\\\/\\\/carvalhoadvogado.aliamkt.com\\\/index.php\\\/2026\\\/09\\\/02\\\/direitos-do-confeiteiro\\\/#breadcrumb\"},\"inLanguage\":\"pt-BR\",\"potentialAction\":[{\"@type\":\"ReadAction\",\"target\":[\"https:\\\/\\\/carvalhoadvogado.aliamkt.com\\\/index.php\\\/2026\\\/09\\\/02\\\/direitos-do-confeiteiro\\\/\"]}]},{\"@type\":\"ImageObject\",\"inLanguage\":\"pt-BR\",\"@id\":\"https:\\\/\\\/carvalhoadvogado.aliamkt.com\\\/index.php\\\/2026\\\/09\\\/02\\\/direitos-do-confeiteiro\\\/#primaryimage\",\"url\":\"https:\\\/\\\/carvalhoadvogado.aliamkt.com\\\/wp-content\\\/uploads\\\/2026\\\/04\\\/advocacia-trabalhista-em-contagem-3.jpg\",\"contentUrl\":\"https:\\\/\\\/carvalhoadvogado.aliamkt.com\\\/wp-content\\\/uploads\\\/2026\\\/04\\\/advocacia-trabalhista-em-contagem-3.jpg\",\"width\":1024,\"height\":768},{\"@type\":\"BreadcrumbList\",\"@id\":\"https:\\\/\\\/carvalhoadvogado.aliamkt.com\\\/index.php\\\/2026\\\/09\\\/02\\\/direitos-do-confeiteiro\\\/#breadcrumb\",\"itemListElement\":[{\"@type\":\"ListItem\",\"position\":1,\"name\":\"In\u00edcio\",\"item\":\"https:\\\/\\\/carvalhoadvogado.aliamkt.com\\\/\"},{\"@type\":\"ListItem\",\"position\":2,\"name\":\"Direitos do Confeiteiro: Conhe\u00e7a os Direitos Trabalhistas de Quem Trabalha em Padaria e Confeitaria\"}]},{\"@type\":\"WebSite\",\"@id\":\"https:\\\/\\\/carvalhoadvogado.aliamkt.com\\\/#website\",\"url\":\"https:\\\/\\\/carvalhoadvogado.aliamkt.com\\\/\",\"name\":\"Pedro Carvalho Advogado\",\"description\":\"Advogado Trabalhista\",\"publisher\":{\"@id\":\"https:\\\/\\\/carvalhoadvogado.aliamkt.com\\\/#organization\"},\"potentialAction\":[{\"@type\":\"SearchAction\",\"target\":{\"@type\":\"EntryPoint\",\"urlTemplate\":\"https:\\\/\\\/carvalhoadvogado.aliamkt.com\\\/?s={search_term_string}\"},\"query-input\":{\"@type\":\"PropertyValueSpecification\",\"valueRequired\":true,\"valueName\":\"search_term_string\"}}],\"inLanguage\":\"pt-BR\"},{\"@type\":\"Organization\",\"@id\":\"https:\\\/\\\/carvalhoadvogado.aliamkt.com\\\/#organization\",\"name\":\"Pedro Carvalho Advogado\",\"url\":\"https:\\\/\\\/carvalhoadvogado.aliamkt.com\\\/\",\"logo\":{\"@type\":\"ImageObject\",\"inLanguage\":\"pt-BR\",\"@id\":\"https:\\\/\\\/carvalhoadvogado.aliamkt.com\\\/#\\\/schema\\\/logo\\\/image\\\/\",\"url\":\"https:\\\/\\\/carvalhoadvogado.aliamkt.com\\\/wp-content\\\/uploads\\\/2024\\\/06\\\/Logo-azul.png\",\"contentUrl\":\"https:\\\/\\\/carvalhoadvogado.aliamkt.com\\\/wp-content\\\/uploads\\\/2024\\\/06\\\/Logo-azul.png\",\"width\":500,\"height\":500,\"caption\":\"Pedro Carvalho Advogado\"},\"image\":{\"@id\":\"https:\\\/\\\/carvalhoadvogado.aliamkt.com\\\/#\\\/schema\\\/logo\\\/image\\\/\"}},{\"@type\":\"Person\",\"@id\":\"https:\\\/\\\/carvalhoadvogado.aliamkt.com\\\/#\\\/schema\\\/person\\\/8f4d67ba57d6160ee802836a319bd8eb\",\"name\":\"lailacarvalhoadv\",\"image\":{\"@type\":\"ImageObject\",\"inLanguage\":\"pt-BR\",\"@id\":\"https:\\\/\\\/secure.gravatar.com\\\/avatar\\\/a60961139a792fb5ca701fab485f653a1b3cc37cf8dbd4937b4134105caf5369?s=96&d=mm&r=g\",\"url\":\"https:\\\/\\\/secure.gravatar.com\\\/avatar\\\/a60961139a792fb5ca701fab485f653a1b3cc37cf8dbd4937b4134105caf5369?s=96&d=mm&r=g\",\"contentUrl\":\"https:\\\/\\\/secure.gravatar.com\\\/avatar\\\/a60961139a792fb5ca701fab485f653a1b3cc37cf8dbd4937b4134105caf5369?s=96&d=mm&r=g\",\"caption\":\"lailacarvalhoadv\"},\"sameAs\":[\"https:\\\/\\\/carvalhoadvogado.aliamkt.com\"],\"url\":\"https:\\\/\\\/carvalhoadvogado.aliamkt.com\\\/index.php\\\/author\\\/lailacarvalhoadv\\\/\"}]}<\/script>\n<!-- \/ Yoast SEO plugin. -->","yoast_head_json":{"title":"Direitos do Confeiteiro: Conhe\u00e7a os Direitos Trabalhistas","description":"Conhe\u00e7a os direitos trabalhista do confeiteiro, incluindo horas extras, adicional noturno, f\u00e9rias, FGTS, intervalo e descanso semanal. Saiba como proteger seus direitos trabalhistas.","robots":{"index":"index","follow":"follow","max-snippet":"max-snippet:-1","max-image-preview":"max-image-preview:large","max-video-preview":"max-video-preview:-1"},"canonical":"https:\/\/carvalhoadvogado.aliamkt.com\/index.php\/2026\/09\/02\/direitos-do-confeiteiro\/","og_locale":"pt_BR","og_type":"article","og_title":"Direitos do Confeiteiro: Conhe\u00e7a os Direitos Trabalhistas","og_description":"Conhe\u00e7a os direitos trabalhista do confeiteiro, incluindo horas extras, adicional noturno, f\u00e9rias, FGTS, intervalo e descanso semanal. Saiba como proteger seus direitos trabalhistas.","og_url":"https:\/\/carvalhoadvogado.aliamkt.com\/index.php\/2026\/09\/02\/direitos-do-confeiteiro\/","og_site_name":"Pedro Carvalho Advogado Trabalhista","article_published_time":"2026-09-02T17:30:03+00:00","og_image":[{"width":1024,"height":768,"url":"https:\/\/carvalhoadvogado.aliamkt.com\/wp-content\/uploads\/2026\/04\/advocacia-trabalhista-em-contagem-3.jpg","type":"image\/jpeg"}],"author":"lailacarvalhoadv","twitter_card":"summary_large_image","twitter_misc":{"Escrito por":"lailacarvalhoadv","Est. tempo de leitura":"17 minutos"},"schema":{"@context":"https:\/\/schema.org","@graph":[{"@type":"Article","@id":"https:\/\/carvalhoadvogado.aliamkt.com\/index.php\/2026\/09\/02\/direitos-do-confeiteiro\/#article","isPartOf":{"@id":"https:\/\/carvalhoadvogado.aliamkt.com\/index.php\/2026\/09\/02\/direitos-do-confeiteiro\/"},"author":{"name":"lailacarvalhoadv","@id":"https:\/\/carvalhoadvogado.aliamkt.com\/#\/schema\/person\/8f4d67ba57d6160ee802836a319bd8eb"},"headline":"Direitos do Confeiteiro: Conhe\u00e7a os Direitos Trabalhistas de Quem Trabalha em Padaria e Confeitaria","datePublished":"2026-09-02T17:30:03+00:00","mainEntityOfPage":{"@id":"https:\/\/carvalhoadvogado.aliamkt.com\/index.php\/2026\/09\/02\/direitos-do-confeiteiro\/"},"wordCount":3248,"commentCount":0,"publisher":{"@id":"https:\/\/carvalhoadvogado.aliamkt.com\/#organization"},"image":{"@id":"https:\/\/carvalhoadvogado.aliamkt.com\/index.php\/2026\/09\/02\/direitos-do-confeiteiro\/#primaryimage"},"thumbnailUrl":"https:\/\/carvalhoadvogado.aliamkt.com\/wp-content\/uploads\/2026\/04\/advocacia-trabalhista-em-contagem-3.jpg","articleSection":["Direito Trabalhista"],"inLanguage":"pt-BR","potentialAction":[{"@type":"CommentAction","name":"Comment","target":["https:\/\/carvalhoadvogado.aliamkt.com\/index.php\/2026\/09\/02\/direitos-do-confeiteiro\/#respond"]}]},{"@type":"WebPage","@id":"https:\/\/carvalhoadvogado.aliamkt.com\/index.php\/2026\/09\/02\/direitos-do-confeiteiro\/","url":"https:\/\/carvalhoadvogado.aliamkt.com\/index.php\/2026\/09\/02\/direitos-do-confeiteiro\/","name":"Direitos do Confeiteiro: Conhe\u00e7a os Direitos Trabalhistas","isPartOf":{"@id":"https:\/\/carvalhoadvogado.aliamkt.com\/#website"},"primaryImageOfPage":{"@id":"https:\/\/carvalhoadvogado.aliamkt.com\/index.php\/2026\/09\/02\/direitos-do-confeiteiro\/#primaryimage"},"image":{"@id":"https:\/\/carvalhoadvogado.aliamkt.com\/index.php\/2026\/09\/02\/direitos-do-confeiteiro\/#primaryimage"},"thumbnailUrl":"https:\/\/carvalhoadvogado.aliamkt.com\/wp-content\/uploads\/2026\/04\/advocacia-trabalhista-em-contagem-3.jpg","datePublished":"2026-09-02T17:30:03+00:00","description":"Conhe\u00e7a os direitos trabalhista do confeiteiro, incluindo horas extras, adicional noturno, f\u00e9rias, FGTS, intervalo e descanso semanal. Saiba como proteger seus direitos trabalhistas.","breadcrumb":{"@id":"https:\/\/carvalhoadvogado.aliamkt.com\/index.php\/2026\/09\/02\/direitos-do-confeiteiro\/#breadcrumb"},"inLanguage":"pt-BR","potentialAction":[{"@type":"ReadAction","target":["https:\/\/carvalhoadvogado.aliamkt.com\/index.php\/2026\/09\/02\/direitos-do-confeiteiro\/"]}]},{"@type":"ImageObject","inLanguage":"pt-BR","@id":"https:\/\/carvalhoadvogado.aliamkt.com\/index.php\/2026\/09\/02\/direitos-do-confeiteiro\/#primaryimage","url":"https:\/\/carvalhoadvogado.aliamkt.com\/wp-content\/uploads\/2026\/04\/advocacia-trabalhista-em-contagem-3.jpg","contentUrl":"https:\/\/carvalhoadvogado.aliamkt.com\/wp-content\/uploads\/2026\/04\/advocacia-trabalhista-em-contagem-3.jpg","width":1024,"height":768},{"@type":"BreadcrumbList","@id":"https:\/\/carvalhoadvogado.aliamkt.com\/index.php\/2026\/09\/02\/direitos-do-confeiteiro\/#breadcrumb","itemListElement":[{"@type":"ListItem","position":1,"name":"In\u00edcio","item":"https:\/\/carvalhoadvogado.aliamkt.com\/"},{"@type":"ListItem","position":2,"name":"Direitos do Confeiteiro: Conhe\u00e7a os Direitos Trabalhistas de Quem Trabalha em Padaria e Confeitaria"}]},{"@type":"WebSite","@id":"https:\/\/carvalhoadvogado.aliamkt.com\/#website","url":"https:\/\/carvalhoadvogado.aliamkt.com\/","name":"Pedro Carvalho Advogado","description":"Advogado Trabalhista","publisher":{"@id":"https:\/\/carvalhoadvogado.aliamkt.com\/#organization"},"potentialAction":[{"@type":"SearchAction","target":{"@type":"EntryPoint","urlTemplate":"https:\/\/carvalhoadvogado.aliamkt.com\/?s={search_term_string}"},"query-input":{"@type":"PropertyValueSpecification","valueRequired":true,"valueName":"search_term_string"}}],"inLanguage":"pt-BR"},{"@type":"Organization","@id":"https:\/\/carvalhoadvogado.aliamkt.com\/#organization","name":"Pedro Carvalho Advogado","url":"https:\/\/carvalhoadvogado.aliamkt.com\/","logo":{"@type":"ImageObject","inLanguage":"pt-BR","@id":"https:\/\/carvalhoadvogado.aliamkt.com\/#\/schema\/logo\/image\/","url":"https:\/\/carvalhoadvogado.aliamkt.com\/wp-content\/uploads\/2024\/06\/Logo-azul.png","contentUrl":"https:\/\/carvalhoadvogado.aliamkt.com\/wp-content\/uploads\/2024\/06\/Logo-azul.png","width":500,"height":500,"caption":"Pedro Carvalho Advogado"},"image":{"@id":"https:\/\/carvalhoadvogado.aliamkt.com\/#\/schema\/logo\/image\/"}},{"@type":"Person","@id":"https:\/\/carvalhoadvogado.aliamkt.com\/#\/schema\/person\/8f4d67ba57d6160ee802836a319bd8eb","name":"lailacarvalhoadv","image":{"@type":"ImageObject","inLanguage":"pt-BR","@id":"https:\/\/secure.gravatar.com\/avatar\/a60961139a792fb5ca701fab485f653a1b3cc37cf8dbd4937b4134105caf5369?s=96&d=mm&r=g","url":"https:\/\/secure.gravatar.com\/avatar\/a60961139a792fb5ca701fab485f653a1b3cc37cf8dbd4937b4134105caf5369?s=96&d=mm&r=g","contentUrl":"https:\/\/secure.gravatar.com\/avatar\/a60961139a792fb5ca701fab485f653a1b3cc37cf8dbd4937b4134105caf5369?s=96&d=mm&r=g","caption":"lailacarvalhoadv"},"sameAs":["https:\/\/carvalhoadvogado.aliamkt.com"],"url":"https:\/\/carvalhoadvogado.aliamkt.com\/index.php\/author\/lailacarvalhoadv\/"}]}},"_links":{"self":[{"href":"https:\/\/carvalhoadvogado.aliamkt.com\/index.php\/wp-json\/wp\/v2\/posts\/1930","targetHints":{"allow":["GET"]}}],"collection":[{"href":"https:\/\/carvalhoadvogado.aliamkt.com\/index.php\/wp-json\/wp\/v2\/posts"}],"about":[{"href":"https:\/\/carvalhoadvogado.aliamkt.com\/index.php\/wp-json\/wp\/v2\/types\/post"}],"author":[{"embeddable":true,"href":"https:\/\/carvalhoadvogado.aliamkt.com\/index.php\/wp-json\/wp\/v2\/users\/1"}],"replies":[{"embeddable":true,"href":"https:\/\/carvalhoadvogado.aliamkt.com\/index.php\/wp-json\/wp\/v2\/comments?post=1930"}],"version-history":[{"count":1,"href":"https:\/\/carvalhoadvogado.aliamkt.com\/index.php\/wp-json\/wp\/v2\/posts\/1930\/revisions"}],"predecessor-version":[{"id":1931,"href":"https:\/\/carvalhoadvogado.aliamkt.com\/index.php\/wp-json\/wp\/v2\/posts\/1930\/revisions\/1931"}],"wp:featuredmedia":[{"embeddable":true,"href":"https:\/\/carvalhoadvogado.aliamkt.com\/index.php\/wp-json\/wp\/v2\/media\/1715"}],"wp:attachment":[{"href":"https:\/\/carvalhoadvogado.aliamkt.com\/index.php\/wp-json\/wp\/v2\/media?parent=1930"}],"wp:term":[{"taxonomy":"category","embeddable":true,"href":"https:\/\/carvalhoadvogado.aliamkt.com\/index.php\/wp-json\/wp\/v2\/categories?post=1930"},{"taxonomy":"post_tag","embeddable":true,"href":"https:\/\/carvalhoadvogado.aliamkt.com\/index.php\/wp-json\/wp\/v2\/tags?post=1930"}],"curies":[{"name":"wp","href":"https:\/\/api.w.org\/{rel}","templated":true}]}}