{"id":1932,"date":"2026-09-03T14:02:45","date_gmt":"2026-09-03T17:02:45","guid":{"rendered":"https:\/\/carvalhoadvogado.aliamkt.com\/?p=1932"},"modified":"2026-09-03T14:02:45","modified_gmt":"2026-09-03T17:02:45","slug":"prazo-processar-empresa-nao-assinar-carteira","status":"publish","type":"post","link":"https:\/\/carvalhoadvogado.aliamkt.com\/index.php\/2026\/09\/03\/prazo-processar-empresa-nao-assinar-carteira\/","title":{"rendered":"Qual o prazo para processar a empresa por n\u00e3o assinar a carteira de trabalho?"},"content":{"rendered":"<p><span style=\"font-weight: 400;\">Se voc\u00ea <\/span><b>trabalhou sem carteira assinada<\/b><span style=\"font-weight: 400;\">, existe uma informa\u00e7\u00e3o que pode fazer toda a diferen\u00e7a: <\/span><b>h\u00e1 prazo para procurar a Justi\u00e7a do Trabalho<\/b><span style=\"font-weight: 400;\">.<\/span><\/p>\n<p><span style=\"font-weight: 400;\">Muitas pessoas passam meses ou at\u00e9 anos trabalhando sem registro. Depois, quando deixam a empresa, come\u00e7am a pesquisar seus direitos e descobrem que poderiam cobrar valores referentes ao per\u00edodo trabalhado.<\/span><\/p>\n<p><span style=\"font-weight: 400;\">Entretanto, surge uma d\u00favida importante: <\/span><b>at\u00e9 quando posso entrar com uma a\u00e7\u00e3o trabalhista?<\/b><\/p>\n<p><span style=\"font-weight: 400;\">A resposta envolve duas regras principais: o prazo de <\/span><b>2 anos ap\u00f3s o fim do contrato<\/b><span style=\"font-weight: 400;\"> e o limite de <\/span><b>5 anos para cobrar cr\u00e9ditos trabalhistas<\/b><span style=\"font-weight: 400;\">, conforme a situa\u00e7\u00e3o.<\/span><\/p>\n<p><span style=\"font-weight: 400;\">A Constitui\u00e7\u00e3o Federal estabelece que as a\u00e7\u00f5es relativas a cr\u00e9ditos decorrentes da rela\u00e7\u00e3o de trabalho prescrevem em cinco anos, observado o limite de dois anos ap\u00f3s o t\u00e9rmino do contrato.<\/span><\/p>\n<p><span style=\"font-weight: 400;\">Por isso, se voc\u00ea trabalhou <\/span><b>sem carteira assinada<\/b><span style=\"font-weight: 400;\">, n\u00e3o deixe essa quest\u00e3o para depois.<\/span><\/p>\n<p><span style=\"font-weight: 400;\">Al\u00e9m disso, quanto mais cedo voc\u00ea analisar o caso, mais f\u00e1cil ser\u00e1 organizar documentos, mensagens e testemunhas.<\/span><\/p>\n<p><span style=\"font-weight: 400;\">Neste artigo, voc\u00ea vai entender <\/span><b>qual o prazo para processar a empresa por n\u00e3o assinar a carteira<\/b><span style=\"font-weight: 400;\">, como funcionam os prazos de 2 e 5 anos, o que pode acontecer se voc\u00ea esperar e quando procurar ajuda jur\u00eddica.<\/span><\/p>\n<h2><b>A empresa n\u00e3o assinou minha carteira. Posso process\u00e1-la?<\/b><\/h2>\n<p><span style=\"font-weight: 400;\">Sim, desde que a situa\u00e7\u00e3o concreta demonstre a exist\u00eancia de uma rela\u00e7\u00e3o de emprego e que voc\u00ea ainda possa exercer judicialmente as respectivas pretens\u00f5es.<\/span><\/p>\n<p><span style=\"font-weight: 400;\">Antes de mais nada, por\u00e9m, \u00e9 importante entender que a falta de assinatura na carteira n\u00e3o elimina automaticamente os direitos do trabalhador.<\/span><\/p>\n<p><span style=\"font-weight: 400;\">Na verdade, a legisla\u00e7\u00e3o trabalhista protege a rela\u00e7\u00e3o de emprego quando est\u00e3o presentes os requisitos legais.<\/span><\/p>\n<p><span style=\"font-weight: 400;\">Assim, se voc\u00ea trabalhava pessoalmente, recebia pagamento, cumpria uma rotina habitual e recebia ordens ou estava sujeito \u00e0 dire\u00e7\u00e3o da empresa, esses elementos podem ajudar a demonstrar a exist\u00eancia do v\u00ednculo.<\/span><\/p>\n<p><span style=\"font-weight: 400;\">Al\u00e9m disso, outros documentos e circunst\u00e2ncias podem refor\u00e7ar essa demonstra\u00e7\u00e3o.<\/span><\/p>\n<p><span style=\"font-weight: 400;\">Por exemplo, voc\u00ea pode ter:<\/span><\/p>\n<ul>\n<li style=\"font-weight: 400;\" aria-level=\"1\"><span style=\"font-weight: 400;\">conversas pelo WhatsApp;<\/span><\/li>\n<li style=\"font-weight: 400;\" aria-level=\"1\"><span style=\"font-weight: 400;\">comprovantes de pagamento;<\/span><\/li>\n<li style=\"font-weight: 400;\" aria-level=\"1\"><span style=\"font-weight: 400;\">transfer\u00eancias banc\u00e1rias;<\/span><\/li>\n<li style=\"font-weight: 400;\" aria-level=\"1\"><span style=\"font-weight: 400;\">fotografias no ambiente de trabalho;<\/span><\/li>\n<li style=\"font-weight: 400;\" aria-level=\"1\"><span style=\"font-weight: 400;\">crach\u00e1;<\/span><\/li>\n<li style=\"font-weight: 400;\" aria-level=\"1\"><span style=\"font-weight: 400;\">e-mails;<\/span><\/li>\n<li style=\"font-weight: 400;\" aria-level=\"1\"><span style=\"font-weight: 400;\">escalas;<\/span><\/li>\n<li style=\"font-weight: 400;\" aria-level=\"1\"><span style=\"font-weight: 400;\">documentos internos;<\/span><\/li>\n<li style=\"font-weight: 400;\" aria-level=\"1\"><span style=\"font-weight: 400;\">testemunhas;<\/span><\/li>\n<li style=\"font-weight: 400;\" aria-level=\"1\"><span style=\"font-weight: 400;\">registros de hor\u00e1rio.<\/span><\/li>\n<\/ul>\n<p><span style=\"font-weight: 400;\">Portanto, n\u00e3o pense que a aus\u00eancia de assinatura na carteira encerra a discuss\u00e3o.<\/span><\/p>\n<p><span style=\"font-weight: 400;\">Pelo contr\u00e1rio, justamente por existir uma poss\u00edvel irregularidade, vale a pena analisar o que aconteceu durante todo o contrato.<\/span><\/p>\n<h1><b>Qual o prazo para processar empresa por n\u00e3o assinar a carteira?<\/b><\/h1>\n<p><span style=\"font-weight: 400;\">De forma geral, o trabalhador precisa observar <\/span><b>dois prazos fundamentais<\/b><span style=\"font-weight: 400;\">.<\/span><\/p>\n<p><span style=\"font-weight: 400;\">O primeiro \u00e9 o prazo de <\/span><b>2 anos ap\u00f3s o t\u00e9rmino do contrato<\/b><span style=\"font-weight: 400;\"> para ajuizar a reclama\u00e7\u00e3o trabalhista.<\/span><\/p>\n<p><span style=\"font-weight: 400;\">O segundo envolve a chamada <\/span><b>prescri\u00e7\u00e3o quinquenal<\/b><span style=\"font-weight: 400;\">, que limita, em regra, a cobran\u00e7a dos cr\u00e9ditos trabalhistas aos cinco anos anteriores ao ajuizamento da a\u00e7\u00e3o.<\/span><\/p>\n<p><span style=\"font-weight: 400;\">A pr\u00f3pria Constitui\u00e7\u00e3o Federal estabelece essa regra no artigo 7\u00ba, inciso XXIX.<\/span><\/p>\n<p><span style=\"font-weight: 400;\">Al\u00e9m disso, o Tribunal Superior do Trabalho explica que o trabalhador tem dois anos, depois do fim do contrato, para buscar na Justi\u00e7a os direitos relativos ao per\u00edodo alcan\u00e7ado pela prescri\u00e7\u00e3o de cinco anos.<\/span><\/p>\n<p><span style=\"font-weight: 400;\">Portanto, voc\u00ea precisa prestar aten\u00e7\u00e3o aos <\/span><b>dois prazos ao mesmo tempo<\/b><span style=\"font-weight: 400;\">.<\/span><\/p>\n<h1><b>O que significa o prazo de 2 anos?<\/b><\/h1>\n<p><span style=\"font-weight: 400;\">O prazo de dois anos \u00e9 chamado de <\/span><b>prescri\u00e7\u00e3o bienal<\/b><span style=\"font-weight: 400;\">.<\/span><\/p>\n<p><span style=\"font-weight: 400;\">Na pr\u00e1tica, depois que o contrato termina, o trabalhador possui, em regra, at\u00e9 dois anos para ajuizar a reclama\u00e7\u00e3o trabalhista.<\/span><\/p>\n<p><span style=\"font-weight: 400;\">Por exemplo, imagine que voc\u00ea trabalhou sem carteira assinada e saiu da empresa em 10 de setembro de 2026.<\/span><\/p>\n<p><span style=\"font-weight: 400;\">Nesse cen\u00e1rio, voc\u00ea n\u00e3o deve simplesmente pensar: &#8220;Tenho bastante tempo para resolver isso&#8221;.<\/span><\/p>\n<p><span style=\"font-weight: 400;\">Pelo contr\u00e1rio.<\/span><\/p>\n<p><span style=\"font-weight: 400;\">Voc\u00ea precisa considerar o prazo legal e buscar orienta\u00e7\u00e3o para verificar a data-limite aplic\u00e1vel ao seu caso.<\/span><\/p>\n<p><span style=\"font-weight: 400;\">Afinal, deixar o prazo passar pode impedir o trabalhador de exigir judicialmente determinados direitos.<\/span><\/p>\n<p><span style=\"font-weight: 400;\">Por isso, agir rapidamente \u00e9 uma decis\u00e3o muito mais segura.<\/span><\/p>\n<h2><b>Por que o prazo de 2 anos \u00e9 t\u00e3o importante?<\/b><\/h2>\n<p><span style=\"font-weight: 400;\">Porque ele funciona como uma esp\u00e9cie de porta de entrada para a a\u00e7\u00e3o trabalhista.<\/span><\/p>\n<p><span style=\"font-weight: 400;\">Se o trabalhador deixa o prazo passar, em regra, n\u00e3o poder\u00e1 ajuizar uma reclama\u00e7\u00e3o para cobrar aqueles cr\u00e9ditos decorrentes do contrato encerrado.<\/span><\/p>\n<p><span style=\"font-weight: 400;\">Consequentemente, mesmo que tenha existido trabalho sem registro e mesmo que existam documentos comprovando a situa\u00e7\u00e3o, a prescri\u00e7\u00e3o pode impedir a cobran\u00e7a judicial.<\/span><\/p>\n<p><span style=\"font-weight: 400;\">Por essa raz\u00e3o, n\u00e3o espere chegar perto do segundo anivers\u00e1rio do fim do contrato.<\/span><\/p>\n<p><span style=\"font-weight: 400;\">Quanto antes voc\u00ea procurar orienta\u00e7\u00e3o, melhor.<\/span><\/p>\n<h1><b>O que significa o prazo de 5 anos?<\/b><\/h1>\n<p><span style=\"font-weight: 400;\">Agora chegamos \u00e0 segunda regra.<\/span><\/p>\n<p><span style=\"font-weight: 400;\">Mesmo que o trabalhador entre com a a\u00e7\u00e3o dentro dos dois anos ap\u00f3s o t\u00e9rmino do contrato, existe outro limite.<\/span><\/p>\n<p><span style=\"font-weight: 400;\">Em regra, a a\u00e7\u00e3o alcan\u00e7a os cr\u00e9ditos dos <\/span><b>cinco anos anteriores ao ajuizamento<\/b><span style=\"font-weight: 400;\">.<\/span><\/p>\n<p><span style=\"font-weight: 400;\">O TST registra esse entendimento na S\u00famula 308, segundo a qual, respeitado o prazo de dois anos ap\u00f3s a cessa\u00e7\u00e3o do contrato, a prescri\u00e7\u00e3o quinquenal considera os cinco anos anteriores ao ajuizamento da reclama\u00e7\u00e3o.<\/span><\/p>\n<p><span style=\"font-weight: 400;\">Isso significa que n\u00e3o basta perguntar:<\/span><\/p>\n<p><b>&#8220;Ainda estou dentro dos dois anos?&#8221;<\/b><\/p>\n<p><span style=\"font-weight: 400;\">Tamb\u00e9m \u00e9 necess\u00e1rio perguntar:<\/span><\/p>\n<p><b>&#8220;Quais per\u00edodos e quais direitos ainda consigo cobrar?&#8221;<\/b><\/p>\n<p><span style=\"font-weight: 400;\">Essa diferen\u00e7a \u00e9 muito importante.<\/span><\/p>\n<h1><b>Qual \u00e9 a diferen\u00e7a entre os 2 anos e os 5 anos?<\/b><\/h1>\n<p><span style=\"font-weight: 400;\">Podemos resumir assim:<\/span><\/p>\n<p><b>2 anos:<\/b><span style=\"font-weight: 400;\"> prazo, em regra, para entrar com a a\u00e7\u00e3o depois que o contrato termina.<\/span><\/p>\n<p><b>5 anos:<\/b><span style=\"font-weight: 400;\"> limite, em regra, dos cr\u00e9ditos trabalhistas que podem ser alcan\u00e7ados pela prescri\u00e7\u00e3o quinquenal.<\/span><\/p>\n<p><span style=\"font-weight: 400;\">Portanto, os dois prazos possuem fun\u00e7\u00f5es diferentes.<\/span><\/p>\n<p><span style=\"font-weight: 400;\">Imagine, por exemplo, que voc\u00ea trabalhou durante oito anos para uma empresa e saiu recentemente.<\/span><\/p>\n<p><span style=\"font-weight: 400;\">Voc\u00ea n\u00e3o deve presumir que poder\u00e1 cobrar automaticamente todos os oito anos.<\/span><\/p>\n<p><span style=\"font-weight: 400;\">\u00c9 necess\u00e1rio analisar a prescri\u00e7\u00e3o e os pedidos formulados.<\/span><\/p>\n<p><span style=\"font-weight: 400;\">Al\u00e9m disso, a contagem depende das datas concretas do contrato e do ajuizamento.<\/span><\/p>\n<p><span style=\"font-weight: 400;\">Por isso, um c\u00e1lculo individual \u00e9 indispens\u00e1vel.<\/span><\/p>\n<h1><b>Trabalhei muitos anos sem carteira assinada. Posso cobrar todo o per\u00edodo?<\/b><\/h1>\n<p><span style=\"font-weight: 400;\">Essa \u00e9 uma das d\u00favidas mais frequentes.<\/span><\/p>\n<p><span style=\"font-weight: 400;\">Entretanto, a resposta exige cuidado.<\/span><\/p>\n<p><span style=\"font-weight: 400;\">Se voc\u00ea trabalhou durante muitos anos sem registro, pode existir uma discuss\u00e3o sobre o reconhecimento do v\u00ednculo durante todo o per\u00edodo.<\/span><\/p>\n<p><span style=\"font-weight: 400;\">Contudo, os efeitos financeiros dos pedidos podem sofrer limita\u00e7\u00f5es pela prescri\u00e7\u00e3o.<\/span><\/p>\n<p><span style=\"font-weight: 400;\">Assim, uma coisa \u00e9 discutir <\/span><b>quando come\u00e7ou o v\u00ednculo<\/b><span style=\"font-weight: 400;\">.<\/span><\/p>\n<p><span style=\"font-weight: 400;\">Outra coisa \u00e9 definir <\/span><b>quais parcelas ainda podem ser cobradas judicialmente<\/b><span style=\"font-weight: 400;\">.<\/span><\/p>\n<p><span style=\"font-weight: 400;\">Por isso, n\u00e3o confunda reconhecimento do v\u00ednculo com recebimento autom\u00e1tico de todas as verbas de todo o per\u00edodo.<\/span><\/p>\n<p><span style=\"font-weight: 400;\">Cada situa\u00e7\u00e3o precisa de uma an\u00e1lise pr\u00f3pria.<\/span><\/p>\n<h1><b>Quem ainda trabalha na empresa precisa esperar ser demitido?<\/b><\/h1>\n<p><span style=\"font-weight: 400;\">N\u00e3o necessariamente.<\/span><\/p>\n<p><span style=\"font-weight: 400;\">O trabalhador n\u00e3o precisa simplesmente esperar o contrato terminar para procurar orienta\u00e7\u00e3o jur\u00eddica.<\/span><\/p>\n<p><span style=\"font-weight: 400;\">Dependendo da situa\u00e7\u00e3o, ele pode buscar informa\u00e7\u00f5es sobre seus direitos enquanto a rela\u00e7\u00e3o ainda existe.<\/span><\/p>\n<p><span style=\"font-weight: 400;\">Al\u00e9m disso, essa orienta\u00e7\u00e3o pode ajud\u00e1-lo a preservar provas e compreender as alternativas dispon\u00edveis.<\/span><\/p>\n<p><span style=\"font-weight: 400;\">Por outro lado, cada caso apresenta riscos e circunst\u00e2ncias diferentes.<\/span><\/p>\n<p><span style=\"font-weight: 400;\">Por isso, se voc\u00ea <\/span><b>ainda trabalha sem carteira assinada<\/b><span style=\"font-weight: 400;\">, converse com um profissional antes de tomar uma decis\u00e3o precipitada.<\/span><\/p>\n<h1><b>Fui demitido sem carteira assinada. O que devo fazer?<\/b><\/h1>\n<p><span style=\"font-weight: 400;\">Se a empresa encerrou a rela\u00e7\u00e3o de trabalho e nunca assinou sua carteira, procure orienta\u00e7\u00e3o o quanto antes.<\/span><\/p>\n<p><span style=\"font-weight: 400;\">Primeiramente, anote as datas.<\/span><\/p>\n<p><span style=\"font-weight: 400;\">Registre a data aproximada em que come\u00e7ou a trabalhar.<\/span><\/p>\n<p><span style=\"font-weight: 400;\">Depois, registre a data em que deixou a empresa.<\/span><\/p>\n<p><span style=\"font-weight: 400;\">Al\u00e9m disso, re\u00fana informa\u00e7\u00f5es sobre sal\u00e1rio, fun\u00e7\u00e3o, jornada e forma de desligamento.<\/span><\/p>\n<p><span style=\"font-weight: 400;\">Em seguida, organize todas as provas dispon\u00edveis.<\/span><\/p>\n<p><span style=\"font-weight: 400;\">Dessa maneira, o profissional poder\u00e1 analisar a situa\u00e7\u00e3o com muito mais precis\u00e3o.<\/span><\/p>\n<h1><b>A empresa disse que eu era aut\u00f4nomo. Isso impede uma a\u00e7\u00e3o trabalhista?<\/b><\/h1>\n<p><span style=\"font-weight: 400;\">N\u00e3o necessariamente.<\/span><\/p>\n<p><span style=\"font-weight: 400;\">O simples fato de a empresa chamar o trabalhador de &#8220;aut\u00f4nomo&#8221; n\u00e3o resolve sozinho a quest\u00e3o.<\/span><\/p>\n<p><span style=\"font-weight: 400;\">O que importa \u00e9 analisar <\/span><b>como a presta\u00e7\u00e3o de servi\u00e7os realmente acontecia<\/b><span style=\"font-weight: 400;\">.<\/span><\/p>\n<p><span style=\"font-weight: 400;\">Por exemplo, imagine que a empresa dizia que voc\u00ea era aut\u00f4nomo, mas exigia hor\u00e1rio fixo, determinava tarefas, controlava sua rotina e realizava pagamentos peri\u00f3dicos.<\/span><\/p>\n<p><span style=\"font-weight: 400;\">Nesse caso, esses fatos podem ser relevantes para a an\u00e1lise da exist\u00eancia de v\u00ednculo.<\/span><\/p>\n<p><span style=\"font-weight: 400;\">Portanto, o nome utilizado pelas partes n\u00e3o deve ser analisado isoladamente.<\/span><\/p>\n<p><span style=\"font-weight: 400;\">\u00c9 necess\u00e1rio observar a realidade.<\/span><\/p>\n<h1><b>Quais provas ajudam a processar a empresa por falta de registro?<\/b><\/h1>\n<p><span style=\"font-weight: 400;\">A prova representa uma das partes mais importantes desse tipo de processo.<\/span><\/p>\n<p><span style=\"font-weight: 400;\">Afinal, n\u00e3o basta afirmar que voc\u00ea trabalhou.<\/span><\/p>\n<p><span style=\"font-weight: 400;\">\u00c9 necess\u00e1rio apresentar elementos capazes de demonstrar a rela\u00e7\u00e3o.<\/span><\/p>\n<p><span style=\"font-weight: 400;\">Entre as provas que podem ajudar est\u00e3o:<\/span><\/p>\n<h3><b>Conversas pelo WhatsApp<\/b><\/h3>\n<p><span style=\"font-weight: 400;\">Mensagens podem demonstrar ordens, hor\u00e1rios, cobran\u00e7as, escalas e diversas outras situa\u00e7\u00f5es.<\/span><\/p>\n<h3><b>Comprovantes de pagamento<\/b><\/h3>\n<p><span style=\"font-weight: 400;\">Transfer\u00eancias, dep\u00f3sitos e outros registros podem ajudar a demonstrar a exist\u00eancia de pagamentos pelo trabalho.<\/span><\/p>\n<h3><b>Testemunhas<\/b><\/h3>\n<p><span style=\"font-weight: 400;\">Colegas e outras pessoas que acompanharam sua rotina podem contribuir para esclarecer como o trabalho acontecia.<\/span><\/p>\n<h3><b>Fotografias e v\u00eddeos<\/b><\/h3>\n<p><span style=\"font-weight: 400;\">Dependendo do contexto, imagens podem ajudar a demonstrar presen\u00e7a no ambiente de trabalho ou realiza\u00e7\u00e3o das atividades.<\/span><\/p>\n<h3><b>Documentos internos<\/b><\/h3>\n<p><span style=\"font-weight: 400;\">Escalas, comunicados, e-mails, relat\u00f3rios e outros documentos podem refor\u00e7ar a narrativa apresentada pelo trabalhador.<\/span><\/p>\n<p><span style=\"font-weight: 400;\">Portanto, n\u00e3o espere ter uma \u00fanica &#8220;prova perfeita&#8221;.<\/span><\/p>\n<p><span style=\"font-weight: 400;\">Na pr\u00e1tica, v\u00e1rios elementos podem se complementar.<\/span><\/p>\n<h1><b>WhatsApp pode provar que eu trabalhava para a empresa?<\/b><\/h1>\n<p><span style=\"font-weight: 400;\">Pode ajudar.<\/span><\/p>\n<p><span style=\"font-weight: 400;\">Por exemplo, imagine que seu supervisor enviava uma mensagem dizendo:<\/span><\/p>\n<p><i><span style=\"font-weight: 400;\">&#8220;Amanh\u00e3 voc\u00ea entra \u00e0s 7h.&#8221;<\/span><\/i><\/p>\n<p><span style=\"font-weight: 400;\">Ou ent\u00e3o:<\/span><\/p>\n<p><i><span style=\"font-weight: 400;\">&#8220;Preciso que voc\u00ea fique at\u00e9 terminar o servi\u00e7o.&#8221;<\/span><\/i><\/p>\n<p><span style=\"font-weight: 400;\">Mensagens desse tipo podem ajudar a demonstrar aspectos da rotina profissional.<\/span><\/p>\n<p><span style=\"font-weight: 400;\">Al\u00e9m disso, conversas podem revelar cobran\u00e7as, ordens, hor\u00e1rios e pagamentos.<\/span><\/p>\n<p><span style=\"font-weight: 400;\">Por isso, n\u00e3o apague conversas importantes.<\/span><\/p>\n<p><span style=\"font-weight: 400;\">Sempre que poss\u00edvel, preserve os arquivos e mantenha os registros originais.<\/span><\/p>\n<h1><b>Testemunhas podem ajudar depois de anos?<\/b><\/h1>\n<p><span style=\"font-weight: 400;\">Podem, mas a passagem do tempo pode dificultar a localiza\u00e7\u00e3o e a mem\u00f3ria das testemunhas.<\/span><\/p>\n<p><span style=\"font-weight: 400;\">Por exemplo, um antigo colega pode ter mudado de cidade.<\/span><\/p>\n<p><span style=\"font-weight: 400;\">Al\u00e9m disso, pode ter perdido contato com voc\u00ea.<\/span><\/p>\n<p><span style=\"font-weight: 400;\">Tamb\u00e9m pode esquecer datas, hor\u00e1rios e acontecimentos espec\u00edficos.<\/span><\/p>\n<p><span style=\"font-weight: 400;\">Consequentemente, esperar v\u00e1rios anos pode dificultar a produ\u00e7\u00e3o de prova.<\/span><\/p>\n<p><span style=\"font-weight: 400;\">Por isso, se voc\u00ea pretende avaliar uma poss\u00edvel a\u00e7\u00e3o, organize desde j\u00e1 as informa\u00e7\u00f5es que possui.<\/span><\/p>\n<h1><b>O que acontece se eu deixar o prazo passar?<\/b><\/h1>\n<p><span style=\"font-weight: 400;\">Essa \u00e9 uma das maiores preocupa\u00e7\u00f5es.<\/span><\/p>\n<p><span style=\"font-weight: 400;\">Se o trabalhador ultrapassar o prazo prescricional aplic\u00e1vel, poder\u00e1 perder a possibilidade de exigir judicialmente determinados cr\u00e9ditos.<\/span><\/p>\n<p><span style=\"font-weight: 400;\">Em outras palavras, n\u00e3o adianta descobrir depois que a empresa realmente deixou de cumprir suas obriga\u00e7\u00f5es se o trabalhador j\u00e1 perdeu a possibilidade de cobrar judicialmente aqueles direitos.<\/span><\/p>\n<p><span style=\"font-weight: 400;\">Por isso, a prescri\u00e7\u00e3o funciona como um alerta:<\/span><\/p>\n<p><b>n\u00e3o deixe seus direitos para depois.<\/b><\/p>\n<h1><b>Posso perder apenas parte dos direitos?<\/b><\/h1>\n<p><span style=\"font-weight: 400;\">Dependendo do caso, a prescri\u00e7\u00e3o pode atingir parcelas ou per\u00edodos espec\u00edficos.<\/span><\/p>\n<p><span style=\"font-weight: 400;\">Al\u00e9m disso, existem direitos e situa\u00e7\u00f5es que possuem regras pr\u00f3prias.<\/span><\/p>\n<p><span style=\"font-weight: 400;\">Por isso, n\u00e3o \u00e9 correto afirmar que todo trabalhador que demorou necessariamente perdeu tudo.<\/span><\/p>\n<p><span style=\"font-weight: 400;\">A an\u00e1lise depende das datas, dos pedidos e das circunst\u00e2ncias concretas.<\/span><\/p>\n<p><span style=\"font-weight: 400;\">Consequentemente, mesmo quem acredita ter perdido o prazo deve procurar orienta\u00e7\u00e3o para verificar sua situa\u00e7\u00e3o.<\/span><\/p>\n<h1><b>Se trabalhei sem carteira por 6 meses, tamb\u00e9m posso processar?<\/b><\/h1>\n<p><span style=\"font-weight: 400;\">O per\u00edodo do contrato, por si s\u00f3, n\u00e3o impede a an\u00e1lise de uma eventual reclama\u00e7\u00e3o.<\/span><\/p>\n<p><span style=\"font-weight: 400;\">Mesmo uma rela\u00e7\u00e3o relativamente curta pode envolver direitos trabalhistas.<\/span><\/p>\n<p><span style=\"font-weight: 400;\">Por exemplo, dependendo da situa\u00e7\u00e3o, podem existir discuss\u00f5es sobre:<\/span><\/p>\n<ul>\n<li style=\"font-weight: 400;\" aria-level=\"1\"><span style=\"font-weight: 400;\">reconhecimento do v\u00ednculo;<\/span><\/li>\n<li style=\"font-weight: 400;\" aria-level=\"1\"><span style=\"font-weight: 400;\">sal\u00e1rio;<\/span><\/li>\n<li style=\"font-weight: 400;\" aria-level=\"1\"><span style=\"font-weight: 400;\">f\u00e9rias proporcionais;<\/span><\/li>\n<li style=\"font-weight: 400;\" aria-level=\"1\"><span style=\"font-weight: 400;\">d\u00e9cimo terceiro proporcional;<\/span><\/li>\n<li style=\"font-weight: 400;\" aria-level=\"1\"><span style=\"font-weight: 400;\">FGTS;<\/span><\/li>\n<li style=\"font-weight: 400;\" aria-level=\"1\"><span style=\"font-weight: 400;\">horas extras;<\/span><\/li>\n<li style=\"font-weight: 400;\" aria-level=\"1\"><span style=\"font-weight: 400;\">aviso-pr\u00e9vio;<\/span><\/li>\n<li style=\"font-weight: 400;\" aria-level=\"1\"><span style=\"font-weight: 400;\">outras verbas.<\/span><\/li>\n<\/ul>\n<p><span style=\"font-weight: 400;\">Al\u00e9m disso, a forma como o contrato terminou tamb\u00e9m pode influenciar os pedidos.<\/span><\/p>\n<p><span style=\"font-weight: 400;\">Portanto, n\u00e3o pense que somente quem trabalhou durante anos pode procurar a Justi\u00e7a.<\/span><\/p>\n<h1><b>E se trabalhei apenas alguns meses sem registro?<\/b><\/h1>\n<p><span style=\"font-weight: 400;\">A l\u00f3gica \u00e9 semelhante.<\/span><\/p>\n<p><span style=\"font-weight: 400;\">Mesmo que o contrato tenha durado poucos meses, a empresa n\u00e3o deixa de ter obriga\u00e7\u00f5es trabalhistas apenas porque o per\u00edodo foi curto.<\/span><\/p>\n<p><span style=\"font-weight: 400;\">Assim, vale a pena analisar a rela\u00e7\u00e3o.<\/span><\/p>\n<p><span style=\"font-weight: 400;\">Al\u00e9m disso, dependendo da situa\u00e7\u00e3o, o trabalhador pode descobrir que existem valores que n\u00e3o recebeu.<\/span><\/p>\n<p><span style=\"font-weight: 400;\">Por isso, fa\u00e7a uma avalia\u00e7\u00e3o antes de concluir que &#8220;n\u00e3o vale a pena&#8221;.<\/span><\/p>\n<h1><b>Posso cobrar FGTS de todo o per\u00edodo sem carteira?<\/b><\/h1>\n<p><span style=\"font-weight: 400;\">O FGTS est\u00e1 entre os direitos que podem entrar na an\u00e1lise quando existe reconhecimento do v\u00ednculo empregat\u00edcio.<\/span><\/p>\n<p><span style=\"font-weight: 400;\">A Constitui\u00e7\u00e3o Federal inclui o FGTS entre os direitos dos trabalhadores.<\/span><\/p>\n<p><span style=\"font-weight: 400;\">Entretanto, a cobran\u00e7a deve respeitar as regras de prescri\u00e7\u00e3o aplic\u00e1veis ao caso concreto.<\/span><\/p>\n<p><span style=\"font-weight: 400;\">Al\u00e9m disso, quest\u00f5es relacionadas ao FGTS possuem particularidades que precisam ser analisadas de acordo com o per\u00edodo e com a situa\u00e7\u00e3o processual.<\/span><\/p>\n<p><span style=\"font-weight: 400;\">Por isso, n\u00e3o fa\u00e7a o c\u00e1lculo apenas multiplicando o sal\u00e1rio por 8%.<\/span><\/p>\n<p><span style=\"font-weight: 400;\">Uma an\u00e1lise completa pode revelar outras parcelas e reflexos.<\/span><\/p>\n<h1><b>E as f\u00e9rias e o 13\u00ba sal\u00e1rio?<\/b><\/h1>\n<p><span style=\"font-weight: 400;\">Esses direitos tamb\u00e9m podem entrar na discuss\u00e3o quando a Justi\u00e7a reconhece a rela\u00e7\u00e3o de emprego.<\/span><\/p>\n<p><span style=\"font-weight: 400;\">A Constitui\u00e7\u00e3o Federal assegura f\u00e9rias anuais remuneradas com pelo menos um ter\u00e7o a mais do sal\u00e1rio normal e tamb\u00e9m o d\u00e9cimo terceiro sal\u00e1rio.<\/span><\/p>\n<p><span style=\"font-weight: 400;\">Assim, se a empresa deixou de registrar o contrato e tamb\u00e9m n\u00e3o pagou corretamente essas parcelas, o trabalhador poder\u00e1 discutir a situa\u00e7\u00e3o judicialmente, observados os limites aplic\u00e1veis.<\/span><\/p>\n<p><span style=\"font-weight: 400;\">Al\u00e9m disso, o c\u00e1lculo pode variar conforme o per\u00edodo trabalhado.<\/span><\/p>\n<h1><b>As horas extras tamb\u00e9m entram na a\u00e7\u00e3o?<\/b><\/h1>\n<p><span style=\"font-weight: 400;\">Podem entrar.<\/span><\/p>\n<p><span style=\"font-weight: 400;\">Se voc\u00ea trabalhava al\u00e9m da jornada legal e consegue demonstrar essa rotina, as horas extras podem fazer parte dos pedidos.<\/span><\/p>\n<p><span style=\"font-weight: 400;\">Al\u00e9m disso, dependendo do caso, o trabalho extraordin\u00e1rio pode produzir reflexos em outras parcelas.<\/span><\/p>\n<p><span style=\"font-weight: 400;\">Por isso, ao conversar com um advogado, n\u00e3o informe apenas o sal\u00e1rio.<\/span><\/p>\n<p><span style=\"font-weight: 400;\">Informe tamb\u00e9m:<\/span><\/p>\n<ul>\n<li style=\"font-weight: 400;\" aria-level=\"1\"><span style=\"font-weight: 400;\">hor\u00e1rio de entrada;<\/span><\/li>\n<li style=\"font-weight: 400;\" aria-level=\"1\"><span style=\"font-weight: 400;\">hor\u00e1rio de sa\u00edda;<\/span><\/li>\n<li style=\"font-weight: 400;\" aria-level=\"1\"><span style=\"font-weight: 400;\">intervalo;<\/span><\/li>\n<li style=\"font-weight: 400;\" aria-level=\"1\"><span style=\"font-weight: 400;\">dias trabalhados;<\/span><\/li>\n<li style=\"font-weight: 400;\" aria-level=\"1\"><span style=\"font-weight: 400;\">trabalho aos domingos;<\/span><\/li>\n<li style=\"font-weight: 400;\" aria-level=\"1\"><span style=\"font-weight: 400;\">trabalho em feriados;<\/span><\/li>\n<li style=\"font-weight: 400;\" aria-level=\"1\"><span style=\"font-weight: 400;\">eventuais registros de ponto.<\/span><\/li>\n<\/ul>\n<p><span style=\"font-weight: 400;\">Quanto mais completa for a informa\u00e7\u00e3o, melhor ser\u00e1 a avalia\u00e7\u00e3o.<\/span><\/p>\n<h1><b>O que devo fazer se descobri agora que trabalhei sem carteira assinada?<\/b><\/h1>\n<p><span style=\"font-weight: 400;\">Primeiramente, n\u00e3o entre em p\u00e2nico.<\/span><\/p>\n<p><span style=\"font-weight: 400;\">Em seguida, organize as informa\u00e7\u00f5es.<\/span><\/p>\n<p><span style=\"font-weight: 400;\">Fa\u00e7a uma linha do tempo do contrato.<\/span><\/p>\n<p><span style=\"font-weight: 400;\">Anote:<\/span><\/p>\n<p><b>Data de in\u00edcio \u2192 fun\u00e7\u00e3o \u2192 sal\u00e1rio \u2192 jornada \u2192 pagamentos \u2192 altera\u00e7\u00f5es \u2192 data de sa\u00edda.<\/b><\/p>\n<p><span style=\"font-weight: 400;\">Depois, re\u00fana as provas.<\/span><\/p>\n<p><span style=\"font-weight: 400;\">Al\u00e9m disso, identifique poss\u00edveis testemunhas.<\/span><\/p>\n<p><span style=\"font-weight: 400;\">Por fim, procure orienta\u00e7\u00e3o jur\u00eddica para verificar os prazos e os direitos envolvidos.<\/span><\/p>\n<p><span style=\"font-weight: 400;\">Dessa maneira, voc\u00ea poder\u00e1 tomar uma decis\u00e3o baseada em informa\u00e7\u00f5es concretas.<\/span><\/p>\n<h1><b>Por que procurar um advogado trabalhista rapidamente?<\/b><\/h1>\n<p><span style=\"font-weight: 400;\">Porque o tempo pode interferir tanto nos direitos quanto nas provas.<\/span><\/p>\n<p><span style=\"font-weight: 400;\">Um <\/span><b>advogado trabalhista em Contagem<\/b><span style=\"font-weight: 400;\"> poder\u00e1 analisar as datas do contrato, verificar o prazo para ajuizar a a\u00e7\u00e3o e avaliar quais direitos ainda podem ser cobrados.<\/span><\/p>\n<p><span style=\"font-weight: 400;\">Al\u00e9m disso, o profissional poder\u00e1 analisar documentos, mensagens, comprovantes e testemunhas.<\/span><\/p>\n<p><span style=\"font-weight: 400;\">Da mesma forma, poder\u00e1 calcular os valores aproximados envolvidos na demanda.<\/span><\/p>\n<p><span style=\"font-weight: 400;\">Assim, voc\u00ea n\u00e3o precisa tomar uma decis\u00e3o no escuro.<\/span><\/p>\n<h2><b>O advogado pode calcular quanto eu tenho a receber?<\/b><\/h2>\n<p><span style=\"font-weight: 400;\">Sim.<\/span><\/p>\n<p><span style=\"font-weight: 400;\">Para isso, ele poder\u00e1 analisar sal\u00e1rio, per\u00edodo trabalhado, jornada, forma de desligamento e demais informa\u00e7\u00f5es relevantes.<\/span><\/p>\n<p><span style=\"font-weight: 400;\">Al\u00e9m disso, poder\u00e1 verificar quais verbas podem integrar os pedidos.<\/span><\/p>\n<p><span style=\"font-weight: 400;\">Por exemplo:<\/span><\/p>\n<ul>\n<li style=\"font-weight: 400;\" aria-level=\"1\"><span style=\"font-weight: 400;\">FGTS;<\/span><\/li>\n<li style=\"font-weight: 400;\" aria-level=\"1\"><span style=\"font-weight: 400;\">f\u00e9rias;<\/span><\/li>\n<li style=\"font-weight: 400;\" aria-level=\"1\"><span style=\"font-weight: 400;\">13\u00ba sal\u00e1rio;<\/span><\/li>\n<li style=\"font-weight: 400;\" aria-level=\"1\"><span style=\"font-weight: 400;\">aviso-pr\u00e9vio;<\/span><\/li>\n<li style=\"font-weight: 400;\" aria-level=\"1\"><span style=\"font-weight: 400;\">horas extras;<\/span><\/li>\n<li style=\"font-weight: 400;\" aria-level=\"1\"><span style=\"font-weight: 400;\">adicionais;<\/span><\/li>\n<li style=\"font-weight: 400;\" aria-level=\"1\"><span style=\"font-weight: 400;\">verbas rescis\u00f3rias.<\/span><\/li>\n<\/ul>\n<p><span style=\"font-weight: 400;\">Consequentemente, voc\u00ea ter\u00e1 uma vis\u00e3o muito mais clara sobre a poss\u00edvel a\u00e7\u00e3o.<\/span><\/p>\n<h1><b>Quanto mais cedo eu procurar ajuda, melhor?<\/b><\/h1>\n<p><span style=\"font-weight: 400;\">Em geral, sim.<\/span><\/p>\n<p><span style=\"font-weight: 400;\">Primeiramente, voc\u00ea evita deixar o prazo prescricional chegar perto do fim.<\/span><\/p>\n<p><span style=\"font-weight: 400;\">Al\u00e9m disso, consegue preservar documentos.<\/span><\/p>\n<p><span style=\"font-weight: 400;\">Tamb\u00e9m pode localizar testemunhas com mais facilidade.<\/span><\/p>\n<p><span style=\"font-weight: 400;\">Por fim, consegue avaliar sua situa\u00e7\u00e3o com calma, em vez de tomar uma decis\u00e3o \u00e0s pressas.<\/span><\/p>\n<p><span style=\"font-weight: 400;\">Portanto, se voc\u00ea <\/span><b>trabalhou sem carteira assinada<\/b><span style=\"font-weight: 400;\">, n\u00e3o espere a situa\u00e7\u00e3o ficar urgente.<\/span><\/p>\n<h1><b>Como saber se ainda posso processar a empresa?<\/b><\/h1>\n<p><span style=\"font-weight: 400;\">Fa\u00e7a quatro perguntas:<\/span><\/p>\n<ol>\n<li><b> Quando comecei a trabalhar?<\/b><\/li>\n<li><b> Quando terminei o contrato?<\/b><\/li>\n<li><b> Como funcionava minha rotina de trabalho?<\/b><\/li>\n<li><b> Quais provas eu tenho?<\/b><\/li>\n<\/ol>\n<p><span style=\"font-weight: 400;\">Com essas informa\u00e7\u00f5es, um profissional poder\u00e1 fazer uma avalia\u00e7\u00e3o inicial muito mais precisa.<\/span><\/p>\n<p><span style=\"font-weight: 400;\">Al\u00e9m disso, ser\u00e1 poss\u00edvel verificar a incid\u00eancia da prescri\u00e7\u00e3o.<\/span><\/p>\n<h1><b>A empresa pode dizer que eu n\u00e3o tenho direitos porque aceitei trabalhar sem carteira?<\/b><\/h1>\n<p><span style=\"font-weight: 400;\">A simples aceita\u00e7\u00e3o de trabalhar sem registro n\u00e3o significa, por si s\u00f3, que o trabalhador abriu m\u00e3o dos direitos decorrentes de uma rela\u00e7\u00e3o de emprego.<\/span><\/p>\n<p><span style=\"font-weight: 400;\">A an\u00e1lise deve considerar a realidade do trabalho e os requisitos jur\u00eddicos aplic\u00e1veis.<\/span><\/p>\n<p><span style=\"font-weight: 400;\">Por isso, frases como:<\/span><\/p>\n<p><i><span style=\"font-weight: 400;\">&#8220;Mas voc\u00ea aceitou trabalhar assim.&#8221;<\/span><\/i><\/p>\n<p><span style=\"font-weight: 400;\">ou<\/span><\/p>\n<p><i><span style=\"font-weight: 400;\">&#8220;Voc\u00ea sabia que n\u00e3o teria carteira.&#8221;<\/span><\/i><\/p>\n<p><span style=\"font-weight: 400;\">n\u00e3o encerram automaticamente a discuss\u00e3o.<\/span><\/p>\n<p><span style=\"font-weight: 400;\">O trabalhador deve analisar juridicamente a situa\u00e7\u00e3o.<\/span><\/p>\n<h1><b>Vale a pena processar a empresa por falta de carteira assinada?<\/b><\/h1>\n<p><span style=\"font-weight: 400;\">Essa decis\u00e3o depende do caso.<\/span><\/p>\n<p><span style=\"font-weight: 400;\">Entretanto, quando existem ind\u00edcios de v\u00ednculo empregat\u00edcio, per\u00edodo relevante de trabalho e direitos n\u00e3o pagos, pode existir uma oportunidade concreta de buscar esses valores na Justi\u00e7a.<\/span><\/p>\n<p><span style=\"font-weight: 400;\">Al\u00e9m disso, a an\u00e1lise pode revelar direitos que o trabalhador sequer sabia que possu\u00eda.<\/span><\/p>\n<p><span style=\"font-weight: 400;\">Por isso, antes de pensar apenas nos custos ou no desgaste de um processo, descubra primeiro <\/span><b>quanto est\u00e1 em discuss\u00e3o<\/b><span style=\"font-weight: 400;\">.<\/span><\/p>\n<p><span style=\"font-weight: 400;\">Muitas vezes, o trabalhador imagina que possui apenas um problema relacionado \u00e0 carteira.<\/span><\/p>\n<p><span style=\"font-weight: 400;\">Depois da an\u00e1lise, percebe que existem v\u00e1rias outras verbas envolvidas.<\/span><\/p>\n<h1><b>Conclus\u00e3o<\/b><\/h1>\n<p><span style=\"font-weight: 400;\">Se voc\u00ea <\/span><b>trabalhou sem carteira assinada<\/b><span style=\"font-weight: 400;\">, n\u00e3o ignore os prazos.<\/span><\/p>\n<p><span style=\"font-weight: 400;\">A Constitui\u00e7\u00e3o Federal estabelece, em regra, o prazo de <\/span><b>2 anos ap\u00f3s o t\u00e9rmino do contrato para ajuizar a a\u00e7\u00e3o<\/b><span style=\"font-weight: 400;\">, enquanto a prescri\u00e7\u00e3o quinquenal limita os cr\u00e9ditos trabalhistas aos cinco anos anteriores ao ajuizamento, observadas as particularidades de cada caso.<\/span><\/p>\n<p><span style=\"font-weight: 400;\">Portanto, n\u00e3o espere o \u00faltimo momento.<\/span><\/p>\n<p><span style=\"font-weight: 400;\">Re\u00fana suas provas.<\/span><\/p>\n<p><span style=\"font-weight: 400;\">Organize as datas.<\/span><\/p>\n<p><span style=\"font-weight: 400;\">Guarde mensagens e comprovantes.<\/span><\/p>\n<p><span style=\"font-weight: 400;\">Al\u00e9m disso, procure orienta\u00e7\u00e3o profissional para entender exatamente quais direitos voc\u00ea pode cobrar.<\/span><\/p>\n<p><span style=\"font-weight: 400;\">Se voc\u00ea acredita que a empresa manteve seu trabalho sem registro, um <\/span><b>advogado trabalhista em Contagem<\/b><span style=\"font-weight: 400;\"> poder\u00e1 analisar o seu caso, verificar os prazos, calcular os poss\u00edveis valores e orientar sobre os pr\u00f3ximos passos.<\/span><\/p>\n<p><span style=\"font-weight: 400;\">Afinal, <\/span><b>n\u00e3o ter carteira assinada n\u00e3o significa n\u00e3o ter direitos<\/b><span style=\"font-weight: 400;\">.<\/span><\/p>\n<p><span style=\"font-weight: 400;\">E quanto antes voc\u00ea descobrir quais s\u00e3o eles, melhor poder\u00e1 decidir o que fazer.<\/span><\/p>\n<h1><b>Perguntas Frequentes sobre prazo para processar empresa sem carteira assinada<\/b><\/h1>\n<h2><b>1. Quanto tempo tenho para processar uma empresa que n\u00e3o assinou minha carteira?<\/b><\/h2>\n<p><span style=\"font-weight: 400;\">Em regra, o trabalhador tem <\/span><b>at\u00e9 dois anos ap\u00f3s o t\u00e9rmino do contrato<\/b><span style=\"font-weight: 400;\"> para ajuizar a reclama\u00e7\u00e3o trabalhista. Al\u00e9m disso, os cr\u00e9ditos trabalhistas normalmente ficam sujeitos \u00e0 prescri\u00e7\u00e3o quinquenal.<\/span><\/p>\n<h2><b>2. Trabalhei cinco anos sem carteira. Posso cobrar todos os cinco anos?<\/b><\/h2>\n<p><span style=\"font-weight: 400;\">N\u00e3o necessariamente. \u00c9 preciso analisar a data do ajuizamento, o t\u00e9rmino do contrato e as regras de prescri\u00e7\u00e3o aplic\u00e1veis. A S\u00famula 308 do TST trata da prescri\u00e7\u00e3o quinquenal considerando os cinco anos anteriores ao ajuizamento, respeitado o prazo de dois anos ap\u00f3s o fim do contrato.<\/span><\/p>\n<h2><b>3. Ainda trabalho sem carteira. Preciso esperar a demiss\u00e3o para procurar meus direitos?<\/b><\/h2>\n<p><span style=\"font-weight: 400;\">N\u00e3o necessariamente. Dependendo da situa\u00e7\u00e3o, o trabalhador pode buscar orienta\u00e7\u00e3o enquanto o contrato ainda est\u00e1 em andamento. O ideal \u00e9 analisar individualmente as circunst\u00e2ncias antes de tomar qualquer medida.<\/span><\/p>\n<h2><b>4. N\u00e3o tenho contrato escrito. Posso processar a empresa?<\/b><\/h2>\n<p><span style=\"font-weight: 400;\">A aus\u00eancia de contrato escrito n\u00e3o impede automaticamente uma discuss\u00e3o sobre a exist\u00eancia do v\u00ednculo. Mensagens, comprovantes, testemunhas e outros elementos podem ajudar a demonstrar como o trabalho acontecia.<\/span><\/p>\n<h2><b>5. Trabalhei sem carteira e fui demitido recentemente. O que devo fazer?<\/b><\/h2>\n<p><span style=\"font-weight: 400;\">Primeiramente, re\u00fana documentos, mensagens, comprovantes de pagamento e informa\u00e7\u00f5es sobre o per\u00edodo trabalhado. Em seguida, procure orienta\u00e7\u00e3o jur\u00eddica para verificar o v\u00ednculo, calcular os poss\u00edveis direitos e conferir os prazos aplic\u00e1veis.<\/span><\/p>\n<p><b>Fale com o Dr. Pedro Carvalho<\/b><\/p>\n<p><span style=\"font-weight: 400;\">Cada caso tem uma estrat\u00e9gia de prova diferente. Se voc\u00ea quer entender qual \u00e9 a situa\u00e7\u00e3o do seu, envie uma mensagem e conte o que aconteceu.<\/span><\/p>\n<p><a href=\"https:\/\/wa.me\/5531975283687\"><span style=\"font-weight: 400;\">Enviar mensagem pelo WhatsApp<\/span><\/a><\/p>\n<p><span style=\"font-weight: 400;\">Atua\u00e7\u00e3o em Belo Horizonte, Contagem e regi\u00e3o metropolitana.<\/span><\/p>\n<p><b>Falar com Advogado Trabalhista Agora<\/b><\/p>\n<p><b>\u00a0<\/b><span style=\"font-weight: 400;\">Leia tamb\u00e9m<\/span><\/p>\n<ul>\n<li style=\"font-weight: 400;\" aria-level=\"1\"><a href=\"https:\/\/carvalhoadvogado.aliamkt.com\/index.php\/2026\/01\/02\/rescisao-indireta-ameacas-humilhacoes-exposicao-ridiculo\/\"><span style=\"font-weight: 400;\">Rescis\u00e3o Indireta por Amea\u00e7as, Humilha\u00e7\u00f5es e Exposi\u00e7\u00e3o ao Rid\u00edculo no Trabalho: Saiba Como Sair Sem Perder Seus Direitos<\/span><\/a><\/li>\n<\/ul>\n<p><b>Fale com o Dr. Pedro Carvalho!<\/b><\/p>\n<p><b>Clique no bot\u00e3o abaixo e obtenha a orienta\u00e7\u00e3o jur\u00eddica que voc\u00ea precisa para resolver suas quest\u00f5es com seguran\u00e7a e confian\u00e7a.\u00a0<\/b><\/p>\n<p><a href=\"https:\/\/wa.me\/5531975283687\"><b>Fale comigo agora mesmo<\/b><\/a><\/p>\n<p><b>Siga-nos na rede social, @pedroncarvalhoadv, e fique por dentro das \u00faltimas novidades!<\/b><\/p>\n","protected":false},"excerpt":{"rendered":"<p>Se voc\u00ea trabalhou sem carteira assinada, existe uma informa\u00e7\u00e3o que pode fazer toda a diferen\u00e7a: h\u00e1 prazo para procurar a Justi\u00e7a do Trabalho. Muitas pessoas passam meses ou at\u00e9 anos trabalhando sem registro. Depois, quando deixam a empresa, come\u00e7am a pesquisar seus direitos e descobrem que poderiam cobrar valores referentes ao per\u00edodo trabalhado. Entretanto, surge [&hellip;]<\/p>\n","protected":false},"author":1,"featured_media":1643,"comment_status":"open","ping_status":"open","sticky":false,"template":"","format":"standard","meta":{"_joinchat":{"telephone":"+5531975283687"},"footnotes":""},"categories":[6],"tags":[],"class_list":["post-1932","post","type-post","status-publish","format-standard","has-post-thumbnail","hentry","category-direito-trabalhista"],"yoast_head":"<!-- This site is optimized with the Yoast SEO plugin v28.4 - https:\/\/yoast.com\/product\/yoast-seo-wordpress\/ -->\n<title>Prazo para processar empresa por n\u00e3o assinar carteira: entenda<\/title>\n<meta name=\"description\" content=\"Saiba qual \u00e9 o prazo para processar empresa por n\u00e3o assinar carteira, entenda os prazos de 2 e 5 anos e procure um advogado trabalhista em Contagem.\" \/>\n<meta name=\"robots\" content=\"index, follow, max-snippet:-1, max-image-preview:large, max-video-preview:-1\" \/>\n<link rel=\"canonical\" href=\"https:\/\/carvalhoadvogado.aliamkt.com\/index.php\/2026\/09\/03\/prazo-processar-empresa-nao-assinar-carteira\/\" \/>\n<meta property=\"og:locale\" content=\"pt_BR\" \/>\n<meta property=\"og:type\" content=\"article\" \/>\n<meta property=\"og:title\" content=\"Prazo para processar empresa por n\u00e3o assinar carteira: entenda\" \/>\n<meta property=\"og:description\" content=\"Saiba qual \u00e9 o prazo para processar empresa por n\u00e3o assinar carteira, entenda os prazos de 2 e 5 anos e procure um advogado trabalhista em Contagem.\" \/>\n<meta property=\"og:url\" content=\"https:\/\/carvalhoadvogado.aliamkt.com\/index.php\/2026\/09\/03\/prazo-processar-empresa-nao-assinar-carteira\/\" \/>\n<meta property=\"og:site_name\" content=\"Pedro Carvalho Advogado Trabalhista\" \/>\n<meta property=\"article:published_time\" content=\"2026-09-03T17:02:45+00:00\" \/>\n<meta property=\"og:image\" content=\"https:\/\/carvalhoadvogado.aliamkt.com\/wp-content\/uploads\/2026\/03\/advogado-trabalhista-em-betim.jpg\" \/>\n\t<meta property=\"og:image:width\" content=\"1200\" \/>\n\t<meta property=\"og:image:height\" content=\"800\" \/>\n\t<meta property=\"og:image:type\" content=\"image\/jpeg\" \/>\n<meta name=\"author\" content=\"lailacarvalhoadv\" \/>\n<meta name=\"twitter:card\" content=\"summary_large_image\" \/>\n<meta name=\"twitter:label1\" content=\"Escrito por\" \/>\n\t<meta name=\"twitter:data1\" content=\"lailacarvalhoadv\" \/>\n\t<meta name=\"twitter:label2\" content=\"Est. tempo de leitura\" \/>\n\t<meta name=\"twitter:data2\" content=\"18 minutos\" \/>\n<script type=\"application\/ld+json\" class=\"yoast-schema-graph\">{\"@context\":\"https:\\\/\\\/schema.org\",\"@graph\":[{\"@type\":\"Article\",\"@id\":\"https:\\\/\\\/carvalhoadvogado.aliamkt.com\\\/index.php\\\/2026\\\/09\\\/03\\\/prazo-processar-empresa-nao-assinar-carteira\\\/#article\",\"isPartOf\":{\"@id\":\"https:\\\/\\\/carvalhoadvogado.aliamkt.com\\\/index.php\\\/2026\\\/09\\\/03\\\/prazo-processar-empresa-nao-assinar-carteira\\\/\"},\"author\":{\"name\":\"lailacarvalhoadv\",\"@id\":\"https:\\\/\\\/carvalhoadvogado.aliamkt.com\\\/#\\\/schema\\\/person\\\/8f4d67ba57d6160ee802836a319bd8eb\"},\"headline\":\"Qual o prazo para processar a empresa por n\u00e3o assinar a carteira de trabalho?\",\"datePublished\":\"2026-09-03T17:02:45+00:00\",\"mainEntityOfPage\":{\"@id\":\"https:\\\/\\\/carvalhoadvogado.aliamkt.com\\\/index.php\\\/2026\\\/09\\\/03\\\/prazo-processar-empresa-nao-assinar-carteira\\\/\"},\"wordCount\":3492,\"commentCount\":0,\"publisher\":{\"@id\":\"https:\\\/\\\/carvalhoadvogado.aliamkt.com\\\/#organization\"},\"image\":{\"@id\":\"https:\\\/\\\/carvalhoadvogado.aliamkt.com\\\/index.php\\\/2026\\\/09\\\/03\\\/prazo-processar-empresa-nao-assinar-carteira\\\/#primaryimage\"},\"thumbnailUrl\":\"https:\\\/\\\/carvalhoadvogado.aliamkt.com\\\/wp-content\\\/uploads\\\/2026\\\/03\\\/advogado-trabalhista-em-betim.jpg\",\"articleSection\":[\"Direito Trabalhista\"],\"inLanguage\":\"pt-BR\",\"potentialAction\":[{\"@type\":\"CommentAction\",\"name\":\"Comment\",\"target\":[\"https:\\\/\\\/carvalhoadvogado.aliamkt.com\\\/index.php\\\/2026\\\/09\\\/03\\\/prazo-processar-empresa-nao-assinar-carteira\\\/#respond\"]}]},{\"@type\":\"WebPage\",\"@id\":\"https:\\\/\\\/carvalhoadvogado.aliamkt.com\\\/index.php\\\/2026\\\/09\\\/03\\\/prazo-processar-empresa-nao-assinar-carteira\\\/\",\"url\":\"https:\\\/\\\/carvalhoadvogado.aliamkt.com\\\/index.php\\\/2026\\\/09\\\/03\\\/prazo-processar-empresa-nao-assinar-carteira\\\/\",\"name\":\"Prazo para processar empresa por n\u00e3o assinar carteira: entenda\",\"isPartOf\":{\"@id\":\"https:\\\/\\\/carvalhoadvogado.aliamkt.com\\\/#website\"},\"primaryImageOfPage\":{\"@id\":\"https:\\\/\\\/carvalhoadvogado.aliamkt.com\\\/index.php\\\/2026\\\/09\\\/03\\\/prazo-processar-empresa-nao-assinar-carteira\\\/#primaryimage\"},\"image\":{\"@id\":\"https:\\\/\\\/carvalhoadvogado.aliamkt.com\\\/index.php\\\/2026\\\/09\\\/03\\\/prazo-processar-empresa-nao-assinar-carteira\\\/#primaryimage\"},\"thumbnailUrl\":\"https:\\\/\\\/carvalhoadvogado.aliamkt.com\\\/wp-content\\\/uploads\\\/2026\\\/03\\\/advogado-trabalhista-em-betim.jpg\",\"datePublished\":\"2026-09-03T17:02:45+00:00\",\"description\":\"Saiba qual \u00e9 o prazo para processar empresa por n\u00e3o assinar carteira, entenda os prazos de 2 e 5 anos e procure um advogado trabalhista em Contagem.\",\"breadcrumb\":{\"@id\":\"https:\\\/\\\/carvalhoadvogado.aliamkt.com\\\/index.php\\\/2026\\\/09\\\/03\\\/prazo-processar-empresa-nao-assinar-carteira\\\/#breadcrumb\"},\"inLanguage\":\"pt-BR\",\"potentialAction\":[{\"@type\":\"ReadAction\",\"target\":[\"https:\\\/\\\/carvalhoadvogado.aliamkt.com\\\/index.php\\\/2026\\\/09\\\/03\\\/prazo-processar-empresa-nao-assinar-carteira\\\/\"]}]},{\"@type\":\"ImageObject\",\"inLanguage\":\"pt-BR\",\"@id\":\"https:\\\/\\\/carvalhoadvogado.aliamkt.com\\\/index.php\\\/2026\\\/09\\\/03\\\/prazo-processar-empresa-nao-assinar-carteira\\\/#primaryimage\",\"url\":\"https:\\\/\\\/carvalhoadvogado.aliamkt.com\\\/wp-content\\\/uploads\\\/2026\\\/03\\\/advogado-trabalhista-em-betim.jpg\",\"contentUrl\":\"https:\\\/\\\/carvalhoadvogado.aliamkt.com\\\/wp-content\\\/uploads\\\/2026\\\/03\\\/advogado-trabalhista-em-betim.jpg\",\"width\":1200,\"height\":800},{\"@type\":\"BreadcrumbList\",\"@id\":\"https:\\\/\\\/carvalhoadvogado.aliamkt.com\\\/index.php\\\/2026\\\/09\\\/03\\\/prazo-processar-empresa-nao-assinar-carteira\\\/#breadcrumb\",\"itemListElement\":[{\"@type\":\"ListItem\",\"position\":1,\"name\":\"In\u00edcio\",\"item\":\"https:\\\/\\\/carvalhoadvogado.aliamkt.com\\\/\"},{\"@type\":\"ListItem\",\"position\":2,\"name\":\"Qual o prazo para processar a empresa por n\u00e3o assinar a carteira de trabalho?\"}]},{\"@type\":\"WebSite\",\"@id\":\"https:\\\/\\\/carvalhoadvogado.aliamkt.com\\\/#website\",\"url\":\"https:\\\/\\\/carvalhoadvogado.aliamkt.com\\\/\",\"name\":\"Pedro Carvalho Advogado\",\"description\":\"Advogado Trabalhista\",\"publisher\":{\"@id\":\"https:\\\/\\\/carvalhoadvogado.aliamkt.com\\\/#organization\"},\"potentialAction\":[{\"@type\":\"SearchAction\",\"target\":{\"@type\":\"EntryPoint\",\"urlTemplate\":\"https:\\\/\\\/carvalhoadvogado.aliamkt.com\\\/?s={search_term_string}\"},\"query-input\":{\"@type\":\"PropertyValueSpecification\",\"valueRequired\":true,\"valueName\":\"search_term_string\"}}],\"inLanguage\":\"pt-BR\"},{\"@type\":\"Organization\",\"@id\":\"https:\\\/\\\/carvalhoadvogado.aliamkt.com\\\/#organization\",\"name\":\"Pedro Carvalho Advogado\",\"url\":\"https:\\\/\\\/carvalhoadvogado.aliamkt.com\\\/\",\"logo\":{\"@type\":\"ImageObject\",\"inLanguage\":\"pt-BR\",\"@id\":\"https:\\\/\\\/carvalhoadvogado.aliamkt.com\\\/#\\\/schema\\\/logo\\\/image\\\/\",\"url\":\"https:\\\/\\\/carvalhoadvogado.aliamkt.com\\\/wp-content\\\/uploads\\\/2024\\\/06\\\/Logo-azul.png\",\"contentUrl\":\"https:\\\/\\\/carvalhoadvogado.aliamkt.com\\\/wp-content\\\/uploads\\\/2024\\\/06\\\/Logo-azul.png\",\"width\":500,\"height\":500,\"caption\":\"Pedro Carvalho Advogado\"},\"image\":{\"@id\":\"https:\\\/\\\/carvalhoadvogado.aliamkt.com\\\/#\\\/schema\\\/logo\\\/image\\\/\"}},{\"@type\":\"Person\",\"@id\":\"https:\\\/\\\/carvalhoadvogado.aliamkt.com\\\/#\\\/schema\\\/person\\\/8f4d67ba57d6160ee802836a319bd8eb\",\"name\":\"lailacarvalhoadv\",\"image\":{\"@type\":\"ImageObject\",\"inLanguage\":\"pt-BR\",\"@id\":\"https:\\\/\\\/secure.gravatar.com\\\/avatar\\\/a60961139a792fb5ca701fab485f653a1b3cc37cf8dbd4937b4134105caf5369?s=96&d=mm&r=g\",\"url\":\"https:\\\/\\\/secure.gravatar.com\\\/avatar\\\/a60961139a792fb5ca701fab485f653a1b3cc37cf8dbd4937b4134105caf5369?s=96&d=mm&r=g\",\"contentUrl\":\"https:\\\/\\\/secure.gravatar.com\\\/avatar\\\/a60961139a792fb5ca701fab485f653a1b3cc37cf8dbd4937b4134105caf5369?s=96&d=mm&r=g\",\"caption\":\"lailacarvalhoadv\"},\"sameAs\":[\"https:\\\/\\\/carvalhoadvogado.aliamkt.com\"],\"url\":\"https:\\\/\\\/carvalhoadvogado.aliamkt.com\\\/index.php\\\/author\\\/lailacarvalhoadv\\\/\"}]}<\/script>\n<!-- \/ Yoast SEO plugin. -->","yoast_head_json":{"title":"Prazo para processar empresa por n\u00e3o assinar carteira: entenda","description":"Saiba qual \u00e9 o prazo para processar empresa por n\u00e3o assinar carteira, entenda os prazos de 2 e 5 anos e procure um advogado trabalhista em Contagem.","robots":{"index":"index","follow":"follow","max-snippet":"max-snippet:-1","max-image-preview":"max-image-preview:large","max-video-preview":"max-video-preview:-1"},"canonical":"https:\/\/carvalhoadvogado.aliamkt.com\/index.php\/2026\/09\/03\/prazo-processar-empresa-nao-assinar-carteira\/","og_locale":"pt_BR","og_type":"article","og_title":"Prazo para processar empresa por n\u00e3o assinar carteira: entenda","og_description":"Saiba qual \u00e9 o prazo para processar empresa por n\u00e3o assinar carteira, entenda os prazos de 2 e 5 anos e procure um advogado trabalhista em Contagem.","og_url":"https:\/\/carvalhoadvogado.aliamkt.com\/index.php\/2026\/09\/03\/prazo-processar-empresa-nao-assinar-carteira\/","og_site_name":"Pedro Carvalho Advogado Trabalhista","article_published_time":"2026-09-03T17:02:45+00:00","og_image":[{"width":1200,"height":800,"url":"https:\/\/carvalhoadvogado.aliamkt.com\/wp-content\/uploads\/2026\/03\/advogado-trabalhista-em-betim.jpg","type":"image\/jpeg"}],"author":"lailacarvalhoadv","twitter_card":"summary_large_image","twitter_misc":{"Escrito por":"lailacarvalhoadv","Est. tempo de leitura":"18 minutos"},"schema":{"@context":"https:\/\/schema.org","@graph":[{"@type":"Article","@id":"https:\/\/carvalhoadvogado.aliamkt.com\/index.php\/2026\/09\/03\/prazo-processar-empresa-nao-assinar-carteira\/#article","isPartOf":{"@id":"https:\/\/carvalhoadvogado.aliamkt.com\/index.php\/2026\/09\/03\/prazo-processar-empresa-nao-assinar-carteira\/"},"author":{"name":"lailacarvalhoadv","@id":"https:\/\/carvalhoadvogado.aliamkt.com\/#\/schema\/person\/8f4d67ba57d6160ee802836a319bd8eb"},"headline":"Qual o prazo para processar a empresa por n\u00e3o assinar a carteira de trabalho?","datePublished":"2026-09-03T17:02:45+00:00","mainEntityOfPage":{"@id":"https:\/\/carvalhoadvogado.aliamkt.com\/index.php\/2026\/09\/03\/prazo-processar-empresa-nao-assinar-carteira\/"},"wordCount":3492,"commentCount":0,"publisher":{"@id":"https:\/\/carvalhoadvogado.aliamkt.com\/#organization"},"image":{"@id":"https:\/\/carvalhoadvogado.aliamkt.com\/index.php\/2026\/09\/03\/prazo-processar-empresa-nao-assinar-carteira\/#primaryimage"},"thumbnailUrl":"https:\/\/carvalhoadvogado.aliamkt.com\/wp-content\/uploads\/2026\/03\/advogado-trabalhista-em-betim.jpg","articleSection":["Direito Trabalhista"],"inLanguage":"pt-BR","potentialAction":[{"@type":"CommentAction","name":"Comment","target":["https:\/\/carvalhoadvogado.aliamkt.com\/index.php\/2026\/09\/03\/prazo-processar-empresa-nao-assinar-carteira\/#respond"]}]},{"@type":"WebPage","@id":"https:\/\/carvalhoadvogado.aliamkt.com\/index.php\/2026\/09\/03\/prazo-processar-empresa-nao-assinar-carteira\/","url":"https:\/\/carvalhoadvogado.aliamkt.com\/index.php\/2026\/09\/03\/prazo-processar-empresa-nao-assinar-carteira\/","name":"Prazo para processar empresa por n\u00e3o assinar carteira: entenda","isPartOf":{"@id":"https:\/\/carvalhoadvogado.aliamkt.com\/#website"},"primaryImageOfPage":{"@id":"https:\/\/carvalhoadvogado.aliamkt.com\/index.php\/2026\/09\/03\/prazo-processar-empresa-nao-assinar-carteira\/#primaryimage"},"image":{"@id":"https:\/\/carvalhoadvogado.aliamkt.com\/index.php\/2026\/09\/03\/prazo-processar-empresa-nao-assinar-carteira\/#primaryimage"},"thumbnailUrl":"https:\/\/carvalhoadvogado.aliamkt.com\/wp-content\/uploads\/2026\/03\/advogado-trabalhista-em-betim.jpg","datePublished":"2026-09-03T17:02:45+00:00","description":"Saiba qual \u00e9 o prazo para processar empresa por n\u00e3o assinar carteira, entenda os prazos de 2 e 5 anos e procure um advogado trabalhista em Contagem.","breadcrumb":{"@id":"https:\/\/carvalhoadvogado.aliamkt.com\/index.php\/2026\/09\/03\/prazo-processar-empresa-nao-assinar-carteira\/#breadcrumb"},"inLanguage":"pt-BR","potentialAction":[{"@type":"ReadAction","target":["https:\/\/carvalhoadvogado.aliamkt.com\/index.php\/2026\/09\/03\/prazo-processar-empresa-nao-assinar-carteira\/"]}]},{"@type":"ImageObject","inLanguage":"pt-BR","@id":"https:\/\/carvalhoadvogado.aliamkt.com\/index.php\/2026\/09\/03\/prazo-processar-empresa-nao-assinar-carteira\/#primaryimage","url":"https:\/\/carvalhoadvogado.aliamkt.com\/wp-content\/uploads\/2026\/03\/advogado-trabalhista-em-betim.jpg","contentUrl":"https:\/\/carvalhoadvogado.aliamkt.com\/wp-content\/uploads\/2026\/03\/advogado-trabalhista-em-betim.jpg","width":1200,"height":800},{"@type":"BreadcrumbList","@id":"https:\/\/carvalhoadvogado.aliamkt.com\/index.php\/2026\/09\/03\/prazo-processar-empresa-nao-assinar-carteira\/#breadcrumb","itemListElement":[{"@type":"ListItem","position":1,"name":"In\u00edcio","item":"https:\/\/carvalhoadvogado.aliamkt.com\/"},{"@type":"ListItem","position":2,"name":"Qual o prazo para processar a empresa por n\u00e3o assinar a carteira de trabalho?"}]},{"@type":"WebSite","@id":"https:\/\/carvalhoadvogado.aliamkt.com\/#website","url":"https:\/\/carvalhoadvogado.aliamkt.com\/","name":"Pedro Carvalho Advogado","description":"Advogado Trabalhista","publisher":{"@id":"https:\/\/carvalhoadvogado.aliamkt.com\/#organization"},"potentialAction":[{"@type":"SearchAction","target":{"@type":"EntryPoint","urlTemplate":"https:\/\/carvalhoadvogado.aliamkt.com\/?s={search_term_string}"},"query-input":{"@type":"PropertyValueSpecification","valueRequired":true,"valueName":"search_term_string"}}],"inLanguage":"pt-BR"},{"@type":"Organization","@id":"https:\/\/carvalhoadvogado.aliamkt.com\/#organization","name":"Pedro Carvalho Advogado","url":"https:\/\/carvalhoadvogado.aliamkt.com\/","logo":{"@type":"ImageObject","inLanguage":"pt-BR","@id":"https:\/\/carvalhoadvogado.aliamkt.com\/#\/schema\/logo\/image\/","url":"https:\/\/carvalhoadvogado.aliamkt.com\/wp-content\/uploads\/2024\/06\/Logo-azul.png","contentUrl":"https:\/\/carvalhoadvogado.aliamkt.com\/wp-content\/uploads\/2024\/06\/Logo-azul.png","width":500,"height":500,"caption":"Pedro Carvalho Advogado"},"image":{"@id":"https:\/\/carvalhoadvogado.aliamkt.com\/#\/schema\/logo\/image\/"}},{"@type":"Person","@id":"https:\/\/carvalhoadvogado.aliamkt.com\/#\/schema\/person\/8f4d67ba57d6160ee802836a319bd8eb","name":"lailacarvalhoadv","image":{"@type":"ImageObject","inLanguage":"pt-BR","@id":"https:\/\/secure.gravatar.com\/avatar\/a60961139a792fb5ca701fab485f653a1b3cc37cf8dbd4937b4134105caf5369?s=96&d=mm&r=g","url":"https:\/\/secure.gravatar.com\/avatar\/a60961139a792fb5ca701fab485f653a1b3cc37cf8dbd4937b4134105caf5369?s=96&d=mm&r=g","contentUrl":"https:\/\/secure.gravatar.com\/avatar\/a60961139a792fb5ca701fab485f653a1b3cc37cf8dbd4937b4134105caf5369?s=96&d=mm&r=g","caption":"lailacarvalhoadv"},"sameAs":["https:\/\/carvalhoadvogado.aliamkt.com"],"url":"https:\/\/carvalhoadvogado.aliamkt.com\/index.php\/author\/lailacarvalhoadv\/"}]}},"_links":{"self":[{"href":"https:\/\/carvalhoadvogado.aliamkt.com\/index.php\/wp-json\/wp\/v2\/posts\/1932","targetHints":{"allow":["GET"]}}],"collection":[{"href":"https:\/\/carvalhoadvogado.aliamkt.com\/index.php\/wp-json\/wp\/v2\/posts"}],"about":[{"href":"https:\/\/carvalhoadvogado.aliamkt.com\/index.php\/wp-json\/wp\/v2\/types\/post"}],"author":[{"embeddable":true,"href":"https:\/\/carvalhoadvogado.aliamkt.com\/index.php\/wp-json\/wp\/v2\/users\/1"}],"replies":[{"embeddable":true,"href":"https:\/\/carvalhoadvogado.aliamkt.com\/index.php\/wp-json\/wp\/v2\/comments?post=1932"}],"version-history":[{"count":1,"href":"https:\/\/carvalhoadvogado.aliamkt.com\/index.php\/wp-json\/wp\/v2\/posts\/1932\/revisions"}],"predecessor-version":[{"id":1933,"href":"https:\/\/carvalhoadvogado.aliamkt.com\/index.php\/wp-json\/wp\/v2\/posts\/1932\/revisions\/1933"}],"wp:featuredmedia":[{"embeddable":true,"href":"https:\/\/carvalhoadvogado.aliamkt.com\/index.php\/wp-json\/wp\/v2\/media\/1643"}],"wp:attachment":[{"href":"https:\/\/carvalhoadvogado.aliamkt.com\/index.php\/wp-json\/wp\/v2\/media?parent=1932"}],"wp:term":[{"taxonomy":"category","embeddable":true,"href":"https:\/\/carvalhoadvogado.aliamkt.com\/index.php\/wp-json\/wp\/v2\/categories?post=1932"},{"taxonomy":"post_tag","embeddable":true,"href":"https:\/\/carvalhoadvogado.aliamkt.com\/index.php\/wp-json\/wp\/v2\/tags?post=1932"}],"curies":[{"name":"wp","href":"https:\/\/api.w.org\/{rel}","templated":true}]}}