{"id":540,"date":"2024-08-09T19:13:43","date_gmt":"2024-08-09T22:13:43","guid":{"rendered":"https:\/\/carvalhoadvogado.aliamkt.com\/?p=540"},"modified":"2024-08-12T12:37:41","modified_gmt":"2024-08-12T15:37:41","slug":"jornada-12x36-em-2024-entenda-seus-direitos","status":"publish","type":"post","link":"https:\/\/carvalhoadvogado.aliamkt.com\/index.php\/2024\/08\/09\/jornada-12x36-em-2024-entenda-seus-direitos\/","title":{"rendered":"Jornada de trabalho 12&#215;36 em 2024: Entenda seus direitos"},"content":{"rendered":"<h2><span style=\"font-weight: 400;\">Introdu\u00e7\u00e3o:\u00a0<\/span><\/h2>\n<p>&nbsp;<\/p>\n<p><span style=\"font-weight: 400;\">A jornada de trabalho <\/span><b>12&#215;36<\/b><span style=\"font-weight: 400;\">\u00a0 tem ganhado cada vez mais espa\u00e7o no mercado de trabalho brasileiro, oferecendo flexibilidade e vantagens tanto para empregadores quanto para empregados. No entanto, a <\/span><a href=\"https:\/\/carvalhoadvogado.aliamkt.com\/index.php\/2024\/08\/08\/direitos-trabalhistas-dos-caminhoneiros-2024\/\"><b>modalidade de trabalho<\/b><\/a> <b>12&#215;36 em 2024 <\/b><span style=\"font-weight: 400;\">tamb\u00e9m gera muitas d\u00favidas e questionamentos, especialmente em rela\u00e7\u00e3o aos direitos trabalhistas e \u00e0 sua legalidade.<\/span><\/p>\n<p><span style=\"font-weight: 400;\">Pensando nisso, elaboramos este guia completo e atualizado, abordando todos os aspectos da <\/span><b>jornada 12&#215;36 <\/b><span style=\"font-weight: 400;\">em 2024 de forma clara e objetiva. Dessa forma, voc\u00ea encontrar\u00e1 informa\u00e7\u00f5es sobre:<\/span><\/p>\n<ul>\n<li style=\"font-weight: 400;\" aria-level=\"1\"><span style=\"font-weight: 400;\">O que \u00e9 a jornada 12&#215;36 e como funciona na pr\u00e1tica<\/span><\/li>\n<li style=\"font-weight: 400;\" aria-level=\"1\"><span style=\"font-weight: 400;\">Aspectos legais e requisitos para sua implementa\u00e7\u00e3o<\/span><\/li>\n<li style=\"font-weight: 400;\" aria-level=\"1\"><span style=\"font-weight: 400;\">C\u00e1lculo de horas extras, adicional noturno e outros direitos<\/span><\/li>\n<li style=\"font-weight: 400;\" aria-level=\"1\"><span style=\"font-weight: 400;\">Impactos na sa\u00fade do trabalhador e medidas preventivas<\/span><\/li>\n<li style=\"font-weight: 400;\" aria-level=\"1\"><span style=\"font-weight: 400;\">Vantagens e desvantagens para empregados e empregadores<\/span><\/li>\n<li style=\"font-weight: 400;\" aria-level=\"1\"><span style=\"font-weight: 400;\">Exemplos pr\u00e1ticos e respostas para as d\u00favidas mais frequentes<\/span><\/li>\n<\/ul>\n<h2><span style=\"font-weight: 400;\">Jornada 12&#215;36: O que \u00e9 e como funciona?<\/span><\/h2>\n<p>&nbsp;<\/p>\n<p><span style=\"font-weight: 400;\">Em suma, a jornada 12&#215;36 \u00e9 um <\/span><b>regime de trabalho <\/b><span style=\"font-weight: 400;\">em que o funcion\u00e1rio trabalha 12 horas seguidas, seguidas por 36 horas de descanso. Essa escala \u00e9 popular em setores que exigem opera\u00e7\u00e3o cont\u00ednua, como sa\u00fade, seguran\u00e7a, vigil\u00e2ncia, hotelaria e servi\u00e7os essenciais.<\/span><\/p>\n<p>&nbsp;<\/p>\n<h2><span style=\"font-weight: 400;\">A jornada 12&#215;36 \u00e9 legal?<\/span><\/h2>\n<p>&nbsp;<\/p>\n<p><span style=\"font-weight: 400;\">Sim, a jornada 12&#215;36 \u00e9 perfeitamente legal no Brasil desde que seja estabelecida atrav\u00e9s de <\/span><b>Acordo individual escrito; Acordo individual escrito; Conven\u00e7\u00e3o coletiva de trabalho<\/b><span style=\"font-weight: 400;\"> e <\/span><b>Acordo coletivo de trabalho.\u00a0<\/b><\/p>\n<p><span style=\"font-weight: 400;\">\u00c9 importante ressaltar que a <\/span><b>jornada 12&#215;36 <\/b><span style=\"font-weight: 400;\">n\u00e3o pode ser imposta unilateralmente pelo empregador. O trabalhador tem o direito de recusar essa modalidade de jornada, caso n\u00e3o seja de seu interesse.<\/span><\/p>\n<p>&nbsp;<\/p>\n<h2><span style=\"font-weight: 400;\">Requisitos para Implementar a Jornada 12&#215;36:\u00a0<\/span><\/h2>\n<p>&nbsp;<\/p>\n<p><span style=\"font-weight: 400;\">Para que a jornada de<\/span><b> trabalho 12&#215;36\u00a0 <\/b><span style=\"font-weight: 400;\">seja implementada de forma legal e justa, tanto para o empregador quanto para o empregado, alguns requisitos essenciais devem ser observados: A jornada n\u00e3o pode ultrapassar o limite de <\/span><b>44 horas semanais <\/b><span style=\"font-weight: 400;\">ou 220 horas mensais; O e descanso deve ser observado ou indenizado; O descanso semanal remunerado de 24 horas consecutivas deve ser garantido; \u00c9 necess\u00e1rio um acordo individual escrito, conven\u00e7\u00e3o coletiva ou acordo coletivo de trabalho.<\/span><\/p>\n<p>&nbsp;<\/p>\n<h2><span style=\"font-weight: 400;\">Quais s\u00e3o os direitos trabalhistas na jornada 12&#215;36 em 2024?<\/span><\/h2>\n<p><span style=\"font-weight: 400;\">Os trabalhadores em regime 12&#215;36 em 2024\u00a0 t\u00eam os mesmos direitos trabalhistas que os demais, incluindo: Sal\u00e1rio; Horas extras (com adicional de 50%); Adicional noturno (se houver trabalho noturno); F\u00e9rias; 13\u00ba sal\u00e1rio; FGTS; Repouso semanal remunerado; Outros benef\u00edcios previstos em lei ou acordo coletivo.\u00a0<\/span><\/p>\n<p>&nbsp;<\/p>\n<h2><span style=\"font-weight: 400;\">Como calcular as horas extras na jornada 12&#215;36?<\/span><\/h2>\n<p><span style=\"font-weight: 400;\">Em suma, as horas extras na jornada de trabalho 12&#215;36 s\u00e3o calculadas da seguinte forma: <\/span><b>Horas extras di\u00e1rias:<\/b><span style=\"font-weight: 400;\"> Se o trabalhador ultrapassar as 12 horas de trabalho em um dia, as horas excedentes s\u00e3o consideradas horas extras e devem ser pagas com o adicional de 50%; <\/span><b>Horas extras semanais:<\/b><span style=\"font-weight: 400;\"> Se o trabalhador ultrapassar o limite de 44 horas semanais, as horas excedentes tamb\u00e9m s\u00e3o consideradas horas extras e devem ser pagas com o adicional de 50%.<\/span><\/p>\n<p>&nbsp;<\/p>\n<h2><span style=\"font-weight: 400;\">Quais os impactos da jornada 12&#215;36 na sa\u00fade do trabalhador?<\/span><\/h2>\n<p><span style=\"font-weight: 400;\">A jornada 12&#215;36 em 2024 pode ter impactos na <\/span><b>sa\u00fade do trabalhador<\/b><span style=\"font-weight: 400;\">, como: Fadiga f\u00edsica e mental; Dist\u00farbios do sono; Problemas de sa\u00fade mental; Doen\u00e7as cardiovasculares e Problemas gastrointestinais.\u00a0<\/span><\/p>\n<h2><span style=\"font-weight: 400;\">Conclus\u00e3o<\/span><\/h2>\n<p><span style=\"font-weight: 400;\">A <\/span><b>jornada 12&#215;36<\/b><span style=\"font-weight: 400;\"> em 2024 pode ser uma excelente op\u00e7\u00e3o para empresas e trabalhadores que buscam flexibilidade e otimiza\u00e7\u00e3o da escala de trabalho. No entanto, \u00e9 fundamental que empregadores e empregados estejam cientes das regras, direitos e responsabilidades envolvidas nesse regime, a fim de garantir uma rela\u00e7\u00e3o de trabalho justa e preservar a sa\u00fade e o bem-estar dos trabalhadores.<\/span><\/p>\n<p>&nbsp;<\/p>\n<h3><b>Fale com o Dr. Pedro Carvalho!<\/b><\/h3>\n<p><span style=\"font-weight: 400;\">Clique no bot\u00e3o abaixo e obtenha a orienta\u00e7\u00e3o jur\u00eddica que voc\u00ea precisa para resolver suas quest\u00f5es com seguran\u00e7a e confian\u00e7a.<\/span><\/p>\n<p><span style=\"font-weight: 400;\">\u00a0<\/span><\/p>\n<p><a href=\"https:\/\/wa.me\/5531975283687\"><span style=\"font-weight: 400;\">Fale comigo agora mesmo<\/span><\/a><\/p>\n<p><span style=\"font-weight: 400;\">Siga-nos na rede social, @pedroncarvalhoadv, e fique por dentro das \u00faltimas novidades!<\/span><\/p>\n","protected":false},"excerpt":{"rendered":"<p>Introdu\u00e7\u00e3o:\u00a0 &nbsp; A jornada de trabalho 12&#215;36\u00a0 tem ganhado cada vez mais espa\u00e7o no mercado de trabalho brasileiro, oferecendo flexibilidade e vantagens tanto para empregadores quanto para empregados. No entanto, a modalidade de trabalho 12&#215;36 em 2024 tamb\u00e9m gera muitas d\u00favidas e questionamentos, especialmente em rela\u00e7\u00e3o aos direitos trabalhistas e \u00e0 sua legalidade. Pensando nisso, [&hellip;]<\/p>\n","protected":false},"author":1,"featured_media":541,"comment_status":"open","ping_status":"open","sticky":false,"template":"","format":"standard","meta":{"_joinchat":[],"footnotes":""},"categories":[6],"tags":[],"class_list":["post-540","post","type-post","status-publish","format-standard","has-post-thumbnail","hentry","category-direito-trabalhista"],"yoast_head":"<!-- This site is optimized with the Yoast SEO plugin v27.5 - https:\/\/yoast.com\/product\/yoast-seo-wordpress\/ -->\n<title>Jornada de trabalho 12x36 em 2024: Entenda seus direitos - Pedro Carvalho Advogado Trabalhista<\/title>\n<meta name=\"description\" content=\"Jornada de trabalho 12x36 em 2024: Descubra tudo sobre, legalidade, direitos trabalhistas, horas extras, impactos na sa\u00fade e muito mais!\" \/>\n<meta name=\"robots\" content=\"index, follow, max-snippet:-1, max-image-preview:large, max-video-preview:-1\" \/>\n<link rel=\"canonical\" href=\"https:\/\/carvalhoadvogado.aliamkt.com\/index.php\/2024\/08\/09\/jornada-12x36-em-2024-entenda-seus-direitos\/\" \/>\n<meta property=\"og:locale\" content=\"pt_BR\" \/>\n<meta property=\"og:type\" content=\"article\" \/>\n<meta property=\"og:title\" content=\"Jornada de trabalho 12x36 em 2024: Entenda seus direitos - Pedro Carvalho Advogado Trabalhista\" \/>\n<meta property=\"og:description\" content=\"Jornada de trabalho 12x36 em 2024: Descubra tudo sobre, legalidade, direitos trabalhistas, horas extras, impactos na sa\u00fade e muito mais!\" \/>\n<meta property=\"og:url\" content=\"https:\/\/carvalhoadvogado.aliamkt.com\/index.php\/2024\/08\/09\/jornada-12x36-em-2024-entenda-seus-direitos\/\" \/>\n<meta property=\"og:site_name\" content=\"Pedro Carvalho Advogado Trabalhista\" \/>\n<meta property=\"article:published_time\" content=\"2024-08-09T22:13:43+00:00\" \/>\n<meta property=\"article:modified_time\" content=\"2024-08-12T15:37:41+00:00\" \/>\n<meta property=\"og:image\" content=\"https:\/\/carvalhoadvogado.aliamkt.com\/wp-content\/uploads\/2024\/08\/advogado-trabalhaista--683x1024.png\" \/>\n\t<meta property=\"og:image:width\" content=\"683\" \/>\n\t<meta property=\"og:image:height\" content=\"1024\" \/>\n\t<meta property=\"og:image:type\" content=\"image\/png\" \/>\n<meta name=\"author\" content=\"lailacarvalhoadv\" \/>\n<meta name=\"twitter:card\" content=\"summary_large_image\" \/>\n<meta name=\"twitter:label1\" content=\"Escrito por\" \/>\n\t<meta name=\"twitter:data1\" content=\"lailacarvalhoadv\" \/>\n\t<meta name=\"twitter:label2\" content=\"Est. tempo de leitura\" \/>\n\t<meta name=\"twitter:data2\" content=\"4 minutos\" \/>\n<script type=\"application\/ld+json\" class=\"yoast-schema-graph\">{\"@context\":\"https:\\\/\\\/schema.org\",\"@graph\":[{\"@type\":\"Article\",\"@id\":\"https:\\\/\\\/carvalhoadvogado.aliamkt.com\\\/index.php\\\/2024\\\/08\\\/09\\\/jornada-12x36-em-2024-entenda-seus-direitos\\\/#article\",\"isPartOf\":{\"@id\":\"https:\\\/\\\/carvalhoadvogado.aliamkt.com\\\/index.php\\\/2024\\\/08\\\/09\\\/jornada-12x36-em-2024-entenda-seus-direitos\\\/\"},\"author\":{\"name\":\"lailacarvalhoadv\",\"@id\":\"https:\\\/\\\/carvalhoadvogado.aliamkt.com\\\/#\\\/schema\\\/person\\\/8f4d67ba57d6160ee802836a319bd8eb\"},\"headline\":\"Jornada de trabalho 12&#215;36 em 2024: Entenda seus direitos\",\"datePublished\":\"2024-08-09T22:13:43+00:00\",\"dateModified\":\"2024-08-12T15:37:41+00:00\",\"mainEntityOfPage\":{\"@id\":\"https:\\\/\\\/carvalhoadvogado.aliamkt.com\\\/index.php\\\/2024\\\/08\\\/09\\\/jornada-12x36-em-2024-entenda-seus-direitos\\\/\"},\"wordCount\":652,\"commentCount\":0,\"publisher\":{\"@id\":\"https:\\\/\\\/carvalhoadvogado.aliamkt.com\\\/#organization\"},\"image\":{\"@id\":\"https:\\\/\\\/carvalhoadvogado.aliamkt.com\\\/index.php\\\/2024\\\/08\\\/09\\\/jornada-12x36-em-2024-entenda-seus-direitos\\\/#primaryimage\"},\"thumbnailUrl\":\"https:\\\/\\\/carvalhoadvogado.aliamkt.com\\\/wp-content\\\/uploads\\\/2024\\\/08\\\/advogado-trabalhaista-.png\",\"articleSection\":[\"Direito Trabalhista\"],\"inLanguage\":\"pt-BR\",\"potentialAction\":[{\"@type\":\"CommentAction\",\"name\":\"Comment\",\"target\":[\"https:\\\/\\\/carvalhoadvogado.aliamkt.com\\\/index.php\\\/2024\\\/08\\\/09\\\/jornada-12x36-em-2024-entenda-seus-direitos\\\/#respond\"]}]},{\"@type\":\"WebPage\",\"@id\":\"https:\\\/\\\/carvalhoadvogado.aliamkt.com\\\/index.php\\\/2024\\\/08\\\/09\\\/jornada-12x36-em-2024-entenda-seus-direitos\\\/\",\"url\":\"https:\\\/\\\/carvalhoadvogado.aliamkt.com\\\/index.php\\\/2024\\\/08\\\/09\\\/jornada-12x36-em-2024-entenda-seus-direitos\\\/\",\"name\":\"Jornada de trabalho 12x36 em 2024: Entenda seus direitos - Pedro Carvalho Advogado Trabalhista\",\"isPartOf\":{\"@id\":\"https:\\\/\\\/carvalhoadvogado.aliamkt.com\\\/#website\"},\"primaryImageOfPage\":{\"@id\":\"https:\\\/\\\/carvalhoadvogado.aliamkt.com\\\/index.php\\\/2024\\\/08\\\/09\\\/jornada-12x36-em-2024-entenda-seus-direitos\\\/#primaryimage\"},\"image\":{\"@id\":\"https:\\\/\\\/carvalhoadvogado.aliamkt.com\\\/index.php\\\/2024\\\/08\\\/09\\\/jornada-12x36-em-2024-entenda-seus-direitos\\\/#primaryimage\"},\"thumbnailUrl\":\"https:\\\/\\\/carvalhoadvogado.aliamkt.com\\\/wp-content\\\/uploads\\\/2024\\\/08\\\/advogado-trabalhaista-.png\",\"datePublished\":\"2024-08-09T22:13:43+00:00\",\"dateModified\":\"2024-08-12T15:37:41+00:00\",\"description\":\"Jornada de trabalho 12x36 em 2024: Descubra tudo sobre, legalidade, direitos trabalhistas, horas extras, impactos na sa\u00fade e muito mais!\",\"breadcrumb\":{\"@id\":\"https:\\\/\\\/carvalhoadvogado.aliamkt.com\\\/index.php\\\/2024\\\/08\\\/09\\\/jornada-12x36-em-2024-entenda-seus-direitos\\\/#breadcrumb\"},\"inLanguage\":\"pt-BR\",\"potentialAction\":[{\"@type\":\"ReadAction\",\"target\":[\"https:\\\/\\\/carvalhoadvogado.aliamkt.com\\\/index.php\\\/2024\\\/08\\\/09\\\/jornada-12x36-em-2024-entenda-seus-direitos\\\/\"]}]},{\"@type\":\"ImageObject\",\"inLanguage\":\"pt-BR\",\"@id\":\"https:\\\/\\\/carvalhoadvogado.aliamkt.com\\\/index.php\\\/2024\\\/08\\\/09\\\/jornada-12x36-em-2024-entenda-seus-direitos\\\/#primaryimage\",\"url\":\"https:\\\/\\\/carvalhoadvogado.aliamkt.com\\\/wp-content\\\/uploads\\\/2024\\\/08\\\/advogado-trabalhaista-.png\",\"contentUrl\":\"https:\\\/\\\/carvalhoadvogado.aliamkt.com\\\/wp-content\\\/uploads\\\/2024\\\/08\\\/advogado-trabalhaista-.png\",\"width\":1512,\"height\":2268},{\"@type\":\"BreadcrumbList\",\"@id\":\"https:\\\/\\\/carvalhoadvogado.aliamkt.com\\\/index.php\\\/2024\\\/08\\\/09\\\/jornada-12x36-em-2024-entenda-seus-direitos\\\/#breadcrumb\",\"itemListElement\":[{\"@type\":\"ListItem\",\"position\":1,\"name\":\"In\u00edcio\",\"item\":\"https:\\\/\\\/carvalhoadvogado.aliamkt.com\\\/\"},{\"@type\":\"ListItem\",\"position\":2,\"name\":\"Jornada de trabalho 12&#215;36 em 2024: Entenda seus direitos\"}]},{\"@type\":\"WebSite\",\"@id\":\"https:\\\/\\\/carvalhoadvogado.aliamkt.com\\\/#website\",\"url\":\"https:\\\/\\\/carvalhoadvogado.aliamkt.com\\\/\",\"name\":\"Pedro Carvalho Advogado\",\"description\":\"Advogado Trabalhista\",\"publisher\":{\"@id\":\"https:\\\/\\\/carvalhoadvogado.aliamkt.com\\\/#organization\"},\"potentialAction\":[{\"@type\":\"SearchAction\",\"target\":{\"@type\":\"EntryPoint\",\"urlTemplate\":\"https:\\\/\\\/carvalhoadvogado.aliamkt.com\\\/?s={search_term_string}\"},\"query-input\":{\"@type\":\"PropertyValueSpecification\",\"valueRequired\":true,\"valueName\":\"search_term_string\"}}],\"inLanguage\":\"pt-BR\"},{\"@type\":\"Organization\",\"@id\":\"https:\\\/\\\/carvalhoadvogado.aliamkt.com\\\/#organization\",\"name\":\"Pedro Carvalho Advogado\",\"url\":\"https:\\\/\\\/carvalhoadvogado.aliamkt.com\\\/\",\"logo\":{\"@type\":\"ImageObject\",\"inLanguage\":\"pt-BR\",\"@id\":\"https:\\\/\\\/carvalhoadvogado.aliamkt.com\\\/#\\\/schema\\\/logo\\\/image\\\/\",\"url\":\"https:\\\/\\\/carvalhoadvogado.aliamkt.com\\\/wp-content\\\/uploads\\\/2024\\\/06\\\/Logo-azul.png\",\"contentUrl\":\"https:\\\/\\\/carvalhoadvogado.aliamkt.com\\\/wp-content\\\/uploads\\\/2024\\\/06\\\/Logo-azul.png\",\"width\":500,\"height\":500,\"caption\":\"Pedro Carvalho Advogado\"},\"image\":{\"@id\":\"https:\\\/\\\/carvalhoadvogado.aliamkt.com\\\/#\\\/schema\\\/logo\\\/image\\\/\"}},{\"@type\":\"Person\",\"@id\":\"https:\\\/\\\/carvalhoadvogado.aliamkt.com\\\/#\\\/schema\\\/person\\\/8f4d67ba57d6160ee802836a319bd8eb\",\"name\":\"lailacarvalhoadv\",\"image\":{\"@type\":\"ImageObject\",\"inLanguage\":\"pt-BR\",\"@id\":\"https:\\\/\\\/secure.gravatar.com\\\/avatar\\\/a60961139a792fb5ca701fab485f653a1b3cc37cf8dbd4937b4134105caf5369?s=96&d=mm&r=g\",\"url\":\"https:\\\/\\\/secure.gravatar.com\\\/avatar\\\/a60961139a792fb5ca701fab485f653a1b3cc37cf8dbd4937b4134105caf5369?s=96&d=mm&r=g\",\"contentUrl\":\"https:\\\/\\\/secure.gravatar.com\\\/avatar\\\/a60961139a792fb5ca701fab485f653a1b3cc37cf8dbd4937b4134105caf5369?s=96&d=mm&r=g\",\"caption\":\"lailacarvalhoadv\"},\"sameAs\":[\"https:\\\/\\\/carvalhoadvogado.aliamkt.com\"],\"url\":\"https:\\\/\\\/carvalhoadvogado.aliamkt.com\\\/index.php\\\/author\\\/lailacarvalhoadv\\\/\"}]}<\/script>\n<!-- \/ Yoast SEO plugin. -->","yoast_head_json":{"title":"Jornada de trabalho 12x36 em 2024: Entenda seus direitos - Pedro Carvalho Advogado Trabalhista","description":"Jornada de trabalho 12x36 em 2024: Descubra tudo sobre, legalidade, direitos trabalhistas, horas extras, impactos na sa\u00fade e muito mais!","robots":{"index":"index","follow":"follow","max-snippet":"max-snippet:-1","max-image-preview":"max-image-preview:large","max-video-preview":"max-video-preview:-1"},"canonical":"https:\/\/carvalhoadvogado.aliamkt.com\/index.php\/2024\/08\/09\/jornada-12x36-em-2024-entenda-seus-direitos\/","og_locale":"pt_BR","og_type":"article","og_title":"Jornada de trabalho 12x36 em 2024: Entenda seus direitos - Pedro Carvalho Advogado Trabalhista","og_description":"Jornada de trabalho 12x36 em 2024: Descubra tudo sobre, legalidade, direitos trabalhistas, horas extras, impactos na sa\u00fade e muito mais!","og_url":"https:\/\/carvalhoadvogado.aliamkt.com\/index.php\/2024\/08\/09\/jornada-12x36-em-2024-entenda-seus-direitos\/","og_site_name":"Pedro Carvalho Advogado Trabalhista","article_published_time":"2024-08-09T22:13:43+00:00","article_modified_time":"2024-08-12T15:37:41+00:00","og_image":[{"width":683,"height":1024,"url":"https:\/\/carvalhoadvogado.aliamkt.com\/wp-content\/uploads\/2024\/08\/advogado-trabalhaista--683x1024.png","type":"image\/png"}],"author":"lailacarvalhoadv","twitter_card":"summary_large_image","twitter_misc":{"Escrito por":"lailacarvalhoadv","Est. tempo de leitura":"4 minutos"},"schema":{"@context":"https:\/\/schema.org","@graph":[{"@type":"Article","@id":"https:\/\/carvalhoadvogado.aliamkt.com\/index.php\/2024\/08\/09\/jornada-12x36-em-2024-entenda-seus-direitos\/#article","isPartOf":{"@id":"https:\/\/carvalhoadvogado.aliamkt.com\/index.php\/2024\/08\/09\/jornada-12x36-em-2024-entenda-seus-direitos\/"},"author":{"name":"lailacarvalhoadv","@id":"https:\/\/carvalhoadvogado.aliamkt.com\/#\/schema\/person\/8f4d67ba57d6160ee802836a319bd8eb"},"headline":"Jornada de trabalho 12&#215;36 em 2024: Entenda seus direitos","datePublished":"2024-08-09T22:13:43+00:00","dateModified":"2024-08-12T15:37:41+00:00","mainEntityOfPage":{"@id":"https:\/\/carvalhoadvogado.aliamkt.com\/index.php\/2024\/08\/09\/jornada-12x36-em-2024-entenda-seus-direitos\/"},"wordCount":652,"commentCount":0,"publisher":{"@id":"https:\/\/carvalhoadvogado.aliamkt.com\/#organization"},"image":{"@id":"https:\/\/carvalhoadvogado.aliamkt.com\/index.php\/2024\/08\/09\/jornada-12x36-em-2024-entenda-seus-direitos\/#primaryimage"},"thumbnailUrl":"https:\/\/carvalhoadvogado.aliamkt.com\/wp-content\/uploads\/2024\/08\/advogado-trabalhaista-.png","articleSection":["Direito Trabalhista"],"inLanguage":"pt-BR","potentialAction":[{"@type":"CommentAction","name":"Comment","target":["https:\/\/carvalhoadvogado.aliamkt.com\/index.php\/2024\/08\/09\/jornada-12x36-em-2024-entenda-seus-direitos\/#respond"]}]},{"@type":"WebPage","@id":"https:\/\/carvalhoadvogado.aliamkt.com\/index.php\/2024\/08\/09\/jornada-12x36-em-2024-entenda-seus-direitos\/","url":"https:\/\/carvalhoadvogado.aliamkt.com\/index.php\/2024\/08\/09\/jornada-12x36-em-2024-entenda-seus-direitos\/","name":"Jornada de trabalho 12x36 em 2024: Entenda seus direitos - Pedro Carvalho Advogado Trabalhista","isPartOf":{"@id":"https:\/\/carvalhoadvogado.aliamkt.com\/#website"},"primaryImageOfPage":{"@id":"https:\/\/carvalhoadvogado.aliamkt.com\/index.php\/2024\/08\/09\/jornada-12x36-em-2024-entenda-seus-direitos\/#primaryimage"},"image":{"@id":"https:\/\/carvalhoadvogado.aliamkt.com\/index.php\/2024\/08\/09\/jornada-12x36-em-2024-entenda-seus-direitos\/#primaryimage"},"thumbnailUrl":"https:\/\/carvalhoadvogado.aliamkt.com\/wp-content\/uploads\/2024\/08\/advogado-trabalhaista-.png","datePublished":"2024-08-09T22:13:43+00:00","dateModified":"2024-08-12T15:37:41+00:00","description":"Jornada de trabalho 12x36 em 2024: Descubra tudo sobre, legalidade, direitos trabalhistas, horas extras, impactos na sa\u00fade e muito mais!","breadcrumb":{"@id":"https:\/\/carvalhoadvogado.aliamkt.com\/index.php\/2024\/08\/09\/jornada-12x36-em-2024-entenda-seus-direitos\/#breadcrumb"},"inLanguage":"pt-BR","potentialAction":[{"@type":"ReadAction","target":["https:\/\/carvalhoadvogado.aliamkt.com\/index.php\/2024\/08\/09\/jornada-12x36-em-2024-entenda-seus-direitos\/"]}]},{"@type":"ImageObject","inLanguage":"pt-BR","@id":"https:\/\/carvalhoadvogado.aliamkt.com\/index.php\/2024\/08\/09\/jornada-12x36-em-2024-entenda-seus-direitos\/#primaryimage","url":"https:\/\/carvalhoadvogado.aliamkt.com\/wp-content\/uploads\/2024\/08\/advogado-trabalhaista-.png","contentUrl":"https:\/\/carvalhoadvogado.aliamkt.com\/wp-content\/uploads\/2024\/08\/advogado-trabalhaista-.png","width":1512,"height":2268},{"@type":"BreadcrumbList","@id":"https:\/\/carvalhoadvogado.aliamkt.com\/index.php\/2024\/08\/09\/jornada-12x36-em-2024-entenda-seus-direitos\/#breadcrumb","itemListElement":[{"@type":"ListItem","position":1,"name":"In\u00edcio","item":"https:\/\/carvalhoadvogado.aliamkt.com\/"},{"@type":"ListItem","position":2,"name":"Jornada de trabalho 12&#215;36 em 2024: Entenda seus direitos"}]},{"@type":"WebSite","@id":"https:\/\/carvalhoadvogado.aliamkt.com\/#website","url":"https:\/\/carvalhoadvogado.aliamkt.com\/","name":"Pedro Carvalho Advogado","description":"Advogado Trabalhista","publisher":{"@id":"https:\/\/carvalhoadvogado.aliamkt.com\/#organization"},"potentialAction":[{"@type":"SearchAction","target":{"@type":"EntryPoint","urlTemplate":"https:\/\/carvalhoadvogado.aliamkt.com\/?s={search_term_string}"},"query-input":{"@type":"PropertyValueSpecification","valueRequired":true,"valueName":"search_term_string"}}],"inLanguage":"pt-BR"},{"@type":"Organization","@id":"https:\/\/carvalhoadvogado.aliamkt.com\/#organization","name":"Pedro Carvalho Advogado","url":"https:\/\/carvalhoadvogado.aliamkt.com\/","logo":{"@type":"ImageObject","inLanguage":"pt-BR","@id":"https:\/\/carvalhoadvogado.aliamkt.com\/#\/schema\/logo\/image\/","url":"https:\/\/carvalhoadvogado.aliamkt.com\/wp-content\/uploads\/2024\/06\/Logo-azul.png","contentUrl":"https:\/\/carvalhoadvogado.aliamkt.com\/wp-content\/uploads\/2024\/06\/Logo-azul.png","width":500,"height":500,"caption":"Pedro Carvalho Advogado"},"image":{"@id":"https:\/\/carvalhoadvogado.aliamkt.com\/#\/schema\/logo\/image\/"}},{"@type":"Person","@id":"https:\/\/carvalhoadvogado.aliamkt.com\/#\/schema\/person\/8f4d67ba57d6160ee802836a319bd8eb","name":"lailacarvalhoadv","image":{"@type":"ImageObject","inLanguage":"pt-BR","@id":"https:\/\/secure.gravatar.com\/avatar\/a60961139a792fb5ca701fab485f653a1b3cc37cf8dbd4937b4134105caf5369?s=96&d=mm&r=g","url":"https:\/\/secure.gravatar.com\/avatar\/a60961139a792fb5ca701fab485f653a1b3cc37cf8dbd4937b4134105caf5369?s=96&d=mm&r=g","contentUrl":"https:\/\/secure.gravatar.com\/avatar\/a60961139a792fb5ca701fab485f653a1b3cc37cf8dbd4937b4134105caf5369?s=96&d=mm&r=g","caption":"lailacarvalhoadv"},"sameAs":["https:\/\/carvalhoadvogado.aliamkt.com"],"url":"https:\/\/carvalhoadvogado.aliamkt.com\/index.php\/author\/lailacarvalhoadv\/"}]}},"_links":{"self":[{"href":"https:\/\/carvalhoadvogado.aliamkt.com\/index.php\/wp-json\/wp\/v2\/posts\/540","targetHints":{"allow":["GET"]}}],"collection":[{"href":"https:\/\/carvalhoadvogado.aliamkt.com\/index.php\/wp-json\/wp\/v2\/posts"}],"about":[{"href":"https:\/\/carvalhoadvogado.aliamkt.com\/index.php\/wp-json\/wp\/v2\/types\/post"}],"author":[{"embeddable":true,"href":"https:\/\/carvalhoadvogado.aliamkt.com\/index.php\/wp-json\/wp\/v2\/users\/1"}],"replies":[{"embeddable":true,"href":"https:\/\/carvalhoadvogado.aliamkt.com\/index.php\/wp-json\/wp\/v2\/comments?post=540"}],"version-history":[{"count":4,"href":"https:\/\/carvalhoadvogado.aliamkt.com\/index.php\/wp-json\/wp\/v2\/posts\/540\/revisions"}],"predecessor-version":[{"id":548,"href":"https:\/\/carvalhoadvogado.aliamkt.com\/index.php\/wp-json\/wp\/v2\/posts\/540\/revisions\/548"}],"wp:featuredmedia":[{"embeddable":true,"href":"https:\/\/carvalhoadvogado.aliamkt.com\/index.php\/wp-json\/wp\/v2\/media\/541"}],"wp:attachment":[{"href":"https:\/\/carvalhoadvogado.aliamkt.com\/index.php\/wp-json\/wp\/v2\/media?parent=540"}],"wp:term":[{"taxonomy":"category","embeddable":true,"href":"https:\/\/carvalhoadvogado.aliamkt.com\/index.php\/wp-json\/wp\/v2\/categories?post=540"},{"taxonomy":"post_tag","embeddable":true,"href":"https:\/\/carvalhoadvogado.aliamkt.com\/index.php\/wp-json\/wp\/v2\/tags?post=540"}],"curies":[{"name":"wp","href":"https:\/\/api.w.org\/{rel}","templated":true}]}}