{"id":561,"date":"2024-09-28T12:08:19","date_gmt":"2024-09-28T15:08:19","guid":{"rendered":"https:\/\/carvalhoadvogado.aliamkt.com\/?p=561"},"modified":"2025-06-17T14:38:09","modified_gmt":"2025-06-17T17:38:09","slug":"quais-sao-os-direitos-trabalhistas-de-um-funcionario","status":"publish","type":"post","link":"https:\/\/carvalhoadvogado.aliamkt.com\/index.php\/2024\/09\/28\/quais-sao-os-direitos-trabalhistas-de-um-funcionario\/","title":{"rendered":"Quais s\u00e3o os Direitos Trabalhistas de um Funcion\u00e1rio ?"},"content":{"rendered":"<h2 data-pm-slice=\"1 1 []\">Introdu\u00e7\u00e3o: Por que Conhecer Seus Direitos \u00e9 T\u00e3o Importante?<\/h2>\n<p>Se voc\u00ea \u00e9 trabalhador ou empregador, entender os direitos trabalhistas \u00e9 essencial. Afinal, a legisla\u00e7\u00e3o brasileira \u00e9 extensa, mas oferece prote\u00e7\u00f5es valiosas para quem vive de seu trabalho. Neste artigo, voc\u00ea vai descobrir os principais direitos garantidos pela CLT e outras normas, com explica\u00e7\u00f5es claras, exemplos pr\u00e1ticos e muitas palavras de transi\u00e7\u00e3o para facilitar a leitura.<\/p>\n<div>\n<hr \/>\n<\/div>\n<h2>Carteira de Trabalho: A Porta de Entrada para o Mercado Formal<\/h2>\n<p>Antes de mais nada, vamos falar da Carteira de Trabalho e Previd\u00eancia Social (CTPS). Esse documento \u00e9 indispens\u00e1vel para que o trabalhador tenha acesso a todos os seus direitos. Al\u00e9m disso, ela registra o hist\u00f3rico profissional, assegura benef\u00edcios previdenci\u00e1rios e serve como prova em processos trabalhistas.<\/p>\n<div>\n<hr \/>\n<\/div>\n<h2>Sal\u00e1rio M\u00ednimo: O Piso Legal da Remunera\u00e7\u00e3o<\/h2>\n<p>Primeiramente, \u00e9 importante entender que o sal\u00e1rio m\u00ednimo \u00e9 atualizado anualmente. Portanto, estar atento aos reajustes garante que voc\u00ea n\u00e3o receba menos do que a lei determina. Al\u00e9m disso, esse valor serve como base para o c\u00e1lculo de outros direitos, como f\u00e9rias e FGTS.<\/p>\n<div>\n<hr \/>\n<\/div>\n<h2>13\u00ba Sal\u00e1rio: Um Al\u00edvio no Fim de Ano<\/h2>\n<p>O d\u00e9cimo terceiro sal\u00e1rio \u00e9 pago em duas parcelas. A primeira geralmente vem at\u00e9 novembro, e a segunda at\u00e9 dezembro. Por isso, \u00e9 fundamental saber fazer o planejamento financeiro e usar esse valor com responsabilidade \u2014 seja para quitar d\u00edvidas ou realizar sonhos.<\/p>\n<div>\n<hr \/>\n<\/div>\n<h2>F\u00e9rias Remuneradas: Descanso Merecido com Dinheiro no Bolso<\/h2>\n<p>Ap\u00f3s 12 meses de trabalho, o empregado tem direito a 30 dias de f\u00e9rias. Al\u00e9m disso, o valor pago deve incluir um adicional de 1\/3 sobre o sal\u00e1rio. Dessa forma, o trabalhador pode descansar com tranquilidade, sabendo que seus direitos est\u00e3o sendo respeitados.<\/p>\n<div>\n<hr \/>\n<\/div>\n<h2>FGTS: Fundo de Garantia para Situa\u00e7\u00f5es de Emerg\u00eancia<\/h2>\n<p>Sempre que voc\u00ea recebe seu sal\u00e1rio, o empregador deposita 8% do valor em uma conta do FGTS. Esse fundo pode ser sacado em casos como demiss\u00e3o sem justa causa, aposentadoria ou compra da casa pr\u00f3pria. Ou seja, trata-se de uma reserva financeira essencial.<\/p>\n<div>\n<hr \/>\n<\/div>\n<h2>Repouso Semanal Remunerado: Um Dia de Descanso por Semana<\/h2>\n<p>Normalmente concedido aos domingos, o repouso semanal \u00e9 garantido por lei. Contudo, mesmo que o empregado trabalhe em feriados ou finais de semana, ele tem direito ao descanso em outro dia da semana, com pagamento proporcional.<\/p>\n<div>\n<hr \/>\n<\/div>\n<h2>INSS: Seguran\u00e7a para Todas as Fases da Vida<\/h2>\n<p>Contribuir com o INSS \u00e9 mais do que uma obriga\u00e7\u00e3o: \u00e9 uma forma de garantir amparo em momentos de necessidade. Por exemplo, quem contribui tem acesso a aposentadoria, aux\u00edlio-doen\u00e7a, sal\u00e1rio-maternidade e pens\u00e3o por morte. Por isso, mantenha suas contribui\u00e7\u00f5es sempre em dia.<\/p>\n<div>\n<hr \/>\n<\/div>\n<h2>Jornada de Trabalho: Equil\u00edbrio \u00e9 a Chave<\/h2>\n<p>A jornada padr\u00e3o \u00e9 de 8 horas di\u00e1rias e 44 semanais. Por\u00e9m, \u00e9 poss\u00edvel fazer acordos para hor\u00e1rios flex\u00edveis. Inclusive, modelos como o home office e escalas alternadas t\u00eam ganhado espa\u00e7o, promovendo mais qualidade de vida sem perder produtividade.<\/p>\n<div>\n<hr \/>\n<\/div>\n<h2>Horas Extras: Trabalho Al\u00e9m do Combinado<\/h2>\n<p>Ao trabalhar al\u00e9m da jornada padr\u00e3o, o empregado tem direito a hora extra, com no m\u00ednimo 50% de acr\u00e9scimo. Ademais, o controle adequado evita abusos e garante que o trabalhador seja remunerado de forma justa.<\/p>\n<div>\n<hr \/>\n<\/div>\n<h2>Intervalo Intrajornada: Um Respiro Durante o Expediente<\/h2>\n<p>Para jornadas acima de 6 horas, o intervalo \u00e9 de 1 hora. J\u00e1 para quem trabalha at\u00e9 6 horas, o m\u00ednimo \u00e9 de 15 minutos. Portanto, respeitar esse tempo \u00e9 crucial para manter o bem-estar f\u00edsico e mental dos colaboradores.<\/p>\n<div>\n<hr \/>\n<\/div>\n<h2>Adicional Noturno: Valorizando o Trabalho Fora de Hora<\/h2>\n<p>Quem trabalha das 22h \u00e0s 5h deve receber 20% a mais no sal\u00e1rio. Afinal, o trabalho noturno \u00e9 mais desgastante e interfere no rel\u00f3gio biol\u00f3gico. Esse direito \u00e9 garantido tanto na \u00e1rea urbana quanto rural, com percentuais diferentes.<\/p>\n<div>\n<hr \/>\n<\/div>\n<h2>Adicional de Insalubridade: Compensa\u00e7\u00e3o por Ambientes de Risco<\/h2>\n<p>Esse adicional \u00e9 de 10%, 20% ou 40% sobre o sal\u00e1rio, dependendo do grau de insalubridade. Al\u00e9m disso, ele s\u00f3 \u00e9 devido ap\u00f3s avalia\u00e7\u00e3o t\u00e9cnica e per\u00edcia especializada. \u00c9 um direito essencial para quem se exp\u00f5e a riscos no ambiente de trabalho.<\/p>\n<div>\n<hr \/>\n<\/div>\n<h2>Adicional de Periculosidade: Reconhecimento do Perigo<\/h2>\n<p>Trabalhadores expostos a risco constante \u2014 como eletricistas ou seguran\u00e7as armados \u2014 t\u00eam direito a 30% a mais no sal\u00e1rio-base. Nesse sentido, o adicional \u00e9 uma forma de valoriza\u00e7\u00e3o do esfor\u00e7o e do risco enfrentado diariamente.<\/p>\n<div>\n<hr \/>\n<\/div>\n<h2>Licen\u00e7as Maternidade e Paternidade: Tempo para Cuidar da Fam\u00edlia<\/h2>\n<p>A m\u00e3e tem direito a 120 dias de afastamento. Por outro lado, o pai tem direito a 5 dias, podendo ser estendido em alguns casos. Essas licen\u00e7as s\u00e3o fundamentais para garantir a sa\u00fade e o v\u00ednculo afetivo com o beb\u00ea.<\/p>\n<div>\n<hr \/>\n<\/div>\n<h2>Benef\u00edcios Extras: Vale-Transporte, Vale-Refei\u00e7\u00e3o e Seguro-Desemprego<\/h2>\n<p>Al\u00e9m dos direitos mencionados, existem benef\u00edcios que fazem toda a diferen\u00e7a na rotina do trabalhador:<\/p>\n<ul data-spread=\"false\">\n<li><strong>Vale-Transporte<\/strong>: garante locomo\u00e7\u00e3o di\u00e1ria.<\/li>\n<li><strong>Vale-Refei\u00e7\u00e3o<\/strong>: promove alimenta\u00e7\u00e3o adequada durante o expediente.<\/li>\n<li><strong>Seguro-Desemprego<\/strong>: oferece suporte financeiro em caso de demiss\u00e3o sem justa causa.<\/li>\n<\/ul>\n<div>\n<hr \/>\n<\/div>\n<h2>Aviso Pr\u00e9vio: Tempo para se Reorganizar<\/h2>\n<p>Quando ocorre o desligamento, o trabalhador deve ser avisado com anteced\u00eancia m\u00ednima de 30 dias. Al\u00e9m disso, esse per\u00edodo pode ser estendido proporcionalmente ao tempo de servi\u00e7o. Durante esse tempo, o empregado pode buscar novas oportunidades com mais seguran\u00e7a.<\/p>\n<div>\n<hr \/>\n<\/div>\n<h2>Direitos Especiais: Tipos de Contrato e Situa\u00e7\u00f5es Espec\u00edficas<\/h2>\n<ul data-spread=\"false\">\n<li><strong>Trabalho Tempor\u00e1rio<\/strong>: regulado pela Lei 6.019\/74.<\/li>\n<li><strong>Trabalho Intermitente<\/strong>: previsto na Reforma Trabalhista.<\/li>\n<li><strong>Dom\u00e9stico e Rural<\/strong>: com leis pr\u00f3prias.<\/li>\n<li><strong>Teletrabalho<\/strong>: regulamentado desde a pandemia.<\/li>\n<\/ul>\n<p>Fique atento tamb\u00e9m aos <strong>acordos e conven\u00e7\u00f5es coletivas<\/strong>, que podem trazer mais benef\u00edcios para sua categoria.<\/p>\n<div>\n<hr \/>\n<\/div>\n<h2>Discrimina\u00e7\u00e3o e Ass\u00e9dio: Toler\u00e2ncia Zero<\/h2>\n<p>Tanto a discrimina\u00e7\u00e3o quanto o ass\u00e9dio moral ou sexual s\u00e3o proibidos e pun\u00edveis por lei. Portanto, se voc\u00ea for v\u00edtima, denuncie e busque orienta\u00e7\u00e3o jur\u00eddica.<\/p>\n<div>\n<hr \/>\n<\/div>\n<h2>Conclus\u00e3o: Conhecimento \u00e9 Prote\u00e7\u00e3o<\/h2>\n<p>Saber seus direitos \u00e9 o primeiro passo para garantir um ambiente de trabalho justo e saud\u00e1vel. Por fim, lembre-se: as leis mudam com o tempo. Assim, manter-se atualizado e contar com orienta\u00e7\u00e3o jur\u00eddica especializada faz toda a diferen\u00e7a.<\/p>\n<p><a href=\"https:\/\/carvalhoadvogado.aliamkt.com\/index.php\/2024\/09\/25\/calculadora-de-horas-extras-quanto-voce-deve-receber\/\"><b>direitos trabalhistas<\/b><\/a><\/p>\n<h3><b>Fale com o Dr. Pedro Carvalho!<\/b><\/h3>\n<p><span style=\"font-weight: 400;\">Clique no bot\u00e3o abaixo e obtenha a orienta\u00e7\u00e3o jur\u00eddica que voc\u00ea precisa para resolver suas quest\u00f5es com seguran\u00e7a e confian\u00e7a.<\/span><\/p>\n<p><span style=\"font-weight: 400;\">\u00a0<\/span><\/p>\n<p><a href=\"https:\/\/wa.me\/5531975283687\"><span style=\"font-weight: 400;\">Fale comigo agora mesmo<\/span><\/a><\/p>\n<p><span style=\"font-weight: 400;\">Siga-nos na rede social, @pedroncarvalhoadv, e fique por dentro das \u00faltimas novidades!<\/span><\/p>\n","protected":false},"excerpt":{"rendered":"<p>Introdu\u00e7\u00e3o: Por que Conhecer Seus Direitos \u00e9 T\u00e3o Importante? Se voc\u00ea \u00e9 trabalhador ou empregador, entender os direitos trabalhistas \u00e9 essencial. Afinal, a legisla\u00e7\u00e3o brasileira \u00e9 extensa, mas oferece prote\u00e7\u00f5es valiosas para quem vive de seu trabalho. Neste artigo, voc\u00ea vai descobrir os principais direitos garantidos pela CLT e outras normas, com explica\u00e7\u00f5es claras, exemplos [&hellip;]<\/p>\n","protected":false},"author":1,"featured_media":562,"comment_status":"open","ping_status":"open","sticky":false,"template":"","format":"standard","meta":{"_joinchat":[],"footnotes":""},"categories":[6],"tags":[],"class_list":["post-561","post","type-post","status-publish","format-standard","has-post-thumbnail","hentry","category-direito-trabalhista"],"yoast_head":"<!-- This site is optimized with the Yoast SEO plugin v27.5 - https:\/\/yoast.com\/product\/yoast-seo-wordpress\/ -->\n<title>Quais s\u00e3o os Direitos Trabalhistas de um Funcion\u00e1rio ? - Pedro Carvalho Advogado Trabalhista<\/title>\n<meta name=\"description\" content=\"Descubra seus direitos trabalhistas e conquiste uma carreira justa e segura! Aprenda a proteger seus direitos.\" \/>\n<meta name=\"robots\" content=\"index, follow, max-snippet:-1, max-image-preview:large, max-video-preview:-1\" \/>\n<link rel=\"canonical\" href=\"https:\/\/carvalhoadvogado.aliamkt.com\/index.php\/2024\/09\/28\/quais-sao-os-direitos-trabalhistas-de-um-funcionario\/\" \/>\n<meta property=\"og:locale\" content=\"pt_BR\" \/>\n<meta property=\"og:type\" content=\"article\" \/>\n<meta property=\"og:title\" content=\"Quais s\u00e3o os Direitos Trabalhistas de um Funcion\u00e1rio ? - Pedro Carvalho Advogado Trabalhista\" \/>\n<meta property=\"og:description\" content=\"Descubra seus direitos trabalhistas e conquiste uma carreira justa e segura! Aprenda a proteger seus direitos.\" \/>\n<meta property=\"og:url\" content=\"https:\/\/carvalhoadvogado.aliamkt.com\/index.php\/2024\/09\/28\/quais-sao-os-direitos-trabalhistas-de-um-funcionario\/\" \/>\n<meta property=\"og:site_name\" content=\"Pedro Carvalho Advogado Trabalhista\" \/>\n<meta property=\"article:published_time\" content=\"2024-09-28T15:08:19+00:00\" \/>\n<meta property=\"article:modified_time\" content=\"2025-06-17T17:38:09+00:00\" \/>\n<meta property=\"og:image\" content=\"https:\/\/carvalhoadvogado.aliamkt.com\/wp-content\/uploads\/2024\/09\/ADVOGADO-TRABALHISTA-1-1.png\" \/>\n\t<meta property=\"og:image:width\" content=\"1080\" \/>\n\t<meta property=\"og:image:height\" content=\"1080\" \/>\n\t<meta property=\"og:image:type\" content=\"image\/png\" \/>\n<meta name=\"author\" content=\"lailacarvalhoadv\" \/>\n<meta name=\"twitter:card\" content=\"summary_large_image\" \/>\n<meta name=\"twitter:label1\" content=\"Escrito por\" \/>\n\t<meta name=\"twitter:data1\" content=\"lailacarvalhoadv\" \/>\n\t<meta name=\"twitter:label2\" content=\"Est. tempo de leitura\" \/>\n\t<meta name=\"twitter:data2\" content=\"6 minutos\" \/>\n<script type=\"application\/ld+json\" class=\"yoast-schema-graph\">{\"@context\":\"https:\\\/\\\/schema.org\",\"@graph\":[{\"@type\":\"Article\",\"@id\":\"https:\\\/\\\/carvalhoadvogado.aliamkt.com\\\/index.php\\\/2024\\\/09\\\/28\\\/quais-sao-os-direitos-trabalhistas-de-um-funcionario\\\/#article\",\"isPartOf\":{\"@id\":\"https:\\\/\\\/carvalhoadvogado.aliamkt.com\\\/index.php\\\/2024\\\/09\\\/28\\\/quais-sao-os-direitos-trabalhistas-de-um-funcionario\\\/\"},\"author\":{\"name\":\"lailacarvalhoadv\",\"@id\":\"https:\\\/\\\/carvalhoadvogado.aliamkt.com\\\/#\\\/schema\\\/person\\\/8f4d67ba57d6160ee802836a319bd8eb\"},\"headline\":\"Quais s\u00e3o os Direitos Trabalhistas de um Funcion\u00e1rio ?\",\"datePublished\":\"2024-09-28T15:08:19+00:00\",\"dateModified\":\"2025-06-17T17:38:09+00:00\",\"mainEntityOfPage\":{\"@id\":\"https:\\\/\\\/carvalhoadvogado.aliamkt.com\\\/index.php\\\/2024\\\/09\\\/28\\\/quais-sao-os-direitos-trabalhistas-de-um-funcionario\\\/\"},\"wordCount\":1084,\"commentCount\":0,\"publisher\":{\"@id\":\"https:\\\/\\\/carvalhoadvogado.aliamkt.com\\\/#organization\"},\"image\":{\"@id\":\"https:\\\/\\\/carvalhoadvogado.aliamkt.com\\\/index.php\\\/2024\\\/09\\\/28\\\/quais-sao-os-direitos-trabalhistas-de-um-funcionario\\\/#primaryimage\"},\"thumbnailUrl\":\"https:\\\/\\\/carvalhoadvogado.aliamkt.com\\\/wp-content\\\/uploads\\\/2024\\\/09\\\/ADVOGADO-TRABALHISTA-1-1.png\",\"articleSection\":[\"Direito Trabalhista\"],\"inLanguage\":\"pt-BR\",\"potentialAction\":[{\"@type\":\"CommentAction\",\"name\":\"Comment\",\"target\":[\"https:\\\/\\\/carvalhoadvogado.aliamkt.com\\\/index.php\\\/2024\\\/09\\\/28\\\/quais-sao-os-direitos-trabalhistas-de-um-funcionario\\\/#respond\"]}]},{\"@type\":\"WebPage\",\"@id\":\"https:\\\/\\\/carvalhoadvogado.aliamkt.com\\\/index.php\\\/2024\\\/09\\\/28\\\/quais-sao-os-direitos-trabalhistas-de-um-funcionario\\\/\",\"url\":\"https:\\\/\\\/carvalhoadvogado.aliamkt.com\\\/index.php\\\/2024\\\/09\\\/28\\\/quais-sao-os-direitos-trabalhistas-de-um-funcionario\\\/\",\"name\":\"Quais s\u00e3o os Direitos Trabalhistas de um Funcion\u00e1rio ? - Pedro Carvalho Advogado Trabalhista\",\"isPartOf\":{\"@id\":\"https:\\\/\\\/carvalhoadvogado.aliamkt.com\\\/#website\"},\"primaryImageOfPage\":{\"@id\":\"https:\\\/\\\/carvalhoadvogado.aliamkt.com\\\/index.php\\\/2024\\\/09\\\/28\\\/quais-sao-os-direitos-trabalhistas-de-um-funcionario\\\/#primaryimage\"},\"image\":{\"@id\":\"https:\\\/\\\/carvalhoadvogado.aliamkt.com\\\/index.php\\\/2024\\\/09\\\/28\\\/quais-sao-os-direitos-trabalhistas-de-um-funcionario\\\/#primaryimage\"},\"thumbnailUrl\":\"https:\\\/\\\/carvalhoadvogado.aliamkt.com\\\/wp-content\\\/uploads\\\/2024\\\/09\\\/ADVOGADO-TRABALHISTA-1-1.png\",\"datePublished\":\"2024-09-28T15:08:19+00:00\",\"dateModified\":\"2025-06-17T17:38:09+00:00\",\"description\":\"Descubra seus direitos trabalhistas e conquiste uma carreira justa e segura! Aprenda a proteger seus direitos.\",\"breadcrumb\":{\"@id\":\"https:\\\/\\\/carvalhoadvogado.aliamkt.com\\\/index.php\\\/2024\\\/09\\\/28\\\/quais-sao-os-direitos-trabalhistas-de-um-funcionario\\\/#breadcrumb\"},\"inLanguage\":\"pt-BR\",\"potentialAction\":[{\"@type\":\"ReadAction\",\"target\":[\"https:\\\/\\\/carvalhoadvogado.aliamkt.com\\\/index.php\\\/2024\\\/09\\\/28\\\/quais-sao-os-direitos-trabalhistas-de-um-funcionario\\\/\"]}]},{\"@type\":\"ImageObject\",\"inLanguage\":\"pt-BR\",\"@id\":\"https:\\\/\\\/carvalhoadvogado.aliamkt.com\\\/index.php\\\/2024\\\/09\\\/28\\\/quais-sao-os-direitos-trabalhistas-de-um-funcionario\\\/#primaryimage\",\"url\":\"https:\\\/\\\/carvalhoadvogado.aliamkt.com\\\/wp-content\\\/uploads\\\/2024\\\/09\\\/ADVOGADO-TRABALHISTA-1-1.png\",\"contentUrl\":\"https:\\\/\\\/carvalhoadvogado.aliamkt.com\\\/wp-content\\\/uploads\\\/2024\\\/09\\\/ADVOGADO-TRABALHISTA-1-1.png\",\"width\":1080,\"height\":1080},{\"@type\":\"BreadcrumbList\",\"@id\":\"https:\\\/\\\/carvalhoadvogado.aliamkt.com\\\/index.php\\\/2024\\\/09\\\/28\\\/quais-sao-os-direitos-trabalhistas-de-um-funcionario\\\/#breadcrumb\",\"itemListElement\":[{\"@type\":\"ListItem\",\"position\":1,\"name\":\"In\u00edcio\",\"item\":\"https:\\\/\\\/carvalhoadvogado.aliamkt.com\\\/\"},{\"@type\":\"ListItem\",\"position\":2,\"name\":\"Quais s\u00e3o os Direitos Trabalhistas de um Funcion\u00e1rio ?\"}]},{\"@type\":\"WebSite\",\"@id\":\"https:\\\/\\\/carvalhoadvogado.aliamkt.com\\\/#website\",\"url\":\"https:\\\/\\\/carvalhoadvogado.aliamkt.com\\\/\",\"name\":\"Pedro Carvalho Advogado\",\"description\":\"Advogado Trabalhista\",\"publisher\":{\"@id\":\"https:\\\/\\\/carvalhoadvogado.aliamkt.com\\\/#organization\"},\"potentialAction\":[{\"@type\":\"SearchAction\",\"target\":{\"@type\":\"EntryPoint\",\"urlTemplate\":\"https:\\\/\\\/carvalhoadvogado.aliamkt.com\\\/?s={search_term_string}\"},\"query-input\":{\"@type\":\"PropertyValueSpecification\",\"valueRequired\":true,\"valueName\":\"search_term_string\"}}],\"inLanguage\":\"pt-BR\"},{\"@type\":\"Organization\",\"@id\":\"https:\\\/\\\/carvalhoadvogado.aliamkt.com\\\/#organization\",\"name\":\"Pedro Carvalho Advogado\",\"url\":\"https:\\\/\\\/carvalhoadvogado.aliamkt.com\\\/\",\"logo\":{\"@type\":\"ImageObject\",\"inLanguage\":\"pt-BR\",\"@id\":\"https:\\\/\\\/carvalhoadvogado.aliamkt.com\\\/#\\\/schema\\\/logo\\\/image\\\/\",\"url\":\"https:\\\/\\\/carvalhoadvogado.aliamkt.com\\\/wp-content\\\/uploads\\\/2024\\\/06\\\/Logo-azul.png\",\"contentUrl\":\"https:\\\/\\\/carvalhoadvogado.aliamkt.com\\\/wp-content\\\/uploads\\\/2024\\\/06\\\/Logo-azul.png\",\"width\":500,\"height\":500,\"caption\":\"Pedro Carvalho Advogado\"},\"image\":{\"@id\":\"https:\\\/\\\/carvalhoadvogado.aliamkt.com\\\/#\\\/schema\\\/logo\\\/image\\\/\"}},{\"@type\":\"Person\",\"@id\":\"https:\\\/\\\/carvalhoadvogado.aliamkt.com\\\/#\\\/schema\\\/person\\\/8f4d67ba57d6160ee802836a319bd8eb\",\"name\":\"lailacarvalhoadv\",\"image\":{\"@type\":\"ImageObject\",\"inLanguage\":\"pt-BR\",\"@id\":\"https:\\\/\\\/secure.gravatar.com\\\/avatar\\\/a60961139a792fb5ca701fab485f653a1b3cc37cf8dbd4937b4134105caf5369?s=96&d=mm&r=g\",\"url\":\"https:\\\/\\\/secure.gravatar.com\\\/avatar\\\/a60961139a792fb5ca701fab485f653a1b3cc37cf8dbd4937b4134105caf5369?s=96&d=mm&r=g\",\"contentUrl\":\"https:\\\/\\\/secure.gravatar.com\\\/avatar\\\/a60961139a792fb5ca701fab485f653a1b3cc37cf8dbd4937b4134105caf5369?s=96&d=mm&r=g\",\"caption\":\"lailacarvalhoadv\"},\"sameAs\":[\"https:\\\/\\\/carvalhoadvogado.aliamkt.com\"],\"url\":\"https:\\\/\\\/carvalhoadvogado.aliamkt.com\\\/index.php\\\/author\\\/lailacarvalhoadv\\\/\"}]}<\/script>\n<!-- \/ Yoast SEO plugin. -->","yoast_head_json":{"title":"Quais s\u00e3o os Direitos Trabalhistas de um Funcion\u00e1rio ? - Pedro Carvalho Advogado Trabalhista","description":"Descubra seus direitos trabalhistas e conquiste uma carreira justa e segura! Aprenda a proteger seus direitos.","robots":{"index":"index","follow":"follow","max-snippet":"max-snippet:-1","max-image-preview":"max-image-preview:large","max-video-preview":"max-video-preview:-1"},"canonical":"https:\/\/carvalhoadvogado.aliamkt.com\/index.php\/2024\/09\/28\/quais-sao-os-direitos-trabalhistas-de-um-funcionario\/","og_locale":"pt_BR","og_type":"article","og_title":"Quais s\u00e3o os Direitos Trabalhistas de um Funcion\u00e1rio ? - Pedro Carvalho Advogado Trabalhista","og_description":"Descubra seus direitos trabalhistas e conquiste uma carreira justa e segura! Aprenda a proteger seus direitos.","og_url":"https:\/\/carvalhoadvogado.aliamkt.com\/index.php\/2024\/09\/28\/quais-sao-os-direitos-trabalhistas-de-um-funcionario\/","og_site_name":"Pedro Carvalho Advogado Trabalhista","article_published_time":"2024-09-28T15:08:19+00:00","article_modified_time":"2025-06-17T17:38:09+00:00","og_image":[{"width":1080,"height":1080,"url":"https:\/\/carvalhoadvogado.aliamkt.com\/wp-content\/uploads\/2024\/09\/ADVOGADO-TRABALHISTA-1-1.png","type":"image\/png"}],"author":"lailacarvalhoadv","twitter_card":"summary_large_image","twitter_misc":{"Escrito por":"lailacarvalhoadv","Est. tempo de leitura":"6 minutos"},"schema":{"@context":"https:\/\/schema.org","@graph":[{"@type":"Article","@id":"https:\/\/carvalhoadvogado.aliamkt.com\/index.php\/2024\/09\/28\/quais-sao-os-direitos-trabalhistas-de-um-funcionario\/#article","isPartOf":{"@id":"https:\/\/carvalhoadvogado.aliamkt.com\/index.php\/2024\/09\/28\/quais-sao-os-direitos-trabalhistas-de-um-funcionario\/"},"author":{"name":"lailacarvalhoadv","@id":"https:\/\/carvalhoadvogado.aliamkt.com\/#\/schema\/person\/8f4d67ba57d6160ee802836a319bd8eb"},"headline":"Quais s\u00e3o os Direitos Trabalhistas de um Funcion\u00e1rio ?","datePublished":"2024-09-28T15:08:19+00:00","dateModified":"2025-06-17T17:38:09+00:00","mainEntityOfPage":{"@id":"https:\/\/carvalhoadvogado.aliamkt.com\/index.php\/2024\/09\/28\/quais-sao-os-direitos-trabalhistas-de-um-funcionario\/"},"wordCount":1084,"commentCount":0,"publisher":{"@id":"https:\/\/carvalhoadvogado.aliamkt.com\/#organization"},"image":{"@id":"https:\/\/carvalhoadvogado.aliamkt.com\/index.php\/2024\/09\/28\/quais-sao-os-direitos-trabalhistas-de-um-funcionario\/#primaryimage"},"thumbnailUrl":"https:\/\/carvalhoadvogado.aliamkt.com\/wp-content\/uploads\/2024\/09\/ADVOGADO-TRABALHISTA-1-1.png","articleSection":["Direito Trabalhista"],"inLanguage":"pt-BR","potentialAction":[{"@type":"CommentAction","name":"Comment","target":["https:\/\/carvalhoadvogado.aliamkt.com\/index.php\/2024\/09\/28\/quais-sao-os-direitos-trabalhistas-de-um-funcionario\/#respond"]}]},{"@type":"WebPage","@id":"https:\/\/carvalhoadvogado.aliamkt.com\/index.php\/2024\/09\/28\/quais-sao-os-direitos-trabalhistas-de-um-funcionario\/","url":"https:\/\/carvalhoadvogado.aliamkt.com\/index.php\/2024\/09\/28\/quais-sao-os-direitos-trabalhistas-de-um-funcionario\/","name":"Quais s\u00e3o os Direitos Trabalhistas de um Funcion\u00e1rio ? - Pedro Carvalho Advogado Trabalhista","isPartOf":{"@id":"https:\/\/carvalhoadvogado.aliamkt.com\/#website"},"primaryImageOfPage":{"@id":"https:\/\/carvalhoadvogado.aliamkt.com\/index.php\/2024\/09\/28\/quais-sao-os-direitos-trabalhistas-de-um-funcionario\/#primaryimage"},"image":{"@id":"https:\/\/carvalhoadvogado.aliamkt.com\/index.php\/2024\/09\/28\/quais-sao-os-direitos-trabalhistas-de-um-funcionario\/#primaryimage"},"thumbnailUrl":"https:\/\/carvalhoadvogado.aliamkt.com\/wp-content\/uploads\/2024\/09\/ADVOGADO-TRABALHISTA-1-1.png","datePublished":"2024-09-28T15:08:19+00:00","dateModified":"2025-06-17T17:38:09+00:00","description":"Descubra seus direitos trabalhistas e conquiste uma carreira justa e segura! Aprenda a proteger seus direitos.","breadcrumb":{"@id":"https:\/\/carvalhoadvogado.aliamkt.com\/index.php\/2024\/09\/28\/quais-sao-os-direitos-trabalhistas-de-um-funcionario\/#breadcrumb"},"inLanguage":"pt-BR","potentialAction":[{"@type":"ReadAction","target":["https:\/\/carvalhoadvogado.aliamkt.com\/index.php\/2024\/09\/28\/quais-sao-os-direitos-trabalhistas-de-um-funcionario\/"]}]},{"@type":"ImageObject","inLanguage":"pt-BR","@id":"https:\/\/carvalhoadvogado.aliamkt.com\/index.php\/2024\/09\/28\/quais-sao-os-direitos-trabalhistas-de-um-funcionario\/#primaryimage","url":"https:\/\/carvalhoadvogado.aliamkt.com\/wp-content\/uploads\/2024\/09\/ADVOGADO-TRABALHISTA-1-1.png","contentUrl":"https:\/\/carvalhoadvogado.aliamkt.com\/wp-content\/uploads\/2024\/09\/ADVOGADO-TRABALHISTA-1-1.png","width":1080,"height":1080},{"@type":"BreadcrumbList","@id":"https:\/\/carvalhoadvogado.aliamkt.com\/index.php\/2024\/09\/28\/quais-sao-os-direitos-trabalhistas-de-um-funcionario\/#breadcrumb","itemListElement":[{"@type":"ListItem","position":1,"name":"In\u00edcio","item":"https:\/\/carvalhoadvogado.aliamkt.com\/"},{"@type":"ListItem","position":2,"name":"Quais s\u00e3o os Direitos Trabalhistas de um Funcion\u00e1rio ?"}]},{"@type":"WebSite","@id":"https:\/\/carvalhoadvogado.aliamkt.com\/#website","url":"https:\/\/carvalhoadvogado.aliamkt.com\/","name":"Pedro Carvalho Advogado","description":"Advogado Trabalhista","publisher":{"@id":"https:\/\/carvalhoadvogado.aliamkt.com\/#organization"},"potentialAction":[{"@type":"SearchAction","target":{"@type":"EntryPoint","urlTemplate":"https:\/\/carvalhoadvogado.aliamkt.com\/?s={search_term_string}"},"query-input":{"@type":"PropertyValueSpecification","valueRequired":true,"valueName":"search_term_string"}}],"inLanguage":"pt-BR"},{"@type":"Organization","@id":"https:\/\/carvalhoadvogado.aliamkt.com\/#organization","name":"Pedro Carvalho Advogado","url":"https:\/\/carvalhoadvogado.aliamkt.com\/","logo":{"@type":"ImageObject","inLanguage":"pt-BR","@id":"https:\/\/carvalhoadvogado.aliamkt.com\/#\/schema\/logo\/image\/","url":"https:\/\/carvalhoadvogado.aliamkt.com\/wp-content\/uploads\/2024\/06\/Logo-azul.png","contentUrl":"https:\/\/carvalhoadvogado.aliamkt.com\/wp-content\/uploads\/2024\/06\/Logo-azul.png","width":500,"height":500,"caption":"Pedro Carvalho Advogado"},"image":{"@id":"https:\/\/carvalhoadvogado.aliamkt.com\/#\/schema\/logo\/image\/"}},{"@type":"Person","@id":"https:\/\/carvalhoadvogado.aliamkt.com\/#\/schema\/person\/8f4d67ba57d6160ee802836a319bd8eb","name":"lailacarvalhoadv","image":{"@type":"ImageObject","inLanguage":"pt-BR","@id":"https:\/\/secure.gravatar.com\/avatar\/a60961139a792fb5ca701fab485f653a1b3cc37cf8dbd4937b4134105caf5369?s=96&d=mm&r=g","url":"https:\/\/secure.gravatar.com\/avatar\/a60961139a792fb5ca701fab485f653a1b3cc37cf8dbd4937b4134105caf5369?s=96&d=mm&r=g","contentUrl":"https:\/\/secure.gravatar.com\/avatar\/a60961139a792fb5ca701fab485f653a1b3cc37cf8dbd4937b4134105caf5369?s=96&d=mm&r=g","caption":"lailacarvalhoadv"},"sameAs":["https:\/\/carvalhoadvogado.aliamkt.com"],"url":"https:\/\/carvalhoadvogado.aliamkt.com\/index.php\/author\/lailacarvalhoadv\/"}]}},"_links":{"self":[{"href":"https:\/\/carvalhoadvogado.aliamkt.com\/index.php\/wp-json\/wp\/v2\/posts\/561","targetHints":{"allow":["GET"]}}],"collection":[{"href":"https:\/\/carvalhoadvogado.aliamkt.com\/index.php\/wp-json\/wp\/v2\/posts"}],"about":[{"href":"https:\/\/carvalhoadvogado.aliamkt.com\/index.php\/wp-json\/wp\/v2\/types\/post"}],"author":[{"embeddable":true,"href":"https:\/\/carvalhoadvogado.aliamkt.com\/index.php\/wp-json\/wp\/v2\/users\/1"}],"replies":[{"embeddable":true,"href":"https:\/\/carvalhoadvogado.aliamkt.com\/index.php\/wp-json\/wp\/v2\/comments?post=561"}],"version-history":[{"count":3,"href":"https:\/\/carvalhoadvogado.aliamkt.com\/index.php\/wp-json\/wp\/v2\/posts\/561\/revisions"}],"predecessor-version":[{"id":805,"href":"https:\/\/carvalhoadvogado.aliamkt.com\/index.php\/wp-json\/wp\/v2\/posts\/561\/revisions\/805"}],"wp:featuredmedia":[{"embeddable":true,"href":"https:\/\/carvalhoadvogado.aliamkt.com\/index.php\/wp-json\/wp\/v2\/media\/562"}],"wp:attachment":[{"href":"https:\/\/carvalhoadvogado.aliamkt.com\/index.php\/wp-json\/wp\/v2\/media?parent=561"}],"wp:term":[{"taxonomy":"category","embeddable":true,"href":"https:\/\/carvalhoadvogado.aliamkt.com\/index.php\/wp-json\/wp\/v2\/categories?post=561"},{"taxonomy":"post_tag","embeddable":true,"href":"https:\/\/carvalhoadvogado.aliamkt.com\/index.php\/wp-json\/wp\/v2\/tags?post=561"}],"curies":[{"name":"wp","href":"https:\/\/api.w.org\/{rel}","templated":true}]}}