{"id":564,"date":"2024-09-30T11:48:32","date_gmt":"2024-09-30T14:48:32","guid":{"rendered":"https:\/\/carvalhoadvogado.aliamkt.com\/?p=564"},"modified":"2024-09-30T11:49:06","modified_gmt":"2024-09-30T14:49:06","slug":"acidente-de-trabalho-por-queda-o-que-voce-precisa-saber","status":"publish","type":"post","link":"https:\/\/carvalhoadvogado.aliamkt.com\/index.php\/2024\/09\/30\/acidente-de-trabalho-por-queda-o-que-voce-precisa-saber\/","title":{"rendered":"Acidente de Trabalho por Queda: O Que Voc\u00ea Precisa Saber"},"content":{"rendered":"<h2><b>\u00a0<\/b><\/h2>\n<p><span style=\"font-weight: 400;\">As quedas no ambiente de trabalho s\u00e3o, infelizmente, uma realidade alarmante. Seja de andaimes, escadas, telhados ou mesmo em piso nivelado, esses acidentes podem causar les\u00f5es graves e at\u00e9 mesmo fatais. Se voc\u00ea ou algu\u00e9m que voc\u00ea conhece sofreu um acidente de trabalho por queda, este artigo \u00e9 para voc\u00ea.<\/span><\/p>\n<h2><span style=\"font-weight: 400;\">O Que Caracteriza um Acidente de Trabalho por Queda?<\/span><\/h2>\n<p><span style=\"font-weight: 400;\">Um <\/span><b>acidente de trabalho por queda<\/b><span style=\"font-weight: 400;\"> \u00e9 qualquer evento que resulte em <\/span><b>les\u00e3o corporal<\/b><span style=\"font-weight: 400;\"> ou <\/span><b>perturba\u00e7\u00e3o funcional<\/b><span style=\"font-weight: 400;\">, podendo levar \u00e0 <\/span><b>morte<\/b><span style=\"font-weight: 400;\"> ou \u00e0 <\/span><b>perda\/redu\u00e7\u00e3o da capacidade para o trabalho<\/b><span style=\"font-weight: 400;\">, de forma <\/span><b>permanente<\/b><span style=\"font-weight: 400;\"> ou <\/span><b>tempor\u00e1ria<\/b><span style=\"font-weight: 400;\">. Essa queda deve ocorrer <\/span><b>durante o exerc\u00edcio do trabalho<\/b><span style=\"font-weight: 400;\">, a servi\u00e7o da empresa, ou no <\/span><b>trajeto de ida e volta do trabalho<\/b><span style=\"font-weight: 400;\"> (considerado <\/span><b>acidente de trajeto<\/b><span style=\"font-weight: 400;\">).<\/span><\/p>\n<p><span style=\"font-weight: 400;\">As quedas podem acontecer em diferentes situa\u00e7\u00f5es, como de <\/span><b>andaimes<\/b><span style=\"font-weight: 400;\">, <\/span><b>escadas<\/b><span style=\"font-weight: 400;\">, <\/span><b>telhados<\/b><span style=\"font-weight: 400;\">, <\/span><b>plataformas elevadas<\/b><span style=\"font-weight: 400;\">, ou mesmo em <\/span><b>piso nivelado<\/b><span style=\"font-weight: 400;\"> devido a <\/span><b>escorreg\u00f5es<\/b><span style=\"font-weight: 400;\"> ou <\/span><b>trope\u00e7os<\/b><span style=\"font-weight: 400;\">. Independentemente da <\/span><b>altura<\/b><span style=\"font-weight: 400;\"> ou do <\/span><b>local<\/b><span style=\"font-weight: 400;\">, se a queda ocorreu em <\/span><b>fun\u00e7\u00e3o do trabalho<\/b><span style=\"font-weight: 400;\"> e resultou em <\/span><b>danos \u00e0 sa\u00fade do trabalhador<\/b><span style=\"font-weight: 400;\">, ela se caracteriza como um <\/span><b>acidente de trabalho<\/b><span style=\"font-weight: 400;\"> e garante ao trabalhador seus <\/span><b>direitos previdenci\u00e1rios<\/b><span style=\"font-weight: 400;\"> e <\/span><b>trabalhistas<\/b><span style=\"font-weight: 400;\">.<\/span><\/p>\n<p><span style=\"font-weight: 400;\">\u00a0<\/span><\/p>\n<h2><span style=\"font-weight: 400;\">Quais os Direitos do Trabalhador em Caso de Acidente de Trabalho por Queda?<\/span><\/h2>\n<p><span style=\"font-weight: 400;\">Sofrer um <\/span><b>acidente de trabalho por queda<\/b><span style=\"font-weight: 400;\"> pode gerar impactos profundos na vida do trabalhador, tanto f\u00edsicos quanto emocionais. Felizmente, a legisla\u00e7\u00e3o brasileira garante uma s\u00e9rie de <\/span><b>direitos<\/b><span style=\"font-weight: 400;\"> para amparar o trabalhador nesse momento dif\u00edcil, assegurando sua recupera\u00e7\u00e3o e prote\u00e7\u00e3o financeira.<\/span><\/p>\n<p><span style=\"font-weight: 400;\">Em caso de <\/span><a href=\"https:\/\/carvalhoadvogado.aliamkt.com\/index.php\/2024\/09\/28\/quais-sao-os-direitos-trabalhistas-de-um-funcionario\/\"><b>afastamento do trabalho<\/b><\/a><span style=\"font-weight: 400;\"> por mais de 15 dias, o trabalhador acidentado tem direito ao <\/span><b>aux\u00edlio-doen\u00e7a acident\u00e1rio<\/b><span style=\"font-weight: 400;\">, pago pelo INSS. Se ap\u00f3s a recupera\u00e7\u00e3o restarem sequelas que reduzam a capacidade de trabalho, o <\/span><b>aux\u00edlio-acidente<\/b><span style=\"font-weight: 400;\"> \u00e9 concedido. Em situa\u00e7\u00f5es mais graves, quando a incapacidade para o trabalho \u00e9 permanente, o trabalhador pode requerer a <\/span><b>aposentadoria por invalidez<\/b><span style=\"font-weight: 400;\">. No caso tr\u00e1gico de <\/span><b>falecimento<\/b><span style=\"font-weight: 400;\"> do trabalhador, seus dependentes t\u00eam direito \u00e0 <\/span><b>pens\u00e3o por morte<\/b><span style=\"font-weight: 400;\">.<\/span><\/p>\n<p><span style=\"font-weight: 400;\">Al\u00e9m dos benef\u00edcios previdenci\u00e1rios, a lei tamb\u00e9m assegura direitos trabalhistas importantes. O trabalhador acidentado tem <\/span><b>estabilidade no emprego<\/b><span style=\"font-weight: 400;\"> por 12 meses ap\u00f3s o retorno ao trabalho, per\u00edodo em que n\u00e3o pode ser demitido sem justa causa. Durante o afastamento, o <\/span><b>FGTS continua sendo depositado<\/b><span style=\"font-weight: 400;\"> normalmente. Em caso de <\/span><b>neglig\u00eancia do empregador<\/b><span style=\"font-weight: 400;\"> na preven\u00e7\u00e3o do acidente, o trabalhador pode buscar <\/span><b>indeniza\u00e7\u00e3o por danos morais e materiais<\/b><span style=\"font-weight: 400;\"> na Justi\u00e7a do Trabalho.<\/span><\/p>\n<p><span style=\"font-weight: 400;\">Se o acidente resultar em sequelas que impe\u00e7am o retorno \u00e0 fun\u00e7\u00e3o anterior, o trabalhador tem direito \u00e0 <\/span><b>reabilita\u00e7\u00e3o profissional<\/b><span style=\"font-weight: 400;\"> pelo INSS. Esse processo visa proporcionar o aprendizado de uma nova profiss\u00e3o compat\u00edvel com suas limita\u00e7\u00f5es, garantindo sua reinser\u00e7\u00e3o no mercado de trabalho.<\/span><\/p>\n<p><span style=\"font-weight: 400;\">\u00c9 fundamental que o trabalhador acidentado busque aux\u00edlio de um <\/span><b>advogado especialista em Direito do Trabalho <\/b><span style=\"font-weight: 400;\">para garantir que todos os seus direitos sejam respeitados e que ele receba a devida assist\u00eancia nesse momento delicado.<\/span><\/p>\n<h2><span style=\"font-weight: 400;\">Quais as Responsabilidades do Empregador em Rela\u00e7\u00e3o \u00e0 Preven\u00e7\u00e3o de Quedas?<\/span><\/h2>\n<p><span style=\"font-weight: 400;\">A <\/span><b>seguran\u00e7a do trabalhador<\/b><span style=\"font-weight: 400;\"> \u00e9 um dever inegoci\u00e1vel do <\/span><b>empregador<\/b><span style=\"font-weight: 400;\">. No contexto da <\/span><b>preven\u00e7\u00e3o de quedas<\/b><span style=\"font-weight: 400;\">, essa responsabilidade se traduz em uma s\u00e9rie de <\/span><b>obriga\u00e7\u00f5es legais<\/b><span style=\"font-weight: 400;\"> e \u00e9ticas que visam garantir um <\/span><b>ambiente de trabalho seguro<\/b><span style=\"font-weight: 400;\"> e livre de <\/span><b>riscos<\/b><span style=\"font-weight: 400;\">.<\/span><\/p>\n<p><span style=\"font-weight: 400;\">O empregador deve implementar <\/span><b>medidas de prote\u00e7\u00e3o coletiva<\/b><span style=\"font-weight: 400;\"> que minimizem o <\/span><b>risco de quedas<\/b><span style=\"font-weight: 400;\">. Isso inclui a instala\u00e7\u00e3o de <\/span><b>guarda-corpos<\/b><span style=\"font-weight: 400;\">, <\/span><b>redes de prote\u00e7\u00e3o<\/b><span style=\"font-weight: 400;\">, <\/span><b>plataformas de trabalho<\/b><span style=\"font-weight: 400;\"> est\u00e1veis, <\/span><b>escadas<\/b><span style=\"font-weight: 400;\"> com corrim\u00e3o e degraus antiderrapantes, entre outras medidas adequadas ao ambiente de trabalho. A <\/span><b>sinaliza\u00e7\u00e3o de seguran\u00e7a<\/b><span style=\"font-weight: 400;\"> tamb\u00e9m \u00e9 essencial, alertando sobre <\/span><b>\u00e1reas de risco<\/b><span style=\"font-weight: 400;\"> e procedimentos corretos.<\/span><\/p>\n<p><span style=\"font-weight: 400;\">Al\u00e9m das medidas coletivas, o empregador \u00e9 obrigado a fornecer gratuitamente aos trabalhadores os <\/span><b>EPIs<\/b><span style=\"font-weight: 400;\"> adequados para a fun\u00e7\u00e3o exercida, como <\/span><b>cintos de seguran\u00e7a<\/b><span style=\"font-weight: 400;\">, <\/span><b>capacetes<\/b><span style=\"font-weight: 400;\">, <\/span><b>luvas<\/b><span style=\"font-weight: 400;\"> e cal\u00e7ados antiderrapantes. \u00c9 sua responsabilidade tamb\u00e9m garantir que os trabalhadores recebam <\/span><b>treinamento<\/b><span style=\"font-weight: 400;\"> adequado sobre o uso correto dos EPIs e sobre os <\/span><b>procedimentos de seguran\u00e7a<\/b><span style=\"font-weight: 400;\"> espec\u00edficos para suas atividades.<\/span><\/p>\n<p><span style=\"font-weight: 400;\">O empregador deve realizar uma <\/span><b>an\u00e1lise de riscos<\/b><span style=\"font-weight: 400;\"> criteriosa dos riscos de queda presentes no <\/span><b>ambiente de trabalho<\/b><span style=\"font-weight: 400;\">, identificando as \u00e1reas e atividades mais perigosas. Com base nessa an\u00e1lise, ele deve implementar <\/span><b>medidas de controle<\/b><span style=\"font-weight: 400;\"> e <\/span><b>adapta\u00e7\u00e3o do ambiente<\/b><span style=\"font-weight: 400;\"> para reduzir os riscos ao m\u00ednimo poss\u00edvel.<\/span><\/p>\n<p><span style=\"font-weight: 400;\">A <\/span><b>preven\u00e7\u00e3o de quedas<\/b><span style=\"font-weight: 400;\"> n\u00e3o \u00e9 um evento isolado, mas um processo cont\u00ednuo. O empregador deve promover <\/span><b>inspe\u00e7\u00f5es regulares<\/b><span style=\"font-weight: 400;\"> no ambiente de trabalho, fiscalizando o cumprimento das <\/span><b>normas de seguran\u00e7a<\/b><span style=\"font-weight: 400;\"> e o uso correto dos EPIs. \u00c9 fundamental tamb\u00e9m estar aberto a sugest\u00f5es dos trabalhadores e promover uma <\/span><b>cultura de seguran\u00e7a<\/b><span style=\"font-weight: 400;\">, incentivando a comunica\u00e7\u00e3o de <\/span><b>situa\u00e7\u00f5es de risco<\/b><span style=\"font-weight: 400;\"> e a busca por solu\u00e7\u00f5es conjuntas.<\/span><\/p>\n<h2><span style=\"font-weight: 400;\">O Que Fazer em Caso de Acidente de Trabalho por Queda?<\/span><\/h2>\n<p><span style=\"font-weight: 400;\">Um <\/span><b>acidente de trabalho por queda<\/b><span style=\"font-weight: 400;\"> exige a\u00e7\u00f5es imediatas e estrat\u00e9gicas para garantir a <\/span><b>sa\u00fade do trabalhador<\/b><span style=\"font-weight: 400;\"> e a prote\u00e7\u00e3o de seus <\/span><b>direitos<\/b><span style=\"font-weight: 400;\">. Cada passo, desde o socorro inicial at\u00e9 a busca por <\/span><b>orienta\u00e7\u00e3o jur\u00eddica<\/b><span style=\"font-weight: 400;\">, \u00e9 crucial para lidar com as consequ\u00eancias do acidente e buscar a devida <\/span><b>repara\u00e7\u00e3o<\/b><span style=\"font-weight: 400;\">.<\/span><\/p>\n<p><span style=\"font-weight: 400;\">A primeira e mais importante atitude \u00e9 prestar <\/span><b>socorro<\/b><span style=\"font-weight: 400;\"> \u00e0 v\u00edtima e buscar <\/span><b>atendimento m\u00e9dico<\/b><span style=\"font-weight: 400;\"> imediato. Mesmo em casos de quedas aparentemente leves, \u00e9 fundamental procurar um profissional de sa\u00fade para avaliar poss\u00edveis <\/span><b>les\u00f5es<\/b><span style=\"font-weight: 400;\"> internas ou traumas que possam se agravar com o tempo. A rapidez no atendimento pode ser decisiva para a <\/span><b>recupera\u00e7\u00e3o<\/b><span style=\"font-weight: 400;\"> do trabalhador.<\/span><\/p>\n<p><span style=\"font-weight: 400;\">\u00c9 essencial <\/span><b>comunicar o acidente<\/b><span style=\"font-weight: 400;\"> ao empregador o mais breve poss\u00edvel, preferencialmente no mesmo dia ou no primeiro dia \u00fatil subsequente. Essa comunica\u00e7\u00e3o formaliza o ocorrido e permite que a empresa tome as provid\u00eancias necess\u00e1rias, como a emiss\u00e3o da <\/span><b>Comunica\u00e7\u00e3o de Acidente de Trabalho (CAT)<\/b><span style=\"font-weight: 400;\">.<\/span><\/p>\n<p><span style=\"font-weight: 400;\">A <\/span><b>CAT<\/b><span style=\"font-weight: 400;\"> \u00e9 um documento fundamental para garantir o acesso aos <\/span><b>benef\u00edcios previdenci\u00e1rios<\/b><span style=\"font-weight: 400;\"> e trabalhistas decorrentes do acidente. O empregador \u00e9 obrigado a emitir a CAT em at\u00e9 um dia \u00fatil ap\u00f3s o acidente. Caso ele se recuse, o pr\u00f3prio trabalhador, seus dependentes, o sindicato ou qualquer autoridade p\u00fablica podem faz\u00ea-lo.<\/span><\/p>\n<p><span style=\"font-weight: 400;\">Um <\/span><b>advogado especialista em Direito do Trabalho<\/b><span style=\"font-weight: 400;\"> poder\u00e1 auxili\u00e1-lo a entender seus <\/span><b>direitos<\/b><span style=\"font-weight: 400;\">, como o <\/span><b>aux\u00edlio-doen\u00e7a<\/b><span style=\"font-weight: 400;\">, a <\/span><b>estabilidade no emprego<\/b><span style=\"font-weight: 400;\"> e a possibilidade de <\/span><b>indeniza\u00e7\u00f5es<\/b><span style=\"font-weight: 400;\">. Ele tamb\u00e9m poder\u00e1 represent\u00e1-lo em eventuais negocia\u00e7\u00f5es com a empresa ou em <\/span><b>a\u00e7\u00f5es judiciais<\/b><span style=\"font-weight: 400;\">, garantindo que receba a devida repara\u00e7\u00e3o pelos <\/span><b>danos<\/b><span style=\"font-weight: 400;\"> sofridos.<\/span><\/p>\n<h2><span style=\"font-weight: 400;\">Preven\u00e7\u00e3o \u00e9 a Melhor Solu\u00e7\u00e3o<\/span><\/h2>\n<p><span style=\"font-weight: 400;\">A preven\u00e7\u00e3o de acidentes de trabalho por queda \u00e9 fundamental para garantir a seguran\u00e7a e a sa\u00fade dos trabalhadores. \u00c9 importante que tanto empregadores quanto empregados estejam atentos aos riscos e adotem medidas para evit\u00e1-los.<\/span><\/p>\n<h2><b>Conclus\u00e3o: Proteja-se e Conhe\u00e7a Seus Direitos<\/b><\/h2>\n<p><b>Acidentes de trabalho por queda<\/b><span style=\"font-weight: 400;\"> s\u00e3o eventos traum\u00e1ticos que podem impactar significativamente a vida do trabalhador. Conhecer seus <\/span><b>direitos<\/b><span style=\"font-weight: 400;\"> e as <\/span><b>responsabilidades do empregador<\/b><span style=\"font-weight: 400;\"> \u00e9 fundamental para garantir a <\/span><b>prote\u00e7\u00e3o<\/b><span style=\"font-weight: 400;\"> e a devida <\/span><b>repara\u00e7\u00e3o<\/b><span style=\"font-weight: 400;\"> em caso de <\/span><b>acidente<\/b><span style=\"font-weight: 400;\">.<\/span><\/p>\n<p><span style=\"font-weight: 400;\">Lembre-se: a <\/span><b>preven\u00e7\u00e3o<\/b><span style=\"font-weight: 400;\"> \u00e9 sempre a melhor solu\u00e7\u00e3o. Empresas devem investir em <\/span><b>medidas de seguran\u00e7a<\/b><span style=\"font-weight: 400;\"> e <\/span><b>treinamentos<\/b><span style=\"font-weight: 400;\">, enquanto os trabalhadores devem estar atentos aos <\/span><b>riscos<\/b><span style=\"font-weight: 400;\"> e seguir rigorosamente os <\/span><b>procedimentos de seguran\u00e7a<\/b><span style=\"font-weight: 400;\">.<\/span><\/p>\n<p><span style=\"font-weight: 400;\">Em caso de <\/span><b>acidente<\/b><span style=\"font-weight: 400;\">, busque <\/span><b>atendimento m\u00e9dico<\/b><span style=\"font-weight: 400;\"> imediato, comunique o ocorrido \u00e0 empresa e exija a emiss\u00e3o da <\/span><b>CAT<\/b><span style=\"font-weight: 400;\">. N\u00e3o hesite em procurar um <\/span><b>advogado especialista em Direito do Trabalho<\/b><span style=\"font-weight: 400;\"> para garantir que seus direitos sejam respeitados e que voc\u00ea receba todo o suporte necess\u00e1rio para sua <\/span><b>recupera\u00e7\u00e3o<\/b><span style=\"font-weight: 400;\"> e <\/span><b>reinser\u00e7\u00e3o no mercado de trabalho<\/b><span style=\"font-weight: 400;\">.<\/span><\/p>\n<p><b>Lembre-se:<\/b><span style=\"font-weight: 400;\"> a <\/span><b>seguran\u00e7a no trabalho<\/b><span style=\"font-weight: 400;\"> \u00e9 um direito de todos. Mantenha-se informado, previna acidentes e, em caso de necessidade, busque ajuda profissional para proteger seus direitos.<\/span><\/p>\n<h3><b>Fale com o Dr. Pedro Carvalho!<\/b><\/h3>\n<p><span style=\"font-weight: 400;\">Clique no bot\u00e3o abaixo e obtenha a orienta\u00e7\u00e3o jur\u00eddica que voc\u00ea precisa para resolver suas quest\u00f5es com seguran\u00e7a e confian\u00e7a.<\/span><\/p>\n<p><span style=\"font-weight: 400;\">\u00a0<\/span><\/p>\n<p><a href=\"https:\/\/wa.me\/5531975283687\"><span style=\"font-weight: 400;\">Fale comigo agora mesmo<\/span><\/a><\/p>\n<p><span style=\"font-weight: 400;\">Siga-nos na rede social, @pedroncarvalhoadv, e fique por dentro das \u00faltimas novidades!<\/span><\/p>\n","protected":false},"excerpt":{"rendered":"<p>\u00a0 As quedas no ambiente de trabalho s\u00e3o, infelizmente, uma realidade alarmante. Seja de andaimes, escadas, telhados ou mesmo em piso nivelado, esses acidentes podem causar les\u00f5es graves e at\u00e9 mesmo fatais. Se voc\u00ea ou algu\u00e9m que voc\u00ea conhece sofreu um acidente de trabalho por queda, este artigo \u00e9 para voc\u00ea. O Que Caracteriza um [&hellip;]<\/p>\n","protected":false},"author":1,"featured_media":426,"comment_status":"open","ping_status":"open","sticky":false,"template":"","format":"standard","meta":{"_joinchat":[],"footnotes":""},"categories":[6],"tags":[],"class_list":["post-564","post","type-post","status-publish","format-standard","has-post-thumbnail","hentry","category-direito-trabalhista"],"yoast_head":"<!-- This site is optimized with the Yoast SEO plugin v27.5 - https:\/\/yoast.com\/product\/yoast-seo-wordpress\/ -->\n<title>Acidente de Trabalho por Queda: O Que Voc\u00ea Precisa Saber - Pedro Carvalho Advogado Trabalhista<\/title>\n<meta name=\"description\" content=\"Acidente de trabalho por queda? Saiba tudo sobre seus direitos, como o aux\u00edlio-doen\u00e7a e a estabilidade e as responsabilidades do empregador.\" \/>\n<meta name=\"robots\" content=\"index, follow, max-snippet:-1, max-image-preview:large, max-video-preview:-1\" \/>\n<link rel=\"canonical\" href=\"https:\/\/carvalhoadvogado.aliamkt.com\/index.php\/2024\/09\/30\/acidente-de-trabalho-por-queda-o-que-voce-precisa-saber\/\" \/>\n<meta property=\"og:locale\" content=\"pt_BR\" \/>\n<meta property=\"og:type\" content=\"article\" \/>\n<meta property=\"og:title\" content=\"Acidente de Trabalho por Queda: O Que Voc\u00ea Precisa Saber - Pedro Carvalho Advogado Trabalhista\" \/>\n<meta property=\"og:description\" content=\"Acidente de trabalho por queda? Saiba tudo sobre seus direitos, como o aux\u00edlio-doen\u00e7a e a estabilidade e as responsabilidades do empregador.\" \/>\n<meta property=\"og:url\" content=\"https:\/\/carvalhoadvogado.aliamkt.com\/index.php\/2024\/09\/30\/acidente-de-trabalho-por-queda-o-que-voce-precisa-saber\/\" \/>\n<meta property=\"og:site_name\" content=\"Pedro Carvalho Advogado Trabalhista\" \/>\n<meta property=\"article:published_time\" content=\"2024-09-30T14:48:32+00:00\" \/>\n<meta property=\"article:modified_time\" content=\"2024-09-30T14:49:06+00:00\" \/>\n<meta property=\"og:image\" content=\"https:\/\/carvalhoadvogado.aliamkt.com\/wp-content\/uploads\/2024\/07\/23-819x1024.png\" \/>\n\t<meta property=\"og:image:width\" content=\"819\" \/>\n\t<meta property=\"og:image:height\" content=\"1024\" \/>\n\t<meta property=\"og:image:type\" content=\"image\/png\" \/>\n<meta name=\"author\" content=\"lailacarvalhoadv\" \/>\n<meta name=\"twitter:card\" content=\"summary_large_image\" \/>\n<meta name=\"twitter:label1\" content=\"Escrito por\" \/>\n\t<meta name=\"twitter:data1\" content=\"lailacarvalhoadv\" \/>\n\t<meta name=\"twitter:label2\" content=\"Est. tempo de leitura\" \/>\n\t<meta name=\"twitter:data2\" content=\"7 minutos\" \/>\n<script type=\"application\/ld+json\" class=\"yoast-schema-graph\">{\"@context\":\"https:\\\/\\\/schema.org\",\"@graph\":[{\"@type\":\"Article\",\"@id\":\"https:\\\/\\\/carvalhoadvogado.aliamkt.com\\\/index.php\\\/2024\\\/09\\\/30\\\/acidente-de-trabalho-por-queda-o-que-voce-precisa-saber\\\/#article\",\"isPartOf\":{\"@id\":\"https:\\\/\\\/carvalhoadvogado.aliamkt.com\\\/index.php\\\/2024\\\/09\\\/30\\\/acidente-de-trabalho-por-queda-o-que-voce-precisa-saber\\\/\"},\"author\":{\"name\":\"lailacarvalhoadv\",\"@id\":\"https:\\\/\\\/carvalhoadvogado.aliamkt.com\\\/#\\\/schema\\\/person\\\/8f4d67ba57d6160ee802836a319bd8eb\"},\"headline\":\"Acidente de Trabalho por Queda: O Que Voc\u00ea Precisa Saber\",\"datePublished\":\"2024-09-30T14:48:32+00:00\",\"dateModified\":\"2024-09-30T14:49:06+00:00\",\"mainEntityOfPage\":{\"@id\":\"https:\\\/\\\/carvalhoadvogado.aliamkt.com\\\/index.php\\\/2024\\\/09\\\/30\\\/acidente-de-trabalho-por-queda-o-que-voce-precisa-saber\\\/\"},\"wordCount\":1357,\"commentCount\":0,\"publisher\":{\"@id\":\"https:\\\/\\\/carvalhoadvogado.aliamkt.com\\\/#organization\"},\"image\":{\"@id\":\"https:\\\/\\\/carvalhoadvogado.aliamkt.com\\\/index.php\\\/2024\\\/09\\\/30\\\/acidente-de-trabalho-por-queda-o-que-voce-precisa-saber\\\/#primaryimage\"},\"thumbnailUrl\":\"https:\\\/\\\/carvalhoadvogado.aliamkt.com\\\/wp-content\\\/uploads\\\/2024\\\/07\\\/23.png\",\"articleSection\":[\"Direito Trabalhista\"],\"inLanguage\":\"pt-BR\",\"potentialAction\":[{\"@type\":\"CommentAction\",\"name\":\"Comment\",\"target\":[\"https:\\\/\\\/carvalhoadvogado.aliamkt.com\\\/index.php\\\/2024\\\/09\\\/30\\\/acidente-de-trabalho-por-queda-o-que-voce-precisa-saber\\\/#respond\"]}]},{\"@type\":\"WebPage\",\"@id\":\"https:\\\/\\\/carvalhoadvogado.aliamkt.com\\\/index.php\\\/2024\\\/09\\\/30\\\/acidente-de-trabalho-por-queda-o-que-voce-precisa-saber\\\/\",\"url\":\"https:\\\/\\\/carvalhoadvogado.aliamkt.com\\\/index.php\\\/2024\\\/09\\\/30\\\/acidente-de-trabalho-por-queda-o-que-voce-precisa-saber\\\/\",\"name\":\"Acidente de Trabalho por Queda: O Que Voc\u00ea Precisa Saber - Pedro Carvalho Advogado Trabalhista\",\"isPartOf\":{\"@id\":\"https:\\\/\\\/carvalhoadvogado.aliamkt.com\\\/#website\"},\"primaryImageOfPage\":{\"@id\":\"https:\\\/\\\/carvalhoadvogado.aliamkt.com\\\/index.php\\\/2024\\\/09\\\/30\\\/acidente-de-trabalho-por-queda-o-que-voce-precisa-saber\\\/#primaryimage\"},\"image\":{\"@id\":\"https:\\\/\\\/carvalhoadvogado.aliamkt.com\\\/index.php\\\/2024\\\/09\\\/30\\\/acidente-de-trabalho-por-queda-o-que-voce-precisa-saber\\\/#primaryimage\"},\"thumbnailUrl\":\"https:\\\/\\\/carvalhoadvogado.aliamkt.com\\\/wp-content\\\/uploads\\\/2024\\\/07\\\/23.png\",\"datePublished\":\"2024-09-30T14:48:32+00:00\",\"dateModified\":\"2024-09-30T14:49:06+00:00\",\"description\":\"Acidente de trabalho por queda? Saiba tudo sobre seus direitos, como o aux\u00edlio-doen\u00e7a e a estabilidade e as responsabilidades do empregador.\",\"breadcrumb\":{\"@id\":\"https:\\\/\\\/carvalhoadvogado.aliamkt.com\\\/index.php\\\/2024\\\/09\\\/30\\\/acidente-de-trabalho-por-queda-o-que-voce-precisa-saber\\\/#breadcrumb\"},\"inLanguage\":\"pt-BR\",\"potentialAction\":[{\"@type\":\"ReadAction\",\"target\":[\"https:\\\/\\\/carvalhoadvogado.aliamkt.com\\\/index.php\\\/2024\\\/09\\\/30\\\/acidente-de-trabalho-por-queda-o-que-voce-precisa-saber\\\/\"]}]},{\"@type\":\"ImageObject\",\"inLanguage\":\"pt-BR\",\"@id\":\"https:\\\/\\\/carvalhoadvogado.aliamkt.com\\\/index.php\\\/2024\\\/09\\\/30\\\/acidente-de-trabalho-por-queda-o-que-voce-precisa-saber\\\/#primaryimage\",\"url\":\"https:\\\/\\\/carvalhoadvogado.aliamkt.com\\\/wp-content\\\/uploads\\\/2024\\\/07\\\/23.png\",\"contentUrl\":\"https:\\\/\\\/carvalhoadvogado.aliamkt.com\\\/wp-content\\\/uploads\\\/2024\\\/07\\\/23.png\",\"width\":1080,\"height\":1350},{\"@type\":\"BreadcrumbList\",\"@id\":\"https:\\\/\\\/carvalhoadvogado.aliamkt.com\\\/index.php\\\/2024\\\/09\\\/30\\\/acidente-de-trabalho-por-queda-o-que-voce-precisa-saber\\\/#breadcrumb\",\"itemListElement\":[{\"@type\":\"ListItem\",\"position\":1,\"name\":\"In\u00edcio\",\"item\":\"https:\\\/\\\/carvalhoadvogado.aliamkt.com\\\/\"},{\"@type\":\"ListItem\",\"position\":2,\"name\":\"Acidente de Trabalho por Queda: O Que Voc\u00ea Precisa Saber\"}]},{\"@type\":\"WebSite\",\"@id\":\"https:\\\/\\\/carvalhoadvogado.aliamkt.com\\\/#website\",\"url\":\"https:\\\/\\\/carvalhoadvogado.aliamkt.com\\\/\",\"name\":\"Pedro Carvalho Advogado\",\"description\":\"Advogado Trabalhista\",\"publisher\":{\"@id\":\"https:\\\/\\\/carvalhoadvogado.aliamkt.com\\\/#organization\"},\"potentialAction\":[{\"@type\":\"SearchAction\",\"target\":{\"@type\":\"EntryPoint\",\"urlTemplate\":\"https:\\\/\\\/carvalhoadvogado.aliamkt.com\\\/?s={search_term_string}\"},\"query-input\":{\"@type\":\"PropertyValueSpecification\",\"valueRequired\":true,\"valueName\":\"search_term_string\"}}],\"inLanguage\":\"pt-BR\"},{\"@type\":\"Organization\",\"@id\":\"https:\\\/\\\/carvalhoadvogado.aliamkt.com\\\/#organization\",\"name\":\"Pedro Carvalho Advogado\",\"url\":\"https:\\\/\\\/carvalhoadvogado.aliamkt.com\\\/\",\"logo\":{\"@type\":\"ImageObject\",\"inLanguage\":\"pt-BR\",\"@id\":\"https:\\\/\\\/carvalhoadvogado.aliamkt.com\\\/#\\\/schema\\\/logo\\\/image\\\/\",\"url\":\"https:\\\/\\\/carvalhoadvogado.aliamkt.com\\\/wp-content\\\/uploads\\\/2024\\\/06\\\/Logo-azul.png\",\"contentUrl\":\"https:\\\/\\\/carvalhoadvogado.aliamkt.com\\\/wp-content\\\/uploads\\\/2024\\\/06\\\/Logo-azul.png\",\"width\":500,\"height\":500,\"caption\":\"Pedro Carvalho Advogado\"},\"image\":{\"@id\":\"https:\\\/\\\/carvalhoadvogado.aliamkt.com\\\/#\\\/schema\\\/logo\\\/image\\\/\"}},{\"@type\":\"Person\",\"@id\":\"https:\\\/\\\/carvalhoadvogado.aliamkt.com\\\/#\\\/schema\\\/person\\\/8f4d67ba57d6160ee802836a319bd8eb\",\"name\":\"lailacarvalhoadv\",\"image\":{\"@type\":\"ImageObject\",\"inLanguage\":\"pt-BR\",\"@id\":\"https:\\\/\\\/secure.gravatar.com\\\/avatar\\\/a60961139a792fb5ca701fab485f653a1b3cc37cf8dbd4937b4134105caf5369?s=96&d=mm&r=g\",\"url\":\"https:\\\/\\\/secure.gravatar.com\\\/avatar\\\/a60961139a792fb5ca701fab485f653a1b3cc37cf8dbd4937b4134105caf5369?s=96&d=mm&r=g\",\"contentUrl\":\"https:\\\/\\\/secure.gravatar.com\\\/avatar\\\/a60961139a792fb5ca701fab485f653a1b3cc37cf8dbd4937b4134105caf5369?s=96&d=mm&r=g\",\"caption\":\"lailacarvalhoadv\"},\"sameAs\":[\"https:\\\/\\\/carvalhoadvogado.aliamkt.com\"],\"url\":\"https:\\\/\\\/carvalhoadvogado.aliamkt.com\\\/index.php\\\/author\\\/lailacarvalhoadv\\\/\"}]}<\/script>\n<!-- \/ Yoast SEO plugin. -->","yoast_head_json":{"title":"Acidente de Trabalho por Queda: O Que Voc\u00ea Precisa Saber - Pedro Carvalho Advogado Trabalhista","description":"Acidente de trabalho por queda? Saiba tudo sobre seus direitos, como o aux\u00edlio-doen\u00e7a e a estabilidade e as responsabilidades do empregador.","robots":{"index":"index","follow":"follow","max-snippet":"max-snippet:-1","max-image-preview":"max-image-preview:large","max-video-preview":"max-video-preview:-1"},"canonical":"https:\/\/carvalhoadvogado.aliamkt.com\/index.php\/2024\/09\/30\/acidente-de-trabalho-por-queda-o-que-voce-precisa-saber\/","og_locale":"pt_BR","og_type":"article","og_title":"Acidente de Trabalho por Queda: O Que Voc\u00ea Precisa Saber - Pedro Carvalho Advogado Trabalhista","og_description":"Acidente de trabalho por queda? Saiba tudo sobre seus direitos, como o aux\u00edlio-doen\u00e7a e a estabilidade e as responsabilidades do empregador.","og_url":"https:\/\/carvalhoadvogado.aliamkt.com\/index.php\/2024\/09\/30\/acidente-de-trabalho-por-queda-o-que-voce-precisa-saber\/","og_site_name":"Pedro Carvalho Advogado Trabalhista","article_published_time":"2024-09-30T14:48:32+00:00","article_modified_time":"2024-09-30T14:49:06+00:00","og_image":[{"width":819,"height":1024,"url":"https:\/\/carvalhoadvogado.aliamkt.com\/wp-content\/uploads\/2024\/07\/23-819x1024.png","type":"image\/png"}],"author":"lailacarvalhoadv","twitter_card":"summary_large_image","twitter_misc":{"Escrito por":"lailacarvalhoadv","Est. tempo de leitura":"7 minutos"},"schema":{"@context":"https:\/\/schema.org","@graph":[{"@type":"Article","@id":"https:\/\/carvalhoadvogado.aliamkt.com\/index.php\/2024\/09\/30\/acidente-de-trabalho-por-queda-o-que-voce-precisa-saber\/#article","isPartOf":{"@id":"https:\/\/carvalhoadvogado.aliamkt.com\/index.php\/2024\/09\/30\/acidente-de-trabalho-por-queda-o-que-voce-precisa-saber\/"},"author":{"name":"lailacarvalhoadv","@id":"https:\/\/carvalhoadvogado.aliamkt.com\/#\/schema\/person\/8f4d67ba57d6160ee802836a319bd8eb"},"headline":"Acidente de Trabalho por Queda: O Que Voc\u00ea Precisa Saber","datePublished":"2024-09-30T14:48:32+00:00","dateModified":"2024-09-30T14:49:06+00:00","mainEntityOfPage":{"@id":"https:\/\/carvalhoadvogado.aliamkt.com\/index.php\/2024\/09\/30\/acidente-de-trabalho-por-queda-o-que-voce-precisa-saber\/"},"wordCount":1357,"commentCount":0,"publisher":{"@id":"https:\/\/carvalhoadvogado.aliamkt.com\/#organization"},"image":{"@id":"https:\/\/carvalhoadvogado.aliamkt.com\/index.php\/2024\/09\/30\/acidente-de-trabalho-por-queda-o-que-voce-precisa-saber\/#primaryimage"},"thumbnailUrl":"https:\/\/carvalhoadvogado.aliamkt.com\/wp-content\/uploads\/2024\/07\/23.png","articleSection":["Direito Trabalhista"],"inLanguage":"pt-BR","potentialAction":[{"@type":"CommentAction","name":"Comment","target":["https:\/\/carvalhoadvogado.aliamkt.com\/index.php\/2024\/09\/30\/acidente-de-trabalho-por-queda-o-que-voce-precisa-saber\/#respond"]}]},{"@type":"WebPage","@id":"https:\/\/carvalhoadvogado.aliamkt.com\/index.php\/2024\/09\/30\/acidente-de-trabalho-por-queda-o-que-voce-precisa-saber\/","url":"https:\/\/carvalhoadvogado.aliamkt.com\/index.php\/2024\/09\/30\/acidente-de-trabalho-por-queda-o-que-voce-precisa-saber\/","name":"Acidente de Trabalho por Queda: O Que Voc\u00ea Precisa Saber - Pedro Carvalho Advogado Trabalhista","isPartOf":{"@id":"https:\/\/carvalhoadvogado.aliamkt.com\/#website"},"primaryImageOfPage":{"@id":"https:\/\/carvalhoadvogado.aliamkt.com\/index.php\/2024\/09\/30\/acidente-de-trabalho-por-queda-o-que-voce-precisa-saber\/#primaryimage"},"image":{"@id":"https:\/\/carvalhoadvogado.aliamkt.com\/index.php\/2024\/09\/30\/acidente-de-trabalho-por-queda-o-que-voce-precisa-saber\/#primaryimage"},"thumbnailUrl":"https:\/\/carvalhoadvogado.aliamkt.com\/wp-content\/uploads\/2024\/07\/23.png","datePublished":"2024-09-30T14:48:32+00:00","dateModified":"2024-09-30T14:49:06+00:00","description":"Acidente de trabalho por queda? Saiba tudo sobre seus direitos, como o aux\u00edlio-doen\u00e7a e a estabilidade e as responsabilidades do empregador.","breadcrumb":{"@id":"https:\/\/carvalhoadvogado.aliamkt.com\/index.php\/2024\/09\/30\/acidente-de-trabalho-por-queda-o-que-voce-precisa-saber\/#breadcrumb"},"inLanguage":"pt-BR","potentialAction":[{"@type":"ReadAction","target":["https:\/\/carvalhoadvogado.aliamkt.com\/index.php\/2024\/09\/30\/acidente-de-trabalho-por-queda-o-que-voce-precisa-saber\/"]}]},{"@type":"ImageObject","inLanguage":"pt-BR","@id":"https:\/\/carvalhoadvogado.aliamkt.com\/index.php\/2024\/09\/30\/acidente-de-trabalho-por-queda-o-que-voce-precisa-saber\/#primaryimage","url":"https:\/\/carvalhoadvogado.aliamkt.com\/wp-content\/uploads\/2024\/07\/23.png","contentUrl":"https:\/\/carvalhoadvogado.aliamkt.com\/wp-content\/uploads\/2024\/07\/23.png","width":1080,"height":1350},{"@type":"BreadcrumbList","@id":"https:\/\/carvalhoadvogado.aliamkt.com\/index.php\/2024\/09\/30\/acidente-de-trabalho-por-queda-o-que-voce-precisa-saber\/#breadcrumb","itemListElement":[{"@type":"ListItem","position":1,"name":"In\u00edcio","item":"https:\/\/carvalhoadvogado.aliamkt.com\/"},{"@type":"ListItem","position":2,"name":"Acidente de Trabalho por Queda: O Que Voc\u00ea Precisa Saber"}]},{"@type":"WebSite","@id":"https:\/\/carvalhoadvogado.aliamkt.com\/#website","url":"https:\/\/carvalhoadvogado.aliamkt.com\/","name":"Pedro Carvalho Advogado","description":"Advogado Trabalhista","publisher":{"@id":"https:\/\/carvalhoadvogado.aliamkt.com\/#organization"},"potentialAction":[{"@type":"SearchAction","target":{"@type":"EntryPoint","urlTemplate":"https:\/\/carvalhoadvogado.aliamkt.com\/?s={search_term_string}"},"query-input":{"@type":"PropertyValueSpecification","valueRequired":true,"valueName":"search_term_string"}}],"inLanguage":"pt-BR"},{"@type":"Organization","@id":"https:\/\/carvalhoadvogado.aliamkt.com\/#organization","name":"Pedro Carvalho Advogado","url":"https:\/\/carvalhoadvogado.aliamkt.com\/","logo":{"@type":"ImageObject","inLanguage":"pt-BR","@id":"https:\/\/carvalhoadvogado.aliamkt.com\/#\/schema\/logo\/image\/","url":"https:\/\/carvalhoadvogado.aliamkt.com\/wp-content\/uploads\/2024\/06\/Logo-azul.png","contentUrl":"https:\/\/carvalhoadvogado.aliamkt.com\/wp-content\/uploads\/2024\/06\/Logo-azul.png","width":500,"height":500,"caption":"Pedro Carvalho Advogado"},"image":{"@id":"https:\/\/carvalhoadvogado.aliamkt.com\/#\/schema\/logo\/image\/"}},{"@type":"Person","@id":"https:\/\/carvalhoadvogado.aliamkt.com\/#\/schema\/person\/8f4d67ba57d6160ee802836a319bd8eb","name":"lailacarvalhoadv","image":{"@type":"ImageObject","inLanguage":"pt-BR","@id":"https:\/\/secure.gravatar.com\/avatar\/a60961139a792fb5ca701fab485f653a1b3cc37cf8dbd4937b4134105caf5369?s=96&d=mm&r=g","url":"https:\/\/secure.gravatar.com\/avatar\/a60961139a792fb5ca701fab485f653a1b3cc37cf8dbd4937b4134105caf5369?s=96&d=mm&r=g","contentUrl":"https:\/\/secure.gravatar.com\/avatar\/a60961139a792fb5ca701fab485f653a1b3cc37cf8dbd4937b4134105caf5369?s=96&d=mm&r=g","caption":"lailacarvalhoadv"},"sameAs":["https:\/\/carvalhoadvogado.aliamkt.com"],"url":"https:\/\/carvalhoadvogado.aliamkt.com\/index.php\/author\/lailacarvalhoadv\/"}]}},"_links":{"self":[{"href":"https:\/\/carvalhoadvogado.aliamkt.com\/index.php\/wp-json\/wp\/v2\/posts\/564","targetHints":{"allow":["GET"]}}],"collection":[{"href":"https:\/\/carvalhoadvogado.aliamkt.com\/index.php\/wp-json\/wp\/v2\/posts"}],"about":[{"href":"https:\/\/carvalhoadvogado.aliamkt.com\/index.php\/wp-json\/wp\/v2\/types\/post"}],"author":[{"embeddable":true,"href":"https:\/\/carvalhoadvogado.aliamkt.com\/index.php\/wp-json\/wp\/v2\/users\/1"}],"replies":[{"embeddable":true,"href":"https:\/\/carvalhoadvogado.aliamkt.com\/index.php\/wp-json\/wp\/v2\/comments?post=564"}],"version-history":[{"count":2,"href":"https:\/\/carvalhoadvogado.aliamkt.com\/index.php\/wp-json\/wp\/v2\/posts\/564\/revisions"}],"predecessor-version":[{"id":567,"href":"https:\/\/carvalhoadvogado.aliamkt.com\/index.php\/wp-json\/wp\/v2\/posts\/564\/revisions\/567"}],"wp:featuredmedia":[{"embeddable":true,"href":"https:\/\/carvalhoadvogado.aliamkt.com\/index.php\/wp-json\/wp\/v2\/media\/426"}],"wp:attachment":[{"href":"https:\/\/carvalhoadvogado.aliamkt.com\/index.php\/wp-json\/wp\/v2\/media?parent=564"}],"wp:term":[{"taxonomy":"category","embeddable":true,"href":"https:\/\/carvalhoadvogado.aliamkt.com\/index.php\/wp-json\/wp\/v2\/categories?post=564"},{"taxonomy":"post_tag","embeddable":true,"href":"https:\/\/carvalhoadvogado.aliamkt.com\/index.php\/wp-json\/wp\/v2\/tags?post=564"}],"curies":[{"name":"wp","href":"https:\/\/api.w.org\/{rel}","templated":true}]}}