{"id":568,"date":"2024-09-30T14:53:26","date_gmt":"2024-09-30T17:53:26","guid":{"rendered":"https:\/\/carvalhoadvogado.aliamkt.com\/?p=568"},"modified":"2025-06-17T14:48:41","modified_gmt":"2025-06-17T17:48:41","slug":"gravida-demitida-seus-direitos-e-o-que-fazer","status":"publish","type":"post","link":"https:\/\/carvalhoadvogado.aliamkt.com\/index.php\/2024\/09\/30\/gravida-demitida-seus-direitos-e-o-que-fazer\/","title":{"rendered":"Gr\u00e1vida Demitida: Seus Direitos e o que Fazer"},"content":{"rendered":"<p data-pm-slice=\"1 1 []\">A demiss\u00e3o durante a gravidez \u00e9 um dos momentos mais delicados que uma mulher pode enfrentar. Afinal, al\u00e9m das mudan\u00e7as f\u00edsicas e emocionais que a gesta\u00e7\u00e3o j\u00e1 traz, lidar com a perda do emprego gera inseguran\u00e7a, medo e muitas d\u00favidas.<\/p>\n<p>Por\u00e9m, voc\u00ea precisa saber: a legisla\u00e7\u00e3o brasileira est\u00e1 ao seu lado! Portanto, a seguir, vamos te explicar de forma clara, acess\u00edvel e direta todos os seus direitos. Vamos nessa?<\/p>\n<div>\n<hr \/>\n<\/div>\n<h2><strong>\ud83e\udd30 Estabilidade da Gestante: Um Direito que Come\u00e7a com o Positivo<\/strong><\/h2>\n<p>Assim que voc\u00ea descobre que est\u00e1 gr\u00e1vida, seus direitos como trabalhadora ganham uma camada extra de prote\u00e7\u00e3o. Isso acontece porque a Constitui\u00e7\u00e3o Federal e a CLT garantem estabilidade no emprego <strong>desde a confirma\u00e7\u00e3o da gravidez at\u00e9 cinco meses ap\u00f3s o parto<\/strong>.<\/p>\n<p>Ou seja, mesmo que a empresa n\u00e3o saiba da gravidez no momento da demiss\u00e3o, voc\u00ea ainda tem direito \u00e0 reintegra\u00e7\u00e3o ou indeniza\u00e7\u00e3o. E o melhor: isso \u00e9 garantido por lei.<\/p>\n<h3><strong>Mas o que \u00e9 essa tal estabilidade?<\/strong><\/h3>\n<p>Ela impede que a gestante seja demitida <strong>sem justa causa<\/strong> nesse per\u00edodo. Em outras palavras, a ideia \u00e9 simples: proteger m\u00e3e e beb\u00ea em um momento de extrema vulnerabilidade. Al\u00e9m disso, essa norma promove igualdade e combate discrimina\u00e7\u00e3o no trabalho.<\/p>\n<h3><strong>E se for demiss\u00e3o por justa causa?<\/strong><\/h3>\n<p>A\u00ed a conversa muda. A estabilidade n\u00e3o protege em casos graves como:<\/p>\n<ul data-spread=\"false\">\n<li>Ato de improbidade;<\/li>\n<li>Insubordina\u00e7\u00e3o grave;<\/li>\n<li>Abandono de emprego;<\/li>\n<li>Fraudes ou faltas graves.<\/li>\n<\/ul>\n<p>Contudo, a empresa precisa provar tudo com documenta\u00e7\u00e3o s\u00f3lida e convincente!<\/p>\n<div>\n<hr \/>\n<\/div>\n<h2><strong>\u26a0\ufe0f Quando a Estabilidade Pode N\u00e3o Valer?<\/strong><\/h2>\n<p>Embora seja um direito fort\u00edssimo, a estabilidade tem exce\u00e7\u00f5es importantes. Veja abaixo:<\/p>\n<h3><strong>1. Contrato por Prazo Determinado<\/strong><\/h3>\n<p>Se voc\u00ea foi contratada temporariamente e o contrato termina durante a gesta\u00e7\u00e3o, a empresa pode n\u00e3o renovar. No entanto, h\u00e1 decis\u00f5es judiciais que garantem indeniza\u00e7\u00e3o.<\/p>\n<h3><strong>2. Pedido de Demiss\u00e3o pela Gestante<\/strong><\/h3>\n<p>Se foi voc\u00ea quem decidiu sair, a estabilidade tamb\u00e9m n\u00e3o se aplica. Entretanto, isso muda se houver coa\u00e7\u00e3o ou ass\u00e9dio por parte da empresa. Por isso, fique de olho e busque orienta\u00e7\u00e3o!<\/p>\n<div>\n<hr \/>\n<\/div>\n<h2><strong>\ud83d\udcbc Gestante Demitida: Quais S\u00e3o os Seus Direitos?<\/strong><\/h2>\n<p>Se voc\u00ea foi demitida gr\u00e1vida, saiba que ainda h\u00e1 muita prote\u00e7\u00e3o legal ao seu lado. Veja s\u00f3:<\/p>\n<h3><strong>1. Reintegra\u00e7\u00e3o ao Emprego<\/strong><\/h3>\n<p>Se a empresa te mandou embora sem saber da gravidez, voc\u00ea pode ser readmitida com todos os direitos garantidos. Inclusive, com efeito retroativo ao momento da demiss\u00e3o.<\/p>\n<h3><strong>2. Indeniza\u00e7\u00e3o Substitutiva<\/strong><\/h3>\n<p>Caso n\u00e3o queira ou n\u00e3o possa voltar, voc\u00ea tem direito a receber os sal\u00e1rios e benef\u00edcios correspondentes ao per\u00edodo de estabilidade restante.<\/p>\n<h3><strong>3. Sal\u00e1rio-Maternidade<\/strong><\/h3>\n<p>Sim, mesmo fora da empresa, voc\u00ea ainda tem direito a <strong>120 dias pagos pelo INSS<\/strong>. Esse benef\u00edcio \u00e9 seu por lei e deve ser solicitado o quanto antes.<\/p>\n<div>\n<hr \/>\n<\/div>\n<h2><strong>\ud83e\ude7a Como Comprovar a Gravidez Ap\u00f3s a Demiss\u00e3o?<\/strong><\/h2>\n<p>Voc\u00ea n\u00e3o contou que estava gr\u00e1vida antes de ser demitida? Tudo bem. Ainda d\u00e1 pra correr atr\u00e1s dos seus direitos.<\/p>\n<h3><strong>\u2705 O que pode servir como prova:<\/strong><\/h3>\n<ul data-spread=\"false\">\n<li>Atestado m\u00e9dico com a data da gesta\u00e7\u00e3o;<\/li>\n<li>Exames laboratoriais ou de imagem;<\/li>\n<li>Conversas com profissionais de sa\u00fade ou testemunhas.<\/li>\n<\/ul>\n<p>\u00c9 importante lembrar: <strong>a concep\u00e7\u00e3o precisa ter ocorrido antes da demiss\u00e3o<\/strong>. Portanto, se isso for provado, a estabilidade entra em cena com for\u00e7a total!<\/p>\n<h3><strong>\u274c O que a empresa n\u00e3o pode fazer:<\/strong><\/h3>\n<ul data-spread=\"false\">\n<li>Exigir teste de gravidez na admiss\u00e3o ou durante o contrato;<\/li>\n<li>Negar direitos por desconhecimento da gesta\u00e7\u00e3o.<\/li>\n<\/ul>\n<p>Ambas as atitudes s\u00e3o ilegais e configuram discrimina\u00e7\u00e3o. Al\u00e9m disso, a trabalhadora pode acionar a Justi\u00e7a.<\/p>\n<div>\n<hr \/>\n<\/div>\n<h2><strong>\ud83d\udccb Fui Demitida Gr\u00e1vida. O Que Eu Fa\u00e7o Agora?<\/strong><\/h2>\n<ol start=\"1\" data-spread=\"false\">\n<li><strong>Re\u00fana documentos<\/strong>: carta de demiss\u00e3o, exames, atestados, contracheques;<\/li>\n<li><strong>Procure um advogado trabalhista<\/strong>: ele vai te orientar e entrar com a a\u00e7\u00e3o adequada;<\/li>\n<li><strong>N\u00e3o perca tempo<\/strong>: h\u00e1 prazos legais para entrar na Justi\u00e7a. Quanto antes, melhor!<\/li>\n<\/ol>\n<p>Voc\u00ea pode garantir a reintegra\u00e7\u00e3o ou uma bela indeniza\u00e7\u00e3o. Por isso, n\u00e3o deixe seus direitos passarem!<\/p>\n<div>\n<hr \/>\n<\/div>\n<h2><strong>\ud83e\udde0 Dicas de Ouro Para Evitar Problemas<\/strong><\/h2>\n<ul data-spread=\"false\">\n<li><strong>Informe a gravidez por escrito<\/strong>, com c\u00f3pia assinada pela empresa;<\/li>\n<li><strong>Guarde tudo!<\/strong> Contratos, exames, comunicados, prints e recibos;<\/li>\n<li><strong>Observe o ambiente<\/strong>: ass\u00e9dio, piadinhas ou press\u00f5es podem ser prova de discrimina\u00e7\u00e3o;<\/li>\n<li><strong>Converse com outras m\u00e3es<\/strong>: apoio emocional e informa\u00e7\u00f5es fazem toda a diferen\u00e7a!<\/li>\n<\/ul>\n<p>Agir com preven\u00e7\u00e3o fortalece seus direitos e sua confian\u00e7a no ambiente de trabalho. Al\u00e9m disso, evita complica\u00e7\u00f5es futuras.<\/p>\n<div>\n<hr \/>\n<\/div>\n<h2><strong>\ud83d\udea8 Sofreu Ass\u00e9dio ou Foi Discriminada?<\/strong><\/h2>\n<p>Saiba que isso \u00e9 crime e voc\u00ea pode denunciar. O ideal \u00e9:<\/p>\n<ul data-spread=\"false\">\n<li>Registrar as situa\u00e7\u00f5es com data, hora e testemunhas;<\/li>\n<li>Buscar apoio jur\u00eddico imediato;<\/li>\n<li>Levar seu caso ao sindicato ou ao Minist\u00e9rio P\u00fablico do Trabalho.<\/li>\n<\/ul>\n<p>A justi\u00e7a est\u00e1 ao seu alcance. Portanto, use-a a seu favor!<\/p>\n<div>\n<hr \/>\n<\/div>\n<h2><strong>\ud83d\udc76 A Maternidade Merece Seguran\u00e7a<\/strong><\/h2>\n<p>A gravidez n\u00e3o pode ser sin\u00f4nimo de medo no trabalho. Pelo contr\u00e1rio, ela deve ser respeitada, protegida e valorizada.<\/p>\n<p>Se voc\u00ea foi demitida gr\u00e1vida, n\u00e3o hesite: <strong>procure seus direitos, converse com um especialista e lute pela justi\u00e7a.<\/strong><\/p>\n<p>Voc\u00ea n\u00e3o est\u00e1 sozinha!<\/p>\n<div>\n<hr \/>\n<\/div>\n<h2><strong>\ud83d\udcde Fale com o Dr. Pedro Carvalho<\/strong><\/h2>\n<p>Clique no bot\u00e3o abaixo e agende uma orienta\u00e7\u00e3o jur\u00eddica personalizada. Voc\u00ea ter\u00e1 apoio completo para garantir seus direitos com seguran\u00e7a e confian\u00e7a.<\/p>\n<div>\n<hr \/>\n<\/div>\n<h2><strong>\u2753 Perguntas Frequentes (FAQs)<\/strong><\/h2>\n<h3><strong>1. Posso ser demitida mesmo sem saber que estava gr\u00e1vida?<\/strong><\/h3>\n<p>Sim, mas isso n\u00e3o anula sua estabilidade. Voc\u00ea pode buscar reintegra\u00e7\u00e3o ou indeniza\u00e7\u00e3o assim que comprovar a gravidez.<\/p>\n<h3><strong>2. Se a empresa n\u00e3o sabia, ela ainda \u00e9 obrigada a me readmitir?<\/strong><\/h3>\n<p>Sim! O desconhecimento da gravidez <strong>n\u00e3o impede<\/strong> a obriga\u00e7\u00e3o legal de reintegra\u00e7\u00e3o ou indeniza\u00e7\u00e3o.<\/p>\n<h3><strong>3. Tenho direito ao sal\u00e1rio-maternidade mesmo demitida?<\/strong><\/h3>\n<p>Sim, o benef\u00edcio \u00e9 garantido e deve ser pago pelo INSS durante 120 dias.<\/p>\n<h3><strong>4. E se eu pedir demiss\u00e3o e depois descobrir que estava gr\u00e1vida?<\/strong><\/h3>\n<p>A estabilidade n\u00e3o se aplica. Mas, se houver ind\u00edcios de coa\u00e7\u00e3o ou press\u00e3o, vale consultar um advogado.<\/p>\n<h3><strong>5. Quanto tempo tenho para entrar com a a\u00e7\u00e3o?<\/strong><\/h3>\n<p>O prazo para a\u00e7\u00f5es trabalhistas \u00e9 de at\u00e9 <strong>dois anos<\/strong> ap\u00f3s o fim do contrato, mas quanto antes agir, melhor!<\/p>\n<div>\n<hr \/>\n<\/div>\n<p>&nbsp;<\/p>\n<p><a href=\"https:\/\/wa.me\/5531975283687\"><span style=\"font-weight: 400;\">Fale comigo agora mesmo<\/span><\/a><\/p>\n<p><span style=\"font-weight: 400;\">Siga-nos na rede social, @pedroncarvalhoadv, e fique por dentro das \u00faltimas novidades!<\/span><\/p>\n","protected":false},"excerpt":{"rendered":"<p>A demiss\u00e3o durante a gravidez \u00e9 um dos momentos mais delicados que uma mulher pode enfrentar. Afinal, al\u00e9m das mudan\u00e7as f\u00edsicas e emocionais que a gesta\u00e7\u00e3o j\u00e1 traz, lidar com a perda do emprego gera inseguran\u00e7a, medo e muitas d\u00favidas. Por\u00e9m, voc\u00ea precisa saber: a legisla\u00e7\u00e3o brasileira est\u00e1 ao seu lado! Portanto, a seguir, vamos [&hellip;]<\/p>\n","protected":false},"author":1,"featured_media":569,"comment_status":"open","ping_status":"open","sticky":false,"template":"","format":"standard","meta":{"_joinchat":[],"footnotes":""},"categories":[6],"tags":[],"class_list":["post-568","post","type-post","status-publish","format-standard","has-post-thumbnail","hentry","category-direito-trabalhista"],"yoast_head":"<!-- This site is optimized with the Yoast SEO plugin v27.5 - https:\/\/yoast.com\/product\/yoast-seo-wordpress\/ -->\n<title>Gr\u00e1vida Demitida: Seus Direitos e o que Fazer - Pedro Carvalho Advogado Trabalhista<\/title>\n<meta name=\"description\" content=\"Gr\u00e1vida demitida: Conhe\u00e7a seus direitos e lute por eles! Descubra tudo sobre a estabilidade da gestante, o que fazer em caso de demiss\u00e3o\" \/>\n<meta name=\"robots\" content=\"index, follow, max-snippet:-1, max-image-preview:large, max-video-preview:-1\" \/>\n<link rel=\"canonical\" href=\"https:\/\/carvalhoadvogado.aliamkt.com\/index.php\/2024\/09\/30\/gravida-demitida-seus-direitos-e-o-que-fazer\/\" \/>\n<meta property=\"og:locale\" content=\"pt_BR\" \/>\n<meta property=\"og:type\" content=\"article\" \/>\n<meta property=\"og:title\" content=\"Gr\u00e1vida Demitida: Seus Direitos e o que Fazer - Pedro Carvalho Advogado Trabalhista\" \/>\n<meta property=\"og:description\" content=\"Gr\u00e1vida demitida: Conhe\u00e7a seus direitos e lute por eles! Descubra tudo sobre a estabilidade da gestante, o que fazer em caso de demiss\u00e3o\" \/>\n<meta property=\"og:url\" content=\"https:\/\/carvalhoadvogado.aliamkt.com\/index.php\/2024\/09\/30\/gravida-demitida-seus-direitos-e-o-que-fazer\/\" \/>\n<meta property=\"og:site_name\" content=\"Pedro Carvalho Advogado Trabalhista\" \/>\n<meta property=\"article:published_time\" content=\"2024-09-30T17:53:26+00:00\" \/>\n<meta property=\"article:modified_time\" content=\"2025-06-17T17:48:41+00:00\" \/>\n<meta property=\"og:image\" content=\"https:\/\/carvalhoadvogado.aliamkt.com\/wp-content\/uploads\/2024\/09\/advogado-trabalhista-.jpg\" \/>\n\t<meta property=\"og:image:width\" content=\"1080\" \/>\n\t<meta property=\"og:image:height\" content=\"1080\" \/>\n\t<meta property=\"og:image:type\" content=\"image\/jpeg\" \/>\n<meta name=\"author\" content=\"lailacarvalhoadv\" \/>\n<meta name=\"twitter:card\" content=\"summary_large_image\" \/>\n<meta name=\"twitter:label1\" content=\"Escrito por\" \/>\n\t<meta name=\"twitter:data1\" content=\"lailacarvalhoadv\" \/>\n\t<meta name=\"twitter:label2\" content=\"Est. tempo de leitura\" \/>\n\t<meta name=\"twitter:data2\" content=\"6 minutos\" \/>\n<script type=\"application\/ld+json\" class=\"yoast-schema-graph\">{\"@context\":\"https:\\\/\\\/schema.org\",\"@graph\":[{\"@type\":\"Article\",\"@id\":\"https:\\\/\\\/carvalhoadvogado.aliamkt.com\\\/index.php\\\/2024\\\/09\\\/30\\\/gravida-demitida-seus-direitos-e-o-que-fazer\\\/#article\",\"isPartOf\":{\"@id\":\"https:\\\/\\\/carvalhoadvogado.aliamkt.com\\\/index.php\\\/2024\\\/09\\\/30\\\/gravida-demitida-seus-direitos-e-o-que-fazer\\\/\"},\"author\":{\"name\":\"lailacarvalhoadv\",\"@id\":\"https:\\\/\\\/carvalhoadvogado.aliamkt.com\\\/#\\\/schema\\\/person\\\/8f4d67ba57d6160ee802836a319bd8eb\"},\"headline\":\"Gr\u00e1vida Demitida: Seus Direitos e o que Fazer\",\"datePublished\":\"2024-09-30T17:53:26+00:00\",\"dateModified\":\"2025-06-17T17:48:41+00:00\",\"mainEntityOfPage\":{\"@id\":\"https:\\\/\\\/carvalhoadvogado.aliamkt.com\\\/index.php\\\/2024\\\/09\\\/30\\\/gravida-demitida-seus-direitos-e-o-que-fazer\\\/\"},\"wordCount\":1071,\"commentCount\":0,\"publisher\":{\"@id\":\"https:\\\/\\\/carvalhoadvogado.aliamkt.com\\\/#organization\"},\"image\":{\"@id\":\"https:\\\/\\\/carvalhoadvogado.aliamkt.com\\\/index.php\\\/2024\\\/09\\\/30\\\/gravida-demitida-seus-direitos-e-o-que-fazer\\\/#primaryimage\"},\"thumbnailUrl\":\"https:\\\/\\\/carvalhoadvogado.aliamkt.com\\\/wp-content\\\/uploads\\\/2024\\\/09\\\/advogado-trabalhista-.jpg\",\"articleSection\":[\"Direito Trabalhista\"],\"inLanguage\":\"pt-BR\",\"potentialAction\":[{\"@type\":\"CommentAction\",\"name\":\"Comment\",\"target\":[\"https:\\\/\\\/carvalhoadvogado.aliamkt.com\\\/index.php\\\/2024\\\/09\\\/30\\\/gravida-demitida-seus-direitos-e-o-que-fazer\\\/#respond\"]}]},{\"@type\":\"WebPage\",\"@id\":\"https:\\\/\\\/carvalhoadvogado.aliamkt.com\\\/index.php\\\/2024\\\/09\\\/30\\\/gravida-demitida-seus-direitos-e-o-que-fazer\\\/\",\"url\":\"https:\\\/\\\/carvalhoadvogado.aliamkt.com\\\/index.php\\\/2024\\\/09\\\/30\\\/gravida-demitida-seus-direitos-e-o-que-fazer\\\/\",\"name\":\"Gr\u00e1vida Demitida: Seus Direitos e o que Fazer - Pedro Carvalho Advogado Trabalhista\",\"isPartOf\":{\"@id\":\"https:\\\/\\\/carvalhoadvogado.aliamkt.com\\\/#website\"},\"primaryImageOfPage\":{\"@id\":\"https:\\\/\\\/carvalhoadvogado.aliamkt.com\\\/index.php\\\/2024\\\/09\\\/30\\\/gravida-demitida-seus-direitos-e-o-que-fazer\\\/#primaryimage\"},\"image\":{\"@id\":\"https:\\\/\\\/carvalhoadvogado.aliamkt.com\\\/index.php\\\/2024\\\/09\\\/30\\\/gravida-demitida-seus-direitos-e-o-que-fazer\\\/#primaryimage\"},\"thumbnailUrl\":\"https:\\\/\\\/carvalhoadvogado.aliamkt.com\\\/wp-content\\\/uploads\\\/2024\\\/09\\\/advogado-trabalhista-.jpg\",\"datePublished\":\"2024-09-30T17:53:26+00:00\",\"dateModified\":\"2025-06-17T17:48:41+00:00\",\"description\":\"Gr\u00e1vida demitida: Conhe\u00e7a seus direitos e lute por eles! Descubra tudo sobre a estabilidade da gestante, o que fazer em caso de demiss\u00e3o\",\"breadcrumb\":{\"@id\":\"https:\\\/\\\/carvalhoadvogado.aliamkt.com\\\/index.php\\\/2024\\\/09\\\/30\\\/gravida-demitida-seus-direitos-e-o-que-fazer\\\/#breadcrumb\"},\"inLanguage\":\"pt-BR\",\"potentialAction\":[{\"@type\":\"ReadAction\",\"target\":[\"https:\\\/\\\/carvalhoadvogado.aliamkt.com\\\/index.php\\\/2024\\\/09\\\/30\\\/gravida-demitida-seus-direitos-e-o-que-fazer\\\/\"]}]},{\"@type\":\"ImageObject\",\"inLanguage\":\"pt-BR\",\"@id\":\"https:\\\/\\\/carvalhoadvogado.aliamkt.com\\\/index.php\\\/2024\\\/09\\\/30\\\/gravida-demitida-seus-direitos-e-o-que-fazer\\\/#primaryimage\",\"url\":\"https:\\\/\\\/carvalhoadvogado.aliamkt.com\\\/wp-content\\\/uploads\\\/2024\\\/09\\\/advogado-trabalhista-.jpg\",\"contentUrl\":\"https:\\\/\\\/carvalhoadvogado.aliamkt.com\\\/wp-content\\\/uploads\\\/2024\\\/09\\\/advogado-trabalhista-.jpg\",\"width\":1080,\"height\":1080},{\"@type\":\"BreadcrumbList\",\"@id\":\"https:\\\/\\\/carvalhoadvogado.aliamkt.com\\\/index.php\\\/2024\\\/09\\\/30\\\/gravida-demitida-seus-direitos-e-o-que-fazer\\\/#breadcrumb\",\"itemListElement\":[{\"@type\":\"ListItem\",\"position\":1,\"name\":\"In\u00edcio\",\"item\":\"https:\\\/\\\/carvalhoadvogado.aliamkt.com\\\/\"},{\"@type\":\"ListItem\",\"position\":2,\"name\":\"Gr\u00e1vida Demitida: Seus Direitos e o que Fazer\"}]},{\"@type\":\"WebSite\",\"@id\":\"https:\\\/\\\/carvalhoadvogado.aliamkt.com\\\/#website\",\"url\":\"https:\\\/\\\/carvalhoadvogado.aliamkt.com\\\/\",\"name\":\"Pedro Carvalho Advogado\",\"description\":\"Advogado Trabalhista\",\"publisher\":{\"@id\":\"https:\\\/\\\/carvalhoadvogado.aliamkt.com\\\/#organization\"},\"potentialAction\":[{\"@type\":\"SearchAction\",\"target\":{\"@type\":\"EntryPoint\",\"urlTemplate\":\"https:\\\/\\\/carvalhoadvogado.aliamkt.com\\\/?s={search_term_string}\"},\"query-input\":{\"@type\":\"PropertyValueSpecification\",\"valueRequired\":true,\"valueName\":\"search_term_string\"}}],\"inLanguage\":\"pt-BR\"},{\"@type\":\"Organization\",\"@id\":\"https:\\\/\\\/carvalhoadvogado.aliamkt.com\\\/#organization\",\"name\":\"Pedro Carvalho Advogado\",\"url\":\"https:\\\/\\\/carvalhoadvogado.aliamkt.com\\\/\",\"logo\":{\"@type\":\"ImageObject\",\"inLanguage\":\"pt-BR\",\"@id\":\"https:\\\/\\\/carvalhoadvogado.aliamkt.com\\\/#\\\/schema\\\/logo\\\/image\\\/\",\"url\":\"https:\\\/\\\/carvalhoadvogado.aliamkt.com\\\/wp-content\\\/uploads\\\/2024\\\/06\\\/Logo-azul.png\",\"contentUrl\":\"https:\\\/\\\/carvalhoadvogado.aliamkt.com\\\/wp-content\\\/uploads\\\/2024\\\/06\\\/Logo-azul.png\",\"width\":500,\"height\":500,\"caption\":\"Pedro Carvalho Advogado\"},\"image\":{\"@id\":\"https:\\\/\\\/carvalhoadvogado.aliamkt.com\\\/#\\\/schema\\\/logo\\\/image\\\/\"}},{\"@type\":\"Person\",\"@id\":\"https:\\\/\\\/carvalhoadvogado.aliamkt.com\\\/#\\\/schema\\\/person\\\/8f4d67ba57d6160ee802836a319bd8eb\",\"name\":\"lailacarvalhoadv\",\"image\":{\"@type\":\"ImageObject\",\"inLanguage\":\"pt-BR\",\"@id\":\"https:\\\/\\\/secure.gravatar.com\\\/avatar\\\/a60961139a792fb5ca701fab485f653a1b3cc37cf8dbd4937b4134105caf5369?s=96&d=mm&r=g\",\"url\":\"https:\\\/\\\/secure.gravatar.com\\\/avatar\\\/a60961139a792fb5ca701fab485f653a1b3cc37cf8dbd4937b4134105caf5369?s=96&d=mm&r=g\",\"contentUrl\":\"https:\\\/\\\/secure.gravatar.com\\\/avatar\\\/a60961139a792fb5ca701fab485f653a1b3cc37cf8dbd4937b4134105caf5369?s=96&d=mm&r=g\",\"caption\":\"lailacarvalhoadv\"},\"sameAs\":[\"https:\\\/\\\/carvalhoadvogado.aliamkt.com\"],\"url\":\"https:\\\/\\\/carvalhoadvogado.aliamkt.com\\\/index.php\\\/author\\\/lailacarvalhoadv\\\/\"}]}<\/script>\n<!-- \/ Yoast SEO plugin. -->","yoast_head_json":{"title":"Gr\u00e1vida Demitida: Seus Direitos e o que Fazer - Pedro Carvalho Advogado Trabalhista","description":"Gr\u00e1vida demitida: Conhe\u00e7a seus direitos e lute por eles! Descubra tudo sobre a estabilidade da gestante, o que fazer em caso de demiss\u00e3o","robots":{"index":"index","follow":"follow","max-snippet":"max-snippet:-1","max-image-preview":"max-image-preview:large","max-video-preview":"max-video-preview:-1"},"canonical":"https:\/\/carvalhoadvogado.aliamkt.com\/index.php\/2024\/09\/30\/gravida-demitida-seus-direitos-e-o-que-fazer\/","og_locale":"pt_BR","og_type":"article","og_title":"Gr\u00e1vida Demitida: Seus Direitos e o que Fazer - Pedro Carvalho Advogado Trabalhista","og_description":"Gr\u00e1vida demitida: Conhe\u00e7a seus direitos e lute por eles! Descubra tudo sobre a estabilidade da gestante, o que fazer em caso de demiss\u00e3o","og_url":"https:\/\/carvalhoadvogado.aliamkt.com\/index.php\/2024\/09\/30\/gravida-demitida-seus-direitos-e-o-que-fazer\/","og_site_name":"Pedro Carvalho Advogado Trabalhista","article_published_time":"2024-09-30T17:53:26+00:00","article_modified_time":"2025-06-17T17:48:41+00:00","og_image":[{"width":1080,"height":1080,"url":"https:\/\/carvalhoadvogado.aliamkt.com\/wp-content\/uploads\/2024\/09\/advogado-trabalhista-.jpg","type":"image\/jpeg"}],"author":"lailacarvalhoadv","twitter_card":"summary_large_image","twitter_misc":{"Escrito por":"lailacarvalhoadv","Est. tempo de leitura":"6 minutos"},"schema":{"@context":"https:\/\/schema.org","@graph":[{"@type":"Article","@id":"https:\/\/carvalhoadvogado.aliamkt.com\/index.php\/2024\/09\/30\/gravida-demitida-seus-direitos-e-o-que-fazer\/#article","isPartOf":{"@id":"https:\/\/carvalhoadvogado.aliamkt.com\/index.php\/2024\/09\/30\/gravida-demitida-seus-direitos-e-o-que-fazer\/"},"author":{"name":"lailacarvalhoadv","@id":"https:\/\/carvalhoadvogado.aliamkt.com\/#\/schema\/person\/8f4d67ba57d6160ee802836a319bd8eb"},"headline":"Gr\u00e1vida Demitida: Seus Direitos e o que Fazer","datePublished":"2024-09-30T17:53:26+00:00","dateModified":"2025-06-17T17:48:41+00:00","mainEntityOfPage":{"@id":"https:\/\/carvalhoadvogado.aliamkt.com\/index.php\/2024\/09\/30\/gravida-demitida-seus-direitos-e-o-que-fazer\/"},"wordCount":1071,"commentCount":0,"publisher":{"@id":"https:\/\/carvalhoadvogado.aliamkt.com\/#organization"},"image":{"@id":"https:\/\/carvalhoadvogado.aliamkt.com\/index.php\/2024\/09\/30\/gravida-demitida-seus-direitos-e-o-que-fazer\/#primaryimage"},"thumbnailUrl":"https:\/\/carvalhoadvogado.aliamkt.com\/wp-content\/uploads\/2024\/09\/advogado-trabalhista-.jpg","articleSection":["Direito Trabalhista"],"inLanguage":"pt-BR","potentialAction":[{"@type":"CommentAction","name":"Comment","target":["https:\/\/carvalhoadvogado.aliamkt.com\/index.php\/2024\/09\/30\/gravida-demitida-seus-direitos-e-o-que-fazer\/#respond"]}]},{"@type":"WebPage","@id":"https:\/\/carvalhoadvogado.aliamkt.com\/index.php\/2024\/09\/30\/gravida-demitida-seus-direitos-e-o-que-fazer\/","url":"https:\/\/carvalhoadvogado.aliamkt.com\/index.php\/2024\/09\/30\/gravida-demitida-seus-direitos-e-o-que-fazer\/","name":"Gr\u00e1vida Demitida: Seus Direitos e o que Fazer - Pedro Carvalho Advogado Trabalhista","isPartOf":{"@id":"https:\/\/carvalhoadvogado.aliamkt.com\/#website"},"primaryImageOfPage":{"@id":"https:\/\/carvalhoadvogado.aliamkt.com\/index.php\/2024\/09\/30\/gravida-demitida-seus-direitos-e-o-que-fazer\/#primaryimage"},"image":{"@id":"https:\/\/carvalhoadvogado.aliamkt.com\/index.php\/2024\/09\/30\/gravida-demitida-seus-direitos-e-o-que-fazer\/#primaryimage"},"thumbnailUrl":"https:\/\/carvalhoadvogado.aliamkt.com\/wp-content\/uploads\/2024\/09\/advogado-trabalhista-.jpg","datePublished":"2024-09-30T17:53:26+00:00","dateModified":"2025-06-17T17:48:41+00:00","description":"Gr\u00e1vida demitida: Conhe\u00e7a seus direitos e lute por eles! Descubra tudo sobre a estabilidade da gestante, o que fazer em caso de demiss\u00e3o","breadcrumb":{"@id":"https:\/\/carvalhoadvogado.aliamkt.com\/index.php\/2024\/09\/30\/gravida-demitida-seus-direitos-e-o-que-fazer\/#breadcrumb"},"inLanguage":"pt-BR","potentialAction":[{"@type":"ReadAction","target":["https:\/\/carvalhoadvogado.aliamkt.com\/index.php\/2024\/09\/30\/gravida-demitida-seus-direitos-e-o-que-fazer\/"]}]},{"@type":"ImageObject","inLanguage":"pt-BR","@id":"https:\/\/carvalhoadvogado.aliamkt.com\/index.php\/2024\/09\/30\/gravida-demitida-seus-direitos-e-o-que-fazer\/#primaryimage","url":"https:\/\/carvalhoadvogado.aliamkt.com\/wp-content\/uploads\/2024\/09\/advogado-trabalhista-.jpg","contentUrl":"https:\/\/carvalhoadvogado.aliamkt.com\/wp-content\/uploads\/2024\/09\/advogado-trabalhista-.jpg","width":1080,"height":1080},{"@type":"BreadcrumbList","@id":"https:\/\/carvalhoadvogado.aliamkt.com\/index.php\/2024\/09\/30\/gravida-demitida-seus-direitos-e-o-que-fazer\/#breadcrumb","itemListElement":[{"@type":"ListItem","position":1,"name":"In\u00edcio","item":"https:\/\/carvalhoadvogado.aliamkt.com\/"},{"@type":"ListItem","position":2,"name":"Gr\u00e1vida Demitida: Seus Direitos e o que Fazer"}]},{"@type":"WebSite","@id":"https:\/\/carvalhoadvogado.aliamkt.com\/#website","url":"https:\/\/carvalhoadvogado.aliamkt.com\/","name":"Pedro Carvalho Advogado","description":"Advogado Trabalhista","publisher":{"@id":"https:\/\/carvalhoadvogado.aliamkt.com\/#organization"},"potentialAction":[{"@type":"SearchAction","target":{"@type":"EntryPoint","urlTemplate":"https:\/\/carvalhoadvogado.aliamkt.com\/?s={search_term_string}"},"query-input":{"@type":"PropertyValueSpecification","valueRequired":true,"valueName":"search_term_string"}}],"inLanguage":"pt-BR"},{"@type":"Organization","@id":"https:\/\/carvalhoadvogado.aliamkt.com\/#organization","name":"Pedro Carvalho Advogado","url":"https:\/\/carvalhoadvogado.aliamkt.com\/","logo":{"@type":"ImageObject","inLanguage":"pt-BR","@id":"https:\/\/carvalhoadvogado.aliamkt.com\/#\/schema\/logo\/image\/","url":"https:\/\/carvalhoadvogado.aliamkt.com\/wp-content\/uploads\/2024\/06\/Logo-azul.png","contentUrl":"https:\/\/carvalhoadvogado.aliamkt.com\/wp-content\/uploads\/2024\/06\/Logo-azul.png","width":500,"height":500,"caption":"Pedro Carvalho Advogado"},"image":{"@id":"https:\/\/carvalhoadvogado.aliamkt.com\/#\/schema\/logo\/image\/"}},{"@type":"Person","@id":"https:\/\/carvalhoadvogado.aliamkt.com\/#\/schema\/person\/8f4d67ba57d6160ee802836a319bd8eb","name":"lailacarvalhoadv","image":{"@type":"ImageObject","inLanguage":"pt-BR","@id":"https:\/\/secure.gravatar.com\/avatar\/a60961139a792fb5ca701fab485f653a1b3cc37cf8dbd4937b4134105caf5369?s=96&d=mm&r=g","url":"https:\/\/secure.gravatar.com\/avatar\/a60961139a792fb5ca701fab485f653a1b3cc37cf8dbd4937b4134105caf5369?s=96&d=mm&r=g","contentUrl":"https:\/\/secure.gravatar.com\/avatar\/a60961139a792fb5ca701fab485f653a1b3cc37cf8dbd4937b4134105caf5369?s=96&d=mm&r=g","caption":"lailacarvalhoadv"},"sameAs":["https:\/\/carvalhoadvogado.aliamkt.com"],"url":"https:\/\/carvalhoadvogado.aliamkt.com\/index.php\/author\/lailacarvalhoadv\/"}]}},"_links":{"self":[{"href":"https:\/\/carvalhoadvogado.aliamkt.com\/index.php\/wp-json\/wp\/v2\/posts\/568","targetHints":{"allow":["GET"]}}],"collection":[{"href":"https:\/\/carvalhoadvogado.aliamkt.com\/index.php\/wp-json\/wp\/v2\/posts"}],"about":[{"href":"https:\/\/carvalhoadvogado.aliamkt.com\/index.php\/wp-json\/wp\/v2\/types\/post"}],"author":[{"embeddable":true,"href":"https:\/\/carvalhoadvogado.aliamkt.com\/index.php\/wp-json\/wp\/v2\/users\/1"}],"replies":[{"embeddable":true,"href":"https:\/\/carvalhoadvogado.aliamkt.com\/index.php\/wp-json\/wp\/v2\/comments?post=568"}],"version-history":[{"count":3,"href":"https:\/\/carvalhoadvogado.aliamkt.com\/index.php\/wp-json\/wp\/v2\/posts\/568\/revisions"}],"predecessor-version":[{"id":807,"href":"https:\/\/carvalhoadvogado.aliamkt.com\/index.php\/wp-json\/wp\/v2\/posts\/568\/revisions\/807"}],"wp:featuredmedia":[{"embeddable":true,"href":"https:\/\/carvalhoadvogado.aliamkt.com\/index.php\/wp-json\/wp\/v2\/media\/569"}],"wp:attachment":[{"href":"https:\/\/carvalhoadvogado.aliamkt.com\/index.php\/wp-json\/wp\/v2\/media?parent=568"}],"wp:term":[{"taxonomy":"category","embeddable":true,"href":"https:\/\/carvalhoadvogado.aliamkt.com\/index.php\/wp-json\/wp\/v2\/categories?post=568"},{"taxonomy":"post_tag","embeddable":true,"href":"https:\/\/carvalhoadvogado.aliamkt.com\/index.php\/wp-json\/wp\/v2\/tags?post=568"}],"curies":[{"name":"wp","href":"https:\/\/api.w.org\/{rel}","templated":true}]}}