{"id":576,"date":"2024-10-01T17:49:58","date_gmt":"2024-10-01T20:49:58","guid":{"rendered":"https:\/\/carvalhoadvogado.aliamkt.com\/?p=576"},"modified":"2025-06-17T14:29:21","modified_gmt":"2025-06-17T17:29:21","slug":"surdez-por-acidente-de-trabalho-como-conseguir-indenizacao","status":"publish","type":"post","link":"https:\/\/carvalhoadvogado.aliamkt.com\/index.php\/2024\/10\/01\/surdez-por-acidente-de-trabalho-como-conseguir-indenizacao\/","title":{"rendered":"Surdez por Acidente de Trabalho:  Como Conseguir Indeniza\u00e7\u00e3o"},"content":{"rendered":"<p data-pm-slice=\"1 1 []\">Voc\u00ea j\u00e1 imaginou como seria a vida sem conseguir ouvir as vozes das pessoas que ama, os sons do ambiente ou sua m\u00fasica favorita? Pois \u00e9, essa \u00e9 a dura realidade de muitos trabalhadores brasileiros. A surdez ocupacional, infelizmente, \u00e9 um problema recorrente \u2014 e muitas vezes negligenciado. Ela pode ser causada por ru\u00eddos excessivos, traumas ac\u00fasticos, contato com produtos qu\u00edmicos ou exposi\u00e7\u00e3o constante a vibra\u00e7\u00f5es.<\/p>\n<p>A boa not\u00edcia \u00e9 que, se a perda auditiva foi causada pelo trabalho, voc\u00ea pode ter direito a <strong>indeniza\u00e7\u00e3o, estabilidade no emprego, aposentadoria ou aux\u00edlio-acidente<\/strong>. Neste guia completo, vamos explicar tudo isso passo a passo.<\/p>\n<div>\n<hr \/>\n<\/div>\n<h2><strong>Tipos de Acidentes de Trabalho que Podem Causar Surdez<\/strong><\/h2>\n<h3><strong>1. Exposi\u00e7\u00e3o a Ru\u00eddos Intensos e Constantes<\/strong><\/h3>\n<p>Imagine trabalhar em uma obra com britadeiras, em um show como t\u00e9cnico de som ou em uma f\u00e1brica com m\u00e1quinas barulhentas&#8230; Agora imagine isso todos os dias, por anos.<\/p>\n<p>Mesmo que pare\u00e7a \u201cacostumar\u201d, o dano est\u00e1 sendo feito. Ru\u00eddos acima de 85 decib\u00e9is, sem prote\u00e7\u00e3o, podem levar \u00e0 <strong>perda auditiva permanente<\/strong>.<\/p>\n<h3><strong>2. Traumas Ac\u00fasticos: O Barulho que D\u00f3i<\/strong><\/h3>\n<p>Explos\u00f5es, tiros ou quedas de objetos pesados geram um som t\u00e3o intenso que lesionam imediatamente as estruturas internas do ouvido. Isso \u00e9 chamado de trauma ac\u00fastico. E sim, pode causar <strong>surdez instant\u00e2nea<\/strong>.<\/p>\n<h3><strong>3. Exposi\u00e7\u00e3o a Subst\u00e2ncias Otot\u00f3xicas<\/strong><\/h3>\n<p>Solventes, metais pesados (como chumbo e merc\u00fario) e certos medicamentos podem danificar os nervos auditivos. O perigo est\u00e1 no ac\u00famulo: ao longo do tempo, mesmo em pequenas quantidades, o preju\u00edzo pode ser grave.<\/p>\n<h3><strong>4. Vibra\u00e7\u00e3o Cont\u00ednua: Um Risco Silencioso<\/strong><\/h3>\n<p>Operadores de m\u00e1quinas pesadas e motoristas de caminh\u00e3o est\u00e3o expostos a vibra\u00e7\u00f5es que prejudicam a circula\u00e7\u00e3o sangu\u00ednea no ouvido. Isso compromete a audi\u00e7\u00e3o e, se n\u00e3o for tratado, pode se tornar irrevers\u00edvel.<\/p>\n<div>\n<hr \/>\n<\/div>\n<h2><strong>Consequ\u00eancias da Surdez Ocupacional<\/strong><\/h2>\n<h3><strong>5. Isolamento Social e Frustra\u00e7\u00f5es Pessoais<\/strong><\/h3>\n<p>N\u00e3o conseguir entender uma conversa no almo\u00e7o com a fam\u00edlia&#8230; Ouvir errado uma orienta\u00e7\u00e3o no trabalho&#8230; Tudo isso gera <strong>frustra\u00e7\u00e3o, vergonha e isolamento<\/strong>.<\/p>\n<h3><strong>6. Ansiedade, Depress\u00e3o e Baixa Autoestima<\/strong><\/h3>\n<p>Com o tempo, o trabalhador afetado pode desenvolver transtornos como ansiedade, depress\u00e3o e at\u00e9 p\u00e2nico, agravando ainda mais seu estado de sa\u00fade geral.<\/p>\n<h3><strong>7. Queda de Desempenho Profissional<\/strong><\/h3>\n<p>Imagine trabalhar em uma linha de produ\u00e7\u00e3o sem ouvir os alertas sonoros&#8230; ou tentar vender algo sem entender o cliente. A produtividade despenca \u2014 e as oportunidades tamb\u00e9m.<\/p>\n<h3><strong>8. Perda de Qualidade de Vida<\/strong><\/h3>\n<p>A dificuldade de ouvir impacta tudo: desde lazer at\u00e9 relacionamentos. E o pior? Muitos nem sabem que t\u00eam direito a aux\u00edlio e indeniza\u00e7\u00e3o.<\/p>\n<div>\n<hr \/>\n<\/div>\n<h2><strong>Direitos do Trabalhador com Surdez Ocupacional<\/strong><\/h2>\n<h3><strong>9. Aux\u00edlio-Doen\u00e7a Acident\u00e1rio e Aposentadoria por Invalidez<\/strong><\/h3>\n<p>Se a perda auditiva impede voc\u00ea de trabalhar temporariamente, pode receber o <strong>aux\u00edlio-doen\u00e7a acident\u00e1rio<\/strong>. Se a incapacidade for permanente, \u00e9 poss\u00edvel obter <strong>aposentadoria por invalidez<\/strong>.<\/p>\n<h3><strong>10. Indeniza\u00e7\u00e3o por Danos Morais e Materiais<\/strong><\/h3>\n<p>Voc\u00ea pode pedir indeniza\u00e7\u00e3o na Justi\u00e7a do Trabalho pelos danos causados. Os <strong>danos morais<\/strong> compensam o sofrimento. J\u00e1 os <strong>materiais<\/strong> cobrem gastos com exames, tratamentos, aparelhos auditivos etc.<\/p>\n<h3><strong>11. Estabilidade no Emprego por 12 Meses<\/strong><\/h3>\n<p>Ap\u00f3s o afastamento, voc\u00ea tem <strong>garantia no emprego por um ano<\/strong>. Ou seja: n\u00e3o pode ser demitido sem justa causa.<\/p>\n<h3><strong>12. Readapta\u00e7\u00e3o Profissional<\/strong><\/h3>\n<p>Se n\u00e3o puder voltar \u00e0 fun\u00e7\u00e3o anterior, o empregador deve oferecer outra compat\u00edvel com sua nova condi\u00e7\u00e3o, mantendo seus direitos.<\/p>\n<h3><strong>13. Aux\u00edlio-Acidente<\/strong><\/h3>\n<p>Mesmo que continue trabalhando, voc\u00ea pode receber esse benef\u00edcio <strong>mensal vital\u00edcio<\/strong> como compensa\u00e7\u00e3o pela sequela.<\/p>\n<h3><strong>14. Pens\u00e3o por Morte<\/strong><\/h3>\n<p>Se a surdez evoluir e levar a complica\u00e7\u00f5es fatais (como acidentes provocados pela perda de audi\u00e7\u00e3o), a fam\u00edlia do trabalhador pode ter direito \u00e0 <strong>pens\u00e3o por morte<\/strong>.<\/p>\n<div>\n<hr \/>\n<\/div>\n<h2><strong>Comprova\u00e7\u00e3o do Nexo Causal: Como Provar que a Surdez Veio do Trabalho<\/strong><\/h2>\n<h3><strong>15. Laudos M\u00e9dicos e Audiometrias<\/strong><\/h3>\n<p>Procure um otorrinolaringologista ou especialista em medicina do trabalho. Laudos e exames s\u00e3o a base da sua comprova\u00e7\u00e3o.<\/p>\n<h3><strong>16. PPP \u2013 Perfil Profissiogr\u00e1fico Previdenci\u00e1rio<\/strong><\/h3>\n<p>Este documento prova que voc\u00ea trabalhou exposto a ru\u00eddo ou subst\u00e2ncias t\u00f3xicas.<\/p>\n<h3><strong>17. Comunica\u00e7\u00e3o de Acidente de Trabalho (CAT)<\/strong><\/h3>\n<p>Deve ser emitida pela empresa. Se ela se recusar, voc\u00ea pode emitir por conta pr\u00f3pria ou via sindicato.<\/p>\n<h3><strong>18. Testemunhas e Colegas de Trabalho<\/strong><\/h3>\n<p>Relatos que confirmem sua rotina exposta a barulho ou agentes nocivos ajudam muito no processo.<\/p>\n<h3><strong>19. Hist\u00f3rico de Exames<\/strong><\/h3>\n<p>Se voc\u00ea fez exames audiom\u00e9tricos ao longo da carreira, eles mostram a evolu\u00e7\u00e3o da surdez e comprovam o v\u00ednculo com o trabalho.<\/p>\n<h3><strong>20. NTEP \u2013 Nexo T\u00e9cnico Epidemiol\u00f3gico Previdenci\u00e1rio<\/strong><\/h3>\n<p>Ferramenta do INSS que reconhece automaticamente o nexo entre certas profiss\u00f5es e doen\u00e7as \u2014 inclusive a surdez.<\/p>\n<div>\n<hr \/>\n<\/div>\n<h2><strong>Responsabilidades do Empregador na Preven\u00e7\u00e3o<\/strong><\/h2>\n<h3><strong>21. Cumprimento das Normas Regulamentadoras (NRs)<\/strong><\/h3>\n<p>As principais s\u00e3o:<\/p>\n<ul data-spread=\"false\">\n<li><strong>NR-9 (PPRA)<\/strong>: avalia e controla riscos ambientais;<\/li>\n<li><strong>NR-15<\/strong>: define os limites de exposi\u00e7\u00e3o a ru\u00eddo.<\/li>\n<\/ul>\n<h3><strong>22. Avalia\u00e7\u00e3o dos N\u00edveis de Ru\u00eddo e Controle Ambiental<\/strong><\/h3>\n<p>O empregador deve monitorar e reduzir o barulho com isolamento ac\u00fastico e melhorias nos equipamentos.<\/p>\n<h3><strong>23. Fornecimento de EPIs Auditivos<\/strong><\/h3>\n<p>Protetores auriculares, abafadores de ru\u00eddo e capacetes com prote\u00e7\u00e3o devem ser obrigat\u00f3rios em \u00e1reas de risco.<\/p>\n<h3><strong>24. Programa de Conserva\u00e7\u00e3o Auditiva (PCA)<\/strong><\/h3>\n<p>Treinamento, exames regulares e conscientiza\u00e7\u00e3o s\u00e3o medidas preventivas obrigat\u00f3rias.<\/p>\n<h3><strong>25. Educa\u00e7\u00e3o e Treinamento Constante<\/strong><\/h3>\n<p>Palestras, cartilhas e cursos sobre sa\u00fade auditiva devem fazer parte da rotina da empresa.<\/p>\n<h3><strong>26. Monitoramento da Sa\u00fade Auditiva<\/strong><\/h3>\n<p>Audiometrias devem ser feitas ao admitir, periodicamente durante o contrato, e na demiss\u00e3o.<\/p>\n<div>\n<hr \/>\n<\/div>\n<h2><strong>Conclus\u00e3o<\/strong><\/h2>\n<p>A surdez ocupacional n\u00e3o pode ser tratada como um simples &#8220;efeito colateral&#8221; do trabalho. Ela <strong>compromete vidas, carreiras e fam\u00edlias inteiras<\/strong>.<\/p>\n<p>Felizmente, a lei est\u00e1 do lado do trabalhador. Mas, para garantir seus direitos, voc\u00ea precisa estar bem informado e buscar apoio jur\u00eddico especializado.<\/p>\n<p>N\u00e3o aceite o sil\u00eancio como resposta. Lute pela sua sa\u00fade e dignidade!<\/p>\n<div>\n<hr \/>\n<\/div>\n<h2><strong>FAQs \u2013 D\u00favidas Frequentes<\/strong><\/h2>\n<p><strong>1. O que \u00e9 considerado surdez ocupacional?<\/strong> \u00c9 a perda auditiva causada por exposi\u00e7\u00e3o a agentes nocivos no trabalho, como ru\u00eddo, vibra\u00e7\u00e3o ou subst\u00e2ncias t\u00f3xicas.<\/p>\n<p><strong>2. Posso receber indeniza\u00e7\u00e3o mesmo continuando no emprego?<\/strong> Sim, atrav\u00e9s do <strong>aux\u00edlio-acidente<\/strong> e indeniza\u00e7\u00e3o judicial, se houver culpa do empregador.<\/p>\n<p><strong>3. O que fazer se a empresa se recusar a emitir a CAT?<\/strong> Voc\u00ea pode emitir por conta pr\u00f3pria, via sindicato, m\u00e9dico assistente ou diretamente pelo site do INSS.<\/p>\n<p><strong>4. A empresa \u00e9 obrigada a fornecer protetores auriculares?<\/strong> Sim! O fornecimento de EPIs \u00e9 obrigat\u00f3rio e o descumprimento pode gerar multa e responsabiliza\u00e7\u00e3o civil.<\/p>\n<p><strong>5. Preciso de advogado para entrar com pedido de indeniza\u00e7\u00e3o?<\/strong> Sim, \u00e9 recomend\u00e1vel. Um advogado especializado aumenta suas chances de sucesso e te orienta com seguran\u00e7a.<\/p>\n<p>&nbsp;<\/p>\n<p><a href=\"https:\/\/carvalhoadvogado.aliamkt.com\/index.php\/2024\/09\/30\/acidente-de-trabalho-por-queda-o-que-voce-precisa-saber\/\"><b>acidente de trabalho<\/b><\/a><span style=\"font-weight: 400;\">\u00a0<\/span><\/p>\n<h3><b>Fale com o Dr. Pedro Carvalho!<\/b><\/h3>\n<p><span style=\"font-weight: 400;\">Clique no bot\u00e3o abaixo e obtenha a orienta\u00e7\u00e3o jur\u00eddica que voc\u00ea precisa para resolver suas quest\u00f5es com seguran\u00e7a e confian\u00e7a.<\/span><\/p>\n<p><a href=\"https:\/\/wa.me\/5531975283687\"><span style=\"font-weight: 400;\">Fale comigo agora mesmo<\/span><\/a><\/p>\n<p><span style=\"font-weight: 400;\">Siga-nos na rede social, @pedroncarvalhoadv, e fique por dentro das \u00faltimas novidades!<\/span><\/p>\n","protected":false},"excerpt":{"rendered":"<p>Voc\u00ea j\u00e1 imaginou como seria a vida sem conseguir ouvir as vozes das pessoas que ama, os sons do ambiente ou sua m\u00fasica favorita? Pois \u00e9, essa \u00e9 a dura realidade de muitos trabalhadores brasileiros. A surdez ocupacional, infelizmente, \u00e9 um problema recorrente \u2014 e muitas vezes negligenciado. Ela pode ser causada por ru\u00eddos excessivos, [&hellip;]<\/p>\n","protected":false},"author":1,"featured_media":577,"comment_status":"open","ping_status":"open","sticky":false,"template":"","format":"standard","meta":{"_joinchat":[],"footnotes":""},"categories":[6],"tags":[],"class_list":["post-576","post","type-post","status-publish","format-standard","has-post-thumbnail","hentry","category-direito-trabalhista"],"yoast_head":"<!-- This site is optimized with the Yoast SEO plugin v27.5 - https:\/\/yoast.com\/product\/yoast-seo-wordpress\/ -->\n<title>Surdez por Acidente de Trabalho: Como Conseguir Indeniza\u00e7\u00e3o - Pedro Carvalho Advogado Trabalhista<\/title>\n<meta name=\"description\" content=\"Surdez por Acidente de Trabalho: Como Conseguir Indeniza\u00e7\u00e3o, Saiba como comprovar o nexo causal, garantir seus direitos\" \/>\n<meta name=\"robots\" content=\"index, follow, max-snippet:-1, max-image-preview:large, max-video-preview:-1\" \/>\n<link rel=\"canonical\" href=\"https:\/\/carvalhoadvogado.aliamkt.com\/index.php\/2024\/10\/01\/surdez-por-acidente-de-trabalho-como-conseguir-indenizacao\/\" \/>\n<meta property=\"og:locale\" content=\"pt_BR\" \/>\n<meta property=\"og:type\" content=\"article\" \/>\n<meta property=\"og:title\" content=\"Surdez por Acidente de Trabalho: Como Conseguir Indeniza\u00e7\u00e3o - Pedro Carvalho Advogado Trabalhista\" \/>\n<meta property=\"og:description\" content=\"Surdez por Acidente de Trabalho: Como Conseguir Indeniza\u00e7\u00e3o, Saiba como comprovar o nexo causal, garantir seus direitos\" \/>\n<meta property=\"og:url\" content=\"https:\/\/carvalhoadvogado.aliamkt.com\/index.php\/2024\/10\/01\/surdez-por-acidente-de-trabalho-como-conseguir-indenizacao\/\" \/>\n<meta property=\"og:site_name\" content=\"Pedro Carvalho Advogado Trabalhista\" \/>\n<meta property=\"article:published_time\" content=\"2024-10-01T20:49:58+00:00\" \/>\n<meta property=\"article:modified_time\" content=\"2025-06-17T17:29:21+00:00\" \/>\n<meta property=\"og:image\" content=\"https:\/\/carvalhoadvogado.aliamkt.com\/wp-content\/uploads\/2024\/10\/advogado-trabalhista-em-Belo-Horizonte--scaled.jpg\" \/>\n\t<meta property=\"og:image:width\" content=\"2560\" \/>\n\t<meta property=\"og:image:height\" content=\"2560\" \/>\n\t<meta property=\"og:image:type\" content=\"image\/jpeg\" \/>\n<meta name=\"author\" content=\"lailacarvalhoadv\" \/>\n<meta name=\"twitter:card\" content=\"summary_large_image\" \/>\n<meta name=\"twitter:label1\" content=\"Escrito por\" \/>\n\t<meta name=\"twitter:data1\" content=\"lailacarvalhoadv\" \/>\n\t<meta name=\"twitter:label2\" content=\"Est. tempo de leitura\" \/>\n\t<meta name=\"twitter:data2\" content=\"7 minutos\" \/>\n<script type=\"application\/ld+json\" class=\"yoast-schema-graph\">{\"@context\":\"https:\\\/\\\/schema.org\",\"@graph\":[{\"@type\":\"Article\",\"@id\":\"https:\\\/\\\/carvalhoadvogado.aliamkt.com\\\/index.php\\\/2024\\\/10\\\/01\\\/surdez-por-acidente-de-trabalho-como-conseguir-indenizacao\\\/#article\",\"isPartOf\":{\"@id\":\"https:\\\/\\\/carvalhoadvogado.aliamkt.com\\\/index.php\\\/2024\\\/10\\\/01\\\/surdez-por-acidente-de-trabalho-como-conseguir-indenizacao\\\/\"},\"author\":{\"name\":\"lailacarvalhoadv\",\"@id\":\"https:\\\/\\\/carvalhoadvogado.aliamkt.com\\\/#\\\/schema\\\/person\\\/8f4d67ba57d6160ee802836a319bd8eb\"},\"headline\":\"Surdez por Acidente de Trabalho: Como Conseguir Indeniza\u00e7\u00e3o\",\"datePublished\":\"2024-10-01T20:49:58+00:00\",\"dateModified\":\"2025-06-17T17:29:21+00:00\",\"mainEntityOfPage\":{\"@id\":\"https:\\\/\\\/carvalhoadvogado.aliamkt.com\\\/index.php\\\/2024\\\/10\\\/01\\\/surdez-por-acidente-de-trabalho-como-conseguir-indenizacao\\\/\"},\"wordCount\":1193,\"commentCount\":0,\"publisher\":{\"@id\":\"https:\\\/\\\/carvalhoadvogado.aliamkt.com\\\/#organization\"},\"image\":{\"@id\":\"https:\\\/\\\/carvalhoadvogado.aliamkt.com\\\/index.php\\\/2024\\\/10\\\/01\\\/surdez-por-acidente-de-trabalho-como-conseguir-indenizacao\\\/#primaryimage\"},\"thumbnailUrl\":\"https:\\\/\\\/carvalhoadvogado.aliamkt.com\\\/wp-content\\\/uploads\\\/2024\\\/10\\\/advogado-trabalhista-em-Belo-Horizonte--scaled.jpg\",\"articleSection\":[\"Direito Trabalhista\"],\"inLanguage\":\"pt-BR\",\"potentialAction\":[{\"@type\":\"CommentAction\",\"name\":\"Comment\",\"target\":[\"https:\\\/\\\/carvalhoadvogado.aliamkt.com\\\/index.php\\\/2024\\\/10\\\/01\\\/surdez-por-acidente-de-trabalho-como-conseguir-indenizacao\\\/#respond\"]}]},{\"@type\":\"WebPage\",\"@id\":\"https:\\\/\\\/carvalhoadvogado.aliamkt.com\\\/index.php\\\/2024\\\/10\\\/01\\\/surdez-por-acidente-de-trabalho-como-conseguir-indenizacao\\\/\",\"url\":\"https:\\\/\\\/carvalhoadvogado.aliamkt.com\\\/index.php\\\/2024\\\/10\\\/01\\\/surdez-por-acidente-de-trabalho-como-conseguir-indenizacao\\\/\",\"name\":\"Surdez por Acidente de Trabalho: Como Conseguir Indeniza\u00e7\u00e3o - Pedro Carvalho Advogado Trabalhista\",\"isPartOf\":{\"@id\":\"https:\\\/\\\/carvalhoadvogado.aliamkt.com\\\/#website\"},\"primaryImageOfPage\":{\"@id\":\"https:\\\/\\\/carvalhoadvogado.aliamkt.com\\\/index.php\\\/2024\\\/10\\\/01\\\/surdez-por-acidente-de-trabalho-como-conseguir-indenizacao\\\/#primaryimage\"},\"image\":{\"@id\":\"https:\\\/\\\/carvalhoadvogado.aliamkt.com\\\/index.php\\\/2024\\\/10\\\/01\\\/surdez-por-acidente-de-trabalho-como-conseguir-indenizacao\\\/#primaryimage\"},\"thumbnailUrl\":\"https:\\\/\\\/carvalhoadvogado.aliamkt.com\\\/wp-content\\\/uploads\\\/2024\\\/10\\\/advogado-trabalhista-em-Belo-Horizonte--scaled.jpg\",\"datePublished\":\"2024-10-01T20:49:58+00:00\",\"dateModified\":\"2025-06-17T17:29:21+00:00\",\"description\":\"Surdez por Acidente de Trabalho: Como Conseguir Indeniza\u00e7\u00e3o, Saiba como comprovar o nexo causal, garantir seus direitos\",\"breadcrumb\":{\"@id\":\"https:\\\/\\\/carvalhoadvogado.aliamkt.com\\\/index.php\\\/2024\\\/10\\\/01\\\/surdez-por-acidente-de-trabalho-como-conseguir-indenizacao\\\/#breadcrumb\"},\"inLanguage\":\"pt-BR\",\"potentialAction\":[{\"@type\":\"ReadAction\",\"target\":[\"https:\\\/\\\/carvalhoadvogado.aliamkt.com\\\/index.php\\\/2024\\\/10\\\/01\\\/surdez-por-acidente-de-trabalho-como-conseguir-indenizacao\\\/\"]}]},{\"@type\":\"ImageObject\",\"inLanguage\":\"pt-BR\",\"@id\":\"https:\\\/\\\/carvalhoadvogado.aliamkt.com\\\/index.php\\\/2024\\\/10\\\/01\\\/surdez-por-acidente-de-trabalho-como-conseguir-indenizacao\\\/#primaryimage\",\"url\":\"https:\\\/\\\/carvalhoadvogado.aliamkt.com\\\/wp-content\\\/uploads\\\/2024\\\/10\\\/advogado-trabalhista-em-Belo-Horizonte--scaled.jpg\",\"contentUrl\":\"https:\\\/\\\/carvalhoadvogado.aliamkt.com\\\/wp-content\\\/uploads\\\/2024\\\/10\\\/advogado-trabalhista-em-Belo-Horizonte--scaled.jpg\",\"width\":2560,\"height\":2560},{\"@type\":\"BreadcrumbList\",\"@id\":\"https:\\\/\\\/carvalhoadvogado.aliamkt.com\\\/index.php\\\/2024\\\/10\\\/01\\\/surdez-por-acidente-de-trabalho-como-conseguir-indenizacao\\\/#breadcrumb\",\"itemListElement\":[{\"@type\":\"ListItem\",\"position\":1,\"name\":\"In\u00edcio\",\"item\":\"https:\\\/\\\/carvalhoadvogado.aliamkt.com\\\/\"},{\"@type\":\"ListItem\",\"position\":2,\"name\":\"Surdez por Acidente de Trabalho: Como Conseguir Indeniza\u00e7\u00e3o\"}]},{\"@type\":\"WebSite\",\"@id\":\"https:\\\/\\\/carvalhoadvogado.aliamkt.com\\\/#website\",\"url\":\"https:\\\/\\\/carvalhoadvogado.aliamkt.com\\\/\",\"name\":\"Pedro Carvalho Advogado\",\"description\":\"Advogado Trabalhista\",\"publisher\":{\"@id\":\"https:\\\/\\\/carvalhoadvogado.aliamkt.com\\\/#organization\"},\"potentialAction\":[{\"@type\":\"SearchAction\",\"target\":{\"@type\":\"EntryPoint\",\"urlTemplate\":\"https:\\\/\\\/carvalhoadvogado.aliamkt.com\\\/?s={search_term_string}\"},\"query-input\":{\"@type\":\"PropertyValueSpecification\",\"valueRequired\":true,\"valueName\":\"search_term_string\"}}],\"inLanguage\":\"pt-BR\"},{\"@type\":\"Organization\",\"@id\":\"https:\\\/\\\/carvalhoadvogado.aliamkt.com\\\/#organization\",\"name\":\"Pedro Carvalho Advogado\",\"url\":\"https:\\\/\\\/carvalhoadvogado.aliamkt.com\\\/\",\"logo\":{\"@type\":\"ImageObject\",\"inLanguage\":\"pt-BR\",\"@id\":\"https:\\\/\\\/carvalhoadvogado.aliamkt.com\\\/#\\\/schema\\\/logo\\\/image\\\/\",\"url\":\"https:\\\/\\\/carvalhoadvogado.aliamkt.com\\\/wp-content\\\/uploads\\\/2024\\\/06\\\/Logo-azul.png\",\"contentUrl\":\"https:\\\/\\\/carvalhoadvogado.aliamkt.com\\\/wp-content\\\/uploads\\\/2024\\\/06\\\/Logo-azul.png\",\"width\":500,\"height\":500,\"caption\":\"Pedro Carvalho Advogado\"},\"image\":{\"@id\":\"https:\\\/\\\/carvalhoadvogado.aliamkt.com\\\/#\\\/schema\\\/logo\\\/image\\\/\"}},{\"@type\":\"Person\",\"@id\":\"https:\\\/\\\/carvalhoadvogado.aliamkt.com\\\/#\\\/schema\\\/person\\\/8f4d67ba57d6160ee802836a319bd8eb\",\"name\":\"lailacarvalhoadv\",\"image\":{\"@type\":\"ImageObject\",\"inLanguage\":\"pt-BR\",\"@id\":\"https:\\\/\\\/secure.gravatar.com\\\/avatar\\\/a60961139a792fb5ca701fab485f653a1b3cc37cf8dbd4937b4134105caf5369?s=96&d=mm&r=g\",\"url\":\"https:\\\/\\\/secure.gravatar.com\\\/avatar\\\/a60961139a792fb5ca701fab485f653a1b3cc37cf8dbd4937b4134105caf5369?s=96&d=mm&r=g\",\"contentUrl\":\"https:\\\/\\\/secure.gravatar.com\\\/avatar\\\/a60961139a792fb5ca701fab485f653a1b3cc37cf8dbd4937b4134105caf5369?s=96&d=mm&r=g\",\"caption\":\"lailacarvalhoadv\"},\"sameAs\":[\"https:\\\/\\\/carvalhoadvogado.aliamkt.com\"],\"url\":\"https:\\\/\\\/carvalhoadvogado.aliamkt.com\\\/index.php\\\/author\\\/lailacarvalhoadv\\\/\"}]}<\/script>\n<!-- \/ Yoast SEO plugin. -->","yoast_head_json":{"title":"Surdez por Acidente de Trabalho: Como Conseguir Indeniza\u00e7\u00e3o - Pedro Carvalho Advogado Trabalhista","description":"Surdez por Acidente de Trabalho: Como Conseguir Indeniza\u00e7\u00e3o, Saiba como comprovar o nexo causal, garantir seus direitos","robots":{"index":"index","follow":"follow","max-snippet":"max-snippet:-1","max-image-preview":"max-image-preview:large","max-video-preview":"max-video-preview:-1"},"canonical":"https:\/\/carvalhoadvogado.aliamkt.com\/index.php\/2024\/10\/01\/surdez-por-acidente-de-trabalho-como-conseguir-indenizacao\/","og_locale":"pt_BR","og_type":"article","og_title":"Surdez por Acidente de Trabalho: Como Conseguir Indeniza\u00e7\u00e3o - Pedro Carvalho Advogado Trabalhista","og_description":"Surdez por Acidente de Trabalho: Como Conseguir Indeniza\u00e7\u00e3o, Saiba como comprovar o nexo causal, garantir seus direitos","og_url":"https:\/\/carvalhoadvogado.aliamkt.com\/index.php\/2024\/10\/01\/surdez-por-acidente-de-trabalho-como-conseguir-indenizacao\/","og_site_name":"Pedro Carvalho Advogado Trabalhista","article_published_time":"2024-10-01T20:49:58+00:00","article_modified_time":"2025-06-17T17:29:21+00:00","og_image":[{"width":2560,"height":2560,"url":"https:\/\/carvalhoadvogado.aliamkt.com\/wp-content\/uploads\/2024\/10\/advogado-trabalhista-em-Belo-Horizonte--scaled.jpg","type":"image\/jpeg"}],"author":"lailacarvalhoadv","twitter_card":"summary_large_image","twitter_misc":{"Escrito por":"lailacarvalhoadv","Est. tempo de leitura":"7 minutos"},"schema":{"@context":"https:\/\/schema.org","@graph":[{"@type":"Article","@id":"https:\/\/carvalhoadvogado.aliamkt.com\/index.php\/2024\/10\/01\/surdez-por-acidente-de-trabalho-como-conseguir-indenizacao\/#article","isPartOf":{"@id":"https:\/\/carvalhoadvogado.aliamkt.com\/index.php\/2024\/10\/01\/surdez-por-acidente-de-trabalho-como-conseguir-indenizacao\/"},"author":{"name":"lailacarvalhoadv","@id":"https:\/\/carvalhoadvogado.aliamkt.com\/#\/schema\/person\/8f4d67ba57d6160ee802836a319bd8eb"},"headline":"Surdez por Acidente de Trabalho: Como Conseguir Indeniza\u00e7\u00e3o","datePublished":"2024-10-01T20:49:58+00:00","dateModified":"2025-06-17T17:29:21+00:00","mainEntityOfPage":{"@id":"https:\/\/carvalhoadvogado.aliamkt.com\/index.php\/2024\/10\/01\/surdez-por-acidente-de-trabalho-como-conseguir-indenizacao\/"},"wordCount":1193,"commentCount":0,"publisher":{"@id":"https:\/\/carvalhoadvogado.aliamkt.com\/#organization"},"image":{"@id":"https:\/\/carvalhoadvogado.aliamkt.com\/index.php\/2024\/10\/01\/surdez-por-acidente-de-trabalho-como-conseguir-indenizacao\/#primaryimage"},"thumbnailUrl":"https:\/\/carvalhoadvogado.aliamkt.com\/wp-content\/uploads\/2024\/10\/advogado-trabalhista-em-Belo-Horizonte--scaled.jpg","articleSection":["Direito Trabalhista"],"inLanguage":"pt-BR","potentialAction":[{"@type":"CommentAction","name":"Comment","target":["https:\/\/carvalhoadvogado.aliamkt.com\/index.php\/2024\/10\/01\/surdez-por-acidente-de-trabalho-como-conseguir-indenizacao\/#respond"]}]},{"@type":"WebPage","@id":"https:\/\/carvalhoadvogado.aliamkt.com\/index.php\/2024\/10\/01\/surdez-por-acidente-de-trabalho-como-conseguir-indenizacao\/","url":"https:\/\/carvalhoadvogado.aliamkt.com\/index.php\/2024\/10\/01\/surdez-por-acidente-de-trabalho-como-conseguir-indenizacao\/","name":"Surdez por Acidente de Trabalho: Como Conseguir Indeniza\u00e7\u00e3o - Pedro Carvalho Advogado Trabalhista","isPartOf":{"@id":"https:\/\/carvalhoadvogado.aliamkt.com\/#website"},"primaryImageOfPage":{"@id":"https:\/\/carvalhoadvogado.aliamkt.com\/index.php\/2024\/10\/01\/surdez-por-acidente-de-trabalho-como-conseguir-indenizacao\/#primaryimage"},"image":{"@id":"https:\/\/carvalhoadvogado.aliamkt.com\/index.php\/2024\/10\/01\/surdez-por-acidente-de-trabalho-como-conseguir-indenizacao\/#primaryimage"},"thumbnailUrl":"https:\/\/carvalhoadvogado.aliamkt.com\/wp-content\/uploads\/2024\/10\/advogado-trabalhista-em-Belo-Horizonte--scaled.jpg","datePublished":"2024-10-01T20:49:58+00:00","dateModified":"2025-06-17T17:29:21+00:00","description":"Surdez por Acidente de Trabalho: Como Conseguir Indeniza\u00e7\u00e3o, Saiba como comprovar o nexo causal, garantir seus direitos","breadcrumb":{"@id":"https:\/\/carvalhoadvogado.aliamkt.com\/index.php\/2024\/10\/01\/surdez-por-acidente-de-trabalho-como-conseguir-indenizacao\/#breadcrumb"},"inLanguage":"pt-BR","potentialAction":[{"@type":"ReadAction","target":["https:\/\/carvalhoadvogado.aliamkt.com\/index.php\/2024\/10\/01\/surdez-por-acidente-de-trabalho-como-conseguir-indenizacao\/"]}]},{"@type":"ImageObject","inLanguage":"pt-BR","@id":"https:\/\/carvalhoadvogado.aliamkt.com\/index.php\/2024\/10\/01\/surdez-por-acidente-de-trabalho-como-conseguir-indenizacao\/#primaryimage","url":"https:\/\/carvalhoadvogado.aliamkt.com\/wp-content\/uploads\/2024\/10\/advogado-trabalhista-em-Belo-Horizonte--scaled.jpg","contentUrl":"https:\/\/carvalhoadvogado.aliamkt.com\/wp-content\/uploads\/2024\/10\/advogado-trabalhista-em-Belo-Horizonte--scaled.jpg","width":2560,"height":2560},{"@type":"BreadcrumbList","@id":"https:\/\/carvalhoadvogado.aliamkt.com\/index.php\/2024\/10\/01\/surdez-por-acidente-de-trabalho-como-conseguir-indenizacao\/#breadcrumb","itemListElement":[{"@type":"ListItem","position":1,"name":"In\u00edcio","item":"https:\/\/carvalhoadvogado.aliamkt.com\/"},{"@type":"ListItem","position":2,"name":"Surdez por Acidente de Trabalho: Como Conseguir Indeniza\u00e7\u00e3o"}]},{"@type":"WebSite","@id":"https:\/\/carvalhoadvogado.aliamkt.com\/#website","url":"https:\/\/carvalhoadvogado.aliamkt.com\/","name":"Pedro Carvalho Advogado","description":"Advogado Trabalhista","publisher":{"@id":"https:\/\/carvalhoadvogado.aliamkt.com\/#organization"},"potentialAction":[{"@type":"SearchAction","target":{"@type":"EntryPoint","urlTemplate":"https:\/\/carvalhoadvogado.aliamkt.com\/?s={search_term_string}"},"query-input":{"@type":"PropertyValueSpecification","valueRequired":true,"valueName":"search_term_string"}}],"inLanguage":"pt-BR"},{"@type":"Organization","@id":"https:\/\/carvalhoadvogado.aliamkt.com\/#organization","name":"Pedro Carvalho Advogado","url":"https:\/\/carvalhoadvogado.aliamkt.com\/","logo":{"@type":"ImageObject","inLanguage":"pt-BR","@id":"https:\/\/carvalhoadvogado.aliamkt.com\/#\/schema\/logo\/image\/","url":"https:\/\/carvalhoadvogado.aliamkt.com\/wp-content\/uploads\/2024\/06\/Logo-azul.png","contentUrl":"https:\/\/carvalhoadvogado.aliamkt.com\/wp-content\/uploads\/2024\/06\/Logo-azul.png","width":500,"height":500,"caption":"Pedro Carvalho Advogado"},"image":{"@id":"https:\/\/carvalhoadvogado.aliamkt.com\/#\/schema\/logo\/image\/"}},{"@type":"Person","@id":"https:\/\/carvalhoadvogado.aliamkt.com\/#\/schema\/person\/8f4d67ba57d6160ee802836a319bd8eb","name":"lailacarvalhoadv","image":{"@type":"ImageObject","inLanguage":"pt-BR","@id":"https:\/\/secure.gravatar.com\/avatar\/a60961139a792fb5ca701fab485f653a1b3cc37cf8dbd4937b4134105caf5369?s=96&d=mm&r=g","url":"https:\/\/secure.gravatar.com\/avatar\/a60961139a792fb5ca701fab485f653a1b3cc37cf8dbd4937b4134105caf5369?s=96&d=mm&r=g","contentUrl":"https:\/\/secure.gravatar.com\/avatar\/a60961139a792fb5ca701fab485f653a1b3cc37cf8dbd4937b4134105caf5369?s=96&d=mm&r=g","caption":"lailacarvalhoadv"},"sameAs":["https:\/\/carvalhoadvogado.aliamkt.com"],"url":"https:\/\/carvalhoadvogado.aliamkt.com\/index.php\/author\/lailacarvalhoadv\/"}]}},"_links":{"self":[{"href":"https:\/\/carvalhoadvogado.aliamkt.com\/index.php\/wp-json\/wp\/v2\/posts\/576","targetHints":{"allow":["GET"]}}],"collection":[{"href":"https:\/\/carvalhoadvogado.aliamkt.com\/index.php\/wp-json\/wp\/v2\/posts"}],"about":[{"href":"https:\/\/carvalhoadvogado.aliamkt.com\/index.php\/wp-json\/wp\/v2\/types\/post"}],"author":[{"embeddable":true,"href":"https:\/\/carvalhoadvogado.aliamkt.com\/index.php\/wp-json\/wp\/v2\/users\/1"}],"replies":[{"embeddable":true,"href":"https:\/\/carvalhoadvogado.aliamkt.com\/index.php\/wp-json\/wp\/v2\/comments?post=576"}],"version-history":[{"count":3,"href":"https:\/\/carvalhoadvogado.aliamkt.com\/index.php\/wp-json\/wp\/v2\/posts\/576\/revisions"}],"predecessor-version":[{"id":803,"href":"https:\/\/carvalhoadvogado.aliamkt.com\/index.php\/wp-json\/wp\/v2\/posts\/576\/revisions\/803"}],"wp:featuredmedia":[{"embeddable":true,"href":"https:\/\/carvalhoadvogado.aliamkt.com\/index.php\/wp-json\/wp\/v2\/media\/577"}],"wp:attachment":[{"href":"https:\/\/carvalhoadvogado.aliamkt.com\/index.php\/wp-json\/wp\/v2\/media?parent=576"}],"wp:term":[{"taxonomy":"category","embeddable":true,"href":"https:\/\/carvalhoadvogado.aliamkt.com\/index.php\/wp-json\/wp\/v2\/categories?post=576"},{"taxonomy":"post_tag","embeddable":true,"href":"https:\/\/carvalhoadvogado.aliamkt.com\/index.php\/wp-json\/wp\/v2\/tags?post=576"}],"curies":[{"name":"wp","href":"https:\/\/api.w.org\/{rel}","templated":true}]}}