{"id":579,"date":"2024-10-05T18:19:55","date_gmt":"2024-10-05T21:19:55","guid":{"rendered":"https:\/\/carvalhoadvogado.aliamkt.com\/?p=579"},"modified":"2025-06-17T12:23:30","modified_gmt":"2025-06-17T15:23:30","slug":"acidentes-de-trabalho-com-ferramentas","status":"publish","type":"post","link":"https:\/\/carvalhoadvogado.aliamkt.com\/index.php\/2024\/10\/05\/acidentes-de-trabalho-com-ferramentas\/","title":{"rendered":"Acidentes de Trabalho com Ferramentas"},"content":{"rendered":"<p data-pm-slice=\"1 1 []\">Os acidentes de trabalho envolvendo ferramentas ainda s\u00e3o uma realidade dura para milhares de trabalhadores no Brasil. Seja no setor da constru\u00e7\u00e3o civil, nas ind\u00fastrias, nos servi\u00e7os gerais ou at\u00e9 mesmo no setor administrativo, o manuseio inadequado ou a neglig\u00eancia com ferramentas pode resultar em les\u00f5es graves e, em alguns casos, at\u00e9 em fatalidades.<\/p>\n<p>Neste guia completo, voc\u00ea vai entender tudo sobre o tema: os tipos de ferramentas e seus riscos, as principais causas de acidentes, os direitos do trabalhador acidentado, e, claro, as responsabilidades do empregador. Tudo isso com uma linguagem simples, direta e repleta de palavras de transi\u00e7\u00e3o que deixam a leitura fluida e amig\u00e1vel. Vamos juntos?<\/p>\n<h2><strong>1. Por que falar sobre acidentes com ferramentas \u00e9 t\u00e3o importante?<\/strong><\/h2>\n<p>Porque eles s\u00e3o mais comuns do que imaginamos. Al\u00e9m disso, esses acidentes n\u00e3o impactam apenas a sa\u00fade do trabalhador, mas tamb\u00e9m a produtividade da empresa e os custos com afastamentos e indeniza\u00e7\u00f5es. Logo, prevenir \u00e9 sempre o melhor caminho.<\/p>\n<h2><strong>2. Tipos de Ferramentas e os Riscos Envolvidos<\/strong><\/h2>\n<h3><strong>2.1 Ferramentas manuais: perigo \u00e0 primeira vista<\/strong><\/h3>\n<p>Apesar de simples, ferramentas como martelos, chaves de fenda e alicates escondem perigos. Cortes, lacera\u00e7\u00f5es e esmagamentos s\u00e3o frequentes quando h\u00e1 uso incorreto, falha na conserva\u00e7\u00e3o ou escolha inadequada.<\/p>\n<p>Imagine usar uma chave de fenda com o cabo trincado. Parece inofensivo? Pois saiba que isso pode causar s\u00e9rias les\u00f5es, inclusive permanentes. Portanto, aten\u00e7\u00e3o total ao estado do equipamento.<\/p>\n<h3><strong>2.2 Ferramentas el\u00e9tricas: agilidade com riscos ocultos<\/strong><\/h3>\n<p>Furadeiras, serras e esmerilhadeiras facilitam o trabalho. No entanto, trazem riscos adicionais como choques el\u00e9tricos e queimaduras. Assim, o uso de EPIs e a manuten\u00e7\u00e3o constante se tornam indispens\u00e1veis.<\/p>\n<h3><strong>2.3 M\u00e1quinas industriais: riscos ampliados<\/strong><\/h3>\n<p>Prensas, tornos e guindastes exigem treinamento rigoroso. Afinal, acidentes com essas m\u00e1quinas podem causar amputa\u00e7\u00f5es e mortes. Sem d\u00favidas, a complexidade exige regras mais r\u00edgidas.<\/p>\n<h3><strong>2.4 Ferramentas defeituosas: o inimigo silencioso<\/strong><\/h3>\n<p>Uma ferramenta com defeito pode ser uma armadilha. Ou seja, um alicate sem isolamento ou uma serra com dentes gastos pode causar acidentes evit\u00e1veis. Por isso, fa\u00e7a sempre inspe\u00e7\u00f5es e manuten\u00e7\u00f5es.<\/p>\n<h3><strong>2.5 A import\u00e2ncia dos EPIs em todos os casos<\/strong><\/h3>\n<p>Luvas, capacetes, \u00f3culos, protetores auriculares&#8230; Todos t\u00eam papel fundamental. E mais: devem estar em boas condi\u00e7\u00f5es e ser usados corretamente. Afinal, usar o EPI errado \u00e9 quase como n\u00e3o usar nada.<\/p>\n<h2><strong>3. Causas Comuns de Acidentes com Ferramentas<\/strong><\/h2>\n<h3><strong>3.1 Falhas humanas: o elo fraco<\/strong><\/h3>\n<p>A pressa, o cansa\u00e7o e a desaten\u00e7\u00e3o s\u00e3o grandes vil\u00f5es. Muitas vezes, o trabalhador improvisa, ignora treinamentos ou age com excesso de confian\u00e7a. Como resultado, os acidentes acontecem.<\/p>\n<h3><strong>3.2 Ferramentas em mau estado: trag\u00e9dia anunciada<\/strong><\/h3>\n<p>Sem manuten\u00e7\u00e3o, o risco \u00e9 certo. Portanto, cabe ao empregador criar uma rotina de inspe\u00e7\u00e3o para evitar surpresas desagrad\u00e1veis.<\/p>\n<h3><strong>3.3 Ambiente inadequado: quando o espa\u00e7o tamb\u00e9m oferece perigo<\/strong><\/h3>\n<p>Ambientes mal iluminados, barulhentos ou apertados atrapalham a concentra\u00e7\u00e3o e aumentam os riscos. Por isso, ergonomia e organiza\u00e7\u00e3o s\u00e3o essenciais.<\/p>\n<h3><strong>3.4 Falta de treinamento: sem saber, tudo vira risco<\/strong><\/h3>\n<p>N\u00e3o adianta dar a ferramenta sem ensinar a usar. Sem conhecimento, o trabalhador vira alvo f\u00e1cil de acidentes. Sendo assim, investir em treinamento n\u00e3o \u00e9 gasto \u2014 \u00e9 prote\u00e7\u00e3o.<\/p>\n<h3><strong>3.5 Escolha errada da ferramenta: um erro comum<\/strong><\/h3>\n<p>Usar a ferramenta errada pode for\u00e7ar demais o equipamento, causar falhas e provocar les\u00f5es. Cada ferramenta tem sua fun\u00e7\u00e3o espec\u00edfica. Logo, respeitar isso \u00e9 essencial.<\/p>\n<h2><strong>4. Responsabilidade do Empregador: at\u00e9 onde vai?<\/strong><\/h2>\n<p>De acordo com a CLT e as NRs (principalmente a NR-12), o empregador tem a obriga\u00e7\u00e3o de:<\/p>\n<ul data-spread=\"false\">\n<li>Fornecer ferramentas seguras e adequadas<\/li>\n<li>Realizar manuten\u00e7\u00f5es regulares<\/li>\n<li>Garantir treinamento cont\u00ednuo<\/li>\n<li>Oferecer EPIs adequados e em bom estado<\/li>\n<li>Criar um ambiente de trabalho seguro e organizado<\/li>\n<\/ul>\n<p>Negligenciar qualquer um desses itens pode gerar <strong>responsabilidade civil<\/strong>, inclusive com pagamento de indeniza\u00e7\u00f5es.<\/p>\n<h2><strong>5. Nexo Causal: o que \u00e9 e por que importa tanto?<\/strong><\/h2>\n<p>O nexo causal \u00e9 a rela\u00e7\u00e3o direta entre o acidente e o trabalho. Ou seja, \u00e9 o elo que comprova que a les\u00e3o foi consequ\u00eancia das atividades laborais. Ele \u00e9 fundamental para garantir os direitos do trabalhador, especialmente os previdenci\u00e1rios.<\/p>\n<h2><strong>6. Direitos do Trabalhador em Caso de Acidente com Ferramentas<\/strong><\/h2>\n<ul data-spread=\"false\">\n<li><strong>Aux\u00edlio-doen\u00e7a acident\u00e1rio<\/strong><\/li>\n<li><strong>Aposentadoria por invalidez (em casos graves)<\/strong><\/li>\n<li><strong>Estabilidade provis\u00f3ria de 12 meses ap\u00f3s o retorno<\/strong><\/li>\n<li><strong>Indeniza\u00e7\u00e3o por danos materiais e morais (quando houver culpa do empregador)<\/strong><\/li>\n<li><strong>Reabilita\u00e7\u00e3o profissional custeada pelo INSS ou empregador<\/strong><\/li>\n<\/ul>\n<h2><strong>7. A CAT: Documento Essencial e Inadi\u00e1vel<\/strong><\/h2>\n<p>A Comunica\u00e7\u00e3o de Acidente de Trabalho (CAT) deve ser emitida imediatamente. Ela formaliza o ocorrido e ativa os direitos do trabalhador.<\/p>\n<p>Se o empregador se recusar a emitir a CAT, o pr\u00f3prio trabalhador, sindicato ou m\u00e9dico pode fazer isso. O importante \u00e9 n\u00e3o deixar o prazo passar.<\/p>\n<h2><strong>8. Como Prevenir Acidentes com Ferramentas<\/strong><\/h2>\n<ul data-spread=\"false\">\n<li>Inspecione as ferramentas antes do uso<\/li>\n<li>Nunca improvise!<\/li>\n<li>Use os EPIs adequados<\/li>\n<li>Mantenha o ambiente limpo e iluminado<\/li>\n<li>Participe dos treinamentos<\/li>\n<li>Sinalize situa\u00e7\u00f5es de risco<\/li>\n<\/ul>\n<h2><strong>9. Conclus\u00e3o: Seguran\u00e7a \u00e9 Responsabilidade de Todos<\/strong><\/h2>\n<p>N\u00e3o importa o setor: acidentes com ferramentas podem ser evitados com atitude, consci\u00eancia e informa\u00e7\u00e3o. Empregadores devem agir com seriedade e trabalhadores com responsabilidade. Somente assim construiremos um ambiente de trabalho mais humano, seguro e produtivo.<\/p>\n<h2><strong>10. FAQ \u2013 Perguntas Frequentes<\/strong><\/h2>\n<h3>1. Quem deve emitir a CAT?<\/h3>\n<p>O empregador, mas o trabalhador tamb\u00e9m pode faz\u00ea-lo.<\/p>\n<h3>2. Posso ser demitido ap\u00f3s sofrer acidente com ferramentas?<\/h3>\n<p>N\u00e3o, voc\u00ea tem estabilidade por 12 meses ap\u00f3s o retorno ao trabalho.<\/p>\n<h3>3. Quais EPIs devo usar com ferramentas el\u00e9tricas?<\/h3>\n<p>Luvas, \u00f3culos de prote\u00e7\u00e3o, protetor auricular e cal\u00e7ados com isolamento.<\/p>\n<h3>4. O que fazer se a ferramenta estiver com defeito?<\/h3>\n<p>Nunca utilize. Avise o respons\u00e1vel imediatamente.<\/p>\n<h3>5. Tenho direito a indeniza\u00e7\u00e3o mesmo recebendo o aux\u00edlio-doen\u00e7a?<\/h3>\n<p>Sim, se houver culpa do empregador, \u00e9 poss\u00edvel buscar indeniza\u00e7\u00e3o por danos.<\/p>\n<p>&nbsp;<\/p>\n<p><span style=\"font-weight: 400;\">\u00a0<\/span><a href=\"https:\/\/carvalhoadvogado.aliamkt.com\/index.php\/2024\/10\/01\/surdez-por-acidente-de-trabalho-como-conseguir-indenizacao\/\"><b>acidentes de trabalho<\/b><\/a> <b><\/b><\/p>\n<p><span style=\"font-weight: 400;\">Clique no bot\u00e3o abaixo e obtenha a orienta\u00e7\u00e3o jur\u00eddica que voc\u00ea precisa para resolver suas quest\u00f5es com seguran\u00e7a e confian\u00e7a.<\/span><\/p>\n<p><a href=\"https:\/\/wa.me\/5531975283687\"><span style=\"font-weight: 400;\">Fale comigo agora mesmo<\/span><\/a><\/p>\n<p><span style=\"font-weight: 400;\">Siga-nos na rede social, @pedroncarvalhoadv, e fique por dentro das \u00faltimas novidades!<\/span><\/p>\n","protected":false},"excerpt":{"rendered":"<p>Os acidentes de trabalho envolvendo ferramentas ainda s\u00e3o uma realidade dura para milhares de trabalhadores no Brasil. Seja no setor da constru\u00e7\u00e3o civil, nas ind\u00fastrias, nos servi\u00e7os gerais ou at\u00e9 mesmo no setor administrativo, o manuseio inadequado ou a neglig\u00eancia com ferramentas pode resultar em les\u00f5es graves e, em alguns casos, at\u00e9 em fatalidades. Neste [&hellip;]<\/p>\n","protected":false},"author":1,"featured_media":580,"comment_status":"open","ping_status":"open","sticky":false,"template":"","format":"standard","meta":{"_joinchat":[],"footnotes":""},"categories":[6],"tags":[],"class_list":["post-579","post","type-post","status-publish","format-standard","has-post-thumbnail","hentry","category-direito-trabalhista"],"yoast_head":"<!-- This site is optimized with the Yoast SEO plugin v27.5 - https:\/\/yoast.com\/product\/yoast-seo-wordpress\/ -->\n<title>Acidentes de Trabalho com Ferramentas - Pedro Carvalho Advogado Trabalhista<\/title>\n<meta name=\"description\" content=\"acidentes de trabalho com ferramentas: direitos e responsabilidades, Aprenda sobre os riscos, medidas de preven\u00e7\u00e3o e uso correto de EPIs\" \/>\n<meta name=\"robots\" content=\"index, follow, max-snippet:-1, max-image-preview:large, max-video-preview:-1\" \/>\n<link rel=\"canonical\" href=\"https:\/\/carvalhoadvogado.aliamkt.com\/index.php\/2024\/10\/05\/acidentes-de-trabalho-com-ferramentas\/\" \/>\n<meta property=\"og:locale\" content=\"pt_BR\" \/>\n<meta property=\"og:type\" content=\"article\" \/>\n<meta property=\"og:title\" content=\"Acidentes de Trabalho com Ferramentas - Pedro Carvalho Advogado Trabalhista\" \/>\n<meta property=\"og:description\" content=\"acidentes de trabalho com ferramentas: direitos e responsabilidades, Aprenda sobre os riscos, medidas de preven\u00e7\u00e3o e uso correto de EPIs\" \/>\n<meta property=\"og:url\" content=\"https:\/\/carvalhoadvogado.aliamkt.com\/index.php\/2024\/10\/05\/acidentes-de-trabalho-com-ferramentas\/\" \/>\n<meta property=\"og:site_name\" content=\"Pedro Carvalho Advogado Trabalhista\" \/>\n<meta property=\"article:published_time\" content=\"2024-10-05T21:19:55+00:00\" \/>\n<meta property=\"article:modified_time\" content=\"2025-06-17T15:23:30+00:00\" \/>\n<meta property=\"og:image\" content=\"https:\/\/carvalhoadvogado.aliamkt.com\/wp-content\/uploads\/2024\/06\/4.png\" \/>\n\t<meta property=\"og:image:width\" content=\"500\" \/>\n\t<meta property=\"og:image:height\" content=\"500\" \/>\n\t<meta property=\"og:image:type\" content=\"image\/png\" \/>\n<meta name=\"author\" content=\"lailacarvalhoadv\" \/>\n<meta name=\"twitter:card\" content=\"summary_large_image\" \/>\n<meta name=\"twitter:label1\" content=\"Escrito por\" \/>\n\t<meta name=\"twitter:data1\" content=\"lailacarvalhoadv\" \/>\n\t<meta name=\"twitter:label2\" content=\"Est. tempo de leitura\" \/>\n\t<meta name=\"twitter:data2\" content=\"6 minutos\" \/>\n<script type=\"application\/ld+json\" class=\"yoast-schema-graph\">{\"@context\":\"https:\\\/\\\/schema.org\",\"@graph\":[{\"@type\":\"Article\",\"@id\":\"https:\\\/\\\/carvalhoadvogado.aliamkt.com\\\/index.php\\\/2024\\\/10\\\/05\\\/acidentes-de-trabalho-com-ferramentas\\\/#article\",\"isPartOf\":{\"@id\":\"https:\\\/\\\/carvalhoadvogado.aliamkt.com\\\/index.php\\\/2024\\\/10\\\/05\\\/acidentes-de-trabalho-com-ferramentas\\\/\"},\"author\":{\"name\":\"lailacarvalhoadv\",\"@id\":\"https:\\\/\\\/carvalhoadvogado.aliamkt.com\\\/#\\\/schema\\\/person\\\/8f4d67ba57d6160ee802836a319bd8eb\"},\"headline\":\"Acidentes de Trabalho com Ferramentas\",\"datePublished\":\"2024-10-05T21:19:55+00:00\",\"dateModified\":\"2025-06-17T15:23:30+00:00\",\"mainEntityOfPage\":{\"@id\":\"https:\\\/\\\/carvalhoadvogado.aliamkt.com\\\/index.php\\\/2024\\\/10\\\/05\\\/acidentes-de-trabalho-com-ferramentas\\\/\"},\"wordCount\":1031,\"commentCount\":0,\"publisher\":{\"@id\":\"https:\\\/\\\/carvalhoadvogado.aliamkt.com\\\/#organization\"},\"image\":{\"@id\":\"https:\\\/\\\/carvalhoadvogado.aliamkt.com\\\/index.php\\\/2024\\\/10\\\/05\\\/acidentes-de-trabalho-com-ferramentas\\\/#primaryimage\"},\"thumbnailUrl\":\"https:\\\/\\\/carvalhoadvogado.aliamkt.com\\\/wp-content\\\/uploads\\\/2024\\\/10\\\/advogado-do-trabalhador-pdf.jpg\",\"articleSection\":[\"Direito Trabalhista\"],\"inLanguage\":\"pt-BR\",\"potentialAction\":[{\"@type\":\"CommentAction\",\"name\":\"Comment\",\"target\":[\"https:\\\/\\\/carvalhoadvogado.aliamkt.com\\\/index.php\\\/2024\\\/10\\\/05\\\/acidentes-de-trabalho-com-ferramentas\\\/#respond\"]}]},{\"@type\":\"WebPage\",\"@id\":\"https:\\\/\\\/carvalhoadvogado.aliamkt.com\\\/index.php\\\/2024\\\/10\\\/05\\\/acidentes-de-trabalho-com-ferramentas\\\/\",\"url\":\"https:\\\/\\\/carvalhoadvogado.aliamkt.com\\\/index.php\\\/2024\\\/10\\\/05\\\/acidentes-de-trabalho-com-ferramentas\\\/\",\"name\":\"Acidentes de Trabalho com Ferramentas - Pedro Carvalho Advogado Trabalhista\",\"isPartOf\":{\"@id\":\"https:\\\/\\\/carvalhoadvogado.aliamkt.com\\\/#website\"},\"primaryImageOfPage\":{\"@id\":\"https:\\\/\\\/carvalhoadvogado.aliamkt.com\\\/index.php\\\/2024\\\/10\\\/05\\\/acidentes-de-trabalho-com-ferramentas\\\/#primaryimage\"},\"image\":{\"@id\":\"https:\\\/\\\/carvalhoadvogado.aliamkt.com\\\/index.php\\\/2024\\\/10\\\/05\\\/acidentes-de-trabalho-com-ferramentas\\\/#primaryimage\"},\"thumbnailUrl\":\"https:\\\/\\\/carvalhoadvogado.aliamkt.com\\\/wp-content\\\/uploads\\\/2024\\\/10\\\/advogado-do-trabalhador-pdf.jpg\",\"datePublished\":\"2024-10-05T21:19:55+00:00\",\"dateModified\":\"2025-06-17T15:23:30+00:00\",\"description\":\"acidentes de trabalho com ferramentas: direitos e responsabilidades, Aprenda sobre os riscos, medidas de preven\u00e7\u00e3o e uso correto de EPIs\",\"breadcrumb\":{\"@id\":\"https:\\\/\\\/carvalhoadvogado.aliamkt.com\\\/index.php\\\/2024\\\/10\\\/05\\\/acidentes-de-trabalho-com-ferramentas\\\/#breadcrumb\"},\"inLanguage\":\"pt-BR\",\"potentialAction\":[{\"@type\":\"ReadAction\",\"target\":[\"https:\\\/\\\/carvalhoadvogado.aliamkt.com\\\/index.php\\\/2024\\\/10\\\/05\\\/acidentes-de-trabalho-com-ferramentas\\\/\"]}]},{\"@type\":\"ImageObject\",\"inLanguage\":\"pt-BR\",\"@id\":\"https:\\\/\\\/carvalhoadvogado.aliamkt.com\\\/index.php\\\/2024\\\/10\\\/05\\\/acidentes-de-trabalho-com-ferramentas\\\/#primaryimage\",\"url\":\"https:\\\/\\\/carvalhoadvogado.aliamkt.com\\\/wp-content\\\/uploads\\\/2024\\\/10\\\/advogado-do-trabalhador-pdf.jpg\",\"contentUrl\":\"https:\\\/\\\/carvalhoadvogado.aliamkt.com\\\/wp-content\\\/uploads\\\/2024\\\/10\\\/advogado-do-trabalhador-pdf.jpg\"},{\"@type\":\"BreadcrumbList\",\"@id\":\"https:\\\/\\\/carvalhoadvogado.aliamkt.com\\\/index.php\\\/2024\\\/10\\\/05\\\/acidentes-de-trabalho-com-ferramentas\\\/#breadcrumb\",\"itemListElement\":[{\"@type\":\"ListItem\",\"position\":1,\"name\":\"In\u00edcio\",\"item\":\"https:\\\/\\\/carvalhoadvogado.aliamkt.com\\\/\"},{\"@type\":\"ListItem\",\"position\":2,\"name\":\"Acidentes de Trabalho com Ferramentas\"}]},{\"@type\":\"WebSite\",\"@id\":\"https:\\\/\\\/carvalhoadvogado.aliamkt.com\\\/#website\",\"url\":\"https:\\\/\\\/carvalhoadvogado.aliamkt.com\\\/\",\"name\":\"Pedro Carvalho Advogado\",\"description\":\"Advogado Trabalhista\",\"publisher\":{\"@id\":\"https:\\\/\\\/carvalhoadvogado.aliamkt.com\\\/#organization\"},\"potentialAction\":[{\"@type\":\"SearchAction\",\"target\":{\"@type\":\"EntryPoint\",\"urlTemplate\":\"https:\\\/\\\/carvalhoadvogado.aliamkt.com\\\/?s={search_term_string}\"},\"query-input\":{\"@type\":\"PropertyValueSpecification\",\"valueRequired\":true,\"valueName\":\"search_term_string\"}}],\"inLanguage\":\"pt-BR\"},{\"@type\":\"Organization\",\"@id\":\"https:\\\/\\\/carvalhoadvogado.aliamkt.com\\\/#organization\",\"name\":\"Pedro Carvalho Advogado\",\"url\":\"https:\\\/\\\/carvalhoadvogado.aliamkt.com\\\/\",\"logo\":{\"@type\":\"ImageObject\",\"inLanguage\":\"pt-BR\",\"@id\":\"https:\\\/\\\/carvalhoadvogado.aliamkt.com\\\/#\\\/schema\\\/logo\\\/image\\\/\",\"url\":\"https:\\\/\\\/carvalhoadvogado.aliamkt.com\\\/wp-content\\\/uploads\\\/2024\\\/06\\\/Logo-azul.png\",\"contentUrl\":\"https:\\\/\\\/carvalhoadvogado.aliamkt.com\\\/wp-content\\\/uploads\\\/2024\\\/06\\\/Logo-azul.png\",\"width\":500,\"height\":500,\"caption\":\"Pedro Carvalho Advogado\"},\"image\":{\"@id\":\"https:\\\/\\\/carvalhoadvogado.aliamkt.com\\\/#\\\/schema\\\/logo\\\/image\\\/\"}},{\"@type\":\"Person\",\"@id\":\"https:\\\/\\\/carvalhoadvogado.aliamkt.com\\\/#\\\/schema\\\/person\\\/8f4d67ba57d6160ee802836a319bd8eb\",\"name\":\"lailacarvalhoadv\",\"image\":{\"@type\":\"ImageObject\",\"inLanguage\":\"pt-BR\",\"@id\":\"https:\\\/\\\/secure.gravatar.com\\\/avatar\\\/a60961139a792fb5ca701fab485f653a1b3cc37cf8dbd4937b4134105caf5369?s=96&d=mm&r=g\",\"url\":\"https:\\\/\\\/secure.gravatar.com\\\/avatar\\\/a60961139a792fb5ca701fab485f653a1b3cc37cf8dbd4937b4134105caf5369?s=96&d=mm&r=g\",\"contentUrl\":\"https:\\\/\\\/secure.gravatar.com\\\/avatar\\\/a60961139a792fb5ca701fab485f653a1b3cc37cf8dbd4937b4134105caf5369?s=96&d=mm&r=g\",\"caption\":\"lailacarvalhoadv\"},\"sameAs\":[\"https:\\\/\\\/carvalhoadvogado.aliamkt.com\"],\"url\":\"https:\\\/\\\/carvalhoadvogado.aliamkt.com\\\/index.php\\\/author\\\/lailacarvalhoadv\\\/\"}]}<\/script>\n<!-- \/ Yoast SEO plugin. -->","yoast_head_json":{"title":"Acidentes de Trabalho com Ferramentas - Pedro Carvalho Advogado Trabalhista","description":"acidentes de trabalho com ferramentas: direitos e responsabilidades, Aprenda sobre os riscos, medidas de preven\u00e7\u00e3o e uso correto de EPIs","robots":{"index":"index","follow":"follow","max-snippet":"max-snippet:-1","max-image-preview":"max-image-preview:large","max-video-preview":"max-video-preview:-1"},"canonical":"https:\/\/carvalhoadvogado.aliamkt.com\/index.php\/2024\/10\/05\/acidentes-de-trabalho-com-ferramentas\/","og_locale":"pt_BR","og_type":"article","og_title":"Acidentes de Trabalho com Ferramentas - Pedro Carvalho Advogado Trabalhista","og_description":"acidentes de trabalho com ferramentas: direitos e responsabilidades, Aprenda sobre os riscos, medidas de preven\u00e7\u00e3o e uso correto de EPIs","og_url":"https:\/\/carvalhoadvogado.aliamkt.com\/index.php\/2024\/10\/05\/acidentes-de-trabalho-com-ferramentas\/","og_site_name":"Pedro Carvalho Advogado Trabalhista","article_published_time":"2024-10-05T21:19:55+00:00","article_modified_time":"2025-06-17T15:23:30+00:00","og_image":[{"width":500,"height":500,"url":"https:\/\/carvalhoadvogado.aliamkt.com\/wp-content\/uploads\/2024\/06\/4.png","type":"image\/png"}],"author":"lailacarvalhoadv","twitter_card":"summary_large_image","twitter_misc":{"Escrito por":"lailacarvalhoadv","Est. tempo de leitura":"6 minutos"},"schema":{"@context":"https:\/\/schema.org","@graph":[{"@type":"Article","@id":"https:\/\/carvalhoadvogado.aliamkt.com\/index.php\/2024\/10\/05\/acidentes-de-trabalho-com-ferramentas\/#article","isPartOf":{"@id":"https:\/\/carvalhoadvogado.aliamkt.com\/index.php\/2024\/10\/05\/acidentes-de-trabalho-com-ferramentas\/"},"author":{"name":"lailacarvalhoadv","@id":"https:\/\/carvalhoadvogado.aliamkt.com\/#\/schema\/person\/8f4d67ba57d6160ee802836a319bd8eb"},"headline":"Acidentes de Trabalho com Ferramentas","datePublished":"2024-10-05T21:19:55+00:00","dateModified":"2025-06-17T15:23:30+00:00","mainEntityOfPage":{"@id":"https:\/\/carvalhoadvogado.aliamkt.com\/index.php\/2024\/10\/05\/acidentes-de-trabalho-com-ferramentas\/"},"wordCount":1031,"commentCount":0,"publisher":{"@id":"https:\/\/carvalhoadvogado.aliamkt.com\/#organization"},"image":{"@id":"https:\/\/carvalhoadvogado.aliamkt.com\/index.php\/2024\/10\/05\/acidentes-de-trabalho-com-ferramentas\/#primaryimage"},"thumbnailUrl":"https:\/\/carvalhoadvogado.aliamkt.com\/wp-content\/uploads\/2024\/10\/advogado-do-trabalhador-pdf.jpg","articleSection":["Direito Trabalhista"],"inLanguage":"pt-BR","potentialAction":[{"@type":"CommentAction","name":"Comment","target":["https:\/\/carvalhoadvogado.aliamkt.com\/index.php\/2024\/10\/05\/acidentes-de-trabalho-com-ferramentas\/#respond"]}]},{"@type":"WebPage","@id":"https:\/\/carvalhoadvogado.aliamkt.com\/index.php\/2024\/10\/05\/acidentes-de-trabalho-com-ferramentas\/","url":"https:\/\/carvalhoadvogado.aliamkt.com\/index.php\/2024\/10\/05\/acidentes-de-trabalho-com-ferramentas\/","name":"Acidentes de Trabalho com Ferramentas - Pedro Carvalho Advogado Trabalhista","isPartOf":{"@id":"https:\/\/carvalhoadvogado.aliamkt.com\/#website"},"primaryImageOfPage":{"@id":"https:\/\/carvalhoadvogado.aliamkt.com\/index.php\/2024\/10\/05\/acidentes-de-trabalho-com-ferramentas\/#primaryimage"},"image":{"@id":"https:\/\/carvalhoadvogado.aliamkt.com\/index.php\/2024\/10\/05\/acidentes-de-trabalho-com-ferramentas\/#primaryimage"},"thumbnailUrl":"https:\/\/carvalhoadvogado.aliamkt.com\/wp-content\/uploads\/2024\/10\/advogado-do-trabalhador-pdf.jpg","datePublished":"2024-10-05T21:19:55+00:00","dateModified":"2025-06-17T15:23:30+00:00","description":"acidentes de trabalho com ferramentas: direitos e responsabilidades, Aprenda sobre os riscos, medidas de preven\u00e7\u00e3o e uso correto de EPIs","breadcrumb":{"@id":"https:\/\/carvalhoadvogado.aliamkt.com\/index.php\/2024\/10\/05\/acidentes-de-trabalho-com-ferramentas\/#breadcrumb"},"inLanguage":"pt-BR","potentialAction":[{"@type":"ReadAction","target":["https:\/\/carvalhoadvogado.aliamkt.com\/index.php\/2024\/10\/05\/acidentes-de-trabalho-com-ferramentas\/"]}]},{"@type":"ImageObject","inLanguage":"pt-BR","@id":"https:\/\/carvalhoadvogado.aliamkt.com\/index.php\/2024\/10\/05\/acidentes-de-trabalho-com-ferramentas\/#primaryimage","url":"https:\/\/carvalhoadvogado.aliamkt.com\/wp-content\/uploads\/2024\/10\/advogado-do-trabalhador-pdf.jpg","contentUrl":"https:\/\/carvalhoadvogado.aliamkt.com\/wp-content\/uploads\/2024\/10\/advogado-do-trabalhador-pdf.jpg"},{"@type":"BreadcrumbList","@id":"https:\/\/carvalhoadvogado.aliamkt.com\/index.php\/2024\/10\/05\/acidentes-de-trabalho-com-ferramentas\/#breadcrumb","itemListElement":[{"@type":"ListItem","position":1,"name":"In\u00edcio","item":"https:\/\/carvalhoadvogado.aliamkt.com\/"},{"@type":"ListItem","position":2,"name":"Acidentes de Trabalho com Ferramentas"}]},{"@type":"WebSite","@id":"https:\/\/carvalhoadvogado.aliamkt.com\/#website","url":"https:\/\/carvalhoadvogado.aliamkt.com\/","name":"Pedro Carvalho Advogado","description":"Advogado Trabalhista","publisher":{"@id":"https:\/\/carvalhoadvogado.aliamkt.com\/#organization"},"potentialAction":[{"@type":"SearchAction","target":{"@type":"EntryPoint","urlTemplate":"https:\/\/carvalhoadvogado.aliamkt.com\/?s={search_term_string}"},"query-input":{"@type":"PropertyValueSpecification","valueRequired":true,"valueName":"search_term_string"}}],"inLanguage":"pt-BR"},{"@type":"Organization","@id":"https:\/\/carvalhoadvogado.aliamkt.com\/#organization","name":"Pedro Carvalho Advogado","url":"https:\/\/carvalhoadvogado.aliamkt.com\/","logo":{"@type":"ImageObject","inLanguage":"pt-BR","@id":"https:\/\/carvalhoadvogado.aliamkt.com\/#\/schema\/logo\/image\/","url":"https:\/\/carvalhoadvogado.aliamkt.com\/wp-content\/uploads\/2024\/06\/Logo-azul.png","contentUrl":"https:\/\/carvalhoadvogado.aliamkt.com\/wp-content\/uploads\/2024\/06\/Logo-azul.png","width":500,"height":500,"caption":"Pedro Carvalho Advogado"},"image":{"@id":"https:\/\/carvalhoadvogado.aliamkt.com\/#\/schema\/logo\/image\/"}},{"@type":"Person","@id":"https:\/\/carvalhoadvogado.aliamkt.com\/#\/schema\/person\/8f4d67ba57d6160ee802836a319bd8eb","name":"lailacarvalhoadv","image":{"@type":"ImageObject","inLanguage":"pt-BR","@id":"https:\/\/secure.gravatar.com\/avatar\/a60961139a792fb5ca701fab485f653a1b3cc37cf8dbd4937b4134105caf5369?s=96&d=mm&r=g","url":"https:\/\/secure.gravatar.com\/avatar\/a60961139a792fb5ca701fab485f653a1b3cc37cf8dbd4937b4134105caf5369?s=96&d=mm&r=g","contentUrl":"https:\/\/secure.gravatar.com\/avatar\/a60961139a792fb5ca701fab485f653a1b3cc37cf8dbd4937b4134105caf5369?s=96&d=mm&r=g","caption":"lailacarvalhoadv"},"sameAs":["https:\/\/carvalhoadvogado.aliamkt.com"],"url":"https:\/\/carvalhoadvogado.aliamkt.com\/index.php\/author\/lailacarvalhoadv\/"}]}},"_links":{"self":[{"href":"https:\/\/carvalhoadvogado.aliamkt.com\/index.php\/wp-json\/wp\/v2\/posts\/579","targetHints":{"allow":["GET"]}}],"collection":[{"href":"https:\/\/carvalhoadvogado.aliamkt.com\/index.php\/wp-json\/wp\/v2\/posts"}],"about":[{"href":"https:\/\/carvalhoadvogado.aliamkt.com\/index.php\/wp-json\/wp\/v2\/types\/post"}],"author":[{"embeddable":true,"href":"https:\/\/carvalhoadvogado.aliamkt.com\/index.php\/wp-json\/wp\/v2\/users\/1"}],"replies":[{"embeddable":true,"href":"https:\/\/carvalhoadvogado.aliamkt.com\/index.php\/wp-json\/wp\/v2\/comments?post=579"}],"version-history":[{"count":3,"href":"https:\/\/carvalhoadvogado.aliamkt.com\/index.php\/wp-json\/wp\/v2\/posts\/579\/revisions"}],"predecessor-version":[{"id":801,"href":"https:\/\/carvalhoadvogado.aliamkt.com\/index.php\/wp-json\/wp\/v2\/posts\/579\/revisions\/801"}],"wp:featuredmedia":[{"embeddable":true,"href":"https:\/\/carvalhoadvogado.aliamkt.com\/index.php\/wp-json\/wp\/v2\/media\/580"}],"wp:attachment":[{"href":"https:\/\/carvalhoadvogado.aliamkt.com\/index.php\/wp-json\/wp\/v2\/media?parent=579"}],"wp:term":[{"taxonomy":"category","embeddable":true,"href":"https:\/\/carvalhoadvogado.aliamkt.com\/index.php\/wp-json\/wp\/v2\/categories?post=579"},{"taxonomy":"post_tag","embeddable":true,"href":"https:\/\/carvalhoadvogado.aliamkt.com\/index.php\/wp-json\/wp\/v2\/tags?post=579"}],"curies":[{"name":"wp","href":"https:\/\/api.w.org\/{rel}","templated":true}]}}