{"id":582,"date":"2024-10-09T14:21:41","date_gmt":"2024-10-09T17:21:41","guid":{"rendered":"https:\/\/carvalhoadvogado.aliamkt.com\/?p=582"},"modified":"2024-11-05T17:44:07","modified_gmt":"2024-11-05T20:44:07","slug":"acumulo-e-desvio-de-funcao-consequencias-e-direitos-do-trabalhador","status":"publish","type":"post","link":"https:\/\/carvalhoadvogado.aliamkt.com\/index.php\/2024\/10\/09\/acumulo-e-desvio-de-funcao-consequencias-e-direitos-do-trabalhador\/","title":{"rendered":"Ac\u00famulo e Desvio de Fun\u00e7\u00e3o"},"content":{"rendered":"<p><span style=\"font-weight: 400;\">PorSente que suas responsabilidades n\u00e3o param de crescer, enquanto seu cargo e sal\u00e1rio continuam os mesmos? Cuidado! Voc\u00ea pode estar sendo v\u00edtima de <\/span><b>ac\u00famulo de fun\u00e7\u00e3o<\/b><span style=\"font-weight: 400;\"> ou <\/span><b>desvio de fun\u00e7\u00e3o<\/b><span style=\"font-weight: 400;\">, pr\u00e1ticas ilegais que afetam milhares de trabalhadores brasileiros e podem ter impactos s\u00e9rios na sua sa\u00fade mental e f\u00edsica.<\/span><\/p>\n<p><span style=\"font-weight: 400;\">Neste artigo completo, vamos desvendar o mundo complexo do <\/span><b>ac\u00famulo e desvio de fun\u00e7\u00e3o<\/b><span style=\"font-weight: 400;\">, mostrando as diferen\u00e7as entre esses dois problemas, as armadilhas que eles escondem e como voc\u00ea pode se proteger.\u00a0 Abordaremos as defini\u00e7\u00f5es, as implica\u00e7\u00f5es legais, os impactos na <\/span><b>sa\u00fade mental<\/b><span style=\"font-weight: 400;\"> e as melhores pr\u00e1ticas para empresas e trabalhadores.\u00a0<\/span><\/p>\n<p><span style=\"font-weight: 400;\">Prepare-se para entender seus <\/span><a href=\"https:\/\/carvalhoadvogado.aliamkt.com\/index.php\/2024\/09\/28\/quais-sao-os-direitos-trabalhistas-de-um-funcionario\/\"><b>direitos trabalhistas<\/b><\/a><span style=\"font-weight: 400;\">, lutar por um ambiente de trabalho mais justo e equilibrado e garantir que sua <\/span><b>sa\u00fade mental<\/b><span style=\"font-weight: 400;\"> seja prioridade!\u00a0<\/span><\/p>\n<p>&nbsp;<\/p>\n<h2><span style=\"font-weight: 400;\">O que \u00e9 Ac\u00famulo de Fun\u00e7\u00e3o?<\/span><\/h2>\n<p><span style=\"font-weight: 400;\">Em termos simples, o <\/span><b>ac\u00famulo de fun\u00e7\u00e3o<\/b><span style=\"font-weight: 400;\"> acontece quando voc\u00ea, al\u00e9m de realizar as atividades previstas no seu <\/span><b>contrato de trabalho<\/b><span style=\"font-weight: 400;\">, \u00e9 sobrecarregado com <\/span><b>tarefas extras<\/b><span style=\"font-weight: 400;\"> que deveriam ser de responsabilidade de outro profissional. \u00c9 como se voc\u00ea fosse um &#8220;faz-tudo&#8221; da empresa, acumulando <\/span><b>fun\u00e7\u00f5es<\/b><span style=\"font-weight: 400;\"> e responsabilidades sem receber a devida remunera\u00e7\u00e3o por isso.\u00a0<\/span><\/p>\n<p>Imagine que voc\u00ea conseguiu aquele emprego como recepcionista, mas, al\u00e9m de atender telefonemas e receber visitantes, voc\u00ea tamb\u00e9m se v\u00ea obrigado a organizar arquivos, controlar o estoque, emitir notas fiscais e at\u00e9 mesmo fazer o caf\u00e9. Parece familiar? Pois \u00e9, isso pode ser um caso de ac\u00famulo de fun\u00e7\u00e3o!<\/p>\n<p><span style=\"font-weight: 400;\">O <\/span><b>ac\u00famulo de fun\u00e7\u00e3o<\/b><span style=\"font-weight: 400;\"> pode trazer s\u00e9rias consequ\u00eancias para a sua <\/span><b>sa\u00fade f\u00edsica e mental do empregado<\/b><span style=\"font-weight: 400;\">. A <\/span><b>sobrecarga de trabalho<\/b><span style=\"font-weight: 400;\">, o <\/span><b>estresse<\/b><span style=\"font-weight: 400;\"> constante e a press\u00e3o por resultados podem levar \u00e0 exaust\u00e3o, ansiedade, depress\u00e3o e at\u00e9 mesmo ao desenvolvimento de <\/span><b>doen\u00e7as ocupacionais<\/b><span style=\"font-weight: 400;\">.\u00a0<\/span><\/p>\n<p><span style=\"font-weight: 400;\">Al\u00e9m disso, o <\/span><b>ac\u00famulo de fun\u00e7\u00e3o<\/b><span style=\"font-weight: 400;\"> pode prejudicar o seu <\/span><b>desenvolvimento profissional<\/b><span style=\"font-weight: 400;\">. Ao realizar <\/span><b>tarefas<\/b><span style=\"font-weight: 400;\"> que n\u00e3o correspondem \u00e0 sua <\/span><b>fun\u00e7\u00e3o<\/b><span style=\"font-weight: 400;\">, voc\u00ea perde a oportunidade de se especializar na sua \u00e1rea de atua\u00e7\u00e3o e de crescer na carreira.<\/span><\/p>\n<p><span style=\"font-weight: 400;\">Em suma, a legisla\u00e7\u00e3o brasileira garante o <\/span><b>direito do trabalhador<\/b><span style=\"font-weight: 400;\"> de exercer a <\/span><b>fun\u00e7\u00e3o<\/b><span style=\"font-weight: 400;\"> para a qual foi contratado e de receber a devida remunera\u00e7\u00e3o por seu trabalho.\u00a0 Se voc\u00ea se sente lesado pelo <\/span><b>ac\u00famulo de fun\u00e7\u00e3o<\/b><span style=\"font-weight: 400;\">, saiba que existem medidas que voc\u00ea pode tomar para garantir os seus <\/span><b>direitos<\/b><span style=\"font-weight: 400;\">.\u00a0<\/span><\/p>\n<h2><b>Diferen\u00e7as Cruciais entre Ac\u00famulo e Desvio de Fun\u00e7\u00e3o:<\/b><\/h2>\n<p><span style=\"font-weight: 400;\">Muita gente confunde ac\u00famulo de fun\u00e7\u00e3o com desvio de fun\u00e7\u00e3o, <strong>mas, na verdade,<\/strong> s\u00e3o situa\u00e7\u00f5es bem diferentes, <strong>com<\/strong> implica\u00e7\u00f5es distintas para o trabalhador e para a empresa. <strong>\u00c9 importante destacar que<\/strong>, enquanto o ac\u00famulo de fun\u00e7\u00e3o se refere \u00e0 atribui\u00e7\u00e3o de tarefas extras al\u00e9m daquelas previstas no contrato, <strong>o<\/strong> desvio de fun\u00e7\u00e3o ocorre quando o trabalhador \u00e9 obrigado a exercer atividades completamente diferentes daquelas para as quais foi contratado. <strong>Em outras palavras,<\/strong> o ac\u00famulo mant\u00e9m uma rela\u00e7\u00e3o com a fun\u00e7\u00e3o original, <strong>ao passo que<\/strong> o desvio implica uma mudan\u00e7a radical nas atribui\u00e7\u00f5es do empregado. <strong>Portanto,<\/strong> compreender a diferen\u00e7a entre esses dois conceitos \u00e9 crucial para garantir os direitos dos trabalhadores e evitar problemas legais para as empresas.<\/span><\/p>\n<p><span style=\"font-weight: 400;\">Dessa forma\u00a0 no<\/span><span style=\"font-weight: 400;\">\u00a0ac\u00famulo de fun\u00e7\u00e3o, voc\u00ea continua exercendo a sua fun\u00e7\u00e3o original, mas tamb\u00e9m \u00e9 sobrecarregado com tarefas de outra fun\u00e7\u00e3o. J\u00e1 no desvio de fun\u00e7\u00e3o, voc\u00ea exerce exclusivamente uma fun\u00e7\u00e3o diferente daquela para a qual foi contratado, abandonando completamente as suas atividades originais.<\/span><\/p>\n<p><span style=\"font-weight: 400;\">Vejamos exemplos das diferen\u00e7as entre os dois. No <\/span><b>ac\u00famulo de fun\u00e7\u00e3o:<\/b><span style=\"font-weight: 400;\"> O recepcionista que, al\u00e9m de atender telefonemas, tamb\u00e9m precisa organizar o arquivo, controlar o estoque e fazer servi\u00e7os de escrit\u00f3rio j\u00e1 no que tange o <\/span><b>Desvio de fun\u00e7\u00e3o:<\/b><span style=\"font-weight: 400;\"> O auxiliar de servi\u00e7os gerais que passa a operar m\u00e1quinas pesadas, fun\u00e7\u00e3o que exige qualifica\u00e7\u00e3o espec\u00edfica e oferece maior risco \u00e0 sa\u00fade e seguran\u00e7a.<\/span><\/p>\n<p><span style=\"font-weight: 400;\">A import\u00e2ncia est\u00e1 em saber quais os seus <\/span><b>direitos<\/b><span style=\"font-weight: 400;\"> e como agir em cada situa\u00e7\u00e3o. No caso do <\/span><b>ac\u00famulo de fun\u00e7\u00e3o<\/b><span style=\"font-weight: 400;\">, voc\u00ea pode ter direito a uma <\/span><b>remunera\u00e7\u00e3o adicional<\/b><span style=\"font-weight: 400;\"> pelas tarefas extras que est\u00e1 realizando. Portanto,\u00a0 no caso do <\/span><b>desvio de fun\u00e7\u00e3o<\/b><span style=\"font-weight: 400;\">, voc\u00ea pode exigir a <\/span><b>reintegra\u00e7\u00e3o \u00e0 sua fun\u00e7\u00e3o original<\/b><span style=\"font-weight: 400;\"> ou at\u00e9 mesmo uma <\/span><b>indeniza\u00e7\u00e3o por danos morais<\/b><span style=\"font-weight: 400;\">.<\/span><\/p>\n<p><b>Lembre-se:<\/b><span style=\"font-weight: 400;\"> Tanto o <\/span><b>ac\u00famulo<\/b><span style=\"font-weight: 400;\"> quanto o <\/span><b>desvio de fun\u00e7\u00e3o<\/b><span style=\"font-weight: 400;\"> s\u00e3o prejudiciais ao trabalhador, causando sobrecarga, estresse e preju\u00edzo na carreira. Por isso, \u00e9 fundamental conhecer os seus <\/span><b>direitos<\/b><span style=\"font-weight: 400;\"> e buscar ajuda caso se sinta lesado.\u00a0<\/span><\/p>\n<h2><span style=\"font-weight: 400;\">Impactos do Ac\u00famulo e Desvio de Fun\u00e7\u00e3o:<\/span><\/h2>\n<p><span style=\"font-weight: 400;\">Voc\u00ea sabia que o <\/span><b>ac\u00famulo e o desvio de fun\u00e7\u00e3o<\/b><span style=\"font-weight: 400;\"> podem ter consequ\u00eancias devastadoras para a sua <\/span><b>sa\u00fade mental<\/b><span style=\"font-weight: 400;\">, carreira e at\u00e9 mesmo para a sua <\/span><b>produtividade<\/b><span style=\"font-weight: 400;\">?\u00a0 Continue lendo e descubra como essas pr\u00e1ticas ilegais podem afetar a sua vida profissional e pessoal.\u00a0<\/span><\/p>\n<p><span style=\"font-weight: 400;\">A <\/span><b>sobrecarga de trabalho<\/b><span style=\"font-weight: 400;\"> e a press\u00e3o constante para realizar tarefas al\u00e9m das suas atribui\u00e7\u00f5es podem levar ao <\/span><b>estresse cr\u00f4nico<\/b><span style=\"font-weight: 400;\">, aumentando o risco de doen\u00e7as card\u00edacas, problemas digestivos, dores de cabe\u00e7a e ins\u00f4nia.\u00a0<\/span><\/p>\n<p><span style=\"font-weight: 400;\">Al\u00e9m disso, o excesso de trabalho, a falta de reconhecimento e a sensa\u00e7\u00e3o de injusti\u00e7a contribuem para o desenvolvimento da <\/span><b>S\u00edndrome de Burnout<\/b><span style=\"font-weight: 400;\">, caracterizada por exaust\u00e3o emocional, despersonaliza\u00e7\u00e3o e redu\u00e7\u00e3o da realiza\u00e7\u00e3o profissional.\u00a0<\/span><\/p>\n<p><span style=\"font-weight: 400;\">A incerteza sobre o futuro, o medo de perder o emprego e a sensa\u00e7\u00e3o de impot\u00eancia diante da situa\u00e7\u00e3o podem desencadear quadros de <\/span><b>ansiedade<\/b><span style=\"font-weight: 400;\"> e <\/span><b>depress\u00e3o<\/b><span style=\"font-weight: 400;\">. O excesso de trabalho e o estresse tamb\u00e9m podem prejudicar a sua vida social, levando ao isolamento e a conflitos familiares.<\/span><\/p>\n<p><span style=\"font-weight: 400;\">Surpreendentemente, o <\/span><b>ac\u00famulo e o desvio de fun\u00e7\u00e3o<\/b><span style=\"font-weight: 400;\"> podem resultar em queda na <\/span><b>produtividade<\/b><span style=\"font-weight: 400;\">. A sobrecarga de trabalho e o desgaste f\u00edsico e mental prejudicam a concentra\u00e7\u00e3o, a criatividade e a capacidade de tomar decis\u00f5es. A fadiga, a falta de aten\u00e7\u00e3o e o estresse aumentam o risco de <\/span><b>acidentes de trabalho<\/b><span style=\"font-weight: 400;\">, especialmente em atividades que exigem concentra\u00e7\u00e3o e precis\u00e3o.<\/span><\/p>\n<p><span style=\"font-weight: 400;\">\u00c9 fundamental que os trabalhadores estejam atentos aos sinais de <\/span><b>ac\u00famulo e desvio de fun\u00e7\u00e3o<\/b><span style=\"font-weight: 400;\"> e busquem seus <\/span><b>direitos trabalhistas<\/b><span style=\"font-weight: 400;\">. As empresas tamb\u00e9m devem se responsabilizar por garantir um ambiente de trabalho justo e saud\u00e1vel, com distribui\u00e7\u00e3o adequada de tarefas e respeito aos limites dos seus colaboradores.<\/span><\/p>\n<h2><span style=\"font-weight: 400;\">Impactos do Ac\u00famulo e Desvio de Fun\u00e7\u00e3o Para a Empresa<\/span><b>:<\/b><\/h2>\n<p><span style=\"font-weight: 400;\">Enquanto o <\/span><b>ac\u00famulo e desvio de fun\u00e7\u00e3o<\/b><span style=\"font-weight: 400;\"> sobrecarregam os funcion\u00e1rios, as empresas tamb\u00e9m sofrem as consequ\u00eancias dessa pr\u00e1tica ilegal. Prepare-se para descobrir os impactos negativos que essa bomba-rel\u00f3gio pode causar no seu neg\u00f3cio!<\/span><\/p>\n<p><span style=\"font-weight: 400;\">A <\/span><b>sobrecarga de trabalho<\/b><span style=\"font-weight: 400;\">, a falta de reconhecimento e o desgaste provocados pelo ac\u00famulo e desvio de fun\u00e7\u00e3o levam \u00e0 insatisfa\u00e7\u00e3o e desmotiva\u00e7\u00e3o dos funcion\u00e1rios. Isso aumenta o turnover, gerando custos com recrutamento, sele\u00e7\u00e3o e treinamento de novos colaboradores. Al\u00e9m disso, os funcion\u00e1rios sobrecarregados e desmotivados tendem a produzir menos e com menor qualidade. Portanto, o <\/span><b>ac\u00famulo de fun\u00e7\u00e3o<\/b><span style=\"font-weight: 400;\"> prejudica a concentra\u00e7\u00e3o e o foco, aumentando o risco de erros e retrabalhos.\u00a0<\/span><\/p>\n<p><span style=\"font-weight: 400;\">Casos de <\/span><b>ac\u00famulo e desvio de fun\u00e7\u00e3o<\/b><span style=\"font-weight: 400;\"> podem manchar a reputa\u00e7\u00e3o da empresa, afetando a atra\u00e7\u00e3o de talentos e a percep\u00e7\u00e3o dos clientes. A <\/span><b>insatisfa\u00e7\u00e3o dos funcion\u00e1rios<\/b><span style=\"font-weight: 400;\"> pode se espalhar nas redes sociais e sites de avalia\u00e7\u00e3o de empresas, causando danos \u00e0 imagem da marca.\u00a0<\/span><\/p>\n<p><span style=\"font-weight: 400;\">Vale ainda mencionar que as empresas que praticam <\/span><b>ac\u00famulo e desvio de fun\u00e7\u00e3o<\/b><span style=\"font-weight: 400;\"> est\u00e3o sujeitas a <\/span><b>a\u00e7\u00f5es trabalhistas<\/b><span style=\"font-weight: 400;\"> e condena\u00e7\u00f5es ao pagamento de indeniza\u00e7\u00f5es por danos morais e materiais. As multas e os custos judiciais podem gerar um grande preju\u00edzo financeiro.\u00a0<\/span><\/p>\n<p><span style=\"font-weight: 400;\">Por fim, o\u00a0 <\/span><b>ac\u00famulo e desvio de fun\u00e7\u00e3o<\/b><span style=\"font-weight: 400;\"> criam um clima organizacional pesado e tenso. A <\/span><b>desmotiva\u00e7\u00e3o<\/b><span style=\"font-weight: 400;\">, o estresse e a inseguran\u00e7a se espalham entre os colaboradores, impactando a colabora\u00e7\u00e3o, a criatividade e a inova\u00e7\u00e3o<\/span><\/p>\n<h2><span style=\"font-weight: 400;\">O que diz a Lei sobre Ac\u00famulo e desvio de fun\u00e7\u00e3o ?<\/span><\/h2>\n<p><b>Ac\u00famulo e desvio de fun\u00e7\u00e3o<\/b><span style=\"font-weight: 400;\"> n\u00e3o s\u00e3o apenas quest\u00f5es \u00e9ticas, mas tamb\u00e9m ilegais. Portanto, os t<\/span>rabalhadores brasileiros t\u00eam o direito de exercer as fun\u00e7\u00f5es para as quais foram contratados, garantido pela legisla\u00e7\u00e3o. Descumprir essa regra pode trazer s\u00e9rias consequ\u00eancias para as empresas. A imposi\u00e7\u00e3o de fun\u00e7\u00f5es diferentes das combinadas inicialmente caracteriza desvio de fun\u00e7\u00e3o, uma pr\u00e1tica ilegal que pode resultar em a\u00e7\u00f5es judiciais e indeniza\u00e7\u00f5es por danos morais.<\/p>\n<p><span style=\"font-weight: 400;\">O artigo 468 da <\/span><b>Consolida\u00e7\u00e3o das Leis do Trabalho (CLT)<\/b><span style=\"font-weight: 400;\"> \u00e9 claro: qualquer altera\u00e7\u00e3o no contrato de trabalho s\u00f3 pode ocorrer com o consentimento m\u00fatuo do empregado e do empregador, e desde que n\u00e3o cause preju\u00edzo ao trabalhador. Isso significa que <\/span><b>o ac\u00famulo e o desvio de fun\u00e7\u00e3o, que alteram as responsabilidades do empregado sem seu consentimento e sem a devida remunera\u00e7\u00e3o, s\u00e3o ilegais.<\/b><span style=\"font-weight: 400;\">\u00a0<\/span><\/p>\n<p><span style=\"font-weight: 400;\">A jurisprud\u00eancia brasileira, ou seja, o conjunto de decis\u00f5es dos tribunais, t\u00eam reiteradamente reconhecido o direito dos trabalhadores \u00e0 <\/span><b>diferen\u00e7a salarial<\/b><span style=\"font-weight: 400;\"> nos casos de <\/span><b>ac\u00famulo e desvio de fun\u00e7\u00e3o<\/b><span style=\"font-weight: 400;\">. Portanto, se voc\u00ea exerce fun\u00e7\u00f5es al\u00e9m daquelas para as quais foi contratado, saiba que tem direito a um adicional salarial. Esse adicional deve corresponder \u00e0 complexidade e responsabilidade das novas tarefas.<\/span><\/p>\n<p><span style=\"font-weight: 400;\">O <\/span><b>contrato de trabalho<\/b><span style=\"font-weight: 400;\"> \u00e9 o documento que formaliza a rela\u00e7\u00e3o entre empregado e empregador, definindo as <\/span><b>fun\u00e7\u00f5es a serem exercidas<\/b><span style=\"font-weight: 400;\"> e a <\/span><b>remunera\u00e7\u00e3o<\/b><span style=\"font-weight: 400;\">. \u00c9 fundamental que o contrato seja claro e preciso na descri\u00e7\u00e3o das atividades, para evitar <\/span><b>interpreta\u00e7\u00f5es d\u00fabias<\/b><span style=\"font-weight: 400;\"> e <\/span><b>poss\u00edveis abusos<\/b><span style=\"font-weight: 400;\">.\u00a0<\/span><\/p>\n<p><span style=\"font-weight: 400;\">Os <\/span><b>sindicatos<\/b><span style=\"font-weight: 400;\"> t\u00eam um papel importante na <\/span><b>defesa dos direitos dos trabalhadores<\/b><span style=\"font-weight: 400;\">, inclusive no combate ao <\/span><b>ac\u00famulo e desvio de fun\u00e7\u00e3o<\/b><span style=\"font-weight: 400;\">. Eles podem orientar os trabalhadores sobre seus direitos, negociar acordos coletivos que prevejam <\/span><b>adicional salarial<\/b><span style=\"font-weight: 400;\"> para casos de ac\u00famulo de fun\u00e7\u00e3o e at\u00e9 mesmo ajuizar a\u00e7\u00f5es coletivas em defesa da categoria.\u00a0<\/span><\/p>\n<p><span style=\"font-weight: 400;\">Em casos de <\/span><b>ac\u00famulo e desvio de fun\u00e7\u00e3o<\/b><span style=\"font-weight: 400;\">, o trabalhador pode <\/span><b>denunciar a situa\u00e7\u00e3o<\/b><span style=\"font-weight: 400;\"> ao <\/span><b>sindicato<\/b><span style=\"font-weight: 400;\">, ao <\/span><b>Minist\u00e9rio P\u00fablico do Trabalho<\/b><span style=\"font-weight: 400;\"> ou diretamente \u00e0 <\/span><b>Justi\u00e7a do Trabalho<\/b><span style=\"font-weight: 400;\">. \u00c9 importante <\/span><b>documentar a situa\u00e7\u00e3o<\/b><span style=\"font-weight: 400;\">, reunindo provas como e-mails, mensagens, testemunhos e fotos que comprovem o exerc\u00edcio de fun\u00e7\u00f5es diferentes daquelas para as quais foi contratado.\u00a0<\/span><\/p>\n<h2><span style=\"font-weight: 400;\">Jurisprud\u00eancia: O que dizem os Tribunais?<\/span><\/h2>\n<p><span style=\"font-weight: 400;\">A jurisprud\u00eancia, ou seja, o conjunto de decis\u00f5es judiciais sobre determinado assunto, tem se consolidado no sentido de reconhecer o direito dos trabalhadores \u00e0 <\/span><b>remunera\u00e7\u00e3o adicional em casos de ac\u00famulo de fun\u00e7\u00e3o<\/b><span style=\"font-weight: 400;\"> e \u00e0 <\/span><b>reintegra\u00e7\u00e3o \u00e0 fun\u00e7\u00e3o original em casos de desvio de fun\u00e7\u00e3o<\/b><span style=\"font-weight: 400;\">, al\u00e9m de indeniza\u00e7\u00f5es por danos morais e materiais.<\/span><\/p>\n<p>\u00c9 crucial destacar que o Tribunal Superior do Trabalho (TST), por exemplo, j\u00e1 decidiu que o exerc\u00edcio de atividades extras de forma habitual e permanente, <strong>mesmo<\/strong> que n\u00e3o haja altera\u00e7\u00e3o na nomenclatura do cargo, <strong>inevitavelmente<\/strong> caracteriza ac\u00famulo de fun\u00e7\u00e3o e, <strong>consequentemente<\/strong>, gera o direito a um plus salarial. <strong>Al\u00e9m disso<\/strong>, essa decis\u00e3o refor\u00e7a a import\u00e2ncia de uma gest\u00e3o de cargos e sal\u00e1rios justa e transparente, <strong>sobretudo<\/strong> para evitar passivos trabalhistas e garantir a satisfa\u00e7\u00e3o dos colaboradores. <strong>Nesse sentido<\/strong>, as empresas devem estar atentas \u00e0s demandas dos funcion\u00e1rios, <strong>bem como<\/strong> \u00e0s suas reais responsabilidades, <strong>a fim de<\/strong> evitar situa\u00e7\u00f5es de ac\u00famulo de fun\u00e7\u00e3o e garantir uma remunera\u00e7\u00e3o adequada ao trabalho realizado. <strong>Em suma<\/strong>, a preven\u00e7\u00e3o \u00e9 sempre o melhor caminho para evitar conflitos e promover um ambiente de trabalho justo e equilibrado.<\/p>\n<h2><span style=\"font-weight: 400;\">Como Comprovar Ac\u00famulo ou Desvio de Fun\u00e7\u00e3o?<\/span><\/h2>\n<p><span style=\"font-weight: 400;\">Suspeita que est\u00e1 sendo v\u00edtima de <\/span><b>ac\u00famulo ou desvio de fun\u00e7\u00e3o<\/b><span style=\"font-weight: 400;\"> no trabalho? A Justi\u00e7a do Trabalho exige <\/span><b>provas concretas<\/b><span style=\"font-weight: 400;\"> para reconhecer seus direitos.\u00a0<\/span><span style=\"font-weight: 400;\">O primeiro passo \u00e9 analisar seu <\/span><b>contrato de trabalho<\/b><span style=\"font-weight: 400;\">. Verifique <\/span><b>quais fun\u00e7\u00f5es foram especificadas<\/b><span style=\"font-weight: 400;\"> e compare com as atividades que voc\u00ea <\/span><b>realmente exerce<\/b><span style=\"font-weight: 400;\">. Se houver <\/span><b>discrep\u00e2ncias<\/b><span style=\"font-weight: 400;\">, anote-as detalhadamente, incluindo datas, hor\u00e1rios e descri\u00e7\u00f5es das tarefas.\u00a0<\/span><\/p>\n<p><span style=\"font-weight: 400;\">Colete <\/span><b>depoimentos de colegas de trabalho<\/b><span style=\"font-weight: 400;\"> que possam confirmar o <\/span><b>ac\u00famulo ou desvio de fun\u00e7\u00e3o<\/b><span style=\"font-weight: 400;\">. Testemunhas <\/span><b>presenciais<\/b><span style=\"font-weight: 400;\"> t\u00eam grande peso em <\/span><b>processos trabalhistas<\/b><span style=\"font-weight: 400;\">, podendo corroborar suas alega\u00e7\u00f5es e <\/span><b>comprovar a sobrecarga de trabalho<\/b><span style=\"font-weight: 400;\">. Al\u00e9m disso, <\/span><span style=\"font-weight: 400;\">Re\u00fana <\/span><b>provas documentais<\/b><span style=\"font-weight: 400;\"> que demonstrem o exerc\u00edcio de fun\u00e7\u00f5es al\u00e9m das contratadas. E-mails, mensagens, ordens de servi\u00e7o, relat\u00f3rios, apresenta\u00e7\u00f5es, fotos e v\u00eddeos podem ser utilizados como <\/span><b>evid\u00eancias<\/b><span style=\"font-weight: 400;\">. Organize as provas de forma clara e cronol\u00f3gica, demonstrando a <\/span><b>evolu\u00e7\u00e3o da sobrecarga de trabalho<\/b><span style=\"font-weight: 400;\">.\u00a0<\/span><\/p>\n<p><span style=\"font-weight: 400;\">\u00b4N\u00e3o obstante, consulte a <\/span><b>Classifica\u00e7\u00e3o Brasileira de Ocupa\u00e7\u00f5es (CBO)<\/b><span style=\"font-weight: 400;\"> para verificar se as atividades que voc\u00ea exerce correspondem \u00e0 descri\u00e7\u00e3o do seu cargo. A <\/span><b>CBO<\/b><span style=\"font-weight: 400;\"> \u00e9 uma ferramenta do Minist\u00e9rio do Trabalho que <\/span><b>classifica e descreve as profiss\u00f5es<\/b><span style=\"font-weight: 400;\"> no Brasil. Se houver <\/span><b>diverg\u00eancias<\/b><span style=\"font-weight: 400;\">, isso pode fortalecer sua <\/span><b>argumenta\u00e7\u00e3o em um processo trabalhista<\/b><span style=\"font-weight: 400;\">. Por fim, r<\/span><span style=\"font-weight: 400;\">egistre <\/span><b>formalmente suas solicita\u00e7\u00f5es<\/b><span style=\"font-weight: 400;\"> para que a empresa regularize a situa\u00e7\u00e3o. Envie e-mails ou cartas <\/span><b>registradas<\/b><span style=\"font-weight: 400;\"> ao seu superior ou ao departamento de Recursos Humanos, descrevendo o <\/span><b>ac\u00famulo ou desvio de fun\u00e7\u00e3o<\/b><span style=\"font-weight: 400;\"> e solicitando a <\/span><b>adequa\u00e7\u00e3o do seu contrato de trabalho<\/b><span style=\"font-weight: 400;\"> e <\/span><b>remunera\u00e7\u00e3o<\/b><span style=\"font-weight: 400;\">. Essa comunica\u00e7\u00e3o formal pode ser utilizada como prova da sua <\/span><b>boa-f\u00e9<\/b><span style=\"font-weight: 400;\"> e da <\/span><b>tentativa de resolver a situa\u00e7\u00e3o amigavelmente<\/b><span style=\"font-weight: 400;\">.<\/span><\/p>\n<h2><b>Como Evitar o Ac\u00famulo e Desvio de Fun\u00e7\u00e3o na Empresa?<\/b><\/h2>\n<p><b>Ac\u00famulo e desvio de fun\u00e7\u00e3o<\/b><span style=\"font-weight: 400;\"> prejudicam tanto os <\/span><b>trabalhadores<\/b><span style=\"font-weight: 400;\"> quanto as <\/span><b>empresas<\/b><span style=\"font-weight: 400;\">. Para construir um ambiente de trabalho <\/span><b>justo e produtivo<\/b><span style=\"font-weight: 400;\">, \u00e9 fundamental que as empresas adotem medidas preventivas. Confira nosso guia com <\/span><b>estrat\u00e9gias eficazes<\/b><span style=\"font-weight: 400;\"> para blindar sua empresa contra esses problemas!<\/span><\/p>\n<p><span style=\"font-weight: 400;\">Elabore <\/span><b>descri\u00e7\u00f5es de cargo claras, detalhadas e atualizadas<\/b><span style=\"font-weight: 400;\">, especificando as <\/span><b>responsabilidades<\/b><span style=\"font-weight: 400;\">, <\/span><b>tarefas<\/b><span style=\"font-weight: 400;\"> e <\/span><b>compet\u00eancias<\/b><span style=\"font-weight: 400;\"> exigidas para cada fun\u00e7\u00e3o. Isso evita ambiguidades e define limites claros para as atribui\u00e7\u00f5es de cada colaborador.\u00a0<\/span><\/p>\n<p><span style=\"font-weight: 400;\">Implemente um <\/span><b>plano de cargos e sal\u00e1rios bem estruturado<\/b><span style=\"font-weight: 400;\">, que define a <\/span><b>hierarquia dos cargos<\/b><span style=\"font-weight: 400;\">, as <\/span><b>faixas salariais<\/b><span style=\"font-weight: 400;\"> e os <\/span><b>crit\u00e9rios de progress\u00e3o de carreira<\/b><span style=\"font-weight: 400;\">. Isso garante equidade na remunera\u00e7\u00e3o e incentiva o desenvolvimento profissional dos colaboradores, reduzindo a necessidade de <\/span><b>acumular fun\u00e7\u00f5es<\/b><span style=\"font-weight: 400;\"> para obter melhores sal\u00e1rios.\u00a0<\/span><\/p>\n<p><span style=\"font-weight: 400;\">Estimule uma <\/span><b>cultura de comunica\u00e7\u00e3o transparente e di\u00e1logo aberto<\/b><span style=\"font-weight: 400;\"> entre gestores e colaboradores. Crie canais de comunica\u00e7\u00e3o eficazes para que os funcion\u00e1rios possam <\/span><b>expressar suas d\u00favidas e preocupa\u00e7\u00f5es<\/b><span style=\"font-weight: 400;\"> sobre suas atribui\u00e7\u00f5es e <\/span><b>carga de trabalho<\/b><span style=\"font-weight: 400;\">. A escuta ativa e o feedback constante s\u00e3o essenciais para identificar e corrigir poss\u00edveis casos de <\/span><b>ac\u00famulo ou desvio de fun\u00e7\u00e3o<\/b><span style=\"font-weight: 400;\">.\u00a0<\/span><\/p>\n<p><span style=\"font-weight: 400;\">Implemente uma <\/span><b>gest\u00e3o de desempenho eficaz<\/b><span style=\"font-weight: 400;\">, com <\/span><b>metas claras e mensur\u00e1veis<\/b><span style=\"font-weight: 400;\"> para cada cargo. Monitore o desempenho dos colaboradores e identifique poss\u00edveis sobrecargas ou desvios de fun\u00e7\u00e3o. Realize <\/span><b>avalia\u00e7\u00f5es peri\u00f3dicas<\/b><span style=\"font-weight: 400;\"> para reconhecer os esfor\u00e7os e corrigir desequil\u00edbrios nas atribui\u00e7\u00f5es.\u00a0<\/span><\/p>\n<p><span style=\"font-weight: 400;\">Promova <\/span><b>programas de treinamento e desenvolvimento<\/b><span style=\"font-weight: 400;\"> para capacitar os colaboradores a exercerem suas fun\u00e7\u00f5es com excel\u00eancia. O investimento em <\/span><b>qualifica\u00e7\u00e3o profissional<\/b><span style=\"font-weight: 400;\"> aumenta a produtividade, melhora a qualidade do trabalho e reduz a necessidade de <\/span><b>recorrer ao ac\u00famulo ou desvio de fun\u00e7\u00e3o<\/b><span style=\"font-weight: 400;\"> para suprir lacunas de conhecimento ou habilidades.<\/span><\/p>\n<p><strong>Fale com o Dr. Pedro Carvalho!<\/strong><\/p>\n<p><strong>Clique no bot\u00e3o abaixo e obtenha a orienta\u00e7\u00e3o jur\u00eddica que voc\u00ea precisa para resolver suas quest\u00f5es com seguran\u00e7a e confian\u00e7a.<\/strong><\/p>\n<p><strong>\u00a0<\/strong><\/p>\n<p><strong><a href=\"https:\/\/wa.me\/5531975283687\">Fale comigo agora mesmo<\/a><\/strong><\/p>\n<p><strong>Siga-nos na rede social, @pedroncarvalhoadv, e fique por dentro das \u00faltimas novidades!<\/strong><\/p>\n<p>&nbsp;<\/p>\n","protected":false},"excerpt":{"rendered":"<p>PorSente que suas responsabilidades n\u00e3o param de crescer, enquanto seu cargo e sal\u00e1rio continuam os mesmos? Cuidado! Voc\u00ea pode estar sendo v\u00edtima de ac\u00famulo de fun\u00e7\u00e3o ou desvio de fun\u00e7\u00e3o, pr\u00e1ticas ilegais que afetam milhares de trabalhadores brasileiros e podem ter impactos s\u00e9rios na sua sa\u00fade mental e f\u00edsica. Neste artigo completo, vamos desvendar o [&hellip;]<\/p>\n","protected":false},"author":1,"featured_media":583,"comment_status":"open","ping_status":"open","sticky":false,"template":"","format":"standard","meta":{"_joinchat":[],"footnotes":""},"categories":[6],"tags":[],"class_list":["post-582","post","type-post","status-publish","format-standard","has-post-thumbnail","hentry","category-direito-trabalhista"],"yoast_head":"<!-- This site is optimized with the Yoast SEO plugin v27.5 - https:\/\/yoast.com\/product\/yoast-seo-wordpress\/ -->\n<title>Ac\u00famulo e Desvio de Fun\u00e7\u00e3o - Pedro Carvalho Advogado Trabalhista<\/title>\n<meta name=\"description\" content=\"Ac\u00famulo e Desvio de Fun\u00e7\u00e3o: Impactos e Consequ\u00eancias, Entenda seus impactos. Acesse agora e proteja seus direitos!\" \/>\n<meta name=\"robots\" content=\"index, follow, max-snippet:-1, max-image-preview:large, max-video-preview:-1\" \/>\n<link rel=\"canonical\" href=\"https:\/\/carvalhoadvogado.aliamkt.com\/index.php\/2024\/10\/09\/acumulo-e-desvio-de-funcao-consequencias-e-direitos-do-trabalhador\/\" \/>\n<meta property=\"og:locale\" content=\"pt_BR\" \/>\n<meta property=\"og:type\" content=\"article\" \/>\n<meta property=\"og:title\" content=\"Ac\u00famulo e Desvio de Fun\u00e7\u00e3o - Pedro Carvalho Advogado Trabalhista\" \/>\n<meta property=\"og:description\" content=\"Ac\u00famulo e Desvio de Fun\u00e7\u00e3o: Impactos e Consequ\u00eancias, Entenda seus impactos. Acesse agora e proteja seus direitos!\" \/>\n<meta property=\"og:url\" content=\"https:\/\/carvalhoadvogado.aliamkt.com\/index.php\/2024\/10\/09\/acumulo-e-desvio-de-funcao-consequencias-e-direitos-do-trabalhador\/\" \/>\n<meta property=\"og:site_name\" content=\"Pedro Carvalho Advogado Trabalhista\" \/>\n<meta property=\"article:published_time\" content=\"2024-10-09T17:21:41+00:00\" \/>\n<meta property=\"article:modified_time\" content=\"2024-11-05T20:44:07+00:00\" \/>\n<meta property=\"og:image\" content=\"https:\/\/carvalhoadvogado.aliamkt.com\/wp-content\/uploads\/2024\/10\/advogado-do-trabalhador-.png\" \/>\n\t<meta property=\"og:image:width\" content=\"1080\" \/>\n\t<meta property=\"og:image:height\" content=\"1080\" \/>\n\t<meta property=\"og:image:type\" content=\"image\/png\" \/>\n<meta name=\"author\" content=\"lailacarvalhoadv\" \/>\n<meta name=\"twitter:card\" content=\"summary_large_image\" \/>\n<meta name=\"twitter:label1\" content=\"Escrito por\" \/>\n\t<meta name=\"twitter:data1\" content=\"lailacarvalhoadv\" \/>\n\t<meta name=\"twitter:label2\" content=\"Est. tempo de leitura\" \/>\n\t<meta name=\"twitter:data2\" content=\"13 minutos\" \/>\n<script type=\"application\/ld+json\" class=\"yoast-schema-graph\">{\"@context\":\"https:\\\/\\\/schema.org\",\"@graph\":[{\"@type\":\"Article\",\"@id\":\"https:\\\/\\\/carvalhoadvogado.aliamkt.com\\\/index.php\\\/2024\\\/10\\\/09\\\/acumulo-e-desvio-de-funcao-consequencias-e-direitos-do-trabalhador\\\/#article\",\"isPartOf\":{\"@id\":\"https:\\\/\\\/carvalhoadvogado.aliamkt.com\\\/index.php\\\/2024\\\/10\\\/09\\\/acumulo-e-desvio-de-funcao-consequencias-e-direitos-do-trabalhador\\\/\"},\"author\":{\"name\":\"lailacarvalhoadv\",\"@id\":\"https:\\\/\\\/carvalhoadvogado.aliamkt.com\\\/#\\\/schema\\\/person\\\/8f4d67ba57d6160ee802836a319bd8eb\"},\"headline\":\"Ac\u00famulo e Desvio de Fun\u00e7\u00e3o\",\"datePublished\":\"2024-10-09T17:21:41+00:00\",\"dateModified\":\"2024-11-05T20:44:07+00:00\",\"mainEntityOfPage\":{\"@id\":\"https:\\\/\\\/carvalhoadvogado.aliamkt.com\\\/index.php\\\/2024\\\/10\\\/09\\\/acumulo-e-desvio-de-funcao-consequencias-e-direitos-do-trabalhador\\\/\"},\"wordCount\":2651,\"commentCount\":0,\"publisher\":{\"@id\":\"https:\\\/\\\/carvalhoadvogado.aliamkt.com\\\/#organization\"},\"image\":{\"@id\":\"https:\\\/\\\/carvalhoadvogado.aliamkt.com\\\/index.php\\\/2024\\\/10\\\/09\\\/acumulo-e-desvio-de-funcao-consequencias-e-direitos-do-trabalhador\\\/#primaryimage\"},\"thumbnailUrl\":\"https:\\\/\\\/carvalhoadvogado.aliamkt.com\\\/wp-content\\\/uploads\\\/2024\\\/10\\\/advogado-do-trabalhador-.png\",\"articleSection\":[\"Direito Trabalhista\"],\"inLanguage\":\"pt-BR\",\"potentialAction\":[{\"@type\":\"CommentAction\",\"name\":\"Comment\",\"target\":[\"https:\\\/\\\/carvalhoadvogado.aliamkt.com\\\/index.php\\\/2024\\\/10\\\/09\\\/acumulo-e-desvio-de-funcao-consequencias-e-direitos-do-trabalhador\\\/#respond\"]}]},{\"@type\":\"WebPage\",\"@id\":\"https:\\\/\\\/carvalhoadvogado.aliamkt.com\\\/index.php\\\/2024\\\/10\\\/09\\\/acumulo-e-desvio-de-funcao-consequencias-e-direitos-do-trabalhador\\\/\",\"url\":\"https:\\\/\\\/carvalhoadvogado.aliamkt.com\\\/index.php\\\/2024\\\/10\\\/09\\\/acumulo-e-desvio-de-funcao-consequencias-e-direitos-do-trabalhador\\\/\",\"name\":\"Ac\u00famulo e Desvio de Fun\u00e7\u00e3o - Pedro Carvalho Advogado Trabalhista\",\"isPartOf\":{\"@id\":\"https:\\\/\\\/carvalhoadvogado.aliamkt.com\\\/#website\"},\"primaryImageOfPage\":{\"@id\":\"https:\\\/\\\/carvalhoadvogado.aliamkt.com\\\/index.php\\\/2024\\\/10\\\/09\\\/acumulo-e-desvio-de-funcao-consequencias-e-direitos-do-trabalhador\\\/#primaryimage\"},\"image\":{\"@id\":\"https:\\\/\\\/carvalhoadvogado.aliamkt.com\\\/index.php\\\/2024\\\/10\\\/09\\\/acumulo-e-desvio-de-funcao-consequencias-e-direitos-do-trabalhador\\\/#primaryimage\"},\"thumbnailUrl\":\"https:\\\/\\\/carvalhoadvogado.aliamkt.com\\\/wp-content\\\/uploads\\\/2024\\\/10\\\/advogado-do-trabalhador-.png\",\"datePublished\":\"2024-10-09T17:21:41+00:00\",\"dateModified\":\"2024-11-05T20:44:07+00:00\",\"description\":\"Ac\u00famulo e Desvio de Fun\u00e7\u00e3o: Impactos e Consequ\u00eancias, Entenda seus impactos. Acesse agora e proteja seus direitos!\",\"breadcrumb\":{\"@id\":\"https:\\\/\\\/carvalhoadvogado.aliamkt.com\\\/index.php\\\/2024\\\/10\\\/09\\\/acumulo-e-desvio-de-funcao-consequencias-e-direitos-do-trabalhador\\\/#breadcrumb\"},\"inLanguage\":\"pt-BR\",\"potentialAction\":[{\"@type\":\"ReadAction\",\"target\":[\"https:\\\/\\\/carvalhoadvogado.aliamkt.com\\\/index.php\\\/2024\\\/10\\\/09\\\/acumulo-e-desvio-de-funcao-consequencias-e-direitos-do-trabalhador\\\/\"]}]},{\"@type\":\"ImageObject\",\"inLanguage\":\"pt-BR\",\"@id\":\"https:\\\/\\\/carvalhoadvogado.aliamkt.com\\\/index.php\\\/2024\\\/10\\\/09\\\/acumulo-e-desvio-de-funcao-consequencias-e-direitos-do-trabalhador\\\/#primaryimage\",\"url\":\"https:\\\/\\\/carvalhoadvogado.aliamkt.com\\\/wp-content\\\/uploads\\\/2024\\\/10\\\/advogado-do-trabalhador-.png\",\"contentUrl\":\"https:\\\/\\\/carvalhoadvogado.aliamkt.com\\\/wp-content\\\/uploads\\\/2024\\\/10\\\/advogado-do-trabalhador-.png\",\"width\":1080,\"height\":1080},{\"@type\":\"BreadcrumbList\",\"@id\":\"https:\\\/\\\/carvalhoadvogado.aliamkt.com\\\/index.php\\\/2024\\\/10\\\/09\\\/acumulo-e-desvio-de-funcao-consequencias-e-direitos-do-trabalhador\\\/#breadcrumb\",\"itemListElement\":[{\"@type\":\"ListItem\",\"position\":1,\"name\":\"In\u00edcio\",\"item\":\"https:\\\/\\\/carvalhoadvogado.aliamkt.com\\\/\"},{\"@type\":\"ListItem\",\"position\":2,\"name\":\"Ac\u00famulo e Desvio de Fun\u00e7\u00e3o\"}]},{\"@type\":\"WebSite\",\"@id\":\"https:\\\/\\\/carvalhoadvogado.aliamkt.com\\\/#website\",\"url\":\"https:\\\/\\\/carvalhoadvogado.aliamkt.com\\\/\",\"name\":\"Pedro Carvalho Advogado\",\"description\":\"Advogado Trabalhista\",\"publisher\":{\"@id\":\"https:\\\/\\\/carvalhoadvogado.aliamkt.com\\\/#organization\"},\"potentialAction\":[{\"@type\":\"SearchAction\",\"target\":{\"@type\":\"EntryPoint\",\"urlTemplate\":\"https:\\\/\\\/carvalhoadvogado.aliamkt.com\\\/?s={search_term_string}\"},\"query-input\":{\"@type\":\"PropertyValueSpecification\",\"valueRequired\":true,\"valueName\":\"search_term_string\"}}],\"inLanguage\":\"pt-BR\"},{\"@type\":\"Organization\",\"@id\":\"https:\\\/\\\/carvalhoadvogado.aliamkt.com\\\/#organization\",\"name\":\"Pedro Carvalho Advogado\",\"url\":\"https:\\\/\\\/carvalhoadvogado.aliamkt.com\\\/\",\"logo\":{\"@type\":\"ImageObject\",\"inLanguage\":\"pt-BR\",\"@id\":\"https:\\\/\\\/carvalhoadvogado.aliamkt.com\\\/#\\\/schema\\\/logo\\\/image\\\/\",\"url\":\"https:\\\/\\\/carvalhoadvogado.aliamkt.com\\\/wp-content\\\/uploads\\\/2024\\\/06\\\/Logo-azul.png\",\"contentUrl\":\"https:\\\/\\\/carvalhoadvogado.aliamkt.com\\\/wp-content\\\/uploads\\\/2024\\\/06\\\/Logo-azul.png\",\"width\":500,\"height\":500,\"caption\":\"Pedro Carvalho Advogado\"},\"image\":{\"@id\":\"https:\\\/\\\/carvalhoadvogado.aliamkt.com\\\/#\\\/schema\\\/logo\\\/image\\\/\"}},{\"@type\":\"Person\",\"@id\":\"https:\\\/\\\/carvalhoadvogado.aliamkt.com\\\/#\\\/schema\\\/person\\\/8f4d67ba57d6160ee802836a319bd8eb\",\"name\":\"lailacarvalhoadv\",\"image\":{\"@type\":\"ImageObject\",\"inLanguage\":\"pt-BR\",\"@id\":\"https:\\\/\\\/secure.gravatar.com\\\/avatar\\\/a60961139a792fb5ca701fab485f653a1b3cc37cf8dbd4937b4134105caf5369?s=96&d=mm&r=g\",\"url\":\"https:\\\/\\\/secure.gravatar.com\\\/avatar\\\/a60961139a792fb5ca701fab485f653a1b3cc37cf8dbd4937b4134105caf5369?s=96&d=mm&r=g\",\"contentUrl\":\"https:\\\/\\\/secure.gravatar.com\\\/avatar\\\/a60961139a792fb5ca701fab485f653a1b3cc37cf8dbd4937b4134105caf5369?s=96&d=mm&r=g\",\"caption\":\"lailacarvalhoadv\"},\"sameAs\":[\"https:\\\/\\\/carvalhoadvogado.aliamkt.com\"],\"url\":\"https:\\\/\\\/carvalhoadvogado.aliamkt.com\\\/index.php\\\/author\\\/lailacarvalhoadv\\\/\"}]}<\/script>\n<!-- \/ Yoast SEO plugin. -->","yoast_head_json":{"title":"Ac\u00famulo e Desvio de Fun\u00e7\u00e3o - Pedro Carvalho Advogado Trabalhista","description":"Ac\u00famulo e Desvio de Fun\u00e7\u00e3o: Impactos e Consequ\u00eancias, Entenda seus impactos. Acesse agora e proteja seus direitos!","robots":{"index":"index","follow":"follow","max-snippet":"max-snippet:-1","max-image-preview":"max-image-preview:large","max-video-preview":"max-video-preview:-1"},"canonical":"https:\/\/carvalhoadvogado.aliamkt.com\/index.php\/2024\/10\/09\/acumulo-e-desvio-de-funcao-consequencias-e-direitos-do-trabalhador\/","og_locale":"pt_BR","og_type":"article","og_title":"Ac\u00famulo e Desvio de Fun\u00e7\u00e3o - Pedro Carvalho Advogado Trabalhista","og_description":"Ac\u00famulo e Desvio de Fun\u00e7\u00e3o: Impactos e Consequ\u00eancias, Entenda seus impactos. Acesse agora e proteja seus direitos!","og_url":"https:\/\/carvalhoadvogado.aliamkt.com\/index.php\/2024\/10\/09\/acumulo-e-desvio-de-funcao-consequencias-e-direitos-do-trabalhador\/","og_site_name":"Pedro Carvalho Advogado Trabalhista","article_published_time":"2024-10-09T17:21:41+00:00","article_modified_time":"2024-11-05T20:44:07+00:00","og_image":[{"width":1080,"height":1080,"url":"https:\/\/carvalhoadvogado.aliamkt.com\/wp-content\/uploads\/2024\/10\/advogado-do-trabalhador-.png","type":"image\/png"}],"author":"lailacarvalhoadv","twitter_card":"summary_large_image","twitter_misc":{"Escrito por":"lailacarvalhoadv","Est. tempo de leitura":"13 minutos"},"schema":{"@context":"https:\/\/schema.org","@graph":[{"@type":"Article","@id":"https:\/\/carvalhoadvogado.aliamkt.com\/index.php\/2024\/10\/09\/acumulo-e-desvio-de-funcao-consequencias-e-direitos-do-trabalhador\/#article","isPartOf":{"@id":"https:\/\/carvalhoadvogado.aliamkt.com\/index.php\/2024\/10\/09\/acumulo-e-desvio-de-funcao-consequencias-e-direitos-do-trabalhador\/"},"author":{"name":"lailacarvalhoadv","@id":"https:\/\/carvalhoadvogado.aliamkt.com\/#\/schema\/person\/8f4d67ba57d6160ee802836a319bd8eb"},"headline":"Ac\u00famulo e Desvio de Fun\u00e7\u00e3o","datePublished":"2024-10-09T17:21:41+00:00","dateModified":"2024-11-05T20:44:07+00:00","mainEntityOfPage":{"@id":"https:\/\/carvalhoadvogado.aliamkt.com\/index.php\/2024\/10\/09\/acumulo-e-desvio-de-funcao-consequencias-e-direitos-do-trabalhador\/"},"wordCount":2651,"commentCount":0,"publisher":{"@id":"https:\/\/carvalhoadvogado.aliamkt.com\/#organization"},"image":{"@id":"https:\/\/carvalhoadvogado.aliamkt.com\/index.php\/2024\/10\/09\/acumulo-e-desvio-de-funcao-consequencias-e-direitos-do-trabalhador\/#primaryimage"},"thumbnailUrl":"https:\/\/carvalhoadvogado.aliamkt.com\/wp-content\/uploads\/2024\/10\/advogado-do-trabalhador-.png","articleSection":["Direito Trabalhista"],"inLanguage":"pt-BR","potentialAction":[{"@type":"CommentAction","name":"Comment","target":["https:\/\/carvalhoadvogado.aliamkt.com\/index.php\/2024\/10\/09\/acumulo-e-desvio-de-funcao-consequencias-e-direitos-do-trabalhador\/#respond"]}]},{"@type":"WebPage","@id":"https:\/\/carvalhoadvogado.aliamkt.com\/index.php\/2024\/10\/09\/acumulo-e-desvio-de-funcao-consequencias-e-direitos-do-trabalhador\/","url":"https:\/\/carvalhoadvogado.aliamkt.com\/index.php\/2024\/10\/09\/acumulo-e-desvio-de-funcao-consequencias-e-direitos-do-trabalhador\/","name":"Ac\u00famulo e Desvio de Fun\u00e7\u00e3o - Pedro Carvalho Advogado Trabalhista","isPartOf":{"@id":"https:\/\/carvalhoadvogado.aliamkt.com\/#website"},"primaryImageOfPage":{"@id":"https:\/\/carvalhoadvogado.aliamkt.com\/index.php\/2024\/10\/09\/acumulo-e-desvio-de-funcao-consequencias-e-direitos-do-trabalhador\/#primaryimage"},"image":{"@id":"https:\/\/carvalhoadvogado.aliamkt.com\/index.php\/2024\/10\/09\/acumulo-e-desvio-de-funcao-consequencias-e-direitos-do-trabalhador\/#primaryimage"},"thumbnailUrl":"https:\/\/carvalhoadvogado.aliamkt.com\/wp-content\/uploads\/2024\/10\/advogado-do-trabalhador-.png","datePublished":"2024-10-09T17:21:41+00:00","dateModified":"2024-11-05T20:44:07+00:00","description":"Ac\u00famulo e Desvio de Fun\u00e7\u00e3o: Impactos e Consequ\u00eancias, Entenda seus impactos. Acesse agora e proteja seus direitos!","breadcrumb":{"@id":"https:\/\/carvalhoadvogado.aliamkt.com\/index.php\/2024\/10\/09\/acumulo-e-desvio-de-funcao-consequencias-e-direitos-do-trabalhador\/#breadcrumb"},"inLanguage":"pt-BR","potentialAction":[{"@type":"ReadAction","target":["https:\/\/carvalhoadvogado.aliamkt.com\/index.php\/2024\/10\/09\/acumulo-e-desvio-de-funcao-consequencias-e-direitos-do-trabalhador\/"]}]},{"@type":"ImageObject","inLanguage":"pt-BR","@id":"https:\/\/carvalhoadvogado.aliamkt.com\/index.php\/2024\/10\/09\/acumulo-e-desvio-de-funcao-consequencias-e-direitos-do-trabalhador\/#primaryimage","url":"https:\/\/carvalhoadvogado.aliamkt.com\/wp-content\/uploads\/2024\/10\/advogado-do-trabalhador-.png","contentUrl":"https:\/\/carvalhoadvogado.aliamkt.com\/wp-content\/uploads\/2024\/10\/advogado-do-trabalhador-.png","width":1080,"height":1080},{"@type":"BreadcrumbList","@id":"https:\/\/carvalhoadvogado.aliamkt.com\/index.php\/2024\/10\/09\/acumulo-e-desvio-de-funcao-consequencias-e-direitos-do-trabalhador\/#breadcrumb","itemListElement":[{"@type":"ListItem","position":1,"name":"In\u00edcio","item":"https:\/\/carvalhoadvogado.aliamkt.com\/"},{"@type":"ListItem","position":2,"name":"Ac\u00famulo e Desvio de Fun\u00e7\u00e3o"}]},{"@type":"WebSite","@id":"https:\/\/carvalhoadvogado.aliamkt.com\/#website","url":"https:\/\/carvalhoadvogado.aliamkt.com\/","name":"Pedro Carvalho Advogado","description":"Advogado Trabalhista","publisher":{"@id":"https:\/\/carvalhoadvogado.aliamkt.com\/#organization"},"potentialAction":[{"@type":"SearchAction","target":{"@type":"EntryPoint","urlTemplate":"https:\/\/carvalhoadvogado.aliamkt.com\/?s={search_term_string}"},"query-input":{"@type":"PropertyValueSpecification","valueRequired":true,"valueName":"search_term_string"}}],"inLanguage":"pt-BR"},{"@type":"Organization","@id":"https:\/\/carvalhoadvogado.aliamkt.com\/#organization","name":"Pedro Carvalho Advogado","url":"https:\/\/carvalhoadvogado.aliamkt.com\/","logo":{"@type":"ImageObject","inLanguage":"pt-BR","@id":"https:\/\/carvalhoadvogado.aliamkt.com\/#\/schema\/logo\/image\/","url":"https:\/\/carvalhoadvogado.aliamkt.com\/wp-content\/uploads\/2024\/06\/Logo-azul.png","contentUrl":"https:\/\/carvalhoadvogado.aliamkt.com\/wp-content\/uploads\/2024\/06\/Logo-azul.png","width":500,"height":500,"caption":"Pedro Carvalho Advogado"},"image":{"@id":"https:\/\/carvalhoadvogado.aliamkt.com\/#\/schema\/logo\/image\/"}},{"@type":"Person","@id":"https:\/\/carvalhoadvogado.aliamkt.com\/#\/schema\/person\/8f4d67ba57d6160ee802836a319bd8eb","name":"lailacarvalhoadv","image":{"@type":"ImageObject","inLanguage":"pt-BR","@id":"https:\/\/secure.gravatar.com\/avatar\/a60961139a792fb5ca701fab485f653a1b3cc37cf8dbd4937b4134105caf5369?s=96&d=mm&r=g","url":"https:\/\/secure.gravatar.com\/avatar\/a60961139a792fb5ca701fab485f653a1b3cc37cf8dbd4937b4134105caf5369?s=96&d=mm&r=g","contentUrl":"https:\/\/secure.gravatar.com\/avatar\/a60961139a792fb5ca701fab485f653a1b3cc37cf8dbd4937b4134105caf5369?s=96&d=mm&r=g","caption":"lailacarvalhoadv"},"sameAs":["https:\/\/carvalhoadvogado.aliamkt.com"],"url":"https:\/\/carvalhoadvogado.aliamkt.com\/index.php\/author\/lailacarvalhoadv\/"}]}},"_links":{"self":[{"href":"https:\/\/carvalhoadvogado.aliamkt.com\/index.php\/wp-json\/wp\/v2\/posts\/582","targetHints":{"allow":["GET"]}}],"collection":[{"href":"https:\/\/carvalhoadvogado.aliamkt.com\/index.php\/wp-json\/wp\/v2\/posts"}],"about":[{"href":"https:\/\/carvalhoadvogado.aliamkt.com\/index.php\/wp-json\/wp\/v2\/types\/post"}],"author":[{"embeddable":true,"href":"https:\/\/carvalhoadvogado.aliamkt.com\/index.php\/wp-json\/wp\/v2\/users\/1"}],"replies":[{"embeddable":true,"href":"https:\/\/carvalhoadvogado.aliamkt.com\/index.php\/wp-json\/wp\/v2\/comments?post=582"}],"version-history":[{"count":3,"href":"https:\/\/carvalhoadvogado.aliamkt.com\/index.php\/wp-json\/wp\/v2\/posts\/582\/revisions"}],"predecessor-version":[{"id":607,"href":"https:\/\/carvalhoadvogado.aliamkt.com\/index.php\/wp-json\/wp\/v2\/posts\/582\/revisions\/607"}],"wp:featuredmedia":[{"embeddable":true,"href":"https:\/\/carvalhoadvogado.aliamkt.com\/index.php\/wp-json\/wp\/v2\/media\/583"}],"wp:attachment":[{"href":"https:\/\/carvalhoadvogado.aliamkt.com\/index.php\/wp-json\/wp\/v2\/media?parent=582"}],"wp:term":[{"taxonomy":"category","embeddable":true,"href":"https:\/\/carvalhoadvogado.aliamkt.com\/index.php\/wp-json\/wp\/v2\/categories?post=582"},{"taxonomy":"post_tag","embeddable":true,"href":"https:\/\/carvalhoadvogado.aliamkt.com\/index.php\/wp-json\/wp\/v2\/tags?post=582"}],"curies":[{"name":"wp","href":"https:\/\/api.w.org\/{rel}","templated":true}]}}