{"id":644,"date":"2024-12-27T17:00:33","date_gmt":"2024-12-27T20:00:33","guid":{"rendered":"https:\/\/carvalhoadvogado.aliamkt.com\/?p=644"},"modified":"2024-12-27T17:00:33","modified_gmt":"2024-12-27T20:00:33","slug":"o-que-e-a-demissao-por-acordo","status":"publish","type":"post","link":"https:\/\/carvalhoadvogado.aliamkt.com\/index.php\/2024\/12\/27\/o-que-e-a-demissao-por-acordo\/","title":{"rendered":"O que \u00e9 a demiss\u00e3o por acordo ?\u00a0"},"content":{"rendered":"<h2><span style=\"font-weight: 400;\">Entenda seus direitos, negocie com seguran\u00e7a e fa\u00e7a a melhor escolha para o seu futuro.<\/span><\/h2>\n<p><span style=\"font-weight: 400;\">A <\/span><b>demiss\u00e3o por acordo<\/b><span style=\"font-weight: 400;\">, modalidade prevista na Reforma Trabalhista (Lei n\u00ba 13.467\/2017), tem se tornado cada vez mais comum no Brasil. Essa forma de encerrar o contrato de trabalho, que se baseia no consenso entre empregado e empregador, gera muitas d\u00favidas. Pensando nisso, elaboramos este guia completo para esclarecer tudo sobre o assunto.<\/span><\/p>\n<h2><span style=\"font-weight: 400;\">O que \u00e9 a demiss\u00e3o por acordo?<\/span><\/h2>\n<p><span style=\"font-weight: 400;\">A <\/span><b>demiss\u00e3o por acordo<\/b><span style=\"font-weight: 400;\">, introduzida pela <\/span><b>Reforma Trabalhista<\/b><span style=\"font-weight: 400;\"> em 2017, alterou a din\u00e2mica das rela\u00e7\u00f5es trabalhistas no Brasil. Mas o que significa exatamente essa modalidade de <\/span><a href=\"https:\/\/carvalhoadvogado.aliamkt.com\/index.php\/2024\/12\/26\/verbas-rescisorias-como-calcular-seu-acerto-ao-ser-demitido\/\"><b>demiss\u00e3o<\/b><\/a><span style=\"font-weight: 400;\"> e como ela funciona na pr\u00e1tica?<\/span><\/p>\n<p><span style=\"font-weight: 400;\">Em termos simples, a <\/span><b>demiss\u00e3o por acordo<\/b><span style=\"font-weight: 400;\"> ocorre quando <\/span><b>empregado<\/b><span style=\"font-weight: 400;\"> e <\/span><b>empregador<\/b><span style=\"font-weight: 400;\"> decidem, em comum acordo, encerrar o <\/span><b>contrato de trabalho<\/b><span style=\"font-weight: 400;\">. Diferentemente da demiss\u00e3o sem justa causa, onde a iniciativa \u00e9 exclusivamente do empregador, aqui ambas as partes manifestam o desejo de findar a rela\u00e7\u00e3o profissional.<\/span><\/p>\n<p><span style=\"font-weight: 400;\">Essa modalidade traz consigo uma s\u00e9rie de particularidades que a distinguem das demais formas de <\/span><b>rescis\u00e3o contratual<\/b><span style=\"font-weight: 400;\">. As <\/span><b>verbas rescis\u00f3rias<\/b><span style=\"font-weight: 400;\">, por exemplo, s\u00e3o calculadas de forma diferente, com impactos no valor do <\/span><b>FGTS<\/b><span style=\"font-weight: 400;\"> e do <\/span><b>aviso pr\u00e9vio<\/b><span style=\"font-weight: 400;\">.<\/span><\/p>\n<p><span style=\"font-weight: 400;\">Um dos principais pontos de aten\u00e7\u00e3o na <\/span><b>demiss\u00e3o por acordo<\/b><span style=\"font-weight: 400;\"> \u00e9 a <\/span><b>negocia\u00e7\u00e3o<\/b><span style=\"font-weight: 400;\">. Tanto o <\/span><b>empregado<\/b><span style=\"font-weight: 400;\"> quanto o <\/span><b>empregador<\/b><span style=\"font-weight: 400;\"> devem estar cientes de seus <\/span><b>direitos<\/b><span style=\"font-weight: 400;\"> e <\/span><b>deveres<\/b><span style=\"font-weight: 400;\"> para garantir um acordo justo e transparente, que atenda aos interesses de ambos.<\/span><\/p>\n<p><span style=\"font-weight: 400;\">Outro aspecto crucial \u00e9 a <\/span><b>formaliza\u00e7\u00e3o<\/b><span style=\"font-weight: 400;\"> do acordo. Para ter validade legal, a <\/span><b>demiss\u00e3o por acordo<\/b><span style=\"font-weight: 400;\"> precisa ser registrada em um documento escrito, com assinatura de ambas as partes, e <\/span><b>homologada<\/b><span style=\"font-weight: 400;\"> pelo sindicato ou pelo Minist\u00e9rio do Trabalho e Emprego.<\/span><\/p>\n<p><span style=\"font-weight: 400;\">\u00c9 fundamental que <\/span><b>trabalhadores<\/b><span style=\"font-weight: 400;\"> e <\/span><b>empregadores<\/b><span style=\"font-weight: 400;\"> estejam bem informados sobre a <\/span><b>demiss\u00e3o por acordo<\/b><span style=\"font-weight: 400;\"> para tomar decis\u00f5es conscientes e evitar problemas futuros. Neste guia completo, vamos abordar todos os aspectos dessa modalidade de demiss\u00e3o, desde as <\/span><b>verbas rescis\u00f3rias<\/b><span style=\"font-weight: 400;\"> at\u00e9 os <\/span><b>direitos<\/b><span style=\"font-weight: 400;\"> e <\/span><b>deveres<\/b><span style=\"font-weight: 400;\"> de cada parte.<\/span><\/p>\n<p>&nbsp;<\/p>\n<h2><span style=\"font-weight: 400;\">Vantagens da Demiss\u00e3o por Acordo: Benef\u00edcios para Empregados e Empregadores<\/span><\/h2>\n<p><span style=\"font-weight: 400;\">A <\/span><b>demiss\u00e3o por acordo<\/b><span style=\"font-weight: 400;\">, modalidade de <\/span><b>rescis\u00e3o contratual<\/b><span style=\"font-weight: 400;\"> prevista na <\/span><b>Reforma Trabalhista<\/b><span style=\"font-weight: 400;\">, oferece uma s\u00e9rie de <\/span><b>vantagens<\/b><span style=\"font-weight: 400;\"> tanto para o <\/span><b>empregado<\/b><span style=\"font-weight: 400;\"> quanto para o <\/span><b>empregador<\/b><span style=\"font-weight: 400;\">. Essa forma de encerrar o <\/span><b>contrato de trabalho<\/b><span style=\"font-weight: 400;\">, que se baseia no <\/span><b>consenso<\/b><span style=\"font-weight: 400;\"> entre as partes, apresenta benef\u00edcios que v\u00e3o al\u00e9m das modalidades tradicionais de <\/span><b>demiss\u00e3o<\/b><span style=\"font-weight: 400;\">.<\/span><\/p>\n<h3><span style=\"font-weight: 400;\">Para o empregado, a demiss\u00e3o por acordo pode significar:<\/span><\/h3>\n<p><span style=\"font-weight: 400;\">O <\/span><b>trabalhador<\/b><span style=\"font-weight: 400;\"> tem a oportunidade de negociar as <\/span><b>verbas rescis\u00f3rias<\/b><span style=\"font-weight: 400;\"> e outros aspectos do <\/span><b>acordo<\/b><span style=\"font-weight: 400;\">, como a data de sa\u00edda e a manuten\u00e7\u00e3o de benef\u00edcios como o plano de sa\u00fade.<\/span><\/p>\n<p><span style=\"font-weight: 400;\">Al\u00e9m disso, diferentemente da <\/span><b>demiss\u00e3o sem justa causa<\/b><span style=\"font-weight: 400;\">, em que o acesso ao <\/span><b>Fundo de Garantia<\/b><span style=\"font-weight: 400;\"> \u00e9 restrito, na <\/span><b>demiss\u00e3o por acordo<\/b><span style=\"font-weight: 400;\"> o trabalhador pode sacar at\u00e9 80% do saldo da sua conta do <\/span><b>FGTS<\/b><span style=\"font-weight: 400;\">.<\/span><\/p>\n<p><span style=\"font-weight: 400;\">Mas vale ressaltar, que na demiss\u00e3o por acordo o empregado perde o direito do seguro desemprego.\u00a0<\/span><\/p>\n<p><span style=\"font-weight: 400;\">Ademais, <\/span><b>na<\/b> <b>demiss\u00e3o por acordo<\/b><span style=\"font-weight: 400;\"> costuma ser mais r\u00e1pida do que a <\/span><b>demiss\u00e3o sem justa causa<\/b><span style=\"font-weight: 400;\">, o que significa que o trabalhador recebe suas <\/span><b>verbas rescis\u00f3rias<\/b><span style=\"font-weight: 400;\"> em um prazo menor.<\/span><\/p>\n<h3><span style=\"font-weight: 400;\">Para o empregador, a demiss\u00e3o por acordo tamb\u00e9m traz vantagens significativas:<\/span><\/h3>\n<p><span style=\"font-weight: 400;\">Em primeiro lugar, a empresa economiza com a <\/span><b>multa do FGTS<\/b><span style=\"font-weight: 400;\">, que na <\/span><b>demiss\u00e3o por acordo<\/b><span style=\"font-weight: 400;\"> \u00e9 reduzida de 40% para 20%.<\/span><\/p>\n<p><span style=\"font-weight: 400;\">Al\u00e9m disso, o processo de <\/span><b>demiss\u00e3o por acordo<\/b><span style=\"font-weight: 400;\"> \u00e9 mais simples e menos burocr\u00e1tico do que a <\/span><b>demiss\u00e3o sem justa causa<\/b><span style=\"font-weight: 400;\">, o que gera economia de tempo e recursos para a empresa.<\/span><\/p>\n<p><span style=\"font-weight: 400;\">Por fim, a <\/span><b>demiss\u00e3o por acordo<\/b><span style=\"font-weight: 400;\">, por ser uma decis\u00e3o consensual entre as partes, diminui as chances de o empregado entrar com uma <\/span><b>a\u00e7\u00e3o trabalhista<\/b><span style=\"font-weight: 400;\"> no futuro.<\/span><\/p>\n<p><span style=\"font-weight: 400;\">Em suma, a <\/span><b>demiss\u00e3o por acordo<\/b><span style=\"font-weight: 400;\"> apresenta <\/span><b>vantagens<\/b><span style=\"font-weight: 400;\"> para ambos os lados, proporcionando maior flexibilidade, agilidade e seguran\u00e7a jur\u00eddica para <\/span><b>empregados<\/b><span style=\"font-weight: 400;\"> e <\/span><b>empregadores<\/b><span style=\"font-weight: 400;\">.<\/span><\/p>\n<p>&nbsp;<\/p>\n<h2><span style=\"font-weight: 400;\">Quais as desvantagens da demiss\u00e3o por acordo?<\/span><\/h2>\n<p><span style=\"font-weight: 400;\">Embora a <\/span><b>demiss\u00e3o por acordo<\/b><span style=\"font-weight: 400;\"> apresenta vantagens para ambas as partes, como a flexibilidade na negocia\u00e7\u00e3o e a agilidade no processo, \u00e9 fundamental estar ciente das suas <\/span><b>desvantagens<\/b><span style=\"font-weight: 400;\"> antes de tomar uma decis\u00e3o. Afinal, essa modalidade de <\/span><b>rescis\u00e3o contratual<\/b><span style=\"font-weight: 400;\"> tamb\u00e9m apresenta alguns pontos que exigem aten\u00e7\u00e3o, tanto por parte do <\/span><b>empregado<\/b><span style=\"font-weight: 400;\"> quanto do <\/span><b>empregador<\/b><span style=\"font-weight: 400;\">.<\/span><\/p>\n<h3><span style=\"font-weight: 400;\">Para o trabalhador, as principais desvantagens s\u00e3o:<\/span><\/h3>\n<p><span style=\"font-weight: 400;\">Em primeiro lugar, a demiss\u00e3o por acordo, a multa do FGTS \u00e9 reduzida de 40% para 20%. Isso significa que o trabalhador receber\u00e1 um valor menor em rela\u00e7\u00e3o \u00e0 <\/span><b>demiss\u00e3o sem justa causa<\/b><span style=\"font-weight: 400;\">.<\/span><\/p>\n<p><span style=\"font-weight: 400;\">Al\u00e9m disso,<\/span> <span style=\"font-weight: 400;\">o <\/span><b>aviso pr\u00e9vio indenizado<\/b><span style=\"font-weight: 400;\"> na demiss\u00e3o por acordo \u00e9 de apenas 50% do valor que seria pago em uma demiss\u00e3o sem justa causa. Essa redu\u00e7\u00e3o pode impactar o planejamento financeiro do trabalhador.<\/span><\/p>\n<p><span style=\"font-weight: 400;\">Ademais, caso o trabalhador se arrependa do acordo e queira retornar \u00e0 empresa, ter\u00e1 mais dificuldade em comprovar a justa causa para reintegra\u00e7\u00e3o, j\u00e1 que a demiss\u00e3o por acordo pressup\u00f5e o consentimento m\u00fatuo para o fim do <\/span><b>contrato de trabalho<\/b><span style=\"font-weight: 400;\">.<\/span><\/p>\n<p><span style=\"font-weight: 400;\">Por fim, atualmente, a <\/span><b>demiss\u00e3o por acordo n\u00e3o d\u00e1 direito ao seguro-desemprego<\/b><span style=\"font-weight: 400;\">, exceto em casos espec\u00edficos previstos em lei. Essa \u00e9 uma desvantagem significativa, pois o trabalhador perde o amparo financeiro durante o per\u00edodo de transi\u00e7\u00e3o de carreira.<\/span><\/p>\n<h3><span style=\"font-weight: 400;\">Para o empregador, as desvantagens podem incluir:<\/span><\/h3>\n<p><span style=\"font-weight: 400;\">Em primeiro lugar, em alguns casos, a negocia\u00e7\u00e3o com o empregado pode ser complexa e demandar tempo e recursos. \u00c9 preciso estar preparado para discutir os termos do acordo e encontrar solu\u00e7\u00f5es que atendam aos interesses de ambas as partes.<\/span><\/p>\n<p><span style=\"font-weight: 400;\">Al\u00e9m disso, se n\u00e3o houver uma an\u00e1lise cuidadosa das condi\u00e7\u00f5es do acordo, a empresa pode acabar em uma situa\u00e7\u00e3o desfavor\u00e1vel. \u00c9 fundamental ter clareza sobre os custos e os riscos envolvidos na demiss\u00e3o por acordo.<\/span><\/p>\n<p><span style=\"font-weight: 400;\">Em resumo, a demiss\u00e3o por acordo exige uma an\u00e1lise criteriosa de seus benef\u00edcios e desvantagens. \u00c9 essencial que trabalhadores e empregadores estejam bem informados e busquem orienta\u00e7\u00e3o profissional para tomar a decis\u00e3o mais adequada \u00e0s suas necessidades.<\/span><\/p>\n<p>&nbsp;<\/p>\n<h2><span style=\"font-weight: 400;\">Como funciona o processo de demiss\u00e3o por acordo?<\/span><\/h2>\n<p><span style=\"font-weight: 400;\">A <\/span><b>demiss\u00e3o por acordo<\/b><span style=\"font-weight: 400;\"> oferece uma alternativa mais flex\u00edvel para encerrar o <\/span><b>contrato de trabalho<\/b><span style=\"font-weight: 400;\">, mas exige aten\u00e7\u00e3o ao processo para garantir que os <\/span><b>direitos<\/b><span style=\"font-weight: 400;\"> e <\/span><b>deveres<\/b><span style=\"font-weight: 400;\"> de ambas as partes sejam respeitados. Entenda como funciona cada etapa da <\/span><b>demiss\u00e3o por acordo<\/b><span style=\"font-weight: 400;\"> e evite problemas futuros.<\/span><\/p>\n<ol>\n<li>\n<h5><b> Iniciativa:<\/b><span style=\"font-weight: 400;\"> A proposta de demiss\u00e3o por acordo pode partir tanto do <\/span><b>empregado<\/b><span style=\"font-weight: 400;\"> quanto do <\/span><b>empregador<\/b><span style=\"font-weight: 400;\">. O importante \u00e9 que a iniciativa seja discutida abertamente e que ambas as partes estejam de acordo com o t\u00e9rmino do contrato.<\/span><\/h5>\n<\/li>\n<li>\n<h5><b> Negocia\u00e7\u00e3o:<\/b><span style=\"font-weight: 400;\"> Essa \u00e9 a etapa mais importante do processo. <\/span><b>Empregado<\/b><span style=\"font-weight: 400;\"> e <\/span><b>empregador<\/b><span style=\"font-weight: 400;\"> devem negociar os termos do acordo, definindo as <\/span><b>verbas rescis\u00f3rias<\/b><span style=\"font-weight: 400;\">, a data de desligamento, e outros pontos relevantes, como a possibilidade de manter benef\u00edcios como plano de sa\u00fade. \u00c9 crucial que a negocia\u00e7\u00e3o seja transparente e justa, com ambas as partes cientes de seus direitos.<\/span><\/h5>\n<\/li>\n<li>\n<h5><b> Formaliza\u00e7\u00e3o:<\/b><span style=\"font-weight: 400;\"> Ap\u00f3s a negocia\u00e7\u00e3o, o acordo deve ser formalizado por escrito em um documento chamado <\/span><b>Termo de Rescis\u00e3o do Contrato de Trabalho por Acordo entre as Partes<\/b><span style=\"font-weight: 400;\">. Esse documento deve conter todos os termos acordados, como o valor das verbas rescis\u00f3rias, a data de desligamento e a forma de pagamento. \u00c9 fundamental que o documento seja assinado por ambas as partes e por duas testemunhas.<\/span><\/h5>\n<\/li>\n<li>\n<h5><b> Homologa\u00e7\u00e3o:<\/b><span style=\"font-weight: 400;\"> A homologa\u00e7\u00e3o do acordo \u00e9 um passo crucial para garantir sua validade. Ela pode ser feita no sindicato da categoria ou no Minist\u00e9rio do Trabalho e Emprego. Durante a homologa\u00e7\u00e3o, um profissional ir\u00e1 analisar o acordo e verificar se os direitos do trabalhador est\u00e3o sendo respeitados.<\/span><\/h5>\n<\/li>\n<li>\n<h5><b> Pagamento das verbas rescis\u00f3rias:<\/b><span style=\"font-weight: 400;\"> Ap\u00f3s a homologa\u00e7\u00e3o, a empresa deve realizar o pagamento das <\/span><b>verbas rescis\u00f3rias<\/b><span style=\"font-weight: 400;\"> acordadas no prazo estabelecido. O pagamento pode ser feito em dinheiro, cheque ou dep\u00f3sito banc\u00e1rio. \u00c9 importante que o trabalhador receba um comprovante de pagamento.<\/span><\/h5>\n<\/li>\n<li>\n<h5><b> Baixa na Carteira de Trabalho:<\/b><span style=\"font-weight: 400;\"> Por fim, a empresa deve dar baixa na <\/span><b>Carteira de Trabalho<\/b><span style=\"font-weight: 400;\"> do empregado, registrando a data de sa\u00edda e a modalidade de demiss\u00e3o: &#8220;Acordo entre as partes&#8221; com base no artigo 484-A da CLT.<\/span><\/h5>\n<\/li>\n<\/ol>\n<p><span style=\"font-weight: 400;\">Seguir este passo a passo garante que a <\/span><b>demiss\u00e3o por acordo<\/b><span style=\"font-weight: 400;\"> seja realizada de forma legal e segura, protegendo os direitos de <\/span><b>empregados<\/b><span style=\"font-weight: 400;\"> e <\/span><b>empregadores<\/b><span style=\"font-weight: 400;\">.<\/span><\/p>\n<p>&nbsp;<\/p>\n<h2><span style=\"font-weight: 400;\">Quais as verbas rescis\u00f3rias na demiss\u00e3o por acordo?<\/span><\/h2>\n<p><span style=\"font-weight: 400;\">A <\/span><b>demiss\u00e3o por acordo<\/b><span style=\"font-weight: 400;\"> prev\u00ea o pagamento de <\/span><b>verbas rescis\u00f3rias<\/b><span style=\"font-weight: 400;\">, mas com algumas diferen\u00e7as em rela\u00e7\u00e3o \u00e0 <\/span><b>demiss\u00e3o sem justa causa<\/b><span style=\"font-weight: 400;\">. \u00c9 fundamental que o <\/span><b>trabalhador<\/b><span style=\"font-weight: 400;\"> conhe\u00e7a seus <\/span><b>direitos<\/b><span style=\"font-weight: 400;\"> para garantir uma negocia\u00e7\u00e3o justa e transparente com o <\/span><b>empregador<\/b><span style=\"font-weight: 400;\">.<\/span><\/p>\n<p><span style=\"font-weight: 400;\">Em primeiro lugar, o trabalhador tem direito a receber o valor correspondente aos dias trabalhados no m\u00eas da rescis\u00e3o do <\/span><b>contrato de trabalho<\/b><span style=\"font-weight: 400;\">.<\/span><\/p>\n<p><span style=\"font-weight: 400;\">tamb\u00e9m,<\/span> <span style=\"font-weight: 400;\">devem ser pagas as f\u00e9rias vencidas, caso haja, e as f\u00e9rias proporcionais ao per\u00edodo trabalhado no ano da demiss\u00e3o. O pagamento das f\u00e9rias inclui o acr\u00e9scimo de 1\/3 constitucional.<\/span><\/p>\n<p><span style=\"font-weight: 400;\">Ademais, o trabalhador tem direito a receber a parte do 13\u00ba sal\u00e1rio proporcional aos meses trabalhados no ano da demiss\u00e3o.<\/span><\/p>\n<p><span style=\"font-weight: 400;\">Ressalta ainda que demiss\u00e3o por acordo, o trabalhador pode sacar at\u00e9 80% do saldo da sua conta do <\/span><b>FGTS<\/b><span style=\"font-weight: 400;\">. Essa \u00e9 uma diferen\u00e7a importante em rela\u00e7\u00e3o \u00e0 demiss\u00e3o sem justa causa, em que o saque \u00e9 integral.<\/span><\/p>\n<p><span style=\"font-weight: 400;\">Al\u00e9m disso, a empresa deve depositar na conta do trabalhador a multa do <\/span><b>FGTS<\/b><span style=\"font-weight: 400;\">, que na demiss\u00e3o por acordo \u00e9 de 20% sobre o saldo total da conta. Na demiss\u00e3o sem justa causa, a multa \u00e9 de 40%.<\/span><\/p>\n<p><span style=\"font-weight: 400;\">Por fim, caso o trabalhador n\u00e3o precise cumprir o <\/span><b>aviso pr\u00e9vio<\/b><span style=\"font-weight: 400;\">, a empresa deve pagar o aviso pr\u00e9vio indenizado. Na <\/span><b>demiss\u00e3o por acordo<\/b><span style=\"font-weight: 400;\">, o valor do aviso pr\u00e9vio indenizado \u00e9 de 50% do valor que seria pago na demiss\u00e3o sem justa causa.<\/span><\/p>\n<p><span style=\"font-weight: 400;\">\u00c9 importante lembrar que as <\/span><b>verbas rescis\u00f3rias<\/b><span style=\"font-weight: 400;\"> devem ser pagas pela empresa em at\u00e9 10 dias corridos ap\u00f3s o t\u00e9rmino do contrato de trabalho. O trabalhador deve receber um comprovante de pagamento com a discrimina\u00e7\u00e3o de todas as verbas recebidas.<\/span><\/p>\n<p><span style=\"font-weight: 400;\">Compreender as <\/span><b>verbas rescis\u00f3rias<\/b><span style=\"font-weight: 400;\"> na <\/span><b>demiss\u00e3o por acordo<\/b><span style=\"font-weight: 400;\"> \u00e9 essencial para que o trabalhador possa negociar seus direitos de forma consciente e garantir um acordo justo com o empregador.<\/span><\/p>\n<p>&nbsp;<\/p>\n<h2><span style=\"font-weight: 400;\">A demiss\u00e3o por acordo d\u00e1 direito ao seguro-desemprego?<\/span><\/h2>\n<p><span style=\"font-weight: 400;\">Uma d\u00favida frequente sobre a <\/span><b>demiss\u00e3o por acordo<\/b><span style=\"font-weight: 400;\"> \u00e9 se ela d\u00e1 <\/span><b>direito ao seguro-desemprego<\/b><span style=\"font-weight: 400;\">. A resposta, infelizmente, n\u00e3o \u00e9 t\u00e3o simples. Em regra geral, a <\/span><b>demiss\u00e3o por acordo n\u00e3o garante o acesso ao seguro-desemprego<\/b><span style=\"font-weight: 400;\">, pois, ao contr\u00e1rio da <\/span><b>demiss\u00e3o sem justa causa<\/b><span style=\"font-weight: 400;\">, o t\u00e9rmino do <\/span><b>contrato de trabalho<\/b><span style=\"font-weight: 400;\"> se d\u00e1 por m\u00fatuo acordo entre <\/span><b>empregado<\/b><span style=\"font-weight: 400;\"> e <\/span><b>empregador<\/b><span style=\"font-weight: 400;\">, n\u00e3o configurando uma situa\u00e7\u00e3o de desemprego involunt\u00e1rio.<\/span><\/p>\n<p><span style=\"font-weight: 400;\">No entanto, \u00e9 crucial estar atento \u00e0s exce\u00e7\u00f5es e mudan\u00e7as na legisla\u00e7\u00e3o. Durante a pandemia de COVID-19, por exemplo, houve uma altera\u00e7\u00e3o tempor\u00e1ria na lei que permitiu o acesso ao <\/span><b>seguro-desemprego<\/b><span style=\"font-weight: 400;\"> em casos de <\/span><b>demiss\u00e3o por acordo<\/b><span style=\"font-weight: 400;\"> firmados entre mar\u00e7o de 2020 e dezembro de 2020. Por isso, \u00e9 fundamental consultar as regras vigentes no site do Minist\u00e9rio do Trabalho e Emprego ou com um especialista em <\/span><b>direito trabalhista<\/b><span style=\"font-weight: 400;\"> para ter certeza sobre seus direitos.<\/span><\/p>\n<p>&nbsp;<\/p>\n<h2><span style=\"font-weight: 400;\">O que acontece se o empregador n\u00e3o cumprir o acordo?<\/span><\/h2>\n<p><span style=\"font-weight: 400;\">A <\/span><b>demiss\u00e3o por acordo<\/b><span style=\"font-weight: 400;\">, apesar de ser uma modalidade de <\/span><b>rescis\u00e3o de contrato<\/b><span style=\"font-weight: 400;\"> que visa simplificar o processo, pode gerar conflitos caso o <\/span><b>empregador<\/b><span style=\"font-weight: 400;\"> n\u00e3o cumpra com o que foi acordado. Nesse cen\u00e1rio, \u00e9 fundamental que o <\/span><b>trabalhador<\/b><span style=\"font-weight: 400;\"> saiba como agir para garantir seus <\/span><b>direitos<\/b><span style=\"font-weight: 400;\">.<\/span><\/p>\n<p><span style=\"font-weight: 400;\">O primeiro passo \u00e9 tentar uma resolu\u00e7\u00e3o amig\u00e1vel. Entre em contato com o <\/span><b>empregador<\/b><span style=\"font-weight: 400;\"> e busque entender o motivo do descumprimento do acordo. Muitas vezes, uma simples conversa pode solucionar o problema. \u00c9 importante documentar todas as tentativas de contato, como e-mails e mensagens, para comprovar sua busca por uma solu\u00e7\u00e3o extrajudicial.<\/span><\/p>\n<p><span style=\"font-weight: 400;\">Caso a negocia\u00e7\u00e3o direta n\u00e3o seja frut\u00edfera, o pr\u00f3ximo passo \u00e9 buscar aux\u00edlio junto ao sindicato da categoria ou a um advogado especialista em <\/span><b>direito trabalhista<\/b><span style=\"font-weight: 400;\">. O sindicato pode intermediar a negocia\u00e7\u00e3o com o <\/span><b>empregador<\/b><span style=\"font-weight: 400;\"> e buscar uma solu\u00e7\u00e3o que atenda aos seus interesses. J\u00e1 o advogado poder\u00e1 orient\u00e1-lo sobre as medidas legais cab\u00edveis e represent\u00e1-lo em uma eventual a\u00e7\u00e3o judicial.<\/span><\/p>\n<p><span style=\"font-weight: 400;\">Se for necess\u00e1rio recorrer \u00e0 Justi\u00e7a do Trabalho, o <\/span><b>trabalhador<\/b><span style=\"font-weight: 400;\"> dever\u00e1 apresentar provas do acordo firmado com o <\/span><b>empregador<\/b><span style=\"font-weight: 400;\">, como o <\/span><b>Termo de Rescis\u00e3o do Contrato de Trabalho por Acordo entre as Partes<\/b><span style=\"font-weight: 400;\"> e comprovantes de pagamento. \u00c9 importante guardar todos os documentos relacionados ao acordo, mesmo ap\u00f3s a homologa\u00e7\u00e3o.<\/span><\/p>\n<p><span style=\"font-weight: 400;\">As consequ\u00eancias para o <\/span><b>empregador<\/b><span style=\"font-weight: 400;\"> que descumpre o acordo podem ser graves. Ele fica sujeito ao pagamento de multas e indeniza\u00e7\u00f5es por danos morais e materiais, al\u00e9m de poder ter sua imagem negativamente impactada.<\/span><\/p>\n<p><span style=\"font-weight: 400;\">Em suma, o descumprimento do acordo na <\/span><b>demiss\u00e3o por acordo<\/b><span style=\"font-weight: 400;\"> gera consequ\u00eancias tanto para o <\/span><b>trabalhador<\/b><span style=\"font-weight: 400;\"> quanto para o <\/span><b>empregador<\/b><span style=\"font-weight: 400;\">. \u00c9 essencial que o <\/span><b>trabalhador<\/b><span style=\"font-weight: 400;\"> conhe\u00e7a seus <\/span><b>direitos<\/b><span style=\"font-weight: 400;\"> e busque aux\u00edlio profissional caso seja necess\u00e1rio.<\/span><\/p>\n<p>&nbsp;<\/p>\n<h2><span style=\"font-weight: 400;\">Dicas importantes:<\/span><\/h2>\n<p><span style=\"font-weight: 400;\">Em primeiro lugar, analise cuidadosamente os termos do acordo antes de assin\u00e1-lo. Se necess\u00e1rio, procure orienta\u00e7\u00e3o de um advogado ou do sindicato da categoria.<\/span><\/p>\n<p><span style=\"font-weight: 400;\">Al\u00e9m disso, garanta que todos os termos do acordo estejam registrados em um documento formal, assinado por ambas as partes.<\/span><\/p>\n<p><span style=\"font-weight: 400;\">Ademais, consulte fontes seguras, como o Minist\u00e9rio do Trabalho e Emprego e sites de especialistas em direito trabalhista, para tirar suas d\u00favidas sobre a demiss\u00e3o por acordo.<\/span><\/p>\n<p><span style=\"font-weight: 400;\">Por fim, \u00e9 fundamental que o trabalhador esteja ciente de seus direitos para negociar de forma justa e garantir um acordo que atenda \u00e0s suas necessidades.<\/span><\/p>\n<p><b>Conclus\u00e3o:<\/b><\/p>\n<p><span style=\"font-weight: 400;\">A demiss\u00e3o por acordo pode ser uma alternativa vantajosa para encerrar o contrato de trabalho, tanto para o empregado quanto para o empregador. No entanto, \u00e9 fundamental que ambas as partes estejam bem informadas sobre seus direitos e deveres, para que a negocia\u00e7\u00e3o seja justa e transparente. Esperamos que este guia completo tenha esclarecido suas d\u00favidas sobre a demiss\u00e3o por acordo e te ajude a tomar a melhor decis\u00e3o para o seu futuro.<\/span><\/p>\n<p><span style=\"font-weight: 400;\">Estar bem informado \u00e9 o primeiro passo para tomar decis\u00f5es conscientes e defender seus interesses. Compartilhe este guia com seus amigos e familiares e ajude a espalhar conhecimento sobre os <\/span><b>direitos dos trabalhadores<\/b><span style=\"font-weight: 400;\">!<\/span><\/p>\n<p><b>Fale com o Dr. Pedro Carvalho!<\/b><\/p>\n<p><b>Clique no bot\u00e3o abaixo e obtenha a orienta\u00e7\u00e3o jur\u00eddica que voc\u00ea precisa para resolver suas quest\u00f5es com seguran\u00e7a e confian\u00e7a.<\/b><\/p>\n<p><b>\u00a0<\/b><\/p>\n<p><a href=\"https:\/\/wa.me\/5531975283687\"><b>Fale comigo agora mesmo<\/b><\/a><\/p>\n<p><b>Siga-nos na rede social, @pedroncarvalhoadv, e fique por dentro das \u00faltimas novidades!<\/b><\/p>\n","protected":false},"excerpt":{"rendered":"<p>Entenda seus direitos, negocie com seguran\u00e7a e fa\u00e7a a melhor escolha para o seu futuro. A demiss\u00e3o por acordo, modalidade prevista na Reforma Trabalhista (Lei n\u00ba 13.467\/2017), tem se tornado cada vez mais comum no Brasil. Essa forma de encerrar o contrato de trabalho, que se baseia no consenso entre empregado e empregador, gera muitas [&hellip;]<\/p>\n","protected":false},"author":1,"featured_media":645,"comment_status":"open","ping_status":"open","sticky":false,"template":"","format":"standard","meta":{"_joinchat":[],"footnotes":""},"categories":[6],"tags":[],"class_list":["post-644","post","type-post","status-publish","format-standard","has-post-thumbnail","hentry","category-direito-trabalhista"],"yoast_head":"<!-- This site is optimized with the Yoast SEO plugin v27.5 - https:\/\/yoast.com\/product\/yoast-seo-wordpress\/ -->\n<title>O que \u00e9 a demiss\u00e3o por acordo ?\u00a0 - Pedro Carvalho Advogado Trabalhista<\/title>\n<meta name=\"description\" content=\"Entenda tudo sobre demiss\u00e3o por acordo: vantagens, desvantagens, verbas rescis\u00f3rias e o passo a passo para negociar com seguran\u00e7a.\" \/>\n<meta name=\"robots\" content=\"index, follow, max-snippet:-1, max-image-preview:large, max-video-preview:-1\" \/>\n<link rel=\"canonical\" href=\"https:\/\/carvalhoadvogado.aliamkt.com\/index.php\/2024\/12\/27\/o-que-e-a-demissao-por-acordo\/\" \/>\n<meta property=\"og:locale\" content=\"pt_BR\" \/>\n<meta property=\"og:type\" content=\"article\" \/>\n<meta property=\"og:title\" content=\"O que \u00e9 a demiss\u00e3o por acordo ?\u00a0 - Pedro Carvalho Advogado Trabalhista\" \/>\n<meta property=\"og:description\" content=\"Entenda tudo sobre demiss\u00e3o por acordo: vantagens, desvantagens, verbas rescis\u00f3rias e o passo a passo para negociar com seguran\u00e7a.\" \/>\n<meta property=\"og:url\" content=\"https:\/\/carvalhoadvogado.aliamkt.com\/index.php\/2024\/12\/27\/o-que-e-a-demissao-por-acordo\/\" \/>\n<meta property=\"og:site_name\" content=\"Pedro Carvalho Advogado Trabalhista\" \/>\n<meta property=\"article:published_time\" content=\"2024-12-27T20:00:33+00:00\" \/>\n<meta property=\"og:image\" content=\"https:\/\/carvalhoadvogado.aliamkt.com\/wp-content\/uploads\/2024\/12\/advogado-trabalhista-.png\" \/>\n\t<meta property=\"og:image:width\" content=\"1080\" \/>\n\t<meta property=\"og:image:height\" content=\"1080\" \/>\n\t<meta property=\"og:image:type\" content=\"image\/png\" \/>\n<meta name=\"author\" content=\"lailacarvalhoadv\" \/>\n<meta name=\"twitter:card\" content=\"summary_large_image\" \/>\n<meta name=\"twitter:label1\" content=\"Escrito por\" \/>\n\t<meta name=\"twitter:data1\" content=\"lailacarvalhoadv\" \/>\n\t<meta name=\"twitter:label2\" content=\"Est. tempo de leitura\" \/>\n\t<meta name=\"twitter:data2\" content=\"13 minutos\" \/>\n<script type=\"application\/ld+json\" class=\"yoast-schema-graph\">{\"@context\":\"https:\\\/\\\/schema.org\",\"@graph\":[{\"@type\":\"Article\",\"@id\":\"https:\\\/\\\/carvalhoadvogado.aliamkt.com\\\/index.php\\\/2024\\\/12\\\/27\\\/o-que-e-a-demissao-por-acordo\\\/#article\",\"isPartOf\":{\"@id\":\"https:\\\/\\\/carvalhoadvogado.aliamkt.com\\\/index.php\\\/2024\\\/12\\\/27\\\/o-que-e-a-demissao-por-acordo\\\/\"},\"author\":{\"name\":\"lailacarvalhoadv\",\"@id\":\"https:\\\/\\\/carvalhoadvogado.aliamkt.com\\\/#\\\/schema\\\/person\\\/8f4d67ba57d6160ee802836a319bd8eb\"},\"headline\":\"O que \u00e9 a demiss\u00e3o por acordo ?\u00a0\",\"datePublished\":\"2024-12-27T20:00:33+00:00\",\"mainEntityOfPage\":{\"@id\":\"https:\\\/\\\/carvalhoadvogado.aliamkt.com\\\/index.php\\\/2024\\\/12\\\/27\\\/o-que-e-a-demissao-por-acordo\\\/\"},\"wordCount\":2496,\"commentCount\":0,\"publisher\":{\"@id\":\"https:\\\/\\\/carvalhoadvogado.aliamkt.com\\\/#organization\"},\"image\":{\"@id\":\"https:\\\/\\\/carvalhoadvogado.aliamkt.com\\\/index.php\\\/2024\\\/12\\\/27\\\/o-que-e-a-demissao-por-acordo\\\/#primaryimage\"},\"thumbnailUrl\":\"https:\\\/\\\/carvalhoadvogado.aliamkt.com\\\/wp-content\\\/uploads\\\/2024\\\/12\\\/advogado-trabalhista-.png\",\"articleSection\":[\"Direito Trabalhista\"],\"inLanguage\":\"pt-BR\",\"potentialAction\":[{\"@type\":\"CommentAction\",\"name\":\"Comment\",\"target\":[\"https:\\\/\\\/carvalhoadvogado.aliamkt.com\\\/index.php\\\/2024\\\/12\\\/27\\\/o-que-e-a-demissao-por-acordo\\\/#respond\"]}]},{\"@type\":\"WebPage\",\"@id\":\"https:\\\/\\\/carvalhoadvogado.aliamkt.com\\\/index.php\\\/2024\\\/12\\\/27\\\/o-que-e-a-demissao-por-acordo\\\/\",\"url\":\"https:\\\/\\\/carvalhoadvogado.aliamkt.com\\\/index.php\\\/2024\\\/12\\\/27\\\/o-que-e-a-demissao-por-acordo\\\/\",\"name\":\"O que \u00e9 a demiss\u00e3o por acordo ?\u00a0 - Pedro Carvalho Advogado Trabalhista\",\"isPartOf\":{\"@id\":\"https:\\\/\\\/carvalhoadvogado.aliamkt.com\\\/#website\"},\"primaryImageOfPage\":{\"@id\":\"https:\\\/\\\/carvalhoadvogado.aliamkt.com\\\/index.php\\\/2024\\\/12\\\/27\\\/o-que-e-a-demissao-por-acordo\\\/#primaryimage\"},\"image\":{\"@id\":\"https:\\\/\\\/carvalhoadvogado.aliamkt.com\\\/index.php\\\/2024\\\/12\\\/27\\\/o-que-e-a-demissao-por-acordo\\\/#primaryimage\"},\"thumbnailUrl\":\"https:\\\/\\\/carvalhoadvogado.aliamkt.com\\\/wp-content\\\/uploads\\\/2024\\\/12\\\/advogado-trabalhista-.png\",\"datePublished\":\"2024-12-27T20:00:33+00:00\",\"description\":\"Entenda tudo sobre demiss\u00e3o por acordo: vantagens, desvantagens, verbas rescis\u00f3rias e o passo a passo para negociar com seguran\u00e7a.\",\"breadcrumb\":{\"@id\":\"https:\\\/\\\/carvalhoadvogado.aliamkt.com\\\/index.php\\\/2024\\\/12\\\/27\\\/o-que-e-a-demissao-por-acordo\\\/#breadcrumb\"},\"inLanguage\":\"pt-BR\",\"potentialAction\":[{\"@type\":\"ReadAction\",\"target\":[\"https:\\\/\\\/carvalhoadvogado.aliamkt.com\\\/index.php\\\/2024\\\/12\\\/27\\\/o-que-e-a-demissao-por-acordo\\\/\"]}]},{\"@type\":\"ImageObject\",\"inLanguage\":\"pt-BR\",\"@id\":\"https:\\\/\\\/carvalhoadvogado.aliamkt.com\\\/index.php\\\/2024\\\/12\\\/27\\\/o-que-e-a-demissao-por-acordo\\\/#primaryimage\",\"url\":\"https:\\\/\\\/carvalhoadvogado.aliamkt.com\\\/wp-content\\\/uploads\\\/2024\\\/12\\\/advogado-trabalhista-.png\",\"contentUrl\":\"https:\\\/\\\/carvalhoadvogado.aliamkt.com\\\/wp-content\\\/uploads\\\/2024\\\/12\\\/advogado-trabalhista-.png\",\"width\":1080,\"height\":1080},{\"@type\":\"BreadcrumbList\",\"@id\":\"https:\\\/\\\/carvalhoadvogado.aliamkt.com\\\/index.php\\\/2024\\\/12\\\/27\\\/o-que-e-a-demissao-por-acordo\\\/#breadcrumb\",\"itemListElement\":[{\"@type\":\"ListItem\",\"position\":1,\"name\":\"In\u00edcio\",\"item\":\"https:\\\/\\\/carvalhoadvogado.aliamkt.com\\\/\"},{\"@type\":\"ListItem\",\"position\":2,\"name\":\"O que \u00e9 a demiss\u00e3o por acordo ?\u00a0\"}]},{\"@type\":\"WebSite\",\"@id\":\"https:\\\/\\\/carvalhoadvogado.aliamkt.com\\\/#website\",\"url\":\"https:\\\/\\\/carvalhoadvogado.aliamkt.com\\\/\",\"name\":\"Pedro Carvalho Advogado\",\"description\":\"Advogado Trabalhista\",\"publisher\":{\"@id\":\"https:\\\/\\\/carvalhoadvogado.aliamkt.com\\\/#organization\"},\"potentialAction\":[{\"@type\":\"SearchAction\",\"target\":{\"@type\":\"EntryPoint\",\"urlTemplate\":\"https:\\\/\\\/carvalhoadvogado.aliamkt.com\\\/?s={search_term_string}\"},\"query-input\":{\"@type\":\"PropertyValueSpecification\",\"valueRequired\":true,\"valueName\":\"search_term_string\"}}],\"inLanguage\":\"pt-BR\"},{\"@type\":\"Organization\",\"@id\":\"https:\\\/\\\/carvalhoadvogado.aliamkt.com\\\/#organization\",\"name\":\"Pedro Carvalho Advogado\",\"url\":\"https:\\\/\\\/carvalhoadvogado.aliamkt.com\\\/\",\"logo\":{\"@type\":\"ImageObject\",\"inLanguage\":\"pt-BR\",\"@id\":\"https:\\\/\\\/carvalhoadvogado.aliamkt.com\\\/#\\\/schema\\\/logo\\\/image\\\/\",\"url\":\"https:\\\/\\\/carvalhoadvogado.aliamkt.com\\\/wp-content\\\/uploads\\\/2024\\\/06\\\/Logo-azul.png\",\"contentUrl\":\"https:\\\/\\\/carvalhoadvogado.aliamkt.com\\\/wp-content\\\/uploads\\\/2024\\\/06\\\/Logo-azul.png\",\"width\":500,\"height\":500,\"caption\":\"Pedro Carvalho Advogado\"},\"image\":{\"@id\":\"https:\\\/\\\/carvalhoadvogado.aliamkt.com\\\/#\\\/schema\\\/logo\\\/image\\\/\"}},{\"@type\":\"Person\",\"@id\":\"https:\\\/\\\/carvalhoadvogado.aliamkt.com\\\/#\\\/schema\\\/person\\\/8f4d67ba57d6160ee802836a319bd8eb\",\"name\":\"lailacarvalhoadv\",\"image\":{\"@type\":\"ImageObject\",\"inLanguage\":\"pt-BR\",\"@id\":\"https:\\\/\\\/secure.gravatar.com\\\/avatar\\\/a60961139a792fb5ca701fab485f653a1b3cc37cf8dbd4937b4134105caf5369?s=96&d=mm&r=g\",\"url\":\"https:\\\/\\\/secure.gravatar.com\\\/avatar\\\/a60961139a792fb5ca701fab485f653a1b3cc37cf8dbd4937b4134105caf5369?s=96&d=mm&r=g\",\"contentUrl\":\"https:\\\/\\\/secure.gravatar.com\\\/avatar\\\/a60961139a792fb5ca701fab485f653a1b3cc37cf8dbd4937b4134105caf5369?s=96&d=mm&r=g\",\"caption\":\"lailacarvalhoadv\"},\"sameAs\":[\"https:\\\/\\\/carvalhoadvogado.aliamkt.com\"],\"url\":\"https:\\\/\\\/carvalhoadvogado.aliamkt.com\\\/index.php\\\/author\\\/lailacarvalhoadv\\\/\"}]}<\/script>\n<!-- \/ Yoast SEO plugin. -->","yoast_head_json":{"title":"O que \u00e9 a demiss\u00e3o por acordo ?\u00a0 - Pedro Carvalho Advogado Trabalhista","description":"Entenda tudo sobre demiss\u00e3o por acordo: vantagens, desvantagens, verbas rescis\u00f3rias e o passo a passo para negociar com seguran\u00e7a.","robots":{"index":"index","follow":"follow","max-snippet":"max-snippet:-1","max-image-preview":"max-image-preview:large","max-video-preview":"max-video-preview:-1"},"canonical":"https:\/\/carvalhoadvogado.aliamkt.com\/index.php\/2024\/12\/27\/o-que-e-a-demissao-por-acordo\/","og_locale":"pt_BR","og_type":"article","og_title":"O que \u00e9 a demiss\u00e3o por acordo ?\u00a0 - Pedro Carvalho Advogado Trabalhista","og_description":"Entenda tudo sobre demiss\u00e3o por acordo: vantagens, desvantagens, verbas rescis\u00f3rias e o passo a passo para negociar com seguran\u00e7a.","og_url":"https:\/\/carvalhoadvogado.aliamkt.com\/index.php\/2024\/12\/27\/o-que-e-a-demissao-por-acordo\/","og_site_name":"Pedro Carvalho Advogado Trabalhista","article_published_time":"2024-12-27T20:00:33+00:00","og_image":[{"width":1080,"height":1080,"url":"https:\/\/carvalhoadvogado.aliamkt.com\/wp-content\/uploads\/2024\/12\/advogado-trabalhista-.png","type":"image\/png"}],"author":"lailacarvalhoadv","twitter_card":"summary_large_image","twitter_misc":{"Escrito por":"lailacarvalhoadv","Est. tempo de leitura":"13 minutos"},"schema":{"@context":"https:\/\/schema.org","@graph":[{"@type":"Article","@id":"https:\/\/carvalhoadvogado.aliamkt.com\/index.php\/2024\/12\/27\/o-que-e-a-demissao-por-acordo\/#article","isPartOf":{"@id":"https:\/\/carvalhoadvogado.aliamkt.com\/index.php\/2024\/12\/27\/o-que-e-a-demissao-por-acordo\/"},"author":{"name":"lailacarvalhoadv","@id":"https:\/\/carvalhoadvogado.aliamkt.com\/#\/schema\/person\/8f4d67ba57d6160ee802836a319bd8eb"},"headline":"O que \u00e9 a demiss\u00e3o por acordo ?\u00a0","datePublished":"2024-12-27T20:00:33+00:00","mainEntityOfPage":{"@id":"https:\/\/carvalhoadvogado.aliamkt.com\/index.php\/2024\/12\/27\/o-que-e-a-demissao-por-acordo\/"},"wordCount":2496,"commentCount":0,"publisher":{"@id":"https:\/\/carvalhoadvogado.aliamkt.com\/#organization"},"image":{"@id":"https:\/\/carvalhoadvogado.aliamkt.com\/index.php\/2024\/12\/27\/o-que-e-a-demissao-por-acordo\/#primaryimage"},"thumbnailUrl":"https:\/\/carvalhoadvogado.aliamkt.com\/wp-content\/uploads\/2024\/12\/advogado-trabalhista-.png","articleSection":["Direito Trabalhista"],"inLanguage":"pt-BR","potentialAction":[{"@type":"CommentAction","name":"Comment","target":["https:\/\/carvalhoadvogado.aliamkt.com\/index.php\/2024\/12\/27\/o-que-e-a-demissao-por-acordo\/#respond"]}]},{"@type":"WebPage","@id":"https:\/\/carvalhoadvogado.aliamkt.com\/index.php\/2024\/12\/27\/o-que-e-a-demissao-por-acordo\/","url":"https:\/\/carvalhoadvogado.aliamkt.com\/index.php\/2024\/12\/27\/o-que-e-a-demissao-por-acordo\/","name":"O que \u00e9 a demiss\u00e3o por acordo ?\u00a0 - Pedro Carvalho Advogado Trabalhista","isPartOf":{"@id":"https:\/\/carvalhoadvogado.aliamkt.com\/#website"},"primaryImageOfPage":{"@id":"https:\/\/carvalhoadvogado.aliamkt.com\/index.php\/2024\/12\/27\/o-que-e-a-demissao-por-acordo\/#primaryimage"},"image":{"@id":"https:\/\/carvalhoadvogado.aliamkt.com\/index.php\/2024\/12\/27\/o-que-e-a-demissao-por-acordo\/#primaryimage"},"thumbnailUrl":"https:\/\/carvalhoadvogado.aliamkt.com\/wp-content\/uploads\/2024\/12\/advogado-trabalhista-.png","datePublished":"2024-12-27T20:00:33+00:00","description":"Entenda tudo sobre demiss\u00e3o por acordo: vantagens, desvantagens, verbas rescis\u00f3rias e o passo a passo para negociar com seguran\u00e7a.","breadcrumb":{"@id":"https:\/\/carvalhoadvogado.aliamkt.com\/index.php\/2024\/12\/27\/o-que-e-a-demissao-por-acordo\/#breadcrumb"},"inLanguage":"pt-BR","potentialAction":[{"@type":"ReadAction","target":["https:\/\/carvalhoadvogado.aliamkt.com\/index.php\/2024\/12\/27\/o-que-e-a-demissao-por-acordo\/"]}]},{"@type":"ImageObject","inLanguage":"pt-BR","@id":"https:\/\/carvalhoadvogado.aliamkt.com\/index.php\/2024\/12\/27\/o-que-e-a-demissao-por-acordo\/#primaryimage","url":"https:\/\/carvalhoadvogado.aliamkt.com\/wp-content\/uploads\/2024\/12\/advogado-trabalhista-.png","contentUrl":"https:\/\/carvalhoadvogado.aliamkt.com\/wp-content\/uploads\/2024\/12\/advogado-trabalhista-.png","width":1080,"height":1080},{"@type":"BreadcrumbList","@id":"https:\/\/carvalhoadvogado.aliamkt.com\/index.php\/2024\/12\/27\/o-que-e-a-demissao-por-acordo\/#breadcrumb","itemListElement":[{"@type":"ListItem","position":1,"name":"In\u00edcio","item":"https:\/\/carvalhoadvogado.aliamkt.com\/"},{"@type":"ListItem","position":2,"name":"O que \u00e9 a demiss\u00e3o por acordo ?\u00a0"}]},{"@type":"WebSite","@id":"https:\/\/carvalhoadvogado.aliamkt.com\/#website","url":"https:\/\/carvalhoadvogado.aliamkt.com\/","name":"Pedro Carvalho Advogado","description":"Advogado Trabalhista","publisher":{"@id":"https:\/\/carvalhoadvogado.aliamkt.com\/#organization"},"potentialAction":[{"@type":"SearchAction","target":{"@type":"EntryPoint","urlTemplate":"https:\/\/carvalhoadvogado.aliamkt.com\/?s={search_term_string}"},"query-input":{"@type":"PropertyValueSpecification","valueRequired":true,"valueName":"search_term_string"}}],"inLanguage":"pt-BR"},{"@type":"Organization","@id":"https:\/\/carvalhoadvogado.aliamkt.com\/#organization","name":"Pedro Carvalho Advogado","url":"https:\/\/carvalhoadvogado.aliamkt.com\/","logo":{"@type":"ImageObject","inLanguage":"pt-BR","@id":"https:\/\/carvalhoadvogado.aliamkt.com\/#\/schema\/logo\/image\/","url":"https:\/\/carvalhoadvogado.aliamkt.com\/wp-content\/uploads\/2024\/06\/Logo-azul.png","contentUrl":"https:\/\/carvalhoadvogado.aliamkt.com\/wp-content\/uploads\/2024\/06\/Logo-azul.png","width":500,"height":500,"caption":"Pedro Carvalho Advogado"},"image":{"@id":"https:\/\/carvalhoadvogado.aliamkt.com\/#\/schema\/logo\/image\/"}},{"@type":"Person","@id":"https:\/\/carvalhoadvogado.aliamkt.com\/#\/schema\/person\/8f4d67ba57d6160ee802836a319bd8eb","name":"lailacarvalhoadv","image":{"@type":"ImageObject","inLanguage":"pt-BR","@id":"https:\/\/secure.gravatar.com\/avatar\/a60961139a792fb5ca701fab485f653a1b3cc37cf8dbd4937b4134105caf5369?s=96&d=mm&r=g","url":"https:\/\/secure.gravatar.com\/avatar\/a60961139a792fb5ca701fab485f653a1b3cc37cf8dbd4937b4134105caf5369?s=96&d=mm&r=g","contentUrl":"https:\/\/secure.gravatar.com\/avatar\/a60961139a792fb5ca701fab485f653a1b3cc37cf8dbd4937b4134105caf5369?s=96&d=mm&r=g","caption":"lailacarvalhoadv"},"sameAs":["https:\/\/carvalhoadvogado.aliamkt.com"],"url":"https:\/\/carvalhoadvogado.aliamkt.com\/index.php\/author\/lailacarvalhoadv\/"}]}},"_links":{"self":[{"href":"https:\/\/carvalhoadvogado.aliamkt.com\/index.php\/wp-json\/wp\/v2\/posts\/644","targetHints":{"allow":["GET"]}}],"collection":[{"href":"https:\/\/carvalhoadvogado.aliamkt.com\/index.php\/wp-json\/wp\/v2\/posts"}],"about":[{"href":"https:\/\/carvalhoadvogado.aliamkt.com\/index.php\/wp-json\/wp\/v2\/types\/post"}],"author":[{"embeddable":true,"href":"https:\/\/carvalhoadvogado.aliamkt.com\/index.php\/wp-json\/wp\/v2\/users\/1"}],"replies":[{"embeddable":true,"href":"https:\/\/carvalhoadvogado.aliamkt.com\/index.php\/wp-json\/wp\/v2\/comments?post=644"}],"version-history":[{"count":1,"href":"https:\/\/carvalhoadvogado.aliamkt.com\/index.php\/wp-json\/wp\/v2\/posts\/644\/revisions"}],"predecessor-version":[{"id":646,"href":"https:\/\/carvalhoadvogado.aliamkt.com\/index.php\/wp-json\/wp\/v2\/posts\/644\/revisions\/646"}],"wp:featuredmedia":[{"embeddable":true,"href":"https:\/\/carvalhoadvogado.aliamkt.com\/index.php\/wp-json\/wp\/v2\/media\/645"}],"wp:attachment":[{"href":"https:\/\/carvalhoadvogado.aliamkt.com\/index.php\/wp-json\/wp\/v2\/media?parent=644"}],"wp:term":[{"taxonomy":"category","embeddable":true,"href":"https:\/\/carvalhoadvogado.aliamkt.com\/index.php\/wp-json\/wp\/v2\/categories?post=644"},{"taxonomy":"post_tag","embeddable":true,"href":"https:\/\/carvalhoadvogado.aliamkt.com\/index.php\/wp-json\/wp\/v2\/tags?post=644"}],"curies":[{"name":"wp","href":"https:\/\/api.w.org\/{rel}","templated":true}]}}