{"id":647,"date":"2025-01-02T15:38:32","date_gmt":"2025-01-02T18:38:32","guid":{"rendered":"https:\/\/carvalhoadvogado.aliamkt.com\/?p=647"},"modified":"2025-01-02T15:38:32","modified_gmt":"2025-01-02T18:38:32","slug":"seus-direitos-trabalhista-como-operador-de-telemarketing","status":"publish","type":"post","link":"https:\/\/carvalhoadvogado.aliamkt.com\/index.php\/2025\/01\/02\/seus-direitos-trabalhista-como-operador-de-telemarketing\/","title":{"rendered":"Seus Direitos trabalhista como Operador de Telemarketing"},"content":{"rendered":"<p><span style=\"font-weight: 400;\">Saiba tudo sobre seus direitos trabalhistas e conquiste melhores condi\u00e7\u00f5es de trabalho!<\/span><\/p>\n<p>&nbsp;<\/p>\n<p><span style=\"font-weight: 400;\">O trabalho em <\/span><b>telemarketing<\/b><span style=\"font-weight: 400;\"> \u00e9 fundamental para diversas empresas, mas exige aten\u00e7\u00e3o especial aos <\/span><b>direitos dos operadores<\/b><span style=\"font-weight: 400;\">. Longas jornadas, metas desafiadoras e o contato constante com o p\u00fablico podem gerar desgaste f\u00edsico e mental. Por isso, \u00e9 essencial que voc\u00ea, <\/span><b>operador de telemarketing<\/b><span style=\"font-weight: 400;\">, conhe\u00e7a seus <\/span><a href=\"https:\/\/carvalhoadvogado.aliamkt.com\/index.php\/2024\/12\/27\/o-que-e-a-demissao-por-acordo\/\"><b>direitos trabalhistas<\/b><\/a><span style=\"font-weight: 400;\"> e saiba como garantir um ambiente de trabalho justo e saud\u00e1vel.<\/span><\/p>\n<p><span style=\"font-weight: 400;\">Este guia completo e atualizado foi elaborado para tirar todas as suas d\u00favidas sobre seus <\/span><b>direitos<\/b><span style=\"font-weight: 400;\">. Abordaremos desde os aspectos b\u00e1sicos da <\/span><b>legisla\u00e7\u00e3o trabalhista<\/b><span style=\"font-weight: 400;\"> at\u00e9 quest\u00f5es espec\u00edficas como <\/span><b>sa\u00fade mental<\/b><span style=\"font-weight: 400;\">, <\/span><b>ass\u00e9dio moral<\/b><span style=\"font-weight: 400;\"> e direitos de grupos espec\u00edficos, como gestantes e pessoas com defici\u00eancia.<\/span><\/p>\n<p>&nbsp;<\/p>\n<h2><b>Legisla\u00e7\u00e3o: Alicerce dos seus Direitos como Operador de Telemarketing<\/b><\/h2>\n<h5><span style=\"font-weight: 400;\">Conhecer a <\/span><b>legisla\u00e7\u00e3o<\/b><span style=\"font-weight: 400;\"> que ampara os <\/span><b>operadores de telemarketing<\/b><span style=\"font-weight: 400;\"> \u00e9 o primeiro passo para garantir um ambiente de trabalho justo, seguro e que promova a sa\u00fade f\u00edsica e mental. As <\/span><b>leis trabalhistas<\/b><span style=\"font-weight: 400;\"> s\u00e3o como um escudo protetor, assegurando que seus <\/span><b>direitos<\/b><span style=\"font-weight: 400;\"> sejam respeitados e que voc\u00ea possa exercer sua profiss\u00e3o com dignidade e respeito.<\/span><\/h5>\n<h5><span style=\"font-weight: 400;\">A <\/span><b>Consolida\u00e7\u00e3o das Leis do Trabalho (CLT)<\/b><span style=\"font-weight: 400;\"> \u00e9 a base da legisla\u00e7\u00e3o trabalhista no Brasil. Ela define os direitos b\u00e1sicos de todo trabalhador, como <\/span><b>sal\u00e1rio m\u00ednimo<\/b><span style=\"font-weight: 400;\">, jornada de trabalho, f\u00e9rias, 13\u00ba sal\u00e1rio, <\/span><b>FGTS<\/b><span style=\"font-weight: 400;\"> e descanso semanal remunerado. Para os <\/span><b>operadores de telemarketing<\/b><span style=\"font-weight: 400;\">, a CLT se complementa com outras leis e normas espec\u00edficas que visam proteger essa categoria profissional, muitas vezes exposta a condi\u00e7\u00f5es de trabalho desafiadoras.<\/span><\/h5>\n<h5><span style=\"font-weight: 400;\">A Lei n\u00ba 6.514\/77, que trata das <\/span><b>Normas Regulamentadoras (NRs)<\/b><span style=\"font-weight: 400;\"> de seguran\u00e7a e sa\u00fade no trabalho, tamb\u00e9m \u00e9 fundamental para os <\/span><b>operadores de telemarketing<\/b><span style=\"font-weight: 400;\">. Em especial, a <\/span><b>NR 17<\/b><span style=\"font-weight: 400;\"> estabelece par\u00e2metros <\/span><b>ergon\u00f4micos<\/b><span style=\"font-weight: 400;\"> para o ambiente de trabalho, visando prevenir doen\u00e7as e les\u00f5es causadas por movimentos repetitivos, posturas inadequadas e longas jornadas em frente ao computador.<\/span><\/h5>\n<h5><span style=\"font-weight: 400;\">Em 2017, foi sancionada a Lei n\u00ba 13.445, conhecida como &#8220;<\/span><b>Lei do Call Center<\/b><span style=\"font-weight: 400;\">&#8220;. Essa lei trouxe avan\u00e7os importantes para a categoria, como a limita\u00e7\u00e3o da <\/span><b>jornada de trabalho<\/b><span style=\"font-weight: 400;\"> para 6 horas di\u00e1rias, a garantia de <\/span><b>intervalos<\/b><span style=\"font-weight: 400;\"> para descanso a cada 1 hora e 50 minutos trabalhados, e a obrigatoriedade de as empresas fornecerem \u00e1gua pot\u00e1vel e ambiente de trabalho adequado.<\/span><\/h5>\n<h5><span style=\"font-weight: 400;\">Al\u00e9m das leis federais, os <\/span><b>operadores de telemarketing<\/b><span style=\"font-weight: 400;\"> tamb\u00e9m s\u00e3o protegidos por normas estaduais e municipais, bem como por <\/span><b>conven\u00e7\u00f5es coletivas de trabalho<\/b><span style=\"font-weight: 400;\">. As <\/span><b>conven\u00e7\u00f5es coletivas<\/b><span style=\"font-weight: 400;\"> s\u00e3o acordos negociados entre sindicatos e empresas, que podem garantir <\/span><b>direitos<\/b><span style=\"font-weight: 400;\"> e benef\u00edcios adicionais aos previstos em lei, como pisos salariais mais altos, aux\u00edlio-creche, planos de sa\u00fade e odontol\u00f3gicos.<\/span><\/h5>\n<h5><span style=\"font-weight: 400;\">Por fim, \u00e9 crucial lembrar que a <\/span><b>legisla\u00e7\u00e3o trabalhista<\/b><span style=\"font-weight: 400;\"> est\u00e1 em constante evolu\u00e7\u00e3o, com novas leis e decis\u00f5es judiciais sendo proferidas a todo momento. Por isso, manter-se atualizado sobre seus <\/span><b>direitos<\/b><span style=\"font-weight: 400;\"> \u00e9 essencial para garantir que voc\u00ea esteja trabalhando em condi\u00e7\u00f5es justas e seguras. Busque informa\u00e7\u00f5es em fontes confi\u00e1veis, como sites governamentais, sindicatos e \u00f3rg\u00e3os de defesa do trabalhador, e n\u00e3o hesite em procurar aux\u00edlio jur\u00eddico caso se sinta lesado em seus direitos.<\/span><\/h5>\n<p>&nbsp;<\/p>\n<h2><span style=\"font-weight: 400;\">Jornada de Trabalho: Equil\u00edbrio entre Trabalho e Vida Pessoal<\/span><\/h2>\n<p>&nbsp;<\/p>\n<p><span style=\"font-weight: 400;\">Voc\u00ea sabia que a <\/span><b>jornada de trabalho<\/b><span style=\"font-weight: 400;\"> dos operadores de telemarketing \u00e9 regulamentada por lei? As longas horas em frente ao computador, atendendo liga\u00e7\u00f5es e lidando com metas, exigem aten\u00e7\u00e3o especial para garantir o seu bem-estar e a qualidade de vida.<\/span><\/p>\n<p><span style=\"font-weight: 400;\">A &#8220;Lei do Call Center&#8221; define a jornada m\u00e1xima de <\/span><b>6 horas di\u00e1rias e 36 horas semanais<\/b><span style=\"font-weight: 400;\"> para a categoria. Essa limita\u00e7\u00e3o visa proteger a sa\u00fade f\u00edsica e mental dos operadores, que muitas vezes enfrentam situa\u00e7\u00f5es estressantes e repetitivas.<\/span><\/p>\n<p><span style=\"font-weight: 400;\">Al\u00e9m da jornada reduzida, a lei tamb\u00e9m garante <\/span><b>intervalos para descanso<\/b><span style=\"font-weight: 400;\">. A cada 1 hora e 50 minutos de trabalho cont\u00ednuo, voc\u00ea tem direito a 10 minutos de descanso, al\u00e9m do intervalo para refei\u00e7\u00e3o, que varia de 20 minutos a 1 hora, dependendo da sua jornada. Esses intervalos s\u00e3o essenciais para evitar a fadiga, prevenir doen\u00e7as ocupacionais e melhorar sua concentra\u00e7\u00e3o.<\/span><\/p>\n<p><span style=\"font-weight: 400;\">\u00c9 importante lembrar que qualquer trabalho realizado al\u00e9m da jornada legalmente estabelecida \u00e9 considerado <\/span><b>hora extra<\/b><span style=\"font-weight: 400;\"> e deve ser remunerado com um adicional de, no m\u00ednimo, 50% sobre o valor da hora normal. <\/span><b>Controlar suas horas extras<\/b><span style=\"font-weight: 400;\"> \u00e9 fundamental para garantir que seus direitos sejam respeitados e para preservar seu tempo livre para atividades pessoais e lazer.<\/span><\/p>\n<p><span style=\"font-weight: 400;\">O trabalho aos domingos e feriados tamb\u00e9m exige aten\u00e7\u00e3o especial. A legisla\u00e7\u00e3o prev\u00ea que, nesses dias, o trabalho deve ser remunerado em dobro, a menos que haja compensa\u00e7\u00e3o em outro dia da semana. <\/span><b>Aproveite suas folgas<\/b><span style=\"font-weight: 400;\"> para descansar, conviver com a fam\u00edlia e amigos, e recarregar as energias para a semana seguinte.<\/span><\/p>\n<p><span style=\"font-weight: 400;\">Lembre-se, uma jornada de trabalho equilibrada \u00e9 fundamental para sua sa\u00fade, bem-estar e qualidade de vida. Conhecer seus <\/span><b>direitos trabalhistas<\/b><span style=\"font-weight: 400;\"> e buscar um ambiente de trabalho que respeite esses direitos \u00e9 essencial para ter uma vida profissional mais saud\u00e1vel e satisfat\u00f3ria.<\/span><\/p>\n<p>&nbsp;<\/p>\n<h2><span style=\"font-weight: 400;\">Remunera\u00e7\u00e3o e Benef\u00edcios: Seu Trabalho Vale Muito!<\/span><\/h2>\n<h5><span style=\"font-weight: 400;\">Operador de telemarketing, voc\u00ea sabia que, al\u00e9m do <\/span><b>sal\u00e1rio<\/b><span style=\"font-weight: 400;\">, tem direito a uma s\u00e9rie de <\/span><b>benef\u00edcios<\/b><span style=\"font-weight: 400;\"> que valorizam o seu trabalho e garantem o seu bem-estar? Afinal, seu esfor\u00e7o e dedica\u00e7\u00e3o merecem <\/span><b>reconhecimento<\/b><span style=\"font-weight: 400;\"> e uma compensa\u00e7\u00e3o justa.<\/span><\/h5>\n<h5><span style=\"font-weight: 400;\">Primeiramente, \u00e9 fundamental saber que a sua <\/span><b>remunera\u00e7\u00e3o<\/b><span style=\"font-weight: 400;\"> deve ser, no m\u00ednimo, o <\/span><b>piso salarial<\/b><span style=\"font-weight: 400;\"> da categoria, definido por <\/span><b>conven\u00e7\u00e3o coletiva<\/b><span style=\"font-weight: 400;\">. Esse piso varia de acordo com a regi\u00e3o, portanto, informe-se sobre o valor correspondente \u00e0 sua localidade para garantir que seus direitos estejam sendo respeitados. Al\u00e9m disso, o seu <\/span><b>sal\u00e1rio<\/b><span style=\"font-weight: 400;\"> pode ser composto por um valor fixo por hora trabalhada, acrescido de <\/span><b>comiss\u00f5es<\/b><span style=\"font-weight: 400;\"> por metas alcan\u00e7adas. As regras para o c\u00e1lculo das comiss\u00f5es devem estar claras e acess\u00edveis, preferencialmente em seu <\/span><b>contrato de trabalho<\/b><span style=\"font-weight: 400;\">.<\/span><\/h5>\n<h5><span style=\"font-weight: 400;\">Em segundo lugar, \u00e9 preciso destacar o <\/span><b>vale-transporte<\/b><span style=\"font-weight: 400;\">, benef\u00edcio obrigat\u00f3rio que garante o seu deslocamento at\u00e9 o local de trabalho sem comprometer o seu <\/span><b>sal\u00e1rio<\/b><span style=\"font-weight: 400;\">. A empresa deve fornecer o <\/span><b>vale-transporte<\/b><span style=\"font-weight: 400;\">, seja em dinheiro ou em cart\u00e3o, com valor suficiente para cobrir suas despesas com transporte p\u00fablico. Similarmente, o <\/span><b>vale-refei\u00e7\u00e3o<\/b><span style=\"font-weight: 400;\"> tamb\u00e9m \u00e9 um benef\u00edcio comum em empresas de <\/span><b>telemarketing<\/b><span style=\"font-weight: 400;\">, auxiliando na sua alimenta\u00e7\u00e3o e garantindo uma dieta balanceada durante a jornada de trabalho.<\/span><\/h5>\n<h5><span style=\"font-weight: 400;\">Ademais, n\u00e3o podemos esquecer das <\/span><b>f\u00e9rias<\/b><span style=\"font-weight: 400;\">, um direito essencial para o descanso e a recupera\u00e7\u00e3o das energias. Ap\u00f3s cada per\u00edodo de 12 meses de trabalho, voc\u00ea tem direito a 30 dias de <\/span><b>f\u00e9rias remuneradas<\/b><span style=\"font-weight: 400;\">, com acr\u00e9scimo de 1\/3 do seu <\/span><b>sal\u00e1rio<\/b><span style=\"font-weight: 400;\">. Planeje suas <\/span><b>f\u00e9rias<\/b><span style=\"font-weight: 400;\">, aproveite para relaxar e voltar ao trabalho com mais disposi\u00e7\u00e3o e motiva\u00e7\u00e3o.<\/span><\/h5>\n<h5><span style=\"font-weight: 400;\">Outro ponto relevante \u00e9 o <\/span><b>13\u00ba sal\u00e1rio<\/b><span style=\"font-weight: 400;\">, uma gratifica\u00e7\u00e3o natalina que representa um sal\u00e1rio extra no final do ano. Ele \u00e9 pago em duas parcelas, geralmente em julho e dezembro, e corresponde a 1\/12 do seu <\/span><b>sal\u00e1rio<\/b><span style=\"font-weight: 400;\"> por m\u00eas trabalhado. Utilize esse dinheiro extra com sabedoria, seja para realizar um sonho, quitar d\u00edvidas ou garantir uma reserva financeira para o futuro.<\/span><\/h5>\n<h5><span style=\"font-weight: 400;\">Por fim, lembre-se que a empresa deve depositar mensalmente 8% do seu <\/span><b>sal\u00e1rio<\/b><span style=\"font-weight: 400;\"> em uma conta do <\/span><b>Fundo de Garantia do Tempo de Servi\u00e7o (FGTS)<\/b><span style=\"font-weight: 400;\">. Esse fundo \u00e9 uma garantia para o futuro, podendo ser sacado em situa\u00e7\u00f5es espec\u00edficas, como <\/span><b>demiss\u00e3o sem justa causa<\/b><span style=\"font-weight: 400;\">, compra da casa pr\u00f3pria, aposentadoria, entre outros. O <\/span><b>FGTS<\/b><span style=\"font-weight: 400;\"> \u00e9 um direito seu, e voc\u00ea deve acompanh\u00e1-lo de perto para garantir que os dep\u00f3sitos estejam sendo feitos corretamente.<\/span><\/h5>\n<p>&nbsp;<\/p>\n<h2><span style=\"font-weight: 400;\">Ambiente de Trabalho: Conforto e Seguran\u00e7a para Render Mais<\/span><\/h2>\n<h3><span style=\"font-weight: 400;\">Operador de telemarketing, voc\u00ea sabia que o ambiente em que voc\u00ea trabalha impacta diretamente na sua sa\u00fade, bem-estar e, consequentemente, na sua produtividade? <\/span><strong>Portanto<\/strong><span style=\"font-weight: 400;\">, um ambiente de trabalho adequado \u00e9 fundamental para que voc\u00ea possa realizar suas atividades com conforto, seguran\u00e7a e efici\u00eancia.<\/span><\/h3>\n<h3>Em primeiro lugar<span style=\"font-weight: 400;\">, a ergonomia \u00e9 um dos pilares de um ambiente de trabalho saud\u00e1vel. <\/span><b>Isso significa que<\/b><span style=\"font-weight: 400;\"> seu posto de trabalho deve ser adaptado \u00e0s suas necessidades, com mobili\u00e1rio ajust\u00e1vel, ilumina\u00e7\u00e3o adequada e controle de ru\u00eddo. Uma cadeira confort\u00e1vel e com ajustes de altura, uma mesa espa\u00e7osa e na altura correta, um monitor com brilho e contraste adequados, e um ambiente com temperatura agrad\u00e1vel s\u00e3o essenciais para evitar dores, fadiga e problemas de sa\u00fade.<\/span><\/h3>\n<h3><b>Al\u00e9m disso,<\/b><span style=\"font-weight: 400;\"> outro ponto crucial \u00e9 a preven\u00e7\u00e3o de acidentes. A empresa deve fornecer equipamentos de prote\u00e7\u00e3o individual (EPIs) adequados \u00e0 sua fun\u00e7\u00e3o, como headsets ergon\u00f4micos e de qualidade, e garantir a manuten\u00e7\u00e3o regular desses equipamentos. <\/span><b>Ademais<\/b><span style=\"font-weight: 400;\">, o ambiente de trabalho deve ser seguro, com instala\u00e7\u00f5es el\u00e9tricas em bom estado, extintores de inc\u00eandio em locais vis\u00edveis e acess\u00edveis, e sinaliza\u00e7\u00e3o adequada para evitar quedas e outros acidentes.<\/span><\/h3>\n<h3><b>Da mesma forma<\/b><span style=\"font-weight: 400;\">, a qualidade do ar tamb\u00e9m influencia no seu bem-estar e na sua produtividade. Ambientes fechados e com pouca ventila\u00e7\u00e3o podem causar problemas respirat\u00f3rios, dores de cabe\u00e7a e dificuldade de concentra\u00e7\u00e3o. <\/span><b>Nesse sentido<\/b><span style=\"font-weight: 400;\">, a empresa deve garantir a circula\u00e7\u00e3o de ar fresco e a limpeza regular do ambiente, com aten\u00e7\u00e3o especial aos filtros de ar condicionado.<\/span><\/h3>\n<h3><b>Para evitar<\/b><span style=\"font-weight: 400;\"> o estresse e a fadiga mental, \u00e9 importante que o ambiente de trabalho seja organizado e livre de distra\u00e7\u00f5es. Uma mesa organizada, com materiais de trabalho ao alcance e sem excesso de objetos, contribui para a concentra\u00e7\u00e3o e o foco nas tarefas. <\/span><b>Vale ressaltar que<\/b><span style=\"font-weight: 400;\"> o excesso de ru\u00eddo e de est\u00edmulos visuais tamb\u00e9m podem prejudicar a sua aten\u00e7\u00e3o e o seu desempenho.<\/span><\/h3>\n<p data-sourcepos=\"9:1-9:383\"><b>Por fim<\/b><span style=\"font-weight: 400;\">, lembre-se que um ambiente de trabalho positivo e acolhedor impacta diretamente na sua motiva\u00e7\u00e3o e no seu bem-estar. Rela\u00e7\u00f5es interpessoais saud\u00e1veis, com respeito e colabora\u00e7\u00e3o entre colegas, e um clima organizacional positivo contribuem para um ambiente de trabalho mais agrad\u00e1vel e produtivo.<\/span><\/p>\n<h2><span style=\"font-weight: 400;\">Sa\u00fade Mental: Cuidando do seu Bem-Estar<\/span><\/h2>\n<p><span style=\"font-weight: 400;\">O trabalho de operador de telemarketing pode ser desafiador e, muitas vezes, impactar a <\/span><b>sa\u00fade mental<\/b><span style=\"font-weight: 400;\"> dos profissionais. A press\u00e3o por metas, o contato constante com o p\u00fablico, as longas jornadas de trabalho e o ambiente competitivo podem contribuir para o surgimento de problemas como <\/span><b>estresse<\/b><span style=\"font-weight: 400;\">, <\/span><b>ansiedade<\/b><span style=\"font-weight: 400;\"> e <\/span><b>depress\u00e3o<\/b><span style=\"font-weight: 400;\">.<\/span><\/p>\n<p><span style=\"font-weight: 400;\">\u00c9 fundamental que voc\u00ea, operador de telemarketing, priorize sua sa\u00fade mental e busque <\/span><b>estrat\u00e9gias para lidar com o estresse<\/b><span style=\"font-weight: 400;\"> e as press\u00f5es do dia a dia. Praticar atividades f\u00edsicas regularmente, manter uma alimenta\u00e7\u00e3o saud\u00e1vel, dormir bem, cultivar hobbies e ter momentos de lazer s\u00e3o essenciais para manter o equil\u00edbrio emocional e a qualidade de vida.<\/span><\/p>\n<p><span style=\"font-weight: 400;\">A <\/span><b>empresa tamb\u00e9m tem um papel importante<\/b><span style=\"font-weight: 400;\"> na promo\u00e7\u00e3o da sa\u00fade mental dos seus colaboradores. \u00c9 responsabilidade da empresa criar um ambiente de trabalho saud\u00e1vel, com rela\u00e7\u00f5es interpessoais respeitosas, lideran\u00e7a justa e oportunidades de desenvolvimento profissional. Oferecer programas de apoio psicol\u00f3gico, como terapia e aconselhamento, tamb\u00e9m pode ser uma iniciativa valiosa para auxiliar os operadores de telemarketing a lidar com as demandas emocionais do trabalho.<\/span><\/p>\n<p><span style=\"font-weight: 400;\">Fique atento aos sinais de que sua sa\u00fade mental pode estar em risco, como <\/span><b>irritabilidade<\/b><span style=\"font-weight: 400;\">, <\/span><b>dificuldade de concentra\u00e7\u00e3o<\/b><span style=\"font-weight: 400;\">, <\/span><b>altera\u00e7\u00f5es no sono<\/b><span style=\"font-weight: 400;\"> e no apetite, <\/span><b>isolamento social<\/b><span style=\"font-weight: 400;\"> e <\/span><b>sentimentos de tristeza<\/b><span style=\"font-weight: 400;\"> e desesperan\u00e7a. Caso identifique esses sintomas, busque ajuda profissional. N\u00e3o hesite em conversar com seu m\u00e9dico, psic\u00f3logo ou outro profissional de sa\u00fade mental.<\/span><\/p>\n<p><span style=\"font-weight: 400;\">Lembre-se, cuidar da sua sa\u00fade mental \u00e9 t\u00e3o importante quanto cuidar da sua sa\u00fade f\u00edsica. Priorizar o seu bem-estar emocional contribui para uma vida mais equilibrada, saud\u00e1vel e feliz, tanto no \u00e2mbito profissional quanto pessoal.<\/span><\/p>\n<p><span style=\"font-weight: 400;\">Invista em voc\u00ea, no seu autoconhecimento e no seu bem-estar. Busque <\/span><b>ferramentas e recursos<\/b><span style=\"font-weight: 400;\"> que te ajudem a lidar com as emo\u00e7\u00f5es, o estresse e os desafios do dia a dia. Sua sa\u00fade mental agradece!<\/span><\/p>\n<p>&nbsp;<\/p>\n<h2><span style=\"font-weight: 400;\">Conclus\u00e3o\u00a0<\/span><\/h2>\n<p><span style=\"font-weight: 400;\">Em suma, o trabalho em <\/span><b>telemarketing<\/b><span style=\"font-weight: 400;\">, apesar de essencial para a economia, apresenta desafios espec\u00edficos que exigem aten\u00e7\u00e3o redobrada aos <\/span><b>direitos trabalhistas<\/b><span style=\"font-weight: 400;\"> dos trabalhadores. Ao longo deste guia, abordamos os principais aspectos da <\/span><b>legisla\u00e7\u00e3o trabalhista<\/b><span style=\"font-weight: 400;\"> que protegem os <\/span><b>operadores de telemarketing<\/b><span style=\"font-weight: 400;\">, desde a <\/span><b>jornada de trabalho<\/b><span style=\"font-weight: 400;\"> e <\/span><b>remunera\u00e7\u00e3o<\/b><span style=\"font-weight: 400;\"> at\u00e9 a <\/span><b>sa\u00fade mental<\/b><span style=\"font-weight: 400;\"> e seguran\u00e7a no <\/span><b>ambiente de trabalho<\/b><span style=\"font-weight: 400;\">.<\/span><\/p>\n<p><span style=\"font-weight: 400;\">Conhecer seus <\/span><b>direitos<\/b><span style=\"font-weight: 400;\"> \u00e9 o primeiro passo para garantir que voc\u00ea trabalhe em condi\u00e7\u00f5es justas, seguras e que promovam seu bem-estar f\u00edsico e mental. Lembre-se, voc\u00ea tem o direito a uma <\/span><b>jornada de trabalho<\/b><span style=\"font-weight: 400;\"> justa, com <\/span><b>intervalos<\/b><span style=\"font-weight: 400;\"> para descanso, a um <\/span><b>ambiente de trabalho<\/b><span style=\"font-weight: 400;\"> ergon\u00f4mico e seguro, a uma <\/span><b>remunera\u00e7\u00e3o<\/b><span style=\"font-weight: 400;\"> digna e ao acesso aos <\/span><b>benef\u00edcios<\/b><span style=\"font-weight: 400;\"> previstos em lei.<\/span><\/p>\n<p><span style=\"font-weight: 400;\">A <\/span><b>sa\u00fade mental<\/b><span style=\"font-weight: 400;\"> tamb\u00e9m \u00e9 crucial para o <\/span><b>operador de telemarketing<\/b><span style=\"font-weight: 400;\">. Lidar com a press\u00e3o por metas, o contato constante com o p\u00fablico e as longas jornadas exige estrat\u00e9gias para lidar com o <\/span><b>estresse<\/b><span style=\"font-weight: 400;\"> e preservar o equil\u00edbrio emocional. Busque apoio na empresa, em programas de <\/span><b>sa\u00fade mental<\/b><span style=\"font-weight: 400;\">, e n\u00e3o hesite em procurar ajuda profissional caso precise.<\/span><\/p>\n<p><span style=\"font-weight: 400;\">Este guia \u00e9 uma ferramenta para empoderar voc\u00ea, <\/span><b>operador de telemarketing<\/b><span style=\"font-weight: 400;\">, a defender seus <\/span><b>direitos<\/b><span style=\"font-weight: 400;\"> e buscar melhores condi\u00e7\u00f5es de <\/span><b>trabalho<\/b><span style=\"font-weight: 400;\">. Compartilhe este conhecimento com seus colegas, informe-se sobre seus <\/span><b>direitos<\/b><span style=\"font-weight: 400;\"> e n\u00e3o tenha medo de lutar por um ambiente de trabalho mais justo e saud\u00e1vel. Lembre-se, seu trabalho \u00e9 importante e voc\u00ea merece ser tratado com dignidade e respeito.<\/span><\/p>\n<p>&nbsp;<\/p>\n<p><b>Fale com o Dr. Pedro Carvalho!<\/b><\/p>\n<p><b>Clique no bot\u00e3o abaixo e obtenha a orienta\u00e7\u00e3o jur\u00eddica que voc\u00ea precisa para resolver suas quest\u00f5es com seguran\u00e7a e confian\u00e7a.<\/b><\/p>\n<p><b>\u00a0<\/b><\/p>\n<p><a href=\"https:\/\/wa.me\/5531975283687\"><b>Fale comigo agora mesmo<\/b><\/a><\/p>\n<p><b>Siga-nos na rede social, @pedroncarvalhoadv, e fique por dentro das \u00faltimas novidades!<\/b><\/p>\n","protected":false},"excerpt":{"rendered":"<p>Saiba tudo sobre seus direitos trabalhistas e conquiste melhores condi\u00e7\u00f5es de trabalho! &nbsp; O trabalho em telemarketing \u00e9 fundamental para diversas empresas, mas exige aten\u00e7\u00e3o especial aos direitos dos operadores. Longas jornadas, metas desafiadoras e o contato constante com o p\u00fablico podem gerar desgaste f\u00edsico e mental. Por isso, \u00e9 essencial que voc\u00ea, operador de [&hellip;]<\/p>\n","protected":false},"author":1,"featured_media":648,"comment_status":"open","ping_status":"open","sticky":false,"template":"","format":"standard","meta":{"_joinchat":[],"footnotes":""},"categories":[6],"tags":[],"class_list":["post-647","post","type-post","status-publish","format-standard","has-post-thumbnail","hentry","category-direito-trabalhista"],"yoast_head":"<!-- This site is optimized with the Yoast SEO plugin v27.5 - https:\/\/yoast.com\/product\/yoast-seo-wordpress\/ -->\n<title>Seus Direitos trabalhista como Operador de Telemarketing - Pedro Carvalho Advogado Trabalhista<\/title>\n<meta name=\"description\" content=\"Conhe\u00e7a seus direitos como operador de telemarketing e garanta um ambiente de trabalho justo e saud\u00e1vel! Jornada de trabalho, remunera\u00e7\u00e3o, sa\u00fade mental e muito mais. Clique aqui e saiba tudo!\" \/>\n<meta name=\"robots\" content=\"index, follow, max-snippet:-1, max-image-preview:large, max-video-preview:-1\" \/>\n<link rel=\"canonical\" href=\"https:\/\/carvalhoadvogado.aliamkt.com\/index.php\/2025\/01\/02\/seus-direitos-trabalhista-como-operador-de-telemarketing\/\" \/>\n<meta property=\"og:locale\" content=\"pt_BR\" \/>\n<meta property=\"og:type\" content=\"article\" \/>\n<meta property=\"og:title\" content=\"Seus Direitos trabalhista como Operador de Telemarketing - Pedro Carvalho Advogado Trabalhista\" \/>\n<meta property=\"og:description\" content=\"Conhe\u00e7a seus direitos como operador de telemarketing e garanta um ambiente de trabalho justo e saud\u00e1vel! Jornada de trabalho, remunera\u00e7\u00e3o, sa\u00fade mental e muito mais. Clique aqui e saiba tudo!\" \/>\n<meta property=\"og:url\" content=\"https:\/\/carvalhoadvogado.aliamkt.com\/index.php\/2025\/01\/02\/seus-direitos-trabalhista-como-operador-de-telemarketing\/\" \/>\n<meta property=\"og:site_name\" content=\"Pedro Carvalho Advogado Trabalhista\" \/>\n<meta property=\"article:published_time\" content=\"2025-01-02T18:38:32+00:00\" \/>\n<meta property=\"og:image\" content=\"https:\/\/carvalhoadvogado.aliamkt.com\/wp-content\/uploads\/2025\/01\/advogado-trabalhista-.png\" \/>\n\t<meta property=\"og:image:width\" content=\"1080\" \/>\n\t<meta property=\"og:image:height\" content=\"1080\" \/>\n\t<meta property=\"og:image:type\" content=\"image\/png\" \/>\n<meta name=\"author\" content=\"lailacarvalhoadv\" \/>\n<meta name=\"twitter:card\" content=\"summary_large_image\" \/>\n<meta name=\"twitter:label1\" content=\"Escrito por\" \/>\n\t<meta name=\"twitter:data1\" content=\"lailacarvalhoadv\" \/>\n\t<meta name=\"twitter:label2\" content=\"Est. tempo de leitura\" \/>\n\t<meta name=\"twitter:data2\" content=\"12 minutos\" \/>\n<script type=\"application\/ld+json\" class=\"yoast-schema-graph\">{\"@context\":\"https:\\\/\\\/schema.org\",\"@graph\":[{\"@type\":\"Article\",\"@id\":\"https:\\\/\\\/carvalhoadvogado.aliamkt.com\\\/index.php\\\/2025\\\/01\\\/02\\\/seus-direitos-trabalhista-como-operador-de-telemarketing\\\/#article\",\"isPartOf\":{\"@id\":\"https:\\\/\\\/carvalhoadvogado.aliamkt.com\\\/index.php\\\/2025\\\/01\\\/02\\\/seus-direitos-trabalhista-como-operador-de-telemarketing\\\/\"},\"author\":{\"name\":\"lailacarvalhoadv\",\"@id\":\"https:\\\/\\\/carvalhoadvogado.aliamkt.com\\\/#\\\/schema\\\/person\\\/8f4d67ba57d6160ee802836a319bd8eb\"},\"headline\":\"Seus Direitos trabalhista como Operador de Telemarketing\",\"datePublished\":\"2025-01-02T18:38:32+00:00\",\"mainEntityOfPage\":{\"@id\":\"https:\\\/\\\/carvalhoadvogado.aliamkt.com\\\/index.php\\\/2025\\\/01\\\/02\\\/seus-direitos-trabalhista-como-operador-de-telemarketing\\\/\"},\"wordCount\":2324,\"commentCount\":0,\"publisher\":{\"@id\":\"https:\\\/\\\/carvalhoadvogado.aliamkt.com\\\/#organization\"},\"image\":{\"@id\":\"https:\\\/\\\/carvalhoadvogado.aliamkt.com\\\/index.php\\\/2025\\\/01\\\/02\\\/seus-direitos-trabalhista-como-operador-de-telemarketing\\\/#primaryimage\"},\"thumbnailUrl\":\"https:\\\/\\\/carvalhoadvogado.aliamkt.com\\\/wp-content\\\/uploads\\\/2025\\\/01\\\/advogado-trabalhista-.png\",\"articleSection\":[\"Direito Trabalhista\"],\"inLanguage\":\"pt-BR\",\"potentialAction\":[{\"@type\":\"CommentAction\",\"name\":\"Comment\",\"target\":[\"https:\\\/\\\/carvalhoadvogado.aliamkt.com\\\/index.php\\\/2025\\\/01\\\/02\\\/seus-direitos-trabalhista-como-operador-de-telemarketing\\\/#respond\"]}]},{\"@type\":\"WebPage\",\"@id\":\"https:\\\/\\\/carvalhoadvogado.aliamkt.com\\\/index.php\\\/2025\\\/01\\\/02\\\/seus-direitos-trabalhista-como-operador-de-telemarketing\\\/\",\"url\":\"https:\\\/\\\/carvalhoadvogado.aliamkt.com\\\/index.php\\\/2025\\\/01\\\/02\\\/seus-direitos-trabalhista-como-operador-de-telemarketing\\\/\",\"name\":\"Seus Direitos trabalhista como Operador de Telemarketing - Pedro Carvalho Advogado Trabalhista\",\"isPartOf\":{\"@id\":\"https:\\\/\\\/carvalhoadvogado.aliamkt.com\\\/#website\"},\"primaryImageOfPage\":{\"@id\":\"https:\\\/\\\/carvalhoadvogado.aliamkt.com\\\/index.php\\\/2025\\\/01\\\/02\\\/seus-direitos-trabalhista-como-operador-de-telemarketing\\\/#primaryimage\"},\"image\":{\"@id\":\"https:\\\/\\\/carvalhoadvogado.aliamkt.com\\\/index.php\\\/2025\\\/01\\\/02\\\/seus-direitos-trabalhista-como-operador-de-telemarketing\\\/#primaryimage\"},\"thumbnailUrl\":\"https:\\\/\\\/carvalhoadvogado.aliamkt.com\\\/wp-content\\\/uploads\\\/2025\\\/01\\\/advogado-trabalhista-.png\",\"datePublished\":\"2025-01-02T18:38:32+00:00\",\"description\":\"Conhe\u00e7a seus direitos como operador de telemarketing e garanta um ambiente de trabalho justo e saud\u00e1vel! Jornada de trabalho, remunera\u00e7\u00e3o, sa\u00fade mental e muito mais. Clique aqui e saiba tudo!\",\"breadcrumb\":{\"@id\":\"https:\\\/\\\/carvalhoadvogado.aliamkt.com\\\/index.php\\\/2025\\\/01\\\/02\\\/seus-direitos-trabalhista-como-operador-de-telemarketing\\\/#breadcrumb\"},\"inLanguage\":\"pt-BR\",\"potentialAction\":[{\"@type\":\"ReadAction\",\"target\":[\"https:\\\/\\\/carvalhoadvogado.aliamkt.com\\\/index.php\\\/2025\\\/01\\\/02\\\/seus-direitos-trabalhista-como-operador-de-telemarketing\\\/\"]}]},{\"@type\":\"ImageObject\",\"inLanguage\":\"pt-BR\",\"@id\":\"https:\\\/\\\/carvalhoadvogado.aliamkt.com\\\/index.php\\\/2025\\\/01\\\/02\\\/seus-direitos-trabalhista-como-operador-de-telemarketing\\\/#primaryimage\",\"url\":\"https:\\\/\\\/carvalhoadvogado.aliamkt.com\\\/wp-content\\\/uploads\\\/2025\\\/01\\\/advogado-trabalhista-.png\",\"contentUrl\":\"https:\\\/\\\/carvalhoadvogado.aliamkt.com\\\/wp-content\\\/uploads\\\/2025\\\/01\\\/advogado-trabalhista-.png\",\"width\":1080,\"height\":1080},{\"@type\":\"BreadcrumbList\",\"@id\":\"https:\\\/\\\/carvalhoadvogado.aliamkt.com\\\/index.php\\\/2025\\\/01\\\/02\\\/seus-direitos-trabalhista-como-operador-de-telemarketing\\\/#breadcrumb\",\"itemListElement\":[{\"@type\":\"ListItem\",\"position\":1,\"name\":\"In\u00edcio\",\"item\":\"https:\\\/\\\/carvalhoadvogado.aliamkt.com\\\/\"},{\"@type\":\"ListItem\",\"position\":2,\"name\":\"Seus Direitos trabalhista como Operador de Telemarketing\"}]},{\"@type\":\"WebSite\",\"@id\":\"https:\\\/\\\/carvalhoadvogado.aliamkt.com\\\/#website\",\"url\":\"https:\\\/\\\/carvalhoadvogado.aliamkt.com\\\/\",\"name\":\"Pedro Carvalho Advogado\",\"description\":\"Advogado Trabalhista\",\"publisher\":{\"@id\":\"https:\\\/\\\/carvalhoadvogado.aliamkt.com\\\/#organization\"},\"potentialAction\":[{\"@type\":\"SearchAction\",\"target\":{\"@type\":\"EntryPoint\",\"urlTemplate\":\"https:\\\/\\\/carvalhoadvogado.aliamkt.com\\\/?s={search_term_string}\"},\"query-input\":{\"@type\":\"PropertyValueSpecification\",\"valueRequired\":true,\"valueName\":\"search_term_string\"}}],\"inLanguage\":\"pt-BR\"},{\"@type\":\"Organization\",\"@id\":\"https:\\\/\\\/carvalhoadvogado.aliamkt.com\\\/#organization\",\"name\":\"Pedro Carvalho Advogado\",\"url\":\"https:\\\/\\\/carvalhoadvogado.aliamkt.com\\\/\",\"logo\":{\"@type\":\"ImageObject\",\"inLanguage\":\"pt-BR\",\"@id\":\"https:\\\/\\\/carvalhoadvogado.aliamkt.com\\\/#\\\/schema\\\/logo\\\/image\\\/\",\"url\":\"https:\\\/\\\/carvalhoadvogado.aliamkt.com\\\/wp-content\\\/uploads\\\/2024\\\/06\\\/Logo-azul.png\",\"contentUrl\":\"https:\\\/\\\/carvalhoadvogado.aliamkt.com\\\/wp-content\\\/uploads\\\/2024\\\/06\\\/Logo-azul.png\",\"width\":500,\"height\":500,\"caption\":\"Pedro Carvalho Advogado\"},\"image\":{\"@id\":\"https:\\\/\\\/carvalhoadvogado.aliamkt.com\\\/#\\\/schema\\\/logo\\\/image\\\/\"}},{\"@type\":\"Person\",\"@id\":\"https:\\\/\\\/carvalhoadvogado.aliamkt.com\\\/#\\\/schema\\\/person\\\/8f4d67ba57d6160ee802836a319bd8eb\",\"name\":\"lailacarvalhoadv\",\"image\":{\"@type\":\"ImageObject\",\"inLanguage\":\"pt-BR\",\"@id\":\"https:\\\/\\\/secure.gravatar.com\\\/avatar\\\/a60961139a792fb5ca701fab485f653a1b3cc37cf8dbd4937b4134105caf5369?s=96&d=mm&r=g\",\"url\":\"https:\\\/\\\/secure.gravatar.com\\\/avatar\\\/a60961139a792fb5ca701fab485f653a1b3cc37cf8dbd4937b4134105caf5369?s=96&d=mm&r=g\",\"contentUrl\":\"https:\\\/\\\/secure.gravatar.com\\\/avatar\\\/a60961139a792fb5ca701fab485f653a1b3cc37cf8dbd4937b4134105caf5369?s=96&d=mm&r=g\",\"caption\":\"lailacarvalhoadv\"},\"sameAs\":[\"https:\\\/\\\/carvalhoadvogado.aliamkt.com\"],\"url\":\"https:\\\/\\\/carvalhoadvogado.aliamkt.com\\\/index.php\\\/author\\\/lailacarvalhoadv\\\/\"}]}<\/script>\n<!-- \/ Yoast SEO plugin. -->","yoast_head_json":{"title":"Seus Direitos trabalhista como Operador de Telemarketing - Pedro Carvalho Advogado Trabalhista","description":"Conhe\u00e7a seus direitos como operador de telemarketing e garanta um ambiente de trabalho justo e saud\u00e1vel! Jornada de trabalho, remunera\u00e7\u00e3o, sa\u00fade mental e muito mais. Clique aqui e saiba tudo!","robots":{"index":"index","follow":"follow","max-snippet":"max-snippet:-1","max-image-preview":"max-image-preview:large","max-video-preview":"max-video-preview:-1"},"canonical":"https:\/\/carvalhoadvogado.aliamkt.com\/index.php\/2025\/01\/02\/seus-direitos-trabalhista-como-operador-de-telemarketing\/","og_locale":"pt_BR","og_type":"article","og_title":"Seus Direitos trabalhista como Operador de Telemarketing - Pedro Carvalho Advogado Trabalhista","og_description":"Conhe\u00e7a seus direitos como operador de telemarketing e garanta um ambiente de trabalho justo e saud\u00e1vel! Jornada de trabalho, remunera\u00e7\u00e3o, sa\u00fade mental e muito mais. Clique aqui e saiba tudo!","og_url":"https:\/\/carvalhoadvogado.aliamkt.com\/index.php\/2025\/01\/02\/seus-direitos-trabalhista-como-operador-de-telemarketing\/","og_site_name":"Pedro Carvalho Advogado Trabalhista","article_published_time":"2025-01-02T18:38:32+00:00","og_image":[{"width":1080,"height":1080,"url":"https:\/\/carvalhoadvogado.aliamkt.com\/wp-content\/uploads\/2025\/01\/advogado-trabalhista-.png","type":"image\/png"}],"author":"lailacarvalhoadv","twitter_card":"summary_large_image","twitter_misc":{"Escrito por":"lailacarvalhoadv","Est. tempo de leitura":"12 minutos"},"schema":{"@context":"https:\/\/schema.org","@graph":[{"@type":"Article","@id":"https:\/\/carvalhoadvogado.aliamkt.com\/index.php\/2025\/01\/02\/seus-direitos-trabalhista-como-operador-de-telemarketing\/#article","isPartOf":{"@id":"https:\/\/carvalhoadvogado.aliamkt.com\/index.php\/2025\/01\/02\/seus-direitos-trabalhista-como-operador-de-telemarketing\/"},"author":{"name":"lailacarvalhoadv","@id":"https:\/\/carvalhoadvogado.aliamkt.com\/#\/schema\/person\/8f4d67ba57d6160ee802836a319bd8eb"},"headline":"Seus Direitos trabalhista como Operador de Telemarketing","datePublished":"2025-01-02T18:38:32+00:00","mainEntityOfPage":{"@id":"https:\/\/carvalhoadvogado.aliamkt.com\/index.php\/2025\/01\/02\/seus-direitos-trabalhista-como-operador-de-telemarketing\/"},"wordCount":2324,"commentCount":0,"publisher":{"@id":"https:\/\/carvalhoadvogado.aliamkt.com\/#organization"},"image":{"@id":"https:\/\/carvalhoadvogado.aliamkt.com\/index.php\/2025\/01\/02\/seus-direitos-trabalhista-como-operador-de-telemarketing\/#primaryimage"},"thumbnailUrl":"https:\/\/carvalhoadvogado.aliamkt.com\/wp-content\/uploads\/2025\/01\/advogado-trabalhista-.png","articleSection":["Direito Trabalhista"],"inLanguage":"pt-BR","potentialAction":[{"@type":"CommentAction","name":"Comment","target":["https:\/\/carvalhoadvogado.aliamkt.com\/index.php\/2025\/01\/02\/seus-direitos-trabalhista-como-operador-de-telemarketing\/#respond"]}]},{"@type":"WebPage","@id":"https:\/\/carvalhoadvogado.aliamkt.com\/index.php\/2025\/01\/02\/seus-direitos-trabalhista-como-operador-de-telemarketing\/","url":"https:\/\/carvalhoadvogado.aliamkt.com\/index.php\/2025\/01\/02\/seus-direitos-trabalhista-como-operador-de-telemarketing\/","name":"Seus Direitos trabalhista como Operador de Telemarketing - Pedro Carvalho Advogado Trabalhista","isPartOf":{"@id":"https:\/\/carvalhoadvogado.aliamkt.com\/#website"},"primaryImageOfPage":{"@id":"https:\/\/carvalhoadvogado.aliamkt.com\/index.php\/2025\/01\/02\/seus-direitos-trabalhista-como-operador-de-telemarketing\/#primaryimage"},"image":{"@id":"https:\/\/carvalhoadvogado.aliamkt.com\/index.php\/2025\/01\/02\/seus-direitos-trabalhista-como-operador-de-telemarketing\/#primaryimage"},"thumbnailUrl":"https:\/\/carvalhoadvogado.aliamkt.com\/wp-content\/uploads\/2025\/01\/advogado-trabalhista-.png","datePublished":"2025-01-02T18:38:32+00:00","description":"Conhe\u00e7a seus direitos como operador de telemarketing e garanta um ambiente de trabalho justo e saud\u00e1vel! Jornada de trabalho, remunera\u00e7\u00e3o, sa\u00fade mental e muito mais. Clique aqui e saiba tudo!","breadcrumb":{"@id":"https:\/\/carvalhoadvogado.aliamkt.com\/index.php\/2025\/01\/02\/seus-direitos-trabalhista-como-operador-de-telemarketing\/#breadcrumb"},"inLanguage":"pt-BR","potentialAction":[{"@type":"ReadAction","target":["https:\/\/carvalhoadvogado.aliamkt.com\/index.php\/2025\/01\/02\/seus-direitos-trabalhista-como-operador-de-telemarketing\/"]}]},{"@type":"ImageObject","inLanguage":"pt-BR","@id":"https:\/\/carvalhoadvogado.aliamkt.com\/index.php\/2025\/01\/02\/seus-direitos-trabalhista-como-operador-de-telemarketing\/#primaryimage","url":"https:\/\/carvalhoadvogado.aliamkt.com\/wp-content\/uploads\/2025\/01\/advogado-trabalhista-.png","contentUrl":"https:\/\/carvalhoadvogado.aliamkt.com\/wp-content\/uploads\/2025\/01\/advogado-trabalhista-.png","width":1080,"height":1080},{"@type":"BreadcrumbList","@id":"https:\/\/carvalhoadvogado.aliamkt.com\/index.php\/2025\/01\/02\/seus-direitos-trabalhista-como-operador-de-telemarketing\/#breadcrumb","itemListElement":[{"@type":"ListItem","position":1,"name":"In\u00edcio","item":"https:\/\/carvalhoadvogado.aliamkt.com\/"},{"@type":"ListItem","position":2,"name":"Seus Direitos trabalhista como Operador de Telemarketing"}]},{"@type":"WebSite","@id":"https:\/\/carvalhoadvogado.aliamkt.com\/#website","url":"https:\/\/carvalhoadvogado.aliamkt.com\/","name":"Pedro Carvalho Advogado","description":"Advogado Trabalhista","publisher":{"@id":"https:\/\/carvalhoadvogado.aliamkt.com\/#organization"},"potentialAction":[{"@type":"SearchAction","target":{"@type":"EntryPoint","urlTemplate":"https:\/\/carvalhoadvogado.aliamkt.com\/?s={search_term_string}"},"query-input":{"@type":"PropertyValueSpecification","valueRequired":true,"valueName":"search_term_string"}}],"inLanguage":"pt-BR"},{"@type":"Organization","@id":"https:\/\/carvalhoadvogado.aliamkt.com\/#organization","name":"Pedro Carvalho Advogado","url":"https:\/\/carvalhoadvogado.aliamkt.com\/","logo":{"@type":"ImageObject","inLanguage":"pt-BR","@id":"https:\/\/carvalhoadvogado.aliamkt.com\/#\/schema\/logo\/image\/","url":"https:\/\/carvalhoadvogado.aliamkt.com\/wp-content\/uploads\/2024\/06\/Logo-azul.png","contentUrl":"https:\/\/carvalhoadvogado.aliamkt.com\/wp-content\/uploads\/2024\/06\/Logo-azul.png","width":500,"height":500,"caption":"Pedro Carvalho Advogado"},"image":{"@id":"https:\/\/carvalhoadvogado.aliamkt.com\/#\/schema\/logo\/image\/"}},{"@type":"Person","@id":"https:\/\/carvalhoadvogado.aliamkt.com\/#\/schema\/person\/8f4d67ba57d6160ee802836a319bd8eb","name":"lailacarvalhoadv","image":{"@type":"ImageObject","inLanguage":"pt-BR","@id":"https:\/\/secure.gravatar.com\/avatar\/a60961139a792fb5ca701fab485f653a1b3cc37cf8dbd4937b4134105caf5369?s=96&d=mm&r=g","url":"https:\/\/secure.gravatar.com\/avatar\/a60961139a792fb5ca701fab485f653a1b3cc37cf8dbd4937b4134105caf5369?s=96&d=mm&r=g","contentUrl":"https:\/\/secure.gravatar.com\/avatar\/a60961139a792fb5ca701fab485f653a1b3cc37cf8dbd4937b4134105caf5369?s=96&d=mm&r=g","caption":"lailacarvalhoadv"},"sameAs":["https:\/\/carvalhoadvogado.aliamkt.com"],"url":"https:\/\/carvalhoadvogado.aliamkt.com\/index.php\/author\/lailacarvalhoadv\/"}]}},"_links":{"self":[{"href":"https:\/\/carvalhoadvogado.aliamkt.com\/index.php\/wp-json\/wp\/v2\/posts\/647","targetHints":{"allow":["GET"]}}],"collection":[{"href":"https:\/\/carvalhoadvogado.aliamkt.com\/index.php\/wp-json\/wp\/v2\/posts"}],"about":[{"href":"https:\/\/carvalhoadvogado.aliamkt.com\/index.php\/wp-json\/wp\/v2\/types\/post"}],"author":[{"embeddable":true,"href":"https:\/\/carvalhoadvogado.aliamkt.com\/index.php\/wp-json\/wp\/v2\/users\/1"}],"replies":[{"embeddable":true,"href":"https:\/\/carvalhoadvogado.aliamkt.com\/index.php\/wp-json\/wp\/v2\/comments?post=647"}],"version-history":[{"count":1,"href":"https:\/\/carvalhoadvogado.aliamkt.com\/index.php\/wp-json\/wp\/v2\/posts\/647\/revisions"}],"predecessor-version":[{"id":649,"href":"https:\/\/carvalhoadvogado.aliamkt.com\/index.php\/wp-json\/wp\/v2\/posts\/647\/revisions\/649"}],"wp:featuredmedia":[{"embeddable":true,"href":"https:\/\/carvalhoadvogado.aliamkt.com\/index.php\/wp-json\/wp\/v2\/media\/648"}],"wp:attachment":[{"href":"https:\/\/carvalhoadvogado.aliamkt.com\/index.php\/wp-json\/wp\/v2\/media?parent=647"}],"wp:term":[{"taxonomy":"category","embeddable":true,"href":"https:\/\/carvalhoadvogado.aliamkt.com\/index.php\/wp-json\/wp\/v2\/categories?post=647"},{"taxonomy":"post_tag","embeddable":true,"href":"https:\/\/carvalhoadvogado.aliamkt.com\/index.php\/wp-json\/wp\/v2\/tags?post=647"}],"curies":[{"name":"wp","href":"https:\/\/api.w.org\/{rel}","templated":true}]}}