{"id":650,"date":"2025-01-03T16:16:36","date_gmt":"2025-01-03T19:16:36","guid":{"rendered":"https:\/\/carvalhoadvogado.aliamkt.com\/?p=650"},"modified":"2025-07-28T11:13:20","modified_gmt":"2025-07-28T14:13:20","slug":"direitos-trabalhistas-dos-vigilantes","status":"publish","type":"post","link":"https:\/\/carvalhoadvogado.aliamkt.com\/index.php\/2025\/01\/03\/direitos-trabalhistas-dos-vigilantes\/","title":{"rendered":"Vigilantes: Saiba quais S\u00e3o Seus Direitos Trabalhistas em 2025"},"content":{"rendered":"<p><span style=\"font-weight: 400;\">Se voc\u00ea trabalha como vigilante ou est\u00e1 pensando em seguir essa profiss\u00e3o, este guia foi feito especialmente para voc\u00ea. Aqui, voc\u00ea vai encontrar <\/span><b>informa\u00e7\u00f5es atualizadas, claras e completas<\/b><span style=\"font-weight: 400;\"> sobre todos os seus direitos trabalhistas. Afinal, trabalhar com seguran\u00e7a exige n\u00e3o s\u00f3 coragem, mas tamb\u00e9m conhecimento.<\/span><\/p>\n<p><span style=\"font-weight: 400;\">Vamos direto ao ponto. A seguir, voc\u00ea entender\u00e1 tudo sobre <\/span><b>jornada 12&#215;36, adicional de periculosidade, f\u00e9rias, aposentadoria especial, EPIs, sal\u00e1rio, FGTS, rescis\u00e3o<\/b><span style=\"font-weight: 400;\"> e muito mais.<\/span><\/p>\n<h2><b>Jornada de Trabalho do Vigilante: Entenda o Regime 12&#215;36<\/b><\/h2>\n<p><span style=\"font-weight: 400;\">O regime 12&#215;36 \u00e9 comum na \u00e1rea da vigil\u00e2ncia. Nesse modelo, o profissional trabalha 12 horas e descansa 36. Isso permite mais dias livres durante a semana, mas tamb\u00e9m exige aten\u00e7\u00e3o com o cansa\u00e7o e os direitos relacionados.<\/span><\/p>\n<h3><b>Mas como isso funciona na pr\u00e1tica?<\/b><\/h3>\n<ul>\n<li style=\"font-weight: 400;\" aria-level=\"1\"><span style=\"font-weight: 400;\">Deve estar previsto em <\/span><b>acordo ou conven\u00e7\u00e3o coletiva<\/b><span style=\"font-weight: 400;\">.<\/span><\/li>\n<li style=\"font-weight: 400;\" aria-level=\"1\"><span style=\"font-weight: 400;\">As <\/span><b>horas extras<\/b><span style=\"font-weight: 400;\"> n\u00e3o podem ultrapassar <\/span><b>2 horas por dia<\/b><span style=\"font-weight: 400;\">.<\/span><\/li>\n<li style=\"font-weight: 400;\" aria-level=\"1\"><span style=\"font-weight: 400;\">\u00c9 <\/span><b>obrigat\u00f3rio o intervalo para descanso e refei\u00e7\u00e3o<\/b><span style=\"font-weight: 400;\">, conforme a jornada:<\/span>\n<ul>\n<li style=\"font-weight: 400;\" aria-level=\"2\"><span style=\"font-weight: 400;\">At\u00e9 4h: sem intervalo;<\/span><\/li>\n<li style=\"font-weight: 400;\" aria-level=\"2\"><span style=\"font-weight: 400;\">4h a 6h: intervalo m\u00ednimo de 15 minutos;<\/span><\/li>\n<li style=\"font-weight: 400;\" aria-level=\"2\"><span style=\"font-weight: 400;\">Mais de 6h: intervalo m\u00ednimo de 1 hora.<\/span><\/li>\n<\/ul>\n<\/li>\n<\/ul>\n<p><span style=\"font-weight: 400;\">Outras jornadas poss\u00edveis incluem 8h di\u00e1rias com 44h semanais, dependendo do contrato e das necessidades do posto.<\/span><\/p>\n<h2><b>Adicional de Periculosidade: Um Direito que Salva Vidas<\/b><\/h2>\n<p><span style=\"font-weight: 400;\">Se voc\u00ea trabalha armado ou em \u00e1reas de risco, o adicional de periculosidade \u00e9 seu direito.<\/span><\/p>\n<ul>\n<li style=\"font-weight: 400;\" aria-level=\"1\"><span style=\"font-weight: 400;\">Valor: <\/span><b>30% sobre o sal\u00e1rio base<\/b><span style=\"font-weight: 400;\"> (sem incluir adicionais ou benef\u00edcios).<\/span><\/li>\n<li style=\"font-weight: 400;\" aria-level=\"1\"><span style=\"font-weight: 400;\">Exemplo: sal\u00e1rio base de R$ 2.000 \u2192 adicional de R$ 600.<\/span><\/li>\n<\/ul>\n<h3><b>Quem tem direito?<\/b><\/h3>\n<ul>\n<li style=\"font-weight: 400;\" aria-level=\"1\"><span style=\"font-weight: 400;\">Vigilantes armados;<\/span><\/li>\n<li style=\"font-weight: 400;\" aria-level=\"1\"><span style=\"font-weight: 400;\">Profissionais em transporte de valores;<\/span><\/li>\n<li style=\"font-weight: 400;\" aria-level=\"1\"><span style=\"font-weight: 400;\">Vigilantes em \u00e1reas de alto risco.<\/span><\/li>\n<\/ul>\n<p><span style=\"font-weight: 400;\">O direito deve ser comprovado com <\/span><b>laudo t\u00e9cnico<\/b><span style=\"font-weight: 400;\">, e o pagamento \u00e9 obrigat\u00f3rio. Se estiver em d\u00favida, consulte o sindicato ou um advogado.<\/span><\/p>\n<h2><b>Equipamentos e Uniforme: Responsabilidade Total do Empregador<\/b><\/h2>\n<p><span style=\"font-weight: 400;\">Trabalhar com seguran\u00e7a exige os equipamentos certos. O empregador deve fornecer <\/span><b>gratuitamente<\/b><span style=\"font-weight: 400;\"> todos os EPIs.<\/span><\/p>\n<h3><b>EPIs mais comuns para vigilantes:<\/b><\/h3>\n<ul>\n<li style=\"font-weight: 400;\" aria-level=\"1\"><span style=\"font-weight: 400;\">Uniforme completo;<\/span><\/li>\n<li style=\"font-weight: 400;\" aria-level=\"1\"><span style=\"font-weight: 400;\">Colete \u00e0 prova de balas;<\/span><\/li>\n<li style=\"font-weight: 400;\" aria-level=\"1\"><span style=\"font-weight: 400;\">Arma de fogo e muni\u00e7\u00e3o (se autorizado);<\/span><\/li>\n<li style=\"font-weight: 400;\" aria-level=\"1\"><span style=\"font-weight: 400;\">Algemas;<\/span><\/li>\n<li style=\"font-weight: 400;\" aria-level=\"1\"><span style=\"font-weight: 400;\">Lanterna;<\/span><\/li>\n<li style=\"font-weight: 400;\" aria-level=\"1\"><span style=\"font-weight: 400;\">Apito;<\/span><\/li>\n<li style=\"font-weight: 400;\" aria-level=\"1\"><span style=\"font-weight: 400;\">Capacete (quando necess\u00e1rio).<\/span><\/li>\n<\/ul>\n<p><span style=\"font-weight: 400;\">Tamb\u00e9m \u00e9 dever do empregador cuidar da <\/span><b>manuten\u00e7\u00e3o e substitui\u00e7\u00e3o<\/b><span style=\"font-weight: 400;\"> desses itens. Descontos no sal\u00e1rio por esse motivo s\u00e3o <\/span><b>ilegais<\/b><span style=\"font-weight: 400;\">.<\/span><\/p>\n<p><span style=\"font-weight: 400;\">Se o empregador n\u00e3o fornecer os EPIs, voc\u00ea pode se <\/span><b>recusar a trabalhar<\/b><span style=\"font-weight: 400;\"> \u2014 com respaldo da legisla\u00e7\u00e3o.<\/span><\/p>\n<h2><b>Demiss\u00e3o do Vigilante: Quais S\u00e3o Seus Direitos?<\/b><\/h2>\n<p><span style=\"font-weight: 400;\">A demiss\u00e3o pode ser com ou sem justa causa. Em ambas, voc\u00ea tem <\/span><a href=\"https:\/\/carvalhoadvogado.aliamkt.com\/index.php\/2025\/01\/02\/seus-direitos-trabalhista-como-operador-de-telemarketing\/\"><b>direitos trabalhistas <\/b><\/a><span style=\"font-weight: 400;\">garantidos por lei.<\/span><\/p>\n<h3><b>Verbas rescis\u00f3rias b\u00e1sicas:<\/b><\/h3>\n<ul>\n<li style=\"font-weight: 400;\" aria-level=\"1\"><span style=\"font-weight: 400;\">Saldo de sal\u00e1rio;<\/span><\/li>\n<li style=\"font-weight: 400;\" aria-level=\"1\"><span style=\"font-weight: 400;\">F\u00e9rias vencidas e proporcionais + 1\/3;<\/span><\/li>\n<li style=\"font-weight: 400;\" aria-level=\"1\"><span style=\"font-weight: 400;\">13\u00ba sal\u00e1rio proporcional;<\/span><\/li>\n<li style=\"font-weight: 400;\" aria-level=\"1\"><span style=\"font-weight: 400;\">Aviso pr\u00e9vio (trabalhado ou indenizado);<\/span><\/li>\n<li style=\"font-weight: 400;\" aria-level=\"1\"><span style=\"font-weight: 400;\">FGTS + multa de 40% (sem justa causa);<\/span><\/li>\n<li style=\"font-weight: 400;\" aria-level=\"1\"><span style=\"font-weight: 400;\">Seguro-desemprego (se eleg\u00edvel).<\/span><\/li>\n<\/ul>\n<h3><b>Prazos de pagamento:<\/b><\/h3>\n<ul>\n<li style=\"font-weight: 400;\" aria-level=\"1\"><b>Sem justa causa<\/b><span style=\"font-weight: 400;\">: at\u00e9 10 dias ap\u00f3s o fim do contrato;<\/span><\/li>\n<li style=\"font-weight: 400;\" aria-level=\"1\"><b>Com justa causa<\/b><span style=\"font-weight: 400;\">: at\u00e9 1 dia \u00fatil.<\/span><\/li>\n<\/ul>\n<p><span style=\"font-weight: 400;\">Fique atento! Caso seus direitos n\u00e3o sejam respeitados, procure apoio jur\u00eddico imediatamente.<\/span><\/p>\n<h2><b>F\u00e9rias e Descanso: Recarregue Suas Energias<\/b><\/h2>\n<p><span style=\"font-weight: 400;\">Trabalhar na vigil\u00e2ncia exige foco e resist\u00eancia. Por isso, os direitos a f\u00e9rias e descanso s\u00e3o fundamentais.<\/span><\/p>\n<ul>\n<li style=\"font-weight: 400;\" aria-level=\"1\"><b>30 dias de f\u00e9rias<\/b><span style=\"font-weight: 400;\"> a cada 12 meses trabalhados;<\/span><\/li>\n<li style=\"font-weight: 400;\" aria-level=\"1\"><span style=\"font-weight: 400;\">Pode ser fracionada, desde que uma parte tenha pelo menos 10 dias;<\/span><\/li>\n<li style=\"font-weight: 400;\" aria-level=\"1\"><span style=\"font-weight: 400;\">Durante as f\u00e9rias, voc\u00ea recebe <\/span><b>1\/3 a mais no sal\u00e1rio<\/b><span style=\"font-weight: 400;\">.<\/span><\/li>\n<\/ul>\n<h3><b>Descanso Semanal Remunerado (DSR)<\/b><\/h3>\n<ul>\n<li style=\"font-weight: 400;\" aria-level=\"1\"><span style=\"font-weight: 400;\">M\u00ednimo de 24h consecutivas;<\/span><\/li>\n<li style=\"font-weight: 400;\" aria-level=\"1\"><span style=\"font-weight: 400;\">Pode ser domingo ou outro dia acordado.<\/span><\/li>\n<\/ul>\n<p><span style=\"font-weight: 400;\">Se trabalhar em <\/span><b>domingos ou feriados<\/b><span style=\"font-weight: 400;\">, o vigilante deve:<\/span><\/p>\n<ul>\n<li style=\"font-weight: 400;\" aria-level=\"1\"><span style=\"font-weight: 400;\">Receber <\/span><b>em dobro<\/b><span style=\"font-weight: 400;\">;<\/span><\/li>\n<li style=\"font-weight: 400;\" aria-level=\"1\"><span style=\"font-weight: 400;\">Ou folgar em outro dia (folga compensat\u00f3ria).<\/span><\/li>\n<\/ul>\n<h2><b>Aposentadoria Especial: Direito de Quem Se Exp\u00f5e ao Risco<\/b><\/h2>\n<p><span style=\"font-weight: 400;\">Voc\u00ea sabia que pode se aposentar mais cedo?<\/span><\/p>\n<h3><b>Requisitos da aposentadoria especial para vigilantes:<\/b><\/h3>\n<ul>\n<li style=\"font-weight: 400;\" aria-level=\"1\"><b>25 anos de atividade especial<\/b><span style=\"font-weight: 400;\"> (comprovada);<\/span><\/li>\n<li style=\"font-weight: 400;\" aria-level=\"1\"><b>Comprova\u00e7\u00e3o via PPP (Perfil Profissiogr\u00e1fico Previdenci\u00e1rio)<\/b><span style=\"font-weight: 400;\">;<\/span><\/li>\n<li style=\"font-weight: 400;\" aria-level=\"1\"><span style=\"font-weight: 400;\">N\u00e3o \u00e9 exigida idade m\u00ednima se preencher os requisitos antes da reforma;<\/span><\/li>\n<li style=\"font-weight: 400;\" aria-level=\"1\"><span style=\"font-weight: 400;\">Ap\u00f3s a reforma, regras de transi\u00e7\u00e3o podem se aplicar.<\/span><\/li>\n<\/ul>\n<p><span style=\"font-weight: 400;\">Exposi\u00e7\u00e3o constante a risco, estresse e fatores f\u00edsicos prejudiciais justificam esse direito.<\/span><\/p>\n<h2><b>Sa\u00fade e Seguran\u00e7a no Trabalho: Um Ambiente Mais Justo<\/b><\/h2>\n<p><span style=\"font-weight: 400;\">O empregador deve garantir:<\/span><\/p>\n<ul>\n<li style=\"font-weight: 400;\" aria-level=\"1\"><span style=\"font-weight: 400;\">EPIs adequados e manuten\u00e7\u00e3o peri\u00f3dica;<\/span><\/li>\n<li style=\"font-weight: 400;\" aria-level=\"1\"><span style=\"font-weight: 400;\">Treinamento sobre riscos e procedimentos;<\/span><\/li>\n<li style=\"font-weight: 400;\" aria-level=\"1\"><span style=\"font-weight: 400;\">Exames m\u00e9dicos peri\u00f3dicos;<\/span><\/li>\n<li style=\"font-weight: 400;\" aria-level=\"1\"><span style=\"font-weight: 400;\">Programas de preven\u00e7\u00e3o de acidentes e sa\u00fade ocupacional.<\/span><\/li>\n<\/ul>\n<p><span style=\"font-weight: 400;\">Acidentes devem ser registrados por meio da <\/span><b>CAT (Comunica\u00e7\u00e3o de Acidente de Trabalho)<\/b><span style=\"font-weight: 400;\">. Isso assegura o acesso a benef\u00edcios previdenci\u00e1rios e garante sua prote\u00e7\u00e3o legal.<\/span><\/p>\n<h2><b>Trabalho em Domingos e Feriados: Receba de Forma Justa<\/b><\/h2>\n<p><span style=\"font-weight: 400;\">Trabalhar nesses dias exige compensa\u00e7\u00e3o. A CLT determina:<\/span><\/p>\n<ul>\n<li style=\"font-weight: 400;\" aria-level=\"1\"><b>Pagamento em dobro<\/b><span style=\"font-weight: 400;\">;<\/span><\/li>\n<li style=\"font-weight: 400;\" aria-level=\"1\"><span style=\"font-weight: 400;\">Ou concess\u00e3o de <\/span><b>folga compensat\u00f3ria equivalente<\/b><span style=\"font-weight: 400;\">.<\/span><\/li>\n<\/ul>\n<p><span style=\"font-weight: 400;\">Acordos coletivos podem prever regras espec\u00edficas. Por isso, leia sempre sua conven\u00e7\u00e3o coletiva e, em caso de d\u00favidas, consulte o sindicato.<\/span><\/p>\n<h2><b>Vale-Transporte e Vale-Alimenta\u00e7\u00e3o: Direitos Importantes<\/b><\/h2>\n<ul>\n<li style=\"font-weight: 400;\" aria-level=\"1\"><b>Vale-transporte<\/b><span style=\"font-weight: 400;\">: obrigat\u00f3rio, com desconto de at\u00e9 6% do sal\u00e1rio;<\/span><\/li>\n<li style=\"font-weight: 400;\" aria-level=\"1\"><b>Vale-alimenta\u00e7\u00e3o<\/b><span style=\"font-weight: 400;\">: depende de acordo coletivo ou pr\u00e1tica da empresa.<\/span><\/li>\n<\/ul>\n<p><span style=\"font-weight: 400;\">Fique atento ao que consta em seu contrato ou conven\u00e7\u00e3o coletiva. Esses benef\u00edcios fazem diferen\u00e7a no dia a dia.<\/span><\/p>\n<h2><b>Conclus\u00e3o: Conhe\u00e7a, Reivindique e Valorize Seus Direitos<\/b><\/h2>\n<p><span style=\"font-weight: 400;\">Ser vigilante \u00e9 uma miss\u00e3o de coragem, mas tamb\u00e9m de direitos. Conhecer a legisla\u00e7\u00e3o, entender sua conven\u00e7\u00e3o coletiva e exigir condi\u00e7\u00f5es dignas \u00e9 essencial.<\/span><\/p>\n<p><span style=\"font-weight: 400;\">Sempre que tiver d\u00favidas:<\/span><\/p>\n<ul>\n<li style=\"font-weight: 400;\" aria-level=\"1\"><span style=\"font-weight: 400;\">Consulte seu sindicato;<\/span><\/li>\n<li style=\"font-weight: 400;\" aria-level=\"1\"><span style=\"font-weight: 400;\">Busque um advogado trabalhista;<\/span><\/li>\n<li style=\"font-weight: 400;\" aria-level=\"1\"><span style=\"font-weight: 400;\">Registre ocorr\u00eancias junto ao Minist\u00e9rio do Trabalho.<\/span><\/li>\n<\/ul>\n<p><span style=\"font-weight: 400;\">Trabalhar com seguran\u00e7a \u00e9 um direito. N\u00e3o abra m\u00e3o dele.<\/span><\/p>\n<h2><b>FAQs &#8211; Perguntas Frequentes<\/b><\/h2>\n<h3><b>1. Vigilante tem direito ao adicional de periculosidade mesmo sem arma?<\/b><\/h3>\n<p><span style=\"font-weight: 400;\">Depende. Se houver exposi\u00e7\u00e3o a risco real e comprovado, pode ter direito mesmo desarmado.<\/span><\/p>\n<h3><b>2. Posso recusar trabalhar sem uniforme adequado?<\/b><\/h3>\n<p><span style=\"font-weight: 400;\">Sim. O empregador deve fornecer os EPIs em perfeitas condi\u00e7\u00f5es.<\/span><\/p>\n<h3><b>3. Como dar entrada na aposentadoria especial?<\/b><\/h3>\n<p><span style=\"font-weight: 400;\">Re\u00fana o PPP e documentos pessoais, e procure o INSS ou um advogado previdenci\u00e1rio.<\/span><\/p>\n<h3><b>4. Qual o valor do adicional de periculosidade?<\/b><\/h3>\n<p><span style=\"font-weight: 400;\">30% sobre o sal\u00e1rio base, sem incluir adicionais.<\/span><\/p>\n<h3><b>5. Se for demitido sem justa causa, o que recebo?<\/b><\/h3>\n<p><span style=\"font-weight: 400;\">Todas as verbas rescis\u00f3rias, FGTS com multa de 40%, seguro-desemprego (se eleg\u00edvel) e aviso pr\u00e9vio.<\/span><\/p>\n<p>&nbsp;<\/p>\n<p><b>Fale com o Dr. Pedro Carvalho!<\/b><\/p>\n<p><b>Clique no bot\u00e3o abaixo e obtenha a orienta\u00e7\u00e3o jur\u00eddica que voc\u00ea precisa para resolver suas quest\u00f5es com seguran\u00e7a e confian\u00e7a.<\/b><\/p>\n<p><b>\u00a0<\/b><\/p>\n<p><a href=\"https:\/\/wa.me\/5531975283687\"><b>Fale comigo agora mesmo<\/b><\/a><\/p>\n<p><b>Siga-nos na rede social, @pedroncarvalhoadv, e fique por dentro das \u00faltimas novidades!<\/b><\/p>\n<p>&nbsp;<\/p>\n","protected":false},"excerpt":{"rendered":"<p>Se voc\u00ea trabalha como vigilante ou est\u00e1 pensando em seguir essa profiss\u00e3o, este guia foi feito especialmente para voc\u00ea. Aqui, voc\u00ea vai encontrar informa\u00e7\u00f5es atualizadas, claras e completas sobre todos os seus direitos trabalhistas. Afinal, trabalhar com seguran\u00e7a exige n\u00e3o s\u00f3 coragem, mas tamb\u00e9m conhecimento. Vamos direto ao ponto. A seguir, voc\u00ea entender\u00e1 tudo sobre [&hellip;]<\/p>\n","protected":false},"author":1,"featured_media":651,"comment_status":"open","ping_status":"open","sticky":false,"template":"","format":"standard","meta":{"_joinchat":[],"footnotes":""},"categories":[6],"tags":[],"class_list":["post-650","post","type-post","status-publish","format-standard","has-post-thumbnail","hentry","category-direito-trabalhista"],"yoast_head":"<!-- This site is optimized with the Yoast SEO plugin v27.5 - https:\/\/yoast.com\/product\/yoast-seo-wordpress\/ -->\n<title>Vigilantes: Saiba quais S\u00e3o Seus Direitos Trabalhistas em 2025.<\/title>\n<meta name=\"description\" content=\"Entenda os direitos de quem atua como vigilante: adicional de risco, horas extras, jornada especial e mais. Confira o que mudou em 2025.\" \/>\n<meta name=\"robots\" content=\"index, follow, max-snippet:-1, max-image-preview:large, max-video-preview:-1\" \/>\n<link rel=\"canonical\" href=\"https:\/\/carvalhoadvogado.aliamkt.com\/index.php\/2025\/01\/03\/direitos-trabalhistas-dos-vigilantes\/\" \/>\n<meta property=\"og:locale\" content=\"pt_BR\" \/>\n<meta property=\"og:type\" content=\"article\" \/>\n<meta property=\"og:title\" content=\"Vigilantes: Saiba quais S\u00e3o Seus Direitos Trabalhistas em 2025.\" \/>\n<meta property=\"og:description\" content=\"Entenda os direitos de quem atua como vigilante: adicional de risco, horas extras, jornada especial e mais. Confira o que mudou em 2025.\" \/>\n<meta property=\"og:url\" content=\"https:\/\/carvalhoadvogado.aliamkt.com\/index.php\/2025\/01\/03\/direitos-trabalhistas-dos-vigilantes\/\" \/>\n<meta property=\"og:site_name\" content=\"Pedro Carvalho Advogado Trabalhista\" \/>\n<meta property=\"article:published_time\" content=\"2025-01-03T19:16:36+00:00\" \/>\n<meta property=\"article:modified_time\" content=\"2025-07-28T14:13:20+00:00\" \/>\n<meta property=\"og:image\" content=\"https:\/\/carvalhoadvogado.aliamkt.com\/wp-content\/uploads\/2025\/01\/direitos-trabalhista-do-vigilante-.png\" \/>\n\t<meta property=\"og:image:width\" content=\"1080\" \/>\n\t<meta property=\"og:image:height\" content=\"1080\" \/>\n\t<meta property=\"og:image:type\" content=\"image\/png\" \/>\n<meta name=\"author\" content=\"lailacarvalhoadv\" \/>\n<meta name=\"twitter:card\" content=\"summary_large_image\" \/>\n<meta name=\"twitter:label1\" content=\"Escrito por\" \/>\n\t<meta name=\"twitter:data1\" content=\"lailacarvalhoadv\" \/>\n\t<meta name=\"twitter:label2\" content=\"Est. tempo de leitura\" \/>\n\t<meta name=\"twitter:data2\" content=\"6 minutos\" \/>\n<script type=\"application\/ld+json\" class=\"yoast-schema-graph\">{\"@context\":\"https:\\\/\\\/schema.org\",\"@graph\":[{\"@type\":\"Article\",\"@id\":\"https:\\\/\\\/carvalhoadvogado.aliamkt.com\\\/index.php\\\/2025\\\/01\\\/03\\\/direitos-trabalhistas-dos-vigilantes\\\/#article\",\"isPartOf\":{\"@id\":\"https:\\\/\\\/carvalhoadvogado.aliamkt.com\\\/index.php\\\/2025\\\/01\\\/03\\\/direitos-trabalhistas-dos-vigilantes\\\/\"},\"author\":{\"name\":\"lailacarvalhoadv\",\"@id\":\"https:\\\/\\\/carvalhoadvogado.aliamkt.com\\\/#\\\/schema\\\/person\\\/8f4d67ba57d6160ee802836a319bd8eb\"},\"headline\":\"Vigilantes: Saiba quais S\u00e3o Seus Direitos Trabalhistas em 2025\",\"datePublished\":\"2025-01-03T19:16:36+00:00\",\"dateModified\":\"2025-07-28T14:13:20+00:00\",\"mainEntityOfPage\":{\"@id\":\"https:\\\/\\\/carvalhoadvogado.aliamkt.com\\\/index.php\\\/2025\\\/01\\\/03\\\/direitos-trabalhistas-dos-vigilantes\\\/\"},\"wordCount\":1055,\"commentCount\":0,\"publisher\":{\"@id\":\"https:\\\/\\\/carvalhoadvogado.aliamkt.com\\\/#organization\"},\"image\":{\"@id\":\"https:\\\/\\\/carvalhoadvogado.aliamkt.com\\\/index.php\\\/2025\\\/01\\\/03\\\/direitos-trabalhistas-dos-vigilantes\\\/#primaryimage\"},\"thumbnailUrl\":\"https:\\\/\\\/carvalhoadvogado.aliamkt.com\\\/wp-content\\\/uploads\\\/2025\\\/01\\\/direitos-trabalhista-do-vigilante-.png\",\"articleSection\":[\"Direito Trabalhista\"],\"inLanguage\":\"pt-BR\",\"potentialAction\":[{\"@type\":\"CommentAction\",\"name\":\"Comment\",\"target\":[\"https:\\\/\\\/carvalhoadvogado.aliamkt.com\\\/index.php\\\/2025\\\/01\\\/03\\\/direitos-trabalhistas-dos-vigilantes\\\/#respond\"]}]},{\"@type\":\"WebPage\",\"@id\":\"https:\\\/\\\/carvalhoadvogado.aliamkt.com\\\/index.php\\\/2025\\\/01\\\/03\\\/direitos-trabalhistas-dos-vigilantes\\\/\",\"url\":\"https:\\\/\\\/carvalhoadvogado.aliamkt.com\\\/index.php\\\/2025\\\/01\\\/03\\\/direitos-trabalhistas-dos-vigilantes\\\/\",\"name\":\"Vigilantes: Saiba quais S\u00e3o Seus Direitos Trabalhistas em 2025.\",\"isPartOf\":{\"@id\":\"https:\\\/\\\/carvalhoadvogado.aliamkt.com\\\/#website\"},\"primaryImageOfPage\":{\"@id\":\"https:\\\/\\\/carvalhoadvogado.aliamkt.com\\\/index.php\\\/2025\\\/01\\\/03\\\/direitos-trabalhistas-dos-vigilantes\\\/#primaryimage\"},\"image\":{\"@id\":\"https:\\\/\\\/carvalhoadvogado.aliamkt.com\\\/index.php\\\/2025\\\/01\\\/03\\\/direitos-trabalhistas-dos-vigilantes\\\/#primaryimage\"},\"thumbnailUrl\":\"https:\\\/\\\/carvalhoadvogado.aliamkt.com\\\/wp-content\\\/uploads\\\/2025\\\/01\\\/direitos-trabalhista-do-vigilante-.png\",\"datePublished\":\"2025-01-03T19:16:36+00:00\",\"dateModified\":\"2025-07-28T14:13:20+00:00\",\"description\":\"Entenda os direitos de quem atua como vigilante: adicional de risco, horas extras, jornada especial e mais. Confira o que mudou em 2025.\",\"breadcrumb\":{\"@id\":\"https:\\\/\\\/carvalhoadvogado.aliamkt.com\\\/index.php\\\/2025\\\/01\\\/03\\\/direitos-trabalhistas-dos-vigilantes\\\/#breadcrumb\"},\"inLanguage\":\"pt-BR\",\"potentialAction\":[{\"@type\":\"ReadAction\",\"target\":[\"https:\\\/\\\/carvalhoadvogado.aliamkt.com\\\/index.php\\\/2025\\\/01\\\/03\\\/direitos-trabalhistas-dos-vigilantes\\\/\"]}]},{\"@type\":\"ImageObject\",\"inLanguage\":\"pt-BR\",\"@id\":\"https:\\\/\\\/carvalhoadvogado.aliamkt.com\\\/index.php\\\/2025\\\/01\\\/03\\\/direitos-trabalhistas-dos-vigilantes\\\/#primaryimage\",\"url\":\"https:\\\/\\\/carvalhoadvogado.aliamkt.com\\\/wp-content\\\/uploads\\\/2025\\\/01\\\/direitos-trabalhista-do-vigilante-.png\",\"contentUrl\":\"https:\\\/\\\/carvalhoadvogado.aliamkt.com\\\/wp-content\\\/uploads\\\/2025\\\/01\\\/direitos-trabalhista-do-vigilante-.png\",\"width\":1080,\"height\":1080},{\"@type\":\"BreadcrumbList\",\"@id\":\"https:\\\/\\\/carvalhoadvogado.aliamkt.com\\\/index.php\\\/2025\\\/01\\\/03\\\/direitos-trabalhistas-dos-vigilantes\\\/#breadcrumb\",\"itemListElement\":[{\"@type\":\"ListItem\",\"position\":1,\"name\":\"In\u00edcio\",\"item\":\"https:\\\/\\\/carvalhoadvogado.aliamkt.com\\\/\"},{\"@type\":\"ListItem\",\"position\":2,\"name\":\"Vigilantes: Saiba quais S\u00e3o Seus Direitos Trabalhistas em 2025\"}]},{\"@type\":\"WebSite\",\"@id\":\"https:\\\/\\\/carvalhoadvogado.aliamkt.com\\\/#website\",\"url\":\"https:\\\/\\\/carvalhoadvogado.aliamkt.com\\\/\",\"name\":\"Pedro Carvalho Advogado\",\"description\":\"Advogado Trabalhista\",\"publisher\":{\"@id\":\"https:\\\/\\\/carvalhoadvogado.aliamkt.com\\\/#organization\"},\"potentialAction\":[{\"@type\":\"SearchAction\",\"target\":{\"@type\":\"EntryPoint\",\"urlTemplate\":\"https:\\\/\\\/carvalhoadvogado.aliamkt.com\\\/?s={search_term_string}\"},\"query-input\":{\"@type\":\"PropertyValueSpecification\",\"valueRequired\":true,\"valueName\":\"search_term_string\"}}],\"inLanguage\":\"pt-BR\"},{\"@type\":\"Organization\",\"@id\":\"https:\\\/\\\/carvalhoadvogado.aliamkt.com\\\/#organization\",\"name\":\"Pedro Carvalho Advogado\",\"url\":\"https:\\\/\\\/carvalhoadvogado.aliamkt.com\\\/\",\"logo\":{\"@type\":\"ImageObject\",\"inLanguage\":\"pt-BR\",\"@id\":\"https:\\\/\\\/carvalhoadvogado.aliamkt.com\\\/#\\\/schema\\\/logo\\\/image\\\/\",\"url\":\"https:\\\/\\\/carvalhoadvogado.aliamkt.com\\\/wp-content\\\/uploads\\\/2024\\\/06\\\/Logo-azul.png\",\"contentUrl\":\"https:\\\/\\\/carvalhoadvogado.aliamkt.com\\\/wp-content\\\/uploads\\\/2024\\\/06\\\/Logo-azul.png\",\"width\":500,\"height\":500,\"caption\":\"Pedro Carvalho Advogado\"},\"image\":{\"@id\":\"https:\\\/\\\/carvalhoadvogado.aliamkt.com\\\/#\\\/schema\\\/logo\\\/image\\\/\"}},{\"@type\":\"Person\",\"@id\":\"https:\\\/\\\/carvalhoadvogado.aliamkt.com\\\/#\\\/schema\\\/person\\\/8f4d67ba57d6160ee802836a319bd8eb\",\"name\":\"lailacarvalhoadv\",\"image\":{\"@type\":\"ImageObject\",\"inLanguage\":\"pt-BR\",\"@id\":\"https:\\\/\\\/secure.gravatar.com\\\/avatar\\\/a60961139a792fb5ca701fab485f653a1b3cc37cf8dbd4937b4134105caf5369?s=96&d=mm&r=g\",\"url\":\"https:\\\/\\\/secure.gravatar.com\\\/avatar\\\/a60961139a792fb5ca701fab485f653a1b3cc37cf8dbd4937b4134105caf5369?s=96&d=mm&r=g\",\"contentUrl\":\"https:\\\/\\\/secure.gravatar.com\\\/avatar\\\/a60961139a792fb5ca701fab485f653a1b3cc37cf8dbd4937b4134105caf5369?s=96&d=mm&r=g\",\"caption\":\"lailacarvalhoadv\"},\"sameAs\":[\"https:\\\/\\\/carvalhoadvogado.aliamkt.com\"],\"url\":\"https:\\\/\\\/carvalhoadvogado.aliamkt.com\\\/index.php\\\/author\\\/lailacarvalhoadv\\\/\"}]}<\/script>\n<!-- \/ Yoast SEO plugin. -->","yoast_head_json":{"title":"Vigilantes: Saiba quais S\u00e3o Seus Direitos Trabalhistas em 2025.","description":"Entenda os direitos de quem atua como vigilante: adicional de risco, horas extras, jornada especial e mais. Confira o que mudou em 2025.","robots":{"index":"index","follow":"follow","max-snippet":"max-snippet:-1","max-image-preview":"max-image-preview:large","max-video-preview":"max-video-preview:-1"},"canonical":"https:\/\/carvalhoadvogado.aliamkt.com\/index.php\/2025\/01\/03\/direitos-trabalhistas-dos-vigilantes\/","og_locale":"pt_BR","og_type":"article","og_title":"Vigilantes: Saiba quais S\u00e3o Seus Direitos Trabalhistas em 2025.","og_description":"Entenda os direitos de quem atua como vigilante: adicional de risco, horas extras, jornada especial e mais. Confira o que mudou em 2025.","og_url":"https:\/\/carvalhoadvogado.aliamkt.com\/index.php\/2025\/01\/03\/direitos-trabalhistas-dos-vigilantes\/","og_site_name":"Pedro Carvalho Advogado Trabalhista","article_published_time":"2025-01-03T19:16:36+00:00","article_modified_time":"2025-07-28T14:13:20+00:00","og_image":[{"width":1080,"height":1080,"url":"https:\/\/carvalhoadvogado.aliamkt.com\/wp-content\/uploads\/2025\/01\/direitos-trabalhista-do-vigilante-.png","type":"image\/png"}],"author":"lailacarvalhoadv","twitter_card":"summary_large_image","twitter_misc":{"Escrito por":"lailacarvalhoadv","Est. tempo de leitura":"6 minutos"},"schema":{"@context":"https:\/\/schema.org","@graph":[{"@type":"Article","@id":"https:\/\/carvalhoadvogado.aliamkt.com\/index.php\/2025\/01\/03\/direitos-trabalhistas-dos-vigilantes\/#article","isPartOf":{"@id":"https:\/\/carvalhoadvogado.aliamkt.com\/index.php\/2025\/01\/03\/direitos-trabalhistas-dos-vigilantes\/"},"author":{"name":"lailacarvalhoadv","@id":"https:\/\/carvalhoadvogado.aliamkt.com\/#\/schema\/person\/8f4d67ba57d6160ee802836a319bd8eb"},"headline":"Vigilantes: Saiba quais S\u00e3o Seus Direitos Trabalhistas em 2025","datePublished":"2025-01-03T19:16:36+00:00","dateModified":"2025-07-28T14:13:20+00:00","mainEntityOfPage":{"@id":"https:\/\/carvalhoadvogado.aliamkt.com\/index.php\/2025\/01\/03\/direitos-trabalhistas-dos-vigilantes\/"},"wordCount":1055,"commentCount":0,"publisher":{"@id":"https:\/\/carvalhoadvogado.aliamkt.com\/#organization"},"image":{"@id":"https:\/\/carvalhoadvogado.aliamkt.com\/index.php\/2025\/01\/03\/direitos-trabalhistas-dos-vigilantes\/#primaryimage"},"thumbnailUrl":"https:\/\/carvalhoadvogado.aliamkt.com\/wp-content\/uploads\/2025\/01\/direitos-trabalhista-do-vigilante-.png","articleSection":["Direito Trabalhista"],"inLanguage":"pt-BR","potentialAction":[{"@type":"CommentAction","name":"Comment","target":["https:\/\/carvalhoadvogado.aliamkt.com\/index.php\/2025\/01\/03\/direitos-trabalhistas-dos-vigilantes\/#respond"]}]},{"@type":"WebPage","@id":"https:\/\/carvalhoadvogado.aliamkt.com\/index.php\/2025\/01\/03\/direitos-trabalhistas-dos-vigilantes\/","url":"https:\/\/carvalhoadvogado.aliamkt.com\/index.php\/2025\/01\/03\/direitos-trabalhistas-dos-vigilantes\/","name":"Vigilantes: Saiba quais S\u00e3o Seus Direitos Trabalhistas em 2025.","isPartOf":{"@id":"https:\/\/carvalhoadvogado.aliamkt.com\/#website"},"primaryImageOfPage":{"@id":"https:\/\/carvalhoadvogado.aliamkt.com\/index.php\/2025\/01\/03\/direitos-trabalhistas-dos-vigilantes\/#primaryimage"},"image":{"@id":"https:\/\/carvalhoadvogado.aliamkt.com\/index.php\/2025\/01\/03\/direitos-trabalhistas-dos-vigilantes\/#primaryimage"},"thumbnailUrl":"https:\/\/carvalhoadvogado.aliamkt.com\/wp-content\/uploads\/2025\/01\/direitos-trabalhista-do-vigilante-.png","datePublished":"2025-01-03T19:16:36+00:00","dateModified":"2025-07-28T14:13:20+00:00","description":"Entenda os direitos de quem atua como vigilante: adicional de risco, horas extras, jornada especial e mais. Confira o que mudou em 2025.","breadcrumb":{"@id":"https:\/\/carvalhoadvogado.aliamkt.com\/index.php\/2025\/01\/03\/direitos-trabalhistas-dos-vigilantes\/#breadcrumb"},"inLanguage":"pt-BR","potentialAction":[{"@type":"ReadAction","target":["https:\/\/carvalhoadvogado.aliamkt.com\/index.php\/2025\/01\/03\/direitos-trabalhistas-dos-vigilantes\/"]}]},{"@type":"ImageObject","inLanguage":"pt-BR","@id":"https:\/\/carvalhoadvogado.aliamkt.com\/index.php\/2025\/01\/03\/direitos-trabalhistas-dos-vigilantes\/#primaryimage","url":"https:\/\/carvalhoadvogado.aliamkt.com\/wp-content\/uploads\/2025\/01\/direitos-trabalhista-do-vigilante-.png","contentUrl":"https:\/\/carvalhoadvogado.aliamkt.com\/wp-content\/uploads\/2025\/01\/direitos-trabalhista-do-vigilante-.png","width":1080,"height":1080},{"@type":"BreadcrumbList","@id":"https:\/\/carvalhoadvogado.aliamkt.com\/index.php\/2025\/01\/03\/direitos-trabalhistas-dos-vigilantes\/#breadcrumb","itemListElement":[{"@type":"ListItem","position":1,"name":"In\u00edcio","item":"https:\/\/carvalhoadvogado.aliamkt.com\/"},{"@type":"ListItem","position":2,"name":"Vigilantes: Saiba quais S\u00e3o Seus Direitos Trabalhistas em 2025"}]},{"@type":"WebSite","@id":"https:\/\/carvalhoadvogado.aliamkt.com\/#website","url":"https:\/\/carvalhoadvogado.aliamkt.com\/","name":"Pedro Carvalho Advogado","description":"Advogado Trabalhista","publisher":{"@id":"https:\/\/carvalhoadvogado.aliamkt.com\/#organization"},"potentialAction":[{"@type":"SearchAction","target":{"@type":"EntryPoint","urlTemplate":"https:\/\/carvalhoadvogado.aliamkt.com\/?s={search_term_string}"},"query-input":{"@type":"PropertyValueSpecification","valueRequired":true,"valueName":"search_term_string"}}],"inLanguage":"pt-BR"},{"@type":"Organization","@id":"https:\/\/carvalhoadvogado.aliamkt.com\/#organization","name":"Pedro Carvalho Advogado","url":"https:\/\/carvalhoadvogado.aliamkt.com\/","logo":{"@type":"ImageObject","inLanguage":"pt-BR","@id":"https:\/\/carvalhoadvogado.aliamkt.com\/#\/schema\/logo\/image\/","url":"https:\/\/carvalhoadvogado.aliamkt.com\/wp-content\/uploads\/2024\/06\/Logo-azul.png","contentUrl":"https:\/\/carvalhoadvogado.aliamkt.com\/wp-content\/uploads\/2024\/06\/Logo-azul.png","width":500,"height":500,"caption":"Pedro Carvalho Advogado"},"image":{"@id":"https:\/\/carvalhoadvogado.aliamkt.com\/#\/schema\/logo\/image\/"}},{"@type":"Person","@id":"https:\/\/carvalhoadvogado.aliamkt.com\/#\/schema\/person\/8f4d67ba57d6160ee802836a319bd8eb","name":"lailacarvalhoadv","image":{"@type":"ImageObject","inLanguage":"pt-BR","@id":"https:\/\/secure.gravatar.com\/avatar\/a60961139a792fb5ca701fab485f653a1b3cc37cf8dbd4937b4134105caf5369?s=96&d=mm&r=g","url":"https:\/\/secure.gravatar.com\/avatar\/a60961139a792fb5ca701fab485f653a1b3cc37cf8dbd4937b4134105caf5369?s=96&d=mm&r=g","contentUrl":"https:\/\/secure.gravatar.com\/avatar\/a60961139a792fb5ca701fab485f653a1b3cc37cf8dbd4937b4134105caf5369?s=96&d=mm&r=g","caption":"lailacarvalhoadv"},"sameAs":["https:\/\/carvalhoadvogado.aliamkt.com"],"url":"https:\/\/carvalhoadvogado.aliamkt.com\/index.php\/author\/lailacarvalhoadv\/"}]}},"_links":{"self":[{"href":"https:\/\/carvalhoadvogado.aliamkt.com\/index.php\/wp-json\/wp\/v2\/posts\/650","targetHints":{"allow":["GET"]}}],"collection":[{"href":"https:\/\/carvalhoadvogado.aliamkt.com\/index.php\/wp-json\/wp\/v2\/posts"}],"about":[{"href":"https:\/\/carvalhoadvogado.aliamkt.com\/index.php\/wp-json\/wp\/v2\/types\/post"}],"author":[{"embeddable":true,"href":"https:\/\/carvalhoadvogado.aliamkt.com\/index.php\/wp-json\/wp\/v2\/users\/1"}],"replies":[{"embeddable":true,"href":"https:\/\/carvalhoadvogado.aliamkt.com\/index.php\/wp-json\/wp\/v2\/comments?post=650"}],"version-history":[{"count":4,"href":"https:\/\/carvalhoadvogado.aliamkt.com\/index.php\/wp-json\/wp\/v2\/posts\/650\/revisions"}],"predecessor-version":[{"id":889,"href":"https:\/\/carvalhoadvogado.aliamkt.com\/index.php\/wp-json\/wp\/v2\/posts\/650\/revisions\/889"}],"wp:featuredmedia":[{"embeddable":true,"href":"https:\/\/carvalhoadvogado.aliamkt.com\/index.php\/wp-json\/wp\/v2\/media\/651"}],"wp:attachment":[{"href":"https:\/\/carvalhoadvogado.aliamkt.com\/index.php\/wp-json\/wp\/v2\/media?parent=650"}],"wp:term":[{"taxonomy":"category","embeddable":true,"href":"https:\/\/carvalhoadvogado.aliamkt.com\/index.php\/wp-json\/wp\/v2\/categories?post=650"},{"taxonomy":"post_tag","embeddable":true,"href":"https:\/\/carvalhoadvogado.aliamkt.com\/index.php\/wp-json\/wp\/v2\/tags?post=650"}],"curies":[{"name":"wp","href":"https:\/\/api.w.org\/{rel}","templated":true}]}}