{"id":653,"date":"2025-01-07T15:16:04","date_gmt":"2025-01-07T18:16:04","guid":{"rendered":"https:\/\/carvalhoadvogado.aliamkt.com\/?p=653"},"modified":"2025-07-28T12:07:42","modified_gmt":"2025-07-28T15:07:42","slug":"direitos-trabalhistas-do-auxiliar-de-servicos-gerais","status":"publish","type":"post","link":"https:\/\/carvalhoadvogado.aliamkt.com\/index.php\/2025\/01\/07\/direitos-trabalhistas-do-auxiliar-de-servicos-gerais\/","title":{"rendered":"Auxiliar de Servi\u00e7os Gerais: Conhe\u00e7a os Seus Direitos em 2025"},"content":{"rendered":"<p data-start=\"650\" data-end=\"901\">Voc\u00ea \u00e9 auxiliar de servi\u00e7os gerais ou est\u00e1 pensando em entrar na \u00e1rea? Ent\u00e3o, este artigo \u00e9 para voc\u00ea! Aqui, vamos explicar de forma direta quais s\u00e3o os <strong data-start=\"803\" data-end=\"865\">direitos trabalhistas do auxiliar de servi\u00e7os gerais (ASG)<\/strong>, com base na legisla\u00e7\u00e3o atualizada.<\/p>\n<p data-start=\"903\" data-end=\"1237\"><a href=\"https:\/\/carvalhoadvogado.aliamkt.com\/index.php\/2025\/05\/22\/direitos-do-operador-de-caixa-guia-completo-e-definitivo-para-2025\/\">Tamb\u00e9m veja: Direitos do Operador de Caixa em 2025<\/a><br data-start=\"1059\" data-end=\"1062\" \/><a class=\"cursor-pointer\" href=\"https:\/\/carvalhoadvogado.aliamkt.com\/index.php\/2025\/01\/10\/guia-do-motoboy-2025-direitos-trabalhistas-e-dicas-essenciais\/\" target=\"_new\" rel=\"noopener\" data-start=\"1065\" data-end=\"1237\">Motoboy tem direito a qu\u00ea? Descubra neste artigo<\/a><\/p>\n<h2 data-start=\"1239\" data-end=\"1287\"><strong data-start=\"1242\" data-end=\"1287\">O que faz um auxiliar de servi\u00e7os gerais?<\/strong><\/h2>\n<p data-start=\"1289\" data-end=\"1463\">O auxiliar de servi\u00e7os gerais \u00e9 o profissional respons\u00e1vel por manter ambientes limpos, organizados e funcionais. Seu papel \u00e9 essencial em locais com grande fluxo de pessoas.<\/p>\n<h3 data-start=\"1465\" data-end=\"1501\"><strong data-start=\"1469\" data-end=\"1501\">Principais atividades do ASG<\/strong><\/h3>\n<ul data-start=\"1503\" data-end=\"1679\">\n<li data-start=\"1503\" data-end=\"1548\">\n<p data-start=\"1505\" data-end=\"1548\">Limpeza de ambientes internos e externos;<\/p>\n<\/li>\n<li data-start=\"1549\" data-end=\"1595\">\n<p data-start=\"1551\" data-end=\"1595\">Coleta de lixo e organiza\u00e7\u00e3o de materiais;<\/p>\n<\/li>\n<li data-start=\"1596\" data-end=\"1626\">\n<p data-start=\"1598\" data-end=\"1626\">Apoio \u00e0 manuten\u00e7\u00e3o b\u00e1sica;<\/p>\n<\/li>\n<li data-start=\"1627\" data-end=\"1679\">\n<p data-start=\"1629\" data-end=\"1679\">Prepara\u00e7\u00e3o de espa\u00e7os para o funcionamento di\u00e1rio.<\/p>\n<\/li>\n<\/ul>\n<h2 data-start=\"1681\" data-end=\"1720\"><strong data-start=\"1684\" data-end=\"1720\">Onde esse profissional trabalha?<\/strong><\/h2>\n<p data-start=\"1722\" data-end=\"1744\">Voc\u00ea encontra ASGs em:<\/p>\n<ul data-start=\"1746\" data-end=\"1866\">\n<li data-start=\"1746\" data-end=\"1770\">\n<p data-start=\"1748\" data-end=\"1770\">Hospitais e cl\u00ednicas<\/p>\n<\/li>\n<li data-start=\"1771\" data-end=\"1798\">\n<p data-start=\"1773\" data-end=\"1798\">Escolas e universidades<\/p>\n<\/li>\n<li data-start=\"1799\" data-end=\"1832\">\n<p data-start=\"1801\" data-end=\"1832\">Escrit\u00f3rios, f\u00e1bricas e lojas<\/p>\n<\/li>\n<li data-start=\"1833\" data-end=\"1848\">\n<p data-start=\"1835\" data-end=\"1848\">Condom\u00ednios<\/p>\n<\/li>\n<li data-start=\"1849\" data-end=\"1866\">\n<p data-start=\"1851\" data-end=\"1866\">\u00d3rg\u00e3os p\u00fablicos<\/p>\n<\/li>\n<\/ul>\n<h2 data-start=\"1868\" data-end=\"1911\"><strong data-start=\"1871\" data-end=\"1911\">Jornada de trabalho: o que diz a lei<\/strong><\/h2>\n<p data-start=\"1913\" data-end=\"1949\">Segundo a <strong data-start=\"1923\" data-end=\"1930\">CLT<\/strong>, o limite legal \u00e9:<\/p>\n<ul data-start=\"1951\" data-end=\"1992\">\n<li data-start=\"1951\" data-end=\"1973\">\n<p data-start=\"1953\" data-end=\"1973\">At\u00e9 <strong data-start=\"1957\" data-end=\"1971\">8h di\u00e1rias<\/strong><\/p>\n<\/li>\n<li data-start=\"1974\" data-end=\"1992\">\n<p data-start=\"1976\" data-end=\"1992\"><strong data-start=\"1976\" data-end=\"1992\">44h semanais<\/strong><\/p>\n<\/li>\n<\/ul>\n<h3 data-start=\"1994\" data-end=\"2026\"><strong data-start=\"1998\" data-end=\"2026\">Trabalhou mais que isso?<\/strong><\/h3>\n<p data-start=\"2028\" data-end=\"2140\">Tem direito a <strong data-start=\"2042\" data-end=\"2056\">hora extra<\/strong> com no m\u00ednimo 50% de acr\u00e9scimo. Al\u00e9m disso, a empresa deve controlar a jornada via:<\/p>\n<ul data-start=\"2142\" data-end=\"2190\">\n<li data-start=\"2142\" data-end=\"2170\">\n<p data-start=\"2144\" data-end=\"2170\">Livro ou cart\u00e3o de ponto<\/p>\n<\/li>\n<li data-start=\"2171\" data-end=\"2190\">\n<p data-start=\"2173\" data-end=\"2190\">Sistemas digitais<\/p>\n<\/li>\n<\/ul>\n<h3 data-start=\"2192\" data-end=\"2223\"><strong data-start=\"2196\" data-end=\"2223\">Intervalos obrigat\u00f3rios<\/strong><\/h3>\n<ul data-start=\"2225\" data-end=\"2321\">\n<li data-start=\"2225\" data-end=\"2256\">\n<p data-start=\"2227\" data-end=\"2256\">Mais de 6h: intervalo de 1h<\/p>\n<\/li>\n<li data-start=\"2257\" data-end=\"2286\">\n<p data-start=\"2259\" data-end=\"2286\">Entre 4h e 6h: 15 minutos<\/p>\n<\/li>\n<li data-start=\"2287\" data-end=\"2321\">\n<p data-start=\"2289\" data-end=\"2321\">At\u00e9 4h: n\u00e3o h\u00e1 pausa obrigat\u00f3ria<\/p>\n<\/li>\n<\/ul>\n<h2 data-start=\"2323\" data-end=\"2368\"><strong data-start=\"2326\" data-end=\"2368\">Sal\u00e1rio do auxiliar de servi\u00e7os gerais<\/strong><\/h2>\n<p data-start=\"2370\" data-end=\"2473\">O valor m\u00ednimo \u00e9 o sal\u00e1rio m\u00ednimo nacional, mas <strong data-start=\"2418\" data-end=\"2472\">pode variar conforme o estado e conven\u00e7\u00e3o coletiva<\/strong>.<\/p>\n<h3 data-start=\"2475\" data-end=\"2515\"><strong data-start=\"2479\" data-end=\"2515\">Quais benef\u00edcios est\u00e3o inclusos?<\/strong><\/h3>\n<ul data-start=\"2517\" data-end=\"2645\">\n<li data-start=\"2517\" data-end=\"2532\">\n<p data-start=\"2519\" data-end=\"2532\">13\u00ba sal\u00e1rio<\/p>\n<\/li>\n<li data-start=\"2533\" data-end=\"2549\">\n<p data-start=\"2535\" data-end=\"2549\">F\u00e9rias + 1\/3<\/p>\n<\/li>\n<li data-start=\"2550\" data-end=\"2558\">\n<p data-start=\"2552\" data-end=\"2558\">FGTS<\/p>\n<\/li>\n<li data-start=\"2559\" data-end=\"2609\">\n<p data-start=\"2561\" data-end=\"2609\">Vale-transporte (com desconto de no m\u00e1ximo 6%)<\/p>\n<\/li>\n<li data-start=\"2610\" data-end=\"2645\">\n<p data-start=\"2612\" data-end=\"2645\">Em alguns casos, vale-alimenta\u00e7\u00e3o<\/p>\n<\/li>\n<\/ul>\n<p data-start=\"2647\" data-end=\"2884\"><a class=\"cursor-pointer\" href=\"https:\/\/carvalhoadvogado.aliamkt.com\/index.php\/2025\/05\/23\/pedreiro-sem-carteira-assinada-conheca-seus-direitos-trabalhistas-e-como-reivindica-los-em-2025\/\" target=\"_new\" rel=\"noopener\" data-start=\"2650\" data-end=\"2884\">Confira tamb\u00e9m: Como funciona o sal\u00e1rio de um pedreiro sem carteira assinada<\/a><\/p>\n<h2 data-start=\"2886\" data-end=\"2946\"><strong data-start=\"2889\" data-end=\"2946\">Adicional de insalubridade: quando o ASG tem direito?<\/strong><\/h2>\n<p data-start=\"2948\" data-end=\"3069\">Se o trabalhador lida com <strong data-start=\"2974\" data-end=\"3035\">produtos qu\u00edmicos, banheiros, lixo ou res\u00edduos biol\u00f3gicos<\/strong>, ele pode receber esse adicional.<\/p>\n<h3 data-start=\"3071\" data-end=\"3099\"><strong data-start=\"3075\" data-end=\"3099\">Valores do adicional<\/strong><\/h3>\n<ul data-start=\"3101\" data-end=\"3160\">\n<li data-start=\"3101\" data-end=\"3121\">\n<p data-start=\"3103\" data-end=\"3121\">Grau m\u00ednimo: 10%<\/p>\n<\/li>\n<li data-start=\"3122\" data-end=\"3141\">\n<p data-start=\"3124\" data-end=\"3141\">Grau m\u00e9dio: 20%<\/p>\n<\/li>\n<li data-start=\"3142\" data-end=\"3160\">\n<p data-start=\"3144\" data-end=\"3160\">Grau m\u00e1ximo: 40%<\/p>\n<\/li>\n<\/ul>\n<p data-start=\"3162\" data-end=\"3258\">Mesmo com uso de <strong data-start=\"3179\" data-end=\"3187\">EPIs<\/strong>, a empresa pode ser obrigada a pagar, dependendo da avalia\u00e7\u00e3o t\u00e9cnica.<\/p>\n<h2 data-start=\"3260\" data-end=\"3307\"><strong data-start=\"3263\" data-end=\"3307\">Seguran\u00e7a no trabalho \u00e9 dever da empresa<\/strong><\/h2>\n<p data-start=\"3309\" data-end=\"3333\">A empresa deve garantir:<\/p>\n<ul data-start=\"3335\" data-end=\"3484\">\n<li data-start=\"3335\" data-end=\"3395\">\n<p data-start=\"3337\" data-end=\"3395\">Fornecimento de <strong data-start=\"3353\" data-end=\"3361\">EPIs<\/strong> (luvas, botas, m\u00e1scara, \u00f3culos)<\/p>\n<\/li>\n<li data-start=\"3396\" data-end=\"3446\">\n<p data-start=\"3398\" data-end=\"3446\">Treinamentos sobre riscos e primeiros socorros<\/p>\n<\/li>\n<li data-start=\"3447\" data-end=\"3484\">\n<p data-start=\"3449\" data-end=\"3484\">Orienta\u00e7\u00f5es sobre produtos qu\u00edmicos<\/p>\n<\/li>\n<\/ul>\n<h2 data-start=\"3486\" data-end=\"3525\"><strong data-start=\"3489\" data-end=\"3525\">Rescis\u00e3o do contrato de trabalho<\/strong><\/h2>\n<h3 data-start=\"3527\" data-end=\"3562\"><strong data-start=\"3531\" data-end=\"3562\">1. Demiss\u00e3o sem justa causa<\/strong><\/h3>\n<p data-start=\"3564\" data-end=\"3584\">Direitos garantidos:<\/p>\n<ul data-start=\"3586\" data-end=\"3699\">\n<li data-start=\"3586\" data-end=\"3602\">\n<p data-start=\"3588\" data-end=\"3602\">Aviso pr\u00e9vio<\/p>\n<\/li>\n<li data-start=\"3603\" data-end=\"3619\">\n<p data-start=\"3605\" data-end=\"3619\">F\u00e9rias + 1\/3<\/p>\n<\/li>\n<li data-start=\"3620\" data-end=\"3640\">\n<p data-start=\"3622\" data-end=\"3640\">13\u00ba proporcional<\/p>\n<\/li>\n<li data-start=\"3641\" data-end=\"3665\">\n<p data-start=\"3643\" data-end=\"3665\">Multa de 40% do FGTS<\/p>\n<\/li>\n<li data-start=\"3666\" data-end=\"3699\">\n<p data-start=\"3668\" data-end=\"3699\">Seguro-desemprego (se eleg\u00edvel)<\/p>\n<\/li>\n<\/ul>\n<h3 data-start=\"3701\" data-end=\"3723\"><strong data-start=\"3705\" data-end=\"3723\">2. Justa causa<\/strong><\/h3>\n<p data-start=\"3725\" data-end=\"3762\">Voc\u00ea <strong data-start=\"3730\" data-end=\"3755\">perde alguns direitos<\/strong>, como:<\/p>\n<ul data-start=\"3764\" data-end=\"3800\">\n<li data-start=\"3764\" data-end=\"3780\">\n<p data-start=\"3766\" data-end=\"3780\">FGTS + multa<\/p>\n<\/li>\n<li data-start=\"3781\" data-end=\"3800\">\n<p data-start=\"3783\" data-end=\"3800\">Seguro-desemprego<\/p>\n<\/li>\n<\/ul>\n<p data-start=\"3802\" data-end=\"3851\">S\u00f3 \u00e9 v\u00e1lida se houver <strong data-start=\"3824\" data-end=\"3850\">falta grave comprovada<\/strong>.<\/p>\n<h3 data-start=\"3853\" data-end=\"3882\"><strong data-start=\"3857\" data-end=\"3882\">3. Pedido de demiss\u00e3o<\/strong><\/h3>\n<p data-start=\"3884\" data-end=\"3891\">Recebe:<\/p>\n<ul data-start=\"3893\" data-end=\"3936\">\n<li data-start=\"3893\" data-end=\"3917\">\n<p data-start=\"3895\" data-end=\"3917\">F\u00e9rias proporcionais<\/p>\n<\/li>\n<li data-start=\"3918\" data-end=\"3936\">\n<p data-start=\"3920\" data-end=\"3936\">13\u00ba proporcional<\/p>\n<\/li>\n<\/ul>\n<p data-start=\"3938\" data-end=\"4000\">Mas <strong data-start=\"3942\" data-end=\"3951\">perde<\/strong> o acesso ao seguro-desemprego e \u00e0 multa do FGTS.<\/p>\n<p data-start=\"3938\" data-end=\"4000\"><a class=\"cursor-pointer\" href=\"https:\/\/carvalhoadvogado.aliamkt.com\/index.php\/2025\/02\/13\/salario-nao-caiu-saiba-como-cobrar-e-garantir-seus-direitos-trabalhistas\/\" target=\"_new\" rel=\"noopener\" data-start=\"4005\" data-end=\"4188\">Veja: O que fazer se o sal\u00e1rio n\u00e3o cair na conta<\/a><\/p>\n<h2 data-start=\"4190\" data-end=\"4231\"><strong data-start=\"4193\" data-end=\"4231\">FGTS, f\u00e9rias e 13\u00ba: como funcionam<\/strong><\/h2>\n<ul data-start=\"4233\" data-end=\"4408\">\n<li data-start=\"4233\" data-end=\"4289\">\n<p data-start=\"4235\" data-end=\"4289\"><strong data-start=\"4235\" data-end=\"4243\">FGTS<\/strong>: dep\u00f3sito mensal de 8% em conta no seu nome<\/p>\n<\/li>\n<li data-start=\"4290\" data-end=\"4351\">\n<p data-start=\"4292\" data-end=\"4351\"><strong data-start=\"4292\" data-end=\"4302\">F\u00e9rias<\/strong>: ap\u00f3s 12 meses, 30 dias de descanso remunerado<\/p>\n<\/li>\n<li data-start=\"4352\" data-end=\"4408\">\n<p data-start=\"4354\" data-end=\"4408\"><strong data-start=\"4354\" data-end=\"4361\">13\u00ba<\/strong>: valor proporcional ao tempo de servi\u00e7o no ano<\/p>\n<\/li>\n<\/ul>\n<h2 data-start=\"4410\" data-end=\"4451\"><strong data-start=\"4413\" data-end=\"4451\">Vale-transporte e vale-alimenta\u00e7\u00e3o<\/strong><\/h2>\n<h3 data-start=\"4453\" data-end=\"4476\"><strong data-start=\"4457\" data-end=\"4476\">Vale-transporte<\/strong><\/h3>\n<p data-start=\"4478\" data-end=\"4540\">Obrigat\u00f3rio por lei, com desconto m\u00e1ximo de <strong data-start=\"4522\" data-end=\"4528\">6%<\/strong> no sal\u00e1rio.<\/p>\n<h3 data-start=\"4542\" data-end=\"4566\"><strong data-start=\"4546\" data-end=\"4566\">Vale-alimenta\u00e7\u00e3o<\/strong><\/h3>\n<p data-start=\"4568\" data-end=\"4667\"><strong data-start=\"4568\" data-end=\"4589\">N\u00e3o \u00e9 obrigat\u00f3rio<\/strong>, mas pode ser previsto em conven\u00e7\u00e3o ou oferecido pela empresa como benef\u00edcio.<\/p>\n<h2 data-start=\"4669\" data-end=\"4704\"><strong data-start=\"4672\" data-end=\"4704\">Como garantir seus direitos?<\/strong><\/h2>\n<ul data-start=\"4706\" data-end=\"4909\">\n<li data-start=\"4706\" data-end=\"4734\">\n<p data-start=\"4708\" data-end=\"4734\">Guarde <strong data-start=\"4715\" data-end=\"4732\">contracheques<\/strong><\/p>\n<\/li>\n<li data-start=\"4735\" data-end=\"4775\">\n<p data-start=\"4737\" data-end=\"4775\">Registre informalmente seus hor\u00e1rios<\/p>\n<\/li>\n<li data-start=\"4776\" data-end=\"4821\">\n<p data-start=\"4778\" data-end=\"4821\">Converse com colegas e busque o sindicato<\/p>\n<\/li>\n<li data-start=\"4822\" data-end=\"4867\">\n<p data-start=\"4824\" data-end=\"4867\">Denuncie abusos ao Minist\u00e9rio do Trabalho<\/p>\n<\/li>\n<li data-start=\"4868\" data-end=\"4909\">\n<p data-start=\"4870\" data-end=\"4909\">Consulte um advogado em caso de d\u00favidas<\/p>\n<\/li>\n<\/ul>\n<h2 data-start=\"4911\" data-end=\"4927\"><strong data-start=\"4914\" data-end=\"4927\">Conclus\u00e3o<\/strong><\/h2>\n<p data-start=\"4929\" data-end=\"5109\">O auxiliar de servi\u00e7os gerais \u00e9 essencial para o bom funcionamento de empresas e institui\u00e7\u00f5es. Conhecer seus direitos \u00e9 fundamental para evitar abusos e garantir um trabalho digno.<\/p>\n<p data-start=\"5111\" data-end=\"5238\">Se voc\u00ea atua nessa \u00e1rea, saiba que a <strong data-start=\"5148\" data-end=\"5172\">lei est\u00e1 ao seu lado<\/strong>. E se a empresa n\u00e3o cumpre com as obriga\u00e7\u00f5es, voc\u00ea pode recorrer!<\/p>\n<h2 data-start=\"5240\" data-end=\"5273\"><strong data-start=\"5243\" data-end=\"5273\">FAQ \u2013 Perguntas Frequentes<\/strong><\/h2>\n<p data-start=\"5275\" data-end=\"5412\"><strong data-start=\"5275\" data-end=\"5330\">1. O ASG tem direito ao adicional de insalubridade?<\/strong><br data-start=\"5330\" data-end=\"5333\" \/>Sim, se atuar em ambientes insalubres como banheiros ou res\u00edduos contaminantes.<\/p>\n<p data-start=\"5414\" data-end=\"5493\"><strong data-start=\"5414\" data-end=\"5458\">2. Quantas horas pode trabalhar por dia?<\/strong><br data-start=\"5458\" data-end=\"5461\" \/>At\u00e9 8h por dia e 44h por semana.<\/p>\n<p data-start=\"5495\" data-end=\"5582\"><strong data-start=\"5495\" data-end=\"5534\">3. O vale-transporte \u00e9 obrigat\u00f3rio?<\/strong><br data-start=\"5534\" data-end=\"5537\" \/>Sim, com desconto de no m\u00e1ximo 6% no sal\u00e1rio.<\/p>\n<p data-start=\"5584\" data-end=\"5722\"><strong data-start=\"5584\" data-end=\"5636\">4. O que recebo se for demitido sem justa causa?<\/strong><br data-start=\"5636\" data-end=\"5639\" \/>Aviso pr\u00e9vio, f\u00e9rias, 13\u00ba, FGTS e multa de 40%, al\u00e9m de poss\u00edvel seguro-desemprego.<\/p>\n<p data-start=\"5724\" data-end=\"5846\"><strong data-start=\"5724\" data-end=\"5776\">5. O que fazer se meus direitos n\u00e3o forem pagos?<\/strong><br data-start=\"5776\" data-end=\"5779\" \/>Procure orienta\u00e7\u00e3o jur\u00eddica, sindicato ou o Minist\u00e9rio do Trabalho.<\/p>\n<hr data-start=\"5848\" data-end=\"5851\" \/>\n<p data-start=\"5853\" data-end=\"6012\"><strong data-start=\"5853\" data-end=\"5899\">Fale com o Dr. Pedro Carvalho agora mesmo!<\/strong><br data-start=\"5899\" data-end=\"5902\" \/>Clique no bot\u00e3o abaixo e receba orienta\u00e7\u00e3o personalizada sobre seus direitos como auxiliar de servi\u00e7os gerais.<\/p>\n<p data-start=\"6050\" data-end=\"6134\">Siga no Instagram: <strong data-start=\"6069\" data-end=\"6134\"><a class=\"\" href=\"https:\/\/instagram.com\/pedroncarvalhoadv\" target=\"_new\" rel=\"noopener\" data-start=\"6071\" data-end=\"6132\">@pedroncarvalhoadv<\/a><\/strong><\/p>\n","protected":false},"excerpt":{"rendered":"<p>Voc\u00ea \u00e9 auxiliar de servi\u00e7os gerais ou est\u00e1 pensando em entrar na \u00e1rea? Ent\u00e3o, este artigo \u00e9 para voc\u00ea! Aqui, vamos explicar de forma direta quais s\u00e3o os direitos trabalhistas do auxiliar de servi\u00e7os gerais (ASG), com base na legisla\u00e7\u00e3o atualizada. Tamb\u00e9m veja: Direitos do Operador de Caixa em 2025Motoboy tem direito a qu\u00ea? Descubra [&hellip;]<\/p>\n","protected":false},"author":1,"featured_media":654,"comment_status":"open","ping_status":"open","sticky":false,"template":"","format":"standard","meta":{"_joinchat":[],"footnotes":""},"categories":[6],"tags":[],"class_list":["post-653","post","type-post","status-publish","format-standard","has-post-thumbnail","hentry","category-direito-trabalhista"],"yoast_head":"<!-- This site is optimized with the Yoast SEO plugin v27.5 - https:\/\/yoast.com\/product\/yoast-seo-wordpress\/ -->\n<title>Auxiliar de Servi\u00e7os Gerais: Conhe\u00e7a os Seus Direitos em 2025<\/title>\n<meta name=\"description\" content=\"Trabalha como auxiliar de servi\u00e7os gerais? Descubra seus direitos garantidos por lei, como insalubridade, horas extras e mais. Atualizado 2025\" \/>\n<meta name=\"robots\" content=\"index, follow, max-snippet:-1, max-image-preview:large, max-video-preview:-1\" \/>\n<link rel=\"canonical\" href=\"https:\/\/carvalhoadvogado.aliamkt.com\/index.php\/2025\/01\/07\/direitos-trabalhistas-do-auxiliar-de-servicos-gerais\/\" \/>\n<meta property=\"og:locale\" content=\"pt_BR\" \/>\n<meta property=\"og:type\" content=\"article\" \/>\n<meta property=\"og:title\" content=\"Auxiliar de Servi\u00e7os Gerais: Conhe\u00e7a os Seus Direitos em 2025\" \/>\n<meta property=\"og:description\" content=\"Trabalha como auxiliar de servi\u00e7os gerais? Descubra seus direitos garantidos por lei, como insalubridade, horas extras e mais. Atualizado 2025\" \/>\n<meta property=\"og:url\" content=\"https:\/\/carvalhoadvogado.aliamkt.com\/index.php\/2025\/01\/07\/direitos-trabalhistas-do-auxiliar-de-servicos-gerais\/\" \/>\n<meta property=\"og:site_name\" content=\"Pedro Carvalho Advogado Trabalhista\" \/>\n<meta property=\"article:published_time\" content=\"2025-01-07T18:16:04+00:00\" \/>\n<meta property=\"article:modified_time\" content=\"2025-07-28T15:07:42+00:00\" \/>\n<meta property=\"og:image\" content=\"https:\/\/carvalhoadvogado.aliamkt.com\/wp-content\/uploads\/2025\/01\/advogado-trabalhista-1-1.png\" \/>\n\t<meta property=\"og:image:width\" content=\"1080\" \/>\n\t<meta property=\"og:image:height\" content=\"1350\" \/>\n\t<meta property=\"og:image:type\" content=\"image\/png\" \/>\n<meta name=\"author\" content=\"lailacarvalhoadv\" \/>\n<meta name=\"twitter:card\" content=\"summary_large_image\" \/>\n<meta name=\"twitter:label1\" content=\"Escrito por\" \/>\n\t<meta name=\"twitter:data1\" content=\"lailacarvalhoadv\" \/>\n\t<meta name=\"twitter:label2\" content=\"Est. tempo de leitura\" \/>\n\t<meta name=\"twitter:data2\" content=\"5 minutos\" \/>\n<script type=\"application\/ld+json\" class=\"yoast-schema-graph\">{\"@context\":\"https:\\\/\\\/schema.org\",\"@graph\":[{\"@type\":\"Article\",\"@id\":\"https:\\\/\\\/carvalhoadvogado.aliamkt.com\\\/index.php\\\/2025\\\/01\\\/07\\\/direitos-trabalhistas-do-auxiliar-de-servicos-gerais\\\/#article\",\"isPartOf\":{\"@id\":\"https:\\\/\\\/carvalhoadvogado.aliamkt.com\\\/index.php\\\/2025\\\/01\\\/07\\\/direitos-trabalhistas-do-auxiliar-de-servicos-gerais\\\/\"},\"author\":{\"name\":\"lailacarvalhoadv\",\"@id\":\"https:\\\/\\\/carvalhoadvogado.aliamkt.com\\\/#\\\/schema\\\/person\\\/8f4d67ba57d6160ee802836a319bd8eb\"},\"headline\":\"Auxiliar de Servi\u00e7os Gerais: Conhe\u00e7a os Seus Direitos em 2025\",\"datePublished\":\"2025-01-07T18:16:04+00:00\",\"dateModified\":\"2025-07-28T15:07:42+00:00\",\"mainEntityOfPage\":{\"@id\":\"https:\\\/\\\/carvalhoadvogado.aliamkt.com\\\/index.php\\\/2025\\\/01\\\/07\\\/direitos-trabalhistas-do-auxiliar-de-servicos-gerais\\\/\"},\"wordCount\":764,\"commentCount\":0,\"publisher\":{\"@id\":\"https:\\\/\\\/carvalhoadvogado.aliamkt.com\\\/#organization\"},\"image\":{\"@id\":\"https:\\\/\\\/carvalhoadvogado.aliamkt.com\\\/index.php\\\/2025\\\/01\\\/07\\\/direitos-trabalhistas-do-auxiliar-de-servicos-gerais\\\/#primaryimage\"},\"thumbnailUrl\":\"https:\\\/\\\/carvalhoadvogado.aliamkt.com\\\/wp-content\\\/uploads\\\/2025\\\/01\\\/advogado-trabalhista-1-1.png\",\"articleSection\":[\"Direito Trabalhista\"],\"inLanguage\":\"pt-BR\",\"potentialAction\":[{\"@type\":\"CommentAction\",\"name\":\"Comment\",\"target\":[\"https:\\\/\\\/carvalhoadvogado.aliamkt.com\\\/index.php\\\/2025\\\/01\\\/07\\\/direitos-trabalhistas-do-auxiliar-de-servicos-gerais\\\/#respond\"]}]},{\"@type\":\"WebPage\",\"@id\":\"https:\\\/\\\/carvalhoadvogado.aliamkt.com\\\/index.php\\\/2025\\\/01\\\/07\\\/direitos-trabalhistas-do-auxiliar-de-servicos-gerais\\\/\",\"url\":\"https:\\\/\\\/carvalhoadvogado.aliamkt.com\\\/index.php\\\/2025\\\/01\\\/07\\\/direitos-trabalhistas-do-auxiliar-de-servicos-gerais\\\/\",\"name\":\"Auxiliar de Servi\u00e7os Gerais: Conhe\u00e7a os Seus Direitos em 2025\",\"isPartOf\":{\"@id\":\"https:\\\/\\\/carvalhoadvogado.aliamkt.com\\\/#website\"},\"primaryImageOfPage\":{\"@id\":\"https:\\\/\\\/carvalhoadvogado.aliamkt.com\\\/index.php\\\/2025\\\/01\\\/07\\\/direitos-trabalhistas-do-auxiliar-de-servicos-gerais\\\/#primaryimage\"},\"image\":{\"@id\":\"https:\\\/\\\/carvalhoadvogado.aliamkt.com\\\/index.php\\\/2025\\\/01\\\/07\\\/direitos-trabalhistas-do-auxiliar-de-servicos-gerais\\\/#primaryimage\"},\"thumbnailUrl\":\"https:\\\/\\\/carvalhoadvogado.aliamkt.com\\\/wp-content\\\/uploads\\\/2025\\\/01\\\/advogado-trabalhista-1-1.png\",\"datePublished\":\"2025-01-07T18:16:04+00:00\",\"dateModified\":\"2025-07-28T15:07:42+00:00\",\"description\":\"Trabalha como auxiliar de servi\u00e7os gerais? Descubra seus direitos garantidos por lei, como insalubridade, horas extras e mais. Atualizado 2025\",\"breadcrumb\":{\"@id\":\"https:\\\/\\\/carvalhoadvogado.aliamkt.com\\\/index.php\\\/2025\\\/01\\\/07\\\/direitos-trabalhistas-do-auxiliar-de-servicos-gerais\\\/#breadcrumb\"},\"inLanguage\":\"pt-BR\",\"potentialAction\":[{\"@type\":\"ReadAction\",\"target\":[\"https:\\\/\\\/carvalhoadvogado.aliamkt.com\\\/index.php\\\/2025\\\/01\\\/07\\\/direitos-trabalhistas-do-auxiliar-de-servicos-gerais\\\/\"]}]},{\"@type\":\"ImageObject\",\"inLanguage\":\"pt-BR\",\"@id\":\"https:\\\/\\\/carvalhoadvogado.aliamkt.com\\\/index.php\\\/2025\\\/01\\\/07\\\/direitos-trabalhistas-do-auxiliar-de-servicos-gerais\\\/#primaryimage\",\"url\":\"https:\\\/\\\/carvalhoadvogado.aliamkt.com\\\/wp-content\\\/uploads\\\/2025\\\/01\\\/advogado-trabalhista-1-1.png\",\"contentUrl\":\"https:\\\/\\\/carvalhoadvogado.aliamkt.com\\\/wp-content\\\/uploads\\\/2025\\\/01\\\/advogado-trabalhista-1-1.png\",\"width\":1080,\"height\":1350},{\"@type\":\"BreadcrumbList\",\"@id\":\"https:\\\/\\\/carvalhoadvogado.aliamkt.com\\\/index.php\\\/2025\\\/01\\\/07\\\/direitos-trabalhistas-do-auxiliar-de-servicos-gerais\\\/#breadcrumb\",\"itemListElement\":[{\"@type\":\"ListItem\",\"position\":1,\"name\":\"In\u00edcio\",\"item\":\"https:\\\/\\\/carvalhoadvogado.aliamkt.com\\\/\"},{\"@type\":\"ListItem\",\"position\":2,\"name\":\"Auxiliar de Servi\u00e7os Gerais: Conhe\u00e7a os Seus Direitos em 2025\"}]},{\"@type\":\"WebSite\",\"@id\":\"https:\\\/\\\/carvalhoadvogado.aliamkt.com\\\/#website\",\"url\":\"https:\\\/\\\/carvalhoadvogado.aliamkt.com\\\/\",\"name\":\"Pedro Carvalho Advogado\",\"description\":\"Advogado Trabalhista\",\"publisher\":{\"@id\":\"https:\\\/\\\/carvalhoadvogado.aliamkt.com\\\/#organization\"},\"potentialAction\":[{\"@type\":\"SearchAction\",\"target\":{\"@type\":\"EntryPoint\",\"urlTemplate\":\"https:\\\/\\\/carvalhoadvogado.aliamkt.com\\\/?s={search_term_string}\"},\"query-input\":{\"@type\":\"PropertyValueSpecification\",\"valueRequired\":true,\"valueName\":\"search_term_string\"}}],\"inLanguage\":\"pt-BR\"},{\"@type\":\"Organization\",\"@id\":\"https:\\\/\\\/carvalhoadvogado.aliamkt.com\\\/#organization\",\"name\":\"Pedro Carvalho Advogado\",\"url\":\"https:\\\/\\\/carvalhoadvogado.aliamkt.com\\\/\",\"logo\":{\"@type\":\"ImageObject\",\"inLanguage\":\"pt-BR\",\"@id\":\"https:\\\/\\\/carvalhoadvogado.aliamkt.com\\\/#\\\/schema\\\/logo\\\/image\\\/\",\"url\":\"https:\\\/\\\/carvalhoadvogado.aliamkt.com\\\/wp-content\\\/uploads\\\/2024\\\/06\\\/Logo-azul.png\",\"contentUrl\":\"https:\\\/\\\/carvalhoadvogado.aliamkt.com\\\/wp-content\\\/uploads\\\/2024\\\/06\\\/Logo-azul.png\",\"width\":500,\"height\":500,\"caption\":\"Pedro Carvalho Advogado\"},\"image\":{\"@id\":\"https:\\\/\\\/carvalhoadvogado.aliamkt.com\\\/#\\\/schema\\\/logo\\\/image\\\/\"}},{\"@type\":\"Person\",\"@id\":\"https:\\\/\\\/carvalhoadvogado.aliamkt.com\\\/#\\\/schema\\\/person\\\/8f4d67ba57d6160ee802836a319bd8eb\",\"name\":\"lailacarvalhoadv\",\"image\":{\"@type\":\"ImageObject\",\"inLanguage\":\"pt-BR\",\"@id\":\"https:\\\/\\\/secure.gravatar.com\\\/avatar\\\/a60961139a792fb5ca701fab485f653a1b3cc37cf8dbd4937b4134105caf5369?s=96&d=mm&r=g\",\"url\":\"https:\\\/\\\/secure.gravatar.com\\\/avatar\\\/a60961139a792fb5ca701fab485f653a1b3cc37cf8dbd4937b4134105caf5369?s=96&d=mm&r=g\",\"contentUrl\":\"https:\\\/\\\/secure.gravatar.com\\\/avatar\\\/a60961139a792fb5ca701fab485f653a1b3cc37cf8dbd4937b4134105caf5369?s=96&d=mm&r=g\",\"caption\":\"lailacarvalhoadv\"},\"sameAs\":[\"https:\\\/\\\/carvalhoadvogado.aliamkt.com\"],\"url\":\"https:\\\/\\\/carvalhoadvogado.aliamkt.com\\\/index.php\\\/author\\\/lailacarvalhoadv\\\/\"}]}<\/script>\n<!-- \/ Yoast SEO plugin. -->","yoast_head_json":{"title":"Auxiliar de Servi\u00e7os Gerais: Conhe\u00e7a os Seus Direitos em 2025","description":"Trabalha como auxiliar de servi\u00e7os gerais? Descubra seus direitos garantidos por lei, como insalubridade, horas extras e mais. Atualizado 2025","robots":{"index":"index","follow":"follow","max-snippet":"max-snippet:-1","max-image-preview":"max-image-preview:large","max-video-preview":"max-video-preview:-1"},"canonical":"https:\/\/carvalhoadvogado.aliamkt.com\/index.php\/2025\/01\/07\/direitos-trabalhistas-do-auxiliar-de-servicos-gerais\/","og_locale":"pt_BR","og_type":"article","og_title":"Auxiliar de Servi\u00e7os Gerais: Conhe\u00e7a os Seus Direitos em 2025","og_description":"Trabalha como auxiliar de servi\u00e7os gerais? Descubra seus direitos garantidos por lei, como insalubridade, horas extras e mais. Atualizado 2025","og_url":"https:\/\/carvalhoadvogado.aliamkt.com\/index.php\/2025\/01\/07\/direitos-trabalhistas-do-auxiliar-de-servicos-gerais\/","og_site_name":"Pedro Carvalho Advogado Trabalhista","article_published_time":"2025-01-07T18:16:04+00:00","article_modified_time":"2025-07-28T15:07:42+00:00","og_image":[{"width":1080,"height":1350,"url":"https:\/\/carvalhoadvogado.aliamkt.com\/wp-content\/uploads\/2025\/01\/advogado-trabalhista-1-1.png","type":"image\/png"}],"author":"lailacarvalhoadv","twitter_card":"summary_large_image","twitter_misc":{"Escrito por":"lailacarvalhoadv","Est. tempo de leitura":"5 minutos"},"schema":{"@context":"https:\/\/schema.org","@graph":[{"@type":"Article","@id":"https:\/\/carvalhoadvogado.aliamkt.com\/index.php\/2025\/01\/07\/direitos-trabalhistas-do-auxiliar-de-servicos-gerais\/#article","isPartOf":{"@id":"https:\/\/carvalhoadvogado.aliamkt.com\/index.php\/2025\/01\/07\/direitos-trabalhistas-do-auxiliar-de-servicos-gerais\/"},"author":{"name":"lailacarvalhoadv","@id":"https:\/\/carvalhoadvogado.aliamkt.com\/#\/schema\/person\/8f4d67ba57d6160ee802836a319bd8eb"},"headline":"Auxiliar de Servi\u00e7os Gerais: Conhe\u00e7a os Seus Direitos em 2025","datePublished":"2025-01-07T18:16:04+00:00","dateModified":"2025-07-28T15:07:42+00:00","mainEntityOfPage":{"@id":"https:\/\/carvalhoadvogado.aliamkt.com\/index.php\/2025\/01\/07\/direitos-trabalhistas-do-auxiliar-de-servicos-gerais\/"},"wordCount":764,"commentCount":0,"publisher":{"@id":"https:\/\/carvalhoadvogado.aliamkt.com\/#organization"},"image":{"@id":"https:\/\/carvalhoadvogado.aliamkt.com\/index.php\/2025\/01\/07\/direitos-trabalhistas-do-auxiliar-de-servicos-gerais\/#primaryimage"},"thumbnailUrl":"https:\/\/carvalhoadvogado.aliamkt.com\/wp-content\/uploads\/2025\/01\/advogado-trabalhista-1-1.png","articleSection":["Direito Trabalhista"],"inLanguage":"pt-BR","potentialAction":[{"@type":"CommentAction","name":"Comment","target":["https:\/\/carvalhoadvogado.aliamkt.com\/index.php\/2025\/01\/07\/direitos-trabalhistas-do-auxiliar-de-servicos-gerais\/#respond"]}]},{"@type":"WebPage","@id":"https:\/\/carvalhoadvogado.aliamkt.com\/index.php\/2025\/01\/07\/direitos-trabalhistas-do-auxiliar-de-servicos-gerais\/","url":"https:\/\/carvalhoadvogado.aliamkt.com\/index.php\/2025\/01\/07\/direitos-trabalhistas-do-auxiliar-de-servicos-gerais\/","name":"Auxiliar de Servi\u00e7os Gerais: Conhe\u00e7a os Seus Direitos em 2025","isPartOf":{"@id":"https:\/\/carvalhoadvogado.aliamkt.com\/#website"},"primaryImageOfPage":{"@id":"https:\/\/carvalhoadvogado.aliamkt.com\/index.php\/2025\/01\/07\/direitos-trabalhistas-do-auxiliar-de-servicos-gerais\/#primaryimage"},"image":{"@id":"https:\/\/carvalhoadvogado.aliamkt.com\/index.php\/2025\/01\/07\/direitos-trabalhistas-do-auxiliar-de-servicos-gerais\/#primaryimage"},"thumbnailUrl":"https:\/\/carvalhoadvogado.aliamkt.com\/wp-content\/uploads\/2025\/01\/advogado-trabalhista-1-1.png","datePublished":"2025-01-07T18:16:04+00:00","dateModified":"2025-07-28T15:07:42+00:00","description":"Trabalha como auxiliar de servi\u00e7os gerais? Descubra seus direitos garantidos por lei, como insalubridade, horas extras e mais. Atualizado 2025","breadcrumb":{"@id":"https:\/\/carvalhoadvogado.aliamkt.com\/index.php\/2025\/01\/07\/direitos-trabalhistas-do-auxiliar-de-servicos-gerais\/#breadcrumb"},"inLanguage":"pt-BR","potentialAction":[{"@type":"ReadAction","target":["https:\/\/carvalhoadvogado.aliamkt.com\/index.php\/2025\/01\/07\/direitos-trabalhistas-do-auxiliar-de-servicos-gerais\/"]}]},{"@type":"ImageObject","inLanguage":"pt-BR","@id":"https:\/\/carvalhoadvogado.aliamkt.com\/index.php\/2025\/01\/07\/direitos-trabalhistas-do-auxiliar-de-servicos-gerais\/#primaryimage","url":"https:\/\/carvalhoadvogado.aliamkt.com\/wp-content\/uploads\/2025\/01\/advogado-trabalhista-1-1.png","contentUrl":"https:\/\/carvalhoadvogado.aliamkt.com\/wp-content\/uploads\/2025\/01\/advogado-trabalhista-1-1.png","width":1080,"height":1350},{"@type":"BreadcrumbList","@id":"https:\/\/carvalhoadvogado.aliamkt.com\/index.php\/2025\/01\/07\/direitos-trabalhistas-do-auxiliar-de-servicos-gerais\/#breadcrumb","itemListElement":[{"@type":"ListItem","position":1,"name":"In\u00edcio","item":"https:\/\/carvalhoadvogado.aliamkt.com\/"},{"@type":"ListItem","position":2,"name":"Auxiliar de Servi\u00e7os Gerais: Conhe\u00e7a os Seus Direitos em 2025"}]},{"@type":"WebSite","@id":"https:\/\/carvalhoadvogado.aliamkt.com\/#website","url":"https:\/\/carvalhoadvogado.aliamkt.com\/","name":"Pedro Carvalho Advogado","description":"Advogado Trabalhista","publisher":{"@id":"https:\/\/carvalhoadvogado.aliamkt.com\/#organization"},"potentialAction":[{"@type":"SearchAction","target":{"@type":"EntryPoint","urlTemplate":"https:\/\/carvalhoadvogado.aliamkt.com\/?s={search_term_string}"},"query-input":{"@type":"PropertyValueSpecification","valueRequired":true,"valueName":"search_term_string"}}],"inLanguage":"pt-BR"},{"@type":"Organization","@id":"https:\/\/carvalhoadvogado.aliamkt.com\/#organization","name":"Pedro Carvalho Advogado","url":"https:\/\/carvalhoadvogado.aliamkt.com\/","logo":{"@type":"ImageObject","inLanguage":"pt-BR","@id":"https:\/\/carvalhoadvogado.aliamkt.com\/#\/schema\/logo\/image\/","url":"https:\/\/carvalhoadvogado.aliamkt.com\/wp-content\/uploads\/2024\/06\/Logo-azul.png","contentUrl":"https:\/\/carvalhoadvogado.aliamkt.com\/wp-content\/uploads\/2024\/06\/Logo-azul.png","width":500,"height":500,"caption":"Pedro Carvalho Advogado"},"image":{"@id":"https:\/\/carvalhoadvogado.aliamkt.com\/#\/schema\/logo\/image\/"}},{"@type":"Person","@id":"https:\/\/carvalhoadvogado.aliamkt.com\/#\/schema\/person\/8f4d67ba57d6160ee802836a319bd8eb","name":"lailacarvalhoadv","image":{"@type":"ImageObject","inLanguage":"pt-BR","@id":"https:\/\/secure.gravatar.com\/avatar\/a60961139a792fb5ca701fab485f653a1b3cc37cf8dbd4937b4134105caf5369?s=96&d=mm&r=g","url":"https:\/\/secure.gravatar.com\/avatar\/a60961139a792fb5ca701fab485f653a1b3cc37cf8dbd4937b4134105caf5369?s=96&d=mm&r=g","contentUrl":"https:\/\/secure.gravatar.com\/avatar\/a60961139a792fb5ca701fab485f653a1b3cc37cf8dbd4937b4134105caf5369?s=96&d=mm&r=g","caption":"lailacarvalhoadv"},"sameAs":["https:\/\/carvalhoadvogado.aliamkt.com"],"url":"https:\/\/carvalhoadvogado.aliamkt.com\/index.php\/author\/lailacarvalhoadv\/"}]}},"_links":{"self":[{"href":"https:\/\/carvalhoadvogado.aliamkt.com\/index.php\/wp-json\/wp\/v2\/posts\/653","targetHints":{"allow":["GET"]}}],"collection":[{"href":"https:\/\/carvalhoadvogado.aliamkt.com\/index.php\/wp-json\/wp\/v2\/posts"}],"about":[{"href":"https:\/\/carvalhoadvogado.aliamkt.com\/index.php\/wp-json\/wp\/v2\/types\/post"}],"author":[{"embeddable":true,"href":"https:\/\/carvalhoadvogado.aliamkt.com\/index.php\/wp-json\/wp\/v2\/users\/1"}],"replies":[{"embeddable":true,"href":"https:\/\/carvalhoadvogado.aliamkt.com\/index.php\/wp-json\/wp\/v2\/comments?post=653"}],"version-history":[{"count":6,"href":"https:\/\/carvalhoadvogado.aliamkt.com\/index.php\/wp-json\/wp\/v2\/posts\/653\/revisions"}],"predecessor-version":[{"id":895,"href":"https:\/\/carvalhoadvogado.aliamkt.com\/index.php\/wp-json\/wp\/v2\/posts\/653\/revisions\/895"}],"wp:featuredmedia":[{"embeddable":true,"href":"https:\/\/carvalhoadvogado.aliamkt.com\/index.php\/wp-json\/wp\/v2\/media\/654"}],"wp:attachment":[{"href":"https:\/\/carvalhoadvogado.aliamkt.com\/index.php\/wp-json\/wp\/v2\/media?parent=653"}],"wp:term":[{"taxonomy":"category","embeddable":true,"href":"https:\/\/carvalhoadvogado.aliamkt.com\/index.php\/wp-json\/wp\/v2\/categories?post=653"},{"taxonomy":"post_tag","embeddable":true,"href":"https:\/\/carvalhoadvogado.aliamkt.com\/index.php\/wp-json\/wp\/v2\/tags?post=653"}],"curies":[{"name":"wp","href":"https:\/\/api.w.org\/{rel}","templated":true}]}}