{"id":658,"date":"2025-01-10T15:26:00","date_gmt":"2025-01-10T18:26:00","guid":{"rendered":"https:\/\/carvalhoadvogado.aliamkt.com\/?p=658"},"modified":"2025-07-28T11:16:39","modified_gmt":"2025-07-28T14:16:39","slug":"guia-do-motoboy-2025-direitos-trabalhistas-e-dicas-essenciais","status":"publish","type":"post","link":"https:\/\/carvalhoadvogado.aliamkt.com\/index.php\/2025\/01\/10\/guia-do-motoboy-2025-direitos-trabalhistas-e-dicas-essenciais\/","title":{"rendered":"Direitos do Motoboy em 2025: Saiba o que a Lei Garante a Voc\u00ea"},"content":{"rendered":"<p><span style=\"font-weight: 400;\">Descubra tudo sobre seus direitos como motoboy e garanta que voc\u00ea est\u00e1 recebendo o que te pertence por lei!<\/span><\/p>\n<p>&nbsp;<\/p>\n<p><span style=\"font-weight: 400;\">A vida de um motoboy \u00e9 cheia de desafios. Afinal, enfrentar o tr\u00e2nsito, cumprir prazos apertados e garantir a seguran\u00e7a das entregas exige muita habilidade e dedica\u00e7\u00e3o. Mas, al\u00e9m dos desafios do dia a dia, \u00e9 fundamental que voc\u00ea, motoboy, conhe\u00e7a seus <\/span><a href=\"https:\/\/carvalhoadvogado.aliamkt.com\/index.php\/2025\/01\/07\/direitos-trabalhistas-do-auxiliar-de-servicos-gerais\/\"><b>direitos trabalhistas<\/b><\/a><span style=\"font-weight: 400;\"> para garantir uma remunera\u00e7\u00e3o justa e condi\u00e7\u00f5es de trabalho adequadas.<\/span><\/p>\n<p>&nbsp;<\/p>\n<p><span style=\"font-weight: 400;\">A legisla\u00e7\u00e3o trabalhista brasileira garante uma s\u00e9rie de direitos aos motoboys, com o objetivo de proteger essa categoria profissional e assegurar condi\u00e7\u00f5es de trabalho justas e seguras.<\/span><\/p>\n<p>&nbsp;<\/p>\n<h2><span style=\"font-weight: 400;\">Direitos b\u00e1sicos garantidos pela CLT:<\/span><\/h2>\n<p>&nbsp;<\/p>\n<p><span style=\"font-weight: 400;\">A Consolida\u00e7\u00e3o das Leis do Trabalho (CLT) garante os seus <\/span><b>direitos<\/b><span style=\"font-weight: 400;\"> como <\/span><b>motoboy<\/b><span style=\"font-weight: 400;\">. Estabelece uma s\u00e9rie de normas que regem as rela\u00e7\u00f5es de <\/span><b>trabalho<\/b><span style=\"font-weight: 400;\"> e assegura condi\u00e7\u00f5es m\u00ednimas para o exerc\u00edcio da sua <\/span><b>profiss\u00e3o<\/b><span style=\"font-weight: 400;\">. <\/span><b>Conhecer<\/b><span style=\"font-weight: 400;\"> esses <\/span><b>direitos<\/b><span style=\"font-weight: 400;\"> \u00e9 essencial para garantir que voc\u00ea receba um tratamento justo e legal.<\/span><\/p>\n<ul>\n<li style=\"font-weight: 400;\" aria-level=\"1\">\n<h5><b>Sal\u00e1rio m\u00ednimo:<\/b><span style=\"font-weight: 400;\"> A CLT garante que todo trabalhador, incluindo os <\/span><b>motoboys<\/b><span style=\"font-weight: 400;\">, receba pelo menos o <\/span><b>sal\u00e1rio m\u00ednimo<\/b><span style=\"font-weight: 400;\"> nacional. <\/span><b>Aten\u00e7\u00e3o!<\/b><span style=\"font-weight: 400;\"> Em algumas cidades, a <\/span><b>conven\u00e7\u00e3o coletiva<\/b><span style=\"font-weight: 400;\"> ou o <\/span><b>acordo sindical<\/b><span style=\"font-weight: 400;\"> podem definir um <\/span><b>piso salarial<\/b><span style=\"font-weight: 400;\"> maior para a categoria. <\/span><b>Pesquise<\/b><span style=\"font-weight: 400;\"> e compare o que \u00e9 mais vantajoso para voc\u00ea.<\/span><\/h5>\n<p>&nbsp;<\/li>\n<li style=\"font-weight: 400;\" aria-level=\"1\">\n<h5><b>Jornada de trabalho:<\/b><span style=\"font-weight: 400;\"> A CLT tamb\u00e9m regulamenta as suas horas de <\/span><b>trabalho<\/b><span style=\"font-weight: 400;\">. A jornada legal m\u00e1xima \u00e9 de 8 horas di\u00e1rias e 44 horas semanais. <\/span><b>Ultrapassar<\/b><span style=\"font-weight: 400;\"> esse limite garante o <\/span><b>direito<\/b><span style=\"font-weight: 400;\"> a receber <\/span><b>horas extras<\/b><span style=\"font-weight: 400;\">. Organizar as suas horas de <\/span><b>trabalho<\/b><span style=\"font-weight: 400;\"> \u00e9 fundamental para garantir a sua sa\u00fade e seguran\u00e7a.<\/span><\/h5>\n<p>&nbsp;<\/li>\n<li style=\"font-weight: 400;\" aria-level=\"1\">\n<h5><b>Horas extras:<\/b><span style=\"font-weight: 400;\"> Se voc\u00ea <\/span><b>trabalhar<\/b><span style=\"font-weight: 400;\"> al\u00e9m da sua jornada normal, a CLT garante o <\/span><b>direito<\/b><span style=\"font-weight: 400;\"> ao pagamento de <\/span><b>horas extras<\/b><span style=\"font-weight: 400;\">. <\/span><b>A cada hora extra trabalhada, voc\u00ea deve receber<\/b><span style=\"font-weight: 400;\">, no m\u00ednimo, 50% a mais do que o valor da sua hora normal. <\/span><b>Fique atento<\/b><span style=\"font-weight: 400;\"> aos seus hor\u00e1rios e exija o pagamento correto das suas <\/span><b>horas extras<\/b><span style=\"font-weight: 400;\">!<\/span><\/h5>\n<p>&nbsp;<\/li>\n<li style=\"font-weight: 400;\" aria-level=\"1\">\n<h5><b>Adicional noturno:<\/b> <b>Trabalhar<\/b><span style=\"font-weight: 400;\"> \u00e0 noite exige um esfor\u00e7o maior. Por isso, a CLT garante o <\/span><b>direito<\/b><span style=\"font-weight: 400;\"> ao <\/span><b>adicional noturno<\/b><span style=\"font-weight: 400;\"> para quem <\/span><b>trabalha<\/b><span style=\"font-weight: 400;\"> entre 22h e 5h. <\/span><b>Esse adicional corresponde<\/b><span style=\"font-weight: 400;\"> a 20% a mais sobre o valor da sua hora normal. <\/span><b>Se voc\u00ea trabalha<\/b><span style=\"font-weight: 400;\"> nesse per\u00edodo, lembre-se de que tem <\/span><b>direito<\/b><span style=\"font-weight: 400;\"> a essa remunera\u00e7\u00e3o extra.<\/span><\/h5>\n<p>&nbsp;<\/li>\n<li style=\"font-weight: 400;\" aria-level=\"1\">\n<h5><b>Descanso:<\/b><span style=\"font-weight: 400;\"> A CLT tamb\u00e9m se preocupa com o seu descanso e bem-estar. <\/span><b>Voc\u00ea tem direito<\/b><span style=\"font-weight: 400;\"> a, pelo menos, 24 horas consecutivas de descanso por semana, al\u00e9m de um intervalo para refei\u00e7\u00e3o e descanso durante a jornada de <\/span><b>trabalho<\/b><span style=\"font-weight: 400;\">. <\/span><b>Respeitar<\/b><span style=\"font-weight: 400;\"> esses per\u00edodos de descanso \u00e9 essencial para a sua sa\u00fade f\u00edsica e mental.<\/span><\/h5>\n<p>&nbsp;<\/li>\n<li style=\"font-weight: 400;\" aria-level=\"1\">\n<h5><b>F\u00e9rias e 13\u00ba sal\u00e1rio:<\/b><span style=\"font-weight: 400;\"> Ap\u00f3s um ano de <\/span><b>trabalho<\/b><span style=\"font-weight: 400;\">, voc\u00ea tem <\/span><b>direito<\/b><span style=\"font-weight: 400;\"> a 30 dias de <\/span><b>f\u00e9rias<\/b><span style=\"font-weight: 400;\"> remuneradas, com acr\u00e9scimo de 1\/3 do seu <\/span><b>sal\u00e1rio<\/b><span style=\"font-weight: 400;\">. <\/span><b>Al\u00e9m disso, a CLT garante<\/b><span style=\"font-weight: 400;\"> o pagamento do <\/span><b>13\u00ba sal\u00e1rio<\/b><span style=\"font-weight: 400;\">, uma gratifica\u00e7\u00e3o natalina que corresponde a um sal\u00e1rio extra, pago em duas parcelas. Esses <\/span><b>direitos<\/b><span style=\"font-weight: 400;\"> s\u00e3o importantes para o seu planejamento financeiro e momentos de lazer.<\/span><\/h5>\n<\/li>\n<li style=\"font-weight: 400;\" aria-level=\"1\">\n<h5><b>Repouso semanal remunerado (DSR):<\/b><span style=\"font-weight: 400;\"> Voc\u00ea tem direito a, pelo menos, um dia de descanso por semana, preferencialmente aos domingos.<\/span><\/h5>\n<\/li>\n<li style=\"font-weight: 400;\" aria-level=\"1\">\n<h5><b>FGTS:<\/b><span style=\"font-weight: 400;\"> Se voc\u00ea trabalha com carteira assinada, a empresa deve depositar mensalmente 8% do seu sal\u00e1rio no Fundo de Garantia por Tempo de Servi\u00e7o (FGTS).<\/span><\/h5>\n<\/li>\n<li style=\"font-weight: 400;\" aria-level=\"1\">\n<h5><b>Vale-transporte:<\/b><span style=\"font-weight: 400;\"> A empresa deve fornecer vale-transporte para cobrir suas despesas com o deslocamento entre sua casa e o trabalho.<\/span><\/h5>\n<\/li>\n<\/ul>\n<p>&nbsp;<\/p>\n<h2><span style=\"font-weight: 400;\">Direitos espec\u00edficos dos motoboys:<\/span><\/h2>\n<p>&nbsp;<\/p>\n<p><span style=\"font-weight: 400;\">Al\u00e9m dos direitos b\u00e1sicos garantidos pela CLT, os <\/span><b>motoboys<\/b><span style=\"font-weight: 400;\"> possuem <\/span><b>direitos espec\u00edficos<\/b><span style=\"font-weight: 400;\"> que visam proteger a sa\u00fade e a seguran\u00e7a no <\/span><b>trabalho<\/b><span style=\"font-weight: 400;\">, bem como garantir condi\u00e7\u00f5es mais justas para o exerc\u00edcio da <\/span><b>profiss\u00e3o<\/b><span style=\"font-weight: 400;\">. Contudo, conhecer esses direitos \u00e9 fundamental para que voc\u00ea possa trabalhar com mais seguran\u00e7a e tranquilidade.<\/span><\/p>\n<ul>\n<li style=\"font-weight: 400;\" aria-level=\"1\">\n<h5><b>Adicional de periculosidade:<\/b><span style=\"font-weight: 400;\"> Primeiramente, \u00e9 importante destacar que a atividade de <\/span><b>motoboy<\/b><span style=\"font-weight: 400;\"> \u00e9 considerada perigosa, devido aos riscos inerentes ao tr\u00e2nsito. Por essa raz\u00e3o, a lei garante o <\/span><b>direito<\/b><span style=\"font-weight: 400;\"> ao <\/span><b>adicional de periculosidade<\/b><span style=\"font-weight: 400;\">, que corresponde a 30% do seu <\/span><b>sal\u00e1rio<\/b><span style=\"font-weight: 400;\"> base. Sendo assim, exija esse adicional, que serve como compensa\u00e7\u00e3o pelo risco que voc\u00ea corre diariamente.<\/span><\/h5>\n<p>&nbsp;<\/li>\n<li style=\"font-weight: 400;\" aria-level=\"1\">\n<h5><b>Equipamentos de Prote\u00e7\u00e3o Individual (EPIs):<\/b><span style=\"font-weight: 400;\"> Em segundo lugar, para garantir a sua seguran\u00e7a, a empresa \u00e9 obrigada a fornecer gratuitamente os <\/span><b>EPIs<\/b><span style=\"font-weight: 400;\"> necess\u00e1rios para a realiza\u00e7\u00e3o do seu <\/span><b>trabalho<\/b><span style=\"font-weight: 400;\">. A saber, capacete, luvas, jaqueta com faixas refletivas e cal\u00e7ado adequado s\u00e3o alguns dos equipamentos que voc\u00ea deve receber. Sobretudo, nunca trabalhe sem os seus EPIs! Eles s\u00e3o essenciais para a sua prote\u00e7\u00e3o.<\/span><\/h5>\n<p>&nbsp;<\/li>\n<li style=\"font-weight: 400;\" aria-level=\"1\">\n<h5><b>Manuten\u00e7\u00e3o da motocicleta:<\/b><span style=\"font-weight: 400;\"> Ademais, a responsabilidade pela manuten\u00e7\u00e3o da <\/span><b>motocicleta<\/b><span style=\"font-weight: 400;\"> utilizada no <\/span><b>trabalho<\/b><span style=\"font-weight: 400;\"> \u00e9 da empresa. Isso significa que revis\u00f5es peri\u00f3dicas, troca de pe\u00e7as, pneus e tudo o que for necess\u00e1rio para garantir o bom funcionamento e a seguran\u00e7a do ve\u00edculo s\u00e3o de responsabilidade do empregador. Nesse sentido, n\u00e3o aceite trabalhar com uma moto em mau estado de conserva\u00e7\u00e3o.<\/span><\/h5>\n<p>&nbsp;<\/li>\n<li style=\"font-weight: 400;\" aria-level=\"1\">\n<h5><b>Seguro de vida:<\/b><span style=\"font-weight: 400;\"> Al\u00e9m disso, em muitas conven\u00e7\u00f5es coletivas, a contrata\u00e7\u00e3o de um <\/span><b>seguro de vida<\/b><span style=\"font-weight: 400;\"> para o <\/span><b>motoboy<\/b><span style=\"font-weight: 400;\"> \u00e9 um <\/span><b>direito<\/b><span style=\"font-weight: 400;\"> garantido. Em suma, esse seguro oferece prote\u00e7\u00e3o financeira para voc\u00ea e sua fam\u00edlia em caso de acidentes ou falecimento. Portanto, verifique se a sua conven\u00e7\u00e3o coletiva prev\u00ea esse direito e busque informa\u00e7\u00f5es sobre como ele funciona.<\/span><\/h5>\n<p>&nbsp;<\/li>\n<li style=\"font-weight: 400;\" aria-level=\"1\">\n<h5><b>Aux\u00edlio-doen\u00e7a e aux\u00edlio-acidente:<\/b><span style=\"font-weight: 400;\"> Por outro lado, em caso de afastamento do <\/span><b>trabalho<\/b><span style=\"font-weight: 400;\"> por doen\u00e7a ou acidente, voc\u00ea tem <\/span><b>direito<\/b><span style=\"font-weight: 400;\"> ao aux\u00edlio-doen\u00e7a ou ao aux\u00edlio-acidente, pagos pelo INSS. No entanto, algumas conven\u00e7\u00f5es coletivas tamb\u00e9m preveem o pagamento de um aux\u00edlio adicional pela empresa, complementando o valor recebido pelo INSS. Dessa forma, informe-se sobre seus direitos e como acess\u00e1-los.<\/span><\/h5>\n<p>&nbsp;<\/li>\n<li style=\"font-weight: 400;\" aria-level=\"1\">\n<h5><b>Vale-refei\u00e7\u00e3o e vale-alimenta\u00e7\u00e3o:<\/b><span style=\"font-weight: 400;\"> Por fim, embora n\u00e3o seja um <\/span><b>direito<\/b><span style=\"font-weight: 400;\"> obrigat\u00f3rio por lei, muitas empresas oferecem <\/span><b>vale-refei\u00e7\u00e3o<\/b><span style=\"font-weight: 400;\"> ou <\/span><b>vale-alimenta\u00e7\u00e3o<\/b><span style=\"font-weight: 400;\"> como benef\u00edcio aos seus funcion\u00e1rios, incluindo os <\/span><b>motoboys<\/b><span style=\"font-weight: 400;\">. Ent\u00e3o, verifique com a sua empresa se ela oferece esse benef\u00edcio e como voc\u00ea pode solicit\u00e1-lo.<\/span><\/h5>\n<\/li>\n<\/ul>\n<h5><\/h5>\n<h2><span style=\"font-weight: 400;\">\u00a0Conven\u00e7\u00e3o Coletiva: Negociando melhores condi\u00e7\u00f5es<\/span><\/h2>\n<p>&nbsp;<\/p>\n<p><span style=\"font-weight: 400;\">O sindicato que representa a categoria profissional e o sindicato patronal (que representa as empresas) firmam a <\/span><b>Conven\u00e7\u00e3o Coletiva de Trabalho<\/b><span style=\"font-weight: 400;\">.<\/span><b> Em outras palavras<\/b><span style=\"font-weight: 400;\">, os <\/span><b>motoboys<\/b><span style=\"font-weight: 400;\"> e as empresas <\/span><b>negociam<\/b><span style=\"font-weight: 400;\"> as regras e condi\u00e7\u00f5es de trabalho da categoria. Nesse sentido, a conven\u00e7\u00e3o coletiva <\/span><b>garante<\/b> <b>direitos<\/b><span style=\"font-weight: 400;\"> e benef\u00edcios que v\u00e3o al\u00e9m daqueles previstos na CLT, <\/span><b>melhorando significativamente<\/b><span style=\"font-weight: 400;\"> as suas condi\u00e7\u00f5es de trabalho.<\/span><\/p>\n<p><b>Mas por que a conven\u00e7\u00e3o coletiva \u00e9 t\u00e3o importante para os motoboys?<\/b> <b>Justamente<\/b><span style=\"font-weight: 400;\"> porque ela <\/span><b>permite negociar<\/b> <b>direitos espec\u00edficos<\/b><span style=\"font-weight: 400;\"> da categoria, levando em conta as necessidades e os desafios enfrentados no dia a dia. <\/span><b>Atrav\u00e9s da conven\u00e7\u00e3o coletiva<\/b><span style=\"font-weight: 400;\">, voc\u00ea <\/span><b>conquista<\/b> <b>melhores sal\u00e1rios<\/b><span style=\"font-weight: 400;\">, <\/span><b>benef\u00edcios mais vantajosos<\/b><span style=\"font-weight: 400;\"> e <\/span><b>condi\u00e7\u00f5es de trabalho mais seguras<\/b><span style=\"font-weight: 400;\">.<\/span><\/p>\n<p><b>Alguns dos direitos que voc\u00ea pode negociar na conven\u00e7\u00e3o coletiva s\u00e3o:<\/b><\/p>\n<ul>\n<li style=\"font-weight: 400;\" aria-level=\"1\">\n<h5><b>Piso salarial<\/b><span style=\"font-weight: 400;\">: A conven\u00e7\u00e3o coletiva <\/span><b>define<\/b><span style=\"font-weight: 400;\"> um <\/span><b>piso salarial<\/b><span style=\"font-weight: 400;\"> para a categoria superior ao sal\u00e1rio m\u00ednimo nacional. <\/span><b>Isso significa que<\/b><span style=\"font-weight: 400;\">, mesmo que o sal\u00e1rio m\u00ednimo seja de um determinado valor, a conven\u00e7\u00e3o coletiva <\/span><b>garante<\/b><span style=\"font-weight: 400;\"> que os <\/span><b>motoboys<\/b> <b>recebam<\/b><span style=\"font-weight: 400;\"> um sal\u00e1rio maior.<\/span><\/h5>\n<p>&nbsp;<\/li>\n<li style=\"font-weight: 400;\" aria-level=\"1\">\n<h5><b>Aluguel da moto:<\/b><span style=\"font-weight: 400;\"> Muitos <\/span><b>motoboys<\/b> <b>utilizam<\/b><span style=\"font-weight: 400;\"> a pr\u00f3pria <\/span><b>moto<\/b><span style=\"font-weight: 400;\"> para trabalhar. <\/span><b>Nesses casos<\/b><span style=\"font-weight: 400;\">, a conven\u00e7\u00e3o coletiva <\/span><b>define<\/b><span style=\"font-weight: 400;\"> um valor a ser pago pela empresa como <\/span><b>aluguel da moto<\/b><span style=\"font-weight: 400;\">, como forma de compensar o desgaste do ve\u00edculo e as despesas com manuten\u00e7\u00e3o.<\/span><\/h5>\n<p>&nbsp;<\/li>\n<li style=\"font-weight: 400;\" aria-level=\"1\">\n<h5><b>Reembolso de combust\u00edvel:<\/b><span style=\"font-weight: 400;\"> O <\/span><b>combust\u00edvel<\/b> <b>representa<\/b><span style=\"font-weight: 400;\"> um dos principais custos para os <\/span><b>motoboys<\/b><span style=\"font-weight: 400;\">. Por isso, a conven\u00e7\u00e3o coletiva <\/span><b>prev\u00ea<\/b><span style=\"font-weight: 400;\"> o <\/span><b>reembolso<\/b><span style=\"font-weight: 400;\"> das despesas com <\/span><b>combust\u00edvel<\/b><span style=\"font-weight: 400;\">, garantindo que voc\u00ea n\u00e3o <\/span><b>tenha<\/b><span style=\"font-weight: 400;\"> preju\u00edzo com os gastos para realizar o seu trabalho.<\/span><\/h5>\n<p>&nbsp;<\/li>\n<li style=\"font-weight: 400;\" aria-level=\"1\">\n<h5><b>Seguro de vida:<\/b><span style=\"font-weight: 400;\"> Voc\u00ea tamb\u00e9m <\/span><b>pode negociar<\/b><span style=\"font-weight: 400;\"> a contrata\u00e7\u00e3o de um <\/span><b>seguro de vida<\/b><span style=\"font-weight: 400;\"> na conven\u00e7\u00e3o coletiva. <\/span><b>Esse seguro<\/b> <b>garante<\/b><span style=\"font-weight: 400;\"> uma indeniza\u00e7\u00e3o em caso de acidente ou falecimento, oferecendo prote\u00e7\u00e3o financeira para voc\u00ea e sua fam\u00edlia.<\/span><\/h5>\n<p>&nbsp;<\/li>\n<li style=\"font-weight: 400;\" aria-level=\"1\">\n<h5><b>Outros benef\u00edcios:<\/b> <b>Al\u00e9m desses direitos<\/b><span style=\"font-weight: 400;\">, a conven\u00e7\u00e3o coletiva <\/span><b>negocia<\/b><span style=\"font-weight: 400;\"> outros benef\u00edcios para os <\/span><b>motoboys<\/b><span style=\"font-weight: 400;\">, como <\/span><b>vale-refei\u00e7\u00e3o<\/b><span style=\"font-weight: 400;\">, <\/span><b>vale-alimenta\u00e7\u00e3o<\/b><span style=\"font-weight: 400;\">, <\/span><b>assist\u00eancia m\u00e9dica<\/b><span style=\"font-weight: 400;\"> e <\/span><b>odontol\u00f3gica<\/b><span style=\"font-weight: 400;\">, entre outros. <\/span><b>Vale a pena<\/b><span style=\"font-weight: 400;\"> conferir a conven\u00e7\u00e3o coletiva da sua categoria e verificar quais benef\u00edcios voc\u00ea <\/span><b>pode ter<\/b><span style=\"font-weight: 400;\"> acesso.<\/span><\/h5>\n<p>&nbsp;<\/p>\n<p>&nbsp;<\/li>\n<\/ul>\n<p><b>Participe das assembleias e reivindique seus direitos!<\/b><span style=\"font-weight: 400;\"> A conven\u00e7\u00e3o coletiva <\/span><b>\u00e9<\/b><span style=\"font-weight: 400;\"> uma ferramenta importante para garantir <\/span><b>melhores condi\u00e7\u00f5es de trabalho<\/b><span style=\"font-weight: 400;\"> para os <\/span><b>motoboys<\/b><span style=\"font-weight: 400;\">. <\/span><b>Informe-se<\/b><span style=\"font-weight: 400;\"> sobre a conven\u00e7\u00e3o coletiva da sua categoria, participe das assembleias do sindicato e <\/span><b>lute<\/b><span style=\"font-weight: 400;\"> pelos seus direitos!<\/span><\/p>\n<h2><span style=\"font-weight: 400;\">V\u00ednculo empregat\u00edcio: CLT ou aut\u00f4nomo?<\/span><\/h2>\n<p>&nbsp;<\/p>\n<p><span style=\"font-weight: 400;\">O <\/span><b>v\u00ednculo empregat\u00edcio<\/b><span style=\"font-weight: 400;\"> \u00e9 um dos temas mais importantes para os <\/span><b>motoboys<\/b><span style=\"font-weight: 400;\">, pois ele define os seus <\/span><b>direitos<\/b><span style=\"font-weight: 400;\"> e a forma como voc\u00ea se relaciona com a empresa ou plataforma para a qual trabalha. Basicamente, existem duas formas principais de v\u00ednculo empregat\u00edcio: o <\/span><b>trabalho com carteira assinada<\/b><span style=\"font-weight: 400;\">, regido pela <\/span><b>CLT<\/b><span style=\"font-weight: 400;\">, e o <\/span><b>trabalho aut\u00f4nomo<\/b><span style=\"font-weight: 400;\">. <\/span><b>Entender as diferen\u00e7as entre esses regimes de trabalho \u00e9 crucial para garantir que voc\u00ea esteja trabalhando de acordo com a lei e recebendo todos os direitos que lhe cabem.<\/b><\/p>\n<h3><span style=\"font-weight: 400;\">Trabalho com carteira assinada (CLT):<\/span><\/h3>\n<p><span style=\"font-weight: 400;\">Quando voc\u00ea trabalha com <\/span><b>carteira assinada<\/b><span style=\"font-weight: 400;\">, voc\u00ea \u00e9 considerado um empregado da empresa, com todos os <\/span><b>direitos<\/b><span style=\"font-weight: 400;\"> e obriga\u00e7\u00f5es previstos na <\/span><b>CLT<\/b><span style=\"font-weight: 400;\">. <\/span><b>Isso significa que<\/b><span style=\"font-weight: 400;\"> voc\u00ea tem direito a <\/span><b>sal\u00e1rio m\u00ednimo<\/b><span style=\"font-weight: 400;\">, <\/span><b>horas extras<\/b><span style=\"font-weight: 400;\">, <\/span><b>f\u00e9rias<\/b><span style=\"font-weight: 400;\">, <\/span><b>13\u00ba sal\u00e1rio<\/b><span style=\"font-weight: 400;\">, <\/span><b>FGTS<\/b><span style=\"font-weight: 400;\">, <\/span><b>INSS<\/b><span style=\"font-weight: 400;\">, <\/span><b>vale-transporte<\/b><span style=\"font-weight: 400;\"> e outros benef\u00edcios. Al\u00e9m disso, a empresa \u00e9 respons\u00e1vel por fornecer os <\/span><b>EPIs<\/b><span style=\"font-weight: 400;\"> e garantir a manuten\u00e7\u00e3o da sua <\/span><b>moto<\/b><span style=\"font-weight: 400;\">. Em resumo, o trabalho com carteira assinada oferece maior seguran\u00e7a e estabilidade para o <\/span><b>motoboy<\/b><span style=\"font-weight: 400;\">.<\/span><\/p>\n<p>&nbsp;<\/p>\n<h3><span style=\"font-weight: 400;\">Trabalho aut\u00f4nomo:<\/span><\/h3>\n<p><span style=\"font-weight: 400;\">No <\/span><b>trabalho aut\u00f4nomo<\/b><span style=\"font-weight: 400;\">, voc\u00ea presta servi\u00e7os por conta pr\u00f3pria, sem v\u00ednculo empregat\u00edcio com uma empresa espec\u00edfica. Isso significa que voc\u00ea tem mais flexibilidade para escolher seus hor\u00e1rios e clientes, mas tamb\u00e9m \u00e9 respons\u00e1vel por todos os seus custos, como <\/span><b>combust\u00edvel<\/b><span style=\"font-weight: 400;\">, manuten\u00e7\u00e3o da <\/span><b>moto<\/b><span style=\"font-weight: 400;\"> e impostos. Nesse caso, voc\u00ea n\u00e3o tem direito aos benef\u00edcios previstos na <\/span><b>CLT<\/b><span style=\"font-weight: 400;\">, como <\/span><b>f\u00e9rias<\/b><span style=\"font-weight: 400;\"> e <\/span><b>13\u00ba sal\u00e1rio<\/b><span style=\"font-weight: 400;\">. <\/span><b>No entanto<\/b><span style=\"font-weight: 400;\">, \u00e9 importante lembrar que, mesmo como aut\u00f4nomo, voc\u00ea deve emitir notas fiscais e pagar os impostos devidos.<\/span><\/p>\n<h2><span style=\"font-weight: 400;\">E os aplicativos de entrega?<\/span><\/h2>\n<p><span style=\"font-weight: 400;\">Com o crescimento dos aplicativos de entrega, como <\/span><b>iFood<\/b><span style=\"font-weight: 400;\">, <\/span><b>Uber Eats<\/b><span style=\"font-weight: 400;\"> e <\/span><b>Rappi<\/b><span style=\"font-weight: 400;\">, muitos <\/span><b>motoboys<\/b><span style=\"font-weight: 400;\"> passaram a trabalhar como aut\u00f4nomos, prestando servi\u00e7os para essas plataformas. No entanto, a rela\u00e7\u00e3o entre os <\/span><b>motoboys<\/b><span style=\"font-weight: 400;\"> e os aplicativos tem gerado muitas discuss\u00f5es sobre o <\/span><b>v\u00ednculo empregat\u00edcio<\/b><span style=\"font-weight: 400;\">. Afinal, mesmo trabalhando de forma aut\u00f4noma, os <\/span><b>motoboys<\/b><span style=\"font-weight: 400;\"> que prestam servi\u00e7os para aplicativos est\u00e3o sujeitos a regras e controles impostos pelas plataformas, o que pode caracterizar uma rela\u00e7\u00e3o de trabalho.<\/span><\/p>\n<h3><span style=\"font-weight: 400;\">Como saber se existe v\u00ednculo empregat\u00edcio?<\/span><\/h3>\n<p><span style=\"font-weight: 400;\">Para determinar se existe <\/span><b>v\u00ednculo empregat\u00edcio<\/b><span style=\"font-weight: 400;\">, a Justi\u00e7a do Trabalho analisa alguns requisitos, como:<\/span><\/p>\n<ul>\n<li style=\"font-weight: 400;\" aria-level=\"1\"><b>Subordina\u00e7\u00e3o:<\/b><span style=\"font-weight: 400;\"> Voc\u00ea recebe ordens e instru\u00e7\u00f5es da empresa ou plataforma?<\/span><\/li>\n<li style=\"font-weight: 400;\" aria-level=\"1\"><b>Onerosidade:<\/b><span style=\"font-weight: 400;\"> Voc\u00ea recebe remunera\u00e7\u00e3o pelo seu trabalho?<\/span><\/li>\n<li style=\"font-weight: 400;\" aria-level=\"1\"><b>Pessoalidade:<\/b><span style=\"font-weight: 400;\"> O trabalho \u00e9 realizado por voc\u00ea, n\u00e3o podendo ser substitu\u00eddo por outra pessoa?<\/span><\/li>\n<li style=\"font-weight: 400;\" aria-level=\"1\"><b>N\u00e3o eventualidade:<\/b><span style=\"font-weight: 400;\"> O trabalho \u00e9 realizado de forma cont\u00ednua e permanente?<\/span><\/li>\n<\/ul>\n<p><b>Se a resposta para essas perguntas for sim<\/b><span style=\"font-weight: 400;\">, \u00e9 poss\u00edvel que voc\u00ea tenha <\/span><b>v\u00ednculo empregat\u00edcio<\/b><span style=\"font-weight: 400;\"> com a empresa ou plataforma, mesmo que trabalhe como aut\u00f4nomo. Nesse caso, voc\u00ea ter\u00e1 direito a todos os benef\u00edcios previstos na <\/span><b>CLT<\/b><span style=\"font-weight: 400;\">.<\/span><\/p>\n<h3><span style=\"font-weight: 400;\">O que fazer em caso de d\u00favidas?<\/span><\/h3>\n<p><span style=\"font-weight: 400;\">Se voc\u00ea tem d\u00favidas sobre o seu <\/span><b>v\u00ednculo empregat\u00edcio<\/b><span style=\"font-weight: 400;\"> ou sobre os seus <\/span><b>direitos<\/b><span style=\"font-weight: 400;\"> como <\/span><b>motoboy<\/b><span style=\"font-weight: 400;\">, procure um advogado especialista em direito trabalhista ou o sindicato da sua categoria. Eles poder\u00e3o te orientar e te ajudar a garantir que voc\u00ea esteja trabalhando de acordo com a lei e recebendo todos os seus direitos.<\/span><\/p>\n<p><b>Lembre-se:<\/b><\/p>\n<p><span style=\"font-weight: 400;\">Conhecer seus <\/span><b>direitos<\/b><span style=\"font-weight: 400;\"> \u00e9 o primeiro passo para garantir uma rela\u00e7\u00e3o de trabalho justa e segura. <\/span><b>Mantenha-se informado<\/b><span style=\"font-weight: 400;\">, busque seus <\/span><b>direitos<\/b><span style=\"font-weight: 400;\"> e n\u00e3o hesite em procurar ajuda profissional em caso de d\u00favidas.<\/span><\/p>\n<p>&nbsp;<\/p>\n<h2><span style=\"font-weight: 400;\">\u00a0Acidente de trabalho: O que fazer?<\/span><\/h2>\n<p>&nbsp;<\/p>\n<h5><span style=\"font-weight: 400;\">A profiss\u00e3o de <\/span><b>motoboy<\/b><span style=\"font-weight: 400;\"> exige aten\u00e7\u00e3o redobrada no tr\u00e2nsito, mas, infelizmente, acidentes acontecem. <\/span><b>Se voc\u00ea se envolver em um acidente de trabalho, \u00e9 fundamental saber como agir para garantir seus direitos e sua sa\u00fade.<\/b><span style=\"font-weight: 400;\"> Neste momento, manter a calma e seguir os procedimentos corretos faz toda a diferen\u00e7a.<\/span><\/h5>\n<h5><span style=\"font-weight: 400;\">Em primeiro lugar, priorize a sua sa\u00fade. <\/span><b>Procure atendimento m\u00e9dico imediatamente<\/b><span style=\"font-weight: 400;\">, mesmo que as les\u00f5es pare\u00e7am leves. <\/span><b>Somente um profissional de sa\u00fade poder\u00e1 avaliar a gravidade da situa\u00e7\u00e3o e te indicar o tratamento adequado.<\/b><span style=\"font-weight: 400;\"> Lembre-se de que algumas les\u00f5es podem n\u00e3o ser aparentes logo ap\u00f3s o acidente.\u00a0<\/span><\/h5>\n<h5><b>T\u00e3o logo seja poss\u00edvel, comunique o acidente \u00e0 empresa para a qual voc\u00ea presta servi\u00e7os.<\/b><span style=\"font-weight: 400;\"> Essa comunica\u00e7\u00e3o \u00e9 essencial para que a empresa tome as medidas necess\u00e1rias, como registrar o acidente e garantir seus direitos trabalhistas e previdenci\u00e1rios. <\/span><b>Mantenha um registro da comunica\u00e7\u00e3o<\/b><span style=\"font-weight: 400;\">, como e-mails ou mensagens, para comprovar que voc\u00ea avisou a empresa sobre o ocorrido.<\/span><\/h5>\n<h5><span style=\"font-weight: 400;\">A <\/span><b>Comunica\u00e7\u00e3o de Acidente de Trabalho (CAT)<\/b><span style=\"font-weight: 400;\"> \u00e9 um documento que registra o acidente e garante seus direitos previdenci\u00e1rios, como o aux\u00edlio-doen\u00e7a acident\u00e1rio. <\/span><b>\u00c9 obriga\u00e7\u00e3o da empresa emitir a CAT em at\u00e9 24 horas ap\u00f3s o acidente.<\/b> <b>Caso a empresa se recuse a emitir a CAT, voc\u00ea mesmo pode faz\u00ea-lo<\/b><span style=\"font-weight: 400;\">, atrav\u00e9s do site do INSS ou em uma ag\u00eancia da Previd\u00eancia Social.\u00a0<\/span><\/h5>\n<h5><b>Para garantir seus direitos em caso de processo judicial, \u00e9 importante reunir provas do acidente.<\/b><span style=\"font-weight: 400;\"> Tire fotos do local do acidente, da sua moto e das suas les\u00f5es. <\/span><b>Se poss\u00edvel, pe\u00e7a para testemunhas escreverem um relato do que presenciaram.<\/b><span style=\"font-weight: 400;\"> Guarde tamb\u00e9m todos os documentos m\u00e9dicos relacionados ao acidente.\u00a0<\/span><\/h5>\n<h5><span style=\"font-weight: 400;\">Um advogado especialista em direito trabalhista poder\u00e1 te auxiliar na defesa dos seus direitos em caso de acidente de trabalho. <\/span><b>O advogado poder\u00e1 te ajudar a conseguir uma indeniza\u00e7\u00e3o pelos danos sofridos, al\u00e9m de garantir que voc\u00ea receba todos os benef\u00edcios previdenci\u00e1rios a que tem direito.<\/b><\/h5>\n<h5><b>Um acidente de trabalho pode gerar traumas e afetar a sua sa\u00fade mental.<\/b><span style=\"font-weight: 400;\"> N\u00e3o hesite em buscar ajuda profissional, como psic\u00f3logos e terapeutas, para lidar com as consequ\u00eancias emocionais do acidente. <\/span><b>Cuidar da sua sa\u00fade mental \u00e9 t\u00e3o importante quanto cuidar da sua sa\u00fade f\u00edsica.<\/b><\/h5>\n<h2><span style=\"font-weight: 400;\">Dicas para garantir seus direitos:<\/span><\/h2>\n<p>&nbsp;<\/p>\n<p><b>Conhe\u00e7a a conven\u00e7\u00e3o coletiva da sua categoria:<\/b><span style=\"font-weight: 400;\"> Procure o sindicato dos motoboys da sua cidade e se informe sobre a conven\u00e7\u00e3o coletiva.<\/span><\/p>\n<p><b>Guarde comprovantes:<\/b><span style=\"font-weight: 400;\"> Mantenha comprovantes de pagamento, recibos, mensagens e e-mails que possam ser \u00fateis em uma eventual reclama\u00e7\u00e3o trabalhista.<\/span><\/p>\n<p><b>Busque orienta\u00e7\u00e3o jur\u00eddica:<\/b><span style=\"font-weight: 400;\"> Em caso de d\u00favidas ou conflitos com a empresa, procure um advogado especialista em direito trabalhista.<\/span><\/p>\n<p>&nbsp;<\/p>\n<p><b>Fale com o Dr. Pedro Carvalho!<\/b><\/p>\n<p><b>Clique no bot\u00e3o abaixo e obtenha a orienta\u00e7\u00e3o jur\u00eddica que voc\u00ea precisa para resolver suas quest\u00f5es com seguran\u00e7a e confian\u00e7a.<\/b><\/p>\n<p><b>\u00a0<\/b><\/p>\n<p><a href=\"https:\/\/wa.me\/5531975283687\"><b>Fale comigo agora mesmo<\/b><\/a><\/p>\n<p><b>Siga-nos na rede social, @pedroncarvalhoadv, e fique por dentro das \u00faltimas novidades!<\/b><\/p>\n","protected":false},"excerpt":{"rendered":"<p>Descubra tudo sobre seus direitos como motoboy e garanta que voc\u00ea est\u00e1 recebendo o que te pertence por lei! &nbsp; A vida de um motoboy \u00e9 cheia de desafios. Afinal, enfrentar o tr\u00e2nsito, cumprir prazos apertados e garantir a seguran\u00e7a das entregas exige muita habilidade e dedica\u00e7\u00e3o. Mas, al\u00e9m dos desafios do dia a dia, [&hellip;]<\/p>\n","protected":false},"author":1,"featured_media":659,"comment_status":"open","ping_status":"open","sticky":false,"template":"","format":"standard","meta":{"_joinchat":[],"footnotes":""},"categories":[6],"tags":[],"class_list":["post-658","post","type-post","status-publish","format-standard","has-post-thumbnail","hentry","category-direito-trabalhista"],"yoast_head":"<!-- This site is optimized with the Yoast SEO plugin v27.5 - https:\/\/yoast.com\/product\/yoast-seo-wordpress\/ -->\n<title>Direitos do Motoboy em 2025: Saiba o que a Lei Garante a Voc\u00ea<\/title>\n<meta name=\"description\" content=\"Motoboy CLT ou aut\u00f4nomo? Descubra quais s\u00e3o seus direitos trabalhistas em 2025 e como agir em caso de acidente, demiss\u00e3o ou jornada excessiva\" \/>\n<meta name=\"robots\" content=\"index, follow, max-snippet:-1, max-image-preview:large, max-video-preview:-1\" \/>\n<link rel=\"canonical\" href=\"https:\/\/carvalhoadvogado.aliamkt.com\/index.php\/2025\/01\/10\/guia-do-motoboy-2025-direitos-trabalhistas-e-dicas-essenciais\/\" \/>\n<meta property=\"og:locale\" content=\"pt_BR\" \/>\n<meta property=\"og:type\" content=\"article\" \/>\n<meta property=\"og:title\" content=\"Direitos do Motoboy em 2025: Saiba o que a Lei Garante a Voc\u00ea\" \/>\n<meta property=\"og:description\" content=\"Motoboy CLT ou aut\u00f4nomo? Descubra quais s\u00e3o seus direitos trabalhistas em 2025 e como agir em caso de acidente, demiss\u00e3o ou jornada excessiva\" \/>\n<meta property=\"og:url\" content=\"https:\/\/carvalhoadvogado.aliamkt.com\/index.php\/2025\/01\/10\/guia-do-motoboy-2025-direitos-trabalhistas-e-dicas-essenciais\/\" \/>\n<meta property=\"og:site_name\" content=\"Pedro Carvalho Advogado Trabalhista\" \/>\n<meta property=\"article:published_time\" content=\"2025-01-10T18:26:00+00:00\" \/>\n<meta property=\"article:modified_time\" content=\"2025-07-28T14:16:39+00:00\" \/>\n<meta property=\"og:image\" content=\"https:\/\/carvalhoadvogado.aliamkt.com\/wp-content\/uploads\/2025\/01\/direitos-trabalhista-do-motoboy-.png\" \/>\n\t<meta property=\"og:image:width\" content=\"1080\" \/>\n\t<meta property=\"og:image:height\" content=\"1350\" \/>\n\t<meta property=\"og:image:type\" content=\"image\/png\" \/>\n<meta name=\"author\" content=\"lailacarvalhoadv\" \/>\n<meta name=\"twitter:card\" content=\"summary_large_image\" \/>\n<meta name=\"twitter:label1\" content=\"Escrito por\" \/>\n\t<meta name=\"twitter:data1\" content=\"lailacarvalhoadv\" \/>\n\t<meta name=\"twitter:label2\" content=\"Est. tempo de leitura\" \/>\n\t<meta name=\"twitter:data2\" content=\"13 minutos\" \/>\n<script type=\"application\/ld+json\" class=\"yoast-schema-graph\">{\"@context\":\"https:\\\/\\\/schema.org\",\"@graph\":[{\"@type\":\"Article\",\"@id\":\"https:\\\/\\\/carvalhoadvogado.aliamkt.com\\\/index.php\\\/2025\\\/01\\\/10\\\/guia-do-motoboy-2025-direitos-trabalhistas-e-dicas-essenciais\\\/#article\",\"isPartOf\":{\"@id\":\"https:\\\/\\\/carvalhoadvogado.aliamkt.com\\\/index.php\\\/2025\\\/01\\\/10\\\/guia-do-motoboy-2025-direitos-trabalhistas-e-dicas-essenciais\\\/\"},\"author\":{\"name\":\"lailacarvalhoadv\",\"@id\":\"https:\\\/\\\/carvalhoadvogado.aliamkt.com\\\/#\\\/schema\\\/person\\\/8f4d67ba57d6160ee802836a319bd8eb\"},\"headline\":\"Direitos do Motoboy em 2025: Saiba o que a Lei Garante a Voc\u00ea\",\"datePublished\":\"2025-01-10T18:26:00+00:00\",\"dateModified\":\"2025-07-28T14:16:39+00:00\",\"mainEntityOfPage\":{\"@id\":\"https:\\\/\\\/carvalhoadvogado.aliamkt.com\\\/index.php\\\/2025\\\/01\\\/10\\\/guia-do-motoboy-2025-direitos-trabalhistas-e-dicas-essenciais\\\/\"},\"wordCount\":2576,\"commentCount\":0,\"publisher\":{\"@id\":\"https:\\\/\\\/carvalhoadvogado.aliamkt.com\\\/#organization\"},\"image\":{\"@id\":\"https:\\\/\\\/carvalhoadvogado.aliamkt.com\\\/index.php\\\/2025\\\/01\\\/10\\\/guia-do-motoboy-2025-direitos-trabalhistas-e-dicas-essenciais\\\/#primaryimage\"},\"thumbnailUrl\":\"https:\\\/\\\/carvalhoadvogado.aliamkt.com\\\/wp-content\\\/uploads\\\/2025\\\/01\\\/direitos-trabalhista-do-motoboy-.png\",\"articleSection\":[\"Direito Trabalhista\"],\"inLanguage\":\"pt-BR\",\"potentialAction\":[{\"@type\":\"CommentAction\",\"name\":\"Comment\",\"target\":[\"https:\\\/\\\/carvalhoadvogado.aliamkt.com\\\/index.php\\\/2025\\\/01\\\/10\\\/guia-do-motoboy-2025-direitos-trabalhistas-e-dicas-essenciais\\\/#respond\"]}]},{\"@type\":\"WebPage\",\"@id\":\"https:\\\/\\\/carvalhoadvogado.aliamkt.com\\\/index.php\\\/2025\\\/01\\\/10\\\/guia-do-motoboy-2025-direitos-trabalhistas-e-dicas-essenciais\\\/\",\"url\":\"https:\\\/\\\/carvalhoadvogado.aliamkt.com\\\/index.php\\\/2025\\\/01\\\/10\\\/guia-do-motoboy-2025-direitos-trabalhistas-e-dicas-essenciais\\\/\",\"name\":\"Direitos do Motoboy em 2025: Saiba o que a Lei Garante a Voc\u00ea\",\"isPartOf\":{\"@id\":\"https:\\\/\\\/carvalhoadvogado.aliamkt.com\\\/#website\"},\"primaryImageOfPage\":{\"@id\":\"https:\\\/\\\/carvalhoadvogado.aliamkt.com\\\/index.php\\\/2025\\\/01\\\/10\\\/guia-do-motoboy-2025-direitos-trabalhistas-e-dicas-essenciais\\\/#primaryimage\"},\"image\":{\"@id\":\"https:\\\/\\\/carvalhoadvogado.aliamkt.com\\\/index.php\\\/2025\\\/01\\\/10\\\/guia-do-motoboy-2025-direitos-trabalhistas-e-dicas-essenciais\\\/#primaryimage\"},\"thumbnailUrl\":\"https:\\\/\\\/carvalhoadvogado.aliamkt.com\\\/wp-content\\\/uploads\\\/2025\\\/01\\\/direitos-trabalhista-do-motoboy-.png\",\"datePublished\":\"2025-01-10T18:26:00+00:00\",\"dateModified\":\"2025-07-28T14:16:39+00:00\",\"description\":\"Motoboy CLT ou aut\u00f4nomo? Descubra quais s\u00e3o seus direitos trabalhistas em 2025 e como agir em caso de acidente, demiss\u00e3o ou jornada excessiva\",\"breadcrumb\":{\"@id\":\"https:\\\/\\\/carvalhoadvogado.aliamkt.com\\\/index.php\\\/2025\\\/01\\\/10\\\/guia-do-motoboy-2025-direitos-trabalhistas-e-dicas-essenciais\\\/#breadcrumb\"},\"inLanguage\":\"pt-BR\",\"potentialAction\":[{\"@type\":\"ReadAction\",\"target\":[\"https:\\\/\\\/carvalhoadvogado.aliamkt.com\\\/index.php\\\/2025\\\/01\\\/10\\\/guia-do-motoboy-2025-direitos-trabalhistas-e-dicas-essenciais\\\/\"]}]},{\"@type\":\"ImageObject\",\"inLanguage\":\"pt-BR\",\"@id\":\"https:\\\/\\\/carvalhoadvogado.aliamkt.com\\\/index.php\\\/2025\\\/01\\\/10\\\/guia-do-motoboy-2025-direitos-trabalhistas-e-dicas-essenciais\\\/#primaryimage\",\"url\":\"https:\\\/\\\/carvalhoadvogado.aliamkt.com\\\/wp-content\\\/uploads\\\/2025\\\/01\\\/direitos-trabalhista-do-motoboy-.png\",\"contentUrl\":\"https:\\\/\\\/carvalhoadvogado.aliamkt.com\\\/wp-content\\\/uploads\\\/2025\\\/01\\\/direitos-trabalhista-do-motoboy-.png\",\"width\":1080,\"height\":1350},{\"@type\":\"BreadcrumbList\",\"@id\":\"https:\\\/\\\/carvalhoadvogado.aliamkt.com\\\/index.php\\\/2025\\\/01\\\/10\\\/guia-do-motoboy-2025-direitos-trabalhistas-e-dicas-essenciais\\\/#breadcrumb\",\"itemListElement\":[{\"@type\":\"ListItem\",\"position\":1,\"name\":\"In\u00edcio\",\"item\":\"https:\\\/\\\/carvalhoadvogado.aliamkt.com\\\/\"},{\"@type\":\"ListItem\",\"position\":2,\"name\":\"Direitos do Motoboy em 2025: Saiba o que a Lei Garante a Voc\u00ea\"}]},{\"@type\":\"WebSite\",\"@id\":\"https:\\\/\\\/carvalhoadvogado.aliamkt.com\\\/#website\",\"url\":\"https:\\\/\\\/carvalhoadvogado.aliamkt.com\\\/\",\"name\":\"Pedro Carvalho Advogado\",\"description\":\"Advogado Trabalhista\",\"publisher\":{\"@id\":\"https:\\\/\\\/carvalhoadvogado.aliamkt.com\\\/#organization\"},\"potentialAction\":[{\"@type\":\"SearchAction\",\"target\":{\"@type\":\"EntryPoint\",\"urlTemplate\":\"https:\\\/\\\/carvalhoadvogado.aliamkt.com\\\/?s={search_term_string}\"},\"query-input\":{\"@type\":\"PropertyValueSpecification\",\"valueRequired\":true,\"valueName\":\"search_term_string\"}}],\"inLanguage\":\"pt-BR\"},{\"@type\":\"Organization\",\"@id\":\"https:\\\/\\\/carvalhoadvogado.aliamkt.com\\\/#organization\",\"name\":\"Pedro Carvalho Advogado\",\"url\":\"https:\\\/\\\/carvalhoadvogado.aliamkt.com\\\/\",\"logo\":{\"@type\":\"ImageObject\",\"inLanguage\":\"pt-BR\",\"@id\":\"https:\\\/\\\/carvalhoadvogado.aliamkt.com\\\/#\\\/schema\\\/logo\\\/image\\\/\",\"url\":\"https:\\\/\\\/carvalhoadvogado.aliamkt.com\\\/wp-content\\\/uploads\\\/2024\\\/06\\\/Logo-azul.png\",\"contentUrl\":\"https:\\\/\\\/carvalhoadvogado.aliamkt.com\\\/wp-content\\\/uploads\\\/2024\\\/06\\\/Logo-azul.png\",\"width\":500,\"height\":500,\"caption\":\"Pedro Carvalho Advogado\"},\"image\":{\"@id\":\"https:\\\/\\\/carvalhoadvogado.aliamkt.com\\\/#\\\/schema\\\/logo\\\/image\\\/\"}},{\"@type\":\"Person\",\"@id\":\"https:\\\/\\\/carvalhoadvogado.aliamkt.com\\\/#\\\/schema\\\/person\\\/8f4d67ba57d6160ee802836a319bd8eb\",\"name\":\"lailacarvalhoadv\",\"image\":{\"@type\":\"ImageObject\",\"inLanguage\":\"pt-BR\",\"@id\":\"https:\\\/\\\/secure.gravatar.com\\\/avatar\\\/a60961139a792fb5ca701fab485f653a1b3cc37cf8dbd4937b4134105caf5369?s=96&d=mm&r=g\",\"url\":\"https:\\\/\\\/secure.gravatar.com\\\/avatar\\\/a60961139a792fb5ca701fab485f653a1b3cc37cf8dbd4937b4134105caf5369?s=96&d=mm&r=g\",\"contentUrl\":\"https:\\\/\\\/secure.gravatar.com\\\/avatar\\\/a60961139a792fb5ca701fab485f653a1b3cc37cf8dbd4937b4134105caf5369?s=96&d=mm&r=g\",\"caption\":\"lailacarvalhoadv\"},\"sameAs\":[\"https:\\\/\\\/carvalhoadvogado.aliamkt.com\"],\"url\":\"https:\\\/\\\/carvalhoadvogado.aliamkt.com\\\/index.php\\\/author\\\/lailacarvalhoadv\\\/\"}]}<\/script>\n<!-- \/ Yoast SEO plugin. -->","yoast_head_json":{"title":"Direitos do Motoboy em 2025: Saiba o que a Lei Garante a Voc\u00ea","description":"Motoboy CLT ou aut\u00f4nomo? Descubra quais s\u00e3o seus direitos trabalhistas em 2025 e como agir em caso de acidente, demiss\u00e3o ou jornada excessiva","robots":{"index":"index","follow":"follow","max-snippet":"max-snippet:-1","max-image-preview":"max-image-preview:large","max-video-preview":"max-video-preview:-1"},"canonical":"https:\/\/carvalhoadvogado.aliamkt.com\/index.php\/2025\/01\/10\/guia-do-motoboy-2025-direitos-trabalhistas-e-dicas-essenciais\/","og_locale":"pt_BR","og_type":"article","og_title":"Direitos do Motoboy em 2025: Saiba o que a Lei Garante a Voc\u00ea","og_description":"Motoboy CLT ou aut\u00f4nomo? Descubra quais s\u00e3o seus direitos trabalhistas em 2025 e como agir em caso de acidente, demiss\u00e3o ou jornada excessiva","og_url":"https:\/\/carvalhoadvogado.aliamkt.com\/index.php\/2025\/01\/10\/guia-do-motoboy-2025-direitos-trabalhistas-e-dicas-essenciais\/","og_site_name":"Pedro Carvalho Advogado Trabalhista","article_published_time":"2025-01-10T18:26:00+00:00","article_modified_time":"2025-07-28T14:16:39+00:00","og_image":[{"width":1080,"height":1350,"url":"https:\/\/carvalhoadvogado.aliamkt.com\/wp-content\/uploads\/2025\/01\/direitos-trabalhista-do-motoboy-.png","type":"image\/png"}],"author":"lailacarvalhoadv","twitter_card":"summary_large_image","twitter_misc":{"Escrito por":"lailacarvalhoadv","Est. tempo de leitura":"13 minutos"},"schema":{"@context":"https:\/\/schema.org","@graph":[{"@type":"Article","@id":"https:\/\/carvalhoadvogado.aliamkt.com\/index.php\/2025\/01\/10\/guia-do-motoboy-2025-direitos-trabalhistas-e-dicas-essenciais\/#article","isPartOf":{"@id":"https:\/\/carvalhoadvogado.aliamkt.com\/index.php\/2025\/01\/10\/guia-do-motoboy-2025-direitos-trabalhistas-e-dicas-essenciais\/"},"author":{"name":"lailacarvalhoadv","@id":"https:\/\/carvalhoadvogado.aliamkt.com\/#\/schema\/person\/8f4d67ba57d6160ee802836a319bd8eb"},"headline":"Direitos do Motoboy em 2025: Saiba o que a Lei Garante a Voc\u00ea","datePublished":"2025-01-10T18:26:00+00:00","dateModified":"2025-07-28T14:16:39+00:00","mainEntityOfPage":{"@id":"https:\/\/carvalhoadvogado.aliamkt.com\/index.php\/2025\/01\/10\/guia-do-motoboy-2025-direitos-trabalhistas-e-dicas-essenciais\/"},"wordCount":2576,"commentCount":0,"publisher":{"@id":"https:\/\/carvalhoadvogado.aliamkt.com\/#organization"},"image":{"@id":"https:\/\/carvalhoadvogado.aliamkt.com\/index.php\/2025\/01\/10\/guia-do-motoboy-2025-direitos-trabalhistas-e-dicas-essenciais\/#primaryimage"},"thumbnailUrl":"https:\/\/carvalhoadvogado.aliamkt.com\/wp-content\/uploads\/2025\/01\/direitos-trabalhista-do-motoboy-.png","articleSection":["Direito Trabalhista"],"inLanguage":"pt-BR","potentialAction":[{"@type":"CommentAction","name":"Comment","target":["https:\/\/carvalhoadvogado.aliamkt.com\/index.php\/2025\/01\/10\/guia-do-motoboy-2025-direitos-trabalhistas-e-dicas-essenciais\/#respond"]}]},{"@type":"WebPage","@id":"https:\/\/carvalhoadvogado.aliamkt.com\/index.php\/2025\/01\/10\/guia-do-motoboy-2025-direitos-trabalhistas-e-dicas-essenciais\/","url":"https:\/\/carvalhoadvogado.aliamkt.com\/index.php\/2025\/01\/10\/guia-do-motoboy-2025-direitos-trabalhistas-e-dicas-essenciais\/","name":"Direitos do Motoboy em 2025: Saiba o que a Lei Garante a Voc\u00ea","isPartOf":{"@id":"https:\/\/carvalhoadvogado.aliamkt.com\/#website"},"primaryImageOfPage":{"@id":"https:\/\/carvalhoadvogado.aliamkt.com\/index.php\/2025\/01\/10\/guia-do-motoboy-2025-direitos-trabalhistas-e-dicas-essenciais\/#primaryimage"},"image":{"@id":"https:\/\/carvalhoadvogado.aliamkt.com\/index.php\/2025\/01\/10\/guia-do-motoboy-2025-direitos-trabalhistas-e-dicas-essenciais\/#primaryimage"},"thumbnailUrl":"https:\/\/carvalhoadvogado.aliamkt.com\/wp-content\/uploads\/2025\/01\/direitos-trabalhista-do-motoboy-.png","datePublished":"2025-01-10T18:26:00+00:00","dateModified":"2025-07-28T14:16:39+00:00","description":"Motoboy CLT ou aut\u00f4nomo? Descubra quais s\u00e3o seus direitos trabalhistas em 2025 e como agir em caso de acidente, demiss\u00e3o ou jornada excessiva","breadcrumb":{"@id":"https:\/\/carvalhoadvogado.aliamkt.com\/index.php\/2025\/01\/10\/guia-do-motoboy-2025-direitos-trabalhistas-e-dicas-essenciais\/#breadcrumb"},"inLanguage":"pt-BR","potentialAction":[{"@type":"ReadAction","target":["https:\/\/carvalhoadvogado.aliamkt.com\/index.php\/2025\/01\/10\/guia-do-motoboy-2025-direitos-trabalhistas-e-dicas-essenciais\/"]}]},{"@type":"ImageObject","inLanguage":"pt-BR","@id":"https:\/\/carvalhoadvogado.aliamkt.com\/index.php\/2025\/01\/10\/guia-do-motoboy-2025-direitos-trabalhistas-e-dicas-essenciais\/#primaryimage","url":"https:\/\/carvalhoadvogado.aliamkt.com\/wp-content\/uploads\/2025\/01\/direitos-trabalhista-do-motoboy-.png","contentUrl":"https:\/\/carvalhoadvogado.aliamkt.com\/wp-content\/uploads\/2025\/01\/direitos-trabalhista-do-motoboy-.png","width":1080,"height":1350},{"@type":"BreadcrumbList","@id":"https:\/\/carvalhoadvogado.aliamkt.com\/index.php\/2025\/01\/10\/guia-do-motoboy-2025-direitos-trabalhistas-e-dicas-essenciais\/#breadcrumb","itemListElement":[{"@type":"ListItem","position":1,"name":"In\u00edcio","item":"https:\/\/carvalhoadvogado.aliamkt.com\/"},{"@type":"ListItem","position":2,"name":"Direitos do Motoboy em 2025: Saiba o que a Lei Garante a Voc\u00ea"}]},{"@type":"WebSite","@id":"https:\/\/carvalhoadvogado.aliamkt.com\/#website","url":"https:\/\/carvalhoadvogado.aliamkt.com\/","name":"Pedro Carvalho Advogado","description":"Advogado Trabalhista","publisher":{"@id":"https:\/\/carvalhoadvogado.aliamkt.com\/#organization"},"potentialAction":[{"@type":"SearchAction","target":{"@type":"EntryPoint","urlTemplate":"https:\/\/carvalhoadvogado.aliamkt.com\/?s={search_term_string}"},"query-input":{"@type":"PropertyValueSpecification","valueRequired":true,"valueName":"search_term_string"}}],"inLanguage":"pt-BR"},{"@type":"Organization","@id":"https:\/\/carvalhoadvogado.aliamkt.com\/#organization","name":"Pedro Carvalho Advogado","url":"https:\/\/carvalhoadvogado.aliamkt.com\/","logo":{"@type":"ImageObject","inLanguage":"pt-BR","@id":"https:\/\/carvalhoadvogado.aliamkt.com\/#\/schema\/logo\/image\/","url":"https:\/\/carvalhoadvogado.aliamkt.com\/wp-content\/uploads\/2024\/06\/Logo-azul.png","contentUrl":"https:\/\/carvalhoadvogado.aliamkt.com\/wp-content\/uploads\/2024\/06\/Logo-azul.png","width":500,"height":500,"caption":"Pedro Carvalho Advogado"},"image":{"@id":"https:\/\/carvalhoadvogado.aliamkt.com\/#\/schema\/logo\/image\/"}},{"@type":"Person","@id":"https:\/\/carvalhoadvogado.aliamkt.com\/#\/schema\/person\/8f4d67ba57d6160ee802836a319bd8eb","name":"lailacarvalhoadv","image":{"@type":"ImageObject","inLanguage":"pt-BR","@id":"https:\/\/secure.gravatar.com\/avatar\/a60961139a792fb5ca701fab485f653a1b3cc37cf8dbd4937b4134105caf5369?s=96&d=mm&r=g","url":"https:\/\/secure.gravatar.com\/avatar\/a60961139a792fb5ca701fab485f653a1b3cc37cf8dbd4937b4134105caf5369?s=96&d=mm&r=g","contentUrl":"https:\/\/secure.gravatar.com\/avatar\/a60961139a792fb5ca701fab485f653a1b3cc37cf8dbd4937b4134105caf5369?s=96&d=mm&r=g","caption":"lailacarvalhoadv"},"sameAs":["https:\/\/carvalhoadvogado.aliamkt.com"],"url":"https:\/\/carvalhoadvogado.aliamkt.com\/index.php\/author\/lailacarvalhoadv\/"}]}},"_links":{"self":[{"href":"https:\/\/carvalhoadvogado.aliamkt.com\/index.php\/wp-json\/wp\/v2\/posts\/658","targetHints":{"allow":["GET"]}}],"collection":[{"href":"https:\/\/carvalhoadvogado.aliamkt.com\/index.php\/wp-json\/wp\/v2\/posts"}],"about":[{"href":"https:\/\/carvalhoadvogado.aliamkt.com\/index.php\/wp-json\/wp\/v2\/types\/post"}],"author":[{"embeddable":true,"href":"https:\/\/carvalhoadvogado.aliamkt.com\/index.php\/wp-json\/wp\/v2\/users\/1"}],"replies":[{"embeddable":true,"href":"https:\/\/carvalhoadvogado.aliamkt.com\/index.php\/wp-json\/wp\/v2\/comments?post=658"}],"version-history":[{"count":2,"href":"https:\/\/carvalhoadvogado.aliamkt.com\/index.php\/wp-json\/wp\/v2\/posts\/658\/revisions"}],"predecessor-version":[{"id":890,"href":"https:\/\/carvalhoadvogado.aliamkt.com\/index.php\/wp-json\/wp\/v2\/posts\/658\/revisions\/890"}],"wp:featuredmedia":[{"embeddable":true,"href":"https:\/\/carvalhoadvogado.aliamkt.com\/index.php\/wp-json\/wp\/v2\/media\/659"}],"wp:attachment":[{"href":"https:\/\/carvalhoadvogado.aliamkt.com\/index.php\/wp-json\/wp\/v2\/media?parent=658"}],"wp:term":[{"taxonomy":"category","embeddable":true,"href":"https:\/\/carvalhoadvogado.aliamkt.com\/index.php\/wp-json\/wp\/v2\/categories?post=658"},{"taxonomy":"post_tag","embeddable":true,"href":"https:\/\/carvalhoadvogado.aliamkt.com\/index.php\/wp-json\/wp\/v2\/tags?post=658"}],"curies":[{"name":"wp","href":"https:\/\/api.w.org\/{rel}","templated":true}]}}