{"id":808,"date":"2025-06-19T10:51:33","date_gmt":"2025-06-19T13:51:33","guid":{"rendered":"https:\/\/carvalhoadvogado.aliamkt.com\/?p=808"},"modified":"2025-06-20T09:53:32","modified_gmt":"2025-06-20T12:53:32","slug":"fui-notificado-pela-justica-do-trabalho-o-que-fazer-agora","status":"publish","type":"post","link":"https:\/\/carvalhoadvogado.aliamkt.com\/index.php\/2025\/06\/19\/fui-notificado-pela-justica-do-trabalho-o-que-fazer-agora\/","title":{"rendered":"Fui Notificado pela Justi\u00e7a do Trabalho: O Que Fazer Agora?"},"content":{"rendered":"<p><span style=\"font-weight: 400;\">Se sua empresa acaba de receber uma <\/span><b>notifica\u00e7\u00e3o da Justi\u00e7a do Trabalho<\/b><span style=\"font-weight: 400;\">, pare tudo e leia este artigo at\u00e9 o fim. Agir com rapidez e estrat\u00e9gia pode ser a diferen\u00e7a entre uma <\/span><b>condena\u00e7\u00e3o milion\u00e1ria<\/b><span style=\"font-weight: 400;\"> e a <\/span><b>preserva\u00e7\u00e3o do seu caixa<\/b><span style=\"font-weight: 400;\">.<\/span><\/p>\n<p><span style=\"font-weight: 400;\">Neste guia completo, voc\u00ea vai entender:<\/span><\/p>\n<ul>\n<li style=\"font-weight: 400;\" aria-level=\"1\"><span style=\"font-weight: 400;\">O que significa essa notifica\u00e7\u00e3o;<\/span><\/li>\n<li style=\"font-weight: 400;\" aria-level=\"1\"><span style=\"font-weight: 400;\">Quais os prazos para se defender;<\/span><\/li>\n<li style=\"font-weight: 400;\" aria-level=\"1\"><span style=\"font-weight: 400;\">O que pode acontecer se voc\u00ea ignorar;<\/span><\/li>\n<li style=\"font-weight: 400;\" aria-level=\"1\"><span style=\"font-weight: 400;\">Como um advogado especializado pode salvar sua empresa.<\/span><\/li>\n<\/ul>\n<h2><b>O Que \u00c9 uma Notifica\u00e7\u00e3o da Justi\u00e7a do Trabalho?<\/b><\/h2>\n<p><span style=\"font-weight: 400;\">A notifica\u00e7\u00e3o indica que <\/span><b>um ex-funcion\u00e1rio entrou com uma a\u00e7\u00e3o trabalhista<\/b><span style=\"font-weight: 400;\"> contra a sua empresa. Ela geralmente vem acompanhada da <\/span><b>inicial do processo<\/b><span style=\"font-weight: 400;\">, com a lista de pedidos do reclamante e a <\/span><b>data da audi\u00eancia inicial<\/b><span style=\"font-weight: 400;\">.<\/span><\/p>\n<p><span style=\"font-weight: 400;\">Essa audi\u00eancia costuma ser de <\/span><b>concilia\u00e7\u00e3o<\/b><span style=\"font-weight: 400;\">, mas j\u00e1 exige prepara\u00e7\u00e3o. Se voc\u00ea n\u00e3o comparecer ou n\u00e3o apresentar defesa no prazo, poder\u00e1 sofrer <\/span><b>revelia<\/b><span style=\"font-weight: 400;\"> e <\/span><b>confiss\u00e3o f\u00edcta<\/b><span style=\"font-weight: 400;\">.<\/span><\/p>\n<h2><b>Revelia: O Risco Que N\u00e3o Vale a Pena Correr<\/b><\/h2>\n<p><span style=\"font-weight: 400;\">A revelia acontece quando a empresa <\/span><b>n\u00e3o comparece \u00e0 audi\u00eancia<\/b><span style=\"font-weight: 400;\"> ou <\/span><b>n\u00e3o apresenta defesa<\/b><span style=\"font-weight: 400;\"> dentro do prazo. Nesse caso, o juiz <\/span><b>presume que todos os pedidos do trabalhador s\u00e3o verdadeiros<\/b><span style=\"font-weight: 400;\">, o que aumenta drasticamente as chances de condena\u00e7\u00e3o.<\/span><\/p>\n<p><b>Exemplo real:<\/b><span style=\"font-weight: 400;\"> Empresas que ignoraram notifica\u00e7\u00f5es j\u00e1 foram condenadas a pagar <\/span><b>valores acima de R$ 200 mil<\/b><span style=\"font-weight: 400;\">, mesmo em casos que poderiam ser facilmente contestados com uma boa defesa.<\/span><\/p>\n<h2><b>Prazos: Atue R\u00e1pido!<\/b><\/h2>\n<p><span style=\"font-weight: 400;\">Ap\u00f3s a notifica\u00e7\u00e3o, voc\u00ea tem poucos dias para agir:<\/span><\/p>\n<ul>\n<li style=\"font-weight: 400;\" aria-level=\"1\"><b>Apresentar defesa:<\/b><span style=\"font-weight: 400;\"> at\u00e9 a data da primeira audi\u00eancia;<\/span><\/li>\n<li style=\"font-weight: 400;\" aria-level=\"1\"><b>Constituir advogado:<\/b><span style=\"font-weight: 400;\"> o quanto antes para elaborar a defesa t\u00e9cnica;<\/span><\/li>\n<li style=\"font-weight: 400;\" aria-level=\"1\"><b>Juntar documentos:<\/b><span style=\"font-weight: 400;\"> como contracheques, ponto, contrato, recibos e provas de quita\u00e7\u00e3o.<\/span><\/li>\n<\/ul>\n<h2><b>Como se Defender com Intelig\u00eancia<\/b><\/h2>\n<ol>\n<li style=\"font-weight: 400;\" aria-level=\"1\"><b>Evite acordos apressados.<\/b><span style=\"font-weight: 400;\"> N\u00e3o aceite qualquer proposta sem avaliar os riscos e a legalidade.<\/span><\/li>\n<li style=\"font-weight: 400;\" aria-level=\"1\"><b>Re\u00fana toda a documenta\u00e7\u00e3o<\/b><span style=\"font-weight: 400;\"> referente ao ex-colaborador e ao per\u00edodo de trabalho.<\/span><\/li>\n<li style=\"font-weight: 400;\" aria-level=\"1\"><b>Contrate um advogado trabalhista experiente.<\/b><span style=\"font-weight: 400;\"> Ele vai montar sua defesa, participar da audi\u00eancia e proteger seus interesses.<\/span><\/li>\n<\/ol>\n<h2><b>N\u00e3o Tenho Advogado. Posso Me Defender Sozinho?<\/b><\/h2>\n<p><span style=\"font-weight: 400;\">Tecnicamente, sim. Mas \u00e9 um <\/span><b>erro estrat\u00e9gico grave<\/b><span style=\"font-weight: 400;\">.<\/span><\/p>\n<p><span style=\"font-weight: 400;\">Processos trabalhistas envolvem <\/span><b>leis espec\u00edficas, prazos curtos<\/b><span style=\"font-weight: 400;\"> e <\/span><b>detalhes t\u00e9cnicos<\/b><span style=\"font-weight: 400;\"> que s\u00f3 um <\/span><a href=\"https:\/\/carvalhoadvogado.aliamkt.com\/index.php\/2025\/05\/21\/reversao-da-demissao-por-justa-causa\/\"><span style=\"font-weight: 400;\">advogado especialista<\/span><\/a><span style=\"font-weight: 400;\"> domina. Al\u00e9m disso, a postura da empresa na audi\u00eancia \u00e9 decisiva.<\/span><\/p>\n<p><b>Quem entra despreparado, sai condenado.<\/b><\/p>\n<h2><b>Dica: Nem Sempre Vale a Pena Disputar Tudo<\/b><\/h2>\n<p><span style=\"font-weight: 400;\">Em alguns casos, fazer um acordo vantajoso \u00e9 melhor do que arrastar um processo por anos. Seu advogado saber\u00e1 avaliar:<\/span><\/p>\n<ul>\n<li style=\"font-weight: 400;\" aria-level=\"1\"><span style=\"font-weight: 400;\">Quais pedidos s\u00e3o indevidos;<\/span><\/li>\n<li style=\"font-weight: 400;\" aria-level=\"1\"><span style=\"font-weight: 400;\">Quais voc\u00ea pode contestar com provas;<\/span><\/li>\n<li style=\"font-weight: 400;\" aria-level=\"1\"><span style=\"font-weight: 400;\">Quando vale mais a pena negociar.<\/span><\/li>\n<\/ul>\n<h2><b>O Que Pode Estar em Jogo?<\/b><\/h2>\n<p><span style=\"font-weight: 400;\">A depender da peti\u00e7\u00e3o inicial, voc\u00ea pode estar sendo cobrado por:<\/span><\/p>\n<ul>\n<li style=\"font-weight: 400;\" aria-level=\"1\"><span style=\"font-weight: 400;\">Horas extras n\u00e3o pagas;<\/span><\/li>\n<li style=\"font-weight: 400;\" aria-level=\"1\"><span style=\"font-weight: 400;\">Verbas rescis\u00f3rias;<\/span><\/li>\n<li style=\"font-weight: 400;\" aria-level=\"1\"><span style=\"font-weight: 400;\">Danos morais e existenciais;<\/span><\/li>\n<li style=\"font-weight: 400;\" aria-level=\"1\"><span style=\"font-weight: 400;\">Multa do artigo 477 ou 467 da CLT;<\/span><\/li>\n<li style=\"font-weight: 400;\" aria-level=\"1\"><span style=\"font-weight: 400;\">Reconhecimento de v\u00ednculo de emprego (se era PJ ou MEI);<\/span><\/li>\n<li style=\"font-weight: 400;\" aria-level=\"1\"><span style=\"font-weight: 400;\">Adicional de insalubridade ou periculosidade;<\/span><\/li>\n<li style=\"font-weight: 400;\" aria-level=\"1\"><span style=\"font-weight: 400;\">Intervalos n\u00e3o concedidos;<\/span><\/li>\n<li style=\"font-weight: 400;\" aria-level=\"1\"><span style=\"font-weight: 400;\">Entre outros.<\/span><\/li>\n<\/ul>\n<h2><b>O Que Fazer Agora?<\/b><\/h2>\n<p><img fetchpriority=\"high\" decoding=\"async\" class=\"\" src=\"https:\/\/sdmntprpolandcentral.oaiusercontent.com\/files\/00000000-2eac-620a-bdb5-2665035b3b46\/raw?se=2025-06-19T13%3A49%3A08Z&amp;sp=r&amp;sv=2024-08-04&amp;sr=b&amp;scid=f2aafdb2-224e-5f79-9ff6-438d85e069fa&amp;skoid=82a3371f-2f6c-4f81-8a78-2701b362559b&amp;sktid=a48cca56-e6da-484e-a814-9c849652bcb3&amp;skt=2025-06-19T12%3A39%3A46Z&amp;ske=2025-06-20T12%3A39%3A46Z&amp;sks=b&amp;skv=2024-08-04&amp;sig=S%2BST4\/AvStRfuaPW8HN%2BIj%2BgKXSVRR\/%2BNcCVSjDxUGA%3D\" alt=\"Imagem gerada\" width=\"296\" height=\"296\" \/><\/p>\n<ol>\n<li style=\"font-weight: 400;\" aria-level=\"1\"><b>Leia com aten\u00e7\u00e3o a notifica\u00e7\u00e3o.<\/b><span style=\"font-weight: 400;\"> Anote a data da audi\u00eancia e organize os documentos.<\/span><\/li>\n<li style=\"font-weight: 400;\" aria-level=\"1\"><b>N\u00e3o ignore!<\/b><span style=\"font-weight: 400;\"> Mesmo que voc\u00ea ache que est\u00e1 certo, voc\u00ea precisa se manifestar.<\/span><\/li>\n<li style=\"font-weight: 400;\" aria-level=\"1\"><b>Busque assessoria jur\u00eddica imediata.<\/b><span style=\"font-weight: 400;\"> Quanto antes um advogado entrar, mais chances voc\u00ea tem de reduzir ou anular uma condena\u00e7\u00e3o.<\/span><\/li>\n<\/ol>\n<h2><b>Conclus\u00e3o: N\u00e3o Deixe o Preju\u00edzo Acontecer<\/b><\/h2>\n<p><span style=\"font-weight: 400;\">A notifica\u00e7\u00e3o trabalhista \u00e9 um alerta s\u00e9rio. N\u00e3o \u00e9 hora de empurrar com a barriga ou agir por impulso. Sua empresa precisa de uma estrat\u00e9gia jur\u00eddica r\u00e1pida, t\u00e9cnica e eficaz.<\/span><\/p>\n<p><b>Fale agora com o Dr. Pedro Carvalho<\/b><span style=\"font-weight: 400;\">, advogado especialista em defesa de empresas na Justi\u00e7a do Trabalho. Atue antes que o processo vire uma condena\u00e7\u00e3o.<\/span><\/p>\n<h3><b>D\u00favidas Frequentes (FAQ)<\/b><\/h3>\n<ol>\n<li><b> Recebi uma cita\u00e7\u00e3o e n\u00e3o entendi nada. Posso ignorar?<\/b><span style=\"font-weight: 400;\"> N\u00e3o. Ignorar o processo pode gerar condena\u00e7\u00e3o por revelia. Procure um advogado imediatamente.<\/span><\/li>\n<li><b> E se minha empresa for pequena e sem contabilidade organizada?<\/b><span style=\"font-weight: 400;\"> Ainda assim, voc\u00ea tem direito de defesa. Um advogado especializado saber\u00e1 como montar uma estrat\u00e9gia mesmo com provas limitadas.<\/span><\/li>\n<li><b> Posso ser preso por processo trabalhista?<\/b><span style=\"font-weight: 400;\"> N\u00e3o. Processos trabalhistas n\u00e3o envolvem pris\u00e3o. Mas podem gerar penhora de bens e bloqueio de contas.<\/span><\/li>\n<li><b> Qual o prazo para contratar advogado?<\/b><span style=\"font-weight: 400;\"> De prefer\u00eancia, <\/span><b>em at\u00e9 2 dias ap\u00f3s o recebimento da notifica\u00e7\u00e3o<\/b><span style=\"font-weight: 400;\">. Isso garante tempo h\u00e1bil para montar a defesa.<\/span><\/li>\n<\/ol>\n<p>&nbsp;<\/p>\n<p><span style=\"font-weight: 400;\">Estar bem informado \u00e9 o primeiro passo para tomar decis\u00f5es conscientes e defender seus interesses. Compartilhe este guia com seus amigos e familiares e ajude a espalhar conhecimento sobre os <\/span><b>direitos dos trabalhadores<\/b><span style=\"font-weight: 400;\">!<\/span><\/p>\n<p><b>Fale com o Dr. Pedro Carvalho!<\/b><\/p>\n<p><b>Clique no bot\u00e3o abaixo e obtenha a orienta\u00e7\u00e3o jur\u00eddica que voc\u00ea precisa para resolver suas quest\u00f5es com seguran\u00e7a e confian\u00e7a.\u00a0<\/b><\/p>\n<p><a href=\"https:\/\/carvalhoadvogado.aliamkt.com\/index.php\/2025\/05\/07\/processar-a-empresa-trabalhando-mito-ou-direito-seu\/\"><b>revers\u00e3o da demiss\u00e3o por justa causa.<\/b><\/a><\/p>\n<p><a href=\"https:\/\/wa.me\/5531975283687\"><b>Fale comigo agora mesmo<\/b><\/a><\/p>\n<p><b>Siga-nos na rede social, @pedroncarvalhoadv, e fique por dentro das \u00faltimas novidades!<\/b><\/p>\n","protected":false},"excerpt":{"rendered":"<p>Se sua empresa acaba de receber uma notifica\u00e7\u00e3o da Justi\u00e7a do Trabalho, pare tudo e leia este artigo at\u00e9 o fim. Agir com rapidez e estrat\u00e9gia pode ser a diferen\u00e7a entre uma condena\u00e7\u00e3o milion\u00e1ria e a preserva\u00e7\u00e3o do seu caixa. Neste guia completo, voc\u00ea vai entender: O que significa essa notifica\u00e7\u00e3o; Quais os prazos para [&hellip;]<\/p>\n","protected":false},"author":1,"featured_media":809,"comment_status":"open","ping_status":"open","sticky":false,"template":"","format":"standard","meta":{"_joinchat":[],"footnotes":""},"categories":[6],"tags":[],"class_list":["post-808","post","type-post","status-publish","format-standard","has-post-thumbnail","hentry","category-direito-trabalhista"],"yoast_head":"<!-- This site is optimized with the Yoast SEO plugin v27.5 - https:\/\/yoast.com\/product\/yoast-seo-wordpress\/ -->\n<title>Fui Notificado pela Justi\u00e7a do Trabalho: O Que Fazer Agora? - Pedro Carvalho Advogado Trabalhista<\/title>\n<meta name=\"description\" content=\"Recebeu uma notifica\u00e7\u00e3o da Justi\u00e7a do Trabalho? Entenda seus direitos, prazos e como agir para proteger sua empresa de preju\u00edzos e condena\u00e7\u00f5es.\" \/>\n<meta name=\"robots\" content=\"index, follow, max-snippet:-1, max-image-preview:large, max-video-preview:-1\" \/>\n<link rel=\"canonical\" href=\"https:\/\/carvalhoadvogado.aliamkt.com\/index.php\/2025\/06\/19\/fui-notificado-pela-justica-do-trabalho-o-que-fazer-agora\/\" \/>\n<meta property=\"og:locale\" content=\"pt_BR\" \/>\n<meta property=\"og:type\" content=\"article\" \/>\n<meta property=\"og:title\" content=\"Fui Notificado pela Justi\u00e7a do Trabalho: O Que Fazer Agora? - Pedro Carvalho Advogado Trabalhista\" \/>\n<meta property=\"og:description\" content=\"Recebeu uma notifica\u00e7\u00e3o da Justi\u00e7a do Trabalho? Entenda seus direitos, prazos e como agir para proteger sua empresa de preju\u00edzos e condena\u00e7\u00f5es.\" \/>\n<meta property=\"og:url\" content=\"https:\/\/carvalhoadvogado.aliamkt.com\/index.php\/2025\/06\/19\/fui-notificado-pela-justica-do-trabalho-o-que-fazer-agora\/\" \/>\n<meta property=\"og:site_name\" content=\"Pedro Carvalho Advogado Trabalhista\" \/>\n<meta property=\"article:published_time\" content=\"2025-06-19T13:51:33+00:00\" \/>\n<meta property=\"article:modified_time\" content=\"2025-06-20T12:53:32+00:00\" \/>\n<meta property=\"og:image\" content=\"https:\/\/carvalhoadvogado.aliamkt.com\/wp-content\/uploads\/2025\/06\/direitos-do-trabalho.png\" \/>\n\t<meta property=\"og:image:width\" content=\"1024\" \/>\n\t<meta property=\"og:image:height\" content=\"1024\" \/>\n\t<meta property=\"og:image:type\" content=\"image\/png\" \/>\n<meta name=\"author\" content=\"lailacarvalhoadv\" \/>\n<meta name=\"twitter:card\" content=\"summary_large_image\" \/>\n<meta name=\"twitter:label1\" content=\"Escrito por\" \/>\n\t<meta name=\"twitter:data1\" content=\"lailacarvalhoadv\" \/>\n\t<meta name=\"twitter:label2\" content=\"Est. tempo de leitura\" \/>\n\t<meta name=\"twitter:data2\" content=\"5 minutos\" \/>\n<script type=\"application\/ld+json\" class=\"yoast-schema-graph\">{\"@context\":\"https:\\\/\\\/schema.org\",\"@graph\":[{\"@type\":\"Article\",\"@id\":\"https:\\\/\\\/carvalhoadvogado.aliamkt.com\\\/index.php\\\/2025\\\/06\\\/19\\\/fui-notificado-pela-justica-do-trabalho-o-que-fazer-agora\\\/#article\",\"isPartOf\":{\"@id\":\"https:\\\/\\\/carvalhoadvogado.aliamkt.com\\\/index.php\\\/2025\\\/06\\\/19\\\/fui-notificado-pela-justica-do-trabalho-o-que-fazer-agora\\\/\"},\"author\":{\"name\":\"lailacarvalhoadv\",\"@id\":\"https:\\\/\\\/carvalhoadvogado.aliamkt.com\\\/#\\\/schema\\\/person\\\/8f4d67ba57d6160ee802836a319bd8eb\"},\"headline\":\"Fui Notificado pela Justi\u00e7a do Trabalho: O Que Fazer Agora?\",\"datePublished\":\"2025-06-19T13:51:33+00:00\",\"dateModified\":\"2025-06-20T12:53:32+00:00\",\"mainEntityOfPage\":{\"@id\":\"https:\\\/\\\/carvalhoadvogado.aliamkt.com\\\/index.php\\\/2025\\\/06\\\/19\\\/fui-notificado-pela-justica-do-trabalho-o-que-fazer-agora\\\/\"},\"wordCount\":838,\"commentCount\":0,\"publisher\":{\"@id\":\"https:\\\/\\\/carvalhoadvogado.aliamkt.com\\\/#organization\"},\"image\":{\"@id\":\"https:\\\/\\\/carvalhoadvogado.aliamkt.com\\\/index.php\\\/2025\\\/06\\\/19\\\/fui-notificado-pela-justica-do-trabalho-o-que-fazer-agora\\\/#primaryimage\"},\"thumbnailUrl\":\"https:\\\/\\\/carvalhoadvogado.aliamkt.com\\\/wp-content\\\/uploads\\\/2025\\\/06\\\/direitos-do-trabalho.png\",\"articleSection\":[\"Direito Trabalhista\"],\"inLanguage\":\"pt-BR\",\"potentialAction\":[{\"@type\":\"CommentAction\",\"name\":\"Comment\",\"target\":[\"https:\\\/\\\/carvalhoadvogado.aliamkt.com\\\/index.php\\\/2025\\\/06\\\/19\\\/fui-notificado-pela-justica-do-trabalho-o-que-fazer-agora\\\/#respond\"]}]},{\"@type\":\"WebPage\",\"@id\":\"https:\\\/\\\/carvalhoadvogado.aliamkt.com\\\/index.php\\\/2025\\\/06\\\/19\\\/fui-notificado-pela-justica-do-trabalho-o-que-fazer-agora\\\/\",\"url\":\"https:\\\/\\\/carvalhoadvogado.aliamkt.com\\\/index.php\\\/2025\\\/06\\\/19\\\/fui-notificado-pela-justica-do-trabalho-o-que-fazer-agora\\\/\",\"name\":\"Fui Notificado pela Justi\u00e7a do Trabalho: O Que Fazer Agora? - Pedro Carvalho Advogado Trabalhista\",\"isPartOf\":{\"@id\":\"https:\\\/\\\/carvalhoadvogado.aliamkt.com\\\/#website\"},\"primaryImageOfPage\":{\"@id\":\"https:\\\/\\\/carvalhoadvogado.aliamkt.com\\\/index.php\\\/2025\\\/06\\\/19\\\/fui-notificado-pela-justica-do-trabalho-o-que-fazer-agora\\\/#primaryimage\"},\"image\":{\"@id\":\"https:\\\/\\\/carvalhoadvogado.aliamkt.com\\\/index.php\\\/2025\\\/06\\\/19\\\/fui-notificado-pela-justica-do-trabalho-o-que-fazer-agora\\\/#primaryimage\"},\"thumbnailUrl\":\"https:\\\/\\\/carvalhoadvogado.aliamkt.com\\\/wp-content\\\/uploads\\\/2025\\\/06\\\/direitos-do-trabalho.png\",\"datePublished\":\"2025-06-19T13:51:33+00:00\",\"dateModified\":\"2025-06-20T12:53:32+00:00\",\"description\":\"Recebeu uma notifica\u00e7\u00e3o da Justi\u00e7a do Trabalho? Entenda seus direitos, prazos e como agir para proteger sua empresa de preju\u00edzos e condena\u00e7\u00f5es.\",\"breadcrumb\":{\"@id\":\"https:\\\/\\\/carvalhoadvogado.aliamkt.com\\\/index.php\\\/2025\\\/06\\\/19\\\/fui-notificado-pela-justica-do-trabalho-o-que-fazer-agora\\\/#breadcrumb\"},\"inLanguage\":\"pt-BR\",\"potentialAction\":[{\"@type\":\"ReadAction\",\"target\":[\"https:\\\/\\\/carvalhoadvogado.aliamkt.com\\\/index.php\\\/2025\\\/06\\\/19\\\/fui-notificado-pela-justica-do-trabalho-o-que-fazer-agora\\\/\"]}]},{\"@type\":\"ImageObject\",\"inLanguage\":\"pt-BR\",\"@id\":\"https:\\\/\\\/carvalhoadvogado.aliamkt.com\\\/index.php\\\/2025\\\/06\\\/19\\\/fui-notificado-pela-justica-do-trabalho-o-que-fazer-agora\\\/#primaryimage\",\"url\":\"https:\\\/\\\/carvalhoadvogado.aliamkt.com\\\/wp-content\\\/uploads\\\/2025\\\/06\\\/direitos-do-trabalho.png\",\"contentUrl\":\"https:\\\/\\\/carvalhoadvogado.aliamkt.com\\\/wp-content\\\/uploads\\\/2025\\\/06\\\/direitos-do-trabalho.png\",\"width\":1024,\"height\":1024},{\"@type\":\"BreadcrumbList\",\"@id\":\"https:\\\/\\\/carvalhoadvogado.aliamkt.com\\\/index.php\\\/2025\\\/06\\\/19\\\/fui-notificado-pela-justica-do-trabalho-o-que-fazer-agora\\\/#breadcrumb\",\"itemListElement\":[{\"@type\":\"ListItem\",\"position\":1,\"name\":\"In\u00edcio\",\"item\":\"https:\\\/\\\/carvalhoadvogado.aliamkt.com\\\/\"},{\"@type\":\"ListItem\",\"position\":2,\"name\":\"Fui Notificado pela Justi\u00e7a do Trabalho: O Que Fazer Agora?\"}]},{\"@type\":\"WebSite\",\"@id\":\"https:\\\/\\\/carvalhoadvogado.aliamkt.com\\\/#website\",\"url\":\"https:\\\/\\\/carvalhoadvogado.aliamkt.com\\\/\",\"name\":\"Pedro Carvalho Advogado\",\"description\":\"Advogado Trabalhista\",\"publisher\":{\"@id\":\"https:\\\/\\\/carvalhoadvogado.aliamkt.com\\\/#organization\"},\"potentialAction\":[{\"@type\":\"SearchAction\",\"target\":{\"@type\":\"EntryPoint\",\"urlTemplate\":\"https:\\\/\\\/carvalhoadvogado.aliamkt.com\\\/?s={search_term_string}\"},\"query-input\":{\"@type\":\"PropertyValueSpecification\",\"valueRequired\":true,\"valueName\":\"search_term_string\"}}],\"inLanguage\":\"pt-BR\"},{\"@type\":\"Organization\",\"@id\":\"https:\\\/\\\/carvalhoadvogado.aliamkt.com\\\/#organization\",\"name\":\"Pedro Carvalho Advogado\",\"url\":\"https:\\\/\\\/carvalhoadvogado.aliamkt.com\\\/\",\"logo\":{\"@type\":\"ImageObject\",\"inLanguage\":\"pt-BR\",\"@id\":\"https:\\\/\\\/carvalhoadvogado.aliamkt.com\\\/#\\\/schema\\\/logo\\\/image\\\/\",\"url\":\"https:\\\/\\\/carvalhoadvogado.aliamkt.com\\\/wp-content\\\/uploads\\\/2024\\\/06\\\/Logo-azul.png\",\"contentUrl\":\"https:\\\/\\\/carvalhoadvogado.aliamkt.com\\\/wp-content\\\/uploads\\\/2024\\\/06\\\/Logo-azul.png\",\"width\":500,\"height\":500,\"caption\":\"Pedro Carvalho Advogado\"},\"image\":{\"@id\":\"https:\\\/\\\/carvalhoadvogado.aliamkt.com\\\/#\\\/schema\\\/logo\\\/image\\\/\"}},{\"@type\":\"Person\",\"@id\":\"https:\\\/\\\/carvalhoadvogado.aliamkt.com\\\/#\\\/schema\\\/person\\\/8f4d67ba57d6160ee802836a319bd8eb\",\"name\":\"lailacarvalhoadv\",\"image\":{\"@type\":\"ImageObject\",\"inLanguage\":\"pt-BR\",\"@id\":\"https:\\\/\\\/secure.gravatar.com\\\/avatar\\\/a60961139a792fb5ca701fab485f653a1b3cc37cf8dbd4937b4134105caf5369?s=96&d=mm&r=g\",\"url\":\"https:\\\/\\\/secure.gravatar.com\\\/avatar\\\/a60961139a792fb5ca701fab485f653a1b3cc37cf8dbd4937b4134105caf5369?s=96&d=mm&r=g\",\"contentUrl\":\"https:\\\/\\\/secure.gravatar.com\\\/avatar\\\/a60961139a792fb5ca701fab485f653a1b3cc37cf8dbd4937b4134105caf5369?s=96&d=mm&r=g\",\"caption\":\"lailacarvalhoadv\"},\"sameAs\":[\"https:\\\/\\\/carvalhoadvogado.aliamkt.com\"],\"url\":\"https:\\\/\\\/carvalhoadvogado.aliamkt.com\\\/index.php\\\/author\\\/lailacarvalhoadv\\\/\"}]}<\/script>\n<!-- \/ Yoast SEO plugin. -->","yoast_head_json":{"title":"Fui Notificado pela Justi\u00e7a do Trabalho: O Que Fazer Agora? - Pedro Carvalho Advogado Trabalhista","description":"Recebeu uma notifica\u00e7\u00e3o da Justi\u00e7a do Trabalho? Entenda seus direitos, prazos e como agir para proteger sua empresa de preju\u00edzos e condena\u00e7\u00f5es.","robots":{"index":"index","follow":"follow","max-snippet":"max-snippet:-1","max-image-preview":"max-image-preview:large","max-video-preview":"max-video-preview:-1"},"canonical":"https:\/\/carvalhoadvogado.aliamkt.com\/index.php\/2025\/06\/19\/fui-notificado-pela-justica-do-trabalho-o-que-fazer-agora\/","og_locale":"pt_BR","og_type":"article","og_title":"Fui Notificado pela Justi\u00e7a do Trabalho: O Que Fazer Agora? - Pedro Carvalho Advogado Trabalhista","og_description":"Recebeu uma notifica\u00e7\u00e3o da Justi\u00e7a do Trabalho? Entenda seus direitos, prazos e como agir para proteger sua empresa de preju\u00edzos e condena\u00e7\u00f5es.","og_url":"https:\/\/carvalhoadvogado.aliamkt.com\/index.php\/2025\/06\/19\/fui-notificado-pela-justica-do-trabalho-o-que-fazer-agora\/","og_site_name":"Pedro Carvalho Advogado Trabalhista","article_published_time":"2025-06-19T13:51:33+00:00","article_modified_time":"2025-06-20T12:53:32+00:00","og_image":[{"width":1024,"height":1024,"url":"https:\/\/carvalhoadvogado.aliamkt.com\/wp-content\/uploads\/2025\/06\/direitos-do-trabalho.png","type":"image\/png"}],"author":"lailacarvalhoadv","twitter_card":"summary_large_image","twitter_misc":{"Escrito por":"lailacarvalhoadv","Est. tempo de leitura":"5 minutos"},"schema":{"@context":"https:\/\/schema.org","@graph":[{"@type":"Article","@id":"https:\/\/carvalhoadvogado.aliamkt.com\/index.php\/2025\/06\/19\/fui-notificado-pela-justica-do-trabalho-o-que-fazer-agora\/#article","isPartOf":{"@id":"https:\/\/carvalhoadvogado.aliamkt.com\/index.php\/2025\/06\/19\/fui-notificado-pela-justica-do-trabalho-o-que-fazer-agora\/"},"author":{"name":"lailacarvalhoadv","@id":"https:\/\/carvalhoadvogado.aliamkt.com\/#\/schema\/person\/8f4d67ba57d6160ee802836a319bd8eb"},"headline":"Fui Notificado pela Justi\u00e7a do Trabalho: O Que Fazer Agora?","datePublished":"2025-06-19T13:51:33+00:00","dateModified":"2025-06-20T12:53:32+00:00","mainEntityOfPage":{"@id":"https:\/\/carvalhoadvogado.aliamkt.com\/index.php\/2025\/06\/19\/fui-notificado-pela-justica-do-trabalho-o-que-fazer-agora\/"},"wordCount":838,"commentCount":0,"publisher":{"@id":"https:\/\/carvalhoadvogado.aliamkt.com\/#organization"},"image":{"@id":"https:\/\/carvalhoadvogado.aliamkt.com\/index.php\/2025\/06\/19\/fui-notificado-pela-justica-do-trabalho-o-que-fazer-agora\/#primaryimage"},"thumbnailUrl":"https:\/\/carvalhoadvogado.aliamkt.com\/wp-content\/uploads\/2025\/06\/direitos-do-trabalho.png","articleSection":["Direito Trabalhista"],"inLanguage":"pt-BR","potentialAction":[{"@type":"CommentAction","name":"Comment","target":["https:\/\/carvalhoadvogado.aliamkt.com\/index.php\/2025\/06\/19\/fui-notificado-pela-justica-do-trabalho-o-que-fazer-agora\/#respond"]}]},{"@type":"WebPage","@id":"https:\/\/carvalhoadvogado.aliamkt.com\/index.php\/2025\/06\/19\/fui-notificado-pela-justica-do-trabalho-o-que-fazer-agora\/","url":"https:\/\/carvalhoadvogado.aliamkt.com\/index.php\/2025\/06\/19\/fui-notificado-pela-justica-do-trabalho-o-que-fazer-agora\/","name":"Fui Notificado pela Justi\u00e7a do Trabalho: O Que Fazer Agora? - Pedro Carvalho Advogado Trabalhista","isPartOf":{"@id":"https:\/\/carvalhoadvogado.aliamkt.com\/#website"},"primaryImageOfPage":{"@id":"https:\/\/carvalhoadvogado.aliamkt.com\/index.php\/2025\/06\/19\/fui-notificado-pela-justica-do-trabalho-o-que-fazer-agora\/#primaryimage"},"image":{"@id":"https:\/\/carvalhoadvogado.aliamkt.com\/index.php\/2025\/06\/19\/fui-notificado-pela-justica-do-trabalho-o-que-fazer-agora\/#primaryimage"},"thumbnailUrl":"https:\/\/carvalhoadvogado.aliamkt.com\/wp-content\/uploads\/2025\/06\/direitos-do-trabalho.png","datePublished":"2025-06-19T13:51:33+00:00","dateModified":"2025-06-20T12:53:32+00:00","description":"Recebeu uma notifica\u00e7\u00e3o da Justi\u00e7a do Trabalho? Entenda seus direitos, prazos e como agir para proteger sua empresa de preju\u00edzos e condena\u00e7\u00f5es.","breadcrumb":{"@id":"https:\/\/carvalhoadvogado.aliamkt.com\/index.php\/2025\/06\/19\/fui-notificado-pela-justica-do-trabalho-o-que-fazer-agora\/#breadcrumb"},"inLanguage":"pt-BR","potentialAction":[{"@type":"ReadAction","target":["https:\/\/carvalhoadvogado.aliamkt.com\/index.php\/2025\/06\/19\/fui-notificado-pela-justica-do-trabalho-o-que-fazer-agora\/"]}]},{"@type":"ImageObject","inLanguage":"pt-BR","@id":"https:\/\/carvalhoadvogado.aliamkt.com\/index.php\/2025\/06\/19\/fui-notificado-pela-justica-do-trabalho-o-que-fazer-agora\/#primaryimage","url":"https:\/\/carvalhoadvogado.aliamkt.com\/wp-content\/uploads\/2025\/06\/direitos-do-trabalho.png","contentUrl":"https:\/\/carvalhoadvogado.aliamkt.com\/wp-content\/uploads\/2025\/06\/direitos-do-trabalho.png","width":1024,"height":1024},{"@type":"BreadcrumbList","@id":"https:\/\/carvalhoadvogado.aliamkt.com\/index.php\/2025\/06\/19\/fui-notificado-pela-justica-do-trabalho-o-que-fazer-agora\/#breadcrumb","itemListElement":[{"@type":"ListItem","position":1,"name":"In\u00edcio","item":"https:\/\/carvalhoadvogado.aliamkt.com\/"},{"@type":"ListItem","position":2,"name":"Fui Notificado pela Justi\u00e7a do Trabalho: O Que Fazer Agora?"}]},{"@type":"WebSite","@id":"https:\/\/carvalhoadvogado.aliamkt.com\/#website","url":"https:\/\/carvalhoadvogado.aliamkt.com\/","name":"Pedro Carvalho Advogado","description":"Advogado Trabalhista","publisher":{"@id":"https:\/\/carvalhoadvogado.aliamkt.com\/#organization"},"potentialAction":[{"@type":"SearchAction","target":{"@type":"EntryPoint","urlTemplate":"https:\/\/carvalhoadvogado.aliamkt.com\/?s={search_term_string}"},"query-input":{"@type":"PropertyValueSpecification","valueRequired":true,"valueName":"search_term_string"}}],"inLanguage":"pt-BR"},{"@type":"Organization","@id":"https:\/\/carvalhoadvogado.aliamkt.com\/#organization","name":"Pedro Carvalho Advogado","url":"https:\/\/carvalhoadvogado.aliamkt.com\/","logo":{"@type":"ImageObject","inLanguage":"pt-BR","@id":"https:\/\/carvalhoadvogado.aliamkt.com\/#\/schema\/logo\/image\/","url":"https:\/\/carvalhoadvogado.aliamkt.com\/wp-content\/uploads\/2024\/06\/Logo-azul.png","contentUrl":"https:\/\/carvalhoadvogado.aliamkt.com\/wp-content\/uploads\/2024\/06\/Logo-azul.png","width":500,"height":500,"caption":"Pedro Carvalho Advogado"},"image":{"@id":"https:\/\/carvalhoadvogado.aliamkt.com\/#\/schema\/logo\/image\/"}},{"@type":"Person","@id":"https:\/\/carvalhoadvogado.aliamkt.com\/#\/schema\/person\/8f4d67ba57d6160ee802836a319bd8eb","name":"lailacarvalhoadv","image":{"@type":"ImageObject","inLanguage":"pt-BR","@id":"https:\/\/secure.gravatar.com\/avatar\/a60961139a792fb5ca701fab485f653a1b3cc37cf8dbd4937b4134105caf5369?s=96&d=mm&r=g","url":"https:\/\/secure.gravatar.com\/avatar\/a60961139a792fb5ca701fab485f653a1b3cc37cf8dbd4937b4134105caf5369?s=96&d=mm&r=g","contentUrl":"https:\/\/secure.gravatar.com\/avatar\/a60961139a792fb5ca701fab485f653a1b3cc37cf8dbd4937b4134105caf5369?s=96&d=mm&r=g","caption":"lailacarvalhoadv"},"sameAs":["https:\/\/carvalhoadvogado.aliamkt.com"],"url":"https:\/\/carvalhoadvogado.aliamkt.com\/index.php\/author\/lailacarvalhoadv\/"}]}},"_links":{"self":[{"href":"https:\/\/carvalhoadvogado.aliamkt.com\/index.php\/wp-json\/wp\/v2\/posts\/808","targetHints":{"allow":["GET"]}}],"collection":[{"href":"https:\/\/carvalhoadvogado.aliamkt.com\/index.php\/wp-json\/wp\/v2\/posts"}],"about":[{"href":"https:\/\/carvalhoadvogado.aliamkt.com\/index.php\/wp-json\/wp\/v2\/types\/post"}],"author":[{"embeddable":true,"href":"https:\/\/carvalhoadvogado.aliamkt.com\/index.php\/wp-json\/wp\/v2\/users\/1"}],"replies":[{"embeddable":true,"href":"https:\/\/carvalhoadvogado.aliamkt.com\/index.php\/wp-json\/wp\/v2\/comments?post=808"}],"version-history":[{"count":1,"href":"https:\/\/carvalhoadvogado.aliamkt.com\/index.php\/wp-json\/wp\/v2\/posts\/808\/revisions"}],"predecessor-version":[{"id":811,"href":"https:\/\/carvalhoadvogado.aliamkt.com\/index.php\/wp-json\/wp\/v2\/posts\/808\/revisions\/811"}],"wp:featuredmedia":[{"embeddable":true,"href":"https:\/\/carvalhoadvogado.aliamkt.com\/index.php\/wp-json\/wp\/v2\/media\/809"}],"wp:attachment":[{"href":"https:\/\/carvalhoadvogado.aliamkt.com\/index.php\/wp-json\/wp\/v2\/media?parent=808"}],"wp:term":[{"taxonomy":"category","embeddable":true,"href":"https:\/\/carvalhoadvogado.aliamkt.com\/index.php\/wp-json\/wp\/v2\/categories?post=808"},{"taxonomy":"post_tag","embeddable":true,"href":"https:\/\/carvalhoadvogado.aliamkt.com\/index.php\/wp-json\/wp\/v2\/tags?post=808"}],"curies":[{"name":"wp","href":"https:\/\/api.w.org\/{rel}","templated":true}]}}