{"id":883,"date":"2025-07-25T13:43:37","date_gmt":"2025-07-25T16:43:37","guid":{"rendered":"https:\/\/carvalhoadvogado.aliamkt.com\/?p=883"},"modified":"2025-07-25T13:43:37","modified_gmt":"2025-07-25T16:43:37","slug":"nao-tenho-intervalo-para-almoco-tenho-direito-a-indenizacao","status":"publish","type":"post","link":"https:\/\/carvalhoadvogado.aliamkt.com\/index.php\/2025\/07\/25\/nao-tenho-intervalo-para-almoco-tenho-direito-a-indenizacao\/","title":{"rendered":"N\u00e3o tenho intervalo para almo\u00e7o: tenho direito a indeniza\u00e7\u00e3o?"},"content":{"rendered":"<h2><b>Introdu\u00e7\u00e3o<\/b><\/h2>\n<p><span style=\"font-weight: 400;\">Voc\u00ea trabalha o dia todo e mal tem tempo de respirar, muito menos de almo\u00e7ar com calma? Pois saiba que o <\/span><b>intervalo para refei\u00e7\u00e3o e descanso \u00e9 um direito garantido por lei<\/b><span style=\"font-weight: 400;\">. E sim, se a empresa n\u00e3o permite que voc\u00ea usufrua dele, <\/span><b>voc\u00ea pode ter direito a uma indeniza\u00e7\u00e3o<\/b><span style=\"font-weight: 400;\">.<\/span><\/p>\n<p><span style=\"font-weight: 400;\">Neste artigo, vamos explicar como funciona esse direito, o que diz a lei e como agir se ele n\u00e3o est\u00e1 sendo respeitado. Bora entender?<\/span><\/p>\n<h2><b>O que diz a lei sobre o intervalo para refei\u00e7\u00e3o e descanso<\/b><\/h2>\n<p><span style=\"font-weight: 400;\">De acordo com a Consolida\u00e7\u00e3o das Leis do Trabalho (CLT), em seu artigo 71, <\/span><b>todo trabalhador com jornada acima de 6 horas di\u00e1rias tem direito a um intervalo de no m\u00ednimo 1 hora<\/b><span style=\"font-weight: 400;\"> para repouso e alimenta\u00e7\u00e3o.<\/span><\/p>\n<p><span style=\"font-weight: 400;\">Por outro lado, em jornadas de at\u00e9 6 horas, o intervalo deve ser de pelo menos 15 minutos.<\/span><\/p>\n<p><span style=\"font-weight: 400;\">Al\u00e9m disso, esse intervalo <\/span><b>n\u00e3o pode ser incorporado \u00e0 jornada<\/b><span style=\"font-weight: 400;\">. Ou seja, ele deve ocorrer dentro do expediente, como uma pausa obrigat\u00f3ria. Mesmo que a empresa alegue \u201cacordo informal\u201d, isso n\u00e3o tem validade jur\u00eddica se for prejudicial ao trabalhador.<\/span><\/p>\n<h2><b>\ud83d\udea8 Trabalhei sem intervalo: isso \u00e9 ilegal?<\/b><\/h2>\n<p><span style=\"font-weight: 400;\">Sim. <\/span><b>Trabalhar sem o devido intervalo configura uma infra\u00e7\u00e3o trabalhista<\/b><span style=\"font-weight: 400;\">. A empresa tem obriga\u00e7\u00e3o de conceder essa pausa, e n\u00e3o faz\u00ea-lo pode gerar indeniza\u00e7\u00e3o.<\/span><\/p>\n<p><span style=\"font-weight: 400;\">Inclusive, o <\/span><a href=\"https:\/\/carvalhoadvogado.aliamkt.com\/index.php\/2025\/07\/24\/trabalho-sem-carteira-assinada-conheca-seus-direitos-e-saiba-o-que-fazer\/\"><span style=\"font-weight: 400;\">Tribunal Superior do Trabalho<\/span><\/a><span style=\"font-weight: 400;\"> j\u00e1 se posicionou diversas vezes a favor dos trabalhadores que tiveram o intervalo suprimido ou reduzido indevidamente.<\/span><\/p>\n<h2><b>\ud83d\udcb0 Qual o valor da indeniza\u00e7\u00e3o?<\/b><\/h2>\n<p><span style=\"font-weight: 400;\">De acordo com a CLT, quando o intervalo n\u00e3o \u00e9 concedido corretamente, o empregador deve pagar <\/span><b>o valor referente ao tempo suprimido com adicional de 50%<\/b><span style=\"font-weight: 400;\">, como se fosse uma hora extra.<\/span><\/p>\n<p><span style=\"font-weight: 400;\">Al\u00e9m disso, esse valor deve refletir em:<\/span><\/p>\n<ul>\n<li style=\"font-weight: 400;\" aria-level=\"1\"><span style=\"font-weight: 400;\">F\u00e9rias + 1\/3<\/span><span style=\"font-weight: 400;\">\n<p><\/span><\/li>\n<li style=\"font-weight: 400;\" aria-level=\"1\"><span style=\"font-weight: 400;\">13\u00ba sal\u00e1rio<\/span><span style=\"font-weight: 400;\">\n<p><\/span><\/li>\n<li style=\"font-weight: 400;\" aria-level=\"1\"><span style=\"font-weight: 400;\">FGTS<\/span><span style=\"font-weight: 400;\">\n<p><\/span><\/li>\n<li style=\"font-weight: 400;\" aria-level=\"1\"><span style=\"font-weight: 400;\">Aviso pr\u00e9vio (em caso de rescis\u00e3o)<\/span><span style=\"font-weight: 400;\">\n<p><\/span><\/li>\n<\/ul>\n<p><span style=\"font-weight: 400;\">Ou seja, <\/span><b>n\u00e3o \u00e9 s\u00f3 \u201cuma hora\u201d a mais: o impacto \u00e9 financeiro e jur\u00eddico<\/b><span style=\"font-weight: 400;\">.<\/span><\/p>\n<h2><b>\ud83e\uddf1 Casos mais comuns no com\u00e9rcio, constru\u00e7\u00e3o e servi\u00e7os gerais<\/b><\/h2>\n<p><span style=\"font-weight: 400;\">Infelizmente, essa pr\u00e1tica ainda \u00e9 muito comum em setores como:<\/span><\/p>\n<ul>\n<li style=\"font-weight: 400;\" aria-level=\"1\"><b>Com\u00e9rcio<\/b><span style=\"font-weight: 400;\">: funcion\u00e1rios trabalham em jornadas extensas, sem folgas adequadas.<\/span><span style=\"font-weight: 400;\">\n<p><\/span><\/li>\n<li style=\"font-weight: 400;\" aria-level=\"1\"><b>Constru\u00e7\u00e3o civil<\/b><span style=\"font-weight: 400;\">: oper\u00e1rios s\u00e3o pressionados a n\u00e3o parar para bater metas.<\/span><span style=\"font-weight: 400;\">\n<p><\/span><\/li>\n<li style=\"font-weight: 400;\" aria-level=\"1\"><b>Servi\u00e7os gerais e dom\u00e9sticas<\/b><span style=\"font-weight: 400;\">: muitas vezes, n\u00e3o h\u00e1 sequer reconhecimento da jornada.<\/span><span style=\"font-weight: 400;\">\n<p><\/span><\/li>\n<\/ul>\n<p><span style=\"font-weight: 400;\">Em todos esses casos, o ideal \u00e9 buscar seus direitos e reunir provas.<\/span><\/p>\n<h2><b>\ud83d\udcc2 Provas que podem ser usadas no processo<\/b><\/h2>\n<p><span style=\"font-weight: 400;\">Para conseguir a indeniza\u00e7\u00e3o na Justi\u00e7a do Trabalho, voc\u00ea pode apresentar:<\/span><\/p>\n<ul>\n<li style=\"font-weight: 400;\" aria-level=\"1\"><span style=\"font-weight: 400;\">Registros de ponto eletr\u00f4nico ou manual<\/span><span style=\"font-weight: 400;\">\n<p><\/span><\/li>\n<li style=\"font-weight: 400;\" aria-level=\"1\"><span style=\"font-weight: 400;\">Relatos de testemunhas<\/span><span style=\"font-weight: 400;\">\n<p><\/span><\/li>\n<li style=\"font-weight: 400;\" aria-level=\"1\"><span style=\"font-weight: 400;\">Conversas por mensagens (WhatsApp, e-mail)<\/span><span style=\"font-weight: 400;\">\n<p><\/span><\/li>\n<li style=\"font-weight: 400;\" aria-level=\"1\"><span style=\"font-weight: 400;\">V\u00eddeos ou grava\u00e7\u00f5es que demonstrem a aus\u00eancia de pausas<\/span><span style=\"font-weight: 400;\">\n<p><\/span><\/li>\n<\/ul>\n<p><span style=\"font-weight: 400;\">Importante: <\/span><b>quanto mais provas, melhor<\/b><span style=\"font-weight: 400;\">. A palavra do trabalhador tem valor, mas a documenta\u00e7\u00e3o fortalece o processo.<\/span><\/p>\n<h2><b>\u2696\ufe0f Como posso entrar com a a\u00e7\u00e3o trabalhista?<\/b><\/h2>\n<p><span style=\"font-weight: 400;\">Se voc\u00ea ainda est\u00e1 empregado ou foi recentemente demitido, pode entrar com uma reclama\u00e7\u00e3o trabalhista.<\/span><\/p>\n<p><span style=\"font-weight: 400;\">Os passos s\u00e3o:<\/span><\/p>\n<ol>\n<li style=\"font-weight: 400;\" aria-level=\"1\"><span style=\"font-weight: 400;\">Reunir provas (documentos, prints, testemunhas)<\/span><span style=\"font-weight: 400;\">\n<p><\/span><\/li>\n<li style=\"font-weight: 400;\" aria-level=\"1\"><span style=\"font-weight: 400;\">Procurar um advogado trabalhista<\/span><span style=\"font-weight: 400;\">\n<p><\/span><\/li>\n<li style=\"font-weight: 400;\" aria-level=\"1\"><span style=\"font-weight: 400;\">Avaliar os valores a serem cobrados<\/span><span style=\"font-weight: 400;\">\n<p><\/span><\/li>\n<li style=\"font-weight: 400;\" aria-level=\"1\"><span style=\"font-weight: 400;\">Entrar com o processo judicial<\/span><span style=\"font-weight: 400;\">\n<p><\/span><\/li>\n<\/ol>\n<p><span style=\"font-weight: 400;\">\ud83d\udc49 O prazo \u00e9 de <\/span><b>at\u00e9 2 anos ap\u00f3s o desligamento da empresa<\/b><span style=\"font-weight: 400;\"> e voc\u00ea pode cobrar os \u00faltimos 5 anos de trabalho.<\/span><\/p>\n<h2><b>\ud83d\udcc5 E se fui demitido? Ainda posso reclamar?<\/b><\/h2>\n<p><span style=\"font-weight: 400;\">Sim! Como explicamos acima, <\/span><b>voc\u00ea pode entrar com a a\u00e7\u00e3o em at\u00e9 2 anos ap\u00f3s sair da empresa<\/b><span style=\"font-weight: 400;\">, cobrando os direitos dos \u00faltimos 5 anos.<\/span><\/p>\n<p><span style=\"font-weight: 400;\">Mesmo que tenha pedido demiss\u00e3o, ainda \u00e9 poss\u00edvel pleitear o pagamento do intervalo, se houver provas de que o direito foi violado.<\/span><\/p>\n<h2><b>\ud83d\udeab Empresa pode retaliar quem cobra seus direitos?<\/b><\/h2>\n<p><span style=\"font-weight: 400;\">N\u00e3o pode. A legisla\u00e7\u00e3o pro\u00edbe qualquer tipo de persegui\u00e7\u00e3o, ass\u00e9dio moral ou retalia\u00e7\u00e3o contra o trabalhador que exige seus direitos.<\/span><\/p>\n<p><span style=\"font-weight: 400;\">Se isso acontecer, voc\u00ea tamb\u00e9m pode pedir <\/span><b>indeniza\u00e7\u00e3o por danos morais<\/b><span style=\"font-weight: 400;\">.<\/span><\/p>\n<h2><b>\u2696\ufe0f Exemplos reais e decis\u00f5es da Justi\u00e7a<\/b><\/h2>\n<p><span style=\"font-weight: 400;\">Casos como esses t\u00eam sido cada vez mais reconhecidos nos tribunais. Veja alguns exemplos:<\/span><\/p>\n<ul>\n<li style=\"font-weight: 400;\" aria-level=\"1\"><span style=\"font-weight: 400;\">Uma operadora de caixa recebeu R$ 8 mil de indeniza\u00e7\u00e3o por nunca ter feito pausa para almo\u00e7o.<\/span><span style=\"font-weight: 400;\">\n<p><\/span><\/li>\n<li style=\"font-weight: 400;\" aria-level=\"1\"><span style=\"font-weight: 400;\">Um pedreiro teve reconhecido o direito ao pagamento de horas extras e reflexos por ter jornadas cont\u00ednuas sem pausa.<\/span><span style=\"font-weight: 400;\">\n<p><\/span><\/li>\n<li style=\"font-weight: 400;\" aria-level=\"1\"><span style=\"font-weight: 400;\">Uma empregada dom\u00e9stica ganhou R$ 12 mil por trabalhar 9 horas di\u00e1rias sem nenhuma pausa formal.<\/span><span style=\"font-weight: 400;\">\n<p><\/span><\/li>\n<\/ul>\n<h2><b>\u2705 Conclus\u00e3o<\/b><\/h2>\n<p><span style=\"font-weight: 400;\">Se voc\u00ea <\/span><b>n\u00e3o tem tempo para almo\u00e7ar ou descansar<\/b><span style=\"font-weight: 400;\">, est\u00e1 na hora de agir. O intervalo \u00e9 um <\/span><b>direito trabalhista b\u00e1sico<\/b><span style=\"font-weight: 400;\"> e fundamental para a sa\u00fade e dignidade do trabalhador.<\/span><\/p>\n<p><span style=\"font-weight: 400;\">\ud83d\udc49 N\u00e3o aceite abusos. Re\u00fana provas e consulte um advogado de confian\u00e7a. Seus direitos existem para serem respeitados!<\/span><\/p>\n<h2><b>\u2753FAQs \u2013 Perguntas Frequentes<\/b><\/h2>\n<ol>\n<li><b> A empresa pode me obrigar a almo\u00e7ar em 30 minutos?<\/b><b><br \/>\n<\/b><span style=\"font-weight: 400;\"> N\u00e3o, exceto se houver acordo coletivo espec\u00edfico e homologado por sindicato. Fora isso, o m\u00ednimo \u00e9 1 hora.<\/span><\/li>\n<li><b> Posso juntar prints de conversa como prova?<\/b><b><br \/>\n<\/b><span style=\"font-weight: 400;\"> Sim, desde que os prints sejam reais e demonstrem claramente a supress\u00e3o do intervalo.<\/span><\/li>\n<li><b> Recebo o valor do intervalo mesmo com aviso pr\u00e9vio?<\/b><b><br \/>\n<\/b><span style=\"font-weight: 400;\"> Sim. Se a jornada continua normal, o direito ao intervalo tamb\u00e9m permanece.<\/span><\/li>\n<li><b> Como um advogado pode me ajudar nesse caso?<\/b><b><br \/>\n<\/b><span style=\"font-weight: 400;\"> O advogado analisa as provas, calcula os valores e entra com a a\u00e7\u00e3o judicial adequada para garantir seus direitos.<\/span><\/li>\n<li><b> \u00c9 poss\u00edvel conseguir acordo sem ir \u00e0 Justi\u00e7a?<\/b><b><br \/>\n<\/b><span style=\"font-weight: 400;\"> Sim, especialmente em rescis\u00f5es ou negocia\u00e7\u00e3o via sindicato. Mas \u00e9 sempre bom contar com apoio jur\u00eddico.<\/span><\/li>\n<\/ol>\n<p><a href=\"https:\/\/wa.me\/5531975283687\"><b>Fale comigo agora mesmo<\/b><\/a><\/p>\n<p><b>Siga-nos na rede social, @pedroncarvalhoadv, e fique por dentro das \u00faltimas novidades!<\/b><\/p>\n<p><span style=\"font-weight: 400;\">\u00a0<\/span><span style=\"font-weight: 400;\"> Atendemos em todo o Brasil, de forma r\u00e1pida e com empatia.<\/span><\/p>\n","protected":false},"excerpt":{"rendered":"<p>Introdu\u00e7\u00e3o Voc\u00ea trabalha o dia todo e mal tem tempo de respirar, muito menos de almo\u00e7ar com calma? Pois saiba que o intervalo para refei\u00e7\u00e3o e descanso \u00e9 um direito garantido por lei. E sim, se a empresa n\u00e3o permite que voc\u00ea usufrua dele, voc\u00ea pode ter direito a uma indeniza\u00e7\u00e3o. Neste artigo, vamos explicar [&hellip;]<\/p>\n","protected":false},"author":1,"featured_media":884,"comment_status":"open","ping_status":"open","sticky":false,"template":"","format":"standard","meta":{"_joinchat":[],"footnotes":""},"categories":[6],"tags":[],"class_list":["post-883","post","type-post","status-publish","format-standard","has-post-thumbnail","hentry","category-direito-trabalhista"],"yoast_head":"<!-- This site is optimized with the Yoast SEO plugin v27.5 - https:\/\/yoast.com\/product\/yoast-seo-wordpress\/ -->\n<title>N\u00e3o tenho intervalo para almo\u00e7o: tenho direito a indeniza\u00e7\u00e3o? - Pedro Carvalho Advogado Trabalhista<\/title>\n<meta name=\"description\" content=\"Trabalhou sem intervalo para almo\u00e7o? Veja se voc\u00ea tem direito \u00e0 indeniza\u00e7\u00e3o, como reunir provas e cobrar na Justi\u00e7a do Trabalho. Confira!\" \/>\n<meta name=\"robots\" content=\"index, follow, max-snippet:-1, max-image-preview:large, max-video-preview:-1\" \/>\n<link rel=\"canonical\" href=\"https:\/\/carvalhoadvogado.aliamkt.com\/index.php\/2025\/07\/25\/nao-tenho-intervalo-para-almoco-tenho-direito-a-indenizacao\/\" \/>\n<meta property=\"og:locale\" content=\"pt_BR\" \/>\n<meta property=\"og:type\" content=\"article\" \/>\n<meta property=\"og:title\" content=\"N\u00e3o tenho intervalo para almo\u00e7o: tenho direito a indeniza\u00e7\u00e3o? - Pedro Carvalho Advogado Trabalhista\" \/>\n<meta property=\"og:description\" content=\"Trabalhou sem intervalo para almo\u00e7o? Veja se voc\u00ea tem direito \u00e0 indeniza\u00e7\u00e3o, como reunir provas e cobrar na Justi\u00e7a do Trabalho. Confira!\" \/>\n<meta property=\"og:url\" content=\"https:\/\/carvalhoadvogado.aliamkt.com\/index.php\/2025\/07\/25\/nao-tenho-intervalo-para-almoco-tenho-direito-a-indenizacao\/\" \/>\n<meta property=\"og:site_name\" content=\"Pedro Carvalho Advogado Trabalhista\" \/>\n<meta property=\"article:published_time\" content=\"2025-07-25T16:43:37+00:00\" \/>\n<meta property=\"og:image\" content=\"https:\/\/carvalhoadvogado.aliamkt.com\/wp-content\/uploads\/2025\/07\/intervalo-intrajornada-683x1024.png\" \/>\n\t<meta property=\"og:image:width\" content=\"683\" \/>\n\t<meta property=\"og:image:height\" content=\"1024\" \/>\n\t<meta property=\"og:image:type\" content=\"image\/png\" \/>\n<meta name=\"author\" content=\"lailacarvalhoadv\" \/>\n<meta name=\"twitter:card\" content=\"summary_large_image\" \/>\n<meta name=\"twitter:label1\" content=\"Escrito por\" \/>\n\t<meta name=\"twitter:data1\" content=\"lailacarvalhoadv\" \/>\n\t<meta name=\"twitter:label2\" content=\"Est. tempo de leitura\" \/>\n\t<meta name=\"twitter:data2\" content=\"5 minutos\" \/>\n<script type=\"application\/ld+json\" class=\"yoast-schema-graph\">{\"@context\":\"https:\\\/\\\/schema.org\",\"@graph\":[{\"@type\":\"Article\",\"@id\":\"https:\\\/\\\/carvalhoadvogado.aliamkt.com\\\/index.php\\\/2025\\\/07\\\/25\\\/nao-tenho-intervalo-para-almoco-tenho-direito-a-indenizacao\\\/#article\",\"isPartOf\":{\"@id\":\"https:\\\/\\\/carvalhoadvogado.aliamkt.com\\\/index.php\\\/2025\\\/07\\\/25\\\/nao-tenho-intervalo-para-almoco-tenho-direito-a-indenizacao\\\/\"},\"author\":{\"name\":\"lailacarvalhoadv\",\"@id\":\"https:\\\/\\\/carvalhoadvogado.aliamkt.com\\\/#\\\/schema\\\/person\\\/8f4d67ba57d6160ee802836a319bd8eb\"},\"headline\":\"N\u00e3o tenho intervalo para almo\u00e7o: tenho direito a indeniza\u00e7\u00e3o?\",\"datePublished\":\"2025-07-25T16:43:37+00:00\",\"mainEntityOfPage\":{\"@id\":\"https:\\\/\\\/carvalhoadvogado.aliamkt.com\\\/index.php\\\/2025\\\/07\\\/25\\\/nao-tenho-intervalo-para-almoco-tenho-direito-a-indenizacao\\\/\"},\"wordCount\":932,\"commentCount\":0,\"publisher\":{\"@id\":\"https:\\\/\\\/carvalhoadvogado.aliamkt.com\\\/#organization\"},\"image\":{\"@id\":\"https:\\\/\\\/carvalhoadvogado.aliamkt.com\\\/index.php\\\/2025\\\/07\\\/25\\\/nao-tenho-intervalo-para-almoco-tenho-direito-a-indenizacao\\\/#primaryimage\"},\"thumbnailUrl\":\"https:\\\/\\\/carvalhoadvogado.aliamkt.com\\\/wp-content\\\/uploads\\\/2025\\\/07\\\/intervalo-intrajornada.png\",\"articleSection\":[\"Direito Trabalhista\"],\"inLanguage\":\"pt-BR\",\"potentialAction\":[{\"@type\":\"CommentAction\",\"name\":\"Comment\",\"target\":[\"https:\\\/\\\/carvalhoadvogado.aliamkt.com\\\/index.php\\\/2025\\\/07\\\/25\\\/nao-tenho-intervalo-para-almoco-tenho-direito-a-indenizacao\\\/#respond\"]}]},{\"@type\":\"WebPage\",\"@id\":\"https:\\\/\\\/carvalhoadvogado.aliamkt.com\\\/index.php\\\/2025\\\/07\\\/25\\\/nao-tenho-intervalo-para-almoco-tenho-direito-a-indenizacao\\\/\",\"url\":\"https:\\\/\\\/carvalhoadvogado.aliamkt.com\\\/index.php\\\/2025\\\/07\\\/25\\\/nao-tenho-intervalo-para-almoco-tenho-direito-a-indenizacao\\\/\",\"name\":\"N\u00e3o tenho intervalo para almo\u00e7o: tenho direito a indeniza\u00e7\u00e3o? - Pedro Carvalho Advogado Trabalhista\",\"isPartOf\":{\"@id\":\"https:\\\/\\\/carvalhoadvogado.aliamkt.com\\\/#website\"},\"primaryImageOfPage\":{\"@id\":\"https:\\\/\\\/carvalhoadvogado.aliamkt.com\\\/index.php\\\/2025\\\/07\\\/25\\\/nao-tenho-intervalo-para-almoco-tenho-direito-a-indenizacao\\\/#primaryimage\"},\"image\":{\"@id\":\"https:\\\/\\\/carvalhoadvogado.aliamkt.com\\\/index.php\\\/2025\\\/07\\\/25\\\/nao-tenho-intervalo-para-almoco-tenho-direito-a-indenizacao\\\/#primaryimage\"},\"thumbnailUrl\":\"https:\\\/\\\/carvalhoadvogado.aliamkt.com\\\/wp-content\\\/uploads\\\/2025\\\/07\\\/intervalo-intrajornada.png\",\"datePublished\":\"2025-07-25T16:43:37+00:00\",\"description\":\"Trabalhou sem intervalo para almo\u00e7o? Veja se voc\u00ea tem direito \u00e0 indeniza\u00e7\u00e3o, como reunir provas e cobrar na Justi\u00e7a do Trabalho. Confira!\",\"breadcrumb\":{\"@id\":\"https:\\\/\\\/carvalhoadvogado.aliamkt.com\\\/index.php\\\/2025\\\/07\\\/25\\\/nao-tenho-intervalo-para-almoco-tenho-direito-a-indenizacao\\\/#breadcrumb\"},\"inLanguage\":\"pt-BR\",\"potentialAction\":[{\"@type\":\"ReadAction\",\"target\":[\"https:\\\/\\\/carvalhoadvogado.aliamkt.com\\\/index.php\\\/2025\\\/07\\\/25\\\/nao-tenho-intervalo-para-almoco-tenho-direito-a-indenizacao\\\/\"]}]},{\"@type\":\"ImageObject\",\"inLanguage\":\"pt-BR\",\"@id\":\"https:\\\/\\\/carvalhoadvogado.aliamkt.com\\\/index.php\\\/2025\\\/07\\\/25\\\/nao-tenho-intervalo-para-almoco-tenho-direito-a-indenizacao\\\/#primaryimage\",\"url\":\"https:\\\/\\\/carvalhoadvogado.aliamkt.com\\\/wp-content\\\/uploads\\\/2025\\\/07\\\/intervalo-intrajornada.png\",\"contentUrl\":\"https:\\\/\\\/carvalhoadvogado.aliamkt.com\\\/wp-content\\\/uploads\\\/2025\\\/07\\\/intervalo-intrajornada.png\",\"width\":1024,\"height\":1536},{\"@type\":\"BreadcrumbList\",\"@id\":\"https:\\\/\\\/carvalhoadvogado.aliamkt.com\\\/index.php\\\/2025\\\/07\\\/25\\\/nao-tenho-intervalo-para-almoco-tenho-direito-a-indenizacao\\\/#breadcrumb\",\"itemListElement\":[{\"@type\":\"ListItem\",\"position\":1,\"name\":\"In\u00edcio\",\"item\":\"https:\\\/\\\/carvalhoadvogado.aliamkt.com\\\/\"},{\"@type\":\"ListItem\",\"position\":2,\"name\":\"N\u00e3o tenho intervalo para almo\u00e7o: tenho direito a indeniza\u00e7\u00e3o?\"}]},{\"@type\":\"WebSite\",\"@id\":\"https:\\\/\\\/carvalhoadvogado.aliamkt.com\\\/#website\",\"url\":\"https:\\\/\\\/carvalhoadvogado.aliamkt.com\\\/\",\"name\":\"Pedro Carvalho Advogado\",\"description\":\"Advogado Trabalhista\",\"publisher\":{\"@id\":\"https:\\\/\\\/carvalhoadvogado.aliamkt.com\\\/#organization\"},\"potentialAction\":[{\"@type\":\"SearchAction\",\"target\":{\"@type\":\"EntryPoint\",\"urlTemplate\":\"https:\\\/\\\/carvalhoadvogado.aliamkt.com\\\/?s={search_term_string}\"},\"query-input\":{\"@type\":\"PropertyValueSpecification\",\"valueRequired\":true,\"valueName\":\"search_term_string\"}}],\"inLanguage\":\"pt-BR\"},{\"@type\":\"Organization\",\"@id\":\"https:\\\/\\\/carvalhoadvogado.aliamkt.com\\\/#organization\",\"name\":\"Pedro Carvalho Advogado\",\"url\":\"https:\\\/\\\/carvalhoadvogado.aliamkt.com\\\/\",\"logo\":{\"@type\":\"ImageObject\",\"inLanguage\":\"pt-BR\",\"@id\":\"https:\\\/\\\/carvalhoadvogado.aliamkt.com\\\/#\\\/schema\\\/logo\\\/image\\\/\",\"url\":\"https:\\\/\\\/carvalhoadvogado.aliamkt.com\\\/wp-content\\\/uploads\\\/2024\\\/06\\\/Logo-azul.png\",\"contentUrl\":\"https:\\\/\\\/carvalhoadvogado.aliamkt.com\\\/wp-content\\\/uploads\\\/2024\\\/06\\\/Logo-azul.png\",\"width\":500,\"height\":500,\"caption\":\"Pedro Carvalho Advogado\"},\"image\":{\"@id\":\"https:\\\/\\\/carvalhoadvogado.aliamkt.com\\\/#\\\/schema\\\/logo\\\/image\\\/\"}},{\"@type\":\"Person\",\"@id\":\"https:\\\/\\\/carvalhoadvogado.aliamkt.com\\\/#\\\/schema\\\/person\\\/8f4d67ba57d6160ee802836a319bd8eb\",\"name\":\"lailacarvalhoadv\",\"image\":{\"@type\":\"ImageObject\",\"inLanguage\":\"pt-BR\",\"@id\":\"https:\\\/\\\/secure.gravatar.com\\\/avatar\\\/a60961139a792fb5ca701fab485f653a1b3cc37cf8dbd4937b4134105caf5369?s=96&d=mm&r=g\",\"url\":\"https:\\\/\\\/secure.gravatar.com\\\/avatar\\\/a60961139a792fb5ca701fab485f653a1b3cc37cf8dbd4937b4134105caf5369?s=96&d=mm&r=g\",\"contentUrl\":\"https:\\\/\\\/secure.gravatar.com\\\/avatar\\\/a60961139a792fb5ca701fab485f653a1b3cc37cf8dbd4937b4134105caf5369?s=96&d=mm&r=g\",\"caption\":\"lailacarvalhoadv\"},\"sameAs\":[\"https:\\\/\\\/carvalhoadvogado.aliamkt.com\"],\"url\":\"https:\\\/\\\/carvalhoadvogado.aliamkt.com\\\/index.php\\\/author\\\/lailacarvalhoadv\\\/\"}]}<\/script>\n<!-- \/ Yoast SEO plugin. -->","yoast_head_json":{"title":"N\u00e3o tenho intervalo para almo\u00e7o: tenho direito a indeniza\u00e7\u00e3o? - Pedro Carvalho Advogado Trabalhista","description":"Trabalhou sem intervalo para almo\u00e7o? Veja se voc\u00ea tem direito \u00e0 indeniza\u00e7\u00e3o, como reunir provas e cobrar na Justi\u00e7a do Trabalho. Confira!","robots":{"index":"index","follow":"follow","max-snippet":"max-snippet:-1","max-image-preview":"max-image-preview:large","max-video-preview":"max-video-preview:-1"},"canonical":"https:\/\/carvalhoadvogado.aliamkt.com\/index.php\/2025\/07\/25\/nao-tenho-intervalo-para-almoco-tenho-direito-a-indenizacao\/","og_locale":"pt_BR","og_type":"article","og_title":"N\u00e3o tenho intervalo para almo\u00e7o: tenho direito a indeniza\u00e7\u00e3o? - Pedro Carvalho Advogado Trabalhista","og_description":"Trabalhou sem intervalo para almo\u00e7o? Veja se voc\u00ea tem direito \u00e0 indeniza\u00e7\u00e3o, como reunir provas e cobrar na Justi\u00e7a do Trabalho. Confira!","og_url":"https:\/\/carvalhoadvogado.aliamkt.com\/index.php\/2025\/07\/25\/nao-tenho-intervalo-para-almoco-tenho-direito-a-indenizacao\/","og_site_name":"Pedro Carvalho Advogado Trabalhista","article_published_time":"2025-07-25T16:43:37+00:00","og_image":[{"width":683,"height":1024,"url":"https:\/\/carvalhoadvogado.aliamkt.com\/wp-content\/uploads\/2025\/07\/intervalo-intrajornada-683x1024.png","type":"image\/png"}],"author":"lailacarvalhoadv","twitter_card":"summary_large_image","twitter_misc":{"Escrito por":"lailacarvalhoadv","Est. tempo de leitura":"5 minutos"},"schema":{"@context":"https:\/\/schema.org","@graph":[{"@type":"Article","@id":"https:\/\/carvalhoadvogado.aliamkt.com\/index.php\/2025\/07\/25\/nao-tenho-intervalo-para-almoco-tenho-direito-a-indenizacao\/#article","isPartOf":{"@id":"https:\/\/carvalhoadvogado.aliamkt.com\/index.php\/2025\/07\/25\/nao-tenho-intervalo-para-almoco-tenho-direito-a-indenizacao\/"},"author":{"name":"lailacarvalhoadv","@id":"https:\/\/carvalhoadvogado.aliamkt.com\/#\/schema\/person\/8f4d67ba57d6160ee802836a319bd8eb"},"headline":"N\u00e3o tenho intervalo para almo\u00e7o: tenho direito a indeniza\u00e7\u00e3o?","datePublished":"2025-07-25T16:43:37+00:00","mainEntityOfPage":{"@id":"https:\/\/carvalhoadvogado.aliamkt.com\/index.php\/2025\/07\/25\/nao-tenho-intervalo-para-almoco-tenho-direito-a-indenizacao\/"},"wordCount":932,"commentCount":0,"publisher":{"@id":"https:\/\/carvalhoadvogado.aliamkt.com\/#organization"},"image":{"@id":"https:\/\/carvalhoadvogado.aliamkt.com\/index.php\/2025\/07\/25\/nao-tenho-intervalo-para-almoco-tenho-direito-a-indenizacao\/#primaryimage"},"thumbnailUrl":"https:\/\/carvalhoadvogado.aliamkt.com\/wp-content\/uploads\/2025\/07\/intervalo-intrajornada.png","articleSection":["Direito Trabalhista"],"inLanguage":"pt-BR","potentialAction":[{"@type":"CommentAction","name":"Comment","target":["https:\/\/carvalhoadvogado.aliamkt.com\/index.php\/2025\/07\/25\/nao-tenho-intervalo-para-almoco-tenho-direito-a-indenizacao\/#respond"]}]},{"@type":"WebPage","@id":"https:\/\/carvalhoadvogado.aliamkt.com\/index.php\/2025\/07\/25\/nao-tenho-intervalo-para-almoco-tenho-direito-a-indenizacao\/","url":"https:\/\/carvalhoadvogado.aliamkt.com\/index.php\/2025\/07\/25\/nao-tenho-intervalo-para-almoco-tenho-direito-a-indenizacao\/","name":"N\u00e3o tenho intervalo para almo\u00e7o: tenho direito a indeniza\u00e7\u00e3o? - Pedro Carvalho Advogado Trabalhista","isPartOf":{"@id":"https:\/\/carvalhoadvogado.aliamkt.com\/#website"},"primaryImageOfPage":{"@id":"https:\/\/carvalhoadvogado.aliamkt.com\/index.php\/2025\/07\/25\/nao-tenho-intervalo-para-almoco-tenho-direito-a-indenizacao\/#primaryimage"},"image":{"@id":"https:\/\/carvalhoadvogado.aliamkt.com\/index.php\/2025\/07\/25\/nao-tenho-intervalo-para-almoco-tenho-direito-a-indenizacao\/#primaryimage"},"thumbnailUrl":"https:\/\/carvalhoadvogado.aliamkt.com\/wp-content\/uploads\/2025\/07\/intervalo-intrajornada.png","datePublished":"2025-07-25T16:43:37+00:00","description":"Trabalhou sem intervalo para almo\u00e7o? Veja se voc\u00ea tem direito \u00e0 indeniza\u00e7\u00e3o, como reunir provas e cobrar na Justi\u00e7a do Trabalho. Confira!","breadcrumb":{"@id":"https:\/\/carvalhoadvogado.aliamkt.com\/index.php\/2025\/07\/25\/nao-tenho-intervalo-para-almoco-tenho-direito-a-indenizacao\/#breadcrumb"},"inLanguage":"pt-BR","potentialAction":[{"@type":"ReadAction","target":["https:\/\/carvalhoadvogado.aliamkt.com\/index.php\/2025\/07\/25\/nao-tenho-intervalo-para-almoco-tenho-direito-a-indenizacao\/"]}]},{"@type":"ImageObject","inLanguage":"pt-BR","@id":"https:\/\/carvalhoadvogado.aliamkt.com\/index.php\/2025\/07\/25\/nao-tenho-intervalo-para-almoco-tenho-direito-a-indenizacao\/#primaryimage","url":"https:\/\/carvalhoadvogado.aliamkt.com\/wp-content\/uploads\/2025\/07\/intervalo-intrajornada.png","contentUrl":"https:\/\/carvalhoadvogado.aliamkt.com\/wp-content\/uploads\/2025\/07\/intervalo-intrajornada.png","width":1024,"height":1536},{"@type":"BreadcrumbList","@id":"https:\/\/carvalhoadvogado.aliamkt.com\/index.php\/2025\/07\/25\/nao-tenho-intervalo-para-almoco-tenho-direito-a-indenizacao\/#breadcrumb","itemListElement":[{"@type":"ListItem","position":1,"name":"In\u00edcio","item":"https:\/\/carvalhoadvogado.aliamkt.com\/"},{"@type":"ListItem","position":2,"name":"N\u00e3o tenho intervalo para almo\u00e7o: tenho direito a indeniza\u00e7\u00e3o?"}]},{"@type":"WebSite","@id":"https:\/\/carvalhoadvogado.aliamkt.com\/#website","url":"https:\/\/carvalhoadvogado.aliamkt.com\/","name":"Pedro Carvalho Advogado","description":"Advogado Trabalhista","publisher":{"@id":"https:\/\/carvalhoadvogado.aliamkt.com\/#organization"},"potentialAction":[{"@type":"SearchAction","target":{"@type":"EntryPoint","urlTemplate":"https:\/\/carvalhoadvogado.aliamkt.com\/?s={search_term_string}"},"query-input":{"@type":"PropertyValueSpecification","valueRequired":true,"valueName":"search_term_string"}}],"inLanguage":"pt-BR"},{"@type":"Organization","@id":"https:\/\/carvalhoadvogado.aliamkt.com\/#organization","name":"Pedro Carvalho Advogado","url":"https:\/\/carvalhoadvogado.aliamkt.com\/","logo":{"@type":"ImageObject","inLanguage":"pt-BR","@id":"https:\/\/carvalhoadvogado.aliamkt.com\/#\/schema\/logo\/image\/","url":"https:\/\/carvalhoadvogado.aliamkt.com\/wp-content\/uploads\/2024\/06\/Logo-azul.png","contentUrl":"https:\/\/carvalhoadvogado.aliamkt.com\/wp-content\/uploads\/2024\/06\/Logo-azul.png","width":500,"height":500,"caption":"Pedro Carvalho Advogado"},"image":{"@id":"https:\/\/carvalhoadvogado.aliamkt.com\/#\/schema\/logo\/image\/"}},{"@type":"Person","@id":"https:\/\/carvalhoadvogado.aliamkt.com\/#\/schema\/person\/8f4d67ba57d6160ee802836a319bd8eb","name":"lailacarvalhoadv","image":{"@type":"ImageObject","inLanguage":"pt-BR","@id":"https:\/\/secure.gravatar.com\/avatar\/a60961139a792fb5ca701fab485f653a1b3cc37cf8dbd4937b4134105caf5369?s=96&d=mm&r=g","url":"https:\/\/secure.gravatar.com\/avatar\/a60961139a792fb5ca701fab485f653a1b3cc37cf8dbd4937b4134105caf5369?s=96&d=mm&r=g","contentUrl":"https:\/\/secure.gravatar.com\/avatar\/a60961139a792fb5ca701fab485f653a1b3cc37cf8dbd4937b4134105caf5369?s=96&d=mm&r=g","caption":"lailacarvalhoadv"},"sameAs":["https:\/\/carvalhoadvogado.aliamkt.com"],"url":"https:\/\/carvalhoadvogado.aliamkt.com\/index.php\/author\/lailacarvalhoadv\/"}]}},"_links":{"self":[{"href":"https:\/\/carvalhoadvogado.aliamkt.com\/index.php\/wp-json\/wp\/v2\/posts\/883","targetHints":{"allow":["GET"]}}],"collection":[{"href":"https:\/\/carvalhoadvogado.aliamkt.com\/index.php\/wp-json\/wp\/v2\/posts"}],"about":[{"href":"https:\/\/carvalhoadvogado.aliamkt.com\/index.php\/wp-json\/wp\/v2\/types\/post"}],"author":[{"embeddable":true,"href":"https:\/\/carvalhoadvogado.aliamkt.com\/index.php\/wp-json\/wp\/v2\/users\/1"}],"replies":[{"embeddable":true,"href":"https:\/\/carvalhoadvogado.aliamkt.com\/index.php\/wp-json\/wp\/v2\/comments?post=883"}],"version-history":[{"count":1,"href":"https:\/\/carvalhoadvogado.aliamkt.com\/index.php\/wp-json\/wp\/v2\/posts\/883\/revisions"}],"predecessor-version":[{"id":885,"href":"https:\/\/carvalhoadvogado.aliamkt.com\/index.php\/wp-json\/wp\/v2\/posts\/883\/revisions\/885"}],"wp:featuredmedia":[{"embeddable":true,"href":"https:\/\/carvalhoadvogado.aliamkt.com\/index.php\/wp-json\/wp\/v2\/media\/884"}],"wp:attachment":[{"href":"https:\/\/carvalhoadvogado.aliamkt.com\/index.php\/wp-json\/wp\/v2\/media?parent=883"}],"wp:term":[{"taxonomy":"category","embeddable":true,"href":"https:\/\/carvalhoadvogado.aliamkt.com\/index.php\/wp-json\/wp\/v2\/categories?post=883"},{"taxonomy":"post_tag","embeddable":true,"href":"https:\/\/carvalhoadvogado.aliamkt.com\/index.php\/wp-json\/wp\/v2\/tags?post=883"}],"curies":[{"name":"wp","href":"https:\/\/api.w.org\/{rel}","templated":true}]}}