{"id":891,"date":"2025-07-28T12:43:47","date_gmt":"2025-07-28T15:43:47","guid":{"rendered":"https:\/\/carvalhoadvogado.aliamkt.com\/?p=891"},"modified":"2025-07-28T12:43:47","modified_gmt":"2025-07-28T15:43:47","slug":"posso-processar-a-empresa-sem-pedir-demissao-veja-seus-direitos","status":"publish","type":"post","link":"https:\/\/carvalhoadvogado.aliamkt.com\/index.php\/2025\/07\/28\/posso-processar-a-empresa-sem-pedir-demissao-veja-seus-direitos\/","title":{"rendered":"Posso processar a empresa sem pedir demiss\u00e3o? Veja seus direitos"},"content":{"rendered":"<h3><b>Entenda por que tantos trabalhadores t\u00eam medo<\/b><\/h3>\n<p><span style=\"font-weight: 400;\">Milhares de pessoas enfrentam injusti\u00e7as diariamente no trabalho. No entanto, muitas delas continuam caladas por medo. Esse medo, muitas vezes, paralisa e impede o trabalhador de tomar atitudes.<\/span><\/p>\n<h4><b>\u201cSe eu processar, v\u00e3o me mandar embora?\u201d<\/b><\/h4>\n<p><span style=\"font-weight: 400;\">Essa pergunta aparece com frequ\u00eancia nos atendimentos jur\u00eddicos. Embora muita gente acredite que a empresa possa demitir s\u00f3 por causa de um processo, isso <\/span><b>n\u00e3o tem respaldo legal<\/b><span style=\"font-weight: 400;\">.<\/span><\/p>\n<h4><b>O medo da retalia\u00e7\u00e3o \u00e9 real, mas a lei protege voc\u00ea<\/b><\/h4>\n<p><span style=\"font-weight: 400;\">Empresas que perseguem funcion\u00e1rios por terem entrado na Justi\u00e7a cometem <\/span><b>ato ilegal<\/b><span style=\"font-weight: 400;\">. A <\/span><a href=\"https:\/\/carvalhoadvogado.aliamkt.com\/index.php\/2025\/07\/24\/trabalho-sem-carteira-assinada-conheca-seus-direitos-e-saiba-o-que-fazer\/\"><span style=\"font-weight: 400;\">lei protege o trabalhador<\/span><\/a><span style=\"font-weight: 400;\"> contra esse tipo de abuso. Portanto, se voc\u00ea sofre retalia\u00e7\u00f5es, pode buscar indeniza\u00e7\u00e3o por danos morais.<\/span><\/p>\n<h3><b>Sim, voc\u00ea pode entrar com processo e continuar no emprego<\/b><\/h3>\n<p><span style=\"font-weight: 400;\">Voc\u00ea <\/span><b>n\u00e3o precisa sair da empresa para process\u00e1-la<\/b><span style=\"font-weight: 400;\">. <\/span><a href=\"https:\/\/carvalhoadvogado.aliamkt.com\/index.php\/2025\/07\/25\/nao-tenho-intervalo-para-almoco-tenho-direito-a-indenizacao\/\"><span style=\"font-weight: 400;\">A legisla\u00e7\u00e3o trabalhista <\/span><\/a><span style=\"font-weight: 400;\">permite que o empregado continue no cargo enquanto busca seus direitos na Justi\u00e7a.<\/span><\/p>\n<h4><b>A CLT garante esse direito<\/b><\/h4>\n<p><span style=\"font-weight: 400;\">A CLT <\/span><b>n\u00e3o exige<\/b><span style=\"font-weight: 400;\"> que o trabalhador pe\u00e7a demiss\u00e3o ou seja demitido para entrar com a\u00e7\u00e3o. Ou seja, voc\u00ea pode continuar trabalhando normalmente durante o processo.<\/span><\/p>\n<h4><b>Casos reais mostram que isso acontece na pr\u00e1tica<\/b><\/h4>\n<p><span style=\"font-weight: 400;\">Veja o exemplo do Jo\u00e3o. Ele trabalhava como auxiliar de limpeza e moveu uma a\u00e7\u00e3o por horas extras. Mesmo assim, continuou no emprego por v\u00e1rios meses. Carla, funcion\u00e1ria de um hospital, processou a empresa por ass\u00e9dio moral e permaneceu no cargo at\u00e9 conseguir outro emprego.<\/span><\/p>\n<h3><b>Situa\u00e7\u00f5es em que voc\u00ea deve buscar a Justi\u00e7a do Trabalho<\/b><\/h3>\n<p><span style=\"font-weight: 400;\">Se voc\u00ea sofre algum dos abusos abaixo, saiba que pode \u2013 e deve \u2013 procurar seus direitos:<\/span><\/p>\n<h4><b>1. Sal\u00e1rio atrasado ou pagamento \u201cpor fora\u201d<\/b><\/h4>\n<p><span style=\"font-weight: 400;\">Quando a empresa atrasa ou paga parte do sal\u00e1rio sem registrar, ela <\/span><b>viola a legisla\u00e7\u00e3o<\/b><span style=\"font-weight: 400;\">. Isso d\u00e1 direito a receber os valores corretamente e com acr\u00e9scimos.<\/span><\/p>\n<h4><b>2. Ass\u00e9dio moral ou sexual<\/b><\/h4>\n<p><span style=\"font-weight: 400;\">Se um superior grita, humilha ou faz insinua\u00e7\u00f5es ofensivas, voc\u00ea deve denunciar. O ass\u00e9dio, al\u00e9m de constranger, destr\u00f3i a sa\u00fade emocional do trabalhador. A Justi\u00e7a entende isso e costuma indenizar quem comprova o abuso.<\/span><\/p>\n<h4><b>3. Excesso de jornada sem hora extra<\/b><\/h4>\n<p><span style=\"font-weight: 400;\">Trabalhar al\u00e9m do combinado e n\u00e3o receber por isso <\/span><b>\u00e9 ilegal<\/b><span style=\"font-weight: 400;\">. Voc\u00ea pode pedir o pagamento das horas com adicional, corre\u00e7\u00e3o monet\u00e1ria e juros.<\/span><\/p>\n<h4><b>4. A empresa n\u00e3o cumpre o que prometeu<\/b><\/h4>\n<p><span style=\"font-weight: 400;\">Se a empresa prometeu um cargo e te colocou em outro, mudou sua fun\u00e7\u00e3o sem justificativa ou n\u00e3o pagou o que combinou, isso tamb\u00e9m pode ser cobrado judicialmente.<\/span><\/p>\n<h3><b>O que acontece depois que voc\u00ea entra com o processo<\/b><\/h3>\n<p><img decoding=\"async\" src=\"https:\/\/sdmntprwestus.oaiusercontent.com\/files\/00000000-d368-6230-a208-1c8ba42b0609\/raw?se=2025-07-28T16%3A39%3A26Z&amp;sp=r&amp;sv=2024-08-04&amp;sr=b&amp;scid=9f5b5f9d-f8f0-5de9-bb49-ef2f2a518289&amp;skoid=a3412ad4-1a13-47ce-91a5-c07730964f35&amp;sktid=a48cca56-e6da-484e-a814-9c849652bcb3&amp;skt=2025-07-27T18%3A41%3A58Z&amp;ske=2025-07-28T18%3A41%3A58Z&amp;sks=b&amp;skv=2024-08-04&amp;sig=TDNH\/lH6MPCRUT5pDseUspPieVVo61mo\/xtnztx8r3g%3D\" alt=\"Imagem gerada\" \/><\/p>\n<p><span style=\"font-weight: 400;\">Ao abrir a a\u00e7\u00e3o, o advogado registra seu pedido na Justi\u00e7a do Trabalho. Depois disso, o juiz marca uma audi\u00eancia para ouvir as partes e tentar um acordo.<\/span><\/p>\n<h4><b>Durante o processo, a empresa pode te demitir?<\/b><\/h4>\n<p><span style=\"font-weight: 400;\">Ela <\/span><b>pode demitir<\/b><span style=\"font-weight: 400;\">, mas n\u00e3o por causa do processo. Se voc\u00ea provar que houve persegui\u00e7\u00e3o, chantagem ou demiss\u00e3o como forma de puni\u00e7\u00e3o, o juiz pode condenar a empresa.<\/span><\/p>\n<h4><b>Se a empresa come\u00e7ar a te perseguir, o que fazer?<\/b><\/h4>\n<p><span style=\"font-weight: 400;\">Anote tudo. Registre datas, situa\u00e7\u00f5es e, se poss\u00edvel, grave ou salve mensagens. Mostre tudo ao seu advogado. Com essas provas, ele pode incluir um novo pedido por dano moral.<\/span><\/p>\n<h3><b>Voc\u00ea pode pedir demiss\u00e3o e ainda assim entrar com a\u00e7\u00e3o?<\/b><\/h3>\n<p><span style=\"font-weight: 400;\">Sim. Mesmo ap\u00f3s pedir demiss\u00e3o, voc\u00ea pode cobrar tudo que a empresa deixou de pagar corretamente.<\/span><\/p>\n<h4><b>Entenda a diferen\u00e7a entre ser demitido e pedir demiss\u00e3o<\/b><\/h4>\n<p><span style=\"font-weight: 400;\">Se voc\u00ea pede demiss\u00e3o, perde o direito \u00e0 multa de 40% do FGTS e ao seguro-desemprego. Por\u00e9m, ainda pode exigir o pagamento de <\/span><b>horas extras, f\u00e9rias, adicional noturno e tudo que ficou em aberto<\/b><span style=\"font-weight: 400;\">.<\/span><\/p>\n<h4><b>Fique atento ao prazo<\/b><\/h4>\n<p><span style=\"font-weight: 400;\">Voc\u00ea tem <\/span><b>at\u00e9 2 anos<\/b><span style=\"font-weight: 400;\"> ap\u00f3s sair do emprego para processar a empresa. E pode cobrar tudo que deixou de receber nos <\/span><b>\u00faltimos 5 anos<\/b><span style=\"font-weight: 400;\"> antes da sa\u00edda.<\/span><\/p>\n<h3><b>Voc\u00ea precisa de provas para vencer? Sim, mas n\u00e3o precisa de tudo<\/b><\/h3>\n<h4><b>Use o que estiver ao seu alcance<\/b><\/h4>\n<p><span style=\"font-weight: 400;\">Guarde mensagens de WhatsApp, e-mails, grava\u00e7\u00f5es, fotos, escalas e qualquer outro documento. Tudo isso ajuda a comprovar que voc\u00ea tem raz\u00e3o.<\/span><\/p>\n<h4><b>Testemunhas tamb\u00e9m ajudam<\/b><\/h4>\n<p><span style=\"font-weight: 400;\">Colegas de trabalho podem testemunhar. Mesmo que tenham medo, muitos aceitam ajudar quando percebem a gravidade da situa\u00e7\u00e3o.<\/span><\/p>\n<h3><b>Converse com um advogado antes de agir<\/b><\/h3>\n<p><span style=\"font-weight: 400;\">Essa \u00e9 uma das etapas mais importantes. O advogado analisa o seu caso e orienta sobre o melhor caminho.<\/span><\/p>\n<h4><b>Leve tudo que voc\u00ea tem<\/b><\/h4>\n<p><span style=\"font-weight: 400;\">Durante a conversa com o advogado, leve holerites, prints, fotos, anota\u00e7\u00f5es. Quanto mais provas, melhor.<\/span><\/p>\n<h3><b>Conclus\u00e3o: N\u00e3o aceite calado. Voc\u00ea pode se defender e continuar empregado<\/b><\/h3>\n<p><span style=\"font-weight: 400;\">Entrar com uma a\u00e7\u00e3o trabalhista n\u00e3o significa romper o contrato. Voc\u00ea tem o direito de continuar no seu emprego e, ao mesmo tempo, exigir seus direitos.<\/span><\/p>\n<p><span style=\"font-weight: 400;\">Muitas empresas contam com o sil\u00eancio dos funcion\u00e1rios. Mas, quando voc\u00ea se posiciona, mostra que <\/span><b>n\u00e3o aceita injusti\u00e7as<\/b><span style=\"font-weight: 400;\">.<\/span><\/p>\n<p><span style=\"font-weight: 400;\">Se voc\u00ea est\u00e1 vivendo algo parecido, procure ajuda agora mesmo. A Justi\u00e7a est\u00e1 ao seu lado \u2014 <\/span><b>e voc\u00ea n\u00e3o precisa enfrentar isso sozinho.<\/b><\/p>\n<h3><b>\u2753 Perguntas Frequentes (FAQ)<\/b><\/h3>\n<ol>\n<li><b> A empresa pode me demitir se eu entrar com processo?<\/b><b><br \/>\n<\/b><span style=\"font-weight: 400;\">Sim, mas n\u00e3o pode fazer isso como forma de puni\u00e7\u00e3o. Se isso acontecer, o juiz pode conden\u00e1-la por retalia\u00e7\u00e3o.<\/span><\/li>\n<li><b> Se eu continuar no emprego, posso sofrer persegui\u00e7\u00e3o?<\/b><b><br \/>\n<\/b><span style=\"font-weight: 400;\">Infelizmente, sim. Mas voc\u00ea pode reunir provas e pedir indeniza\u00e7\u00e3o por dano moral.<\/span><\/li>\n<li><b> Posso entrar com processo mesmo que eu tenha pedido demiss\u00e3o?<\/b><b><br \/>\n<\/b><span style=\"font-weight: 400;\">Sim! Voc\u00ea pode cobrar tudo o que deixou de receber corretamente.<\/span><\/li>\n<li><b> Qual o prazo para entrar com a\u00e7\u00e3o?<\/b><b><br \/>\n<\/b><span style=\"font-weight: 400;\">Voc\u00ea tem <\/span><b>2 anos ap\u00f3s sair do emprego<\/b><span style=\"font-weight: 400;\"> para processar a empresa. Pode cobrar os <\/span><b>\u00faltimos 5 anos<\/b><span style=\"font-weight: 400;\"> de direitos.<\/span><\/li>\n<li><b> Preciso de testemunhas?<\/b><b><br \/>\n<\/b><span style=\"font-weight: 400;\">N\u00e3o obrigatoriamente. Mas, se tiver, elas fortalecem seu caso.<\/span><\/li>\n<\/ol>\n<p>&nbsp;<\/p>\n<p><span style=\"font-weight: 400;\">Fale comigo agora mesmo<\/span><\/p>\n<p>&nbsp;<\/p>\n<p><span style=\"font-weight: 400;\">Siga-nos na rede social, @pedroncarvalhoadv, e fique por dentro das \u00faltimas novidades!<\/span><\/p>\n<p>&nbsp;<\/p>\n<p><span style=\"font-weight: 400;\">\u00a0\u00a0Atendemos em todo o Brasil, de forma r\u00e1pida e com empatia.<\/span><\/p>\n","protected":false},"excerpt":{"rendered":"<p>Entenda por que tantos trabalhadores t\u00eam medo Milhares de pessoas enfrentam injusti\u00e7as diariamente no trabalho. No entanto, muitas delas continuam caladas por medo. Esse medo, muitas vezes, paralisa e impede o trabalhador de tomar atitudes. \u201cSe eu processar, v\u00e3o me mandar embora?\u201d Essa pergunta aparece com frequ\u00eancia nos atendimentos jur\u00eddicos. Embora muita gente acredite que [&hellip;]<\/p>\n","protected":false},"author":1,"featured_media":820,"comment_status":"open","ping_status":"open","sticky":false,"template":"","format":"standard","meta":{"_joinchat":[],"footnotes":""},"categories":[6],"tags":[],"class_list":["post-891","post","type-post","status-publish","format-standard","has-post-thumbnail","hentry","category-direito-trabalhista"],"yoast_head":"<!-- This site is optimized with the Yoast SEO plugin v27.5 - https:\/\/yoast.com\/product\/yoast-seo-wordpress\/ -->\n<title>Posso processar a empresa sem pedir demiss\u00e3o? Veja seus direitos - Pedro Carvalho Advogado Trabalhista<\/title>\n<meta name=\"description\" content=\"Descubra se \u00e9 poss\u00edvel processar a empresa sem pedir demiss\u00e3o, quais s\u00e3o seus direitos e como agir sem medo de perder o emprego.\" \/>\n<meta name=\"robots\" content=\"index, follow, max-snippet:-1, max-image-preview:large, max-video-preview:-1\" \/>\n<link rel=\"canonical\" href=\"https:\/\/carvalhoadvogado.aliamkt.com\/index.php\/2025\/07\/28\/posso-processar-a-empresa-sem-pedir-demissao-veja-seus-direitos\/\" \/>\n<meta property=\"og:locale\" content=\"pt_BR\" \/>\n<meta property=\"og:type\" content=\"article\" \/>\n<meta property=\"og:title\" content=\"Posso processar a empresa sem pedir demiss\u00e3o? Veja seus direitos - Pedro Carvalho Advogado Trabalhista\" \/>\n<meta property=\"og:description\" content=\"Descubra se \u00e9 poss\u00edvel processar a empresa sem pedir demiss\u00e3o, quais s\u00e3o seus direitos e como agir sem medo de perder o emprego.\" \/>\n<meta property=\"og:url\" content=\"https:\/\/carvalhoadvogado.aliamkt.com\/index.php\/2025\/07\/28\/posso-processar-a-empresa-sem-pedir-demissao-veja-seus-direitos\/\" \/>\n<meta property=\"og:site_name\" content=\"Pedro Carvalho Advogado Trabalhista\" \/>\n<meta property=\"article:published_time\" content=\"2025-07-28T15:43:47+00:00\" \/>\n<meta property=\"og:image\" content=\"https:\/\/carvalhoadvogado.aliamkt.com\/wp-content\/uploads\/2025\/06\/advogado-de-empresa.png\" \/>\n\t<meta property=\"og:image:width\" content=\"1024\" \/>\n\t<meta property=\"og:image:height\" content=\"1024\" \/>\n\t<meta property=\"og:image:type\" content=\"image\/png\" \/>\n<meta name=\"author\" content=\"lailacarvalhoadv\" \/>\n<meta name=\"twitter:card\" content=\"summary_large_image\" \/>\n<meta name=\"twitter:label1\" content=\"Escrito por\" \/>\n\t<meta name=\"twitter:data1\" content=\"lailacarvalhoadv\" \/>\n\t<meta name=\"twitter:label2\" content=\"Est. tempo de leitura\" \/>\n\t<meta name=\"twitter:data2\" content=\"6 minutos\" \/>\n<script type=\"application\/ld+json\" class=\"yoast-schema-graph\">{\"@context\":\"https:\\\/\\\/schema.org\",\"@graph\":[{\"@type\":\"Article\",\"@id\":\"https:\\\/\\\/carvalhoadvogado.aliamkt.com\\\/index.php\\\/2025\\\/07\\\/28\\\/posso-processar-a-empresa-sem-pedir-demissao-veja-seus-direitos\\\/#article\",\"isPartOf\":{\"@id\":\"https:\\\/\\\/carvalhoadvogado.aliamkt.com\\\/index.php\\\/2025\\\/07\\\/28\\\/posso-processar-a-empresa-sem-pedir-demissao-veja-seus-direitos\\\/\"},\"author\":{\"name\":\"lailacarvalhoadv\",\"@id\":\"https:\\\/\\\/carvalhoadvogado.aliamkt.com\\\/#\\\/schema\\\/person\\\/8f4d67ba57d6160ee802836a319bd8eb\"},\"headline\":\"Posso processar a empresa sem pedir demiss\u00e3o? Veja seus direitos\",\"datePublished\":\"2025-07-28T15:43:47+00:00\",\"mainEntityOfPage\":{\"@id\":\"https:\\\/\\\/carvalhoadvogado.aliamkt.com\\\/index.php\\\/2025\\\/07\\\/28\\\/posso-processar-a-empresa-sem-pedir-demissao-veja-seus-direitos\\\/\"},\"wordCount\":1030,\"commentCount\":0,\"publisher\":{\"@id\":\"https:\\\/\\\/carvalhoadvogado.aliamkt.com\\\/#organization\"},\"image\":{\"@id\":\"https:\\\/\\\/carvalhoadvogado.aliamkt.com\\\/index.php\\\/2025\\\/07\\\/28\\\/posso-processar-a-empresa-sem-pedir-demissao-veja-seus-direitos\\\/#primaryimage\"},\"thumbnailUrl\":\"https:\\\/\\\/carvalhoadvogado.aliamkt.com\\\/wp-content\\\/uploads\\\/2025\\\/06\\\/advogado-de-empresa.png\",\"articleSection\":[\"Direito Trabalhista\"],\"inLanguage\":\"pt-BR\",\"potentialAction\":[{\"@type\":\"CommentAction\",\"name\":\"Comment\",\"target\":[\"https:\\\/\\\/carvalhoadvogado.aliamkt.com\\\/index.php\\\/2025\\\/07\\\/28\\\/posso-processar-a-empresa-sem-pedir-demissao-veja-seus-direitos\\\/#respond\"]}]},{\"@type\":\"WebPage\",\"@id\":\"https:\\\/\\\/carvalhoadvogado.aliamkt.com\\\/index.php\\\/2025\\\/07\\\/28\\\/posso-processar-a-empresa-sem-pedir-demissao-veja-seus-direitos\\\/\",\"url\":\"https:\\\/\\\/carvalhoadvogado.aliamkt.com\\\/index.php\\\/2025\\\/07\\\/28\\\/posso-processar-a-empresa-sem-pedir-demissao-veja-seus-direitos\\\/\",\"name\":\"Posso processar a empresa sem pedir demiss\u00e3o? Veja seus direitos - Pedro Carvalho Advogado Trabalhista\",\"isPartOf\":{\"@id\":\"https:\\\/\\\/carvalhoadvogado.aliamkt.com\\\/#website\"},\"primaryImageOfPage\":{\"@id\":\"https:\\\/\\\/carvalhoadvogado.aliamkt.com\\\/index.php\\\/2025\\\/07\\\/28\\\/posso-processar-a-empresa-sem-pedir-demissao-veja-seus-direitos\\\/#primaryimage\"},\"image\":{\"@id\":\"https:\\\/\\\/carvalhoadvogado.aliamkt.com\\\/index.php\\\/2025\\\/07\\\/28\\\/posso-processar-a-empresa-sem-pedir-demissao-veja-seus-direitos\\\/#primaryimage\"},\"thumbnailUrl\":\"https:\\\/\\\/carvalhoadvogado.aliamkt.com\\\/wp-content\\\/uploads\\\/2025\\\/06\\\/advogado-de-empresa.png\",\"datePublished\":\"2025-07-28T15:43:47+00:00\",\"description\":\"Descubra se \u00e9 poss\u00edvel processar a empresa sem pedir demiss\u00e3o, quais s\u00e3o seus direitos e como agir sem medo de perder o emprego.\",\"breadcrumb\":{\"@id\":\"https:\\\/\\\/carvalhoadvogado.aliamkt.com\\\/index.php\\\/2025\\\/07\\\/28\\\/posso-processar-a-empresa-sem-pedir-demissao-veja-seus-direitos\\\/#breadcrumb\"},\"inLanguage\":\"pt-BR\",\"potentialAction\":[{\"@type\":\"ReadAction\",\"target\":[\"https:\\\/\\\/carvalhoadvogado.aliamkt.com\\\/index.php\\\/2025\\\/07\\\/28\\\/posso-processar-a-empresa-sem-pedir-demissao-veja-seus-direitos\\\/\"]}]},{\"@type\":\"ImageObject\",\"inLanguage\":\"pt-BR\",\"@id\":\"https:\\\/\\\/carvalhoadvogado.aliamkt.com\\\/index.php\\\/2025\\\/07\\\/28\\\/posso-processar-a-empresa-sem-pedir-demissao-veja-seus-direitos\\\/#primaryimage\",\"url\":\"https:\\\/\\\/carvalhoadvogado.aliamkt.com\\\/wp-content\\\/uploads\\\/2025\\\/06\\\/advogado-de-empresa.png\",\"contentUrl\":\"https:\\\/\\\/carvalhoadvogado.aliamkt.com\\\/wp-content\\\/uploads\\\/2025\\\/06\\\/advogado-de-empresa.png\",\"width\":1024,\"height\":1024},{\"@type\":\"BreadcrumbList\",\"@id\":\"https:\\\/\\\/carvalhoadvogado.aliamkt.com\\\/index.php\\\/2025\\\/07\\\/28\\\/posso-processar-a-empresa-sem-pedir-demissao-veja-seus-direitos\\\/#breadcrumb\",\"itemListElement\":[{\"@type\":\"ListItem\",\"position\":1,\"name\":\"In\u00edcio\",\"item\":\"https:\\\/\\\/carvalhoadvogado.aliamkt.com\\\/\"},{\"@type\":\"ListItem\",\"position\":2,\"name\":\"Posso processar a empresa sem pedir demiss\u00e3o? Veja seus direitos\"}]},{\"@type\":\"WebSite\",\"@id\":\"https:\\\/\\\/carvalhoadvogado.aliamkt.com\\\/#website\",\"url\":\"https:\\\/\\\/carvalhoadvogado.aliamkt.com\\\/\",\"name\":\"Pedro Carvalho Advogado\",\"description\":\"Advogado Trabalhista\",\"publisher\":{\"@id\":\"https:\\\/\\\/carvalhoadvogado.aliamkt.com\\\/#organization\"},\"potentialAction\":[{\"@type\":\"SearchAction\",\"target\":{\"@type\":\"EntryPoint\",\"urlTemplate\":\"https:\\\/\\\/carvalhoadvogado.aliamkt.com\\\/?s={search_term_string}\"},\"query-input\":{\"@type\":\"PropertyValueSpecification\",\"valueRequired\":true,\"valueName\":\"search_term_string\"}}],\"inLanguage\":\"pt-BR\"},{\"@type\":\"Organization\",\"@id\":\"https:\\\/\\\/carvalhoadvogado.aliamkt.com\\\/#organization\",\"name\":\"Pedro Carvalho Advogado\",\"url\":\"https:\\\/\\\/carvalhoadvogado.aliamkt.com\\\/\",\"logo\":{\"@type\":\"ImageObject\",\"inLanguage\":\"pt-BR\",\"@id\":\"https:\\\/\\\/carvalhoadvogado.aliamkt.com\\\/#\\\/schema\\\/logo\\\/image\\\/\",\"url\":\"https:\\\/\\\/carvalhoadvogado.aliamkt.com\\\/wp-content\\\/uploads\\\/2024\\\/06\\\/Logo-azul.png\",\"contentUrl\":\"https:\\\/\\\/carvalhoadvogado.aliamkt.com\\\/wp-content\\\/uploads\\\/2024\\\/06\\\/Logo-azul.png\",\"width\":500,\"height\":500,\"caption\":\"Pedro Carvalho Advogado\"},\"image\":{\"@id\":\"https:\\\/\\\/carvalhoadvogado.aliamkt.com\\\/#\\\/schema\\\/logo\\\/image\\\/\"}},{\"@type\":\"Person\",\"@id\":\"https:\\\/\\\/carvalhoadvogado.aliamkt.com\\\/#\\\/schema\\\/person\\\/8f4d67ba57d6160ee802836a319bd8eb\",\"name\":\"lailacarvalhoadv\",\"image\":{\"@type\":\"ImageObject\",\"inLanguage\":\"pt-BR\",\"@id\":\"https:\\\/\\\/secure.gravatar.com\\\/avatar\\\/a60961139a792fb5ca701fab485f653a1b3cc37cf8dbd4937b4134105caf5369?s=96&d=mm&r=g\",\"url\":\"https:\\\/\\\/secure.gravatar.com\\\/avatar\\\/a60961139a792fb5ca701fab485f653a1b3cc37cf8dbd4937b4134105caf5369?s=96&d=mm&r=g\",\"contentUrl\":\"https:\\\/\\\/secure.gravatar.com\\\/avatar\\\/a60961139a792fb5ca701fab485f653a1b3cc37cf8dbd4937b4134105caf5369?s=96&d=mm&r=g\",\"caption\":\"lailacarvalhoadv\"},\"sameAs\":[\"https:\\\/\\\/carvalhoadvogado.aliamkt.com\"],\"url\":\"https:\\\/\\\/carvalhoadvogado.aliamkt.com\\\/index.php\\\/author\\\/lailacarvalhoadv\\\/\"}]}<\/script>\n<!-- \/ Yoast SEO plugin. -->","yoast_head_json":{"title":"Posso processar a empresa sem pedir demiss\u00e3o? Veja seus direitos - Pedro Carvalho Advogado Trabalhista","description":"Descubra se \u00e9 poss\u00edvel processar a empresa sem pedir demiss\u00e3o, quais s\u00e3o seus direitos e como agir sem medo de perder o emprego.","robots":{"index":"index","follow":"follow","max-snippet":"max-snippet:-1","max-image-preview":"max-image-preview:large","max-video-preview":"max-video-preview:-1"},"canonical":"https:\/\/carvalhoadvogado.aliamkt.com\/index.php\/2025\/07\/28\/posso-processar-a-empresa-sem-pedir-demissao-veja-seus-direitos\/","og_locale":"pt_BR","og_type":"article","og_title":"Posso processar a empresa sem pedir demiss\u00e3o? Veja seus direitos - Pedro Carvalho Advogado Trabalhista","og_description":"Descubra se \u00e9 poss\u00edvel processar a empresa sem pedir demiss\u00e3o, quais s\u00e3o seus direitos e como agir sem medo de perder o emprego.","og_url":"https:\/\/carvalhoadvogado.aliamkt.com\/index.php\/2025\/07\/28\/posso-processar-a-empresa-sem-pedir-demissao-veja-seus-direitos\/","og_site_name":"Pedro Carvalho Advogado Trabalhista","article_published_time":"2025-07-28T15:43:47+00:00","og_image":[{"width":1024,"height":1024,"url":"https:\/\/carvalhoadvogado.aliamkt.com\/wp-content\/uploads\/2025\/06\/advogado-de-empresa.png","type":"image\/png"}],"author":"lailacarvalhoadv","twitter_card":"summary_large_image","twitter_misc":{"Escrito por":"lailacarvalhoadv","Est. tempo de leitura":"6 minutos"},"schema":{"@context":"https:\/\/schema.org","@graph":[{"@type":"Article","@id":"https:\/\/carvalhoadvogado.aliamkt.com\/index.php\/2025\/07\/28\/posso-processar-a-empresa-sem-pedir-demissao-veja-seus-direitos\/#article","isPartOf":{"@id":"https:\/\/carvalhoadvogado.aliamkt.com\/index.php\/2025\/07\/28\/posso-processar-a-empresa-sem-pedir-demissao-veja-seus-direitos\/"},"author":{"name":"lailacarvalhoadv","@id":"https:\/\/carvalhoadvogado.aliamkt.com\/#\/schema\/person\/8f4d67ba57d6160ee802836a319bd8eb"},"headline":"Posso processar a empresa sem pedir demiss\u00e3o? Veja seus direitos","datePublished":"2025-07-28T15:43:47+00:00","mainEntityOfPage":{"@id":"https:\/\/carvalhoadvogado.aliamkt.com\/index.php\/2025\/07\/28\/posso-processar-a-empresa-sem-pedir-demissao-veja-seus-direitos\/"},"wordCount":1030,"commentCount":0,"publisher":{"@id":"https:\/\/carvalhoadvogado.aliamkt.com\/#organization"},"image":{"@id":"https:\/\/carvalhoadvogado.aliamkt.com\/index.php\/2025\/07\/28\/posso-processar-a-empresa-sem-pedir-demissao-veja-seus-direitos\/#primaryimage"},"thumbnailUrl":"https:\/\/carvalhoadvogado.aliamkt.com\/wp-content\/uploads\/2025\/06\/advogado-de-empresa.png","articleSection":["Direito Trabalhista"],"inLanguage":"pt-BR","potentialAction":[{"@type":"CommentAction","name":"Comment","target":["https:\/\/carvalhoadvogado.aliamkt.com\/index.php\/2025\/07\/28\/posso-processar-a-empresa-sem-pedir-demissao-veja-seus-direitos\/#respond"]}]},{"@type":"WebPage","@id":"https:\/\/carvalhoadvogado.aliamkt.com\/index.php\/2025\/07\/28\/posso-processar-a-empresa-sem-pedir-demissao-veja-seus-direitos\/","url":"https:\/\/carvalhoadvogado.aliamkt.com\/index.php\/2025\/07\/28\/posso-processar-a-empresa-sem-pedir-demissao-veja-seus-direitos\/","name":"Posso processar a empresa sem pedir demiss\u00e3o? Veja seus direitos - Pedro Carvalho Advogado Trabalhista","isPartOf":{"@id":"https:\/\/carvalhoadvogado.aliamkt.com\/#website"},"primaryImageOfPage":{"@id":"https:\/\/carvalhoadvogado.aliamkt.com\/index.php\/2025\/07\/28\/posso-processar-a-empresa-sem-pedir-demissao-veja-seus-direitos\/#primaryimage"},"image":{"@id":"https:\/\/carvalhoadvogado.aliamkt.com\/index.php\/2025\/07\/28\/posso-processar-a-empresa-sem-pedir-demissao-veja-seus-direitos\/#primaryimage"},"thumbnailUrl":"https:\/\/carvalhoadvogado.aliamkt.com\/wp-content\/uploads\/2025\/06\/advogado-de-empresa.png","datePublished":"2025-07-28T15:43:47+00:00","description":"Descubra se \u00e9 poss\u00edvel processar a empresa sem pedir demiss\u00e3o, quais s\u00e3o seus direitos e como agir sem medo de perder o emprego.","breadcrumb":{"@id":"https:\/\/carvalhoadvogado.aliamkt.com\/index.php\/2025\/07\/28\/posso-processar-a-empresa-sem-pedir-demissao-veja-seus-direitos\/#breadcrumb"},"inLanguage":"pt-BR","potentialAction":[{"@type":"ReadAction","target":["https:\/\/carvalhoadvogado.aliamkt.com\/index.php\/2025\/07\/28\/posso-processar-a-empresa-sem-pedir-demissao-veja-seus-direitos\/"]}]},{"@type":"ImageObject","inLanguage":"pt-BR","@id":"https:\/\/carvalhoadvogado.aliamkt.com\/index.php\/2025\/07\/28\/posso-processar-a-empresa-sem-pedir-demissao-veja-seus-direitos\/#primaryimage","url":"https:\/\/carvalhoadvogado.aliamkt.com\/wp-content\/uploads\/2025\/06\/advogado-de-empresa.png","contentUrl":"https:\/\/carvalhoadvogado.aliamkt.com\/wp-content\/uploads\/2025\/06\/advogado-de-empresa.png","width":1024,"height":1024},{"@type":"BreadcrumbList","@id":"https:\/\/carvalhoadvogado.aliamkt.com\/index.php\/2025\/07\/28\/posso-processar-a-empresa-sem-pedir-demissao-veja-seus-direitos\/#breadcrumb","itemListElement":[{"@type":"ListItem","position":1,"name":"In\u00edcio","item":"https:\/\/carvalhoadvogado.aliamkt.com\/"},{"@type":"ListItem","position":2,"name":"Posso processar a empresa sem pedir demiss\u00e3o? Veja seus direitos"}]},{"@type":"WebSite","@id":"https:\/\/carvalhoadvogado.aliamkt.com\/#website","url":"https:\/\/carvalhoadvogado.aliamkt.com\/","name":"Pedro Carvalho Advogado","description":"Advogado Trabalhista","publisher":{"@id":"https:\/\/carvalhoadvogado.aliamkt.com\/#organization"},"potentialAction":[{"@type":"SearchAction","target":{"@type":"EntryPoint","urlTemplate":"https:\/\/carvalhoadvogado.aliamkt.com\/?s={search_term_string}"},"query-input":{"@type":"PropertyValueSpecification","valueRequired":true,"valueName":"search_term_string"}}],"inLanguage":"pt-BR"},{"@type":"Organization","@id":"https:\/\/carvalhoadvogado.aliamkt.com\/#organization","name":"Pedro Carvalho Advogado","url":"https:\/\/carvalhoadvogado.aliamkt.com\/","logo":{"@type":"ImageObject","inLanguage":"pt-BR","@id":"https:\/\/carvalhoadvogado.aliamkt.com\/#\/schema\/logo\/image\/","url":"https:\/\/carvalhoadvogado.aliamkt.com\/wp-content\/uploads\/2024\/06\/Logo-azul.png","contentUrl":"https:\/\/carvalhoadvogado.aliamkt.com\/wp-content\/uploads\/2024\/06\/Logo-azul.png","width":500,"height":500,"caption":"Pedro Carvalho Advogado"},"image":{"@id":"https:\/\/carvalhoadvogado.aliamkt.com\/#\/schema\/logo\/image\/"}},{"@type":"Person","@id":"https:\/\/carvalhoadvogado.aliamkt.com\/#\/schema\/person\/8f4d67ba57d6160ee802836a319bd8eb","name":"lailacarvalhoadv","image":{"@type":"ImageObject","inLanguage":"pt-BR","@id":"https:\/\/secure.gravatar.com\/avatar\/a60961139a792fb5ca701fab485f653a1b3cc37cf8dbd4937b4134105caf5369?s=96&d=mm&r=g","url":"https:\/\/secure.gravatar.com\/avatar\/a60961139a792fb5ca701fab485f653a1b3cc37cf8dbd4937b4134105caf5369?s=96&d=mm&r=g","contentUrl":"https:\/\/secure.gravatar.com\/avatar\/a60961139a792fb5ca701fab485f653a1b3cc37cf8dbd4937b4134105caf5369?s=96&d=mm&r=g","caption":"lailacarvalhoadv"},"sameAs":["https:\/\/carvalhoadvogado.aliamkt.com"],"url":"https:\/\/carvalhoadvogado.aliamkt.com\/index.php\/author\/lailacarvalhoadv\/"}]}},"_links":{"self":[{"href":"https:\/\/carvalhoadvogado.aliamkt.com\/index.php\/wp-json\/wp\/v2\/posts\/891","targetHints":{"allow":["GET"]}}],"collection":[{"href":"https:\/\/carvalhoadvogado.aliamkt.com\/index.php\/wp-json\/wp\/v2\/posts"}],"about":[{"href":"https:\/\/carvalhoadvogado.aliamkt.com\/index.php\/wp-json\/wp\/v2\/types\/post"}],"author":[{"embeddable":true,"href":"https:\/\/carvalhoadvogado.aliamkt.com\/index.php\/wp-json\/wp\/v2\/users\/1"}],"replies":[{"embeddable":true,"href":"https:\/\/carvalhoadvogado.aliamkt.com\/index.php\/wp-json\/wp\/v2\/comments?post=891"}],"version-history":[{"count":1,"href":"https:\/\/carvalhoadvogado.aliamkt.com\/index.php\/wp-json\/wp\/v2\/posts\/891\/revisions"}],"predecessor-version":[{"id":897,"href":"https:\/\/carvalhoadvogado.aliamkt.com\/index.php\/wp-json\/wp\/v2\/posts\/891\/revisions\/897"}],"wp:featuredmedia":[{"embeddable":true,"href":"https:\/\/carvalhoadvogado.aliamkt.com\/index.php\/wp-json\/wp\/v2\/media\/820"}],"wp:attachment":[{"href":"https:\/\/carvalhoadvogado.aliamkt.com\/index.php\/wp-json\/wp\/v2\/media?parent=891"}],"wp:term":[{"taxonomy":"category","embeddable":true,"href":"https:\/\/carvalhoadvogado.aliamkt.com\/index.php\/wp-json\/wp\/v2\/categories?post=891"},{"taxonomy":"post_tag","embeddable":true,"href":"https:\/\/carvalhoadvogado.aliamkt.com\/index.php\/wp-json\/wp\/v2\/tags?post=891"}],"curies":[{"name":"wp","href":"https:\/\/api.w.org\/{rel}","templated":true}]}}