{"id":994,"date":"2025-07-28T15:17:47","date_gmt":"2025-07-28T18:17:47","guid":{"rendered":"https:\/\/carvalhoadvogado.aliamkt.com\/?p=994"},"modified":"2025-07-28T15:17:47","modified_gmt":"2025-07-28T18:17:47","slug":"auxiliar-de-servicos-gerais-veja-o-que-a-clt-garante-e-muitos-patroes-escondem","status":"publish","type":"post","link":"https:\/\/carvalhoadvogado.aliamkt.com\/index.php\/2025\/07\/28\/auxiliar-de-servicos-gerais-veja-o-que-a-clt-garante-e-muitos-patroes-escondem\/","title":{"rendered":"Auxiliar de Servi\u00e7os Gerais: Veja o Que a CLT Garante e Muitos Patr\u00f5es Escondem"},"content":{"rendered":"<h2><b>Introdu\u00e7\u00e3o<\/b><\/h2>\n<p><span style=\"font-weight: 400;\">Voc\u00ea trabalha como auxiliar de servi\u00e7os gerais ou conhece algu\u00e9m nessa fun\u00e7\u00e3o? Ent\u00e3o fique por aqui, porque vamos te explicar <\/span><b>o que a CLT garante por lei<\/b><span style=\"font-weight: 400;\">, quais s\u00e3o os <\/span><a href=\"https:\/\/carvalhoadvogado.aliamkt.com\/index.php\/2025\/07\/15\/converter-demissao-em-rescisao-indireta-apos-acidente-de-trabalho-e-possivel\/\"><b>direitos obrigat\u00f3rios<\/b><\/a><span style=\"font-weight: 400;\"> e o que voc\u00ea pode fazer <\/span><b>se estiver sendo explorado ou mal remunerado<\/b><span style=\"font-weight: 400;\">.<\/span><\/p>\n<p><span style=\"font-weight: 400;\">Pode parecer simples, mas essa fun\u00e7\u00e3o est\u00e1 entre as <\/span><b>mais desvalorizadas do Brasil<\/b><span style=\"font-weight: 400;\"> \u2014 mesmo sendo essencial em empresas, condom\u00ednios, escolas e hospitais. E muitos empregadores se aproveitam do desconhecimento para pagar menos ou acumular fun\u00e7\u00f5es.<\/span><\/p>\n<p><span style=\"font-weight: 400;\">Mas depois de ler este artigo at\u00e9 o fim, isso n\u00e3o vai mais acontecer com voc\u00ea.<\/span><\/p>\n<h2><b>\ud83d\udcbc A fun\u00e7\u00e3o de auxiliar de servi\u00e7os gerais na pr\u00e1tica<\/b><\/h2>\n<p><span style=\"font-weight: 400;\">O auxiliar de servi\u00e7os gerais \u00e9 o famoso \u201cfaz-tudo\u201d da empresa. Seu trabalho pode envolver:<\/span><\/p>\n<ul>\n<li style=\"font-weight: 400;\" aria-level=\"1\"><span style=\"font-weight: 400;\">Limpeza de ambientes<\/span><span style=\"font-weight: 400;\">\n<p><\/span><\/li>\n<li style=\"font-weight: 400;\" aria-level=\"1\"><span style=\"font-weight: 400;\">Recolhimento de lixo<\/span><span style=\"font-weight: 400;\">\n<p><\/span><\/li>\n<li style=\"font-weight: 400;\" aria-level=\"1\"><span style=\"font-weight: 400;\">Organiza\u00e7\u00e3o de materiais<\/span><span style=\"font-weight: 400;\">\n<p><\/span><\/li>\n<li style=\"font-weight: 400;\" aria-level=\"1\"><span style=\"font-weight: 400;\">Apoio \u00e0 cozinha (em alguns casos)<\/span><span style=\"font-weight: 400;\">\n<p><\/span><\/li>\n<li style=\"font-weight: 400;\" aria-level=\"1\"><span style=\"font-weight: 400;\">Servi\u00e7os b\u00e1sicos de manuten\u00e7\u00e3o<\/span><span style=\"font-weight: 400;\">\n<p><\/span><\/li>\n<\/ul>\n<p><span style=\"font-weight: 400;\">O problema come\u00e7a quando esse \u201cfaz-tudo\u201d passa a fazer <\/span><b>coisas demais<\/b><span style=\"font-weight: 400;\"> \u2014 como limpeza pesada, portaria, copa, jardinagem e at\u00e9 servi\u00e7os administrativos \u2014 <\/span><b>sem receber a mais por isso<\/b><span style=\"font-weight: 400;\">. E a\u00ed entra a necessidade de entender a <\/span><b>CLT<\/b><span style=\"font-weight: 400;\">.<\/span><\/p>\n<h2><b>\ud83d\udcdc O que a CLT diz sobre a fun\u00e7\u00e3o de servi\u00e7os gerais<\/b><\/h2>\n<p><span style=\"font-weight: 400;\">A Consolida\u00e7\u00e3o das Leis do Trabalho (CLT) <\/span><b>n\u00e3o tem um artigo exclusivo para essa fun\u00e7\u00e3o<\/b><span style=\"font-weight: 400;\">, mas ela garante:<\/span><\/p>\n<ul>\n<li style=\"font-weight: 400;\" aria-level=\"1\"><span style=\"font-weight: 400;\">Direitos m\u00ednimos para qualquer trabalhador com carteira assinada<\/span><span style=\"font-weight: 400;\">\n<p><\/span><\/li>\n<li style=\"font-weight: 400;\" aria-level=\"1\"><span style=\"font-weight: 400;\">Prote\u00e7\u00e3o contra ac\u00famulo ilegal de tarefas<\/span><span style=\"font-weight: 400;\">\n<p><\/span><\/li>\n<li style=\"font-weight: 400;\" aria-level=\"1\"><span style=\"font-weight: 400;\">Regras sobre jornada, sal\u00e1rio, rescis\u00e3o e mais<\/span><span style=\"font-weight: 400;\">\n<p><\/span><\/li>\n<\/ul>\n<p><span style=\"font-weight: 400;\">Se h\u00e1 <\/span><b>subordina\u00e7\u00e3o, habitualidade, pessoalidade e pagamento<\/b><span style=\"font-weight: 400;\">, existe v\u00ednculo empregat\u00edcio. E o auxiliar deve estar registrado com a fun\u00e7\u00e3o real.<\/span><\/p>\n<h2><b>\ud83d\udccc Principais direitos garantidos pela CLT<\/b><\/h2>\n<h3><b>\ud83d\udd52 Jornada de trabalho<\/b><\/h3>\n<ul>\n<li style=\"font-weight: 400;\" aria-level=\"1\"><span style=\"font-weight: 400;\">M\u00e1ximo de <\/span><b>44 horas semanais<\/b><b>\n<p><\/b><\/li>\n<li style=\"font-weight: 400;\" aria-level=\"1\"><span style=\"font-weight: 400;\">Normalmente distribu\u00eddas em <\/span><b>8h por dia<\/b><b>\n<p><\/b><\/li>\n<li style=\"font-weight: 400;\" aria-level=\"1\"><b>Intervalo m\u00ednimo de 1h<\/b><span style=\"font-weight: 400;\"> para refei\u00e7\u00f5es<\/span><span style=\"font-weight: 400;\">\n<p><\/span><\/li>\n<\/ul>\n<h3><b>\ud83d\udcb5 Sal\u00e1rio<\/b><\/h3>\n<ul>\n<li style=\"font-weight: 400;\" aria-level=\"1\"><span style=\"font-weight: 400;\">Nunca inferior ao sal\u00e1rio m\u00ednimo<\/span><span style=\"font-weight: 400;\">\n<p><\/span><\/li>\n<li style=\"font-weight: 400;\" aria-level=\"1\"><span style=\"font-weight: 400;\">Alguns estados possuem <\/span><b>piso regional espec\u00edfico<\/b><span style=\"font-weight: 400;\"> para a fun\u00e7\u00e3o<\/span><span style=\"font-weight: 400;\">\n<p><\/span><\/li>\n<\/ul>\n<h3><b>\u23f3 F\u00e9rias e 13\u00ba sal\u00e1rio<\/b><\/h3>\n<ul>\n<li style=\"font-weight: 400;\" aria-level=\"1\"><span style=\"font-weight: 400;\">F\u00e9rias de 30 dias ap\u00f3s 12 meses trabalhados<\/span><span style=\"font-weight: 400;\">\n<p><\/span><\/li>\n<li style=\"font-weight: 400;\" aria-level=\"1\"><span style=\"font-weight: 400;\">13\u00ba proporcional ao tempo de servi\u00e7o<\/span><span style=\"font-weight: 400;\">\n<p><\/span><\/li>\n<\/ul>\n<h3><b>\ud83d\udce5 FGTS e INSS<\/b><\/h3>\n<ul>\n<li style=\"font-weight: 400;\" aria-level=\"1\"><span style=\"font-weight: 400;\">8% do sal\u00e1rio em dep\u00f3sito mensal (FGTS)<\/span><span style=\"font-weight: 400;\">\n<p><\/span><\/li>\n<li style=\"font-weight: 400;\" aria-level=\"1\"><span style=\"font-weight: 400;\">Desconto de INSS para aposentadoria e benef\u00edcios<\/span><span style=\"font-weight: 400;\">\n<p><\/span><\/li>\n<\/ul>\n<h2><b>\u26a0 \ufe0f Ac\u00famulo e desvio de fun\u00e7\u00e3o: aten\u00e7\u00e3o!<\/b><\/h2>\n<p><span style=\"font-weight: 400;\">O auxiliar foi contratado para limpeza, mas agora faz caf\u00e9, atende telefone, lava carros e ainda cuida da portaria? Isso \u00e9 <\/span><a href=\"https:\/\/carvalhoadvogado.aliamkt.com\/index.php\/2025\/07\/21\/859\/\"><b>ac\u00famulo de fun\u00e7\u00e3o<\/b><\/a><span style=\"font-weight: 400;\">.<\/span><\/p>\n<p><span style=\"font-weight: 400;\">\ud83d\uded1 A lei permite um <\/span><b>m\u00ednimo de flexibilidade<\/b><span style=\"font-weight: 400;\">, mas n\u00e3o a <\/span><b>explora\u00e7\u00e3o descarada<\/b><span style=\"font-weight: 400;\">.<\/span><\/p>\n<p><span style=\"font-weight: 400;\">Se houver:<\/span><\/p>\n<ul>\n<li style=\"font-weight: 400;\" aria-level=\"1\"><span style=\"font-weight: 400;\">Mudan\u00e7a de fun\u00e7\u00e3o sem reajuste salarial<\/span><span style=\"font-weight: 400;\">\n<p><\/span><\/li>\n<li style=\"font-weight: 400;\" aria-level=\"1\"><span style=\"font-weight: 400;\">Exig\u00eancia de tarefas incompat\u00edveis<\/span><span style=\"font-weight: 400;\">\n<p><\/span><\/li>\n<li style=\"font-weight: 400;\" aria-level=\"1\"><span style=\"font-weight: 400;\">Substitui\u00e7\u00e3o de profissionais de outra \u00e1rea<\/span><span style=\"font-weight: 400;\">\n<p><\/span><\/li>\n<\/ul>\n<p><span style=\"font-weight: 400;\">Voc\u00ea pode pedir <\/span><b>adicional por ac\u00famulo<\/b><span style=\"font-weight: 400;\"> ou <\/span><b>reconhecimento da nova fun\u00e7\u00e3o<\/b><span style=\"font-weight: 400;\">, com reflexos no sal\u00e1rio, f\u00e9rias, FGTS e 13\u00ba.<\/span><\/p>\n<h2><b>\ud83e\uddea Insalubridade e periculosidade: voc\u00ea tem direito?<\/b><\/h2>\n<p><span style=\"font-weight: 400;\">Se o auxiliar lida com:<\/span><\/p>\n<ul>\n<li style=\"font-weight: 400;\" aria-level=\"1\"><span style=\"font-weight: 400;\">Banheiros p\u00fablicos com fezes e urina<\/span><span style=\"font-weight: 400;\">\n<p><\/span><\/li>\n<li style=\"font-weight: 400;\" aria-level=\"1\"><span style=\"font-weight: 400;\">Produtos qu\u00edmicos corrosivos<\/span><span style=\"font-weight: 400;\">\n<p><\/span><\/li>\n<li style=\"font-weight: 400;\" aria-level=\"1\"><span style=\"font-weight: 400;\">Lixo contaminado<\/span><span style=\"font-weight: 400;\">\n<p><\/span><\/li>\n<\/ul>\n<p><span style=\"font-weight: 400;\">Ent\u00e3o pode ter <\/span><a href=\"https:\/\/carvalhoadvogado.aliamkt.com\/index.php\/2025\/07\/24\/trabalho-sem-carteira-assinada-conheca-seus-direitos-e-saiba-o-que-fazer\/\"><b>direito a adicional de insalubridade<\/b><\/a><span style=\"font-weight: 400;\"> (de 10% a 40% sobre o sal\u00e1rio m\u00ednimo).<\/span><\/p>\n<p><span style=\"font-weight: 400;\">Mas aten\u00e7\u00e3o: precisa de <\/span><b>laudo t\u00e9cnico feito por engenheiro de seguran\u00e7a<\/b><span style=\"font-weight: 400;\">. N\u00e3o basta alegar. Exija isso do sindicato ou advogado.<\/span><\/p>\n<h2><b>\ud83e\udde4 Equipamentos e condi\u00e7\u00f5es de trabalho<\/b><\/h2>\n<p><span style=\"font-weight: 400;\">O empregador \u00e9 <\/span><b>obrigado por lei<\/b><span style=\"font-weight: 400;\"> a fornecer:<\/span><\/p>\n<ul>\n<li style=\"font-weight: 400;\" aria-level=\"1\"><span style=\"font-weight: 400;\">Luvas, m\u00e1scaras, botas, uniformes<\/span><span style=\"font-weight: 400;\">\n<p><\/span><\/li>\n<li style=\"font-weight: 400;\" aria-level=\"1\"><span style=\"font-weight: 400;\">Produtos de limpeza adequados<\/span><span style=\"font-weight: 400;\">\n<p><\/span><\/li>\n<li style=\"font-weight: 400;\" aria-level=\"1\"><span style=\"font-weight: 400;\">Treinamento sobre riscos<\/span><span style=\"font-weight: 400;\">\n<p><\/span><\/li>\n<\/ul>\n<p><span style=\"font-weight: 400;\">Negligenciar isso pode gerar <\/span><b>indeniza\u00e7\u00e3o por dano moral ou acidente de trabalho<\/b><span style=\"font-weight: 400;\">.<\/span><\/p>\n<h2><b>\ud83d\udcd1 Como deve ser o contrato de trabalho<\/b><\/h2>\n<p><span style=\"font-weight: 400;\">O contrato deve deixar claro:<\/span><\/p>\n<ul>\n<li style=\"font-weight: 400;\" aria-level=\"1\"><span style=\"font-weight: 400;\">A fun\u00e7\u00e3o registrada (sem \u201cgen\u00e9rico\u201d como \u201cauxiliar\u201d apenas)<\/span><span style=\"font-weight: 400;\">\n<p><\/span><\/li>\n<li style=\"font-weight: 400;\" aria-level=\"1\"><span style=\"font-weight: 400;\">Sal\u00e1rio e jornada<\/span><span style=\"font-weight: 400;\">\n<p><\/span><\/li>\n<li style=\"font-weight: 400;\" aria-level=\"1\"><span style=\"font-weight: 400;\">Benef\u00edcios<\/span><span style=\"font-weight: 400;\">\n<p><\/span><\/li>\n<li style=\"font-weight: 400;\" aria-level=\"1\"><span style=\"font-weight: 400;\">Local de trabalho<\/span><span style=\"font-weight: 400;\">\n<p><\/span><\/li>\n<\/ul>\n<p><span style=\"font-weight: 400;\">\ud83d\udccc Se n\u00e3o h\u00e1 carteira assinada, voc\u00ea pode ir \u00e0 Justi\u00e7a do Trabalho pedir o reconhecimento do v\u00ednculo \u2014 com todos os valores retroativos.<\/span><\/p>\n<h2><b>\ud83d\uded1 O que fazer em caso de demiss\u00e3o ou abuso<\/b><\/h2>\n<p><span style=\"font-weight: 400;\">Foi demitido sem receber tudo? Est\u00e3o exigindo tarefas fora do que foi combinado? N\u00e3o deram baixa na carteira?<\/span><\/p>\n<p><span style=\"font-weight: 400;\">Voc\u00ea pode:<\/span><\/p>\n<ul>\n<li style=\"font-weight: 400;\" aria-level=\"1\"><span style=\"font-weight: 400;\">Procurar um advogado trabalhista<\/span><span style=\"font-weight: 400;\">\n<p><\/span><\/li>\n<li style=\"font-weight: 400;\" aria-level=\"1\"><span style=\"font-weight: 400;\">Juntar provas (mensagens, fotos, testemunhas)<\/span><span style=\"font-weight: 400;\">\n<p><\/span><\/li>\n<li style=\"font-weight: 400;\" aria-level=\"1\"><span style=\"font-weight: 400;\">Fazer uma den\u00fancia no sindicato ou Minist\u00e9rio do Trabalho<\/span><span style=\"font-weight: 400;\">\n<p><\/span><\/li>\n<\/ul>\n<p><span style=\"font-weight: 400;\">Mesmo quem nunca teve carteira assinada pode <\/span><b>entrar com a\u00e7\u00e3o e receber os valores atrasados<\/b><span style=\"font-weight: 400;\">.<\/span><\/p>\n<h2><b>\u2753 Perguntas Frequentes (FAQs)<\/b><\/h2>\n<h3><b>1. Posso trabalhar como auxiliar de servi\u00e7os gerais sendo MEI?<\/b><\/h3>\n<p><span style=\"font-weight: 400;\">N\u00e3o. A fun\u00e7\u00e3o exige subordina\u00e7\u00e3o e habitualidade, o que descaracteriza o MEI. Essa contrata\u00e7\u00e3o \u00e9 <\/span><b>fraude trabalhista<\/b><span style=\"font-weight: 400;\">.<\/span><\/p>\n<h3><b>2. Posso ser diarista sem carteira assinada?<\/b><\/h3>\n<p><span style=\"font-weight: 400;\">Apenas se for at\u00e9 <\/span><b>2 dias por semana<\/b><span style=\"font-weight: 400;\"> no mesmo local. Mais que isso gera v\u00ednculo empregat\u00edcio.<\/span><\/p>\n<h3><b>3. Qual o piso salarial da fun\u00e7\u00e3o?<\/b><\/h3>\n<p><span style=\"font-weight: 400;\">Depende do estado.\u00a0<\/span><\/p>\n<h3><b>4. Quem trabalha em hospital tem direito \u00e0 insalubridade?<\/b><\/h3>\n<p><span style=\"font-weight: 400;\">Sim, principalmente se estiver em contato com lixo infectante ou banheiros p\u00fablicos.<\/span><\/p>\n<h3><b>5. Trabalhei sem contrato e fui mandado embora. Tenho direito a algo?<\/b><\/h3>\n<p><span style=\"font-weight: 400;\">Sim! Pode pedir reconhecimento do v\u00ednculo e receber <\/span><b>f\u00e9rias, 13\u00ba, FGTS, INSS e multa<\/b><span style=\"font-weight: 400;\">.<\/span><\/p>\n<h2><b>\u2705 Conclus\u00e3o<\/b><\/h2>\n<p><span style=\"font-weight: 400;\">A fun\u00e7\u00e3o de auxiliar de servi\u00e7os gerais <\/span><b>\u00e9 uma das mais comuns e mais desvalorizadas no pa\u00eds<\/b><span style=\"font-weight: 400;\"> \u2014 mas isso <\/span><b>n\u00e3o significa que o trabalhador tenha menos direitos<\/b><span style=\"font-weight: 400;\">.<\/span><\/p>\n<p><span style=\"font-weight: 400;\">Pelo contr\u00e1rio: a CLT garante jornada, sal\u00e1rio, adicional, EPIs, contrato claro e prote\u00e7\u00e3o contra abusos.<\/span><\/p>\n<p><span style=\"font-weight: 400;\">Se voc\u00ea ou algu\u00e9m que conhece est\u00e1 sendo explorado ou n\u00e3o sabe se est\u00e1 tudo certo no trabalho, <\/span><b>vale muito a pena procurar um advogado<\/b><span style=\"font-weight: 400;\">. Conhecer seus direitos \u00e9 o primeiro passo para <\/span><b>n\u00e3o ser enganado<\/b><span style=\"font-weight: 400;\">.<\/span><\/p>\n<p>&nbsp;<\/p>\n<p><a href=\"https:\/\/api.whatsapp.com\/send\/?phone=5531975283687&amp;text&amp;type=phone_number&amp;app_absent=0\"><span style=\"font-weight: 400;\">Clique aqui e descubra se voc\u00ea tem direito a uma indeniza\u00e7\u00e3o.<\/span><\/a><\/p>\n<p>&nbsp;<\/p>\n<p><a href=\"https:\/\/wa.me\/5531975283687\"><b>Fale comigo agora mesmo<\/b><\/a><\/p>\n<p><b>Siga-nos na rede social, @pedroncarvalhoadv, e fique por dentro das \u00faltimas novidades!<\/b><\/p>\n<p><span style=\"font-weight: 400;\">Atendemos em todo o Brasil, de forma r\u00e1pida e com empatia.<\/span><\/p>\n","protected":false},"excerpt":{"rendered":"<p>Introdu\u00e7\u00e3o Voc\u00ea trabalha como auxiliar de servi\u00e7os gerais ou conhece algu\u00e9m nessa fun\u00e7\u00e3o? Ent\u00e3o fique por aqui, porque vamos te explicar o que a CLT garante por lei, quais s\u00e3o os direitos obrigat\u00f3rios e o que voc\u00ea pode fazer se estiver sendo explorado ou mal remunerado. Pode parecer simples, mas essa fun\u00e7\u00e3o est\u00e1 entre as [&hellip;]<\/p>\n","protected":false},"author":1,"featured_media":995,"comment_status":"open","ping_status":"open","sticky":false,"template":"","format":"standard","meta":{"_joinchat":[],"footnotes":""},"categories":[6],"tags":[],"class_list":["post-994","post","type-post","status-publish","format-standard","has-post-thumbnail","hentry","category-direito-trabalhista"],"yoast_head":"<!-- This site is optimized with the Yoast SEO plugin v27.5 - https:\/\/yoast.com\/product\/yoast-seo-wordpress\/ -->\n<title>Auxiliar de Servi\u00e7os Gerais: Veja o Que a CLT Garante e Muitos Patr\u00f5es Escondem - Pedro Carvalho Advogado Trabalhista<\/title>\n<meta name=\"description\" content=\"Voc\u00ea \u00e9 auxiliar de servi\u00e7os gerais? Descubra o que a CLT garante e como exigir seus direitos se estiver sendo explorado no trabalho.\" \/>\n<meta name=\"robots\" content=\"index, follow, max-snippet:-1, max-image-preview:large, max-video-preview:-1\" \/>\n<link rel=\"canonical\" href=\"https:\/\/carvalhoadvogado.aliamkt.com\/index.php\/2025\/07\/28\/auxiliar-de-servicos-gerais-veja-o-que-a-clt-garante-e-muitos-patroes-escondem\/\" \/>\n<meta property=\"og:locale\" content=\"pt_BR\" \/>\n<meta property=\"og:type\" content=\"article\" \/>\n<meta property=\"og:title\" content=\"Auxiliar de Servi\u00e7os Gerais: Veja o Que a CLT Garante e Muitos Patr\u00f5es Escondem - Pedro Carvalho Advogado Trabalhista\" \/>\n<meta property=\"og:description\" content=\"Voc\u00ea \u00e9 auxiliar de servi\u00e7os gerais? Descubra o que a CLT garante e como exigir seus direitos se estiver sendo explorado no trabalho.\" \/>\n<meta property=\"og:url\" content=\"https:\/\/carvalhoadvogado.aliamkt.com\/index.php\/2025\/07\/28\/auxiliar-de-servicos-gerais-veja-o-que-a-clt-garante-e-muitos-patroes-escondem\/\" \/>\n<meta property=\"og:site_name\" content=\"Pedro Carvalho Advogado Trabalhista\" \/>\n<meta property=\"article:published_time\" content=\"2025-07-28T18:17:47+00:00\" \/>\n<meta property=\"og:image\" content=\"https:\/\/carvalhoadvogado.aliamkt.com\/wp-content\/uploads\/2025\/07\/auxiliar-de-servico-de-limpeza.png\" \/>\n\t<meta property=\"og:image:width\" content=\"1024\" \/>\n\t<meta property=\"og:image:height\" content=\"1024\" \/>\n\t<meta property=\"og:image:type\" content=\"image\/png\" \/>\n<meta name=\"author\" content=\"lailacarvalhoadv\" \/>\n<meta name=\"twitter:card\" content=\"summary_large_image\" \/>\n<meta name=\"twitter:label1\" content=\"Escrito por\" \/>\n\t<meta name=\"twitter:data1\" content=\"lailacarvalhoadv\" \/>\n\t<meta name=\"twitter:label2\" content=\"Est. tempo de leitura\" \/>\n\t<meta name=\"twitter:data2\" content=\"5 minutos\" \/>\n<script type=\"application\/ld+json\" class=\"yoast-schema-graph\">{\"@context\":\"https:\\\/\\\/schema.org\",\"@graph\":[{\"@type\":\"Article\",\"@id\":\"https:\\\/\\\/carvalhoadvogado.aliamkt.com\\\/index.php\\\/2025\\\/07\\\/28\\\/auxiliar-de-servicos-gerais-veja-o-que-a-clt-garante-e-muitos-patroes-escondem\\\/#article\",\"isPartOf\":{\"@id\":\"https:\\\/\\\/carvalhoadvogado.aliamkt.com\\\/index.php\\\/2025\\\/07\\\/28\\\/auxiliar-de-servicos-gerais-veja-o-que-a-clt-garante-e-muitos-patroes-escondem\\\/\"},\"author\":{\"name\":\"lailacarvalhoadv\",\"@id\":\"https:\\\/\\\/carvalhoadvogado.aliamkt.com\\\/#\\\/schema\\\/person\\\/8f4d67ba57d6160ee802836a319bd8eb\"},\"headline\":\"Auxiliar de Servi\u00e7os Gerais: Veja o Que a CLT Garante e Muitos Patr\u00f5es Escondem\",\"datePublished\":\"2025-07-28T18:17:47+00:00\",\"mainEntityOfPage\":{\"@id\":\"https:\\\/\\\/carvalhoadvogado.aliamkt.com\\\/index.php\\\/2025\\\/07\\\/28\\\/auxiliar-de-servicos-gerais-veja-o-que-a-clt-garante-e-muitos-patroes-escondem\\\/\"},\"wordCount\":944,\"commentCount\":0,\"publisher\":{\"@id\":\"https:\\\/\\\/carvalhoadvogado.aliamkt.com\\\/#organization\"},\"image\":{\"@id\":\"https:\\\/\\\/carvalhoadvogado.aliamkt.com\\\/index.php\\\/2025\\\/07\\\/28\\\/auxiliar-de-servicos-gerais-veja-o-que-a-clt-garante-e-muitos-patroes-escondem\\\/#primaryimage\"},\"thumbnailUrl\":\"https:\\\/\\\/carvalhoadvogado.aliamkt.com\\\/wp-content\\\/uploads\\\/2025\\\/07\\\/auxiliar-de-servico-de-limpeza.png\",\"articleSection\":[\"Direito Trabalhista\"],\"inLanguage\":\"pt-BR\",\"potentialAction\":[{\"@type\":\"CommentAction\",\"name\":\"Comment\",\"target\":[\"https:\\\/\\\/carvalhoadvogado.aliamkt.com\\\/index.php\\\/2025\\\/07\\\/28\\\/auxiliar-de-servicos-gerais-veja-o-que-a-clt-garante-e-muitos-patroes-escondem\\\/#respond\"]}]},{\"@type\":\"WebPage\",\"@id\":\"https:\\\/\\\/carvalhoadvogado.aliamkt.com\\\/index.php\\\/2025\\\/07\\\/28\\\/auxiliar-de-servicos-gerais-veja-o-que-a-clt-garante-e-muitos-patroes-escondem\\\/\",\"url\":\"https:\\\/\\\/carvalhoadvogado.aliamkt.com\\\/index.php\\\/2025\\\/07\\\/28\\\/auxiliar-de-servicos-gerais-veja-o-que-a-clt-garante-e-muitos-patroes-escondem\\\/\",\"name\":\"Auxiliar de Servi\u00e7os Gerais: Veja o Que a CLT Garante e Muitos Patr\u00f5es Escondem - Pedro Carvalho Advogado Trabalhista\",\"isPartOf\":{\"@id\":\"https:\\\/\\\/carvalhoadvogado.aliamkt.com\\\/#website\"},\"primaryImageOfPage\":{\"@id\":\"https:\\\/\\\/carvalhoadvogado.aliamkt.com\\\/index.php\\\/2025\\\/07\\\/28\\\/auxiliar-de-servicos-gerais-veja-o-que-a-clt-garante-e-muitos-patroes-escondem\\\/#primaryimage\"},\"image\":{\"@id\":\"https:\\\/\\\/carvalhoadvogado.aliamkt.com\\\/index.php\\\/2025\\\/07\\\/28\\\/auxiliar-de-servicos-gerais-veja-o-que-a-clt-garante-e-muitos-patroes-escondem\\\/#primaryimage\"},\"thumbnailUrl\":\"https:\\\/\\\/carvalhoadvogado.aliamkt.com\\\/wp-content\\\/uploads\\\/2025\\\/07\\\/auxiliar-de-servico-de-limpeza.png\",\"datePublished\":\"2025-07-28T18:17:47+00:00\",\"description\":\"Voc\u00ea \u00e9 auxiliar de servi\u00e7os gerais? Descubra o que a CLT garante e como exigir seus direitos se estiver sendo explorado no trabalho.\",\"breadcrumb\":{\"@id\":\"https:\\\/\\\/carvalhoadvogado.aliamkt.com\\\/index.php\\\/2025\\\/07\\\/28\\\/auxiliar-de-servicos-gerais-veja-o-que-a-clt-garante-e-muitos-patroes-escondem\\\/#breadcrumb\"},\"inLanguage\":\"pt-BR\",\"potentialAction\":[{\"@type\":\"ReadAction\",\"target\":[\"https:\\\/\\\/carvalhoadvogado.aliamkt.com\\\/index.php\\\/2025\\\/07\\\/28\\\/auxiliar-de-servicos-gerais-veja-o-que-a-clt-garante-e-muitos-patroes-escondem\\\/\"]}]},{\"@type\":\"ImageObject\",\"inLanguage\":\"pt-BR\",\"@id\":\"https:\\\/\\\/carvalhoadvogado.aliamkt.com\\\/index.php\\\/2025\\\/07\\\/28\\\/auxiliar-de-servicos-gerais-veja-o-que-a-clt-garante-e-muitos-patroes-escondem\\\/#primaryimage\",\"url\":\"https:\\\/\\\/carvalhoadvogado.aliamkt.com\\\/wp-content\\\/uploads\\\/2025\\\/07\\\/auxiliar-de-servico-de-limpeza.png\",\"contentUrl\":\"https:\\\/\\\/carvalhoadvogado.aliamkt.com\\\/wp-content\\\/uploads\\\/2025\\\/07\\\/auxiliar-de-servico-de-limpeza.png\",\"width\":1024,\"height\":1024},{\"@type\":\"BreadcrumbList\",\"@id\":\"https:\\\/\\\/carvalhoadvogado.aliamkt.com\\\/index.php\\\/2025\\\/07\\\/28\\\/auxiliar-de-servicos-gerais-veja-o-que-a-clt-garante-e-muitos-patroes-escondem\\\/#breadcrumb\",\"itemListElement\":[{\"@type\":\"ListItem\",\"position\":1,\"name\":\"In\u00edcio\",\"item\":\"https:\\\/\\\/carvalhoadvogado.aliamkt.com\\\/\"},{\"@type\":\"ListItem\",\"position\":2,\"name\":\"Auxiliar de Servi\u00e7os Gerais: Veja o Que a CLT Garante e Muitos Patr\u00f5es Escondem\"}]},{\"@type\":\"WebSite\",\"@id\":\"https:\\\/\\\/carvalhoadvogado.aliamkt.com\\\/#website\",\"url\":\"https:\\\/\\\/carvalhoadvogado.aliamkt.com\\\/\",\"name\":\"Pedro Carvalho Advogado\",\"description\":\"Advogado Trabalhista\",\"publisher\":{\"@id\":\"https:\\\/\\\/carvalhoadvogado.aliamkt.com\\\/#organization\"},\"potentialAction\":[{\"@type\":\"SearchAction\",\"target\":{\"@type\":\"EntryPoint\",\"urlTemplate\":\"https:\\\/\\\/carvalhoadvogado.aliamkt.com\\\/?s={search_term_string}\"},\"query-input\":{\"@type\":\"PropertyValueSpecification\",\"valueRequired\":true,\"valueName\":\"search_term_string\"}}],\"inLanguage\":\"pt-BR\"},{\"@type\":\"Organization\",\"@id\":\"https:\\\/\\\/carvalhoadvogado.aliamkt.com\\\/#organization\",\"name\":\"Pedro Carvalho Advogado\",\"url\":\"https:\\\/\\\/carvalhoadvogado.aliamkt.com\\\/\",\"logo\":{\"@type\":\"ImageObject\",\"inLanguage\":\"pt-BR\",\"@id\":\"https:\\\/\\\/carvalhoadvogado.aliamkt.com\\\/#\\\/schema\\\/logo\\\/image\\\/\",\"url\":\"https:\\\/\\\/carvalhoadvogado.aliamkt.com\\\/wp-content\\\/uploads\\\/2024\\\/06\\\/Logo-azul.png\",\"contentUrl\":\"https:\\\/\\\/carvalhoadvogado.aliamkt.com\\\/wp-content\\\/uploads\\\/2024\\\/06\\\/Logo-azul.png\",\"width\":500,\"height\":500,\"caption\":\"Pedro Carvalho Advogado\"},\"image\":{\"@id\":\"https:\\\/\\\/carvalhoadvogado.aliamkt.com\\\/#\\\/schema\\\/logo\\\/image\\\/\"}},{\"@type\":\"Person\",\"@id\":\"https:\\\/\\\/carvalhoadvogado.aliamkt.com\\\/#\\\/schema\\\/person\\\/8f4d67ba57d6160ee802836a319bd8eb\",\"name\":\"lailacarvalhoadv\",\"image\":{\"@type\":\"ImageObject\",\"inLanguage\":\"pt-BR\",\"@id\":\"https:\\\/\\\/secure.gravatar.com\\\/avatar\\\/a60961139a792fb5ca701fab485f653a1b3cc37cf8dbd4937b4134105caf5369?s=96&d=mm&r=g\",\"url\":\"https:\\\/\\\/secure.gravatar.com\\\/avatar\\\/a60961139a792fb5ca701fab485f653a1b3cc37cf8dbd4937b4134105caf5369?s=96&d=mm&r=g\",\"contentUrl\":\"https:\\\/\\\/secure.gravatar.com\\\/avatar\\\/a60961139a792fb5ca701fab485f653a1b3cc37cf8dbd4937b4134105caf5369?s=96&d=mm&r=g\",\"caption\":\"lailacarvalhoadv\"},\"sameAs\":[\"https:\\\/\\\/carvalhoadvogado.aliamkt.com\"],\"url\":\"https:\\\/\\\/carvalhoadvogado.aliamkt.com\\\/index.php\\\/author\\\/lailacarvalhoadv\\\/\"}]}<\/script>\n<!-- \/ Yoast SEO plugin. -->","yoast_head_json":{"title":"Auxiliar de Servi\u00e7os Gerais: Veja o Que a CLT Garante e Muitos Patr\u00f5es Escondem - Pedro Carvalho Advogado Trabalhista","description":"Voc\u00ea \u00e9 auxiliar de servi\u00e7os gerais? Descubra o que a CLT garante e como exigir seus direitos se estiver sendo explorado no trabalho.","robots":{"index":"index","follow":"follow","max-snippet":"max-snippet:-1","max-image-preview":"max-image-preview:large","max-video-preview":"max-video-preview:-1"},"canonical":"https:\/\/carvalhoadvogado.aliamkt.com\/index.php\/2025\/07\/28\/auxiliar-de-servicos-gerais-veja-o-que-a-clt-garante-e-muitos-patroes-escondem\/","og_locale":"pt_BR","og_type":"article","og_title":"Auxiliar de Servi\u00e7os Gerais: Veja o Que a CLT Garante e Muitos Patr\u00f5es Escondem - Pedro Carvalho Advogado Trabalhista","og_description":"Voc\u00ea \u00e9 auxiliar de servi\u00e7os gerais? Descubra o que a CLT garante e como exigir seus direitos se estiver sendo explorado no trabalho.","og_url":"https:\/\/carvalhoadvogado.aliamkt.com\/index.php\/2025\/07\/28\/auxiliar-de-servicos-gerais-veja-o-que-a-clt-garante-e-muitos-patroes-escondem\/","og_site_name":"Pedro Carvalho Advogado Trabalhista","article_published_time":"2025-07-28T18:17:47+00:00","og_image":[{"width":1024,"height":1024,"url":"https:\/\/carvalhoadvogado.aliamkt.com\/wp-content\/uploads\/2025\/07\/auxiliar-de-servico-de-limpeza.png","type":"image\/png"}],"author":"lailacarvalhoadv","twitter_card":"summary_large_image","twitter_misc":{"Escrito por":"lailacarvalhoadv","Est. tempo de leitura":"5 minutos"},"schema":{"@context":"https:\/\/schema.org","@graph":[{"@type":"Article","@id":"https:\/\/carvalhoadvogado.aliamkt.com\/index.php\/2025\/07\/28\/auxiliar-de-servicos-gerais-veja-o-que-a-clt-garante-e-muitos-patroes-escondem\/#article","isPartOf":{"@id":"https:\/\/carvalhoadvogado.aliamkt.com\/index.php\/2025\/07\/28\/auxiliar-de-servicos-gerais-veja-o-que-a-clt-garante-e-muitos-patroes-escondem\/"},"author":{"name":"lailacarvalhoadv","@id":"https:\/\/carvalhoadvogado.aliamkt.com\/#\/schema\/person\/8f4d67ba57d6160ee802836a319bd8eb"},"headline":"Auxiliar de Servi\u00e7os Gerais: Veja o Que a CLT Garante e Muitos Patr\u00f5es Escondem","datePublished":"2025-07-28T18:17:47+00:00","mainEntityOfPage":{"@id":"https:\/\/carvalhoadvogado.aliamkt.com\/index.php\/2025\/07\/28\/auxiliar-de-servicos-gerais-veja-o-que-a-clt-garante-e-muitos-patroes-escondem\/"},"wordCount":944,"commentCount":0,"publisher":{"@id":"https:\/\/carvalhoadvogado.aliamkt.com\/#organization"},"image":{"@id":"https:\/\/carvalhoadvogado.aliamkt.com\/index.php\/2025\/07\/28\/auxiliar-de-servicos-gerais-veja-o-que-a-clt-garante-e-muitos-patroes-escondem\/#primaryimage"},"thumbnailUrl":"https:\/\/carvalhoadvogado.aliamkt.com\/wp-content\/uploads\/2025\/07\/auxiliar-de-servico-de-limpeza.png","articleSection":["Direito Trabalhista"],"inLanguage":"pt-BR","potentialAction":[{"@type":"CommentAction","name":"Comment","target":["https:\/\/carvalhoadvogado.aliamkt.com\/index.php\/2025\/07\/28\/auxiliar-de-servicos-gerais-veja-o-que-a-clt-garante-e-muitos-patroes-escondem\/#respond"]}]},{"@type":"WebPage","@id":"https:\/\/carvalhoadvogado.aliamkt.com\/index.php\/2025\/07\/28\/auxiliar-de-servicos-gerais-veja-o-que-a-clt-garante-e-muitos-patroes-escondem\/","url":"https:\/\/carvalhoadvogado.aliamkt.com\/index.php\/2025\/07\/28\/auxiliar-de-servicos-gerais-veja-o-que-a-clt-garante-e-muitos-patroes-escondem\/","name":"Auxiliar de Servi\u00e7os Gerais: Veja o Que a CLT Garante e Muitos Patr\u00f5es Escondem - Pedro Carvalho Advogado Trabalhista","isPartOf":{"@id":"https:\/\/carvalhoadvogado.aliamkt.com\/#website"},"primaryImageOfPage":{"@id":"https:\/\/carvalhoadvogado.aliamkt.com\/index.php\/2025\/07\/28\/auxiliar-de-servicos-gerais-veja-o-que-a-clt-garante-e-muitos-patroes-escondem\/#primaryimage"},"image":{"@id":"https:\/\/carvalhoadvogado.aliamkt.com\/index.php\/2025\/07\/28\/auxiliar-de-servicos-gerais-veja-o-que-a-clt-garante-e-muitos-patroes-escondem\/#primaryimage"},"thumbnailUrl":"https:\/\/carvalhoadvogado.aliamkt.com\/wp-content\/uploads\/2025\/07\/auxiliar-de-servico-de-limpeza.png","datePublished":"2025-07-28T18:17:47+00:00","description":"Voc\u00ea \u00e9 auxiliar de servi\u00e7os gerais? Descubra o que a CLT garante e como exigir seus direitos se estiver sendo explorado no trabalho.","breadcrumb":{"@id":"https:\/\/carvalhoadvogado.aliamkt.com\/index.php\/2025\/07\/28\/auxiliar-de-servicos-gerais-veja-o-que-a-clt-garante-e-muitos-patroes-escondem\/#breadcrumb"},"inLanguage":"pt-BR","potentialAction":[{"@type":"ReadAction","target":["https:\/\/carvalhoadvogado.aliamkt.com\/index.php\/2025\/07\/28\/auxiliar-de-servicos-gerais-veja-o-que-a-clt-garante-e-muitos-patroes-escondem\/"]}]},{"@type":"ImageObject","inLanguage":"pt-BR","@id":"https:\/\/carvalhoadvogado.aliamkt.com\/index.php\/2025\/07\/28\/auxiliar-de-servicos-gerais-veja-o-que-a-clt-garante-e-muitos-patroes-escondem\/#primaryimage","url":"https:\/\/carvalhoadvogado.aliamkt.com\/wp-content\/uploads\/2025\/07\/auxiliar-de-servico-de-limpeza.png","contentUrl":"https:\/\/carvalhoadvogado.aliamkt.com\/wp-content\/uploads\/2025\/07\/auxiliar-de-servico-de-limpeza.png","width":1024,"height":1024},{"@type":"BreadcrumbList","@id":"https:\/\/carvalhoadvogado.aliamkt.com\/index.php\/2025\/07\/28\/auxiliar-de-servicos-gerais-veja-o-que-a-clt-garante-e-muitos-patroes-escondem\/#breadcrumb","itemListElement":[{"@type":"ListItem","position":1,"name":"In\u00edcio","item":"https:\/\/carvalhoadvogado.aliamkt.com\/"},{"@type":"ListItem","position":2,"name":"Auxiliar de Servi\u00e7os Gerais: Veja o Que a CLT Garante e Muitos Patr\u00f5es Escondem"}]},{"@type":"WebSite","@id":"https:\/\/carvalhoadvogado.aliamkt.com\/#website","url":"https:\/\/carvalhoadvogado.aliamkt.com\/","name":"Pedro Carvalho Advogado","description":"Advogado Trabalhista","publisher":{"@id":"https:\/\/carvalhoadvogado.aliamkt.com\/#organization"},"potentialAction":[{"@type":"SearchAction","target":{"@type":"EntryPoint","urlTemplate":"https:\/\/carvalhoadvogado.aliamkt.com\/?s={search_term_string}"},"query-input":{"@type":"PropertyValueSpecification","valueRequired":true,"valueName":"search_term_string"}}],"inLanguage":"pt-BR"},{"@type":"Organization","@id":"https:\/\/carvalhoadvogado.aliamkt.com\/#organization","name":"Pedro Carvalho Advogado","url":"https:\/\/carvalhoadvogado.aliamkt.com\/","logo":{"@type":"ImageObject","inLanguage":"pt-BR","@id":"https:\/\/carvalhoadvogado.aliamkt.com\/#\/schema\/logo\/image\/","url":"https:\/\/carvalhoadvogado.aliamkt.com\/wp-content\/uploads\/2024\/06\/Logo-azul.png","contentUrl":"https:\/\/carvalhoadvogado.aliamkt.com\/wp-content\/uploads\/2024\/06\/Logo-azul.png","width":500,"height":500,"caption":"Pedro Carvalho Advogado"},"image":{"@id":"https:\/\/carvalhoadvogado.aliamkt.com\/#\/schema\/logo\/image\/"}},{"@type":"Person","@id":"https:\/\/carvalhoadvogado.aliamkt.com\/#\/schema\/person\/8f4d67ba57d6160ee802836a319bd8eb","name":"lailacarvalhoadv","image":{"@type":"ImageObject","inLanguage":"pt-BR","@id":"https:\/\/secure.gravatar.com\/avatar\/a60961139a792fb5ca701fab485f653a1b3cc37cf8dbd4937b4134105caf5369?s=96&d=mm&r=g","url":"https:\/\/secure.gravatar.com\/avatar\/a60961139a792fb5ca701fab485f653a1b3cc37cf8dbd4937b4134105caf5369?s=96&d=mm&r=g","contentUrl":"https:\/\/secure.gravatar.com\/avatar\/a60961139a792fb5ca701fab485f653a1b3cc37cf8dbd4937b4134105caf5369?s=96&d=mm&r=g","caption":"lailacarvalhoadv"},"sameAs":["https:\/\/carvalhoadvogado.aliamkt.com"],"url":"https:\/\/carvalhoadvogado.aliamkt.com\/index.php\/author\/lailacarvalhoadv\/"}]}},"_links":{"self":[{"href":"https:\/\/carvalhoadvogado.aliamkt.com\/index.php\/wp-json\/wp\/v2\/posts\/994","targetHints":{"allow":["GET"]}}],"collection":[{"href":"https:\/\/carvalhoadvogado.aliamkt.com\/index.php\/wp-json\/wp\/v2\/posts"}],"about":[{"href":"https:\/\/carvalhoadvogado.aliamkt.com\/index.php\/wp-json\/wp\/v2\/types\/post"}],"author":[{"embeddable":true,"href":"https:\/\/carvalhoadvogado.aliamkt.com\/index.php\/wp-json\/wp\/v2\/users\/1"}],"replies":[{"embeddable":true,"href":"https:\/\/carvalhoadvogado.aliamkt.com\/index.php\/wp-json\/wp\/v2\/comments?post=994"}],"version-history":[{"count":1,"href":"https:\/\/carvalhoadvogado.aliamkt.com\/index.php\/wp-json\/wp\/v2\/posts\/994\/revisions"}],"predecessor-version":[{"id":996,"href":"https:\/\/carvalhoadvogado.aliamkt.com\/index.php\/wp-json\/wp\/v2\/posts\/994\/revisions\/996"}],"wp:featuredmedia":[{"embeddable":true,"href":"https:\/\/carvalhoadvogado.aliamkt.com\/index.php\/wp-json\/wp\/v2\/media\/995"}],"wp:attachment":[{"href":"https:\/\/carvalhoadvogado.aliamkt.com\/index.php\/wp-json\/wp\/v2\/media?parent=994"}],"wp:term":[{"taxonomy":"category","embeddable":true,"href":"https:\/\/carvalhoadvogado.aliamkt.com\/index.php\/wp-json\/wp\/v2\/categories?post=994"},{"taxonomy":"post_tag","embeddable":true,"href":"https:\/\/carvalhoadvogado.aliamkt.com\/index.php\/wp-json\/wp\/v2\/tags?post=994"}],"curies":[{"name":"wp","href":"https:\/\/api.w.org\/{rel}","templated":true}]}}